{"id":24438,"date":"2022-07-11T09:36:00","date_gmt":"2022-07-11T07:36:00","guid":{"rendered":"https:\/\/resibo.pl\/blog\/?p=24438"},"modified":"2022-06-30T20:39:00","modified_gmt":"2022-06-30T18:39:00","slug":"ekstrakt-z-nagietka-w-kosmetyce-kto-powinien-go-stosowac","status":"publish","type":"post","link":"https:\/\/resibo.pl\/blog\/ekstrakt-z-nagietka-w-kosmetyce-kto-powinien-go-stosowac\/","title":{"rendered":"Ekstrakt z nagietka w kosmetyce. Kto powinien go stosowa\u0107?"},"content":{"rendered":"<div class=\"vgblk-rw-wrapper limit-wrapper\">\n<h1 class=\"wp-block-heading\"><strong>Lecznicze w\u0142a\u015bciwo\u015bci nagietka lekarskiego. Kiedy stosowa\u0107 wyci\u0105g z tej ro\u015bliny?<\/strong><\/h1>\n\n\n\n<p><strong>Ekstrakt z nagietka lekarskiego jest znany w zio\u0142olecznictwie od czas\u00f3w staro\u017cytnych. W medycynie wykorzystywane s\u0105 jego w\u0142a\u015bciwo\u015bci przeciwzapalne i \u0142agodz\u0105ce, w szczeg\u00f3lno\u015bci w schorzeniach i problemach sk\u00f3rnych. Z tego samego powodu wyci\u0105g z nagietka jest te\u017c w cenionym sk\u0142adnikiem kosmetycznym.&nbsp;<\/strong><\/p>\n\n\n\n<h2 class=\"wp-block-heading\"><strong>Nagietek lekarski \u2013 co to za kwiat?<\/strong><\/h2>\n\n\n\n<p>Nagietek lekarski to ro\u015blina z rodziny astrowatych, kt\u00f3ra pochodzi z rejonu Morza \u015ar\u00f3dziemnego, jednak obecnie wyst\u0119puje powszechnie niemal na ca\u0142ym globie. To \u0142adny kwiat o charakterystycznych pomara\u0144czowych kwiatach. \u0141aci\u0144ska nazwa nagietka <em>Calendula officinalis<\/em> pochodzi od\u2026 s\u0142owa kalendarz (<em>calendula<\/em>). To dlatego, \u017ce jego p\u0142atki rozchylaj\u0105 si\u0119 rano i zamykaj\u0105 wieczorem, tak jakby ro\u015blina liczy\u0142a dni.&nbsp;<\/p>\n\n\n\n<p>To w\u0142a\u015bnie kwiaty \u2013 p\u0142atki i koszyczki \u2013 nagietka s\u0105 surowcem farmaceutycznym i kosmetycznym. Zbiera si\u0119 je, gdy zakwitn\u0105, a nast\u0119pnie suszy naturalnie lub w specjalnych suszarniach. Zawieraj\u0105 one du\u017co saponin triterpenowych (3-10%) i flawonoid\u00f3w (0,3-1,5%). Saponiny to zwi\u0105zki chemiczne z grupy glikozyd\u00f3w, wytwarzane naturalnie przez wiele ro\u015blin, tak\u017ce wodnych (np. algi). Ich nazwa pochodzi od \u0142aci\u0144skiego s\u0142owa <em>sapo<\/em>, czyli myd\u0142o, bo w kontakcie z wod\u0105 pieni\u0105 si\u0119. Saponiny triterpenowe dzia\u0142aj\u0105 antybakteryjnie, przeciwzapalnie, przeciwgrzybiczo i przeciwpaso\u017cytniczo.<\/p>\n\n\n\n<p>Z kolei flawonoidy to obecne w wielu ro\u015blinach fitozwi\u0105zki o bardzo szerokich w\u0142a\u015bciwo\u015bciach. Flawonoidy wykazuj\u0105 dzia\u0142anie m.in.:&nbsp;<\/p>\n\n\n\n<p>\u00b7&nbsp;&nbsp;&nbsp;&nbsp;&nbsp; przeciwutleniaj\u0105ce \u2013 skutecznie walcz\u0105 z wolnymi rodnikami,<\/p>\n\n\n\n<p>\u00b7&nbsp;&nbsp;&nbsp;&nbsp;&nbsp; przeciwzapalne i przeciwalergiczne (m.in. kwercetyna, w kt\u00f3r\u0105 bogaty jest wyci\u0105g z nagietka),<\/p>\n\n\n\n<p>\u00b7&nbsp;&nbsp;&nbsp;&nbsp;&nbsp; antywirusowe,<\/p>\n\n\n\n<p>\u00b7&nbsp;&nbsp;&nbsp;&nbsp;&nbsp; antynowotworowe,<\/p>\n\n\n\n<p>\u00b7&nbsp;&nbsp;&nbsp;&nbsp;&nbsp; przeciwzakrzepowe i przeciwmia\u017cd\u017cycowe.<\/p>\n\n\n\n<p>Ponadto ekstrakt z nagietka zawiera m.in. fitosterole (\u03b2-sitosterol, kampesterol), karotenoidy (w tym likopen), kumaryny (skopoletyna, umbeliferon, eskuletyna) oraz polisacharydy.<\/p>\n\n\n\n<h2 class=\"wp-block-heading\"><strong>Jakie w\u0142a\u015bciwo\u015bci lecznicze ma wyci\u0105g z nagietka lekarskiego?<\/strong><\/h2>\n\n\n\n<p>Ekstrakt z nagietka lekarskiego dzia\u0142a przeciwzapalnie i przeciwgrzybiczo, antywolnorodnikowo i przyspiesza gojenie si\u0119 ran. Dlatego jest cz\u0119stym sk\u0142adnikiem lek\u00f3w na stany zapalne sk\u00f3ry, trudno goj\u0105ce si\u0119 rany, wrzody, \u017cylaki itp. Ponadto, stosowany wewn\u0119trznie, ma dzia\u0142anie rozkurczowe i \u017c\u00f3\u0142ciop\u0119dne, przez co jest stosowany w preparatach wspomagaj\u0105cych leczenie choroby wrzodowej \u017co\u0142\u0105dka i dwunastnicy, nie\u017cyt\u00f3w \u017co\u0142\u0105dka i jelit oraz w chorobach p\u0119cherzyka \u017c\u00f3\u0142ciowego<\/p>\n\n\n\n<p>Ze wzgl\u0119du na swoje w\u0142a\u015bciwo\u015bci przeciwzapalne wyci\u0105g z nagietka jest te\u017c polecany w stanach zapalnych b\u0142on \u015bluzowych jamy ustnej i gard\u0142a.<\/p>\n\n\n\n<h2 class=\"wp-block-heading\"><strong>Wyci\u0105g z nagietka lekarskiego w kosmetyce\u00a0<\/strong><\/h2>\n\n\n\n<p>Ekstrakt z nagietka jest r\u00f3wnie\u017c ch\u0119tnie wykorzystywany w kosmetyce. Ze wzgl\u0119du na swoje w\u0142a\u015bciwo\u015bci przeciwutleniaj\u0105ce wspomaga naturalne procesy regeneracji sk\u00f3ry, ponadto zmi\u0119kcza j\u0105 i wyg\u0142adza. Dzi\u0119ki dzia\u0142aniu odbudowuj\u0105cemu, wyci\u0105g z tego kwiatu \u015bwietnie sprawdza si\u0119 w peelingach, np. <a href=\"https:\/\/resibo.pl\/produkt\/198\/peeling-do-ust\">Sweet Spot \u2013 regeneruj\u0105cym peelingu do ust<\/a> o \u015bwie\u017cym zapachu arbuza, kt\u00f3ry znajdziemy te\u017c <a href=\"https:\/\/resibo.pl\/produkt\/177\/peeling-do-ust-malina-czekolada\">w wersji malina i czekolada<\/a>.<\/p>\n\n\n\n<p>Wyci\u0105g z nagietka doskonale nawil\u017ca i zmi\u0119kcza sk\u00f3r\u0119, koi i \u0142agodzi podra\u017cnienia, w tym oparzenia s\u0142oneczne, i sam w sobie jest bardzo \u0142agodny dla sk\u00f3ry, dlatego polecany jest tak\u017ce osobom z cer\u0105 such\u0105, \u0142uszcz\u0105c\u0105 si\u0119, wra\u017cliw\u0105, sk\u0142onn\u0105 do podra\u017cnie\u0144 i alergiczn\u0105. Znajdziemy go m.in. w kosmetykach dla dzieci i niemowl\u0105t, dla os\u00f3b z atopowym zapaleniem sk\u00f3ry czy produktach do higieny intymnej. To ch\u0119tnie stosowany sk\u0142adnik \u0142agodz\u0105cych i nawil\u017caj\u0105cych oraz koj\u0105cych \u0142agodz\u0105cych podra\u017cnienia i oparzenia s\u0142oneczne <a href=\"https:\/\/resibo.pl\/blog\/gladkie-nogi-latem-naturalnie\/\">balsam\u00f3w do cia\u0142a<\/a>.<\/p>\n\n\n\n<p>Sk\u0142adnik ten dzia\u0142a nie tylko przeciwzapalnie i antybakteryjnie, ale te\u017c \u015bci\u0105gaj\u0105co. Ponadto wspomaga regulowanie wydzielania sebum. Dlatego znajduje zastosowanie tak\u017ce w kosmetykach do cery tr\u0105dzikowej.<\/p>\n\n\n\n<p>Wyci\u0105g z nagietka lekarskiego, ze wzgl\u0119du na du\u017c\u0105 zawarto\u015b\u0107 saponin, jest tak\u017ce cz\u0119stym sk\u0142adnikiem naturalnych myde\u0142 i produkt\u00f3w myj\u0105cych. Ch\u0119tnie si\u0119gaj\u0105 po niego tak\u017ce producenci kosmetyk\u00f3w do w\u0142os\u00f3w \u2013 \u015bwietnie sprawdza si\u0119 w piel\u0119gnacji w\u0142os\u00f3w i suchych, i przet\u0142uszczaj\u0105cych si\u0119, a tak\u017ce ze sk\u0142onno\u015bci\u0105 do \u0142upie\u017cu.&nbsp;<\/p>\n\n\n\n<h2 class=\"wp-block-heading\"><strong>Kto powinien stosowa\u0107 kosmetyki z ekstraktem z nagietka?<\/strong><\/h2>\n\n\n\n<p>Po kosmetyki zawieraj\u0105ce wyci\u0105g z nagietka powinny si\u0119gn\u0105\u0107 osoby z cer\u0105 dojrza\u0142\u0105, wymagaj\u0105c\u0105 intensywnej regeneracji i nawil\u017cenia. Ponadto, jest to sk\u0142adnik polecany osobom borykaj\u0105cym si\u0119 z wszelkimi problemami cery suchej, wra\u017cliwej, atopowej i alergicznej, takimi jak podra\u017cnienia, \u0142uszczenie si\u0119, stany zapalne.&nbsp;<\/p>\n\n\n\n<p>Na kosmetyki z ekstraktem z nagietka powinny zwr\u00f3ci\u0107 uwag\u0119 osoby z cer\u0105 tr\u0105dzikow\u0105, bowiem ten sk\u0142adnik doskonale reguluje wydzielanie sebum, dzia\u0142a antybakteryjnie i przeciwzapalnie. Do tego koi podra\u017cnienia i przyspiesza gojenie si\u0119 ran.<\/p>\n<\/div><!-- .vgblk-rw-wrapper -->","protected":false},"excerpt":{"rendered":"<p>Lecznicze w\u0142a\u015bciwo\u015bci nagietka lekarskiego. Kiedy stosowa\u0107 wyci\u0105g z tej ro\u015bliny? Ekstrakt z nagietka lekarskiego jest znany w zio\u0142olecznictwie od czas\u00f3w staro\u017cytnych. W medycynie wykorzystywane s\u0105 jego w\u0142a\u015bciwo\u015bci przeciwzapalne i \u0142agodz\u0105ce, w szczeg\u00f3lno\u015bci w schorzeniach i problemach sk\u00f3rnych. Z tego samego powodu wyci\u0105g z nagietka jest te\u017c w cenionym sk\u0142adnikiem kosmetycznym.&nbsp; Nagietek lekarski \u2013 co to&#8230;<\/p>\n","protected":false},"author":6,"featured_media":24440,"comment_status":"closed","ping_status":"closed","sticky":false,"template":"","format":"standard","meta":{"footnotes":""},"categories":[145],"tags":[],"class_list":["post-24438","post","type-post","status-publish","format-standard","has-post-thumbnail","hentry","category-o-skladnikach"],"yoast_head":"<!-- This site is optimized with the Yoast SEO plugin v27.5 - https:\/\/yoast.com\/product\/yoast-seo-wordpress\/ -->\n<title>Ekstrakt z nagietka w kosmetyce. Kto powinien go stosowa\u0107? - Kosmetyki naturalne Resibo<\/title>\n<meta name=\"description\" content=\"Kosmetyki zawieraj\u0105ce wyci\u0105g z nagietka maj\u0105 szerokie zastosowanie i dzia\u0142anie. Dowiedz si\u0119, kto powinien w\u0142\u0105czy\u0107 je do codziennej piel\u0119gnacji.\" \/>\n<meta name=\"robots\" content=\"index, follow, max-snippet:-1, max-image-preview:large, max-video-preview:-1\" \/>\n<link rel=\"canonical\" href=\"https:\/\/resibo.pl\/blog\/ekstrakt-z-nagietka-w-kosmetyce-kto-powinien-go-stosowac\/\" \/>\n<meta property=\"og:locale\" content=\"pl_PL\" \/>\n<meta property=\"og:type\" content=\"article\" \/>\n<meta property=\"og:title\" content=\"Ekstrakt z nagietka w kosmetyce. Kto powinien go stosowa\u0107? - Kosmetyki naturalne Resibo\" \/>\n<meta property=\"og:description\" content=\"Kosmetyki zawieraj\u0105ce wyci\u0105g z nagietka maj\u0105 szerokie zastosowanie i dzia\u0142anie. Dowiedz si\u0119, kto powinien w\u0142\u0105czy\u0107 je do codziennej piel\u0119gnacji.\" \/>\n<meta property=\"og:url\" content=\"https:\/\/resibo.pl\/blog\/ekstrakt-z-nagietka-w-kosmetyce-kto-powinien-go-stosowac\/\" \/>\n<meta property=\"og:site_name\" content=\"Kosmetyki naturalne Resibo\" \/>\n<meta property=\"article:publisher\" content=\"http:\/\/facebook.com\/resiboPL\" \/>\n<meta property=\"article:published_time\" content=\"2022-07-11T07:36:00+00:00\" \/>\n<meta property=\"og:image\" content=\"https:\/\/resibo.pl\/blog\/wp-content\/uploads\/2022\/06\/ekstrakt-z-nagietka.jpg\" \/>\n\t<meta property=\"og:image:width\" content=\"1501\" \/>\n\t<meta property=\"og:image:height\" content=\"1000\" \/>\n\t<meta property=\"og:image:type\" content=\"image\/jpeg\" \/>\n<meta name=\"author\" content=\"Anita\" \/>\n<meta name=\"twitter:label1\" content=\"Napisane przez\" \/>\n\t<meta name=\"twitter:data1\" content=\"Anita\" \/>\n\t<meta name=\"twitter:label2\" content=\"Szacowany czas czytania\" \/>\n\t<meta name=\"twitter:data2\" content=\"4 minuty\" \/>\n<script type=\"application\/ld+json\" class=\"yoast-schema-graph\">{\"@context\":\"https:\\\/\\\/schema.org\",\"@graph\":[{\"@type\":\"Article\",\"@id\":\"https:\\\/\\\/resibo.pl\\\/blog\\\/ekstrakt-z-nagietka-w-kosmetyce-kto-powinien-go-stosowac\\\/#article\",\"isPartOf\":{\"@id\":\"https:\\\/\\\/resibo.pl\\\/blog\\\/ekstrakt-z-nagietka-w-kosmetyce-kto-powinien-go-stosowac\\\/\"},\"author\":{\"name\":\"Anita\",\"@id\":\"https:\\\/\\\/resibo.pl\\\/blog\\\/#\\\/schema\\\/person\\\/ef9013c96e1204d78b18c2243ed265a9\"},\"headline\":\"Ekstrakt z nagietka w kosmetyce. Kto powinien go stosowa\u0107?\",\"datePublished\":\"2022-07-11T07:36:00+00:00\",\"mainEntityOfPage\":{\"@id\":\"https:\\\/\\\/resibo.pl\\\/blog\\\/ekstrakt-z-nagietka-w-kosmetyce-kto-powinien-go-stosowac\\\/\"},\"wordCount\":833,\"publisher\":{\"@id\":\"https:\\\/\\\/resibo.pl\\\/blog\\\/#organization\"},\"image\":{\"@id\":\"https:\\\/\\\/resibo.pl\\\/blog\\\/ekstrakt-z-nagietka-w-kosmetyce-kto-powinien-go-stosowac\\\/#primaryimage\"},\"thumbnailUrl\":\"https:\\\/\\\/resibo.pl\\\/blog\\\/wp-content\\\/uploads\\\/2022\\\/06\\\/ekstrakt-z-nagietka.jpg\",\"articleSection\":[\"O sk\u0142adnikach\"],\"inLanguage\":\"pl-PL\"},{\"@type\":\"WebPage\",\"@id\":\"https:\\\/\\\/resibo.pl\\\/blog\\\/ekstrakt-z-nagietka-w-kosmetyce-kto-powinien-go-stosowac\\\/\",\"url\":\"https:\\\/\\\/resibo.pl\\\/blog\\\/ekstrakt-z-nagietka-w-kosmetyce-kto-powinien-go-stosowac\\\/\",\"name\":\"Ekstrakt z nagietka w kosmetyce. Kto powinien go stosowa\u0107? - Kosmetyki naturalne Resibo\",\"isPartOf\":{\"@id\":\"https:\\\/\\\/resibo.pl\\\/blog\\\/#website\"},\"primaryImageOfPage\":{\"@id\":\"https:\\\/\\\/resibo.pl\\\/blog\\\/ekstrakt-z-nagietka-w-kosmetyce-kto-powinien-go-stosowac\\\/#primaryimage\"},\"image\":{\"@id\":\"https:\\\/\\\/resibo.pl\\\/blog\\\/ekstrakt-z-nagietka-w-kosmetyce-kto-powinien-go-stosowac\\\/#primaryimage\"},\"thumbnailUrl\":\"https:\\\/\\\/resibo.pl\\\/blog\\\/wp-content\\\/uploads\\\/2022\\\/06\\\/ekstrakt-z-nagietka.jpg\",\"datePublished\":\"2022-07-11T07:36:00+00:00\",\"description\":\"Kosmetyki zawieraj\u0105ce wyci\u0105g z nagietka maj\u0105 szerokie zastosowanie i dzia\u0142anie. Dowiedz si\u0119, kto powinien w\u0142\u0105czy\u0107 je do codziennej piel\u0119gnacji.\",\"breadcrumb\":{\"@id\":\"https:\\\/\\\/resibo.pl\\\/blog\\\/ekstrakt-z-nagietka-w-kosmetyce-kto-powinien-go-stosowac\\\/#breadcrumb\"},\"inLanguage\":\"pl-PL\",\"potentialAction\":[{\"@type\":\"ReadAction\",\"target\":[\"https:\\\/\\\/resibo.pl\\\/blog\\\/ekstrakt-z-nagietka-w-kosmetyce-kto-powinien-go-stosowac\\\/\"]}]},{\"@type\":\"ImageObject\",\"inLanguage\":\"pl-PL\",\"@id\":\"https:\\\/\\\/resibo.pl\\\/blog\\\/ekstrakt-z-nagietka-w-kosmetyce-kto-powinien-go-stosowac\\\/#primaryimage\",\"url\":\"https:\\\/\\\/resibo.pl\\\/blog\\\/wp-content\\\/uploads\\\/2022\\\/06\\\/ekstrakt-z-nagietka.jpg\",\"contentUrl\":\"https:\\\/\\\/resibo.pl\\\/blog\\\/wp-content\\\/uploads\\\/2022\\\/06\\\/ekstrakt-z-nagietka.jpg\",\"width\":1501,\"height\":1000,\"caption\":\"ekstrakt z nagietka\"},{\"@type\":\"BreadcrumbList\",\"@id\":\"https:\\\/\\\/resibo.pl\\\/blog\\\/ekstrakt-z-nagietka-w-kosmetyce-kto-powinien-go-stosowac\\\/#breadcrumb\",\"itemListElement\":[{\"@type\":\"ListItem\",\"position\":1,\"name\":\"Strona g\u0142\u00f3wna\",\"item\":\"https:\\\/\\\/resibo.pl\\\/blog\\\/\"},{\"@type\":\"ListItem\",\"position\":2,\"name\":\"Ekstrakt z nagietka w kosmetyce. Kto powinien go stosowa\u0107?\"}]},{\"@type\":\"WebSite\",\"@id\":\"https:\\\/\\\/resibo.pl\\\/blog\\\/#website\",\"url\":\"https:\\\/\\\/resibo.pl\\\/blog\\\/\",\"name\":\"Kosmetyki naturalne Resibo\",\"description\":\"\",\"publisher\":{\"@id\":\"https:\\\/\\\/resibo.pl\\\/blog\\\/#organization\"},\"potentialAction\":[{\"@type\":\"SearchAction\",\"target\":{\"@type\":\"EntryPoint\",\"urlTemplate\":\"https:\\\/\\\/resibo.pl\\\/blog\\\/?s={search_term_string}\"},\"query-input\":{\"@type\":\"PropertyValueSpecification\",\"valueRequired\":true,\"valueName\":\"search_term_string\"}}],\"inLanguage\":\"pl-PL\"},{\"@type\":\"Organization\",\"@id\":\"https:\\\/\\\/resibo.pl\\\/blog\\\/#organization\",\"name\":\"Resibo\",\"url\":\"https:\\\/\\\/resibo.pl\\\/blog\\\/\",\"logo\":{\"@type\":\"ImageObject\",\"inLanguage\":\"pl-PL\",\"@id\":\"https:\\\/\\\/resibo.pl\\\/blog\\\/#\\\/schema\\\/logo\\\/image\\\/\",\"url\":\"https:\\\/\\\/resibo.pl\\\/blog\\\/wp-content\\\/uploads\\\/2022\\\/02\\\/cropped-logo.png\",\"contentUrl\":\"https:\\\/\\\/resibo.pl\\\/blog\\\/wp-content\\\/uploads\\\/2022\\\/02\\\/cropped-logo.png\",\"width\":274,\"height\":109,\"caption\":\"Resibo\"},\"image\":{\"@id\":\"https:\\\/\\\/resibo.pl\\\/blog\\\/#\\\/schema\\\/logo\\\/image\\\/\"},\"sameAs\":[\"http:\\\/\\\/facebook.com\\\/resiboPL\",\"http:\\\/\\\/instagram.com\\\/resibobynature\"]},{\"@type\":\"Person\",\"@id\":\"https:\\\/\\\/resibo.pl\\\/blog\\\/#\\\/schema\\\/person\\\/ef9013c96e1204d78b18c2243ed265a9\",\"name\":\"Anita\",\"image\":{\"@type\":\"ImageObject\",\"inLanguage\":\"pl-PL\",\"@id\":\"https:\\\/\\\/secure.gravatar.com\\\/avatar\\\/c16c3ee787d7dac06be3101e60d7b357f40d4375278b4f1760aa8fb3114c1f93?s=96&d=mm&r=g\",\"url\":\"https:\\\/\\\/secure.gravatar.com\\\/avatar\\\/c16c3ee787d7dac06be3101e60d7b357f40d4375278b4f1760aa8fb3114c1f93?s=96&d=mm&r=g\",\"contentUrl\":\"https:\\\/\\\/secure.gravatar.com\\\/avatar\\\/c16c3ee787d7dac06be3101e60d7b357f40d4375278b4f1760aa8fb3114c1f93?s=96&d=mm&r=g\",\"caption\":\"Anita\"},\"description\":\"Anita Odachowska Zakochana w Resibo i naturalnej piel\u0119gnacji, ciekawa \u015bwiata, szanuj\u0105ca przyrod\u0119 i doceniaj\u0105ca si\u0142\u0119 ro\u015blinnych sk\u0142adnik\u00f3w, w ci\u0105g\u0142ym d\u0105\u017ceniu do co najmniej less waste.\",\"url\":\"https:\\\/\\\/resibo.pl\\\/blog\\\/author\\\/anita\\\/\"}]}<\/script>\n<!-- \/ Yoast SEO plugin. -->","yoast_head_json":{"title":"Ekstrakt z nagietka w kosmetyce. Kto powinien go stosowa\u0107? - Kosmetyki naturalne Resibo","description":"Kosmetyki zawieraj\u0105ce wyci\u0105g z nagietka maj\u0105 szerokie zastosowanie i dzia\u0142anie. Dowiedz si\u0119, kto powinien w\u0142\u0105czy\u0107 je do codziennej piel\u0119gnacji.","robots":{"index":"index","follow":"follow","max-snippet":"max-snippet:-1","max-image-preview":"max-image-preview:large","max-video-preview":"max-video-preview:-1"},"canonical":"https:\/\/resibo.pl\/blog\/ekstrakt-z-nagietka-w-kosmetyce-kto-powinien-go-stosowac\/","og_locale":"pl_PL","og_type":"article","og_title":"Ekstrakt z nagietka w kosmetyce. Kto powinien go stosowa\u0107? - Kosmetyki naturalne Resibo","og_description":"Kosmetyki zawieraj\u0105ce wyci\u0105g z nagietka maj\u0105 szerokie zastosowanie i dzia\u0142anie. Dowiedz si\u0119, kto powinien w\u0142\u0105czy\u0107 je do codziennej piel\u0119gnacji.","og_url":"https:\/\/resibo.pl\/blog\/ekstrakt-z-nagietka-w-kosmetyce-kto-powinien-go-stosowac\/","og_site_name":"Kosmetyki naturalne Resibo","article_publisher":"http:\/\/facebook.com\/resiboPL","article_published_time":"2022-07-11T07:36:00+00:00","og_image":[{"width":1501,"height":1000,"url":"https:\/\/resibo.pl\/blog\/wp-content\/uploads\/2022\/06\/ekstrakt-z-nagietka.jpg","type":"image\/jpeg"}],"author":"Anita","twitter_misc":{"Napisane przez":"Anita","Szacowany czas czytania":"4 minuty"},"schema":{"@context":"https:\/\/schema.org","@graph":[{"@type":"Article","@id":"https:\/\/resibo.pl\/blog\/ekstrakt-z-nagietka-w-kosmetyce-kto-powinien-go-stosowac\/#article","isPartOf":{"@id":"https:\/\/resibo.pl\/blog\/ekstrakt-z-nagietka-w-kosmetyce-kto-powinien-go-stosowac\/"},"author":{"name":"Anita","@id":"https:\/\/resibo.pl\/blog\/#\/schema\/person\/ef9013c96e1204d78b18c2243ed265a9"},"headline":"Ekstrakt z nagietka w kosmetyce. Kto powinien go stosowa\u0107?","datePublished":"2022-07-11T07:36:00+00:00","mainEntityOfPage":{"@id":"https:\/\/resibo.pl\/blog\/ekstrakt-z-nagietka-w-kosmetyce-kto-powinien-go-stosowac\/"},"wordCount":833,"publisher":{"@id":"https:\/\/resibo.pl\/blog\/#organization"},"image":{"@id":"https:\/\/resibo.pl\/blog\/ekstrakt-z-nagietka-w-kosmetyce-kto-powinien-go-stosowac\/#primaryimage"},"thumbnailUrl":"https:\/\/resibo.pl\/blog\/wp-content\/uploads\/2022\/06\/ekstrakt-z-nagietka.jpg","articleSection":["O sk\u0142adnikach"],"inLanguage":"pl-PL"},{"@type":"WebPage","@id":"https:\/\/resibo.pl\/blog\/ekstrakt-z-nagietka-w-kosmetyce-kto-powinien-go-stosowac\/","url":"https:\/\/resibo.pl\/blog\/ekstrakt-z-nagietka-w-kosmetyce-kto-powinien-go-stosowac\/","name":"Ekstrakt z nagietka w kosmetyce. Kto powinien go stosowa\u0107? - Kosmetyki naturalne Resibo","isPartOf":{"@id":"https:\/\/resibo.pl\/blog\/#website"},"primaryImageOfPage":{"@id":"https:\/\/resibo.pl\/blog\/ekstrakt-z-nagietka-w-kosmetyce-kto-powinien-go-stosowac\/#primaryimage"},"image":{"@id":"https:\/\/resibo.pl\/blog\/ekstrakt-z-nagietka-w-kosmetyce-kto-powinien-go-stosowac\/#primaryimage"},"thumbnailUrl":"https:\/\/resibo.pl\/blog\/wp-content\/uploads\/2022\/06\/ekstrakt-z-nagietka.jpg","datePublished":"2022-07-11T07:36:00+00:00","description":"Kosmetyki zawieraj\u0105ce wyci\u0105g z nagietka maj\u0105 szerokie zastosowanie i dzia\u0142anie. Dowiedz si\u0119, kto powinien w\u0142\u0105czy\u0107 je do codziennej piel\u0119gnacji.","breadcrumb":{"@id":"https:\/\/resibo.pl\/blog\/ekstrakt-z-nagietka-w-kosmetyce-kto-powinien-go-stosowac\/#breadcrumb"},"inLanguage":"pl-PL","potentialAction":[{"@type":"ReadAction","target":["https:\/\/resibo.pl\/blog\/ekstrakt-z-nagietka-w-kosmetyce-kto-powinien-go-stosowac\/"]}]},{"@type":"ImageObject","inLanguage":"pl-PL","@id":"https:\/\/resibo.pl\/blog\/ekstrakt-z-nagietka-w-kosmetyce-kto-powinien-go-stosowac\/#primaryimage","url":"https:\/\/resibo.pl\/blog\/wp-content\/uploads\/2022\/06\/ekstrakt-z-nagietka.jpg","contentUrl":"https:\/\/resibo.pl\/blog\/wp-content\/uploads\/2022\/06\/ekstrakt-z-nagietka.jpg","width":1501,"height":1000,"caption":"ekstrakt z nagietka"},{"@type":"BreadcrumbList","@id":"https:\/\/resibo.pl\/blog\/ekstrakt-z-nagietka-w-kosmetyce-kto-powinien-go-stosowac\/#breadcrumb","itemListElement":[{"@type":"ListItem","position":1,"name":"Strona g\u0142\u00f3wna","item":"https:\/\/resibo.pl\/blog\/"},{"@type":"ListItem","position":2,"name":"Ekstrakt z nagietka w kosmetyce. Kto powinien go stosowa\u0107?"}]},{"@type":"WebSite","@id":"https:\/\/resibo.pl\/blog\/#website","url":"https:\/\/resibo.pl\/blog\/","name":"Kosmetyki naturalne Resibo","description":"","publisher":{"@id":"https:\/\/resibo.pl\/blog\/#organization"},"potentialAction":[{"@type":"SearchAction","target":{"@type":"EntryPoint","urlTemplate":"https:\/\/resibo.pl\/blog\/?s={search_term_string}"},"query-input":{"@type":"PropertyValueSpecification","valueRequired":true,"valueName":"search_term_string"}}],"inLanguage":"pl-PL"},{"@type":"Organization","@id":"https:\/\/resibo.pl\/blog\/#organization","name":"Resibo","url":"https:\/\/resibo.pl\/blog\/","logo":{"@type":"ImageObject","inLanguage":"pl-PL","@id":"https:\/\/resibo.pl\/blog\/#\/schema\/logo\/image\/","url":"https:\/\/resibo.pl\/blog\/wp-content\/uploads\/2022\/02\/cropped-logo.png","contentUrl":"https:\/\/resibo.pl\/blog\/wp-content\/uploads\/2022\/02\/cropped-logo.png","width":274,"height":109,"caption":"Resibo"},"image":{"@id":"https:\/\/resibo.pl\/blog\/#\/schema\/logo\/image\/"},"sameAs":["http:\/\/facebook.com\/resiboPL","http:\/\/instagram.com\/resibobynature"]},{"@type":"Person","@id":"https:\/\/resibo.pl\/blog\/#\/schema\/person\/ef9013c96e1204d78b18c2243ed265a9","name":"Anita","image":{"@type":"ImageObject","inLanguage":"pl-PL","@id":"https:\/\/secure.gravatar.com\/avatar\/c16c3ee787d7dac06be3101e60d7b357f40d4375278b4f1760aa8fb3114c1f93?s=96&d=mm&r=g","url":"https:\/\/secure.gravatar.com\/avatar\/c16c3ee787d7dac06be3101e60d7b357f40d4375278b4f1760aa8fb3114c1f93?s=96&d=mm&r=g","contentUrl":"https:\/\/secure.gravatar.com\/avatar\/c16c3ee787d7dac06be3101e60d7b357f40d4375278b4f1760aa8fb3114c1f93?s=96&d=mm&r=g","caption":"Anita"},"description":"Anita Odachowska Zakochana w Resibo i naturalnej piel\u0119gnacji, ciekawa \u015bwiata, szanuj\u0105ca przyrod\u0119 i doceniaj\u0105ca si\u0142\u0119 ro\u015blinnych sk\u0142adnik\u00f3w, w ci\u0105g\u0142ym d\u0105\u017ceniu do co najmniej less waste.","url":"https:\/\/resibo.pl\/blog\/author\/anita\/"}]}},"_links":{"self":[{"href":"https:\/\/resibo.pl\/blog\/wp-json\/wp\/v2\/posts\/24438","targetHints":{"allow":["GET"]}}],"collection":[{"href":"https:\/\/resibo.pl\/blog\/wp-json\/wp\/v2\/posts"}],"about":[{"href":"https:\/\/resibo.pl\/blog\/wp-json\/wp\/v2\/types\/post"}],"author":[{"embeddable":true,"href":"https:\/\/resibo.pl\/blog\/wp-json\/wp\/v2\/users\/6"}],"replies":[{"embeddable":true,"href":"https:\/\/resibo.pl\/blog\/wp-json\/wp\/v2\/comments?post=24438"}],"version-history":[{"count":1,"href":"https:\/\/resibo.pl\/blog\/wp-json\/wp\/v2\/posts\/24438\/revisions"}],"predecessor-version":[{"id":24439,"href":"https:\/\/resibo.pl\/blog\/wp-json\/wp\/v2\/posts\/24438\/revisions\/24439"}],"wp:featuredmedia":[{"embeddable":true,"href":"https:\/\/resibo.pl\/blog\/wp-json\/wp\/v2\/media\/24440"}],"wp:attachment":[{"href":"https:\/\/resibo.pl\/blog\/wp-json\/wp\/v2\/media?parent=24438"}],"wp:term":[{"taxonomy":"category","embeddable":true,"href":"https:\/\/resibo.pl\/blog\/wp-json\/wp\/v2\/categories?post=24438"},{"taxonomy":"post_tag","embeddable":true,"href":"https:\/\/resibo.pl\/blog\/wp-json\/wp\/v2\/tags?post=24438"}],"curies":[{"name":"wp","href":"https:\/\/api.w.org\/{rel}","templated":true}]}}