{"id":24450,"date":"2022-07-25T22:14:32","date_gmt":"2022-07-25T20:14:32","guid":{"rendered":"https:\/\/resibo.pl\/blog\/?p=24450"},"modified":"2024-01-09T13:29:45","modified_gmt":"2024-01-09T12:29:45","slug":"znamiona-na-skorze-ktore-z-nich-sa-niebezpieczne","status":"publish","type":"post","link":"https:\/\/resibo.pl\/blog\/znamiona-na-skorze-ktore-z-nich-sa-niebezpieczne\/","title":{"rendered":"Znamiona na sk\u00f3rze. Kt\u00f3re z nich s\u0105 niebezpieczne?"},"content":{"rendered":"<div class=\"vgblk-rw-wrapper limit-wrapper\">\n<h1 class=\"wp-block-heading\">Znamiona na sk\u00f3rze. Co powinno zwr\u00f3ci\u0107 nasz\u0105 uwag\u0119?<\/h1>\n\n\n\n<p><strong>Ochrona przeciws\u0142oneczna to temat wa\u017cny o ka\u017cdej porze roku, jednak nabiera jeszcze wi\u0119kszego znaczenia, teraz gdy robi si\u0119 coraz gor\u0119cej, a my wystawiamy nieos\u0142oni\u0119t\u0105 sk\u00f3r\u0119 na dzia\u0142anie promieni s\u0142onecznych. Samo dzia\u0142anie s\u0142o\u0144ca na sk\u00f3r\u0119 wiele razy ju\u017c omawia\u0142am. Dzi\u015b zajm\u0119 si\u0119 znamionami.<\/strong><\/p>\n\n\n\n<p><\/p>\n\n\n\n<h2 class=\"wp-block-heading\">Znamiona na sk\u00f3rze \u2013 jakie s\u0105 ich rodzaje?<\/h2>\n\n\n\n<p>Niemal ka\u017cdy z nas ma na sk\u00f3rze przynajmniej jedno znami\u0119, a s\u0105 osoby, kt\u00f3re maj\u0105 ich kilka, a nawet kilkana\u015bcie. Czym s\u0105 znamiona? Po prostu nieprawid\u0142owo\u015bciami w strukturze sk\u00f3ry. Maj\u0105 form\u0119 plamek lub wypuk\u0142o\u015bci, a ich rozmiar jest bardzo zr\u00f3\u017cnicowany. Cz\u0119\u015b\u0107 zostaje nabyta w ci\u0105gu \u017cycia (znamiona nabyte), a cz\u0119\u015b\u0107 pojawia si\u0119 jeszcze przed urodzeniem, w czasie \u017cycia p\u0142odowego (znamiona wrodzone). Zwykle s\u0105 niegro\u017ane, jednak cz\u0119\u015b\u0107 z nich mo\u017ce si\u0119 z czasem przekszta\u0142ca\u0107 w gro\u017aniejsze formy, r\u00f3wnie\u017c nowotworowe.&nbsp;<\/p>\n\n\n\n<p>Znamiona dzielimy na:&nbsp;<\/p>\n\n\n\n<p>\u00b7&nbsp;&nbsp;&nbsp;&nbsp;&nbsp; znamiona barwnikowe (tzw. pieprzyki),<\/p>\n\n\n\n<p>\u00b7&nbsp;&nbsp;&nbsp;&nbsp;&nbsp; w\u0142\u00f3kniaki,&nbsp;<\/p>\n\n\n\n<p>\u00b7&nbsp;&nbsp;&nbsp;&nbsp;&nbsp; naczyniaki,<\/p>\n\n\n\n<p>\u00b7&nbsp;&nbsp;&nbsp;&nbsp;&nbsp; brodawki \u0142ojotokowe.&nbsp;<\/p>\n\n\n\n<p>Pieprzyki to najwi\u0119ksza grupa znamion i niestety, najgro\u017aniejsza. To w\u0142a\u015bnie znamiona barwnikowe (melanocytowe) mog\u0105 przekszta\u0142ci\u0107 si\u0119 w nowotwory sk\u00f3ry.&nbsp;<\/p>\n\n\n\n<h3 class=\"wp-block-heading\">Znamiona barwnikowe wrodzone<\/h3>\n\n\n\n<p>Znamiona wrodzone to zwykle pojedyncze zmiany o jednolitym kolorze, g\u0142adkiej powierzchni i r\u00f3wnych granicach. Pieprzyki, z kt\u00f3rymi si\u0119 rodzimy, raczej nie s\u0105 niebezpieczne, poza du\u017cymi zmianami, kt\u00f3re w ci\u0105gu \u017cycia powinni\u015bmy obserwowa\u0107, a w razie niepokoj\u0105cych objaw\u00f3w skonsultowa\u0107 z dermatologiem. Niezwykle rzadkie s\u0105 przypadki, aby znamiona wrodzone mia\u0142y niep\u0142askie, guzkowate powierzchnie. W takich przypadkach r\u00f3wnie\u017c wymagaj\u0105 regularnej i sta\u0142ej kontroli dermatologicznej.<\/p>\n\n\n\n<h3 class=\"wp-block-heading\">Znamiona barwnikowe nabyte<\/h3>\n\n\n\n<p>Pierwsze znamiona nabyte najcz\u0119\u015bciej pojawiaj\u0105 si\u0119 w dzieci\u0144stwie, a potem \u2013 w zale\u017cno\u015bci od naszych genetycznych sk\u0142onno\u015bci i trybu \u017cycia \u2013 pojawiaj\u0105 si\u0119 kolejne. U wielu z nas pieprzyki nie przestaj\u0105 si\u0119 pojawia\u0107, nawet gdy jeste\u015bmy ju\u017c doro\u015bli.<\/p>\n\n\n\n<p>Znamiona nabyte dzielimy na typowe oraz atypowe. Te pierwsze niewiele r\u00f3\u017cni\u0105 si\u0119 od wrodzonych. S\u0105 to symetryczne, jasnobr\u0105zowe zmiany o g\u0142adkiej powierzchni i r\u00f3wnych brzegach. Znamiona typowe s\u0105 \u0142agodne i nie ma obaw, \u017ce przekszta\u0142c\u0105 si\u0119 w zmiany nowotworowe. Inaczej jest ze znamionami atypowymi (dysplastycznymi). S\u0105 one zwykle du\u017ce (powy\u017cej 0,5 cm \u015brednicy), maj\u0105 niejednolity kolor, asymetryczny kszta\u0142t i nier\u00f3wn\u0105 powierzchni\u0119. W ich przypadku ryzyko, \u017ce zmieni\u0105 si\u0119 w czerniaka (jeden z nowotwor\u00f3w z\u0142o\u015bliwych sk\u00f3ry) jest spore, dlatego wymagaj\u0105 regularnego kontrolowania u dermatologa.<\/p>\n\n\n\n<h3 class=\"wp-block-heading\">Inne znamiona barwnikowe<\/h3>\n\n\n\n<p>W\u015br\u00f3d pieprzyk\u00f3w wyr\u00f3\u017cniamy te\u017c zmiany tak charakterystyczne, \u017ce doczeka\u0142y si\u0119 osobnych bada\u0144 i otrzyma\u0142y nazwy. S\u0105 to:&nbsp;<\/p>\n\n\n\n<p>\u00b7&nbsp;&nbsp;&nbsp;&nbsp;&nbsp; Znami\u0119 b\u0142\u0119kitne \u2013 niewielka, \u0142agodna zmiana, kt\u00f3rej nazwa pochodzi od jej koloru, mo\u017ce by\u0107 zar\u00f3wno wrodzona, jak te\u017c pojawi\u0107 si\u0119 w p\u00f3\u017aniejszym dzieci\u0144stwie.<\/p>\n\n\n\n<p>\u00b7&nbsp;&nbsp;&nbsp;&nbsp;&nbsp; Znami\u0119 Spitz \u2013 cielista, br\u0105zowa lub br\u0105zowoczerwona zmiana o grudkowatej powierzchni, kt\u00f3ra najcz\u0119\u015bciej pojawia si\u0119 na twarzy i ro\u015bnie do pewnego momentu, a nast\u0119pnie przestaje. Zwykle jest \u0142agodna, cho\u0107 mo\u017ce stanowi\u0107 problem estetyczny. Zdarza si\u0119 jednak, \u017ce przybiera form\u0119 atypow\u0105 i w\u00f3wczas wymaga regularnej obserwacji i kontroli dermatologicznej.<\/p>\n\n\n\n<p>\u00b7&nbsp;&nbsp;&nbsp;&nbsp;&nbsp; Znami\u0119 Beckera \u2013 brunatne, ow\u0142osione znami\u0119 o nieregularnych brzegach, kt\u00f3rego \u015brednica mo\u017ce si\u0119 powi\u0119kszy\u0107 nawet do kilkunastu centymetr\u00f3w; najcz\u0119\u015bciej wyst\u0119puje u m\u0119\u017cczyzn, bardzo rzadko staje si\u0119 z\u0142o\u015bliwe.<\/p>\n\n\n\n<p>\u00b7&nbsp;&nbsp;&nbsp;&nbsp;&nbsp; Znami\u0119 Suttona \u2013 znami\u0119, kt\u00f3rego barwa te\u017c jest brunatna, a kszta\u0142t nieregularny; jego cecha charakterystyczna to odbarwienie sk\u00f3ry dooko\u0142a znamienia. &nbsp;Cz\u0119sto wyst\u0119puje mnogo, zw\u0142aszcza u os\u00f3b, u kt\u00f3rych rozwija si\u0119 bielactwo; je\u015bli znami\u0119 z podobn\u0105 lub inn\u0105 obw\u00f3dk\u0105 pojawi si\u0119 u osoby doros\u0142ej, nale\u017cy niezw\u0142ocznie podda\u0107 je badaniu, bo obw\u00f3dka wok\u00f3\u0142 znamienia mo\u017ce zwiastowa\u0107 czerniaka.<\/p>\n\n\n\n<p>\u00b7&nbsp;&nbsp;&nbsp;&nbsp;&nbsp; Znami\u0119 Clarka \u2013 wypuk\u0142a, niewielka (maksymalnie do 1 cm) zmiana o bardzo nieregularnym kszta\u0142cie, kt\u00f3ra jednak jest \u0142agodna, a powstaje na skutek miejscowego nagromadzenia melanocyt\u00f3w. Zwykle jest efektem po\u0142\u0105czenia sk\u0142onno\u015bci genetycznych i hormon\u00f3w z bardzo cz\u0119stym wystawianiem sk\u00f3ry na s\u0142o\u0144ce.<\/p>\n\n\n\n<h3 class=\"wp-block-heading\">W\u0142\u00f3kniaki, naczyniaki i brodawki \u0142ojotokowe<\/h3>\n\n\n\n<p>Na naszej sk\u00f3rze cz\u0119sto pojawiaj\u0105 si\u0119 tak\u017ce inne zmiany. S\u0105 to w\u0142\u00f3kniaki i naczyniaki oraz brodawki \u0142ojotokowe.&nbsp;<\/p>\n\n\n\n<p>W\u0142\u00f3kniaki to \u0142agodne guzy nowotworowe, kt\u00f3re jednak nigdy nie stan\u0105 si\u0119 z\u0142o\u015bliwe. Dzielimy je na twarde i mi\u0119kkie.&nbsp;<\/p>\n\n\n\n<p>W\u0142\u00f3kniaki mi\u0119kkie to mi\u0119kkie w dotyku, kuliste guzki, zwykle w kolorze sk\u00f3ry (cho\u0107 mog\u0105 te\u017c by\u0107 brunatne), o wielko\u015bci od 1 mm do 1 cm (mo\u017ce by\u0107 wi\u0119cej). Wyrastaj\u0105 one wprost ze sk\u00f3ry lub s\u0105 z ni\u0105 po\u0142\u0105czone pasmem tkanki. \u0141atwo je wcisn\u0105\u0107 w g\u0142\u0105b sk\u00f3ry i zwykle wyst\u0119puj\u0105 mnogo w okre\u015blonych partiach sk\u00f3ry (szyja, dekolt, pachy, piersi, pachwiny, powieki), ale mog\u0105 si\u0119 te\u017c pojawi\u0107 w innych cz\u0119\u015bciach cia\u0142a.<\/p>\n\n\n\n<p>Naczyniaki to r\u00f3\u017cowe, czerwone, a nawet purpurowe, p\u0142askie zmiany powstaj\u0105ce wskutek rozszerzania si\u0119 naczy\u0144 krwiono\u015bnych w obr\u0119bie sk\u00f3ry. Zwykle pojawiaj\u0105 si\u0119 na twarzy i na g\u0142owie, ale zdarza si\u0119, \u017ce naczyniaki spotykamy tak\u017ce na innych partiach cia\u0142a.<\/p>\n\n\n\n<p>Brodawki \u0142ojotokowe to zmiany o \u0142agodnym charakterze i w kszta\u0142cie rogowaciej\u0105cej naro\u015bli, kt\u00f3ra wygl\u0105dem i kolorem przypomina ma\u0142y grzyb. Najcz\u0119\u015bciej spotkamy je na tu\u0142owiu, r\u0119kach i twarzy, czasem na ow\u0142osionej sk\u00f3rze g\u0142owy, ale mog\u0105 pojawi\u0107 si\u0119 tak\u017ce w ka\u017cdym miejscu na ciele.&nbsp;<\/p>\n\n\n\n<h2 class=\"wp-block-heading\">Kiedy znamiona na sk\u00f3rze warto usun\u0105\u0107?<\/h2>\n\n\n\n<p>Warto usun\u0105\u0107 ka\u017cde znami\u0119, kt\u00f3re zaczyna zmienia\u0107 kszta\u0142t, rozmiar i wygl\u0105d. Je\u015bli zaobserwujemy na naszym znamieniu jeden z poni\u017cszych objaw\u00f3w, zg\u0142o\u015bmy si\u0119 jak najszybciej do dermatologa:<\/p>\n\n\n\n<p>\u00b7&nbsp;&nbsp;&nbsp;&nbsp;&nbsp; zmiana kszta\u0142tu i koloru,<\/p>\n\n\n\n<p>\u00b7&nbsp;&nbsp;&nbsp;&nbsp;&nbsp; brzegi i powierzchnia staj\u0105 si\u0119 nieregularne,<\/p>\n\n\n\n<p>\u00b7&nbsp;&nbsp;&nbsp;&nbsp;&nbsp; powi\u0119kszenie \u015brednicy,<\/p>\n\n\n\n<p>\u00b7&nbsp;&nbsp;&nbsp;&nbsp;&nbsp; krwawienie.<\/p>\n\n\n\n<p>Rekomendacj\u0105 do usuni\u0119cia znamienia, nawet je\u015bli nie ma ono z\u0142o\u015bliwego lub potencjalnie z\u0142o\u015bliwiej\u0105cego charakteru, jest podatno\u015b\u0107 na uszkodzenia (np. takie umiejscowienie, \u017ce w kontakcie z ubraniami znami\u0119 zostaje naruszone czy nawet naderwane).&nbsp;<\/p>\n\n\n\n<p>Ponadto znamiona warto usun\u0105\u0107 ze wzgl\u0119d\u00f3w estetycznych \u2013 je\u015bli s\u0105 du\u017ce i zlokalizowane w eksponowanych miejscach, z pewno\u015bci\u0105 dla wielu os\u00f3b ich obecno\u015b\u0107 mo\u017ce stanowi\u0107 problem.<\/p>\n\n\n\n<h2 class=\"wp-block-heading\">Jak nale\u017cy chroni\u0107 znamiona na sk\u00f3rze?<\/h2>\n\n\n\n<p>Znamiona to cz\u0119\u015b\u0107 struktury sk\u00f3ry, dlatego ich ochrona powinna by\u0107 dok\u0142adnie taka sama. Dodatkowo szczeg\u00f3ln\u0105 uwag\u0119 powinni\u015bmy zwr\u00f3ci\u0107 na znamiona wystaj\u0105ce ponad powierzchni\u0119 sk\u00f3ry, gdy\u017c \u2013 jak wspomnia\u0142am wy\u017cej \u2013 mog\u0105 ulega\u0107 uszkodzeniom mechanicznym.&nbsp;<\/p>\n\n\n\n<h3 class=\"wp-block-heading\">Kremy przeciws\u0142oneczne to podstawa<\/h3>\n\n\n\n<p>G\u0142\u00f3wn\u0105 (cho\u0107 niejedyn\u0105) przyczyn\u0105 powstawania czerniaka jest nadmierna ekspozycja na promieniowanie UV. Dlatego podstaw\u0105 dbania o znamiona jest ochrona przeciws\u0142oneczna.&nbsp;<\/p>\n\n\n\n<p><a href=\"https:\/\/resibo.pl\/produkt\/147\/krem-nawilzajacy-spf-30\">Krem z filtrem<\/a> powinni\u015bmy stosowa\u0107 na ods\u0142oni\u0119te cz\u0119\u015bci cia\u0142a nie tylko wtedy, gdy si\u0119 opalamy lub wychodzimy na d\u0142u\u017cej na s\u0142o\u0144ce, ale te\u017c na co dzie\u0144, i to przez ca\u0142y rok. W przypadku cz\u0119\u015bci nieods\u0142oni\u0119tych, mo\u017cemy ograniczy\u0107 aplikacj\u0119 ochrony przed s\u0142o\u0144cem do okres\u00f3w, kiedy faktycznie wystawiamy je na bezpo\u015brednie dzia\u0142anie promieniowania UV.<\/p>\n\n\n\n<h3 class=\"wp-block-heading\">Regularne wizyty u dermatologa<\/h3>\n\n\n\n<p>Elementem dbania o znamiona, zw\u0142aszcza w przypadku os\u00f3b, kt\u00f3re zosta\u0142y nimi hojnie obdarzone, a tak\u017ce w przypadku os\u00f3b maj\u0105cych zmiany atypowe, mog\u0105ce zez\u0142o\u015bliwie\u0107, jest regularna kontrola dermatologiczna.&nbsp;<\/p>\n<\/div><!-- .vgblk-rw-wrapper -->","protected":false},"excerpt":{"rendered":"<p>Znamiona na sk\u00f3rze. Co powinno zwr\u00f3ci\u0107 nasz\u0105 uwag\u0119? Ochrona przeciws\u0142oneczna to temat wa\u017cny o ka\u017cdej porze roku, jednak nabiera jeszcze wi\u0119kszego znaczenia, teraz gdy robi si\u0119 coraz gor\u0119cej, a my wystawiamy nieos\u0142oni\u0119t\u0105 sk\u00f3r\u0119 na dzia\u0142anie promieni s\u0142onecznych. Samo dzia\u0142anie s\u0142o\u0144ca na sk\u00f3r\u0119 wiele razy ju\u017c omawia\u0142am. Dzi\u015b zajm\u0119 si\u0119 znamionami. Znamiona na sk\u00f3rze \u2013 jakie&#8230;<\/p>\n","protected":false},"author":6,"featured_media":25227,"comment_status":"closed","ping_status":"closed","sticky":false,"template":"","format":"standard","meta":{"footnotes":""},"categories":[161,40],"tags":[],"class_list":["post-24450","post","type-post","status-publish","format-standard","has-post-thumbnail","hentry","category-beauty","category-magda-o-pielegnacji"],"yoast_head":"<!-- This site is optimized with the Yoast SEO plugin v27.4 - https:\/\/yoast.com\/product\/yoast-seo-wordpress\/ -->\n<title>Znamiona na sk\u00f3rze. Kt\u00f3re z nich s\u0105 niebezpieczne? - Kosmetyki naturalne Resibo<\/title>\n<meta name=\"description\" content=\"Ka\u017cdy z nas ma kilka znamion na ciele. Wiele z nich ma \u0142agodny charakter. Dowiedz si\u0119, kt\u00f3re znamiona mog\u0105 by\u0107 niebezpieczne i czy trzeba je wyci\u0105\u0107.\" \/>\n<meta name=\"robots\" content=\"index, follow, max-snippet:-1, max-image-preview:large, max-video-preview:-1\" \/>\n<link rel=\"canonical\" href=\"https:\/\/resibo.pl\/blog\/znamiona-na-skorze-ktore-z-nich-sa-niebezpieczne\/\" \/>\n<meta property=\"og:locale\" content=\"pl_PL\" \/>\n<meta property=\"og:type\" content=\"article\" \/>\n<meta property=\"og:title\" content=\"Znamiona na sk\u00f3rze. Kt\u00f3re z nich s\u0105 niebezpieczne? - Kosmetyki naturalne Resibo\" \/>\n<meta property=\"og:description\" content=\"Ka\u017cdy z nas ma kilka znamion na ciele. Wiele z nich ma \u0142agodny charakter. Dowiedz si\u0119, kt\u00f3re znamiona mog\u0105 by\u0107 niebezpieczne i czy trzeba je wyci\u0105\u0107.\" \/>\n<meta property=\"og:url\" content=\"https:\/\/resibo.pl\/blog\/znamiona-na-skorze-ktore-z-nich-sa-niebezpieczne\/\" \/>\n<meta property=\"og:site_name\" content=\"Kosmetyki naturalne Resibo\" \/>\n<meta property=\"article:publisher\" content=\"http:\/\/facebook.com\/resiboPL\" \/>\n<meta property=\"article:published_time\" content=\"2022-07-25T20:14:32+00:00\" \/>\n<meta property=\"article:modified_time\" content=\"2024-01-09T12:29:45+00:00\" \/>\n<meta property=\"og:image\" content=\"https:\/\/resibo.pl\/blog\/wp-content\/uploads\/2022\/07\/znamiona-na-skorze.jpg\" \/>\n\t<meta property=\"og:image:width\" content=\"1500\" \/>\n\t<meta property=\"og:image:height\" content=\"1000\" \/>\n\t<meta property=\"og:image:type\" content=\"image\/jpeg\" \/>\n<meta name=\"author\" content=\"Anita\" \/>\n<meta name=\"twitter:label1\" content=\"Napisane przez\" \/>\n\t<meta name=\"twitter:data1\" content=\"Anita\" \/>\n\t<meta name=\"twitter:label2\" content=\"Szacowany czas czytania\" \/>\n\t<meta name=\"twitter:data2\" content=\"7 minut\" \/>\n<script type=\"application\/ld+json\" class=\"yoast-schema-graph\">{\"@context\":\"https:\\\/\\\/schema.org\",\"@graph\":[{\"@type\":\"Article\",\"@id\":\"https:\\\/\\\/resibo.pl\\\/blog\\\/znamiona-na-skorze-ktore-z-nich-sa-niebezpieczne\\\/#article\",\"isPartOf\":{\"@id\":\"https:\\\/\\\/resibo.pl\\\/blog\\\/znamiona-na-skorze-ktore-z-nich-sa-niebezpieczne\\\/\"},\"author\":{\"name\":\"Anita\",\"@id\":\"https:\\\/\\\/resibo.pl\\\/blog\\\/#\\\/schema\\\/person\\\/ef9013c96e1204d78b18c2243ed265a9\"},\"headline\":\"Znamiona na sk\u00f3rze. Kt\u00f3re z nich s\u0105 niebezpieczne?\",\"datePublished\":\"2022-07-25T20:14:32+00:00\",\"dateModified\":\"2024-01-09T12:29:45+00:00\",\"mainEntityOfPage\":{\"@id\":\"https:\\\/\\\/resibo.pl\\\/blog\\\/znamiona-na-skorze-ktore-z-nich-sa-niebezpieczne\\\/\"},\"wordCount\":1331,\"publisher\":{\"@id\":\"https:\\\/\\\/resibo.pl\\\/blog\\\/#organization\"},\"image\":{\"@id\":\"https:\\\/\\\/resibo.pl\\\/blog\\\/znamiona-na-skorze-ktore-z-nich-sa-niebezpieczne\\\/#primaryimage\"},\"thumbnailUrl\":\"https:\\\/\\\/resibo.pl\\\/blog\\\/wp-content\\\/uploads\\\/2022\\\/08\\\/Frame-6.jpg\",\"articleSection\":[\"Beauty\",\"O pielegnacji\"],\"inLanguage\":\"pl-PL\"},{\"@type\":\"WebPage\",\"@id\":\"https:\\\/\\\/resibo.pl\\\/blog\\\/znamiona-na-skorze-ktore-z-nich-sa-niebezpieczne\\\/\",\"url\":\"https:\\\/\\\/resibo.pl\\\/blog\\\/znamiona-na-skorze-ktore-z-nich-sa-niebezpieczne\\\/\",\"name\":\"Znamiona na sk\u00f3rze. Kt\u00f3re z nich s\u0105 niebezpieczne? - Kosmetyki naturalne Resibo\",\"isPartOf\":{\"@id\":\"https:\\\/\\\/resibo.pl\\\/blog\\\/#website\"},\"primaryImageOfPage\":{\"@id\":\"https:\\\/\\\/resibo.pl\\\/blog\\\/znamiona-na-skorze-ktore-z-nich-sa-niebezpieczne\\\/#primaryimage\"},\"image\":{\"@id\":\"https:\\\/\\\/resibo.pl\\\/blog\\\/znamiona-na-skorze-ktore-z-nich-sa-niebezpieczne\\\/#primaryimage\"},\"thumbnailUrl\":\"https:\\\/\\\/resibo.pl\\\/blog\\\/wp-content\\\/uploads\\\/2022\\\/08\\\/Frame-6.jpg\",\"datePublished\":\"2022-07-25T20:14:32+00:00\",\"dateModified\":\"2024-01-09T12:29:45+00:00\",\"description\":\"Ka\u017cdy z nas ma kilka znamion na ciele. Wiele z nich ma \u0142agodny charakter. Dowiedz si\u0119, kt\u00f3re znamiona mog\u0105 by\u0107 niebezpieczne i czy trzeba je wyci\u0105\u0107.\",\"breadcrumb\":{\"@id\":\"https:\\\/\\\/resibo.pl\\\/blog\\\/znamiona-na-skorze-ktore-z-nich-sa-niebezpieczne\\\/#breadcrumb\"},\"inLanguage\":\"pl-PL\",\"potentialAction\":[{\"@type\":\"ReadAction\",\"target\":[\"https:\\\/\\\/resibo.pl\\\/blog\\\/znamiona-na-skorze-ktore-z-nich-sa-niebezpieczne\\\/\"]}]},{\"@type\":\"ImageObject\",\"inLanguage\":\"pl-PL\",\"@id\":\"https:\\\/\\\/resibo.pl\\\/blog\\\/znamiona-na-skorze-ktore-z-nich-sa-niebezpieczne\\\/#primaryimage\",\"url\":\"https:\\\/\\\/resibo.pl\\\/blog\\\/wp-content\\\/uploads\\\/2022\\\/08\\\/Frame-6.jpg\",\"contentUrl\":\"https:\\\/\\\/resibo.pl\\\/blog\\\/wp-content\\\/uploads\\\/2022\\\/08\\\/Frame-6.jpg\",\"width\":1500,\"height\":998},{\"@type\":\"BreadcrumbList\",\"@id\":\"https:\\\/\\\/resibo.pl\\\/blog\\\/znamiona-na-skorze-ktore-z-nich-sa-niebezpieczne\\\/#breadcrumb\",\"itemListElement\":[{\"@type\":\"ListItem\",\"position\":1,\"name\":\"Strona g\u0142\u00f3wna\",\"item\":\"https:\\\/\\\/resibo.pl\\\/blog\\\/\"},{\"@type\":\"ListItem\",\"position\":2,\"name\":\"Znamiona na sk\u00f3rze. Kt\u00f3re z nich s\u0105 niebezpieczne?\"}]},{\"@type\":\"WebSite\",\"@id\":\"https:\\\/\\\/resibo.pl\\\/blog\\\/#website\",\"url\":\"https:\\\/\\\/resibo.pl\\\/blog\\\/\",\"name\":\"Kosmetyki naturalne Resibo\",\"description\":\"\",\"publisher\":{\"@id\":\"https:\\\/\\\/resibo.pl\\\/blog\\\/#organization\"},\"potentialAction\":[{\"@type\":\"SearchAction\",\"target\":{\"@type\":\"EntryPoint\",\"urlTemplate\":\"https:\\\/\\\/resibo.pl\\\/blog\\\/?s={search_term_string}\"},\"query-input\":{\"@type\":\"PropertyValueSpecification\",\"valueRequired\":true,\"valueName\":\"search_term_string\"}}],\"inLanguage\":\"pl-PL\"},{\"@type\":\"Organization\",\"@id\":\"https:\\\/\\\/resibo.pl\\\/blog\\\/#organization\",\"name\":\"Resibo\",\"url\":\"https:\\\/\\\/resibo.pl\\\/blog\\\/\",\"logo\":{\"@type\":\"ImageObject\",\"inLanguage\":\"pl-PL\",\"@id\":\"https:\\\/\\\/resibo.pl\\\/blog\\\/#\\\/schema\\\/logo\\\/image\\\/\",\"url\":\"https:\\\/\\\/resibo.pl\\\/blog\\\/wp-content\\\/uploads\\\/2022\\\/02\\\/cropped-logo.png\",\"contentUrl\":\"https:\\\/\\\/resibo.pl\\\/blog\\\/wp-content\\\/uploads\\\/2022\\\/02\\\/cropped-logo.png\",\"width\":274,\"height\":109,\"caption\":\"Resibo\"},\"image\":{\"@id\":\"https:\\\/\\\/resibo.pl\\\/blog\\\/#\\\/schema\\\/logo\\\/image\\\/\"},\"sameAs\":[\"http:\\\/\\\/facebook.com\\\/resiboPL\",\"http:\\\/\\\/instagram.com\\\/resibobynature\"]},{\"@type\":\"Person\",\"@id\":\"https:\\\/\\\/resibo.pl\\\/blog\\\/#\\\/schema\\\/person\\\/ef9013c96e1204d78b18c2243ed265a9\",\"name\":\"Anita\",\"image\":{\"@type\":\"ImageObject\",\"inLanguage\":\"pl-PL\",\"@id\":\"https:\\\/\\\/secure.gravatar.com\\\/avatar\\\/c16c3ee787d7dac06be3101e60d7b357f40d4375278b4f1760aa8fb3114c1f93?s=96&d=mm&r=g\",\"url\":\"https:\\\/\\\/secure.gravatar.com\\\/avatar\\\/c16c3ee787d7dac06be3101e60d7b357f40d4375278b4f1760aa8fb3114c1f93?s=96&d=mm&r=g\",\"contentUrl\":\"https:\\\/\\\/secure.gravatar.com\\\/avatar\\\/c16c3ee787d7dac06be3101e60d7b357f40d4375278b4f1760aa8fb3114c1f93?s=96&d=mm&r=g\",\"caption\":\"Anita\"},\"description\":\"Anita Odachowska Zakochana w Resibo i naturalnej piel\u0119gnacji, ciekawa \u015bwiata, szanuj\u0105ca przyrod\u0119 i doceniaj\u0105ca si\u0142\u0119 ro\u015blinnych sk\u0142adnik\u00f3w, w ci\u0105g\u0142ym d\u0105\u017ceniu do co najmniej less waste.\",\"url\":\"https:\\\/\\\/resibo.pl\\\/blog\\\/author\\\/anita\\\/\"}]}<\/script>\n<!-- \/ Yoast SEO plugin. -->","yoast_head_json":{"title":"Znamiona na sk\u00f3rze. Kt\u00f3re z nich s\u0105 niebezpieczne? - Kosmetyki naturalne Resibo","description":"Ka\u017cdy z nas ma kilka znamion na ciele. Wiele z nich ma \u0142agodny charakter. Dowiedz si\u0119, kt\u00f3re znamiona mog\u0105 by\u0107 niebezpieczne i czy trzeba je wyci\u0105\u0107.","robots":{"index":"index","follow":"follow","max-snippet":"max-snippet:-1","max-image-preview":"max-image-preview:large","max-video-preview":"max-video-preview:-1"},"canonical":"https:\/\/resibo.pl\/blog\/znamiona-na-skorze-ktore-z-nich-sa-niebezpieczne\/","og_locale":"pl_PL","og_type":"article","og_title":"Znamiona na sk\u00f3rze. Kt\u00f3re z nich s\u0105 niebezpieczne? - Kosmetyki naturalne Resibo","og_description":"Ka\u017cdy z nas ma kilka znamion na ciele. Wiele z nich ma \u0142agodny charakter. Dowiedz si\u0119, kt\u00f3re znamiona mog\u0105 by\u0107 niebezpieczne i czy trzeba je wyci\u0105\u0107.","og_url":"https:\/\/resibo.pl\/blog\/znamiona-na-skorze-ktore-z-nich-sa-niebezpieczne\/","og_site_name":"Kosmetyki naturalne Resibo","article_publisher":"http:\/\/facebook.com\/resiboPL","article_published_time":"2022-07-25T20:14:32+00:00","article_modified_time":"2024-01-09T12:29:45+00:00","og_image":[{"width":1500,"height":1000,"url":"https:\/\/resibo.pl\/blog\/wp-content\/uploads\/2022\/07\/znamiona-na-skorze.jpg","type":"image\/jpeg"}],"author":"Anita","twitter_misc":{"Napisane przez":"Anita","Szacowany czas czytania":"7 minut"},"schema":{"@context":"https:\/\/schema.org","@graph":[{"@type":"Article","@id":"https:\/\/resibo.pl\/blog\/znamiona-na-skorze-ktore-z-nich-sa-niebezpieczne\/#article","isPartOf":{"@id":"https:\/\/resibo.pl\/blog\/znamiona-na-skorze-ktore-z-nich-sa-niebezpieczne\/"},"author":{"name":"Anita","@id":"https:\/\/resibo.pl\/blog\/#\/schema\/person\/ef9013c96e1204d78b18c2243ed265a9"},"headline":"Znamiona na sk\u00f3rze. Kt\u00f3re z nich s\u0105 niebezpieczne?","datePublished":"2022-07-25T20:14:32+00:00","dateModified":"2024-01-09T12:29:45+00:00","mainEntityOfPage":{"@id":"https:\/\/resibo.pl\/blog\/znamiona-na-skorze-ktore-z-nich-sa-niebezpieczne\/"},"wordCount":1331,"publisher":{"@id":"https:\/\/resibo.pl\/blog\/#organization"},"image":{"@id":"https:\/\/resibo.pl\/blog\/znamiona-na-skorze-ktore-z-nich-sa-niebezpieczne\/#primaryimage"},"thumbnailUrl":"https:\/\/resibo.pl\/blog\/wp-content\/uploads\/2022\/08\/Frame-6.jpg","articleSection":["Beauty","O pielegnacji"],"inLanguage":"pl-PL"},{"@type":"WebPage","@id":"https:\/\/resibo.pl\/blog\/znamiona-na-skorze-ktore-z-nich-sa-niebezpieczne\/","url":"https:\/\/resibo.pl\/blog\/znamiona-na-skorze-ktore-z-nich-sa-niebezpieczne\/","name":"Znamiona na sk\u00f3rze. Kt\u00f3re z nich s\u0105 niebezpieczne? - Kosmetyki naturalne Resibo","isPartOf":{"@id":"https:\/\/resibo.pl\/blog\/#website"},"primaryImageOfPage":{"@id":"https:\/\/resibo.pl\/blog\/znamiona-na-skorze-ktore-z-nich-sa-niebezpieczne\/#primaryimage"},"image":{"@id":"https:\/\/resibo.pl\/blog\/znamiona-na-skorze-ktore-z-nich-sa-niebezpieczne\/#primaryimage"},"thumbnailUrl":"https:\/\/resibo.pl\/blog\/wp-content\/uploads\/2022\/08\/Frame-6.jpg","datePublished":"2022-07-25T20:14:32+00:00","dateModified":"2024-01-09T12:29:45+00:00","description":"Ka\u017cdy z nas ma kilka znamion na ciele. Wiele z nich ma \u0142agodny charakter. Dowiedz si\u0119, kt\u00f3re znamiona mog\u0105 by\u0107 niebezpieczne i czy trzeba je wyci\u0105\u0107.","breadcrumb":{"@id":"https:\/\/resibo.pl\/blog\/znamiona-na-skorze-ktore-z-nich-sa-niebezpieczne\/#breadcrumb"},"inLanguage":"pl-PL","potentialAction":[{"@type":"ReadAction","target":["https:\/\/resibo.pl\/blog\/znamiona-na-skorze-ktore-z-nich-sa-niebezpieczne\/"]}]},{"@type":"ImageObject","inLanguage":"pl-PL","@id":"https:\/\/resibo.pl\/blog\/znamiona-na-skorze-ktore-z-nich-sa-niebezpieczne\/#primaryimage","url":"https:\/\/resibo.pl\/blog\/wp-content\/uploads\/2022\/08\/Frame-6.jpg","contentUrl":"https:\/\/resibo.pl\/blog\/wp-content\/uploads\/2022\/08\/Frame-6.jpg","width":1500,"height":998},{"@type":"BreadcrumbList","@id":"https:\/\/resibo.pl\/blog\/znamiona-na-skorze-ktore-z-nich-sa-niebezpieczne\/#breadcrumb","itemListElement":[{"@type":"ListItem","position":1,"name":"Strona g\u0142\u00f3wna","item":"https:\/\/resibo.pl\/blog\/"},{"@type":"ListItem","position":2,"name":"Znamiona na sk\u00f3rze. Kt\u00f3re z nich s\u0105 niebezpieczne?"}]},{"@type":"WebSite","@id":"https:\/\/resibo.pl\/blog\/#website","url":"https:\/\/resibo.pl\/blog\/","name":"Kosmetyki naturalne Resibo","description":"","publisher":{"@id":"https:\/\/resibo.pl\/blog\/#organization"},"potentialAction":[{"@type":"SearchAction","target":{"@type":"EntryPoint","urlTemplate":"https:\/\/resibo.pl\/blog\/?s={search_term_string}"},"query-input":{"@type":"PropertyValueSpecification","valueRequired":true,"valueName":"search_term_string"}}],"inLanguage":"pl-PL"},{"@type":"Organization","@id":"https:\/\/resibo.pl\/blog\/#organization","name":"Resibo","url":"https:\/\/resibo.pl\/blog\/","logo":{"@type":"ImageObject","inLanguage":"pl-PL","@id":"https:\/\/resibo.pl\/blog\/#\/schema\/logo\/image\/","url":"https:\/\/resibo.pl\/blog\/wp-content\/uploads\/2022\/02\/cropped-logo.png","contentUrl":"https:\/\/resibo.pl\/blog\/wp-content\/uploads\/2022\/02\/cropped-logo.png","width":274,"height":109,"caption":"Resibo"},"image":{"@id":"https:\/\/resibo.pl\/blog\/#\/schema\/logo\/image\/"},"sameAs":["http:\/\/facebook.com\/resiboPL","http:\/\/instagram.com\/resibobynature"]},{"@type":"Person","@id":"https:\/\/resibo.pl\/blog\/#\/schema\/person\/ef9013c96e1204d78b18c2243ed265a9","name":"Anita","image":{"@type":"ImageObject","inLanguage":"pl-PL","@id":"https:\/\/secure.gravatar.com\/avatar\/c16c3ee787d7dac06be3101e60d7b357f40d4375278b4f1760aa8fb3114c1f93?s=96&d=mm&r=g","url":"https:\/\/secure.gravatar.com\/avatar\/c16c3ee787d7dac06be3101e60d7b357f40d4375278b4f1760aa8fb3114c1f93?s=96&d=mm&r=g","contentUrl":"https:\/\/secure.gravatar.com\/avatar\/c16c3ee787d7dac06be3101e60d7b357f40d4375278b4f1760aa8fb3114c1f93?s=96&d=mm&r=g","caption":"Anita"},"description":"Anita Odachowska Zakochana w Resibo i naturalnej piel\u0119gnacji, ciekawa \u015bwiata, szanuj\u0105ca przyrod\u0119 i doceniaj\u0105ca si\u0142\u0119 ro\u015blinnych sk\u0142adnik\u00f3w, w ci\u0105g\u0142ym d\u0105\u017ceniu do co najmniej less waste.","url":"https:\/\/resibo.pl\/blog\/author\/anita\/"}]}},"_links":{"self":[{"href":"https:\/\/resibo.pl\/blog\/wp-json\/wp\/v2\/posts\/24450","targetHints":{"allow":["GET"]}}],"collection":[{"href":"https:\/\/resibo.pl\/blog\/wp-json\/wp\/v2\/posts"}],"about":[{"href":"https:\/\/resibo.pl\/blog\/wp-json\/wp\/v2\/types\/post"}],"author":[{"embeddable":true,"href":"https:\/\/resibo.pl\/blog\/wp-json\/wp\/v2\/users\/6"}],"replies":[{"embeddable":true,"href":"https:\/\/resibo.pl\/blog\/wp-json\/wp\/v2\/comments?post=24450"}],"version-history":[{"count":1,"href":"https:\/\/resibo.pl\/blog\/wp-json\/wp\/v2\/posts\/24450\/revisions"}],"predecessor-version":[{"id":24451,"href":"https:\/\/resibo.pl\/blog\/wp-json\/wp\/v2\/posts\/24450\/revisions\/24451"}],"wp:featuredmedia":[{"embeddable":true,"href":"https:\/\/resibo.pl\/blog\/wp-json\/wp\/v2\/media\/25227"}],"wp:attachment":[{"href":"https:\/\/resibo.pl\/blog\/wp-json\/wp\/v2\/media?parent=24450"}],"wp:term":[{"taxonomy":"category","embeddable":true,"href":"https:\/\/resibo.pl\/blog\/wp-json\/wp\/v2\/categories?post=24450"},{"taxonomy":"post_tag","embeddable":true,"href":"https:\/\/resibo.pl\/blog\/wp-json\/wp\/v2\/tags?post=24450"}],"curies":[{"name":"wp","href":"https:\/\/api.w.org\/{rel}","templated":true}]}}