{"id":24634,"date":"2022-10-26T20:02:27","date_gmt":"2022-10-26T18:02:27","guid":{"rendered":"https:\/\/resibo.pl\/blog\/?p=24634"},"modified":"2022-10-26T20:02:27","modified_gmt":"2022-10-26T18:02:27","slug":"ekstrakt-z-lukrecji-jakie-ma-zastosowanie-w-kosmetyce","status":"publish","type":"post","link":"https:\/\/resibo.pl\/blog\/ekstrakt-z-lukrecji-jakie-ma-zastosowanie-w-kosmetyce\/","title":{"rendered":"Ekstrakt z lukrecji \u2013 jakie ma zastosowanie w kosmetyce?"},"content":{"rendered":"<div class=\"vgblk-rw-wrapper limit-wrapper\">\n<h1 class=\"wp-block-heading\"><strong>Jakie s\u0105 w\u0142a\u015bciwo\u015bci zdrowotne lukrecji? Kosmetyki z lukrecj\u0105<\/strong><\/h1>\n\n\n\n<p><strong>Lukrecja kojarzy nam si\u0119 ze s\u0142odycz\u0105. Tymczasem to ro\u015blina o znanym od staro\u017cytno\u015bci dzia\u0142aniu leczniczym. Jej w\u0142a\u015bciwo\u015bci docenia tak\u017ce kosmetologia, w kt\u00f3rej ekstrakt z korzenia lukrecji zago\u015bci\u0142 na dobre.<\/strong><\/p>\n\n\n\n<h2 class=\"wp-block-heading\"><strong>Co zawiera w sobie lukrecja?<\/strong><\/h2>\n\n\n\n<p>Ekstrakt z lukrecji zawiera ok. 400 sk\u0142adnik\u00f3w, w tym m.in.:<sup>[i]<\/sup><\/p>\n\n\n\n<p>\u00b7&nbsp;&nbsp;&nbsp;&nbsp;&nbsp; saponiny triterpenowe, np. glicyryzyn\u0119 (\u017ar\u00f3d\u0142o s\u0142odkiego smaku ro\u015bliny) oraz sole potasowe, wapniowe i amonowe kwasu glicyryzynowego,<\/p>\n\n\n\n<p>\u00b7&nbsp;&nbsp;&nbsp;&nbsp;&nbsp; flawonoidy, np. glabrydyn\u0119 i pochodne izoflawonu,<\/p>\n\n\n\n<p>\u00b7&nbsp;&nbsp;&nbsp;&nbsp;&nbsp; kumaryny, np. likumaryn\u0119, umbeliferon i herniaryn\u0119,<\/p>\n\n\n\n<p>\u00b7&nbsp;&nbsp;&nbsp;&nbsp;&nbsp; olejek eteryczny, kt\u00f3ry zawiera ok. 30 sk\u0142adnik\u00f3w (np. linalol, kwas propionowy),<\/p>\n\n\n\n<p>\u00b7&nbsp;&nbsp;&nbsp;&nbsp;&nbsp; polisacharydy,<\/p>\n\n\n\n<p>\u00b7&nbsp;&nbsp;&nbsp;&nbsp;&nbsp; aminokwasy,<\/p>\n\n\n\n<p>\u00b7&nbsp;&nbsp;&nbsp;&nbsp;&nbsp; bia\u0142ka,<\/p>\n\n\n\n<p>\u00b7&nbsp;&nbsp;&nbsp;&nbsp;&nbsp; witaminy z grupy B.<\/p>\n\n\n\n<p>Dzi\u0119ki swojemu wyj\u0105tkowemu sk\u0142adowi, a w szczeg\u00f3lno\u015bci obecnym w niej saponinom i flawonoidom, <a href=\"https:\/\/resibo.pl\/blog\/ile-cukru-w-cukrze\/\">lukrecja znana jest nie tylko ze swojego s\u0142odkiego smaku<\/a>, ale te\u017c z du\u017cej aktywno\u015bci biologicznej i biochemicznej.<\/p>\n\n\n\n<h2 class=\"wp-block-heading\"><strong>Ekstrakt z lukrecji \u2013 jakie ma w\u0142a\u015bciwo\u015bci?<\/strong><\/h2>\n\n\n\n<p>Lukrecja to ro\u015blina o szerokim dzia\u0142aniu leczniczym. W\u015br\u00f3d jej znanych i udokumentowanych w\u0142a\u015bciwo\u015bci s\u0105 m.in.:<\/p>\n\n\n\n<p>1)&nbsp;&nbsp;&nbsp; wspieranie leczenia chor\u00f3b uk\u0142adu oddechowego (przezi\u0119bie\u0144, astmy, przewlek\u0142ej chrypki itd.):<\/p>\n\n\n\n<p>\u00b7&nbsp;&nbsp;&nbsp;&nbsp;&nbsp; substancje zawarte w lukrecji zmniejszaj\u0105 lepko\u015b\u0107 \u015bluzu zalegaj\u0105cego w drogach oddechowych u\u0142atwiaj\u0105c odkrztuszanie,<\/p>\n\n\n\n<p>\u00b7&nbsp;&nbsp;&nbsp;&nbsp;&nbsp; glicyryzyna dzia\u0142a przeciwwirusowo, bakteriostatycznie i immunosupresyjnie.<\/p>\n\n\n\n<p>2)&nbsp;&nbsp;&nbsp; wspomaganie funkcjonowania uk\u0142adu pokarmowego:<\/p>\n\n\n\n<p>\u00b7&nbsp;&nbsp;&nbsp;&nbsp;&nbsp; \u0142agodzenie dolegliwo\u015bci trawiennych,<\/p>\n\n\n\n<p>\u00b7&nbsp;&nbsp;&nbsp;&nbsp;&nbsp; regeneracja b\u0142ony \u015bluzowej \u017co\u0142\u0105dka i jelit,<\/p>\n\n\n\n<p>\u00b7&nbsp;&nbsp;&nbsp;&nbsp;&nbsp; redukcja objaw\u00f3w zgagi,<\/p>\n\n\n\n<p>\u00b7&nbsp;&nbsp;&nbsp;&nbsp;&nbsp; hamowanie rozwoju niekt\u00f3rych chorobotw\u00f3rczych bakterii gnie\u017cd\u017c\u0105cych si\u0119 w uk\u0142adzie pokarmowym,<\/p>\n\n\n\n<p>\u00b7&nbsp;&nbsp;&nbsp;&nbsp;&nbsp; regulacja wydzielania trzustkowego,<\/p>\n\n\n\n<p>\u00b7&nbsp;&nbsp;&nbsp;&nbsp;&nbsp; ochrona przed st\u0142uszczeniem w\u0105troby.<\/p>\n\n\n\n<p>3)&nbsp;&nbsp;&nbsp; wspieranie pracy uk\u0142adu hormonalnego i kostno-stawowego:<\/p>\n\n\n\n<p>\u00b7&nbsp;&nbsp;&nbsp;&nbsp;&nbsp; fitoestrogeny zawarte w lukrecji \u0142agodz\u0105 objawy zespo\u0142u napi\u0119cia przedmiesi\u0105czkowego i menopauzy,<\/p>\n\n\n\n<p>\u00b7&nbsp;&nbsp;&nbsp;&nbsp;&nbsp; lukrecja wspomaga ponadto leczenie osteoporozy postmenopauzalnej u kobiet.<\/p>\n\n\n\n<h2 class=\"wp-block-heading\"><strong>Ekstrakt z lukrecji \u2013 jakie ma zastosowanie w kosmetyce<\/strong><\/h2>\n\n\n\n<p>Wymienione wy\u017cej w\u0142a\u015bciwo\u015bci prozdrowotne i lecznicze lukrecji to nie wszystko. Ma ona tak\u017ce bardzo pozytywne dzia\u0142anie na sk\u00f3r\u0119 i w\u0142osy, dlatego ekstrakt z lukrecji &nbsp;znajduje szerokie zastosowanie w przemy\u015ble kosmetycznym.&nbsp;<\/p>\n\n\n\n<h3 class=\"wp-block-heading\"><strong>Ekstrakt z lukrecji na tr\u0105dzik\u00a0<\/strong><\/h3>\n\n\n\n<p>Dzi\u0119ki w\u0142a\u015bciwo\u015bciom przeciwbakteryjnym, oczyszczaj\u0105cym, \u0142agodz\u0105cym, \u015bci\u0105gaj\u0105cym i reguluj\u0105cym wydzielanie sebum, <a href=\"https:\/\/resibo.pl\/produkt\/137\/maska-z-glinka\">ekstrakt z lukrecji jest cz\u0119stym sk\u0142adnikiem kosmetyk\u00f3w do cery tr\u0105dzikowej<\/a>. Ponadto lukrecja korzystnie wp\u0142ywa na zmiany potr\u0105dzikowe.&nbsp;<\/p>\n\n\n\n<h3 class=\"wp-block-heading\"><strong>Lukrecja do cery dojrza\u0142ej<\/strong><\/h3>\n\n\n\n<p>Zawarta w lukrecji glabradyna ma dzia\u0142anie depigmentacyjne i rozja\u015bniaj\u0105ce, wi\u0119c doskonale radzi sobie z przebarwieniami. Ponadto ekstrakt z tej ro\u015bliny silnie nawil\u017ca, wyg\u0142adza i roz\u015bwietla cer\u0119. Zawarte w lukrecji <a href=\"https:\/\/resibo.pl\/blog\/antyoksydanty-w-kosmetykach-jakie-z-nich-dzialaja-najsilniej\/\">flawonoidy to jedne z najsilniejszych antyoksydant\u00f3w<\/a>, kt\u00f3re skutecznie neutralizuj\u0105 wolne rodniki. To sprawia, \u017ce ekstrakt z lukrecji znalaz\u0142 szerokie zastosowanie jako sk\u0142adnik kosmetyk\u00f3w przeciwstarzeniowych i przeznaczonych do cery dojrza\u0142ej.<\/p>\n\n\n\n<h3 class=\"wp-block-heading\"><strong>Ekstrakt z lukrecji w ochronie przeciws\u0142onecznej<\/strong><\/h3>\n\n\n\n<p>Kumaryny zawarte w lukrecji absorbuj\u0105 frakcj\u0119 ultrafioletow\u0105 \u015bwiat\u0142a s\u0142onecznego, przez co zapobiegaj\u0105 pigmentacji wywo\u0142anej przez promieniowanie UVB. Poniewa\u017c lukrecja ma tak\u017ce dzia\u0142anie \u0142agodz\u0105ce i nawil\u017caj\u0105ce oraz chroni\u0105ce przed utrat\u0105 wody, ekstrakt niej jest bardzo cz\u0119stym sk\u0142adnikiem produkt\u00f3w do opalania i po opalaniu.<\/p>\n\n\n\n<h3 class=\"wp-block-heading\"><strong>Lukrecja na cellulit\u00a0<\/strong><\/h3>\n\n\n\n<p>Kwas glicyretynowy zawarty w ekstrakcie z lukrecji hamuje adipogenez\u0119, czyli rozw\u00f3j kom\u00f3rek t\u0142uszczowych, a jednocze\u015bnie stymuluje proces lipolizy, czyli rozk\u0142adu tr\u00f3jgliceryd\u00f3w w tkance t\u0142uszczowej. Ponadto sk\u0142ad lukrecji sprawia, \u017ce wyci\u0105g z niej poprawia przep\u0142yw limfy, dzia\u0142a przeciwzapalnie, przeciwutleniaj\u0105co i przeciwobrz\u0119kowo. To sprawia, \u017ce \u015bwietnie radzi sobie w walce z \u201epomara\u0144czow\u0105 sk\u00f3rk\u0105\u201d i <a href=\"https:\/\/resibo.pl\/kategoria\/51\/cialo\">jest cz\u0119stym sk\u0142adnikiem kosmetyk\u00f3w antycellulitowych<\/a>.<\/p>\n\n\n\n<h3 class=\"wp-block-heading\"><strong>Ekstrakt z lukrecji na w\u0142osy\u00a0<\/strong><\/h3>\n\n\n\n<p>Wyci\u0105g z lukrecji znajdziemy r\u00f3wnie\u017c w preparatach wzmacniaj\u0105cych w\u0142osy oraz zapobiegaj\u0105cych ich wypadaniu. Jak wynika z bada\u0144 przeprowadzonych przez naukowc\u00f3w, ekstrakt z tej ro\u015bliny jest skuteczniejszy jako \u015brodek na porost w\u0142os\u00f3w i zapobiegaj\u0105cy \u0142ysieniu ni\u017c minoxidil \u2013 najcz\u0119stszy sk\u0142adnik takich preparat\u00f3w<sup>[ii]<\/sup>. Ponadto dzia\u0142anie reguluj\u0105ce wydzielanie sebum, a tak\u017ce przeciwzapalne, antybakteryjne i przeciwgrzybicze lukrecji sprawia, \u017ce jest ona wykorzystywana jako wsparcie w leczeniu \u0142upie\u017cu oraz \u0142ojotokowego zapalenia sk\u00f3ry g\u0142owy.<\/p>\n\n\n\n<p><sup>[i]<\/sup> \u0179r\u00f3d\u0142o: <a href=\"https:\/\/www.czytelniamedyczna.pl\/5991,aktualny-stan-wiedzy-na-temat-chemizmu-i-aktywnoci-biologicznej-lukrecji-gadkiej.html\">https:\/\/www.czytelniamedyczna.pl\/5991,aktualny-stan-wiedzy-na-temat-chemizmu-i-aktywnoci-biologicznej-lukrecji-gadkiej.html<\/a> (dost\u0119p: 25.09.2022)<\/p>\n\n\n\n<p><sup>[ii]<\/sup> \u0179r\u00f3d\u0142o: <a href=\"https:\/\/www.proquest.com\/openview\/291409b16ef95227d64704cbd936a12a\/1.pdf?pq-origsite=gscholar&amp;cbl=2026661\">https:\/\/www.proquest.com\/openview\/291409b16ef95227d64704cbd936a12a\/1.pdf?pq-origsite=gscholar&amp;cbl=2026661<\/a> (dost\u0119p: 25.09.2022)<\/p>\n<\/div><!-- .vgblk-rw-wrapper -->","protected":false},"excerpt":{"rendered":"<p>Jakie s\u0105 w\u0142a\u015bciwo\u015bci zdrowotne lukrecji? Kosmetyki z lukrecj\u0105 Lukrecja kojarzy nam si\u0119 ze s\u0142odycz\u0105. Tymczasem to ro\u015blina o znanym od staro\u017cytno\u015bci dzia\u0142aniu leczniczym. Jej w\u0142a\u015bciwo\u015bci docenia tak\u017ce kosmetologia, w kt\u00f3rej ekstrakt z korzenia lukrecji zago\u015bci\u0142 na dobre. Co zawiera w sobie lukrecja? Ekstrakt z lukrecji zawiera ok. 400 sk\u0142adnik\u00f3w, w tym m.in.:[i] \u00b7&nbsp;&nbsp;&nbsp;&nbsp;&nbsp; saponiny triterpenowe,&#8230;<\/p>\n","protected":false},"author":6,"featured_media":24636,"comment_status":"closed","ping_status":"closed","sticky":false,"template":"","format":"standard","meta":{"footnotes":""},"categories":[161,145],"tags":[],"class_list":["post-24634","post","type-post","status-publish","format-standard","has-post-thumbnail","hentry","category-beauty","category-o-skladnikach"],"yoast_head":"<!-- This site is optimized with the Yoast SEO plugin v27.4 - https:\/\/yoast.com\/product\/yoast-seo-wordpress\/ -->\n<title>Ekstrakt z lukrecji \u2013 jakie ma zastosowanie w kosmetyce? - Kosmetyki naturalne Resibo<\/title>\n<meta name=\"description\" content=\"Lukrecja to ro\u015blina o wyj\u0105tkowych w\u0142a\u015bciwo\u015bciach zdrowotnych. Dowiedz si\u0119, dlaczego jest tak ch\u0119tnie wykorzystywana w kosmetyce.\" \/>\n<meta name=\"robots\" content=\"index, follow, max-snippet:-1, max-image-preview:large, max-video-preview:-1\" \/>\n<link rel=\"canonical\" href=\"https:\/\/resibo.pl\/blog\/ekstrakt-z-lukrecji-jakie-ma-zastosowanie-w-kosmetyce\/\" \/>\n<meta property=\"og:locale\" content=\"pl_PL\" \/>\n<meta property=\"og:type\" content=\"article\" \/>\n<meta property=\"og:title\" content=\"Ekstrakt z lukrecji \u2013 jakie ma zastosowanie w kosmetyce? - Kosmetyki naturalne Resibo\" \/>\n<meta property=\"og:description\" content=\"Lukrecja to ro\u015blina o wyj\u0105tkowych w\u0142a\u015bciwo\u015bciach zdrowotnych. Dowiedz si\u0119, dlaczego jest tak ch\u0119tnie wykorzystywana w kosmetyce.\" \/>\n<meta property=\"og:url\" content=\"https:\/\/resibo.pl\/blog\/ekstrakt-z-lukrecji-jakie-ma-zastosowanie-w-kosmetyce\/\" \/>\n<meta property=\"og:site_name\" content=\"Kosmetyki naturalne Resibo\" \/>\n<meta property=\"article:publisher\" content=\"http:\/\/facebook.com\/resiboPL\" \/>\n<meta property=\"article:published_time\" content=\"2022-10-26T18:02:27+00:00\" \/>\n<meta property=\"og:image\" content=\"https:\/\/resibo.pl\/blog\/wp-content\/uploads\/2022\/10\/ekstrakt-z-lukrecji.jpg\" \/>\n\t<meta property=\"og:image:width\" content=\"1499\" \/>\n\t<meta property=\"og:image:height\" content=\"1006\" \/>\n\t<meta property=\"og:image:type\" content=\"image\/jpeg\" \/>\n<meta name=\"author\" content=\"Anita\" \/>\n<meta name=\"twitter:label1\" content=\"Napisane przez\" \/>\n\t<meta name=\"twitter:data1\" content=\"Anita\" \/>\n\t<meta name=\"twitter:label2\" content=\"Szacowany czas czytania\" \/>\n\t<meta name=\"twitter:data2\" content=\"4 minuty\" \/>\n<script type=\"application\/ld+json\" class=\"yoast-schema-graph\">{\"@context\":\"https:\\\/\\\/schema.org\",\"@graph\":[{\"@type\":\"Article\",\"@id\":\"https:\\\/\\\/resibo.pl\\\/blog\\\/ekstrakt-z-lukrecji-jakie-ma-zastosowanie-w-kosmetyce\\\/#article\",\"isPartOf\":{\"@id\":\"https:\\\/\\\/resibo.pl\\\/blog\\\/ekstrakt-z-lukrecji-jakie-ma-zastosowanie-w-kosmetyce\\\/\"},\"author\":{\"name\":\"Anita\",\"@id\":\"https:\\\/\\\/resibo.pl\\\/blog\\\/#\\\/schema\\\/person\\\/ef9013c96e1204d78b18c2243ed265a9\"},\"headline\":\"Ekstrakt z lukrecji \u2013 jakie ma zastosowanie w kosmetyce?\",\"datePublished\":\"2022-10-26T18:02:27+00:00\",\"mainEntityOfPage\":{\"@id\":\"https:\\\/\\\/resibo.pl\\\/blog\\\/ekstrakt-z-lukrecji-jakie-ma-zastosowanie-w-kosmetyce\\\/\"},\"wordCount\":851,\"publisher\":{\"@id\":\"https:\\\/\\\/resibo.pl\\\/blog\\\/#organization\"},\"image\":{\"@id\":\"https:\\\/\\\/resibo.pl\\\/blog\\\/ekstrakt-z-lukrecji-jakie-ma-zastosowanie-w-kosmetyce\\\/#primaryimage\"},\"thumbnailUrl\":\"https:\\\/\\\/resibo.pl\\\/blog\\\/wp-content\\\/uploads\\\/2022\\\/10\\\/ekstrakt-z-lukrecji.jpg\",\"articleSection\":[\"Beauty\",\"O sk\u0142adnikach\"],\"inLanguage\":\"pl-PL\"},{\"@type\":\"WebPage\",\"@id\":\"https:\\\/\\\/resibo.pl\\\/blog\\\/ekstrakt-z-lukrecji-jakie-ma-zastosowanie-w-kosmetyce\\\/\",\"url\":\"https:\\\/\\\/resibo.pl\\\/blog\\\/ekstrakt-z-lukrecji-jakie-ma-zastosowanie-w-kosmetyce\\\/\",\"name\":\"Ekstrakt z lukrecji \u2013 jakie ma zastosowanie w kosmetyce? - Kosmetyki naturalne Resibo\",\"isPartOf\":{\"@id\":\"https:\\\/\\\/resibo.pl\\\/blog\\\/#website\"},\"primaryImageOfPage\":{\"@id\":\"https:\\\/\\\/resibo.pl\\\/blog\\\/ekstrakt-z-lukrecji-jakie-ma-zastosowanie-w-kosmetyce\\\/#primaryimage\"},\"image\":{\"@id\":\"https:\\\/\\\/resibo.pl\\\/blog\\\/ekstrakt-z-lukrecji-jakie-ma-zastosowanie-w-kosmetyce\\\/#primaryimage\"},\"thumbnailUrl\":\"https:\\\/\\\/resibo.pl\\\/blog\\\/wp-content\\\/uploads\\\/2022\\\/10\\\/ekstrakt-z-lukrecji.jpg\",\"datePublished\":\"2022-10-26T18:02:27+00:00\",\"description\":\"Lukrecja to ro\u015blina o wyj\u0105tkowych w\u0142a\u015bciwo\u015bciach zdrowotnych. Dowiedz si\u0119, dlaczego jest tak ch\u0119tnie wykorzystywana w kosmetyce.\",\"breadcrumb\":{\"@id\":\"https:\\\/\\\/resibo.pl\\\/blog\\\/ekstrakt-z-lukrecji-jakie-ma-zastosowanie-w-kosmetyce\\\/#breadcrumb\"},\"inLanguage\":\"pl-PL\",\"potentialAction\":[{\"@type\":\"ReadAction\",\"target\":[\"https:\\\/\\\/resibo.pl\\\/blog\\\/ekstrakt-z-lukrecji-jakie-ma-zastosowanie-w-kosmetyce\\\/\"]}]},{\"@type\":\"ImageObject\",\"inLanguage\":\"pl-PL\",\"@id\":\"https:\\\/\\\/resibo.pl\\\/blog\\\/ekstrakt-z-lukrecji-jakie-ma-zastosowanie-w-kosmetyce\\\/#primaryimage\",\"url\":\"https:\\\/\\\/resibo.pl\\\/blog\\\/wp-content\\\/uploads\\\/2022\\\/10\\\/ekstrakt-z-lukrecji.jpg\",\"contentUrl\":\"https:\\\/\\\/resibo.pl\\\/blog\\\/wp-content\\\/uploads\\\/2022\\\/10\\\/ekstrakt-z-lukrecji.jpg\",\"width\":1499,\"height\":1006},{\"@type\":\"BreadcrumbList\",\"@id\":\"https:\\\/\\\/resibo.pl\\\/blog\\\/ekstrakt-z-lukrecji-jakie-ma-zastosowanie-w-kosmetyce\\\/#breadcrumb\",\"itemListElement\":[{\"@type\":\"ListItem\",\"position\":1,\"name\":\"Strona g\u0142\u00f3wna\",\"item\":\"https:\\\/\\\/resibo.pl\\\/blog\\\/\"},{\"@type\":\"ListItem\",\"position\":2,\"name\":\"Ekstrakt z lukrecji \u2013 jakie ma zastosowanie w kosmetyce?\"}]},{\"@type\":\"WebSite\",\"@id\":\"https:\\\/\\\/resibo.pl\\\/blog\\\/#website\",\"url\":\"https:\\\/\\\/resibo.pl\\\/blog\\\/\",\"name\":\"Kosmetyki naturalne Resibo\",\"description\":\"\",\"publisher\":{\"@id\":\"https:\\\/\\\/resibo.pl\\\/blog\\\/#organization\"},\"potentialAction\":[{\"@type\":\"SearchAction\",\"target\":{\"@type\":\"EntryPoint\",\"urlTemplate\":\"https:\\\/\\\/resibo.pl\\\/blog\\\/?s={search_term_string}\"},\"query-input\":{\"@type\":\"PropertyValueSpecification\",\"valueRequired\":true,\"valueName\":\"search_term_string\"}}],\"inLanguage\":\"pl-PL\"},{\"@type\":\"Organization\",\"@id\":\"https:\\\/\\\/resibo.pl\\\/blog\\\/#organization\",\"name\":\"Resibo\",\"url\":\"https:\\\/\\\/resibo.pl\\\/blog\\\/\",\"logo\":{\"@type\":\"ImageObject\",\"inLanguage\":\"pl-PL\",\"@id\":\"https:\\\/\\\/resibo.pl\\\/blog\\\/#\\\/schema\\\/logo\\\/image\\\/\",\"url\":\"https:\\\/\\\/resibo.pl\\\/blog\\\/wp-content\\\/uploads\\\/2022\\\/02\\\/cropped-logo.png\",\"contentUrl\":\"https:\\\/\\\/resibo.pl\\\/blog\\\/wp-content\\\/uploads\\\/2022\\\/02\\\/cropped-logo.png\",\"width\":274,\"height\":109,\"caption\":\"Resibo\"},\"image\":{\"@id\":\"https:\\\/\\\/resibo.pl\\\/blog\\\/#\\\/schema\\\/logo\\\/image\\\/\"},\"sameAs\":[\"http:\\\/\\\/facebook.com\\\/resiboPL\",\"http:\\\/\\\/instagram.com\\\/resibobynature\"]},{\"@type\":\"Person\",\"@id\":\"https:\\\/\\\/resibo.pl\\\/blog\\\/#\\\/schema\\\/person\\\/ef9013c96e1204d78b18c2243ed265a9\",\"name\":\"Anita\",\"image\":{\"@type\":\"ImageObject\",\"inLanguage\":\"pl-PL\",\"@id\":\"https:\\\/\\\/secure.gravatar.com\\\/avatar\\\/c16c3ee787d7dac06be3101e60d7b357f40d4375278b4f1760aa8fb3114c1f93?s=96&d=mm&r=g\",\"url\":\"https:\\\/\\\/secure.gravatar.com\\\/avatar\\\/c16c3ee787d7dac06be3101e60d7b357f40d4375278b4f1760aa8fb3114c1f93?s=96&d=mm&r=g\",\"contentUrl\":\"https:\\\/\\\/secure.gravatar.com\\\/avatar\\\/c16c3ee787d7dac06be3101e60d7b357f40d4375278b4f1760aa8fb3114c1f93?s=96&d=mm&r=g\",\"caption\":\"Anita\"},\"description\":\"Anita Odachowska Zakochana w Resibo i naturalnej piel\u0119gnacji, ciekawa \u015bwiata, szanuj\u0105ca przyrod\u0119 i doceniaj\u0105ca si\u0142\u0119 ro\u015blinnych sk\u0142adnik\u00f3w, w ci\u0105g\u0142ym d\u0105\u017ceniu do co najmniej less waste.\",\"url\":\"https:\\\/\\\/resibo.pl\\\/blog\\\/author\\\/anita\\\/\"}]}<\/script>\n<!-- \/ Yoast SEO plugin. -->","yoast_head_json":{"title":"Ekstrakt z lukrecji \u2013 jakie ma zastosowanie w kosmetyce? - Kosmetyki naturalne Resibo","description":"Lukrecja to ro\u015blina o wyj\u0105tkowych w\u0142a\u015bciwo\u015bciach zdrowotnych. Dowiedz si\u0119, dlaczego jest tak ch\u0119tnie wykorzystywana w kosmetyce.","robots":{"index":"index","follow":"follow","max-snippet":"max-snippet:-1","max-image-preview":"max-image-preview:large","max-video-preview":"max-video-preview:-1"},"canonical":"https:\/\/resibo.pl\/blog\/ekstrakt-z-lukrecji-jakie-ma-zastosowanie-w-kosmetyce\/","og_locale":"pl_PL","og_type":"article","og_title":"Ekstrakt z lukrecji \u2013 jakie ma zastosowanie w kosmetyce? - Kosmetyki naturalne Resibo","og_description":"Lukrecja to ro\u015blina o wyj\u0105tkowych w\u0142a\u015bciwo\u015bciach zdrowotnych. Dowiedz si\u0119, dlaczego jest tak ch\u0119tnie wykorzystywana w kosmetyce.","og_url":"https:\/\/resibo.pl\/blog\/ekstrakt-z-lukrecji-jakie-ma-zastosowanie-w-kosmetyce\/","og_site_name":"Kosmetyki naturalne Resibo","article_publisher":"http:\/\/facebook.com\/resiboPL","article_published_time":"2022-10-26T18:02:27+00:00","og_image":[{"width":1499,"height":1006,"url":"https:\/\/resibo.pl\/blog\/wp-content\/uploads\/2022\/10\/ekstrakt-z-lukrecji.jpg","type":"image\/jpeg"}],"author":"Anita","twitter_misc":{"Napisane przez":"Anita","Szacowany czas czytania":"4 minuty"},"schema":{"@context":"https:\/\/schema.org","@graph":[{"@type":"Article","@id":"https:\/\/resibo.pl\/blog\/ekstrakt-z-lukrecji-jakie-ma-zastosowanie-w-kosmetyce\/#article","isPartOf":{"@id":"https:\/\/resibo.pl\/blog\/ekstrakt-z-lukrecji-jakie-ma-zastosowanie-w-kosmetyce\/"},"author":{"name":"Anita","@id":"https:\/\/resibo.pl\/blog\/#\/schema\/person\/ef9013c96e1204d78b18c2243ed265a9"},"headline":"Ekstrakt z lukrecji \u2013 jakie ma zastosowanie w kosmetyce?","datePublished":"2022-10-26T18:02:27+00:00","mainEntityOfPage":{"@id":"https:\/\/resibo.pl\/blog\/ekstrakt-z-lukrecji-jakie-ma-zastosowanie-w-kosmetyce\/"},"wordCount":851,"publisher":{"@id":"https:\/\/resibo.pl\/blog\/#organization"},"image":{"@id":"https:\/\/resibo.pl\/blog\/ekstrakt-z-lukrecji-jakie-ma-zastosowanie-w-kosmetyce\/#primaryimage"},"thumbnailUrl":"https:\/\/resibo.pl\/blog\/wp-content\/uploads\/2022\/10\/ekstrakt-z-lukrecji.jpg","articleSection":["Beauty","O sk\u0142adnikach"],"inLanguage":"pl-PL"},{"@type":"WebPage","@id":"https:\/\/resibo.pl\/blog\/ekstrakt-z-lukrecji-jakie-ma-zastosowanie-w-kosmetyce\/","url":"https:\/\/resibo.pl\/blog\/ekstrakt-z-lukrecji-jakie-ma-zastosowanie-w-kosmetyce\/","name":"Ekstrakt z lukrecji \u2013 jakie ma zastosowanie w kosmetyce? - Kosmetyki naturalne Resibo","isPartOf":{"@id":"https:\/\/resibo.pl\/blog\/#website"},"primaryImageOfPage":{"@id":"https:\/\/resibo.pl\/blog\/ekstrakt-z-lukrecji-jakie-ma-zastosowanie-w-kosmetyce\/#primaryimage"},"image":{"@id":"https:\/\/resibo.pl\/blog\/ekstrakt-z-lukrecji-jakie-ma-zastosowanie-w-kosmetyce\/#primaryimage"},"thumbnailUrl":"https:\/\/resibo.pl\/blog\/wp-content\/uploads\/2022\/10\/ekstrakt-z-lukrecji.jpg","datePublished":"2022-10-26T18:02:27+00:00","description":"Lukrecja to ro\u015blina o wyj\u0105tkowych w\u0142a\u015bciwo\u015bciach zdrowotnych. Dowiedz si\u0119, dlaczego jest tak ch\u0119tnie wykorzystywana w kosmetyce.","breadcrumb":{"@id":"https:\/\/resibo.pl\/blog\/ekstrakt-z-lukrecji-jakie-ma-zastosowanie-w-kosmetyce\/#breadcrumb"},"inLanguage":"pl-PL","potentialAction":[{"@type":"ReadAction","target":["https:\/\/resibo.pl\/blog\/ekstrakt-z-lukrecji-jakie-ma-zastosowanie-w-kosmetyce\/"]}]},{"@type":"ImageObject","inLanguage":"pl-PL","@id":"https:\/\/resibo.pl\/blog\/ekstrakt-z-lukrecji-jakie-ma-zastosowanie-w-kosmetyce\/#primaryimage","url":"https:\/\/resibo.pl\/blog\/wp-content\/uploads\/2022\/10\/ekstrakt-z-lukrecji.jpg","contentUrl":"https:\/\/resibo.pl\/blog\/wp-content\/uploads\/2022\/10\/ekstrakt-z-lukrecji.jpg","width":1499,"height":1006},{"@type":"BreadcrumbList","@id":"https:\/\/resibo.pl\/blog\/ekstrakt-z-lukrecji-jakie-ma-zastosowanie-w-kosmetyce\/#breadcrumb","itemListElement":[{"@type":"ListItem","position":1,"name":"Strona g\u0142\u00f3wna","item":"https:\/\/resibo.pl\/blog\/"},{"@type":"ListItem","position":2,"name":"Ekstrakt z lukrecji \u2013 jakie ma zastosowanie w kosmetyce?"}]},{"@type":"WebSite","@id":"https:\/\/resibo.pl\/blog\/#website","url":"https:\/\/resibo.pl\/blog\/","name":"Kosmetyki naturalne Resibo","description":"","publisher":{"@id":"https:\/\/resibo.pl\/blog\/#organization"},"potentialAction":[{"@type":"SearchAction","target":{"@type":"EntryPoint","urlTemplate":"https:\/\/resibo.pl\/blog\/?s={search_term_string}"},"query-input":{"@type":"PropertyValueSpecification","valueRequired":true,"valueName":"search_term_string"}}],"inLanguage":"pl-PL"},{"@type":"Organization","@id":"https:\/\/resibo.pl\/blog\/#organization","name":"Resibo","url":"https:\/\/resibo.pl\/blog\/","logo":{"@type":"ImageObject","inLanguage":"pl-PL","@id":"https:\/\/resibo.pl\/blog\/#\/schema\/logo\/image\/","url":"https:\/\/resibo.pl\/blog\/wp-content\/uploads\/2022\/02\/cropped-logo.png","contentUrl":"https:\/\/resibo.pl\/blog\/wp-content\/uploads\/2022\/02\/cropped-logo.png","width":274,"height":109,"caption":"Resibo"},"image":{"@id":"https:\/\/resibo.pl\/blog\/#\/schema\/logo\/image\/"},"sameAs":["http:\/\/facebook.com\/resiboPL","http:\/\/instagram.com\/resibobynature"]},{"@type":"Person","@id":"https:\/\/resibo.pl\/blog\/#\/schema\/person\/ef9013c96e1204d78b18c2243ed265a9","name":"Anita","image":{"@type":"ImageObject","inLanguage":"pl-PL","@id":"https:\/\/secure.gravatar.com\/avatar\/c16c3ee787d7dac06be3101e60d7b357f40d4375278b4f1760aa8fb3114c1f93?s=96&d=mm&r=g","url":"https:\/\/secure.gravatar.com\/avatar\/c16c3ee787d7dac06be3101e60d7b357f40d4375278b4f1760aa8fb3114c1f93?s=96&d=mm&r=g","contentUrl":"https:\/\/secure.gravatar.com\/avatar\/c16c3ee787d7dac06be3101e60d7b357f40d4375278b4f1760aa8fb3114c1f93?s=96&d=mm&r=g","caption":"Anita"},"description":"Anita Odachowska Zakochana w Resibo i naturalnej piel\u0119gnacji, ciekawa \u015bwiata, szanuj\u0105ca przyrod\u0119 i doceniaj\u0105ca si\u0142\u0119 ro\u015blinnych sk\u0142adnik\u00f3w, w ci\u0105g\u0142ym d\u0105\u017ceniu do co najmniej less waste.","url":"https:\/\/resibo.pl\/blog\/author\/anita\/"}]}},"_links":{"self":[{"href":"https:\/\/resibo.pl\/blog\/wp-json\/wp\/v2\/posts\/24634","targetHints":{"allow":["GET"]}}],"collection":[{"href":"https:\/\/resibo.pl\/blog\/wp-json\/wp\/v2\/posts"}],"about":[{"href":"https:\/\/resibo.pl\/blog\/wp-json\/wp\/v2\/types\/post"}],"author":[{"embeddable":true,"href":"https:\/\/resibo.pl\/blog\/wp-json\/wp\/v2\/users\/6"}],"replies":[{"embeddable":true,"href":"https:\/\/resibo.pl\/blog\/wp-json\/wp\/v2\/comments?post=24634"}],"version-history":[{"count":1,"href":"https:\/\/resibo.pl\/blog\/wp-json\/wp\/v2\/posts\/24634\/revisions"}],"predecessor-version":[{"id":24635,"href":"https:\/\/resibo.pl\/blog\/wp-json\/wp\/v2\/posts\/24634\/revisions\/24635"}],"wp:featuredmedia":[{"embeddable":true,"href":"https:\/\/resibo.pl\/blog\/wp-json\/wp\/v2\/media\/24636"}],"wp:attachment":[{"href":"https:\/\/resibo.pl\/blog\/wp-json\/wp\/v2\/media?parent=24634"}],"wp:term":[{"taxonomy":"category","embeddable":true,"href":"https:\/\/resibo.pl\/blog\/wp-json\/wp\/v2\/categories?post=24634"},{"taxonomy":"post_tag","embeddable":true,"href":"https:\/\/resibo.pl\/blog\/wp-json\/wp\/v2\/tags?post=24634"}],"curies":[{"name":"wp","href":"https:\/\/api.w.org\/{rel}","templated":true}]}}