{"id":24762,"date":"2023-01-09T19:51:03","date_gmt":"2023-01-09T18:51:03","guid":{"rendered":"https:\/\/resibo.pl\/blog\/?p=24762"},"modified":"2023-01-09T19:51:15","modified_gmt":"2023-01-09T18:51:15","slug":"kwas-glikolowy-w-pielegnacji-jak-go-prawidlowo-stosowac","status":"publish","type":"post","link":"https:\/\/resibo.pl\/blog\/kwas-glikolowy-w-pielegnacji-jak-go-prawidlowo-stosowac\/","title":{"rendered":"Kwas glikolowy w piel\u0119gnacji. Jak go prawid\u0142owo stosowa\u0107?"},"content":{"rendered":"<div class=\"vgblk-rw-wrapper limit-wrapper\">\n<h1 class=\"wp-block-heading\"><strong>Kwas glikolowy w piel\u0119gnacji. Kto powinien go stosowa\u0107?<\/strong><\/h1>\n\n\n\n<p><strong>Kwas glikolowy to cz\u0119sto spotykany w kosmetyce sk\u0142adnik preparat\u00f3w o dzia\u0142aniu odnawiaj\u0105cym, a tak\u017ce z\u0142uszczaj\u0105cym. Czym jest i jak dzia\u0142a na sk\u00f3r\u0119?<\/strong><\/p>\n\n\n\n<h2 class=\"wp-block-heading\"><strong>Kwas glikolowy \u2013 co to za substancja?<\/strong><\/h2>\n\n\n\n<p>Pozyskiwany z soku z trzciny cukrowej bezbarwny i bezzapachowy kwas glikolowy (Glycolic Acid) nale\u017cy do grupy&nbsp;<a href=\"https:\/\/resibo.pl\/blog\/peelingi-czy-kwasy-co-wybrac-na-jesien-i-zime\/\">AHA (alfahydroksykwasy)<\/a>, spo\u015br\u00f3d kt\u00f3rych ma najmniejsz\u0105 i najprostsz\u0105 cz\u0105steczk\u0119. To sprawia, \u017ce jest bardzo dobrze absorbowany przez sk\u00f3r\u0119, wnika w ni\u0105 g\u0142\u0119boko i jest przez to najskuteczniejszy. Ze wzgl\u0119du na swoje dzia\u0142anie mo\u017ce by\u0107 stosowany do ka\u017cdego typu cery.&nbsp;<\/p>\n\n\n\n<h2 class=\"wp-block-heading\"><strong>Jak dzia\u0142a kwas glikolowy na sk\u00f3r\u0119?<\/strong><\/h2>\n\n\n\n<p>Zaaplikowany na sk\u00f3r\u0119 kwas glikolowy, reaguje z g\u00f3rnymi warstwami nask\u00f3rka, pobudzaj\u0105c w\u0142a\u015bciwo\u015bci wi\u0105\u017c\u0105ce lipid\u00f3w utrzymuj\u0105cych martwe kom\u00f3rki nask\u00f3rka razem. To sprawia, \u017ce zrogowacia\u0142a warstwa nask\u00f3rka z\u0142uszcza si\u0119, ods\u0142aniaj\u0105c \u017cyw\u0105 sk\u00f3r\u0119. Ponadto dzia\u0142a nawil\u017caj\u0105co oraz wspomaga odnow\u0119 i regeneracj\u0119 sk\u00f3ry, pobudzaj\u0105c aktywno\u015b\u0107 fibroblast\u00f3w \u2013 kom\u00f3rek wytwarzaj\u0105cych kolagen i elastyn\u0119. Jego dzia\u0142anie zmienia si\u0119 w zale\u017cno\u015bci od tego, w jakim st\u0119\u017ceniu go zastosujemy.<\/p>\n\n\n\n<h3 class=\"wp-block-heading\"><strong>Kwas glikolowy w st\u0119\u017ceniu niskim (5-15%)<\/strong><\/h3>\n\n\n\n<p>Poprawia kondycj\u0119 sk\u00f3ry, nawil\u017ca, delikatnie z\u0142uszcza, w spos\u00f3b niewidoczny dla oka, usuwaj\u0105c martwe kom\u00f3rki nask\u00f3rka. Takie st\u0119\u017cenia najcz\u0119\u015bciej znajdziemy w kosmetykach.<\/p>\n\n\n\n<h3 class=\"wp-block-heading\"><strong>Kwas glikolowy w st\u0119\u017ceniu \u015brednim (20-35%)<\/strong><\/h3>\n\n\n\n<p>Z\u0142uszcza bardziej intensywnie, poniewa\u017c dzia\u0142a jak silny powierzchowny peeling. Przez to, \u017ce g\u0142\u0119biej wnika w sk\u00f3r\u0119, u\u0142atwia transport innych substancji aktywnych do jej kom\u00f3rek. Aktywnie reguluje procesy rogowacenia nask\u00f3rka i wydzielania sebum, nawil\u017ca i od\u017cywia. Polecany jest do cery t\u0142ustej i tr\u0105dzikowej.<\/p>\n\n\n\n<h3 class=\"wp-block-heading\"><strong>Kwas glikolowy w st\u0119\u017ceniu wysokim (50-70%)<\/strong><\/h3>\n\n\n\n<p>Silnie z\u0142uszcza, cz\u0119sto wywo\u0142uj\u0105c rumie\u0144 i podra\u017cnienie sk\u00f3ry, kt\u00f3ra z\u0142uszcza si\u0119 jeszcze nawet kilka dni po zabiegu. Efekt to g\u0142adka, zregenerowana, nawil\u017cona, wyg\u0142adzona i rozja\u015bniona cera, bez przebarwie\u0144, a nawet p\u0142ytsze blizny potr\u0105dzikowe.&nbsp;<\/p>\n\n\n\n<p><strong>Uwaga! Zabiegi z kwasem glikolowym w takim st\u0119\u017ceniu mog\u0105 by\u0107 stosowane wy\u0142\u0105cznie w gabinetach kosmetycznych i dermatologicznych pod okiem do\u015bwiadczonego kosmetologa lub lekarza dermatologii.<\/strong><\/p>\n\n\n\n<p>Efekty kuracji kwasem glikolowym lub regularnego stosowania kosmetyk\u00f3w, kt\u00f3re go zawieraj\u0105, to m.in.:<\/p>\n\n\n\n<ul class=\"wp-block-list\">\n<li>regeneracja kom\u00f3rek sk\u00f3ry,<\/li>\n\n\n\n<li>przywr\u00f3cenie r\u00f3wnowagi, je\u015bli chodzi o produkcj\u0119 sebum,<\/li>\n\n\n\n<li>intensywne nawil\u017cenie,<\/li>\n\n\n\n<li>p\u0142ytsze zmarszczki,<\/li>\n\n\n\n<li>mniejsze blizny,<\/li>\n\n\n\n<li>wyra\u017anie wyr\u00f3wnany i zdrowszy koloryt sk\u00f3ry,<\/li>\n\n\n\n<li>mniej widoczne przebarwienia i plamy pigmentacyjne.<\/li>\n<\/ul>\n\n\n\n<h2 class=\"wp-block-heading\"><strong>Kwas glikolowy na twarz \u2013 kto powinien, a kto nie powinien go stosowa\u0107?<\/strong><\/h2>\n\n\n\n<p>Cho\u0107 kwas glikolowy jest bezpieczny dla sk\u00f3ry nawet w bardzo wysokim st\u0119\u017ceniu, istniej\u0105 wskazania do jego stosowania, jak i przeciwwskazania. Oto najwa\u017cniejsze z nich:<\/p>\n\n\n\n<h3 class=\"wp-block-heading\"><strong>Wskazania do stosowania kwasu glikolowego:<\/strong><\/h3>\n\n\n\n<ul class=\"wp-block-list\">\n<li>sk\u00f3ra sucha i przesuszona,<\/li>\n\n\n\n<li>sk\u00f3ra t\u0142usta,&nbsp;<\/li>\n\n\n\n<li>tr\u0105dzik,<\/li>\n\n\n\n<li>cera \u0142ojotokowa,<\/li>\n\n\n\n<li>g\u0142\u0119bokie i p\u0142ytsze zmarszczki,<\/li>\n\n\n\n<li>blizny i przebarwienia na sk\u00f3rze.<\/li>\n<\/ul>\n\n\n\n<h3 class=\"wp-block-heading\"><strong>Przeciwskazania do stosowania kwasu glikolowego:<\/strong><\/h3>\n\n\n\n<ul class=\"wp-block-list\">\n<li>alergie sk\u00f3rne,<\/li>\n\n\n\n<li>atopowe zapalenie sk\u00f3ry (AZS),<\/li>\n\n\n\n<li>ci\u0105\u017ca oraz okres karmienia piersi\u0105 (powodem nie jest to, \u017ce kwas jest niebezpieczny, a fakt, \u017ce sk\u00f3ra w tym okresie mo\u017ce by\u0107 nadwra\u017cliwa na jego dzia\u0142anie),<\/li>\n\n\n\n<li>przerwanie ci\u0105g\u0142o\u015bci nask\u00f3rka,<\/li>\n\n\n\n<li>nad\u017cerki i opryszczka,<\/li>\n\n\n\n<li>terapia retinoidami.<\/li>\n<\/ul>\n\n\n\n<h2 class=\"wp-block-heading\"><strong>Kwas glikolowy \u2013 jak go stosowa\u0107?<\/strong><\/h2>\n\n\n\n<p>Stosuj\u0105c kosmetyki z kwasem glikolowym po raz pierwszy, powinni\u015bmy zachowa\u0107 ostro\u017cno\u015b\u0107. Nieodpowiednio zaaplikowany produkt mo\u017ce spowodowa\u0107 zbyt mocne podra\u017cnienie sk\u00f3ry, jej nadmierne z\u0142uszczenie lub fotowra\u017cliwo\u015b\u0107. Aby tego unikn\u0105\u0107 i cieszy\u0107 si\u0119 pozytywnymi efektami dzia\u0142ania kwasu na sk\u00f3r\u0119, powinni\u015bmy przestrzega\u0107 kilku wa\u017cnych zasad:&nbsp;<\/p>\n\n\n\n<ol class=\"wp-block-list\" type=\"1\">\n<li>Zawsze sprawdzajmy st\u0119\u017cenie kwasu w kosmetyku.<\/li>\n\n\n\n<li>Gdy zaczynamy przygod\u0119 z kwasami, si\u0119gajmy po kosmetyki znajni\u017cszym st\u0119\u017ceniem, wprowadzaj\u0105c stopniowo coraz wy\u017csze.<\/li>\n\n\n\n<li>Kosmetyki zawieraj\u0105ce kwasy stosujemy w okresie jesienno-zimowym, nie cz\u0119\u015bciej ni\u017c 3 razy w tygodniu.<\/li>\n\n\n\n<li>Kosmetyki z kwasem glikolowym aplikujmy wy\u0142\u0105cznie na noc.<\/li>\n\n\n\n<li>Na dzie\u0144 bezwzgl\u0119dnie stosujemy krem z filtrem UV (co najmniej SPF 30).<\/li>\n\n\n\n<li>Obserwujemy sk\u00f3r\u0119 \u2013 je\u015bli pojawi\u0105 si\u0119 silniejsze podra\u017cnienia lub zauwa\u017cymy, \u017ce sk\u00f3ra zbyt intensywnie si\u0119 \u0142uszczy, odstawmy kosmetyk na jaki\u015b czas. Jest szansa, \u017ce gdy do niego wr\u00f3cimy po na przyk\u0142ad 2 tygodniach, skutki jego dzia\u0142ania nie b\u0119d\u0105 ju\u017c tak dokuczliwe.<\/li>\n<\/ol>\n\n\n\n<h3 class=\"wp-block-heading\"><strong>Czy mo\u017cna stosowa\u0107 kwas glikolowy samodzielnie w domu?<\/strong><\/h3>\n\n\n\n<p>Mo\u017cna, jednak tylko w niskich st\u0119\u017ceniach i najlepiej, gdy jest on po prostu jednym sk\u0142adnikiem.<\/p>\n\n\n\n<h3 class=\"wp-block-heading\"><strong>Kwas glikolowy \u2013 z czym wolno, a z czym nie wolno go \u0142\u0105czy\u0107?<\/strong><\/h3>\n\n\n\n<p>Doskona\u0142ym uzupe\u0142nieniem dzia\u0142ania kwasu glikolowego na sk\u00f3r\u0119 s\u0105 ceramidy, gliceryna ro\u015blinna czy r\u00f3\u017cnego rodzaju hydrolaty.&nbsp;<\/p>\n\n\n\n<p>S\u0105 jednak takie substancje, z kt\u00f3rymi nie powinni\u015bmy go stosowa\u0107. S\u0105 to:<\/p>\n\n\n\n<ul class=\"wp-block-list\">\n<li>witamina C w postaci kwasu askorbinowego \u2013 nie jest to szkodliwe, ale oba te sk\u0142adniki nawzajem neutralizuj\u0105 swoje dzia\u0142anie, wi\u0119c przestaj\u0105 by\u0107 skuteczne,<\/li>\n\n\n\n<li>retinol \u2013 r\u00f3wnie\u017c nie jest ca\u0142kowicie przeciwwskazany, natomiast podobnie jak kwas glikolowy ma dzia\u0142anie dra\u017cni\u0105ce, dlatego nie nale\u017cy przeprowadza\u0107 kuracji retinolem i kwasem jednocze\u015bnie,<\/li>\n\n\n\n<li>kwas hialuronowy oraz witamina B3 (niacynamid) \u2013 nie nale\u017cy tych substancji stosowa\u0107 \u0142\u0105cznie z kwasem glikolowym, ale nic nie stoi na przeszkodzie, by aplikowa\u0107 kosmetyk z kwasem na noc, a preparaty z niacynamidem czy kwasem hialuronowym na dzie\u0144.<\/li>\n<\/ul>\n\n\n\n<p>Warto w tym miejscu doda\u0107, \u017ce nie jest do ko\u0144ca prawd\u0105, i\u017c kwas glikolowy nie mo\u017ce by\u0107 \u0142\u0105czony z innymi kwasami AHA. Je\u015bli zostan\u0105 one zastosowane w przemy\u015blanej recepturze i w odpowiednio dobranych st\u0119\u017ceniach, b\u0119d\u0105 wzmacnia\u0107 swoje pozytywne dzia\u0142anie na sk\u00f3r\u0119, bez skutk\u00f3w ubocznych. A takie&nbsp;<a href=\"https:\/\/resibo.pl\/produkt\/272\/resibo-multikwasowa-esencja-odnawiajaca\">multikwasowe kosmetyki<\/a>&nbsp;potrafi\u0105 zdzia\u0142a\u0107 cuda.<\/p>\n<\/div><!-- .vgblk-rw-wrapper -->","protected":false},"excerpt":{"rendered":"<p>Kwas glikolowy w piel\u0119gnacji. Kto powinien go stosowa\u0107? Kwas glikolowy to cz\u0119sto spotykany w kosmetyce sk\u0142adnik preparat\u00f3w o dzia\u0142aniu odnawiaj\u0105cym, a tak\u017ce z\u0142uszczaj\u0105cym. Czym jest i jak dzia\u0142a na sk\u00f3r\u0119? Kwas glikolowy \u2013 co to za substancja? Pozyskiwany z soku z trzciny cukrowej bezbarwny i bezzapachowy kwas glikolowy (Glycolic Acid) nale\u017cy do grupy&nbsp;AHA (alfahydroksykwasy), spo\u015br\u00f3d&#8230;<\/p>\n","protected":false},"author":6,"featured_media":24764,"comment_status":"closed","ping_status":"closed","sticky":false,"template":"","format":"standard","meta":{"footnotes":""},"categories":[161,145],"tags":[],"class_list":["post-24762","post","type-post","status-publish","format-standard","has-post-thumbnail","hentry","category-beauty","category-o-skladnikach"],"yoast_head":"<!-- This site is optimized with the Yoast SEO plugin v27.4 - https:\/\/yoast.com\/product\/yoast-seo-wordpress\/ -->\n<title>Kwas glikolowy w piel\u0119gnacji. Jak go prawid\u0142owo stosowa\u0107? - Kosmetyki naturalne Resibo<\/title>\n<meta name=\"description\" content=\"Kwas glikolowy to cz\u0119sty sk\u0142adnik kosmetyk\u00f3w regeneruj\u0105cych i z\u0142uszczaj\u0105cych. Dowiedz si\u0119, dlaczego warto go stosowa\u0107 i jak robi\u0107 to w\u0142a\u015bciwie.\" \/>\n<meta name=\"robots\" content=\"index, follow, max-snippet:-1, max-image-preview:large, max-video-preview:-1\" \/>\n<link rel=\"canonical\" href=\"https:\/\/resibo.pl\/blog\/kwas-glikolowy-w-pielegnacji-jak-go-prawidlowo-stosowac\/\" \/>\n<meta property=\"og:locale\" content=\"pl_PL\" \/>\n<meta property=\"og:type\" content=\"article\" \/>\n<meta property=\"og:title\" content=\"Kwas glikolowy w piel\u0119gnacji. Jak go prawid\u0142owo stosowa\u0107? - Kosmetyki naturalne Resibo\" \/>\n<meta property=\"og:description\" content=\"Kwas glikolowy to cz\u0119sty sk\u0142adnik kosmetyk\u00f3w regeneruj\u0105cych i z\u0142uszczaj\u0105cych. Dowiedz si\u0119, dlaczego warto go stosowa\u0107 i jak robi\u0107 to w\u0142a\u015bciwie.\" \/>\n<meta property=\"og:url\" content=\"https:\/\/resibo.pl\/blog\/kwas-glikolowy-w-pielegnacji-jak-go-prawidlowo-stosowac\/\" \/>\n<meta property=\"og:site_name\" content=\"Kosmetyki naturalne Resibo\" \/>\n<meta property=\"article:publisher\" content=\"http:\/\/facebook.com\/resiboPL\" \/>\n<meta property=\"article:published_time\" content=\"2023-01-09T18:51:03+00:00\" \/>\n<meta property=\"article:modified_time\" content=\"2023-01-09T18:51:15+00:00\" \/>\n<meta property=\"og:image\" content=\"https:\/\/resibo.pl\/blog\/wp-content\/uploads\/2023\/01\/baby-face-multikwasowa-esencja-resibo.jpg\" \/>\n\t<meta property=\"og:image:width\" content=\"1500\" \/>\n\t<meta property=\"og:image:height\" content=\"1000\" \/>\n\t<meta property=\"og:image:type\" content=\"image\/jpeg\" \/>\n<meta name=\"author\" content=\"Anita\" \/>\n<meta name=\"twitter:label1\" content=\"Napisane przez\" \/>\n\t<meta name=\"twitter:data1\" content=\"Anita\" \/>\n\t<meta name=\"twitter:label2\" content=\"Szacowany czas czytania\" \/>\n\t<meta name=\"twitter:data2\" content=\"5 minut\" \/>\n<script type=\"application\/ld+json\" class=\"yoast-schema-graph\">{\"@context\":\"https:\\\/\\\/schema.org\",\"@graph\":[{\"@type\":\"Article\",\"@id\":\"https:\\\/\\\/resibo.pl\\\/blog\\\/kwas-glikolowy-w-pielegnacji-jak-go-prawidlowo-stosowac\\\/#article\",\"isPartOf\":{\"@id\":\"https:\\\/\\\/resibo.pl\\\/blog\\\/kwas-glikolowy-w-pielegnacji-jak-go-prawidlowo-stosowac\\\/\"},\"author\":{\"name\":\"Anita\",\"@id\":\"https:\\\/\\\/resibo.pl\\\/blog\\\/#\\\/schema\\\/person\\\/ef9013c96e1204d78b18c2243ed265a9\"},\"headline\":\"Kwas glikolowy w piel\u0119gnacji. Jak go prawid\u0142owo stosowa\u0107?\",\"datePublished\":\"2023-01-09T18:51:03+00:00\",\"dateModified\":\"2023-01-09T18:51:15+00:00\",\"mainEntityOfPage\":{\"@id\":\"https:\\\/\\\/resibo.pl\\\/blog\\\/kwas-glikolowy-w-pielegnacji-jak-go-prawidlowo-stosowac\\\/\"},\"wordCount\":984,\"publisher\":{\"@id\":\"https:\\\/\\\/resibo.pl\\\/blog\\\/#organization\"},\"image\":{\"@id\":\"https:\\\/\\\/resibo.pl\\\/blog\\\/kwas-glikolowy-w-pielegnacji-jak-go-prawidlowo-stosowac\\\/#primaryimage\"},\"thumbnailUrl\":\"https:\\\/\\\/resibo.pl\\\/blog\\\/wp-content\\\/uploads\\\/2023\\\/01\\\/baby-face-multikwasowa-esencja-resibo.jpg\",\"articleSection\":[\"Beauty\",\"O sk\u0142adnikach\"],\"inLanguage\":\"pl-PL\"},{\"@type\":\"WebPage\",\"@id\":\"https:\\\/\\\/resibo.pl\\\/blog\\\/kwas-glikolowy-w-pielegnacji-jak-go-prawidlowo-stosowac\\\/\",\"url\":\"https:\\\/\\\/resibo.pl\\\/blog\\\/kwas-glikolowy-w-pielegnacji-jak-go-prawidlowo-stosowac\\\/\",\"name\":\"Kwas glikolowy w piel\u0119gnacji. Jak go prawid\u0142owo stosowa\u0107? - Kosmetyki naturalne Resibo\",\"isPartOf\":{\"@id\":\"https:\\\/\\\/resibo.pl\\\/blog\\\/#website\"},\"primaryImageOfPage\":{\"@id\":\"https:\\\/\\\/resibo.pl\\\/blog\\\/kwas-glikolowy-w-pielegnacji-jak-go-prawidlowo-stosowac\\\/#primaryimage\"},\"image\":{\"@id\":\"https:\\\/\\\/resibo.pl\\\/blog\\\/kwas-glikolowy-w-pielegnacji-jak-go-prawidlowo-stosowac\\\/#primaryimage\"},\"thumbnailUrl\":\"https:\\\/\\\/resibo.pl\\\/blog\\\/wp-content\\\/uploads\\\/2023\\\/01\\\/baby-face-multikwasowa-esencja-resibo.jpg\",\"datePublished\":\"2023-01-09T18:51:03+00:00\",\"dateModified\":\"2023-01-09T18:51:15+00:00\",\"description\":\"Kwas glikolowy to cz\u0119sty sk\u0142adnik kosmetyk\u00f3w regeneruj\u0105cych i z\u0142uszczaj\u0105cych. Dowiedz si\u0119, dlaczego warto go stosowa\u0107 i jak robi\u0107 to w\u0142a\u015bciwie.\",\"breadcrumb\":{\"@id\":\"https:\\\/\\\/resibo.pl\\\/blog\\\/kwas-glikolowy-w-pielegnacji-jak-go-prawidlowo-stosowac\\\/#breadcrumb\"},\"inLanguage\":\"pl-PL\",\"potentialAction\":[{\"@type\":\"ReadAction\",\"target\":[\"https:\\\/\\\/resibo.pl\\\/blog\\\/kwas-glikolowy-w-pielegnacji-jak-go-prawidlowo-stosowac\\\/\"]}]},{\"@type\":\"ImageObject\",\"inLanguage\":\"pl-PL\",\"@id\":\"https:\\\/\\\/resibo.pl\\\/blog\\\/kwas-glikolowy-w-pielegnacji-jak-go-prawidlowo-stosowac\\\/#primaryimage\",\"url\":\"https:\\\/\\\/resibo.pl\\\/blog\\\/wp-content\\\/uploads\\\/2023\\\/01\\\/baby-face-multikwasowa-esencja-resibo.jpg\",\"contentUrl\":\"https:\\\/\\\/resibo.pl\\\/blog\\\/wp-content\\\/uploads\\\/2023\\\/01\\\/baby-face-multikwasowa-esencja-resibo.jpg\",\"width\":1500,\"height\":1000},{\"@type\":\"BreadcrumbList\",\"@id\":\"https:\\\/\\\/resibo.pl\\\/blog\\\/kwas-glikolowy-w-pielegnacji-jak-go-prawidlowo-stosowac\\\/#breadcrumb\",\"itemListElement\":[{\"@type\":\"ListItem\",\"position\":1,\"name\":\"Strona g\u0142\u00f3wna\",\"item\":\"https:\\\/\\\/resibo.pl\\\/blog\\\/\"},{\"@type\":\"ListItem\",\"position\":2,\"name\":\"Kwas glikolowy w piel\u0119gnacji. Jak go prawid\u0142owo stosowa\u0107?\"}]},{\"@type\":\"WebSite\",\"@id\":\"https:\\\/\\\/resibo.pl\\\/blog\\\/#website\",\"url\":\"https:\\\/\\\/resibo.pl\\\/blog\\\/\",\"name\":\"Kosmetyki naturalne Resibo\",\"description\":\"\",\"publisher\":{\"@id\":\"https:\\\/\\\/resibo.pl\\\/blog\\\/#organization\"},\"potentialAction\":[{\"@type\":\"SearchAction\",\"target\":{\"@type\":\"EntryPoint\",\"urlTemplate\":\"https:\\\/\\\/resibo.pl\\\/blog\\\/?s={search_term_string}\"},\"query-input\":{\"@type\":\"PropertyValueSpecification\",\"valueRequired\":true,\"valueName\":\"search_term_string\"}}],\"inLanguage\":\"pl-PL\"},{\"@type\":\"Organization\",\"@id\":\"https:\\\/\\\/resibo.pl\\\/blog\\\/#organization\",\"name\":\"Resibo\",\"url\":\"https:\\\/\\\/resibo.pl\\\/blog\\\/\",\"logo\":{\"@type\":\"ImageObject\",\"inLanguage\":\"pl-PL\",\"@id\":\"https:\\\/\\\/resibo.pl\\\/blog\\\/#\\\/schema\\\/logo\\\/image\\\/\",\"url\":\"https:\\\/\\\/resibo.pl\\\/blog\\\/wp-content\\\/uploads\\\/2022\\\/02\\\/cropped-logo.png\",\"contentUrl\":\"https:\\\/\\\/resibo.pl\\\/blog\\\/wp-content\\\/uploads\\\/2022\\\/02\\\/cropped-logo.png\",\"width\":274,\"height\":109,\"caption\":\"Resibo\"},\"image\":{\"@id\":\"https:\\\/\\\/resibo.pl\\\/blog\\\/#\\\/schema\\\/logo\\\/image\\\/\"},\"sameAs\":[\"http:\\\/\\\/facebook.com\\\/resiboPL\",\"http:\\\/\\\/instagram.com\\\/resibobynature\"]},{\"@type\":\"Person\",\"@id\":\"https:\\\/\\\/resibo.pl\\\/blog\\\/#\\\/schema\\\/person\\\/ef9013c96e1204d78b18c2243ed265a9\",\"name\":\"Anita\",\"image\":{\"@type\":\"ImageObject\",\"inLanguage\":\"pl-PL\",\"@id\":\"https:\\\/\\\/secure.gravatar.com\\\/avatar\\\/c16c3ee787d7dac06be3101e60d7b357f40d4375278b4f1760aa8fb3114c1f93?s=96&d=mm&r=g\",\"url\":\"https:\\\/\\\/secure.gravatar.com\\\/avatar\\\/c16c3ee787d7dac06be3101e60d7b357f40d4375278b4f1760aa8fb3114c1f93?s=96&d=mm&r=g\",\"contentUrl\":\"https:\\\/\\\/secure.gravatar.com\\\/avatar\\\/c16c3ee787d7dac06be3101e60d7b357f40d4375278b4f1760aa8fb3114c1f93?s=96&d=mm&r=g\",\"caption\":\"Anita\"},\"description\":\"Anita Odachowska Zakochana w Resibo i naturalnej piel\u0119gnacji, ciekawa \u015bwiata, szanuj\u0105ca przyrod\u0119 i doceniaj\u0105ca si\u0142\u0119 ro\u015blinnych sk\u0142adnik\u00f3w, w ci\u0105g\u0142ym d\u0105\u017ceniu do co najmniej less waste.\",\"url\":\"https:\\\/\\\/resibo.pl\\\/blog\\\/author\\\/anita\\\/\"}]}<\/script>\n<!-- \/ Yoast SEO plugin. -->","yoast_head_json":{"title":"Kwas glikolowy w piel\u0119gnacji. Jak go prawid\u0142owo stosowa\u0107? - Kosmetyki naturalne Resibo","description":"Kwas glikolowy to cz\u0119sty sk\u0142adnik kosmetyk\u00f3w regeneruj\u0105cych i z\u0142uszczaj\u0105cych. Dowiedz si\u0119, dlaczego warto go stosowa\u0107 i jak robi\u0107 to w\u0142a\u015bciwie.","robots":{"index":"index","follow":"follow","max-snippet":"max-snippet:-1","max-image-preview":"max-image-preview:large","max-video-preview":"max-video-preview:-1"},"canonical":"https:\/\/resibo.pl\/blog\/kwas-glikolowy-w-pielegnacji-jak-go-prawidlowo-stosowac\/","og_locale":"pl_PL","og_type":"article","og_title":"Kwas glikolowy w piel\u0119gnacji. Jak go prawid\u0142owo stosowa\u0107? - Kosmetyki naturalne Resibo","og_description":"Kwas glikolowy to cz\u0119sty sk\u0142adnik kosmetyk\u00f3w regeneruj\u0105cych i z\u0142uszczaj\u0105cych. Dowiedz si\u0119, dlaczego warto go stosowa\u0107 i jak robi\u0107 to w\u0142a\u015bciwie.","og_url":"https:\/\/resibo.pl\/blog\/kwas-glikolowy-w-pielegnacji-jak-go-prawidlowo-stosowac\/","og_site_name":"Kosmetyki naturalne Resibo","article_publisher":"http:\/\/facebook.com\/resiboPL","article_published_time":"2023-01-09T18:51:03+00:00","article_modified_time":"2023-01-09T18:51:15+00:00","og_image":[{"width":1500,"height":1000,"url":"https:\/\/resibo.pl\/blog\/wp-content\/uploads\/2023\/01\/baby-face-multikwasowa-esencja-resibo.jpg","type":"image\/jpeg"}],"author":"Anita","twitter_misc":{"Napisane przez":"Anita","Szacowany czas czytania":"5 minut"},"schema":{"@context":"https:\/\/schema.org","@graph":[{"@type":"Article","@id":"https:\/\/resibo.pl\/blog\/kwas-glikolowy-w-pielegnacji-jak-go-prawidlowo-stosowac\/#article","isPartOf":{"@id":"https:\/\/resibo.pl\/blog\/kwas-glikolowy-w-pielegnacji-jak-go-prawidlowo-stosowac\/"},"author":{"name":"Anita","@id":"https:\/\/resibo.pl\/blog\/#\/schema\/person\/ef9013c96e1204d78b18c2243ed265a9"},"headline":"Kwas glikolowy w piel\u0119gnacji. Jak go prawid\u0142owo stosowa\u0107?","datePublished":"2023-01-09T18:51:03+00:00","dateModified":"2023-01-09T18:51:15+00:00","mainEntityOfPage":{"@id":"https:\/\/resibo.pl\/blog\/kwas-glikolowy-w-pielegnacji-jak-go-prawidlowo-stosowac\/"},"wordCount":984,"publisher":{"@id":"https:\/\/resibo.pl\/blog\/#organization"},"image":{"@id":"https:\/\/resibo.pl\/blog\/kwas-glikolowy-w-pielegnacji-jak-go-prawidlowo-stosowac\/#primaryimage"},"thumbnailUrl":"https:\/\/resibo.pl\/blog\/wp-content\/uploads\/2023\/01\/baby-face-multikwasowa-esencja-resibo.jpg","articleSection":["Beauty","O sk\u0142adnikach"],"inLanguage":"pl-PL"},{"@type":"WebPage","@id":"https:\/\/resibo.pl\/blog\/kwas-glikolowy-w-pielegnacji-jak-go-prawidlowo-stosowac\/","url":"https:\/\/resibo.pl\/blog\/kwas-glikolowy-w-pielegnacji-jak-go-prawidlowo-stosowac\/","name":"Kwas glikolowy w piel\u0119gnacji. Jak go prawid\u0142owo stosowa\u0107? - Kosmetyki naturalne Resibo","isPartOf":{"@id":"https:\/\/resibo.pl\/blog\/#website"},"primaryImageOfPage":{"@id":"https:\/\/resibo.pl\/blog\/kwas-glikolowy-w-pielegnacji-jak-go-prawidlowo-stosowac\/#primaryimage"},"image":{"@id":"https:\/\/resibo.pl\/blog\/kwas-glikolowy-w-pielegnacji-jak-go-prawidlowo-stosowac\/#primaryimage"},"thumbnailUrl":"https:\/\/resibo.pl\/blog\/wp-content\/uploads\/2023\/01\/baby-face-multikwasowa-esencja-resibo.jpg","datePublished":"2023-01-09T18:51:03+00:00","dateModified":"2023-01-09T18:51:15+00:00","description":"Kwas glikolowy to cz\u0119sty sk\u0142adnik kosmetyk\u00f3w regeneruj\u0105cych i z\u0142uszczaj\u0105cych. Dowiedz si\u0119, dlaczego warto go stosowa\u0107 i jak robi\u0107 to w\u0142a\u015bciwie.","breadcrumb":{"@id":"https:\/\/resibo.pl\/blog\/kwas-glikolowy-w-pielegnacji-jak-go-prawidlowo-stosowac\/#breadcrumb"},"inLanguage":"pl-PL","potentialAction":[{"@type":"ReadAction","target":["https:\/\/resibo.pl\/blog\/kwas-glikolowy-w-pielegnacji-jak-go-prawidlowo-stosowac\/"]}]},{"@type":"ImageObject","inLanguage":"pl-PL","@id":"https:\/\/resibo.pl\/blog\/kwas-glikolowy-w-pielegnacji-jak-go-prawidlowo-stosowac\/#primaryimage","url":"https:\/\/resibo.pl\/blog\/wp-content\/uploads\/2023\/01\/baby-face-multikwasowa-esencja-resibo.jpg","contentUrl":"https:\/\/resibo.pl\/blog\/wp-content\/uploads\/2023\/01\/baby-face-multikwasowa-esencja-resibo.jpg","width":1500,"height":1000},{"@type":"BreadcrumbList","@id":"https:\/\/resibo.pl\/blog\/kwas-glikolowy-w-pielegnacji-jak-go-prawidlowo-stosowac\/#breadcrumb","itemListElement":[{"@type":"ListItem","position":1,"name":"Strona g\u0142\u00f3wna","item":"https:\/\/resibo.pl\/blog\/"},{"@type":"ListItem","position":2,"name":"Kwas glikolowy w piel\u0119gnacji. Jak go prawid\u0142owo stosowa\u0107?"}]},{"@type":"WebSite","@id":"https:\/\/resibo.pl\/blog\/#website","url":"https:\/\/resibo.pl\/blog\/","name":"Kosmetyki naturalne Resibo","description":"","publisher":{"@id":"https:\/\/resibo.pl\/blog\/#organization"},"potentialAction":[{"@type":"SearchAction","target":{"@type":"EntryPoint","urlTemplate":"https:\/\/resibo.pl\/blog\/?s={search_term_string}"},"query-input":{"@type":"PropertyValueSpecification","valueRequired":true,"valueName":"search_term_string"}}],"inLanguage":"pl-PL"},{"@type":"Organization","@id":"https:\/\/resibo.pl\/blog\/#organization","name":"Resibo","url":"https:\/\/resibo.pl\/blog\/","logo":{"@type":"ImageObject","inLanguage":"pl-PL","@id":"https:\/\/resibo.pl\/blog\/#\/schema\/logo\/image\/","url":"https:\/\/resibo.pl\/blog\/wp-content\/uploads\/2022\/02\/cropped-logo.png","contentUrl":"https:\/\/resibo.pl\/blog\/wp-content\/uploads\/2022\/02\/cropped-logo.png","width":274,"height":109,"caption":"Resibo"},"image":{"@id":"https:\/\/resibo.pl\/blog\/#\/schema\/logo\/image\/"},"sameAs":["http:\/\/facebook.com\/resiboPL","http:\/\/instagram.com\/resibobynature"]},{"@type":"Person","@id":"https:\/\/resibo.pl\/blog\/#\/schema\/person\/ef9013c96e1204d78b18c2243ed265a9","name":"Anita","image":{"@type":"ImageObject","inLanguage":"pl-PL","@id":"https:\/\/secure.gravatar.com\/avatar\/c16c3ee787d7dac06be3101e60d7b357f40d4375278b4f1760aa8fb3114c1f93?s=96&d=mm&r=g","url":"https:\/\/secure.gravatar.com\/avatar\/c16c3ee787d7dac06be3101e60d7b357f40d4375278b4f1760aa8fb3114c1f93?s=96&d=mm&r=g","contentUrl":"https:\/\/secure.gravatar.com\/avatar\/c16c3ee787d7dac06be3101e60d7b357f40d4375278b4f1760aa8fb3114c1f93?s=96&d=mm&r=g","caption":"Anita"},"description":"Anita Odachowska Zakochana w Resibo i naturalnej piel\u0119gnacji, ciekawa \u015bwiata, szanuj\u0105ca przyrod\u0119 i doceniaj\u0105ca si\u0142\u0119 ro\u015blinnych sk\u0142adnik\u00f3w, w ci\u0105g\u0142ym d\u0105\u017ceniu do co najmniej less waste.","url":"https:\/\/resibo.pl\/blog\/author\/anita\/"}]}},"_links":{"self":[{"href":"https:\/\/resibo.pl\/blog\/wp-json\/wp\/v2\/posts\/24762","targetHints":{"allow":["GET"]}}],"collection":[{"href":"https:\/\/resibo.pl\/blog\/wp-json\/wp\/v2\/posts"}],"about":[{"href":"https:\/\/resibo.pl\/blog\/wp-json\/wp\/v2\/types\/post"}],"author":[{"embeddable":true,"href":"https:\/\/resibo.pl\/blog\/wp-json\/wp\/v2\/users\/6"}],"replies":[{"embeddable":true,"href":"https:\/\/resibo.pl\/blog\/wp-json\/wp\/v2\/comments?post=24762"}],"version-history":[{"count":2,"href":"https:\/\/resibo.pl\/blog\/wp-json\/wp\/v2\/posts\/24762\/revisions"}],"predecessor-version":[{"id":24765,"href":"https:\/\/resibo.pl\/blog\/wp-json\/wp\/v2\/posts\/24762\/revisions\/24765"}],"wp:featuredmedia":[{"embeddable":true,"href":"https:\/\/resibo.pl\/blog\/wp-json\/wp\/v2\/media\/24764"}],"wp:attachment":[{"href":"https:\/\/resibo.pl\/blog\/wp-json\/wp\/v2\/media?parent=24762"}],"wp:term":[{"taxonomy":"category","embeddable":true,"href":"https:\/\/resibo.pl\/blog\/wp-json\/wp\/v2\/categories?post=24762"},{"taxonomy":"post_tag","embeddable":true,"href":"https:\/\/resibo.pl\/blog\/wp-json\/wp\/v2\/tags?post=24762"}],"curies":[{"name":"wp","href":"https:\/\/api.w.org\/{rel}","templated":true}]}}