{"id":24807,"date":"2023-02-14T19:31:57","date_gmt":"2023-02-14T18:31:57","guid":{"rendered":"https:\/\/resibo.pl\/blog\/?p=24807"},"modified":"2023-02-14T19:32:16","modified_gmt":"2023-02-14T18:32:16","slug":"kwasy-owocowe-jak-dzialaja-i-jak-najlepiej-je-stosowac","status":"publish","type":"post","link":"https:\/\/resibo.pl\/blog\/kwasy-owocowe-jak-dzialaja-i-jak-najlepiej-je-stosowac\/","title":{"rendered":"Kwasy owocowe \u2013 jak dzia\u0142aj\u0105 i jak najlepiej je stosowa\u0107?"},"content":{"rendered":"<div class=\"vgblk-rw-wrapper limit-wrapper\">\n<h1 class=\"wp-block-heading\"><strong>Zima to dobra pora na kuracj\u0119 kwasami. Jak j\u0105 przeprowadzi\u0107, by osi\u0105gn\u0105\u0107 najlepsze efekty?<\/strong><\/h1>\n\n\n\n<h2 class=\"wp-block-heading\"><strong>Kuracje kwasami owocowymi to jedne z najpopularniejszych zabieg\u00f3w kosmetycznych, kt\u00f3re dzia\u0142aj\u0105 na sk\u00f3r\u0119 wielowymiarowo, a jednocze\u015bnie s\u0105 metod\u0105 bezinwazyjn\u0105.<\/strong><\/h2>\n\n\n\n<h2 class=\"wp-block-heading\"><strong>Jak dzia\u0142aj\u0105 kwasy owocowe?<\/strong><\/h2>\n\n\n\n<p>Kwasy owocowe, czyli hydroksykwasy, wbrew powszechnie stosowanej nazwie, nie s\u0105 pozyskiwane jedynie z owoc\u00f3w. Ich \u017ar\u00f3d\u0142em mog\u0105 by\u0107 tak\u017ce inne cz\u0119\u015bci ro\u015blin, np. jeden z najpopularniejszych \u2013 kwas glikolowy \u2013 wytwarza si\u0119 na bazie trzciny cukrowej.&nbsp;<\/p>\n\n\n\n<p>Rozr\u00f3\u017cniamy trzy rodzaje hydroksykwas\u00f3w:<\/p>\n\n\n\n<ul class=\"wp-block-list\">\n<li>AHA \u2013 alfa-hydroksykwasy, kt\u00f3re s\u0105 rozpuszczalne w wodzie (np. kwas glikolowy, migda\u0142owy, mlekowy, jab\u0142kowy),&nbsp;<\/li>\n\n\n\n<li>BHA \u2013 beta-hydroksykwasy, kt\u00f3re s\u0105 rozpuszczalne w t\u0142uszczach (w zasadzie w kosmetologii stosuje si\u0119 jeden taki kwas \u2013 salicylowy),<\/li>\n\n\n\n<li>PHA \u2013 poli-hydroksykwasy, kt\u00f3re maj\u0105 cechy kwas\u00f3w AHA, jednak s\u0105 od nich \u0142agodniejsze (np. glukonolakton, kwas laktobionowy).<\/li>\n<\/ul>\n\n\n\n<p>Ich podstawowe dzia\u0142anie polega na tym, \u017ce rozlu\u017aniaj\u0105 warstwy nask\u00f3rka, czego skutkiem jest jego z\u0142uszczenie. Jednocze\u015bnie wraz z martwym nask\u00f3rkiem usuwane s\u0105 toksyny, zanieczyszczenia, nadmiar sebum czy zgromadzone w porach bakterie. Efektem jest wewn\u0119trzna odnowa kom\u00f3rek nask\u00f3rka, w tym pobudzenie produkcji kolagenu i elastyny, a w rezultacie \u2013 rozja\u015bnienie, podniesienie poziomu nawil\u017cenia, sp\u0142ycenie zmarszczek i og\u00f3lna poprawa wygl\u0105du cery.<\/p>\n\n\n\n<p>Aktywno\u015b\u0107 kwas\u00f3w owocowych w sk\u00f3rze jest r\u00f3\u017cna w zale\u017cno\u015bci od r\u00f3\u017cnych zmiennych. Cho\u0107 zwykle kojarz\u0105 nam si\u0119 ze z\u0142uszczaniem (czasem bardzo g\u0142\u0119bokim), jak wida\u0107 powy\u017cej, nie jest to jedyne ich dzia\u0142anie. Co wi\u0119cej \u2013 samo z\u0142uszczanie kwasami owocowymi b\u0119dzie mo\u017cliwe, dopiero gdy zastosujemy je w odpowiednim do tego st\u0119\u017ceniu.<\/p>\n\n\n\n<p>Dla przyk\u0142adu \u2013 kwas w st\u0119\u017ceniu do 5% nawil\u017cy sk\u00f3r\u0119 i raczej nie mamy co liczy\u0107 na z\u0142uszczanie. Delikatne dzia\u0142anie eksfoliacyjne przy jednoczesnym nawil\u017ceniu uzyskamy, stosuj\u0105c st\u0119\u017cenie mi\u0119dzy 5% a 15%. O mocnym z\u0142uszczaniu mo\u017cemy m\u00f3wi\u0107 przy st\u0119\u017ceniu powy\u017cej 15%. Warto wiedzie\u0107, \u017ce do 30% mo\u017cemy, zachowuj\u0105c oczywi\u015bcie odpowiednie \u015brodki ostro\u017cno\u015bci, stosowa\u0107 kwasy samodzielnie. Zabiegi z kwasami powy\u017cej tego st\u0119\u017cenia mog\u0105 by\u0107 wykonywane jedynie w profesjonalnych gabinetach kosmetycznych i dermatologicznych.<\/p>\n\n\n\n<p>Warto jeszcze doda\u0107, \u017ce r\u00f3\u017cne kwasy maj\u0105 r\u00f3\u017cn\u0105 moc z\u0142uszczania. Najsilniejszym z nich jest kwas glikolowy, a najdelikatniejszym \u2013 laktobionowy.&nbsp;<\/p>\n\n\n\n<h2 class=\"wp-block-heading\"><strong>Dlaczego kwasy owocowe najlepiej stosowa\u0107 jesieni\u0105 i zim\u0105?<\/strong><\/h2>\n\n\n\n<p>Kwasy owocowe nie s\u0105 oboj\u0119tne dla sk\u00f3ry. Cho\u0107 niekt\u00f3re z nich s\u0105 bardzo \u0142agodne, to jednak wystawianie sk\u00f3ry w trakcie kuracji kwasami na dzia\u0142anie promieniowania s\u0142onecznego jest niewskazane. Skutkiem mog\u0105 by\u0107 przebarwienia, a nawet poparzenia s\u0142oneczne.&nbsp;<\/p>\n\n\n\n<p>Dlatego wszelkie zabiegi z kwasami oraz stosowanie kosmetyk\u00f3w, kt\u00f3re je zawieraj\u0105, zaleca si\u0119 jesieni\u0105 i zim\u0105, gdy ekspozycja sk\u00f3ry na s\u0142o\u0144ce jest ni\u017csza, a nie wiosn\u0105 czy latem. Co wa\u017cne, produkty z kwasami aplikujemy wy\u0142\u0105cznie na noc, a na dzie\u0144 \u2013 mimo \u017ce jest to okres jesienno-zimowy \u2013 bezwzgl\u0119dnie nale\u017cy na\u0142o\u017cy\u0107 na sk\u00f3r\u0119 krem z wysokim filtrem UV (co najmniej SPF30).<\/p>\n\n\n\n<h2 class=\"wp-block-heading\"><strong>Kto powinien stosowa\u0107 kwasy owocowe?<\/strong><\/h2>\n\n\n\n<p>Zabiegi i&nbsp;<a href=\"https:\/\/resibo.pl\/produkt\/272\/resibo-multikwasowa-esencja-odnawiajaca\">kosmetyki zawieraj\u0105ce kwasy owocowe<\/a>&nbsp;zaleca si\u0119 osobom z cer\u0105 z niedoskona\u0142o\u015bciami, bliznami potr\u0105dzikowymi czy rozszerzonymi porami. To r\u00f3wnie\u017c doskona\u0142e sk\u0142adniki dla cery dojrza\u0142ej, z widocznymi oznakami starzenia, takimi jak zmarszczki, przebarwienia, nadmierna sucho\u015b\u0107 i utrata j\u0119drno\u015bci. Po kwasy owocowe warto si\u0119gn\u0105\u0107 tak\u017ce wtedy, gdy nasza cera jest zm\u0119czona, poszarza\u0142a i odwodniona.<\/p>\n\n\n\n<p>Stosuj\u0105c zabiegi lub kosmetyki z kwasami, opr\u00f3cz wspomnianej wy\u017cej ochrony przeciws\u0142onecznej, nale\u017cy zachowa\u0107 szczeg\u00f3ln\u0105 ostro\u017cno\u015b\u0107, gdy mamy cer\u0119 wra\u017cliw\u0105 i sk\u0142onn\u0105 do podra\u017cnie\u0144. W takiej sytuacji najlepiej skorzysta\u0107 z rady profesjonalisty, np. dermatologa lub kosmetyczki, kt\u00f3rzy doradz\u0105, jaki kwas b\u0119dzie dla nas najlepszy i w jakim st\u0119\u017ceniu mo\u017cemy go bezpiecznie aplikowa\u0107.<\/p>\n<\/div><!-- .vgblk-rw-wrapper -->","protected":false},"excerpt":{"rendered":"<p>Zima to dobra pora na kuracj\u0119 kwasami. Jak j\u0105 przeprowadzi\u0107, by osi\u0105gn\u0105\u0107 najlepsze efekty? Kuracje kwasami owocowymi to jedne z najpopularniejszych zabieg\u00f3w kosmetycznych, kt\u00f3re dzia\u0142aj\u0105 na sk\u00f3r\u0119 wielowymiarowo, a jednocze\u015bnie s\u0105 metod\u0105 bezinwazyjn\u0105. Jak dzia\u0142aj\u0105 kwasy owocowe? Kwasy owocowe, czyli hydroksykwasy, wbrew powszechnie stosowanej nazwie, nie s\u0105 pozyskiwane jedynie z owoc\u00f3w. Ich \u017ar\u00f3d\u0142em mog\u0105 by\u0107&#8230;<\/p>\n","protected":false},"author":6,"featured_media":24811,"comment_status":"closed","ping_status":"closed","sticky":false,"template":"","format":"standard","meta":{"footnotes":""},"categories":[161,145],"tags":[],"class_list":["post-24807","post","type-post","status-publish","format-standard","has-post-thumbnail","hentry","category-beauty","category-o-skladnikach"],"yoast_head":"<!-- This site is optimized with the Yoast SEO plugin v27.5 - https:\/\/yoast.com\/product\/yoast-seo-wordpress\/ -->\n<title>Kwasy owocowe \u2013 jak dzia\u0142aj\u0105 i jak najlepiej je stosowa\u0107? - Kosmetyki naturalne Resibo<\/title>\n<meta name=\"description\" content=\"Kwasy owocowe dzia\u0142aj\u0105 na sk\u00f3r\u0119 wielowymiarowo. Dowiedz si\u0119, jak dzia\u0142aj\u0105 i dlaczego kuracje tymi kwasami nale\u017cy przeprowadza\u0107 jesieni\u0105 i zim\u0105.\" \/>\n<meta name=\"robots\" content=\"index, follow, max-snippet:-1, max-image-preview:large, max-video-preview:-1\" \/>\n<link rel=\"canonical\" href=\"https:\/\/resibo.pl\/blog\/kwasy-owocowe-jak-dzialaja-i-jak-najlepiej-je-stosowac\/\" \/>\n<meta property=\"og:locale\" content=\"pl_PL\" \/>\n<meta property=\"og:type\" content=\"article\" \/>\n<meta property=\"og:title\" content=\"Kwasy owocowe \u2013 jak dzia\u0142aj\u0105 i jak najlepiej je stosowa\u0107? - Kosmetyki naturalne Resibo\" \/>\n<meta property=\"og:description\" content=\"Kwasy owocowe dzia\u0142aj\u0105 na sk\u00f3r\u0119 wielowymiarowo. Dowiedz si\u0119, jak dzia\u0142aj\u0105 i dlaczego kuracje tymi kwasami nale\u017cy przeprowadza\u0107 jesieni\u0105 i zim\u0105.\" \/>\n<meta property=\"og:url\" content=\"https:\/\/resibo.pl\/blog\/kwasy-owocowe-jak-dzialaja-i-jak-najlepiej-je-stosowac\/\" \/>\n<meta property=\"og:site_name\" content=\"Kosmetyki naturalne Resibo\" \/>\n<meta property=\"article:publisher\" content=\"http:\/\/facebook.com\/resiboPL\" \/>\n<meta property=\"article:published_time\" content=\"2023-02-14T18:31:57+00:00\" \/>\n<meta property=\"article:modified_time\" content=\"2023-02-14T18:32:16+00:00\" \/>\n<meta property=\"og:image\" content=\"https:\/\/resibo.pl\/blog\/wp-content\/uploads\/2023\/02\/kwasy-owocowe-krem-resibo-babyface.jpg\" \/>\n\t<meta property=\"og:image:width\" content=\"1500\" \/>\n\t<meta property=\"og:image:height\" content=\"993\" \/>\n\t<meta property=\"og:image:type\" content=\"image\/jpeg\" \/>\n<meta name=\"author\" content=\"Anita\" \/>\n<meta name=\"twitter:label1\" content=\"Napisane przez\" \/>\n\t<meta name=\"twitter:data1\" content=\"Anita\" \/>\n\t<meta name=\"twitter:label2\" content=\"Szacowany czas czytania\" \/>\n\t<meta name=\"twitter:data2\" content=\"4 minuty\" \/>\n<script type=\"application\/ld+json\" class=\"yoast-schema-graph\">{\"@context\":\"https:\\\/\\\/schema.org\",\"@graph\":[{\"@type\":\"Article\",\"@id\":\"https:\\\/\\\/resibo.pl\\\/blog\\\/kwasy-owocowe-jak-dzialaja-i-jak-najlepiej-je-stosowac\\\/#article\",\"isPartOf\":{\"@id\":\"https:\\\/\\\/resibo.pl\\\/blog\\\/kwasy-owocowe-jak-dzialaja-i-jak-najlepiej-je-stosowac\\\/\"},\"author\":{\"name\":\"Anita\",\"@id\":\"https:\\\/\\\/resibo.pl\\\/blog\\\/#\\\/schema\\\/person\\\/ef9013c96e1204d78b18c2243ed265a9\"},\"headline\":\"Kwasy owocowe \u2013 jak dzia\u0142aj\u0105 i jak najlepiej je stosowa\u0107?\",\"datePublished\":\"2023-02-14T18:31:57+00:00\",\"dateModified\":\"2023-02-14T18:32:16+00:00\",\"mainEntityOfPage\":{\"@id\":\"https:\\\/\\\/resibo.pl\\\/blog\\\/kwasy-owocowe-jak-dzialaja-i-jak-najlepiej-je-stosowac\\\/\"},\"wordCount\":662,\"publisher\":{\"@id\":\"https:\\\/\\\/resibo.pl\\\/blog\\\/#organization\"},\"image\":{\"@id\":\"https:\\\/\\\/resibo.pl\\\/blog\\\/kwasy-owocowe-jak-dzialaja-i-jak-najlepiej-je-stosowac\\\/#primaryimage\"},\"thumbnailUrl\":\"https:\\\/\\\/resibo.pl\\\/blog\\\/wp-content\\\/uploads\\\/2023\\\/02\\\/kwasy-owocowe-krem-resibo-babyface.jpg\",\"articleSection\":[\"Beauty\",\"O sk\u0142adnikach\"],\"inLanguage\":\"pl-PL\"},{\"@type\":\"WebPage\",\"@id\":\"https:\\\/\\\/resibo.pl\\\/blog\\\/kwasy-owocowe-jak-dzialaja-i-jak-najlepiej-je-stosowac\\\/\",\"url\":\"https:\\\/\\\/resibo.pl\\\/blog\\\/kwasy-owocowe-jak-dzialaja-i-jak-najlepiej-je-stosowac\\\/\",\"name\":\"Kwasy owocowe \u2013 jak dzia\u0142aj\u0105 i jak najlepiej je stosowa\u0107? - Kosmetyki naturalne Resibo\",\"isPartOf\":{\"@id\":\"https:\\\/\\\/resibo.pl\\\/blog\\\/#website\"},\"primaryImageOfPage\":{\"@id\":\"https:\\\/\\\/resibo.pl\\\/blog\\\/kwasy-owocowe-jak-dzialaja-i-jak-najlepiej-je-stosowac\\\/#primaryimage\"},\"image\":{\"@id\":\"https:\\\/\\\/resibo.pl\\\/blog\\\/kwasy-owocowe-jak-dzialaja-i-jak-najlepiej-je-stosowac\\\/#primaryimage\"},\"thumbnailUrl\":\"https:\\\/\\\/resibo.pl\\\/blog\\\/wp-content\\\/uploads\\\/2023\\\/02\\\/kwasy-owocowe-krem-resibo-babyface.jpg\",\"datePublished\":\"2023-02-14T18:31:57+00:00\",\"dateModified\":\"2023-02-14T18:32:16+00:00\",\"description\":\"Kwasy owocowe dzia\u0142aj\u0105 na sk\u00f3r\u0119 wielowymiarowo. Dowiedz si\u0119, jak dzia\u0142aj\u0105 i dlaczego kuracje tymi kwasami nale\u017cy przeprowadza\u0107 jesieni\u0105 i zim\u0105.\",\"breadcrumb\":{\"@id\":\"https:\\\/\\\/resibo.pl\\\/blog\\\/kwasy-owocowe-jak-dzialaja-i-jak-najlepiej-je-stosowac\\\/#breadcrumb\"},\"inLanguage\":\"pl-PL\",\"potentialAction\":[{\"@type\":\"ReadAction\",\"target\":[\"https:\\\/\\\/resibo.pl\\\/blog\\\/kwasy-owocowe-jak-dzialaja-i-jak-najlepiej-je-stosowac\\\/\"]}]},{\"@type\":\"ImageObject\",\"inLanguage\":\"pl-PL\",\"@id\":\"https:\\\/\\\/resibo.pl\\\/blog\\\/kwasy-owocowe-jak-dzialaja-i-jak-najlepiej-je-stosowac\\\/#primaryimage\",\"url\":\"https:\\\/\\\/resibo.pl\\\/blog\\\/wp-content\\\/uploads\\\/2023\\\/02\\\/kwasy-owocowe-krem-resibo-babyface.jpg\",\"contentUrl\":\"https:\\\/\\\/resibo.pl\\\/blog\\\/wp-content\\\/uploads\\\/2023\\\/02\\\/kwasy-owocowe-krem-resibo-babyface.jpg\",\"width\":1500,\"height\":993},{\"@type\":\"BreadcrumbList\",\"@id\":\"https:\\\/\\\/resibo.pl\\\/blog\\\/kwasy-owocowe-jak-dzialaja-i-jak-najlepiej-je-stosowac\\\/#breadcrumb\",\"itemListElement\":[{\"@type\":\"ListItem\",\"position\":1,\"name\":\"Strona g\u0142\u00f3wna\",\"item\":\"https:\\\/\\\/resibo.pl\\\/blog\\\/\"},{\"@type\":\"ListItem\",\"position\":2,\"name\":\"Kwasy owocowe \u2013 jak dzia\u0142aj\u0105 i jak najlepiej je stosowa\u0107?\"}]},{\"@type\":\"WebSite\",\"@id\":\"https:\\\/\\\/resibo.pl\\\/blog\\\/#website\",\"url\":\"https:\\\/\\\/resibo.pl\\\/blog\\\/\",\"name\":\"Kosmetyki naturalne Resibo\",\"description\":\"\",\"publisher\":{\"@id\":\"https:\\\/\\\/resibo.pl\\\/blog\\\/#organization\"},\"potentialAction\":[{\"@type\":\"SearchAction\",\"target\":{\"@type\":\"EntryPoint\",\"urlTemplate\":\"https:\\\/\\\/resibo.pl\\\/blog\\\/?s={search_term_string}\"},\"query-input\":{\"@type\":\"PropertyValueSpecification\",\"valueRequired\":true,\"valueName\":\"search_term_string\"}}],\"inLanguage\":\"pl-PL\"},{\"@type\":\"Organization\",\"@id\":\"https:\\\/\\\/resibo.pl\\\/blog\\\/#organization\",\"name\":\"Resibo\",\"url\":\"https:\\\/\\\/resibo.pl\\\/blog\\\/\",\"logo\":{\"@type\":\"ImageObject\",\"inLanguage\":\"pl-PL\",\"@id\":\"https:\\\/\\\/resibo.pl\\\/blog\\\/#\\\/schema\\\/logo\\\/image\\\/\",\"url\":\"https:\\\/\\\/resibo.pl\\\/blog\\\/wp-content\\\/uploads\\\/2022\\\/02\\\/cropped-logo.png\",\"contentUrl\":\"https:\\\/\\\/resibo.pl\\\/blog\\\/wp-content\\\/uploads\\\/2022\\\/02\\\/cropped-logo.png\",\"width\":274,\"height\":109,\"caption\":\"Resibo\"},\"image\":{\"@id\":\"https:\\\/\\\/resibo.pl\\\/blog\\\/#\\\/schema\\\/logo\\\/image\\\/\"},\"sameAs\":[\"http:\\\/\\\/facebook.com\\\/resiboPL\",\"http:\\\/\\\/instagram.com\\\/resibobynature\"]},{\"@type\":\"Person\",\"@id\":\"https:\\\/\\\/resibo.pl\\\/blog\\\/#\\\/schema\\\/person\\\/ef9013c96e1204d78b18c2243ed265a9\",\"name\":\"Anita\",\"image\":{\"@type\":\"ImageObject\",\"inLanguage\":\"pl-PL\",\"@id\":\"https:\\\/\\\/secure.gravatar.com\\\/avatar\\\/c16c3ee787d7dac06be3101e60d7b357f40d4375278b4f1760aa8fb3114c1f93?s=96&d=mm&r=g\",\"url\":\"https:\\\/\\\/secure.gravatar.com\\\/avatar\\\/c16c3ee787d7dac06be3101e60d7b357f40d4375278b4f1760aa8fb3114c1f93?s=96&d=mm&r=g\",\"contentUrl\":\"https:\\\/\\\/secure.gravatar.com\\\/avatar\\\/c16c3ee787d7dac06be3101e60d7b357f40d4375278b4f1760aa8fb3114c1f93?s=96&d=mm&r=g\",\"caption\":\"Anita\"},\"description\":\"Anita Odachowska Zakochana w Resibo i naturalnej piel\u0119gnacji, ciekawa \u015bwiata, szanuj\u0105ca przyrod\u0119 i doceniaj\u0105ca si\u0142\u0119 ro\u015blinnych sk\u0142adnik\u00f3w, w ci\u0105g\u0142ym d\u0105\u017ceniu do co najmniej less waste.\",\"url\":\"https:\\\/\\\/resibo.pl\\\/blog\\\/author\\\/anita\\\/\"}]}<\/script>\n<!-- \/ Yoast SEO plugin. -->","yoast_head_json":{"title":"Kwasy owocowe \u2013 jak dzia\u0142aj\u0105 i jak najlepiej je stosowa\u0107? - Kosmetyki naturalne Resibo","description":"Kwasy owocowe dzia\u0142aj\u0105 na sk\u00f3r\u0119 wielowymiarowo. Dowiedz si\u0119, jak dzia\u0142aj\u0105 i dlaczego kuracje tymi kwasami nale\u017cy przeprowadza\u0107 jesieni\u0105 i zim\u0105.","robots":{"index":"index","follow":"follow","max-snippet":"max-snippet:-1","max-image-preview":"max-image-preview:large","max-video-preview":"max-video-preview:-1"},"canonical":"https:\/\/resibo.pl\/blog\/kwasy-owocowe-jak-dzialaja-i-jak-najlepiej-je-stosowac\/","og_locale":"pl_PL","og_type":"article","og_title":"Kwasy owocowe \u2013 jak dzia\u0142aj\u0105 i jak najlepiej je stosowa\u0107? - Kosmetyki naturalne Resibo","og_description":"Kwasy owocowe dzia\u0142aj\u0105 na sk\u00f3r\u0119 wielowymiarowo. Dowiedz si\u0119, jak dzia\u0142aj\u0105 i dlaczego kuracje tymi kwasami nale\u017cy przeprowadza\u0107 jesieni\u0105 i zim\u0105.","og_url":"https:\/\/resibo.pl\/blog\/kwasy-owocowe-jak-dzialaja-i-jak-najlepiej-je-stosowac\/","og_site_name":"Kosmetyki naturalne Resibo","article_publisher":"http:\/\/facebook.com\/resiboPL","article_published_time":"2023-02-14T18:31:57+00:00","article_modified_time":"2023-02-14T18:32:16+00:00","og_image":[{"width":1500,"height":993,"url":"https:\/\/resibo.pl\/blog\/wp-content\/uploads\/2023\/02\/kwasy-owocowe-krem-resibo-babyface.jpg","type":"image\/jpeg"}],"author":"Anita","twitter_misc":{"Napisane przez":"Anita","Szacowany czas czytania":"4 minuty"},"schema":{"@context":"https:\/\/schema.org","@graph":[{"@type":"Article","@id":"https:\/\/resibo.pl\/blog\/kwasy-owocowe-jak-dzialaja-i-jak-najlepiej-je-stosowac\/#article","isPartOf":{"@id":"https:\/\/resibo.pl\/blog\/kwasy-owocowe-jak-dzialaja-i-jak-najlepiej-je-stosowac\/"},"author":{"name":"Anita","@id":"https:\/\/resibo.pl\/blog\/#\/schema\/person\/ef9013c96e1204d78b18c2243ed265a9"},"headline":"Kwasy owocowe \u2013 jak dzia\u0142aj\u0105 i jak najlepiej je stosowa\u0107?","datePublished":"2023-02-14T18:31:57+00:00","dateModified":"2023-02-14T18:32:16+00:00","mainEntityOfPage":{"@id":"https:\/\/resibo.pl\/blog\/kwasy-owocowe-jak-dzialaja-i-jak-najlepiej-je-stosowac\/"},"wordCount":662,"publisher":{"@id":"https:\/\/resibo.pl\/blog\/#organization"},"image":{"@id":"https:\/\/resibo.pl\/blog\/kwasy-owocowe-jak-dzialaja-i-jak-najlepiej-je-stosowac\/#primaryimage"},"thumbnailUrl":"https:\/\/resibo.pl\/blog\/wp-content\/uploads\/2023\/02\/kwasy-owocowe-krem-resibo-babyface.jpg","articleSection":["Beauty","O sk\u0142adnikach"],"inLanguage":"pl-PL"},{"@type":"WebPage","@id":"https:\/\/resibo.pl\/blog\/kwasy-owocowe-jak-dzialaja-i-jak-najlepiej-je-stosowac\/","url":"https:\/\/resibo.pl\/blog\/kwasy-owocowe-jak-dzialaja-i-jak-najlepiej-je-stosowac\/","name":"Kwasy owocowe \u2013 jak dzia\u0142aj\u0105 i jak najlepiej je stosowa\u0107? - Kosmetyki naturalne Resibo","isPartOf":{"@id":"https:\/\/resibo.pl\/blog\/#website"},"primaryImageOfPage":{"@id":"https:\/\/resibo.pl\/blog\/kwasy-owocowe-jak-dzialaja-i-jak-najlepiej-je-stosowac\/#primaryimage"},"image":{"@id":"https:\/\/resibo.pl\/blog\/kwasy-owocowe-jak-dzialaja-i-jak-najlepiej-je-stosowac\/#primaryimage"},"thumbnailUrl":"https:\/\/resibo.pl\/blog\/wp-content\/uploads\/2023\/02\/kwasy-owocowe-krem-resibo-babyface.jpg","datePublished":"2023-02-14T18:31:57+00:00","dateModified":"2023-02-14T18:32:16+00:00","description":"Kwasy owocowe dzia\u0142aj\u0105 na sk\u00f3r\u0119 wielowymiarowo. Dowiedz si\u0119, jak dzia\u0142aj\u0105 i dlaczego kuracje tymi kwasami nale\u017cy przeprowadza\u0107 jesieni\u0105 i zim\u0105.","breadcrumb":{"@id":"https:\/\/resibo.pl\/blog\/kwasy-owocowe-jak-dzialaja-i-jak-najlepiej-je-stosowac\/#breadcrumb"},"inLanguage":"pl-PL","potentialAction":[{"@type":"ReadAction","target":["https:\/\/resibo.pl\/blog\/kwasy-owocowe-jak-dzialaja-i-jak-najlepiej-je-stosowac\/"]}]},{"@type":"ImageObject","inLanguage":"pl-PL","@id":"https:\/\/resibo.pl\/blog\/kwasy-owocowe-jak-dzialaja-i-jak-najlepiej-je-stosowac\/#primaryimage","url":"https:\/\/resibo.pl\/blog\/wp-content\/uploads\/2023\/02\/kwasy-owocowe-krem-resibo-babyface.jpg","contentUrl":"https:\/\/resibo.pl\/blog\/wp-content\/uploads\/2023\/02\/kwasy-owocowe-krem-resibo-babyface.jpg","width":1500,"height":993},{"@type":"BreadcrumbList","@id":"https:\/\/resibo.pl\/blog\/kwasy-owocowe-jak-dzialaja-i-jak-najlepiej-je-stosowac\/#breadcrumb","itemListElement":[{"@type":"ListItem","position":1,"name":"Strona g\u0142\u00f3wna","item":"https:\/\/resibo.pl\/blog\/"},{"@type":"ListItem","position":2,"name":"Kwasy owocowe \u2013 jak dzia\u0142aj\u0105 i jak najlepiej je stosowa\u0107?"}]},{"@type":"WebSite","@id":"https:\/\/resibo.pl\/blog\/#website","url":"https:\/\/resibo.pl\/blog\/","name":"Kosmetyki naturalne Resibo","description":"","publisher":{"@id":"https:\/\/resibo.pl\/blog\/#organization"},"potentialAction":[{"@type":"SearchAction","target":{"@type":"EntryPoint","urlTemplate":"https:\/\/resibo.pl\/blog\/?s={search_term_string}"},"query-input":{"@type":"PropertyValueSpecification","valueRequired":true,"valueName":"search_term_string"}}],"inLanguage":"pl-PL"},{"@type":"Organization","@id":"https:\/\/resibo.pl\/blog\/#organization","name":"Resibo","url":"https:\/\/resibo.pl\/blog\/","logo":{"@type":"ImageObject","inLanguage":"pl-PL","@id":"https:\/\/resibo.pl\/blog\/#\/schema\/logo\/image\/","url":"https:\/\/resibo.pl\/blog\/wp-content\/uploads\/2022\/02\/cropped-logo.png","contentUrl":"https:\/\/resibo.pl\/blog\/wp-content\/uploads\/2022\/02\/cropped-logo.png","width":274,"height":109,"caption":"Resibo"},"image":{"@id":"https:\/\/resibo.pl\/blog\/#\/schema\/logo\/image\/"},"sameAs":["http:\/\/facebook.com\/resiboPL","http:\/\/instagram.com\/resibobynature"]},{"@type":"Person","@id":"https:\/\/resibo.pl\/blog\/#\/schema\/person\/ef9013c96e1204d78b18c2243ed265a9","name":"Anita","image":{"@type":"ImageObject","inLanguage":"pl-PL","@id":"https:\/\/secure.gravatar.com\/avatar\/c16c3ee787d7dac06be3101e60d7b357f40d4375278b4f1760aa8fb3114c1f93?s=96&d=mm&r=g","url":"https:\/\/secure.gravatar.com\/avatar\/c16c3ee787d7dac06be3101e60d7b357f40d4375278b4f1760aa8fb3114c1f93?s=96&d=mm&r=g","contentUrl":"https:\/\/secure.gravatar.com\/avatar\/c16c3ee787d7dac06be3101e60d7b357f40d4375278b4f1760aa8fb3114c1f93?s=96&d=mm&r=g","caption":"Anita"},"description":"Anita Odachowska Zakochana w Resibo i naturalnej piel\u0119gnacji, ciekawa \u015bwiata, szanuj\u0105ca przyrod\u0119 i doceniaj\u0105ca si\u0142\u0119 ro\u015blinnych sk\u0142adnik\u00f3w, w ci\u0105g\u0142ym d\u0105\u017ceniu do co najmniej less waste.","url":"https:\/\/resibo.pl\/blog\/author\/anita\/"}]}},"_links":{"self":[{"href":"https:\/\/resibo.pl\/blog\/wp-json\/wp\/v2\/posts\/24807","targetHints":{"allow":["GET"]}}],"collection":[{"href":"https:\/\/resibo.pl\/blog\/wp-json\/wp\/v2\/posts"}],"about":[{"href":"https:\/\/resibo.pl\/blog\/wp-json\/wp\/v2\/types\/post"}],"author":[{"embeddable":true,"href":"https:\/\/resibo.pl\/blog\/wp-json\/wp\/v2\/users\/6"}],"replies":[{"embeddable":true,"href":"https:\/\/resibo.pl\/blog\/wp-json\/wp\/v2\/comments?post=24807"}],"version-history":[{"count":2,"href":"https:\/\/resibo.pl\/blog\/wp-json\/wp\/v2\/posts\/24807\/revisions"}],"predecessor-version":[{"id":24812,"href":"https:\/\/resibo.pl\/blog\/wp-json\/wp\/v2\/posts\/24807\/revisions\/24812"}],"wp:featuredmedia":[{"embeddable":true,"href":"https:\/\/resibo.pl\/blog\/wp-json\/wp\/v2\/media\/24811"}],"wp:attachment":[{"href":"https:\/\/resibo.pl\/blog\/wp-json\/wp\/v2\/media?parent=24807"}],"wp:term":[{"taxonomy":"category","embeddable":true,"href":"https:\/\/resibo.pl\/blog\/wp-json\/wp\/v2\/categories?post=24807"},{"taxonomy":"post_tag","embeddable":true,"href":"https:\/\/resibo.pl\/blog\/wp-json\/wp\/v2\/tags?post=24807"}],"curies":[{"name":"wp","href":"https:\/\/api.w.org\/{rel}","templated":true}]}}