{"id":24898,"date":"2023-03-14T18:19:20","date_gmt":"2023-03-14T17:19:20","guid":{"rendered":"https:\/\/resibo.pl\/blog\/?p=24898"},"modified":"2023-03-14T18:19:33","modified_gmt":"2023-03-14T17:19:33","slug":"elektryzujace-sie-wlosy-jak-sobie-z-nimi-poradzic","status":"publish","type":"post","link":"https:\/\/resibo.pl\/blog\/elektryzujace-sie-wlosy-jak-sobie-z-nimi-poradzic\/","title":{"rendered":"Elektryzuj\u0105ce si\u0119 w\u0142osy. Jak sobie z nimi poradzi\u0107?"},"content":{"rendered":"<div class=\"vgblk-rw-wrapper limit-wrapper\">\n<h1 class=\"wp-block-heading\"><strong>Dlaczego w\u0142osy si\u0119 elektryzuj\u0105?<\/strong><\/h1>\n\n\n\n<h2 class=\"wp-block-heading\"><strong>Elektryzowanie si\u0119 w\u0142os\u00f3w to do\u015b\u0107 powszechne zjawisko, zw\u0142aszcza zim\u0105, gdy na dworze jest zimno, a my nosimy czapki, szaliki, swetry. Jak sobie z nim poradzi\u0107?<\/strong><\/h2>\n\n\n\n<h2 class=\"wp-block-heading\"><strong>Dlaczego w\u0142osy si\u0119 elektryzuj\u0105?<\/strong><\/h2>\n\n\n\n<p>Elektryzowanie si\u0119 w\u0142os\u00f3w jest zjawiskiem fizycznym. We w\u0142osach znajduj\u0105 si\u0119 jony dodatnie, takie same, jak jony znajduj\u0105ce si\u0119 we w\u0142\u00f3knach tkanin czy w unosz\u0105cym si\u0119 w powietrzu kurzu. W \u201esprzyjaj\u0105cych\u201d warunkach w\u0142osy zbieraj\u0105 du\u017cy dodatni \u0142adunek, przez co, zgodnie z prawami fizyki, jony \u2013 niczym w magnesie \u2013 zaczynaj\u0105 si\u0119 wzajemnie odpycha\u0107, unosz\u0105c w\u0142osy.<\/p>\n\n\n\n<p>Przyczynami elektryzowania si\u0119 w\u0142os\u00f3w mog\u0105 by\u0107 czynniki zewn\u0119trzne oraz wewn\u0119trzne.&nbsp;<\/p>\n\n\n\n<h3 class=\"wp-block-heading\"><strong>Zewn\u0119trzne przyczyny elektryzowania si\u0119 w\u0142os\u00f3w<\/strong><\/h3>\n\n\n\n<p>Do czynnik\u00f3w zewn\u0119trznych przyczyniaj\u0105cych si\u0119 do elektryzowania w\u0142os\u00f3w zaliczamy:<\/p>\n\n\n\n<ul class=\"wp-block-list\">\n<li>niskie temperatury,&nbsp;<\/li>\n\n\n\n<li>suche powietrze w pomieszczeniach,&nbsp;<\/li>\n\n\n\n<li>r\u00f3\u017cnice temperatur,&nbsp;<\/li>\n\n\n\n<li>suszenie w\u0142os\u00f3w suszark\u0105,<\/li>\n\n\n\n<li>noszenie czapki, ale tak\u017ce innej odzie\u017cy przyczyniaj\u0105cej si\u0119 do tarcia w okolicy g\u0142owy.<\/li>\n<\/ul>\n\n\n\n<h3 class=\"wp-block-heading\"><strong>Wewn\u0119trzne przyczyny elektryzowania si\u0119 w\u0142os\u00f3w<\/strong><\/h3>\n\n\n\n<p>Do wewn\u0119trznych czynnik\u00f3w zaliczamy:<\/p>\n\n\n\n<ul class=\"wp-block-list\">\n<li>niedostateczny poziom nawil\u017cenia w\u0142os\u00f3w,&nbsp;<\/li>\n\n\n\n<li>zniszczenie struktury w\u0142osa,&nbsp;<\/li>\n\n\n\n<li>niestosowanie od\u017cywki po myciu.<\/li>\n<\/ul>\n\n\n\n<h2 class=\"wp-block-heading\"><strong>Co pomaga na elektryzuj\u0105ce si\u0119 w\u0142osy?<\/strong><\/h2>\n\n\n\n<p>O ile na niekt\u00f3re przyczyny zewn\u0119trzne, takie jak warunki atmosferyczne (w tym tak\u017ce konieczno\u015b\u0107 noszenia czapek, szalik\u00f3w itd.) nie mamy wp\u0142ywu, o tyle na przyczyny wewn\u0119trzne, jak te\u017c na te przyczyny zewn\u0119trzne, kt\u00f3re od na zale\u017c\u0105 (suszenie suszark\u0105) \u2013 ju\u017c tak.<\/p>\n\n\n\n<p>Suszarki po prostu unikajmy, natomiast w je\u015bli chodzi o wewn\u0119trzne przyczyny elektryzowania si\u0119 w\u0142os\u00f3w, mo\u017cemy zrobi\u0107 ca\u0142kiem sporo, zw\u0142aszcza \u017ce zdrowe,&nbsp;<a href=\"https:\/\/resibo.pl\/blog\/puszenie-wlosow-przyczyny-jak-wygladzic-wlosy\/\">odpowiednio nawil\u017cone w\u0142osy<\/a>&nbsp;nawet w trudnych warunkach atmosferycznych i przy noszeniu czapki b\u0119d\u0105 si\u0119 elektryzowa\u0107 rzadko lub wcale.&nbsp;<\/p>\n\n\n\n<p>Oto co mo\u017cemy zrobi\u0107, aby pozby\u0107 si\u0119 elektryzowania w\u0142os\u00f3w:<\/p>\n\n\n\n<ul class=\"wp-block-list\">\n<li>zadbajmy o dobr\u0105 kondycj\u0119 w\u0142os\u00f3w (najcz\u0119\u015bciej elektryzuj\u0105 si\u0119 w\u0142osy suche i zniszczone),&nbsp;<\/li>\n\n\n\n<li>po myciu pozostawiajmy w\u0142osy do naturalnego wyschni\u0119cia, je\u015bli tylko to mo\u017cliwe,<\/li>\n\n\n\n<li>do czesania&nbsp;<a href=\"https:\/\/resibo.pl\/produkt\/234\/no-more-tangles-grzebien\">u\u017cywajmy tylko szczotek i grzebieni z naturalnych surowc\u00f3w<\/a>&nbsp;(np. drewno, ro\u015blinna celuloza),&nbsp;<\/li>\n\n\n\n<li>nawil\u017cajmy powietrze w pomieszczeniach, w kt\u00f3rych mieszkamy i pracujemy,<\/li>\n\n\n\n<li>unikajmy ubra\u0144 z materia\u0142\u00f3w syntetycznych,<\/li>\n\n\n\n<li>stosujmy do p\u0142ukania ubra\u0144 p\u0142yny antystatyczne.<\/li>\n<\/ul>\n\n\n\n<h2 class=\"wp-block-heading\"><strong>Elektryzuj\u0105ce si\u0119 w\u0142osy \u2013 jak je poprawnie piel\u0119gnowa\u0107?<\/strong><\/h2>\n\n\n\n<p>Chc\u0105c zadba\u0107 o w\u0142osy, kt\u00f3re cz\u0119sto si\u0119 elektryzuj\u0105, przede wszystkim zadbajmy o ich zdrowie i kondycj\u0119, w szczeg\u00f3lno\u015bci o odpowiedni poziom nawil\u017cenia. Do mycia stosujmy \u0142agodne, naturalne szampony, a po myciu zawsze&nbsp;<a href=\"https:\/\/resibo.pl\/produkt\/216\/odzywka-proteinowa\">nak\u0142adajmy od\u017cywk\u0119<\/a>.&nbsp;<\/p>\n\n\n\n<p>Warto przynajmniej raz w tygodniu olejowa\u0107 w\u0142osy. To nie tylko je wzmocni, ale r\u00f3wnie\u017c pomo\u017ce zachowa\u0107 naturaln\u0105 wilgotno\u015b\u0107.Je\u015bli mimo odpowiedniej piel\u0119gnacji, nasze w\u0142osy nadal cz\u0119sto si\u0119 elektryzuj\u0105, rozwa\u017cmy ich&nbsp;<a href=\"https:\/\/resibo.pl\/blog\/metoda-omo-jak-sie-myje-wlosy-ta-metoda-najwazniejsze-zasady\/\">mycie metod\u0105 OMO<\/a>&nbsp;(od\u017cywka \u2013 mycie \u2013 od\u017cywka) lub nawet \u2013 co kt\u00f3re\u015b mycie \u2013 metod\u0105 O (sama od\u017cywka) albo MOO (szampon plus od\u017cywka, kt\u00f3r\u0105 sp\u0142ukujemy i od\u017cywka bez sp\u0142ukiwania).<\/p>\n<\/div><!-- .vgblk-rw-wrapper -->","protected":false},"excerpt":{"rendered":"<p>Dlaczego w\u0142osy si\u0119 elektryzuj\u0105? Elektryzowanie si\u0119 w\u0142os\u00f3w to do\u015b\u0107 powszechne zjawisko, zw\u0142aszcza zim\u0105, gdy na dworze jest zimno, a my nosimy czapki, szaliki, swetry. Jak sobie z nim poradzi\u0107? Dlaczego w\u0142osy si\u0119 elektryzuj\u0105? Elektryzowanie si\u0119 w\u0142os\u00f3w jest zjawiskiem fizycznym. We w\u0142osach znajduj\u0105 si\u0119 jony dodatnie, takie same, jak jony znajduj\u0105ce si\u0119 we w\u0142\u00f3knach tkanin czy&#8230;<\/p>\n","protected":false},"author":6,"featured_media":24900,"comment_status":"closed","ping_status":"closed","sticky":false,"template":"","format":"standard","meta":{"footnotes":""},"categories":[161,40],"tags":[],"class_list":["post-24898","post","type-post","status-publish","format-standard","has-post-thumbnail","hentry","category-beauty","category-magda-o-pielegnacji"],"yoast_head":"<!-- This site is optimized with the Yoast SEO plugin v27.4 - https:\/\/yoast.com\/product\/yoast-seo-wordpress\/ -->\n<title>Elektryzuj\u0105ce si\u0119 w\u0142osy. Jak sobie z nimi poradzi\u0107? - Kosmetyki naturalne Resibo<\/title>\n<meta name=\"description\" content=\"Elektryzowanie si\u0119 w\u0142os\u00f3w bywa uci\u0105\u017cliwe. Dowiedz si\u0119, sk\u0105d si\u0119 bierze to zjawisko i co zrobi\u0107, by mu zapobiec. 6 wa\u017cnych wskaz\u00f3wek.\" \/>\n<meta name=\"robots\" content=\"index, follow, max-snippet:-1, max-image-preview:large, max-video-preview:-1\" \/>\n<link rel=\"canonical\" href=\"https:\/\/resibo.pl\/blog\/elektryzujace-sie-wlosy-jak-sobie-z-nimi-poradzic\/\" \/>\n<meta property=\"og:locale\" content=\"pl_PL\" \/>\n<meta property=\"og:type\" content=\"article\" \/>\n<meta property=\"og:title\" content=\"Elektryzuj\u0105ce si\u0119 w\u0142osy. Jak sobie z nimi poradzi\u0107? - Kosmetyki naturalne Resibo\" \/>\n<meta property=\"og:description\" content=\"Elektryzowanie si\u0119 w\u0142os\u00f3w bywa uci\u0105\u017cliwe. Dowiedz si\u0119, sk\u0105d si\u0119 bierze to zjawisko i co zrobi\u0107, by mu zapobiec. 6 wa\u017cnych wskaz\u00f3wek.\" \/>\n<meta property=\"og:url\" content=\"https:\/\/resibo.pl\/blog\/elektryzujace-sie-wlosy-jak-sobie-z-nimi-poradzic\/\" \/>\n<meta property=\"og:site_name\" content=\"Kosmetyki naturalne Resibo\" \/>\n<meta property=\"article:publisher\" content=\"http:\/\/facebook.com\/resiboPL\" \/>\n<meta property=\"article:published_time\" content=\"2023-03-14T17:19:20+00:00\" \/>\n<meta property=\"article:modified_time\" content=\"2023-03-14T17:19:33+00:00\" \/>\n<meta property=\"og:image\" content=\"https:\/\/resibo.pl\/blog\/wp-content\/uploads\/2023\/03\/Snapshot-15-04-2022-13_24-1.png\" \/>\n\t<meta property=\"og:image:width\" content=\"1497\" \/>\n\t<meta property=\"og:image:height\" content=\"986\" \/>\n\t<meta property=\"og:image:type\" content=\"image\/png\" \/>\n<meta name=\"author\" content=\"Anita\" \/>\n<meta name=\"twitter:label1\" content=\"Napisane przez\" \/>\n\t<meta name=\"twitter:data1\" content=\"Anita\" \/>\n\t<meta name=\"twitter:label2\" content=\"Szacowany czas czytania\" \/>\n\t<meta name=\"twitter:data2\" content=\"3 minuty\" \/>\n<script type=\"application\/ld+json\" class=\"yoast-schema-graph\">{\"@context\":\"https:\\\/\\\/schema.org\",\"@graph\":[{\"@type\":\"Article\",\"@id\":\"https:\\\/\\\/resibo.pl\\\/blog\\\/elektryzujace-sie-wlosy-jak-sobie-z-nimi-poradzic\\\/#article\",\"isPartOf\":{\"@id\":\"https:\\\/\\\/resibo.pl\\\/blog\\\/elektryzujace-sie-wlosy-jak-sobie-z-nimi-poradzic\\\/\"},\"author\":{\"name\":\"Anita\",\"@id\":\"https:\\\/\\\/resibo.pl\\\/blog\\\/#\\\/schema\\\/person\\\/ef9013c96e1204d78b18c2243ed265a9\"},\"headline\":\"Elektryzuj\u0105ce si\u0119 w\u0142osy. Jak sobie z nimi poradzi\u0107?\",\"datePublished\":\"2023-03-14T17:19:20+00:00\",\"dateModified\":\"2023-03-14T17:19:33+00:00\",\"mainEntityOfPage\":{\"@id\":\"https:\\\/\\\/resibo.pl\\\/blog\\\/elektryzujace-sie-wlosy-jak-sobie-z-nimi-poradzic\\\/\"},\"wordCount\":541,\"publisher\":{\"@id\":\"https:\\\/\\\/resibo.pl\\\/blog\\\/#organization\"},\"image\":{\"@id\":\"https:\\\/\\\/resibo.pl\\\/blog\\\/elektryzujace-sie-wlosy-jak-sobie-z-nimi-poradzic\\\/#primaryimage\"},\"thumbnailUrl\":\"https:\\\/\\\/resibo.pl\\\/blog\\\/wp-content\\\/uploads\\\/2023\\\/03\\\/Snapshot-15-04-2022-13_24-1.png\",\"articleSection\":[\"Beauty\",\"O pielegnacji\"],\"inLanguage\":\"pl-PL\"},{\"@type\":\"WebPage\",\"@id\":\"https:\\\/\\\/resibo.pl\\\/blog\\\/elektryzujace-sie-wlosy-jak-sobie-z-nimi-poradzic\\\/\",\"url\":\"https:\\\/\\\/resibo.pl\\\/blog\\\/elektryzujace-sie-wlosy-jak-sobie-z-nimi-poradzic\\\/\",\"name\":\"Elektryzuj\u0105ce si\u0119 w\u0142osy. Jak sobie z nimi poradzi\u0107? - Kosmetyki naturalne Resibo\",\"isPartOf\":{\"@id\":\"https:\\\/\\\/resibo.pl\\\/blog\\\/#website\"},\"primaryImageOfPage\":{\"@id\":\"https:\\\/\\\/resibo.pl\\\/blog\\\/elektryzujace-sie-wlosy-jak-sobie-z-nimi-poradzic\\\/#primaryimage\"},\"image\":{\"@id\":\"https:\\\/\\\/resibo.pl\\\/blog\\\/elektryzujace-sie-wlosy-jak-sobie-z-nimi-poradzic\\\/#primaryimage\"},\"thumbnailUrl\":\"https:\\\/\\\/resibo.pl\\\/blog\\\/wp-content\\\/uploads\\\/2023\\\/03\\\/Snapshot-15-04-2022-13_24-1.png\",\"datePublished\":\"2023-03-14T17:19:20+00:00\",\"dateModified\":\"2023-03-14T17:19:33+00:00\",\"description\":\"Elektryzowanie si\u0119 w\u0142os\u00f3w bywa uci\u0105\u017cliwe. Dowiedz si\u0119, sk\u0105d si\u0119 bierze to zjawisko i co zrobi\u0107, by mu zapobiec. 6 wa\u017cnych wskaz\u00f3wek.\",\"breadcrumb\":{\"@id\":\"https:\\\/\\\/resibo.pl\\\/blog\\\/elektryzujace-sie-wlosy-jak-sobie-z-nimi-poradzic\\\/#breadcrumb\"},\"inLanguage\":\"pl-PL\",\"potentialAction\":[{\"@type\":\"ReadAction\",\"target\":[\"https:\\\/\\\/resibo.pl\\\/blog\\\/elektryzujace-sie-wlosy-jak-sobie-z-nimi-poradzic\\\/\"]}]},{\"@type\":\"ImageObject\",\"inLanguage\":\"pl-PL\",\"@id\":\"https:\\\/\\\/resibo.pl\\\/blog\\\/elektryzujace-sie-wlosy-jak-sobie-z-nimi-poradzic\\\/#primaryimage\",\"url\":\"https:\\\/\\\/resibo.pl\\\/blog\\\/wp-content\\\/uploads\\\/2023\\\/03\\\/Snapshot-15-04-2022-13_24-1.png\",\"contentUrl\":\"https:\\\/\\\/resibo.pl\\\/blog\\\/wp-content\\\/uploads\\\/2023\\\/03\\\/Snapshot-15-04-2022-13_24-1.png\",\"width\":1497,\"height\":986},{\"@type\":\"BreadcrumbList\",\"@id\":\"https:\\\/\\\/resibo.pl\\\/blog\\\/elektryzujace-sie-wlosy-jak-sobie-z-nimi-poradzic\\\/#breadcrumb\",\"itemListElement\":[{\"@type\":\"ListItem\",\"position\":1,\"name\":\"Strona g\u0142\u00f3wna\",\"item\":\"https:\\\/\\\/resibo.pl\\\/blog\\\/\"},{\"@type\":\"ListItem\",\"position\":2,\"name\":\"Elektryzuj\u0105ce si\u0119 w\u0142osy. Jak sobie z nimi poradzi\u0107?\"}]},{\"@type\":\"WebSite\",\"@id\":\"https:\\\/\\\/resibo.pl\\\/blog\\\/#website\",\"url\":\"https:\\\/\\\/resibo.pl\\\/blog\\\/\",\"name\":\"Kosmetyki naturalne Resibo\",\"description\":\"\",\"publisher\":{\"@id\":\"https:\\\/\\\/resibo.pl\\\/blog\\\/#organization\"},\"potentialAction\":[{\"@type\":\"SearchAction\",\"target\":{\"@type\":\"EntryPoint\",\"urlTemplate\":\"https:\\\/\\\/resibo.pl\\\/blog\\\/?s={search_term_string}\"},\"query-input\":{\"@type\":\"PropertyValueSpecification\",\"valueRequired\":true,\"valueName\":\"search_term_string\"}}],\"inLanguage\":\"pl-PL\"},{\"@type\":\"Organization\",\"@id\":\"https:\\\/\\\/resibo.pl\\\/blog\\\/#organization\",\"name\":\"Resibo\",\"url\":\"https:\\\/\\\/resibo.pl\\\/blog\\\/\",\"logo\":{\"@type\":\"ImageObject\",\"inLanguage\":\"pl-PL\",\"@id\":\"https:\\\/\\\/resibo.pl\\\/blog\\\/#\\\/schema\\\/logo\\\/image\\\/\",\"url\":\"https:\\\/\\\/resibo.pl\\\/blog\\\/wp-content\\\/uploads\\\/2022\\\/02\\\/cropped-logo.png\",\"contentUrl\":\"https:\\\/\\\/resibo.pl\\\/blog\\\/wp-content\\\/uploads\\\/2022\\\/02\\\/cropped-logo.png\",\"width\":274,\"height\":109,\"caption\":\"Resibo\"},\"image\":{\"@id\":\"https:\\\/\\\/resibo.pl\\\/blog\\\/#\\\/schema\\\/logo\\\/image\\\/\"},\"sameAs\":[\"http:\\\/\\\/facebook.com\\\/resiboPL\",\"http:\\\/\\\/instagram.com\\\/resibobynature\"]},{\"@type\":\"Person\",\"@id\":\"https:\\\/\\\/resibo.pl\\\/blog\\\/#\\\/schema\\\/person\\\/ef9013c96e1204d78b18c2243ed265a9\",\"name\":\"Anita\",\"image\":{\"@type\":\"ImageObject\",\"inLanguage\":\"pl-PL\",\"@id\":\"https:\\\/\\\/secure.gravatar.com\\\/avatar\\\/c16c3ee787d7dac06be3101e60d7b357f40d4375278b4f1760aa8fb3114c1f93?s=96&d=mm&r=g\",\"url\":\"https:\\\/\\\/secure.gravatar.com\\\/avatar\\\/c16c3ee787d7dac06be3101e60d7b357f40d4375278b4f1760aa8fb3114c1f93?s=96&d=mm&r=g\",\"contentUrl\":\"https:\\\/\\\/secure.gravatar.com\\\/avatar\\\/c16c3ee787d7dac06be3101e60d7b357f40d4375278b4f1760aa8fb3114c1f93?s=96&d=mm&r=g\",\"caption\":\"Anita\"},\"description\":\"Anita Odachowska Zakochana w Resibo i naturalnej piel\u0119gnacji, ciekawa \u015bwiata, szanuj\u0105ca przyrod\u0119 i doceniaj\u0105ca si\u0142\u0119 ro\u015blinnych sk\u0142adnik\u00f3w, w ci\u0105g\u0142ym d\u0105\u017ceniu do co najmniej less waste.\",\"url\":\"https:\\\/\\\/resibo.pl\\\/blog\\\/author\\\/anita\\\/\"}]}<\/script>\n<!-- \/ Yoast SEO plugin. -->","yoast_head_json":{"title":"Elektryzuj\u0105ce si\u0119 w\u0142osy. Jak sobie z nimi poradzi\u0107? - Kosmetyki naturalne Resibo","description":"Elektryzowanie si\u0119 w\u0142os\u00f3w bywa uci\u0105\u017cliwe. Dowiedz si\u0119, sk\u0105d si\u0119 bierze to zjawisko i co zrobi\u0107, by mu zapobiec. 6 wa\u017cnych wskaz\u00f3wek.","robots":{"index":"index","follow":"follow","max-snippet":"max-snippet:-1","max-image-preview":"max-image-preview:large","max-video-preview":"max-video-preview:-1"},"canonical":"https:\/\/resibo.pl\/blog\/elektryzujace-sie-wlosy-jak-sobie-z-nimi-poradzic\/","og_locale":"pl_PL","og_type":"article","og_title":"Elektryzuj\u0105ce si\u0119 w\u0142osy. Jak sobie z nimi poradzi\u0107? - Kosmetyki naturalne Resibo","og_description":"Elektryzowanie si\u0119 w\u0142os\u00f3w bywa uci\u0105\u017cliwe. Dowiedz si\u0119, sk\u0105d si\u0119 bierze to zjawisko i co zrobi\u0107, by mu zapobiec. 6 wa\u017cnych wskaz\u00f3wek.","og_url":"https:\/\/resibo.pl\/blog\/elektryzujace-sie-wlosy-jak-sobie-z-nimi-poradzic\/","og_site_name":"Kosmetyki naturalne Resibo","article_publisher":"http:\/\/facebook.com\/resiboPL","article_published_time":"2023-03-14T17:19:20+00:00","article_modified_time":"2023-03-14T17:19:33+00:00","og_image":[{"width":1497,"height":986,"url":"https:\/\/resibo.pl\/blog\/wp-content\/uploads\/2023\/03\/Snapshot-15-04-2022-13_24-1.png","type":"image\/png"}],"author":"Anita","twitter_misc":{"Napisane przez":"Anita","Szacowany czas czytania":"3 minuty"},"schema":{"@context":"https:\/\/schema.org","@graph":[{"@type":"Article","@id":"https:\/\/resibo.pl\/blog\/elektryzujace-sie-wlosy-jak-sobie-z-nimi-poradzic\/#article","isPartOf":{"@id":"https:\/\/resibo.pl\/blog\/elektryzujace-sie-wlosy-jak-sobie-z-nimi-poradzic\/"},"author":{"name":"Anita","@id":"https:\/\/resibo.pl\/blog\/#\/schema\/person\/ef9013c96e1204d78b18c2243ed265a9"},"headline":"Elektryzuj\u0105ce si\u0119 w\u0142osy. Jak sobie z nimi poradzi\u0107?","datePublished":"2023-03-14T17:19:20+00:00","dateModified":"2023-03-14T17:19:33+00:00","mainEntityOfPage":{"@id":"https:\/\/resibo.pl\/blog\/elektryzujace-sie-wlosy-jak-sobie-z-nimi-poradzic\/"},"wordCount":541,"publisher":{"@id":"https:\/\/resibo.pl\/blog\/#organization"},"image":{"@id":"https:\/\/resibo.pl\/blog\/elektryzujace-sie-wlosy-jak-sobie-z-nimi-poradzic\/#primaryimage"},"thumbnailUrl":"https:\/\/resibo.pl\/blog\/wp-content\/uploads\/2023\/03\/Snapshot-15-04-2022-13_24-1.png","articleSection":["Beauty","O pielegnacji"],"inLanguage":"pl-PL"},{"@type":"WebPage","@id":"https:\/\/resibo.pl\/blog\/elektryzujace-sie-wlosy-jak-sobie-z-nimi-poradzic\/","url":"https:\/\/resibo.pl\/blog\/elektryzujace-sie-wlosy-jak-sobie-z-nimi-poradzic\/","name":"Elektryzuj\u0105ce si\u0119 w\u0142osy. Jak sobie z nimi poradzi\u0107? - Kosmetyki naturalne Resibo","isPartOf":{"@id":"https:\/\/resibo.pl\/blog\/#website"},"primaryImageOfPage":{"@id":"https:\/\/resibo.pl\/blog\/elektryzujace-sie-wlosy-jak-sobie-z-nimi-poradzic\/#primaryimage"},"image":{"@id":"https:\/\/resibo.pl\/blog\/elektryzujace-sie-wlosy-jak-sobie-z-nimi-poradzic\/#primaryimage"},"thumbnailUrl":"https:\/\/resibo.pl\/blog\/wp-content\/uploads\/2023\/03\/Snapshot-15-04-2022-13_24-1.png","datePublished":"2023-03-14T17:19:20+00:00","dateModified":"2023-03-14T17:19:33+00:00","description":"Elektryzowanie si\u0119 w\u0142os\u00f3w bywa uci\u0105\u017cliwe. Dowiedz si\u0119, sk\u0105d si\u0119 bierze to zjawisko i co zrobi\u0107, by mu zapobiec. 6 wa\u017cnych wskaz\u00f3wek.","breadcrumb":{"@id":"https:\/\/resibo.pl\/blog\/elektryzujace-sie-wlosy-jak-sobie-z-nimi-poradzic\/#breadcrumb"},"inLanguage":"pl-PL","potentialAction":[{"@type":"ReadAction","target":["https:\/\/resibo.pl\/blog\/elektryzujace-sie-wlosy-jak-sobie-z-nimi-poradzic\/"]}]},{"@type":"ImageObject","inLanguage":"pl-PL","@id":"https:\/\/resibo.pl\/blog\/elektryzujace-sie-wlosy-jak-sobie-z-nimi-poradzic\/#primaryimage","url":"https:\/\/resibo.pl\/blog\/wp-content\/uploads\/2023\/03\/Snapshot-15-04-2022-13_24-1.png","contentUrl":"https:\/\/resibo.pl\/blog\/wp-content\/uploads\/2023\/03\/Snapshot-15-04-2022-13_24-1.png","width":1497,"height":986},{"@type":"BreadcrumbList","@id":"https:\/\/resibo.pl\/blog\/elektryzujace-sie-wlosy-jak-sobie-z-nimi-poradzic\/#breadcrumb","itemListElement":[{"@type":"ListItem","position":1,"name":"Strona g\u0142\u00f3wna","item":"https:\/\/resibo.pl\/blog\/"},{"@type":"ListItem","position":2,"name":"Elektryzuj\u0105ce si\u0119 w\u0142osy. Jak sobie z nimi poradzi\u0107?"}]},{"@type":"WebSite","@id":"https:\/\/resibo.pl\/blog\/#website","url":"https:\/\/resibo.pl\/blog\/","name":"Kosmetyki naturalne Resibo","description":"","publisher":{"@id":"https:\/\/resibo.pl\/blog\/#organization"},"potentialAction":[{"@type":"SearchAction","target":{"@type":"EntryPoint","urlTemplate":"https:\/\/resibo.pl\/blog\/?s={search_term_string}"},"query-input":{"@type":"PropertyValueSpecification","valueRequired":true,"valueName":"search_term_string"}}],"inLanguage":"pl-PL"},{"@type":"Organization","@id":"https:\/\/resibo.pl\/blog\/#organization","name":"Resibo","url":"https:\/\/resibo.pl\/blog\/","logo":{"@type":"ImageObject","inLanguage":"pl-PL","@id":"https:\/\/resibo.pl\/blog\/#\/schema\/logo\/image\/","url":"https:\/\/resibo.pl\/blog\/wp-content\/uploads\/2022\/02\/cropped-logo.png","contentUrl":"https:\/\/resibo.pl\/blog\/wp-content\/uploads\/2022\/02\/cropped-logo.png","width":274,"height":109,"caption":"Resibo"},"image":{"@id":"https:\/\/resibo.pl\/blog\/#\/schema\/logo\/image\/"},"sameAs":["http:\/\/facebook.com\/resiboPL","http:\/\/instagram.com\/resibobynature"]},{"@type":"Person","@id":"https:\/\/resibo.pl\/blog\/#\/schema\/person\/ef9013c96e1204d78b18c2243ed265a9","name":"Anita","image":{"@type":"ImageObject","inLanguage":"pl-PL","@id":"https:\/\/secure.gravatar.com\/avatar\/c16c3ee787d7dac06be3101e60d7b357f40d4375278b4f1760aa8fb3114c1f93?s=96&d=mm&r=g","url":"https:\/\/secure.gravatar.com\/avatar\/c16c3ee787d7dac06be3101e60d7b357f40d4375278b4f1760aa8fb3114c1f93?s=96&d=mm&r=g","contentUrl":"https:\/\/secure.gravatar.com\/avatar\/c16c3ee787d7dac06be3101e60d7b357f40d4375278b4f1760aa8fb3114c1f93?s=96&d=mm&r=g","caption":"Anita"},"description":"Anita Odachowska Zakochana w Resibo i naturalnej piel\u0119gnacji, ciekawa \u015bwiata, szanuj\u0105ca przyrod\u0119 i doceniaj\u0105ca si\u0142\u0119 ro\u015blinnych sk\u0142adnik\u00f3w, w ci\u0105g\u0142ym d\u0105\u017ceniu do co najmniej less waste.","url":"https:\/\/resibo.pl\/blog\/author\/anita\/"}]}},"_links":{"self":[{"href":"https:\/\/resibo.pl\/blog\/wp-json\/wp\/v2\/posts\/24898","targetHints":{"allow":["GET"]}}],"collection":[{"href":"https:\/\/resibo.pl\/blog\/wp-json\/wp\/v2\/posts"}],"about":[{"href":"https:\/\/resibo.pl\/blog\/wp-json\/wp\/v2\/types\/post"}],"author":[{"embeddable":true,"href":"https:\/\/resibo.pl\/blog\/wp-json\/wp\/v2\/users\/6"}],"replies":[{"embeddable":true,"href":"https:\/\/resibo.pl\/blog\/wp-json\/wp\/v2\/comments?post=24898"}],"version-history":[{"count":2,"href":"https:\/\/resibo.pl\/blog\/wp-json\/wp\/v2\/posts\/24898\/revisions"}],"predecessor-version":[{"id":24901,"href":"https:\/\/resibo.pl\/blog\/wp-json\/wp\/v2\/posts\/24898\/revisions\/24901"}],"wp:featuredmedia":[{"embeddable":true,"href":"https:\/\/resibo.pl\/blog\/wp-json\/wp\/v2\/media\/24900"}],"wp:attachment":[{"href":"https:\/\/resibo.pl\/blog\/wp-json\/wp\/v2\/media?parent=24898"}],"wp:term":[{"taxonomy":"category","embeddable":true,"href":"https:\/\/resibo.pl\/blog\/wp-json\/wp\/v2\/categories?post=24898"},{"taxonomy":"post_tag","embeddable":true,"href":"https:\/\/resibo.pl\/blog\/wp-json\/wp\/v2\/tags?post=24898"}],"curies":[{"name":"wp","href":"https:\/\/api.w.org\/{rel}","templated":true}]}}