{"id":24950,"date":"2023-04-17T21:49:07","date_gmt":"2023-04-17T19:49:07","guid":{"rendered":"https:\/\/resibo.pl\/blog\/?p=24950"},"modified":"2023-04-17T21:49:07","modified_gmt":"2023-04-17T19:49:07","slug":"kwas-traneksamowy-w-kosmetykach-jakie-ma-dzialanie","status":"publish","type":"post","link":"https:\/\/resibo.pl\/blog\/kwas-traneksamowy-w-kosmetykach-jakie-ma-dzialanie\/","title":{"rendered":"Kwas traneksamowy w kosmetykach: jakie ma dzia\u0142anie?"},"content":{"rendered":"<div class=\"vgblk-rw-wrapper limit-wrapper\">\n<h1 class=\"wp-block-heading\"><strong>Kwas traneksamowy \u2013 jakie ma dzia\u0142anie i dlaczego warto go stosowa\u0107 w piel\u0119gnacji?<\/strong><\/h1>\n\n\n\n<h2 class=\"wp-block-heading\"><strong>Dobroczynne dzia\u0142anie kwasu traneksamowego na sk\u00f3r\u0119 odkryto przypadkiem. Stosowany pierwotnie w medycynie, od niedawna jest cenionym sk\u0142adnikiem kosmetycznym. Dowiedz si\u0119, jak wp\u0142ywa na cer\u0119 i w czym mo\u017ce pom\u00f3c.<\/strong><\/h2>\n\n\n\n<h2 class=\"wp-block-heading\"><strong>Kwas traneksamowy \u2013 co to?<\/strong><\/h2>\n\n\n\n<p>Wprowadzony do medycyny w 1968 roku kwas traneksamowy to wytwarzany syntetycznie aminokwas o dzia\u0142aniu przeciwkrwotocznym i przeciwzapalnym. Od tamtej pory jest nieprzerwanie stosowany w medycynie jako \u015brodek zapobiegaj\u0105cy krwotokom podczas r\u00f3\u017cnych operacji, a tak\u017ce u os\u00f3b chorych na hemofili\u0119.&nbsp;<\/p>\n\n\n\n<p>Kilka lat p\u00f3\u017aniej przypadkiem odkryto inne dzia\u0142anie tego kwasu. Stosuj\u0105c go na sk\u00f3r\u0119 u pacjenta choruj\u0105cego na przewlek\u0142\u0105 pokrzywk\u0119, zauwa\u017cono jednoczesne zmniejszenie melasmy, czyli przebarwie\u0144 sk\u00f3ry b\u0119d\u0105cych wynikiem zmian hormonalnych. Najcz\u0119\u015bciej s\u0105 to plamy na twarzy (czo\u0142o, policzki, skronie). Poniewa\u017c kwas traneksamowy jest bardzo delikatny i bezpieczny dla sk\u00f3ry, natychmiast zainteresowa\u0142 si\u0119 nim przemys\u0142 kosmetyczny.<\/p>\n\n\n\n<h2 class=\"wp-block-heading\"><strong>Jak kwas traneksamowy dzia\u0142a na sk\u00f3r\u0119?<\/strong><\/h2>\n\n\n\n<p>Kwas traneksamowy dzia\u0142a na sk\u00f3r\u0119 na r\u00f3\u017cnych etapach melanogenezy, czyli procesu wytwarzania barwnik\u00f3w w sk\u00f3rze. Jest to proces, w kt\u00f3rym istotn\u0105 rol\u0119 odgrywaj\u0105 enzymy, g\u0142\u00f3wnie tyrozynaza. I to w\u0142a\u015bnie na ni\u0105 dzia\u0142a kwas traneksamowy, zmniejszaj\u0105c jej aktywno\u015b\u0107. Jednocze\u015bnie obni\u017ca produkcj\u0119 prostaglandyn, kt\u00f3re odpowiadaj\u0105 za powstawanie stanu zapalnego. Co wi\u0119cej, aktywno\u015b\u0107 kwasu traneksamowego jest obserwowana na kilku etapach melanogenezy, przez co dzia\u0142a nie tylko na istniej\u0105ce przebarwienia, ale jednocze\u015bnie zapobiega powstawaniu nowych.<\/p>\n\n\n\n<p>Stosuj\u0105c kosmetyki z kwasem traneksamowym, mo\u017cemy spodziewa\u0107 si\u0119 nast\u0119puj\u0105cych efekt\u00f3w:<\/p>\n\n\n\n<ul class=\"wp-block-list\">\n<li>przebarwienia, w tym pozapalne i wywo\u0142ane nadmiern\u0105 ekspozycj\u0105 na s\u0142o\u0144ce, zostan\u0105 rozja\u015bnione,<\/li>\n\n\n\n<li>koloryt sk\u00f3ry zostanie wyr\u00f3wnany,<\/li>\n\n\n\n<li>objawy tr\u0105dziku r\u00f3\u017cowatego zmniejsz\u0105 si\u0119,<\/li>\n\n\n\n<li>stany zapalne zostan\u0105 z\u0142agodzone,<\/li>\n\n\n\n<li>\u015bwi\u0105d i pokrzywka zmniejsz\u0105 si\u0119,<\/li>\n\n\n\n<li>sk\u00f3ra b\u0119dzie nawil\u017cona,<\/li>\n\n\n\n<li>naczynia krwiono\u015bne zostan\u0105 wzmocnione.<\/li>\n<\/ul>\n\n\n\n<h2 class=\"wp-block-heading\"><strong>Jak stosowa\u0107 kwas traneksamowy?<\/strong><\/h2>\n\n\n\n<p>Mimo \u017ce mo\u017cna kupi\u0107 roztw\u00f3r czystego kwasu traneksamowego, to jednak ze wzgl\u0119du na jego silne dzia\u0142anie odradzam samodzielne stosowanie takiego preparatu w domu. Je\u015bli borykamy si\u0119 z silnymi przebarwieniami czy tr\u0105dzikiem r\u00f3\u017cowatym, udajmy si\u0119 do gabinetu kosmetycznego, gdzie do\u015bwiadczony kosmetolog dobierze odpowiedni\u0105 terapi\u0119. W pozosta\u0142ych przypadkach lepiej si\u0119gn\u0105\u0107 po&nbsp;<a href=\"https:\/\/resibo.pl\/produkt\/272\/resibo-multikwasowa-esencja-odnawiajaca\">bezpieczne, naturalne kosmetyki zawieraj\u0105ce kwas traneksamowy<\/a>, kt\u00f3rych producenci zadbali o to, by wszystkie sk\u0142adniki dzia\u0142a\u0142y na nasz\u0105 sk\u00f3r\u0119 komplementarnie, a skutki intensywnego dzia\u0142ania tego, czy innych kwas\u00f3w by\u0142y natychmiast \u0142agodzone.<\/p>\n\n\n\n<h2 class=\"wp-block-heading\"><strong>Czy ka\u017cdy mo\u017ce stosowa\u0107 kwas traneksamowy?<\/strong><\/h2>\n\n\n\n<p>Kwas traneksamowy, mimo \u017ce jest bezpieczny i delikatny dla sk\u00f3ry, nie powinien by\u0107 stosowany przez ka\u017cdego, chyba \u017ce chcemy sobie wybieli\u0107 sk\u00f3r\u0119. Jest to sk\u0142adnik, po kt\u00f3ry powinny si\u0119gn\u0105\u0107 osoby, kt\u00f3re borykaj\u0105 si\u0119 z nast\u0119puj\u0105cymi problemami:<\/p>\n\n\n\n<ul class=\"wp-block-list\">\n<li>nieust\u0119pliwe przebarwienia, np. plamy w\u0105trobowe, plamy potr\u0105dzikowe, plamy pos\u0142oneczne, ostuda,<\/li>\n\n\n\n<li>nier\u00f3wny koloryt sk\u00f3ry,&nbsp;<\/li>\n\n\n\n<li>cera poszarza\u0142a i z oznakami zm\u0119czenia,&nbsp;<\/li>\n\n\n\n<li>cera naczynkowa,<\/li>\n\n\n\n<li>tr\u0105dzik r\u00f3\u017cowaty, a tak\u017ce wspomagaj\u0105co \u2013 tr\u0105dzik pospolity oraz tr\u0105dzik os\u00f3b doros\u0142ych.<\/li>\n<\/ul>\n\n\n\n<p>Uwaga! Piegi to te\u017c przebarwienia. Je\u015bli je mamy i lubimy \u2013 unikajmy kwasu traneksamowego w kosmetykach.&nbsp;<\/p>\n<\/div><!-- .vgblk-rw-wrapper -->","protected":false},"excerpt":{"rendered":"<p>Kwas traneksamowy \u2013 jakie ma dzia\u0142anie i dlaczego warto go stosowa\u0107 w piel\u0119gnacji? Dobroczynne dzia\u0142anie kwasu traneksamowego na sk\u00f3r\u0119 odkryto przypadkiem. Stosowany pierwotnie w medycynie, od niedawna jest cenionym sk\u0142adnikiem kosmetycznym. Dowiedz si\u0119, jak wp\u0142ywa na cer\u0119 i w czym mo\u017ce pom\u00f3c. Kwas traneksamowy \u2013 co to? Wprowadzony do medycyny w 1968 roku kwas traneksamowy&#8230;<\/p>\n","protected":false},"author":6,"featured_media":24952,"comment_status":"closed","ping_status":"closed","sticky":false,"template":"","format":"standard","meta":{"footnotes":""},"categories":[161,145],"tags":[],"class_list":["post-24950","post","type-post","status-publish","format-standard","has-post-thumbnail","hentry","category-beauty","category-o-skladnikach"],"yoast_head":"<!-- This site is optimized with the Yoast SEO plugin v27.5 - https:\/\/yoast.com\/product\/yoast-seo-wordpress\/ -->\n<title>Kwas traneksamowy w kosmetykach: jakie ma dzia\u0142anie? - Kosmetyki naturalne Resibo<\/title>\n<meta name=\"description\" content=\"Kwas traneksamowy to silna substancja o szerokim dzia\u0142aniu. Dowiedz si\u0119, dlaczego warto go szuka\u0107 w kosmetykach i jakie ma dzia\u0142anie.\" \/>\n<meta name=\"robots\" content=\"index, follow, max-snippet:-1, max-image-preview:large, max-video-preview:-1\" \/>\n<link rel=\"canonical\" href=\"https:\/\/resibo.pl\/blog\/kwas-traneksamowy-w-kosmetykach-jakie-ma-dzialanie\/\" \/>\n<meta property=\"og:locale\" content=\"pl_PL\" \/>\n<meta property=\"og:type\" content=\"article\" \/>\n<meta property=\"og:title\" content=\"Kwas traneksamowy w kosmetykach: jakie ma dzia\u0142anie? - Kosmetyki naturalne Resibo\" \/>\n<meta property=\"og:description\" content=\"Kwas traneksamowy to silna substancja o szerokim dzia\u0142aniu. Dowiedz si\u0119, dlaczego warto go szuka\u0107 w kosmetykach i jakie ma dzia\u0142anie.\" \/>\n<meta property=\"og:url\" content=\"https:\/\/resibo.pl\/blog\/kwas-traneksamowy-w-kosmetykach-jakie-ma-dzialanie\/\" \/>\n<meta property=\"og:site_name\" content=\"Kosmetyki naturalne Resibo\" \/>\n<meta property=\"article:publisher\" content=\"http:\/\/facebook.com\/resiboPL\" \/>\n<meta property=\"article:published_time\" content=\"2023-04-17T19:49:07+00:00\" \/>\n<meta property=\"og:image\" content=\"https:\/\/resibo.pl\/blog\/wp-content\/uploads\/2023\/04\/kwas-traneksamowy.jpg\" \/>\n\t<meta property=\"og:image:width\" content=\"1496\" \/>\n\t<meta property=\"og:image:height\" content=\"1001\" \/>\n\t<meta property=\"og:image:type\" content=\"image\/jpeg\" \/>\n<meta name=\"author\" content=\"Anita\" \/>\n<meta name=\"twitter:label1\" content=\"Napisane przez\" \/>\n\t<meta name=\"twitter:data1\" content=\"Anita\" \/>\n\t<meta name=\"twitter:label2\" content=\"Szacowany czas czytania\" \/>\n\t<meta name=\"twitter:data2\" content=\"3 minuty\" \/>\n<script type=\"application\/ld+json\" class=\"yoast-schema-graph\">{\"@context\":\"https:\\\/\\\/schema.org\",\"@graph\":[{\"@type\":\"Article\",\"@id\":\"https:\\\/\\\/resibo.pl\\\/blog\\\/kwas-traneksamowy-w-kosmetykach-jakie-ma-dzialanie\\\/#article\",\"isPartOf\":{\"@id\":\"https:\\\/\\\/resibo.pl\\\/blog\\\/kwas-traneksamowy-w-kosmetykach-jakie-ma-dzialanie\\\/\"},\"author\":{\"name\":\"Anita\",\"@id\":\"https:\\\/\\\/resibo.pl\\\/blog\\\/#\\\/schema\\\/person\\\/ef9013c96e1204d78b18c2243ed265a9\"},\"headline\":\"Kwas traneksamowy w kosmetykach: jakie ma dzia\u0142anie?\",\"datePublished\":\"2023-04-17T19:49:07+00:00\",\"mainEntityOfPage\":{\"@id\":\"https:\\\/\\\/resibo.pl\\\/blog\\\/kwas-traneksamowy-w-kosmetykach-jakie-ma-dzialanie\\\/\"},\"wordCount\":558,\"publisher\":{\"@id\":\"https:\\\/\\\/resibo.pl\\\/blog\\\/#organization\"},\"image\":{\"@id\":\"https:\\\/\\\/resibo.pl\\\/blog\\\/kwas-traneksamowy-w-kosmetykach-jakie-ma-dzialanie\\\/#primaryimage\"},\"thumbnailUrl\":\"https:\\\/\\\/resibo.pl\\\/blog\\\/wp-content\\\/uploads\\\/2023\\\/04\\\/kwas-traneksamowy.jpg\",\"articleSection\":[\"Beauty\",\"O sk\u0142adnikach\"],\"inLanguage\":\"pl-PL\"},{\"@type\":\"WebPage\",\"@id\":\"https:\\\/\\\/resibo.pl\\\/blog\\\/kwas-traneksamowy-w-kosmetykach-jakie-ma-dzialanie\\\/\",\"url\":\"https:\\\/\\\/resibo.pl\\\/blog\\\/kwas-traneksamowy-w-kosmetykach-jakie-ma-dzialanie\\\/\",\"name\":\"Kwas traneksamowy w kosmetykach: jakie ma dzia\u0142anie? - Kosmetyki naturalne Resibo\",\"isPartOf\":{\"@id\":\"https:\\\/\\\/resibo.pl\\\/blog\\\/#website\"},\"primaryImageOfPage\":{\"@id\":\"https:\\\/\\\/resibo.pl\\\/blog\\\/kwas-traneksamowy-w-kosmetykach-jakie-ma-dzialanie\\\/#primaryimage\"},\"image\":{\"@id\":\"https:\\\/\\\/resibo.pl\\\/blog\\\/kwas-traneksamowy-w-kosmetykach-jakie-ma-dzialanie\\\/#primaryimage\"},\"thumbnailUrl\":\"https:\\\/\\\/resibo.pl\\\/blog\\\/wp-content\\\/uploads\\\/2023\\\/04\\\/kwas-traneksamowy.jpg\",\"datePublished\":\"2023-04-17T19:49:07+00:00\",\"description\":\"Kwas traneksamowy to silna substancja o szerokim dzia\u0142aniu. Dowiedz si\u0119, dlaczego warto go szuka\u0107 w kosmetykach i jakie ma dzia\u0142anie.\",\"breadcrumb\":{\"@id\":\"https:\\\/\\\/resibo.pl\\\/blog\\\/kwas-traneksamowy-w-kosmetykach-jakie-ma-dzialanie\\\/#breadcrumb\"},\"inLanguage\":\"pl-PL\",\"potentialAction\":[{\"@type\":\"ReadAction\",\"target\":[\"https:\\\/\\\/resibo.pl\\\/blog\\\/kwas-traneksamowy-w-kosmetykach-jakie-ma-dzialanie\\\/\"]}]},{\"@type\":\"ImageObject\",\"inLanguage\":\"pl-PL\",\"@id\":\"https:\\\/\\\/resibo.pl\\\/blog\\\/kwas-traneksamowy-w-kosmetykach-jakie-ma-dzialanie\\\/#primaryimage\",\"url\":\"https:\\\/\\\/resibo.pl\\\/blog\\\/wp-content\\\/uploads\\\/2023\\\/04\\\/kwas-traneksamowy.jpg\",\"contentUrl\":\"https:\\\/\\\/resibo.pl\\\/blog\\\/wp-content\\\/uploads\\\/2023\\\/04\\\/kwas-traneksamowy.jpg\",\"width\":1496,\"height\":1001},{\"@type\":\"BreadcrumbList\",\"@id\":\"https:\\\/\\\/resibo.pl\\\/blog\\\/kwas-traneksamowy-w-kosmetykach-jakie-ma-dzialanie\\\/#breadcrumb\",\"itemListElement\":[{\"@type\":\"ListItem\",\"position\":1,\"name\":\"Strona g\u0142\u00f3wna\",\"item\":\"https:\\\/\\\/resibo.pl\\\/blog\\\/\"},{\"@type\":\"ListItem\",\"position\":2,\"name\":\"Kwas traneksamowy w kosmetykach: jakie ma dzia\u0142anie?\"}]},{\"@type\":\"WebSite\",\"@id\":\"https:\\\/\\\/resibo.pl\\\/blog\\\/#website\",\"url\":\"https:\\\/\\\/resibo.pl\\\/blog\\\/\",\"name\":\"Kosmetyki naturalne Resibo\",\"description\":\"\",\"publisher\":{\"@id\":\"https:\\\/\\\/resibo.pl\\\/blog\\\/#organization\"},\"potentialAction\":[{\"@type\":\"SearchAction\",\"target\":{\"@type\":\"EntryPoint\",\"urlTemplate\":\"https:\\\/\\\/resibo.pl\\\/blog\\\/?s={search_term_string}\"},\"query-input\":{\"@type\":\"PropertyValueSpecification\",\"valueRequired\":true,\"valueName\":\"search_term_string\"}}],\"inLanguage\":\"pl-PL\"},{\"@type\":\"Organization\",\"@id\":\"https:\\\/\\\/resibo.pl\\\/blog\\\/#organization\",\"name\":\"Resibo\",\"url\":\"https:\\\/\\\/resibo.pl\\\/blog\\\/\",\"logo\":{\"@type\":\"ImageObject\",\"inLanguage\":\"pl-PL\",\"@id\":\"https:\\\/\\\/resibo.pl\\\/blog\\\/#\\\/schema\\\/logo\\\/image\\\/\",\"url\":\"https:\\\/\\\/resibo.pl\\\/blog\\\/wp-content\\\/uploads\\\/2022\\\/02\\\/cropped-logo.png\",\"contentUrl\":\"https:\\\/\\\/resibo.pl\\\/blog\\\/wp-content\\\/uploads\\\/2022\\\/02\\\/cropped-logo.png\",\"width\":274,\"height\":109,\"caption\":\"Resibo\"},\"image\":{\"@id\":\"https:\\\/\\\/resibo.pl\\\/blog\\\/#\\\/schema\\\/logo\\\/image\\\/\"},\"sameAs\":[\"http:\\\/\\\/facebook.com\\\/resiboPL\",\"http:\\\/\\\/instagram.com\\\/resibobynature\"]},{\"@type\":\"Person\",\"@id\":\"https:\\\/\\\/resibo.pl\\\/blog\\\/#\\\/schema\\\/person\\\/ef9013c96e1204d78b18c2243ed265a9\",\"name\":\"Anita\",\"image\":{\"@type\":\"ImageObject\",\"inLanguage\":\"pl-PL\",\"@id\":\"https:\\\/\\\/secure.gravatar.com\\\/avatar\\\/c16c3ee787d7dac06be3101e60d7b357f40d4375278b4f1760aa8fb3114c1f93?s=96&d=mm&r=g\",\"url\":\"https:\\\/\\\/secure.gravatar.com\\\/avatar\\\/c16c3ee787d7dac06be3101e60d7b357f40d4375278b4f1760aa8fb3114c1f93?s=96&d=mm&r=g\",\"contentUrl\":\"https:\\\/\\\/secure.gravatar.com\\\/avatar\\\/c16c3ee787d7dac06be3101e60d7b357f40d4375278b4f1760aa8fb3114c1f93?s=96&d=mm&r=g\",\"caption\":\"Anita\"},\"description\":\"Anita Odachowska Zakochana w Resibo i naturalnej piel\u0119gnacji, ciekawa \u015bwiata, szanuj\u0105ca przyrod\u0119 i doceniaj\u0105ca si\u0142\u0119 ro\u015blinnych sk\u0142adnik\u00f3w, w ci\u0105g\u0142ym d\u0105\u017ceniu do co najmniej less waste.\",\"url\":\"https:\\\/\\\/resibo.pl\\\/blog\\\/author\\\/anita\\\/\"}]}<\/script>\n<!-- \/ Yoast SEO plugin. -->","yoast_head_json":{"title":"Kwas traneksamowy w kosmetykach: jakie ma dzia\u0142anie? - Kosmetyki naturalne Resibo","description":"Kwas traneksamowy to silna substancja o szerokim dzia\u0142aniu. Dowiedz si\u0119, dlaczego warto go szuka\u0107 w kosmetykach i jakie ma dzia\u0142anie.","robots":{"index":"index","follow":"follow","max-snippet":"max-snippet:-1","max-image-preview":"max-image-preview:large","max-video-preview":"max-video-preview:-1"},"canonical":"https:\/\/resibo.pl\/blog\/kwas-traneksamowy-w-kosmetykach-jakie-ma-dzialanie\/","og_locale":"pl_PL","og_type":"article","og_title":"Kwas traneksamowy w kosmetykach: jakie ma dzia\u0142anie? - Kosmetyki naturalne Resibo","og_description":"Kwas traneksamowy to silna substancja o szerokim dzia\u0142aniu. Dowiedz si\u0119, dlaczego warto go szuka\u0107 w kosmetykach i jakie ma dzia\u0142anie.","og_url":"https:\/\/resibo.pl\/blog\/kwas-traneksamowy-w-kosmetykach-jakie-ma-dzialanie\/","og_site_name":"Kosmetyki naturalne Resibo","article_publisher":"http:\/\/facebook.com\/resiboPL","article_published_time":"2023-04-17T19:49:07+00:00","og_image":[{"width":1496,"height":1001,"url":"https:\/\/resibo.pl\/blog\/wp-content\/uploads\/2023\/04\/kwas-traneksamowy.jpg","type":"image\/jpeg"}],"author":"Anita","twitter_misc":{"Napisane przez":"Anita","Szacowany czas czytania":"3 minuty"},"schema":{"@context":"https:\/\/schema.org","@graph":[{"@type":"Article","@id":"https:\/\/resibo.pl\/blog\/kwas-traneksamowy-w-kosmetykach-jakie-ma-dzialanie\/#article","isPartOf":{"@id":"https:\/\/resibo.pl\/blog\/kwas-traneksamowy-w-kosmetykach-jakie-ma-dzialanie\/"},"author":{"name":"Anita","@id":"https:\/\/resibo.pl\/blog\/#\/schema\/person\/ef9013c96e1204d78b18c2243ed265a9"},"headline":"Kwas traneksamowy w kosmetykach: jakie ma dzia\u0142anie?","datePublished":"2023-04-17T19:49:07+00:00","mainEntityOfPage":{"@id":"https:\/\/resibo.pl\/blog\/kwas-traneksamowy-w-kosmetykach-jakie-ma-dzialanie\/"},"wordCount":558,"publisher":{"@id":"https:\/\/resibo.pl\/blog\/#organization"},"image":{"@id":"https:\/\/resibo.pl\/blog\/kwas-traneksamowy-w-kosmetykach-jakie-ma-dzialanie\/#primaryimage"},"thumbnailUrl":"https:\/\/resibo.pl\/blog\/wp-content\/uploads\/2023\/04\/kwas-traneksamowy.jpg","articleSection":["Beauty","O sk\u0142adnikach"],"inLanguage":"pl-PL"},{"@type":"WebPage","@id":"https:\/\/resibo.pl\/blog\/kwas-traneksamowy-w-kosmetykach-jakie-ma-dzialanie\/","url":"https:\/\/resibo.pl\/blog\/kwas-traneksamowy-w-kosmetykach-jakie-ma-dzialanie\/","name":"Kwas traneksamowy w kosmetykach: jakie ma dzia\u0142anie? - Kosmetyki naturalne Resibo","isPartOf":{"@id":"https:\/\/resibo.pl\/blog\/#website"},"primaryImageOfPage":{"@id":"https:\/\/resibo.pl\/blog\/kwas-traneksamowy-w-kosmetykach-jakie-ma-dzialanie\/#primaryimage"},"image":{"@id":"https:\/\/resibo.pl\/blog\/kwas-traneksamowy-w-kosmetykach-jakie-ma-dzialanie\/#primaryimage"},"thumbnailUrl":"https:\/\/resibo.pl\/blog\/wp-content\/uploads\/2023\/04\/kwas-traneksamowy.jpg","datePublished":"2023-04-17T19:49:07+00:00","description":"Kwas traneksamowy to silna substancja o szerokim dzia\u0142aniu. Dowiedz si\u0119, dlaczego warto go szuka\u0107 w kosmetykach i jakie ma dzia\u0142anie.","breadcrumb":{"@id":"https:\/\/resibo.pl\/blog\/kwas-traneksamowy-w-kosmetykach-jakie-ma-dzialanie\/#breadcrumb"},"inLanguage":"pl-PL","potentialAction":[{"@type":"ReadAction","target":["https:\/\/resibo.pl\/blog\/kwas-traneksamowy-w-kosmetykach-jakie-ma-dzialanie\/"]}]},{"@type":"ImageObject","inLanguage":"pl-PL","@id":"https:\/\/resibo.pl\/blog\/kwas-traneksamowy-w-kosmetykach-jakie-ma-dzialanie\/#primaryimage","url":"https:\/\/resibo.pl\/blog\/wp-content\/uploads\/2023\/04\/kwas-traneksamowy.jpg","contentUrl":"https:\/\/resibo.pl\/blog\/wp-content\/uploads\/2023\/04\/kwas-traneksamowy.jpg","width":1496,"height":1001},{"@type":"BreadcrumbList","@id":"https:\/\/resibo.pl\/blog\/kwas-traneksamowy-w-kosmetykach-jakie-ma-dzialanie\/#breadcrumb","itemListElement":[{"@type":"ListItem","position":1,"name":"Strona g\u0142\u00f3wna","item":"https:\/\/resibo.pl\/blog\/"},{"@type":"ListItem","position":2,"name":"Kwas traneksamowy w kosmetykach: jakie ma dzia\u0142anie?"}]},{"@type":"WebSite","@id":"https:\/\/resibo.pl\/blog\/#website","url":"https:\/\/resibo.pl\/blog\/","name":"Kosmetyki naturalne Resibo","description":"","publisher":{"@id":"https:\/\/resibo.pl\/blog\/#organization"},"potentialAction":[{"@type":"SearchAction","target":{"@type":"EntryPoint","urlTemplate":"https:\/\/resibo.pl\/blog\/?s={search_term_string}"},"query-input":{"@type":"PropertyValueSpecification","valueRequired":true,"valueName":"search_term_string"}}],"inLanguage":"pl-PL"},{"@type":"Organization","@id":"https:\/\/resibo.pl\/blog\/#organization","name":"Resibo","url":"https:\/\/resibo.pl\/blog\/","logo":{"@type":"ImageObject","inLanguage":"pl-PL","@id":"https:\/\/resibo.pl\/blog\/#\/schema\/logo\/image\/","url":"https:\/\/resibo.pl\/blog\/wp-content\/uploads\/2022\/02\/cropped-logo.png","contentUrl":"https:\/\/resibo.pl\/blog\/wp-content\/uploads\/2022\/02\/cropped-logo.png","width":274,"height":109,"caption":"Resibo"},"image":{"@id":"https:\/\/resibo.pl\/blog\/#\/schema\/logo\/image\/"},"sameAs":["http:\/\/facebook.com\/resiboPL","http:\/\/instagram.com\/resibobynature"]},{"@type":"Person","@id":"https:\/\/resibo.pl\/blog\/#\/schema\/person\/ef9013c96e1204d78b18c2243ed265a9","name":"Anita","image":{"@type":"ImageObject","inLanguage":"pl-PL","@id":"https:\/\/secure.gravatar.com\/avatar\/c16c3ee787d7dac06be3101e60d7b357f40d4375278b4f1760aa8fb3114c1f93?s=96&d=mm&r=g","url":"https:\/\/secure.gravatar.com\/avatar\/c16c3ee787d7dac06be3101e60d7b357f40d4375278b4f1760aa8fb3114c1f93?s=96&d=mm&r=g","contentUrl":"https:\/\/secure.gravatar.com\/avatar\/c16c3ee787d7dac06be3101e60d7b357f40d4375278b4f1760aa8fb3114c1f93?s=96&d=mm&r=g","caption":"Anita"},"description":"Anita Odachowska Zakochana w Resibo i naturalnej piel\u0119gnacji, ciekawa \u015bwiata, szanuj\u0105ca przyrod\u0119 i doceniaj\u0105ca si\u0142\u0119 ro\u015blinnych sk\u0142adnik\u00f3w, w ci\u0105g\u0142ym d\u0105\u017ceniu do co najmniej less waste.","url":"https:\/\/resibo.pl\/blog\/author\/anita\/"}]}},"_links":{"self":[{"href":"https:\/\/resibo.pl\/blog\/wp-json\/wp\/v2\/posts\/24950","targetHints":{"allow":["GET"]}}],"collection":[{"href":"https:\/\/resibo.pl\/blog\/wp-json\/wp\/v2\/posts"}],"about":[{"href":"https:\/\/resibo.pl\/blog\/wp-json\/wp\/v2\/types\/post"}],"author":[{"embeddable":true,"href":"https:\/\/resibo.pl\/blog\/wp-json\/wp\/v2\/users\/6"}],"replies":[{"embeddable":true,"href":"https:\/\/resibo.pl\/blog\/wp-json\/wp\/v2\/comments?post=24950"}],"version-history":[{"count":1,"href":"https:\/\/resibo.pl\/blog\/wp-json\/wp\/v2\/posts\/24950\/revisions"}],"predecessor-version":[{"id":24951,"href":"https:\/\/resibo.pl\/blog\/wp-json\/wp\/v2\/posts\/24950\/revisions\/24951"}],"wp:featuredmedia":[{"embeddable":true,"href":"https:\/\/resibo.pl\/blog\/wp-json\/wp\/v2\/media\/24952"}],"wp:attachment":[{"href":"https:\/\/resibo.pl\/blog\/wp-json\/wp\/v2\/media?parent=24950"}],"wp:term":[{"taxonomy":"category","embeddable":true,"href":"https:\/\/resibo.pl\/blog\/wp-json\/wp\/v2\/categories?post=24950"},{"taxonomy":"post_tag","embeddable":true,"href":"https:\/\/resibo.pl\/blog\/wp-json\/wp\/v2\/tags?post=24950"}],"curies":[{"name":"wp","href":"https:\/\/api.w.org\/{rel}","templated":true}]}}