{"id":24967,"date":"2023-05-05T13:27:27","date_gmt":"2023-05-05T11:27:27","guid":{"rendered":"https:\/\/resibo.pl\/blog\/?p=24967"},"modified":"2023-05-05T13:27:28","modified_gmt":"2023-05-05T11:27:28","slug":"koper-morski-w-kosmetyce-jakie-jest-jego-zastosowanie","status":"publish","type":"post","link":"https:\/\/resibo.pl\/blog\/koper-morski-w-kosmetyce-jakie-jest-jego-zastosowanie\/","title":{"rendered":"Koper morski w kosmetyce. Jakie jest jego zastosowanie?"},"content":{"rendered":"<div class=\"vgblk-rw-wrapper limit-wrapper\">\n<h1 class=\"wp-block-heading\"><strong>W\u0142a\u015bciwo\u015bci kosmetyczne kopru morskiego<\/strong><\/h1>\n\n\n\n<h2 class=\"wp-block-heading\"><strong>Koper morski to podwodna ro\u015blina o w\u0142a\u015bciwo\u015bciach leczniczych, znana od wiek\u00f3w. Jednak jego dobroczynne dzia\u0142anie na nasz\u0105 sk\u00f3r\u0119 zosta\u0142o odkryte stosunkowo niedawno. Na czym ono polega? Wyja\u015bniamy.<\/strong><\/h2>\n\n\n\n<h2 class=\"wp-block-heading\"><strong>Ekstrakt z kopru morskiego \u2013 co to za sk\u0142adnik?<\/strong><\/h2>\n\n\n\n<p>Koper morski (\u0142ac.&nbsp;<em>Fucus vesiculosus<\/em>) jest gatunkiem morskiej ro\u015bliny, kt\u00f3ra wyst\u0119puje w wodach w strefie umiarkowanej na ca\u0142ym \u015bwiecie. Jest to bardzo popularny wodorost wyst\u0119puj\u0105cy na skalistych wybrze\u017cach m\u00f3rz i ocean\u00f3w. Ma oliwkowozielony kolor i charakterystyczny, p\u0119cherzykowaty kszta\u0142t. Ro\u015blina ta mo\u017ce osi\u0105ga\u0107 nawet do 2 m d\u0142ugo\u015bci. O jej wyj\u0105tkowo\u015bci \u015bwiadczy to, \u017ce jest bardzo odporna na dzia\u0142anie soli i innych degraduj\u0105cych czynnik\u00f3w \u015brodowiska morskiego. Dzi\u0119ki temu jest w stanie przetrwa\u0107 nawet w bardzo w trudnych warunkach. To z kolei sprawia, \u017ce r\u00f3wnie\u017c ekstrakt z tej ro\u015bliny jest bardzo odporny na dzia\u0142anie \u015brodowiska, w kt\u00f3rym si\u0119 znajduje, a jednocze\u015bnie zawiera wiele cennych sk\u0142adnik\u00f3w od\u017cywczych, takich jak jod, \u017celazo, wap\u0144, magnez, s\u00f3d, potas i witaminy A, C i E.&nbsp;<\/p>\n\n\n\n<h2 class=\"wp-block-heading\"><strong>Jakie w\u0142a\u015bciwo\u015bci ma wyci\u0105g z kopru morskiego?<\/strong><\/h2>\n\n\n\n<p>Wyci\u0105g z kopru morskiego ma korzystny wp\u0142yw zar\u00f3wno na nasze zdrowie, jak i na urod\u0119. Jako bogate \u017ar\u00f3d\u0142o naturalnego jodu wspiera prawid\u0142owe funkcjonowanie tarczycy, a tym samym wydzielania przez ni\u0105 hormon\u00f3w, kt\u00f3re odpowiadaj\u0105 m.in. za syntez\u0119 bia\u0142ek i procesy metaboliczne zachodz\u0105ce w organizmie. Jod ma tak\u017ce udowodnione dzia\u0142anie przeciwzapalne. Ekstrakt z kopru morskiego, dzi\u0119ki m.in. zawarto\u015bci alginian\u00f3w i chlorofilu, wspiera r\u00f3wnie\u017c detoksykacj\u0119 organizmu. Ekstrakt ten zawiera tak\u017ce antyoksydanty, m.in. fukoksantyn\u0119 (naturalny barwnik, daj\u0105cy ro\u015blinie charakterystyczny br\u0105zowozielony kolor), polifenole, a tak\u017ce witamin\u0119 E, zwan\u0105 witamin\u0105 m\u0142odo\u015bci, kt\u00f3ra jest jednym z najsilniejszych antyoksydant\u00f3w.&nbsp;<\/p>\n\n\n\n<h2 class=\"wp-block-heading\"><strong>Jak koper morski dzia\u0142a na sk\u00f3r\u0119?<\/strong><\/h2>\n\n\n\n<p>Opr\u00f3cz dobroczynnego wp\u0142ywu na nasze zdrowie, koper morski \u015bwietnie dzia\u0142a na sk\u00f3r\u0119. Dzi\u0119ki zawarto\u015bci witamin A i C, a tak\u017ce \u017celaza, wapnia, magnezu, cynku i selenu oraz polisacharyd\u00f3w, wspiera nawil\u017cenie sk\u00f3ry i zwi\u0119ksza jej elastyczno\u015b\u0107. Jod pomaga wzmocni\u0107 sk\u00f3r\u0119, poprawia jej struktur\u0119 i hamuje procesy zapalne. Podobnie dzia\u0142aj\u0105 zawarte w koprze morskim kwasy t\u0142uszczowe omega-3.<\/p>\n\n\n\n<p>Ekstrakt z kopru morskiego pomaga utrzyma\u0107 wilgotno\u015b\u0107 sk\u00f3ry i zapobiega jej wysuszaniu, dzi\u0119ki czemu staje si\u0119 ona bardziej mi\u0119kka, g\u0142adka i elastyczna, a tak\u017ce poprawia si\u0119 jej koloryt. Dzi\u0119ki zawarto\u015bci witamin i minera\u0142\u00f3w wyci\u0105g wspiera regeneracj\u0119 sk\u00f3ry, a zawarte w nim antyoksydanty chroni\u0105 cer\u0119 przed uszkodzeniami spowodowanymi przez wolne rodniki, op\u00f3\u017aniaj\u0105c tym samym procesy starzenia si\u0119 sk\u00f3ry.<\/p>\n\n\n\n<p>Ze wzgl\u0119du na przeciwzapalne w\u0142a\u015bciwo\u015bci kopru morskiego, po kosmetyki z tym sk\u0142adnikiem powinny si\u0119gn\u0105\u0107 osoby borykaj\u0105ce si\u0119 ze stanami zapalnymi sk\u00f3ry, takimi jak tr\u0105dzik czy \u0142uszczyca.<\/p>\n\n\n\n<h2 class=\"wp-block-heading\"><strong>W jakich kosmetykach stosuje si\u0119 wyci\u0105g z kopru morskiego?<\/strong><\/h2>\n\n\n\n<p>Wszechstronne dzia\u0142anie ekstraktu z kopru morskiego sprawia, \u017ce jest on stosowany w r\u00f3\u017cnych kosmetykach \u2013 zar\u00f3wno do piel\u0119gnacji twarzy, cia\u0142a, jak i w\u0142os\u00f3w. Znajdziemy go m.in.:<\/p>\n\n\n\n<ul class=\"wp-block-list\">\n<li><a href=\"https:\/\/resibo.pl\/produkt\/186\/resibo-krem-z-retinolem-pro\">w kremach do twarzy<\/a>&nbsp;i balsamach do cia\u0142a (od\u017cywia i nawil\u017ca sk\u00f3r\u0119, poprawia jej elastyczno\u015b\u0107),<\/li>\n\n\n\n<li>w tonikach do twarzy (pomaga nawil\u017cy\u0107 sk\u00f3r\u0119, a tak\u017ce \u0142agodzi stany zapalne i przyspiesza regeneracj\u0119),<\/li>\n\n\n\n<li>peelingach i maskach (oczyszcza i detoksykuje, \u0142agodzi stany zapalne, wspiera regeneracj\u0119),<\/li>\n\n\n\n<li>szamponach i od\u017cywkach do w\u0142os\u00f3w (zwi\u0119ksza poziom nawil\u017cenia i wzmacnia w\u0142osy, zapobiegaj\u0105c ich wypadaniu),<\/li>\n\n\n\n<li>myd\u0142ach i \u017celach pod prysznic (oczyszcza i nawil\u017ca, a tak\u017ce \u0142agodzi stany zapalne).<\/li>\n<\/ul>\n<\/div><!-- .vgblk-rw-wrapper -->","protected":false},"excerpt":{"rendered":"<p>W\u0142a\u015bciwo\u015bci kosmetyczne kopru morskiego Koper morski to podwodna ro\u015blina o w\u0142a\u015bciwo\u015bciach leczniczych, znana od wiek\u00f3w. Jednak jego dobroczynne dzia\u0142anie na nasz\u0105 sk\u00f3r\u0119 zosta\u0142o odkryte stosunkowo niedawno. Na czym ono polega? Wyja\u015bniamy. Ekstrakt z kopru morskiego \u2013 co to za sk\u0142adnik? Koper morski (\u0142ac.&nbsp;Fucus vesiculosus) jest gatunkiem morskiej ro\u015bliny, kt\u00f3ra wyst\u0119puje w wodach w strefie umiarkowanej&#8230;<\/p>\n","protected":false},"author":6,"featured_media":24968,"comment_status":"closed","ping_status":"closed","sticky":false,"template":"","format":"standard","meta":{"footnotes":""},"categories":[161,145],"tags":[],"class_list":["post-24967","post","type-post","status-publish","format-standard","has-post-thumbnail","hentry","category-beauty","category-o-skladnikach"],"yoast_head":"<!-- This site is optimized with the Yoast SEO plugin v27.5 - https:\/\/yoast.com\/product\/yoast-seo-wordpress\/ -->\n<title>Koper morski w kosmetyce. Jakie jest jego zastosowanie? - Kosmetyki naturalne Resibo<\/title>\n<meta name=\"description\" content=\"Koper morski to ro\u015blina wodna o wyj\u0105tkowych w\u0142a\u015bciwo\u015bciach. Dowiedz si\u0119, jak ekstrakt z kopru morskiego dzia\u0142a na sk\u00f3r\u0119 i kiedy go stosowa\u0107.\" \/>\n<meta name=\"robots\" content=\"index, follow, max-snippet:-1, max-image-preview:large, max-video-preview:-1\" \/>\n<link rel=\"canonical\" href=\"https:\/\/resibo.pl\/blog\/koper-morski-w-kosmetyce-jakie-jest-jego-zastosowanie\/\" \/>\n<meta property=\"og:locale\" content=\"pl_PL\" \/>\n<meta property=\"og:type\" content=\"article\" \/>\n<meta property=\"og:title\" content=\"Koper morski w kosmetyce. Jakie jest jego zastosowanie? - Kosmetyki naturalne Resibo\" \/>\n<meta property=\"og:description\" content=\"Koper morski to ro\u015blina wodna o wyj\u0105tkowych w\u0142a\u015bciwo\u015bciach. Dowiedz si\u0119, jak ekstrakt z kopru morskiego dzia\u0142a na sk\u00f3r\u0119 i kiedy go stosowa\u0107.\" \/>\n<meta property=\"og:url\" content=\"https:\/\/resibo.pl\/blog\/koper-morski-w-kosmetyce-jakie-jest-jego-zastosowanie\/\" \/>\n<meta property=\"og:site_name\" content=\"Kosmetyki naturalne Resibo\" \/>\n<meta property=\"article:publisher\" content=\"http:\/\/facebook.com\/resiboPL\" \/>\n<meta property=\"article:published_time\" content=\"2023-05-05T11:27:27+00:00\" \/>\n<meta property=\"article:modified_time\" content=\"2023-05-05T11:27:28+00:00\" \/>\n<meta property=\"og:image\" content=\"https:\/\/resibo.pl\/blog\/wp-content\/uploads\/2023\/05\/game-changer-pro-ekstrakt-z-kopru-morskiego.jpg\" \/>\n\t<meta property=\"og:image:width\" content=\"1500\" \/>\n\t<meta property=\"og:image:height\" content=\"1000\" \/>\n\t<meta property=\"og:image:type\" content=\"image\/jpeg\" \/>\n<meta name=\"author\" content=\"Anita\" \/>\n<meta name=\"twitter:label1\" content=\"Napisane przez\" \/>\n\t<meta name=\"twitter:data1\" content=\"Anita\" \/>\n\t<meta name=\"twitter:label2\" content=\"Szacowany czas czytania\" \/>\n\t<meta name=\"twitter:data2\" content=\"4 minuty\" \/>\n<script type=\"application\/ld+json\" class=\"yoast-schema-graph\">{\"@context\":\"https:\\\/\\\/schema.org\",\"@graph\":[{\"@type\":\"Article\",\"@id\":\"https:\\\/\\\/resibo.pl\\\/blog\\\/koper-morski-w-kosmetyce-jakie-jest-jego-zastosowanie\\\/#article\",\"isPartOf\":{\"@id\":\"https:\\\/\\\/resibo.pl\\\/blog\\\/koper-morski-w-kosmetyce-jakie-jest-jego-zastosowanie\\\/\"},\"author\":{\"name\":\"Anita\",\"@id\":\"https:\\\/\\\/resibo.pl\\\/blog\\\/#\\\/schema\\\/person\\\/ef9013c96e1204d78b18c2243ed265a9\"},\"headline\":\"Koper morski w kosmetyce. Jakie jest jego zastosowanie?\",\"datePublished\":\"2023-05-05T11:27:27+00:00\",\"dateModified\":\"2023-05-05T11:27:28+00:00\",\"mainEntityOfPage\":{\"@id\":\"https:\\\/\\\/resibo.pl\\\/blog\\\/koper-morski-w-kosmetyce-jakie-jest-jego-zastosowanie\\\/\"},\"wordCount\":652,\"publisher\":{\"@id\":\"https:\\\/\\\/resibo.pl\\\/blog\\\/#organization\"},\"image\":{\"@id\":\"https:\\\/\\\/resibo.pl\\\/blog\\\/koper-morski-w-kosmetyce-jakie-jest-jego-zastosowanie\\\/#primaryimage\"},\"thumbnailUrl\":\"https:\\\/\\\/resibo.pl\\\/blog\\\/wp-content\\\/uploads\\\/2023\\\/05\\\/game-changer-pro-ekstrakt-z-kopru-morskiego.jpg\",\"articleSection\":[\"Beauty\",\"O sk\u0142adnikach\"],\"inLanguage\":\"pl-PL\"},{\"@type\":\"WebPage\",\"@id\":\"https:\\\/\\\/resibo.pl\\\/blog\\\/koper-morski-w-kosmetyce-jakie-jest-jego-zastosowanie\\\/\",\"url\":\"https:\\\/\\\/resibo.pl\\\/blog\\\/koper-morski-w-kosmetyce-jakie-jest-jego-zastosowanie\\\/\",\"name\":\"Koper morski w kosmetyce. Jakie jest jego zastosowanie? - Kosmetyki naturalne Resibo\",\"isPartOf\":{\"@id\":\"https:\\\/\\\/resibo.pl\\\/blog\\\/#website\"},\"primaryImageOfPage\":{\"@id\":\"https:\\\/\\\/resibo.pl\\\/blog\\\/koper-morski-w-kosmetyce-jakie-jest-jego-zastosowanie\\\/#primaryimage\"},\"image\":{\"@id\":\"https:\\\/\\\/resibo.pl\\\/blog\\\/koper-morski-w-kosmetyce-jakie-jest-jego-zastosowanie\\\/#primaryimage\"},\"thumbnailUrl\":\"https:\\\/\\\/resibo.pl\\\/blog\\\/wp-content\\\/uploads\\\/2023\\\/05\\\/game-changer-pro-ekstrakt-z-kopru-morskiego.jpg\",\"datePublished\":\"2023-05-05T11:27:27+00:00\",\"dateModified\":\"2023-05-05T11:27:28+00:00\",\"description\":\"Koper morski to ro\u015blina wodna o wyj\u0105tkowych w\u0142a\u015bciwo\u015bciach. Dowiedz si\u0119, jak ekstrakt z kopru morskiego dzia\u0142a na sk\u00f3r\u0119 i kiedy go stosowa\u0107.\",\"breadcrumb\":{\"@id\":\"https:\\\/\\\/resibo.pl\\\/blog\\\/koper-morski-w-kosmetyce-jakie-jest-jego-zastosowanie\\\/#breadcrumb\"},\"inLanguage\":\"pl-PL\",\"potentialAction\":[{\"@type\":\"ReadAction\",\"target\":[\"https:\\\/\\\/resibo.pl\\\/blog\\\/koper-morski-w-kosmetyce-jakie-jest-jego-zastosowanie\\\/\"]}]},{\"@type\":\"ImageObject\",\"inLanguage\":\"pl-PL\",\"@id\":\"https:\\\/\\\/resibo.pl\\\/blog\\\/koper-morski-w-kosmetyce-jakie-jest-jego-zastosowanie\\\/#primaryimage\",\"url\":\"https:\\\/\\\/resibo.pl\\\/blog\\\/wp-content\\\/uploads\\\/2023\\\/05\\\/game-changer-pro-ekstrakt-z-kopru-morskiego.jpg\",\"contentUrl\":\"https:\\\/\\\/resibo.pl\\\/blog\\\/wp-content\\\/uploads\\\/2023\\\/05\\\/game-changer-pro-ekstrakt-z-kopru-morskiego.jpg\",\"width\":1500,\"height\":1000},{\"@type\":\"BreadcrumbList\",\"@id\":\"https:\\\/\\\/resibo.pl\\\/blog\\\/koper-morski-w-kosmetyce-jakie-jest-jego-zastosowanie\\\/#breadcrumb\",\"itemListElement\":[{\"@type\":\"ListItem\",\"position\":1,\"name\":\"Strona g\u0142\u00f3wna\",\"item\":\"https:\\\/\\\/resibo.pl\\\/blog\\\/\"},{\"@type\":\"ListItem\",\"position\":2,\"name\":\"Koper morski w kosmetyce. Jakie jest jego zastosowanie?\"}]},{\"@type\":\"WebSite\",\"@id\":\"https:\\\/\\\/resibo.pl\\\/blog\\\/#website\",\"url\":\"https:\\\/\\\/resibo.pl\\\/blog\\\/\",\"name\":\"Kosmetyki naturalne Resibo\",\"description\":\"\",\"publisher\":{\"@id\":\"https:\\\/\\\/resibo.pl\\\/blog\\\/#organization\"},\"potentialAction\":[{\"@type\":\"SearchAction\",\"target\":{\"@type\":\"EntryPoint\",\"urlTemplate\":\"https:\\\/\\\/resibo.pl\\\/blog\\\/?s={search_term_string}\"},\"query-input\":{\"@type\":\"PropertyValueSpecification\",\"valueRequired\":true,\"valueName\":\"search_term_string\"}}],\"inLanguage\":\"pl-PL\"},{\"@type\":\"Organization\",\"@id\":\"https:\\\/\\\/resibo.pl\\\/blog\\\/#organization\",\"name\":\"Resibo\",\"url\":\"https:\\\/\\\/resibo.pl\\\/blog\\\/\",\"logo\":{\"@type\":\"ImageObject\",\"inLanguage\":\"pl-PL\",\"@id\":\"https:\\\/\\\/resibo.pl\\\/blog\\\/#\\\/schema\\\/logo\\\/image\\\/\",\"url\":\"https:\\\/\\\/resibo.pl\\\/blog\\\/wp-content\\\/uploads\\\/2022\\\/02\\\/cropped-logo.png\",\"contentUrl\":\"https:\\\/\\\/resibo.pl\\\/blog\\\/wp-content\\\/uploads\\\/2022\\\/02\\\/cropped-logo.png\",\"width\":274,\"height\":109,\"caption\":\"Resibo\"},\"image\":{\"@id\":\"https:\\\/\\\/resibo.pl\\\/blog\\\/#\\\/schema\\\/logo\\\/image\\\/\"},\"sameAs\":[\"http:\\\/\\\/facebook.com\\\/resiboPL\",\"http:\\\/\\\/instagram.com\\\/resibobynature\"]},{\"@type\":\"Person\",\"@id\":\"https:\\\/\\\/resibo.pl\\\/blog\\\/#\\\/schema\\\/person\\\/ef9013c96e1204d78b18c2243ed265a9\",\"name\":\"Anita\",\"image\":{\"@type\":\"ImageObject\",\"inLanguage\":\"pl-PL\",\"@id\":\"https:\\\/\\\/secure.gravatar.com\\\/avatar\\\/c16c3ee787d7dac06be3101e60d7b357f40d4375278b4f1760aa8fb3114c1f93?s=96&d=mm&r=g\",\"url\":\"https:\\\/\\\/secure.gravatar.com\\\/avatar\\\/c16c3ee787d7dac06be3101e60d7b357f40d4375278b4f1760aa8fb3114c1f93?s=96&d=mm&r=g\",\"contentUrl\":\"https:\\\/\\\/secure.gravatar.com\\\/avatar\\\/c16c3ee787d7dac06be3101e60d7b357f40d4375278b4f1760aa8fb3114c1f93?s=96&d=mm&r=g\",\"caption\":\"Anita\"},\"description\":\"Anita Odachowska Zakochana w Resibo i naturalnej piel\u0119gnacji, ciekawa \u015bwiata, szanuj\u0105ca przyrod\u0119 i doceniaj\u0105ca si\u0142\u0119 ro\u015blinnych sk\u0142adnik\u00f3w, w ci\u0105g\u0142ym d\u0105\u017ceniu do co najmniej less waste.\",\"url\":\"https:\\\/\\\/resibo.pl\\\/blog\\\/author\\\/anita\\\/\"}]}<\/script>\n<!-- \/ Yoast SEO plugin. -->","yoast_head_json":{"title":"Koper morski w kosmetyce. Jakie jest jego zastosowanie? - Kosmetyki naturalne Resibo","description":"Koper morski to ro\u015blina wodna o wyj\u0105tkowych w\u0142a\u015bciwo\u015bciach. Dowiedz si\u0119, jak ekstrakt z kopru morskiego dzia\u0142a na sk\u00f3r\u0119 i kiedy go stosowa\u0107.","robots":{"index":"index","follow":"follow","max-snippet":"max-snippet:-1","max-image-preview":"max-image-preview:large","max-video-preview":"max-video-preview:-1"},"canonical":"https:\/\/resibo.pl\/blog\/koper-morski-w-kosmetyce-jakie-jest-jego-zastosowanie\/","og_locale":"pl_PL","og_type":"article","og_title":"Koper morski w kosmetyce. Jakie jest jego zastosowanie? - Kosmetyki naturalne Resibo","og_description":"Koper morski to ro\u015blina wodna o wyj\u0105tkowych w\u0142a\u015bciwo\u015bciach. Dowiedz si\u0119, jak ekstrakt z kopru morskiego dzia\u0142a na sk\u00f3r\u0119 i kiedy go stosowa\u0107.","og_url":"https:\/\/resibo.pl\/blog\/koper-morski-w-kosmetyce-jakie-jest-jego-zastosowanie\/","og_site_name":"Kosmetyki naturalne Resibo","article_publisher":"http:\/\/facebook.com\/resiboPL","article_published_time":"2023-05-05T11:27:27+00:00","article_modified_time":"2023-05-05T11:27:28+00:00","og_image":[{"width":1500,"height":1000,"url":"https:\/\/resibo.pl\/blog\/wp-content\/uploads\/2023\/05\/game-changer-pro-ekstrakt-z-kopru-morskiego.jpg","type":"image\/jpeg"}],"author":"Anita","twitter_misc":{"Napisane przez":"Anita","Szacowany czas czytania":"4 minuty"},"schema":{"@context":"https:\/\/schema.org","@graph":[{"@type":"Article","@id":"https:\/\/resibo.pl\/blog\/koper-morski-w-kosmetyce-jakie-jest-jego-zastosowanie\/#article","isPartOf":{"@id":"https:\/\/resibo.pl\/blog\/koper-morski-w-kosmetyce-jakie-jest-jego-zastosowanie\/"},"author":{"name":"Anita","@id":"https:\/\/resibo.pl\/blog\/#\/schema\/person\/ef9013c96e1204d78b18c2243ed265a9"},"headline":"Koper morski w kosmetyce. Jakie jest jego zastosowanie?","datePublished":"2023-05-05T11:27:27+00:00","dateModified":"2023-05-05T11:27:28+00:00","mainEntityOfPage":{"@id":"https:\/\/resibo.pl\/blog\/koper-morski-w-kosmetyce-jakie-jest-jego-zastosowanie\/"},"wordCount":652,"publisher":{"@id":"https:\/\/resibo.pl\/blog\/#organization"},"image":{"@id":"https:\/\/resibo.pl\/blog\/koper-morski-w-kosmetyce-jakie-jest-jego-zastosowanie\/#primaryimage"},"thumbnailUrl":"https:\/\/resibo.pl\/blog\/wp-content\/uploads\/2023\/05\/game-changer-pro-ekstrakt-z-kopru-morskiego.jpg","articleSection":["Beauty","O sk\u0142adnikach"],"inLanguage":"pl-PL"},{"@type":"WebPage","@id":"https:\/\/resibo.pl\/blog\/koper-morski-w-kosmetyce-jakie-jest-jego-zastosowanie\/","url":"https:\/\/resibo.pl\/blog\/koper-morski-w-kosmetyce-jakie-jest-jego-zastosowanie\/","name":"Koper morski w kosmetyce. Jakie jest jego zastosowanie? - Kosmetyki naturalne Resibo","isPartOf":{"@id":"https:\/\/resibo.pl\/blog\/#website"},"primaryImageOfPage":{"@id":"https:\/\/resibo.pl\/blog\/koper-morski-w-kosmetyce-jakie-jest-jego-zastosowanie\/#primaryimage"},"image":{"@id":"https:\/\/resibo.pl\/blog\/koper-morski-w-kosmetyce-jakie-jest-jego-zastosowanie\/#primaryimage"},"thumbnailUrl":"https:\/\/resibo.pl\/blog\/wp-content\/uploads\/2023\/05\/game-changer-pro-ekstrakt-z-kopru-morskiego.jpg","datePublished":"2023-05-05T11:27:27+00:00","dateModified":"2023-05-05T11:27:28+00:00","description":"Koper morski to ro\u015blina wodna o wyj\u0105tkowych w\u0142a\u015bciwo\u015bciach. Dowiedz si\u0119, jak ekstrakt z kopru morskiego dzia\u0142a na sk\u00f3r\u0119 i kiedy go stosowa\u0107.","breadcrumb":{"@id":"https:\/\/resibo.pl\/blog\/koper-morski-w-kosmetyce-jakie-jest-jego-zastosowanie\/#breadcrumb"},"inLanguage":"pl-PL","potentialAction":[{"@type":"ReadAction","target":["https:\/\/resibo.pl\/blog\/koper-morski-w-kosmetyce-jakie-jest-jego-zastosowanie\/"]}]},{"@type":"ImageObject","inLanguage":"pl-PL","@id":"https:\/\/resibo.pl\/blog\/koper-morski-w-kosmetyce-jakie-jest-jego-zastosowanie\/#primaryimage","url":"https:\/\/resibo.pl\/blog\/wp-content\/uploads\/2023\/05\/game-changer-pro-ekstrakt-z-kopru-morskiego.jpg","contentUrl":"https:\/\/resibo.pl\/blog\/wp-content\/uploads\/2023\/05\/game-changer-pro-ekstrakt-z-kopru-morskiego.jpg","width":1500,"height":1000},{"@type":"BreadcrumbList","@id":"https:\/\/resibo.pl\/blog\/koper-morski-w-kosmetyce-jakie-jest-jego-zastosowanie\/#breadcrumb","itemListElement":[{"@type":"ListItem","position":1,"name":"Strona g\u0142\u00f3wna","item":"https:\/\/resibo.pl\/blog\/"},{"@type":"ListItem","position":2,"name":"Koper morski w kosmetyce. Jakie jest jego zastosowanie?"}]},{"@type":"WebSite","@id":"https:\/\/resibo.pl\/blog\/#website","url":"https:\/\/resibo.pl\/blog\/","name":"Kosmetyki naturalne Resibo","description":"","publisher":{"@id":"https:\/\/resibo.pl\/blog\/#organization"},"potentialAction":[{"@type":"SearchAction","target":{"@type":"EntryPoint","urlTemplate":"https:\/\/resibo.pl\/blog\/?s={search_term_string}"},"query-input":{"@type":"PropertyValueSpecification","valueRequired":true,"valueName":"search_term_string"}}],"inLanguage":"pl-PL"},{"@type":"Organization","@id":"https:\/\/resibo.pl\/blog\/#organization","name":"Resibo","url":"https:\/\/resibo.pl\/blog\/","logo":{"@type":"ImageObject","inLanguage":"pl-PL","@id":"https:\/\/resibo.pl\/blog\/#\/schema\/logo\/image\/","url":"https:\/\/resibo.pl\/blog\/wp-content\/uploads\/2022\/02\/cropped-logo.png","contentUrl":"https:\/\/resibo.pl\/blog\/wp-content\/uploads\/2022\/02\/cropped-logo.png","width":274,"height":109,"caption":"Resibo"},"image":{"@id":"https:\/\/resibo.pl\/blog\/#\/schema\/logo\/image\/"},"sameAs":["http:\/\/facebook.com\/resiboPL","http:\/\/instagram.com\/resibobynature"]},{"@type":"Person","@id":"https:\/\/resibo.pl\/blog\/#\/schema\/person\/ef9013c96e1204d78b18c2243ed265a9","name":"Anita","image":{"@type":"ImageObject","inLanguage":"pl-PL","@id":"https:\/\/secure.gravatar.com\/avatar\/c16c3ee787d7dac06be3101e60d7b357f40d4375278b4f1760aa8fb3114c1f93?s=96&d=mm&r=g","url":"https:\/\/secure.gravatar.com\/avatar\/c16c3ee787d7dac06be3101e60d7b357f40d4375278b4f1760aa8fb3114c1f93?s=96&d=mm&r=g","contentUrl":"https:\/\/secure.gravatar.com\/avatar\/c16c3ee787d7dac06be3101e60d7b357f40d4375278b4f1760aa8fb3114c1f93?s=96&d=mm&r=g","caption":"Anita"},"description":"Anita Odachowska Zakochana w Resibo i naturalnej piel\u0119gnacji, ciekawa \u015bwiata, szanuj\u0105ca przyrod\u0119 i doceniaj\u0105ca si\u0142\u0119 ro\u015blinnych sk\u0142adnik\u00f3w, w ci\u0105g\u0142ym d\u0105\u017ceniu do co najmniej less waste.","url":"https:\/\/resibo.pl\/blog\/author\/anita\/"}]}},"_links":{"self":[{"href":"https:\/\/resibo.pl\/blog\/wp-json\/wp\/v2\/posts\/24967","targetHints":{"allow":["GET"]}}],"collection":[{"href":"https:\/\/resibo.pl\/blog\/wp-json\/wp\/v2\/posts"}],"about":[{"href":"https:\/\/resibo.pl\/blog\/wp-json\/wp\/v2\/types\/post"}],"author":[{"embeddable":true,"href":"https:\/\/resibo.pl\/blog\/wp-json\/wp\/v2\/users\/6"}],"replies":[{"embeddable":true,"href":"https:\/\/resibo.pl\/blog\/wp-json\/wp\/v2\/comments?post=24967"}],"version-history":[{"count":1,"href":"https:\/\/resibo.pl\/blog\/wp-json\/wp\/v2\/posts\/24967\/revisions"}],"predecessor-version":[{"id":24969,"href":"https:\/\/resibo.pl\/blog\/wp-json\/wp\/v2\/posts\/24967\/revisions\/24969"}],"wp:featuredmedia":[{"embeddable":true,"href":"https:\/\/resibo.pl\/blog\/wp-json\/wp\/v2\/media\/24968"}],"wp:attachment":[{"href":"https:\/\/resibo.pl\/blog\/wp-json\/wp\/v2\/media?parent=24967"}],"wp:term":[{"taxonomy":"category","embeddable":true,"href":"https:\/\/resibo.pl\/blog\/wp-json\/wp\/v2\/categories?post=24967"},{"taxonomy":"post_tag","embeddable":true,"href":"https:\/\/resibo.pl\/blog\/wp-json\/wp\/v2\/tags?post=24967"}],"curies":[{"name":"wp","href":"https:\/\/api.w.org\/{rel}","templated":true}]}}