{"id":25129,"date":"2023-09-19T16:08:00","date_gmt":"2023-09-19T14:08:00","guid":{"rendered":"https:\/\/resibo.pl\/blog\/?p=25129"},"modified":"2023-09-17T16:10:55","modified_gmt":"2023-09-17T14:10:55","slug":"plan-pielegnacji-twarzy-z-jakich-elementow-powinien-sie-skladac","status":"publish","type":"post","link":"https:\/\/resibo.pl\/blog\/plan-pielegnacji-twarzy-z-jakich-elementow-powinien-sie-skladac\/","title":{"rendered":"Plan piel\u0119gnacji twarzy \u2013 z jakich element\u00f3w powinien si\u0119 sk\u0142ada\u0107?"},"content":{"rendered":"<div class=\"vgblk-rw-wrapper limit-wrapper\">\n<h1 class=\"wp-block-heading\"><strong>Piel\u0119gnacja sk\u00f3ry twarzy. Jak powinien wygl\u0105da\u0107 nasz plan piel\u0119gnacyjny?<\/strong><\/h1>\n\n\n\n<p><strong>Prawid\u0142owa piel\u0119gnacja sk\u00f3ry twarzy to nie tylko klucz do zachowania m\u0142odego wygl\u0105du, ale te\u017c komfortu i zdrowia naszej sk\u00f3ry. Jak skutecznie zadba\u0107 o sk\u00f3r\u0119? Poznaj idealny plan piel\u0119gnacyjny twarzy.<\/strong><\/p>\n\n\n\n<h2 class=\"wp-block-heading\"><strong>Plan piel\u0119gnacyjny twarzy \u2013 co to znaczy?<\/strong><\/h2>\n\n\n\n<p>Plan piel\u0119gnacyjny twarzy to zorganizowane podej\u015bcie do codziennej opieki nad sk\u00f3r\u0105 twarzy. W ramach takiego planu mamy ustalon\u0105 kolejno\u015b\u0107 i typy produkt\u00f3w, kt\u00f3re nale\u017cy stosowa\u0107, by skutecznie dba\u0107 o sk\u00f3r\u0119. Taki plan mo\u017cemy stworzy\u0107 samodzielnie, obserwuj\u0105c nasz\u0105 cer\u0119 i staraj\u0105c si\u0119 w ten spos\u00f3b zapewni\u0107 jej wszystkie potrzeby. Mo\u017cemy te\u017c skierowa\u0107 si\u0119 po taki plan do dobrego kosmetologa, kt\u00f3ry po zdiagnozowaniu naszego typu cery i jej potrzeb, dobierze odpowiedni\u0105 do nich piel\u0119gnacj\u0119. Czemu s\u0142u\u017cy taki plan? Pomaga prawid\u0142owo dba\u0107 o sk\u00f3r\u0119 naszej twarzy, chroni\u0107 j\u0105 przed dzia\u0142aniem czynnik\u00f3w zewn\u0119trznych oraz dostarcza\u0107 jej niezb\u0119dnych sk\u0142adnik\u00f3w od\u017cywczych.<\/p>\n\n\n\n<h2 class=\"wp-block-heading\"><strong>Jak powinna wygl\u0105da\u0107 piel\u0119gnacja twarzy krok po kroku?<\/strong><\/h2>\n\n\n\n<p>Krok\u00f3w piel\u0119gnacyjnych mo\u017ce by\u0107 nawet 10, je\u015bli stosujemy na przyk\u0142ad metod\u0119 korea\u0144skiej piel\u0119gnacji twarzy. Nie wszystkie trzeba stosowa\u0107, ale kilka z nich jest kluczowych i pod \u017cadnym pozorem nie powinni\u015bmy ich pomija\u0107. O ile oczywi\u015bcie chcemy cieszy\u0107 si\u0119 zadban\u0105 i zdrow\u0105 cer\u0105. Oto one:<\/p>\n\n\n\n<h3 class=\"wp-block-heading\"><strong>Demakija\u017c<\/strong><\/h3>\n\n\n\n<p>Pierwszym krokiem w ka\u017cdym planie piel\u0119gnacyjnym twarzy powinno by\u0107 dok\u0142adne usuni\u0119cie makija\u017cu. Pozwala to sk\u00f3rze oddycha\u0107 i przygotowuje j\u0105 do kolejnych etap\u00f3w piel\u0119gnacji. Kroku tego nie powinny pomija\u0107 nawet osoby, kt\u00f3re makija\u017cu nie nosz\u0105, poniewa\u017c jego celem jest usuni\u0119cie r\u00f3wnie\u017c t\u0142ustych zanieczyszcze\u0144 oraz nadmiaru sebum.<\/p>\n\n\n\n<h3 class=\"wp-block-heading\"><strong>Oczyszczanie<\/strong><\/h3>\n\n\n\n<p>Oczyszczanie domywa sk\u00f3r\u0119 twarzy, usuwaj\u0105c resztki zanieczyszcze\u0144. Wybieraj\u0105c naturalny, \u0142agodny kosmetyk do mycia twarzy, jednocze\u015bnie wspomagamy regeneracj\u0119 sk\u00f3ry.<\/p>\n\n\n\n<h3 class=\"wp-block-heading\"><strong>Z\u0142uszczanie<\/strong><\/h3>\n\n\n\n<p>Regularne pozbywanie si\u0119 martwego nask\u00f3rka pomaga sk\u00f3rze szybciej si\u0119 regenerowa\u0107. Jednocze\u015bnie sprawia, \u017ce \u0142atwiej ona wch\u0142ania sk\u0142adniki od\u017cywcze, a dodatkowo \u2013 lepiej trzyma si\u0119 na niej makija\u017c. Wa\u017cne! Nie nale\u017cy stosowa\u0107 peelingu do twarzy codziennie, bo mog\u0142oby to mie\u0107 negatywny wp\u0142yw na sk\u00f3r\u0119. Wystarczy, je\u015bli z\u0142uszczanie w\u0142\u0105czymy do planu piel\u0119gnacji jeden, dwa razy w tygodniu.<\/p>\n\n\n\n<h3 class=\"wp-block-heading\"><strong>Tonizowanie<\/strong><\/h3>\n\n\n\n<p>Tonik przywraca naturalne pH sk\u00f3ry po demakija\u017cu i oczyszczaniu. Przygotowuje j\u0105 tak\u017ce do lepszego przyswajania sk\u0142adnik\u00f3w aktywnych z kolejnych produkt\u00f3w i wzmacnia jej barier\u0119 ochronn\u0105.&nbsp;<\/p>\n\n\n\n<h3 class=\"wp-block-heading\"><strong>Serum<\/strong><\/h3>\n\n\n\n<p>Serum dostarcza sk\u00f3rze konkretnych sk\u0142adnik\u00f3w aktywnych, kt\u00f3re odpowiadaj\u0105 na jej bie\u017c\u0105ce potrzeby. Mo\u017ce to by\u0107 na przyk\u0142ad serum nawil\u017caj\u0105ce, je\u015bli nasza sk\u00f3ra potrzebuje mocniejszego nawil\u017cenia, lub wyg\u0142adzaj\u0105ce, je\u015bli widzimy na niej drobne linie i zmarszczki. Wa\u017cne! Podobnie jak z\u0142uszczania, serum nie musimy stosowa\u0107 codziennie, chyba \u017ce traktujemy je jako intensywn\u0105 kuracj\u0119. Wa\u017cne jednak, aby w naszej piel\u0119gnacji ten kosmetyk pojawia\u0142 si\u0119 regularnie.<\/p>\n\n\n\n<h3 class=\"wp-block-heading\"><strong>Krem pod oczy, krem do twarzy<\/strong><\/h3>\n\n\n\n<p>Aplikuj\u0105c kremy, dostarczamy sk\u00f3rze niezb\u0119dnych sk\u0142adnik\u00f3w, kt\u00f3re zapewniaj\u0105 jej ochron\u0119, nawil\u017cenie, wzmocnienie i regeneracj\u0119. Na okolice oczu stosujmy zawsze specjalny krem przeznaczony do piel\u0119gnacji tej cz\u0119\u015bci twarzy. Krem do piel\u0119gnacji twarzy wybierajmy pod k\u0105tem rodzaju sk\u00f3ry, a tak\u017ce jej aktualnych potrzeb. Mo\u017ce to by\u0107&nbsp;<a href=\"https:\/\/resibo.pl\/produkt\/235\/peace-maker-lekka-emulsja-nawilzajaco-lagodzaca\">krem nawil\u017caj\u0105cy na dzie\u0144<\/a>, a od\u017cywczy na noc albo krem przeciwzmarszczkowy, je\u015bli mamy cer\u0119 dojrza\u0142\u0105.&nbsp;<\/p>\n\n\n\n<h3 class=\"wp-block-heading\"><strong>Ochrona przeciws\u0142oneczna<\/strong><\/h3>\n\n\n\n<p>Ostatnia, ale nie najmniej wa\u017cna jest ochrona przed promieniowaniem UV, kt\u00f3r\u0105 powinien uwzgl\u0119dnia\u0107 ka\u017cdy plan piel\u0119gnacyjny. Aplikacja kremu z filtrem co najmniej SPF 30 to dzia\u0142anie prewencyjne, kt\u00f3re chroni przed fotostarzeniem i innymi szkodliwymi skutkami promieniowania s\u0142onecznego, dzi\u0119ki czemu op\u00f3\u017ania si\u0119 ca\u0142y proces starzenia sk\u00f3ry.<\/p>\n\n\n\n<h2 class=\"wp-block-heading\"><strong>Czy piel\u0119gnacja twarzy powinna si\u0119 r\u00f3\u017cni\u0107 ze wzgl\u0119du na typ cery?<\/strong><\/h2>\n\n\n\n<p>Bezwzgl\u0119dnie tak! Typ cery ma ogromny wp\u0142yw na to, jakie produkty i metody piel\u0119gnacji b\u0119dziemy stosowa\u0107. W piel\u0119gnacji cery suchej b\u0119dziemy skupia\u0107 si\u0119 na jej g\u0142\u0119bokim nawil\u017ceniu i od\u017cywieniu. W przypadku sk\u00f3ry t\u0142ustej i mieszanej potrzebne b\u0119d\u0105 kosmetyki reguluj\u0105ce produkcj\u0119 sebum, a tak\u017ce matuj\u0105ce. Z kolei cera wra\u017cliwa potrzebuje delikatnej piel\u0119gnacji i produkt\u00f3w o dzia\u0142aniu koj\u0105cym i \u0142agodz\u0105cym podra\u017cnienia.<\/p>\n\n\n\n<p>Plan piel\u0119gnacyjny twarzy dobrany do indywidualnych potrzeb naszej cery pomo\u017ce d\u0142u\u017cej cieszy\u0107 si\u0119 promiennym i m\u0142odym wygl\u0105dem.<\/p>\n<\/div><!-- .vgblk-rw-wrapper -->","protected":false},"excerpt":{"rendered":"<p>Piel\u0119gnacja sk\u00f3ry twarzy. Jak powinien wygl\u0105da\u0107 nasz plan piel\u0119gnacyjny? Prawid\u0142owa piel\u0119gnacja sk\u00f3ry twarzy to nie tylko klucz do zachowania m\u0142odego wygl\u0105du, ale te\u017c komfortu i zdrowia naszej sk\u00f3ry. Jak skutecznie zadba\u0107 o sk\u00f3r\u0119? Poznaj idealny plan piel\u0119gnacyjny twarzy. Plan piel\u0119gnacyjny twarzy \u2013 co to znaczy? Plan piel\u0119gnacyjny twarzy to zorganizowane podej\u015bcie do codziennej opieki nad&#8230;<\/p>\n","protected":false},"author":6,"featured_media":25131,"comment_status":"closed","ping_status":"closed","sticky":false,"template":"","format":"standard","meta":{"footnotes":""},"categories":[161,40],"tags":[],"class_list":["post-25129","post","type-post","status-publish","format-standard","has-post-thumbnail","hentry","category-beauty","category-magda-o-pielegnacji"],"yoast_head":"<!-- This site is optimized with the Yoast SEO plugin v27.4 - https:\/\/yoast.com\/product\/yoast-seo-wordpress\/ -->\n<title>Plan piel\u0119gnacji twarzy \u2013 z jakich element\u00f3w powinien si\u0119 sk\u0142ada\u0107? - Kosmetyki naturalne Resibo<\/title>\n<meta name=\"description\" content=\"Jak stworzy\u0107 skuteczny plan piel\u0119gnacyjny? Jak oczyszcza\u0107 i piel\u0119gnowa\u0107 sk\u00f3r\u0119 twarzy, by by\u0142a zdrowa i promiennie wygl\u0105da\u0142a.\" \/>\n<meta name=\"robots\" content=\"index, follow, max-snippet:-1, max-image-preview:large, max-video-preview:-1\" \/>\n<link rel=\"canonical\" href=\"https:\/\/resibo.pl\/blog\/plan-pielegnacji-twarzy-z-jakich-elementow-powinien-sie-skladac\/\" \/>\n<meta property=\"og:locale\" content=\"pl_PL\" \/>\n<meta property=\"og:type\" content=\"article\" \/>\n<meta property=\"og:title\" content=\"Plan piel\u0119gnacji twarzy \u2013 z jakich element\u00f3w powinien si\u0119 sk\u0142ada\u0107? - Kosmetyki naturalne Resibo\" \/>\n<meta property=\"og:description\" content=\"Jak stworzy\u0107 skuteczny plan piel\u0119gnacyjny? Jak oczyszcza\u0107 i piel\u0119gnowa\u0107 sk\u00f3r\u0119 twarzy, by by\u0142a zdrowa i promiennie wygl\u0105da\u0142a.\" \/>\n<meta property=\"og:url\" content=\"https:\/\/resibo.pl\/blog\/plan-pielegnacji-twarzy-z-jakich-elementow-powinien-sie-skladac\/\" \/>\n<meta property=\"og:site_name\" content=\"Kosmetyki naturalne Resibo\" \/>\n<meta property=\"article:publisher\" content=\"http:\/\/facebook.com\/resiboPL\" \/>\n<meta property=\"article:published_time\" content=\"2023-09-19T14:08:00+00:00\" \/>\n<meta property=\"og:image\" content=\"https:\/\/resibo.pl\/blog\/wp-content\/uploads\/2023\/09\/plan-pielegnacji-twarzy-resibo-.png\" \/>\n\t<meta property=\"og:image:width\" content=\"1499\" \/>\n\t<meta property=\"og:image:height\" content=\"1000\" \/>\n\t<meta property=\"og:image:type\" content=\"image\/png\" \/>\n<meta name=\"author\" content=\"Anita\" \/>\n<meta name=\"twitter:label1\" content=\"Napisane przez\" \/>\n\t<meta name=\"twitter:data1\" content=\"Anita\" \/>\n\t<meta name=\"twitter:label2\" content=\"Szacowany czas czytania\" \/>\n\t<meta name=\"twitter:data2\" content=\"4 minuty\" \/>\n<script type=\"application\/ld+json\" class=\"yoast-schema-graph\">{\"@context\":\"https:\\\/\\\/schema.org\",\"@graph\":[{\"@type\":\"Article\",\"@id\":\"https:\\\/\\\/resibo.pl\\\/blog\\\/plan-pielegnacji-twarzy-z-jakich-elementow-powinien-sie-skladac\\\/#article\",\"isPartOf\":{\"@id\":\"https:\\\/\\\/resibo.pl\\\/blog\\\/plan-pielegnacji-twarzy-z-jakich-elementow-powinien-sie-skladac\\\/\"},\"author\":{\"name\":\"Anita\",\"@id\":\"https:\\\/\\\/resibo.pl\\\/blog\\\/#\\\/schema\\\/person\\\/ef9013c96e1204d78b18c2243ed265a9\"},\"headline\":\"Plan piel\u0119gnacji twarzy \u2013 z jakich element\u00f3w powinien si\u0119 sk\u0142ada\u0107?\",\"datePublished\":\"2023-09-19T14:08:00+00:00\",\"mainEntityOfPage\":{\"@id\":\"https:\\\/\\\/resibo.pl\\\/blog\\\/plan-pielegnacji-twarzy-z-jakich-elementow-powinien-sie-skladac\\\/\"},\"wordCount\":782,\"publisher\":{\"@id\":\"https:\\\/\\\/resibo.pl\\\/blog\\\/#organization\"},\"image\":{\"@id\":\"https:\\\/\\\/resibo.pl\\\/blog\\\/plan-pielegnacji-twarzy-z-jakich-elementow-powinien-sie-skladac\\\/#primaryimage\"},\"thumbnailUrl\":\"https:\\\/\\\/resibo.pl\\\/blog\\\/wp-content\\\/uploads\\\/2023\\\/09\\\/plan-pielegnacji-twarzy-resibo-.png\",\"articleSection\":[\"Beauty\",\"O pielegnacji\"],\"inLanguage\":\"pl-PL\"},{\"@type\":\"WebPage\",\"@id\":\"https:\\\/\\\/resibo.pl\\\/blog\\\/plan-pielegnacji-twarzy-z-jakich-elementow-powinien-sie-skladac\\\/\",\"url\":\"https:\\\/\\\/resibo.pl\\\/blog\\\/plan-pielegnacji-twarzy-z-jakich-elementow-powinien-sie-skladac\\\/\",\"name\":\"Plan piel\u0119gnacji twarzy \u2013 z jakich element\u00f3w powinien si\u0119 sk\u0142ada\u0107? - Kosmetyki naturalne Resibo\",\"isPartOf\":{\"@id\":\"https:\\\/\\\/resibo.pl\\\/blog\\\/#website\"},\"primaryImageOfPage\":{\"@id\":\"https:\\\/\\\/resibo.pl\\\/blog\\\/plan-pielegnacji-twarzy-z-jakich-elementow-powinien-sie-skladac\\\/#primaryimage\"},\"image\":{\"@id\":\"https:\\\/\\\/resibo.pl\\\/blog\\\/plan-pielegnacji-twarzy-z-jakich-elementow-powinien-sie-skladac\\\/#primaryimage\"},\"thumbnailUrl\":\"https:\\\/\\\/resibo.pl\\\/blog\\\/wp-content\\\/uploads\\\/2023\\\/09\\\/plan-pielegnacji-twarzy-resibo-.png\",\"datePublished\":\"2023-09-19T14:08:00+00:00\",\"description\":\"Jak stworzy\u0107 skuteczny plan piel\u0119gnacyjny? Jak oczyszcza\u0107 i piel\u0119gnowa\u0107 sk\u00f3r\u0119 twarzy, by by\u0142a zdrowa i promiennie wygl\u0105da\u0142a.\",\"breadcrumb\":{\"@id\":\"https:\\\/\\\/resibo.pl\\\/blog\\\/plan-pielegnacji-twarzy-z-jakich-elementow-powinien-sie-skladac\\\/#breadcrumb\"},\"inLanguage\":\"pl-PL\",\"potentialAction\":[{\"@type\":\"ReadAction\",\"target\":[\"https:\\\/\\\/resibo.pl\\\/blog\\\/plan-pielegnacji-twarzy-z-jakich-elementow-powinien-sie-skladac\\\/\"]}]},{\"@type\":\"ImageObject\",\"inLanguage\":\"pl-PL\",\"@id\":\"https:\\\/\\\/resibo.pl\\\/blog\\\/plan-pielegnacji-twarzy-z-jakich-elementow-powinien-sie-skladac\\\/#primaryimage\",\"url\":\"https:\\\/\\\/resibo.pl\\\/blog\\\/wp-content\\\/uploads\\\/2023\\\/09\\\/plan-pielegnacji-twarzy-resibo-.png\",\"contentUrl\":\"https:\\\/\\\/resibo.pl\\\/blog\\\/wp-content\\\/uploads\\\/2023\\\/09\\\/plan-pielegnacji-twarzy-resibo-.png\",\"width\":1499,\"height\":1000,\"caption\":\"twarz u\u015bmiechni\u0119tej kobiety ze spuszczonym wzrokiem zbli\u017cenie\"},{\"@type\":\"BreadcrumbList\",\"@id\":\"https:\\\/\\\/resibo.pl\\\/blog\\\/plan-pielegnacji-twarzy-z-jakich-elementow-powinien-sie-skladac\\\/#breadcrumb\",\"itemListElement\":[{\"@type\":\"ListItem\",\"position\":1,\"name\":\"Strona g\u0142\u00f3wna\",\"item\":\"https:\\\/\\\/resibo.pl\\\/blog\\\/\"},{\"@type\":\"ListItem\",\"position\":2,\"name\":\"Plan piel\u0119gnacji twarzy \u2013 z jakich element\u00f3w powinien si\u0119 sk\u0142ada\u0107?\"}]},{\"@type\":\"WebSite\",\"@id\":\"https:\\\/\\\/resibo.pl\\\/blog\\\/#website\",\"url\":\"https:\\\/\\\/resibo.pl\\\/blog\\\/\",\"name\":\"Kosmetyki naturalne Resibo\",\"description\":\"\",\"publisher\":{\"@id\":\"https:\\\/\\\/resibo.pl\\\/blog\\\/#organization\"},\"potentialAction\":[{\"@type\":\"SearchAction\",\"target\":{\"@type\":\"EntryPoint\",\"urlTemplate\":\"https:\\\/\\\/resibo.pl\\\/blog\\\/?s={search_term_string}\"},\"query-input\":{\"@type\":\"PropertyValueSpecification\",\"valueRequired\":true,\"valueName\":\"search_term_string\"}}],\"inLanguage\":\"pl-PL\"},{\"@type\":\"Organization\",\"@id\":\"https:\\\/\\\/resibo.pl\\\/blog\\\/#organization\",\"name\":\"Resibo\",\"url\":\"https:\\\/\\\/resibo.pl\\\/blog\\\/\",\"logo\":{\"@type\":\"ImageObject\",\"inLanguage\":\"pl-PL\",\"@id\":\"https:\\\/\\\/resibo.pl\\\/blog\\\/#\\\/schema\\\/logo\\\/image\\\/\",\"url\":\"https:\\\/\\\/resibo.pl\\\/blog\\\/wp-content\\\/uploads\\\/2022\\\/02\\\/cropped-logo.png\",\"contentUrl\":\"https:\\\/\\\/resibo.pl\\\/blog\\\/wp-content\\\/uploads\\\/2022\\\/02\\\/cropped-logo.png\",\"width\":274,\"height\":109,\"caption\":\"Resibo\"},\"image\":{\"@id\":\"https:\\\/\\\/resibo.pl\\\/blog\\\/#\\\/schema\\\/logo\\\/image\\\/\"},\"sameAs\":[\"http:\\\/\\\/facebook.com\\\/resiboPL\",\"http:\\\/\\\/instagram.com\\\/resibobynature\"]},{\"@type\":\"Person\",\"@id\":\"https:\\\/\\\/resibo.pl\\\/blog\\\/#\\\/schema\\\/person\\\/ef9013c96e1204d78b18c2243ed265a9\",\"name\":\"Anita\",\"image\":{\"@type\":\"ImageObject\",\"inLanguage\":\"pl-PL\",\"@id\":\"https:\\\/\\\/secure.gravatar.com\\\/avatar\\\/c16c3ee787d7dac06be3101e60d7b357f40d4375278b4f1760aa8fb3114c1f93?s=96&d=mm&r=g\",\"url\":\"https:\\\/\\\/secure.gravatar.com\\\/avatar\\\/c16c3ee787d7dac06be3101e60d7b357f40d4375278b4f1760aa8fb3114c1f93?s=96&d=mm&r=g\",\"contentUrl\":\"https:\\\/\\\/secure.gravatar.com\\\/avatar\\\/c16c3ee787d7dac06be3101e60d7b357f40d4375278b4f1760aa8fb3114c1f93?s=96&d=mm&r=g\",\"caption\":\"Anita\"},\"description\":\"Anita Odachowska Zakochana w Resibo i naturalnej piel\u0119gnacji, ciekawa \u015bwiata, szanuj\u0105ca przyrod\u0119 i doceniaj\u0105ca si\u0142\u0119 ro\u015blinnych sk\u0142adnik\u00f3w, w ci\u0105g\u0142ym d\u0105\u017ceniu do co najmniej less waste.\",\"url\":\"https:\\\/\\\/resibo.pl\\\/blog\\\/author\\\/anita\\\/\"}]}<\/script>\n<!-- \/ Yoast SEO plugin. -->","yoast_head_json":{"title":"Plan piel\u0119gnacji twarzy \u2013 z jakich element\u00f3w powinien si\u0119 sk\u0142ada\u0107? - Kosmetyki naturalne Resibo","description":"Jak stworzy\u0107 skuteczny plan piel\u0119gnacyjny? Jak oczyszcza\u0107 i piel\u0119gnowa\u0107 sk\u00f3r\u0119 twarzy, by by\u0142a zdrowa i promiennie wygl\u0105da\u0142a.","robots":{"index":"index","follow":"follow","max-snippet":"max-snippet:-1","max-image-preview":"max-image-preview:large","max-video-preview":"max-video-preview:-1"},"canonical":"https:\/\/resibo.pl\/blog\/plan-pielegnacji-twarzy-z-jakich-elementow-powinien-sie-skladac\/","og_locale":"pl_PL","og_type":"article","og_title":"Plan piel\u0119gnacji twarzy \u2013 z jakich element\u00f3w powinien si\u0119 sk\u0142ada\u0107? - Kosmetyki naturalne Resibo","og_description":"Jak stworzy\u0107 skuteczny plan piel\u0119gnacyjny? Jak oczyszcza\u0107 i piel\u0119gnowa\u0107 sk\u00f3r\u0119 twarzy, by by\u0142a zdrowa i promiennie wygl\u0105da\u0142a.","og_url":"https:\/\/resibo.pl\/blog\/plan-pielegnacji-twarzy-z-jakich-elementow-powinien-sie-skladac\/","og_site_name":"Kosmetyki naturalne Resibo","article_publisher":"http:\/\/facebook.com\/resiboPL","article_published_time":"2023-09-19T14:08:00+00:00","og_image":[{"width":1499,"height":1000,"url":"https:\/\/resibo.pl\/blog\/wp-content\/uploads\/2023\/09\/plan-pielegnacji-twarzy-resibo-.png","type":"image\/png"}],"author":"Anita","twitter_misc":{"Napisane przez":"Anita","Szacowany czas czytania":"4 minuty"},"schema":{"@context":"https:\/\/schema.org","@graph":[{"@type":"Article","@id":"https:\/\/resibo.pl\/blog\/plan-pielegnacji-twarzy-z-jakich-elementow-powinien-sie-skladac\/#article","isPartOf":{"@id":"https:\/\/resibo.pl\/blog\/plan-pielegnacji-twarzy-z-jakich-elementow-powinien-sie-skladac\/"},"author":{"name":"Anita","@id":"https:\/\/resibo.pl\/blog\/#\/schema\/person\/ef9013c96e1204d78b18c2243ed265a9"},"headline":"Plan piel\u0119gnacji twarzy \u2013 z jakich element\u00f3w powinien si\u0119 sk\u0142ada\u0107?","datePublished":"2023-09-19T14:08:00+00:00","mainEntityOfPage":{"@id":"https:\/\/resibo.pl\/blog\/plan-pielegnacji-twarzy-z-jakich-elementow-powinien-sie-skladac\/"},"wordCount":782,"publisher":{"@id":"https:\/\/resibo.pl\/blog\/#organization"},"image":{"@id":"https:\/\/resibo.pl\/blog\/plan-pielegnacji-twarzy-z-jakich-elementow-powinien-sie-skladac\/#primaryimage"},"thumbnailUrl":"https:\/\/resibo.pl\/blog\/wp-content\/uploads\/2023\/09\/plan-pielegnacji-twarzy-resibo-.png","articleSection":["Beauty","O pielegnacji"],"inLanguage":"pl-PL"},{"@type":"WebPage","@id":"https:\/\/resibo.pl\/blog\/plan-pielegnacji-twarzy-z-jakich-elementow-powinien-sie-skladac\/","url":"https:\/\/resibo.pl\/blog\/plan-pielegnacji-twarzy-z-jakich-elementow-powinien-sie-skladac\/","name":"Plan piel\u0119gnacji twarzy \u2013 z jakich element\u00f3w powinien si\u0119 sk\u0142ada\u0107? - Kosmetyki naturalne Resibo","isPartOf":{"@id":"https:\/\/resibo.pl\/blog\/#website"},"primaryImageOfPage":{"@id":"https:\/\/resibo.pl\/blog\/plan-pielegnacji-twarzy-z-jakich-elementow-powinien-sie-skladac\/#primaryimage"},"image":{"@id":"https:\/\/resibo.pl\/blog\/plan-pielegnacji-twarzy-z-jakich-elementow-powinien-sie-skladac\/#primaryimage"},"thumbnailUrl":"https:\/\/resibo.pl\/blog\/wp-content\/uploads\/2023\/09\/plan-pielegnacji-twarzy-resibo-.png","datePublished":"2023-09-19T14:08:00+00:00","description":"Jak stworzy\u0107 skuteczny plan piel\u0119gnacyjny? Jak oczyszcza\u0107 i piel\u0119gnowa\u0107 sk\u00f3r\u0119 twarzy, by by\u0142a zdrowa i promiennie wygl\u0105da\u0142a.","breadcrumb":{"@id":"https:\/\/resibo.pl\/blog\/plan-pielegnacji-twarzy-z-jakich-elementow-powinien-sie-skladac\/#breadcrumb"},"inLanguage":"pl-PL","potentialAction":[{"@type":"ReadAction","target":["https:\/\/resibo.pl\/blog\/plan-pielegnacji-twarzy-z-jakich-elementow-powinien-sie-skladac\/"]}]},{"@type":"ImageObject","inLanguage":"pl-PL","@id":"https:\/\/resibo.pl\/blog\/plan-pielegnacji-twarzy-z-jakich-elementow-powinien-sie-skladac\/#primaryimage","url":"https:\/\/resibo.pl\/blog\/wp-content\/uploads\/2023\/09\/plan-pielegnacji-twarzy-resibo-.png","contentUrl":"https:\/\/resibo.pl\/blog\/wp-content\/uploads\/2023\/09\/plan-pielegnacji-twarzy-resibo-.png","width":1499,"height":1000,"caption":"twarz u\u015bmiechni\u0119tej kobiety ze spuszczonym wzrokiem zbli\u017cenie"},{"@type":"BreadcrumbList","@id":"https:\/\/resibo.pl\/blog\/plan-pielegnacji-twarzy-z-jakich-elementow-powinien-sie-skladac\/#breadcrumb","itemListElement":[{"@type":"ListItem","position":1,"name":"Strona g\u0142\u00f3wna","item":"https:\/\/resibo.pl\/blog\/"},{"@type":"ListItem","position":2,"name":"Plan piel\u0119gnacji twarzy \u2013 z jakich element\u00f3w powinien si\u0119 sk\u0142ada\u0107?"}]},{"@type":"WebSite","@id":"https:\/\/resibo.pl\/blog\/#website","url":"https:\/\/resibo.pl\/blog\/","name":"Kosmetyki naturalne Resibo","description":"","publisher":{"@id":"https:\/\/resibo.pl\/blog\/#organization"},"potentialAction":[{"@type":"SearchAction","target":{"@type":"EntryPoint","urlTemplate":"https:\/\/resibo.pl\/blog\/?s={search_term_string}"},"query-input":{"@type":"PropertyValueSpecification","valueRequired":true,"valueName":"search_term_string"}}],"inLanguage":"pl-PL"},{"@type":"Organization","@id":"https:\/\/resibo.pl\/blog\/#organization","name":"Resibo","url":"https:\/\/resibo.pl\/blog\/","logo":{"@type":"ImageObject","inLanguage":"pl-PL","@id":"https:\/\/resibo.pl\/blog\/#\/schema\/logo\/image\/","url":"https:\/\/resibo.pl\/blog\/wp-content\/uploads\/2022\/02\/cropped-logo.png","contentUrl":"https:\/\/resibo.pl\/blog\/wp-content\/uploads\/2022\/02\/cropped-logo.png","width":274,"height":109,"caption":"Resibo"},"image":{"@id":"https:\/\/resibo.pl\/blog\/#\/schema\/logo\/image\/"},"sameAs":["http:\/\/facebook.com\/resiboPL","http:\/\/instagram.com\/resibobynature"]},{"@type":"Person","@id":"https:\/\/resibo.pl\/blog\/#\/schema\/person\/ef9013c96e1204d78b18c2243ed265a9","name":"Anita","image":{"@type":"ImageObject","inLanguage":"pl-PL","@id":"https:\/\/secure.gravatar.com\/avatar\/c16c3ee787d7dac06be3101e60d7b357f40d4375278b4f1760aa8fb3114c1f93?s=96&d=mm&r=g","url":"https:\/\/secure.gravatar.com\/avatar\/c16c3ee787d7dac06be3101e60d7b357f40d4375278b4f1760aa8fb3114c1f93?s=96&d=mm&r=g","contentUrl":"https:\/\/secure.gravatar.com\/avatar\/c16c3ee787d7dac06be3101e60d7b357f40d4375278b4f1760aa8fb3114c1f93?s=96&d=mm&r=g","caption":"Anita"},"description":"Anita Odachowska Zakochana w Resibo i naturalnej piel\u0119gnacji, ciekawa \u015bwiata, szanuj\u0105ca przyrod\u0119 i doceniaj\u0105ca si\u0142\u0119 ro\u015blinnych sk\u0142adnik\u00f3w, w ci\u0105g\u0142ym d\u0105\u017ceniu do co najmniej less waste.","url":"https:\/\/resibo.pl\/blog\/author\/anita\/"}]}},"_links":{"self":[{"href":"https:\/\/resibo.pl\/blog\/wp-json\/wp\/v2\/posts\/25129","targetHints":{"allow":["GET"]}}],"collection":[{"href":"https:\/\/resibo.pl\/blog\/wp-json\/wp\/v2\/posts"}],"about":[{"href":"https:\/\/resibo.pl\/blog\/wp-json\/wp\/v2\/types\/post"}],"author":[{"embeddable":true,"href":"https:\/\/resibo.pl\/blog\/wp-json\/wp\/v2\/users\/6"}],"replies":[{"embeddable":true,"href":"https:\/\/resibo.pl\/blog\/wp-json\/wp\/v2\/comments?post=25129"}],"version-history":[{"count":1,"href":"https:\/\/resibo.pl\/blog\/wp-json\/wp\/v2\/posts\/25129\/revisions"}],"predecessor-version":[{"id":25130,"href":"https:\/\/resibo.pl\/blog\/wp-json\/wp\/v2\/posts\/25129\/revisions\/25130"}],"wp:featuredmedia":[{"embeddable":true,"href":"https:\/\/resibo.pl\/blog\/wp-json\/wp\/v2\/media\/25131"}],"wp:attachment":[{"href":"https:\/\/resibo.pl\/blog\/wp-json\/wp\/v2\/media?parent=25129"}],"wp:term":[{"taxonomy":"category","embeddable":true,"href":"https:\/\/resibo.pl\/blog\/wp-json\/wp\/v2\/categories?post=25129"},{"taxonomy":"post_tag","embeddable":true,"href":"https:\/\/resibo.pl\/blog\/wp-json\/wp\/v2\/tags?post=25129"}],"curies":[{"name":"wp","href":"https:\/\/api.w.org\/{rel}","templated":true}]}}