{"id":25149,"date":"2023-10-05T17:46:00","date_gmt":"2023-10-05T15:46:00","guid":{"rendered":"https:\/\/resibo.pl\/blog\/?p=25149"},"modified":"2023-10-23T21:06:20","modified_gmt":"2023-10-23T19:06:20","slug":"indycza-szyja-przyczyny-jak-sie-jej-pozbyc","status":"publish","type":"post","link":"https:\/\/resibo.pl\/blog\/indycza-szyja-przyczyny-jak-sie-jej-pozbyc\/","title":{"rendered":"Indycza szyja \u2013 przyczyny. Jak si\u0119 jej pozby\u0107?"},"content":{"rendered":"<div class=\"vgblk-rw-wrapper limit-wrapper\">\n<h1 class=\"wp-block-heading\"><strong>Indycza szyja \u2013 czym jest i jak si\u0119 jej pozby\u0107?<\/strong><\/h1>\n\n\n\n<p><strong>Indycza szyja to termin, kt\u00f3ry wielu osobom kojarzy si\u0119 z oznakami starzenia, cho\u0107 nie zawsze jest to skutek up\u0142ywu czasu. Zwiotcza\u0142a i obwis\u0142a sk\u00f3ra w obr\u0119bie szyi potrafi wp\u0119dzi\u0107 w kompleksy i wywo\u0142a\u0107 uczucie dyskomfortu, niezale\u017cnie od wieku. Czy istniej\u0105 skuteczne metody walki z tym problemem?&nbsp;<\/strong><\/p>\n\n\n\n<h2 class=\"wp-block-heading\">Indycza szyja \u2013 co to znaczy?<\/h2>\n\n\n\n<p>Indycza szyja to potoczne okre\u015blenie sk\u00f3ry na szyi, kt\u00f3ra ze wzgl\u0119du na wiek, ekspozycj\u0119 na s\u0142o\u0144ce lub inne czynniki sta\u0142a si\u0119 zwiotcza\u0142a i obwis\u0142a. Termin ten odnosi si\u0119 do wygl\u0105du sk\u00f3ry przypominaj\u0105cej fa\u0142dy sk\u00f3ry indyka pod jego dziobem. Dlaczego wiotka sk\u00f3ra szyi doczeka\u0142a si\u0119 takiego obrazowego okre\u015blenia? Ot\u00f3\u017c sk\u00f3ra na szyi r\u00f3\u017cni si\u0119 od tej w innych cz\u0119\u015bciach cia\u0142a i ma pewne unikalne cechy, takie jak:<\/p>\n\n\n\n<ul class=\"wp-block-list\">\n<li>cie\u0144sza struktura w por\u00f3wnaniu do innych obszar\u00f3w cia\u0142a (np. twarzy) \u2013 to sprawia, \u017ce jest bardziej podatna na uszkodzenia spowodowane przez czynniki zewn\u0119trzne, np.&nbsp;<a href=\"https:\/\/resibo.pl\/blog\/jak-chronic-skore-przed-sloncem-ochrona-przeciwsloneczna\/\">promieniowanie UV<\/a>,&nbsp;<\/li>\n\n\n\n<li>mniejsza ilo\u015b\u0107 tkanki podsk\u00f3rnej, przez co sk\u00f3ra szyi ma mniej kolagenu i elastyny,<\/li>\n\n\n\n<li>mniej gruczo\u0142\u00f3w \u0142ojowych, np. w por\u00f3wnaniu do twarzy, przez co sk\u00f3ra szyi ma tendencj\u0119 do szybszej utraty nawil\u017cenia i jest bardziej podatna na przedwczesne starzenie si\u0119,<\/li>\n\n\n\n<li>nara\u017cenie na czynniki zewn\u0119trzne \u2013szyja, podobnie jak twarz, jest cz\u0119\u015bciej nara\u017cona na dzia\u0142anie s\u0142o\u0144ca i innych czynnik\u00f3w \u015brodowiskowych, a jednocze\u015bnie cz\u0119sto bywa pomijana w codziennej piel\u0119gnacji i ochronie przeciws\u0142onecznej,<\/li>\n\n\n\n<li>konstrukcja mi\u0119\u015bni \u2013 mi\u0119\u015bnie szyi s\u0105 cz\u0119\u015bci\u0105 ca\u0142ego uk\u0142adu mi\u0119\u015bni, kt\u00f3re wsp\u00f3lnie odpowiadaj\u0105 za nasz\u0105 postaw\u0119 w tej cz\u0119\u015bci cia\u0142a, jak r\u00f3wnie\u017c za m\u0142ody wygl\u0105d twarzy oraz samej szyi, ich os\u0142abienie mo\u017ce przejawia\u0107 si\u0119 m.in. w wiotczeniu sk\u00f3ry szyi oraz tworzeniu si\u0119 zmarszczek.<\/li>\n<\/ul>\n\n\n\n<h2 class=\"wp-block-heading\">Jakie mog\u0105 by\u0107 przyczyny indyczej szyi?<\/h2>\n\n\n\n<p>Na stan naszej sk\u00f3ry, w tym tej na szyi, wp\u0142ywa wiele czynnik\u00f3w. Cz\u0119sto w\u0142a\u015bnie ich po\u0142\u0105czenie mo\u017ce prowadzi\u0107 do szybszego pojawiania si\u0119 oznak starzenia w tym rejonie cia\u0142a. Oto g\u0142\u00f3wne przyczyny:<\/p>\n\n\n\n<ul class=\"wp-block-list\">\n<li>starzenie si\u0119 sk\u00f3ry \u2013 z wiekiem sk\u00f3ra traci zdolno\u015b\u0107 do szybkiego regenerowania si\u0119 i produkuje mniej kolagenu oraz elastyny, co prowadzi do jej zwiotczenia i utraty j\u0119drno\u015bci nie tylko w obszarze szyi,<\/li>\n\n\n\n<li>d\u0142ugotrwa\u0142a ekspozycja na s\u0142o\u0144ce bez odpowiedniej ochrony to jeden z g\u0142\u00f3wnych czynnik\u00f3w przyspieszaj\u0105cych proces starzenia si\u0119, w tym wiotczenia, sk\u00f3ry (dotyczy to tak\u017ce szyi),<\/li>\n\n\n\n<li>spadek produkcji kolagenu i elastyny, bia\u0142ek odpowiedzialnych za elastyczno\u015b\u0107 i j\u0119drno\u015b\u0107 sk\u00f3ry \u2013 z wiekiem ich og\u00f3lna produkcja maleje, co przek\u0142ada si\u0119 na mniejsz\u0105 elastyczno\u015b\u0107 sk\u00f3ry i pojawienie si\u0119 zmarszczek,<\/li>\n\n\n\n<li>nag\u0142a utrata wagi r\u00f3wnie\u017c mo\u017ce spowodowa\u0107, \u017ce sk\u00f3ra nie b\u0119dzie w stanie dostosowa\u0107 si\u0119 do nowego kszta\u0142tu cia\u0142a i b\u0119dzie obwis\u0142a w r\u00f3\u017cnych miejscach, w tym na szyi,<\/li>\n\n\n\n<li>uwarunkowania genetyczne \u2013 je\u015bli w naszej rodzinie wielu cz\u0142onk\u00f3w boryka si\u0119 z problemem indyczej szyi, istnieje du\u017ce prawdopodobie\u0144stwo, \u017ce przypad\u0142o\u015b\u0107 ta dotknie r\u00f3wnie\u017c nas.<\/li>\n<\/ul>\n\n\n\n<h2 class=\"wp-block-heading\">Zwiotcza\u0142a sk\u00f3ra szyi \u2013 co robi\u0107?<\/h2>\n\n\n\n<p>Chocia\u017c pewne czynniki powoduj\u0105ce wiotczenie sk\u00f3ry szyi, takie jak genetyka czy up\u0142yw czasu, s\u0105 nieuniknione, istniej\u0105 skuteczne metody na popraw\u0119 jej wygl\u0105du i elastyczno\u015bci. Aby skutecznie zaj\u0105\u0107 si\u0119 problemem zwiotcza\u0142ej sk\u00f3ry na szyi, warto pozna\u0107 r\u00f3\u017cne sposoby przywr\u00f3cenia jej j\u0119drno\u015bci i odm\u0142odzenia.&nbsp;<\/p>\n\n\n\n<h3 class=\"wp-block-heading\">Obwis\u0142a sk\u00f3ra szyi \u2013 \u0107wiczenia<\/h3>\n\n\n\n<p>W uj\u0119drnieniu sk\u00f3ry szyi mog\u0105 pom\u00f3c \u0107wiczenia mi\u0119\u015bni szyi, karku oraz bark\u00f3w i ramion. Nawet takie proste, jak odchylanie g\u0142owy do ty\u0142u, podnoszenie brody do sufitu, naciskanie g\u0142owy na wysoko\u015bci ucha przeciwn\u0105 r\u0119k\u0105 i przechylanie jej czy obracanie w obie strony przynios\u0105 efekty, pod warunkiem \u017ce b\u0119d\u0105 wykonywane regularnie.&nbsp;<\/p>\n\n\n\n<h3 class=\"wp-block-heading\">Masowanie szyi<\/h3>\n\n\n\n<p>Systematycznie wykonywane masa\u017ce mi\u0119\u015bni szyi i karku, zar\u00f3wno za pomoc\u0105 w\u0142asnych d\u0142oni, jak i p\u0142ytki gua sha czy rollera, r\u00f3wnie\u017c w pewnej perspektywie czasowej przynios\u0105 efekty w postaci poprawy napi\u0119cia sk\u00f3ry i uj\u0119drnienia. Efekt wzmocnimy, je\u015bli u\u017cyjemy przy tym naturalnego oleju o dzia\u0142aniu przeciwstarzeniowym, np. oleju arganowego czy oleju marula.<\/p>\n\n\n\n<h3 class=\"wp-block-heading\">Wiotka sk\u00f3ra szyi \u2013 zabiegi<\/h3>\n\n\n\n<p>Gdy domowe metody nie przynosz\u0105 oczekiwanych rezultat\u00f3w lub chcemy, aby efekty pojawi\u0142y si\u0119 szybciej, warto skorzysta\u0107 z profesjonalnych zabieg\u00f3w dost\u0119pnych w salonach kosmetycznych i klinikach medycyny estetycznej, kt\u00f3re mog\u0105 pom\u00f3c w uj\u0119drnieniu sk\u00f3ry szyi. Najskuteczniejsze s\u0105 te, kt\u00f3re intensywnie pobudzaj\u0105 produkcj\u0119 kolagenu i elastyny w sk\u00f3rze, tj.:<\/p>\n\n\n\n<ul class=\"wp-block-list\">\n<li>zabiegi laserowe,<\/li>\n\n\n\n<li>mezoterapia,<\/li>\n\n\n\n<li>lifting ultrad\u017awi\u0119kowy,<\/li>\n\n\n\n<li>terapia falami radiowymi.<\/li>\n<\/ul>\n\n\n\n<h3 class=\"wp-block-heading\">Kosmetyki na zwiotcza\u0142\u0105 sk\u00f3r\u0119 szyi<\/h3>\n\n\n\n<p>Jakie kosmetyki powinni\u015bmy stosowa\u0107 chc\u0105c poprawi\u0107 wygl\u0105d sk\u00f3ry szyi? Szczeg\u00f3lnie polecane s\u0105 naturalne kosmetyki, kt\u00f3re dzia\u0142aj\u0105 d\u0142ugofalowo, wzmacniaj\u0105c cer\u0119 i wspieraj\u0105c zachodz\u0105ce w niej procesy regeneracji. Si\u0119gnijmy po te, kt\u00f3re zawieraj\u0105 sk\u0142adniki, takie jak&nbsp;<a href=\"https:\/\/resibo.pl\/produkt\/186\/resibo-krem-z-retinolem-pro\">retinol<\/a>, peptydy, kwas hialuronowy czy witamina C. Sk\u0142adnikiem o wyj\u0105tkowym dzia\u0142aniu na sk\u00f3r\u0119 jest ekstrakt z ro\u015bliny o nazwie&nbsp;<em>Acmella oleracea<\/em>, kt\u00f3ry stymuluje fibroblasty, czyli kom\u00f3rki produkuj\u0105ce kolagen i elastyn\u0119, do zwi\u0119kszenia ich produkcji. Dzi\u0119ki temu&nbsp;<a href=\"https:\/\/resibo.pl\/produkt\/271\/royal-therapy-arcykrem-do-szyi-i-dekoltu\">reorganizuje struktur\u0119 sk\u00f3ry w\u0142a\u015bciwej<\/a>, a w efekcie uj\u0119drnia j\u0105 i zag\u0119szcza.<\/p>\n\n\n\n<h2 class=\"wp-block-heading\">Jak zapobiec pojawieniu si\u0119 indyczej szyi?<\/h2>\n\n\n\n<p>Chc\u0105c zapobiec pojawieniu si\u0119 indyczej szyi, dbajmy o sk\u00f3r\u0119 tej cz\u0119\u015bci cia\u0142a tak samo jak o sk\u00f3r\u0119 twarzy, przyjmuj\u0105c, \u017ce nasza twarz ko\u0144czy si\u0119 tu\u017c nad piersiami i ca\u0142y ten obszar wymaga regularnej piel\u0119gnacji. Bardzo wa\u017cna jest ochrona przeciws\u0142oneczna \u2013 stosowanie kremu z filtrem UV na co dzie\u0144 to powinna by\u0107 norma, podobnie jak regularne nawil\u017canie sk\u00f3ry, a tak\u017ce nawadnianie ca\u0142ego organizmu. Unikajmy te\u017c wszelkich czynnik\u00f3w, kt\u00f3re przyczyniaj\u0105 si\u0119 do przyspieszenia procesu starzenia si\u0119 sk\u00f3ry. Wymieni\u0142am je wy\u017cej. Warto r\u00f3wnie\u017c na sta\u0142e wdro\u017cy\u0107 do swojej rutyny regularne wykonywanie \u0107wicze\u0144 wzmacniaj\u0105cych mi\u0119\u015bnie szyi oraz masa\u017c\u00f3w. Odpowiednio dobrana, naturalna piel\u0119gnacja i systematyczno\u015b\u0107 dope\u0142ni\u0105 dzie\u0142a.<\/p>\n<\/div><!-- .vgblk-rw-wrapper -->","protected":false},"excerpt":{"rendered":"<p>Indycza szyja \u2013 czym jest i jak si\u0119 jej pozby\u0107? Indycza szyja to termin, kt\u00f3ry wielu osobom kojarzy si\u0119 z oznakami starzenia, cho\u0107 nie zawsze jest to skutek up\u0142ywu czasu. Zwiotcza\u0142a i obwis\u0142a sk\u00f3ra w obr\u0119bie szyi potrafi wp\u0119dzi\u0107 w kompleksy i wywo\u0142a\u0107 uczucie dyskomfortu, niezale\u017cnie od wieku. Czy istniej\u0105 skuteczne metody walki z tym&#8230;<\/p>\n","protected":false},"author":6,"featured_media":25151,"comment_status":"closed","ping_status":"closed","sticky":false,"template":"","format":"standard","meta":{"footnotes":""},"categories":[161,40],"tags":[],"class_list":["post-25149","post","type-post","status-publish","format-standard","has-post-thumbnail","hentry","category-beauty","category-magda-o-pielegnacji"],"yoast_head":"<!-- This site is optimized with the Yoast SEO plugin v27.4 - https:\/\/yoast.com\/product\/yoast-seo-wordpress\/ -->\n<title>Indycza szyja \u2013 przyczyny. Jak si\u0119 jej pozby\u0107? - Kosmetyki naturalne Resibo<\/title>\n<meta name=\"description\" content=\"Indycza szyja to przypad\u0142o\u015b\u0107, kt\u00f3ra wywo\u0142uje uczucie dyskomfortu. Dowiedz si\u0119, jakie s\u0105 przyczyny wiotczenia sk\u00f3ry i jak temu zapobiec.\" \/>\n<meta name=\"robots\" content=\"index, follow, max-snippet:-1, max-image-preview:large, max-video-preview:-1\" \/>\n<link rel=\"canonical\" href=\"https:\/\/resibo.pl\/blog\/indycza-szyja-przyczyny-jak-sie-jej-pozbyc\/\" \/>\n<meta property=\"og:locale\" content=\"pl_PL\" \/>\n<meta property=\"og:type\" content=\"article\" \/>\n<meta property=\"og:title\" content=\"Indycza szyja \u2013 przyczyny. Jak si\u0119 jej pozby\u0107? - Kosmetyki naturalne Resibo\" \/>\n<meta property=\"og:description\" content=\"Indycza szyja to przypad\u0142o\u015b\u0107, kt\u00f3ra wywo\u0142uje uczucie dyskomfortu. Dowiedz si\u0119, jakie s\u0105 przyczyny wiotczenia sk\u00f3ry i jak temu zapobiec.\" \/>\n<meta property=\"og:url\" content=\"https:\/\/resibo.pl\/blog\/indycza-szyja-przyczyny-jak-sie-jej-pozbyc\/\" \/>\n<meta property=\"og:site_name\" content=\"Kosmetyki naturalne Resibo\" \/>\n<meta property=\"article:publisher\" content=\"http:\/\/facebook.com\/resiboPL\" \/>\n<meta property=\"article:published_time\" content=\"2023-10-05T15:46:00+00:00\" \/>\n<meta property=\"article:modified_time\" content=\"2023-10-23T19:06:20+00:00\" \/>\n<meta property=\"og:image\" content=\"https:\/\/resibo.pl\/blog\/wp-content\/uploads\/2023\/10\/indycza-szyja-resibo-dwie-kobiety-z-ladna-cera-i-zadbana-szyja.jpg\" \/>\n\t<meta property=\"og:image:width\" content=\"1500\" \/>\n\t<meta property=\"og:image:height\" content=\"1001\" \/>\n\t<meta property=\"og:image:type\" content=\"image\/jpeg\" \/>\n<meta name=\"author\" content=\"Anita\" \/>\n<meta name=\"twitter:label1\" content=\"Napisane przez\" \/>\n\t<meta name=\"twitter:data1\" content=\"Anita\" \/>\n\t<meta name=\"twitter:label2\" content=\"Szacowany czas czytania\" \/>\n\t<meta name=\"twitter:data2\" content=\"6 minut\" \/>\n<script type=\"application\/ld+json\" class=\"yoast-schema-graph\">{\"@context\":\"https:\\\/\\\/schema.org\",\"@graph\":[{\"@type\":\"Article\",\"@id\":\"https:\\\/\\\/resibo.pl\\\/blog\\\/indycza-szyja-przyczyny-jak-sie-jej-pozbyc\\\/#article\",\"isPartOf\":{\"@id\":\"https:\\\/\\\/resibo.pl\\\/blog\\\/indycza-szyja-przyczyny-jak-sie-jej-pozbyc\\\/\"},\"author\":{\"name\":\"Anita\",\"@id\":\"https:\\\/\\\/resibo.pl\\\/blog\\\/#\\\/schema\\\/person\\\/ef9013c96e1204d78b18c2243ed265a9\"},\"headline\":\"Indycza szyja \u2013 przyczyny. Jak si\u0119 jej pozby\u0107?\",\"datePublished\":\"2023-10-05T15:46:00+00:00\",\"dateModified\":\"2023-10-23T19:06:20+00:00\",\"mainEntityOfPage\":{\"@id\":\"https:\\\/\\\/resibo.pl\\\/blog\\\/indycza-szyja-przyczyny-jak-sie-jej-pozbyc\\\/\"},\"wordCount\":1080,\"publisher\":{\"@id\":\"https:\\\/\\\/resibo.pl\\\/blog\\\/#organization\"},\"image\":{\"@id\":\"https:\\\/\\\/resibo.pl\\\/blog\\\/indycza-szyja-przyczyny-jak-sie-jej-pozbyc\\\/#primaryimage\"},\"thumbnailUrl\":\"https:\\\/\\\/resibo.pl\\\/blog\\\/wp-content\\\/uploads\\\/2023\\\/10\\\/indycza-szyja-resibo-dwie-kobiety-z-ladna-cera-i-zadbana-szyja.jpg\",\"articleSection\":[\"Beauty\",\"O pielegnacji\"],\"inLanguage\":\"pl-PL\"},{\"@type\":\"WebPage\",\"@id\":\"https:\\\/\\\/resibo.pl\\\/blog\\\/indycza-szyja-przyczyny-jak-sie-jej-pozbyc\\\/\",\"url\":\"https:\\\/\\\/resibo.pl\\\/blog\\\/indycza-szyja-przyczyny-jak-sie-jej-pozbyc\\\/\",\"name\":\"Indycza szyja \u2013 przyczyny. Jak si\u0119 jej pozby\u0107? - Kosmetyki naturalne Resibo\",\"isPartOf\":{\"@id\":\"https:\\\/\\\/resibo.pl\\\/blog\\\/#website\"},\"primaryImageOfPage\":{\"@id\":\"https:\\\/\\\/resibo.pl\\\/blog\\\/indycza-szyja-przyczyny-jak-sie-jej-pozbyc\\\/#primaryimage\"},\"image\":{\"@id\":\"https:\\\/\\\/resibo.pl\\\/blog\\\/indycza-szyja-przyczyny-jak-sie-jej-pozbyc\\\/#primaryimage\"},\"thumbnailUrl\":\"https:\\\/\\\/resibo.pl\\\/blog\\\/wp-content\\\/uploads\\\/2023\\\/10\\\/indycza-szyja-resibo-dwie-kobiety-z-ladna-cera-i-zadbana-szyja.jpg\",\"datePublished\":\"2023-10-05T15:46:00+00:00\",\"dateModified\":\"2023-10-23T19:06:20+00:00\",\"description\":\"Indycza szyja to przypad\u0142o\u015b\u0107, kt\u00f3ra wywo\u0142uje uczucie dyskomfortu. Dowiedz si\u0119, jakie s\u0105 przyczyny wiotczenia sk\u00f3ry i jak temu zapobiec.\",\"breadcrumb\":{\"@id\":\"https:\\\/\\\/resibo.pl\\\/blog\\\/indycza-szyja-przyczyny-jak-sie-jej-pozbyc\\\/#breadcrumb\"},\"inLanguage\":\"pl-PL\",\"potentialAction\":[{\"@type\":\"ReadAction\",\"target\":[\"https:\\\/\\\/resibo.pl\\\/blog\\\/indycza-szyja-przyczyny-jak-sie-jej-pozbyc\\\/\"]}]},{\"@type\":\"ImageObject\",\"inLanguage\":\"pl-PL\",\"@id\":\"https:\\\/\\\/resibo.pl\\\/blog\\\/indycza-szyja-przyczyny-jak-sie-jej-pozbyc\\\/#primaryimage\",\"url\":\"https:\\\/\\\/resibo.pl\\\/blog\\\/wp-content\\\/uploads\\\/2023\\\/10\\\/indycza-szyja-resibo-dwie-kobiety-z-ladna-cera-i-zadbana-szyja.jpg\",\"contentUrl\":\"https:\\\/\\\/resibo.pl\\\/blog\\\/wp-content\\\/uploads\\\/2023\\\/10\\\/indycza-szyja-resibo-dwie-kobiety-z-ladna-cera-i-zadbana-szyja.jpg\",\"width\":1500,\"height\":1001},{\"@type\":\"BreadcrumbList\",\"@id\":\"https:\\\/\\\/resibo.pl\\\/blog\\\/indycza-szyja-przyczyny-jak-sie-jej-pozbyc\\\/#breadcrumb\",\"itemListElement\":[{\"@type\":\"ListItem\",\"position\":1,\"name\":\"Strona g\u0142\u00f3wna\",\"item\":\"https:\\\/\\\/resibo.pl\\\/blog\\\/\"},{\"@type\":\"ListItem\",\"position\":2,\"name\":\"Indycza szyja \u2013 przyczyny. Jak si\u0119 jej pozby\u0107?\"}]},{\"@type\":\"WebSite\",\"@id\":\"https:\\\/\\\/resibo.pl\\\/blog\\\/#website\",\"url\":\"https:\\\/\\\/resibo.pl\\\/blog\\\/\",\"name\":\"Kosmetyki naturalne Resibo\",\"description\":\"\",\"publisher\":{\"@id\":\"https:\\\/\\\/resibo.pl\\\/blog\\\/#organization\"},\"potentialAction\":[{\"@type\":\"SearchAction\",\"target\":{\"@type\":\"EntryPoint\",\"urlTemplate\":\"https:\\\/\\\/resibo.pl\\\/blog\\\/?s={search_term_string}\"},\"query-input\":{\"@type\":\"PropertyValueSpecification\",\"valueRequired\":true,\"valueName\":\"search_term_string\"}}],\"inLanguage\":\"pl-PL\"},{\"@type\":\"Organization\",\"@id\":\"https:\\\/\\\/resibo.pl\\\/blog\\\/#organization\",\"name\":\"Resibo\",\"url\":\"https:\\\/\\\/resibo.pl\\\/blog\\\/\",\"logo\":{\"@type\":\"ImageObject\",\"inLanguage\":\"pl-PL\",\"@id\":\"https:\\\/\\\/resibo.pl\\\/blog\\\/#\\\/schema\\\/logo\\\/image\\\/\",\"url\":\"https:\\\/\\\/resibo.pl\\\/blog\\\/wp-content\\\/uploads\\\/2022\\\/02\\\/cropped-logo.png\",\"contentUrl\":\"https:\\\/\\\/resibo.pl\\\/blog\\\/wp-content\\\/uploads\\\/2022\\\/02\\\/cropped-logo.png\",\"width\":274,\"height\":109,\"caption\":\"Resibo\"},\"image\":{\"@id\":\"https:\\\/\\\/resibo.pl\\\/blog\\\/#\\\/schema\\\/logo\\\/image\\\/\"},\"sameAs\":[\"http:\\\/\\\/facebook.com\\\/resiboPL\",\"http:\\\/\\\/instagram.com\\\/resibobynature\"]},{\"@type\":\"Person\",\"@id\":\"https:\\\/\\\/resibo.pl\\\/blog\\\/#\\\/schema\\\/person\\\/ef9013c96e1204d78b18c2243ed265a9\",\"name\":\"Anita\",\"image\":{\"@type\":\"ImageObject\",\"inLanguage\":\"pl-PL\",\"@id\":\"https:\\\/\\\/secure.gravatar.com\\\/avatar\\\/c16c3ee787d7dac06be3101e60d7b357f40d4375278b4f1760aa8fb3114c1f93?s=96&d=mm&r=g\",\"url\":\"https:\\\/\\\/secure.gravatar.com\\\/avatar\\\/c16c3ee787d7dac06be3101e60d7b357f40d4375278b4f1760aa8fb3114c1f93?s=96&d=mm&r=g\",\"contentUrl\":\"https:\\\/\\\/secure.gravatar.com\\\/avatar\\\/c16c3ee787d7dac06be3101e60d7b357f40d4375278b4f1760aa8fb3114c1f93?s=96&d=mm&r=g\",\"caption\":\"Anita\"},\"description\":\"Anita Odachowska Zakochana w Resibo i naturalnej piel\u0119gnacji, ciekawa \u015bwiata, szanuj\u0105ca przyrod\u0119 i doceniaj\u0105ca si\u0142\u0119 ro\u015blinnych sk\u0142adnik\u00f3w, w ci\u0105g\u0142ym d\u0105\u017ceniu do co najmniej less waste.\",\"url\":\"https:\\\/\\\/resibo.pl\\\/blog\\\/author\\\/anita\\\/\"}]}<\/script>\n<!-- \/ Yoast SEO plugin. -->","yoast_head_json":{"title":"Indycza szyja \u2013 przyczyny. Jak si\u0119 jej pozby\u0107? - Kosmetyki naturalne Resibo","description":"Indycza szyja to przypad\u0142o\u015b\u0107, kt\u00f3ra wywo\u0142uje uczucie dyskomfortu. Dowiedz si\u0119, jakie s\u0105 przyczyny wiotczenia sk\u00f3ry i jak temu zapobiec.","robots":{"index":"index","follow":"follow","max-snippet":"max-snippet:-1","max-image-preview":"max-image-preview:large","max-video-preview":"max-video-preview:-1"},"canonical":"https:\/\/resibo.pl\/blog\/indycza-szyja-przyczyny-jak-sie-jej-pozbyc\/","og_locale":"pl_PL","og_type":"article","og_title":"Indycza szyja \u2013 przyczyny. Jak si\u0119 jej pozby\u0107? - Kosmetyki naturalne Resibo","og_description":"Indycza szyja to przypad\u0142o\u015b\u0107, kt\u00f3ra wywo\u0142uje uczucie dyskomfortu. Dowiedz si\u0119, jakie s\u0105 przyczyny wiotczenia sk\u00f3ry i jak temu zapobiec.","og_url":"https:\/\/resibo.pl\/blog\/indycza-szyja-przyczyny-jak-sie-jej-pozbyc\/","og_site_name":"Kosmetyki naturalne Resibo","article_publisher":"http:\/\/facebook.com\/resiboPL","article_published_time":"2023-10-05T15:46:00+00:00","article_modified_time":"2023-10-23T19:06:20+00:00","og_image":[{"width":1500,"height":1001,"url":"https:\/\/resibo.pl\/blog\/wp-content\/uploads\/2023\/10\/indycza-szyja-resibo-dwie-kobiety-z-ladna-cera-i-zadbana-szyja.jpg","type":"image\/jpeg"}],"author":"Anita","twitter_misc":{"Napisane przez":"Anita","Szacowany czas czytania":"6 minut"},"schema":{"@context":"https:\/\/schema.org","@graph":[{"@type":"Article","@id":"https:\/\/resibo.pl\/blog\/indycza-szyja-przyczyny-jak-sie-jej-pozbyc\/#article","isPartOf":{"@id":"https:\/\/resibo.pl\/blog\/indycza-szyja-przyczyny-jak-sie-jej-pozbyc\/"},"author":{"name":"Anita","@id":"https:\/\/resibo.pl\/blog\/#\/schema\/person\/ef9013c96e1204d78b18c2243ed265a9"},"headline":"Indycza szyja \u2013 przyczyny. Jak si\u0119 jej pozby\u0107?","datePublished":"2023-10-05T15:46:00+00:00","dateModified":"2023-10-23T19:06:20+00:00","mainEntityOfPage":{"@id":"https:\/\/resibo.pl\/blog\/indycza-szyja-przyczyny-jak-sie-jej-pozbyc\/"},"wordCount":1080,"publisher":{"@id":"https:\/\/resibo.pl\/blog\/#organization"},"image":{"@id":"https:\/\/resibo.pl\/blog\/indycza-szyja-przyczyny-jak-sie-jej-pozbyc\/#primaryimage"},"thumbnailUrl":"https:\/\/resibo.pl\/blog\/wp-content\/uploads\/2023\/10\/indycza-szyja-resibo-dwie-kobiety-z-ladna-cera-i-zadbana-szyja.jpg","articleSection":["Beauty","O pielegnacji"],"inLanguage":"pl-PL"},{"@type":"WebPage","@id":"https:\/\/resibo.pl\/blog\/indycza-szyja-przyczyny-jak-sie-jej-pozbyc\/","url":"https:\/\/resibo.pl\/blog\/indycza-szyja-przyczyny-jak-sie-jej-pozbyc\/","name":"Indycza szyja \u2013 przyczyny. Jak si\u0119 jej pozby\u0107? - Kosmetyki naturalne Resibo","isPartOf":{"@id":"https:\/\/resibo.pl\/blog\/#website"},"primaryImageOfPage":{"@id":"https:\/\/resibo.pl\/blog\/indycza-szyja-przyczyny-jak-sie-jej-pozbyc\/#primaryimage"},"image":{"@id":"https:\/\/resibo.pl\/blog\/indycza-szyja-przyczyny-jak-sie-jej-pozbyc\/#primaryimage"},"thumbnailUrl":"https:\/\/resibo.pl\/blog\/wp-content\/uploads\/2023\/10\/indycza-szyja-resibo-dwie-kobiety-z-ladna-cera-i-zadbana-szyja.jpg","datePublished":"2023-10-05T15:46:00+00:00","dateModified":"2023-10-23T19:06:20+00:00","description":"Indycza szyja to przypad\u0142o\u015b\u0107, kt\u00f3ra wywo\u0142uje uczucie dyskomfortu. Dowiedz si\u0119, jakie s\u0105 przyczyny wiotczenia sk\u00f3ry i jak temu zapobiec.","breadcrumb":{"@id":"https:\/\/resibo.pl\/blog\/indycza-szyja-przyczyny-jak-sie-jej-pozbyc\/#breadcrumb"},"inLanguage":"pl-PL","potentialAction":[{"@type":"ReadAction","target":["https:\/\/resibo.pl\/blog\/indycza-szyja-przyczyny-jak-sie-jej-pozbyc\/"]}]},{"@type":"ImageObject","inLanguage":"pl-PL","@id":"https:\/\/resibo.pl\/blog\/indycza-szyja-przyczyny-jak-sie-jej-pozbyc\/#primaryimage","url":"https:\/\/resibo.pl\/blog\/wp-content\/uploads\/2023\/10\/indycza-szyja-resibo-dwie-kobiety-z-ladna-cera-i-zadbana-szyja.jpg","contentUrl":"https:\/\/resibo.pl\/blog\/wp-content\/uploads\/2023\/10\/indycza-szyja-resibo-dwie-kobiety-z-ladna-cera-i-zadbana-szyja.jpg","width":1500,"height":1001},{"@type":"BreadcrumbList","@id":"https:\/\/resibo.pl\/blog\/indycza-szyja-przyczyny-jak-sie-jej-pozbyc\/#breadcrumb","itemListElement":[{"@type":"ListItem","position":1,"name":"Strona g\u0142\u00f3wna","item":"https:\/\/resibo.pl\/blog\/"},{"@type":"ListItem","position":2,"name":"Indycza szyja \u2013 przyczyny. Jak si\u0119 jej pozby\u0107?"}]},{"@type":"WebSite","@id":"https:\/\/resibo.pl\/blog\/#website","url":"https:\/\/resibo.pl\/blog\/","name":"Kosmetyki naturalne Resibo","description":"","publisher":{"@id":"https:\/\/resibo.pl\/blog\/#organization"},"potentialAction":[{"@type":"SearchAction","target":{"@type":"EntryPoint","urlTemplate":"https:\/\/resibo.pl\/blog\/?s={search_term_string}"},"query-input":{"@type":"PropertyValueSpecification","valueRequired":true,"valueName":"search_term_string"}}],"inLanguage":"pl-PL"},{"@type":"Organization","@id":"https:\/\/resibo.pl\/blog\/#organization","name":"Resibo","url":"https:\/\/resibo.pl\/blog\/","logo":{"@type":"ImageObject","inLanguage":"pl-PL","@id":"https:\/\/resibo.pl\/blog\/#\/schema\/logo\/image\/","url":"https:\/\/resibo.pl\/blog\/wp-content\/uploads\/2022\/02\/cropped-logo.png","contentUrl":"https:\/\/resibo.pl\/blog\/wp-content\/uploads\/2022\/02\/cropped-logo.png","width":274,"height":109,"caption":"Resibo"},"image":{"@id":"https:\/\/resibo.pl\/blog\/#\/schema\/logo\/image\/"},"sameAs":["http:\/\/facebook.com\/resiboPL","http:\/\/instagram.com\/resibobynature"]},{"@type":"Person","@id":"https:\/\/resibo.pl\/blog\/#\/schema\/person\/ef9013c96e1204d78b18c2243ed265a9","name":"Anita","image":{"@type":"ImageObject","inLanguage":"pl-PL","@id":"https:\/\/secure.gravatar.com\/avatar\/c16c3ee787d7dac06be3101e60d7b357f40d4375278b4f1760aa8fb3114c1f93?s=96&d=mm&r=g","url":"https:\/\/secure.gravatar.com\/avatar\/c16c3ee787d7dac06be3101e60d7b357f40d4375278b4f1760aa8fb3114c1f93?s=96&d=mm&r=g","contentUrl":"https:\/\/secure.gravatar.com\/avatar\/c16c3ee787d7dac06be3101e60d7b357f40d4375278b4f1760aa8fb3114c1f93?s=96&d=mm&r=g","caption":"Anita"},"description":"Anita Odachowska Zakochana w Resibo i naturalnej piel\u0119gnacji, ciekawa \u015bwiata, szanuj\u0105ca przyrod\u0119 i doceniaj\u0105ca si\u0142\u0119 ro\u015blinnych sk\u0142adnik\u00f3w, w ci\u0105g\u0142ym d\u0105\u017ceniu do co najmniej less waste.","url":"https:\/\/resibo.pl\/blog\/author\/anita\/"}]}},"_links":{"self":[{"href":"https:\/\/resibo.pl\/blog\/wp-json\/wp\/v2\/posts\/25149","targetHints":{"allow":["GET"]}}],"collection":[{"href":"https:\/\/resibo.pl\/blog\/wp-json\/wp\/v2\/posts"}],"about":[{"href":"https:\/\/resibo.pl\/blog\/wp-json\/wp\/v2\/types\/post"}],"author":[{"embeddable":true,"href":"https:\/\/resibo.pl\/blog\/wp-json\/wp\/v2\/users\/6"}],"replies":[{"embeddable":true,"href":"https:\/\/resibo.pl\/blog\/wp-json\/wp\/v2\/comments?post=25149"}],"version-history":[{"count":1,"href":"https:\/\/resibo.pl\/blog\/wp-json\/wp\/v2\/posts\/25149\/revisions"}],"predecessor-version":[{"id":25150,"href":"https:\/\/resibo.pl\/blog\/wp-json\/wp\/v2\/posts\/25149\/revisions\/25150"}],"wp:featuredmedia":[{"embeddable":true,"href":"https:\/\/resibo.pl\/blog\/wp-json\/wp\/v2\/media\/25151"}],"wp:attachment":[{"href":"https:\/\/resibo.pl\/blog\/wp-json\/wp\/v2\/media?parent=25149"}],"wp:term":[{"taxonomy":"category","embeddable":true,"href":"https:\/\/resibo.pl\/blog\/wp-json\/wp\/v2\/categories?post=25149"},{"taxonomy":"post_tag","embeddable":true,"href":"https:\/\/resibo.pl\/blog\/wp-json\/wp\/v2\/tags?post=25149"}],"curies":[{"name":"wp","href":"https:\/\/api.w.org\/{rel}","templated":true}]}}