{"id":25235,"date":"2023-12-22T19:01:09","date_gmt":"2023-12-22T18:01:09","guid":{"rendered":"https:\/\/resibo.pl\/blog\/?p=25235"},"modified":"2023-12-23T19:21:25","modified_gmt":"2023-12-23T18:21:25","slug":"pielegnacja-szyi-i-dekoltu-czy-mozna-odmlodzic-skore","status":"publish","type":"post","link":"https:\/\/resibo.pl\/blog\/pielegnacja-szyi-i-dekoltu-czy-mozna-odmlodzic-skore\/","title":{"rendered":"Piel\u0119gnacja szyi i dekoltu. Czy mo\u017cna odm\u0142odzi\u0107 sk\u00f3r\u0119?"},"content":{"rendered":"<div class=\"vgblk-rw-wrapper limit-wrapper\">\n<h1 class=\"wp-block-heading\">Czy mo\u017cna odm\u0142odzi\u0107 sk\u00f3r\u0119 szyi i dekoltu?<\/h1>\n\n\n\n<p><strong>W codziennej piel\u0119gnacji cz\u0119sto koncentrujemy si\u0119 na twarzy, zapominaj\u0105c o r\u00f3wnie wa\u017cnych obszarach, jakimi s\u0105 szyja i dekolt. Te cz\u0119\u015bci cia\u0142a tak samo podlegaj\u0105 procesom starzenia si\u0119 i s\u0105 nara\u017cone na dzia\u0142anie szkodliwych czynnik\u00f3w. Dlatego wymagaj\u0105 specjalnej troski.&nbsp;<\/strong><\/p>\n\n\n\n<h2 class=\"wp-block-heading\">Szyja i dekolt \u2013 dlaczego o nie r\u00f3wnie\u017c trzeba dba\u0107?<\/h2>\n\n\n\n<p>Sk\u00f3ra na szyi i dekolcie jest cie\u0144sza ni\u017c na twarzy, co wymaga specjalnego podej\u015bcia piel\u0119gnacyjnego. Na szyi i dekolcie jest te\u017c mniej gruczo\u0142\u00f3w \u0142ojowych, kt\u00f3rych aktywno\u015b\u0107 z wiekiem maleje. W rezultacie sk\u00f3ra w tej cz\u0119\u015bci cia\u0142a jest naturalnie mniej nawil\u017cona i bardziej podatna na przesuszenie oraz uszkodzenia wynikaj\u0105ce z mniejszej odporno\u015bci p\u0142aszcza hydrolipidowego.&nbsp;<\/p>\n\n\n\n<p>W tych obszarach sk\u00f3ra zawiera mniejsze ilo\u015bci kolagenu i elastyny, kt\u00f3re s\u0105 kluczowe dla jej j\u0119drno\u015bci i elastyczno\u015bci. Zmniejszona zawarto\u015b\u0107 tych bia\u0142ek sprawia, \u017ce sk\u00f3ra szyi i dekoltu jest bardziej podatna na starzenie si\u0119 i uszkodzenia spowodowane czynnikami zewn\u0119trznymi.<\/p>\n\n\n\n<p>Nie bez znaczenia jest du\u017ca ruchomo\u015b\u0107 sk\u00f3ry w tej cz\u0119\u015bci tu\u0142owia. Zw\u0142aszcza sk\u00f3ra szyi jest ci\u0105gle w ruchu ze wzgl\u0119du na ruchy mi\u0119\u015bni obracaj\u0105cych g\u0142ow\u0105, co mo\u017ce prowadzi\u0107 do szybszego powstawania linii i zmarszczek.<\/p>\n\n\n\n<p>R\u00f3wnie\u017c niew\u0142a\u015bciwa postawa i nasze ci\u0105g\u0142e schylanie si\u0119 do ekran\u00f3w urz\u0105dze\u0144 elektronicznych, takich jak smartfony, mo\u017ce przyspiesza\u0107 procesy starzenia si\u0119 sk\u00f3ry w tych obszarach, co ma zwi\u0105zek z napi\u0119ciem mi\u0119\u015bniowym, o kt\u00f3rym napisz\u0119 nieco dalej.<\/p>\n\n\n\n<p>Ze wzgl\u0119du na te r\u00f3\u017cnice, sk\u00f3ra na szyi i dekolcie wymaga szczeg\u00f3lnej piel\u0119gnacji i ochrony, aby zachowa\u0107 jej zdrowie i m\u0142ody wygl\u0105d.<\/p>\n\n\n\n<h2 class=\"wp-block-heading\">Jak powinna wygl\u0105da\u0107 skuteczna piel\u0119gnacja szyi i dekoltu?<\/h2>\n\n\n\n<p>Piel\u0119gnacja sk\u00f3ry szyi i dekoltu nie powinna r\u00f3\u017cni\u0107 si\u0119 niczym od piel\u0119gnacji twarzy. W zasadzie twarz, szyja i dekolt powinny by\u0107 jednym obszarem obj\u0119tym nasz\u0105 trosk\u0105, cho\u0107 mog\u0105 si\u0119 nieco r\u00f3\u017cni\u0107 produkty, kt\u00f3re b\u0119dziemy stosowa\u0107. Niemniej podstawowe kroki piel\u0119gnacyjne s\u0105 identyczne, czyli:<\/p>\n\n\n\n<ul class=\"wp-block-list\">\n<li>oczyszczanie,<\/li>\n\n\n\n<li>tonizowanie,<\/li>\n\n\n\n<li>z\u0142uszczanie (co kilka dni),<\/li>\n\n\n\n<li>aplikacja serum (w zale\u017cno\u015bci od wybranego kosmetyku, mo\u017ce by\u0107 codzienna lub okresowa) \u2013 w przypadku&nbsp;<a href=\"https:\/\/resibo.pl\/produkt\/252\/resibo-serum-naturalnie-wygladzajace-30ml\">serum do szyi i dekoltu<\/a>&nbsp;warto si\u0119ga\u0107 po bogatsze konsystencje ni\u017c do twarzy,<\/li>\n\n\n\n<li>na\u0142o\u017cenie kremu nawil\u017caj\u0105cego na dzie\u0144 i regeneruj\u0105cego\/od\u017cywczego na noc.<\/li>\n<\/ul>\n\n\n\n<h3 class=\"wp-block-heading\">\u0106wiczenia mi\u0119\u015bni<\/h3>\n\n\n\n<p>Mo\u017ce si\u0119 to wydawa\u0107 dziwne, skoro piszemy o piel\u0119gnacji, jednak w przypadku szyi mi\u0119\u015bnie odgrywaj\u0105 wa\u017cn\u0105 rol\u0119 w utrzymaniu jej j\u0119drno\u015bci i kszta\u0142tu. Ze wzgl\u0119du na to, \u017ce jest to cz\u0119\u015b\u0107 cia\u0142a nieustannie poruszaj\u0105ca si\u0119, a zatem naci\u0105gaj\u0105ca sk\u00f3r\u0119 w r\u00f3\u017cne strony, regularne \u0107wiczenia wzmacniaj\u0105ce mi\u0119\u015bnie szyi mog\u0105 pom\u00f3c w zapobieganiu zwiotczeniu sk\u00f3ry i poprawi\u0107 nie tylko jej kontur, ale te\u017c owal twarzy.<\/p>\n\n\n\n<h2 class=\"wp-block-heading\">Czy da si\u0119 odm\u0142odzi\u0107 sk\u00f3r\u0119 szyi i dekoltu?<\/h2>\n\n\n\n<p>Wsp\u00f3\u0142czesna kosmetologia estetyczna, ale te\u017c biotechnologia sprawiaj\u0105, \u017ce faktycznie coraz cz\u0119\u015bciej mo\u017cemy m\u00f3wi\u0107 o odm\u0142adzaniu sk\u00f3ry. Dotyczy to r\u00f3wnie\u017c szyi i dekoltu. Odm\u0142odzenie osi\u0105gniemy dzi\u0119ki odpowiednio dobranym, naturalnym kosmetykom, pobudzaj\u0105cych produkcj\u0119 w\u0142\u00f3kien podporowych sk\u00f3ry. Gdy nasza cera jest ju\u017c dojrza\u0142a, warto wspomaga\u0107 sk\u00f3r\u0119 w odbudowie, poddaj\u0105c si\u0119 regularnym zabiegom kosmetycznym, takim jak mikrodermabrazja, mezoterapia czy laseroterapia, kt\u00f3re mog\u0105 znacz\u0105co poprawi\u0107 wygl\u0105d sk\u00f3ry, zwi\u0119kszaj\u0105c jej j\u0119drno\u015b\u0107 i elastyczno\u015b\u0107.&nbsp;<\/p>\n\n\n\n<h2 class=\"wp-block-heading\">Jakie produkty do piel\u0119gnacji szyi i dekoltu warto stosowa\u0107?<\/h2>\n\n\n\n<p>Chc\u0105c zachowa\u0107 m\u0142ody wygl\u0105d szyi i dekoltu na d\u0142u\u017cej, powinni\u015bmy zadba\u0107 o stosowanie na te obszary produkt\u00f3w nawil\u017caj\u0105cych i od\u017cywczych, kt\u00f3re zawieraj\u0105 sk\u0142adniki takie jak&nbsp;<a href=\"https:\/\/resibo.pl\/blog\/peptydy-w-kosmetykach-jak-dzialaja-i-z-czym-je-laczyc\/\">peptydy<\/a>, antyoksydanty i kwas hialuronowy. W kosmetykach szukajmy tak\u017ce aktywnych sk\u0142adnik\u00f3w odbudowuj\u0105cych i przeciwstarzeniowych, takich jak retinol, witamina C czy ro\u015blinne oligosacharydy. Warto wybiera\u0107&nbsp;<a href=\"https:\/\/resibo.pl\/produkt\/271\/royal-therapy-arcykrem-do-szyi-i-dekoltu\">kosmetyki do piel\u0119gnacji szyi i dekoltu<\/a>, kt\u00f3re s\u0105 specjalnie do tego przeznaczone.<\/p>\n\n\n\n<p>Warto tak\u017ce stosowa\u0107 regularnie serum bogate w sk\u0142adniki nawil\u017caj\u0105ce i regeneruj\u0105ce, kt\u00f3re pomo\u017ce w utrzymaniu g\u0142adko\u015bci i elastyczno\u015bci sk\u00f3ry. Delikatne peelingi mog\u0105 tak\u017ce pom\u00f3c w odnowie sk\u00f3ry i zapewni\u0107 jej r\u00f3wnomierny koloryt.<\/p>\n\n\n\n<p>R\u00f3wnie istotne jest zapewnienie ca\u0142orocznej ochrony przeciws\u0142onecznej, dzi\u0119ki czemu zapobiegniemy uszkodzeniom spowodowanym przez promieniowanie UV, kt\u00f3re maj\u0105 istotny wp\u0142yw na&nbsp;<a href=\"https:\/\/resibo.pl\/blog\/starzenie-sie-skory-twarzy-objawy-przyczyny-kosmetyki\/\">starzenie si\u0119 sk\u00f3ry<\/a>.<\/p>\n\n\n\n<p>Skrupulatne dbanie o szyj\u0119 i dekolt jest r\u00f3wnie wa\u017cne jak troska o sk\u00f3r\u0119 twarzy. Regularna i skuteczna piel\u0119gnacja w po\u0142\u0105czeniu z odpowiednimi zabiegami w salonie kosmetycznym mo\u017ce znacz\u0105co poprawi\u0107 wygl\u0105d tych obszar\u00f3w, pomagaj\u0105c zachowa\u0107 m\u0142ody i promienny wygl\u0105d na d\u0142u\u017cej.<\/p>\n<\/div><!-- .vgblk-rw-wrapper -->","protected":false},"excerpt":{"rendered":"<p>Czy mo\u017cna odm\u0142odzi\u0107 sk\u00f3r\u0119 szyi i dekoltu? W codziennej piel\u0119gnacji cz\u0119sto koncentrujemy si\u0119 na twarzy, zapominaj\u0105c o r\u00f3wnie wa\u017cnych obszarach, jakimi s\u0105 szyja i dekolt. Te cz\u0119\u015bci cia\u0142a tak samo podlegaj\u0105 procesom starzenia si\u0119 i s\u0105 nara\u017cone na dzia\u0142anie szkodliwych czynnik\u00f3w. Dlatego wymagaj\u0105 specjalnej troski.&nbsp; Szyja i dekolt \u2013 dlaczego o nie r\u00f3wnie\u017c trzeba dba\u0107?&#8230;<\/p>\n","protected":false},"author":6,"featured_media":25237,"comment_status":"closed","ping_status":"closed","sticky":false,"template":"","format":"standard","meta":{"footnotes":""},"categories":[161,40],"tags":[],"class_list":["post-25235","post","type-post","status-publish","format-standard","has-post-thumbnail","hentry","category-beauty","category-magda-o-pielegnacji"],"yoast_head":"<!-- This site is optimized with the Yoast SEO plugin v27.4 - https:\/\/yoast.com\/product\/yoast-seo-wordpress\/ -->\n<title>Piel\u0119gnacja szyi i dekoltu. Czy mo\u017cna odm\u0142odzi\u0107 sk\u00f3r\u0119? - Kosmetyki naturalne Resibo<\/title>\n<meta name=\"description\" content=\"Regularna i skuteczna piel\u0119gnacja sk\u00f3ry szyi i dekoltu to punkt obowi\u0105zkowy codziennej rutyny. Dowiedz si\u0119, jak dba\u0107 o szyj\u0119 i dekolt.\" \/>\n<meta name=\"robots\" content=\"index, follow, max-snippet:-1, max-image-preview:large, max-video-preview:-1\" \/>\n<link rel=\"canonical\" href=\"https:\/\/resibo.pl\/blog\/pielegnacja-szyi-i-dekoltu-czy-mozna-odmlodzic-skore\/\" \/>\n<meta property=\"og:locale\" content=\"pl_PL\" \/>\n<meta property=\"og:type\" content=\"article\" \/>\n<meta property=\"og:title\" content=\"Piel\u0119gnacja szyi i dekoltu. Czy mo\u017cna odm\u0142odzi\u0107 sk\u00f3r\u0119? - Kosmetyki naturalne Resibo\" \/>\n<meta property=\"og:description\" content=\"Regularna i skuteczna piel\u0119gnacja sk\u00f3ry szyi i dekoltu to punkt obowi\u0105zkowy codziennej rutyny. Dowiedz si\u0119, jak dba\u0107 o szyj\u0119 i dekolt.\" \/>\n<meta property=\"og:url\" content=\"https:\/\/resibo.pl\/blog\/pielegnacja-szyi-i-dekoltu-czy-mozna-odmlodzic-skore\/\" \/>\n<meta property=\"og:site_name\" content=\"Kosmetyki naturalne Resibo\" \/>\n<meta property=\"article:publisher\" content=\"http:\/\/facebook.com\/resiboPL\" \/>\n<meta property=\"article:published_time\" content=\"2023-12-22T18:01:09+00:00\" \/>\n<meta property=\"article:modified_time\" content=\"2023-12-23T18:21:25+00:00\" \/>\n<meta property=\"og:image\" content=\"https:\/\/resibo.pl\/blog\/wp-content\/uploads\/2023\/12\/pielegnacja-szyi-i-dekoltu-resibo-zdjecie-kremu-royal-therapy-na-tle-szyi-i-dekoltu.jpg\" \/>\n\t<meta property=\"og:image:width\" content=\"1500\" \/>\n\t<meta property=\"og:image:height\" content=\"999\" \/>\n\t<meta property=\"og:image:type\" content=\"image\/jpeg\" \/>\n<meta name=\"author\" content=\"Anita\" \/>\n<meta name=\"twitter:label1\" content=\"Napisane przez\" \/>\n\t<meta name=\"twitter:data1\" content=\"Anita\" \/>\n\t<meta name=\"twitter:label2\" content=\"Szacowany czas czytania\" \/>\n\t<meta name=\"twitter:data2\" content=\"5 minut\" \/>\n<script type=\"application\/ld+json\" class=\"yoast-schema-graph\">{\"@context\":\"https:\\\/\\\/schema.org\",\"@graph\":[{\"@type\":\"Article\",\"@id\":\"https:\\\/\\\/resibo.pl\\\/blog\\\/pielegnacja-szyi-i-dekoltu-czy-mozna-odmlodzic-skore\\\/#article\",\"isPartOf\":{\"@id\":\"https:\\\/\\\/resibo.pl\\\/blog\\\/pielegnacja-szyi-i-dekoltu-czy-mozna-odmlodzic-skore\\\/\"},\"author\":{\"name\":\"Anita\",\"@id\":\"https:\\\/\\\/resibo.pl\\\/blog\\\/#\\\/schema\\\/person\\\/ef9013c96e1204d78b18c2243ed265a9\"},\"headline\":\"Piel\u0119gnacja szyi i dekoltu. Czy mo\u017cna odm\u0142odzi\u0107 sk\u00f3r\u0119?\",\"datePublished\":\"2023-12-22T18:01:09+00:00\",\"dateModified\":\"2023-12-23T18:21:25+00:00\",\"mainEntityOfPage\":{\"@id\":\"https:\\\/\\\/resibo.pl\\\/blog\\\/pielegnacja-szyi-i-dekoltu-czy-mozna-odmlodzic-skore\\\/\"},\"wordCount\":845,\"publisher\":{\"@id\":\"https:\\\/\\\/resibo.pl\\\/blog\\\/#organization\"},\"image\":{\"@id\":\"https:\\\/\\\/resibo.pl\\\/blog\\\/pielegnacja-szyi-i-dekoltu-czy-mozna-odmlodzic-skore\\\/#primaryimage\"},\"thumbnailUrl\":\"https:\\\/\\\/resibo.pl\\\/blog\\\/wp-content\\\/uploads\\\/2023\\\/12\\\/pielegnacja-szyi-i-dekoltu-resibo-zdjecie-kremu-royal-therapy-na-tle-szyi-i-dekoltu.jpg\",\"articleSection\":[\"Beauty\",\"O pielegnacji\"],\"inLanguage\":\"pl-PL\"},{\"@type\":\"WebPage\",\"@id\":\"https:\\\/\\\/resibo.pl\\\/blog\\\/pielegnacja-szyi-i-dekoltu-czy-mozna-odmlodzic-skore\\\/\",\"url\":\"https:\\\/\\\/resibo.pl\\\/blog\\\/pielegnacja-szyi-i-dekoltu-czy-mozna-odmlodzic-skore\\\/\",\"name\":\"Piel\u0119gnacja szyi i dekoltu. Czy mo\u017cna odm\u0142odzi\u0107 sk\u00f3r\u0119? - Kosmetyki naturalne Resibo\",\"isPartOf\":{\"@id\":\"https:\\\/\\\/resibo.pl\\\/blog\\\/#website\"},\"primaryImageOfPage\":{\"@id\":\"https:\\\/\\\/resibo.pl\\\/blog\\\/pielegnacja-szyi-i-dekoltu-czy-mozna-odmlodzic-skore\\\/#primaryimage\"},\"image\":{\"@id\":\"https:\\\/\\\/resibo.pl\\\/blog\\\/pielegnacja-szyi-i-dekoltu-czy-mozna-odmlodzic-skore\\\/#primaryimage\"},\"thumbnailUrl\":\"https:\\\/\\\/resibo.pl\\\/blog\\\/wp-content\\\/uploads\\\/2023\\\/12\\\/pielegnacja-szyi-i-dekoltu-resibo-zdjecie-kremu-royal-therapy-na-tle-szyi-i-dekoltu.jpg\",\"datePublished\":\"2023-12-22T18:01:09+00:00\",\"dateModified\":\"2023-12-23T18:21:25+00:00\",\"description\":\"Regularna i skuteczna piel\u0119gnacja sk\u00f3ry szyi i dekoltu to punkt obowi\u0105zkowy codziennej rutyny. Dowiedz si\u0119, jak dba\u0107 o szyj\u0119 i dekolt.\",\"breadcrumb\":{\"@id\":\"https:\\\/\\\/resibo.pl\\\/blog\\\/pielegnacja-szyi-i-dekoltu-czy-mozna-odmlodzic-skore\\\/#breadcrumb\"},\"inLanguage\":\"pl-PL\",\"potentialAction\":[{\"@type\":\"ReadAction\",\"target\":[\"https:\\\/\\\/resibo.pl\\\/blog\\\/pielegnacja-szyi-i-dekoltu-czy-mozna-odmlodzic-skore\\\/\"]}]},{\"@type\":\"ImageObject\",\"inLanguage\":\"pl-PL\",\"@id\":\"https:\\\/\\\/resibo.pl\\\/blog\\\/pielegnacja-szyi-i-dekoltu-czy-mozna-odmlodzic-skore\\\/#primaryimage\",\"url\":\"https:\\\/\\\/resibo.pl\\\/blog\\\/wp-content\\\/uploads\\\/2023\\\/12\\\/pielegnacja-szyi-i-dekoltu-resibo-zdjecie-kremu-royal-therapy-na-tle-szyi-i-dekoltu.jpg\",\"contentUrl\":\"https:\\\/\\\/resibo.pl\\\/blog\\\/wp-content\\\/uploads\\\/2023\\\/12\\\/pielegnacja-szyi-i-dekoltu-resibo-zdjecie-kremu-royal-therapy-na-tle-szyi-i-dekoltu.jpg\",\"width\":1500,\"height\":999,\"caption\":\"piel\u0119gnacja szyi i dekoltu resibo zdj\u0119cie kremu royal therapy na tle szyi i dekoltu\"},{\"@type\":\"BreadcrumbList\",\"@id\":\"https:\\\/\\\/resibo.pl\\\/blog\\\/pielegnacja-szyi-i-dekoltu-czy-mozna-odmlodzic-skore\\\/#breadcrumb\",\"itemListElement\":[{\"@type\":\"ListItem\",\"position\":1,\"name\":\"Strona g\u0142\u00f3wna\",\"item\":\"https:\\\/\\\/resibo.pl\\\/blog\\\/\"},{\"@type\":\"ListItem\",\"position\":2,\"name\":\"Piel\u0119gnacja szyi i dekoltu. Czy mo\u017cna odm\u0142odzi\u0107 sk\u00f3r\u0119?\"}]},{\"@type\":\"WebSite\",\"@id\":\"https:\\\/\\\/resibo.pl\\\/blog\\\/#website\",\"url\":\"https:\\\/\\\/resibo.pl\\\/blog\\\/\",\"name\":\"Kosmetyki naturalne Resibo\",\"description\":\"\",\"publisher\":{\"@id\":\"https:\\\/\\\/resibo.pl\\\/blog\\\/#organization\"},\"potentialAction\":[{\"@type\":\"SearchAction\",\"target\":{\"@type\":\"EntryPoint\",\"urlTemplate\":\"https:\\\/\\\/resibo.pl\\\/blog\\\/?s={search_term_string}\"},\"query-input\":{\"@type\":\"PropertyValueSpecification\",\"valueRequired\":true,\"valueName\":\"search_term_string\"}}],\"inLanguage\":\"pl-PL\"},{\"@type\":\"Organization\",\"@id\":\"https:\\\/\\\/resibo.pl\\\/blog\\\/#organization\",\"name\":\"Resibo\",\"url\":\"https:\\\/\\\/resibo.pl\\\/blog\\\/\",\"logo\":{\"@type\":\"ImageObject\",\"inLanguage\":\"pl-PL\",\"@id\":\"https:\\\/\\\/resibo.pl\\\/blog\\\/#\\\/schema\\\/logo\\\/image\\\/\",\"url\":\"https:\\\/\\\/resibo.pl\\\/blog\\\/wp-content\\\/uploads\\\/2022\\\/02\\\/cropped-logo.png\",\"contentUrl\":\"https:\\\/\\\/resibo.pl\\\/blog\\\/wp-content\\\/uploads\\\/2022\\\/02\\\/cropped-logo.png\",\"width\":274,\"height\":109,\"caption\":\"Resibo\"},\"image\":{\"@id\":\"https:\\\/\\\/resibo.pl\\\/blog\\\/#\\\/schema\\\/logo\\\/image\\\/\"},\"sameAs\":[\"http:\\\/\\\/facebook.com\\\/resiboPL\",\"http:\\\/\\\/instagram.com\\\/resibobynature\"]},{\"@type\":\"Person\",\"@id\":\"https:\\\/\\\/resibo.pl\\\/blog\\\/#\\\/schema\\\/person\\\/ef9013c96e1204d78b18c2243ed265a9\",\"name\":\"Anita\",\"image\":{\"@type\":\"ImageObject\",\"inLanguage\":\"pl-PL\",\"@id\":\"https:\\\/\\\/secure.gravatar.com\\\/avatar\\\/c16c3ee787d7dac06be3101e60d7b357f40d4375278b4f1760aa8fb3114c1f93?s=96&d=mm&r=g\",\"url\":\"https:\\\/\\\/secure.gravatar.com\\\/avatar\\\/c16c3ee787d7dac06be3101e60d7b357f40d4375278b4f1760aa8fb3114c1f93?s=96&d=mm&r=g\",\"contentUrl\":\"https:\\\/\\\/secure.gravatar.com\\\/avatar\\\/c16c3ee787d7dac06be3101e60d7b357f40d4375278b4f1760aa8fb3114c1f93?s=96&d=mm&r=g\",\"caption\":\"Anita\"},\"description\":\"Anita Odachowska Zakochana w Resibo i naturalnej piel\u0119gnacji, ciekawa \u015bwiata, szanuj\u0105ca przyrod\u0119 i doceniaj\u0105ca si\u0142\u0119 ro\u015blinnych sk\u0142adnik\u00f3w, w ci\u0105g\u0142ym d\u0105\u017ceniu do co najmniej less waste.\",\"url\":\"https:\\\/\\\/resibo.pl\\\/blog\\\/author\\\/anita\\\/\"}]}<\/script>\n<!-- \/ Yoast SEO plugin. -->","yoast_head_json":{"title":"Piel\u0119gnacja szyi i dekoltu. Czy mo\u017cna odm\u0142odzi\u0107 sk\u00f3r\u0119? - Kosmetyki naturalne Resibo","description":"Regularna i skuteczna piel\u0119gnacja sk\u00f3ry szyi i dekoltu to punkt obowi\u0105zkowy codziennej rutyny. Dowiedz si\u0119, jak dba\u0107 o szyj\u0119 i dekolt.","robots":{"index":"index","follow":"follow","max-snippet":"max-snippet:-1","max-image-preview":"max-image-preview:large","max-video-preview":"max-video-preview:-1"},"canonical":"https:\/\/resibo.pl\/blog\/pielegnacja-szyi-i-dekoltu-czy-mozna-odmlodzic-skore\/","og_locale":"pl_PL","og_type":"article","og_title":"Piel\u0119gnacja szyi i dekoltu. Czy mo\u017cna odm\u0142odzi\u0107 sk\u00f3r\u0119? - Kosmetyki naturalne Resibo","og_description":"Regularna i skuteczna piel\u0119gnacja sk\u00f3ry szyi i dekoltu to punkt obowi\u0105zkowy codziennej rutyny. Dowiedz si\u0119, jak dba\u0107 o szyj\u0119 i dekolt.","og_url":"https:\/\/resibo.pl\/blog\/pielegnacja-szyi-i-dekoltu-czy-mozna-odmlodzic-skore\/","og_site_name":"Kosmetyki naturalne Resibo","article_publisher":"http:\/\/facebook.com\/resiboPL","article_published_time":"2023-12-22T18:01:09+00:00","article_modified_time":"2023-12-23T18:21:25+00:00","og_image":[{"width":1500,"height":999,"url":"https:\/\/resibo.pl\/blog\/wp-content\/uploads\/2023\/12\/pielegnacja-szyi-i-dekoltu-resibo-zdjecie-kremu-royal-therapy-na-tle-szyi-i-dekoltu.jpg","type":"image\/jpeg"}],"author":"Anita","twitter_misc":{"Napisane przez":"Anita","Szacowany czas czytania":"5 minut"},"schema":{"@context":"https:\/\/schema.org","@graph":[{"@type":"Article","@id":"https:\/\/resibo.pl\/blog\/pielegnacja-szyi-i-dekoltu-czy-mozna-odmlodzic-skore\/#article","isPartOf":{"@id":"https:\/\/resibo.pl\/blog\/pielegnacja-szyi-i-dekoltu-czy-mozna-odmlodzic-skore\/"},"author":{"name":"Anita","@id":"https:\/\/resibo.pl\/blog\/#\/schema\/person\/ef9013c96e1204d78b18c2243ed265a9"},"headline":"Piel\u0119gnacja szyi i dekoltu. Czy mo\u017cna odm\u0142odzi\u0107 sk\u00f3r\u0119?","datePublished":"2023-12-22T18:01:09+00:00","dateModified":"2023-12-23T18:21:25+00:00","mainEntityOfPage":{"@id":"https:\/\/resibo.pl\/blog\/pielegnacja-szyi-i-dekoltu-czy-mozna-odmlodzic-skore\/"},"wordCount":845,"publisher":{"@id":"https:\/\/resibo.pl\/blog\/#organization"},"image":{"@id":"https:\/\/resibo.pl\/blog\/pielegnacja-szyi-i-dekoltu-czy-mozna-odmlodzic-skore\/#primaryimage"},"thumbnailUrl":"https:\/\/resibo.pl\/blog\/wp-content\/uploads\/2023\/12\/pielegnacja-szyi-i-dekoltu-resibo-zdjecie-kremu-royal-therapy-na-tle-szyi-i-dekoltu.jpg","articleSection":["Beauty","O pielegnacji"],"inLanguage":"pl-PL"},{"@type":"WebPage","@id":"https:\/\/resibo.pl\/blog\/pielegnacja-szyi-i-dekoltu-czy-mozna-odmlodzic-skore\/","url":"https:\/\/resibo.pl\/blog\/pielegnacja-szyi-i-dekoltu-czy-mozna-odmlodzic-skore\/","name":"Piel\u0119gnacja szyi i dekoltu. Czy mo\u017cna odm\u0142odzi\u0107 sk\u00f3r\u0119? - Kosmetyki naturalne Resibo","isPartOf":{"@id":"https:\/\/resibo.pl\/blog\/#website"},"primaryImageOfPage":{"@id":"https:\/\/resibo.pl\/blog\/pielegnacja-szyi-i-dekoltu-czy-mozna-odmlodzic-skore\/#primaryimage"},"image":{"@id":"https:\/\/resibo.pl\/blog\/pielegnacja-szyi-i-dekoltu-czy-mozna-odmlodzic-skore\/#primaryimage"},"thumbnailUrl":"https:\/\/resibo.pl\/blog\/wp-content\/uploads\/2023\/12\/pielegnacja-szyi-i-dekoltu-resibo-zdjecie-kremu-royal-therapy-na-tle-szyi-i-dekoltu.jpg","datePublished":"2023-12-22T18:01:09+00:00","dateModified":"2023-12-23T18:21:25+00:00","description":"Regularna i skuteczna piel\u0119gnacja sk\u00f3ry szyi i dekoltu to punkt obowi\u0105zkowy codziennej rutyny. Dowiedz si\u0119, jak dba\u0107 o szyj\u0119 i dekolt.","breadcrumb":{"@id":"https:\/\/resibo.pl\/blog\/pielegnacja-szyi-i-dekoltu-czy-mozna-odmlodzic-skore\/#breadcrumb"},"inLanguage":"pl-PL","potentialAction":[{"@type":"ReadAction","target":["https:\/\/resibo.pl\/blog\/pielegnacja-szyi-i-dekoltu-czy-mozna-odmlodzic-skore\/"]}]},{"@type":"ImageObject","inLanguage":"pl-PL","@id":"https:\/\/resibo.pl\/blog\/pielegnacja-szyi-i-dekoltu-czy-mozna-odmlodzic-skore\/#primaryimage","url":"https:\/\/resibo.pl\/blog\/wp-content\/uploads\/2023\/12\/pielegnacja-szyi-i-dekoltu-resibo-zdjecie-kremu-royal-therapy-na-tle-szyi-i-dekoltu.jpg","contentUrl":"https:\/\/resibo.pl\/blog\/wp-content\/uploads\/2023\/12\/pielegnacja-szyi-i-dekoltu-resibo-zdjecie-kremu-royal-therapy-na-tle-szyi-i-dekoltu.jpg","width":1500,"height":999,"caption":"piel\u0119gnacja szyi i dekoltu resibo zdj\u0119cie kremu royal therapy na tle szyi i dekoltu"},{"@type":"BreadcrumbList","@id":"https:\/\/resibo.pl\/blog\/pielegnacja-szyi-i-dekoltu-czy-mozna-odmlodzic-skore\/#breadcrumb","itemListElement":[{"@type":"ListItem","position":1,"name":"Strona g\u0142\u00f3wna","item":"https:\/\/resibo.pl\/blog\/"},{"@type":"ListItem","position":2,"name":"Piel\u0119gnacja szyi i dekoltu. Czy mo\u017cna odm\u0142odzi\u0107 sk\u00f3r\u0119?"}]},{"@type":"WebSite","@id":"https:\/\/resibo.pl\/blog\/#website","url":"https:\/\/resibo.pl\/blog\/","name":"Kosmetyki naturalne Resibo","description":"","publisher":{"@id":"https:\/\/resibo.pl\/blog\/#organization"},"potentialAction":[{"@type":"SearchAction","target":{"@type":"EntryPoint","urlTemplate":"https:\/\/resibo.pl\/blog\/?s={search_term_string}"},"query-input":{"@type":"PropertyValueSpecification","valueRequired":true,"valueName":"search_term_string"}}],"inLanguage":"pl-PL"},{"@type":"Organization","@id":"https:\/\/resibo.pl\/blog\/#organization","name":"Resibo","url":"https:\/\/resibo.pl\/blog\/","logo":{"@type":"ImageObject","inLanguage":"pl-PL","@id":"https:\/\/resibo.pl\/blog\/#\/schema\/logo\/image\/","url":"https:\/\/resibo.pl\/blog\/wp-content\/uploads\/2022\/02\/cropped-logo.png","contentUrl":"https:\/\/resibo.pl\/blog\/wp-content\/uploads\/2022\/02\/cropped-logo.png","width":274,"height":109,"caption":"Resibo"},"image":{"@id":"https:\/\/resibo.pl\/blog\/#\/schema\/logo\/image\/"},"sameAs":["http:\/\/facebook.com\/resiboPL","http:\/\/instagram.com\/resibobynature"]},{"@type":"Person","@id":"https:\/\/resibo.pl\/blog\/#\/schema\/person\/ef9013c96e1204d78b18c2243ed265a9","name":"Anita","image":{"@type":"ImageObject","inLanguage":"pl-PL","@id":"https:\/\/secure.gravatar.com\/avatar\/c16c3ee787d7dac06be3101e60d7b357f40d4375278b4f1760aa8fb3114c1f93?s=96&d=mm&r=g","url":"https:\/\/secure.gravatar.com\/avatar\/c16c3ee787d7dac06be3101e60d7b357f40d4375278b4f1760aa8fb3114c1f93?s=96&d=mm&r=g","contentUrl":"https:\/\/secure.gravatar.com\/avatar\/c16c3ee787d7dac06be3101e60d7b357f40d4375278b4f1760aa8fb3114c1f93?s=96&d=mm&r=g","caption":"Anita"},"description":"Anita Odachowska Zakochana w Resibo i naturalnej piel\u0119gnacji, ciekawa \u015bwiata, szanuj\u0105ca przyrod\u0119 i doceniaj\u0105ca si\u0142\u0119 ro\u015blinnych sk\u0142adnik\u00f3w, w ci\u0105g\u0142ym d\u0105\u017ceniu do co najmniej less waste.","url":"https:\/\/resibo.pl\/blog\/author\/anita\/"}]}},"_links":{"self":[{"href":"https:\/\/resibo.pl\/blog\/wp-json\/wp\/v2\/posts\/25235","targetHints":{"allow":["GET"]}}],"collection":[{"href":"https:\/\/resibo.pl\/blog\/wp-json\/wp\/v2\/posts"}],"about":[{"href":"https:\/\/resibo.pl\/blog\/wp-json\/wp\/v2\/types\/post"}],"author":[{"embeddable":true,"href":"https:\/\/resibo.pl\/blog\/wp-json\/wp\/v2\/users\/6"}],"replies":[{"embeddable":true,"href":"https:\/\/resibo.pl\/blog\/wp-json\/wp\/v2\/comments?post=25235"}],"version-history":[{"count":1,"href":"https:\/\/resibo.pl\/blog\/wp-json\/wp\/v2\/posts\/25235\/revisions"}],"predecessor-version":[{"id":25236,"href":"https:\/\/resibo.pl\/blog\/wp-json\/wp\/v2\/posts\/25235\/revisions\/25236"}],"wp:featuredmedia":[{"embeddable":true,"href":"https:\/\/resibo.pl\/blog\/wp-json\/wp\/v2\/media\/25237"}],"wp:attachment":[{"href":"https:\/\/resibo.pl\/blog\/wp-json\/wp\/v2\/media?parent=25235"}],"wp:term":[{"taxonomy":"category","embeddable":true,"href":"https:\/\/resibo.pl\/blog\/wp-json\/wp\/v2\/categories?post=25235"},{"taxonomy":"post_tag","embeddable":true,"href":"https:\/\/resibo.pl\/blog\/wp-json\/wp\/v2\/tags?post=25235"}],"curies":[{"name":"wp","href":"https:\/\/api.w.org\/{rel}","templated":true}]}}