{"id":25397,"date":"2024-01-29T09:00:34","date_gmt":"2024-01-29T08:00:34","guid":{"rendered":"https:\/\/resibo.pl\/blog\/?p=25397"},"modified":"2024-01-21T15:24:11","modified_gmt":"2024-01-21T14:24:11","slug":"serum-do-twarzy-czy-mozna-aplikowac-je-pod-makijaz","status":"publish","type":"post","link":"https:\/\/resibo.pl\/blog\/serum-do-twarzy-czy-mozna-aplikowac-je-pod-makijaz\/","title":{"rendered":"Serum do twarzy. Czy mo\u017cna aplikowa\u0107 je pod makija\u017c?\u00a0"},"content":{"rendered":"<div class=\"vgblk-rw-wrapper limit-wrapper\">\n<h1 class=\"wp-block-heading\">Czy serum do twarzy mo\u017cna stosowa\u0107 pod makija\u017c?<\/h1>\n\n\n\n<p><strong>Serum do twarzy, cho\u0107 r\u00f3\u017cni si\u0119 od tradycyjnej bazy pod makija\u017c (tzw. primera), mo\u017ce by\u0107 skutecznym uzupe\u0142nieniem rutyny makija\u017cowej. Kosmetyk ten dostarcza bowiem sk\u00f3rze skoncentrowanych sk\u0142adnik\u00f3w aktywnych i poprawia jej wygl\u0105d. Jak wybra\u0107 i stosowa\u0107 serum pod makija\u017c, by dodatkowo nie obci\u0105\u017cy\u0107 sk\u00f3ry.<\/strong><\/p>\n\n\n\n<h2 class=\"wp-block-heading\">Baza pod makija\u017c \u2013 dlaczego warto j\u0105 stosowa\u0107?<\/h2>\n\n\n\n<p>Stosowanie bazy pod makija\u017c, czyli primera, to kluczowy krok w rutynie makija\u017cowej, kt\u00f3ry mo\u017ce znacz\u0105co poprawi\u0107 wygl\u0105d i trwa\u0142o\u015b\u0107 kosmetyk\u00f3w kolorowych na naszej sk\u00f3rze. Oto kilka powod\u00f3w, dla kt\u00f3rych warto mie\u0107 tak\u0105 baz\u0119 w swojej kosmetyczce. Jak dzia\u0142a primer na sk\u00f3r\u0119?&nbsp;<\/p>\n\n\n\n<ol class=\"wp-block-list\">\n<li>Wyg\u0142adza \u2013 baza pod makija\u017c wyg\u0142adza tekstur\u0119 sk\u00f3ry i niweluje jej nier\u00f3wno\u015bci, wype\u0142niaj\u0105c drobne linie i pory; dzi\u0119ki temu tworzy g\u0142adk\u0105, jednolit\u0105 powierzchni\u0119, u\u0142atwiaj\u0105c r\u00f3wnomierne na\u0142o\u017cenie podk\u0142adu i innych produkt\u00f3w.<\/li>\n\n\n\n<li>Przed\u0142u\u017ca trwa\u0142o\u015b\u0107 makija\u017cu \u2013 primer tworzy barier\u0119 mi\u0119dzy sk\u00f3r\u0105 a makija\u017cem, co zapobiega rozmazywaniu si\u0119 kosmetyk\u00f3w i zapewnia ich d\u0142u\u017csz\u0105 trwa\u0142o\u015b\u0107.<\/li>\n\n\n\n<li>Kontroluje sebum \u2013 specjalne bazy matuj\u0105ce pomagaj\u0105 kontrolowa\u0107 nadmiern\u0105 produkcj\u0119 sebum, co jest bardzo istotne dla os\u00f3b z cer\u0105 t\u0142ust\u0105; dodatkowo zapewniaj\u0105 one matowe wyko\u0144czenie i zapobiegaj\u0105 b\u0142yszczeniu si\u0119 sk\u00f3ry w ci\u0105gu dnia.<\/li>\n\n\n\n<li>Poprawia koloryt \u2013 niekt\u00f3re formu\u0142y baz pomagaj\u0105 korygowa\u0107 koloryt sk\u00f3ry, neutralizuj\u0105c&nbsp;<a href=\"https:\/\/resibo.pl\/blog\/przebarwienia-na-skorze-skad-sie-biora-i-jak-im-zapobiec\/\">czerwone plamy czy \u017c\u00f3\u0142tawe tony<\/a>, co zapewnia bardziej jednolity wygl\u0105d cery.<\/li>\n\n\n\n<li>Chroni \u2013 bazy cz\u0119sto zawieraj\u0105 sk\u0142adniki ochronne, takie jak filtry SPF czy antyoksydanty, kt\u00f3re chroni\u0105 sk\u00f3r\u0119 przed szkodliwymi czynnikami zewn\u0119trznymi, w tym przed promieniowaniem UV.<\/li>\n\n\n\n<li>Nawil\u017ca \u2013 dla os\u00f3b z such\u0105 cer\u0105 dost\u0119pne s\u0105 bazy nawil\u017caj\u0105ce, kt\u00f3re zapobiegaj\u0105 wysuszaniu sk\u00f3ry spowodowanemu przez makija\u017c, dodatkowo nawil\u017caj\u0105c j\u0105.<\/li>\n<\/ol>\n\n\n\n<p>Nale\u017cy podkre\u015bli\u0107, \u017ce bazy pod makija\u017c s\u0105 dost\u0119pne w r\u00f3\u017cnych formu\u0142ach, od lekkich, nawil\u017caj\u0105cych formu\u0142 po te bogate i g\u0142\u0119boko wype\u0142niaj\u0105ce, dzi\u0119ki czemu mo\u017cemy je dopasowa\u0107 do r\u00f3\u017cnych typ\u00f3w sk\u00f3ry i potrzeb.<\/p>\n\n\n\n<p>Baza pod makija\u017c to nie tylko krok w kierunku pi\u0119kniejszego i trwalszego makija\u017cu, ale tak\u017ce dodatkowa warstwa piel\u0119gnacyjna.<\/p>\n\n\n\n<h2 class=\"wp-block-heading\">Jak\u0105 baz\u0119 wybra\u0107, bior\u0105c pod uwag\u0119 typ cery?<\/h2>\n\n\n\n<p>Wyb\u00f3r odpowiedniej bazy pod makija\u017c zale\u017cy od indywidualnych potrzeb sk\u00f3ry. R\u00f3\u017cne typy cery wymagaj\u0105 produkt\u00f3w o r\u00f3\u017cnych w\u0142a\u015bciwo\u015bci. Dowiedz si\u0119, jakie rodzaje baz b\u0119d\u0105 najlepsze dla r\u00f3\u017cnych typ\u00f3w cery.<\/p>\n\n\n\n<h3 class=\"wp-block-heading\">Cera sucha<\/h3>\n\n\n\n<p>Dla cery suchej polecana jest baza, kt\u00f3ra zapewni jej dodatkowe nawil\u017cenie. Idealny b\u0119dzie primer o kremowej, bogatej konsystencji, zawieraj\u0105cy sk\u0142adniki nawil\u017caj\u0105ce, takie jak&nbsp;<a href=\"https:\/\/resibo.pl\/blog\/kwas-hialuronowy-dlaczego-warto-go-stosowac\/\">kwas hialuronowy<\/a>&nbsp;czy gliceryna ro\u015blinna. Taki produkt pomo\u017ce zminimalizowa\u0107 uczucie \u015bci\u0105gni\u0119cia i zapobiegnie \u0142uszczeniu si\u0119 makija\u017cu.<\/p>\n\n\n\n<h3 class=\"wp-block-heading\">Cera t\u0142usta<\/h3>\n\n\n\n<p>W przypadku cery t\u0142ustej najlepsze b\u0119d\u0105 bazy matuj\u0105ce, kt\u00f3re kontroluj\u0105 b\u0142yszczenie si\u0119 sk\u00f3ry i redukuj\u0105 wydzielanie sebum. Dla takiej cery szukajmy produkt\u00f3w o lekkiej, \u017celowej konsystencji, kt\u00f3re nie b\u0119d\u0105 zatyka\u0107 por\u00f3w i zapewni\u0105 matowe wyko\u0144czenie na wiele godzin.<\/p>\n\n\n\n<h3 class=\"wp-block-heading\">Cera mieszana<\/h3>\n\n\n\n<p>Dla cery mieszanej idealne b\u0119d\u0105 bazy zr\u00f3wnowa\u017cone, kt\u00f3re oferuj\u0105 kombinacj\u0119 sk\u0142adnik\u00f3w kontroluj\u0105cych wydzielanie sebum w strefie T (czo\u0142o, nos, broda) oraz zapewniaj\u0105cych nawil\u017cenie na suchszych partiach twarzy. Produkty te powinny by\u0107 lekkie i nieobci\u0105\u017caj\u0105ce sk\u00f3ry.<\/p>\n\n\n\n<h3 class=\"wp-block-heading\">Cera wra\u017cliwa<\/h3>\n\n\n\n<p>Osoby z cer\u0105 wra\u017cliw\u0105 powinny wybiera\u0107 bazy o \u0142agodnych formu\u0142ach, bez dodatku silnych substancji zapachowych czy alkoholu. Szukajmy produkt\u00f3w, kt\u00f3re zawieraj\u0105 sk\u0142adniki koj\u0105ce, takie jak&nbsp;<a href=\"https:\/\/resibo.pl\/blog\/aloes-w-kosmetyce-do-skory-na-wlosy-jak-dziala-aloes\/\">aloes<\/a>, wyci\u0105g z rumianku czy alantoina. Pomagaj\u0105 one zminimalizowa\u0107 ryzyko podra\u017cnie\u0144.<\/p>\n\n\n\n<h3 class=\"wp-block-heading\">Cera dojrza\u0142a<\/h3>\n\n\n\n<p>Dla cery dojrza\u0142ej najlepsze b\u0119d\u0105 bazy o w\u0142a\u015bciwo\u015bciach niweluj\u0105cych oznaki starzenia si\u0119, takie jak drobne linie i zmarszczki. Produkty te powinny r\u00f3wnie\u017c zawiera\u0107 sk\u0142adniki antyoksydacyjne, na przyk\u0142ad&nbsp;<a href=\"https:\/\/resibo.pl\/blog\/witamina-c-a-skora-ktora-postac-tej-witaminy-jest-najlepsza\/\">witaminy C<\/a>&nbsp;i E, kt\u00f3re wspomagaj\u0105 ochron\u0119 sk\u00f3ry przed uszkodzeniami spowodowanymi przez czynniki zewn\u0119trzne.<\/p>\n\n\n\n<p>Wyb\u00f3r odpowiedniej bazy pod makija\u017c jest bardzo wa\u017cny dla uzyskania optymalnych efekt\u00f3w i utrzymania zdrowego wygl\u0105du sk\u00f3ry.&nbsp;<\/p>\n\n\n\n<h2 class=\"wp-block-heading\">Serum pod makija\u017c \u2013 kosmetyk do zada\u0144 specjalnych<\/h2>\n\n\n\n<p>Serum do twarzy jest produktem, kt\u00f3ry zyskuje coraz wi\u0119ksz\u0105 popularno\u015b\u0107 jako krok przygotowawczy przed aplikacj\u0105 makija\u017cu. Producenci oferuj\u0105 wiele lekkich, niezapychaj\u0105cych, ale skutecznych kosmetyk\u00f3w tego typu. Dzi\u0119ki swoim wyj\u0105tkowym w\u0142a\u015bciwo\u015bciom mog\u0105 one znacz\u0105co poprawi\u0107 wygl\u0105d sk\u00f3ry i jako\u015b\u0107 makija\u017cu. Dlaczego warto uwzgl\u0119dni\u0107 serum na dzie\u0144 w swojej rutynie makija\u017cowej? Poni\u017cej najwa\u017cniejsze powody:<\/p>\n\n\n\n<ul class=\"wp-block-list\">\n<li>intensywne nawil\u017cenie \u2013&nbsp;<a href=\"https:\/\/resibo.pl\/produkt\/332\/after-hours-wyciszajace-serum-nawilzajace\">serum nawil\u017caj\u0105ce pod makija\u017c<\/a>&nbsp;to idealny spos\u00f3b na zapewnienie sk\u00f3rze g\u0142\u0119bokiego nawil\u017cenia; sk\u0142adniki, takie jak kwas hialuronowy czy&nbsp;<a href=\"https:\/\/resibo.pl\/blog\/gliceryna-jakie-ma-wlasciwosci-i-czy-jest-bezpieczna-dla-skory\/\">gliceryna<\/a>, pomagaj\u0105 nawil\u017cy\u0107 sk\u00f3r\u0119, co przedk\u0142ada si\u0119 na jej g\u0142adko\u015b\u0107 i \u015bwie\u017cy wygl\u0105d makija\u017cu przez ca\u0142y dzie\u0144,<\/li>\n\n\n\n<li>skoncentrowane sk\u0142adniki aktywne \u2013 serum do twarzy zawiera wysokie st\u0119\u017cenia sk\u0142adnik\u00f3w aktywnych, kt\u00f3re przynosz\u0105 szybkie i widoczne korzy\u015bci dla sk\u00f3ry; od antyoksydant\u00f3w po peptydy i witaminy, serum dostarcza sk\u00f3rze wszystkiego, czego potrzebuje, aby mog\u0142a wygl\u0105da\u0107 zdrowo i promiennie,<\/li>\n\n\n\n<li>poprawa tekstury sk\u00f3ry \u2013 dobrze dobrane serum wyr\u00f3wnuje tekstur\u0119 sk\u00f3ry, zmniejszaj\u0105c widoczno\u015b\u0107 por\u00f3w, drobnych linii i innych niedoskona\u0142o\u015bci; to sprawia, \u017ce podk\u0142ad i inne produkty nak\u0142adaj\u0105 si\u0119 r\u00f3wnomierniej i wygl\u0105daj\u0105 lepiej.<\/li>\n<\/ul>\n\n\n\n<p>Serum zaaplikowane na dzie\u0144 pod makija\u017c nie zast\u0119puje tradycyjnej bazy, jednak mo\u017ce dzia\u0142a\u0107 synergicznie, poprawiaj\u0105c trwa\u0142o\u015b\u0107 i wygl\u0105d makija\u017cu. To kosmetyk, kt\u00f3ry zapewnia piel\u0119gnacj\u0119 sk\u00f3ry, podczas gdy baza koncentruje si\u0119 na przygotowaniu jej powierzchni pod makija\u017c.<\/p>\n<\/div><!-- .vgblk-rw-wrapper -->","protected":false},"excerpt":{"rendered":"<p>Czy serum do twarzy mo\u017cna stosowa\u0107 pod makija\u017c? Serum do twarzy, cho\u0107 r\u00f3\u017cni si\u0119 od tradycyjnej bazy pod makija\u017c (tzw. primera), mo\u017ce by\u0107 skutecznym uzupe\u0142nieniem rutyny makija\u017cowej. Kosmetyk ten dostarcza bowiem sk\u00f3rze skoncentrowanych sk\u0142adnik\u00f3w aktywnych i poprawia jej wygl\u0105d. Jak wybra\u0107 i stosowa\u0107 serum pod makija\u017c, by dodatkowo nie obci\u0105\u017cy\u0107 sk\u00f3ry. Baza pod makija\u017c \u2013&#8230;<\/p>\n","protected":false},"author":6,"featured_media":25398,"comment_status":"open","ping_status":"open","sticky":false,"template":"","format":"standard","meta":{"footnotes":""},"categories":[161,40],"tags":[],"class_list":["post-25397","post","type-post","status-publish","format-standard","has-post-thumbnail","hentry","category-beauty","category-magda-o-pielegnacji"],"yoast_head":"<!-- This site is optimized with the Yoast SEO plugin v27.4 - https:\/\/yoast.com\/product\/yoast-seo-wordpress\/ -->\n<title>Serum do twarzy. Czy mo\u017cna aplikowa\u0107 je pod makija\u017c?\u00a0 - Kosmetyki naturalne Resibo<\/title>\n<meta name=\"description\" content=\"Serum do twarzy na dzie\u0144 to kosmetyk do zada\u0144 specjalnych. Dowiedz si\u0119, czy mo\u017cna go stosowa\u0107 w rutynie makija\u017cowej i dlaczego warto to robi\u0107.\" \/>\n<meta name=\"robots\" content=\"index, follow, max-snippet:-1, max-image-preview:large, max-video-preview:-1\" \/>\n<link rel=\"canonical\" href=\"https:\/\/resibo.pl\/blog\/serum-do-twarzy-czy-mozna-aplikowac-je-pod-makijaz\/\" \/>\n<meta property=\"og:locale\" content=\"pl_PL\" \/>\n<meta property=\"og:type\" content=\"article\" \/>\n<meta property=\"og:title\" content=\"Serum do twarzy. Czy mo\u017cna aplikowa\u0107 je pod makija\u017c?\u00a0 - Kosmetyki naturalne Resibo\" \/>\n<meta property=\"og:description\" content=\"Serum do twarzy na dzie\u0144 to kosmetyk do zada\u0144 specjalnych. Dowiedz si\u0119, czy mo\u017cna go stosowa\u0107 w rutynie makija\u017cowej i dlaczego warto to robi\u0107.\" \/>\n<meta property=\"og:url\" content=\"https:\/\/resibo.pl\/blog\/serum-do-twarzy-czy-mozna-aplikowac-je-pod-makijaz\/\" \/>\n<meta property=\"og:site_name\" content=\"Kosmetyki naturalne Resibo\" \/>\n<meta property=\"article:publisher\" content=\"http:\/\/facebook.com\/resiboPL\" \/>\n<meta property=\"article:published_time\" content=\"2024-01-29T08:00:34+00:00\" \/>\n<meta property=\"og:image\" content=\"https:\/\/resibo.pl\/blog\/wp-content\/uploads\/2024\/01\/serum-do-twarzy-z-paptydami-aqua-glaze.jpg\" \/>\n\t<meta property=\"og:image:width\" content=\"1500\" \/>\n\t<meta property=\"og:image:height\" content=\"1000\" \/>\n\t<meta property=\"og:image:type\" content=\"image\/jpeg\" \/>\n<meta name=\"author\" content=\"Anita\" \/>\n<meta name=\"twitter:label1\" content=\"Napisane przez\" \/>\n\t<meta name=\"twitter:data1\" content=\"Anita\" \/>\n\t<meta name=\"twitter:label2\" content=\"Szacowany czas czytania\" \/>\n\t<meta name=\"twitter:data2\" content=\"5 minut\" \/>\n<script type=\"application\/ld+json\" class=\"yoast-schema-graph\">{\"@context\":\"https:\\\/\\\/schema.org\",\"@graph\":[{\"@type\":\"Article\",\"@id\":\"https:\\\/\\\/resibo.pl\\\/blog\\\/serum-do-twarzy-czy-mozna-aplikowac-je-pod-makijaz\\\/#article\",\"isPartOf\":{\"@id\":\"https:\\\/\\\/resibo.pl\\\/blog\\\/serum-do-twarzy-czy-mozna-aplikowac-je-pod-makijaz\\\/\"},\"author\":{\"name\":\"Anita\",\"@id\":\"https:\\\/\\\/resibo.pl\\\/blog\\\/#\\\/schema\\\/person\\\/ef9013c96e1204d78b18c2243ed265a9\"},\"headline\":\"Serum do twarzy. Czy mo\u017cna aplikowa\u0107 je pod makija\u017c?\u00a0\",\"datePublished\":\"2024-01-29T08:00:34+00:00\",\"mainEntityOfPage\":{\"@id\":\"https:\\\/\\\/resibo.pl\\\/blog\\\/serum-do-twarzy-czy-mozna-aplikowac-je-pod-makijaz\\\/\"},\"wordCount\":1006,\"commentCount\":0,\"publisher\":{\"@id\":\"https:\\\/\\\/resibo.pl\\\/blog\\\/#organization\"},\"image\":{\"@id\":\"https:\\\/\\\/resibo.pl\\\/blog\\\/serum-do-twarzy-czy-mozna-aplikowac-je-pod-makijaz\\\/#primaryimage\"},\"thumbnailUrl\":\"https:\\\/\\\/resibo.pl\\\/blog\\\/wp-content\\\/uploads\\\/2024\\\/01\\\/serum-do-twarzy-z-paptydami-aqua-glaze.jpg\",\"articleSection\":[\"Beauty\",\"O pielegnacji\"],\"inLanguage\":\"pl-PL\",\"potentialAction\":[{\"@type\":\"CommentAction\",\"name\":\"Comment\",\"target\":[\"https:\\\/\\\/resibo.pl\\\/blog\\\/serum-do-twarzy-czy-mozna-aplikowac-je-pod-makijaz\\\/#respond\"]}]},{\"@type\":\"WebPage\",\"@id\":\"https:\\\/\\\/resibo.pl\\\/blog\\\/serum-do-twarzy-czy-mozna-aplikowac-je-pod-makijaz\\\/\",\"url\":\"https:\\\/\\\/resibo.pl\\\/blog\\\/serum-do-twarzy-czy-mozna-aplikowac-je-pod-makijaz\\\/\",\"name\":\"Serum do twarzy. Czy mo\u017cna aplikowa\u0107 je pod makija\u017c?\u00a0 - Kosmetyki naturalne Resibo\",\"isPartOf\":{\"@id\":\"https:\\\/\\\/resibo.pl\\\/blog\\\/#website\"},\"primaryImageOfPage\":{\"@id\":\"https:\\\/\\\/resibo.pl\\\/blog\\\/serum-do-twarzy-czy-mozna-aplikowac-je-pod-makijaz\\\/#primaryimage\"},\"image\":{\"@id\":\"https:\\\/\\\/resibo.pl\\\/blog\\\/serum-do-twarzy-czy-mozna-aplikowac-je-pod-makijaz\\\/#primaryimage\"},\"thumbnailUrl\":\"https:\\\/\\\/resibo.pl\\\/blog\\\/wp-content\\\/uploads\\\/2024\\\/01\\\/serum-do-twarzy-z-paptydami-aqua-glaze.jpg\",\"datePublished\":\"2024-01-29T08:00:34+00:00\",\"description\":\"Serum do twarzy na dzie\u0144 to kosmetyk do zada\u0144 specjalnych. Dowiedz si\u0119, czy mo\u017cna go stosowa\u0107 w rutynie makija\u017cowej i dlaczego warto to robi\u0107.\",\"breadcrumb\":{\"@id\":\"https:\\\/\\\/resibo.pl\\\/blog\\\/serum-do-twarzy-czy-mozna-aplikowac-je-pod-makijaz\\\/#breadcrumb\"},\"inLanguage\":\"pl-PL\",\"potentialAction\":[{\"@type\":\"ReadAction\",\"target\":[\"https:\\\/\\\/resibo.pl\\\/blog\\\/serum-do-twarzy-czy-mozna-aplikowac-je-pod-makijaz\\\/\"]}]},{\"@type\":\"ImageObject\",\"inLanguage\":\"pl-PL\",\"@id\":\"https:\\\/\\\/resibo.pl\\\/blog\\\/serum-do-twarzy-czy-mozna-aplikowac-je-pod-makijaz\\\/#primaryimage\",\"url\":\"https:\\\/\\\/resibo.pl\\\/blog\\\/wp-content\\\/uploads\\\/2024\\\/01\\\/serum-do-twarzy-z-paptydami-aqua-glaze.jpg\",\"contentUrl\":\"https:\\\/\\\/resibo.pl\\\/blog\\\/wp-content\\\/uploads\\\/2024\\\/01\\\/serum-do-twarzy-z-paptydami-aqua-glaze.jpg\",\"width\":1500,\"height\":1000,\"caption\":\"serum do twarzy z paptydami aqua glaze\"},{\"@type\":\"BreadcrumbList\",\"@id\":\"https:\\\/\\\/resibo.pl\\\/blog\\\/serum-do-twarzy-czy-mozna-aplikowac-je-pod-makijaz\\\/#breadcrumb\",\"itemListElement\":[{\"@type\":\"ListItem\",\"position\":1,\"name\":\"Strona g\u0142\u00f3wna\",\"item\":\"https:\\\/\\\/resibo.pl\\\/blog\\\/\"},{\"@type\":\"ListItem\",\"position\":2,\"name\":\"Serum do twarzy. Czy mo\u017cna aplikowa\u0107 je pod makija\u017c?\u00a0\"}]},{\"@type\":\"WebSite\",\"@id\":\"https:\\\/\\\/resibo.pl\\\/blog\\\/#website\",\"url\":\"https:\\\/\\\/resibo.pl\\\/blog\\\/\",\"name\":\"Kosmetyki naturalne Resibo\",\"description\":\"\",\"publisher\":{\"@id\":\"https:\\\/\\\/resibo.pl\\\/blog\\\/#organization\"},\"potentialAction\":[{\"@type\":\"SearchAction\",\"target\":{\"@type\":\"EntryPoint\",\"urlTemplate\":\"https:\\\/\\\/resibo.pl\\\/blog\\\/?s={search_term_string}\"},\"query-input\":{\"@type\":\"PropertyValueSpecification\",\"valueRequired\":true,\"valueName\":\"search_term_string\"}}],\"inLanguage\":\"pl-PL\"},{\"@type\":\"Organization\",\"@id\":\"https:\\\/\\\/resibo.pl\\\/blog\\\/#organization\",\"name\":\"Resibo\",\"url\":\"https:\\\/\\\/resibo.pl\\\/blog\\\/\",\"logo\":{\"@type\":\"ImageObject\",\"inLanguage\":\"pl-PL\",\"@id\":\"https:\\\/\\\/resibo.pl\\\/blog\\\/#\\\/schema\\\/logo\\\/image\\\/\",\"url\":\"https:\\\/\\\/resibo.pl\\\/blog\\\/wp-content\\\/uploads\\\/2022\\\/02\\\/cropped-logo.png\",\"contentUrl\":\"https:\\\/\\\/resibo.pl\\\/blog\\\/wp-content\\\/uploads\\\/2022\\\/02\\\/cropped-logo.png\",\"width\":274,\"height\":109,\"caption\":\"Resibo\"},\"image\":{\"@id\":\"https:\\\/\\\/resibo.pl\\\/blog\\\/#\\\/schema\\\/logo\\\/image\\\/\"},\"sameAs\":[\"http:\\\/\\\/facebook.com\\\/resiboPL\",\"http:\\\/\\\/instagram.com\\\/resibobynature\"]},{\"@type\":\"Person\",\"@id\":\"https:\\\/\\\/resibo.pl\\\/blog\\\/#\\\/schema\\\/person\\\/ef9013c96e1204d78b18c2243ed265a9\",\"name\":\"Anita\",\"image\":{\"@type\":\"ImageObject\",\"inLanguage\":\"pl-PL\",\"@id\":\"https:\\\/\\\/secure.gravatar.com\\\/avatar\\\/c16c3ee787d7dac06be3101e60d7b357f40d4375278b4f1760aa8fb3114c1f93?s=96&d=mm&r=g\",\"url\":\"https:\\\/\\\/secure.gravatar.com\\\/avatar\\\/c16c3ee787d7dac06be3101e60d7b357f40d4375278b4f1760aa8fb3114c1f93?s=96&d=mm&r=g\",\"contentUrl\":\"https:\\\/\\\/secure.gravatar.com\\\/avatar\\\/c16c3ee787d7dac06be3101e60d7b357f40d4375278b4f1760aa8fb3114c1f93?s=96&d=mm&r=g\",\"caption\":\"Anita\"},\"description\":\"Anita Odachowska Zakochana w Resibo i naturalnej piel\u0119gnacji, ciekawa \u015bwiata, szanuj\u0105ca przyrod\u0119 i doceniaj\u0105ca si\u0142\u0119 ro\u015blinnych sk\u0142adnik\u00f3w, w ci\u0105g\u0142ym d\u0105\u017ceniu do co najmniej less waste.\",\"url\":\"https:\\\/\\\/resibo.pl\\\/blog\\\/author\\\/anita\\\/\"}]}<\/script>\n<!-- \/ Yoast SEO plugin. -->","yoast_head_json":{"title":"Serum do twarzy. Czy mo\u017cna aplikowa\u0107 je pod makija\u017c?\u00a0 - Kosmetyki naturalne Resibo","description":"Serum do twarzy na dzie\u0144 to kosmetyk do zada\u0144 specjalnych. Dowiedz si\u0119, czy mo\u017cna go stosowa\u0107 w rutynie makija\u017cowej i dlaczego warto to robi\u0107.","robots":{"index":"index","follow":"follow","max-snippet":"max-snippet:-1","max-image-preview":"max-image-preview:large","max-video-preview":"max-video-preview:-1"},"canonical":"https:\/\/resibo.pl\/blog\/serum-do-twarzy-czy-mozna-aplikowac-je-pod-makijaz\/","og_locale":"pl_PL","og_type":"article","og_title":"Serum do twarzy. Czy mo\u017cna aplikowa\u0107 je pod makija\u017c?\u00a0 - Kosmetyki naturalne Resibo","og_description":"Serum do twarzy na dzie\u0144 to kosmetyk do zada\u0144 specjalnych. Dowiedz si\u0119, czy mo\u017cna go stosowa\u0107 w rutynie makija\u017cowej i dlaczego warto to robi\u0107.","og_url":"https:\/\/resibo.pl\/blog\/serum-do-twarzy-czy-mozna-aplikowac-je-pod-makijaz\/","og_site_name":"Kosmetyki naturalne Resibo","article_publisher":"http:\/\/facebook.com\/resiboPL","article_published_time":"2024-01-29T08:00:34+00:00","og_image":[{"width":1500,"height":1000,"url":"https:\/\/resibo.pl\/blog\/wp-content\/uploads\/2024\/01\/serum-do-twarzy-z-paptydami-aqua-glaze.jpg","type":"image\/jpeg"}],"author":"Anita","twitter_misc":{"Napisane przez":"Anita","Szacowany czas czytania":"5 minut"},"schema":{"@context":"https:\/\/schema.org","@graph":[{"@type":"Article","@id":"https:\/\/resibo.pl\/blog\/serum-do-twarzy-czy-mozna-aplikowac-je-pod-makijaz\/#article","isPartOf":{"@id":"https:\/\/resibo.pl\/blog\/serum-do-twarzy-czy-mozna-aplikowac-je-pod-makijaz\/"},"author":{"name":"Anita","@id":"https:\/\/resibo.pl\/blog\/#\/schema\/person\/ef9013c96e1204d78b18c2243ed265a9"},"headline":"Serum do twarzy. Czy mo\u017cna aplikowa\u0107 je pod makija\u017c?\u00a0","datePublished":"2024-01-29T08:00:34+00:00","mainEntityOfPage":{"@id":"https:\/\/resibo.pl\/blog\/serum-do-twarzy-czy-mozna-aplikowac-je-pod-makijaz\/"},"wordCount":1006,"commentCount":0,"publisher":{"@id":"https:\/\/resibo.pl\/blog\/#organization"},"image":{"@id":"https:\/\/resibo.pl\/blog\/serum-do-twarzy-czy-mozna-aplikowac-je-pod-makijaz\/#primaryimage"},"thumbnailUrl":"https:\/\/resibo.pl\/blog\/wp-content\/uploads\/2024\/01\/serum-do-twarzy-z-paptydami-aqua-glaze.jpg","articleSection":["Beauty","O pielegnacji"],"inLanguage":"pl-PL","potentialAction":[{"@type":"CommentAction","name":"Comment","target":["https:\/\/resibo.pl\/blog\/serum-do-twarzy-czy-mozna-aplikowac-je-pod-makijaz\/#respond"]}]},{"@type":"WebPage","@id":"https:\/\/resibo.pl\/blog\/serum-do-twarzy-czy-mozna-aplikowac-je-pod-makijaz\/","url":"https:\/\/resibo.pl\/blog\/serum-do-twarzy-czy-mozna-aplikowac-je-pod-makijaz\/","name":"Serum do twarzy. Czy mo\u017cna aplikowa\u0107 je pod makija\u017c?\u00a0 - Kosmetyki naturalne Resibo","isPartOf":{"@id":"https:\/\/resibo.pl\/blog\/#website"},"primaryImageOfPage":{"@id":"https:\/\/resibo.pl\/blog\/serum-do-twarzy-czy-mozna-aplikowac-je-pod-makijaz\/#primaryimage"},"image":{"@id":"https:\/\/resibo.pl\/blog\/serum-do-twarzy-czy-mozna-aplikowac-je-pod-makijaz\/#primaryimage"},"thumbnailUrl":"https:\/\/resibo.pl\/blog\/wp-content\/uploads\/2024\/01\/serum-do-twarzy-z-paptydami-aqua-glaze.jpg","datePublished":"2024-01-29T08:00:34+00:00","description":"Serum do twarzy na dzie\u0144 to kosmetyk do zada\u0144 specjalnych. Dowiedz si\u0119, czy mo\u017cna go stosowa\u0107 w rutynie makija\u017cowej i dlaczego warto to robi\u0107.","breadcrumb":{"@id":"https:\/\/resibo.pl\/blog\/serum-do-twarzy-czy-mozna-aplikowac-je-pod-makijaz\/#breadcrumb"},"inLanguage":"pl-PL","potentialAction":[{"@type":"ReadAction","target":["https:\/\/resibo.pl\/blog\/serum-do-twarzy-czy-mozna-aplikowac-je-pod-makijaz\/"]}]},{"@type":"ImageObject","inLanguage":"pl-PL","@id":"https:\/\/resibo.pl\/blog\/serum-do-twarzy-czy-mozna-aplikowac-je-pod-makijaz\/#primaryimage","url":"https:\/\/resibo.pl\/blog\/wp-content\/uploads\/2024\/01\/serum-do-twarzy-z-paptydami-aqua-glaze.jpg","contentUrl":"https:\/\/resibo.pl\/blog\/wp-content\/uploads\/2024\/01\/serum-do-twarzy-z-paptydami-aqua-glaze.jpg","width":1500,"height":1000,"caption":"serum do twarzy z paptydami aqua glaze"},{"@type":"BreadcrumbList","@id":"https:\/\/resibo.pl\/blog\/serum-do-twarzy-czy-mozna-aplikowac-je-pod-makijaz\/#breadcrumb","itemListElement":[{"@type":"ListItem","position":1,"name":"Strona g\u0142\u00f3wna","item":"https:\/\/resibo.pl\/blog\/"},{"@type":"ListItem","position":2,"name":"Serum do twarzy. Czy mo\u017cna aplikowa\u0107 je pod makija\u017c?\u00a0"}]},{"@type":"WebSite","@id":"https:\/\/resibo.pl\/blog\/#website","url":"https:\/\/resibo.pl\/blog\/","name":"Kosmetyki naturalne Resibo","description":"","publisher":{"@id":"https:\/\/resibo.pl\/blog\/#organization"},"potentialAction":[{"@type":"SearchAction","target":{"@type":"EntryPoint","urlTemplate":"https:\/\/resibo.pl\/blog\/?s={search_term_string}"},"query-input":{"@type":"PropertyValueSpecification","valueRequired":true,"valueName":"search_term_string"}}],"inLanguage":"pl-PL"},{"@type":"Organization","@id":"https:\/\/resibo.pl\/blog\/#organization","name":"Resibo","url":"https:\/\/resibo.pl\/blog\/","logo":{"@type":"ImageObject","inLanguage":"pl-PL","@id":"https:\/\/resibo.pl\/blog\/#\/schema\/logo\/image\/","url":"https:\/\/resibo.pl\/blog\/wp-content\/uploads\/2022\/02\/cropped-logo.png","contentUrl":"https:\/\/resibo.pl\/blog\/wp-content\/uploads\/2022\/02\/cropped-logo.png","width":274,"height":109,"caption":"Resibo"},"image":{"@id":"https:\/\/resibo.pl\/blog\/#\/schema\/logo\/image\/"},"sameAs":["http:\/\/facebook.com\/resiboPL","http:\/\/instagram.com\/resibobynature"]},{"@type":"Person","@id":"https:\/\/resibo.pl\/blog\/#\/schema\/person\/ef9013c96e1204d78b18c2243ed265a9","name":"Anita","image":{"@type":"ImageObject","inLanguage":"pl-PL","@id":"https:\/\/secure.gravatar.com\/avatar\/c16c3ee787d7dac06be3101e60d7b357f40d4375278b4f1760aa8fb3114c1f93?s=96&d=mm&r=g","url":"https:\/\/secure.gravatar.com\/avatar\/c16c3ee787d7dac06be3101e60d7b357f40d4375278b4f1760aa8fb3114c1f93?s=96&d=mm&r=g","contentUrl":"https:\/\/secure.gravatar.com\/avatar\/c16c3ee787d7dac06be3101e60d7b357f40d4375278b4f1760aa8fb3114c1f93?s=96&d=mm&r=g","caption":"Anita"},"description":"Anita Odachowska Zakochana w Resibo i naturalnej piel\u0119gnacji, ciekawa \u015bwiata, szanuj\u0105ca przyrod\u0119 i doceniaj\u0105ca si\u0142\u0119 ro\u015blinnych sk\u0142adnik\u00f3w, w ci\u0105g\u0142ym d\u0105\u017ceniu do co najmniej less waste.","url":"https:\/\/resibo.pl\/blog\/author\/anita\/"}]}},"_links":{"self":[{"href":"https:\/\/resibo.pl\/blog\/wp-json\/wp\/v2\/posts\/25397","targetHints":{"allow":["GET"]}}],"collection":[{"href":"https:\/\/resibo.pl\/blog\/wp-json\/wp\/v2\/posts"}],"about":[{"href":"https:\/\/resibo.pl\/blog\/wp-json\/wp\/v2\/types\/post"}],"author":[{"embeddable":true,"href":"https:\/\/resibo.pl\/blog\/wp-json\/wp\/v2\/users\/6"}],"replies":[{"embeddable":true,"href":"https:\/\/resibo.pl\/blog\/wp-json\/wp\/v2\/comments?post=25397"}],"version-history":[{"count":1,"href":"https:\/\/resibo.pl\/blog\/wp-json\/wp\/v2\/posts\/25397\/revisions"}],"predecessor-version":[{"id":25399,"href":"https:\/\/resibo.pl\/blog\/wp-json\/wp\/v2\/posts\/25397\/revisions\/25399"}],"wp:featuredmedia":[{"embeddable":true,"href":"https:\/\/resibo.pl\/blog\/wp-json\/wp\/v2\/media\/25398"}],"wp:attachment":[{"href":"https:\/\/resibo.pl\/blog\/wp-json\/wp\/v2\/media?parent=25397"}],"wp:term":[{"taxonomy":"category","embeddable":true,"href":"https:\/\/resibo.pl\/blog\/wp-json\/wp\/v2\/categories?post=25397"},{"taxonomy":"post_tag","embeddable":true,"href":"https:\/\/resibo.pl\/blog\/wp-json\/wp\/v2\/tags?post=25397"}],"curies":[{"name":"wp","href":"https:\/\/api.w.org\/{rel}","templated":true}]}}