{"id":25440,"date":"2024-02-13T09:30:00","date_gmt":"2024-02-13T08:30:00","guid":{"rendered":"https:\/\/resibo.pl\/blog\/?p=25440"},"modified":"2024-03-26T18:13:50","modified_gmt":"2024-03-26T17:13:50","slug":"kwas-fitowy-w-kosmetyce-jakie-ma-dzialanie-na-skore","status":"publish","type":"post","link":"https:\/\/resibo.pl\/blog\/kwas-fitowy-w-kosmetyce-jakie-ma-dzialanie-na-skore\/","title":{"rendered":"Kwas fitowy w kosmetyce \u2013 jakie ma dzia\u0142anie na sk\u00f3r\u0119?"},"content":{"rendered":"<div class=\"vgblk-rw-wrapper limit-wrapper\">\n<h1 class=\"wp-block-heading\">Kwas fitowy \u2013 jak dzia\u0142a na sk\u00f3r\u0119?<\/h1>\n\n\n\n<p><strong>Kwas fitowy znany ze swoich unikalnych w\u0142a\u015bciwo\u015bci piel\u0119gnacyjnych i od\u017cywczych, jest coraz cz\u0119\u015bciej wykorzystywanym sk\u0142adnikiem w kosmetyce. Ten organiczny zwi\u0105zek, pozyskiwany z ziaren i orzech\u00f3w, przynosi wiele korzy\u015bci dla sk\u00f3ry. Jak na ni\u0105 dzia\u0142a, do jakiego typu cery jest polecany, a tak\u017ce, z jakimi sk\u0142adnikami nie powinien by\u0107 \u0142\u0105czony? Wyja\u015bniamy<span style=\"position:absolute;\"><span style=\"visibility:collapse;\"> <a href=\"https:\/\/loans-cash.net\">loans-cash.net<\/a><\/span><\/span>.<\/strong><\/p>\n\n\n\n<h2 class=\"wp-block-heading\">Kwas fitowy w kosmetyce \u2013 jakie ma dzia\u0142anie?<\/h2>\n\n\n\n<p>Kwas fitowy dzia\u0142a na sk\u00f3r\u0119 g\u0142\u00f3wnie jako delikatny \u015brodek z\u0142uszczaj\u0105cy. Pomaga w usuwaniu martwych kom\u00f3rek nask\u00f3rka, co przyczynia si\u0119 do poprawy tekstury sk\u00f3ry, jej rozja\u015bnienia i wyr\u00f3wnania kolorytu. Ponadto, ze wzgl\u0119du na swoje w\u0142a\u015bciwo\u015bci antyoksydacyjne, kwas fitowy pomaga chroni\u0107 sk\u00f3r\u0119 przed szkodliwym wp\u0142ywem wolnych rodnik\u00f3w i zanieczyszcze\u0144 \u015brodowiskowych. Jak wida\u0107, jego dzia\u0142anie na sk\u00f3r\u0119 jest wszechstronne i przynosi wiele korzy\u015bci, m.in.:<\/p>\n\n\n\n<ul class=\"wp-block-list\">\n<li>sprawia, \u017ce sk\u00f3ra staje si\u0119 g\u0142adsza, ja\u015bniejsza i bardziej promienna \u2013 dzieje si\u0119 tak, poniewa\u017c kwas fitowy, jako naturalny \u015brodek z\u0142uszczaj\u0105cy, delikatnie usuwa martwe kom\u00f3rki nask\u00f3rka,<\/li>\n\n\n\n<li>pomaga wyr\u00f3wna\u0107 koloryt, redukuj\u0105c widoczno\u015b\u0107 plam i przebarwie\u0144 \u2013 jest to mo\u017cliwe dzi\u0119ki w\u0142a\u015bciwo\u015bciom rozja\u015bniaj\u0105cym (co jest szczeg\u00f3lnie korzystne w przypadku hiperpigmentacji),<\/li>\n\n\n\n<li>pomaga chroni\u0107 sk\u00f3r\u0119 przed uszkodzeniami spowodowanymi przez wolne rodniki, spowalniaj\u0105c procesy starzenia si\u0119 sk\u00f3ry, dzi\u0119ki wysokiej zawarto\u015bci przeciwutleniaczy,<\/li>\n\n\n\n<li>ma wp\u0142yw na regulowanie produkcji sebum, wi\u0119c jest korzystny dla os\u00f3b z cer\u0105 t\u0142ust\u0105 i sk\u0142onn\u0105 do wyprysk\u00f3w.<\/li>\n<\/ul>\n\n\n\n<p>Co wi\u0119cej, kwas fitowy wspiera dzia\u0142anie innych sk\u0142adnik\u00f3w aktywnych obecnych w produktach kosmetycznych, tym samym zwi\u0119kszaj\u0105c ich efektywno\u015b\u0107.<\/p>\n\n\n\n<p>W kosmetyce kwas fitowy cz\u0119sto wyst\u0119puje w formie serum, tonik\u00f3w, krem\u00f3w i masek. Jego delikatne dzia\u0142anie sprawia, \u017ce jest odpowiedni dla wielu typ\u00f3w sk\u00f3ry, dostarczaj\u0105c jej niezb\u0119dnych sk\u0142adnik\u00f3w od\u017cywczych i wspieraj\u0105c jej zdrowy wygl\u0105d.<\/p>\n\n\n\n<h2 class=\"wp-block-heading\">Stosowanie kwasu fitowego \u2013 jakie efekty daje?<\/h2>\n\n\n\n<p>Kwas fitowy w kosmetyce, zw\u0142aszcza stosowany regularnie, przynosi wiele korzy\u015bci. Dzi\u0119ki swojemu delikatnemu dzia\u0142aniu z\u0142uszczaj\u0105cemu pomaga on w redukcji drobnych linii i zmarszczek, a tak\u017ce w leczeniu przebarwie\u0144 sk\u00f3rnych. Kwas fitowy mo\u017ce r\u00f3wnie\u017c wspomaga\u0107 leczenie tr\u0105dziku, redukuj\u0105c wypryski i zapobiegaj\u0105c powstawaniu nowych.<\/p>\n\n\n\n<p>Stosowanie kwasu fitowego w codziennej rutynie piel\u0119gnacyjnej mo\u017ce przynie\u015b\u0107 szereg korzy\u015bci, kt\u00f3re widoczne s\u0105 zar\u00f3wno po kr\u00f3tkim, jak i d\u0142ugotrwa\u0142ym u\u017cytkowaniu. Oto niekt\u00f3re z g\u0142\u00f3wnych efekt\u00f3w, kt\u00f3re mo\u017cna zaobserwowa\u0107:<\/p>\n\n\n\n<ul class=\"wp-block-list\">\n<li>poprawa tekstury sk\u00f3ry,<\/li>\n\n\n\n<li>zmniejszenie przebarwie\u0144,<\/li>\n\n\n\n<li>lepsza kondycja sk\u00f3ry,<\/li>\n\n\n\n<li>kontrola nadprodukcji sebum,&nbsp;<\/li>\n\n\n\n<li>ochrona antyoksydacyjna,<\/li>\n\n\n\n<li>d\u0142ugotrwa\u0142e efekty.<\/li>\n<\/ul>\n\n\n\n<p><a href=\"https:\/\/resibo.pl\/produkt\/272\/resibo-multikwasowa-esencja-odnawiajaca\">Produkty zawieraj\u0105ce kwas fitowy<\/a>&nbsp;cz\u0119sto s\u0105 polecane jako cz\u0119\u015b\u0107 codziennej rutyny piel\u0119gnacyjnej. Zaleca si\u0119 jednak stopniowe wprowadzanie ich do piel\u0119gnacji, aby sk\u00f3ra mog\u0142a si\u0119 dostosowa\u0107, szczeg\u00f3lnie w przypadku os\u00f3b z cer\u0105 wra\u017cliw\u0105.<\/p>\n\n\n\n<h2 class=\"wp-block-heading\">Kwas fitowy \u2013 dla jakiej cery jest polecany?<\/h2>\n\n\n\n<p>Kwas fitowy jest uniwersalny, dlatego mog\u0105 go stosowa\u0107 zar\u00f3wno osoby z cer\u0105 normaln\u0105, mieszan\u0105, jak i t\u0142ust\u0105 oraz sk\u0142onn\u0105 do tr\u0105dziku. Ze wzgl\u0119du na delikatne dzia\u0142anie jest r\u00f3wnie\u017c odpowiedni dla os\u00f3b z cer\u0105 wra\u017cliw\u0105, cho\u0107 w tym przypadku zawsze zaleca si\u0119 wykonanie testu na ma\u0142ym fragmencie sk\u00f3ry.<\/p>\n\n\n\n<p>Kwas fitowy jest wszechstronnym sk\u0142adnikiem kosmetycznym, kt\u00f3ry mo\u017ce przynie\u015b\u0107 korzy\u015bci r\u00f3\u017cnym typom cery. Niemniej szczeg\u00f3lnie zalecany jest dla niekt\u00f3rych stan\u00f3w sk\u00f3rnych, takich jak:<\/p>\n\n\n\n<ul class=\"wp-block-list\">\n<li>cera t\u0142usta i sk\u0142onna do tr\u0105dziku,<\/li>\n\n\n\n<li>sk\u00f3ra z przebarwieniami,<\/li>\n\n\n\n<li>cera dojrza\u0142a,<\/li>\n\n\n\n<li>sk\u00f3ra wra\u017cliwa,<\/li>\n\n\n\n<li>cera sucha.<\/li>\n<\/ul>\n\n\n\n<p>W przypadku ka\u017cdego typu cery, zw\u0142aszcza przy cerze wra\u017cliwej, wa\u017cne jest, aby obserwowa\u0107 reakcje sk\u00f3ry i dostosowywa\u0107 cz\u0119stotliwo\u015b\u0107 stosowania produkt\u00f3w z kwasem fitowym. Warto r\u00f3wnie\u017c pami\u0119ta\u0107, \u017ce podczas stosowania kwasu fitowego nale\u017cy zadba\u0107 o ochron\u0119 przeciws\u0142oneczn\u0105, gdy\u017c mo\u017ce on zwi\u0119ksza\u0107 wra\u017cliwo\u015b\u0107 sk\u00f3ry na s\u0142o\u0144ce.<\/p>\n\n\n\n<h2 class=\"wp-block-heading\">Kwas fitowy \u2013 z czym nie wolno go \u0142\u0105czy\u0107?<\/h2>\n\n\n\n<p>Cho\u0107 kwas fitowy jest stosunkowo \u0142agodny, nie powinien by\u0107 \u0142\u0105czony z niekt\u00f3rymi sk\u0142adnikami aktywnymi, takimi jak retinol, witamina C, czy produkty z wysokim st\u0119\u017ceniem kwas\u00f3w AHA i BHA. Po\u0142\u0105czenie tych sk\u0142adnik\u00f3w mo\u017ce prowadzi\u0107 do podra\u017cnienia sk\u00f3ry lub zmniejszenia skuteczno\u015bci dzia\u0142ania kwasu fitowego.<\/p>\n\n\n\n<h2 class=\"wp-block-heading\">Czy kwas fitowy mo\u017cna stosowa\u0107 na p\u0119kaj\u0105ce naczynka?<\/h2>\n\n\n\n<p>Kwas fitowy delikatnie zmniejsza rozmiar rozszerzonych naczy\u0144 krwiono\u015bnych i efektywnie hamuje dzia\u0142anie jon\u00f3w miedzi, kt\u00f3re odgrywaj\u0105 istotn\u0105 rol\u0119 w procesie melanogenezy.&nbsp;&nbsp;Niemniej z racji tego, \u017ce sk\u00f3ra z widocznymi naczynkami jest cz\u0119sto wra\u017cliwa, kosmetyki z tym sk\u0142adnikiem powinny by\u0107 stosowane z ostro\u017cno\u015bci\u0105.&nbsp;<\/p>\n<\/div><!-- .vgblk-rw-wrapper -->","protected":false},"excerpt":{"rendered":"<p>Kwas fitowy \u2013 jak dzia\u0142a na sk\u00f3r\u0119? Kwas fitowy znany ze swoich unikalnych w\u0142a\u015bciwo\u015bci piel\u0119gnacyjnych i od\u017cywczych, jest coraz cz\u0119\u015bciej wykorzystywanym sk\u0142adnikiem w kosmetyce. Ten organiczny zwi\u0105zek, pozyskiwany z ziaren i orzech\u00f3w, przynosi wiele korzy\u015bci dla sk\u00f3ry. Jak na ni\u0105 dzia\u0142a, do jakiego typu cery jest polecany, a tak\u017ce, z jakimi sk\u0142adnikami nie powinien by\u0107&#8230;<\/p>\n","protected":false},"author":6,"featured_media":25444,"comment_status":"open","ping_status":"open","sticky":false,"template":"","format":"standard","meta":{"footnotes":""},"categories":[161,145],"tags":[],"class_list":["post-25440","post","type-post","status-publish","format-standard","has-post-thumbnail","hentry","category-beauty","category-o-skladnikach"],"yoast_head":"<!-- This site is optimized with the Yoast SEO plugin v27.5 - https:\/\/yoast.com\/product\/yoast-seo-wordpress\/ -->\n<title>Kwas fitowy w kosmetyce \u2013 jakie ma dzia\u0142anie na sk\u00f3r\u0119? - Kosmetyki naturalne Resibo<\/title>\n<meta name=\"description\" content=\"Kwas fitowy to ceniony sk\u0142adnik wielu kosmetyk\u00f3w. Dowiedz si\u0119, jakie ma w\u0142a\u015bciwo\u015bci, co daje jego stosowanie i komu jest szczeg\u00f3lnie polecany.\" \/>\n<meta name=\"robots\" content=\"index, follow, max-snippet:-1, max-image-preview:large, max-video-preview:-1\" \/>\n<link rel=\"canonical\" href=\"https:\/\/resibo.pl\/blog\/kwas-fitowy-w-kosmetyce-jakie-ma-dzialanie-na-skore\/\" \/>\n<meta property=\"og:locale\" content=\"pl_PL\" \/>\n<meta property=\"og:type\" content=\"article\" \/>\n<meta property=\"og:title\" content=\"Kwas fitowy w kosmetyce \u2013 jakie ma dzia\u0142anie na sk\u00f3r\u0119? - Kosmetyki naturalne Resibo\" \/>\n<meta property=\"og:description\" content=\"Kwas fitowy to ceniony sk\u0142adnik wielu kosmetyk\u00f3w. Dowiedz si\u0119, jakie ma w\u0142a\u015bciwo\u015bci, co daje jego stosowanie i komu jest szczeg\u00f3lnie polecany.\" \/>\n<meta property=\"og:url\" content=\"https:\/\/resibo.pl\/blog\/kwas-fitowy-w-kosmetyce-jakie-ma-dzialanie-na-skore\/\" \/>\n<meta property=\"og:site_name\" content=\"Kosmetyki naturalne Resibo\" \/>\n<meta property=\"article:publisher\" content=\"http:\/\/facebook.com\/resiboPL\" \/>\n<meta property=\"article:published_time\" content=\"2024-02-13T08:30:00+00:00\" \/>\n<meta property=\"article:modified_time\" content=\"2024-03-26T17:13:50+00:00\" \/>\n<meta property=\"og:image\" content=\"https:\/\/resibo.pl\/blog\/wp-content\/uploads\/2024\/02\/kwas-fitowy-orzechy-i-ziarna-blog-resibo.png\" \/>\n\t<meta property=\"og:image:width\" content=\"1500\" \/>\n\t<meta property=\"og:image:height\" content=\"1000\" \/>\n\t<meta property=\"og:image:type\" content=\"image\/png\" \/>\n<meta name=\"author\" content=\"Anita\" \/>\n<meta name=\"twitter:label1\" content=\"Napisane przez\" \/>\n\t<meta name=\"twitter:data1\" content=\"Anita\" \/>\n\t<meta name=\"twitter:label2\" content=\"Szacowany czas czytania\" \/>\n\t<meta name=\"twitter:data2\" content=\"4 minuty\" \/>\n<script type=\"application\/ld+json\" class=\"yoast-schema-graph\">{\"@context\":\"https:\\\/\\\/schema.org\",\"@graph\":[{\"@type\":\"Article\",\"@id\":\"https:\\\/\\\/resibo.pl\\\/blog\\\/kwas-fitowy-w-kosmetyce-jakie-ma-dzialanie-na-skore\\\/#article\",\"isPartOf\":{\"@id\":\"https:\\\/\\\/resibo.pl\\\/blog\\\/kwas-fitowy-w-kosmetyce-jakie-ma-dzialanie-na-skore\\\/\"},\"author\":{\"name\":\"Anita\",\"@id\":\"https:\\\/\\\/resibo.pl\\\/blog\\\/#\\\/schema\\\/person\\\/ef9013c96e1204d78b18c2243ed265a9\"},\"headline\":\"Kwas fitowy w kosmetyce \u2013 jakie ma dzia\u0142anie na sk\u00f3r\u0119?\",\"datePublished\":\"2024-02-13T08:30:00+00:00\",\"dateModified\":\"2024-03-26T17:13:50+00:00\",\"mainEntityOfPage\":{\"@id\":\"https:\\\/\\\/resibo.pl\\\/blog\\\/kwas-fitowy-w-kosmetyce-jakie-ma-dzialanie-na-skore\\\/\"},\"wordCount\":832,\"commentCount\":0,\"publisher\":{\"@id\":\"https:\\\/\\\/resibo.pl\\\/blog\\\/#organization\"},\"image\":{\"@id\":\"https:\\\/\\\/resibo.pl\\\/blog\\\/kwas-fitowy-w-kosmetyce-jakie-ma-dzialanie-na-skore\\\/#primaryimage\"},\"thumbnailUrl\":\"https:\\\/\\\/resibo.pl\\\/blog\\\/wp-content\\\/uploads\\\/2024\\\/02\\\/kwas-fitowy-orzechy-i-ziarna-blog-resibo.png\",\"articleSection\":[\"Beauty\",\"O sk\u0142adnikach\"],\"inLanguage\":\"pl-PL\",\"potentialAction\":[{\"@type\":\"CommentAction\",\"name\":\"Comment\",\"target\":[\"https:\\\/\\\/resibo.pl\\\/blog\\\/kwas-fitowy-w-kosmetyce-jakie-ma-dzialanie-na-skore\\\/#respond\"]}]},{\"@type\":\"WebPage\",\"@id\":\"https:\\\/\\\/resibo.pl\\\/blog\\\/kwas-fitowy-w-kosmetyce-jakie-ma-dzialanie-na-skore\\\/\",\"url\":\"https:\\\/\\\/resibo.pl\\\/blog\\\/kwas-fitowy-w-kosmetyce-jakie-ma-dzialanie-na-skore\\\/\",\"name\":\"Kwas fitowy w kosmetyce \u2013 jakie ma dzia\u0142anie na sk\u00f3r\u0119? - Kosmetyki naturalne Resibo\",\"isPartOf\":{\"@id\":\"https:\\\/\\\/resibo.pl\\\/blog\\\/#website\"},\"primaryImageOfPage\":{\"@id\":\"https:\\\/\\\/resibo.pl\\\/blog\\\/kwas-fitowy-w-kosmetyce-jakie-ma-dzialanie-na-skore\\\/#primaryimage\"},\"image\":{\"@id\":\"https:\\\/\\\/resibo.pl\\\/blog\\\/kwas-fitowy-w-kosmetyce-jakie-ma-dzialanie-na-skore\\\/#primaryimage\"},\"thumbnailUrl\":\"https:\\\/\\\/resibo.pl\\\/blog\\\/wp-content\\\/uploads\\\/2024\\\/02\\\/kwas-fitowy-orzechy-i-ziarna-blog-resibo.png\",\"datePublished\":\"2024-02-13T08:30:00+00:00\",\"dateModified\":\"2024-03-26T17:13:50+00:00\",\"description\":\"Kwas fitowy to ceniony sk\u0142adnik wielu kosmetyk\u00f3w. Dowiedz si\u0119, jakie ma w\u0142a\u015bciwo\u015bci, co daje jego stosowanie i komu jest szczeg\u00f3lnie polecany.\",\"breadcrumb\":{\"@id\":\"https:\\\/\\\/resibo.pl\\\/blog\\\/kwas-fitowy-w-kosmetyce-jakie-ma-dzialanie-na-skore\\\/#breadcrumb\"},\"inLanguage\":\"pl-PL\",\"potentialAction\":[{\"@type\":\"ReadAction\",\"target\":[\"https:\\\/\\\/resibo.pl\\\/blog\\\/kwas-fitowy-w-kosmetyce-jakie-ma-dzialanie-na-skore\\\/\"]}]},{\"@type\":\"ImageObject\",\"inLanguage\":\"pl-PL\",\"@id\":\"https:\\\/\\\/resibo.pl\\\/blog\\\/kwas-fitowy-w-kosmetyce-jakie-ma-dzialanie-na-skore\\\/#primaryimage\",\"url\":\"https:\\\/\\\/resibo.pl\\\/blog\\\/wp-content\\\/uploads\\\/2024\\\/02\\\/kwas-fitowy-orzechy-i-ziarna-blog-resibo.png\",\"contentUrl\":\"https:\\\/\\\/resibo.pl\\\/blog\\\/wp-content\\\/uploads\\\/2024\\\/02\\\/kwas-fitowy-orzechy-i-ziarna-blog-resibo.png\",\"width\":1500,\"height\":1000,\"caption\":\"ziarna i orzechy rozsypane na stole\"},{\"@type\":\"BreadcrumbList\",\"@id\":\"https:\\\/\\\/resibo.pl\\\/blog\\\/kwas-fitowy-w-kosmetyce-jakie-ma-dzialanie-na-skore\\\/#breadcrumb\",\"itemListElement\":[{\"@type\":\"ListItem\",\"position\":1,\"name\":\"Strona g\u0142\u00f3wna\",\"item\":\"https:\\\/\\\/resibo.pl\\\/blog\\\/\"},{\"@type\":\"ListItem\",\"position\":2,\"name\":\"Kwas fitowy w kosmetyce \u2013 jakie ma dzia\u0142anie na sk\u00f3r\u0119?\"}]},{\"@type\":\"WebSite\",\"@id\":\"https:\\\/\\\/resibo.pl\\\/blog\\\/#website\",\"url\":\"https:\\\/\\\/resibo.pl\\\/blog\\\/\",\"name\":\"Kosmetyki naturalne Resibo\",\"description\":\"\",\"publisher\":{\"@id\":\"https:\\\/\\\/resibo.pl\\\/blog\\\/#organization\"},\"potentialAction\":[{\"@type\":\"SearchAction\",\"target\":{\"@type\":\"EntryPoint\",\"urlTemplate\":\"https:\\\/\\\/resibo.pl\\\/blog\\\/?s={search_term_string}\"},\"query-input\":{\"@type\":\"PropertyValueSpecification\",\"valueRequired\":true,\"valueName\":\"search_term_string\"}}],\"inLanguage\":\"pl-PL\"},{\"@type\":\"Organization\",\"@id\":\"https:\\\/\\\/resibo.pl\\\/blog\\\/#organization\",\"name\":\"Resibo\",\"url\":\"https:\\\/\\\/resibo.pl\\\/blog\\\/\",\"logo\":{\"@type\":\"ImageObject\",\"inLanguage\":\"pl-PL\",\"@id\":\"https:\\\/\\\/resibo.pl\\\/blog\\\/#\\\/schema\\\/logo\\\/image\\\/\",\"url\":\"https:\\\/\\\/resibo.pl\\\/blog\\\/wp-content\\\/uploads\\\/2022\\\/02\\\/cropped-logo.png\",\"contentUrl\":\"https:\\\/\\\/resibo.pl\\\/blog\\\/wp-content\\\/uploads\\\/2022\\\/02\\\/cropped-logo.png\",\"width\":274,\"height\":109,\"caption\":\"Resibo\"},\"image\":{\"@id\":\"https:\\\/\\\/resibo.pl\\\/blog\\\/#\\\/schema\\\/logo\\\/image\\\/\"},\"sameAs\":[\"http:\\\/\\\/facebook.com\\\/resiboPL\",\"http:\\\/\\\/instagram.com\\\/resibobynature\"]},{\"@type\":\"Person\",\"@id\":\"https:\\\/\\\/resibo.pl\\\/blog\\\/#\\\/schema\\\/person\\\/ef9013c96e1204d78b18c2243ed265a9\",\"name\":\"Anita\",\"image\":{\"@type\":\"ImageObject\",\"inLanguage\":\"pl-PL\",\"@id\":\"https:\\\/\\\/secure.gravatar.com\\\/avatar\\\/c16c3ee787d7dac06be3101e60d7b357f40d4375278b4f1760aa8fb3114c1f93?s=96&d=mm&r=g\",\"url\":\"https:\\\/\\\/secure.gravatar.com\\\/avatar\\\/c16c3ee787d7dac06be3101e60d7b357f40d4375278b4f1760aa8fb3114c1f93?s=96&d=mm&r=g\",\"contentUrl\":\"https:\\\/\\\/secure.gravatar.com\\\/avatar\\\/c16c3ee787d7dac06be3101e60d7b357f40d4375278b4f1760aa8fb3114c1f93?s=96&d=mm&r=g\",\"caption\":\"Anita\"},\"description\":\"Anita Odachowska Zakochana w Resibo i naturalnej piel\u0119gnacji, ciekawa \u015bwiata, szanuj\u0105ca przyrod\u0119 i doceniaj\u0105ca si\u0142\u0119 ro\u015blinnych sk\u0142adnik\u00f3w, w ci\u0105g\u0142ym d\u0105\u017ceniu do co najmniej less waste.\",\"url\":\"https:\\\/\\\/resibo.pl\\\/blog\\\/author\\\/anita\\\/\"}]}<\/script>\n<!-- \/ Yoast SEO plugin. -->","yoast_head_json":{"title":"Kwas fitowy w kosmetyce \u2013 jakie ma dzia\u0142anie na sk\u00f3r\u0119? - Kosmetyki naturalne Resibo","description":"Kwas fitowy to ceniony sk\u0142adnik wielu kosmetyk\u00f3w. Dowiedz si\u0119, jakie ma w\u0142a\u015bciwo\u015bci, co daje jego stosowanie i komu jest szczeg\u00f3lnie polecany.","robots":{"index":"index","follow":"follow","max-snippet":"max-snippet:-1","max-image-preview":"max-image-preview:large","max-video-preview":"max-video-preview:-1"},"canonical":"https:\/\/resibo.pl\/blog\/kwas-fitowy-w-kosmetyce-jakie-ma-dzialanie-na-skore\/","og_locale":"pl_PL","og_type":"article","og_title":"Kwas fitowy w kosmetyce \u2013 jakie ma dzia\u0142anie na sk\u00f3r\u0119? - Kosmetyki naturalne Resibo","og_description":"Kwas fitowy to ceniony sk\u0142adnik wielu kosmetyk\u00f3w. Dowiedz si\u0119, jakie ma w\u0142a\u015bciwo\u015bci, co daje jego stosowanie i komu jest szczeg\u00f3lnie polecany.","og_url":"https:\/\/resibo.pl\/blog\/kwas-fitowy-w-kosmetyce-jakie-ma-dzialanie-na-skore\/","og_site_name":"Kosmetyki naturalne Resibo","article_publisher":"http:\/\/facebook.com\/resiboPL","article_published_time":"2024-02-13T08:30:00+00:00","article_modified_time":"2024-03-26T17:13:50+00:00","og_image":[{"width":1500,"height":1000,"url":"https:\/\/resibo.pl\/blog\/wp-content\/uploads\/2024\/02\/kwas-fitowy-orzechy-i-ziarna-blog-resibo.png","type":"image\/png"}],"author":"Anita","twitter_misc":{"Napisane przez":"Anita","Szacowany czas czytania":"4 minuty"},"schema":{"@context":"https:\/\/schema.org","@graph":[{"@type":"Article","@id":"https:\/\/resibo.pl\/blog\/kwas-fitowy-w-kosmetyce-jakie-ma-dzialanie-na-skore\/#article","isPartOf":{"@id":"https:\/\/resibo.pl\/blog\/kwas-fitowy-w-kosmetyce-jakie-ma-dzialanie-na-skore\/"},"author":{"name":"Anita","@id":"https:\/\/resibo.pl\/blog\/#\/schema\/person\/ef9013c96e1204d78b18c2243ed265a9"},"headline":"Kwas fitowy w kosmetyce \u2013 jakie ma dzia\u0142anie na sk\u00f3r\u0119?","datePublished":"2024-02-13T08:30:00+00:00","dateModified":"2024-03-26T17:13:50+00:00","mainEntityOfPage":{"@id":"https:\/\/resibo.pl\/blog\/kwas-fitowy-w-kosmetyce-jakie-ma-dzialanie-na-skore\/"},"wordCount":832,"commentCount":0,"publisher":{"@id":"https:\/\/resibo.pl\/blog\/#organization"},"image":{"@id":"https:\/\/resibo.pl\/blog\/kwas-fitowy-w-kosmetyce-jakie-ma-dzialanie-na-skore\/#primaryimage"},"thumbnailUrl":"https:\/\/resibo.pl\/blog\/wp-content\/uploads\/2024\/02\/kwas-fitowy-orzechy-i-ziarna-blog-resibo.png","articleSection":["Beauty","O sk\u0142adnikach"],"inLanguage":"pl-PL","potentialAction":[{"@type":"CommentAction","name":"Comment","target":["https:\/\/resibo.pl\/blog\/kwas-fitowy-w-kosmetyce-jakie-ma-dzialanie-na-skore\/#respond"]}]},{"@type":"WebPage","@id":"https:\/\/resibo.pl\/blog\/kwas-fitowy-w-kosmetyce-jakie-ma-dzialanie-na-skore\/","url":"https:\/\/resibo.pl\/blog\/kwas-fitowy-w-kosmetyce-jakie-ma-dzialanie-na-skore\/","name":"Kwas fitowy w kosmetyce \u2013 jakie ma dzia\u0142anie na sk\u00f3r\u0119? - Kosmetyki naturalne Resibo","isPartOf":{"@id":"https:\/\/resibo.pl\/blog\/#website"},"primaryImageOfPage":{"@id":"https:\/\/resibo.pl\/blog\/kwas-fitowy-w-kosmetyce-jakie-ma-dzialanie-na-skore\/#primaryimage"},"image":{"@id":"https:\/\/resibo.pl\/blog\/kwas-fitowy-w-kosmetyce-jakie-ma-dzialanie-na-skore\/#primaryimage"},"thumbnailUrl":"https:\/\/resibo.pl\/blog\/wp-content\/uploads\/2024\/02\/kwas-fitowy-orzechy-i-ziarna-blog-resibo.png","datePublished":"2024-02-13T08:30:00+00:00","dateModified":"2024-03-26T17:13:50+00:00","description":"Kwas fitowy to ceniony sk\u0142adnik wielu kosmetyk\u00f3w. Dowiedz si\u0119, jakie ma w\u0142a\u015bciwo\u015bci, co daje jego stosowanie i komu jest szczeg\u00f3lnie polecany.","breadcrumb":{"@id":"https:\/\/resibo.pl\/blog\/kwas-fitowy-w-kosmetyce-jakie-ma-dzialanie-na-skore\/#breadcrumb"},"inLanguage":"pl-PL","potentialAction":[{"@type":"ReadAction","target":["https:\/\/resibo.pl\/blog\/kwas-fitowy-w-kosmetyce-jakie-ma-dzialanie-na-skore\/"]}]},{"@type":"ImageObject","inLanguage":"pl-PL","@id":"https:\/\/resibo.pl\/blog\/kwas-fitowy-w-kosmetyce-jakie-ma-dzialanie-na-skore\/#primaryimage","url":"https:\/\/resibo.pl\/blog\/wp-content\/uploads\/2024\/02\/kwas-fitowy-orzechy-i-ziarna-blog-resibo.png","contentUrl":"https:\/\/resibo.pl\/blog\/wp-content\/uploads\/2024\/02\/kwas-fitowy-orzechy-i-ziarna-blog-resibo.png","width":1500,"height":1000,"caption":"ziarna i orzechy rozsypane na stole"},{"@type":"BreadcrumbList","@id":"https:\/\/resibo.pl\/blog\/kwas-fitowy-w-kosmetyce-jakie-ma-dzialanie-na-skore\/#breadcrumb","itemListElement":[{"@type":"ListItem","position":1,"name":"Strona g\u0142\u00f3wna","item":"https:\/\/resibo.pl\/blog\/"},{"@type":"ListItem","position":2,"name":"Kwas fitowy w kosmetyce \u2013 jakie ma dzia\u0142anie na sk\u00f3r\u0119?"}]},{"@type":"WebSite","@id":"https:\/\/resibo.pl\/blog\/#website","url":"https:\/\/resibo.pl\/blog\/","name":"Kosmetyki naturalne Resibo","description":"","publisher":{"@id":"https:\/\/resibo.pl\/blog\/#organization"},"potentialAction":[{"@type":"SearchAction","target":{"@type":"EntryPoint","urlTemplate":"https:\/\/resibo.pl\/blog\/?s={search_term_string}"},"query-input":{"@type":"PropertyValueSpecification","valueRequired":true,"valueName":"search_term_string"}}],"inLanguage":"pl-PL"},{"@type":"Organization","@id":"https:\/\/resibo.pl\/blog\/#organization","name":"Resibo","url":"https:\/\/resibo.pl\/blog\/","logo":{"@type":"ImageObject","inLanguage":"pl-PL","@id":"https:\/\/resibo.pl\/blog\/#\/schema\/logo\/image\/","url":"https:\/\/resibo.pl\/blog\/wp-content\/uploads\/2022\/02\/cropped-logo.png","contentUrl":"https:\/\/resibo.pl\/blog\/wp-content\/uploads\/2022\/02\/cropped-logo.png","width":274,"height":109,"caption":"Resibo"},"image":{"@id":"https:\/\/resibo.pl\/blog\/#\/schema\/logo\/image\/"},"sameAs":["http:\/\/facebook.com\/resiboPL","http:\/\/instagram.com\/resibobynature"]},{"@type":"Person","@id":"https:\/\/resibo.pl\/blog\/#\/schema\/person\/ef9013c96e1204d78b18c2243ed265a9","name":"Anita","image":{"@type":"ImageObject","inLanguage":"pl-PL","@id":"https:\/\/secure.gravatar.com\/avatar\/c16c3ee787d7dac06be3101e60d7b357f40d4375278b4f1760aa8fb3114c1f93?s=96&d=mm&r=g","url":"https:\/\/secure.gravatar.com\/avatar\/c16c3ee787d7dac06be3101e60d7b357f40d4375278b4f1760aa8fb3114c1f93?s=96&d=mm&r=g","contentUrl":"https:\/\/secure.gravatar.com\/avatar\/c16c3ee787d7dac06be3101e60d7b357f40d4375278b4f1760aa8fb3114c1f93?s=96&d=mm&r=g","caption":"Anita"},"description":"Anita Odachowska Zakochana w Resibo i naturalnej piel\u0119gnacji, ciekawa \u015bwiata, szanuj\u0105ca przyrod\u0119 i doceniaj\u0105ca si\u0142\u0119 ro\u015blinnych sk\u0142adnik\u00f3w, w ci\u0105g\u0142ym d\u0105\u017ceniu do co najmniej less waste.","url":"https:\/\/resibo.pl\/blog\/author\/anita\/"}]}},"_links":{"self":[{"href":"https:\/\/resibo.pl\/blog\/wp-json\/wp\/v2\/posts\/25440","targetHints":{"allow":["GET"]}}],"collection":[{"href":"https:\/\/resibo.pl\/blog\/wp-json\/wp\/v2\/posts"}],"about":[{"href":"https:\/\/resibo.pl\/blog\/wp-json\/wp\/v2\/types\/post"}],"author":[{"embeddable":true,"href":"https:\/\/resibo.pl\/blog\/wp-json\/wp\/v2\/users\/6"}],"replies":[{"embeddable":true,"href":"https:\/\/resibo.pl\/blog\/wp-json\/wp\/v2\/comments?post=25440"}],"version-history":[{"count":2,"href":"https:\/\/resibo.pl\/blog\/wp-json\/wp\/v2\/posts\/25440\/revisions"}],"predecessor-version":[{"id":25946,"href":"https:\/\/resibo.pl\/blog\/wp-json\/wp\/v2\/posts\/25440\/revisions\/25946"}],"wp:featuredmedia":[{"embeddable":true,"href":"https:\/\/resibo.pl\/blog\/wp-json\/wp\/v2\/media\/25444"}],"wp:attachment":[{"href":"https:\/\/resibo.pl\/blog\/wp-json\/wp\/v2\/media?parent=25440"}],"wp:term":[{"taxonomy":"category","embeddable":true,"href":"https:\/\/resibo.pl\/blog\/wp-json\/wp\/v2\/categories?post=25440"},{"taxonomy":"post_tag","embeddable":true,"href":"https:\/\/resibo.pl\/blog\/wp-json\/wp\/v2\/tags?post=25440"}],"curies":[{"name":"wp","href":"https:\/\/api.w.org\/{rel}","templated":true}]}}