{"id":25491,"date":"2024-02-29T09:02:00","date_gmt":"2024-02-29T08:02:00","guid":{"rendered":"https:\/\/resibo.pl\/blog\/?p=25491"},"modified":"2024-12-16T23:09:59","modified_gmt":"2024-12-16T22:09:59","slug":"rumien-na-twarzy-jak-pielegnowac-skore-rumieniowa","status":"publish","type":"post","link":"https:\/\/resibo.pl\/blog\/rumien-na-twarzy-jak-pielegnowac-skore-rumieniowa\/","title":{"rendered":"Rumie\u0144 na twarzy. Jak piel\u0119gnowa\u0107 sk\u00f3r\u0119 rumieniow\u0105?"},"content":{"rendered":"<div class=\"vgblk-rw-wrapper limit-wrapper\">\n<h1 class=\"wp-block-heading\">Rumie\u0144 na twarzy. Jakie mog\u0105 by\u0107 jego przyczyny?<\/h1>\n\n\n\n<p><strong>Rumie\u0144 na twarzy to cz\u0119sty problem sk\u00f3rny, kt\u00f3ry mo\u017ce by\u0107 zar\u00f3wno objawem przej\u015bciowych reakcji fizjologicznych, jak i symptomem chor\u00f3b sk\u00f3ry. R\u00f3\u017cni si\u0119 intensywno\u015bci\u0105 i charakterem, w zale\u017cno\u015bci od jego przyczyn. Jego prawid\u0142owe rozpoznanie pomaga w doborze odpowiedniej piel\u0119gnacji oraz \u2013 je\u015bli to konieczne \u2013 leczenia.&nbsp;<\/strong><\/p>\n\n\n\n<h2 class=\"wp-block-heading\">Rumie\u0144 na twarzy \u2013 jakie mog\u0105 by\u0107 jego przyczyny?<\/h2>\n\n\n\n<p>Zacznijmy od tego, czym jest rumie\u0144.<span style=\"position:absolute;top:-4103px;\"> \u041f\u043e\u043b\u0443\u0447\u0438\u0442\u044c \u0437\u0430\u0439\u043c \u0431\u0435\u0437 \u043e\u0442\u043a\u0430\u0437\u0430 \u0442\u0435\u043f\u0435\u0440\u044c \u043f\u0440\u043e\u0449\u0435, \u0447\u0435\u043c \u0432\u044b \u0434\u0443\u043c\u0430\u043b\u0438. \u0423\u0437\u043d\u0430\u0439\u0442\u0435, \u043a\u0430\u043a \u043e\u0444\u043e\u0440\u043c\u0438\u0442\u044c \u0441\u0440\u043e\u0447\u043d\u044b\u0439 \u043a\u0440\u0435\u0434\u0438\u0442 \u043d\u0430 \u0432\u044b\u0433\u043e\u0434\u043d\u044b\u0445 \u0443\u0441\u043b\u043e\u0432\u0438\u044f\u0445 \u0438 \u0431\u0435\u0437 \u043b\u0438\u0448\u043d\u0438\u0445 \u043f\u0440\u043e\u0432\u0435\u0440\u043e\u043a, \u043f\u043e\u0441\u0435\u0442\u0438\u0432 <a href=\"https:\/\/rusbank.net\/offers\/microloans\/zaymyi-bez-otkaza\">rusbank.net<\/a> \u2014 \u043d\u0430\u0434\u0435\u0436\u043d\u044b\u0439 \u043f\u043e\u043c\u043e\u0449\u043d\u0438\u043a \u0432 \u0444\u0438\u043d\u0430\u043d\u0441\u043e\u0432\u044b\u0445 \u0432\u043e\u043f\u0440\u043e\u0441\u0430\u0445.<\/span> To stan, w kt\u00f3rym dochodzi do zaczerwienienia sk\u00f3ry, zazwyczaj spowodowanego rozszerzeniem naczy\u0144 krwiono\u015bnych. Dochodzi do zwi\u0119kszenia przep\u0142ywu krwi pod powierzchni\u0105 sk\u00f3ry, co manifestuje si\u0119 jako czerwony, czasem nier\u00f3wny obszar. Rumie\u0144 mo\u017ce wyst\u0119powa\u0107 w r\u00f3\u017cnych formach i intensywno\u015bciach, w zale\u017cno\u015bci od jego przyczyny.<\/p>\n\n\n\n<p>Rumie\u0144 mo\u017ce by\u0107 zar\u00f3wno przej\u015bciow\u0105 reakcj\u0105 na czynniki zewn\u0119trzne, jak i objawem przewlek\u0142ych problem\u00f3w sk\u00f3rnych. W przypadkach przej\u015bciowych, takich jak reakcja na zimno, emocje, czy spo\u017cywanie ostrych potraw lub alkoholu, zaczerwienienie zwykle szybko ust\u0119puje. M\u00f3wi si\u0119 w\u00f3wczas o tzw. okolicach rumieniowych, do kt\u00f3rych nale\u017c\u0105 twarz, szyja, dekolt i g\u00f3rna cz\u0119\u015b\u0107 klatki piersiowej<a href=\"applewebdata:\/\/DAE19138-C5DE-462C-A454-843111E5489A#_edn1\"><sup>[i]<\/sup><\/a>. Najcz\u0119\u015bciej tendencj\u0119 do rumienia maj\u0105 osoby z cer\u0105 wra\u017cliw\u0105.<\/p>\n\n\n\n<p>Kiedy rumie\u0144 jest skutkiem przewlek\u0142ych problem\u00f3w, takich jak cera naczynkowa, czy chor\u00f3b, takich jak tr\u0105dzik r\u00f3\u017cowaty, jest on zwykle bardziej uporczywy i nierzadko wymaga specjalistycznego leczenia. W diagnostyce i leczeniu rumienia przewlek\u0142ego istotne jest zidentyfikowanie jego przyczyny, co cz\u0119sto wymaga konsultacji dermatologicznej. Prawid\u0142owo zdiagnozowany i leczony rumie\u0144 mo\u017ce jednak by\u0107 skutecznie kontrolowany, co prowadzi do poprawy komfortu \u017cycia i wygl\u0105du sk\u00f3ry.<\/p>\n\n\n\n<h3 class=\"wp-block-heading\">Rumie\u0144 a rumieniec<\/h3>\n\n\n\n<p>Rumie\u0144 cz\u0119sto mylony jest z rumie\u0144cem, kt\u00f3ry jest naturalnym zaczerwienieniem twarzy zwi\u0105zanym z emocjami, wysi\u0142kiem fizycznym, czy nag\u0142\u0105 zmian\u0105 temperatury. W przeciwie\u0144stwie do rumie\u0144ca rumie\u0144 jednak mo\u017ce by\u0107 r\u00f3wnie\u017c spowodowany przez szereg czynnik\u00f3w patologicznych.<\/p>\n\n\n\n<h2 class=\"wp-block-heading\">Jak piel\u0119gnowa\u0107 sk\u00f3r\u0119 rumieniow\u0105?<\/h2>\n\n\n\n<p>Piel\u0119gnacja sk\u00f3ry sk\u0142onnej do rumienia wymaga delikatno\u015bci i unikania czynnik\u00f3w, kt\u00f3re mog\u0105 nasila\u0107 t\u0119 przypad\u0142o\u015b\u0107. Do mycia twarzy stosujmy \u0142agodne, naturalne kosmetyki, kt\u00f3re nie zawieraj\u0105 silnych \u015brodk\u00f3w myj\u0105cych. Zdecydowanie zalecam unikanie produkt\u00f3w kosmetycznych zawieraj\u0105cych syntetyczny alkohol, silne kwasy czy intensywne zapachy.<\/p>\n\n\n\n<p>Jak przy ka\u017cdej cerze, tak\u017ce przy tej ze sk\u0142onno\u015bciami do rumienia, ochrona sk\u00f3ry przed s\u0142o\u0144cem jest konieczno\u015bci\u0105. Promieniowanie UV nie tylko przyczynia si\u0119 do uszkodze\u0144 i fotostarzenia sk\u00f3ry, ale te\u017c mo\u017ce nasila\u0107 rumie\u0144.<\/p>\n\n\n\n<p>Osoby maj\u0105ce sk\u0142onno\u015b\u0107 do rumienia powinny ponadto unika\u0107 sauny i chlorowanej wody oraz wystawiania sk\u00f3ry na bezpo\u015brednie i d\u0142ugotrwa\u0142e dzia\u0142anie mrozu, a tak\u017ce promieni s\u0142onecznych, niezale\u017cnie od tego, czy zapewni\u0142y sobie ochron\u0119 przed zimnem oraz promieniami UV.<\/p>\n\n\n\n<p>Skoro mowa o unikaniu, to nale\u017cy te\u017c zrezygnowa\u0107 z ostrych przypraw oraz alkoholu.<\/p>\n\n\n\n<h2 class=\"wp-block-heading\">Jakie kosmetyki stosowa\u0107 w przypadku rumienia na twarzy?<\/h2>\n\n\n\n<p>W przypadku rumienia na twarzy najlepiej jest wybiera\u0107 kosmetyki specjalnie przeznaczone dla sk\u00f3ry wra\u017cliwej i sk\u0142onnej do rumienia. Szukajmy te\u017c produkt\u00f3w, kt\u00f3re zawieraj\u0105 sk\u0142adniki \u0142agodz\u0105ce i nawil\u017caj\u0105ce oraz&nbsp;<a href=\"https:\/\/resibo.pl\/produkt\/336\/instant-barrier-krem-regenerujacy-bariere-hydrolipidowa\">krem\u00f3w wzmacniaj\u0105cych i regeneruj\u0105cych barier\u0119 hydrolipidow\u0105<\/a>.<\/p>\n\n\n\n<p>Warto szuka\u0107 w kosmetykach sk\u0142adnik\u00f3w, takich jak niacynamid, kwas hialuronowy, alantoina, panthenol, sza\u0142wia, czy \u0142agodz\u0105ce mas\u0142a lub oleje, np. mas\u0142o shea, czy oliwa z oliwek.&nbsp;<\/p>\n\n\n\n<h2 class=\"wp-block-heading\">Rumie\u0144 na twarzy \u2013 czy mo\u017cna si\u0119 go pozby\u0107 i jak to zrobi\u0107?<\/h2>\n\n\n\n<p>Pozbycie si\u0119 rumienia na twarzy mo\u017ce by\u0107 wyzwaniem, szczeg\u00f3lnie je\u015bli jest on objawem przewlek\u0142ej choroby sk\u00f3rnej. Niemniej w wielu przypadkach odpowiednia piel\u0119gnacja i unikanie czynnik\u00f3w wywo\u0142uj\u0105cych t\u0119 przypad\u0142o\u015b\u0107 mog\u0105 znacznie zmniejszy\u0107 jego intensywno\u015b\u0107.&nbsp;<\/p>\n\n\n\n<p>W przypadku rumienia spowodowanego chorobami sk\u00f3rnymi konieczne mog\u0105 by\u0107 leczenie farmakologiczne, czy zabiegi kosmetyczne, np. laseroterapia czy terapia lamp\u0105 LED. W ka\u017cdym przypadku zalecam konsultacj\u0119 z dermatologiem lub do\u015bwiadczonym kosmetologiem, kt\u00f3ry dobierze odpowiedni plan leczenia czy terapi\u0119 w salonie kosmetycznym.<\/p>\n\n\n\n<hr class=\"wp-block-separator has-alpha-channel-opacity\"\/>\n\n\n\n<p><a href=\"applewebdata:\/\/DAE19138-C5DE-462C-A454-843111E5489A#_ednref1\"><sup>[i]<\/sup><\/a>&nbsp;Anna Ko\u0142odziejczak, Kosmetologia, t. 1,&nbsp;PZWL Wydawnictwo Lekarskie, Warszawa 2019, s. 300.<\/p>\n<\/div><!-- .vgblk-rw-wrapper -->","protected":false},"excerpt":{"rendered":"<p>Rumie\u0144 na twarzy. Jakie mog\u0105 by\u0107 jego przyczyny? Rumie\u0144 na twarzy to cz\u0119sty problem sk\u00f3rny, kt\u00f3ry mo\u017ce by\u0107 zar\u00f3wno objawem przej\u015bciowych reakcji fizjologicznych, jak i symptomem chor\u00f3b sk\u00f3ry. R\u00f3\u017cni si\u0119 intensywno\u015bci\u0105 i charakterem, w zale\u017cno\u015bci od jego przyczyn. Jego prawid\u0142owe rozpoznanie pomaga w doborze odpowiedniej piel\u0119gnacji oraz \u2013 je\u015bli to konieczne \u2013 leczenia.&nbsp; Rumie\u0144 na&#8230;<\/p>\n","protected":false},"author":6,"featured_media":26116,"comment_status":"open","ping_status":"open","sticky":false,"template":"","format":"standard","meta":{"footnotes":""},"categories":[161,40],"tags":[],"class_list":["post-25491","post","type-post","status-publish","format-standard","has-post-thumbnail","hentry","category-beauty","category-magda-o-pielegnacji"],"yoast_head":"<!-- This site is optimized with the Yoast SEO plugin v27.5 - https:\/\/yoast.com\/product\/yoast-seo-wordpress\/ -->\n<title>Rumie\u0144 na twarzy. Jak piel\u0119gnowa\u0107 sk\u00f3r\u0119 rumieniow\u0105? - Kosmetyki naturalne Resibo<\/title>\n<meta name=\"description\" content=\"W przypadku rumienia na twarzy wa\u017cna jest odpowiednia piel\u0119gnacja sk\u00f3ry i unikanie czynnik\u00f3w, kt\u00f3re go wywo\u0142uj\u0105. Jak radzi\u0107 sobie z rumieniem?\" \/>\n<meta name=\"robots\" content=\"index, follow, max-snippet:-1, max-image-preview:large, max-video-preview:-1\" \/>\n<link rel=\"canonical\" href=\"https:\/\/resibo.pl\/blog\/rumien-na-twarzy-jak-pielegnowac-skore-rumieniowa\/\" \/>\n<meta property=\"og:locale\" content=\"pl_PL\" \/>\n<meta property=\"og:type\" content=\"article\" \/>\n<meta property=\"og:title\" content=\"Rumie\u0144 na twarzy. Jak piel\u0119gnowa\u0107 sk\u00f3r\u0119 rumieniow\u0105? - Kosmetyki naturalne Resibo\" \/>\n<meta property=\"og:description\" content=\"W przypadku rumienia na twarzy wa\u017cna jest odpowiednia piel\u0119gnacja sk\u00f3ry i unikanie czynnik\u00f3w, kt\u00f3re go wywo\u0142uj\u0105. Jak radzi\u0107 sobie z rumieniem?\" \/>\n<meta property=\"og:url\" content=\"https:\/\/resibo.pl\/blog\/rumien-na-twarzy-jak-pielegnowac-skore-rumieniowa\/\" \/>\n<meta property=\"og:site_name\" content=\"Kosmetyki naturalne Resibo\" \/>\n<meta property=\"article:publisher\" content=\"http:\/\/facebook.com\/resiboPL\" \/>\n<meta property=\"article:published_time\" content=\"2024-02-29T08:02:00+00:00\" \/>\n<meta property=\"article:modified_time\" content=\"2024-12-16T22:09:59+00:00\" \/>\n<meta property=\"og:image\" content=\"https:\/\/resibo.pl\/blog\/wp-content\/uploads\/2024\/02\/Frame-4.jpg\" \/>\n\t<meta property=\"og:image:width\" content=\"1500\" \/>\n\t<meta property=\"og:image:height\" content=\"1000\" \/>\n\t<meta property=\"og:image:type\" content=\"image\/jpeg\" \/>\n<meta name=\"author\" content=\"Anita\" \/>\n<meta name=\"twitter:label1\" content=\"Napisane przez\" \/>\n\t<meta name=\"twitter:data1\" content=\"Anita\" \/>\n\t<meta name=\"twitter:label2\" content=\"Szacowany czas czytania\" \/>\n\t<meta name=\"twitter:data2\" content=\"4 minuty\" \/>\n<script type=\"application\/ld+json\" class=\"yoast-schema-graph\">{\"@context\":\"https:\\\/\\\/schema.org\",\"@graph\":[{\"@type\":\"Article\",\"@id\":\"https:\\\/\\\/resibo.pl\\\/blog\\\/rumien-na-twarzy-jak-pielegnowac-skore-rumieniowa\\\/#article\",\"isPartOf\":{\"@id\":\"https:\\\/\\\/resibo.pl\\\/blog\\\/rumien-na-twarzy-jak-pielegnowac-skore-rumieniowa\\\/\"},\"author\":{\"name\":\"Anita\",\"@id\":\"https:\\\/\\\/resibo.pl\\\/blog\\\/#\\\/schema\\\/person\\\/ef9013c96e1204d78b18c2243ed265a9\"},\"headline\":\"Rumie\u0144 na twarzy. Jak piel\u0119gnowa\u0107 sk\u00f3r\u0119 rumieniow\u0105?\",\"datePublished\":\"2024-02-29T08:02:00+00:00\",\"dateModified\":\"2024-12-16T22:09:59+00:00\",\"mainEntityOfPage\":{\"@id\":\"https:\\\/\\\/resibo.pl\\\/blog\\\/rumien-na-twarzy-jak-pielegnowac-skore-rumieniowa\\\/\"},\"wordCount\":828,\"commentCount\":0,\"publisher\":{\"@id\":\"https:\\\/\\\/resibo.pl\\\/blog\\\/#organization\"},\"image\":{\"@id\":\"https:\\\/\\\/resibo.pl\\\/blog\\\/rumien-na-twarzy-jak-pielegnowac-skore-rumieniowa\\\/#primaryimage\"},\"thumbnailUrl\":\"https:\\\/\\\/resibo.pl\\\/blog\\\/wp-content\\\/uploads\\\/2024\\\/02\\\/Frame-4.jpg\",\"articleSection\":[\"Beauty\",\"O pielegnacji\"],\"inLanguage\":\"pl-PL\",\"potentialAction\":[{\"@type\":\"CommentAction\",\"name\":\"Comment\",\"target\":[\"https:\\\/\\\/resibo.pl\\\/blog\\\/rumien-na-twarzy-jak-pielegnowac-skore-rumieniowa\\\/#respond\"]}]},{\"@type\":\"WebPage\",\"@id\":\"https:\\\/\\\/resibo.pl\\\/blog\\\/rumien-na-twarzy-jak-pielegnowac-skore-rumieniowa\\\/\",\"url\":\"https:\\\/\\\/resibo.pl\\\/blog\\\/rumien-na-twarzy-jak-pielegnowac-skore-rumieniowa\\\/\",\"name\":\"Rumie\u0144 na twarzy. Jak piel\u0119gnowa\u0107 sk\u00f3r\u0119 rumieniow\u0105? - Kosmetyki naturalne Resibo\",\"isPartOf\":{\"@id\":\"https:\\\/\\\/resibo.pl\\\/blog\\\/#website\"},\"primaryImageOfPage\":{\"@id\":\"https:\\\/\\\/resibo.pl\\\/blog\\\/rumien-na-twarzy-jak-pielegnowac-skore-rumieniowa\\\/#primaryimage\"},\"image\":{\"@id\":\"https:\\\/\\\/resibo.pl\\\/blog\\\/rumien-na-twarzy-jak-pielegnowac-skore-rumieniowa\\\/#primaryimage\"},\"thumbnailUrl\":\"https:\\\/\\\/resibo.pl\\\/blog\\\/wp-content\\\/uploads\\\/2024\\\/02\\\/Frame-4.jpg\",\"datePublished\":\"2024-02-29T08:02:00+00:00\",\"dateModified\":\"2024-12-16T22:09:59+00:00\",\"description\":\"W przypadku rumienia na twarzy wa\u017cna jest odpowiednia piel\u0119gnacja sk\u00f3ry i unikanie czynnik\u00f3w, kt\u00f3re go wywo\u0142uj\u0105. Jak radzi\u0107 sobie z rumieniem?\",\"breadcrumb\":{\"@id\":\"https:\\\/\\\/resibo.pl\\\/blog\\\/rumien-na-twarzy-jak-pielegnowac-skore-rumieniowa\\\/#breadcrumb\"},\"inLanguage\":\"pl-PL\",\"potentialAction\":[{\"@type\":\"ReadAction\",\"target\":[\"https:\\\/\\\/resibo.pl\\\/blog\\\/rumien-na-twarzy-jak-pielegnowac-skore-rumieniowa\\\/\"]}]},{\"@type\":\"ImageObject\",\"inLanguage\":\"pl-PL\",\"@id\":\"https:\\\/\\\/resibo.pl\\\/blog\\\/rumien-na-twarzy-jak-pielegnowac-skore-rumieniowa\\\/#primaryimage\",\"url\":\"https:\\\/\\\/resibo.pl\\\/blog\\\/wp-content\\\/uploads\\\/2024\\\/02\\\/Frame-4.jpg\",\"contentUrl\":\"https:\\\/\\\/resibo.pl\\\/blog\\\/wp-content\\\/uploads\\\/2024\\\/02\\\/Frame-4.jpg\",\"width\":1500,\"height\":1000},{\"@type\":\"BreadcrumbList\",\"@id\":\"https:\\\/\\\/resibo.pl\\\/blog\\\/rumien-na-twarzy-jak-pielegnowac-skore-rumieniowa\\\/#breadcrumb\",\"itemListElement\":[{\"@type\":\"ListItem\",\"position\":1,\"name\":\"Strona g\u0142\u00f3wna\",\"item\":\"https:\\\/\\\/resibo.pl\\\/blog\\\/\"},{\"@type\":\"ListItem\",\"position\":2,\"name\":\"Rumie\u0144 na twarzy. Jak piel\u0119gnowa\u0107 sk\u00f3r\u0119 rumieniow\u0105?\"}]},{\"@type\":\"WebSite\",\"@id\":\"https:\\\/\\\/resibo.pl\\\/blog\\\/#website\",\"url\":\"https:\\\/\\\/resibo.pl\\\/blog\\\/\",\"name\":\"Kosmetyki naturalne Resibo\",\"description\":\"\",\"publisher\":{\"@id\":\"https:\\\/\\\/resibo.pl\\\/blog\\\/#organization\"},\"potentialAction\":[{\"@type\":\"SearchAction\",\"target\":{\"@type\":\"EntryPoint\",\"urlTemplate\":\"https:\\\/\\\/resibo.pl\\\/blog\\\/?s={search_term_string}\"},\"query-input\":{\"@type\":\"PropertyValueSpecification\",\"valueRequired\":true,\"valueName\":\"search_term_string\"}}],\"inLanguage\":\"pl-PL\"},{\"@type\":\"Organization\",\"@id\":\"https:\\\/\\\/resibo.pl\\\/blog\\\/#organization\",\"name\":\"Resibo\",\"url\":\"https:\\\/\\\/resibo.pl\\\/blog\\\/\",\"logo\":{\"@type\":\"ImageObject\",\"inLanguage\":\"pl-PL\",\"@id\":\"https:\\\/\\\/resibo.pl\\\/blog\\\/#\\\/schema\\\/logo\\\/image\\\/\",\"url\":\"https:\\\/\\\/resibo.pl\\\/blog\\\/wp-content\\\/uploads\\\/2022\\\/02\\\/cropped-logo.png\",\"contentUrl\":\"https:\\\/\\\/resibo.pl\\\/blog\\\/wp-content\\\/uploads\\\/2022\\\/02\\\/cropped-logo.png\",\"width\":274,\"height\":109,\"caption\":\"Resibo\"},\"image\":{\"@id\":\"https:\\\/\\\/resibo.pl\\\/blog\\\/#\\\/schema\\\/logo\\\/image\\\/\"},\"sameAs\":[\"http:\\\/\\\/facebook.com\\\/resiboPL\",\"http:\\\/\\\/instagram.com\\\/resibobynature\"]},{\"@type\":\"Person\",\"@id\":\"https:\\\/\\\/resibo.pl\\\/blog\\\/#\\\/schema\\\/person\\\/ef9013c96e1204d78b18c2243ed265a9\",\"name\":\"Anita\",\"image\":{\"@type\":\"ImageObject\",\"inLanguage\":\"pl-PL\",\"@id\":\"https:\\\/\\\/secure.gravatar.com\\\/avatar\\\/c16c3ee787d7dac06be3101e60d7b357f40d4375278b4f1760aa8fb3114c1f93?s=96&d=mm&r=g\",\"url\":\"https:\\\/\\\/secure.gravatar.com\\\/avatar\\\/c16c3ee787d7dac06be3101e60d7b357f40d4375278b4f1760aa8fb3114c1f93?s=96&d=mm&r=g\",\"contentUrl\":\"https:\\\/\\\/secure.gravatar.com\\\/avatar\\\/c16c3ee787d7dac06be3101e60d7b357f40d4375278b4f1760aa8fb3114c1f93?s=96&d=mm&r=g\",\"caption\":\"Anita\"},\"description\":\"Anita Odachowska Zakochana w Resibo i naturalnej piel\u0119gnacji, ciekawa \u015bwiata, szanuj\u0105ca przyrod\u0119 i doceniaj\u0105ca si\u0142\u0119 ro\u015blinnych sk\u0142adnik\u00f3w, w ci\u0105g\u0142ym d\u0105\u017ceniu do co najmniej less waste.\",\"url\":\"https:\\\/\\\/resibo.pl\\\/blog\\\/author\\\/anita\\\/\"}]}<\/script>\n<!-- \/ Yoast SEO plugin. -->","yoast_head_json":{"title":"Rumie\u0144 na twarzy. Jak piel\u0119gnowa\u0107 sk\u00f3r\u0119 rumieniow\u0105? - Kosmetyki naturalne Resibo","description":"W przypadku rumienia na twarzy wa\u017cna jest odpowiednia piel\u0119gnacja sk\u00f3ry i unikanie czynnik\u00f3w, kt\u00f3re go wywo\u0142uj\u0105. Jak radzi\u0107 sobie z rumieniem?","robots":{"index":"index","follow":"follow","max-snippet":"max-snippet:-1","max-image-preview":"max-image-preview:large","max-video-preview":"max-video-preview:-1"},"canonical":"https:\/\/resibo.pl\/blog\/rumien-na-twarzy-jak-pielegnowac-skore-rumieniowa\/","og_locale":"pl_PL","og_type":"article","og_title":"Rumie\u0144 na twarzy. Jak piel\u0119gnowa\u0107 sk\u00f3r\u0119 rumieniow\u0105? - Kosmetyki naturalne Resibo","og_description":"W przypadku rumienia na twarzy wa\u017cna jest odpowiednia piel\u0119gnacja sk\u00f3ry i unikanie czynnik\u00f3w, kt\u00f3re go wywo\u0142uj\u0105. Jak radzi\u0107 sobie z rumieniem?","og_url":"https:\/\/resibo.pl\/blog\/rumien-na-twarzy-jak-pielegnowac-skore-rumieniowa\/","og_site_name":"Kosmetyki naturalne Resibo","article_publisher":"http:\/\/facebook.com\/resiboPL","article_published_time":"2024-02-29T08:02:00+00:00","article_modified_time":"2024-12-16T22:09:59+00:00","og_image":[{"width":1500,"height":1000,"url":"https:\/\/resibo.pl\/blog\/wp-content\/uploads\/2024\/02\/Frame-4.jpg","type":"image\/jpeg"}],"author":"Anita","twitter_misc":{"Napisane przez":"Anita","Szacowany czas czytania":"4 minuty"},"schema":{"@context":"https:\/\/schema.org","@graph":[{"@type":"Article","@id":"https:\/\/resibo.pl\/blog\/rumien-na-twarzy-jak-pielegnowac-skore-rumieniowa\/#article","isPartOf":{"@id":"https:\/\/resibo.pl\/blog\/rumien-na-twarzy-jak-pielegnowac-skore-rumieniowa\/"},"author":{"name":"Anita","@id":"https:\/\/resibo.pl\/blog\/#\/schema\/person\/ef9013c96e1204d78b18c2243ed265a9"},"headline":"Rumie\u0144 na twarzy. Jak piel\u0119gnowa\u0107 sk\u00f3r\u0119 rumieniow\u0105?","datePublished":"2024-02-29T08:02:00+00:00","dateModified":"2024-12-16T22:09:59+00:00","mainEntityOfPage":{"@id":"https:\/\/resibo.pl\/blog\/rumien-na-twarzy-jak-pielegnowac-skore-rumieniowa\/"},"wordCount":828,"commentCount":0,"publisher":{"@id":"https:\/\/resibo.pl\/blog\/#organization"},"image":{"@id":"https:\/\/resibo.pl\/blog\/rumien-na-twarzy-jak-pielegnowac-skore-rumieniowa\/#primaryimage"},"thumbnailUrl":"https:\/\/resibo.pl\/blog\/wp-content\/uploads\/2024\/02\/Frame-4.jpg","articleSection":["Beauty","O pielegnacji"],"inLanguage":"pl-PL","potentialAction":[{"@type":"CommentAction","name":"Comment","target":["https:\/\/resibo.pl\/blog\/rumien-na-twarzy-jak-pielegnowac-skore-rumieniowa\/#respond"]}]},{"@type":"WebPage","@id":"https:\/\/resibo.pl\/blog\/rumien-na-twarzy-jak-pielegnowac-skore-rumieniowa\/","url":"https:\/\/resibo.pl\/blog\/rumien-na-twarzy-jak-pielegnowac-skore-rumieniowa\/","name":"Rumie\u0144 na twarzy. Jak piel\u0119gnowa\u0107 sk\u00f3r\u0119 rumieniow\u0105? - Kosmetyki naturalne Resibo","isPartOf":{"@id":"https:\/\/resibo.pl\/blog\/#website"},"primaryImageOfPage":{"@id":"https:\/\/resibo.pl\/blog\/rumien-na-twarzy-jak-pielegnowac-skore-rumieniowa\/#primaryimage"},"image":{"@id":"https:\/\/resibo.pl\/blog\/rumien-na-twarzy-jak-pielegnowac-skore-rumieniowa\/#primaryimage"},"thumbnailUrl":"https:\/\/resibo.pl\/blog\/wp-content\/uploads\/2024\/02\/Frame-4.jpg","datePublished":"2024-02-29T08:02:00+00:00","dateModified":"2024-12-16T22:09:59+00:00","description":"W przypadku rumienia na twarzy wa\u017cna jest odpowiednia piel\u0119gnacja sk\u00f3ry i unikanie czynnik\u00f3w, kt\u00f3re go wywo\u0142uj\u0105. Jak radzi\u0107 sobie z rumieniem?","breadcrumb":{"@id":"https:\/\/resibo.pl\/blog\/rumien-na-twarzy-jak-pielegnowac-skore-rumieniowa\/#breadcrumb"},"inLanguage":"pl-PL","potentialAction":[{"@type":"ReadAction","target":["https:\/\/resibo.pl\/blog\/rumien-na-twarzy-jak-pielegnowac-skore-rumieniowa\/"]}]},{"@type":"ImageObject","inLanguage":"pl-PL","@id":"https:\/\/resibo.pl\/blog\/rumien-na-twarzy-jak-pielegnowac-skore-rumieniowa\/#primaryimage","url":"https:\/\/resibo.pl\/blog\/wp-content\/uploads\/2024\/02\/Frame-4.jpg","contentUrl":"https:\/\/resibo.pl\/blog\/wp-content\/uploads\/2024\/02\/Frame-4.jpg","width":1500,"height":1000},{"@type":"BreadcrumbList","@id":"https:\/\/resibo.pl\/blog\/rumien-na-twarzy-jak-pielegnowac-skore-rumieniowa\/#breadcrumb","itemListElement":[{"@type":"ListItem","position":1,"name":"Strona g\u0142\u00f3wna","item":"https:\/\/resibo.pl\/blog\/"},{"@type":"ListItem","position":2,"name":"Rumie\u0144 na twarzy. Jak piel\u0119gnowa\u0107 sk\u00f3r\u0119 rumieniow\u0105?"}]},{"@type":"WebSite","@id":"https:\/\/resibo.pl\/blog\/#website","url":"https:\/\/resibo.pl\/blog\/","name":"Kosmetyki naturalne Resibo","description":"","publisher":{"@id":"https:\/\/resibo.pl\/blog\/#organization"},"potentialAction":[{"@type":"SearchAction","target":{"@type":"EntryPoint","urlTemplate":"https:\/\/resibo.pl\/blog\/?s={search_term_string}"},"query-input":{"@type":"PropertyValueSpecification","valueRequired":true,"valueName":"search_term_string"}}],"inLanguage":"pl-PL"},{"@type":"Organization","@id":"https:\/\/resibo.pl\/blog\/#organization","name":"Resibo","url":"https:\/\/resibo.pl\/blog\/","logo":{"@type":"ImageObject","inLanguage":"pl-PL","@id":"https:\/\/resibo.pl\/blog\/#\/schema\/logo\/image\/","url":"https:\/\/resibo.pl\/blog\/wp-content\/uploads\/2022\/02\/cropped-logo.png","contentUrl":"https:\/\/resibo.pl\/blog\/wp-content\/uploads\/2022\/02\/cropped-logo.png","width":274,"height":109,"caption":"Resibo"},"image":{"@id":"https:\/\/resibo.pl\/blog\/#\/schema\/logo\/image\/"},"sameAs":["http:\/\/facebook.com\/resiboPL","http:\/\/instagram.com\/resibobynature"]},{"@type":"Person","@id":"https:\/\/resibo.pl\/blog\/#\/schema\/person\/ef9013c96e1204d78b18c2243ed265a9","name":"Anita","image":{"@type":"ImageObject","inLanguage":"pl-PL","@id":"https:\/\/secure.gravatar.com\/avatar\/c16c3ee787d7dac06be3101e60d7b357f40d4375278b4f1760aa8fb3114c1f93?s=96&d=mm&r=g","url":"https:\/\/secure.gravatar.com\/avatar\/c16c3ee787d7dac06be3101e60d7b357f40d4375278b4f1760aa8fb3114c1f93?s=96&d=mm&r=g","contentUrl":"https:\/\/secure.gravatar.com\/avatar\/c16c3ee787d7dac06be3101e60d7b357f40d4375278b4f1760aa8fb3114c1f93?s=96&d=mm&r=g","caption":"Anita"},"description":"Anita Odachowska Zakochana w Resibo i naturalnej piel\u0119gnacji, ciekawa \u015bwiata, szanuj\u0105ca przyrod\u0119 i doceniaj\u0105ca si\u0142\u0119 ro\u015blinnych sk\u0142adnik\u00f3w, w ci\u0105g\u0142ym d\u0105\u017ceniu do co najmniej less waste.","url":"https:\/\/resibo.pl\/blog\/author\/anita\/"}]}},"_links":{"self":[{"href":"https:\/\/resibo.pl\/blog\/wp-json\/wp\/v2\/posts\/25491","targetHints":{"allow":["GET"]}}],"collection":[{"href":"https:\/\/resibo.pl\/blog\/wp-json\/wp\/v2\/posts"}],"about":[{"href":"https:\/\/resibo.pl\/blog\/wp-json\/wp\/v2\/types\/post"}],"author":[{"embeddable":true,"href":"https:\/\/resibo.pl\/blog\/wp-json\/wp\/v2\/users\/6"}],"replies":[{"embeddable":true,"href":"https:\/\/resibo.pl\/blog\/wp-json\/wp\/v2\/comments?post=25491"}],"version-history":[{"count":3,"href":"https:\/\/resibo.pl\/blog\/wp-json\/wp\/v2\/posts\/25491\/revisions"}],"predecessor-version":[{"id":27134,"href":"https:\/\/resibo.pl\/blog\/wp-json\/wp\/v2\/posts\/25491\/revisions\/27134"}],"wp:featuredmedia":[{"embeddable":true,"href":"https:\/\/resibo.pl\/blog\/wp-json\/wp\/v2\/media\/26116"}],"wp:attachment":[{"href":"https:\/\/resibo.pl\/blog\/wp-json\/wp\/v2\/media?parent=25491"}],"wp:term":[{"taxonomy":"category","embeddable":true,"href":"https:\/\/resibo.pl\/blog\/wp-json\/wp\/v2\/categories?post=25491"},{"taxonomy":"post_tag","embeddable":true,"href":"https:\/\/resibo.pl\/blog\/wp-json\/wp\/v2\/tags?post=25491"}],"curies":[{"name":"wp","href":"https:\/\/api.w.org\/{rel}","templated":true}]}}