{"id":25580,"date":"2024-03-05T08:51:48","date_gmt":"2024-03-05T07:51:48","guid":{"rendered":"https:\/\/resibo.pl\/blog\/?p=25580"},"modified":"2024-04-11T14:20:05","modified_gmt":"2024-04-11T12:20:05","slug":"dekoloryzacja-wlosow-na-czym-polega-ten-zabieg","status":"publish","type":"post","link":"https:\/\/resibo.pl\/blog\/dekoloryzacja-wlosow-na-czym-polega-ten-zabieg\/","title":{"rendered":"Dekoloryzacja w\u0142os\u00f3w \u2013 na czym polega ten zabieg?"},"content":{"rendered":"<div class=\"vgblk-rw-wrapper limit-wrapper\">\n<h1 class=\"wp-block-heading\">Na czym polega dekoloryzacja w\u0142os\u00f3w i czy to bezpieczny zabieg?<\/h1>\n\n\n\n<p>Zmiana koloru w\u0142os\u00f3w to popularny spos\u00f3b na od\u015bwie\u017cenie wygl\u0105du lub ca\u0142kowit\u0105 zmian\u0119 wizerunku. Jednym z kluczowych etap\u00f3w przygotowawczych do zmiany koloru, szczeg\u00f3lnie przy przej\u015bciu z ciemniejszych odcieni na ja\u015bniejsze, jest dekoloryzacja. Czym jest dekoloryzacja w\u0142os\u00f3w, jak przebiega ten proces i czy jest to bezpieczny zabieg?<\/p>\n\n\n\n<h2 class=\"wp-block-heading\">Dekoloryzacja w\u0142os\u00f3w \u2013 co to za zabieg?<\/h2>\n\n\n\n<p>Dekoloryzacja, jak sama nazwa wskazuje, jest procesem odwrotnym do koloryzacji. Stosuje si\u0119 j\u0105 do osi\u0105gni\u0119cia radykalnej zmiany koloru w\u0142os\u00f3w, szczeg\u00f3lnie u os\u00f3b pragn\u0105cych przej\u015b\u0107 z ciemniejszych odcieni na znacznie ja\u015bniejsze. To specjalistyczny zabieg chemiczny, kt\u00f3ry pozwala na usuni\u0119cie z \u0142odygi w\u0142osa pigmentu wprowadzonego do niej uprzednio za pomoc\u0105 farbowania. Proces ten r\u00f3\u017cni si\u0119 od farbowania czy rozja\u015bniania i wymaga odpowiedniej wiedzy oraz precyzji, aby osi\u0105gn\u0105\u0107 oczekiwane rezultaty bez nadmiernego uszkodzenia w\u0142os\u00f3w.&nbsp;<\/p>\n\n\n\n<h3 class=\"wp-block-heading\">Dekoloryzacja a rozja\u015bnianie \u2013 jaka jest r\u00f3\u017cnica?<\/h3>\n\n\n\n<p>Zar\u00f3wno dekoloryzacja, jak i rozja\u015bnianie, to dzia\u0142anie na w\u0142osy za pomoc\u0105 substancji chemicznych. W pierwszym przypadku efektem jest usuni\u0119cie z w\u0142os\u00f3w sztucznego pigmentu, kt\u00f3ry zosta\u0142 wprowadzony za pomoc\u0105 farbowania. Dzi\u0119ki temu mo\u017cna je ponownie zafarbowa\u0107 na inny kolor. Dekoloryzacj\u0119 przeprowadza si\u0119 najcz\u0119\u015bciej w sytuacjach, gdy w\u0142osy maj\u0105 by\u0107 zafarbowane na kolor ja\u015bniejszy powy\u017cej dw\u00f3ch ton\u00f3w.<\/p>\n\n\n\n<p>Rozja\u015bnianie to z kolei dzia\u0142anie na nasze naturalne w\u0142osy, kt\u00f3re ma na celu uzyskanie ich ja\u015bniejszego koloru.&nbsp;<\/p>\n\n\n\n<h2 class=\"wp-block-heading\">Na czym polega dekoloryzacja w\u0142os\u00f3w?<\/h2>\n\n\n\n<p>Dekoloryzacja w\u0142os\u00f3w to proces chemiczny, kt\u00f3ry ma na celu usuni\u0119cie wcze\u015bniej wprowadzonego za pomoc\u0105 farbowania sztucznego pigmentu z \u0142odygi w\u0142osa. Dekoloryzacja usuwa istniej\u0105ce barwniki, co pozwala na uzyskanie bazy do kolejnej koloryzacji.&nbsp;<\/p>\n\n\n\n<p>Preparatami, kt\u00f3re \u015bci\u0105gaj\u0105 kolor, zwykle s\u0105 silne utleniacze dzia\u0142aj\u0105ce w \u015brodowisku zasadowym lub tzw. reduktory, kt\u00f3re dzia\u0142aj\u0105 w \u015brodowisku kwa\u015bnym. Pierwsze s\u0105 szybsze i skuteczniejsze, ale do\u015b\u0107 inwazyjne dla w\u0142os\u00f3w \u2013 mog\u0105 je wysusza\u0107 i os\u0142abia\u0107, a tak\u017ce zmniejsza\u0107 elastyczno\u015b\u0107 i po\u0142ysk. Reduktory s\u0105 \u0142agodniejsze, jednak dekoloryzacja z ich u\u017cyciem trwa d\u0142u\u017cej.<\/p>\n\n\n\n<h3 class=\"wp-block-heading\">Dekoloryzacja czarnych w\u0142os\u00f3w<\/h3>\n\n\n\n<p>Dekoloryzacja w\u0142os\u00f3w zafarbowanych uprzednio na kolor czarny, jest najbardziej wymagaj\u0105ca. Aby unikn\u0105\u0107 nadmiernego uszkodzenia w\u0142os\u00f3w, ich odbarwienie cz\u0119sto wymaga kilku podej\u015b\u0107.<\/p>\n\n\n\n<h3 class=\"wp-block-heading\">Dekoloryzacja rudych w\u0142os\u00f3w<\/h3>\n\n\n\n<p>Rude w\u0142osy, ze wzgl\u0119du na swoj\u0105 specyficzn\u0105 pigmentacj\u0119, mog\u0105 wymaga\u0107 szczeg\u00f3lnej uwagi podczas dekoloryzacji, aby unikn\u0105\u0107 niechcianych odcieni. W tym przypadku r\u00f3wnie\u017c mo\u017ce si\u0119 okaza\u0107, \u017ce usuni\u0119cie barwnik\u00f3w z \u0142odygi w\u0142osa mo\u017ce wymaga\u0107 wi\u0119cej ni\u017c jednego spotkania z fryzjerem.<\/p>\n\n\n\n<h3 class=\"wp-block-heading\">Dekoloryzacja w\u0142os\u00f3w blond<\/h3>\n\n\n\n<p>W przypadku w\u0142os\u00f3w blond wiele zale\u017cy od tego, czy ich ja\u015bniejszy odcie\u0144 uzyskany zosta\u0142 za pomoc\u0105 rozja\u015bniania, czy farbowania. W pierwszym przypadku jedyne, co mo\u017cemy zrobi\u0107, to czeka\u0107 a\u017c w\u0142osy odrosn\u0105 i \u015bcina\u0107 rozja\u015bnion\u0105 cz\u0119\u015b\u0107, poniewa\u017c rozja\u015bniacz pozbawia w\u0142os\u00f3w ich naturalnego pigmentu. R\u00f3wnie\u017c farby pozwalaj\u0105ce uzyska\u0107 r\u00f3\u017cne odcienie blondu zawieraj\u0105 sk\u0142adniki rozja\u015bniaj\u0105ce, kt\u00f3re wp\u0142ywaj\u0105 na melanin\u0119 obecn\u0105 w \u0142odydze w\u0142osa. W takim przypadku \u015bci\u0105gni\u0119cie koloru nie oznacza, \u017ce wr\u00f3cimy do naturalnego odcienia, a jedynie usuni\u0119cie barwnika wprowadzonego za pomoc\u0105 farby. Dekoloryzacja mo\u017ce jednak by\u0107 potrzebna, je\u015bli nie jeste\u015bmy zadowoleni z wybranego odcienia blond i chcemy go skorygowa\u0107, albo gdy potrzebujemy ca\u0142kowitej zmiany koloru.<\/p>\n\n\n\n<h3 class=\"wp-block-heading\">Dekoloryzacja w\u0142os\u00f3w br\u0105zowych<\/h3>\n\n\n\n<p>Przy w\u0142osach ufarbowanych uprzednio na br\u0105z dekoloryzacja mo\u017ce by\u0107 nie mniej wymagaj\u0105ca, jak w przypadku w\u0142os\u00f3w czarnych i r\u00f3wnie\u017c mo\u017ce wymaga\u0107 kilku podej\u015b\u0107.<\/p>\n\n\n\n<h3 class=\"wp-block-heading\">Dekoloryzacja w\u0142os\u00f3w rozja\u015bnianych<\/h3>\n\n\n\n<p>Jak ju\u017c wspomnia\u0142am, w\u0142osy rozja\u015bnione to takie, w kt\u00f3rych utleniony zosta\u0142 naturalny pigment. Je\u015bli uzyskano ten efekt za pomoc\u0105 farby, mo\u017cemy je podda\u0107 dekoloryzacji, czyli usuni\u0119ciu sztucznego pigmentu, jednak jasny kolor pozostanie.<\/p>\n\n\n\n<h3 class=\"wp-block-heading\">Dekoloryzacja w\u0142os\u00f3w efekty<\/h3>\n\n\n\n<p>Efekty dekoloryzacji zale\u017c\u0105 od wielu czynnik\u00f3w, w tym od typu i kondycji w\u0142os\u00f3w przed zabiegiem. Istotne jest te\u017c to, na jaki kolor by\u0142y zafarbowane w\u0142osy, a tak\u017ce jaki jest ich naturalny kolor. Je\u015bli jest to drastyczna rozbie\u017cno\u015b\u0107 \u2013 na przyk\u0142ad zafarbowali\u015bmy na niebiesko naturalne w\u0142osy w kolorze jasny blond, efekty pierwszej dekoloryzacji mog\u0105 nas niemile zaskoczy\u0107.<\/p>\n\n\n\n<h2 class=\"wp-block-heading\">Ile trwa i ile kosztuje dekoloryzacja w\u0142os\u00f3w?<\/h2>\n\n\n\n<p>Czas trwania i koszt dekoloryzacji mog\u0105 si\u0119 znacznie r\u00f3\u017cni\u0107, w zale\u017cno\u015bci od d\u0142ugo\u015bci, g\u0119sto\u015bci w\u0142os\u00f3w i koloru barwnika, kt\u00f3ry ma by\u0107 \u015bci\u0105gni\u0119ty. Zabiegi te mog\u0105 trwa\u0107 od kilku godzin do nawet kilku wizyt u fryzjera i kosztowa\u0107 od kilkuset do nawet kilku tysi\u0119cy z\u0142otych.<\/p>\n\n\n\n<h2 class=\"wp-block-heading\">Dekoloryzacja w\u0142os\u00f3w u fryzjera czy w domu?<\/h2>\n\n\n\n<p>Cho\u0107 dekoloryzacja domowa jest mo\u017cliwa, zaleca si\u0119 wykonanie tego zabiegu w salonie fryzjerskim. Profesjonalni styli\u015bci maj\u0105 wiedz\u0119 i do\u015bwiadczenie oraz sprawdzone pod k\u0105tem bezpiecze\u0144stwa preparaty. Dzi\u0119ki temu przeprowadz\u0105 proces usuwania koloru bezpiecznie i z oczekiwanym rezultatem, minimalizuj\u0105c ryzyko uszkodzenia w\u0142os\u00f3w. Ponadto podpowiedz\u0105, jak piel\u0119gnowa\u0107 w\u0142osy po dekoloryzacji, poniewa\u017c przez pewien czas b\u0119d\u0105 wymaga\u0142y one specjalnej uwagi. Warto pami\u0119ta\u0107, \u017ce nawet po delikatniejszym reduktorze trzeba b\u0119dzie odbudowa\u0107 ich struktur\u0119, zadba\u0107 o od\u017cywienie i powr\u00f3t do naturalnej g\u0142adko\u015bci, nawil\u017cenia i spr\u0119\u017cysto\u015bci. \u015awietnie sprawdzi si\u0119 do tego celu&nbsp;<a href=\"https:\/\/resibo.pl\/produkt\/216\/odzywka-proteinowa\">od\u017cywka proteinowa do w\u0142os\u00f3w<\/a>, kt\u00f3ra uzupe\u0142ni ubytki w ich \u0142odydze i pomo\u017ce je szybko zregenerowa\u0107.<\/p>\n<\/div><!-- .vgblk-rw-wrapper -->","protected":false},"excerpt":{"rendered":"<p>Na czym polega dekoloryzacja w\u0142os\u00f3w i czy to bezpieczny zabieg? Zmiana koloru w\u0142os\u00f3w to popularny spos\u00f3b na od\u015bwie\u017cenie wygl\u0105du lub ca\u0142kowit\u0105 zmian\u0119 wizerunku. Jednym z kluczowych etap\u00f3w przygotowawczych do zmiany koloru, szczeg\u00f3lnie przy przej\u015bciu z ciemniejszych odcieni na ja\u015bniejsze, jest dekoloryzacja. Czym jest dekoloryzacja w\u0142os\u00f3w, jak przebiega ten proces i czy jest to bezpieczny zabieg?&#8230;<\/p>\n","protected":false},"author":6,"featured_media":26120,"comment_status":"open","ping_status":"open","sticky":false,"template":"","format":"standard","meta":{"footnotes":""},"categories":[161,40],"tags":[],"class_list":["post-25580","post","type-post","status-publish","format-standard","has-post-thumbnail","hentry","category-beauty","category-magda-o-pielegnacji"],"yoast_head":"<!-- This site is optimized with the Yoast SEO plugin v27.5 - https:\/\/yoast.com\/product\/yoast-seo-wordpress\/ -->\n<title>Dekoloryzacja w\u0142os\u00f3w \u2013 na czym polega ten zabieg? - Kosmetyki naturalne Resibo<\/title>\n<meta name=\"description\" content=\"Zmiana koloru w\u0142os\u00f3w czasem wymaga dekoloryzacji. Dowiedz si\u0119, na czym polega ten zabieg, ile mo\u017ce trwa\u0107 i czy jest bezpieczny.\" \/>\n<meta name=\"robots\" content=\"index, follow, max-snippet:-1, max-image-preview:large, max-video-preview:-1\" \/>\n<link rel=\"canonical\" href=\"https:\/\/resibo.pl\/blog\/dekoloryzacja-wlosow-na-czym-polega-ten-zabieg\/\" \/>\n<meta property=\"og:locale\" content=\"pl_PL\" \/>\n<meta property=\"og:type\" content=\"article\" \/>\n<meta property=\"og:title\" content=\"Dekoloryzacja w\u0142os\u00f3w \u2013 na czym polega ten zabieg? - Kosmetyki naturalne Resibo\" \/>\n<meta property=\"og:description\" content=\"Zmiana koloru w\u0142os\u00f3w czasem wymaga dekoloryzacji. Dowiedz si\u0119, na czym polega ten zabieg, ile mo\u017ce trwa\u0107 i czy jest bezpieczny.\" \/>\n<meta property=\"og:url\" content=\"https:\/\/resibo.pl\/blog\/dekoloryzacja-wlosow-na-czym-polega-ten-zabieg\/\" \/>\n<meta property=\"og:site_name\" content=\"Kosmetyki naturalne Resibo\" \/>\n<meta property=\"article:publisher\" content=\"http:\/\/facebook.com\/resiboPL\" \/>\n<meta property=\"article:published_time\" content=\"2024-03-05T07:51:48+00:00\" \/>\n<meta property=\"article:modified_time\" content=\"2024-04-11T12:20:05+00:00\" \/>\n<meta property=\"og:image\" content=\"https:\/\/resibo.pl\/blog\/wp-content\/uploads\/2024\/03\/Frame-5.jpg\" \/>\n\t<meta property=\"og:image:width\" content=\"1500\" \/>\n\t<meta property=\"og:image:height\" content=\"1000\" \/>\n\t<meta property=\"og:image:type\" content=\"image\/jpeg\" \/>\n<meta name=\"author\" content=\"Anita\" \/>\n<meta name=\"twitter:label1\" content=\"Napisane przez\" \/>\n\t<meta name=\"twitter:data1\" content=\"Anita\" \/>\n\t<meta name=\"twitter:label2\" content=\"Szacowany czas czytania\" \/>\n\t<meta name=\"twitter:data2\" content=\"5 minut\" \/>\n<script type=\"application\/ld+json\" class=\"yoast-schema-graph\">{\"@context\":\"https:\\\/\\\/schema.org\",\"@graph\":[{\"@type\":\"Article\",\"@id\":\"https:\\\/\\\/resibo.pl\\\/blog\\\/dekoloryzacja-wlosow-na-czym-polega-ten-zabieg\\\/#article\",\"isPartOf\":{\"@id\":\"https:\\\/\\\/resibo.pl\\\/blog\\\/dekoloryzacja-wlosow-na-czym-polega-ten-zabieg\\\/\"},\"author\":{\"name\":\"Anita\",\"@id\":\"https:\\\/\\\/resibo.pl\\\/blog\\\/#\\\/schema\\\/person\\\/ef9013c96e1204d78b18c2243ed265a9\"},\"headline\":\"Dekoloryzacja w\u0142os\u00f3w \u2013 na czym polega ten zabieg?\",\"datePublished\":\"2024-03-05T07:51:48+00:00\",\"dateModified\":\"2024-04-11T12:20:05+00:00\",\"mainEntityOfPage\":{\"@id\":\"https:\\\/\\\/resibo.pl\\\/blog\\\/dekoloryzacja-wlosow-na-czym-polega-ten-zabieg\\\/\"},\"wordCount\":970,\"commentCount\":0,\"publisher\":{\"@id\":\"https:\\\/\\\/resibo.pl\\\/blog\\\/#organization\"},\"image\":{\"@id\":\"https:\\\/\\\/resibo.pl\\\/blog\\\/dekoloryzacja-wlosow-na-czym-polega-ten-zabieg\\\/#primaryimage\"},\"thumbnailUrl\":\"https:\\\/\\\/resibo.pl\\\/blog\\\/wp-content\\\/uploads\\\/2024\\\/03\\\/Frame-5.jpg\",\"articleSection\":[\"Beauty\",\"O pielegnacji\"],\"inLanguage\":\"pl-PL\",\"potentialAction\":[{\"@type\":\"CommentAction\",\"name\":\"Comment\",\"target\":[\"https:\\\/\\\/resibo.pl\\\/blog\\\/dekoloryzacja-wlosow-na-czym-polega-ten-zabieg\\\/#respond\"]}]},{\"@type\":\"WebPage\",\"@id\":\"https:\\\/\\\/resibo.pl\\\/blog\\\/dekoloryzacja-wlosow-na-czym-polega-ten-zabieg\\\/\",\"url\":\"https:\\\/\\\/resibo.pl\\\/blog\\\/dekoloryzacja-wlosow-na-czym-polega-ten-zabieg\\\/\",\"name\":\"Dekoloryzacja w\u0142os\u00f3w \u2013 na czym polega ten zabieg? - Kosmetyki naturalne Resibo\",\"isPartOf\":{\"@id\":\"https:\\\/\\\/resibo.pl\\\/blog\\\/#website\"},\"primaryImageOfPage\":{\"@id\":\"https:\\\/\\\/resibo.pl\\\/blog\\\/dekoloryzacja-wlosow-na-czym-polega-ten-zabieg\\\/#primaryimage\"},\"image\":{\"@id\":\"https:\\\/\\\/resibo.pl\\\/blog\\\/dekoloryzacja-wlosow-na-czym-polega-ten-zabieg\\\/#primaryimage\"},\"thumbnailUrl\":\"https:\\\/\\\/resibo.pl\\\/blog\\\/wp-content\\\/uploads\\\/2024\\\/03\\\/Frame-5.jpg\",\"datePublished\":\"2024-03-05T07:51:48+00:00\",\"dateModified\":\"2024-04-11T12:20:05+00:00\",\"description\":\"Zmiana koloru w\u0142os\u00f3w czasem wymaga dekoloryzacji. Dowiedz si\u0119, na czym polega ten zabieg, ile mo\u017ce trwa\u0107 i czy jest bezpieczny.\",\"breadcrumb\":{\"@id\":\"https:\\\/\\\/resibo.pl\\\/blog\\\/dekoloryzacja-wlosow-na-czym-polega-ten-zabieg\\\/#breadcrumb\"},\"inLanguage\":\"pl-PL\",\"potentialAction\":[{\"@type\":\"ReadAction\",\"target\":[\"https:\\\/\\\/resibo.pl\\\/blog\\\/dekoloryzacja-wlosow-na-czym-polega-ten-zabieg\\\/\"]}]},{\"@type\":\"ImageObject\",\"inLanguage\":\"pl-PL\",\"@id\":\"https:\\\/\\\/resibo.pl\\\/blog\\\/dekoloryzacja-wlosow-na-czym-polega-ten-zabieg\\\/#primaryimage\",\"url\":\"https:\\\/\\\/resibo.pl\\\/blog\\\/wp-content\\\/uploads\\\/2024\\\/03\\\/Frame-5.jpg\",\"contentUrl\":\"https:\\\/\\\/resibo.pl\\\/blog\\\/wp-content\\\/uploads\\\/2024\\\/03\\\/Frame-5.jpg\",\"width\":1500,\"height\":1000},{\"@type\":\"BreadcrumbList\",\"@id\":\"https:\\\/\\\/resibo.pl\\\/blog\\\/dekoloryzacja-wlosow-na-czym-polega-ten-zabieg\\\/#breadcrumb\",\"itemListElement\":[{\"@type\":\"ListItem\",\"position\":1,\"name\":\"Strona g\u0142\u00f3wna\",\"item\":\"https:\\\/\\\/resibo.pl\\\/blog\\\/\"},{\"@type\":\"ListItem\",\"position\":2,\"name\":\"Dekoloryzacja w\u0142os\u00f3w \u2013 na czym polega ten zabieg?\"}]},{\"@type\":\"WebSite\",\"@id\":\"https:\\\/\\\/resibo.pl\\\/blog\\\/#website\",\"url\":\"https:\\\/\\\/resibo.pl\\\/blog\\\/\",\"name\":\"Kosmetyki naturalne Resibo\",\"description\":\"\",\"publisher\":{\"@id\":\"https:\\\/\\\/resibo.pl\\\/blog\\\/#organization\"},\"potentialAction\":[{\"@type\":\"SearchAction\",\"target\":{\"@type\":\"EntryPoint\",\"urlTemplate\":\"https:\\\/\\\/resibo.pl\\\/blog\\\/?s={search_term_string}\"},\"query-input\":{\"@type\":\"PropertyValueSpecification\",\"valueRequired\":true,\"valueName\":\"search_term_string\"}}],\"inLanguage\":\"pl-PL\"},{\"@type\":\"Organization\",\"@id\":\"https:\\\/\\\/resibo.pl\\\/blog\\\/#organization\",\"name\":\"Resibo\",\"url\":\"https:\\\/\\\/resibo.pl\\\/blog\\\/\",\"logo\":{\"@type\":\"ImageObject\",\"inLanguage\":\"pl-PL\",\"@id\":\"https:\\\/\\\/resibo.pl\\\/blog\\\/#\\\/schema\\\/logo\\\/image\\\/\",\"url\":\"https:\\\/\\\/resibo.pl\\\/blog\\\/wp-content\\\/uploads\\\/2022\\\/02\\\/cropped-logo.png\",\"contentUrl\":\"https:\\\/\\\/resibo.pl\\\/blog\\\/wp-content\\\/uploads\\\/2022\\\/02\\\/cropped-logo.png\",\"width\":274,\"height\":109,\"caption\":\"Resibo\"},\"image\":{\"@id\":\"https:\\\/\\\/resibo.pl\\\/blog\\\/#\\\/schema\\\/logo\\\/image\\\/\"},\"sameAs\":[\"http:\\\/\\\/facebook.com\\\/resiboPL\",\"http:\\\/\\\/instagram.com\\\/resibobynature\"]},{\"@type\":\"Person\",\"@id\":\"https:\\\/\\\/resibo.pl\\\/blog\\\/#\\\/schema\\\/person\\\/ef9013c96e1204d78b18c2243ed265a9\",\"name\":\"Anita\",\"image\":{\"@type\":\"ImageObject\",\"inLanguage\":\"pl-PL\",\"@id\":\"https:\\\/\\\/secure.gravatar.com\\\/avatar\\\/c16c3ee787d7dac06be3101e60d7b357f40d4375278b4f1760aa8fb3114c1f93?s=96&d=mm&r=g\",\"url\":\"https:\\\/\\\/secure.gravatar.com\\\/avatar\\\/c16c3ee787d7dac06be3101e60d7b357f40d4375278b4f1760aa8fb3114c1f93?s=96&d=mm&r=g\",\"contentUrl\":\"https:\\\/\\\/secure.gravatar.com\\\/avatar\\\/c16c3ee787d7dac06be3101e60d7b357f40d4375278b4f1760aa8fb3114c1f93?s=96&d=mm&r=g\",\"caption\":\"Anita\"},\"description\":\"Anita Odachowska Zakochana w Resibo i naturalnej piel\u0119gnacji, ciekawa \u015bwiata, szanuj\u0105ca przyrod\u0119 i doceniaj\u0105ca si\u0142\u0119 ro\u015blinnych sk\u0142adnik\u00f3w, w ci\u0105g\u0142ym d\u0105\u017ceniu do co najmniej less waste.\",\"url\":\"https:\\\/\\\/resibo.pl\\\/blog\\\/author\\\/anita\\\/\"}]}<\/script>\n<!-- \/ Yoast SEO plugin. -->","yoast_head_json":{"title":"Dekoloryzacja w\u0142os\u00f3w \u2013 na czym polega ten zabieg? - Kosmetyki naturalne Resibo","description":"Zmiana koloru w\u0142os\u00f3w czasem wymaga dekoloryzacji. Dowiedz si\u0119, na czym polega ten zabieg, ile mo\u017ce trwa\u0107 i czy jest bezpieczny.","robots":{"index":"index","follow":"follow","max-snippet":"max-snippet:-1","max-image-preview":"max-image-preview:large","max-video-preview":"max-video-preview:-1"},"canonical":"https:\/\/resibo.pl\/blog\/dekoloryzacja-wlosow-na-czym-polega-ten-zabieg\/","og_locale":"pl_PL","og_type":"article","og_title":"Dekoloryzacja w\u0142os\u00f3w \u2013 na czym polega ten zabieg? - Kosmetyki naturalne Resibo","og_description":"Zmiana koloru w\u0142os\u00f3w czasem wymaga dekoloryzacji. Dowiedz si\u0119, na czym polega ten zabieg, ile mo\u017ce trwa\u0107 i czy jest bezpieczny.","og_url":"https:\/\/resibo.pl\/blog\/dekoloryzacja-wlosow-na-czym-polega-ten-zabieg\/","og_site_name":"Kosmetyki naturalne Resibo","article_publisher":"http:\/\/facebook.com\/resiboPL","article_published_time":"2024-03-05T07:51:48+00:00","article_modified_time":"2024-04-11T12:20:05+00:00","og_image":[{"width":1500,"height":1000,"url":"https:\/\/resibo.pl\/blog\/wp-content\/uploads\/2024\/03\/Frame-5.jpg","type":"image\/jpeg"}],"author":"Anita","twitter_misc":{"Napisane przez":"Anita","Szacowany czas czytania":"5 minut"},"schema":{"@context":"https:\/\/schema.org","@graph":[{"@type":"Article","@id":"https:\/\/resibo.pl\/blog\/dekoloryzacja-wlosow-na-czym-polega-ten-zabieg\/#article","isPartOf":{"@id":"https:\/\/resibo.pl\/blog\/dekoloryzacja-wlosow-na-czym-polega-ten-zabieg\/"},"author":{"name":"Anita","@id":"https:\/\/resibo.pl\/blog\/#\/schema\/person\/ef9013c96e1204d78b18c2243ed265a9"},"headline":"Dekoloryzacja w\u0142os\u00f3w \u2013 na czym polega ten zabieg?","datePublished":"2024-03-05T07:51:48+00:00","dateModified":"2024-04-11T12:20:05+00:00","mainEntityOfPage":{"@id":"https:\/\/resibo.pl\/blog\/dekoloryzacja-wlosow-na-czym-polega-ten-zabieg\/"},"wordCount":970,"commentCount":0,"publisher":{"@id":"https:\/\/resibo.pl\/blog\/#organization"},"image":{"@id":"https:\/\/resibo.pl\/blog\/dekoloryzacja-wlosow-na-czym-polega-ten-zabieg\/#primaryimage"},"thumbnailUrl":"https:\/\/resibo.pl\/blog\/wp-content\/uploads\/2024\/03\/Frame-5.jpg","articleSection":["Beauty","O pielegnacji"],"inLanguage":"pl-PL","potentialAction":[{"@type":"CommentAction","name":"Comment","target":["https:\/\/resibo.pl\/blog\/dekoloryzacja-wlosow-na-czym-polega-ten-zabieg\/#respond"]}]},{"@type":"WebPage","@id":"https:\/\/resibo.pl\/blog\/dekoloryzacja-wlosow-na-czym-polega-ten-zabieg\/","url":"https:\/\/resibo.pl\/blog\/dekoloryzacja-wlosow-na-czym-polega-ten-zabieg\/","name":"Dekoloryzacja w\u0142os\u00f3w \u2013 na czym polega ten zabieg? - Kosmetyki naturalne Resibo","isPartOf":{"@id":"https:\/\/resibo.pl\/blog\/#website"},"primaryImageOfPage":{"@id":"https:\/\/resibo.pl\/blog\/dekoloryzacja-wlosow-na-czym-polega-ten-zabieg\/#primaryimage"},"image":{"@id":"https:\/\/resibo.pl\/blog\/dekoloryzacja-wlosow-na-czym-polega-ten-zabieg\/#primaryimage"},"thumbnailUrl":"https:\/\/resibo.pl\/blog\/wp-content\/uploads\/2024\/03\/Frame-5.jpg","datePublished":"2024-03-05T07:51:48+00:00","dateModified":"2024-04-11T12:20:05+00:00","description":"Zmiana koloru w\u0142os\u00f3w czasem wymaga dekoloryzacji. Dowiedz si\u0119, na czym polega ten zabieg, ile mo\u017ce trwa\u0107 i czy jest bezpieczny.","breadcrumb":{"@id":"https:\/\/resibo.pl\/blog\/dekoloryzacja-wlosow-na-czym-polega-ten-zabieg\/#breadcrumb"},"inLanguage":"pl-PL","potentialAction":[{"@type":"ReadAction","target":["https:\/\/resibo.pl\/blog\/dekoloryzacja-wlosow-na-czym-polega-ten-zabieg\/"]}]},{"@type":"ImageObject","inLanguage":"pl-PL","@id":"https:\/\/resibo.pl\/blog\/dekoloryzacja-wlosow-na-czym-polega-ten-zabieg\/#primaryimage","url":"https:\/\/resibo.pl\/blog\/wp-content\/uploads\/2024\/03\/Frame-5.jpg","contentUrl":"https:\/\/resibo.pl\/blog\/wp-content\/uploads\/2024\/03\/Frame-5.jpg","width":1500,"height":1000},{"@type":"BreadcrumbList","@id":"https:\/\/resibo.pl\/blog\/dekoloryzacja-wlosow-na-czym-polega-ten-zabieg\/#breadcrumb","itemListElement":[{"@type":"ListItem","position":1,"name":"Strona g\u0142\u00f3wna","item":"https:\/\/resibo.pl\/blog\/"},{"@type":"ListItem","position":2,"name":"Dekoloryzacja w\u0142os\u00f3w \u2013 na czym polega ten zabieg?"}]},{"@type":"WebSite","@id":"https:\/\/resibo.pl\/blog\/#website","url":"https:\/\/resibo.pl\/blog\/","name":"Kosmetyki naturalne Resibo","description":"","publisher":{"@id":"https:\/\/resibo.pl\/blog\/#organization"},"potentialAction":[{"@type":"SearchAction","target":{"@type":"EntryPoint","urlTemplate":"https:\/\/resibo.pl\/blog\/?s={search_term_string}"},"query-input":{"@type":"PropertyValueSpecification","valueRequired":true,"valueName":"search_term_string"}}],"inLanguage":"pl-PL"},{"@type":"Organization","@id":"https:\/\/resibo.pl\/blog\/#organization","name":"Resibo","url":"https:\/\/resibo.pl\/blog\/","logo":{"@type":"ImageObject","inLanguage":"pl-PL","@id":"https:\/\/resibo.pl\/blog\/#\/schema\/logo\/image\/","url":"https:\/\/resibo.pl\/blog\/wp-content\/uploads\/2022\/02\/cropped-logo.png","contentUrl":"https:\/\/resibo.pl\/blog\/wp-content\/uploads\/2022\/02\/cropped-logo.png","width":274,"height":109,"caption":"Resibo"},"image":{"@id":"https:\/\/resibo.pl\/blog\/#\/schema\/logo\/image\/"},"sameAs":["http:\/\/facebook.com\/resiboPL","http:\/\/instagram.com\/resibobynature"]},{"@type":"Person","@id":"https:\/\/resibo.pl\/blog\/#\/schema\/person\/ef9013c96e1204d78b18c2243ed265a9","name":"Anita","image":{"@type":"ImageObject","inLanguage":"pl-PL","@id":"https:\/\/secure.gravatar.com\/avatar\/c16c3ee787d7dac06be3101e60d7b357f40d4375278b4f1760aa8fb3114c1f93?s=96&d=mm&r=g","url":"https:\/\/secure.gravatar.com\/avatar\/c16c3ee787d7dac06be3101e60d7b357f40d4375278b4f1760aa8fb3114c1f93?s=96&d=mm&r=g","contentUrl":"https:\/\/secure.gravatar.com\/avatar\/c16c3ee787d7dac06be3101e60d7b357f40d4375278b4f1760aa8fb3114c1f93?s=96&d=mm&r=g","caption":"Anita"},"description":"Anita Odachowska Zakochana w Resibo i naturalnej piel\u0119gnacji, ciekawa \u015bwiata, szanuj\u0105ca przyrod\u0119 i doceniaj\u0105ca si\u0142\u0119 ro\u015blinnych sk\u0142adnik\u00f3w, w ci\u0105g\u0142ym d\u0105\u017ceniu do co najmniej less waste.","url":"https:\/\/resibo.pl\/blog\/author\/anita\/"}]}},"_links":{"self":[{"href":"https:\/\/resibo.pl\/blog\/wp-json\/wp\/v2\/posts\/25580","targetHints":{"allow":["GET"]}}],"collection":[{"href":"https:\/\/resibo.pl\/blog\/wp-json\/wp\/v2\/posts"}],"about":[{"href":"https:\/\/resibo.pl\/blog\/wp-json\/wp\/v2\/types\/post"}],"author":[{"embeddable":true,"href":"https:\/\/resibo.pl\/blog\/wp-json\/wp\/v2\/users\/6"}],"replies":[{"embeddable":true,"href":"https:\/\/resibo.pl\/blog\/wp-json\/wp\/v2\/comments?post=25580"}],"version-history":[{"count":1,"href":"https:\/\/resibo.pl\/blog\/wp-json\/wp\/v2\/posts\/25580\/revisions"}],"predecessor-version":[{"id":25581,"href":"https:\/\/resibo.pl\/blog\/wp-json\/wp\/v2\/posts\/25580\/revisions\/25581"}],"wp:featuredmedia":[{"embeddable":true,"href":"https:\/\/resibo.pl\/blog\/wp-json\/wp\/v2\/media\/26120"}],"wp:attachment":[{"href":"https:\/\/resibo.pl\/blog\/wp-json\/wp\/v2\/media?parent=25580"}],"wp:term":[{"taxonomy":"category","embeddable":true,"href":"https:\/\/resibo.pl\/blog\/wp-json\/wp\/v2\/categories?post=25580"},{"taxonomy":"post_tag","embeddable":true,"href":"https:\/\/resibo.pl\/blog\/wp-json\/wp\/v2\/tags?post=25580"}],"curies":[{"name":"wp","href":"https:\/\/api.w.org\/{rel}","templated":true}]}}