{"id":25620,"date":"2024-03-19T09:00:27","date_gmt":"2024-03-19T08:00:27","guid":{"rendered":"https:\/\/resibo.pl\/blog\/?p=25620"},"modified":"2024-03-17T17:43:02","modified_gmt":"2024-03-17T16:43:02","slug":"uczulenie-na-slonce-jakie-moga-byc-przyczyny","status":"publish","type":"post","link":"https:\/\/resibo.pl\/blog\/uczulenie-na-slonce-jakie-moga-byc-przyczyny\/","title":{"rendered":"Uczulenie na s\u0142o\u0144ce. Jakie mog\u0105 by\u0107 przyczyny?"},"content":{"rendered":"<div class=\"vgblk-rw-wrapper limit-wrapper\">\n<h1 class=\"wp-block-heading\">Uczulenie na s\u0142o\u0144ce \u2013 jak mo\u017cna je rozpozna\u0107?<\/h1>\n\n\n\n<p>Promienie s\u0142oneczne s\u0105 nieod\u0142\u0105cznym elementem ciep\u0142ych, letnich dni, przynosz\u0105cym wiele korzy\u015bci, takich jak produkcja witaminy D3, niezb\u0119dnej do funkcjonowania naszego organizmu. Jednak nie dla wszystkich ekspozycja na s\u0142o\u0144ce jest bezpieczna. Uczulenie na promieniowanie UV, znane jako fotodermatoza, to problem, z kt\u00f3rym zmaga si\u0119 wiele os\u00f3b. Jak wygl\u0105da i jak je leczy\u0107?<\/p>\n\n\n\n<h2 class=\"wp-block-heading\">Uczulenie na s\u0142o\u0144ce \u2013 jak wygl\u0105da?<\/h2>\n\n\n\n<p>Fotodermatoza objawia si\u0119 na r\u00f3\u017cne sposoby, w zale\u017cno\u015bci od indywidualnej reakcji organizmu. Najcz\u0119\u015bciej s\u0105 to wysypka, czerwone plamy, sw\u0119dz\u0105ce b\u0105ble lub pokrzywka od s\u0142o\u0144ca. Zmiany pojawiaj\u0105 si\u0119 szczeg\u00f3lnie na obszarach ekspozycji na \u015bwiat\u0142o s\u0142oneczne, takich jak twarz, szyja, dekolt czy ramiona. W przypadku fotodermatozy idiopatycznej, kt\u00f3ra jest jedn\u0105 z form alergii na s\u0142o\u0144ce, objawy mog\u0105 by\u0107 bardziej intensywne i pojawia\u0107 si\u0119 nawet po kr\u00f3tkotrwa\u0142ej ekspozycji na s\u0142o\u0144ce.<\/p>\n\n\n\n<h2 class=\"wp-block-heading\">Uczulenie na s\u0142o\u0144ce \u2013 jakie mog\u0105 by\u0107 przyczyny wysypki?<\/h2>\n\n\n\n<p>Fotodermatoza to nie tylko wysypka, a jej g\u0142\u00f3wn\u0105 przyczyn\u0105 jest \u2013 jak ju\u017c wspomnia\u0142am \u2013 ekspozycja sk\u00f3ry na promieniowanie s\u0142oneczne. G\u0142\u00f3wny pow\u00f3d, czyli s\u0142o\u0144ce, sam w sobie nie wywo\u0142a zmian na sk\u00f3rze, je\u015bli nie b\u0119dzie przyczyn wsp\u00f3\u0142wyst\u0119puj\u0105cych. Dzi\u0119ki po\u0142\u0105czeniu tych dw\u00f3ch informacji mo\u017cemy rozr\u00f3\u017cni\u0107 kilka rodzaj\u00f3w fotodermatoz: idiopatyczne, fotodermatozy o czynniku wyzwalaj\u0105cym oraz tzw. przetrwa\u0142a fotowra\u017cliwo\u015b\u0107<a href=\"applewebdata:\/\/943D9142-A0C5-4399-A1E8-9C9775355A0A#_edn1\"><sup>[i]<\/sup><\/a>.<\/p>\n\n\n\n<h3 class=\"wp-block-heading\">Fotodermatozy idiopatyczne&nbsp;<\/h3>\n\n\n\n<p>Jak ju\u017c wspomnia\u0142am, fotodermatoza idiopatyczna to silna reakcja alergiczna sk\u00f3ry na \u015bwiat\u0142o s\u0142oneczne, kt\u00f3rej pod\u0142o\u017ca nie znamy. Jej objawy na sk\u00f3rze to:<\/p>\n\n\n\n<ul class=\"wp-block-list\">\n<li>wielopostaciowe osutki \u015bwietlne (monomorficzne grudki, zmiany grudkowo-p\u0119cherzykowe lub tarczki),<\/li>\n\n\n\n<li>pokrzywka s\u0142oneczna,<\/li>\n\n\n\n<li>opryszczki osp\u00f3wkowate (jak p\u0119cherze, strupy krwotoczne, blizny przypominaj\u0105ce osp\u0119 prawdziw\u0105),&nbsp;<\/li>\n\n\n\n<li>\u015bwierzbi\u0105czka letnia (sw\u0119dz\u0105ce grudki, blaszki, lichenizacja).<\/li>\n<\/ul>\n\n\n\n<h3 class=\"wp-block-heading\">Fotodermatozy o znanym czynniku wyzwalaj\u0105cym<\/h3>\n\n\n\n<p>M\u00f3wimy o nich wtedy, gdy istnieje jaki\u015b czynnik reaguj\u0105cy ze s\u0142o\u0144cem, np. substancja chemiczna zawarta w lekach czy sk\u0142adnik kosmetyku. Objawiaj\u0105 si\u0119 nast\u0119puj\u0105co:<\/p>\n\n\n\n<ul class=\"wp-block-list\">\n<li>reakcje fototoksyczne (rumie\u0144, p\u0119cherze, oparzenie s\u0142oneczne),<\/li>\n\n\n\n<li>fotoalergiczne kontaktowe zapalenie sk\u00f3ry (miejscowe zapalenie sk\u00f3ry),<\/li>\n\n\n\n<li>fotoalergiczne zapalenie sk\u00f3ry po ekspozycji og\u00f3lnej (zapalenie sk\u00f3ry, grudki liszajowate).<\/li>\n<\/ul>\n\n\n\n<p>Jakie substancje mog\u0105 by\u0107 czynnikiem wyzwalaj\u0105cym? Jest ich wiele, dlatego skupi\u0119 si\u0119 na tych, kt\u00f3re mo\u017cemy znale\u017a\u0107 w kosmetykach. S\u0105 to np. retinoidy (czyli pochodne retinolu \u2013 witaminy A), a tak\u017ce ekstrakty z zi\u00f3\u0142 i ro\u015blin. Za fototoksyczne uwa\u017cane s\u0105 m.in.:<\/p>\n\n\n\n<ul class=\"wp-block-list\">\n<li>ekstrakt z dziurawca zwyczajnego,<\/li>\n\n\n\n<li>olejki eteryczne owoc\u00f3w cytrusowych (bergamotki, cytrus\u00f3w).<\/li>\n<\/ul>\n\n\n\n<p>Ro\u015bliny fotouczulaj\u0105ce, kt\u00f3rych ekstrakty stosowane s\u0105 w kosmetykach, to m.in.:<\/p>\n\n\n\n<ul class=\"wp-block-list\">\n<li>arnika g\u00f3rska,<\/li>\n\n\n\n<li>cykoria,<\/li>\n\n\n\n<li>krwawnik pospolity,<\/li>\n\n\n\n<li>nagietek lekarski,<\/li>\n\n\n\n<li>naw\u0142o\u0107,<\/li>\n\n\n\n<li>rumianek pospolity,<\/li>\n\n\n\n<li>s\u0142onecznik zwyczajny.<\/li>\n<\/ul>\n\n\n\n<h3 class=\"wp-block-heading\">Przetrwa\u0142a fotowra\u017cliwo\u015b\u0107<\/h3>\n\n\n\n<p>Przetrwa\u0142a, czyli pozosta\u0142a po jakim\u015b schorzeniu sk\u00f3ry, nadwra\u017cliwo\u015b\u0107 na \u015bwiat\u0142o s\u0142oneczne, pojawia si\u0119 rzadko. Mo\u017ce wyst\u0119powa\u0107 m.in. u os\u00f3b z atopowym zapaleniem sk\u00f3ry.<\/p>\n\n\n\n<p>Jak wida\u0107, bardzo istotne w leczeniu fotodermatoz, jest prawid\u0142owe zdiagnozowanie, z kt\u00f3r\u0105 z nich mamy do czynienia. Do\u015bwiadczony dermatolog z pewno\u015bci\u0105 sobie z tym poradzi.&nbsp;<\/p>\n\n\n\n<h2 class=\"wp-block-heading\">Jak zapobiec uczuleniu na s\u0142o\u0144ce?<\/h2>\n\n\n\n<p>Zanim jednak b\u0119dziemy zmuszeni leczy\u0107 fotodermatozy, warto wiedzie\u0107, \u017ce wi\u0119kszo\u015bci z nich mo\u017cna zapobiec. Mo\u017cemy unikn\u0105\u0107 uczulenia w kontakcie z promieniami UV, \u015bwiadomie podchodz\u0105c do ekspozycji naszej sk\u00f3ry na s\u0142o\u0144ce. Oto kilka wskaz\u00f3wek:<\/p>\n\n\n\n<ol class=\"wp-block-list\">\n<li>Ograniczmy czas sp\u0119dzany na s\u0142o\u0144cu, szczeg\u00f3lnie w godzinach najwi\u0119kszej jego aktywno\u015bci (10:00-15:00).<\/li>\n\n\n\n<li>Stosujmy kremy z wysokim filtrem SPF, kt\u00f3re chroni\u0105 przed promieniowaniem UVA i UVB.<\/li>\n\n\n\n<li>No\u015bmy odzie\u017c ochronn\u0105, tak\u0105 jak kapelusze z szerokim rondem, okulary przeciws\u0142oneczne (koniecznie z filtrem UV) i ubrania z d\u0142ugimi r\u0119kawami.<\/li>\n\n\n\n<li>Unikajmy stosowania kosmetyk\u00f3w i lek\u00f3w, kt\u00f3re nie zawieraj\u0105 substancji fotouczulaj\u0105cych. A je\u015bli ju\u017c musimy je stosowa\u0107 (np. jeste\u015bmy w trakcie kuracji retinoidami), aplikujmy je tylko na noc, a w dzie\u0144 stosujmy wzmo\u017con\u0105 i wysok\u0105 ochron\u0119 SPF.<\/li>\n<\/ol>\n\n\n\n<h2 class=\"wp-block-heading\">Co \u0142agodzi podra\u017cnienie sk\u00f3ry z powodu s\u0142o\u0144ca?<\/h2>\n\n\n\n<p>Je\u015bli mimo \u015brodk\u00f3w zapobiegawczych dojdzie do wyst\u0105pienia reakcji alergicznej na s\u0142o\u0144ce, warto zastosowa\u0107 sposoby \u0142agodz\u0105ce te objawy. Oczywi\u015bcie, pod warunkiem \u017ce nie s\u0105 to fotodermatozy o zaostrzonym charakterze. Jak ukoi\u0107 nasz\u0105 sk\u00f3r\u0119?<\/p>\n\n\n\n<p>Zanim si\u0119gniemy po \u015brodki apteczne czy medyczne, warto zajrze\u0107 do naszej kosmetyczki. Dobry,&nbsp;<a href=\"https:\/\/resibo.pl\/produkt\/278\/velvet-skin-odzywczy-balsam-do-ciala\">naturalny balsam do cia\u0142a<\/a>&nbsp;powinien zawiera\u0107 sk\u0142adniki nawil\u017caj\u0105ce i koj\u0105ce, kt\u00f3re pomog\u0105 z\u0142agodzi\u0107 pierwsze objawy. Z typowo domowych metod \u015bwietnie sprawdza si\u0119 stary dobry aloes. Przy silniejszych dolegliwo\u015bciach pomog\u0105 ma\u015bci zawieraj\u0105ce hydrokortyzon, ale pami\u0119tajmy, \u017ce uczulenie na s\u0142o\u0144ce to nie jest zwyk\u0142e poparzenie, dlatego lepiej nie eksperymentowa\u0107. W ci\u0119\u017cszych przypadkach konieczna jest konsultacja z lekarzem, kt\u00f3ry przepisze silniejsze preparaty.<\/p>\n\n\n\n<hr class=\"wp-block-separator has-alpha-channel-opacity\"\/>\n\n\n\n<p><a href=\"applewebdata:\/\/943D9142-A0C5-4399-A1E8-9C9775355A0A#_ednref1\"><sup>[i]<\/sup><\/a>&nbsp;Lehmann P., Fotodermatozy, t\u0142umaczenie: Aleksandra Lesiak, online:&nbsp;<a href=\"https:\/\/www.docsity.com\/pl\/fotodermatozy\/9538641\/\">https:\/\/www.docsity.com\/pl\/fotodermatozy\/9538641\/<\/a>, dost\u0119p: 22.02.2024<\/p>\n<\/div><!-- .vgblk-rw-wrapper -->","protected":false},"excerpt":{"rendered":"<p>Uczulenie na s\u0142o\u0144ce \u2013 jak mo\u017cna je rozpozna\u0107? Promienie s\u0142oneczne s\u0105 nieod\u0142\u0105cznym elementem ciep\u0142ych, letnich dni, przynosz\u0105cym wiele korzy\u015bci, takich jak produkcja witaminy D3, niezb\u0119dnej do funkcjonowania naszego organizmu. Jednak nie dla wszystkich ekspozycja na s\u0142o\u0144ce jest bezpieczna. Uczulenie na promieniowanie UV, znane jako fotodermatoza, to problem, z kt\u00f3rym zmaga si\u0119 wiele os\u00f3b. Jak wygl\u0105da&#8230;<\/p>\n","protected":false},"author":6,"featured_media":25621,"comment_status":"open","ping_status":"open","sticky":false,"template":"","format":"standard","meta":{"footnotes":""},"categories":[161,40],"tags":[],"class_list":["post-25620","post","type-post","status-publish","format-standard","has-post-thumbnail","hentry","category-beauty","category-magda-o-pielegnacji"],"yoast_head":"<!-- This site is optimized with the Yoast SEO plugin v27.4 - https:\/\/yoast.com\/product\/yoast-seo-wordpress\/ -->\n<title>Uczulenie na s\u0142o\u0144ce. Jakie mog\u0105 by\u0107 przyczyny? - Kosmetyki naturalne Resibo<\/title>\n<meta name=\"description\" content=\"Uczulenie na s\u0142o\u0144ce (potocznie: alergia na s\u0142o\u0144ce) to do\u015b\u0107 cz\u0119sty problem. Dowiedz si\u0119, jakie mog\u0105 by\u0107 przyczyny fotodermatozy i jak si\u0119 to leczy.\" \/>\n<meta name=\"robots\" content=\"index, follow, max-snippet:-1, max-image-preview:large, max-video-preview:-1\" \/>\n<link rel=\"canonical\" href=\"https:\/\/resibo.pl\/blog\/uczulenie-na-slonce-jakie-moga-byc-przyczyny\/\" \/>\n<meta property=\"og:locale\" content=\"pl_PL\" \/>\n<meta property=\"og:type\" content=\"article\" \/>\n<meta property=\"og:title\" content=\"Uczulenie na s\u0142o\u0144ce. Jakie mog\u0105 by\u0107 przyczyny? - Kosmetyki naturalne Resibo\" \/>\n<meta property=\"og:description\" content=\"Uczulenie na s\u0142o\u0144ce (potocznie: alergia na s\u0142o\u0144ce) to do\u015b\u0107 cz\u0119sty problem. Dowiedz si\u0119, jakie mog\u0105 by\u0107 przyczyny fotodermatozy i jak si\u0119 to leczy.\" \/>\n<meta property=\"og:url\" content=\"https:\/\/resibo.pl\/blog\/uczulenie-na-slonce-jakie-moga-byc-przyczyny\/\" \/>\n<meta property=\"og:site_name\" content=\"Kosmetyki naturalne Resibo\" \/>\n<meta property=\"article:publisher\" content=\"http:\/\/facebook.com\/resiboPL\" \/>\n<meta property=\"article:published_time\" content=\"2024-03-19T08:00:27+00:00\" \/>\n<meta property=\"og:image\" content=\"https:\/\/resibo.pl\/blog\/wp-content\/uploads\/2024\/03\/uczulenie-na-slonce-krem-do-rak-resibo-spf.png\" \/>\n\t<meta property=\"og:image:width\" content=\"1500\" \/>\n\t<meta property=\"og:image:height\" content=\"1000\" \/>\n\t<meta property=\"og:image:type\" content=\"image\/png\" \/>\n<meta name=\"author\" content=\"Anita\" \/>\n<meta name=\"twitter:label1\" content=\"Napisane przez\" \/>\n\t<meta name=\"twitter:data1\" content=\"Anita\" \/>\n\t<meta name=\"twitter:label2\" content=\"Szacowany czas czytania\" \/>\n\t<meta name=\"twitter:data2\" content=\"5 minut\" \/>\n<script type=\"application\/ld+json\" class=\"yoast-schema-graph\">{\"@context\":\"https:\\\/\\\/schema.org\",\"@graph\":[{\"@type\":\"Article\",\"@id\":\"https:\\\/\\\/resibo.pl\\\/blog\\\/uczulenie-na-slonce-jakie-moga-byc-przyczyny\\\/#article\",\"isPartOf\":{\"@id\":\"https:\\\/\\\/resibo.pl\\\/blog\\\/uczulenie-na-slonce-jakie-moga-byc-przyczyny\\\/\"},\"author\":{\"name\":\"Anita\",\"@id\":\"https:\\\/\\\/resibo.pl\\\/blog\\\/#\\\/schema\\\/person\\\/ef9013c96e1204d78b18c2243ed265a9\"},\"headline\":\"Uczulenie na s\u0142o\u0144ce. Jakie mog\u0105 by\u0107 przyczyny?\",\"datePublished\":\"2024-03-19T08:00:27+00:00\",\"mainEntityOfPage\":{\"@id\":\"https:\\\/\\\/resibo.pl\\\/blog\\\/uczulenie-na-slonce-jakie-moga-byc-przyczyny\\\/\"},\"wordCount\":865,\"commentCount\":0,\"publisher\":{\"@id\":\"https:\\\/\\\/resibo.pl\\\/blog\\\/#organization\"},\"image\":{\"@id\":\"https:\\\/\\\/resibo.pl\\\/blog\\\/uczulenie-na-slonce-jakie-moga-byc-przyczyny\\\/#primaryimage\"},\"thumbnailUrl\":\"https:\\\/\\\/resibo.pl\\\/blog\\\/wp-content\\\/uploads\\\/2024\\\/03\\\/uczulenie-na-slonce-krem-do-rak-resibo-spf.png\",\"articleSection\":[\"Beauty\",\"O pielegnacji\"],\"inLanguage\":\"pl-PL\",\"potentialAction\":[{\"@type\":\"CommentAction\",\"name\":\"Comment\",\"target\":[\"https:\\\/\\\/resibo.pl\\\/blog\\\/uczulenie-na-slonce-jakie-moga-byc-przyczyny\\\/#respond\"]}]},{\"@type\":\"WebPage\",\"@id\":\"https:\\\/\\\/resibo.pl\\\/blog\\\/uczulenie-na-slonce-jakie-moga-byc-przyczyny\\\/\",\"url\":\"https:\\\/\\\/resibo.pl\\\/blog\\\/uczulenie-na-slonce-jakie-moga-byc-przyczyny\\\/\",\"name\":\"Uczulenie na s\u0142o\u0144ce. Jakie mog\u0105 by\u0107 przyczyny? - Kosmetyki naturalne Resibo\",\"isPartOf\":{\"@id\":\"https:\\\/\\\/resibo.pl\\\/blog\\\/#website\"},\"primaryImageOfPage\":{\"@id\":\"https:\\\/\\\/resibo.pl\\\/blog\\\/uczulenie-na-slonce-jakie-moga-byc-przyczyny\\\/#primaryimage\"},\"image\":{\"@id\":\"https:\\\/\\\/resibo.pl\\\/blog\\\/uczulenie-na-slonce-jakie-moga-byc-przyczyny\\\/#primaryimage\"},\"thumbnailUrl\":\"https:\\\/\\\/resibo.pl\\\/blog\\\/wp-content\\\/uploads\\\/2024\\\/03\\\/uczulenie-na-slonce-krem-do-rak-resibo-spf.png\",\"datePublished\":\"2024-03-19T08:00:27+00:00\",\"description\":\"Uczulenie na s\u0142o\u0144ce (potocznie: alergia na s\u0142o\u0144ce) to do\u015b\u0107 cz\u0119sty problem. Dowiedz si\u0119, jakie mog\u0105 by\u0107 przyczyny fotodermatozy i jak si\u0119 to leczy.\",\"breadcrumb\":{\"@id\":\"https:\\\/\\\/resibo.pl\\\/blog\\\/uczulenie-na-slonce-jakie-moga-byc-przyczyny\\\/#breadcrumb\"},\"inLanguage\":\"pl-PL\",\"potentialAction\":[{\"@type\":\"ReadAction\",\"target\":[\"https:\\\/\\\/resibo.pl\\\/blog\\\/uczulenie-na-slonce-jakie-moga-byc-przyczyny\\\/\"]}]},{\"@type\":\"ImageObject\",\"inLanguage\":\"pl-PL\",\"@id\":\"https:\\\/\\\/resibo.pl\\\/blog\\\/uczulenie-na-slonce-jakie-moga-byc-przyczyny\\\/#primaryimage\",\"url\":\"https:\\\/\\\/resibo.pl\\\/blog\\\/wp-content\\\/uploads\\\/2024\\\/03\\\/uczulenie-na-slonce-krem-do-rak-resibo-spf.png\",\"contentUrl\":\"https:\\\/\\\/resibo.pl\\\/blog\\\/wp-content\\\/uploads\\\/2024\\\/03\\\/uczulenie-na-slonce-krem-do-rak-resibo-spf.png\",\"width\":1500,\"height\":1000,\"caption\":\"d\u0142o\u0144 wyciska krem spr na d\u0142o\u0144\"},{\"@type\":\"BreadcrumbList\",\"@id\":\"https:\\\/\\\/resibo.pl\\\/blog\\\/uczulenie-na-slonce-jakie-moga-byc-przyczyny\\\/#breadcrumb\",\"itemListElement\":[{\"@type\":\"ListItem\",\"position\":1,\"name\":\"Strona g\u0142\u00f3wna\",\"item\":\"https:\\\/\\\/resibo.pl\\\/blog\\\/\"},{\"@type\":\"ListItem\",\"position\":2,\"name\":\"Uczulenie na s\u0142o\u0144ce. Jakie mog\u0105 by\u0107 przyczyny?\"}]},{\"@type\":\"WebSite\",\"@id\":\"https:\\\/\\\/resibo.pl\\\/blog\\\/#website\",\"url\":\"https:\\\/\\\/resibo.pl\\\/blog\\\/\",\"name\":\"Kosmetyki naturalne Resibo\",\"description\":\"\",\"publisher\":{\"@id\":\"https:\\\/\\\/resibo.pl\\\/blog\\\/#organization\"},\"potentialAction\":[{\"@type\":\"SearchAction\",\"target\":{\"@type\":\"EntryPoint\",\"urlTemplate\":\"https:\\\/\\\/resibo.pl\\\/blog\\\/?s={search_term_string}\"},\"query-input\":{\"@type\":\"PropertyValueSpecification\",\"valueRequired\":true,\"valueName\":\"search_term_string\"}}],\"inLanguage\":\"pl-PL\"},{\"@type\":\"Organization\",\"@id\":\"https:\\\/\\\/resibo.pl\\\/blog\\\/#organization\",\"name\":\"Resibo\",\"url\":\"https:\\\/\\\/resibo.pl\\\/blog\\\/\",\"logo\":{\"@type\":\"ImageObject\",\"inLanguage\":\"pl-PL\",\"@id\":\"https:\\\/\\\/resibo.pl\\\/blog\\\/#\\\/schema\\\/logo\\\/image\\\/\",\"url\":\"https:\\\/\\\/resibo.pl\\\/blog\\\/wp-content\\\/uploads\\\/2022\\\/02\\\/cropped-logo.png\",\"contentUrl\":\"https:\\\/\\\/resibo.pl\\\/blog\\\/wp-content\\\/uploads\\\/2022\\\/02\\\/cropped-logo.png\",\"width\":274,\"height\":109,\"caption\":\"Resibo\"},\"image\":{\"@id\":\"https:\\\/\\\/resibo.pl\\\/blog\\\/#\\\/schema\\\/logo\\\/image\\\/\"},\"sameAs\":[\"http:\\\/\\\/facebook.com\\\/resiboPL\",\"http:\\\/\\\/instagram.com\\\/resibobynature\"]},{\"@type\":\"Person\",\"@id\":\"https:\\\/\\\/resibo.pl\\\/blog\\\/#\\\/schema\\\/person\\\/ef9013c96e1204d78b18c2243ed265a9\",\"name\":\"Anita\",\"image\":{\"@type\":\"ImageObject\",\"inLanguage\":\"pl-PL\",\"@id\":\"https:\\\/\\\/secure.gravatar.com\\\/avatar\\\/c16c3ee787d7dac06be3101e60d7b357f40d4375278b4f1760aa8fb3114c1f93?s=96&d=mm&r=g\",\"url\":\"https:\\\/\\\/secure.gravatar.com\\\/avatar\\\/c16c3ee787d7dac06be3101e60d7b357f40d4375278b4f1760aa8fb3114c1f93?s=96&d=mm&r=g\",\"contentUrl\":\"https:\\\/\\\/secure.gravatar.com\\\/avatar\\\/c16c3ee787d7dac06be3101e60d7b357f40d4375278b4f1760aa8fb3114c1f93?s=96&d=mm&r=g\",\"caption\":\"Anita\"},\"description\":\"Anita Odachowska Zakochana w Resibo i naturalnej piel\u0119gnacji, ciekawa \u015bwiata, szanuj\u0105ca przyrod\u0119 i doceniaj\u0105ca si\u0142\u0119 ro\u015blinnych sk\u0142adnik\u00f3w, w ci\u0105g\u0142ym d\u0105\u017ceniu do co najmniej less waste.\",\"url\":\"https:\\\/\\\/resibo.pl\\\/blog\\\/author\\\/anita\\\/\"}]}<\/script>\n<!-- \/ Yoast SEO plugin. -->","yoast_head_json":{"title":"Uczulenie na s\u0142o\u0144ce. Jakie mog\u0105 by\u0107 przyczyny? - Kosmetyki naturalne Resibo","description":"Uczulenie na s\u0142o\u0144ce (potocznie: alergia na s\u0142o\u0144ce) to do\u015b\u0107 cz\u0119sty problem. Dowiedz si\u0119, jakie mog\u0105 by\u0107 przyczyny fotodermatozy i jak si\u0119 to leczy.","robots":{"index":"index","follow":"follow","max-snippet":"max-snippet:-1","max-image-preview":"max-image-preview:large","max-video-preview":"max-video-preview:-1"},"canonical":"https:\/\/resibo.pl\/blog\/uczulenie-na-slonce-jakie-moga-byc-przyczyny\/","og_locale":"pl_PL","og_type":"article","og_title":"Uczulenie na s\u0142o\u0144ce. Jakie mog\u0105 by\u0107 przyczyny? - Kosmetyki naturalne Resibo","og_description":"Uczulenie na s\u0142o\u0144ce (potocznie: alergia na s\u0142o\u0144ce) to do\u015b\u0107 cz\u0119sty problem. Dowiedz si\u0119, jakie mog\u0105 by\u0107 przyczyny fotodermatozy i jak si\u0119 to leczy.","og_url":"https:\/\/resibo.pl\/blog\/uczulenie-na-slonce-jakie-moga-byc-przyczyny\/","og_site_name":"Kosmetyki naturalne Resibo","article_publisher":"http:\/\/facebook.com\/resiboPL","article_published_time":"2024-03-19T08:00:27+00:00","og_image":[{"width":1500,"height":1000,"url":"https:\/\/resibo.pl\/blog\/wp-content\/uploads\/2024\/03\/uczulenie-na-slonce-krem-do-rak-resibo-spf.png","type":"image\/png"}],"author":"Anita","twitter_misc":{"Napisane przez":"Anita","Szacowany czas czytania":"5 minut"},"schema":{"@context":"https:\/\/schema.org","@graph":[{"@type":"Article","@id":"https:\/\/resibo.pl\/blog\/uczulenie-na-slonce-jakie-moga-byc-przyczyny\/#article","isPartOf":{"@id":"https:\/\/resibo.pl\/blog\/uczulenie-na-slonce-jakie-moga-byc-przyczyny\/"},"author":{"name":"Anita","@id":"https:\/\/resibo.pl\/blog\/#\/schema\/person\/ef9013c96e1204d78b18c2243ed265a9"},"headline":"Uczulenie na s\u0142o\u0144ce. Jakie mog\u0105 by\u0107 przyczyny?","datePublished":"2024-03-19T08:00:27+00:00","mainEntityOfPage":{"@id":"https:\/\/resibo.pl\/blog\/uczulenie-na-slonce-jakie-moga-byc-przyczyny\/"},"wordCount":865,"commentCount":0,"publisher":{"@id":"https:\/\/resibo.pl\/blog\/#organization"},"image":{"@id":"https:\/\/resibo.pl\/blog\/uczulenie-na-slonce-jakie-moga-byc-przyczyny\/#primaryimage"},"thumbnailUrl":"https:\/\/resibo.pl\/blog\/wp-content\/uploads\/2024\/03\/uczulenie-na-slonce-krem-do-rak-resibo-spf.png","articleSection":["Beauty","O pielegnacji"],"inLanguage":"pl-PL","potentialAction":[{"@type":"CommentAction","name":"Comment","target":["https:\/\/resibo.pl\/blog\/uczulenie-na-slonce-jakie-moga-byc-przyczyny\/#respond"]}]},{"@type":"WebPage","@id":"https:\/\/resibo.pl\/blog\/uczulenie-na-slonce-jakie-moga-byc-przyczyny\/","url":"https:\/\/resibo.pl\/blog\/uczulenie-na-slonce-jakie-moga-byc-przyczyny\/","name":"Uczulenie na s\u0142o\u0144ce. Jakie mog\u0105 by\u0107 przyczyny? - Kosmetyki naturalne Resibo","isPartOf":{"@id":"https:\/\/resibo.pl\/blog\/#website"},"primaryImageOfPage":{"@id":"https:\/\/resibo.pl\/blog\/uczulenie-na-slonce-jakie-moga-byc-przyczyny\/#primaryimage"},"image":{"@id":"https:\/\/resibo.pl\/blog\/uczulenie-na-slonce-jakie-moga-byc-przyczyny\/#primaryimage"},"thumbnailUrl":"https:\/\/resibo.pl\/blog\/wp-content\/uploads\/2024\/03\/uczulenie-na-slonce-krem-do-rak-resibo-spf.png","datePublished":"2024-03-19T08:00:27+00:00","description":"Uczulenie na s\u0142o\u0144ce (potocznie: alergia na s\u0142o\u0144ce) to do\u015b\u0107 cz\u0119sty problem. Dowiedz si\u0119, jakie mog\u0105 by\u0107 przyczyny fotodermatozy i jak si\u0119 to leczy.","breadcrumb":{"@id":"https:\/\/resibo.pl\/blog\/uczulenie-na-slonce-jakie-moga-byc-przyczyny\/#breadcrumb"},"inLanguage":"pl-PL","potentialAction":[{"@type":"ReadAction","target":["https:\/\/resibo.pl\/blog\/uczulenie-na-slonce-jakie-moga-byc-przyczyny\/"]}]},{"@type":"ImageObject","inLanguage":"pl-PL","@id":"https:\/\/resibo.pl\/blog\/uczulenie-na-slonce-jakie-moga-byc-przyczyny\/#primaryimage","url":"https:\/\/resibo.pl\/blog\/wp-content\/uploads\/2024\/03\/uczulenie-na-slonce-krem-do-rak-resibo-spf.png","contentUrl":"https:\/\/resibo.pl\/blog\/wp-content\/uploads\/2024\/03\/uczulenie-na-slonce-krem-do-rak-resibo-spf.png","width":1500,"height":1000,"caption":"d\u0142o\u0144 wyciska krem spr na d\u0142o\u0144"},{"@type":"BreadcrumbList","@id":"https:\/\/resibo.pl\/blog\/uczulenie-na-slonce-jakie-moga-byc-przyczyny\/#breadcrumb","itemListElement":[{"@type":"ListItem","position":1,"name":"Strona g\u0142\u00f3wna","item":"https:\/\/resibo.pl\/blog\/"},{"@type":"ListItem","position":2,"name":"Uczulenie na s\u0142o\u0144ce. Jakie mog\u0105 by\u0107 przyczyny?"}]},{"@type":"WebSite","@id":"https:\/\/resibo.pl\/blog\/#website","url":"https:\/\/resibo.pl\/blog\/","name":"Kosmetyki naturalne Resibo","description":"","publisher":{"@id":"https:\/\/resibo.pl\/blog\/#organization"},"potentialAction":[{"@type":"SearchAction","target":{"@type":"EntryPoint","urlTemplate":"https:\/\/resibo.pl\/blog\/?s={search_term_string}"},"query-input":{"@type":"PropertyValueSpecification","valueRequired":true,"valueName":"search_term_string"}}],"inLanguage":"pl-PL"},{"@type":"Organization","@id":"https:\/\/resibo.pl\/blog\/#organization","name":"Resibo","url":"https:\/\/resibo.pl\/blog\/","logo":{"@type":"ImageObject","inLanguage":"pl-PL","@id":"https:\/\/resibo.pl\/blog\/#\/schema\/logo\/image\/","url":"https:\/\/resibo.pl\/blog\/wp-content\/uploads\/2022\/02\/cropped-logo.png","contentUrl":"https:\/\/resibo.pl\/blog\/wp-content\/uploads\/2022\/02\/cropped-logo.png","width":274,"height":109,"caption":"Resibo"},"image":{"@id":"https:\/\/resibo.pl\/blog\/#\/schema\/logo\/image\/"},"sameAs":["http:\/\/facebook.com\/resiboPL","http:\/\/instagram.com\/resibobynature"]},{"@type":"Person","@id":"https:\/\/resibo.pl\/blog\/#\/schema\/person\/ef9013c96e1204d78b18c2243ed265a9","name":"Anita","image":{"@type":"ImageObject","inLanguage":"pl-PL","@id":"https:\/\/secure.gravatar.com\/avatar\/c16c3ee787d7dac06be3101e60d7b357f40d4375278b4f1760aa8fb3114c1f93?s=96&d=mm&r=g","url":"https:\/\/secure.gravatar.com\/avatar\/c16c3ee787d7dac06be3101e60d7b357f40d4375278b4f1760aa8fb3114c1f93?s=96&d=mm&r=g","contentUrl":"https:\/\/secure.gravatar.com\/avatar\/c16c3ee787d7dac06be3101e60d7b357f40d4375278b4f1760aa8fb3114c1f93?s=96&d=mm&r=g","caption":"Anita"},"description":"Anita Odachowska Zakochana w Resibo i naturalnej piel\u0119gnacji, ciekawa \u015bwiata, szanuj\u0105ca przyrod\u0119 i doceniaj\u0105ca si\u0142\u0119 ro\u015blinnych sk\u0142adnik\u00f3w, w ci\u0105g\u0142ym d\u0105\u017ceniu do co najmniej less waste.","url":"https:\/\/resibo.pl\/blog\/author\/anita\/"}]}},"_links":{"self":[{"href":"https:\/\/resibo.pl\/blog\/wp-json\/wp\/v2\/posts\/25620","targetHints":{"allow":["GET"]}}],"collection":[{"href":"https:\/\/resibo.pl\/blog\/wp-json\/wp\/v2\/posts"}],"about":[{"href":"https:\/\/resibo.pl\/blog\/wp-json\/wp\/v2\/types\/post"}],"author":[{"embeddable":true,"href":"https:\/\/resibo.pl\/blog\/wp-json\/wp\/v2\/users\/6"}],"replies":[{"embeddable":true,"href":"https:\/\/resibo.pl\/blog\/wp-json\/wp\/v2\/comments?post=25620"}],"version-history":[{"count":1,"href":"https:\/\/resibo.pl\/blog\/wp-json\/wp\/v2\/posts\/25620\/revisions"}],"predecessor-version":[{"id":25622,"href":"https:\/\/resibo.pl\/blog\/wp-json\/wp\/v2\/posts\/25620\/revisions\/25622"}],"wp:featuredmedia":[{"embeddable":true,"href":"https:\/\/resibo.pl\/blog\/wp-json\/wp\/v2\/media\/25621"}],"wp:attachment":[{"href":"https:\/\/resibo.pl\/blog\/wp-json\/wp\/v2\/media?parent=25620"}],"wp:term":[{"taxonomy":"category","embeddable":true,"href":"https:\/\/resibo.pl\/blog\/wp-json\/wp\/v2\/categories?post=25620"},{"taxonomy":"post_tag","embeddable":true,"href":"https:\/\/resibo.pl\/blog\/wp-json\/wp\/v2\/tags?post=25620"}],"curies":[{"name":"wp","href":"https:\/\/api.w.org\/{rel}","templated":true}]}}