{"id":25643,"date":"2024-03-28T09:00:00","date_gmt":"2024-03-28T08:00:00","guid":{"rendered":"https:\/\/resibo.pl\/blog\/?p=25643"},"modified":"2024-04-11T14:15:25","modified_gmt":"2024-04-11T12:15:25","slug":"zniszczone-wlosy-jak-je-pielegnowac","status":"publish","type":"post","link":"https:\/\/resibo.pl\/blog\/zniszczone-wlosy-jak-je-pielegnowac\/","title":{"rendered":"Zniszczone w\u0142osy \u2013 jak je piel\u0119gnowa\u0107?"},"content":{"rendered":"<div class=\"vgblk-rw-wrapper limit-wrapper\">\n<h1 class=\"wp-block-heading\">Czy da si\u0119 uratowa\u0107 zniszczone w\u0142osy?<\/h1>\n\n\n\n<p><strong>D\u0105\u017c\u0105c do idealnego wygl\u0105du w\u0142os\u00f3w, si\u0119gamy po r\u00f3\u017cne zabiegi i kosmetyki, kt\u00f3re nie zawsze im s\u0142u\u017c\u0105. Czasami, niestety, winny jest czynnik ludzki, czyli na przyk\u0142ad niedo\u015bwiadczony fryzjer. Czy zniszczone w\u0142osy po keratynowym prostowaniu, rozja\u015bnianiu, czy nawet codziennym u\u017cywaniu prostownicy, mog\u0105 zosta\u0107 uratowane? Odpowied\u017a brzmi: tak. Ale zacznijmy od pocz\u0105tku.<\/strong><\/p>\n\n\n\n<h2 class=\"wp-block-heading\">Co niszczy w\u0142osy?<\/h2>\n\n\n\n<p>Jest wiele czynnik\u00f3w, kt\u00f3re niszcz\u0105 nasze w\u0142osy. Pocz\u0105wszy od tarcia w\u0142os\u00f3w o ubrania i nasz\u0105 sk\u00f3r\u0119 (dotyczy w\u0142os\u00f3w d\u0142ugich), a\u017c po zabiegi, kt\u00f3re maj\u0105 poprawi\u0107 ich stan, ale \u2013 \u017ale wykonane \u2013 tylko go pogarszaj\u0105. Poni\u017cej zebra\u0142am kilka cz\u0119stych przyczyn niszczenia w\u0142os\u00f3w.<\/p>\n\n\n\n<h3 class=\"wp-block-heading\">Zabiegi chemiczne<\/h3>\n\n\n\n<p>Farbowanie, rozja\u015bnianie, trwa\u0142a ondulacja to cz\u0119ste zabiegi kosmetyczne, kt\u00f3re mog\u0105 negatywnie wp\u0142yn\u0105\u0107 na struktur\u0119 w\u0142osa. Chemikalia u\u017cywane w tych procesach mog\u0105 os\u0142abi\u0107 pasma, prowadz\u0105c do ich \u0142amliwo\u015bci, sucho\u015bci oraz zniszczenia. Rzadziej s\u0142yszymy o zniszczeniu w\u0142os\u00f3w po keratynowym prostowaniu. W teorii ten zabieg nie tylko prostuje, ale te\u017c regeneruje i wzmacnia w\u0142osy. W praktyce, je\u015bli mamy pecha i trafimy na niedo\u015bwiadczonego (lub kiepskiego) fryzjera, mo\u017ce si\u0119 okaza\u0107, \u017ce rezultat b\u0119dzie przeciwny do oczekiwa\u0144.<\/p>\n\n\n\n<h3 class=\"wp-block-heading\">Ciep\u0142o<\/h3>\n\n\n\n<p>W\u0142osy nie lubi\u0105 ciep\u0142a, a gor\u0105ca prostownica to jeden z najwa\u017cniejszych element\u00f3w keratynowego prostowania. Zbyt wysoka temperatura mo\u017ce zniszczy\u0107 w\u0142osy. Z tego powodu stosowanie narz\u0119dzi do stylizacji na ciep\u0142o, takich jak suszarki, prostownice czy lok\u00f3wki, jest odradzane. Mog\u0105 one bowiem prowadzi\u0107 do przesuszenia w\u0142os\u00f3w, utraty ich naturalnego blasku oraz zwi\u0119kszonej \u0142amliwo\u015bci. Zniszczone w\u0142osy od prostownicy, czy innych urz\u0105dze\u0144 termicznych, to cz\u0119sty problem.<\/p>\n\n\n\n<h3 class=\"wp-block-heading\">Uszkodzenia mechaniczne<\/h3>\n\n\n\n<p>Wspomnia\u0142am o tarciu w\u0142os\u00f3w o ubrania. To zalicza si\u0119 do mechanicznych uszkodze\u0144 w\u0142os\u00f3w, podobnie jak szczotkowanie mokrych w\u0142os\u00f3w, zbyt mocne ich wi\u0105zanie, czy ci\u0105g\u0142e noszenie ciasnych fryzur.&nbsp;&nbsp;Dzia\u0142ania te mechanicznie uszkadzaj\u0105 w\u0142osy i prowadz\u0105 do ich zniszczenia. Szczeg\u00f3lnie nara\u017cone na takie uszkodzenia s\u0105 ko\u0144c\u00f3wki w\u0142os\u00f3w, kt\u00f3re \u0142atwo si\u0119 rozdwajaj\u0105.<\/p>\n\n\n\n<h3 class=\"wp-block-heading\">Niew\u0142a\u015bciwa piel\u0119gnacja<\/h3>\n\n\n\n<p>Uszkadza\u0107 w\u0142osy mog\u0105 tak\u017ce nieodpowiednie kosmetyki do ich piel\u0119gnacji, np. szampony zawieraj\u0105ce silne detergenty, kt\u00f3re pozbawiaj\u0105 w\u0142osy naturalnej ochrony i nawil\u017cenia. Do podatno\u015bci na zniszczenia mo\u017ce prowadzi\u0107 tak\u017ce brak regularnego nawil\u017cania i od\u017cywiania w\u0142os\u00f3w.<\/p>\n\n\n\n<h3 class=\"wp-block-heading\">Czynniki \u015brodowiskowe<\/h3>\n\n\n\n<p>W\u0142osy nie s\u0105 oboj\u0119tne na czynniki, takie jak s\u0142o\u0144ce, wiatr, zanieczyszczenia \u015brodowiska, czy chlorowana woda w basenach. Promieniowanie UV mo\u017ce na przyk\u0142ad prowadzi\u0107 do wyblakni\u0119cia koloru, sucho\u015bci oraz zniszczenia struktury w\u0142osa.<\/p>\n\n\n\n<h3 class=\"wp-block-heading\">Dieta i stan zdrowia<\/h3>\n\n\n\n<p>Cz\u0119sto si\u0119 s\u0142yszy rady dawne osobom, kt\u00f3re narzekaj\u0105 na problemy z w\u0142osami, by zadba\u0142y o swoj\u0105 diet\u0119. To bardzo wa\u017cne rady. Dieta uboga w niezb\u0119dne witaminy i minera\u0142y ma bardzo silny zwi\u0105zek ze stanem naszej sk\u00f3ry i w\u0142os\u00f3w. Podobnie nasze problemy zdrowotne, je\u015bli os\u0142abiaj\u0105 organizm, to z du\u017cym prawdopodobie\u0144stwem mog\u0105 r\u00f3wnie\u017c os\u0142abi\u0107 w\u0142osy.<\/p>\n\n\n\n<h2 class=\"wp-block-heading\">Jak uratowa\u0107 zniszczone w\u0142osy?<\/h2>\n\n\n\n<p>Na szcz\u0119\u015bcie zniszczone w\u0142osy nie s\u0105 wyrokiem, a odpowiednia piel\u0119gnacja mo\u017ce przynie\u015b\u0107 zaskakuj\u0105co pozytywne efekty. Tylko w skrajnych przypadkach konieczne b\u0119dzie ich \u015bci\u0119cie. Zanim jednak do tego dojdzie, warto skorzysta\u0107 ze sprawdzonych metod ratowania w\u0142os\u00f3w, kt\u00f3re pomog\u0105 przywr\u00f3ci\u0107 im zdrowie i si\u0142\u0119.<\/p>\n\n\n\n<h3 class=\"wp-block-heading\">Domowe sposoby na zniszczone w\u0142osy<\/h3>\n\n\n\n<ul class=\"wp-block-list\">\n<li>Olejowanie w\u0142os\u00f3w<\/li>\n<\/ul>\n\n\n\n<p>Regularne stosowanie naturalnych olej\u00f3w, takich jak kokosowy, arganowy, czy jojoba, a nawet dost\u0119pne w ka\u017cdym domu olej rzepakowy i oliwa z oliwek, g\u0142\u0119boko nawil\u017caj\u0105 w\u0142osy, poprawiaj\u0105 ich elastyczno\u015b\u0107 oraz chroni\u0105 przed szkodliwymi czynnikami zewn\u0119trznymi. Wa\u017cne jednak, aby dobra\u0107 olej do stopnia porowato\u015bci naszych w\u0142os\u00f3w.&nbsp;<\/p>\n\n\n\n<ul class=\"wp-block-list\">\n<li>Maski z naturalnych sk\u0142adnik\u00f3w<\/li>\n<\/ul>\n\n\n\n<p>Produkty z naszej lod\u00f3wki, takie jak awokado czy banan, dostarczaj\u0105 w\u0142osom niezb\u0119dnych sk\u0142adnik\u00f3w od\u017cywczych, pomagaj\u0105c w ich regeneracji. S\u0105 bogate w witaminy, minera\u0142y i t\u0142uszcze, kt\u00f3re s\u0105 niezb\u0119dne do odbudowy uszkodzonych w\u0142os\u00f3w.<\/p>\n\n\n\n<ul class=\"wp-block-list\">\n<li>Ograniczenie gor\u0105cego powietrza i ciep\u0142a<\/li>\n<\/ul>\n\n\n\n<p>Unikajmy stosowania suszarek, prostownic i lok\u00f3wek na wysokich temperaturach. Je\u015bli ju\u017c musimy ich u\u017cywa\u0107, zawsze aplikujmy produkty termoochronne i ustawiajmy mo\u017cliwie jak najni\u017csze temperatury.<\/p>\n\n\n\n<h3 class=\"wp-block-heading\">Zabiegi w salonie fryzjerskim<\/h3>\n\n\n\n<ul class=\"wp-block-list\">\n<li>Keratynowe odbudowywanie w\u0142os\u00f3w<\/li>\n<\/ul>\n\n\n\n<p>To profesjonalny zabieg, kt\u00f3ry wype\u0142nia ubytki w strukturze w\u0142os\u00f3w, przywracaj\u0105c im g\u0142adko\u015b\u0107 i blask. Jest szczeg\u00f3lnie polecany dla w\u0142os\u00f3w zniszczonych, pusz\u0105cych si\u0119 i trudnych do u\u0142o\u017cenia. Dlaczego wi\u0119c zdarza si\u0119, \u017ce rezultaty takiego zabiegu s\u0105 odwrotne do obiecywanych i oczekiwanych?<\/p>\n\n\n\n<p>C\u00f3\u017c, warto w tym miejscu doda\u0107, \u017ce jak w przypadku wielu zawod\u00f3w, tak\u017ce i fryzjer fryzjerowi nier\u00f3wny. Je\u015bli keratynowe prostowanie w\u0142os\u00f3w zostanie wykonane nieprawid\u0142owo, np. z u\u017cyciem zbyt wysokiej temperatury prostownicy, zamiast poprawi\u0107 ich wygl\u0105d, mo\u017ce je uszkodzi\u0107.&nbsp;<\/p>\n\n\n\n<p>Co zrobi\u0107, gdy mamy zniszczone w\u0142osy po keratynowym prostowaniu? Oczywi\u015bcie, najpierw z\u0142o\u017cy\u0107 reklamacj\u0119, cho\u0107 nie polecam ratowania w\u0142os\u00f3w u tego samego specjalisty. Poszukajmy fryzjera, kt\u00f3ry oferuje zabiegi odbudowuj\u0105ce w\u0142osy.&nbsp;<\/p>\n\n\n\n<ul class=\"wp-block-list\">\n<li>G\u0142\u0119bokie od\u017cywianie w\u0142os\u00f3w<\/li>\n<\/ul>\n\n\n\n<p>Pisz\u0105c o g\u0142\u0119bokim od\u017cywianiu w\u0142os\u00f3w, mam na my\u015bli zabieg stosuj\u0105cy silnie skoncentrowane naturalne sk\u0142adniki, takie jak kolagen, keratyna, kwas hialuronowy i nierzadko olej arganowy do g\u0142\u0119bokiego od\u017cywiania i odbudowy w\u0142os\u00f3w. Preparaty takie najpierw otwieraj\u0105 \u0142uski w\u0142osa, aby sk\u0142adniki od\u017cywcze mog\u0142y wnikn\u0105\u0107 w jego struktur\u0119, a nast\u0119pnie je domykaj\u0105. Nie chc\u0119 wymienia\u0107 nazwy tego zabiegu, ze wzgl\u0119du na zmian\u0119 przepis\u00f3w prawnych. Jest ona cz\u0119sto kojarzona z medycyn\u0105 estetyczn\u0105, ale w rzeczywisto\u015bci nie ma z ni\u0105 nic wsp\u00f3lnego.<\/p>\n\n\n\n<ul class=\"wp-block-list\">\n<li>Saunowanie w\u0142os\u00f3w<\/li>\n<\/ul>\n\n\n\n<p>Sauna w salonie fryzjerskim? Tak, to mo\u017cliwe. Specjalne urz\u0105dzenia emituj\u0105 par\u0119 wodn\u0105 tylko na w\u0142osy i sk\u00f3r\u0119 g\u0142owy. Dzi\u0119ki temu, po uprzednim ich umyciu i aplikacji regeneruj\u0105cych oraz od\u017cywczych kosmetyk\u00f3w, za pomoc\u0105 podwy\u017cszonej temperatury i pary wodnej, umo\u017cliwiamy ich wnikni\u0119cie w struktur\u0119 w\u0142osa. W temperaturze oko\u0142o 40 stopni Celsjusza \u0142uski w\u0142osa otwieraj\u0105 si\u0119, co umo\u017cliwia g\u0142\u0119bsze przenikni\u0119cie sk\u0142adnik\u00f3w od\u017cywczych. Po sp\u0142ukaniu ch\u0142odn\u0105 wod\u0105 \u0142uski zamykaj\u0105 si\u0119, a aktywne sk\u0142adniki wnikaj\u0105 w struktur\u0119 w\u0142os\u00f3w, co wzmacnia i przed\u0142u\u017ca ich dzia\u0142anie na uszkodzone pasma.<\/p>\n\n\n\n<ul class=\"wp-block-list\">\n<li>Piel\u0119gnica<\/li>\n<\/ul>\n\n\n\n<p>Nie, tu nie chodzi o urocz\u0105 rybk\u0119 akwariow\u0105. Piel\u0119gnica do w\u0142os\u00f3w to urz\u0105dzenie przypominaj\u0105ce wygl\u0105dem i sposobem stosowania prostownic\u0119, kt\u00f3re jednak zamiast ciep\u0142a emituje ultrad\u017awi\u0119ki i podczerwie\u0144. Umo\u017cliwia ona dog\u0142\u0119bne wprowadzenie na\u0142o\u017conych uprzednio kosmetyk\u00f3w w g\u0142\u0105b w\u0142osa. Zabiegi z u\u017cyciem piel\u0119gnicy s\u0105 cz\u0119sto rekomendowane przez fryzjer\u00f3w jako metoda odbudowy w\u0142os\u00f3w z u\u017cyciem wysokiej jako\u015bci produkt\u00f3w regeneracyjnych. Mo\u017cna j\u0105 r\u00f3wnie\u017c stosowa\u0107 w domu.<\/p>\n\n\n\n<h2 class=\"wp-block-heading\">Jak piel\u0119gnowa\u0107 zniszczone w\u0142osy?<\/h2>\n\n\n\n<p>Zniszczone w\u0142osy wymagaj\u0105 cierpliwo\u015bci i systematycznej piel\u0119gnacji, ale dzi\u0119ki determinacji mo\u017cna osi\u0105gn\u0105\u0107 znacz\u0105c\u0105 popraw\u0119 ich kondycji. Pami\u0119tajmy o bardzo wa\u017cnym aspekcie \u2013 zdrowe w\u0142osy zaczynaj\u0105 si\u0119 od \u015brodka, dlatego wa\u017cna jest r\u00f3wnie\u017c zbilansowana dieta bogata w witaminy i minera\u0142y, wspieraj\u0105ca ich wzrost i regeneracj\u0119. Opr\u00f3cz tego zwracajmy uwag\u0119 na elementy, takie jak:<\/p>\n\n\n\n<ul class=\"wp-block-list\">\n<li>delikatne mycie naturalnymi kosmetykami,<\/li>\n\n\n\n<li>regularne podcinanie ko\u0144c\u00f3wek,<\/li>\n\n\n\n<li>ochrona przed czynnikami zewn\u0119trznymi.<\/li>\n<\/ul>\n\n\n\n<h2 class=\"wp-block-heading\">Kosmetyki na zniszczone w\u0142osy \u2013 co si\u0119 przyda?<\/h2>\n\n\n\n<p>Je\u015bli nasze w\u0142osy maj\u0105 \u0142atwo\u015b\u0107 ulegania r\u00f3\u017cnego rodzaju uszkodzeniom, s\u0105 przesuszone albo os\u0142abione, warto mie\u0107 w \u0142azience kilka kosmetyk\u00f3w, kt\u00f3re pomog\u0105 je wzmocni\u0107 i odbudowa\u0107. Oto kilka propozycji:<\/p>\n\n\n\n<ul class=\"wp-block-list\">\n<li>od\u017cywki i maski regeneruj\u0105ce, szczeg\u00f3lnie&nbsp;<a href=\"https:\/\/resibo.pl\/produkt\/216\/odzywka-proteinowa\">od\u017cywki zawieraj\u0105ce proteiny<\/a>&nbsp;i maski, kt\u00f3re stanowi\u0105&nbsp;<a href=\"https:\/\/resibo.pl\/produkt\/262\/glossom-maska-olejowa-do-wlosow\">gotowe preparaty do olejowania w\u0142os\u00f3w<\/a>,<\/li>\n\n\n\n<li>serum na ko\u0144c\u00f3wki, kt\u00f3re pomaga zapobiega\u0107 rozdwajaniu si\u0119 ko\u0144c\u00f3wek i chroni przed dalszymi uszkodzeniami,<\/li>\n\n\n\n<li>spreje termoochronne \u2013 warto je mie\u0107 pod r\u0119k\u0105, je\u015bli regularnie u\u017cywamy narz\u0119dzi do stylizacji na ciep\u0142o.<\/li>\n<\/ul>\n\n\n\n<p>Czy zniszczone w\u0142osy odrastaj\u0105? Zdecydowanie tak, ale nasza cierpliwo\u015b\u0107 i konsekwencja w dbaniu o nie to klucz do sukcesu. Podpowiedzia\u0142am wiele r\u00f3\u017cnych pomys\u0142\u00f3w, warto jednak pami\u0119ta\u0107, \u017ce ka\u017cde w\u0142osy s\u0105 inne, wi\u0119c czasem trzeba eksperymentowa\u0107 z r\u00f3\u017cnymi metodami, aby znale\u017a\u0107 rozwi\u0105zanie najlepsze dla siebie. A bywa i tak, \u017ce trzeba skapitulowa\u0107 i uda\u0107 si\u0119 po pomoc do profesjonalisty, czyli do trychologa.<\/p>\n<\/div><!-- .vgblk-rw-wrapper -->","protected":false},"excerpt":{"rendered":"<p>Czy da si\u0119 uratowa\u0107 zniszczone w\u0142osy? D\u0105\u017c\u0105c do idealnego wygl\u0105du w\u0142os\u00f3w, si\u0119gamy po r\u00f3\u017cne zabiegi i kosmetyki, kt\u00f3re nie zawsze im s\u0142u\u017c\u0105. Czasami, niestety, winny jest czynnik ludzki, czyli na przyk\u0142ad niedo\u015bwiadczony fryzjer. Czy zniszczone w\u0142osy po keratynowym prostowaniu, rozja\u015bnianiu, czy nawet codziennym u\u017cywaniu prostownicy, mog\u0105 zosta\u0107 uratowane? Odpowied\u017a brzmi: tak. Ale zacznijmy od pocz\u0105tku&#8230;.<\/p>\n","protected":false},"author":6,"featured_media":26108,"comment_status":"open","ping_status":"open","sticky":false,"template":"","format":"standard","meta":{"footnotes":""},"categories":[161,40],"tags":[],"class_list":["post-25643","post","type-post","status-publish","format-standard","has-post-thumbnail","hentry","category-beauty","category-magda-o-pielegnacji"],"yoast_head":"<!-- This site is optimized with the Yoast SEO plugin v27.4 - https:\/\/yoast.com\/product\/yoast-seo-wordpress\/ -->\n<title>Zniszczone w\u0142osy \u2013 jak je piel\u0119gnowa\u0107? - Kosmetyki naturalne Resibo<\/title>\n<meta name=\"description\" content=\"Zniszczone w\u0142osy wymagaj\u0105 szczeg\u00f3lnej piel\u0119gnacji. Dowiedz si\u0119, jakie zabiegi i kosmetyki do w\u0142os\u00f3w pomog\u0105 przywr\u00f3ci\u0107 zdrowy wygl\u0105d i blask.\" \/>\n<meta name=\"robots\" content=\"index, follow, max-snippet:-1, max-image-preview:large, max-video-preview:-1\" \/>\n<link rel=\"canonical\" href=\"https:\/\/resibo.pl\/blog\/zniszczone-wlosy-jak-je-pielegnowac\/\" \/>\n<meta property=\"og:locale\" content=\"pl_PL\" \/>\n<meta property=\"og:type\" content=\"article\" \/>\n<meta property=\"og:title\" content=\"Zniszczone w\u0142osy \u2013 jak je piel\u0119gnowa\u0107? - Kosmetyki naturalne Resibo\" \/>\n<meta property=\"og:description\" content=\"Zniszczone w\u0142osy wymagaj\u0105 szczeg\u00f3lnej piel\u0119gnacji. Dowiedz si\u0119, jakie zabiegi i kosmetyki do w\u0142os\u00f3w pomog\u0105 przywr\u00f3ci\u0107 zdrowy wygl\u0105d i blask.\" \/>\n<meta property=\"og:url\" content=\"https:\/\/resibo.pl\/blog\/zniszczone-wlosy-jak-je-pielegnowac\/\" \/>\n<meta property=\"og:site_name\" content=\"Kosmetyki naturalne Resibo\" \/>\n<meta property=\"article:publisher\" content=\"http:\/\/facebook.com\/resiboPL\" \/>\n<meta property=\"article:published_time\" content=\"2024-03-28T08:00:00+00:00\" \/>\n<meta property=\"article:modified_time\" content=\"2024-04-11T12:15:25+00:00\" \/>\n<meta property=\"og:image\" content=\"https:\/\/resibo.pl\/blog\/wp-content\/uploads\/2024\/03\/Frame-2.jpg\" \/>\n\t<meta property=\"og:image:width\" content=\"1500\" \/>\n\t<meta property=\"og:image:height\" content=\"1000\" \/>\n\t<meta property=\"og:image:type\" content=\"image\/jpeg\" \/>\n<meta name=\"author\" content=\"Anita\" \/>\n<meta name=\"twitter:label1\" content=\"Napisane przez\" \/>\n\t<meta name=\"twitter:data1\" content=\"Anita\" \/>\n\t<meta name=\"twitter:label2\" content=\"Szacowany czas czytania\" \/>\n\t<meta name=\"twitter:data2\" content=\"7 minut\" \/>\n<script type=\"application\/ld+json\" class=\"yoast-schema-graph\">{\"@context\":\"https:\\\/\\\/schema.org\",\"@graph\":[{\"@type\":\"Article\",\"@id\":\"https:\\\/\\\/resibo.pl\\\/blog\\\/zniszczone-wlosy-jak-je-pielegnowac\\\/#article\",\"isPartOf\":{\"@id\":\"https:\\\/\\\/resibo.pl\\\/blog\\\/zniszczone-wlosy-jak-je-pielegnowac\\\/\"},\"author\":{\"name\":\"Anita\",\"@id\":\"https:\\\/\\\/resibo.pl\\\/blog\\\/#\\\/schema\\\/person\\\/ef9013c96e1204d78b18c2243ed265a9\"},\"headline\":\"Zniszczone w\u0142osy \u2013 jak je piel\u0119gnowa\u0107?\",\"datePublished\":\"2024-03-28T08:00:00+00:00\",\"dateModified\":\"2024-04-11T12:15:25+00:00\",\"mainEntityOfPage\":{\"@id\":\"https:\\\/\\\/resibo.pl\\\/blog\\\/zniszczone-wlosy-jak-je-pielegnowac\\\/\"},\"wordCount\":1492,\"commentCount\":0,\"publisher\":{\"@id\":\"https:\\\/\\\/resibo.pl\\\/blog\\\/#organization\"},\"image\":{\"@id\":\"https:\\\/\\\/resibo.pl\\\/blog\\\/zniszczone-wlosy-jak-je-pielegnowac\\\/#primaryimage\"},\"thumbnailUrl\":\"https:\\\/\\\/resibo.pl\\\/blog\\\/wp-content\\\/uploads\\\/2024\\\/03\\\/Frame-2.jpg\",\"articleSection\":[\"Beauty\",\"O pielegnacji\"],\"inLanguage\":\"pl-PL\",\"potentialAction\":[{\"@type\":\"CommentAction\",\"name\":\"Comment\",\"target\":[\"https:\\\/\\\/resibo.pl\\\/blog\\\/zniszczone-wlosy-jak-je-pielegnowac\\\/#respond\"]}]},{\"@type\":\"WebPage\",\"@id\":\"https:\\\/\\\/resibo.pl\\\/blog\\\/zniszczone-wlosy-jak-je-pielegnowac\\\/\",\"url\":\"https:\\\/\\\/resibo.pl\\\/blog\\\/zniszczone-wlosy-jak-je-pielegnowac\\\/\",\"name\":\"Zniszczone w\u0142osy \u2013 jak je piel\u0119gnowa\u0107? - Kosmetyki naturalne Resibo\",\"isPartOf\":{\"@id\":\"https:\\\/\\\/resibo.pl\\\/blog\\\/#website\"},\"primaryImageOfPage\":{\"@id\":\"https:\\\/\\\/resibo.pl\\\/blog\\\/zniszczone-wlosy-jak-je-pielegnowac\\\/#primaryimage\"},\"image\":{\"@id\":\"https:\\\/\\\/resibo.pl\\\/blog\\\/zniszczone-wlosy-jak-je-pielegnowac\\\/#primaryimage\"},\"thumbnailUrl\":\"https:\\\/\\\/resibo.pl\\\/blog\\\/wp-content\\\/uploads\\\/2024\\\/03\\\/Frame-2.jpg\",\"datePublished\":\"2024-03-28T08:00:00+00:00\",\"dateModified\":\"2024-04-11T12:15:25+00:00\",\"description\":\"Zniszczone w\u0142osy wymagaj\u0105 szczeg\u00f3lnej piel\u0119gnacji. Dowiedz si\u0119, jakie zabiegi i kosmetyki do w\u0142os\u00f3w pomog\u0105 przywr\u00f3ci\u0107 zdrowy wygl\u0105d i blask.\",\"breadcrumb\":{\"@id\":\"https:\\\/\\\/resibo.pl\\\/blog\\\/zniszczone-wlosy-jak-je-pielegnowac\\\/#breadcrumb\"},\"inLanguage\":\"pl-PL\",\"potentialAction\":[{\"@type\":\"ReadAction\",\"target\":[\"https:\\\/\\\/resibo.pl\\\/blog\\\/zniszczone-wlosy-jak-je-pielegnowac\\\/\"]}]},{\"@type\":\"ImageObject\",\"inLanguage\":\"pl-PL\",\"@id\":\"https:\\\/\\\/resibo.pl\\\/blog\\\/zniszczone-wlosy-jak-je-pielegnowac\\\/#primaryimage\",\"url\":\"https:\\\/\\\/resibo.pl\\\/blog\\\/wp-content\\\/uploads\\\/2024\\\/03\\\/Frame-2.jpg\",\"contentUrl\":\"https:\\\/\\\/resibo.pl\\\/blog\\\/wp-content\\\/uploads\\\/2024\\\/03\\\/Frame-2.jpg\",\"width\":1500,\"height\":1000},{\"@type\":\"BreadcrumbList\",\"@id\":\"https:\\\/\\\/resibo.pl\\\/blog\\\/zniszczone-wlosy-jak-je-pielegnowac\\\/#breadcrumb\",\"itemListElement\":[{\"@type\":\"ListItem\",\"position\":1,\"name\":\"Strona g\u0142\u00f3wna\",\"item\":\"https:\\\/\\\/resibo.pl\\\/blog\\\/\"},{\"@type\":\"ListItem\",\"position\":2,\"name\":\"Zniszczone w\u0142osy \u2013 jak je piel\u0119gnowa\u0107?\"}]},{\"@type\":\"WebSite\",\"@id\":\"https:\\\/\\\/resibo.pl\\\/blog\\\/#website\",\"url\":\"https:\\\/\\\/resibo.pl\\\/blog\\\/\",\"name\":\"Kosmetyki naturalne Resibo\",\"description\":\"\",\"publisher\":{\"@id\":\"https:\\\/\\\/resibo.pl\\\/blog\\\/#organization\"},\"potentialAction\":[{\"@type\":\"SearchAction\",\"target\":{\"@type\":\"EntryPoint\",\"urlTemplate\":\"https:\\\/\\\/resibo.pl\\\/blog\\\/?s={search_term_string}\"},\"query-input\":{\"@type\":\"PropertyValueSpecification\",\"valueRequired\":true,\"valueName\":\"search_term_string\"}}],\"inLanguage\":\"pl-PL\"},{\"@type\":\"Organization\",\"@id\":\"https:\\\/\\\/resibo.pl\\\/blog\\\/#organization\",\"name\":\"Resibo\",\"url\":\"https:\\\/\\\/resibo.pl\\\/blog\\\/\",\"logo\":{\"@type\":\"ImageObject\",\"inLanguage\":\"pl-PL\",\"@id\":\"https:\\\/\\\/resibo.pl\\\/blog\\\/#\\\/schema\\\/logo\\\/image\\\/\",\"url\":\"https:\\\/\\\/resibo.pl\\\/blog\\\/wp-content\\\/uploads\\\/2022\\\/02\\\/cropped-logo.png\",\"contentUrl\":\"https:\\\/\\\/resibo.pl\\\/blog\\\/wp-content\\\/uploads\\\/2022\\\/02\\\/cropped-logo.png\",\"width\":274,\"height\":109,\"caption\":\"Resibo\"},\"image\":{\"@id\":\"https:\\\/\\\/resibo.pl\\\/blog\\\/#\\\/schema\\\/logo\\\/image\\\/\"},\"sameAs\":[\"http:\\\/\\\/facebook.com\\\/resiboPL\",\"http:\\\/\\\/instagram.com\\\/resibobynature\"]},{\"@type\":\"Person\",\"@id\":\"https:\\\/\\\/resibo.pl\\\/blog\\\/#\\\/schema\\\/person\\\/ef9013c96e1204d78b18c2243ed265a9\",\"name\":\"Anita\",\"image\":{\"@type\":\"ImageObject\",\"inLanguage\":\"pl-PL\",\"@id\":\"https:\\\/\\\/secure.gravatar.com\\\/avatar\\\/c16c3ee787d7dac06be3101e60d7b357f40d4375278b4f1760aa8fb3114c1f93?s=96&d=mm&r=g\",\"url\":\"https:\\\/\\\/secure.gravatar.com\\\/avatar\\\/c16c3ee787d7dac06be3101e60d7b357f40d4375278b4f1760aa8fb3114c1f93?s=96&d=mm&r=g\",\"contentUrl\":\"https:\\\/\\\/secure.gravatar.com\\\/avatar\\\/c16c3ee787d7dac06be3101e60d7b357f40d4375278b4f1760aa8fb3114c1f93?s=96&d=mm&r=g\",\"caption\":\"Anita\"},\"description\":\"Anita Odachowska Zakochana w Resibo i naturalnej piel\u0119gnacji, ciekawa \u015bwiata, szanuj\u0105ca przyrod\u0119 i doceniaj\u0105ca si\u0142\u0119 ro\u015blinnych sk\u0142adnik\u00f3w, w ci\u0105g\u0142ym d\u0105\u017ceniu do co najmniej less waste.\",\"url\":\"https:\\\/\\\/resibo.pl\\\/blog\\\/author\\\/anita\\\/\"}]}<\/script>\n<!-- \/ Yoast SEO plugin. -->","yoast_head_json":{"title":"Zniszczone w\u0142osy \u2013 jak je piel\u0119gnowa\u0107? - Kosmetyki naturalne Resibo","description":"Zniszczone w\u0142osy wymagaj\u0105 szczeg\u00f3lnej piel\u0119gnacji. Dowiedz si\u0119, jakie zabiegi i kosmetyki do w\u0142os\u00f3w pomog\u0105 przywr\u00f3ci\u0107 zdrowy wygl\u0105d i blask.","robots":{"index":"index","follow":"follow","max-snippet":"max-snippet:-1","max-image-preview":"max-image-preview:large","max-video-preview":"max-video-preview:-1"},"canonical":"https:\/\/resibo.pl\/blog\/zniszczone-wlosy-jak-je-pielegnowac\/","og_locale":"pl_PL","og_type":"article","og_title":"Zniszczone w\u0142osy \u2013 jak je piel\u0119gnowa\u0107? - Kosmetyki naturalne Resibo","og_description":"Zniszczone w\u0142osy wymagaj\u0105 szczeg\u00f3lnej piel\u0119gnacji. Dowiedz si\u0119, jakie zabiegi i kosmetyki do w\u0142os\u00f3w pomog\u0105 przywr\u00f3ci\u0107 zdrowy wygl\u0105d i blask.","og_url":"https:\/\/resibo.pl\/blog\/zniszczone-wlosy-jak-je-pielegnowac\/","og_site_name":"Kosmetyki naturalne Resibo","article_publisher":"http:\/\/facebook.com\/resiboPL","article_published_time":"2024-03-28T08:00:00+00:00","article_modified_time":"2024-04-11T12:15:25+00:00","og_image":[{"width":1500,"height":1000,"url":"https:\/\/resibo.pl\/blog\/wp-content\/uploads\/2024\/03\/Frame-2.jpg","type":"image\/jpeg"}],"author":"Anita","twitter_misc":{"Napisane przez":"Anita","Szacowany czas czytania":"7 minut"},"schema":{"@context":"https:\/\/schema.org","@graph":[{"@type":"Article","@id":"https:\/\/resibo.pl\/blog\/zniszczone-wlosy-jak-je-pielegnowac\/#article","isPartOf":{"@id":"https:\/\/resibo.pl\/blog\/zniszczone-wlosy-jak-je-pielegnowac\/"},"author":{"name":"Anita","@id":"https:\/\/resibo.pl\/blog\/#\/schema\/person\/ef9013c96e1204d78b18c2243ed265a9"},"headline":"Zniszczone w\u0142osy \u2013 jak je piel\u0119gnowa\u0107?","datePublished":"2024-03-28T08:00:00+00:00","dateModified":"2024-04-11T12:15:25+00:00","mainEntityOfPage":{"@id":"https:\/\/resibo.pl\/blog\/zniszczone-wlosy-jak-je-pielegnowac\/"},"wordCount":1492,"commentCount":0,"publisher":{"@id":"https:\/\/resibo.pl\/blog\/#organization"},"image":{"@id":"https:\/\/resibo.pl\/blog\/zniszczone-wlosy-jak-je-pielegnowac\/#primaryimage"},"thumbnailUrl":"https:\/\/resibo.pl\/blog\/wp-content\/uploads\/2024\/03\/Frame-2.jpg","articleSection":["Beauty","O pielegnacji"],"inLanguage":"pl-PL","potentialAction":[{"@type":"CommentAction","name":"Comment","target":["https:\/\/resibo.pl\/blog\/zniszczone-wlosy-jak-je-pielegnowac\/#respond"]}]},{"@type":"WebPage","@id":"https:\/\/resibo.pl\/blog\/zniszczone-wlosy-jak-je-pielegnowac\/","url":"https:\/\/resibo.pl\/blog\/zniszczone-wlosy-jak-je-pielegnowac\/","name":"Zniszczone w\u0142osy \u2013 jak je piel\u0119gnowa\u0107? - Kosmetyki naturalne Resibo","isPartOf":{"@id":"https:\/\/resibo.pl\/blog\/#website"},"primaryImageOfPage":{"@id":"https:\/\/resibo.pl\/blog\/zniszczone-wlosy-jak-je-pielegnowac\/#primaryimage"},"image":{"@id":"https:\/\/resibo.pl\/blog\/zniszczone-wlosy-jak-je-pielegnowac\/#primaryimage"},"thumbnailUrl":"https:\/\/resibo.pl\/blog\/wp-content\/uploads\/2024\/03\/Frame-2.jpg","datePublished":"2024-03-28T08:00:00+00:00","dateModified":"2024-04-11T12:15:25+00:00","description":"Zniszczone w\u0142osy wymagaj\u0105 szczeg\u00f3lnej piel\u0119gnacji. Dowiedz si\u0119, jakie zabiegi i kosmetyki do w\u0142os\u00f3w pomog\u0105 przywr\u00f3ci\u0107 zdrowy wygl\u0105d i blask.","breadcrumb":{"@id":"https:\/\/resibo.pl\/blog\/zniszczone-wlosy-jak-je-pielegnowac\/#breadcrumb"},"inLanguage":"pl-PL","potentialAction":[{"@type":"ReadAction","target":["https:\/\/resibo.pl\/blog\/zniszczone-wlosy-jak-je-pielegnowac\/"]}]},{"@type":"ImageObject","inLanguage":"pl-PL","@id":"https:\/\/resibo.pl\/blog\/zniszczone-wlosy-jak-je-pielegnowac\/#primaryimage","url":"https:\/\/resibo.pl\/blog\/wp-content\/uploads\/2024\/03\/Frame-2.jpg","contentUrl":"https:\/\/resibo.pl\/blog\/wp-content\/uploads\/2024\/03\/Frame-2.jpg","width":1500,"height":1000},{"@type":"BreadcrumbList","@id":"https:\/\/resibo.pl\/blog\/zniszczone-wlosy-jak-je-pielegnowac\/#breadcrumb","itemListElement":[{"@type":"ListItem","position":1,"name":"Strona g\u0142\u00f3wna","item":"https:\/\/resibo.pl\/blog\/"},{"@type":"ListItem","position":2,"name":"Zniszczone w\u0142osy \u2013 jak je piel\u0119gnowa\u0107?"}]},{"@type":"WebSite","@id":"https:\/\/resibo.pl\/blog\/#website","url":"https:\/\/resibo.pl\/blog\/","name":"Kosmetyki naturalne Resibo","description":"","publisher":{"@id":"https:\/\/resibo.pl\/blog\/#organization"},"potentialAction":[{"@type":"SearchAction","target":{"@type":"EntryPoint","urlTemplate":"https:\/\/resibo.pl\/blog\/?s={search_term_string}"},"query-input":{"@type":"PropertyValueSpecification","valueRequired":true,"valueName":"search_term_string"}}],"inLanguage":"pl-PL"},{"@type":"Organization","@id":"https:\/\/resibo.pl\/blog\/#organization","name":"Resibo","url":"https:\/\/resibo.pl\/blog\/","logo":{"@type":"ImageObject","inLanguage":"pl-PL","@id":"https:\/\/resibo.pl\/blog\/#\/schema\/logo\/image\/","url":"https:\/\/resibo.pl\/blog\/wp-content\/uploads\/2022\/02\/cropped-logo.png","contentUrl":"https:\/\/resibo.pl\/blog\/wp-content\/uploads\/2022\/02\/cropped-logo.png","width":274,"height":109,"caption":"Resibo"},"image":{"@id":"https:\/\/resibo.pl\/blog\/#\/schema\/logo\/image\/"},"sameAs":["http:\/\/facebook.com\/resiboPL","http:\/\/instagram.com\/resibobynature"]},{"@type":"Person","@id":"https:\/\/resibo.pl\/blog\/#\/schema\/person\/ef9013c96e1204d78b18c2243ed265a9","name":"Anita","image":{"@type":"ImageObject","inLanguage":"pl-PL","@id":"https:\/\/secure.gravatar.com\/avatar\/c16c3ee787d7dac06be3101e60d7b357f40d4375278b4f1760aa8fb3114c1f93?s=96&d=mm&r=g","url":"https:\/\/secure.gravatar.com\/avatar\/c16c3ee787d7dac06be3101e60d7b357f40d4375278b4f1760aa8fb3114c1f93?s=96&d=mm&r=g","contentUrl":"https:\/\/secure.gravatar.com\/avatar\/c16c3ee787d7dac06be3101e60d7b357f40d4375278b4f1760aa8fb3114c1f93?s=96&d=mm&r=g","caption":"Anita"},"description":"Anita Odachowska Zakochana w Resibo i naturalnej piel\u0119gnacji, ciekawa \u015bwiata, szanuj\u0105ca przyrod\u0119 i doceniaj\u0105ca si\u0142\u0119 ro\u015blinnych sk\u0142adnik\u00f3w, w ci\u0105g\u0142ym d\u0105\u017ceniu do co najmniej less waste.","url":"https:\/\/resibo.pl\/blog\/author\/anita\/"}]}},"_links":{"self":[{"href":"https:\/\/resibo.pl\/blog\/wp-json\/wp\/v2\/posts\/25643","targetHints":{"allow":["GET"]}}],"collection":[{"href":"https:\/\/resibo.pl\/blog\/wp-json\/wp\/v2\/posts"}],"about":[{"href":"https:\/\/resibo.pl\/blog\/wp-json\/wp\/v2\/types\/post"}],"author":[{"embeddable":true,"href":"https:\/\/resibo.pl\/blog\/wp-json\/wp\/v2\/users\/6"}],"replies":[{"embeddable":true,"href":"https:\/\/resibo.pl\/blog\/wp-json\/wp\/v2\/comments?post=25643"}],"version-history":[{"count":1,"href":"https:\/\/resibo.pl\/blog\/wp-json\/wp\/v2\/posts\/25643\/revisions"}],"predecessor-version":[{"id":25644,"href":"https:\/\/resibo.pl\/blog\/wp-json\/wp\/v2\/posts\/25643\/revisions\/25644"}],"wp:featuredmedia":[{"embeddable":true,"href":"https:\/\/resibo.pl\/blog\/wp-json\/wp\/v2\/media\/26108"}],"wp:attachment":[{"href":"https:\/\/resibo.pl\/blog\/wp-json\/wp\/v2\/media?parent=25643"}],"wp:term":[{"taxonomy":"category","embeddable":true,"href":"https:\/\/resibo.pl\/blog\/wp-json\/wp\/v2\/categories?post=25643"},{"taxonomy":"post_tag","embeddable":true,"href":"https:\/\/resibo.pl\/blog\/wp-json\/wp\/v2\/tags?post=25643"}],"curies":[{"name":"wp","href":"https:\/\/api.w.org\/{rel}","templated":true}]}}