{"id":4448,"date":"2014-12-16T18:47:52","date_gmt":"2014-12-16T17:47:52","guid":{"rendered":"https:\/\/resibo.pl\/blog\/?p=4448"},"modified":"2014-12-16T18:47:52","modified_gmt":"2014-12-16T17:47:52","slug":"krem-na-dzien-krem-na-noc-krem-pod-oczy-po-co-mi-to-wszystko","status":"publish","type":"post","link":"https:\/\/resibo.pl\/blog\/krem-na-dzien-krem-na-noc-krem-pod-oczy-po-co-mi-to-wszystko\/","title":{"rendered":"Krem na dzie\u0144, krem na noc, krem pod oczy\u2026 Po co mi to wszystko?"},"content":{"rendered":"<div class=\"vgblk-rw-wrapper limit-wrapper\">\n<p style=\"text-align: justify;\"><strong>Czy istnieje kosmetyk uniwersalny?<\/strong><\/p>\n<p style=\"text-align: justify;\">Maj\u0105c do wyboru wszystkie kosmetyki, pod kt\u00f3rymi uginaj\u0105 si\u0119 p\u00f3\u0142ki w drogeriach czy aptekach, trudno oprze\u0107 si\u0119 wra\u017ceniu, czy aby na pewno potrzebujemy a\u017c tylu \u015brodk\u00f3w do piel\u0119gnacji sk\u00f3ry? Czy jest to jedynie czysty handel i marketing. Przecie\u017c sk\u00f3r\u0119 mamy jedn\u0105, dlaczego wi\u0119c mamy wsmarowywa\u0107 w ni\u0105 tyle ro\u017cnych mazide\u0142? Powod\u00f3w jest co najmniej kilka.<\/p>\n<p><strong>Jak co\u015b jest do wszystkiego, to jest do niczego.<\/strong><\/p>\n<p style=\"text-align: justify;\">W tym powiedzeniu jest du\u017co prawdy. Bo inne dzia\u0142anie ma krem na dzie\u0144 od tego na noc, spe\u0142niaj\u0105 inne, konkretne zadanie. Kremy na dzie\u0144 powinny przede wszystkim by\u0107 lekkie, tak, \u017ceby nadawa\u0142y si\u0119 pod makija\u017c, daj\u0105c sk\u00f3rze odpowiednie nawil\u017cenie i co najwa\u017cniejsze, ochron\u0119 przeciws\u0142oneczn\u0105. Powinny zawiera\u0107 zatem mineralne filtry UV, bo te s\u0105 najbardziej naturalne i nie obci\u0105\u017caj\u0105 niepotrzebnie cery, a jednocze\u015bnie zapewniaj\u0105 wystarczaj\u0105c\u0105 protekcj\u0119.<\/p>\n<blockquote class=\"blockquote--custom\"><p><span class=\"blockquote__icon\"><i class=\"icon-quote\"><\/i>\u00a0<\/span>W nocy organizm si\u0119 regeneruje. To wtedy potrzebuje najwi\u0119kszej stymulacji i od\u017cywienia. Krem na noc powinien mie\u0107 bogatsz\u0105 konsystencj\u0119, dzi\u0119ki kt\u00f3rej sk\u00f3ra uzupe\u0142ni niedobory i odbuduje p\u0142aszcz hydrolipidowy.<\/p><\/blockquote>\n<p style=\"text-align: justify;\">Zawarto\u015b\u0107 naturalnych olej\u00f3w ro\u015blinnych, jak na przyk\u0142ad znany juz olej arganowy czy olej z orzecha brazylijskiego, zahamuje przeznask\u00f3rkow\u0105 utrat\u0119 wody, niweluj\u0105c zmarszczki i poprawiaj\u0105c napi\u0119cie sk\u00f3ry.<br \/>\nW wyj\u0105tkowych przypadkach, kiedy mamy bardzo such\u0105, lub przesuszon\u0105 powierzchownie cer\u0119, taki krem faktycznie b\u0119dzie nadawa\u0142 si\u0119 do dziennego u\u017cytku. Szczeg\u00f3lnie w porze jesienno-zimowej, kiedy powietrze w pomieszczeniach jest przesuszone od ogrzewania, a na zewn\u0105trz panuj\u0105 niskie temperatury i ostry klimat.<\/p>\n<p style=\"text-align: justify;\"><strong>A co z kremem pod oczy? Dlaczego nie wystarczy krem do ca\u0142ej twarzy?<\/strong><\/p>\n<p style=\"text-align: justify;\">Tu faktycznie nie mozna juz powiedzie\u0107, \u017ce sk\u00f3r\u0119 mamy jedn\u0105 i wsz\u0119dzie tak\u0105 sam\u0105. Pod oczami jest ona bowiem zdecydowanie cie\u0144sza.<\/p>\n<blockquote class=\"blockquote--custom\"><p><span class=\"blockquote__icon\"><i class=\"icon-quote\"><\/i>\u00a0<\/span>W zwi\u0105zku z tym znajduje si\u0119 na niej mniej gruczo\u0142\u00f3w \u0142ojowych, kt\u00f3re zapewniaj\u0105 r\u00f3wnowag\u0119 lipidow\u0105. I tak dla przyk\u0142adu: na 1cm kwadratowym sk\u00f3ry na policzku, znajduje si\u0119 ok 800 gruczo\u0142\u00f3w, a na sk\u00f3rze pod oczami tylko 20.<\/p><\/blockquote>\n<p style=\"text-align: justify;\">Tym bardziej komplikuje to sytuacj\u0119, bo ze wzgl\u0119du na jej delikatn\u0105 cie\u0144k\u0105 budow\u0119, krem nie mo\u017ce by\u0107 za t\u0142usty czy ci\u0119\u017cki. Dodatkowo w tym obszarze pojawiaj\u0105 si\u0119 problemy z mikrokr\u0105\u017ceniem, kt\u00f3re skutkuje zasinieniami i obrz\u0119kami. Dlatego krem pod oczy musi by\u0107 w miar\u0119 lekki i zawiera\u0107 substancje, kt\u00f3re usprawni\u0105 prac\u0119 naczy\u0144 krwiono\u015bnych jak kofeina czy wit. C, wyst\u0119pujaca w wyci\u0105gu ze sk\u00f3rki cytryny.<\/p>\n<p style=\"text-align: justify;\">Mam nadziej\u0119, \u017ce ten kr\u00f3tki artyku\u0142 wyja\u015bni\u0142 Wam co nieco, jak i dlaczego tak, powinien wygl\u0105da\u0107 wyb\u00f3r krem\u00f3w do piel\u0119gnacji sk\u00f3ry. Wybierajcie wi\u0119c m\u0105drze i nie id\u017acie na skr\u00f3ty, a to zaowocuje pi\u0119kn\u0105 cer\u0105 \ud83d\ude42<\/p>\n<\/div>\n<p><!-- .vgblk-rw-wrapper --><\/p>\n","protected":false},"excerpt":{"rendered":"<p>Czy istnieje kosmetyk uniwersalny? Maj\u0105c do wyboru wszystkie kosmetyki, pod kt\u00f3rymi uginaj\u0105 si\u0119 p\u00f3\u0142ki w drogeriach czy aptekach, trudno oprze\u0107 si\u0119 wra\u017ceniu, czy aby na pewno potrzebujemy a\u017c tylu \u015brodk\u00f3w do piel\u0119gnacji sk\u00f3ry? Czy jest to jedynie czysty handel i marketing. Przecie\u017c sk\u00f3r\u0119 mamy jedn\u0105, dlaczego wi\u0119c mamy wsmarowywa\u0107 w ni\u0105 tyle ro\u017cnych mazide\u0142? Powod\u00f3w&#8230;<\/p>\n","protected":false},"author":8,"featured_media":4450,"comment_status":"open","ping_status":"open","sticky":false,"template":"","format":"standard","meta":{"footnotes":""},"categories":[40],"tags":[],"class_list":["post-4448","post","type-post","status-publish","format-standard","has-post-thumbnail","hentry","category-magda-o-pielegnacji"],"yoast_head":"<!-- This site is optimized with the Yoast SEO plugin v27.5 - https:\/\/yoast.com\/product\/yoast-seo-wordpress\/ -->\n<title>Krem na dzie\u0144, krem na noc, krem pod oczy\u2026 Po co mi to wszystko? - Kosmetyki naturalne Resibo<\/title>\n<meta name=\"robots\" content=\"index, follow, max-snippet:-1, max-image-preview:large, max-video-preview:-1\" \/>\n<link rel=\"canonical\" href=\"https:\/\/resibo.pl\/blog\/krem-na-dzien-krem-na-noc-krem-pod-oczy-po-co-mi-to-wszystko\/\" \/>\n<meta property=\"og:locale\" content=\"pl_PL\" \/>\n<meta property=\"og:type\" content=\"article\" \/>\n<meta property=\"og:title\" content=\"Krem na dzie\u0144, krem na noc, krem pod oczy\u2026 Po co mi to wszystko? - Kosmetyki naturalne Resibo\" \/>\n<meta property=\"og:description\" content=\"Czy istnieje kosmetyk uniwersalny? Maj\u0105c do wyboru wszystkie kosmetyki, pod kt\u00f3rymi uginaj\u0105 si\u0119 p\u00f3\u0142ki w drogeriach czy aptekach, trudno oprze\u0107 si\u0119 wra\u017ceniu, czy aby na pewno potrzebujemy a\u017c tylu \u015brodk\u00f3w do piel\u0119gnacji sk\u00f3ry? Czy jest to jedynie czysty handel i marketing. Przecie\u017c sk\u00f3r\u0119 mamy jedn\u0105, dlaczego wi\u0119c mamy wsmarowywa\u0107 w ni\u0105 tyle ro\u017cnych mazide\u0142? Powod\u00f3w...\" \/>\n<meta property=\"og:url\" content=\"https:\/\/resibo.pl\/blog\/krem-na-dzien-krem-na-noc-krem-pod-oczy-po-co-mi-to-wszystko\/\" \/>\n<meta property=\"og:site_name\" content=\"Kosmetyki naturalne Resibo\" \/>\n<meta property=\"article:publisher\" content=\"http:\/\/facebook.com\/resiboPL\" \/>\n<meta property=\"article:published_time\" content=\"2014-12-16T17:47:52+00:00\" \/>\n<meta name=\"author\" content=\"Magda\" \/>\n<meta name=\"twitter:label1\" content=\"Napisane przez\" \/>\n\t<meta name=\"twitter:data1\" content=\"Magda\" \/>\n\t<meta name=\"twitter:label2\" content=\"Szacowany czas czytania\" \/>\n\t<meta name=\"twitter:data2\" content=\"2 minuty\" \/>\n<script type=\"application\/ld+json\" class=\"yoast-schema-graph\">{\"@context\":\"https:\\\/\\\/schema.org\",\"@graph\":[{\"@type\":\"Article\",\"@id\":\"https:\\\/\\\/resibo.pl\\\/blog\\\/krem-na-dzien-krem-na-noc-krem-pod-oczy-po-co-mi-to-wszystko\\\/#article\",\"isPartOf\":{\"@id\":\"https:\\\/\\\/resibo.pl\\\/blog\\\/krem-na-dzien-krem-na-noc-krem-pod-oczy-po-co-mi-to-wszystko\\\/\"},\"author\":{\"name\":\"Magda\",\"@id\":\"https:\\\/\\\/resibo.pl\\\/blog\\\/#\\\/schema\\\/person\\\/b83ed5dbb3219da851fb49ab9f7df4dc\"},\"headline\":\"Krem na dzie\u0144, krem na noc, krem pod oczy\u2026 Po co mi to wszystko?\",\"datePublished\":\"2014-12-16T17:47:52+00:00\",\"mainEntityOfPage\":{\"@id\":\"https:\\\/\\\/resibo.pl\\\/blog\\\/krem-na-dzien-krem-na-noc-krem-pod-oczy-po-co-mi-to-wszystko\\\/\"},\"wordCount\":488,\"commentCount\":4,\"publisher\":{\"@id\":\"https:\\\/\\\/resibo.pl\\\/blog\\\/#organization\"},\"image\":{\"@id\":\"https:\\\/\\\/resibo.pl\\\/blog\\\/krem-na-dzien-krem-na-noc-krem-pod-oczy-po-co-mi-to-wszystko\\\/#primaryimage\"},\"thumbnailUrl\":\"https:\\\/\\\/resibo.pl\\\/blog\\\/wp-content\\\/uploads\\\/2014\\\/12\\\/DSC0190-scaled.jpg\",\"articleSection\":[\"O pielegnacji\"],\"inLanguage\":\"pl-PL\",\"potentialAction\":[{\"@type\":\"CommentAction\",\"name\":\"Comment\",\"target\":[\"https:\\\/\\\/resibo.pl\\\/blog\\\/krem-na-dzien-krem-na-noc-krem-pod-oczy-po-co-mi-to-wszystko\\\/#respond\"]}]},{\"@type\":\"WebPage\",\"@id\":\"https:\\\/\\\/resibo.pl\\\/blog\\\/krem-na-dzien-krem-na-noc-krem-pod-oczy-po-co-mi-to-wszystko\\\/\",\"url\":\"https:\\\/\\\/resibo.pl\\\/blog\\\/krem-na-dzien-krem-na-noc-krem-pod-oczy-po-co-mi-to-wszystko\\\/\",\"name\":\"Krem na dzie\u0144, krem na noc, krem pod oczy\u2026 Po co mi to wszystko? - Kosmetyki naturalne Resibo\",\"isPartOf\":{\"@id\":\"https:\\\/\\\/resibo.pl\\\/blog\\\/#website\"},\"primaryImageOfPage\":{\"@id\":\"https:\\\/\\\/resibo.pl\\\/blog\\\/krem-na-dzien-krem-na-noc-krem-pod-oczy-po-co-mi-to-wszystko\\\/#primaryimage\"},\"image\":{\"@id\":\"https:\\\/\\\/resibo.pl\\\/blog\\\/krem-na-dzien-krem-na-noc-krem-pod-oczy-po-co-mi-to-wszystko\\\/#primaryimage\"},\"thumbnailUrl\":\"https:\\\/\\\/resibo.pl\\\/blog\\\/wp-content\\\/uploads\\\/2014\\\/12\\\/DSC0190-scaled.jpg\",\"datePublished\":\"2014-12-16T17:47:52+00:00\",\"breadcrumb\":{\"@id\":\"https:\\\/\\\/resibo.pl\\\/blog\\\/krem-na-dzien-krem-na-noc-krem-pod-oczy-po-co-mi-to-wszystko\\\/#breadcrumb\"},\"inLanguage\":\"pl-PL\",\"potentialAction\":[{\"@type\":\"ReadAction\",\"target\":[\"https:\\\/\\\/resibo.pl\\\/blog\\\/krem-na-dzien-krem-na-noc-krem-pod-oczy-po-co-mi-to-wszystko\\\/\"]}]},{\"@type\":\"ImageObject\",\"inLanguage\":\"pl-PL\",\"@id\":\"https:\\\/\\\/resibo.pl\\\/blog\\\/krem-na-dzien-krem-na-noc-krem-pod-oczy-po-co-mi-to-wszystko\\\/#primaryimage\",\"url\":\"https:\\\/\\\/resibo.pl\\\/blog\\\/wp-content\\\/uploads\\\/2014\\\/12\\\/DSC0190-scaled.jpg\",\"contentUrl\":\"https:\\\/\\\/resibo.pl\\\/blog\\\/wp-content\\\/uploads\\\/2014\\\/12\\\/DSC0190-scaled.jpg\",\"width\":2560,\"height\":1614},{\"@type\":\"BreadcrumbList\",\"@id\":\"https:\\\/\\\/resibo.pl\\\/blog\\\/krem-na-dzien-krem-na-noc-krem-pod-oczy-po-co-mi-to-wszystko\\\/#breadcrumb\",\"itemListElement\":[{\"@type\":\"ListItem\",\"position\":1,\"name\":\"Strona g\u0142\u00f3wna\",\"item\":\"https:\\\/\\\/resibo.pl\\\/blog\\\/\"},{\"@type\":\"ListItem\",\"position\":2,\"name\":\"Krem na dzie\u0144, krem na noc, krem pod oczy\u2026 Po co mi to wszystko?\"}]},{\"@type\":\"WebSite\",\"@id\":\"https:\\\/\\\/resibo.pl\\\/blog\\\/#website\",\"url\":\"https:\\\/\\\/resibo.pl\\\/blog\\\/\",\"name\":\"Kosmetyki naturalne Resibo\",\"description\":\"\",\"publisher\":{\"@id\":\"https:\\\/\\\/resibo.pl\\\/blog\\\/#organization\"},\"potentialAction\":[{\"@type\":\"SearchAction\",\"target\":{\"@type\":\"EntryPoint\",\"urlTemplate\":\"https:\\\/\\\/resibo.pl\\\/blog\\\/?s={search_term_string}\"},\"query-input\":{\"@type\":\"PropertyValueSpecification\",\"valueRequired\":true,\"valueName\":\"search_term_string\"}}],\"inLanguage\":\"pl-PL\"},{\"@type\":\"Organization\",\"@id\":\"https:\\\/\\\/resibo.pl\\\/blog\\\/#organization\",\"name\":\"Resibo\",\"url\":\"https:\\\/\\\/resibo.pl\\\/blog\\\/\",\"logo\":{\"@type\":\"ImageObject\",\"inLanguage\":\"pl-PL\",\"@id\":\"https:\\\/\\\/resibo.pl\\\/blog\\\/#\\\/schema\\\/logo\\\/image\\\/\",\"url\":\"https:\\\/\\\/resibo.pl\\\/blog\\\/wp-content\\\/uploads\\\/2022\\\/02\\\/cropped-logo.png\",\"contentUrl\":\"https:\\\/\\\/resibo.pl\\\/blog\\\/wp-content\\\/uploads\\\/2022\\\/02\\\/cropped-logo.png\",\"width\":274,\"height\":109,\"caption\":\"Resibo\"},\"image\":{\"@id\":\"https:\\\/\\\/resibo.pl\\\/blog\\\/#\\\/schema\\\/logo\\\/image\\\/\"},\"sameAs\":[\"http:\\\/\\\/facebook.com\\\/resiboPL\",\"http:\\\/\\\/instagram.com\\\/resibobynature\"]},{\"@type\":\"Person\",\"@id\":\"https:\\\/\\\/resibo.pl\\\/blog\\\/#\\\/schema\\\/person\\\/b83ed5dbb3219da851fb49ab9f7df4dc\",\"name\":\"Magda\",\"image\":{\"@type\":\"ImageObject\",\"inLanguage\":\"pl-PL\",\"@id\":\"https:\\\/\\\/secure.gravatar.com\\\/avatar\\\/0dfb5ced8ae1e08e5ccb725b615759b70c0470361d1df994cce404b851bfb639?s=96&d=mm&r=g\",\"url\":\"https:\\\/\\\/secure.gravatar.com\\\/avatar\\\/0dfb5ced8ae1e08e5ccb725b615759b70c0470361d1df994cce404b851bfb639?s=96&d=mm&r=g\",\"contentUrl\":\"https:\\\/\\\/secure.gravatar.com\\\/avatar\\\/0dfb5ced8ae1e08e5ccb725b615759b70c0470361d1df994cce404b851bfb639?s=96&d=mm&r=g\",\"caption\":\"Magda\"},\"description\":\"Magdalena Matyga-Kruk, ekspert ds. kosmetologii Kosmetologia i wszystko, co zwi\u0105zane z piel\u0119gnacj\u0105 sk\u00f3ry, to moja pasja. \u017beby nie musie\u0107 nigdy pracowa\u0107, z tej pasji uczyni\u0142am\u2026 prac\u0119. Od ponad pi\u0119ciu lat prowadz\u0119 salon kosmetyczny Magda M w \u015awidnicy, kt\u00f3remu po\u015bwi\u0119cam wi\u0119kszo\u015b\u0107 swojego czasu. Ci\u0105gle poszerzam swoj\u0105 wiedz\u0119, a zadowolenie moich coraz liczniejszych klient\u00f3w to najlepsza zap\u0142ata, bo jestem kosmetyczk\u0105 z wykszta\u0142cenia, ale przede wszystkim z zami\u0142owania.\",\"url\":\"https:\\\/\\\/resibo.pl\\\/blog\\\/author\\\/magda\\\/\"}]}<\/script>\n<!-- \/ Yoast SEO plugin. -->","yoast_head_json":{"title":"Krem na dzie\u0144, krem na noc, krem pod oczy\u2026 Po co mi to wszystko? - Kosmetyki naturalne Resibo","robots":{"index":"index","follow":"follow","max-snippet":"max-snippet:-1","max-image-preview":"max-image-preview:large","max-video-preview":"max-video-preview:-1"},"canonical":"https:\/\/resibo.pl\/blog\/krem-na-dzien-krem-na-noc-krem-pod-oczy-po-co-mi-to-wszystko\/","og_locale":"pl_PL","og_type":"article","og_title":"Krem na dzie\u0144, krem na noc, krem pod oczy\u2026 Po co mi to wszystko? - Kosmetyki naturalne Resibo","og_description":"Czy istnieje kosmetyk uniwersalny? Maj\u0105c do wyboru wszystkie kosmetyki, pod kt\u00f3rymi uginaj\u0105 si\u0119 p\u00f3\u0142ki w drogeriach czy aptekach, trudno oprze\u0107 si\u0119 wra\u017ceniu, czy aby na pewno potrzebujemy a\u017c tylu \u015brodk\u00f3w do piel\u0119gnacji sk\u00f3ry? Czy jest to jedynie czysty handel i marketing. Przecie\u017c sk\u00f3r\u0119 mamy jedn\u0105, dlaczego wi\u0119c mamy wsmarowywa\u0107 w ni\u0105 tyle ro\u017cnych mazide\u0142? Powod\u00f3w...","og_url":"https:\/\/resibo.pl\/blog\/krem-na-dzien-krem-na-noc-krem-pod-oczy-po-co-mi-to-wszystko\/","og_site_name":"Kosmetyki naturalne Resibo","article_publisher":"http:\/\/facebook.com\/resiboPL","article_published_time":"2014-12-16T17:47:52+00:00","author":"Magda","twitter_misc":{"Napisane przez":"Magda","Szacowany czas czytania":"2 minuty"},"schema":{"@context":"https:\/\/schema.org","@graph":[{"@type":"Article","@id":"https:\/\/resibo.pl\/blog\/krem-na-dzien-krem-na-noc-krem-pod-oczy-po-co-mi-to-wszystko\/#article","isPartOf":{"@id":"https:\/\/resibo.pl\/blog\/krem-na-dzien-krem-na-noc-krem-pod-oczy-po-co-mi-to-wszystko\/"},"author":{"name":"Magda","@id":"https:\/\/resibo.pl\/blog\/#\/schema\/person\/b83ed5dbb3219da851fb49ab9f7df4dc"},"headline":"Krem na dzie\u0144, krem na noc, krem pod oczy\u2026 Po co mi to wszystko?","datePublished":"2014-12-16T17:47:52+00:00","mainEntityOfPage":{"@id":"https:\/\/resibo.pl\/blog\/krem-na-dzien-krem-na-noc-krem-pod-oczy-po-co-mi-to-wszystko\/"},"wordCount":488,"commentCount":4,"publisher":{"@id":"https:\/\/resibo.pl\/blog\/#organization"},"image":{"@id":"https:\/\/resibo.pl\/blog\/krem-na-dzien-krem-na-noc-krem-pod-oczy-po-co-mi-to-wszystko\/#primaryimage"},"thumbnailUrl":"https:\/\/resibo.pl\/blog\/wp-content\/uploads\/2014\/12\/DSC0190-scaled.jpg","articleSection":["O pielegnacji"],"inLanguage":"pl-PL","potentialAction":[{"@type":"CommentAction","name":"Comment","target":["https:\/\/resibo.pl\/blog\/krem-na-dzien-krem-na-noc-krem-pod-oczy-po-co-mi-to-wszystko\/#respond"]}]},{"@type":"WebPage","@id":"https:\/\/resibo.pl\/blog\/krem-na-dzien-krem-na-noc-krem-pod-oczy-po-co-mi-to-wszystko\/","url":"https:\/\/resibo.pl\/blog\/krem-na-dzien-krem-na-noc-krem-pod-oczy-po-co-mi-to-wszystko\/","name":"Krem na dzie\u0144, krem na noc, krem pod oczy\u2026 Po co mi to wszystko? - Kosmetyki naturalne Resibo","isPartOf":{"@id":"https:\/\/resibo.pl\/blog\/#website"},"primaryImageOfPage":{"@id":"https:\/\/resibo.pl\/blog\/krem-na-dzien-krem-na-noc-krem-pod-oczy-po-co-mi-to-wszystko\/#primaryimage"},"image":{"@id":"https:\/\/resibo.pl\/blog\/krem-na-dzien-krem-na-noc-krem-pod-oczy-po-co-mi-to-wszystko\/#primaryimage"},"thumbnailUrl":"https:\/\/resibo.pl\/blog\/wp-content\/uploads\/2014\/12\/DSC0190-scaled.jpg","datePublished":"2014-12-16T17:47:52+00:00","breadcrumb":{"@id":"https:\/\/resibo.pl\/blog\/krem-na-dzien-krem-na-noc-krem-pod-oczy-po-co-mi-to-wszystko\/#breadcrumb"},"inLanguage":"pl-PL","potentialAction":[{"@type":"ReadAction","target":["https:\/\/resibo.pl\/blog\/krem-na-dzien-krem-na-noc-krem-pod-oczy-po-co-mi-to-wszystko\/"]}]},{"@type":"ImageObject","inLanguage":"pl-PL","@id":"https:\/\/resibo.pl\/blog\/krem-na-dzien-krem-na-noc-krem-pod-oczy-po-co-mi-to-wszystko\/#primaryimage","url":"https:\/\/resibo.pl\/blog\/wp-content\/uploads\/2014\/12\/DSC0190-scaled.jpg","contentUrl":"https:\/\/resibo.pl\/blog\/wp-content\/uploads\/2014\/12\/DSC0190-scaled.jpg","width":2560,"height":1614},{"@type":"BreadcrumbList","@id":"https:\/\/resibo.pl\/blog\/krem-na-dzien-krem-na-noc-krem-pod-oczy-po-co-mi-to-wszystko\/#breadcrumb","itemListElement":[{"@type":"ListItem","position":1,"name":"Strona g\u0142\u00f3wna","item":"https:\/\/resibo.pl\/blog\/"},{"@type":"ListItem","position":2,"name":"Krem na dzie\u0144, krem na noc, krem pod oczy\u2026 Po co mi to wszystko?"}]},{"@type":"WebSite","@id":"https:\/\/resibo.pl\/blog\/#website","url":"https:\/\/resibo.pl\/blog\/","name":"Kosmetyki naturalne Resibo","description":"","publisher":{"@id":"https:\/\/resibo.pl\/blog\/#organization"},"potentialAction":[{"@type":"SearchAction","target":{"@type":"EntryPoint","urlTemplate":"https:\/\/resibo.pl\/blog\/?s={search_term_string}"},"query-input":{"@type":"PropertyValueSpecification","valueRequired":true,"valueName":"search_term_string"}}],"inLanguage":"pl-PL"},{"@type":"Organization","@id":"https:\/\/resibo.pl\/blog\/#organization","name":"Resibo","url":"https:\/\/resibo.pl\/blog\/","logo":{"@type":"ImageObject","inLanguage":"pl-PL","@id":"https:\/\/resibo.pl\/blog\/#\/schema\/logo\/image\/","url":"https:\/\/resibo.pl\/blog\/wp-content\/uploads\/2022\/02\/cropped-logo.png","contentUrl":"https:\/\/resibo.pl\/blog\/wp-content\/uploads\/2022\/02\/cropped-logo.png","width":274,"height":109,"caption":"Resibo"},"image":{"@id":"https:\/\/resibo.pl\/blog\/#\/schema\/logo\/image\/"},"sameAs":["http:\/\/facebook.com\/resiboPL","http:\/\/instagram.com\/resibobynature"]},{"@type":"Person","@id":"https:\/\/resibo.pl\/blog\/#\/schema\/person\/b83ed5dbb3219da851fb49ab9f7df4dc","name":"Magda","image":{"@type":"ImageObject","inLanguage":"pl-PL","@id":"https:\/\/secure.gravatar.com\/avatar\/0dfb5ced8ae1e08e5ccb725b615759b70c0470361d1df994cce404b851bfb639?s=96&d=mm&r=g","url":"https:\/\/secure.gravatar.com\/avatar\/0dfb5ced8ae1e08e5ccb725b615759b70c0470361d1df994cce404b851bfb639?s=96&d=mm&r=g","contentUrl":"https:\/\/secure.gravatar.com\/avatar\/0dfb5ced8ae1e08e5ccb725b615759b70c0470361d1df994cce404b851bfb639?s=96&d=mm&r=g","caption":"Magda"},"description":"Magdalena Matyga-Kruk, ekspert ds. kosmetologii Kosmetologia i wszystko, co zwi\u0105zane z piel\u0119gnacj\u0105 sk\u00f3ry, to moja pasja. \u017beby nie musie\u0107 nigdy pracowa\u0107, z tej pasji uczyni\u0142am\u2026 prac\u0119. Od ponad pi\u0119ciu lat prowadz\u0119 salon kosmetyczny Magda M w \u015awidnicy, kt\u00f3remu po\u015bwi\u0119cam wi\u0119kszo\u015b\u0107 swojego czasu. Ci\u0105gle poszerzam swoj\u0105 wiedz\u0119, a zadowolenie moich coraz liczniejszych klient\u00f3w to najlepsza zap\u0142ata, bo jestem kosmetyczk\u0105 z wykszta\u0142cenia, ale przede wszystkim z zami\u0142owania.","url":"https:\/\/resibo.pl\/blog\/author\/magda\/"}]}},"_links":{"self":[{"href":"https:\/\/resibo.pl\/blog\/wp-json\/wp\/v2\/posts\/4448","targetHints":{"allow":["GET"]}}],"collection":[{"href":"https:\/\/resibo.pl\/blog\/wp-json\/wp\/v2\/posts"}],"about":[{"href":"https:\/\/resibo.pl\/blog\/wp-json\/wp\/v2\/types\/post"}],"author":[{"embeddable":true,"href":"https:\/\/resibo.pl\/blog\/wp-json\/wp\/v2\/users\/8"}],"replies":[{"embeddable":true,"href":"https:\/\/resibo.pl\/blog\/wp-json\/wp\/v2\/comments?post=4448"}],"version-history":[{"count":0,"href":"https:\/\/resibo.pl\/blog\/wp-json\/wp\/v2\/posts\/4448\/revisions"}],"wp:featuredmedia":[{"embeddable":true,"href":"https:\/\/resibo.pl\/blog\/wp-json\/wp\/v2\/media\/4450"}],"wp:attachment":[{"href":"https:\/\/resibo.pl\/blog\/wp-json\/wp\/v2\/media?parent=4448"}],"wp:term":[{"taxonomy":"category","embeddable":true,"href":"https:\/\/resibo.pl\/blog\/wp-json\/wp\/v2\/categories?post=4448"},{"taxonomy":"post_tag","embeddable":true,"href":"https:\/\/resibo.pl\/blog\/wp-json\/wp\/v2\/tags?post=4448"}],"curies":[{"name":"wp","href":"https:\/\/api.w.org\/{rel}","templated":true}]}}