{"id":4547,"date":"2014-12-30T20:31:52","date_gmt":"2014-12-30T19:31:52","guid":{"rendered":"https:\/\/resibo.pl\/blog\/?p=4547"},"modified":"2014-12-30T20:31:52","modified_gmt":"2014-12-30T19:31:52","slug":"makijaz-sylwestrowy","status":"publish","type":"post","link":"https:\/\/resibo.pl\/blog\/makijaz-sylwestrowy\/","title":{"rendered":"Makija\u017c sylwestrowy"},"content":{"rendered":"<div class=\"vgblk-rw-wrapper limit-wrapper\">\n<p style=\"text-align: justify;\"><strong>Co s\u0142ycha\u0107 w najnowszych trendach na najwa\u017cniejsz\u0105 noc w roku?<\/strong><\/p>\n<p style=\"text-align: justify;\">Ju\u017c zacz\u0119\u0142o si\u0119 sylwestrowe szale\u0144stwo. Dok\u0105d i\u015b\u0107? W co si\u0119 ubra\u0107? Jak pomalowa\u0107? To pytania frapuj\u0105ce teraz wi\u0119kszo\u015b\u0107 kobiet. W naszych czasach nie ma \u017cadnych ogranicze\u0144 czy konkretnych, narzuconych norm. Ka\u017cdy mo\u017ce da\u0107 si\u0119 ponie\u015b\u0107 wyobra\u017ani i totalnie zaszale\u0107. Je\u015bli jednak chcecie by\u0107 trendy, podpowiem Wam, jaki wizerunek wybra\u0107, \u017ceby ol\u015bni\u0107 wszystkich, z kt\u00f3rymi sp\u0119dzicie t\u0119 niezwyk\u0142\u0105 noc!<\/p>\n<p style=\"text-align: justify;\"><a href=\"https:\/\/resibo.pl\/blog\/wp-content\/uploads\/2014\/12\/DSC0578.jpg\"><img fetchpriority=\"high\" decoding=\"async\" width=\"1024\" height=\"680\" class=\"aligncenter size-large wp-image-4550\" src=\"https:\/\/resibo.pl\/blog\/wp-content\/uploads\/2014\/12\/DSC0578-1024x680.jpg\" alt=\"_DSC0578\" srcset=\"https:\/\/resibo.pl\/blog\/wp-content\/uploads\/2014\/12\/DSC0578-1024x680.jpg 1024w, https:\/\/resibo.pl\/blog\/wp-content\/uploads\/2014\/12\/DSC0578-scaled-315x209.jpg 315w, https:\/\/resibo.pl\/blog\/wp-content\/uploads\/2014\/12\/DSC0578-scaled-630x418.jpg 630w, https:\/\/resibo.pl\/blog\/wp-content\/uploads\/2014\/12\/DSC0578-300x199.jpg 300w, https:\/\/resibo.pl\/blog\/wp-content\/uploads\/2014\/12\/DSC0578-1075x713.jpg 1075w\" sizes=\"(max-width: 1024px) 100vw, 1024px\" \/><\/a><\/p>\n<p style=\"text-align: justify;\"><strong>Smoky eye\u2026<\/strong><\/p>\n<p style=\"text-align: justify;\">Ka\u017cda kobieta wie doskonale, czym jest przydymione oko. Jego forma ewoluowa\u0142a ju\u017c wielokrotnie, od czerni i szaro\u015bci po ciemne br\u0105zy. Zazwyczaj makija\u017c oka szed\u0142 ku g\u00f3rze wyci\u0105gaj\u0105c si\u0119 w tzw. kocie oko. W tym sezonie r\u00f3wnie\u017c mo\u017cna i\u015b\u0107 tropem klasyki lub wybra\u0107 nieco inne, karnawa\u0142owe kolory i form\u0119. Totalnym hitem b\u0119dzie po\u0142\u0105czenie mocnego, po\u0142yskuj\u0105cego granatu z dodatkiem z\u0142ota lub srebra \u2013 ma si\u0119 b\u0142yszcze\u0107! Dodatkowo cie\u0144 mo\u017cna \u015bmia\u0142o poci\u0105gn\u0105\u0107 na boki w kierunku skroni, dodaj\u0105c w ten spos\u00f3b makija\u017cowi troch\u0119 mroczno\u015bci i pazura.<\/p>\n<p style=\"text-align: justify;\"><strong>Jak wykona\u0107 smoky eye?<\/strong><\/p>\n<p style=\"text-align: justify;\"><strong>Po pierwsze \u2013 zacznij makija\u017c w\u0142a\u015bnie od oka!<\/strong><\/p>\n<p style=\"text-align: justify;\">W klasycznej szkole ka\u017cdy makija\u017c zaczynamy od wyr\u00f3wnania kolorytu cery podk\u0142adem. Kiedy jednak makija\u017c oka ma by\u0107 mocny i u\u017cyte zostan\u0105 ciemne cienie czy pigmenty, bezpiecznym sposobem b\u0119dzie rozpocz\u0105\u0107 go w\u0142a\u015bnie od oczu. Warto najpierw dobrze nawil\u017cy\u0107 sk\u00f3r\u0119, nast\u0119pnie po\u0142o\u017cy\u0107 baz\u0119 lub cienk\u0105 warstw\u0119 podk\u0142adu na powieki. Nast\u0119pnie wzd\u0142u\u017c linii rz\u0119s czarn\u0105 kredk\u0105 namalowa\u0107 kreski. Nie musz\u0105 by\u0107 wcale perfekcyjne, bo w kolejnym kroku rozcieramy kresk\u0119 za pomoc\u0105 w\u0105skiego p\u0119dzelka.<\/p>\n<p style=\"text-align: justify;\"><a href=\"https:\/\/resibo.pl\/blog\/wp-content\/uploads\/2014\/12\/makeup-369097_1280.jpg\"><img decoding=\"async\" width=\"1024\" height=\"680\" class=\"aligncenter size-large wp-image-4551\" src=\"https:\/\/resibo.pl\/blog\/wp-content\/uploads\/2014\/12\/makeup-369097_1280-1024x680.jpg\" alt=\"makeup-369097_1280\" srcset=\"https:\/\/resibo.pl\/blog\/wp-content\/uploads\/2014\/12\/makeup-369097_1280-1024x680.jpg 1024w, https:\/\/resibo.pl\/blog\/wp-content\/uploads\/2014\/12\/makeup-369097_1280-315x209.jpg 315w, https:\/\/resibo.pl\/blog\/wp-content\/uploads\/2014\/12\/makeup-369097_1280-630x419.jpg 630w, https:\/\/resibo.pl\/blog\/wp-content\/uploads\/2014\/12\/makeup-369097_1280-300x199.jpg 300w, https:\/\/resibo.pl\/blog\/wp-content\/uploads\/2014\/12\/makeup-369097_1280-1075x714.jpg 1075w, https:\/\/resibo.pl\/blog\/wp-content\/uploads\/2014\/12\/makeup-369097_1280.jpg 1280w\" sizes=\"(max-width: 1024px) 100vw, 1024px\" \/><\/a><\/p>\n<p style=\"text-align: justify;\"><strong>Po drugie \u2013 wa\u017cna jest prosta technika.<\/strong><\/p>\n<p style=\"text-align: justify;\">Na tak przygotowany podk\u0142ad zaczynamy nak\u0142ada\u0107 cie\u0144. Je\u017celi w prosty spos\u00f3b chcecie uzyska\u0107 cieniowany makija\u017c, zacznijcie od zewn\u0119trznej cz\u0119\u015bci powieki i najciemniejszego koloru, zmierzaj\u0105c do wewn\u0119trznej strony oka. Nast\u0119pnie dok\u0142adamy cie\u0144 w ja\u015bniejszym kolorze, najlepiej po\u0142yskuj\u0105cym, z\u0142otym, srebrnym od wewn\u0119trznej cz\u0119\u015bci zachodz\u0105c na \u015brodek i wcze\u015bniej na\u0142o\u017cony ciemny pigment. To samo robimy z doln\u0105 powiek\u0105, ciemny cie\u0144 od zewn\u0105trz do \u015brodka, jasny o wewn\u0119trznej do \u015brodka. Je\u015bli macie na tyle wprawna r\u0119k\u0119, mo\u017cecie na zako\u0144czenie namalowa\u0107 kresk\u0119 eyelinerem na g\u00f3rnej powiece, a potem mocno wytuszujcie rz\u0119sy.<\/p>\n<p style=\"text-align: justify;\"><strong>Po trzecie \u2013 zadbaj o ca\u0142o\u015b\u0107 i dopracuj makija\u017c twarzy.<\/strong><\/p>\n<p style=\"text-align: justify;\">Kiedy makija\u017c oka b\u0119dzie gotowy, zbieramy z policzk\u00f3w to, co si\u0119 obsypa\u0142o, a na pewno b\u0119dzie tego sporo, i nak\u0142adamy podk\u0142ad, kt\u00f3ry przypr\u00f3szamy pudrem dla utrwalenia ca\u0142o\u015bci. Nie zapomnijcie o podkre\u015bleniu ko\u015bci policzkowych. Tu, \u017ceby si\u0119 nie pomyli\u0107, gdzie po\u0142o\u017cy\u0107 bronzer, wystarczy prosty trik \u2013 wci\u0105gnijcie policzki i na\u0142\u00f3\u017ccie kosmetyk w miejscu zag\u0142\u0119bienia. Nast\u0119pnie lekko powy\u017cej tego miejsca koniecznie zastosujcie roz\u015bwietlacz! Bo w tym sezonie wszystko ma b\u0142yszcze\u0107! A je\u015bli nie macie pod r\u0119k\u0105 czego\u015b takiego, z powodzeniem mo\u017ce wam pos\u0142u\u017cy\u0107 per\u0142owy lub metaliczny cie\u0144 do powiek w kolorze bia\u0142ym, brzoskwiniowym, blador\u00f3\u017cowym czy z\u0142otym.<\/p>\n<p style=\"text-align: justify;\">A co z ustami? Postawi\u0142y\u015bmy na oczy i tego si\u0119 trzymamy, wiec usta powinny pozosta\u0107 blade, be\u017cowe lub naturalnie r\u00f3\u017cowe.<\/p>\n<p style=\"text-align: justify;\"><a href=\"https:\/\/resibo.pl\/blog\/wp-content\/uploads\/2014\/12\/lipstick-478757_1280.jpg\"><img decoding=\"async\" width=\"1024\" height=\"682\" class=\"aligncenter size-large wp-image-4552\" src=\"https:\/\/resibo.pl\/blog\/wp-content\/uploads\/2014\/12\/lipstick-478757_1280-1024x682.jpg\" alt=\"lipstick-478757_1280\" srcset=\"https:\/\/resibo.pl\/blog\/wp-content\/uploads\/2014\/12\/lipstick-478757_1280-1024x682.jpg 1024w, https:\/\/resibo.pl\/blog\/wp-content\/uploads\/2014\/12\/lipstick-478757_1280-315x210.jpg 315w, https:\/\/resibo.pl\/blog\/wp-content\/uploads\/2014\/12\/lipstick-478757_1280-630x420.jpg 630w, https:\/\/resibo.pl\/blog\/wp-content\/uploads\/2014\/12\/lipstick-478757_1280-300x199.jpg 300w, https:\/\/resibo.pl\/blog\/wp-content\/uploads\/2014\/12\/lipstick-478757_1280-1075x716.jpg 1075w, https:\/\/resibo.pl\/blog\/wp-content\/uploads\/2014\/12\/lipstick-478757_1280.jpg 1280w\" sizes=\"(max-width: 1024px) 100vw, 1024px\" \/><\/a><\/p>\n<p style=\"text-align: justify;\"><strong>Kolejna propozycja \u2013 fokus na usta<\/strong><\/p>\n<p style=\"text-align: justify;\">Nie dla ka\u017cdego jednak taki makija\u017c b\u0119dzie odpowiedni. Z pewno\u015bci\u0105 sprawdzi si\u0119 u m\u0142odych dziewczyn, z g\u0142adk\u0105 sk\u00f3r\u0105 wok\u00f3\u0142 oczu. Dla pozosta\u0142ych pa\u0144 r\u00f3wnie\u017c znajdzie si\u0119 co\u015b spektakularnego. Je\u015bli np. macie pi\u0119kne usta, to u\u017cyjcie ich do przyci\u0105gni\u0119cia uwagi. Mocna, krwista czerwie\u0144, ciemna \u015bliwka czy g\u0142\u0119bokie bordo nadadz\u0105 twarzy zmys\u0142owo\u015bci. W tym przypadku oczy wystarczy podkre\u015bli\u0107 jasnymi, najlepiej matowymi cieniami i tuszem do rz\u0119s, a dla odwa\u017cnych nawet tusz b\u0119dzie zb\u0119dny. Jedynym koniecznym warunkiem, \u017ceby taki makija\u017c odegra\u0142 swoj\u0105 rol\u0119, jest idealne wyr\u00f3wnanie koloru sk\u00f3ry korektorem, podk\u0142adem i pudrem. Nawet r\u00f3\u017c czy bronzer nale\u017cy stosowa\u0107 tu z umiarem.<\/p>\n<p style=\"text-align: justify;\"><strong>A na koniec \u2013 mocne utrwalenie!<\/strong><\/p>\n<p style=\"text-align: justify;\">Co zrobi\u0107, \u017ceby w trakcie szalonej zabawy makija\u017c nie s\u0142yn\u0105\u0142 z twarzy?<\/p>\n<p style=\"text-align: justify;\">W wi\u0119kszo\u015bci drogerii s\u0105 ju\u017c dost\u0119pne tzw. spraye fiksuj\u0105ce, czyli utrwalaj\u0105ce makija\u017c. Poniewa\u017c g\u0142\u00f3wnym ich sk\u0142adnikiem jest z regu\u0142y alkohol, nie nadaj\u0105 si\u0119 do codziennego stosowania, nasza sk\u00f3ra nie prze\u017cy\u0142aby tego. Jednak na tak\u0105 noc, jak sylwester, doskonale si\u0119 sprawdzaj\u0105! Dla os\u00f3b z cer\u0105 t\u0142ust\u0105 czy mieszan\u0105, niezb\u0119dne b\u0119d\u0105 r\u00f3wnie\u017c bibu\u0142ki matuj\u0105ce, kt\u00f3re zbieraj\u0105 nadmiar sebum, nie naruszaj\u0105c makija\u017cu. Z tak utrwalonym make-up\u2019em i takim zabezpieczeniem, bez przeszk\u00f3d przeta\u0144czycie ca\u0142\u0105 noc .<\/p>\n<p style=\"text-align: justify;\">Korzystaj\u0105c z tej okazji, \u017cycz\u0119 wszystkim czytelniczkom szampa\u0144skiej zabawy sylwestrowej i pomy\u015blno\u015bci w nadchodz\u0105cym roku! B\u0105d\u017acie z nami, jak ju\u017c si\u0119 powysypiacie. Do zobaczenia w 2015 roku! \ud83d\ude42<\/p>\n<p style=\"text-align: justify;\"><a href=\"https:\/\/resibo.pl\/blog\/wp-content\/uploads\/2014\/12\/DSC0052.jpg\"><img loading=\"lazy\" decoding=\"async\" width=\"1024\" height=\"680\" class=\"aligncenter size-large wp-image-4553\" src=\"https:\/\/resibo.pl\/blog\/wp-content\/uploads\/2014\/12\/DSC0052-1024x680.jpg\" alt=\"_DSC0052\" srcset=\"https:\/\/resibo.pl\/blog\/wp-content\/uploads\/2014\/12\/DSC0052-1024x680.jpg 1024w, https:\/\/resibo.pl\/blog\/wp-content\/uploads\/2014\/12\/DSC0052-scaled-315x209.jpg 315w, https:\/\/resibo.pl\/blog\/wp-content\/uploads\/2014\/12\/DSC0052-scaled-630x418.jpg 630w, https:\/\/resibo.pl\/blog\/wp-content\/uploads\/2014\/12\/DSC0052-300x199.jpg 300w, https:\/\/resibo.pl\/blog\/wp-content\/uploads\/2014\/12\/DSC0052-1075x713.jpg 1075w\" sizes=\"(max-width: 1024px) 100vw, 1024px\" \/><\/a><\/p>\n<p style=\"text-align: justify;\">Korzystaj\u0105c z tej okazji, \u017cycz\u0119 wszystkim czytelniczkom szampa\u0144skiej zabawy sylwestrowej i pomy\u015blno\u015bci w nadchodz\u0105cym roku! B\u0105d\u017acie z nami, jak ju\u017c si\u0119 powysypiacie , do zobaczenia w 2015 roku! \ud83d\ude42<\/p>\n<\/div>\n<p><!-- .vgblk-rw-wrapper --><\/p>\n","protected":false},"excerpt":{"rendered":"<p>Co s\u0142ycha\u0107 w najnowszych trendach na najwa\u017cniejsz\u0105 noc w roku? Ju\u017c zacz\u0119\u0142o si\u0119 sylwestrowe szale\u0144stwo. Dok\u0105d i\u015b\u0107? W co si\u0119 ubra\u0107? Jak pomalowa\u0107? To pytania frapuj\u0105ce teraz wi\u0119kszo\u015b\u0107 kobiet. W naszych czasach nie ma \u017cadnych ogranicze\u0144 czy konkretnych, narzuconych norm. Ka\u017cdy mo\u017ce da\u0107 si\u0119 ponie\u015b\u0107 wyobra\u017ani i totalnie zaszale\u0107. Je\u015bli jednak chcecie by\u0107 trendy, podpowiem&#8230;<\/p>\n","protected":false},"author":8,"featured_media":4555,"comment_status":"open","ping_status":"open","sticky":false,"template":"","format":"standard","meta":{"footnotes":""},"categories":[40],"tags":[],"class_list":["post-4547","post","type-post","status-publish","format-standard","has-post-thumbnail","hentry","category-magda-o-pielegnacji"],"yoast_head":"<!-- This site is optimized with the Yoast SEO plugin v27.5 - https:\/\/yoast.com\/product\/yoast-seo-wordpress\/ -->\n<title>Makija\u017c sylwestrowy - Kosmetyki naturalne Resibo<\/title>\n<meta name=\"robots\" content=\"index, follow, max-snippet:-1, max-image-preview:large, max-video-preview:-1\" \/>\n<link rel=\"canonical\" href=\"https:\/\/resibo.pl\/blog\/makijaz-sylwestrowy\/\" \/>\n<meta property=\"og:locale\" content=\"pl_PL\" \/>\n<meta property=\"og:type\" content=\"article\" \/>\n<meta property=\"og:title\" content=\"Makija\u017c sylwestrowy - Kosmetyki naturalne Resibo\" \/>\n<meta property=\"og:description\" content=\"Co s\u0142ycha\u0107 w najnowszych trendach na najwa\u017cniejsz\u0105 noc w roku? Ju\u017c zacz\u0119\u0142o si\u0119 sylwestrowe szale\u0144stwo. Dok\u0105d i\u015b\u0107? W co si\u0119 ubra\u0107? Jak pomalowa\u0107? To pytania frapuj\u0105ce teraz wi\u0119kszo\u015b\u0107 kobiet. W naszych czasach nie ma \u017cadnych ogranicze\u0144 czy konkretnych, narzuconych norm. Ka\u017cdy mo\u017ce da\u0107 si\u0119 ponie\u015b\u0107 wyobra\u017ani i totalnie zaszale\u0107. Je\u015bli jednak chcecie by\u0107 trendy, podpowiem...\" \/>\n<meta property=\"og:url\" content=\"https:\/\/resibo.pl\/blog\/makijaz-sylwestrowy\/\" \/>\n<meta property=\"og:site_name\" content=\"Kosmetyki naturalne Resibo\" \/>\n<meta property=\"article:publisher\" content=\"http:\/\/facebook.com\/resiboPL\" \/>\n<meta property=\"article:published_time\" content=\"2014-12-30T19:31:52+00:00\" \/>\n<meta property=\"og:image\" content=\"https:\/\/resibo.pl\/blog\/wp-content\/uploads\/2014\/12\/DSC0578-1024x680.jpg\" \/>\n<meta name=\"author\" content=\"Magda\" \/>\n<meta name=\"twitter:label1\" content=\"Napisane przez\" \/>\n\t<meta name=\"twitter:data1\" content=\"Magda\" \/>\n\t<meta name=\"twitter:label2\" content=\"Szacowany czas czytania\" \/>\n\t<meta name=\"twitter:data2\" content=\"4 minuty\" \/>\n<script type=\"application\/ld+json\" class=\"yoast-schema-graph\">{\"@context\":\"https:\\\/\\\/schema.org\",\"@graph\":[{\"@type\":\"Article\",\"@id\":\"https:\\\/\\\/resibo.pl\\\/blog\\\/makijaz-sylwestrowy\\\/#article\",\"isPartOf\":{\"@id\":\"https:\\\/\\\/resibo.pl\\\/blog\\\/makijaz-sylwestrowy\\\/\"},\"author\":{\"name\":\"Magda\",\"@id\":\"https:\\\/\\\/resibo.pl\\\/blog\\\/#\\\/schema\\\/person\\\/b83ed5dbb3219da851fb49ab9f7df4dc\"},\"headline\":\"Makija\u017c sylwestrowy\",\"datePublished\":\"2014-12-30T19:31:52+00:00\",\"mainEntityOfPage\":{\"@id\":\"https:\\\/\\\/resibo.pl\\\/blog\\\/makijaz-sylwestrowy\\\/\"},\"wordCount\":877,\"commentCount\":0,\"publisher\":{\"@id\":\"https:\\\/\\\/resibo.pl\\\/blog\\\/#organization\"},\"image\":{\"@id\":\"https:\\\/\\\/resibo.pl\\\/blog\\\/makijaz-sylwestrowy\\\/#primaryimage\"},\"thumbnailUrl\":\"https:\\\/\\\/resibo.pl\\\/blog\\\/wp-content\\\/uploads\\\/2014\\\/12\\\/fireworks-2.jpg\",\"articleSection\":[\"O pielegnacji\"],\"inLanguage\":\"pl-PL\",\"potentialAction\":[{\"@type\":\"CommentAction\",\"name\":\"Comment\",\"target\":[\"https:\\\/\\\/resibo.pl\\\/blog\\\/makijaz-sylwestrowy\\\/#respond\"]}]},{\"@type\":\"WebPage\",\"@id\":\"https:\\\/\\\/resibo.pl\\\/blog\\\/makijaz-sylwestrowy\\\/\",\"url\":\"https:\\\/\\\/resibo.pl\\\/blog\\\/makijaz-sylwestrowy\\\/\",\"name\":\"Makija\u017c sylwestrowy - Kosmetyki naturalne Resibo\",\"isPartOf\":{\"@id\":\"https:\\\/\\\/resibo.pl\\\/blog\\\/#website\"},\"primaryImageOfPage\":{\"@id\":\"https:\\\/\\\/resibo.pl\\\/blog\\\/makijaz-sylwestrowy\\\/#primaryimage\"},\"image\":{\"@id\":\"https:\\\/\\\/resibo.pl\\\/blog\\\/makijaz-sylwestrowy\\\/#primaryimage\"},\"thumbnailUrl\":\"https:\\\/\\\/resibo.pl\\\/blog\\\/wp-content\\\/uploads\\\/2014\\\/12\\\/fireworks-2.jpg\",\"datePublished\":\"2014-12-30T19:31:52+00:00\",\"breadcrumb\":{\"@id\":\"https:\\\/\\\/resibo.pl\\\/blog\\\/makijaz-sylwestrowy\\\/#breadcrumb\"},\"inLanguage\":\"pl-PL\",\"potentialAction\":[{\"@type\":\"ReadAction\",\"target\":[\"https:\\\/\\\/resibo.pl\\\/blog\\\/makijaz-sylwestrowy\\\/\"]}]},{\"@type\":\"ImageObject\",\"inLanguage\":\"pl-PL\",\"@id\":\"https:\\\/\\\/resibo.pl\\\/blog\\\/makijaz-sylwestrowy\\\/#primaryimage\",\"url\":\"https:\\\/\\\/resibo.pl\\\/blog\\\/wp-content\\\/uploads\\\/2014\\\/12\\\/fireworks-2.jpg\",\"contentUrl\":\"https:\\\/\\\/resibo.pl\\\/blog\\\/wp-content\\\/uploads\\\/2014\\\/12\\\/fireworks-2.jpg\",\"width\":1280,\"height\":960},{\"@type\":\"BreadcrumbList\",\"@id\":\"https:\\\/\\\/resibo.pl\\\/blog\\\/makijaz-sylwestrowy\\\/#breadcrumb\",\"itemListElement\":[{\"@type\":\"ListItem\",\"position\":1,\"name\":\"Strona g\u0142\u00f3wna\",\"item\":\"https:\\\/\\\/resibo.pl\\\/blog\\\/\"},{\"@type\":\"ListItem\",\"position\":2,\"name\":\"Makija\u017c sylwestrowy\"}]},{\"@type\":\"WebSite\",\"@id\":\"https:\\\/\\\/resibo.pl\\\/blog\\\/#website\",\"url\":\"https:\\\/\\\/resibo.pl\\\/blog\\\/\",\"name\":\"Kosmetyki naturalne Resibo\",\"description\":\"\",\"publisher\":{\"@id\":\"https:\\\/\\\/resibo.pl\\\/blog\\\/#organization\"},\"potentialAction\":[{\"@type\":\"SearchAction\",\"target\":{\"@type\":\"EntryPoint\",\"urlTemplate\":\"https:\\\/\\\/resibo.pl\\\/blog\\\/?s={search_term_string}\"},\"query-input\":{\"@type\":\"PropertyValueSpecification\",\"valueRequired\":true,\"valueName\":\"search_term_string\"}}],\"inLanguage\":\"pl-PL\"},{\"@type\":\"Organization\",\"@id\":\"https:\\\/\\\/resibo.pl\\\/blog\\\/#organization\",\"name\":\"Resibo\",\"url\":\"https:\\\/\\\/resibo.pl\\\/blog\\\/\",\"logo\":{\"@type\":\"ImageObject\",\"inLanguage\":\"pl-PL\",\"@id\":\"https:\\\/\\\/resibo.pl\\\/blog\\\/#\\\/schema\\\/logo\\\/image\\\/\",\"url\":\"https:\\\/\\\/resibo.pl\\\/blog\\\/wp-content\\\/uploads\\\/2022\\\/02\\\/cropped-logo.png\",\"contentUrl\":\"https:\\\/\\\/resibo.pl\\\/blog\\\/wp-content\\\/uploads\\\/2022\\\/02\\\/cropped-logo.png\",\"width\":274,\"height\":109,\"caption\":\"Resibo\"},\"image\":{\"@id\":\"https:\\\/\\\/resibo.pl\\\/blog\\\/#\\\/schema\\\/logo\\\/image\\\/\"},\"sameAs\":[\"http:\\\/\\\/facebook.com\\\/resiboPL\",\"http:\\\/\\\/instagram.com\\\/resibobynature\"]},{\"@type\":\"Person\",\"@id\":\"https:\\\/\\\/resibo.pl\\\/blog\\\/#\\\/schema\\\/person\\\/b83ed5dbb3219da851fb49ab9f7df4dc\",\"name\":\"Magda\",\"image\":{\"@type\":\"ImageObject\",\"inLanguage\":\"pl-PL\",\"@id\":\"https:\\\/\\\/secure.gravatar.com\\\/avatar\\\/0dfb5ced8ae1e08e5ccb725b615759b70c0470361d1df994cce404b851bfb639?s=96&d=mm&r=g\",\"url\":\"https:\\\/\\\/secure.gravatar.com\\\/avatar\\\/0dfb5ced8ae1e08e5ccb725b615759b70c0470361d1df994cce404b851bfb639?s=96&d=mm&r=g\",\"contentUrl\":\"https:\\\/\\\/secure.gravatar.com\\\/avatar\\\/0dfb5ced8ae1e08e5ccb725b615759b70c0470361d1df994cce404b851bfb639?s=96&d=mm&r=g\",\"caption\":\"Magda\"},\"description\":\"Magdalena Matyga-Kruk, ekspert ds. kosmetologii Kosmetologia i wszystko, co zwi\u0105zane z piel\u0119gnacj\u0105 sk\u00f3ry, to moja pasja. \u017beby nie musie\u0107 nigdy pracowa\u0107, z tej pasji uczyni\u0142am\u2026 prac\u0119. Od ponad pi\u0119ciu lat prowadz\u0119 salon kosmetyczny Magda M w \u015awidnicy, kt\u00f3remu po\u015bwi\u0119cam wi\u0119kszo\u015b\u0107 swojego czasu. Ci\u0105gle poszerzam swoj\u0105 wiedz\u0119, a zadowolenie moich coraz liczniejszych klient\u00f3w to najlepsza zap\u0142ata, bo jestem kosmetyczk\u0105 z wykszta\u0142cenia, ale przede wszystkim z zami\u0142owania.\",\"url\":\"https:\\\/\\\/resibo.pl\\\/blog\\\/author\\\/magda\\\/\"}]}<\/script>\n<!-- \/ Yoast SEO plugin. -->","yoast_head_json":{"title":"Makija\u017c sylwestrowy - Kosmetyki naturalne Resibo","robots":{"index":"index","follow":"follow","max-snippet":"max-snippet:-1","max-image-preview":"max-image-preview:large","max-video-preview":"max-video-preview:-1"},"canonical":"https:\/\/resibo.pl\/blog\/makijaz-sylwestrowy\/","og_locale":"pl_PL","og_type":"article","og_title":"Makija\u017c sylwestrowy - Kosmetyki naturalne Resibo","og_description":"Co s\u0142ycha\u0107 w najnowszych trendach na najwa\u017cniejsz\u0105 noc w roku? Ju\u017c zacz\u0119\u0142o si\u0119 sylwestrowe szale\u0144stwo. Dok\u0105d i\u015b\u0107? W co si\u0119 ubra\u0107? Jak pomalowa\u0107? To pytania frapuj\u0105ce teraz wi\u0119kszo\u015b\u0107 kobiet. W naszych czasach nie ma \u017cadnych ogranicze\u0144 czy konkretnych, narzuconych norm. Ka\u017cdy mo\u017ce da\u0107 si\u0119 ponie\u015b\u0107 wyobra\u017ani i totalnie zaszale\u0107. Je\u015bli jednak chcecie by\u0107 trendy, podpowiem...","og_url":"https:\/\/resibo.pl\/blog\/makijaz-sylwestrowy\/","og_site_name":"Kosmetyki naturalne Resibo","article_publisher":"http:\/\/facebook.com\/resiboPL","article_published_time":"2014-12-30T19:31:52+00:00","og_image":[{"url":"https:\/\/resibo.pl\/blog\/wp-content\/uploads\/2014\/12\/DSC0578-1024x680.jpg","type":"","width":"","height":""}],"author":"Magda","twitter_misc":{"Napisane przez":"Magda","Szacowany czas czytania":"4 minuty"},"schema":{"@context":"https:\/\/schema.org","@graph":[{"@type":"Article","@id":"https:\/\/resibo.pl\/blog\/makijaz-sylwestrowy\/#article","isPartOf":{"@id":"https:\/\/resibo.pl\/blog\/makijaz-sylwestrowy\/"},"author":{"name":"Magda","@id":"https:\/\/resibo.pl\/blog\/#\/schema\/person\/b83ed5dbb3219da851fb49ab9f7df4dc"},"headline":"Makija\u017c sylwestrowy","datePublished":"2014-12-30T19:31:52+00:00","mainEntityOfPage":{"@id":"https:\/\/resibo.pl\/blog\/makijaz-sylwestrowy\/"},"wordCount":877,"commentCount":0,"publisher":{"@id":"https:\/\/resibo.pl\/blog\/#organization"},"image":{"@id":"https:\/\/resibo.pl\/blog\/makijaz-sylwestrowy\/#primaryimage"},"thumbnailUrl":"https:\/\/resibo.pl\/blog\/wp-content\/uploads\/2014\/12\/fireworks-2.jpg","articleSection":["O pielegnacji"],"inLanguage":"pl-PL","potentialAction":[{"@type":"CommentAction","name":"Comment","target":["https:\/\/resibo.pl\/blog\/makijaz-sylwestrowy\/#respond"]}]},{"@type":"WebPage","@id":"https:\/\/resibo.pl\/blog\/makijaz-sylwestrowy\/","url":"https:\/\/resibo.pl\/blog\/makijaz-sylwestrowy\/","name":"Makija\u017c sylwestrowy - Kosmetyki naturalne Resibo","isPartOf":{"@id":"https:\/\/resibo.pl\/blog\/#website"},"primaryImageOfPage":{"@id":"https:\/\/resibo.pl\/blog\/makijaz-sylwestrowy\/#primaryimage"},"image":{"@id":"https:\/\/resibo.pl\/blog\/makijaz-sylwestrowy\/#primaryimage"},"thumbnailUrl":"https:\/\/resibo.pl\/blog\/wp-content\/uploads\/2014\/12\/fireworks-2.jpg","datePublished":"2014-12-30T19:31:52+00:00","breadcrumb":{"@id":"https:\/\/resibo.pl\/blog\/makijaz-sylwestrowy\/#breadcrumb"},"inLanguage":"pl-PL","potentialAction":[{"@type":"ReadAction","target":["https:\/\/resibo.pl\/blog\/makijaz-sylwestrowy\/"]}]},{"@type":"ImageObject","inLanguage":"pl-PL","@id":"https:\/\/resibo.pl\/blog\/makijaz-sylwestrowy\/#primaryimage","url":"https:\/\/resibo.pl\/blog\/wp-content\/uploads\/2014\/12\/fireworks-2.jpg","contentUrl":"https:\/\/resibo.pl\/blog\/wp-content\/uploads\/2014\/12\/fireworks-2.jpg","width":1280,"height":960},{"@type":"BreadcrumbList","@id":"https:\/\/resibo.pl\/blog\/makijaz-sylwestrowy\/#breadcrumb","itemListElement":[{"@type":"ListItem","position":1,"name":"Strona g\u0142\u00f3wna","item":"https:\/\/resibo.pl\/blog\/"},{"@type":"ListItem","position":2,"name":"Makija\u017c sylwestrowy"}]},{"@type":"WebSite","@id":"https:\/\/resibo.pl\/blog\/#website","url":"https:\/\/resibo.pl\/blog\/","name":"Kosmetyki naturalne Resibo","description":"","publisher":{"@id":"https:\/\/resibo.pl\/blog\/#organization"},"potentialAction":[{"@type":"SearchAction","target":{"@type":"EntryPoint","urlTemplate":"https:\/\/resibo.pl\/blog\/?s={search_term_string}"},"query-input":{"@type":"PropertyValueSpecification","valueRequired":true,"valueName":"search_term_string"}}],"inLanguage":"pl-PL"},{"@type":"Organization","@id":"https:\/\/resibo.pl\/blog\/#organization","name":"Resibo","url":"https:\/\/resibo.pl\/blog\/","logo":{"@type":"ImageObject","inLanguage":"pl-PL","@id":"https:\/\/resibo.pl\/blog\/#\/schema\/logo\/image\/","url":"https:\/\/resibo.pl\/blog\/wp-content\/uploads\/2022\/02\/cropped-logo.png","contentUrl":"https:\/\/resibo.pl\/blog\/wp-content\/uploads\/2022\/02\/cropped-logo.png","width":274,"height":109,"caption":"Resibo"},"image":{"@id":"https:\/\/resibo.pl\/blog\/#\/schema\/logo\/image\/"},"sameAs":["http:\/\/facebook.com\/resiboPL","http:\/\/instagram.com\/resibobynature"]},{"@type":"Person","@id":"https:\/\/resibo.pl\/blog\/#\/schema\/person\/b83ed5dbb3219da851fb49ab9f7df4dc","name":"Magda","image":{"@type":"ImageObject","inLanguage":"pl-PL","@id":"https:\/\/secure.gravatar.com\/avatar\/0dfb5ced8ae1e08e5ccb725b615759b70c0470361d1df994cce404b851bfb639?s=96&d=mm&r=g","url":"https:\/\/secure.gravatar.com\/avatar\/0dfb5ced8ae1e08e5ccb725b615759b70c0470361d1df994cce404b851bfb639?s=96&d=mm&r=g","contentUrl":"https:\/\/secure.gravatar.com\/avatar\/0dfb5ced8ae1e08e5ccb725b615759b70c0470361d1df994cce404b851bfb639?s=96&d=mm&r=g","caption":"Magda"},"description":"Magdalena Matyga-Kruk, ekspert ds. kosmetologii Kosmetologia i wszystko, co zwi\u0105zane z piel\u0119gnacj\u0105 sk\u00f3ry, to moja pasja. \u017beby nie musie\u0107 nigdy pracowa\u0107, z tej pasji uczyni\u0142am\u2026 prac\u0119. Od ponad pi\u0119ciu lat prowadz\u0119 salon kosmetyczny Magda M w \u015awidnicy, kt\u00f3remu po\u015bwi\u0119cam wi\u0119kszo\u015b\u0107 swojego czasu. Ci\u0105gle poszerzam swoj\u0105 wiedz\u0119, a zadowolenie moich coraz liczniejszych klient\u00f3w to najlepsza zap\u0142ata, bo jestem kosmetyczk\u0105 z wykszta\u0142cenia, ale przede wszystkim z zami\u0142owania.","url":"https:\/\/resibo.pl\/blog\/author\/magda\/"}]}},"_links":{"self":[{"href":"https:\/\/resibo.pl\/blog\/wp-json\/wp\/v2\/posts\/4547","targetHints":{"allow":["GET"]}}],"collection":[{"href":"https:\/\/resibo.pl\/blog\/wp-json\/wp\/v2\/posts"}],"about":[{"href":"https:\/\/resibo.pl\/blog\/wp-json\/wp\/v2\/types\/post"}],"author":[{"embeddable":true,"href":"https:\/\/resibo.pl\/blog\/wp-json\/wp\/v2\/users\/8"}],"replies":[{"embeddable":true,"href":"https:\/\/resibo.pl\/blog\/wp-json\/wp\/v2\/comments?post=4547"}],"version-history":[{"count":0,"href":"https:\/\/resibo.pl\/blog\/wp-json\/wp\/v2\/posts\/4547\/revisions"}],"wp:featuredmedia":[{"embeddable":true,"href":"https:\/\/resibo.pl\/blog\/wp-json\/wp\/v2\/media\/4555"}],"wp:attachment":[{"href":"https:\/\/resibo.pl\/blog\/wp-json\/wp\/v2\/media?parent=4547"}],"wp:term":[{"taxonomy":"category","embeddable":true,"href":"https:\/\/resibo.pl\/blog\/wp-json\/wp\/v2\/categories?post=4547"},{"taxonomy":"post_tag","embeddable":true,"href":"https:\/\/resibo.pl\/blog\/wp-json\/wp\/v2\/tags?post=4547"}],"curies":[{"name":"wp","href":"https:\/\/api.w.org\/{rel}","templated":true}]}}