{"id":4627,"date":"2015-01-13T21:33:00","date_gmt":"2015-01-13T20:33:00","guid":{"rendered":"https:\/\/resibo.pl\/blog\/?p=4627"},"modified":"2015-01-13T21:33:00","modified_gmt":"2015-01-13T20:33:00","slug":"byloby-lato-dluzsze-gdyby-nie-zima","status":"publish","type":"post","link":"https:\/\/resibo.pl\/blog\/byloby-lato-dluzsze-gdyby-nie-zima\/","title":{"rendered":"By\u0142oby lato d\u0142u\u017csze, gdyby nie zima&#8230;"},"content":{"rendered":"<div class=\"vgblk-rw-wrapper limit-wrapper\">\n<p style=\"text-align: justify;\"><span data-reactid=\".41.$mid=11421178423054=2206469d73fd09cfb36.2:0.0.0.0.0.0.$end:0:$4:0\">Jak piel\u0119gnowa\u0107 skore w tym trudnym dla niej okresie? Oto jest pytanie i kilka prostych porad.<\/span><br data-reactid=\".41.$mid=11421178423054=2206469d73fd09cfb36.2:0.0.0.0.0.0.$end:0:$5:0\" \/><br data-reactid=\".41.$mid=11421178423054=2206469d73fd09cfb36.2:0.0.0.0.0.0.$end:0:$7:0\" \/><span data-reactid=\".41.$mid=11421178423054=2206469d73fd09cfb36.2:0.0.0.0.0.0.$end:0:$8:0\">Zima to czas, w kt\u00f3rym nasza cera nara\u017cona jest na nadmierne wysuszenie, nie tylko przez ostry wiatr i mr\u00f3z, ale tak\u017ce mocne ogrzewanie w pomieszczeniach. W takich warunkach traci wilgo\u0107 dwa razy szybcie ni\u017c latem czy wiosn\u0105, staje si\u0119 mniej elastyczna, zaczerwieniona, spierzchni\u0119ta i \u0142uszczy si\u0119 nieestetycznie. Je\u015bli do\u0142o\u017cy\u0107 jeszcze do tego siarczysty, ostry klimat g\u00f3rski, gdy wybieracie si\u0119 na przyk\u0142ad na narty, dojd\u0105 do kompletu rozszerzone naczynia krwiono\u015bne, a to znacznie os\u0142abia w\u0142a\u015bciwo\u015bci regeneracyjne sk\u00f3ry.<\/span><\/p>\n<p style=\"text-align: justify;\"><span data-reactid=\".41.$mid=11421178423054=2206469d73fd09cfb36.2:0.0.0.0.0.0.$end:0:$10:0\">Stosuj\u0105c si\u0119 jednak do kilku prostych zasad, unikniecie lub zminimalizujecie &#8222;zniszczenia&#8221; po zimowych szale\u0144stwach. <\/span><br data-reactid=\".41.$mid=11421178423054=2206469d73fd09cfb36.2:0.0.0.0.0.0.$end:0:$11:0\" \/><br data-reactid=\".41.$mid=11421178423054=2206469d73fd09cfb36.2:0.0.0.0.0.0.$end:0:$13:0\" \/><span data-reactid=\".41.$mid=11421178423054=2206469d73fd09cfb36.2:0.0.0.0.0.0.$end:0:$14:0\"><strong>Zasada nr 1 &#8211; oczyszczanie!<\/strong> <\/span><br data-reactid=\".41.$mid=11421178423054=2206469d73fd09cfb36.2:0.0.0.0.0.0.$end:0:$15:0\" \/><br data-reactid=\".41.$mid=11421178423054=2206469d73fd09cfb36.2:0.0.0.0.0.0.$end:0:$17:0\" \/><span data-reactid=\".41.$mid=11421178423054=2206469d73fd09cfb36.2:0.0.0.0.0.0.$end:0:$18:0\">Dotyczy ono oczywi\u015bcie ka\u017cdej pory roku, zim\u0105 jednak szczeg\u00f3lnie wa\u017cny b\u0119dzie spos\u00f3b i u\u017cyte kosmetyki. Najwa\u017cniejsze jest to, aby \u015brodek do mycia by\u0142 bezalkoholowy. Jeszcze lepiej, jak bedzie mia\u0142 nieco bardziej t\u0142ust\u0105 konsystencj\u0119, \u017ceby zapobiega\u0107 wysuszeniu. Tu idealnym kosmetykiem bedzie olejek do demakija\u017cu Resibo. Zawarto\u015b\u0107 olej\u00f3w naturalnych i eterycznych zapobiegnie przeznask\u00f3rkowej utracie wody i uzupe\u0142ni niedobory lipid\u00f3w w warstwie hydrolipidowej nask\u00f3rka.<\/span><\/p>\n<p style=\"text-align: justify;\"><a href=\"https:\/\/resibo.pl\/blog\/wp-content\/uploads\/2015\/01\/DSC05353.jpg\"><img fetchpriority=\"high\" decoding=\"async\" width=\"1024\" height=\"768\" class=\"aligncenter size-large wp-image-4630\" src=\"https:\/\/resibo.pl\/blog\/wp-content\/uploads\/2015\/01\/DSC05353-1024x768.jpg\" alt=\"DSC05353\" srcset=\"https:\/\/resibo.pl\/blog\/wp-content\/uploads\/2015\/01\/DSC05353-1024x768.jpg 1024w, https:\/\/resibo.pl\/blog\/wp-content\/uploads\/2015\/01\/DSC05353-scaled-315x236.jpg 315w, https:\/\/resibo.pl\/blog\/wp-content\/uploads\/2015\/01\/DSC05353-scaled-630x473.jpg 630w, https:\/\/resibo.pl\/blog\/wp-content\/uploads\/2015\/01\/DSC05353-300x225.jpg 300w, https:\/\/resibo.pl\/blog\/wp-content\/uploads\/2015\/01\/DSC05353-1075x806.jpg 1075w, https:\/\/resibo.pl\/blog\/wp-content\/uploads\/2015\/01\/DSC05353-800x600.jpg 800w, https:\/\/resibo.pl\/blog\/wp-content\/uploads\/2015\/01\/DSC05353-400x300.jpg 400w\" sizes=\"(max-width: 1024px) 100vw, 1024px\" \/><\/a><br data-reactid=\".41.$mid=11421178423054=2206469d73fd09cfb36.2:0.0.0.0.0.0.$end:0:$19:0\" \/><br data-reactid=\".41.$mid=11421178423054=2206469d73fd09cfb36.2:0.0.0.0.0.0.$end:0:$21:0\" \/><strong><span data-reactid=\".41.$mid=11421178423054=2206469d73fd09cfb36.2:0.0.0.0.0.0.$end:0:$22:0\">Zasada nr 2 &#8211; krem ochronny!<\/span><\/strong><br data-reactid=\".41.$mid=11421178423054=2206469d73fd09cfb36.2:0.0.0.0.0.0.$end:0:$23:0\" \/><br data-reactid=\".41.$mid=11421178423054=2206469d73fd09cfb36.2:0.0.0.0.0.0.$end:0:$25:0\" \/><span data-reactid=\".41.$mid=11421178423054=2206469d73fd09cfb36.2:0.0.0.0.0.0.$end:0:$26:0\">Je\u015bli nie wybieracie si\u0119 na szusowanie po stokach w s\u0142o\u0144cu i mrozie, z powodzeniem do codziennej &#8222;miastowej&#8221; pielegnacji mo\u017cecie u\u017cy\u0107 kremu nawil\u017caj\u0105cego z mineralnymi filtrami UV. Nie jest jednak oboj\u0119tne, jaki to krem nawil\u017caj\u0105cy b\u0119dzie, bo nie mo\u017ce by\u0107 zbyt lekki, wodnisty. Oczywi\u015bcie polecam krem ultranawil\u017caj\u0105cy Resibo, bo przekonuje mnie jego sk\u0142ad i odczucia jakie zapewnia &#8211; komfort przez ca\u0142y dzie\u0144 w po\u0142\u0105czeniu z lekk\u0105 formu\u0142\u0105, to dla mnie idea\u0142<\/span>.<\/p>\n<p style=\"text-align: justify;\">W przypadku zdobywania szczyt\u00f3w na nartach czy innych g\u00f3rskich przyg\u00f3d, konieczne b\u0119dzie zabiezpieczenie sk\u00f3ry twarzy kremem od\u017cywczym, o zdecydowanie bogatszej konsystencji. Na taki krem, po ok 15 minutach od aplikacji mozna na\u0142o\u017cy\u0107 podk\u0142ad z filtrem, lub je\u015bli warunki tego wymagaj\u0105, preparat w wy\u017cszym stopniem ochrony.<\/p>\n<p style=\"text-align: justify;\"><a href=\"https:\/\/resibo.pl\/blog\/wp-content\/uploads\/2015\/01\/DSC079991.jpg\"><img decoding=\"async\" width=\"1024\" height=\"768\" class=\"aligncenter size-large wp-image-4641\" src=\"https:\/\/resibo.pl\/blog\/wp-content\/uploads\/2015\/01\/DSC079991-1024x768.jpg\" alt=\"DSC07999[1]\" srcset=\"https:\/\/resibo.pl\/blog\/wp-content\/uploads\/2015\/01\/DSC079991-1024x768.jpg 1024w, https:\/\/resibo.pl\/blog\/wp-content\/uploads\/2015\/01\/DSC079991-scaled-315x236.jpg 315w, https:\/\/resibo.pl\/blog\/wp-content\/uploads\/2015\/01\/DSC079991-scaled-630x473.jpg 630w, https:\/\/resibo.pl\/blog\/wp-content\/uploads\/2015\/01\/DSC079991-300x225.jpg 300w, https:\/\/resibo.pl\/blog\/wp-content\/uploads\/2015\/01\/DSC079991-1075x806.jpg 1075w, https:\/\/resibo.pl\/blog\/wp-content\/uploads\/2015\/01\/DSC079991-800x600.jpg 800w, https:\/\/resibo.pl\/blog\/wp-content\/uploads\/2015\/01\/DSC079991-400x300.jpg 400w\" sizes=\"(max-width: 1024px) 100vw, 1024px\" \/><\/a><\/p>\n<p style=\"text-align: justify;\"><strong><span data-reactid=\".41.$mid=11421178423054=2206469d73fd09cfb36.2:0.0.0.0.0.0.$end:0:$30:0\">Zasada nr 3 &#8211; okulary przeciws\u0142oneczne!<\/span><\/strong><br data-reactid=\".41.$mid=11421178423054=2206469d73fd09cfb36.2:0.0.0.0.0.0.$end:0:$31:0\" \/><br data-reactid=\".41.$mid=11421178423054=2206469d73fd09cfb36.2:0.0.0.0.0.0.$end:0:$33:0\" \/><span data-reactid=\".41.$mid=11421178423054=2206469d73fd09cfb36.2:0.0.0.0.0.0.$end:0:$34:0\">Nie zapominamy rownie\u017c o piel\u0119gnacji wra\u017cliwej, cieniutkiej sk\u00f3ry wok\u00f3\u0142 oczu odpowiednio przeznaczonymi do tego kremami. Jednak to mo\u017ce bo niewystarczaj\u0105ca ochrona, szczeg\u00f3lnie kiedy np. na stoku, w s\u0142oneczny dzie\u0144, s\u0142o\u0144ce odbija si\u0119 od \u015bniegu i mocno razi, co powoduje, \u017ce dodatkowo je mru\u017cymy. Pami\u0119tajcie wi\u0119c koniecznie o okularach z filtrami, najlepiej prawdziwych, ochronnych, kupionych u optyka.<\/span><\/p>\n<p style=\"text-align: justify;\"><a href=\"https:\/\/resibo.pl\/blog\/wp-content\/uploads\/2015\/01\/DSC05367.jpg\"><img decoding=\"async\" width=\"1024\" height=\"765\" class=\"aligncenter size-large wp-image-4631\" src=\"https:\/\/resibo.pl\/blog\/wp-content\/uploads\/2015\/01\/DSC05367-1024x765.jpg\" alt=\"DSC05367\" srcset=\"https:\/\/resibo.pl\/blog\/wp-content\/uploads\/2015\/01\/DSC05367-1024x765.jpg 1024w, https:\/\/resibo.pl\/blog\/wp-content\/uploads\/2015\/01\/DSC05367-315x235.jpg 315w, https:\/\/resibo.pl\/blog\/wp-content\/uploads\/2015\/01\/DSC05367-630x471.jpg 630w, https:\/\/resibo.pl\/blog\/wp-content\/uploads\/2015\/01\/DSC05367-300x224.jpg 300w, https:\/\/resibo.pl\/blog\/wp-content\/uploads\/2015\/01\/DSC05367-1075x803.jpg 1075w, https:\/\/resibo.pl\/blog\/wp-content\/uploads\/2015\/01\/DSC05367-400x300.jpg 400w, https:\/\/resibo.pl\/blog\/wp-content\/uploads\/2015\/01\/DSC05367.jpg 1973w\" sizes=\"(max-width: 1024px) 100vw, 1024px\" \/><\/a><br data-reactid=\".41.$mid=11421178423054=2206469d73fd09cfb36.2:0.0.0.0.0.0.$end:0:$35:0\" \/><br data-reactid=\".41.$mid=11421178423054=2206469d73fd09cfb36.2:0.0.0.0.0.0.$end:0:$37:0\" \/><strong><span data-reactid=\".41.$mid=11421178423054=2206469d73fd09cfb36.2:0.0.0.0.0.0.$end:0:$38:0\">Zasada nr 4 &#8211; odbudowa!<\/span><\/strong><br data-reactid=\".41.$mid=11421178423054=2206469d73fd09cfb36.2:0.0.0.0.0.0.$end:0:$39:0\" \/><br data-reactid=\".41.$mid=11421178423054=2206469d73fd09cfb36.2:0.0.0.0.0.0.$end:0:$41:0\" \/><span data-reactid=\".41.$mid=11421178423054=2206469d73fd09cfb36.2:0.0.0.0.0.0.$end:0:$42:0\">Teraz szczeg\u00f3lnie wa\u017cne jest stosowanie odpowiednich kosmetyk\u00f3w na noc,w czasie kiedy sk\u00f3ra si\u0119 regeneruje. Tu rownie\u017c niezast\u0105piony jest krem o od\u017cywczych w\u0142a\u015bciwo\u015bciach. Opr\u00f3cz krem\u00f3w warto raz w tygodniu dopie\u015bci\u0107 buzi\u0119 maseczkami z naturalnymi olejami, witaminami i ceramidami, kt\u00f3re uzupe\u0142niaj\u0105 ubytki mi\u0119dzy kom\u00f3rkami nask\u00f3rka. Warto taki zabieg poprzedzi\u0107 peelingiem, najlepiej enzymatycznym, kt\u00f3ry nie podra\u017cni a u\u0142atwi wch\u0142anianie substancji czynnych z krem\u00f3w i maseczek.<\/span><br data-reactid=\".41.$mid=11421178423054=2206469d73fd09cfb36.2:0.0.0.0.0.0.$end:0:$43:0\" \/><br data-reactid=\".41.$mid=11421178423054=2206469d73fd09cfb36.2:0.0.0.0.0.0.$end:0:$45:0\" \/><strong><span data-reactid=\".41.$mid=11421178423054=2206469d73fd09cfb36.2:0.0.0.0.0.0.$end:0:$46:0\">Zasada nr 5 &#8211; peeling cia\u0142a!<\/span><\/strong><br data-reactid=\".41.$mid=11421178423054=2206469d73fd09cfb36.2:0.0.0.0.0.0.$end:0:$47:0\" \/><br data-reactid=\".41.$mid=11421178423054=2206469d73fd09cfb36.2:0.0.0.0.0.0.$end:0:$49:0\" \/><span data-reactid=\".41.$mid=11421178423054=2206469d73fd09cfb36.2:0.0.0.0.0.0.$end:0:$50:0\">Nie zapominamy oczywi\u015bcie o ca\u0142ej reszcie naszego cia\u0142a. Zim\u0105 najbardziej nara\u017cone ma niekorzystny wp\u0142yw czynnik\u00f3w atmosferycznych opr\u00f3cz twarzy s\u0105 d\u0142onie. I tu drogie kole\u017canki zach\u0119cam do zrobienia sobie ma\u0142ego, domowego SPA. Aby wykona\u0107 peeling ca\u0142ego cia\u0142a, w tym rownie\u017c poszkodowanych d\u0142oni, niezast\u0105piony znowu b\u0119dzie nasz cudownie aromatyczny olejek Resibo. <\/span><\/p>\n<blockquote class=\"blockquote--custom\"><p><span class=\"blockquote__icon\"><i class=\"icon-quote\"><\/i>\u00a0<\/span>Do ma\u0142ej miseczki wlejcie odrobin\u0119 olejku, 5-6pompek, i dosypcie do niego zmielon\u0105 kaw\u0119 (tylko nie rozpuszczaln\u0105!) lub cukier, s\u00f3l gruboziarnist\u0105 czy cho\u0107by wi\u00f3rki kokosowe i wymasujcie tak sporz\u0105dzon\u0105 papk\u0105 d\u0142onie, stopy, r\u0119ce, nogi czy plecy.<\/p><\/blockquote>\n<p style=\"text-align: justify;\"><span data-reactid=\".41.$mid=11421178423054=2206469d73fd09cfb36.2:0.0.0.0.0.0.$end:0:$50:0\">Po tak wykonanym z\u0142uszczaniu sk\u00f3ra b\u0119dzie mi\u0119ciutka i lekko nat\u0142uszczona. Szczerze polecam!<\/span><br data-reactid=\".41.$mid=11421178423054=2206469d73fd09cfb36.2:0.0.0.0.0.0.$end:0:$51:0\" \/><br data-reactid=\".41.$mid=11421178423054=2206469d73fd09cfb36.2:0.0.0.0.0.0.$end:0:$53:0\" \/><span data-reactid=\".41.$mid=11421178423054=2206469d73fd09cfb36.2:0.0.0.0.0.0.$end:0:$54:0\">Mia\u0142o by\u0107 kr\u00f3tko, jak zwykle nie wysz\u0142o;) To jednak ogromnie wa\u017cne, jak piel\u0119gnujemy sk\u00f3r\u0119 zim\u0105 , bo jak m\u00f3wi staropolskie przys\u0142owie -&#8221; jak w zimie piecze to w lecie ciecze&#8221;. Cokolwiek by to nie znaczy\u0142o&#8230;<\/span><\/p>\n<p style=\"text-align: justify;\"><a href=\"https:\/\/resibo.pl\/blog\/wp-content\/uploads\/2015\/01\/DSC05357.jpg\"><img loading=\"lazy\" decoding=\"async\" width=\"1024\" height=\"768\" class=\"aligncenter size-large wp-image-4638\" src=\"https:\/\/resibo.pl\/blog\/wp-content\/uploads\/2015\/01\/DSC05357-1024x768.jpg\" alt=\"DSC05357\" srcset=\"https:\/\/resibo.pl\/blog\/wp-content\/uploads\/2015\/01\/DSC05357-1024x768.jpg 1024w, https:\/\/resibo.pl\/blog\/wp-content\/uploads\/2015\/01\/DSC05357-scaled-315x236.jpg 315w, https:\/\/resibo.pl\/blog\/wp-content\/uploads\/2015\/01\/DSC05357-scaled-630x473.jpg 630w, https:\/\/resibo.pl\/blog\/wp-content\/uploads\/2015\/01\/DSC05357-300x225.jpg 300w, https:\/\/resibo.pl\/blog\/wp-content\/uploads\/2015\/01\/DSC05357-1075x806.jpg 1075w, https:\/\/resibo.pl\/blog\/wp-content\/uploads\/2015\/01\/DSC05357-800x600.jpg 800w, https:\/\/resibo.pl\/blog\/wp-content\/uploads\/2015\/01\/DSC05357-400x300.jpg 400w\" sizes=\"(max-width: 1024px) 100vw, 1024px\" \/><\/a><\/p>\n<p style=\"text-align: justify;\">\n<\/div>\n<p><!-- .vgblk-rw-wrapper --><\/p>\n","protected":false},"excerpt":{"rendered":"<p>Jak piel\u0119gnowa\u0107 skore w tym trudnym dla niej okresie? Oto jest pytanie i kilka prostych porad.Zima to czas, w kt\u00f3rym nasza cera nara\u017cona jest na nadmierne wysuszenie, nie tylko przez ostry wiatr i mr\u00f3z, ale tak\u017ce mocne ogrzewanie w pomieszczeniach. W takich warunkach traci wilgo\u0107 dwa razy szybcie ni\u017c latem czy wiosn\u0105, staje si\u0119 mniej&#8230;<\/p>\n","protected":false},"author":8,"featured_media":4628,"comment_status":"open","ping_status":"open","sticky":false,"template":"","format":"standard","meta":{"footnotes":""},"categories":[40],"tags":[],"class_list":["post-4627","post","type-post","status-publish","format-standard","has-post-thumbnail","hentry","category-magda-o-pielegnacji"],"yoast_head":"<!-- This site is optimized with the Yoast SEO plugin v27.5 - https:\/\/yoast.com\/product\/yoast-seo-wordpress\/ -->\n<title>By\u0142oby lato d\u0142u\u017csze, gdyby nie zima... - Kosmetyki naturalne Resibo<\/title>\n<meta name=\"robots\" content=\"index, follow, max-snippet:-1, max-image-preview:large, max-video-preview:-1\" \/>\n<link rel=\"canonical\" href=\"https:\/\/resibo.pl\/blog\/byloby-lato-dluzsze-gdyby-nie-zima\/\" \/>\n<meta property=\"og:locale\" content=\"pl_PL\" \/>\n<meta property=\"og:type\" content=\"article\" \/>\n<meta property=\"og:title\" content=\"By\u0142oby lato d\u0142u\u017csze, gdyby nie zima... - Kosmetyki naturalne Resibo\" \/>\n<meta property=\"og:description\" content=\"Jak piel\u0119gnowa\u0107 skore w tym trudnym dla niej okresie? Oto jest pytanie i kilka prostych porad.Zima to czas, w kt\u00f3rym nasza cera nara\u017cona jest na nadmierne wysuszenie, nie tylko przez ostry wiatr i mr\u00f3z, ale tak\u017ce mocne ogrzewanie w pomieszczeniach. W takich warunkach traci wilgo\u0107 dwa razy szybcie ni\u017c latem czy wiosn\u0105, staje si\u0119 mniej...\" \/>\n<meta property=\"og:url\" content=\"https:\/\/resibo.pl\/blog\/byloby-lato-dluzsze-gdyby-nie-zima\/\" \/>\n<meta property=\"og:site_name\" content=\"Kosmetyki naturalne Resibo\" \/>\n<meta property=\"article:publisher\" content=\"http:\/\/facebook.com\/resiboPL\" \/>\n<meta property=\"article:published_time\" content=\"2015-01-13T20:33:00+00:00\" \/>\n<meta property=\"og:image\" content=\"https:\/\/resibo.pl\/blog\/wp-content\/uploads\/2015\/01\/DSC05353-1024x768.jpg\" \/>\n<meta name=\"author\" content=\"Magda\" \/>\n<meta name=\"twitter:label1\" content=\"Napisane przez\" \/>\n\t<meta name=\"twitter:data1\" content=\"Magda\" \/>\n\t<meta name=\"twitter:label2\" content=\"Szacowany czas czytania\" \/>\n\t<meta name=\"twitter:data2\" content=\"3 minuty\" \/>\n<script type=\"application\/ld+json\" class=\"yoast-schema-graph\">{\"@context\":\"https:\\\/\\\/schema.org\",\"@graph\":[{\"@type\":\"Article\",\"@id\":\"https:\\\/\\\/resibo.pl\\\/blog\\\/byloby-lato-dluzsze-gdyby-nie-zima\\\/#article\",\"isPartOf\":{\"@id\":\"https:\\\/\\\/resibo.pl\\\/blog\\\/byloby-lato-dluzsze-gdyby-nie-zima\\\/\"},\"author\":{\"name\":\"Magda\",\"@id\":\"https:\\\/\\\/resibo.pl\\\/blog\\\/#\\\/schema\\\/person\\\/b83ed5dbb3219da851fb49ab9f7df4dc\"},\"headline\":\"By\u0142oby lato d\u0142u\u017csze, gdyby nie zima&#8230;\",\"datePublished\":\"2015-01-13T20:33:00+00:00\",\"mainEntityOfPage\":{\"@id\":\"https:\\\/\\\/resibo.pl\\\/blog\\\/byloby-lato-dluzsze-gdyby-nie-zima\\\/\"},\"wordCount\":699,\"commentCount\":0,\"publisher\":{\"@id\":\"https:\\\/\\\/resibo.pl\\\/blog\\\/#organization\"},\"image\":{\"@id\":\"https:\\\/\\\/resibo.pl\\\/blog\\\/byloby-lato-dluzsze-gdyby-nie-zima\\\/#primaryimage\"},\"thumbnailUrl\":\"https:\\\/\\\/resibo.pl\\\/blog\\\/wp-content\\\/uploads\\\/2015\\\/01\\\/DSC05366-scaled.jpg\",\"articleSection\":[\"O pielegnacji\"],\"inLanguage\":\"pl-PL\",\"potentialAction\":[{\"@type\":\"CommentAction\",\"name\":\"Comment\",\"target\":[\"https:\\\/\\\/resibo.pl\\\/blog\\\/byloby-lato-dluzsze-gdyby-nie-zima\\\/#respond\"]}]},{\"@type\":\"WebPage\",\"@id\":\"https:\\\/\\\/resibo.pl\\\/blog\\\/byloby-lato-dluzsze-gdyby-nie-zima\\\/\",\"url\":\"https:\\\/\\\/resibo.pl\\\/blog\\\/byloby-lato-dluzsze-gdyby-nie-zima\\\/\",\"name\":\"By\u0142oby lato d\u0142u\u017csze, gdyby nie zima... - Kosmetyki naturalne Resibo\",\"isPartOf\":{\"@id\":\"https:\\\/\\\/resibo.pl\\\/blog\\\/#website\"},\"primaryImageOfPage\":{\"@id\":\"https:\\\/\\\/resibo.pl\\\/blog\\\/byloby-lato-dluzsze-gdyby-nie-zima\\\/#primaryimage\"},\"image\":{\"@id\":\"https:\\\/\\\/resibo.pl\\\/blog\\\/byloby-lato-dluzsze-gdyby-nie-zima\\\/#primaryimage\"},\"thumbnailUrl\":\"https:\\\/\\\/resibo.pl\\\/blog\\\/wp-content\\\/uploads\\\/2015\\\/01\\\/DSC05366-scaled.jpg\",\"datePublished\":\"2015-01-13T20:33:00+00:00\",\"breadcrumb\":{\"@id\":\"https:\\\/\\\/resibo.pl\\\/blog\\\/byloby-lato-dluzsze-gdyby-nie-zima\\\/#breadcrumb\"},\"inLanguage\":\"pl-PL\",\"potentialAction\":[{\"@type\":\"ReadAction\",\"target\":[\"https:\\\/\\\/resibo.pl\\\/blog\\\/byloby-lato-dluzsze-gdyby-nie-zima\\\/\"]}]},{\"@type\":\"ImageObject\",\"inLanguage\":\"pl-PL\",\"@id\":\"https:\\\/\\\/resibo.pl\\\/blog\\\/byloby-lato-dluzsze-gdyby-nie-zima\\\/#primaryimage\",\"url\":\"https:\\\/\\\/resibo.pl\\\/blog\\\/wp-content\\\/uploads\\\/2015\\\/01\\\/DSC05366-scaled.jpg\",\"contentUrl\":\"https:\\\/\\\/resibo.pl\\\/blog\\\/wp-content\\\/uploads\\\/2015\\\/01\\\/DSC05366-scaled.jpg\",\"width\":2560,\"height\":1920},{\"@type\":\"BreadcrumbList\",\"@id\":\"https:\\\/\\\/resibo.pl\\\/blog\\\/byloby-lato-dluzsze-gdyby-nie-zima\\\/#breadcrumb\",\"itemListElement\":[{\"@type\":\"ListItem\",\"position\":1,\"name\":\"Strona g\u0142\u00f3wna\",\"item\":\"https:\\\/\\\/resibo.pl\\\/blog\\\/\"},{\"@type\":\"ListItem\",\"position\":2,\"name\":\"By\u0142oby lato d\u0142u\u017csze, gdyby nie zima&#8230;\"}]},{\"@type\":\"WebSite\",\"@id\":\"https:\\\/\\\/resibo.pl\\\/blog\\\/#website\",\"url\":\"https:\\\/\\\/resibo.pl\\\/blog\\\/\",\"name\":\"Kosmetyki naturalne Resibo\",\"description\":\"\",\"publisher\":{\"@id\":\"https:\\\/\\\/resibo.pl\\\/blog\\\/#organization\"},\"potentialAction\":[{\"@type\":\"SearchAction\",\"target\":{\"@type\":\"EntryPoint\",\"urlTemplate\":\"https:\\\/\\\/resibo.pl\\\/blog\\\/?s={search_term_string}\"},\"query-input\":{\"@type\":\"PropertyValueSpecification\",\"valueRequired\":true,\"valueName\":\"search_term_string\"}}],\"inLanguage\":\"pl-PL\"},{\"@type\":\"Organization\",\"@id\":\"https:\\\/\\\/resibo.pl\\\/blog\\\/#organization\",\"name\":\"Resibo\",\"url\":\"https:\\\/\\\/resibo.pl\\\/blog\\\/\",\"logo\":{\"@type\":\"ImageObject\",\"inLanguage\":\"pl-PL\",\"@id\":\"https:\\\/\\\/resibo.pl\\\/blog\\\/#\\\/schema\\\/logo\\\/image\\\/\",\"url\":\"https:\\\/\\\/resibo.pl\\\/blog\\\/wp-content\\\/uploads\\\/2022\\\/02\\\/cropped-logo.png\",\"contentUrl\":\"https:\\\/\\\/resibo.pl\\\/blog\\\/wp-content\\\/uploads\\\/2022\\\/02\\\/cropped-logo.png\",\"width\":274,\"height\":109,\"caption\":\"Resibo\"},\"image\":{\"@id\":\"https:\\\/\\\/resibo.pl\\\/blog\\\/#\\\/schema\\\/logo\\\/image\\\/\"},\"sameAs\":[\"http:\\\/\\\/facebook.com\\\/resiboPL\",\"http:\\\/\\\/instagram.com\\\/resibobynature\"]},{\"@type\":\"Person\",\"@id\":\"https:\\\/\\\/resibo.pl\\\/blog\\\/#\\\/schema\\\/person\\\/b83ed5dbb3219da851fb49ab9f7df4dc\",\"name\":\"Magda\",\"image\":{\"@type\":\"ImageObject\",\"inLanguage\":\"pl-PL\",\"@id\":\"https:\\\/\\\/secure.gravatar.com\\\/avatar\\\/0dfb5ced8ae1e08e5ccb725b615759b70c0470361d1df994cce404b851bfb639?s=96&d=mm&r=g\",\"url\":\"https:\\\/\\\/secure.gravatar.com\\\/avatar\\\/0dfb5ced8ae1e08e5ccb725b615759b70c0470361d1df994cce404b851bfb639?s=96&d=mm&r=g\",\"contentUrl\":\"https:\\\/\\\/secure.gravatar.com\\\/avatar\\\/0dfb5ced8ae1e08e5ccb725b615759b70c0470361d1df994cce404b851bfb639?s=96&d=mm&r=g\",\"caption\":\"Magda\"},\"description\":\"Magdalena Matyga-Kruk, ekspert ds. kosmetologii Kosmetologia i wszystko, co zwi\u0105zane z piel\u0119gnacj\u0105 sk\u00f3ry, to moja pasja. \u017beby nie musie\u0107 nigdy pracowa\u0107, z tej pasji uczyni\u0142am\u2026 prac\u0119. Od ponad pi\u0119ciu lat prowadz\u0119 salon kosmetyczny Magda M w \u015awidnicy, kt\u00f3remu po\u015bwi\u0119cam wi\u0119kszo\u015b\u0107 swojego czasu. Ci\u0105gle poszerzam swoj\u0105 wiedz\u0119, a zadowolenie moich coraz liczniejszych klient\u00f3w to najlepsza zap\u0142ata, bo jestem kosmetyczk\u0105 z wykszta\u0142cenia, ale przede wszystkim z zami\u0142owania.\",\"url\":\"https:\\\/\\\/resibo.pl\\\/blog\\\/author\\\/magda\\\/\"}]}<\/script>\n<!-- \/ Yoast SEO plugin. -->","yoast_head_json":{"title":"By\u0142oby lato d\u0142u\u017csze, gdyby nie zima... - Kosmetyki naturalne Resibo","robots":{"index":"index","follow":"follow","max-snippet":"max-snippet:-1","max-image-preview":"max-image-preview:large","max-video-preview":"max-video-preview:-1"},"canonical":"https:\/\/resibo.pl\/blog\/byloby-lato-dluzsze-gdyby-nie-zima\/","og_locale":"pl_PL","og_type":"article","og_title":"By\u0142oby lato d\u0142u\u017csze, gdyby nie zima... - Kosmetyki naturalne Resibo","og_description":"Jak piel\u0119gnowa\u0107 skore w tym trudnym dla niej okresie? Oto jest pytanie i kilka prostych porad.Zima to czas, w kt\u00f3rym nasza cera nara\u017cona jest na nadmierne wysuszenie, nie tylko przez ostry wiatr i mr\u00f3z, ale tak\u017ce mocne ogrzewanie w pomieszczeniach. W takich warunkach traci wilgo\u0107 dwa razy szybcie ni\u017c latem czy wiosn\u0105, staje si\u0119 mniej...","og_url":"https:\/\/resibo.pl\/blog\/byloby-lato-dluzsze-gdyby-nie-zima\/","og_site_name":"Kosmetyki naturalne Resibo","article_publisher":"http:\/\/facebook.com\/resiboPL","article_published_time":"2015-01-13T20:33:00+00:00","og_image":[{"url":"https:\/\/resibo.pl\/blog\/wp-content\/uploads\/2015\/01\/DSC05353-1024x768.jpg","type":"","width":"","height":""}],"author":"Magda","twitter_misc":{"Napisane przez":"Magda","Szacowany czas czytania":"3 minuty"},"schema":{"@context":"https:\/\/schema.org","@graph":[{"@type":"Article","@id":"https:\/\/resibo.pl\/blog\/byloby-lato-dluzsze-gdyby-nie-zima\/#article","isPartOf":{"@id":"https:\/\/resibo.pl\/blog\/byloby-lato-dluzsze-gdyby-nie-zima\/"},"author":{"name":"Magda","@id":"https:\/\/resibo.pl\/blog\/#\/schema\/person\/b83ed5dbb3219da851fb49ab9f7df4dc"},"headline":"By\u0142oby lato d\u0142u\u017csze, gdyby nie zima&#8230;","datePublished":"2015-01-13T20:33:00+00:00","mainEntityOfPage":{"@id":"https:\/\/resibo.pl\/blog\/byloby-lato-dluzsze-gdyby-nie-zima\/"},"wordCount":699,"commentCount":0,"publisher":{"@id":"https:\/\/resibo.pl\/blog\/#organization"},"image":{"@id":"https:\/\/resibo.pl\/blog\/byloby-lato-dluzsze-gdyby-nie-zima\/#primaryimage"},"thumbnailUrl":"https:\/\/resibo.pl\/blog\/wp-content\/uploads\/2015\/01\/DSC05366-scaled.jpg","articleSection":["O pielegnacji"],"inLanguage":"pl-PL","potentialAction":[{"@type":"CommentAction","name":"Comment","target":["https:\/\/resibo.pl\/blog\/byloby-lato-dluzsze-gdyby-nie-zima\/#respond"]}]},{"@type":"WebPage","@id":"https:\/\/resibo.pl\/blog\/byloby-lato-dluzsze-gdyby-nie-zima\/","url":"https:\/\/resibo.pl\/blog\/byloby-lato-dluzsze-gdyby-nie-zima\/","name":"By\u0142oby lato d\u0142u\u017csze, gdyby nie zima... - Kosmetyki naturalne Resibo","isPartOf":{"@id":"https:\/\/resibo.pl\/blog\/#website"},"primaryImageOfPage":{"@id":"https:\/\/resibo.pl\/blog\/byloby-lato-dluzsze-gdyby-nie-zima\/#primaryimage"},"image":{"@id":"https:\/\/resibo.pl\/blog\/byloby-lato-dluzsze-gdyby-nie-zima\/#primaryimage"},"thumbnailUrl":"https:\/\/resibo.pl\/blog\/wp-content\/uploads\/2015\/01\/DSC05366-scaled.jpg","datePublished":"2015-01-13T20:33:00+00:00","breadcrumb":{"@id":"https:\/\/resibo.pl\/blog\/byloby-lato-dluzsze-gdyby-nie-zima\/#breadcrumb"},"inLanguage":"pl-PL","potentialAction":[{"@type":"ReadAction","target":["https:\/\/resibo.pl\/blog\/byloby-lato-dluzsze-gdyby-nie-zima\/"]}]},{"@type":"ImageObject","inLanguage":"pl-PL","@id":"https:\/\/resibo.pl\/blog\/byloby-lato-dluzsze-gdyby-nie-zima\/#primaryimage","url":"https:\/\/resibo.pl\/blog\/wp-content\/uploads\/2015\/01\/DSC05366-scaled.jpg","contentUrl":"https:\/\/resibo.pl\/blog\/wp-content\/uploads\/2015\/01\/DSC05366-scaled.jpg","width":2560,"height":1920},{"@type":"BreadcrumbList","@id":"https:\/\/resibo.pl\/blog\/byloby-lato-dluzsze-gdyby-nie-zima\/#breadcrumb","itemListElement":[{"@type":"ListItem","position":1,"name":"Strona g\u0142\u00f3wna","item":"https:\/\/resibo.pl\/blog\/"},{"@type":"ListItem","position":2,"name":"By\u0142oby lato d\u0142u\u017csze, gdyby nie zima&#8230;"}]},{"@type":"WebSite","@id":"https:\/\/resibo.pl\/blog\/#website","url":"https:\/\/resibo.pl\/blog\/","name":"Kosmetyki naturalne Resibo","description":"","publisher":{"@id":"https:\/\/resibo.pl\/blog\/#organization"},"potentialAction":[{"@type":"SearchAction","target":{"@type":"EntryPoint","urlTemplate":"https:\/\/resibo.pl\/blog\/?s={search_term_string}"},"query-input":{"@type":"PropertyValueSpecification","valueRequired":true,"valueName":"search_term_string"}}],"inLanguage":"pl-PL"},{"@type":"Organization","@id":"https:\/\/resibo.pl\/blog\/#organization","name":"Resibo","url":"https:\/\/resibo.pl\/blog\/","logo":{"@type":"ImageObject","inLanguage":"pl-PL","@id":"https:\/\/resibo.pl\/blog\/#\/schema\/logo\/image\/","url":"https:\/\/resibo.pl\/blog\/wp-content\/uploads\/2022\/02\/cropped-logo.png","contentUrl":"https:\/\/resibo.pl\/blog\/wp-content\/uploads\/2022\/02\/cropped-logo.png","width":274,"height":109,"caption":"Resibo"},"image":{"@id":"https:\/\/resibo.pl\/blog\/#\/schema\/logo\/image\/"},"sameAs":["http:\/\/facebook.com\/resiboPL","http:\/\/instagram.com\/resibobynature"]},{"@type":"Person","@id":"https:\/\/resibo.pl\/blog\/#\/schema\/person\/b83ed5dbb3219da851fb49ab9f7df4dc","name":"Magda","image":{"@type":"ImageObject","inLanguage":"pl-PL","@id":"https:\/\/secure.gravatar.com\/avatar\/0dfb5ced8ae1e08e5ccb725b615759b70c0470361d1df994cce404b851bfb639?s=96&d=mm&r=g","url":"https:\/\/secure.gravatar.com\/avatar\/0dfb5ced8ae1e08e5ccb725b615759b70c0470361d1df994cce404b851bfb639?s=96&d=mm&r=g","contentUrl":"https:\/\/secure.gravatar.com\/avatar\/0dfb5ced8ae1e08e5ccb725b615759b70c0470361d1df994cce404b851bfb639?s=96&d=mm&r=g","caption":"Magda"},"description":"Magdalena Matyga-Kruk, ekspert ds. kosmetologii Kosmetologia i wszystko, co zwi\u0105zane z piel\u0119gnacj\u0105 sk\u00f3ry, to moja pasja. \u017beby nie musie\u0107 nigdy pracowa\u0107, z tej pasji uczyni\u0142am\u2026 prac\u0119. Od ponad pi\u0119ciu lat prowadz\u0119 salon kosmetyczny Magda M w \u015awidnicy, kt\u00f3remu po\u015bwi\u0119cam wi\u0119kszo\u015b\u0107 swojego czasu. Ci\u0105gle poszerzam swoj\u0105 wiedz\u0119, a zadowolenie moich coraz liczniejszych klient\u00f3w to najlepsza zap\u0142ata, bo jestem kosmetyczk\u0105 z wykszta\u0142cenia, ale przede wszystkim z zami\u0142owania.","url":"https:\/\/resibo.pl\/blog\/author\/magda\/"}]}},"_links":{"self":[{"href":"https:\/\/resibo.pl\/blog\/wp-json\/wp\/v2\/posts\/4627","targetHints":{"allow":["GET"]}}],"collection":[{"href":"https:\/\/resibo.pl\/blog\/wp-json\/wp\/v2\/posts"}],"about":[{"href":"https:\/\/resibo.pl\/blog\/wp-json\/wp\/v2\/types\/post"}],"author":[{"embeddable":true,"href":"https:\/\/resibo.pl\/blog\/wp-json\/wp\/v2\/users\/8"}],"replies":[{"embeddable":true,"href":"https:\/\/resibo.pl\/blog\/wp-json\/wp\/v2\/comments?post=4627"}],"version-history":[{"count":0,"href":"https:\/\/resibo.pl\/blog\/wp-json\/wp\/v2\/posts\/4627\/revisions"}],"wp:featuredmedia":[{"embeddable":true,"href":"https:\/\/resibo.pl\/blog\/wp-json\/wp\/v2\/media\/4628"}],"wp:attachment":[{"href":"https:\/\/resibo.pl\/blog\/wp-json\/wp\/v2\/media?parent=4627"}],"wp:term":[{"taxonomy":"category","embeddable":true,"href":"https:\/\/resibo.pl\/blog\/wp-json\/wp\/v2\/categories?post=4627"},{"taxonomy":"post_tag","embeddable":true,"href":"https:\/\/resibo.pl\/blog\/wp-json\/wp\/v2\/tags?post=4627"}],"curies":[{"name":"wp","href":"https:\/\/api.w.org\/{rel}","templated":true}]}}