{"id":4790,"date":"2015-02-03T21:19:58","date_gmt":"2015-02-03T20:19:58","guid":{"rendered":"https:\/\/resibo.pl\/blog\/?p=4790"},"modified":"2015-02-03T21:19:58","modified_gmt":"2015-02-03T20:19:58","slug":"laseroterapia-czy-to-dziala","status":"publish","type":"post","link":"https:\/\/resibo.pl\/blog\/laseroterapia-czy-to-dziala\/","title":{"rendered":"Laseroterapia &#8211; czy to dzia\u0142a?"},"content":{"rendered":"<div class=\"vgblk-rw-wrapper limit-wrapper\">\n<p style=\"text-align: justify;\"><span data-reactid=\".le.$mid=11422986962403=2509d4e4bc78cbeb645.2:0.0.0.0.0.0.$end:0:$4:0\">W przedostatnim swoim artykule opowiada\u0142am Wam o mo\u017cliwo\u015bciach, jakie daje kosmetyka i medycyna estetyczna. Dzisiaj pochyl\u0119 si\u0119 ku laserom. To kolejny obok wspomnianej estetyki trend opanowuj\u0105cy salony kosmetyczne i gabinety lekarskie. Czy faktycznie ich skuteczno\u015b\u0107 jest taka wysoka? Kiedy warto skorzysta\u0107 z laseroterapii i jaki to faktycznie powinien by\u0107 laser, \u017ceby nie da\u0107 si\u0119 nabi\u0107 w butelk\u0119?<\/span><br data-reactid=\".le.$mid=11422986962403=2509d4e4bc78cbeb645.2:0.0.0.0.0.0.$end:0:$5:0\" \/><br data-reactid=\".le.$mid=11422986962403=2509d4e4bc78cbeb645.2:0.0.0.0.0.0.$end:0:$7:0\" \/><span data-reactid=\".le.$mid=11422986962403=2509d4e4bc78cbeb645.2:0.0.0.0.0.0.$end:0:$8:0\">Za\u00a0pomoc\u0105 odpowiedniego lasera mo\u017cna usun\u0105\u0107 niechciane ow\u0142osienie, pozamyka\u0107 naczynka, usun\u0105\u0107 brodawki, przebarwienia, odm\u0142odzi\u0107 sk\u00f3r\u0119 czy zminimalizowa\u0107 blizny i rozst\u0119py.<\/span><\/p>\n<p style=\"text-align: justify;\"><strong>Odm\u0142adzanie, blizny i rozst\u0119py<\/strong><\/p>\n<p style=\"text-align: justify;\"><span data-reactid=\".le.$mid=11422986962403=2509d4e4bc78cbeb645.2:0.0.0.0.0.0.$end:0:$10:0\">W przypadku odm\u0142adzania, redukcji blizn i rozst\u0119p\u00f3w najlepsze wyniki osi\u0105gniemy dzi\u0119ki laserowi frakcyjnemu CO2. Jego dzia\u0142anie polega na wykorzystaniu zjawiska frakcjonowanej fototermolizy, kt\u00f3re polega na wytworzeniu siatki nak\u0142u\u0107 (kolumn mikrouszkodze\u0144) w sk\u00f3rze. Pewnie niejedna z Was widzia\u0142a podobny proces w klinice urody Dr. Szczyta.<\/span><\/p>\n<p style=\"text-align: justify;\"><span data-reactid=\".le.$mid=11422986962403=2509d4e4bc78cbeb645.2:0.0.0.0.0.0.$end:0:$12:0\">Laser powoduje cz\u0119\u015bciowe uszkodzenie sk\u00f3ry, inicjuj\u0105c proces zapalny. Dzi\u0119ki temu jest ona pobudzona do przebudowy. Po zabiegu produkcja kolagenu znacznie wzrasta, co zapewnia m\u0142odszy i j\u0119drniejszy wygl\u0105d sk\u00f3ry. <\/span><br data-reactid=\".le.$mid=11422986962403=2509d4e4bc78cbeb645.2:0.0.0.0.0.0.$end:0:$13:0\" \/><br data-reactid=\".le.$mid=11422986962403=2509d4e4bc78cbeb645.2:0.0.0.0.0.0.$end:0:$15:0\" \/><span data-reactid=\".le.$mid=11422986962403=2509d4e4bc78cbeb645.2:0.0.0.0.0.0.$end:0:$16:0\">W przypadku zabiegu odm\u0142adzaj\u0105cego faktyczny efekt jest widoczny ju\u017c po pierwszym zabiegu, cho\u0107 w przypadku znacznej utraty j\u0119drno\u015bci, niekiedy dobrze by\u0142oby powt\u00f3rzy\u0107 sesj\u0119. Je\u015bli za\u015b chodzi o blizny i rozst\u0119py, mimo \u017ce jednorazowy zabieg b\u0119dzie widoczny, mo\u017ce okaza\u0107 si\u0119 niewystarczaj\u0105cy i nale\u017ca\u0142oby wykona\u0107 serie. Ale to zale\u017cy od indywidualnej reakcji sk\u00f3ry i g\u0142\u0119boko\u015bci owych zmian. <\/span><br data-reactid=\".le.$mid=11422986962403=2509d4e4bc78cbeb645.2:0.0.0.0.0.0.$end:0:$17:0\" \/><br data-reactid=\".le.$mid=11422986962403=2509d4e4bc78cbeb645.2:0.0.0.0.0.0.$end:0:$19:0\" \/><span data-reactid=\".le.$mid=11422986962403=2509d4e4bc78cbeb645.2:0.0.0.0.0.0.$end:0:$20:0\">Bardzo wa\u017cna w osi\u0105ganiu odpowiednich efekt\u00f3w jest piel\u0119gnacja po zabiegu. Zaczerwienienie utrzymuje si\u0119 zwykle oko\u0142o 2-3 tygodni, niekiedy d\u0142u\u017cej. W tym czasie lepiej unika\u0107 gor\u0105cych k\u0105pieli, sauny, a przede wszystkim opalania, ale nie tylko wtedy, r\u00f3wnie\u017c przez nast\u0119pne 3 miesi\u0105ce. Sam zabieg nie nale\u017cy niestety do przyjemnych, ale pocieszeniem jest, \u017ce w przypadku odm\u0142adzania efekt mo\u017ce utrzymywa\u0107 si\u0119 kilka lat, a w przypadku redukcji blizn i rozst\u0119p\u00f3w &#8211; przez ca\u0142e \u017cycie.<\/span><\/p>\n<p style=\"text-align: justify;\"><strong>Przebarwienia<\/strong><br data-reactid=\".le.$mid=11422986962403=2509d4e4bc78cbeb645.2:0.0.0.0.0.0.$end:0:$21:0\" \/><br data-reactid=\".le.$mid=11422986962403=2509d4e4bc78cbeb645.2:0.0.0.0.0.0.$end:0:$23:0\" \/><span data-reactid=\".le.$mid=11422986962403=2509d4e4bc78cbeb645.2:0.0.0.0.0.0.$end:0:$24:0\">Osobi\u015bcie i z do\u015bwiadczenia mam troch\u0119 sceptyczne nastawianie do usuwania przebarwie\u0144 metod\u0105 laserow\u0105. Cho\u0107 jest to jeden z najpopularniejszych problem\u00f3w, z jakimi zmagaj\u0105 sie g\u0142\u00f3wnie kobiety (ostudy ci\u0105\u017cowe, zmiany hormonalne), wci\u0105\u017c trudno znale\u017a\u0107 dla niego konkretne rozwi\u0105zanie. Bo niestety kiedy melanocyty (kom\u00f3rki barwnikowe) z jakich\u015b przyczyn zaczynaj\u0105 si\u0119 &#8222;zbryla\u0107&#8221; i w tych miejscach pojawiaj\u0105 si\u0119 przebarwienia, jest to ju\u017c tendencja. Z moich obserwacji wynika, \u017ce nawet je\u015bli &#8222;plama&#8221; poddana laserowi si\u0119 rozja\u015bni, cz\u0119sto bywa, \u017ce po pierwszym kontakcie ze s\u0142o\u0144cem problem powraca. Bo tendencja zostaje&#8230;<\/span><\/p>\n<p style=\"text-align: justify;\"><strong>Zamykanie naczynek<\/strong><br data-reactid=\".le.$mid=11422986962403=2509d4e4bc78cbeb645.2:0.0.0.0.0.0.$end:0:$25:0\" \/><br data-reactid=\".le.$mid=11422986962403=2509d4e4bc78cbeb645.2:0.0.0.0.0.0.$end:0:$27:0\" \/><span data-reactid=\".le.$mid=11422986962403=2509d4e4bc78cbeb645.2:0.0.0.0.0.0.$end:0:$28:0\">Spektakularne efekty osi\u0105gane s\u0105 za to w zamykaniu naczynek, tzw. teleangiektazji, czy innych drobnych zmian na sk\u00f3rze. W tym celu najcze\u015bciej stosowany jest laser diodowy medyczny, o bardzo ma\u0142ej powierzchni wi\u0105zki. Jej rozmiar ma uchroni\u0107 sk\u00f3r\u0119 wok\u00f3\u0142 naczy\u0144 przed uszkodzeniem i precyzyjnie trafia\u0107 w po\u017c\u0105dan\u0105 zmian\u0119. Efekty widoczne s\u0105 bezpo\u015brednio po zabiegu, zaczerwienienie utrzymuje si\u0119 od kilku godzin do kilku dni (ale to raczej rzadko). Pocz\u0105tkowo w miejscu zamkni\u0119tych naczy\u0144 tworz\u0105 si\u0119 malutkie strupki, kt\u00f3re po kilku dniach same odpadaj\u0105. Nie s\u0105 to specjalnie uci\u0105\u017cliwe objawy, z powodzeniem mo\u017cna je przykry\u0107 makija\u017cem. Je\u015bli chodzi o odczucia, zabieg\u00a0r\u00f3wnie\u017c nie nale\u017cy do przyjemnych, jest jednak zdecydowanie mniej rozleg\u0142y, wi\u0119c i dolegliwo\u015bci b\u00f3lowe s\u0105 adekwatnie mniejsze. <\/span><\/p>\n<p style=\"text-align: justify;\"><strong>Laserowa depilacja<\/strong><br data-reactid=\".le.$mid=11422986962403=2509d4e4bc78cbeb645.2:0.0.0.0.0.0.$end:0:$29:0\" \/><br data-reactid=\".le.$mid=11422986962403=2509d4e4bc78cbeb645.2:0.0.0.0.0.0.$end:0:$31:0\" \/><span data-reactid=\".le.$mid=11422986962403=2509d4e4bc78cbeb645.2:0.0.0.0.0.0.$end:0:$32:0\">Ko\u0144czy si\u0119 zima, powoli zaczynamy my\u015ble\u0107 o tym, jak b\u0119dzie wygl\u0105da\u0107 nasze cia\u0142o przed nadchodz\u0105cym latem, kiedy zaczniemy ods\u0142ania\u0107 co nieco. I tu najpopularniejszym w tym okresie zabiegiem laserowym jest epilacja zb\u0119dnego ow\u0142osienia. Decyduj\u0105c si\u0119 na tak\u0105 metod\u0119 trzeba spe\u0142ni\u0107 jednak kilka warunk\u00f3w. Przede wszystkim opr\u00f3cz przeciwwskaza\u0144, kt\u00f3re wymieni\u0119 na ko\u0144cu, aby zabieg by\u0142 skuteczny, w\u0142oski, kt\u00f3rych chcemy si\u0119 pozby\u0107, musz\u0105 by\u0107 ciemne. Bo wi\u0105zka lasera przyci\u0105gana jest i dzia\u0142a na melanin\u0119, czyli barwnik zawarty w sk\u00f3rze i w\u0142osach. Na minimum miesi\u0105c przed zabiegiem nie nale\u017cy rownie\u017c wykonywa\u0107 depilacji woskiem, past\u0105 cukrow\u0105 czy depilatorem. Wolno w\u0142osy tylko goli\u0107 maszynk\u0105 lub kremem. Laser bowiem usuwa tylko w\u0142osy w aktywnej fazie wzrostu, a poniewa\u017c jest to jedna z trzech faz, niemo\u017cliwe jest usuni\u0119cie ca\u0142ego ow\u0142osienia w jednorazowym zabiegu. I tak w zale\u017cno\u015bci od ilo\u015bci i rodzaju najcz\u0119\u015bciej wykonuje si\u0119 od 3 do 6 zabieg\u00f3w. Je\u015bli oczywi\u015bcie laser jest faktycznie laserem&#8230;<\/span><br data-reactid=\".le.$mid=11422986962403=2509d4e4bc78cbeb645.2:0.0.0.0.0.0.$end:0:$33:0\" \/><br data-reactid=\".le.$mid=11422986962403=2509d4e4bc78cbeb645.2:0.0.0.0.0.0.$end:0:$35:0\" \/><span data-reactid=\".le.$mid=11422986962403=2509d4e4bc78cbeb645.2:0.0.0.0.0.0.$end:0:$36:0\">IPL &#8211; laserowe usuwanie ow\u0142osienia! Bzdura&#8230; Tak cz\u0119sto wygl\u0105daj\u0105 reklamy na plakatach wielu gabinet\u00f3w kosmetycznych. Niestety, IPL to nie laser, a rodzaj \u015bwiat\u0142a, kt\u00f3rego zasada dzia\u0142ania jest zupe\u0142nie inna. Ogranicza ono dop\u0142yw substancji od\u017cywczych do mieszka w\u0142osowego, co powoduje jego obumarcie, ale nie jest to zabieg trwa\u0142y! Nie do\u015b\u0107, \u017ce aby uzyska\u0107 poprawne efekty, nale\u017cy wykona\u0107 seri\u0119 ok. 10 sesji, to po oko\u0142o 2 latach trzeba wykona\u0107 zabiegi przypominaj\u0105ce. I fakt, pojedynczy zabieg jest sporo ta\u0144szy od prawdziwego lasera, w ostatecznym rozrachunku jednak nie do\u015b\u0107, \u017ce koszty si\u0119 na\u0142o\u017c\u0105, to wycierpicie wi\u0119cej i cz\u0119\u015bciej, a po co? Pami\u0119tajcie wi\u0119c, \u017ceby dobrze dopyta\u0107, jakim sprz\u0119tem b\u0119dzie wykonywana epilacja, gdy ju\u017c\u00a0si\u0119 na ni\u0105 zdecydujecie, i ile powt\u00f3rze\u0144 b\u0119dzie koniecznych. To da Wam pewien\u00a0obraz sytuacji.<\/span><\/p>\n<p style=\"text-align: justify;\"><strong><span data-reactid=\".le.$mid=11422986962403=2509d4e4bc78cbeb645.2:0.0.0.0.0.0.$end:0:$38:0\">Przeciwwskazania<\/span><\/strong><\/p>\n<p style=\"text-align: justify;\">Najpro\u015bciej i najszybciej by\u0142oby rzec, \u017ce aby podda\u0107 sie laseroterapii, trzeba by\u0107 poprostu zdrowym, ale wymieni\u0119 chocia\u017c te najwa\u017cniejsze:<\/p>\n<ol style=\"text-align: justify;\">\n<li>przebyte choroby nowotworowe, szczeg\u00f3lnie sk\u00f3ry (czerniak),<\/li>\n<li>ci\u0105\u017ca i karmienie piersi\u0105,<\/li>\n<li>bielactwo i inne choroby autoimmunologiczne,<\/li>\n<li>implanty metalowe, rozrusznik serca itp.,<\/li>\n<li>\u015bwie\u017ca opalenizna,<\/li>\n<li>aktywna opryszczka w miejscu poddawanemu zabiegu,<\/li>\n<li>sk\u0142onno\u015b\u0107 do powstawania blizn i keloid\u00f3w.<\/li>\n<\/ol>\n<p style=\"text-align: justify;\"><span data-reactid=\".le.$mid=11422986962403=2509d4e4bc78cbeb645.2:0.0.0.0.0.0.$end:0:$58:0\">Mo\u017cliwo\u015bci, jakie daj\u0105 zabiegi laserowe, jest mn\u00f3stwo. Wa\u017cne jest tylko, aby decyduj\u0105c si\u0119 na nie dok\u0142adnie sprawdzi\u0107 i dowiedzie\u0107 si\u0119, jakim sprz\u0119tem bed\u0105 wykonywane i przede wszystkim, czy osoba wykonuj\u0105ca jest odpowiednio do tego przeszkolona. To ogromnie wa\u017cne, bo tego typu urz\u0105dzenie w nieodpowiednich r\u0119kach mo\u017ce wyrz\u0105dzi\u0107 du\u017ce szkody, jak poparzenia skutkuj\u0105ce bliznami, przebarwieniami, niekorzystn\u0105 zamian\u0105 struktury sk\u00f3ry. Je\u015bli tu wszystko si\u0119 zgadza, z pewno\u015bci\u0105 odpowiedni laser jest w stanie sprosta\u0107 najwi\u0119kszym oczekiwaniom najbardziej wymagaj\u0105cych klientek. To w ko\u0144cu technologia XXI wieku.<\/span><\/p>\n<\/div>\n<p><!-- .vgblk-rw-wrapper --><\/p>\n","protected":false},"excerpt":{"rendered":"<p>W przedostatnim swoim artykule opowiada\u0142am Wam o mo\u017cliwo\u015bciach, jakie daje kosmetyka i medycyna estetyczna. Dzisiaj pochyl\u0119 si\u0119 ku laserom. To kolejny obok wspomnianej estetyki trend opanowuj\u0105cy salony kosmetyczne i gabinety lekarskie. Czy faktycznie ich skuteczno\u015b\u0107 jest taka wysoka? Kiedy warto skorzysta\u0107 z laseroterapii i jaki to faktycznie powinien by\u0107 laser, \u017ceby nie da\u0107 si\u0119 nabi\u0107&#8230;<\/p>\n","protected":false},"author":8,"featured_media":4791,"comment_status":"open","ping_status":"open","sticky":false,"template":"","format":"standard","meta":{"footnotes":""},"categories":[40],"tags":[],"class_list":["post-4790","post","type-post","status-publish","format-standard","has-post-thumbnail","hentry","category-magda-o-pielegnacji"],"yoast_head":"<!-- This site is optimized with the Yoast SEO plugin v27.5 - https:\/\/yoast.com\/product\/yoast-seo-wordpress\/ -->\n<title>Laseroterapia - czy to dzia\u0142a? - Kosmetyki naturalne Resibo<\/title>\n<meta name=\"robots\" content=\"index, follow, max-snippet:-1, max-image-preview:large, max-video-preview:-1\" \/>\n<link rel=\"canonical\" href=\"https:\/\/resibo.pl\/blog\/laseroterapia-czy-to-dziala\/\" \/>\n<meta property=\"og:locale\" content=\"pl_PL\" \/>\n<meta property=\"og:type\" content=\"article\" \/>\n<meta property=\"og:title\" content=\"Laseroterapia - czy to dzia\u0142a? - Kosmetyki naturalne Resibo\" \/>\n<meta property=\"og:description\" content=\"W przedostatnim swoim artykule opowiada\u0142am Wam o mo\u017cliwo\u015bciach, jakie daje kosmetyka i medycyna estetyczna. Dzisiaj pochyl\u0119 si\u0119 ku laserom. To kolejny obok wspomnianej estetyki trend opanowuj\u0105cy salony kosmetyczne i gabinety lekarskie. Czy faktycznie ich skuteczno\u015b\u0107 jest taka wysoka? Kiedy warto skorzysta\u0107 z laseroterapii i jaki to faktycznie powinien by\u0107 laser, \u017ceby nie da\u0107 si\u0119 nabi\u0107...\" \/>\n<meta property=\"og:url\" content=\"https:\/\/resibo.pl\/blog\/laseroterapia-czy-to-dziala\/\" \/>\n<meta property=\"og:site_name\" content=\"Kosmetyki naturalne Resibo\" \/>\n<meta property=\"article:publisher\" content=\"http:\/\/facebook.com\/resiboPL\" \/>\n<meta property=\"article:published_time\" content=\"2015-02-03T20:19:58+00:00\" \/>\n<meta name=\"author\" content=\"Magda\" \/>\n<meta name=\"twitter:label1\" content=\"Napisane przez\" \/>\n\t<meta name=\"twitter:data1\" content=\"Magda\" \/>\n\t<meta name=\"twitter:label2\" content=\"Szacowany czas czytania\" \/>\n\t<meta name=\"twitter:data2\" content=\"5 minut\" \/>\n<script type=\"application\/ld+json\" class=\"yoast-schema-graph\">{\"@context\":\"https:\\\/\\\/schema.org\",\"@graph\":[{\"@type\":\"Article\",\"@id\":\"https:\\\/\\\/resibo.pl\\\/blog\\\/laseroterapia-czy-to-dziala\\\/#article\",\"isPartOf\":{\"@id\":\"https:\\\/\\\/resibo.pl\\\/blog\\\/laseroterapia-czy-to-dziala\\\/\"},\"author\":{\"name\":\"Magda\",\"@id\":\"https:\\\/\\\/resibo.pl\\\/blog\\\/#\\\/schema\\\/person\\\/b83ed5dbb3219da851fb49ab9f7df4dc\"},\"headline\":\"Laseroterapia &#8211; czy to dzia\u0142a?\",\"datePublished\":\"2015-02-03T20:19:58+00:00\",\"mainEntityOfPage\":{\"@id\":\"https:\\\/\\\/resibo.pl\\\/blog\\\/laseroterapia-czy-to-dziala\\\/\"},\"wordCount\":1081,\"commentCount\":0,\"publisher\":{\"@id\":\"https:\\\/\\\/resibo.pl\\\/blog\\\/#organization\"},\"image\":{\"@id\":\"https:\\\/\\\/resibo.pl\\\/blog\\\/laseroterapia-czy-to-dziala\\\/#primaryimage\"},\"thumbnailUrl\":\"https:\\\/\\\/resibo.pl\\\/blog\\\/wp-content\\\/uploads\\\/2015\\\/02\\\/Fotolia_66787280_Subscription_Monthly_M.jpg\",\"articleSection\":[\"O pielegnacji\"],\"inLanguage\":\"pl-PL\",\"potentialAction\":[{\"@type\":\"CommentAction\",\"name\":\"Comment\",\"target\":[\"https:\\\/\\\/resibo.pl\\\/blog\\\/laseroterapia-czy-to-dziala\\\/#respond\"]}]},{\"@type\":\"WebPage\",\"@id\":\"https:\\\/\\\/resibo.pl\\\/blog\\\/laseroterapia-czy-to-dziala\\\/\",\"url\":\"https:\\\/\\\/resibo.pl\\\/blog\\\/laseroterapia-czy-to-dziala\\\/\",\"name\":\"Laseroterapia - czy to dzia\u0142a? - Kosmetyki naturalne Resibo\",\"isPartOf\":{\"@id\":\"https:\\\/\\\/resibo.pl\\\/blog\\\/#website\"},\"primaryImageOfPage\":{\"@id\":\"https:\\\/\\\/resibo.pl\\\/blog\\\/laseroterapia-czy-to-dziala\\\/#primaryimage\"},\"image\":{\"@id\":\"https:\\\/\\\/resibo.pl\\\/blog\\\/laseroterapia-czy-to-dziala\\\/#primaryimage\"},\"thumbnailUrl\":\"https:\\\/\\\/resibo.pl\\\/blog\\\/wp-content\\\/uploads\\\/2015\\\/02\\\/Fotolia_66787280_Subscription_Monthly_M.jpg\",\"datePublished\":\"2015-02-03T20:19:58+00:00\",\"breadcrumb\":{\"@id\":\"https:\\\/\\\/resibo.pl\\\/blog\\\/laseroterapia-czy-to-dziala\\\/#breadcrumb\"},\"inLanguage\":\"pl-PL\",\"potentialAction\":[{\"@type\":\"ReadAction\",\"target\":[\"https:\\\/\\\/resibo.pl\\\/blog\\\/laseroterapia-czy-to-dziala\\\/\"]}]},{\"@type\":\"ImageObject\",\"inLanguage\":\"pl-PL\",\"@id\":\"https:\\\/\\\/resibo.pl\\\/blog\\\/laseroterapia-czy-to-dziala\\\/#primaryimage\",\"url\":\"https:\\\/\\\/resibo.pl\\\/blog\\\/wp-content\\\/uploads\\\/2015\\\/02\\\/Fotolia_66787280_Subscription_Monthly_M.jpg\",\"contentUrl\":\"https:\\\/\\\/resibo.pl\\\/blog\\\/wp-content\\\/uploads\\\/2015\\\/02\\\/Fotolia_66787280_Subscription_Monthly_M.jpg\",\"width\":1580,\"height\":1202},{\"@type\":\"BreadcrumbList\",\"@id\":\"https:\\\/\\\/resibo.pl\\\/blog\\\/laseroterapia-czy-to-dziala\\\/#breadcrumb\",\"itemListElement\":[{\"@type\":\"ListItem\",\"position\":1,\"name\":\"Strona g\u0142\u00f3wna\",\"item\":\"https:\\\/\\\/resibo.pl\\\/blog\\\/\"},{\"@type\":\"ListItem\",\"position\":2,\"name\":\"Laseroterapia &#8211; czy to dzia\u0142a?\"}]},{\"@type\":\"WebSite\",\"@id\":\"https:\\\/\\\/resibo.pl\\\/blog\\\/#website\",\"url\":\"https:\\\/\\\/resibo.pl\\\/blog\\\/\",\"name\":\"Kosmetyki naturalne Resibo\",\"description\":\"\",\"publisher\":{\"@id\":\"https:\\\/\\\/resibo.pl\\\/blog\\\/#organization\"},\"potentialAction\":[{\"@type\":\"SearchAction\",\"target\":{\"@type\":\"EntryPoint\",\"urlTemplate\":\"https:\\\/\\\/resibo.pl\\\/blog\\\/?s={search_term_string}\"},\"query-input\":{\"@type\":\"PropertyValueSpecification\",\"valueRequired\":true,\"valueName\":\"search_term_string\"}}],\"inLanguage\":\"pl-PL\"},{\"@type\":\"Organization\",\"@id\":\"https:\\\/\\\/resibo.pl\\\/blog\\\/#organization\",\"name\":\"Resibo\",\"url\":\"https:\\\/\\\/resibo.pl\\\/blog\\\/\",\"logo\":{\"@type\":\"ImageObject\",\"inLanguage\":\"pl-PL\",\"@id\":\"https:\\\/\\\/resibo.pl\\\/blog\\\/#\\\/schema\\\/logo\\\/image\\\/\",\"url\":\"https:\\\/\\\/resibo.pl\\\/blog\\\/wp-content\\\/uploads\\\/2022\\\/02\\\/cropped-logo.png\",\"contentUrl\":\"https:\\\/\\\/resibo.pl\\\/blog\\\/wp-content\\\/uploads\\\/2022\\\/02\\\/cropped-logo.png\",\"width\":274,\"height\":109,\"caption\":\"Resibo\"},\"image\":{\"@id\":\"https:\\\/\\\/resibo.pl\\\/blog\\\/#\\\/schema\\\/logo\\\/image\\\/\"},\"sameAs\":[\"http:\\\/\\\/facebook.com\\\/resiboPL\",\"http:\\\/\\\/instagram.com\\\/resibobynature\"]},{\"@type\":\"Person\",\"@id\":\"https:\\\/\\\/resibo.pl\\\/blog\\\/#\\\/schema\\\/person\\\/b83ed5dbb3219da851fb49ab9f7df4dc\",\"name\":\"Magda\",\"image\":{\"@type\":\"ImageObject\",\"inLanguage\":\"pl-PL\",\"@id\":\"https:\\\/\\\/secure.gravatar.com\\\/avatar\\\/0dfb5ced8ae1e08e5ccb725b615759b70c0470361d1df994cce404b851bfb639?s=96&d=mm&r=g\",\"url\":\"https:\\\/\\\/secure.gravatar.com\\\/avatar\\\/0dfb5ced8ae1e08e5ccb725b615759b70c0470361d1df994cce404b851bfb639?s=96&d=mm&r=g\",\"contentUrl\":\"https:\\\/\\\/secure.gravatar.com\\\/avatar\\\/0dfb5ced8ae1e08e5ccb725b615759b70c0470361d1df994cce404b851bfb639?s=96&d=mm&r=g\",\"caption\":\"Magda\"},\"description\":\"Magdalena Matyga-Kruk, ekspert ds. kosmetologii Kosmetologia i wszystko, co zwi\u0105zane z piel\u0119gnacj\u0105 sk\u00f3ry, to moja pasja. \u017beby nie musie\u0107 nigdy pracowa\u0107, z tej pasji uczyni\u0142am\u2026 prac\u0119. Od ponad pi\u0119ciu lat prowadz\u0119 salon kosmetyczny Magda M w \u015awidnicy, kt\u00f3remu po\u015bwi\u0119cam wi\u0119kszo\u015b\u0107 swojego czasu. Ci\u0105gle poszerzam swoj\u0105 wiedz\u0119, a zadowolenie moich coraz liczniejszych klient\u00f3w to najlepsza zap\u0142ata, bo jestem kosmetyczk\u0105 z wykszta\u0142cenia, ale przede wszystkim z zami\u0142owania.\",\"url\":\"https:\\\/\\\/resibo.pl\\\/blog\\\/author\\\/magda\\\/\"}]}<\/script>\n<!-- \/ Yoast SEO plugin. -->","yoast_head_json":{"title":"Laseroterapia - czy to dzia\u0142a? - Kosmetyki naturalne Resibo","robots":{"index":"index","follow":"follow","max-snippet":"max-snippet:-1","max-image-preview":"max-image-preview:large","max-video-preview":"max-video-preview:-1"},"canonical":"https:\/\/resibo.pl\/blog\/laseroterapia-czy-to-dziala\/","og_locale":"pl_PL","og_type":"article","og_title":"Laseroterapia - czy to dzia\u0142a? - Kosmetyki naturalne Resibo","og_description":"W przedostatnim swoim artykule opowiada\u0142am Wam o mo\u017cliwo\u015bciach, jakie daje kosmetyka i medycyna estetyczna. Dzisiaj pochyl\u0119 si\u0119 ku laserom. To kolejny obok wspomnianej estetyki trend opanowuj\u0105cy salony kosmetyczne i gabinety lekarskie. Czy faktycznie ich skuteczno\u015b\u0107 jest taka wysoka? Kiedy warto skorzysta\u0107 z laseroterapii i jaki to faktycznie powinien by\u0107 laser, \u017ceby nie da\u0107 si\u0119 nabi\u0107...","og_url":"https:\/\/resibo.pl\/blog\/laseroterapia-czy-to-dziala\/","og_site_name":"Kosmetyki naturalne Resibo","article_publisher":"http:\/\/facebook.com\/resiboPL","article_published_time":"2015-02-03T20:19:58+00:00","author":"Magda","twitter_misc":{"Napisane przez":"Magda","Szacowany czas czytania":"5 minut"},"schema":{"@context":"https:\/\/schema.org","@graph":[{"@type":"Article","@id":"https:\/\/resibo.pl\/blog\/laseroterapia-czy-to-dziala\/#article","isPartOf":{"@id":"https:\/\/resibo.pl\/blog\/laseroterapia-czy-to-dziala\/"},"author":{"name":"Magda","@id":"https:\/\/resibo.pl\/blog\/#\/schema\/person\/b83ed5dbb3219da851fb49ab9f7df4dc"},"headline":"Laseroterapia &#8211; czy to dzia\u0142a?","datePublished":"2015-02-03T20:19:58+00:00","mainEntityOfPage":{"@id":"https:\/\/resibo.pl\/blog\/laseroterapia-czy-to-dziala\/"},"wordCount":1081,"commentCount":0,"publisher":{"@id":"https:\/\/resibo.pl\/blog\/#organization"},"image":{"@id":"https:\/\/resibo.pl\/blog\/laseroterapia-czy-to-dziala\/#primaryimage"},"thumbnailUrl":"https:\/\/resibo.pl\/blog\/wp-content\/uploads\/2015\/02\/Fotolia_66787280_Subscription_Monthly_M.jpg","articleSection":["O pielegnacji"],"inLanguage":"pl-PL","potentialAction":[{"@type":"CommentAction","name":"Comment","target":["https:\/\/resibo.pl\/blog\/laseroterapia-czy-to-dziala\/#respond"]}]},{"@type":"WebPage","@id":"https:\/\/resibo.pl\/blog\/laseroterapia-czy-to-dziala\/","url":"https:\/\/resibo.pl\/blog\/laseroterapia-czy-to-dziala\/","name":"Laseroterapia - czy to dzia\u0142a? - Kosmetyki naturalne Resibo","isPartOf":{"@id":"https:\/\/resibo.pl\/blog\/#website"},"primaryImageOfPage":{"@id":"https:\/\/resibo.pl\/blog\/laseroterapia-czy-to-dziala\/#primaryimage"},"image":{"@id":"https:\/\/resibo.pl\/blog\/laseroterapia-czy-to-dziala\/#primaryimage"},"thumbnailUrl":"https:\/\/resibo.pl\/blog\/wp-content\/uploads\/2015\/02\/Fotolia_66787280_Subscription_Monthly_M.jpg","datePublished":"2015-02-03T20:19:58+00:00","breadcrumb":{"@id":"https:\/\/resibo.pl\/blog\/laseroterapia-czy-to-dziala\/#breadcrumb"},"inLanguage":"pl-PL","potentialAction":[{"@type":"ReadAction","target":["https:\/\/resibo.pl\/blog\/laseroterapia-czy-to-dziala\/"]}]},{"@type":"ImageObject","inLanguage":"pl-PL","@id":"https:\/\/resibo.pl\/blog\/laseroterapia-czy-to-dziala\/#primaryimage","url":"https:\/\/resibo.pl\/blog\/wp-content\/uploads\/2015\/02\/Fotolia_66787280_Subscription_Monthly_M.jpg","contentUrl":"https:\/\/resibo.pl\/blog\/wp-content\/uploads\/2015\/02\/Fotolia_66787280_Subscription_Monthly_M.jpg","width":1580,"height":1202},{"@type":"BreadcrumbList","@id":"https:\/\/resibo.pl\/blog\/laseroterapia-czy-to-dziala\/#breadcrumb","itemListElement":[{"@type":"ListItem","position":1,"name":"Strona g\u0142\u00f3wna","item":"https:\/\/resibo.pl\/blog\/"},{"@type":"ListItem","position":2,"name":"Laseroterapia &#8211; czy to dzia\u0142a?"}]},{"@type":"WebSite","@id":"https:\/\/resibo.pl\/blog\/#website","url":"https:\/\/resibo.pl\/blog\/","name":"Kosmetyki naturalne Resibo","description":"","publisher":{"@id":"https:\/\/resibo.pl\/blog\/#organization"},"potentialAction":[{"@type":"SearchAction","target":{"@type":"EntryPoint","urlTemplate":"https:\/\/resibo.pl\/blog\/?s={search_term_string}"},"query-input":{"@type":"PropertyValueSpecification","valueRequired":true,"valueName":"search_term_string"}}],"inLanguage":"pl-PL"},{"@type":"Organization","@id":"https:\/\/resibo.pl\/blog\/#organization","name":"Resibo","url":"https:\/\/resibo.pl\/blog\/","logo":{"@type":"ImageObject","inLanguage":"pl-PL","@id":"https:\/\/resibo.pl\/blog\/#\/schema\/logo\/image\/","url":"https:\/\/resibo.pl\/blog\/wp-content\/uploads\/2022\/02\/cropped-logo.png","contentUrl":"https:\/\/resibo.pl\/blog\/wp-content\/uploads\/2022\/02\/cropped-logo.png","width":274,"height":109,"caption":"Resibo"},"image":{"@id":"https:\/\/resibo.pl\/blog\/#\/schema\/logo\/image\/"},"sameAs":["http:\/\/facebook.com\/resiboPL","http:\/\/instagram.com\/resibobynature"]},{"@type":"Person","@id":"https:\/\/resibo.pl\/blog\/#\/schema\/person\/b83ed5dbb3219da851fb49ab9f7df4dc","name":"Magda","image":{"@type":"ImageObject","inLanguage":"pl-PL","@id":"https:\/\/secure.gravatar.com\/avatar\/0dfb5ced8ae1e08e5ccb725b615759b70c0470361d1df994cce404b851bfb639?s=96&d=mm&r=g","url":"https:\/\/secure.gravatar.com\/avatar\/0dfb5ced8ae1e08e5ccb725b615759b70c0470361d1df994cce404b851bfb639?s=96&d=mm&r=g","contentUrl":"https:\/\/secure.gravatar.com\/avatar\/0dfb5ced8ae1e08e5ccb725b615759b70c0470361d1df994cce404b851bfb639?s=96&d=mm&r=g","caption":"Magda"},"description":"Magdalena Matyga-Kruk, ekspert ds. kosmetologii Kosmetologia i wszystko, co zwi\u0105zane z piel\u0119gnacj\u0105 sk\u00f3ry, to moja pasja. \u017beby nie musie\u0107 nigdy pracowa\u0107, z tej pasji uczyni\u0142am\u2026 prac\u0119. Od ponad pi\u0119ciu lat prowadz\u0119 salon kosmetyczny Magda M w \u015awidnicy, kt\u00f3remu po\u015bwi\u0119cam wi\u0119kszo\u015b\u0107 swojego czasu. Ci\u0105gle poszerzam swoj\u0105 wiedz\u0119, a zadowolenie moich coraz liczniejszych klient\u00f3w to najlepsza zap\u0142ata, bo jestem kosmetyczk\u0105 z wykszta\u0142cenia, ale przede wszystkim z zami\u0142owania.","url":"https:\/\/resibo.pl\/blog\/author\/magda\/"}]}},"_links":{"self":[{"href":"https:\/\/resibo.pl\/blog\/wp-json\/wp\/v2\/posts\/4790","targetHints":{"allow":["GET"]}}],"collection":[{"href":"https:\/\/resibo.pl\/blog\/wp-json\/wp\/v2\/posts"}],"about":[{"href":"https:\/\/resibo.pl\/blog\/wp-json\/wp\/v2\/types\/post"}],"author":[{"embeddable":true,"href":"https:\/\/resibo.pl\/blog\/wp-json\/wp\/v2\/users\/8"}],"replies":[{"embeddable":true,"href":"https:\/\/resibo.pl\/blog\/wp-json\/wp\/v2\/comments?post=4790"}],"version-history":[{"count":0,"href":"https:\/\/resibo.pl\/blog\/wp-json\/wp\/v2\/posts\/4790\/revisions"}],"wp:featuredmedia":[{"embeddable":true,"href":"https:\/\/resibo.pl\/blog\/wp-json\/wp\/v2\/media\/4791"}],"wp:attachment":[{"href":"https:\/\/resibo.pl\/blog\/wp-json\/wp\/v2\/media?parent=4790"}],"wp:term":[{"taxonomy":"category","embeddable":true,"href":"https:\/\/resibo.pl\/blog\/wp-json\/wp\/v2\/categories?post=4790"},{"taxonomy":"post_tag","embeddable":true,"href":"https:\/\/resibo.pl\/blog\/wp-json\/wp\/v2\/tags?post=4790"}],"curies":[{"name":"wp","href":"https:\/\/api.w.org\/{rel}","templated":true}]}}