{"id":4978,"date":"2015-03-10T21:29:34","date_gmt":"2015-03-10T20:29:34","guid":{"rendered":"https:\/\/resibo.pl\/blog\/?p=4978"},"modified":"2015-03-10T21:29:34","modified_gmt":"2015-03-10T20:29:34","slug":"dzien-kobiet-nie-tylko-od-swieta","status":"publish","type":"post","link":"https:\/\/resibo.pl\/blog\/dzien-kobiet-nie-tylko-od-swieta\/","title":{"rendered":"Dzie\u0144 kobiet, nie tylko od \u015bwi\u0119ta!"},"content":{"rendered":"<div class=\"vgblk-rw-wrapper limit-wrapper\">\n<p style=\"text-align: justify;\">A gdyby tak bardziej celebrowa\u0107 fakt bycia kobiet\u0105? Cz\u0119\u015bciej i nie oczekuj\u0105c tego od innych, a od samych siebie. Bo kobiet\u0105 jestem na co dzie\u0144 i oczywi\u015bcie, lubi\u0119 ten dzie\u0144, kiedy zjawia si\u0119 w moich drzwiach kurier z bukietem czerwonych r\u00f3\u017c, a m\u00f3j m\u0105\u017c robi niewinn\u0105 min\u0119, jakby nie wiedzia\u0142, sk\u0105d i od kogo to. Ale dla mnie by\u0107 kobiet to wielki przywilej.<\/p>\n<p style=\"text-align: justify;\">Dzisiaj, drogie czytelniczki i czytelnicy, kr\u00f3tko i nie na temat. Nie zasypi\u0119 Was dzisiaj \u015bwietnymi\u00a0radami, jak wygl\u0105da\u0107 pi\u0119knie o poranku czy na karnawa\u0142owe wyj\u015bcie, bo i karnawa\u0142 ju\u017c za nami. Kr\u00f3tko o tym, czego \u017cycz\u0119 sobie i Wam wszystkim z okazji Dnia Kobiet. Rado\u015bci z bycia kobiet\u0105 w zaganianych czasach, wyrozumia\u0142o\u015bci dla siebie i mi\u0142o\u015bci, przede wszystkim dla siebie! \u017beby\u015bcie zawsze znajdowa\u0142y w biegu dnia tych kilka minut na celebracj\u0119 swojego cia\u0142a i duszy, zafundujcie sobie SPA, cho\u0107by domowe, we w\u0142asnej \u0142azience i wannie. A raz w miesi\u0105cu wybierzcie si\u0119 na relaksacyjny masa\u017c, maseczk\u0119 czy chocia\u017cby dobr\u0105 kaw\u0119 w towarzystwie przyjaci\u00f3\u0142ki. Jak wspomnia\u0142a Ewelina w swoim najnowszym artykule, to by\u0142 intensywny tydzie\u0144, zako\u0144czony motywuj\u0105co stresuj\u0105cym wyst\u0119pem przed ponad setk\u0105 Pa\u0144, ale ile\u017c da\u0142 nam satysfakcji! I do tego d\u0105\u017ccie! Do satysfakcji, samozadowolenia.<\/p>\n<p style=\"text-align: justify;\">A \u017ce mamy dzi\u015b 10 marca, korzystaj\u0105c z okazji, sk\u0142adam najlepsze \u017cyczenia wszystkim Panom, bo tak naprawd\u0119 dzi\u015b Wasz dzie\u0144. Dbajcie o siebie i czasem rozpieszczajcie, nie zapominaj\u0105c oczywi\u015bcie przy tym o Waszych ukochanych! (Subtelne przemycenie \u017cycze\u0144 dla siebie i wszystkich kobiet). Swoj\u0105 drog\u0105 zawsze uwa\u017ca\u0142am, \u017ce to niesprawiedliwe, jest Dzie\u0144 M\u0119\u017cczyzn i Dzie\u0144 Ch\u0142opaka, a nie ma i Dnia Kobiet, i Dnia Dziewczyn. Co na to powiedzia\u0142 m\u00f3j m\u0105\u017c? Wy macie przecie\u017c walentynki. Chyba co\u015b w tym jest , ale dla nas \u015bwi\u0105t nigdy za wiele! \ud83d\ude00<\/p>\n<\/div>\n<p><!-- .vgblk-rw-wrapper --><\/p>\n","protected":false},"excerpt":{"rendered":"<p>A gdyby tak bardziej celebrowa\u0107 fakt bycia kobiet\u0105? Cz\u0119\u015bciej i nie oczekuj\u0105c tego od innych, a od samych siebie. Bo kobiet\u0105 jestem na co dzie\u0144 i oczywi\u015bcie, lubi\u0119 ten dzie\u0144, kiedy zjawia si\u0119 w moich drzwiach kurier z bukietem czerwonych r\u00f3\u017c, a m\u00f3j m\u0105\u017c robi niewinn\u0105 min\u0119, jakby nie wiedzia\u0142, sk\u0105d i od kogo to&#8230;.<\/p>\n","protected":false},"author":8,"featured_media":4979,"comment_status":"open","ping_status":"open","sticky":false,"template":"","format":"standard","meta":{"footnotes":""},"categories":[40],"tags":[],"class_list":["post-4978","post","type-post","status-publish","format-standard","has-post-thumbnail","hentry","category-magda-o-pielegnacji"],"yoast_head":"<!-- This site is optimized with the Yoast SEO plugin v27.5 - https:\/\/yoast.com\/product\/yoast-seo-wordpress\/ -->\n<title>Dzie\u0144 kobiet, nie tylko od \u015bwi\u0119ta! - Kosmetyki naturalne Resibo<\/title>\n<meta name=\"robots\" content=\"index, follow, max-snippet:-1, max-image-preview:large, max-video-preview:-1\" \/>\n<link rel=\"canonical\" href=\"https:\/\/resibo.pl\/blog\/dzien-kobiet-nie-tylko-od-swieta\/\" \/>\n<meta property=\"og:locale\" content=\"pl_PL\" \/>\n<meta property=\"og:type\" content=\"article\" \/>\n<meta property=\"og:title\" content=\"Dzie\u0144 kobiet, nie tylko od \u015bwi\u0119ta! - Kosmetyki naturalne Resibo\" \/>\n<meta property=\"og:description\" content=\"A gdyby tak bardziej celebrowa\u0107 fakt bycia kobiet\u0105? Cz\u0119\u015bciej i nie oczekuj\u0105c tego od innych, a od samych siebie. Bo kobiet\u0105 jestem na co dzie\u0144 i oczywi\u015bcie, lubi\u0119 ten dzie\u0144, kiedy zjawia si\u0119 w moich drzwiach kurier z bukietem czerwonych r\u00f3\u017c, a m\u00f3j m\u0105\u017c robi niewinn\u0105 min\u0119, jakby nie wiedzia\u0142, sk\u0105d i od kogo to....\" \/>\n<meta property=\"og:url\" content=\"https:\/\/resibo.pl\/blog\/dzien-kobiet-nie-tylko-od-swieta\/\" \/>\n<meta property=\"og:site_name\" content=\"Kosmetyki naturalne Resibo\" \/>\n<meta property=\"article:publisher\" content=\"http:\/\/facebook.com\/resiboPL\" \/>\n<meta property=\"article:published_time\" content=\"2015-03-10T20:29:34+00:00\" \/>\n<meta name=\"author\" content=\"Magda\" \/>\n<meta name=\"twitter:label1\" content=\"Napisane przez\" \/>\n\t<meta name=\"twitter:data1\" content=\"Magda\" \/>\n\t<meta name=\"twitter:label2\" content=\"Szacowany czas czytania\" \/>\n\t<meta name=\"twitter:data2\" content=\"2 minuty\" \/>\n<script type=\"application\/ld+json\" class=\"yoast-schema-graph\">{\"@context\":\"https:\\\/\\\/schema.org\",\"@graph\":[{\"@type\":\"Article\",\"@id\":\"https:\\\/\\\/resibo.pl\\\/blog\\\/dzien-kobiet-nie-tylko-od-swieta\\\/#article\",\"isPartOf\":{\"@id\":\"https:\\\/\\\/resibo.pl\\\/blog\\\/dzien-kobiet-nie-tylko-od-swieta\\\/\"},\"author\":{\"name\":\"Magda\",\"@id\":\"https:\\\/\\\/resibo.pl\\\/blog\\\/#\\\/schema\\\/person\\\/b83ed5dbb3219da851fb49ab9f7df4dc\"},\"headline\":\"Dzie\u0144 kobiet, nie tylko od \u015bwi\u0119ta!\",\"datePublished\":\"2015-03-10T20:29:34+00:00\",\"mainEntityOfPage\":{\"@id\":\"https:\\\/\\\/resibo.pl\\\/blog\\\/dzien-kobiet-nie-tylko-od-swieta\\\/\"},\"wordCount\":329,\"commentCount\":0,\"publisher\":{\"@id\":\"https:\\\/\\\/resibo.pl\\\/blog\\\/#organization\"},\"image\":{\"@id\":\"https:\\\/\\\/resibo.pl\\\/blog\\\/dzien-kobiet-nie-tylko-od-swieta\\\/#primaryimage\"},\"thumbnailUrl\":\"https:\\\/\\\/resibo.pl\\\/blog\\\/wp-content\\\/uploads\\\/2015\\\/03\\\/DSC00203-scaled.jpg\",\"articleSection\":[\"O pielegnacji\"],\"inLanguage\":\"pl-PL\",\"potentialAction\":[{\"@type\":\"CommentAction\",\"name\":\"Comment\",\"target\":[\"https:\\\/\\\/resibo.pl\\\/blog\\\/dzien-kobiet-nie-tylko-od-swieta\\\/#respond\"]}]},{\"@type\":\"WebPage\",\"@id\":\"https:\\\/\\\/resibo.pl\\\/blog\\\/dzien-kobiet-nie-tylko-od-swieta\\\/\",\"url\":\"https:\\\/\\\/resibo.pl\\\/blog\\\/dzien-kobiet-nie-tylko-od-swieta\\\/\",\"name\":\"Dzie\u0144 kobiet, nie tylko od \u015bwi\u0119ta! - Kosmetyki naturalne Resibo\",\"isPartOf\":{\"@id\":\"https:\\\/\\\/resibo.pl\\\/blog\\\/#website\"},\"primaryImageOfPage\":{\"@id\":\"https:\\\/\\\/resibo.pl\\\/blog\\\/dzien-kobiet-nie-tylko-od-swieta\\\/#primaryimage\"},\"image\":{\"@id\":\"https:\\\/\\\/resibo.pl\\\/blog\\\/dzien-kobiet-nie-tylko-od-swieta\\\/#primaryimage\"},\"thumbnailUrl\":\"https:\\\/\\\/resibo.pl\\\/blog\\\/wp-content\\\/uploads\\\/2015\\\/03\\\/DSC00203-scaled.jpg\",\"datePublished\":\"2015-03-10T20:29:34+00:00\",\"breadcrumb\":{\"@id\":\"https:\\\/\\\/resibo.pl\\\/blog\\\/dzien-kobiet-nie-tylko-od-swieta\\\/#breadcrumb\"},\"inLanguage\":\"pl-PL\",\"potentialAction\":[{\"@type\":\"ReadAction\",\"target\":[\"https:\\\/\\\/resibo.pl\\\/blog\\\/dzien-kobiet-nie-tylko-od-swieta\\\/\"]}]},{\"@type\":\"ImageObject\",\"inLanguage\":\"pl-PL\",\"@id\":\"https:\\\/\\\/resibo.pl\\\/blog\\\/dzien-kobiet-nie-tylko-od-swieta\\\/#primaryimage\",\"url\":\"https:\\\/\\\/resibo.pl\\\/blog\\\/wp-content\\\/uploads\\\/2015\\\/03\\\/DSC00203-scaled.jpg\",\"contentUrl\":\"https:\\\/\\\/resibo.pl\\\/blog\\\/wp-content\\\/uploads\\\/2015\\\/03\\\/DSC00203-scaled.jpg\",\"width\":2560,\"height\":1691},{\"@type\":\"BreadcrumbList\",\"@id\":\"https:\\\/\\\/resibo.pl\\\/blog\\\/dzien-kobiet-nie-tylko-od-swieta\\\/#breadcrumb\",\"itemListElement\":[{\"@type\":\"ListItem\",\"position\":1,\"name\":\"Strona g\u0142\u00f3wna\",\"item\":\"https:\\\/\\\/resibo.pl\\\/blog\\\/\"},{\"@type\":\"ListItem\",\"position\":2,\"name\":\"Dzie\u0144 kobiet, nie tylko od \u015bwi\u0119ta!\"}]},{\"@type\":\"WebSite\",\"@id\":\"https:\\\/\\\/resibo.pl\\\/blog\\\/#website\",\"url\":\"https:\\\/\\\/resibo.pl\\\/blog\\\/\",\"name\":\"Kosmetyki naturalne Resibo\",\"description\":\"\",\"publisher\":{\"@id\":\"https:\\\/\\\/resibo.pl\\\/blog\\\/#organization\"},\"potentialAction\":[{\"@type\":\"SearchAction\",\"target\":{\"@type\":\"EntryPoint\",\"urlTemplate\":\"https:\\\/\\\/resibo.pl\\\/blog\\\/?s={search_term_string}\"},\"query-input\":{\"@type\":\"PropertyValueSpecification\",\"valueRequired\":true,\"valueName\":\"search_term_string\"}}],\"inLanguage\":\"pl-PL\"},{\"@type\":\"Organization\",\"@id\":\"https:\\\/\\\/resibo.pl\\\/blog\\\/#organization\",\"name\":\"Resibo\",\"url\":\"https:\\\/\\\/resibo.pl\\\/blog\\\/\",\"logo\":{\"@type\":\"ImageObject\",\"inLanguage\":\"pl-PL\",\"@id\":\"https:\\\/\\\/resibo.pl\\\/blog\\\/#\\\/schema\\\/logo\\\/image\\\/\",\"url\":\"https:\\\/\\\/resibo.pl\\\/blog\\\/wp-content\\\/uploads\\\/2022\\\/02\\\/cropped-logo.png\",\"contentUrl\":\"https:\\\/\\\/resibo.pl\\\/blog\\\/wp-content\\\/uploads\\\/2022\\\/02\\\/cropped-logo.png\",\"width\":274,\"height\":109,\"caption\":\"Resibo\"},\"image\":{\"@id\":\"https:\\\/\\\/resibo.pl\\\/blog\\\/#\\\/schema\\\/logo\\\/image\\\/\"},\"sameAs\":[\"http:\\\/\\\/facebook.com\\\/resiboPL\",\"http:\\\/\\\/instagram.com\\\/resibobynature\"]},{\"@type\":\"Person\",\"@id\":\"https:\\\/\\\/resibo.pl\\\/blog\\\/#\\\/schema\\\/person\\\/b83ed5dbb3219da851fb49ab9f7df4dc\",\"name\":\"Magda\",\"image\":{\"@type\":\"ImageObject\",\"inLanguage\":\"pl-PL\",\"@id\":\"https:\\\/\\\/secure.gravatar.com\\\/avatar\\\/0dfb5ced8ae1e08e5ccb725b615759b70c0470361d1df994cce404b851bfb639?s=96&d=mm&r=g\",\"url\":\"https:\\\/\\\/secure.gravatar.com\\\/avatar\\\/0dfb5ced8ae1e08e5ccb725b615759b70c0470361d1df994cce404b851bfb639?s=96&d=mm&r=g\",\"contentUrl\":\"https:\\\/\\\/secure.gravatar.com\\\/avatar\\\/0dfb5ced8ae1e08e5ccb725b615759b70c0470361d1df994cce404b851bfb639?s=96&d=mm&r=g\",\"caption\":\"Magda\"},\"description\":\"Magdalena Matyga-Kruk, ekspert ds. kosmetologii Kosmetologia i wszystko, co zwi\u0105zane z piel\u0119gnacj\u0105 sk\u00f3ry, to moja pasja. \u017beby nie musie\u0107 nigdy pracowa\u0107, z tej pasji uczyni\u0142am\u2026 prac\u0119. Od ponad pi\u0119ciu lat prowadz\u0119 salon kosmetyczny Magda M w \u015awidnicy, kt\u00f3remu po\u015bwi\u0119cam wi\u0119kszo\u015b\u0107 swojego czasu. Ci\u0105gle poszerzam swoj\u0105 wiedz\u0119, a zadowolenie moich coraz liczniejszych klient\u00f3w to najlepsza zap\u0142ata, bo jestem kosmetyczk\u0105 z wykszta\u0142cenia, ale przede wszystkim z zami\u0142owania.\",\"url\":\"https:\\\/\\\/resibo.pl\\\/blog\\\/author\\\/magda\\\/\"}]}<\/script>\n<!-- \/ Yoast SEO plugin. -->","yoast_head_json":{"title":"Dzie\u0144 kobiet, nie tylko od \u015bwi\u0119ta! - Kosmetyki naturalne Resibo","robots":{"index":"index","follow":"follow","max-snippet":"max-snippet:-1","max-image-preview":"max-image-preview:large","max-video-preview":"max-video-preview:-1"},"canonical":"https:\/\/resibo.pl\/blog\/dzien-kobiet-nie-tylko-od-swieta\/","og_locale":"pl_PL","og_type":"article","og_title":"Dzie\u0144 kobiet, nie tylko od \u015bwi\u0119ta! - Kosmetyki naturalne Resibo","og_description":"A gdyby tak bardziej celebrowa\u0107 fakt bycia kobiet\u0105? Cz\u0119\u015bciej i nie oczekuj\u0105c tego od innych, a od samych siebie. Bo kobiet\u0105 jestem na co dzie\u0144 i oczywi\u015bcie, lubi\u0119 ten dzie\u0144, kiedy zjawia si\u0119 w moich drzwiach kurier z bukietem czerwonych r\u00f3\u017c, a m\u00f3j m\u0105\u017c robi niewinn\u0105 min\u0119, jakby nie wiedzia\u0142, sk\u0105d i od kogo to....","og_url":"https:\/\/resibo.pl\/blog\/dzien-kobiet-nie-tylko-od-swieta\/","og_site_name":"Kosmetyki naturalne Resibo","article_publisher":"http:\/\/facebook.com\/resiboPL","article_published_time":"2015-03-10T20:29:34+00:00","author":"Magda","twitter_misc":{"Napisane przez":"Magda","Szacowany czas czytania":"2 minuty"},"schema":{"@context":"https:\/\/schema.org","@graph":[{"@type":"Article","@id":"https:\/\/resibo.pl\/blog\/dzien-kobiet-nie-tylko-od-swieta\/#article","isPartOf":{"@id":"https:\/\/resibo.pl\/blog\/dzien-kobiet-nie-tylko-od-swieta\/"},"author":{"name":"Magda","@id":"https:\/\/resibo.pl\/blog\/#\/schema\/person\/b83ed5dbb3219da851fb49ab9f7df4dc"},"headline":"Dzie\u0144 kobiet, nie tylko od \u015bwi\u0119ta!","datePublished":"2015-03-10T20:29:34+00:00","mainEntityOfPage":{"@id":"https:\/\/resibo.pl\/blog\/dzien-kobiet-nie-tylko-od-swieta\/"},"wordCount":329,"commentCount":0,"publisher":{"@id":"https:\/\/resibo.pl\/blog\/#organization"},"image":{"@id":"https:\/\/resibo.pl\/blog\/dzien-kobiet-nie-tylko-od-swieta\/#primaryimage"},"thumbnailUrl":"https:\/\/resibo.pl\/blog\/wp-content\/uploads\/2015\/03\/DSC00203-scaled.jpg","articleSection":["O pielegnacji"],"inLanguage":"pl-PL","potentialAction":[{"@type":"CommentAction","name":"Comment","target":["https:\/\/resibo.pl\/blog\/dzien-kobiet-nie-tylko-od-swieta\/#respond"]}]},{"@type":"WebPage","@id":"https:\/\/resibo.pl\/blog\/dzien-kobiet-nie-tylko-od-swieta\/","url":"https:\/\/resibo.pl\/blog\/dzien-kobiet-nie-tylko-od-swieta\/","name":"Dzie\u0144 kobiet, nie tylko od \u015bwi\u0119ta! - Kosmetyki naturalne Resibo","isPartOf":{"@id":"https:\/\/resibo.pl\/blog\/#website"},"primaryImageOfPage":{"@id":"https:\/\/resibo.pl\/blog\/dzien-kobiet-nie-tylko-od-swieta\/#primaryimage"},"image":{"@id":"https:\/\/resibo.pl\/blog\/dzien-kobiet-nie-tylko-od-swieta\/#primaryimage"},"thumbnailUrl":"https:\/\/resibo.pl\/blog\/wp-content\/uploads\/2015\/03\/DSC00203-scaled.jpg","datePublished":"2015-03-10T20:29:34+00:00","breadcrumb":{"@id":"https:\/\/resibo.pl\/blog\/dzien-kobiet-nie-tylko-od-swieta\/#breadcrumb"},"inLanguage":"pl-PL","potentialAction":[{"@type":"ReadAction","target":["https:\/\/resibo.pl\/blog\/dzien-kobiet-nie-tylko-od-swieta\/"]}]},{"@type":"ImageObject","inLanguage":"pl-PL","@id":"https:\/\/resibo.pl\/blog\/dzien-kobiet-nie-tylko-od-swieta\/#primaryimage","url":"https:\/\/resibo.pl\/blog\/wp-content\/uploads\/2015\/03\/DSC00203-scaled.jpg","contentUrl":"https:\/\/resibo.pl\/blog\/wp-content\/uploads\/2015\/03\/DSC00203-scaled.jpg","width":2560,"height":1691},{"@type":"BreadcrumbList","@id":"https:\/\/resibo.pl\/blog\/dzien-kobiet-nie-tylko-od-swieta\/#breadcrumb","itemListElement":[{"@type":"ListItem","position":1,"name":"Strona g\u0142\u00f3wna","item":"https:\/\/resibo.pl\/blog\/"},{"@type":"ListItem","position":2,"name":"Dzie\u0144 kobiet, nie tylko od \u015bwi\u0119ta!"}]},{"@type":"WebSite","@id":"https:\/\/resibo.pl\/blog\/#website","url":"https:\/\/resibo.pl\/blog\/","name":"Kosmetyki naturalne Resibo","description":"","publisher":{"@id":"https:\/\/resibo.pl\/blog\/#organization"},"potentialAction":[{"@type":"SearchAction","target":{"@type":"EntryPoint","urlTemplate":"https:\/\/resibo.pl\/blog\/?s={search_term_string}"},"query-input":{"@type":"PropertyValueSpecification","valueRequired":true,"valueName":"search_term_string"}}],"inLanguage":"pl-PL"},{"@type":"Organization","@id":"https:\/\/resibo.pl\/blog\/#organization","name":"Resibo","url":"https:\/\/resibo.pl\/blog\/","logo":{"@type":"ImageObject","inLanguage":"pl-PL","@id":"https:\/\/resibo.pl\/blog\/#\/schema\/logo\/image\/","url":"https:\/\/resibo.pl\/blog\/wp-content\/uploads\/2022\/02\/cropped-logo.png","contentUrl":"https:\/\/resibo.pl\/blog\/wp-content\/uploads\/2022\/02\/cropped-logo.png","width":274,"height":109,"caption":"Resibo"},"image":{"@id":"https:\/\/resibo.pl\/blog\/#\/schema\/logo\/image\/"},"sameAs":["http:\/\/facebook.com\/resiboPL","http:\/\/instagram.com\/resibobynature"]},{"@type":"Person","@id":"https:\/\/resibo.pl\/blog\/#\/schema\/person\/b83ed5dbb3219da851fb49ab9f7df4dc","name":"Magda","image":{"@type":"ImageObject","inLanguage":"pl-PL","@id":"https:\/\/secure.gravatar.com\/avatar\/0dfb5ced8ae1e08e5ccb725b615759b70c0470361d1df994cce404b851bfb639?s=96&d=mm&r=g","url":"https:\/\/secure.gravatar.com\/avatar\/0dfb5ced8ae1e08e5ccb725b615759b70c0470361d1df994cce404b851bfb639?s=96&d=mm&r=g","contentUrl":"https:\/\/secure.gravatar.com\/avatar\/0dfb5ced8ae1e08e5ccb725b615759b70c0470361d1df994cce404b851bfb639?s=96&d=mm&r=g","caption":"Magda"},"description":"Magdalena Matyga-Kruk, ekspert ds. kosmetologii Kosmetologia i wszystko, co zwi\u0105zane z piel\u0119gnacj\u0105 sk\u00f3ry, to moja pasja. \u017beby nie musie\u0107 nigdy pracowa\u0107, z tej pasji uczyni\u0142am\u2026 prac\u0119. Od ponad pi\u0119ciu lat prowadz\u0119 salon kosmetyczny Magda M w \u015awidnicy, kt\u00f3remu po\u015bwi\u0119cam wi\u0119kszo\u015b\u0107 swojego czasu. Ci\u0105gle poszerzam swoj\u0105 wiedz\u0119, a zadowolenie moich coraz liczniejszych klient\u00f3w to najlepsza zap\u0142ata, bo jestem kosmetyczk\u0105 z wykszta\u0142cenia, ale przede wszystkim z zami\u0142owania.","url":"https:\/\/resibo.pl\/blog\/author\/magda\/"}]}},"_links":{"self":[{"href":"https:\/\/resibo.pl\/blog\/wp-json\/wp\/v2\/posts\/4978","targetHints":{"allow":["GET"]}}],"collection":[{"href":"https:\/\/resibo.pl\/blog\/wp-json\/wp\/v2\/posts"}],"about":[{"href":"https:\/\/resibo.pl\/blog\/wp-json\/wp\/v2\/types\/post"}],"author":[{"embeddable":true,"href":"https:\/\/resibo.pl\/blog\/wp-json\/wp\/v2\/users\/8"}],"replies":[{"embeddable":true,"href":"https:\/\/resibo.pl\/blog\/wp-json\/wp\/v2\/comments?post=4978"}],"version-history":[{"count":0,"href":"https:\/\/resibo.pl\/blog\/wp-json\/wp\/v2\/posts\/4978\/revisions"}],"wp:featuredmedia":[{"embeddable":true,"href":"https:\/\/resibo.pl\/blog\/wp-json\/wp\/v2\/media\/4979"}],"wp:attachment":[{"href":"https:\/\/resibo.pl\/blog\/wp-json\/wp\/v2\/media?parent=4978"}],"wp:term":[{"taxonomy":"category","embeddable":true,"href":"https:\/\/resibo.pl\/blog\/wp-json\/wp\/v2\/categories?post=4978"},{"taxonomy":"post_tag","embeddable":true,"href":"https:\/\/resibo.pl\/blog\/wp-json\/wp\/v2\/tags?post=4978"}],"curies":[{"name":"wp","href":"https:\/\/api.w.org\/{rel}","templated":true}]}}