{"id":5068,"date":"2015-03-31T21:13:20","date_gmt":"2015-03-31T19:13:20","guid":{"rendered":"https:\/\/resibo.pl\/blog\/?p=5068"},"modified":"2015-03-31T21:13:20","modified_gmt":"2015-03-31T19:13:20","slug":"makijaz-permanentny-podkreslenie-urody-i-ukrycie-mankamentow-czy-sztuczny-efekt","status":"publish","type":"post","link":"https:\/\/resibo.pl\/blog\/makijaz-permanentny-podkreslenie-urody-i-ukrycie-mankamentow-czy-sztuczny-efekt\/","title":{"rendered":"Makija\u017c permanentny &#8211; podkre\u015blenie urody i ukrycie mankament\u00f3w czy sztuczny efekt?"},"content":{"rendered":"<div class=\"vgblk-rw-wrapper limit-wrapper\">\n<p style=\"text-align: justify;\">Makija\u017c permanentny &#8211; podkre\u015blenie urody i ukrycie mankament\u00f3w czy sztuczny, nienaturalny efekt? Czego mo\u017cna oczekiwa\u0107 po takiej us\u0142udze kosmetycznej?<\/p>\n<p style=\"text-align: justify;\">Nie da si\u0119 ukry\u0107 &#8211; wi\u0119kszo\u015b\u0107 z nas, kobiet, zaczyna dzie\u0144 od ekspresowej toalety. Im szybciej, tym lepiej. Bo dzieci trzeba uszykowa\u0107, bo koszula niewyprasowana, bo w pracy trzeba by\u0107 dzi\u015b wcze\u015bniej. Na prysznic i makija\u017c czasu jest niewiele, wi\u0119c ka\u017cde u\u0142atwienie czy pomoc jest na wag\u0119 z\u0142ota. Uk\u0142onem w t\u0119 stron\u0119 sta\u0142o si\u0119 wprowadzenie do us\u0142ug gabinet\u00f3w kosmetycznych makija\u017cu permanentnego.<\/p>\n<p style=\"text-align: justify;\">Co to znaczy permanentny? Sta\u0142y. I faktycznie jest to rodzaj makija\u017cu na sta\u0142e. Co prawda, nie na ca\u0142e \u017cycie, bo nie jest to tatua\u017c, ale raczej co\u015b w rodzaju bio-tatua\u017cu. Tatua\u017c polega na wprowadzeniu pigmentu do sk\u00f3ry w\u0142a\u015bciwej. W przypadku makija\u017cu m\u00f3wimy o mikropigmentach, a wprowadzane s\u0105 one do g\u0142\u0119bszych, \u017cywych warstw nask\u00f3rka.<\/p>\n<p style=\"text-align: justify;\">Ile czasu wi\u0119c utrzymuje si\u0119 makija\u017c permanentny?\u00a0Od jednego roku do nawet pi\u0119ciu lat. Z czego wynika tak du\u017ca rozbie\u017cno\u015b\u0107? Wp\u0142yw na jego trwa\u0142o\u015b\u0107 ma wiele czynnik\u00f3w.<\/p>\n<p style=\"text-align: justify;\">Po pierwsze, rodzaj i kolor u\u017cytego mikropigmentu. Obecnie stosuje si\u0119 pigmenty mineralne. Kiedy\u015b du\u017co m\u00f3wi\u0142o si\u0119 o tzw. barwnikach naturalnych, czyli ro\u015blinnych lub nawet odzwierz\u0119cych. Z powodu du\u017cego ryzyka reakcji alergicznych, odbarwie\u0144 na niechciane kolory, nier\u00f3wne wybarwianie, zosta\u0142y one wycofane, a ich miejsce zaj\u0119\u0142y mniej trwa\u0142e, ale bezpieczniejsze pigmenty mineralne, kt\u00f3re opr\u00f3cz bezpiecze\u0144stwa stosowania maj\u0105 ogromn\u0105 gam\u0119 kolor\u00f3w.<\/p>\n<blockquote class=\"blockquote--custom\"><p><span class=\"blockquote__icon\"><i class=\"icon-quote\"><\/i>\u00a0<\/span>I tak najtrwalszym z nich jest kolor czarny, stosowany najcz\u0119\u015bciej do poprawy konturu oka, g\u00f3rnej i dolnej kreski. Nale\u017cy jednak mie\u0107 \u015bwiadomo\u015b\u0107, \u017ce mimo i\u017c jest najtrwalszy, w procesie wy\u0142uszczania, bledni\u0119cia z biegiem czasu, b\u0119dzie wybarwia\u0142 si\u0119 na kolor grafitowo-niebieski lub grafitowo-szary i tego nie da si\u0119 w 100%przewidzie\u0107, bo to jak dany kolor wyjdzie w sk\u00f3rze, zale\u017cy od jej naturalnego kolorytu i fototypu.<\/p><\/blockquote>\n<p style=\"text-align: justify;\">Dlatego zawsze odradzam swoim klientkom brwi w czysto czarnym kolorze. Zreszt\u0105 z pewno\u015bci\u0105 widzia\u0142y\u015bcie ju\u017c niejeden raz brwi na wz\u00f3r &#8222;wi\u0119ziennego&#8221; tatua\u017cu, granatowo-niebieskie. A prawid\u0142owo wykonany makija\u017c trwa\u0142y potrafi pi\u0119knie podkre\u015bli\u0107 rysy twarzy i nada\u0107 jej wyrazisty wygl\u0105d. Wykonuj\u0105c wi\u0119c makija\u017c brwi warto si\u0119gn\u0105\u0107 po naturalne, br\u0105zowe czy szare pigmenty. Trzeba jednak liczy\u0107 si\u0119 z tym, \u017ce dla zachowania wyrazisto\u015bci i kszta\u0142tu, b\u0119dzie on wymaga\u0142 od\u015bwie\u017cenia po 1-1,5 roku. Najd\u0142u\u017cej wi\u0119c utrzyma si\u0119 makija\u017c oka, a ust, r\u00f3wnie\u017c w zale\u017cno\u015bci od nasycenia koloru (im bardziej wyrazisty, tym trwalszy), ok. 2 lat.<\/p>\n<p style=\"text-align: justify;\">Jednak nie tylko rodzaj pigmentu <strong>wp\u0142ywa na trwa\u0142o\u015b\u0107<\/strong>. Wa\u017cne s\u0105 r\u00f3wnie\u017c:<\/p>\n<ul>\n<li style=\"text-align: justify;\">skrupulatne przestrzeganie zalece\u0144 piel\u0119gnacyjnych w pierwszych dniach po wykonaniu,<\/li>\n<li style=\"text-align: justify;\">ilo\u015b\u0107 i rodzaj &#8222;w\u0142asnego&#8221; pigmentu &#8211; fototypu cery,<\/li>\n<li style=\"text-align: justify;\">grupa krwi &#8211; niezbadane, a jednak potwierdzone wieloma przypadkami uwarunkowanie m\u00f3wi\u0105ce, \u017ce gorzej przyjmuj\u0105 barwnik i utrzymuj\u0105 go w sk\u00f3rze osoby z grup\u0105 krwi 0; dotyczy to szczeg\u00f3lnie kresek na powiekach,<\/li>\n<li style=\"text-align: justify;\">cz\u0119ste opryszczki &#8211; w przypadku makija\u017cu ust powoduj\u0105 ca\u0142kowite lub cz\u0119\u015bciowe wyrzucenie pigmentu w miejscach obj\u0119tych zmianami,<\/li>\n<li style=\"text-align: justify;\">cz\u0119ste korzystanie ze s\u0142o\u0144ca lub w solarium &#8211; przyspiesza rogowacenie nask\u00f3rka, a tym samym szybsze bledni\u0119cie makija\u017cu.<\/li>\n<\/ul>\n<p style=\"text-align: justify;\">Jakie s\u0105 <strong>przeciwwskazania do wykonania mikropigmentacji<\/strong>? Generalnie i najpro\u015bciej rzecz ujmuj\u0105c, tego typu zabiegom mog\u0105 poddawa\u0107 si\u0119 osoby zdrowe i wtedy nie ma w\u0105tpliwo\u015bci. Ale nie wszystkie schorzenia wykluczaj\u0105 jego wykonanie. Jednak do tych najwa\u017cniejszych nale\u017c\u0105:<\/p>\n<ul>\n<li style=\"text-align: justify;\">hemofilia i choroby krwi,<\/li>\n<li style=\"text-align: justify;\">sk\u0142onno\u015b\u0107 do blizn i keloid\u00f3w,<\/li>\n<li style=\"text-align: justify;\">padaczka,<\/li>\n<li style=\"text-align: justify;\">przyjmowanie lek\u00f3w przeciwzakrzepowych, sterydowych, antybiotykoterapia,<\/li>\n<li style=\"text-align: justify;\">spo\u017cywanie alkoholu lub przyjmowanie aspiryny przed zabiegiem,<\/li>\n<li style=\"text-align: justify;\">cukrzyca insulinozale\u017cna,<\/li>\n<li style=\"text-align: justify;\">stany gor\u0105czkowe, przezi\u0119bienie, zapalenie g\u00f3rnych dr\u00f3g oddechowych,<\/li>\n<li style=\"text-align: justify;\">nowotwory sk\u00f3ry.<\/li>\n<\/ul>\n<p style=\"text-align: justify;\">Ok, przeciwwskaza\u0144 jest niema\u0142o, z kolorami te\u017c mo\u017ce by\u0107 r\u00f3\u017cnie. Zatem robi\u0107 czy nie robi\u0107?<\/p>\n<p style=\"text-align: justify;\">Jak najbardziej robi\u0107, ale nie u byle kogo, tylko dlatego \u017ce\u00a0cena w internecie jest kusz\u0105ca czy \u017ce kole\u017cance z s\u0105siedztwa si\u0119 &#8222;uda\u0142o&#8221; dobrze trafi\u0107. Bo koszty wykonania takiego makija\u017cu s\u0105 wysokie, porz\u0105dne szkolenie te\u017c swoje kosztuje, sprz\u0119t do wykonywania jest drogi, dobre barwniki r\u00f3wnie\u017c. Czas i umiej\u0119tno\u015bci kosmetyczki &#8211; linergistki to tak\u017ce warto\u015b\u0107.<\/p>\n<p style=\"text-align: justify;\">Je\u015bli kto\u015b oferuje takie us\u0142ugi za \u015bmiesznie nisk\u0105 cen\u0119 w stosunku do cen w innych gabinetach, to powinno sk\u0142oni\u0107 nas do my\u015blenia. Sprawdzajcie, w miar\u0119 mo\u017cliwo\u015bci, opinie na temat gabinetu, w kt\u00f3rym zdecydujecie si\u0119 na taki zabieg. Bo dobrze wykonany makija\u017c permanentny potrafi u\u0142atwi\u0107 \u017cycie zapracowanej kobiety, podkre\u015bli\u0107 zalety i ukry\u0107 mankamenty urody. Jest on cudownym rozwi\u0105zaniem w trakcie urlopu, pobytu w sanatorium czy cho\u0107by w szpitalu, wsz\u0119dzie tam, gdzie codzienny makija\u017c jest zb\u0119dny lub jego wykonanie &#8211; po prostu utrudnione. A dzi\u0119ki niemu mo\u017cesz mie\u0107 brwi, o jakich zawsze marzy\u0142a\u015b, pe\u0142niejsze, bardziej soczyste usta czy dyskretnie i naturalnie podkre\u015blone oczy!<\/p>\n<\/div>\n<p><!-- .vgblk-rw-wrapper --><\/p>\n","protected":false},"excerpt":{"rendered":"<p>Makija\u017c permanentny &#8211; podkre\u015blenie urody i ukrycie mankament\u00f3w czy sztuczny, nienaturalny efekt? Czego mo\u017cna oczekiwa\u0107 po takiej us\u0142udze kosmetycznej? Nie da si\u0119 ukry\u0107 &#8211; wi\u0119kszo\u015b\u0107 z nas, kobiet, zaczyna dzie\u0144 od ekspresowej toalety. Im szybciej, tym lepiej. Bo dzieci trzeba uszykowa\u0107, bo koszula niewyprasowana, bo w pracy trzeba by\u0107 dzi\u015b wcze\u015bniej. Na prysznic i makija\u017c&#8230;<\/p>\n","protected":false},"author":8,"featured_media":5069,"comment_status":"open","ping_status":"open","sticky":false,"template":"","format":"standard","meta":{"footnotes":""},"categories":[40],"tags":[],"class_list":["post-5068","post","type-post","status-publish","format-standard","has-post-thumbnail","hentry","category-magda-o-pielegnacji"],"yoast_head":"<!-- This site is optimized with the Yoast SEO plugin v27.5 - https:\/\/yoast.com\/product\/yoast-seo-wordpress\/ -->\n<title>Makija\u017c permanentny - podkre\u015blenie urody i ukrycie mankament\u00f3w czy sztuczny efekt? - Kosmetyki naturalne Resibo<\/title>\n<meta name=\"robots\" content=\"index, follow, max-snippet:-1, max-image-preview:large, max-video-preview:-1\" \/>\n<link rel=\"canonical\" href=\"https:\/\/resibo.pl\/blog\/makijaz-permanentny-podkreslenie-urody-i-ukrycie-mankamentow-czy-sztuczny-efekt\/\" \/>\n<meta property=\"og:locale\" content=\"pl_PL\" \/>\n<meta property=\"og:type\" content=\"article\" \/>\n<meta property=\"og:title\" content=\"Makija\u017c permanentny - podkre\u015blenie urody i ukrycie mankament\u00f3w czy sztuczny efekt? - Kosmetyki naturalne Resibo\" \/>\n<meta property=\"og:description\" content=\"Makija\u017c permanentny &#8211; podkre\u015blenie urody i ukrycie mankament\u00f3w czy sztuczny, nienaturalny efekt? Czego mo\u017cna oczekiwa\u0107 po takiej us\u0142udze kosmetycznej? Nie da si\u0119 ukry\u0107 &#8211; wi\u0119kszo\u015b\u0107 z nas, kobiet, zaczyna dzie\u0144 od ekspresowej toalety. Im szybciej, tym lepiej. Bo dzieci trzeba uszykowa\u0107, bo koszula niewyprasowana, bo w pracy trzeba by\u0107 dzi\u015b wcze\u015bniej. Na prysznic i makija\u017c...\" \/>\n<meta property=\"og:url\" content=\"https:\/\/resibo.pl\/blog\/makijaz-permanentny-podkreslenie-urody-i-ukrycie-mankamentow-czy-sztuczny-efekt\/\" \/>\n<meta property=\"og:site_name\" content=\"Kosmetyki naturalne Resibo\" \/>\n<meta property=\"article:publisher\" content=\"http:\/\/facebook.com\/resiboPL\" \/>\n<meta property=\"article:published_time\" content=\"2015-03-31T19:13:20+00:00\" \/>\n<meta name=\"author\" content=\"Magda\" \/>\n<meta name=\"twitter:label1\" content=\"Napisane przez\" \/>\n\t<meta name=\"twitter:data1\" content=\"Magda\" \/>\n\t<meta name=\"twitter:label2\" content=\"Szacowany czas czytania\" \/>\n\t<meta name=\"twitter:data2\" content=\"4 minuty\" \/>\n<script type=\"application\/ld+json\" class=\"yoast-schema-graph\">{\"@context\":\"https:\\\/\\\/schema.org\",\"@graph\":[{\"@type\":\"Article\",\"@id\":\"https:\\\/\\\/resibo.pl\\\/blog\\\/makijaz-permanentny-podkreslenie-urody-i-ukrycie-mankamentow-czy-sztuczny-efekt\\\/#article\",\"isPartOf\":{\"@id\":\"https:\\\/\\\/resibo.pl\\\/blog\\\/makijaz-permanentny-podkreslenie-urody-i-ukrycie-mankamentow-czy-sztuczny-efekt\\\/\"},\"author\":{\"name\":\"Magda\",\"@id\":\"https:\\\/\\\/resibo.pl\\\/blog\\\/#\\\/schema\\\/person\\\/b83ed5dbb3219da851fb49ab9f7df4dc\"},\"headline\":\"Makija\u017c permanentny &#8211; podkre\u015blenie urody i ukrycie mankament\u00f3w czy sztuczny efekt?\",\"datePublished\":\"2015-03-31T19:13:20+00:00\",\"mainEntityOfPage\":{\"@id\":\"https:\\\/\\\/resibo.pl\\\/blog\\\/makijaz-permanentny-podkreslenie-urody-i-ukrycie-mankamentow-czy-sztuczny-efekt\\\/\"},\"wordCount\":867,\"commentCount\":0,\"publisher\":{\"@id\":\"https:\\\/\\\/resibo.pl\\\/blog\\\/#organization\"},\"image\":{\"@id\":\"https:\\\/\\\/resibo.pl\\\/blog\\\/makijaz-permanentny-podkreslenie-urody-i-ukrycie-mankamentow-czy-sztuczny-efekt\\\/#primaryimage\"},\"thumbnailUrl\":\"https:\\\/\\\/resibo.pl\\\/blog\\\/wp-content\\\/uploads\\\/2015\\\/03\\\/collage.jpg\",\"articleSection\":[\"O pielegnacji\"],\"inLanguage\":\"pl-PL\",\"potentialAction\":[{\"@type\":\"CommentAction\",\"name\":\"Comment\",\"target\":[\"https:\\\/\\\/resibo.pl\\\/blog\\\/makijaz-permanentny-podkreslenie-urody-i-ukrycie-mankamentow-czy-sztuczny-efekt\\\/#respond\"]}]},{\"@type\":\"WebPage\",\"@id\":\"https:\\\/\\\/resibo.pl\\\/blog\\\/makijaz-permanentny-podkreslenie-urody-i-ukrycie-mankamentow-czy-sztuczny-efekt\\\/\",\"url\":\"https:\\\/\\\/resibo.pl\\\/blog\\\/makijaz-permanentny-podkreslenie-urody-i-ukrycie-mankamentow-czy-sztuczny-efekt\\\/\",\"name\":\"Makija\u017c permanentny - podkre\u015blenie urody i ukrycie mankament\u00f3w czy sztuczny efekt? - Kosmetyki naturalne Resibo\",\"isPartOf\":{\"@id\":\"https:\\\/\\\/resibo.pl\\\/blog\\\/#website\"},\"primaryImageOfPage\":{\"@id\":\"https:\\\/\\\/resibo.pl\\\/blog\\\/makijaz-permanentny-podkreslenie-urody-i-ukrycie-mankamentow-czy-sztuczny-efekt\\\/#primaryimage\"},\"image\":{\"@id\":\"https:\\\/\\\/resibo.pl\\\/blog\\\/makijaz-permanentny-podkreslenie-urody-i-ukrycie-mankamentow-czy-sztuczny-efekt\\\/#primaryimage\"},\"thumbnailUrl\":\"https:\\\/\\\/resibo.pl\\\/blog\\\/wp-content\\\/uploads\\\/2015\\\/03\\\/collage.jpg\",\"datePublished\":\"2015-03-31T19:13:20+00:00\",\"breadcrumb\":{\"@id\":\"https:\\\/\\\/resibo.pl\\\/blog\\\/makijaz-permanentny-podkreslenie-urody-i-ukrycie-mankamentow-czy-sztuczny-efekt\\\/#breadcrumb\"},\"inLanguage\":\"pl-PL\",\"potentialAction\":[{\"@type\":\"ReadAction\",\"target\":[\"https:\\\/\\\/resibo.pl\\\/blog\\\/makijaz-permanentny-podkreslenie-urody-i-ukrycie-mankamentow-czy-sztuczny-efekt\\\/\"]}]},{\"@type\":\"ImageObject\",\"inLanguage\":\"pl-PL\",\"@id\":\"https:\\\/\\\/resibo.pl\\\/blog\\\/makijaz-permanentny-podkreslenie-urody-i-ukrycie-mankamentow-czy-sztuczny-efekt\\\/#primaryimage\",\"url\":\"https:\\\/\\\/resibo.pl\\\/blog\\\/wp-content\\\/uploads\\\/2015\\\/03\\\/collage.jpg\",\"contentUrl\":\"https:\\\/\\\/resibo.pl\\\/blog\\\/wp-content\\\/uploads\\\/2015\\\/03\\\/collage.jpg\",\"width\":1200,\"height\":600},{\"@type\":\"BreadcrumbList\",\"@id\":\"https:\\\/\\\/resibo.pl\\\/blog\\\/makijaz-permanentny-podkreslenie-urody-i-ukrycie-mankamentow-czy-sztuczny-efekt\\\/#breadcrumb\",\"itemListElement\":[{\"@type\":\"ListItem\",\"position\":1,\"name\":\"Strona g\u0142\u00f3wna\",\"item\":\"https:\\\/\\\/resibo.pl\\\/blog\\\/\"},{\"@type\":\"ListItem\",\"position\":2,\"name\":\"Makija\u017c permanentny &#8211; podkre\u015blenie urody i ukrycie mankament\u00f3w czy sztuczny efekt?\"}]},{\"@type\":\"WebSite\",\"@id\":\"https:\\\/\\\/resibo.pl\\\/blog\\\/#website\",\"url\":\"https:\\\/\\\/resibo.pl\\\/blog\\\/\",\"name\":\"Kosmetyki naturalne Resibo\",\"description\":\"\",\"publisher\":{\"@id\":\"https:\\\/\\\/resibo.pl\\\/blog\\\/#organization\"},\"potentialAction\":[{\"@type\":\"SearchAction\",\"target\":{\"@type\":\"EntryPoint\",\"urlTemplate\":\"https:\\\/\\\/resibo.pl\\\/blog\\\/?s={search_term_string}\"},\"query-input\":{\"@type\":\"PropertyValueSpecification\",\"valueRequired\":true,\"valueName\":\"search_term_string\"}}],\"inLanguage\":\"pl-PL\"},{\"@type\":\"Organization\",\"@id\":\"https:\\\/\\\/resibo.pl\\\/blog\\\/#organization\",\"name\":\"Resibo\",\"url\":\"https:\\\/\\\/resibo.pl\\\/blog\\\/\",\"logo\":{\"@type\":\"ImageObject\",\"inLanguage\":\"pl-PL\",\"@id\":\"https:\\\/\\\/resibo.pl\\\/blog\\\/#\\\/schema\\\/logo\\\/image\\\/\",\"url\":\"https:\\\/\\\/resibo.pl\\\/blog\\\/wp-content\\\/uploads\\\/2022\\\/02\\\/cropped-logo.png\",\"contentUrl\":\"https:\\\/\\\/resibo.pl\\\/blog\\\/wp-content\\\/uploads\\\/2022\\\/02\\\/cropped-logo.png\",\"width\":274,\"height\":109,\"caption\":\"Resibo\"},\"image\":{\"@id\":\"https:\\\/\\\/resibo.pl\\\/blog\\\/#\\\/schema\\\/logo\\\/image\\\/\"},\"sameAs\":[\"http:\\\/\\\/facebook.com\\\/resiboPL\",\"http:\\\/\\\/instagram.com\\\/resibobynature\"]},{\"@type\":\"Person\",\"@id\":\"https:\\\/\\\/resibo.pl\\\/blog\\\/#\\\/schema\\\/person\\\/b83ed5dbb3219da851fb49ab9f7df4dc\",\"name\":\"Magda\",\"image\":{\"@type\":\"ImageObject\",\"inLanguage\":\"pl-PL\",\"@id\":\"https:\\\/\\\/secure.gravatar.com\\\/avatar\\\/0dfb5ced8ae1e08e5ccb725b615759b70c0470361d1df994cce404b851bfb639?s=96&d=mm&r=g\",\"url\":\"https:\\\/\\\/secure.gravatar.com\\\/avatar\\\/0dfb5ced8ae1e08e5ccb725b615759b70c0470361d1df994cce404b851bfb639?s=96&d=mm&r=g\",\"contentUrl\":\"https:\\\/\\\/secure.gravatar.com\\\/avatar\\\/0dfb5ced8ae1e08e5ccb725b615759b70c0470361d1df994cce404b851bfb639?s=96&d=mm&r=g\",\"caption\":\"Magda\"},\"description\":\"Magdalena Matyga-Kruk, ekspert ds. kosmetologii Kosmetologia i wszystko, co zwi\u0105zane z piel\u0119gnacj\u0105 sk\u00f3ry, to moja pasja. \u017beby nie musie\u0107 nigdy pracowa\u0107, z tej pasji uczyni\u0142am\u2026 prac\u0119. Od ponad pi\u0119ciu lat prowadz\u0119 salon kosmetyczny Magda M w \u015awidnicy, kt\u00f3remu po\u015bwi\u0119cam wi\u0119kszo\u015b\u0107 swojego czasu. Ci\u0105gle poszerzam swoj\u0105 wiedz\u0119, a zadowolenie moich coraz liczniejszych klient\u00f3w to najlepsza zap\u0142ata, bo jestem kosmetyczk\u0105 z wykszta\u0142cenia, ale przede wszystkim z zami\u0142owania.\",\"url\":\"https:\\\/\\\/resibo.pl\\\/blog\\\/author\\\/magda\\\/\"}]}<\/script>\n<!-- \/ Yoast SEO plugin. -->","yoast_head_json":{"title":"Makija\u017c permanentny - podkre\u015blenie urody i ukrycie mankament\u00f3w czy sztuczny efekt? - Kosmetyki naturalne Resibo","robots":{"index":"index","follow":"follow","max-snippet":"max-snippet:-1","max-image-preview":"max-image-preview:large","max-video-preview":"max-video-preview:-1"},"canonical":"https:\/\/resibo.pl\/blog\/makijaz-permanentny-podkreslenie-urody-i-ukrycie-mankamentow-czy-sztuczny-efekt\/","og_locale":"pl_PL","og_type":"article","og_title":"Makija\u017c permanentny - podkre\u015blenie urody i ukrycie mankament\u00f3w czy sztuczny efekt? - Kosmetyki naturalne Resibo","og_description":"Makija\u017c permanentny &#8211; podkre\u015blenie urody i ukrycie mankament\u00f3w czy sztuczny, nienaturalny efekt? Czego mo\u017cna oczekiwa\u0107 po takiej us\u0142udze kosmetycznej? Nie da si\u0119 ukry\u0107 &#8211; wi\u0119kszo\u015b\u0107 z nas, kobiet, zaczyna dzie\u0144 od ekspresowej toalety. Im szybciej, tym lepiej. Bo dzieci trzeba uszykowa\u0107, bo koszula niewyprasowana, bo w pracy trzeba by\u0107 dzi\u015b wcze\u015bniej. Na prysznic i makija\u017c...","og_url":"https:\/\/resibo.pl\/blog\/makijaz-permanentny-podkreslenie-urody-i-ukrycie-mankamentow-czy-sztuczny-efekt\/","og_site_name":"Kosmetyki naturalne Resibo","article_publisher":"http:\/\/facebook.com\/resiboPL","article_published_time":"2015-03-31T19:13:20+00:00","author":"Magda","twitter_misc":{"Napisane przez":"Magda","Szacowany czas czytania":"4 minuty"},"schema":{"@context":"https:\/\/schema.org","@graph":[{"@type":"Article","@id":"https:\/\/resibo.pl\/blog\/makijaz-permanentny-podkreslenie-urody-i-ukrycie-mankamentow-czy-sztuczny-efekt\/#article","isPartOf":{"@id":"https:\/\/resibo.pl\/blog\/makijaz-permanentny-podkreslenie-urody-i-ukrycie-mankamentow-czy-sztuczny-efekt\/"},"author":{"name":"Magda","@id":"https:\/\/resibo.pl\/blog\/#\/schema\/person\/b83ed5dbb3219da851fb49ab9f7df4dc"},"headline":"Makija\u017c permanentny &#8211; podkre\u015blenie urody i ukrycie mankament\u00f3w czy sztuczny efekt?","datePublished":"2015-03-31T19:13:20+00:00","mainEntityOfPage":{"@id":"https:\/\/resibo.pl\/blog\/makijaz-permanentny-podkreslenie-urody-i-ukrycie-mankamentow-czy-sztuczny-efekt\/"},"wordCount":867,"commentCount":0,"publisher":{"@id":"https:\/\/resibo.pl\/blog\/#organization"},"image":{"@id":"https:\/\/resibo.pl\/blog\/makijaz-permanentny-podkreslenie-urody-i-ukrycie-mankamentow-czy-sztuczny-efekt\/#primaryimage"},"thumbnailUrl":"https:\/\/resibo.pl\/blog\/wp-content\/uploads\/2015\/03\/collage.jpg","articleSection":["O pielegnacji"],"inLanguage":"pl-PL","potentialAction":[{"@type":"CommentAction","name":"Comment","target":["https:\/\/resibo.pl\/blog\/makijaz-permanentny-podkreslenie-urody-i-ukrycie-mankamentow-czy-sztuczny-efekt\/#respond"]}]},{"@type":"WebPage","@id":"https:\/\/resibo.pl\/blog\/makijaz-permanentny-podkreslenie-urody-i-ukrycie-mankamentow-czy-sztuczny-efekt\/","url":"https:\/\/resibo.pl\/blog\/makijaz-permanentny-podkreslenie-urody-i-ukrycie-mankamentow-czy-sztuczny-efekt\/","name":"Makija\u017c permanentny - podkre\u015blenie urody i ukrycie mankament\u00f3w czy sztuczny efekt? - Kosmetyki naturalne Resibo","isPartOf":{"@id":"https:\/\/resibo.pl\/blog\/#website"},"primaryImageOfPage":{"@id":"https:\/\/resibo.pl\/blog\/makijaz-permanentny-podkreslenie-urody-i-ukrycie-mankamentow-czy-sztuczny-efekt\/#primaryimage"},"image":{"@id":"https:\/\/resibo.pl\/blog\/makijaz-permanentny-podkreslenie-urody-i-ukrycie-mankamentow-czy-sztuczny-efekt\/#primaryimage"},"thumbnailUrl":"https:\/\/resibo.pl\/blog\/wp-content\/uploads\/2015\/03\/collage.jpg","datePublished":"2015-03-31T19:13:20+00:00","breadcrumb":{"@id":"https:\/\/resibo.pl\/blog\/makijaz-permanentny-podkreslenie-urody-i-ukrycie-mankamentow-czy-sztuczny-efekt\/#breadcrumb"},"inLanguage":"pl-PL","potentialAction":[{"@type":"ReadAction","target":["https:\/\/resibo.pl\/blog\/makijaz-permanentny-podkreslenie-urody-i-ukrycie-mankamentow-czy-sztuczny-efekt\/"]}]},{"@type":"ImageObject","inLanguage":"pl-PL","@id":"https:\/\/resibo.pl\/blog\/makijaz-permanentny-podkreslenie-urody-i-ukrycie-mankamentow-czy-sztuczny-efekt\/#primaryimage","url":"https:\/\/resibo.pl\/blog\/wp-content\/uploads\/2015\/03\/collage.jpg","contentUrl":"https:\/\/resibo.pl\/blog\/wp-content\/uploads\/2015\/03\/collage.jpg","width":1200,"height":600},{"@type":"BreadcrumbList","@id":"https:\/\/resibo.pl\/blog\/makijaz-permanentny-podkreslenie-urody-i-ukrycie-mankamentow-czy-sztuczny-efekt\/#breadcrumb","itemListElement":[{"@type":"ListItem","position":1,"name":"Strona g\u0142\u00f3wna","item":"https:\/\/resibo.pl\/blog\/"},{"@type":"ListItem","position":2,"name":"Makija\u017c permanentny &#8211; podkre\u015blenie urody i ukrycie mankament\u00f3w czy sztuczny efekt?"}]},{"@type":"WebSite","@id":"https:\/\/resibo.pl\/blog\/#website","url":"https:\/\/resibo.pl\/blog\/","name":"Kosmetyki naturalne Resibo","description":"","publisher":{"@id":"https:\/\/resibo.pl\/blog\/#organization"},"potentialAction":[{"@type":"SearchAction","target":{"@type":"EntryPoint","urlTemplate":"https:\/\/resibo.pl\/blog\/?s={search_term_string}"},"query-input":{"@type":"PropertyValueSpecification","valueRequired":true,"valueName":"search_term_string"}}],"inLanguage":"pl-PL"},{"@type":"Organization","@id":"https:\/\/resibo.pl\/blog\/#organization","name":"Resibo","url":"https:\/\/resibo.pl\/blog\/","logo":{"@type":"ImageObject","inLanguage":"pl-PL","@id":"https:\/\/resibo.pl\/blog\/#\/schema\/logo\/image\/","url":"https:\/\/resibo.pl\/blog\/wp-content\/uploads\/2022\/02\/cropped-logo.png","contentUrl":"https:\/\/resibo.pl\/blog\/wp-content\/uploads\/2022\/02\/cropped-logo.png","width":274,"height":109,"caption":"Resibo"},"image":{"@id":"https:\/\/resibo.pl\/blog\/#\/schema\/logo\/image\/"},"sameAs":["http:\/\/facebook.com\/resiboPL","http:\/\/instagram.com\/resibobynature"]},{"@type":"Person","@id":"https:\/\/resibo.pl\/blog\/#\/schema\/person\/b83ed5dbb3219da851fb49ab9f7df4dc","name":"Magda","image":{"@type":"ImageObject","inLanguage":"pl-PL","@id":"https:\/\/secure.gravatar.com\/avatar\/0dfb5ced8ae1e08e5ccb725b615759b70c0470361d1df994cce404b851bfb639?s=96&d=mm&r=g","url":"https:\/\/secure.gravatar.com\/avatar\/0dfb5ced8ae1e08e5ccb725b615759b70c0470361d1df994cce404b851bfb639?s=96&d=mm&r=g","contentUrl":"https:\/\/secure.gravatar.com\/avatar\/0dfb5ced8ae1e08e5ccb725b615759b70c0470361d1df994cce404b851bfb639?s=96&d=mm&r=g","caption":"Magda"},"description":"Magdalena Matyga-Kruk, ekspert ds. kosmetologii Kosmetologia i wszystko, co zwi\u0105zane z piel\u0119gnacj\u0105 sk\u00f3ry, to moja pasja. \u017beby nie musie\u0107 nigdy pracowa\u0107, z tej pasji uczyni\u0142am\u2026 prac\u0119. Od ponad pi\u0119ciu lat prowadz\u0119 salon kosmetyczny Magda M w \u015awidnicy, kt\u00f3remu po\u015bwi\u0119cam wi\u0119kszo\u015b\u0107 swojego czasu. Ci\u0105gle poszerzam swoj\u0105 wiedz\u0119, a zadowolenie moich coraz liczniejszych klient\u00f3w to najlepsza zap\u0142ata, bo jestem kosmetyczk\u0105 z wykszta\u0142cenia, ale przede wszystkim z zami\u0142owania.","url":"https:\/\/resibo.pl\/blog\/author\/magda\/"}]}},"_links":{"self":[{"href":"https:\/\/resibo.pl\/blog\/wp-json\/wp\/v2\/posts\/5068","targetHints":{"allow":["GET"]}}],"collection":[{"href":"https:\/\/resibo.pl\/blog\/wp-json\/wp\/v2\/posts"}],"about":[{"href":"https:\/\/resibo.pl\/blog\/wp-json\/wp\/v2\/types\/post"}],"author":[{"embeddable":true,"href":"https:\/\/resibo.pl\/blog\/wp-json\/wp\/v2\/users\/8"}],"replies":[{"embeddable":true,"href":"https:\/\/resibo.pl\/blog\/wp-json\/wp\/v2\/comments?post=5068"}],"version-history":[{"count":0,"href":"https:\/\/resibo.pl\/blog\/wp-json\/wp\/v2\/posts\/5068\/revisions"}],"wp:featuredmedia":[{"embeddable":true,"href":"https:\/\/resibo.pl\/blog\/wp-json\/wp\/v2\/media\/5069"}],"wp:attachment":[{"href":"https:\/\/resibo.pl\/blog\/wp-json\/wp\/v2\/media?parent=5068"}],"wp:term":[{"taxonomy":"category","embeddable":true,"href":"https:\/\/resibo.pl\/blog\/wp-json\/wp\/v2\/categories?post=5068"},{"taxonomy":"post_tag","embeddable":true,"href":"https:\/\/resibo.pl\/blog\/wp-json\/wp\/v2\/tags?post=5068"}],"curies":[{"name":"wp","href":"https:\/\/api.w.org\/{rel}","templated":true}]}}