{"id":5165,"date":"2015-04-22T20:45:45","date_gmt":"2015-04-22T18:45:45","guid":{"rendered":"https:\/\/resibo.pl\/blog\/?p=5165"},"modified":"2015-04-22T20:45:45","modified_gmt":"2015-04-22T18:45:45","slug":"zrob-to-sam-czy-profesjonalny-pedicure-co-wybrac","status":"publish","type":"post","link":"https:\/\/resibo.pl\/blog\/zrob-to-sam-czy-profesjonalny-pedicure-co-wybrac\/","title":{"rendered":"&#8222;Zr\u00f3b to sam&#8221; czy profesjonalny pedicure- co wybra\u0107?"},"content":{"rendered":"<div class=\"vgblk-rw-wrapper limit-wrapper\">\n<p style=\"text-align: center;\"><strong>Wiosenna piel\u0119gnacja st\u00f3p po zimie.&#8221;Zr\u00f3b to sam&#8221; czy profesjonalny pedicure- co wybra\u0107?<\/strong><\/p>\n<p style=\"text-align: justify;\">Nie ma watpliwo\u015bci, \u017ce stopy, tak jak ka\u017cda inna cze\u015b\u0107 cia\u0142a, po zimie wymagaj\u0105 wyj\u0105tkowej troski. Poniewa\u017c d\u017awigaj\u0105 ca\u0142y nasz ci\u0119\u017car, mamy za co by\u0107 im wdzi\u0119czni i je dopieszcza\u0107. A niestety cz\u0119sto bywaj\u0105 kompletnie pomini\u0119te w codziennej pielegnacji.<\/p>\n<p style=\"text-align: justify;\"><strong>Zacznijmy od podstaw&#8230;<\/strong><\/p>\n<p style=\"text-align: justify;\">W kilku poprzednich artyku\u0142ach dotycz\u0105cych czy to twarzy czy cia\u0142a, m\u00f3wi\u0142am o tym, \u017ce codzienna piel\u0119gnacja to absolutna podstawa zdrowo funkcjonuj\u0105cej sk\u00f3ry. Bez odpowiednich kosmetyk\u00f3w i rytua\u0142\u00f3w sporadyczne zabiegi w profesjonalnym gabinecie nie dadz\u0105 trwa\u0142ych efekt\u00f3w. Tak te\u017c jest ze stopami, cho\u0107 wielu z nas zdarza si\u0119 o tym nie pamieta\u0107, lub omija\u0107 ze zwyk\u0142ego lenistwa, bo przeciez skarpetki, bo zabudowane buty, bo si\u0119 ich nie eksponuje&#8230; Ja za to doskonale pami\u0119tam s\u0142owa mojego m\u0142odego wujka i \u015bwietnego przyjaciela zarazem:<\/p>\n<blockquote class=\"blockquote--custom\"><p><span class=\"blockquote__icon\"><i class=\"icon-quote\"><\/i>\u00a0<\/span>o klasie kobiety \u015bwiadcz\u0105 jej zadbane stopy i polakierowane paznokcie w \u015brodku zimy.<\/p><\/blockquote>\n<p style=\"text-align: justify;\">I co\u015b w tym jest. Faktycznie czasem warto da\u0107 paznokciom odsapn\u0105\u0107 i przez jaki\u015b czas ich nie malowa\u0107, bo trzeba wiedzie\u0107 te\u017c, \u017ce nie tyle sam lakier, jak zmywacz, powoduje przesuszenie p\u0142ytki. Mo\u017ce warto wi\u0119c by by\u0142o faktycznie wybra\u0107 si\u0119 przed zim\u0105 do kosmetyczki na pedicure japo\u0144ski, kt\u00f3ry nawil\u017cy, nat\u0142u\u015bci i uelastyczni paznokcie, zabezpieczaj\u0105c je przed rozdwajaniem.<\/p>\n<p style=\"text-align: justify;\"><strong>Ostre tarcie!<\/strong><\/p>\n<p style=\"text-align: justify;\">Ale kiedy nadchodzi upragniona wiosna, sam\u0105 przyjemno\u015bci\u0105 jest rzuci\u0107 troch\u0119 koloru. Zanim jednak zaczniemy ozdabia\u0107, trzeba stopy wypiel\u0119gnowa\u0107. I do tego celu konieczne b\u0119dzie zaopatrzenie si\u0119 w tark\u0119 do pedicure, dzi\u0119ki kt\u00f3rej po ka\u017cdej (!) k\u0105pieli usuniemy nadmiar zrogowacia\u0142ego nask\u00f3rka. Idealnie by\u0142oby wymoczy\u0107 nogi przez kilka minut w wodzie z dodatkiem specjalnej soli. Aby sk\u00f3ra mimo z\u0142uszczania nie by\u0142a szorstka, po osuszeniu nale\u017cy wmasowa\u0107 odpowiedni krem zmi\u0119kczaj\u0105cy.<\/p>\n<blockquote class=\"blockquote--custom\"><p><span class=\"blockquote__icon\"><i class=\"icon-quote\"><\/i>\u00a0<\/span>W sk\u0142ad takiego kremu powinien wchodzi\u0107 przede wszystkim mocznik, bo najsilniej zmi\u0119kcza i nawil\u017ca, w st\u0119\u017ceniu min.10%, kwas migda\u0142owy- reguluje proces keratynizacji, czy witaminy np.wit A, wosk pszczeli czy oleje naturalne.<\/p><\/blockquote>\n<p style=\"text-align: justify;\">Te substancje od\u017cywcze nadaj\u0105 si\u0119 jednak bardziej na wiecz\u00f3r przed snem, ni\u017c po porannym prysznicu, bo mog\u0105 powodowa\u0107 nadpotliwo\u015b\u0107 i \u015blizganie si\u0119 w bucie. Dodatkowo mi\u0142e widziany jest mentol o od\u015bwie\u017caj\u0105cych w\u0142a\u015bciwo\u015bciach. I tu godne polecenia s\u0105 np. niemieckie preparaty firmy Gehwol, a moim osobistym faworytem jest krem z\u0142uszczaj\u0105cy do st\u00f3p z kwasem migda\u0142owym polskiej firmy Bandi:) . I to jest absolutne minimum, kt\u00f3rego musimy przestrzega\u0107, \u017ceby mie\u0107 zadbane st\u00f3pki.<\/p>\n<p style=\"text-align: justify;\"><strong>A co u kosmetyczki?<\/strong><\/p>\n<p style=\"text-align: justify;\">Wiosna jest jednak \u015bwietnym okresem, \u017ceby zafundowa\u0107 im nieco wi\u0119cej. To dobry czas, \u017ceby wybra\u0107 si\u0119 do swojej kosmetyczki na profesjonalny pedicure, z dodatkowym peelingiem, mask\u0105 od\u017cywcz\u0105 czy parafin\u0105. Opr\u00f3cz tego w fachowy spos\u00f3b pozb\u0119dziemy si\u0119 nadmiaru sk\u00f3rek i nadamy paznokciom \u0142adny kszta\u0142t. Tzn kosmetyczka nada . A przy odrobinie fantazji klientki i pedicurzystki mo\u017cna ozdobi\u0107 je ciekawym zdobieniem. Powszechne i praktyczne sta\u0142o si\u0119 te\u017c \u017celowanie p\u0142ytki lub paznokcie hybrydowe. To bardzo wygodny spos\u00f3b, \u017ceby nie martwi\u0107 si\u0119 czy lakier zd\u0105\u017cy wyschn\u0105\u0107 i bez obaw odrazu mo\u017cna za\u0142o\u017cy\u0107 kryte buty. Jest to te\u017c doskona\u0142a okazja, \u017ceby zafundowa\u0107 sobie odpr\u0119\u017caj\u0105cy masa\u017c, kt\u00f3ry pobudzi punkty refleksologiczne i opr\u00f3cz relaksu doda energii!<\/p>\n<\/div>\n<p><!-- .vgblk-rw-wrapper --><\/p>\n","protected":false},"excerpt":{"rendered":"<p>Wiosenna piel\u0119gnacja st\u00f3p po zimie.&#8221;Zr\u00f3b to sam&#8221; czy profesjonalny pedicure- co wybra\u0107? Nie ma watpliwo\u015bci, \u017ce stopy, tak jak ka\u017cda inna cze\u015b\u0107 cia\u0142a, po zimie wymagaj\u0105 wyj\u0105tkowej troski. Poniewa\u017c d\u017awigaj\u0105 ca\u0142y nasz ci\u0119\u017car, mamy za co by\u0107 im wdzi\u0119czni i je dopieszcza\u0107. A niestety cz\u0119sto bywaj\u0105 kompletnie pomini\u0119te w codziennej pielegnacji. Zacznijmy od podstaw&#8230; W&#8230;<\/p>\n","protected":false},"author":8,"featured_media":5168,"comment_status":"open","ping_status":"open","sticky":false,"template":"","format":"standard","meta":{"footnotes":""},"categories":[40],"tags":[],"class_list":["post-5165","post","type-post","status-publish","format-standard","has-post-thumbnail","hentry","category-magda-o-pielegnacji"],"yoast_head":"<!-- This site is optimized with the Yoast SEO plugin v27.5 - https:\/\/yoast.com\/product\/yoast-seo-wordpress\/ -->\n<title>&quot;Zr\u00f3b to sam&quot; czy profesjonalny pedicure- co wybra\u0107? - Kosmetyki naturalne Resibo<\/title>\n<meta name=\"robots\" content=\"index, follow, max-snippet:-1, max-image-preview:large, max-video-preview:-1\" \/>\n<link rel=\"canonical\" href=\"https:\/\/resibo.pl\/blog\/zrob-to-sam-czy-profesjonalny-pedicure-co-wybrac\/\" \/>\n<meta property=\"og:locale\" content=\"pl_PL\" \/>\n<meta property=\"og:type\" content=\"article\" \/>\n<meta property=\"og:title\" content=\"&quot;Zr\u00f3b to sam&quot; czy profesjonalny pedicure- co wybra\u0107? - Kosmetyki naturalne Resibo\" \/>\n<meta property=\"og:description\" content=\"Wiosenna piel\u0119gnacja st\u00f3p po zimie.&#8221;Zr\u00f3b to sam&#8221; czy profesjonalny pedicure- co wybra\u0107? Nie ma watpliwo\u015bci, \u017ce stopy, tak jak ka\u017cda inna cze\u015b\u0107 cia\u0142a, po zimie wymagaj\u0105 wyj\u0105tkowej troski. Poniewa\u017c d\u017awigaj\u0105 ca\u0142y nasz ci\u0119\u017car, mamy za co by\u0107 im wdzi\u0119czni i je dopieszcza\u0107. A niestety cz\u0119sto bywaj\u0105 kompletnie pomini\u0119te w codziennej pielegnacji. Zacznijmy od podstaw&#8230; W...\" \/>\n<meta property=\"og:url\" content=\"https:\/\/resibo.pl\/blog\/zrob-to-sam-czy-profesjonalny-pedicure-co-wybrac\/\" \/>\n<meta property=\"og:site_name\" content=\"Kosmetyki naturalne Resibo\" \/>\n<meta property=\"article:publisher\" content=\"http:\/\/facebook.com\/resiboPL\" \/>\n<meta property=\"article:published_time\" content=\"2015-04-22T18:45:45+00:00\" \/>\n<meta name=\"author\" content=\"Magda\" \/>\n<meta name=\"twitter:label1\" content=\"Napisane przez\" \/>\n\t<meta name=\"twitter:data1\" content=\"Magda\" \/>\n\t<meta name=\"twitter:label2\" content=\"Szacowany czas czytania\" \/>\n\t<meta name=\"twitter:data2\" content=\"3 minuty\" \/>\n<script type=\"application\/ld+json\" class=\"yoast-schema-graph\">{\"@context\":\"https:\\\/\\\/schema.org\",\"@graph\":[{\"@type\":\"Article\",\"@id\":\"https:\\\/\\\/resibo.pl\\\/blog\\\/zrob-to-sam-czy-profesjonalny-pedicure-co-wybrac\\\/#article\",\"isPartOf\":{\"@id\":\"https:\\\/\\\/resibo.pl\\\/blog\\\/zrob-to-sam-czy-profesjonalny-pedicure-co-wybrac\\\/\"},\"author\":{\"name\":\"Magda\",\"@id\":\"https:\\\/\\\/resibo.pl\\\/blog\\\/#\\\/schema\\\/person\\\/b83ed5dbb3219da851fb49ab9f7df4dc\"},\"headline\":\"&#8222;Zr\u00f3b to sam&#8221; czy profesjonalny pedicure- co wybra\u0107?\",\"datePublished\":\"2015-04-22T18:45:45+00:00\",\"mainEntityOfPage\":{\"@id\":\"https:\\\/\\\/resibo.pl\\\/blog\\\/zrob-to-sam-czy-profesjonalny-pedicure-co-wybrac\\\/\"},\"wordCount\":590,\"commentCount\":0,\"publisher\":{\"@id\":\"https:\\\/\\\/resibo.pl\\\/blog\\\/#organization\"},\"image\":{\"@id\":\"https:\\\/\\\/resibo.pl\\\/blog\\\/zrob-to-sam-czy-profesjonalny-pedicure-co-wybrac\\\/#primaryimage\"},\"thumbnailUrl\":\"https:\\\/\\\/resibo.pl\\\/blog\\\/wp-content\\\/uploads\\\/2015\\\/04\\\/DSC6603-scaled.jpg\",\"articleSection\":[\"O pielegnacji\"],\"inLanguage\":\"pl-PL\",\"potentialAction\":[{\"@type\":\"CommentAction\",\"name\":\"Comment\",\"target\":[\"https:\\\/\\\/resibo.pl\\\/blog\\\/zrob-to-sam-czy-profesjonalny-pedicure-co-wybrac\\\/#respond\"]}]},{\"@type\":\"WebPage\",\"@id\":\"https:\\\/\\\/resibo.pl\\\/blog\\\/zrob-to-sam-czy-profesjonalny-pedicure-co-wybrac\\\/\",\"url\":\"https:\\\/\\\/resibo.pl\\\/blog\\\/zrob-to-sam-czy-profesjonalny-pedicure-co-wybrac\\\/\",\"name\":\"\\\"Zr\u00f3b to sam\\\" czy profesjonalny pedicure- co wybra\u0107? - Kosmetyki naturalne Resibo\",\"isPartOf\":{\"@id\":\"https:\\\/\\\/resibo.pl\\\/blog\\\/#website\"},\"primaryImageOfPage\":{\"@id\":\"https:\\\/\\\/resibo.pl\\\/blog\\\/zrob-to-sam-czy-profesjonalny-pedicure-co-wybrac\\\/#primaryimage\"},\"image\":{\"@id\":\"https:\\\/\\\/resibo.pl\\\/blog\\\/zrob-to-sam-czy-profesjonalny-pedicure-co-wybrac\\\/#primaryimage\"},\"thumbnailUrl\":\"https:\\\/\\\/resibo.pl\\\/blog\\\/wp-content\\\/uploads\\\/2015\\\/04\\\/DSC6603-scaled.jpg\",\"datePublished\":\"2015-04-22T18:45:45+00:00\",\"breadcrumb\":{\"@id\":\"https:\\\/\\\/resibo.pl\\\/blog\\\/zrob-to-sam-czy-profesjonalny-pedicure-co-wybrac\\\/#breadcrumb\"},\"inLanguage\":\"pl-PL\",\"potentialAction\":[{\"@type\":\"ReadAction\",\"target\":[\"https:\\\/\\\/resibo.pl\\\/blog\\\/zrob-to-sam-czy-profesjonalny-pedicure-co-wybrac\\\/\"]}]},{\"@type\":\"ImageObject\",\"inLanguage\":\"pl-PL\",\"@id\":\"https:\\\/\\\/resibo.pl\\\/blog\\\/zrob-to-sam-czy-profesjonalny-pedicure-co-wybrac\\\/#primaryimage\",\"url\":\"https:\\\/\\\/resibo.pl\\\/blog\\\/wp-content\\\/uploads\\\/2015\\\/04\\\/DSC6603-scaled.jpg\",\"contentUrl\":\"https:\\\/\\\/resibo.pl\\\/blog\\\/wp-content\\\/uploads\\\/2015\\\/04\\\/DSC6603-scaled.jpg\",\"width\":2560,\"height\":1707},{\"@type\":\"BreadcrumbList\",\"@id\":\"https:\\\/\\\/resibo.pl\\\/blog\\\/zrob-to-sam-czy-profesjonalny-pedicure-co-wybrac\\\/#breadcrumb\",\"itemListElement\":[{\"@type\":\"ListItem\",\"position\":1,\"name\":\"Strona g\u0142\u00f3wna\",\"item\":\"https:\\\/\\\/resibo.pl\\\/blog\\\/\"},{\"@type\":\"ListItem\",\"position\":2,\"name\":\"&#8220;Zr\u00f3b to sam&#8221; czy profesjonalny pedicure- co wybra\u0107?\"}]},{\"@type\":\"WebSite\",\"@id\":\"https:\\\/\\\/resibo.pl\\\/blog\\\/#website\",\"url\":\"https:\\\/\\\/resibo.pl\\\/blog\\\/\",\"name\":\"Kosmetyki naturalne Resibo\",\"description\":\"\",\"publisher\":{\"@id\":\"https:\\\/\\\/resibo.pl\\\/blog\\\/#organization\"},\"potentialAction\":[{\"@type\":\"SearchAction\",\"target\":{\"@type\":\"EntryPoint\",\"urlTemplate\":\"https:\\\/\\\/resibo.pl\\\/blog\\\/?s={search_term_string}\"},\"query-input\":{\"@type\":\"PropertyValueSpecification\",\"valueRequired\":true,\"valueName\":\"search_term_string\"}}],\"inLanguage\":\"pl-PL\"},{\"@type\":\"Organization\",\"@id\":\"https:\\\/\\\/resibo.pl\\\/blog\\\/#organization\",\"name\":\"Resibo\",\"url\":\"https:\\\/\\\/resibo.pl\\\/blog\\\/\",\"logo\":{\"@type\":\"ImageObject\",\"inLanguage\":\"pl-PL\",\"@id\":\"https:\\\/\\\/resibo.pl\\\/blog\\\/#\\\/schema\\\/logo\\\/image\\\/\",\"url\":\"https:\\\/\\\/resibo.pl\\\/blog\\\/wp-content\\\/uploads\\\/2022\\\/02\\\/cropped-logo.png\",\"contentUrl\":\"https:\\\/\\\/resibo.pl\\\/blog\\\/wp-content\\\/uploads\\\/2022\\\/02\\\/cropped-logo.png\",\"width\":274,\"height\":109,\"caption\":\"Resibo\"},\"image\":{\"@id\":\"https:\\\/\\\/resibo.pl\\\/blog\\\/#\\\/schema\\\/logo\\\/image\\\/\"},\"sameAs\":[\"http:\\\/\\\/facebook.com\\\/resiboPL\",\"http:\\\/\\\/instagram.com\\\/resibobynature\"]},{\"@type\":\"Person\",\"@id\":\"https:\\\/\\\/resibo.pl\\\/blog\\\/#\\\/schema\\\/person\\\/b83ed5dbb3219da851fb49ab9f7df4dc\",\"name\":\"Magda\",\"image\":{\"@type\":\"ImageObject\",\"inLanguage\":\"pl-PL\",\"@id\":\"https:\\\/\\\/secure.gravatar.com\\\/avatar\\\/0dfb5ced8ae1e08e5ccb725b615759b70c0470361d1df994cce404b851bfb639?s=96&d=mm&r=g\",\"url\":\"https:\\\/\\\/secure.gravatar.com\\\/avatar\\\/0dfb5ced8ae1e08e5ccb725b615759b70c0470361d1df994cce404b851bfb639?s=96&d=mm&r=g\",\"contentUrl\":\"https:\\\/\\\/secure.gravatar.com\\\/avatar\\\/0dfb5ced8ae1e08e5ccb725b615759b70c0470361d1df994cce404b851bfb639?s=96&d=mm&r=g\",\"caption\":\"Magda\"},\"description\":\"Magdalena Matyga-Kruk, ekspert ds. kosmetologii Kosmetologia i wszystko, co zwi\u0105zane z piel\u0119gnacj\u0105 sk\u00f3ry, to moja pasja. \u017beby nie musie\u0107 nigdy pracowa\u0107, z tej pasji uczyni\u0142am\u2026 prac\u0119. Od ponad pi\u0119ciu lat prowadz\u0119 salon kosmetyczny Magda M w \u015awidnicy, kt\u00f3remu po\u015bwi\u0119cam wi\u0119kszo\u015b\u0107 swojego czasu. Ci\u0105gle poszerzam swoj\u0105 wiedz\u0119, a zadowolenie moich coraz liczniejszych klient\u00f3w to najlepsza zap\u0142ata, bo jestem kosmetyczk\u0105 z wykszta\u0142cenia, ale przede wszystkim z zami\u0142owania.\",\"url\":\"https:\\\/\\\/resibo.pl\\\/blog\\\/author\\\/magda\\\/\"}]}<\/script>\n<!-- \/ Yoast SEO plugin. -->","yoast_head_json":{"title":"\"Zr\u00f3b to sam\" czy profesjonalny pedicure- co wybra\u0107? - Kosmetyki naturalne Resibo","robots":{"index":"index","follow":"follow","max-snippet":"max-snippet:-1","max-image-preview":"max-image-preview:large","max-video-preview":"max-video-preview:-1"},"canonical":"https:\/\/resibo.pl\/blog\/zrob-to-sam-czy-profesjonalny-pedicure-co-wybrac\/","og_locale":"pl_PL","og_type":"article","og_title":"\"Zr\u00f3b to sam\" czy profesjonalny pedicure- co wybra\u0107? - Kosmetyki naturalne Resibo","og_description":"Wiosenna piel\u0119gnacja st\u00f3p po zimie.&#8221;Zr\u00f3b to sam&#8221; czy profesjonalny pedicure- co wybra\u0107? Nie ma watpliwo\u015bci, \u017ce stopy, tak jak ka\u017cda inna cze\u015b\u0107 cia\u0142a, po zimie wymagaj\u0105 wyj\u0105tkowej troski. Poniewa\u017c d\u017awigaj\u0105 ca\u0142y nasz ci\u0119\u017car, mamy za co by\u0107 im wdzi\u0119czni i je dopieszcza\u0107. A niestety cz\u0119sto bywaj\u0105 kompletnie pomini\u0119te w codziennej pielegnacji. Zacznijmy od podstaw&#8230; W...","og_url":"https:\/\/resibo.pl\/blog\/zrob-to-sam-czy-profesjonalny-pedicure-co-wybrac\/","og_site_name":"Kosmetyki naturalne Resibo","article_publisher":"http:\/\/facebook.com\/resiboPL","article_published_time":"2015-04-22T18:45:45+00:00","author":"Magda","twitter_misc":{"Napisane przez":"Magda","Szacowany czas czytania":"3 minuty"},"schema":{"@context":"https:\/\/schema.org","@graph":[{"@type":"Article","@id":"https:\/\/resibo.pl\/blog\/zrob-to-sam-czy-profesjonalny-pedicure-co-wybrac\/#article","isPartOf":{"@id":"https:\/\/resibo.pl\/blog\/zrob-to-sam-czy-profesjonalny-pedicure-co-wybrac\/"},"author":{"name":"Magda","@id":"https:\/\/resibo.pl\/blog\/#\/schema\/person\/b83ed5dbb3219da851fb49ab9f7df4dc"},"headline":"&#8222;Zr\u00f3b to sam&#8221; czy profesjonalny pedicure- co wybra\u0107?","datePublished":"2015-04-22T18:45:45+00:00","mainEntityOfPage":{"@id":"https:\/\/resibo.pl\/blog\/zrob-to-sam-czy-profesjonalny-pedicure-co-wybrac\/"},"wordCount":590,"commentCount":0,"publisher":{"@id":"https:\/\/resibo.pl\/blog\/#organization"},"image":{"@id":"https:\/\/resibo.pl\/blog\/zrob-to-sam-czy-profesjonalny-pedicure-co-wybrac\/#primaryimage"},"thumbnailUrl":"https:\/\/resibo.pl\/blog\/wp-content\/uploads\/2015\/04\/DSC6603-scaled.jpg","articleSection":["O pielegnacji"],"inLanguage":"pl-PL","potentialAction":[{"@type":"CommentAction","name":"Comment","target":["https:\/\/resibo.pl\/blog\/zrob-to-sam-czy-profesjonalny-pedicure-co-wybrac\/#respond"]}]},{"@type":"WebPage","@id":"https:\/\/resibo.pl\/blog\/zrob-to-sam-czy-profesjonalny-pedicure-co-wybrac\/","url":"https:\/\/resibo.pl\/blog\/zrob-to-sam-czy-profesjonalny-pedicure-co-wybrac\/","name":"\"Zr\u00f3b to sam\" czy profesjonalny pedicure- co wybra\u0107? - Kosmetyki naturalne Resibo","isPartOf":{"@id":"https:\/\/resibo.pl\/blog\/#website"},"primaryImageOfPage":{"@id":"https:\/\/resibo.pl\/blog\/zrob-to-sam-czy-profesjonalny-pedicure-co-wybrac\/#primaryimage"},"image":{"@id":"https:\/\/resibo.pl\/blog\/zrob-to-sam-czy-profesjonalny-pedicure-co-wybrac\/#primaryimage"},"thumbnailUrl":"https:\/\/resibo.pl\/blog\/wp-content\/uploads\/2015\/04\/DSC6603-scaled.jpg","datePublished":"2015-04-22T18:45:45+00:00","breadcrumb":{"@id":"https:\/\/resibo.pl\/blog\/zrob-to-sam-czy-profesjonalny-pedicure-co-wybrac\/#breadcrumb"},"inLanguage":"pl-PL","potentialAction":[{"@type":"ReadAction","target":["https:\/\/resibo.pl\/blog\/zrob-to-sam-czy-profesjonalny-pedicure-co-wybrac\/"]}]},{"@type":"ImageObject","inLanguage":"pl-PL","@id":"https:\/\/resibo.pl\/blog\/zrob-to-sam-czy-profesjonalny-pedicure-co-wybrac\/#primaryimage","url":"https:\/\/resibo.pl\/blog\/wp-content\/uploads\/2015\/04\/DSC6603-scaled.jpg","contentUrl":"https:\/\/resibo.pl\/blog\/wp-content\/uploads\/2015\/04\/DSC6603-scaled.jpg","width":2560,"height":1707},{"@type":"BreadcrumbList","@id":"https:\/\/resibo.pl\/blog\/zrob-to-sam-czy-profesjonalny-pedicure-co-wybrac\/#breadcrumb","itemListElement":[{"@type":"ListItem","position":1,"name":"Strona g\u0142\u00f3wna","item":"https:\/\/resibo.pl\/blog\/"},{"@type":"ListItem","position":2,"name":"&#8220;Zr\u00f3b to sam&#8221; czy profesjonalny pedicure- co wybra\u0107?"}]},{"@type":"WebSite","@id":"https:\/\/resibo.pl\/blog\/#website","url":"https:\/\/resibo.pl\/blog\/","name":"Kosmetyki naturalne Resibo","description":"","publisher":{"@id":"https:\/\/resibo.pl\/blog\/#organization"},"potentialAction":[{"@type":"SearchAction","target":{"@type":"EntryPoint","urlTemplate":"https:\/\/resibo.pl\/blog\/?s={search_term_string}"},"query-input":{"@type":"PropertyValueSpecification","valueRequired":true,"valueName":"search_term_string"}}],"inLanguage":"pl-PL"},{"@type":"Organization","@id":"https:\/\/resibo.pl\/blog\/#organization","name":"Resibo","url":"https:\/\/resibo.pl\/blog\/","logo":{"@type":"ImageObject","inLanguage":"pl-PL","@id":"https:\/\/resibo.pl\/blog\/#\/schema\/logo\/image\/","url":"https:\/\/resibo.pl\/blog\/wp-content\/uploads\/2022\/02\/cropped-logo.png","contentUrl":"https:\/\/resibo.pl\/blog\/wp-content\/uploads\/2022\/02\/cropped-logo.png","width":274,"height":109,"caption":"Resibo"},"image":{"@id":"https:\/\/resibo.pl\/blog\/#\/schema\/logo\/image\/"},"sameAs":["http:\/\/facebook.com\/resiboPL","http:\/\/instagram.com\/resibobynature"]},{"@type":"Person","@id":"https:\/\/resibo.pl\/blog\/#\/schema\/person\/b83ed5dbb3219da851fb49ab9f7df4dc","name":"Magda","image":{"@type":"ImageObject","inLanguage":"pl-PL","@id":"https:\/\/secure.gravatar.com\/avatar\/0dfb5ced8ae1e08e5ccb725b615759b70c0470361d1df994cce404b851bfb639?s=96&d=mm&r=g","url":"https:\/\/secure.gravatar.com\/avatar\/0dfb5ced8ae1e08e5ccb725b615759b70c0470361d1df994cce404b851bfb639?s=96&d=mm&r=g","contentUrl":"https:\/\/secure.gravatar.com\/avatar\/0dfb5ced8ae1e08e5ccb725b615759b70c0470361d1df994cce404b851bfb639?s=96&d=mm&r=g","caption":"Magda"},"description":"Magdalena Matyga-Kruk, ekspert ds. kosmetologii Kosmetologia i wszystko, co zwi\u0105zane z piel\u0119gnacj\u0105 sk\u00f3ry, to moja pasja. \u017beby nie musie\u0107 nigdy pracowa\u0107, z tej pasji uczyni\u0142am\u2026 prac\u0119. Od ponad pi\u0119ciu lat prowadz\u0119 salon kosmetyczny Magda M w \u015awidnicy, kt\u00f3remu po\u015bwi\u0119cam wi\u0119kszo\u015b\u0107 swojego czasu. Ci\u0105gle poszerzam swoj\u0105 wiedz\u0119, a zadowolenie moich coraz liczniejszych klient\u00f3w to najlepsza zap\u0142ata, bo jestem kosmetyczk\u0105 z wykszta\u0142cenia, ale przede wszystkim z zami\u0142owania.","url":"https:\/\/resibo.pl\/blog\/author\/magda\/"}]}},"_links":{"self":[{"href":"https:\/\/resibo.pl\/blog\/wp-json\/wp\/v2\/posts\/5165","targetHints":{"allow":["GET"]}}],"collection":[{"href":"https:\/\/resibo.pl\/blog\/wp-json\/wp\/v2\/posts"}],"about":[{"href":"https:\/\/resibo.pl\/blog\/wp-json\/wp\/v2\/types\/post"}],"author":[{"embeddable":true,"href":"https:\/\/resibo.pl\/blog\/wp-json\/wp\/v2\/users\/8"}],"replies":[{"embeddable":true,"href":"https:\/\/resibo.pl\/blog\/wp-json\/wp\/v2\/comments?post=5165"}],"version-history":[{"count":0,"href":"https:\/\/resibo.pl\/blog\/wp-json\/wp\/v2\/posts\/5165\/revisions"}],"wp:featuredmedia":[{"embeddable":true,"href":"https:\/\/resibo.pl\/blog\/wp-json\/wp\/v2\/media\/5168"}],"wp:attachment":[{"href":"https:\/\/resibo.pl\/blog\/wp-json\/wp\/v2\/media?parent=5165"}],"wp:term":[{"taxonomy":"category","embeddable":true,"href":"https:\/\/resibo.pl\/blog\/wp-json\/wp\/v2\/categories?post=5165"},{"taxonomy":"post_tag","embeddable":true,"href":"https:\/\/resibo.pl\/blog\/wp-json\/wp\/v2\/tags?post=5165"}],"curies":[{"name":"wp","href":"https:\/\/api.w.org\/{rel}","templated":true}]}}