{"id":5308,"date":"2015-05-28T23:13:18","date_gmt":"2015-05-28T21:13:18","guid":{"rendered":"https:\/\/resibo.pl\/blog\/?p=5308"},"modified":"2015-05-28T23:13:18","modified_gmt":"2015-05-28T21:13:18","slug":"obudz-w-sobie-dziecko","status":"publish","type":"post","link":"https:\/\/resibo.pl\/blog\/obudz-w-sobie-dziecko\/","title":{"rendered":"Obud\u017a w sobie dziecko"},"content":{"rendered":"<div class=\"vgblk-rw-wrapper limit-wrapper\">Dzie\u0144 Mamy za nami, ale przed nami&#8230; Dzie\u0144 Dziecka, czyli tak\u017ce i nasz. Przynajmniej m\u00f3j, bo mam to szcz\u0119\u015bcie, \u017ce jestem JU\u017b mam\u0105 i JESZCZE dzieckiem.<\/p>\n<p>O tym, \u017ce jeste\u015bmy dzie\u0107mi (dla naszych rodzic\u00f3w chyba do ko\u0144ca \u017cycia &#8211; ich lub naszego, bo i tak bywa, niestety &#8211; zawsze), cz\u0119sto zapominamy. Zawsze wydaje nam si\u0119, \u017ce gdy dorastamy, osi\u0105gamy doros\u0142o\u015b\u0107, hucznie obchodzimy swoje osiemnaste urodziny, dostajemy dow\u00f3d, idziemy na studia czy do pracy, zak\u0142adamy rodziny,\u00a0mamy dzieci, to jeste\u015bmy ju\u017c DORO\u015aLI. Wielu rodzic\u00f3w na tym poprzestaje. &#8222;Jestem doros\u0142y. Jestem rodzicem. Ma by\u0107 tak, jak ja chc\u0119. To ja mam racj\u0119, bo&#8230; jestem doros\u0142y&#8221;. Ale czy na pewno?<\/p>\n<p>Kiedy si\u0119 tak dok\u0142adnie temu przyjrze\u0107, tacy doro\u015bli to my zn\u00f3w nie jeste\u015bmy. Przypomnijcie sobie, ile razy bawili\u015bcie si\u0119 ze swoimi dzie\u0107mi, jak&#8230;\u00a0dzieci? Ile razy chcieli\u015bmy z naszymi\u00a0dorastaj\u0105cymi c\u00f3rkami czy synami rozmawia\u0107 jak r\u00f3wni z r\u00f3wnymi? Ile razy chcieli\u015bmy czu\u0107, \u017ce oni czuj\u0105, \u017ce ich rozumiemy, \u017ce odwrotnie?&#8230; Ile razy b\u0119d\u0105c ju\u017c doros\u0142ymi pomy\u015bleli\u015bmy &#8222;Kurcz\u0119, ja to si\u0119 w\u0142a\u015bciwie czuj\u0119 na 20 lat, a mam 35&#8221;? I to jest pi\u0119kne! Bo fajnie jest zachowa\u0107 w sobie dziecko. Tak d\u0142ugo, jak tylko si\u0119 da. Mie\u0107 ten sw\u00f3j baga\u017c do\u015bwiadcze\u0144, kt\u00f3ry przecie\u017c ka\u017cdy gromadzi wraz z up\u0142ywaj\u0105cym czasem. Ale te\u017c zachowa\u0107 w sobie t\u0119 dzieci\u0119c\u0105 beztrosk\u0119 i rado\u015b\u0107 \u017cycia. To bardzo trudne. Ale nie niemo\u017cliwe. Wr\u0119cz przeciwnie &#8211; wystarczy tylko chcie\u0107 i pracowa\u0107 nad sob\u0105.<\/p>\n<p>Jak obudzi\u0107 w sobie dziecko? Sposob\u00f3w jest wiele. W\u0142a\u015bciwie ka\u017cdy jest dobry. Po prostu cieszcie si\u0119 rzeczami ma\u0142ymi. Jak dzieci. Sp\u00f3jrzcie na nie, jak niewiele im do szcz\u0119\u015bcia potrzeba. I na\u015bladujcie.<\/p>\n<p>A wi\u0119c&#8230; z okazji minionego Dnia Matki i zbli\u017caj\u0105cego si\u0119 Dnia Dziecka \u017cycz\u0119 i\u00a0rodzicom, i dzieciom, aby zawsze mieli dziecko w sobie. A je\u015bli nie maj\u0105, niech je w sobie jak najszybciej obudz\u0105.<\/p>\n<p>Pssst! Kochani, w ten spos\u00f3b b\u0119dziemy zawsze \u015bwi\u0119towa\u0107 \ud83d\ude09<\/p><\/div>\n<p><!-- .vgblk-rw-wrapper --><\/p>\n","protected":false},"excerpt":{"rendered":"<p>Dzie\u0144 Mamy za nami, ale przed nami&#8230; Dzie\u0144 Dziecka, czyli tak\u017ce i nasz. Przynajmniej m\u00f3j, bo mam to szcz\u0119\u015bcie, \u017ce jestem JU\u017b mam\u0105 i JESZCZE dzieckiem. O tym, \u017ce jeste\u015bmy dzie\u0107mi (dla naszych rodzic\u00f3w chyba do ko\u0144ca \u017cycia &#8211; ich lub naszego, bo i tak bywa, niestety &#8211; zawsze), cz\u0119sto zapominamy. Zawsze wydaje nam si\u0119,&#8230;<\/p>\n","protected":false},"author":6,"featured_media":5310,"comment_status":"open","ping_status":"open","sticky":false,"template":"","format":"standard","meta":{"footnotes":""},"categories":[37],"tags":[],"class_list":["post-5308","post","type-post","status-publish","format-standard","has-post-thumbnail","hentry","category-anita-o-ekologii"],"yoast_head":"<!-- This site is optimized with the Yoast SEO plugin v27.5 - https:\/\/yoast.com\/product\/yoast-seo-wordpress\/ -->\n<title>Obud\u017a w sobie dziecko - Kosmetyki naturalne Resibo<\/title>\n<meta name=\"robots\" content=\"index, follow, max-snippet:-1, max-image-preview:large, max-video-preview:-1\" \/>\n<link rel=\"canonical\" href=\"https:\/\/resibo.pl\/blog\/obudz-w-sobie-dziecko\/\" \/>\n<meta property=\"og:locale\" content=\"pl_PL\" \/>\n<meta property=\"og:type\" content=\"article\" \/>\n<meta property=\"og:title\" content=\"Obud\u017a w sobie dziecko - Kosmetyki naturalne Resibo\" \/>\n<meta property=\"og:description\" content=\"Dzie\u0144 Mamy za nami, ale przed nami&#8230; Dzie\u0144 Dziecka, czyli tak\u017ce i nasz. Przynajmniej m\u00f3j, bo mam to szcz\u0119\u015bcie, \u017ce jestem JU\u017b mam\u0105 i JESZCZE dzieckiem. O tym, \u017ce jeste\u015bmy dzie\u0107mi (dla naszych rodzic\u00f3w chyba do ko\u0144ca \u017cycia &#8211; ich lub naszego, bo i tak bywa, niestety &#8211; zawsze), cz\u0119sto zapominamy. Zawsze wydaje nam si\u0119,...\" \/>\n<meta property=\"og:url\" content=\"https:\/\/resibo.pl\/blog\/obudz-w-sobie-dziecko\/\" \/>\n<meta property=\"og:site_name\" content=\"Kosmetyki naturalne Resibo\" \/>\n<meta property=\"article:publisher\" content=\"http:\/\/facebook.com\/resiboPL\" \/>\n<meta property=\"article:published_time\" content=\"2015-05-28T21:13:18+00:00\" \/>\n<meta name=\"author\" content=\"Anita\" \/>\n<meta name=\"twitter:label1\" content=\"Napisane przez\" \/>\n\t<meta name=\"twitter:data1\" content=\"Anita\" \/>\n\t<meta name=\"twitter:label2\" content=\"Szacowany czas czytania\" \/>\n\t<meta name=\"twitter:data2\" content=\"2 minuty\" \/>\n<script type=\"application\/ld+json\" class=\"yoast-schema-graph\">{\"@context\":\"https:\\\/\\\/schema.org\",\"@graph\":[{\"@type\":\"Article\",\"@id\":\"https:\\\/\\\/resibo.pl\\\/blog\\\/obudz-w-sobie-dziecko\\\/#article\",\"isPartOf\":{\"@id\":\"https:\\\/\\\/resibo.pl\\\/blog\\\/obudz-w-sobie-dziecko\\\/\"},\"author\":{\"name\":\"Anita\",\"@id\":\"https:\\\/\\\/resibo.pl\\\/blog\\\/#\\\/schema\\\/person\\\/ef9013c96e1204d78b18c2243ed265a9\"},\"headline\":\"Obud\u017a w sobie dziecko\",\"datePublished\":\"2015-05-28T21:13:18+00:00\",\"mainEntityOfPage\":{\"@id\":\"https:\\\/\\\/resibo.pl\\\/blog\\\/obudz-w-sobie-dziecko\\\/\"},\"wordCount\":369,\"commentCount\":0,\"publisher\":{\"@id\":\"https:\\\/\\\/resibo.pl\\\/blog\\\/#organization\"},\"image\":{\"@id\":\"https:\\\/\\\/resibo.pl\\\/blog\\\/obudz-w-sobie-dziecko\\\/#primaryimage\"},\"thumbnailUrl\":\"https:\\\/\\\/resibo.pl\\\/blog\\\/wp-content\\\/uploads\\\/2015\\\/05\\\/LOD_0854.jpg\",\"articleSection\":[\"O ekologii\"],\"inLanguage\":\"pl-PL\",\"potentialAction\":[{\"@type\":\"CommentAction\",\"name\":\"Comment\",\"target\":[\"https:\\\/\\\/resibo.pl\\\/blog\\\/obudz-w-sobie-dziecko\\\/#respond\"]}]},{\"@type\":\"WebPage\",\"@id\":\"https:\\\/\\\/resibo.pl\\\/blog\\\/obudz-w-sobie-dziecko\\\/\",\"url\":\"https:\\\/\\\/resibo.pl\\\/blog\\\/obudz-w-sobie-dziecko\\\/\",\"name\":\"Obud\u017a w sobie dziecko - Kosmetyki naturalne Resibo\",\"isPartOf\":{\"@id\":\"https:\\\/\\\/resibo.pl\\\/blog\\\/#website\"},\"primaryImageOfPage\":{\"@id\":\"https:\\\/\\\/resibo.pl\\\/blog\\\/obudz-w-sobie-dziecko\\\/#primaryimage\"},\"image\":{\"@id\":\"https:\\\/\\\/resibo.pl\\\/blog\\\/obudz-w-sobie-dziecko\\\/#primaryimage\"},\"thumbnailUrl\":\"https:\\\/\\\/resibo.pl\\\/blog\\\/wp-content\\\/uploads\\\/2015\\\/05\\\/LOD_0854.jpg\",\"datePublished\":\"2015-05-28T21:13:18+00:00\",\"breadcrumb\":{\"@id\":\"https:\\\/\\\/resibo.pl\\\/blog\\\/obudz-w-sobie-dziecko\\\/#breadcrumb\"},\"inLanguage\":\"pl-PL\",\"potentialAction\":[{\"@type\":\"ReadAction\",\"target\":[\"https:\\\/\\\/resibo.pl\\\/blog\\\/obudz-w-sobie-dziecko\\\/\"]}]},{\"@type\":\"ImageObject\",\"inLanguage\":\"pl-PL\",\"@id\":\"https:\\\/\\\/resibo.pl\\\/blog\\\/obudz-w-sobie-dziecko\\\/#primaryimage\",\"url\":\"https:\\\/\\\/resibo.pl\\\/blog\\\/wp-content\\\/uploads\\\/2015\\\/05\\\/LOD_0854.jpg\",\"contentUrl\":\"https:\\\/\\\/resibo.pl\\\/blog\\\/wp-content\\\/uploads\\\/2015\\\/05\\\/LOD_0854.jpg\",\"width\":800,\"height\":536},{\"@type\":\"BreadcrumbList\",\"@id\":\"https:\\\/\\\/resibo.pl\\\/blog\\\/obudz-w-sobie-dziecko\\\/#breadcrumb\",\"itemListElement\":[{\"@type\":\"ListItem\",\"position\":1,\"name\":\"Strona g\u0142\u00f3wna\",\"item\":\"https:\\\/\\\/resibo.pl\\\/blog\\\/\"},{\"@type\":\"ListItem\",\"position\":2,\"name\":\"Obud\u017a w sobie dziecko\"}]},{\"@type\":\"WebSite\",\"@id\":\"https:\\\/\\\/resibo.pl\\\/blog\\\/#website\",\"url\":\"https:\\\/\\\/resibo.pl\\\/blog\\\/\",\"name\":\"Kosmetyki naturalne Resibo\",\"description\":\"\",\"publisher\":{\"@id\":\"https:\\\/\\\/resibo.pl\\\/blog\\\/#organization\"},\"potentialAction\":[{\"@type\":\"SearchAction\",\"target\":{\"@type\":\"EntryPoint\",\"urlTemplate\":\"https:\\\/\\\/resibo.pl\\\/blog\\\/?s={search_term_string}\"},\"query-input\":{\"@type\":\"PropertyValueSpecification\",\"valueRequired\":true,\"valueName\":\"search_term_string\"}}],\"inLanguage\":\"pl-PL\"},{\"@type\":\"Organization\",\"@id\":\"https:\\\/\\\/resibo.pl\\\/blog\\\/#organization\",\"name\":\"Resibo\",\"url\":\"https:\\\/\\\/resibo.pl\\\/blog\\\/\",\"logo\":{\"@type\":\"ImageObject\",\"inLanguage\":\"pl-PL\",\"@id\":\"https:\\\/\\\/resibo.pl\\\/blog\\\/#\\\/schema\\\/logo\\\/image\\\/\",\"url\":\"https:\\\/\\\/resibo.pl\\\/blog\\\/wp-content\\\/uploads\\\/2022\\\/02\\\/cropped-logo.png\",\"contentUrl\":\"https:\\\/\\\/resibo.pl\\\/blog\\\/wp-content\\\/uploads\\\/2022\\\/02\\\/cropped-logo.png\",\"width\":274,\"height\":109,\"caption\":\"Resibo\"},\"image\":{\"@id\":\"https:\\\/\\\/resibo.pl\\\/blog\\\/#\\\/schema\\\/logo\\\/image\\\/\"},\"sameAs\":[\"http:\\\/\\\/facebook.com\\\/resiboPL\",\"http:\\\/\\\/instagram.com\\\/resibobynature\"]},{\"@type\":\"Person\",\"@id\":\"https:\\\/\\\/resibo.pl\\\/blog\\\/#\\\/schema\\\/person\\\/ef9013c96e1204d78b18c2243ed265a9\",\"name\":\"Anita\",\"image\":{\"@type\":\"ImageObject\",\"inLanguage\":\"pl-PL\",\"@id\":\"https:\\\/\\\/secure.gravatar.com\\\/avatar\\\/c16c3ee787d7dac06be3101e60d7b357f40d4375278b4f1760aa8fb3114c1f93?s=96&d=mm&r=g\",\"url\":\"https:\\\/\\\/secure.gravatar.com\\\/avatar\\\/c16c3ee787d7dac06be3101e60d7b357f40d4375278b4f1760aa8fb3114c1f93?s=96&d=mm&r=g\",\"contentUrl\":\"https:\\\/\\\/secure.gravatar.com\\\/avatar\\\/c16c3ee787d7dac06be3101e60d7b357f40d4375278b4f1760aa8fb3114c1f93?s=96&d=mm&r=g\",\"caption\":\"Anita\"},\"description\":\"Anita Odachowska Zakochana w Resibo i naturalnej piel\u0119gnacji, ciekawa \u015bwiata, szanuj\u0105ca przyrod\u0119 i doceniaj\u0105ca si\u0142\u0119 ro\u015blinnych sk\u0142adnik\u00f3w, w ci\u0105g\u0142ym d\u0105\u017ceniu do co najmniej less waste.\",\"url\":\"https:\\\/\\\/resibo.pl\\\/blog\\\/author\\\/anita\\\/\"}]}<\/script>\n<!-- \/ Yoast SEO plugin. -->","yoast_head_json":{"title":"Obud\u017a w sobie dziecko - Kosmetyki naturalne Resibo","robots":{"index":"index","follow":"follow","max-snippet":"max-snippet:-1","max-image-preview":"max-image-preview:large","max-video-preview":"max-video-preview:-1"},"canonical":"https:\/\/resibo.pl\/blog\/obudz-w-sobie-dziecko\/","og_locale":"pl_PL","og_type":"article","og_title":"Obud\u017a w sobie dziecko - Kosmetyki naturalne Resibo","og_description":"Dzie\u0144 Mamy za nami, ale przed nami&#8230; Dzie\u0144 Dziecka, czyli tak\u017ce i nasz. Przynajmniej m\u00f3j, bo mam to szcz\u0119\u015bcie, \u017ce jestem JU\u017b mam\u0105 i JESZCZE dzieckiem. O tym, \u017ce jeste\u015bmy dzie\u0107mi (dla naszych rodzic\u00f3w chyba do ko\u0144ca \u017cycia &#8211; ich lub naszego, bo i tak bywa, niestety &#8211; zawsze), cz\u0119sto zapominamy. Zawsze wydaje nam si\u0119,...","og_url":"https:\/\/resibo.pl\/blog\/obudz-w-sobie-dziecko\/","og_site_name":"Kosmetyki naturalne Resibo","article_publisher":"http:\/\/facebook.com\/resiboPL","article_published_time":"2015-05-28T21:13:18+00:00","author":"Anita","twitter_misc":{"Napisane przez":"Anita","Szacowany czas czytania":"2 minuty"},"schema":{"@context":"https:\/\/schema.org","@graph":[{"@type":"Article","@id":"https:\/\/resibo.pl\/blog\/obudz-w-sobie-dziecko\/#article","isPartOf":{"@id":"https:\/\/resibo.pl\/blog\/obudz-w-sobie-dziecko\/"},"author":{"name":"Anita","@id":"https:\/\/resibo.pl\/blog\/#\/schema\/person\/ef9013c96e1204d78b18c2243ed265a9"},"headline":"Obud\u017a w sobie dziecko","datePublished":"2015-05-28T21:13:18+00:00","mainEntityOfPage":{"@id":"https:\/\/resibo.pl\/blog\/obudz-w-sobie-dziecko\/"},"wordCount":369,"commentCount":0,"publisher":{"@id":"https:\/\/resibo.pl\/blog\/#organization"},"image":{"@id":"https:\/\/resibo.pl\/blog\/obudz-w-sobie-dziecko\/#primaryimage"},"thumbnailUrl":"https:\/\/resibo.pl\/blog\/wp-content\/uploads\/2015\/05\/LOD_0854.jpg","articleSection":["O ekologii"],"inLanguage":"pl-PL","potentialAction":[{"@type":"CommentAction","name":"Comment","target":["https:\/\/resibo.pl\/blog\/obudz-w-sobie-dziecko\/#respond"]}]},{"@type":"WebPage","@id":"https:\/\/resibo.pl\/blog\/obudz-w-sobie-dziecko\/","url":"https:\/\/resibo.pl\/blog\/obudz-w-sobie-dziecko\/","name":"Obud\u017a w sobie dziecko - Kosmetyki naturalne Resibo","isPartOf":{"@id":"https:\/\/resibo.pl\/blog\/#website"},"primaryImageOfPage":{"@id":"https:\/\/resibo.pl\/blog\/obudz-w-sobie-dziecko\/#primaryimage"},"image":{"@id":"https:\/\/resibo.pl\/blog\/obudz-w-sobie-dziecko\/#primaryimage"},"thumbnailUrl":"https:\/\/resibo.pl\/blog\/wp-content\/uploads\/2015\/05\/LOD_0854.jpg","datePublished":"2015-05-28T21:13:18+00:00","breadcrumb":{"@id":"https:\/\/resibo.pl\/blog\/obudz-w-sobie-dziecko\/#breadcrumb"},"inLanguage":"pl-PL","potentialAction":[{"@type":"ReadAction","target":["https:\/\/resibo.pl\/blog\/obudz-w-sobie-dziecko\/"]}]},{"@type":"ImageObject","inLanguage":"pl-PL","@id":"https:\/\/resibo.pl\/blog\/obudz-w-sobie-dziecko\/#primaryimage","url":"https:\/\/resibo.pl\/blog\/wp-content\/uploads\/2015\/05\/LOD_0854.jpg","contentUrl":"https:\/\/resibo.pl\/blog\/wp-content\/uploads\/2015\/05\/LOD_0854.jpg","width":800,"height":536},{"@type":"BreadcrumbList","@id":"https:\/\/resibo.pl\/blog\/obudz-w-sobie-dziecko\/#breadcrumb","itemListElement":[{"@type":"ListItem","position":1,"name":"Strona g\u0142\u00f3wna","item":"https:\/\/resibo.pl\/blog\/"},{"@type":"ListItem","position":2,"name":"Obud\u017a w sobie dziecko"}]},{"@type":"WebSite","@id":"https:\/\/resibo.pl\/blog\/#website","url":"https:\/\/resibo.pl\/blog\/","name":"Kosmetyki naturalne Resibo","description":"","publisher":{"@id":"https:\/\/resibo.pl\/blog\/#organization"},"potentialAction":[{"@type":"SearchAction","target":{"@type":"EntryPoint","urlTemplate":"https:\/\/resibo.pl\/blog\/?s={search_term_string}"},"query-input":{"@type":"PropertyValueSpecification","valueRequired":true,"valueName":"search_term_string"}}],"inLanguage":"pl-PL"},{"@type":"Organization","@id":"https:\/\/resibo.pl\/blog\/#organization","name":"Resibo","url":"https:\/\/resibo.pl\/blog\/","logo":{"@type":"ImageObject","inLanguage":"pl-PL","@id":"https:\/\/resibo.pl\/blog\/#\/schema\/logo\/image\/","url":"https:\/\/resibo.pl\/blog\/wp-content\/uploads\/2022\/02\/cropped-logo.png","contentUrl":"https:\/\/resibo.pl\/blog\/wp-content\/uploads\/2022\/02\/cropped-logo.png","width":274,"height":109,"caption":"Resibo"},"image":{"@id":"https:\/\/resibo.pl\/blog\/#\/schema\/logo\/image\/"},"sameAs":["http:\/\/facebook.com\/resiboPL","http:\/\/instagram.com\/resibobynature"]},{"@type":"Person","@id":"https:\/\/resibo.pl\/blog\/#\/schema\/person\/ef9013c96e1204d78b18c2243ed265a9","name":"Anita","image":{"@type":"ImageObject","inLanguage":"pl-PL","@id":"https:\/\/secure.gravatar.com\/avatar\/c16c3ee787d7dac06be3101e60d7b357f40d4375278b4f1760aa8fb3114c1f93?s=96&d=mm&r=g","url":"https:\/\/secure.gravatar.com\/avatar\/c16c3ee787d7dac06be3101e60d7b357f40d4375278b4f1760aa8fb3114c1f93?s=96&d=mm&r=g","contentUrl":"https:\/\/secure.gravatar.com\/avatar\/c16c3ee787d7dac06be3101e60d7b357f40d4375278b4f1760aa8fb3114c1f93?s=96&d=mm&r=g","caption":"Anita"},"description":"Anita Odachowska Zakochana w Resibo i naturalnej piel\u0119gnacji, ciekawa \u015bwiata, szanuj\u0105ca przyrod\u0119 i doceniaj\u0105ca si\u0142\u0119 ro\u015blinnych sk\u0142adnik\u00f3w, w ci\u0105g\u0142ym d\u0105\u017ceniu do co najmniej less waste.","url":"https:\/\/resibo.pl\/blog\/author\/anita\/"}]}},"_links":{"self":[{"href":"https:\/\/resibo.pl\/blog\/wp-json\/wp\/v2\/posts\/5308","targetHints":{"allow":["GET"]}}],"collection":[{"href":"https:\/\/resibo.pl\/blog\/wp-json\/wp\/v2\/posts"}],"about":[{"href":"https:\/\/resibo.pl\/blog\/wp-json\/wp\/v2\/types\/post"}],"author":[{"embeddable":true,"href":"https:\/\/resibo.pl\/blog\/wp-json\/wp\/v2\/users\/6"}],"replies":[{"embeddable":true,"href":"https:\/\/resibo.pl\/blog\/wp-json\/wp\/v2\/comments?post=5308"}],"version-history":[{"count":0,"href":"https:\/\/resibo.pl\/blog\/wp-json\/wp\/v2\/posts\/5308\/revisions"}],"wp:featuredmedia":[{"embeddable":true,"href":"https:\/\/resibo.pl\/blog\/wp-json\/wp\/v2\/media\/5310"}],"wp:attachment":[{"href":"https:\/\/resibo.pl\/blog\/wp-json\/wp\/v2\/media?parent=5308"}],"wp:term":[{"taxonomy":"category","embeddable":true,"href":"https:\/\/resibo.pl\/blog\/wp-json\/wp\/v2\/categories?post=5308"},{"taxonomy":"post_tag","embeddable":true,"href":"https:\/\/resibo.pl\/blog\/wp-json\/wp\/v2\/tags?post=5308"}],"curies":[{"name":"wp","href":"https:\/\/api.w.org\/{rel}","templated":true}]}}