{"id":5406,"date":"2015-06-24T18:42:28","date_gmt":"2015-06-24T16:42:28","guid":{"rendered":"https:\/\/resibo.pl\/blog\/?p=5406"},"modified":"2015-06-24T18:42:28","modified_gmt":"2015-06-24T16:42:28","slug":"woda-i-mydlo-wystarcza","status":"publish","type":"post","link":"https:\/\/resibo.pl\/blog\/woda-i-mydlo-wystarcza\/","title":{"rendered":"Woda i myd\u0142o wystarcz\u0105?!"},"content":{"rendered":"<div class=\"vgblk-rw-wrapper limit-wrapper\">Piel\u0119gnacja dojrza\u0142ej, m\u0119skiej sk\u00f3ry &#8211; na dzie\u0144 ojca czy w przysz\u0142o\u015bci dzie\u0144 ch\u0142opaka podpowiadamy, jak zadba\u0107 o naszych m\u0119\u017cczyzn, \u017ceby nie uciekali przed nami, kosmetyczkami i kosmetykami \ud83d\ude42<\/p>\n<p>Jak wygl\u0105da kosmetyczka czy miejsce przy umywalce przeci\u0119tnego m\u0119\u017cczyzny? Woda, myd\u0142o, pasta i szczoteczka do z\u0119b\u00f3w, a przy odrobinie szcz\u0119\u015bcia nawet balsam po goleniu. Na tym cz\u0119sto piel\u0119gnacja si\u0119 ko\u0144czy. Nie jest to oczywi\u015bcie norma, bo r\u00f3wnie\u017c panowie s\u0105 coraz bardziej \u015bwiadomi i ch\u0119tniej korzystaj\u0105 z mo\u017cliwo\u015bci nowoczesnej kosmetyki. Z do\u015bwiadczenia z pracy w salonie kosmetycznym wiem jednak, \u017ce to wci\u0105\u017c garstka, zazwyczaj zreszt\u0105 to partnerki, \u017cony, matki, c\u00f3rki s\u0105 tymi, kt\u00f3rym t\u0119 garstk\u0119 zawdzi\u0119czamy.<\/p>\n<p>Jak to si\u0119 dzieje, \u017ce mimo tak okrojonej piel\u0119gnacji, m\u0119ska sk\u00f3ra tak wolno si\u0119 starzeje? Czy to \u015bwiadczy o tym, \u017ce lepiej nie stosowa\u0107 tylu specyfik\u00f3w? Ano nie. To wynika z r\u00f3\u017cnicy w budowie m\u0119skiej sk\u00f3ry. Po pierwsze, jest ona grubsza od kobiecej o 15-20%. Po drugie,\u00a0pod wp\u0142ywem aktywno\u015bci m\u0119skich hormon\u00f3w &#8211; androgen\u00f3w wydziela du\u017co wi\u0119cej, nawet o 50%, sebum, kt\u00f3re zapobiega wysuszeniu i utracie j\u0119drno\u015bci, a kolagen du\u017co wolniej ulega procesowi degradacji.<\/p>\n<p>Niestety, cz\u0119sto w zwi\u0105zku z aktywno\u015bci\u0105 gruczo\u0142\u00f3w \u0142ojowych panowie si\u0119gaj\u0105 po agresywn\u0105 piel\u0119gnacj\u0119 &#8211; kosmetyki z alkoholem. Jest go pe\u0142no w piankach, balsamach, \u017celach do golenia, a co jak co, golenie jest jedn\u0105 z niewielu czynno\u015bci, kt\u00f3rym m\u0119\u017cczy\u017ani regularnie si\u0119 oddaj\u0105.<\/p>\n<blockquote><p>No chyba \u017ce ca\u0142kowicie stawiaj\u0105 na nowy, modny wizerunek m\u0119\u017cczyzny drwaloseksualnego \ud83d\ude09<\/p><\/blockquote>\n<p>Niestety, alkohol powoduje przesuszenie\u00a0powierzchownej warstwy nask\u00f3rka, co prowadzi do podra\u017cnie\u0144, uszkadza p\u0142aszcz hydrolipidowy zwi\u0119kszaj\u0105c ryzyko powstawania stan\u00f3w zapalnych.\u00a0Jak temu zaradzi\u0107?<\/p>\n<p><a href=\"https:\/\/resibo.pl\/blog\/wp-content\/uploads\/2015\/06\/pool-778207_640.jpg\"><img fetchpriority=\"high\" decoding=\"async\" width=\"640\" height=\"426\" class=\"aligncenter size-full wp-image-5410\" src=\"https:\/\/resibo.pl\/blog\/wp-content\/uploads\/2015\/06\/pool-778207_640.jpg\" alt=\"pool-778207_640\" srcset=\"https:\/\/resibo.pl\/blog\/wp-content\/uploads\/2015\/06\/pool-778207_640.jpg 640w, https:\/\/resibo.pl\/blog\/wp-content\/uploads\/2015\/06\/pool-778207_640-315x210.jpg 315w, https:\/\/resibo.pl\/blog\/wp-content\/uploads\/2015\/06\/pool-778207_640-630x419.jpg 630w, https:\/\/resibo.pl\/blog\/wp-content\/uploads\/2015\/06\/pool-778207_640-300x200.jpg 300w\" sizes=\"(max-width: 640px) 100vw, 640px\" \/><\/a><\/p>\n<p>Szcz\u0119\u015bliwie nasta\u0142a era olej\u00f3w! Oleje ro\u015blinne, eteryczne dodawane s\u0105 do coraz wi\u0119kszej ilo\u015bci produkt\u00f3w do lub po goleniu. Sprawdzaj\u0105 si\u0119 tak\u017ce jako preparat zabezpieczaj\u0105cy warstw\u0119 wodnot\u0142uszczow\u0105 przed na\u0142o\u017ceniem pianki czy \u017celu do golenia. Ponadto zapewniaj\u0105 lepszy po\u015blizg ostrza maszynki u\u0142atwiaj\u0105c sam\u0105 czynno\u015b\u0107 i neutralizuj\u0105c skutki uboczne. I tak na przyk\u0142ad olej lniany dzia\u0142a przeciwzapalnie i normalizuj\u0105co, \u0142agodzi podra\u017cnienia i przyspiesza regeneracj\u0119 nask\u00f3rka, olejek manuka jest przeciwbakteryjny (zapobiega wi\u0119c cz\u0119stemu powik\u0142aniu, jakim jest bakteryjne zapalenie mieszka w\u0142osowego). Obydwa te oleje znajdziecie w olejku do demakija\u017cu Resibo. I nie tylko te, bo dodatek oleju z pestek winogron czy abisy\u0144skiego zapewni sk\u00f3rze odpowiednie nawil\u017cenie i redukcj\u0119 zmarszczek. Zw\u0142aszcza \u017ce\u00a0mimo mniejszych predyspozycji m\u0119\u017cczyzn do ich powstawania,\u00a0nieodpowiednia piel\u0119gnacja mo\u017ce znacznie przyspieszy\u0107 proces starzenia.<\/p>\n<blockquote><p>Olejek jest wi\u0119c \u015bwietnym preparatem zabezpieczaj\u0105cym zar\u00f3wno sk\u00f3r\u0119, jak i dodaj\u0105cym blasku wyhodowanemu, m\u0119skiemu zarostowi.<\/p><\/blockquote>\n<p><a href=\"https:\/\/resibo.pl\/blog\/wp-content\/uploads\/2015\/05\/IMG_3426.jpg\"><img decoding=\"async\" width=\"1024\" height=\"683\" class=\"aligncenter size-large wp-image-5292\" src=\"https:\/\/resibo.pl\/blog\/wp-content\/uploads\/2015\/05\/IMG_3426-1024x683.jpg\" alt=\"IMG_3426\" srcset=\"https:\/\/resibo.pl\/blog\/wp-content\/uploads\/2015\/05\/IMG_3426-1024x683.jpg 1024w, https:\/\/resibo.pl\/blog\/wp-content\/uploads\/2015\/05\/IMG_3426-scaled-315x210.jpg 315w, https:\/\/resibo.pl\/blog\/wp-content\/uploads\/2015\/05\/IMG_3426-scaled-630x420.jpg 630w, https:\/\/resibo.pl\/blog\/wp-content\/uploads\/2015\/05\/IMG_3426-300x200.jpg 300w, https:\/\/resibo.pl\/blog\/wp-content\/uploads\/2015\/05\/IMG_3426-1075x717.jpg 1075w\" sizes=\"(max-width: 1024px) 100vw, 1024px\" \/><\/a><\/p>\n<p>Skoro wiecie ju\u017c, jak dba\u0107 o swoj\u0105 pi\u0119kn\u0105 brod\u0119, pami\u0119tajcie te\u017c o codziennym od\u017cywianiu. Tu \u015bwietnie sprawdzi si\u0119 bardzo lubiany przez p\u0142e\u0107 brzydsz\u0105 \ud83d\ude09 krem od\u017cywczy Resibo. Stosujecie go rano i wieczorem, pami\u0119taj\u0105c jednak o dodatkowej ochronie przeciws\u0142onecznej w gor\u0105ce, letnie dni. Konieczny wi\u0119c b\u0119dzie krem z filtrem UV.<\/p>\n<p>Unikanie alkoholu w preparatach piel\u0119gnacyjnych, stosowanie olej\u00f3w i kremu to niezb\u0119dnie minimum, kt\u00f3re zapewni jednak pi\u0119kny wygl\u0105d m\u0119skiej cery. Jest to z pewno\u015bci\u0105 wa\u017cny atrybut, na kt\u00f3ry kobiety zwracaj\u0105 ogromn\u0105 uwag\u0119. Zatem panowie, tatusiowie i nie tylko, si\u0119gajcie po kosmetyki, bo dla kobiet nie ma nic bardziej m\u0119skiego ni\u017c zadbany partner czy ojciec!<\/p><\/div>\n<p><!-- .vgblk-rw-wrapper --><\/p>\n","protected":false},"excerpt":{"rendered":"<p>Piel\u0119gnacja dojrza\u0142ej, m\u0119skiej sk\u00f3ry &#8211; na dzie\u0144 ojca czy w przysz\u0142o\u015bci dzie\u0144 ch\u0142opaka podpowiadamy, jak zadba\u0107 o naszych m\u0119\u017cczyzn, \u017ceby nie uciekali przed nami, kosmetyczkami i kosmetykami \ud83d\ude42 Jak wygl\u0105da kosmetyczka czy miejsce przy umywalce przeci\u0119tnego m\u0119\u017cczyzny? Woda, myd\u0142o, pasta i szczoteczka do z\u0119b\u00f3w, a przy odrobinie szcz\u0119\u015bcia nawet balsam po goleniu. Na tym cz\u0119sto&#8230;<\/p>\n","protected":false},"author":8,"featured_media":5408,"comment_status":"open","ping_status":"open","sticky":false,"template":"","format":"standard","meta":{"footnotes":""},"categories":[40],"tags":[],"class_list":["post-5406","post","type-post","status-publish","format-standard","has-post-thumbnail","hentry","category-magda-o-pielegnacji"],"yoast_head":"<!-- This site is optimized with the Yoast SEO plugin v27.5 - https:\/\/yoast.com\/product\/yoast-seo-wordpress\/ -->\n<title>Woda i myd\u0142o wystarcz\u0105?! - Kosmetyki naturalne Resibo<\/title>\n<meta name=\"robots\" content=\"index, follow, max-snippet:-1, max-image-preview:large, max-video-preview:-1\" \/>\n<link rel=\"canonical\" href=\"https:\/\/resibo.pl\/blog\/woda-i-mydlo-wystarcza\/\" \/>\n<meta property=\"og:locale\" content=\"pl_PL\" \/>\n<meta property=\"og:type\" content=\"article\" \/>\n<meta property=\"og:title\" content=\"Woda i myd\u0142o wystarcz\u0105?! - Kosmetyki naturalne Resibo\" \/>\n<meta property=\"og:description\" content=\"Piel\u0119gnacja dojrza\u0142ej, m\u0119skiej sk\u00f3ry &#8211; na dzie\u0144 ojca czy w przysz\u0142o\u015bci dzie\u0144 ch\u0142opaka podpowiadamy, jak zadba\u0107 o naszych m\u0119\u017cczyzn, \u017ceby nie uciekali przed nami, kosmetyczkami i kosmetykami \ud83d\ude42 Jak wygl\u0105da kosmetyczka czy miejsce przy umywalce przeci\u0119tnego m\u0119\u017cczyzny? Woda, myd\u0142o, pasta i szczoteczka do z\u0119b\u00f3w, a przy odrobinie szcz\u0119\u015bcia nawet balsam po goleniu. Na tym cz\u0119sto...\" \/>\n<meta property=\"og:url\" content=\"https:\/\/resibo.pl\/blog\/woda-i-mydlo-wystarcza\/\" \/>\n<meta property=\"og:site_name\" content=\"Kosmetyki naturalne Resibo\" \/>\n<meta property=\"article:publisher\" content=\"http:\/\/facebook.com\/resiboPL\" \/>\n<meta property=\"article:published_time\" content=\"2015-06-24T16:42:28+00:00\" \/>\n<meta property=\"og:image\" content=\"https:\/\/resibo.pl\/blog\/wp-content\/uploads\/2015\/06\/pool-778207_640.jpg\" \/>\n<meta name=\"author\" content=\"Magda\" \/>\n<meta name=\"twitter:label1\" content=\"Napisane przez\" \/>\n\t<meta name=\"twitter:data1\" content=\"Magda\" \/>\n\t<meta name=\"twitter:label2\" content=\"Szacowany czas czytania\" \/>\n\t<meta name=\"twitter:data2\" content=\"3 minuty\" \/>\n<script type=\"application\/ld+json\" class=\"yoast-schema-graph\">{\"@context\":\"https:\\\/\\\/schema.org\",\"@graph\":[{\"@type\":\"Article\",\"@id\":\"https:\\\/\\\/resibo.pl\\\/blog\\\/woda-i-mydlo-wystarcza\\\/#article\",\"isPartOf\":{\"@id\":\"https:\\\/\\\/resibo.pl\\\/blog\\\/woda-i-mydlo-wystarcza\\\/\"},\"author\":{\"name\":\"Magda\",\"@id\":\"https:\\\/\\\/resibo.pl\\\/blog\\\/#\\\/schema\\\/person\\\/b83ed5dbb3219da851fb49ab9f7df4dc\"},\"headline\":\"Woda i myd\u0142o wystarcz\u0105?!\",\"datePublished\":\"2015-06-24T16:42:28+00:00\",\"mainEntityOfPage\":{\"@id\":\"https:\\\/\\\/resibo.pl\\\/blog\\\/woda-i-mydlo-wystarcza\\\/\"},\"wordCount\":616,\"commentCount\":0,\"publisher\":{\"@id\":\"https:\\\/\\\/resibo.pl\\\/blog\\\/#organization\"},\"image\":{\"@id\":\"https:\\\/\\\/resibo.pl\\\/blog\\\/woda-i-mydlo-wystarcza\\\/#primaryimage\"},\"thumbnailUrl\":\"https:\\\/\\\/resibo.pl\\\/blog\\\/wp-content\\\/uploads\\\/2015\\\/06\\\/11169870_1010464205651122_2506380580592092851_n.jpg\",\"articleSection\":[\"O pielegnacji\"],\"inLanguage\":\"pl-PL\",\"potentialAction\":[{\"@type\":\"CommentAction\",\"name\":\"Comment\",\"target\":[\"https:\\\/\\\/resibo.pl\\\/blog\\\/woda-i-mydlo-wystarcza\\\/#respond\"]}]},{\"@type\":\"WebPage\",\"@id\":\"https:\\\/\\\/resibo.pl\\\/blog\\\/woda-i-mydlo-wystarcza\\\/\",\"url\":\"https:\\\/\\\/resibo.pl\\\/blog\\\/woda-i-mydlo-wystarcza\\\/\",\"name\":\"Woda i myd\u0142o wystarcz\u0105?! - Kosmetyki naturalne Resibo\",\"isPartOf\":{\"@id\":\"https:\\\/\\\/resibo.pl\\\/blog\\\/#website\"},\"primaryImageOfPage\":{\"@id\":\"https:\\\/\\\/resibo.pl\\\/blog\\\/woda-i-mydlo-wystarcza\\\/#primaryimage\"},\"image\":{\"@id\":\"https:\\\/\\\/resibo.pl\\\/blog\\\/woda-i-mydlo-wystarcza\\\/#primaryimage\"},\"thumbnailUrl\":\"https:\\\/\\\/resibo.pl\\\/blog\\\/wp-content\\\/uploads\\\/2015\\\/06\\\/11169870_1010464205651122_2506380580592092851_n.jpg\",\"datePublished\":\"2015-06-24T16:42:28+00:00\",\"breadcrumb\":{\"@id\":\"https:\\\/\\\/resibo.pl\\\/blog\\\/woda-i-mydlo-wystarcza\\\/#breadcrumb\"},\"inLanguage\":\"pl-PL\",\"potentialAction\":[{\"@type\":\"ReadAction\",\"target\":[\"https:\\\/\\\/resibo.pl\\\/blog\\\/woda-i-mydlo-wystarcza\\\/\"]}]},{\"@type\":\"ImageObject\",\"inLanguage\":\"pl-PL\",\"@id\":\"https:\\\/\\\/resibo.pl\\\/blog\\\/woda-i-mydlo-wystarcza\\\/#primaryimage\",\"url\":\"https:\\\/\\\/resibo.pl\\\/blog\\\/wp-content\\\/uploads\\\/2015\\\/06\\\/11169870_1010464205651122_2506380580592092851_n.jpg\",\"contentUrl\":\"https:\\\/\\\/resibo.pl\\\/blog\\\/wp-content\\\/uploads\\\/2015\\\/06\\\/11169870_1010464205651122_2506380580592092851_n.jpg\",\"width\":960,\"height\":640},{\"@type\":\"BreadcrumbList\",\"@id\":\"https:\\\/\\\/resibo.pl\\\/blog\\\/woda-i-mydlo-wystarcza\\\/#breadcrumb\",\"itemListElement\":[{\"@type\":\"ListItem\",\"position\":1,\"name\":\"Strona g\u0142\u00f3wna\",\"item\":\"https:\\\/\\\/resibo.pl\\\/blog\\\/\"},{\"@type\":\"ListItem\",\"position\":2,\"name\":\"Woda i myd\u0142o wystarcz\u0105?!\"}]},{\"@type\":\"WebSite\",\"@id\":\"https:\\\/\\\/resibo.pl\\\/blog\\\/#website\",\"url\":\"https:\\\/\\\/resibo.pl\\\/blog\\\/\",\"name\":\"Kosmetyki naturalne Resibo\",\"description\":\"\",\"publisher\":{\"@id\":\"https:\\\/\\\/resibo.pl\\\/blog\\\/#organization\"},\"potentialAction\":[{\"@type\":\"SearchAction\",\"target\":{\"@type\":\"EntryPoint\",\"urlTemplate\":\"https:\\\/\\\/resibo.pl\\\/blog\\\/?s={search_term_string}\"},\"query-input\":{\"@type\":\"PropertyValueSpecification\",\"valueRequired\":true,\"valueName\":\"search_term_string\"}}],\"inLanguage\":\"pl-PL\"},{\"@type\":\"Organization\",\"@id\":\"https:\\\/\\\/resibo.pl\\\/blog\\\/#organization\",\"name\":\"Resibo\",\"url\":\"https:\\\/\\\/resibo.pl\\\/blog\\\/\",\"logo\":{\"@type\":\"ImageObject\",\"inLanguage\":\"pl-PL\",\"@id\":\"https:\\\/\\\/resibo.pl\\\/blog\\\/#\\\/schema\\\/logo\\\/image\\\/\",\"url\":\"https:\\\/\\\/resibo.pl\\\/blog\\\/wp-content\\\/uploads\\\/2022\\\/02\\\/cropped-logo.png\",\"contentUrl\":\"https:\\\/\\\/resibo.pl\\\/blog\\\/wp-content\\\/uploads\\\/2022\\\/02\\\/cropped-logo.png\",\"width\":274,\"height\":109,\"caption\":\"Resibo\"},\"image\":{\"@id\":\"https:\\\/\\\/resibo.pl\\\/blog\\\/#\\\/schema\\\/logo\\\/image\\\/\"},\"sameAs\":[\"http:\\\/\\\/facebook.com\\\/resiboPL\",\"http:\\\/\\\/instagram.com\\\/resibobynature\"]},{\"@type\":\"Person\",\"@id\":\"https:\\\/\\\/resibo.pl\\\/blog\\\/#\\\/schema\\\/person\\\/b83ed5dbb3219da851fb49ab9f7df4dc\",\"name\":\"Magda\",\"image\":{\"@type\":\"ImageObject\",\"inLanguage\":\"pl-PL\",\"@id\":\"https:\\\/\\\/secure.gravatar.com\\\/avatar\\\/0dfb5ced8ae1e08e5ccb725b615759b70c0470361d1df994cce404b851bfb639?s=96&d=mm&r=g\",\"url\":\"https:\\\/\\\/secure.gravatar.com\\\/avatar\\\/0dfb5ced8ae1e08e5ccb725b615759b70c0470361d1df994cce404b851bfb639?s=96&d=mm&r=g\",\"contentUrl\":\"https:\\\/\\\/secure.gravatar.com\\\/avatar\\\/0dfb5ced8ae1e08e5ccb725b615759b70c0470361d1df994cce404b851bfb639?s=96&d=mm&r=g\",\"caption\":\"Magda\"},\"description\":\"Magdalena Matyga-Kruk, ekspert ds. kosmetologii Kosmetologia i wszystko, co zwi\u0105zane z piel\u0119gnacj\u0105 sk\u00f3ry, to moja pasja. \u017beby nie musie\u0107 nigdy pracowa\u0107, z tej pasji uczyni\u0142am\u2026 prac\u0119. Od ponad pi\u0119ciu lat prowadz\u0119 salon kosmetyczny Magda M w \u015awidnicy, kt\u00f3remu po\u015bwi\u0119cam wi\u0119kszo\u015b\u0107 swojego czasu. Ci\u0105gle poszerzam swoj\u0105 wiedz\u0119, a zadowolenie moich coraz liczniejszych klient\u00f3w to najlepsza zap\u0142ata, bo jestem kosmetyczk\u0105 z wykszta\u0142cenia, ale przede wszystkim z zami\u0142owania.\",\"url\":\"https:\\\/\\\/resibo.pl\\\/blog\\\/author\\\/magda\\\/\"}]}<\/script>\n<!-- \/ Yoast SEO plugin. -->","yoast_head_json":{"title":"Woda i myd\u0142o wystarcz\u0105?! - Kosmetyki naturalne Resibo","robots":{"index":"index","follow":"follow","max-snippet":"max-snippet:-1","max-image-preview":"max-image-preview:large","max-video-preview":"max-video-preview:-1"},"canonical":"https:\/\/resibo.pl\/blog\/woda-i-mydlo-wystarcza\/","og_locale":"pl_PL","og_type":"article","og_title":"Woda i myd\u0142o wystarcz\u0105?! - Kosmetyki naturalne Resibo","og_description":"Piel\u0119gnacja dojrza\u0142ej, m\u0119skiej sk\u00f3ry &#8211; na dzie\u0144 ojca czy w przysz\u0142o\u015bci dzie\u0144 ch\u0142opaka podpowiadamy, jak zadba\u0107 o naszych m\u0119\u017cczyzn, \u017ceby nie uciekali przed nami, kosmetyczkami i kosmetykami \ud83d\ude42 Jak wygl\u0105da kosmetyczka czy miejsce przy umywalce przeci\u0119tnego m\u0119\u017cczyzny? Woda, myd\u0142o, pasta i szczoteczka do z\u0119b\u00f3w, a przy odrobinie szcz\u0119\u015bcia nawet balsam po goleniu. Na tym cz\u0119sto...","og_url":"https:\/\/resibo.pl\/blog\/woda-i-mydlo-wystarcza\/","og_site_name":"Kosmetyki naturalne Resibo","article_publisher":"http:\/\/facebook.com\/resiboPL","article_published_time":"2015-06-24T16:42:28+00:00","og_image":[{"url":"https:\/\/resibo.pl\/blog\/wp-content\/uploads\/2015\/06\/pool-778207_640.jpg","type":"","width":"","height":""}],"author":"Magda","twitter_misc":{"Napisane przez":"Magda","Szacowany czas czytania":"3 minuty"},"schema":{"@context":"https:\/\/schema.org","@graph":[{"@type":"Article","@id":"https:\/\/resibo.pl\/blog\/woda-i-mydlo-wystarcza\/#article","isPartOf":{"@id":"https:\/\/resibo.pl\/blog\/woda-i-mydlo-wystarcza\/"},"author":{"name":"Magda","@id":"https:\/\/resibo.pl\/blog\/#\/schema\/person\/b83ed5dbb3219da851fb49ab9f7df4dc"},"headline":"Woda i myd\u0142o wystarcz\u0105?!","datePublished":"2015-06-24T16:42:28+00:00","mainEntityOfPage":{"@id":"https:\/\/resibo.pl\/blog\/woda-i-mydlo-wystarcza\/"},"wordCount":616,"commentCount":0,"publisher":{"@id":"https:\/\/resibo.pl\/blog\/#organization"},"image":{"@id":"https:\/\/resibo.pl\/blog\/woda-i-mydlo-wystarcza\/#primaryimage"},"thumbnailUrl":"https:\/\/resibo.pl\/blog\/wp-content\/uploads\/2015\/06\/11169870_1010464205651122_2506380580592092851_n.jpg","articleSection":["O pielegnacji"],"inLanguage":"pl-PL","potentialAction":[{"@type":"CommentAction","name":"Comment","target":["https:\/\/resibo.pl\/blog\/woda-i-mydlo-wystarcza\/#respond"]}]},{"@type":"WebPage","@id":"https:\/\/resibo.pl\/blog\/woda-i-mydlo-wystarcza\/","url":"https:\/\/resibo.pl\/blog\/woda-i-mydlo-wystarcza\/","name":"Woda i myd\u0142o wystarcz\u0105?! - Kosmetyki naturalne Resibo","isPartOf":{"@id":"https:\/\/resibo.pl\/blog\/#website"},"primaryImageOfPage":{"@id":"https:\/\/resibo.pl\/blog\/woda-i-mydlo-wystarcza\/#primaryimage"},"image":{"@id":"https:\/\/resibo.pl\/blog\/woda-i-mydlo-wystarcza\/#primaryimage"},"thumbnailUrl":"https:\/\/resibo.pl\/blog\/wp-content\/uploads\/2015\/06\/11169870_1010464205651122_2506380580592092851_n.jpg","datePublished":"2015-06-24T16:42:28+00:00","breadcrumb":{"@id":"https:\/\/resibo.pl\/blog\/woda-i-mydlo-wystarcza\/#breadcrumb"},"inLanguage":"pl-PL","potentialAction":[{"@type":"ReadAction","target":["https:\/\/resibo.pl\/blog\/woda-i-mydlo-wystarcza\/"]}]},{"@type":"ImageObject","inLanguage":"pl-PL","@id":"https:\/\/resibo.pl\/blog\/woda-i-mydlo-wystarcza\/#primaryimage","url":"https:\/\/resibo.pl\/blog\/wp-content\/uploads\/2015\/06\/11169870_1010464205651122_2506380580592092851_n.jpg","contentUrl":"https:\/\/resibo.pl\/blog\/wp-content\/uploads\/2015\/06\/11169870_1010464205651122_2506380580592092851_n.jpg","width":960,"height":640},{"@type":"BreadcrumbList","@id":"https:\/\/resibo.pl\/blog\/woda-i-mydlo-wystarcza\/#breadcrumb","itemListElement":[{"@type":"ListItem","position":1,"name":"Strona g\u0142\u00f3wna","item":"https:\/\/resibo.pl\/blog\/"},{"@type":"ListItem","position":2,"name":"Woda i myd\u0142o wystarcz\u0105?!"}]},{"@type":"WebSite","@id":"https:\/\/resibo.pl\/blog\/#website","url":"https:\/\/resibo.pl\/blog\/","name":"Kosmetyki naturalne Resibo","description":"","publisher":{"@id":"https:\/\/resibo.pl\/blog\/#organization"},"potentialAction":[{"@type":"SearchAction","target":{"@type":"EntryPoint","urlTemplate":"https:\/\/resibo.pl\/blog\/?s={search_term_string}"},"query-input":{"@type":"PropertyValueSpecification","valueRequired":true,"valueName":"search_term_string"}}],"inLanguage":"pl-PL"},{"@type":"Organization","@id":"https:\/\/resibo.pl\/blog\/#organization","name":"Resibo","url":"https:\/\/resibo.pl\/blog\/","logo":{"@type":"ImageObject","inLanguage":"pl-PL","@id":"https:\/\/resibo.pl\/blog\/#\/schema\/logo\/image\/","url":"https:\/\/resibo.pl\/blog\/wp-content\/uploads\/2022\/02\/cropped-logo.png","contentUrl":"https:\/\/resibo.pl\/blog\/wp-content\/uploads\/2022\/02\/cropped-logo.png","width":274,"height":109,"caption":"Resibo"},"image":{"@id":"https:\/\/resibo.pl\/blog\/#\/schema\/logo\/image\/"},"sameAs":["http:\/\/facebook.com\/resiboPL","http:\/\/instagram.com\/resibobynature"]},{"@type":"Person","@id":"https:\/\/resibo.pl\/blog\/#\/schema\/person\/b83ed5dbb3219da851fb49ab9f7df4dc","name":"Magda","image":{"@type":"ImageObject","inLanguage":"pl-PL","@id":"https:\/\/secure.gravatar.com\/avatar\/0dfb5ced8ae1e08e5ccb725b615759b70c0470361d1df994cce404b851bfb639?s=96&d=mm&r=g","url":"https:\/\/secure.gravatar.com\/avatar\/0dfb5ced8ae1e08e5ccb725b615759b70c0470361d1df994cce404b851bfb639?s=96&d=mm&r=g","contentUrl":"https:\/\/secure.gravatar.com\/avatar\/0dfb5ced8ae1e08e5ccb725b615759b70c0470361d1df994cce404b851bfb639?s=96&d=mm&r=g","caption":"Magda"},"description":"Magdalena Matyga-Kruk, ekspert ds. kosmetologii Kosmetologia i wszystko, co zwi\u0105zane z piel\u0119gnacj\u0105 sk\u00f3ry, to moja pasja. \u017beby nie musie\u0107 nigdy pracowa\u0107, z tej pasji uczyni\u0142am\u2026 prac\u0119. Od ponad pi\u0119ciu lat prowadz\u0119 salon kosmetyczny Magda M w \u015awidnicy, kt\u00f3remu po\u015bwi\u0119cam wi\u0119kszo\u015b\u0107 swojego czasu. Ci\u0105gle poszerzam swoj\u0105 wiedz\u0119, a zadowolenie moich coraz liczniejszych klient\u00f3w to najlepsza zap\u0142ata, bo jestem kosmetyczk\u0105 z wykszta\u0142cenia, ale przede wszystkim z zami\u0142owania.","url":"https:\/\/resibo.pl\/blog\/author\/magda\/"}]}},"_links":{"self":[{"href":"https:\/\/resibo.pl\/blog\/wp-json\/wp\/v2\/posts\/5406","targetHints":{"allow":["GET"]}}],"collection":[{"href":"https:\/\/resibo.pl\/blog\/wp-json\/wp\/v2\/posts"}],"about":[{"href":"https:\/\/resibo.pl\/blog\/wp-json\/wp\/v2\/types\/post"}],"author":[{"embeddable":true,"href":"https:\/\/resibo.pl\/blog\/wp-json\/wp\/v2\/users\/8"}],"replies":[{"embeddable":true,"href":"https:\/\/resibo.pl\/blog\/wp-json\/wp\/v2\/comments?post=5406"}],"version-history":[{"count":0,"href":"https:\/\/resibo.pl\/blog\/wp-json\/wp\/v2\/posts\/5406\/revisions"}],"wp:featuredmedia":[{"embeddable":true,"href":"https:\/\/resibo.pl\/blog\/wp-json\/wp\/v2\/media\/5408"}],"wp:attachment":[{"href":"https:\/\/resibo.pl\/blog\/wp-json\/wp\/v2\/media?parent=5406"}],"wp:term":[{"taxonomy":"category","embeddable":true,"href":"https:\/\/resibo.pl\/blog\/wp-json\/wp\/v2\/categories?post=5406"},{"taxonomy":"post_tag","embeddable":true,"href":"https:\/\/resibo.pl\/blog\/wp-json\/wp\/v2\/tags?post=5406"}],"curies":[{"name":"wp","href":"https:\/\/api.w.org\/{rel}","templated":true}]}}