{"id":5665,"date":"2015-08-27T17:11:00","date_gmt":"2015-08-27T15:11:00","guid":{"rendered":"https:\/\/resibo.pl\/blog\/?p=5665"},"modified":"2015-08-27T17:11:00","modified_gmt":"2015-08-27T15:11:00","slug":"to-bee-or-not-to-be","status":"publish","type":"post","link":"https:\/\/resibo.pl\/blog\/to-bee-or-not-to-be\/","title":{"rendered":"To bee or not to be? :)"},"content":{"rendered":"<div class=\"vgblk-rw-wrapper limit-wrapper\">\n<p style=\"text-align: justify;\">Jestem fank\u0105 miodu. S\u0142odz\u0119 miodem.&nbsp;Dolewam go do r\u00f3\u017cnych da\u0144 i napoj\u00f3w. Lecz\u0119 si\u0119 miodem. Wygl\u0105du Kubusia&nbsp;Puchatka, co prawda, nie mam. A i rozumek te\u017c chyba ciut wi\u0119kszy u mnie. Ale miodek lubi\u0119, oj, lubi\u0119 \ud83d\ude42 Nami\u0119tnie \u015bledz\u0119 te\u017c wi\u0119c doniesienia&nbsp;na temat zwi\u0105zku przysz\u0142o\u015bci ludzko\u015bci z przysz\u0142o\u015bci\u0105 pszcz\u00f3\u0142. Czy naprawd\u0119, jak powiedzia\u0142 Albert Einstein, &#8222;je\u015bli wygin\u0105 pszczo\u0142y, cz\u0142owiekowi zostan\u0105 cztery lata istnienia&#8221;?&#8230;<\/p>\n<p style=\"text-align: justify;\">Pszczo\u0142y to jedyne zwierz\u0119ta, o kt\u00f3rych m\u00f3wi si\u0119, \u017ce umieraj\u0105, a nie zdychaj\u0105. Jeszcze nie dokopa\u0142am si\u0119 do sensownej informacji, dlaczego tak jest, ale tak nakazuje tradycja. Ja&nbsp;t\u0142umacz\u0119&nbsp;to sobie silnym zwi\u0105zkiem cz\u0142owieka z pszczo\u0142ami jako producentkami r\u00f3\u017cnego rodzaju produkt\u00f3w przydatnych w naszym \u017cyciu, ale przede wszystkim &#8211;&nbsp;silnym wp\u0142ywem pszcz\u00f3\u0142 na \u015brodowisko, w kt\u00f3rym \u017cyjemy.<\/p>\n<p style=\"text-align: justify;\"><a href=\"https:\/\/resibo.pl\/blog\/wp-content\/uploads\/2015\/08\/queen-cup-337695_1280.jpg\"><img fetchpriority=\"high\" decoding=\"async\" width=\"800\" height=\"534\" class=\"aligncenter size-full wp-image-5667\" src=\"https:\/\/resibo.pl\/blog\/wp-content\/uploads\/2015\/08\/queen-cup-337695_1280.jpg\" alt=\"queen-cup-337695_1280\" srcset=\"https:\/\/resibo.pl\/blog\/wp-content\/uploads\/2015\/08\/queen-cup-337695_1280.jpg 800w, https:\/\/resibo.pl\/blog\/wp-content\/uploads\/2015\/08\/queen-cup-337695_1280-315x210.jpg 315w, https:\/\/resibo.pl\/blog\/wp-content\/uploads\/2015\/08\/queen-cup-337695_1280-630x421.jpg 630w, https:\/\/resibo.pl\/blog\/wp-content\/uploads\/2015\/08\/queen-cup-337695_1280-300x200.jpg 300w\" sizes=\"(max-width: 800px) 100vw, 800px\" \/><\/a><\/p>\n<p style=\"text-align: justify;\">Ten wp\u0142yw jest tak ogromny, \u017ce masowe gini\u0119cie pszcz\u00f3\u0142, a w samej tylko Polsce co sekund\u0119 umiera ich 105, ma katastrofalny wp\u0142yw na ekosystem. Bo te owady to nie tylko &#8222;producenci&#8221; miodu, wosku itd., ale tak\u017ce &#8211; w przypadku&nbsp;naszej strefy klimatycznej &#8211; solidne wsparcie produkcji ro\u015blinnej. Dzi\u0119ki zapylaniu ro\u015blin, pszczo\u0142y&nbsp;&#8222;odpowiadaj\u0105&#8221; za 78% \u017cywno\u015bci, kt\u00f3r\u0105 produkuj\u0105 rolnicy!<\/p>\n<blockquote><p>Je\u015bli wi\u0119c wygin\u0119\u0142yby,&nbsp;poci\u0105gn\u0119\u0142oby to za sob\u0105 powa\u017cne zachwianie ekosystemu, ogromne straty ekonomiczne, a przede wszystkim &#8211; zagro\u017cenie dla produkcji \u017cywno\u015bci.<\/p><\/blockquote>\n<p style=\"text-align: justify;\">Najsmutniejsze jest to, \u017ce&nbsp;my &#8211; ludzie &#8211; nie tylko nie potrafimy si\u0119 pszczo\u0142om (dotyczy to r\u00f3wnie\u017c innych owad\u00f3w pszczo\u0142owatych) odwdzi\u0119czy\u0107 za to, co robi\u0105 dla naszego \u015brodowiska, nie tylko nie potrafimy&nbsp;zadba\u0107 o to, aby pszczo\u0142y mia\u0142y odpowiednie warunki do rozwoju, ale te\u017c&#8230; to w\u0142a\u015bnie my jeste\u015bmy sprawc\u0105 tego, \u017ce&nbsp;gin\u0105. Stosowanie w produkcji rolnej chemikali\u00f3w&nbsp;jako nawoz\u00f3w czy \u015brodk\u00f3w ochrony ro\u015blin, zw\u0142aszcza w okresie ich kwitnienia, jest dla pszcz\u00f3\u0142 po prostu&nbsp;zab\u00f3jcze.<\/p>\n<p style=\"text-align: justify;\"><a href=\"https:\/\/resibo.pl\/blog\/wp-content\/uploads\/2015\/08\/bee-807018_1280.jpg\"><img decoding=\"async\" width=\"800\" height=\"522\" class=\"aligncenter size-full wp-image-5668\" src=\"https:\/\/resibo.pl\/blog\/wp-content\/uploads\/2015\/08\/bee-807018_1280.jpg\" alt=\"bee-807018_1280\" srcset=\"https:\/\/resibo.pl\/blog\/wp-content\/uploads\/2015\/08\/bee-807018_1280.jpg 800w, https:\/\/resibo.pl\/blog\/wp-content\/uploads\/2015\/08\/bee-807018_1280-315x206.jpg 315w, https:\/\/resibo.pl\/blog\/wp-content\/uploads\/2015\/08\/bee-807018_1280-630x411.jpg 630w, https:\/\/resibo.pl\/blog\/wp-content\/uploads\/2015\/08\/bee-807018_1280-300x196.jpg 300w\" sizes=\"(max-width: 800px) 100vw, 800px\" \/><\/a><\/p>\n<p style=\"text-align: justify;\">Dlatego ju\u017c nie tylko ekolodzy, ale te\u017c producenci rolni i \u015brodowiska gospodarcze&nbsp;bij\u0105 na alarm. Coraz cz\u0119\u015bciej mo\u017cna przeczyta\u0107 apele, by stosowa\u0107 wy\u0142\u0105cznie naturalne \u015brodki ochrony ro\u015blin i nawozy. Coraz&nbsp;wi\u0119cej te\u017c os\u00f3b&nbsp;apeluje o to, by w przydomowych ogr\u00f3dkach, na dzia\u0142kach i w sadach tworzy\u0107 warunki przyjazne dla pszcz\u00f3\u0142, tworz\u0105c w nich naturalne schronienia, takie jak kawa\u0142ek drewna czy wywieszone w ciep\u0142ym miejscu wi\u0105zanki suchych trzcin i pustych \u0142odyg, a tak\u017ce&nbsp;sadz\u0105c rodzime, miododajne&nbsp;ro\u015bliny kwiatowe, kt\u00f3rych jest ca\u0142e mn\u00f3stwo.&nbsp;Nie zapominajmy,&nbsp;\u017ce pszczo\u0142y \u017cywi\u0105 si\u0119 nektarem i py\u0142kiem kwiatowym. I&nbsp;pami\u0119tajmy, jak wiele im zawdzi\u0119czamy.<\/p>\n<blockquote><p>A przy tym s\u0105 to zwierz\u0119ta niezwykle fascynuj\u0105ce &#8211; tworz\u0105 spo\u0142eczno\u015b\u0107, maj\u0105 kr\u00f3low\u0105, a nawet&#8230; potrafi\u0105 decydowa\u0107 o p\u0142ci swoich m\u0142odych!<\/p><\/blockquote>\n<p style=\"text-align: justify;\">\u015awiadomo\u015b\u0107 ekologiczna spo\u0142ecze\u0144stwa,&nbsp;na szcz\u0119\u015bcie, powoli wzrasta,&nbsp;wi\u0119c mam nadziej\u0119, \u017ce&nbsp;nie czeka nas pszczeli exodus na tamten \u015bwiat, a za nim &#8211; ludzka apokalipsa. Bo gdyby tak si\u0119 sta\u0142o, to ja bez miodku&#8230; nawet i czterech lat nie wytrzymam. A wi\u0119c &#8211; kochani &#8211; pami\u0119tajcie o ogrodach, ale w nich&#8230; szczeg\u00f3lnie o pszczo\u0142ach.<\/p>\n<\/div>\n<p><!-- .vgblk-rw-wrapper --><\/p>\n","protected":false},"excerpt":{"rendered":"<p>Jestem fank\u0105 miodu. S\u0142odz\u0119 miodem.&nbsp;Dolewam go do r\u00f3\u017cnych da\u0144 i napoj\u00f3w. Lecz\u0119 si\u0119 miodem. Wygl\u0105du Kubusia&nbsp;Puchatka, co prawda, nie mam. A i rozumek te\u017c chyba ciut wi\u0119kszy u mnie. Ale miodek lubi\u0119, oj, lubi\u0119 \ud83d\ude42 Nami\u0119tnie \u015bledz\u0119 te\u017c wi\u0119c doniesienia&nbsp;na temat zwi\u0105zku przysz\u0142o\u015bci ludzko\u015bci z przysz\u0142o\u015bci\u0105 pszcz\u00f3\u0142. Czy naprawd\u0119, jak powiedzia\u0142 Albert Einstein, &#8222;je\u015bli wygin\u0105&#8230;<\/p>\n","protected":false},"author":6,"featured_media":5666,"comment_status":"open","ping_status":"open","sticky":false,"template":"","format":"standard","meta":{"footnotes":""},"categories":[37],"tags":[],"class_list":["post-5665","post","type-post","status-publish","format-standard","has-post-thumbnail","hentry","category-anita-o-ekologii"],"yoast_head":"<!-- This site is optimized with the Yoast SEO plugin v27.5 - https:\/\/yoast.com\/product\/yoast-seo-wordpress\/ -->\n<title>To bee or not to be? :) - Kosmetyki naturalne Resibo<\/title>\n<meta name=\"robots\" content=\"index, follow, max-snippet:-1, max-image-preview:large, max-video-preview:-1\" \/>\n<link rel=\"canonical\" href=\"https:\/\/resibo.pl\/blog\/to-bee-or-not-to-be\/\" \/>\n<meta property=\"og:locale\" content=\"pl_PL\" \/>\n<meta property=\"og:type\" content=\"article\" \/>\n<meta property=\"og:title\" content=\"To bee or not to be? :) - Kosmetyki naturalne Resibo\" \/>\n<meta property=\"og:description\" content=\"Jestem fank\u0105 miodu. S\u0142odz\u0119 miodem.&nbsp;Dolewam go do r\u00f3\u017cnych da\u0144 i napoj\u00f3w. Lecz\u0119 si\u0119 miodem. Wygl\u0105du Kubusia&nbsp;Puchatka, co prawda, nie mam. A i rozumek te\u017c chyba ciut wi\u0119kszy u mnie. Ale miodek lubi\u0119, oj, lubi\u0119 \ud83d\ude42 Nami\u0119tnie \u015bledz\u0119 te\u017c wi\u0119c doniesienia&nbsp;na temat zwi\u0105zku przysz\u0142o\u015bci ludzko\u015bci z przysz\u0142o\u015bci\u0105 pszcz\u00f3\u0142. Czy naprawd\u0119, jak powiedzia\u0142 Albert Einstein, &#8222;je\u015bli wygin\u0105...\" \/>\n<meta property=\"og:url\" content=\"https:\/\/resibo.pl\/blog\/to-bee-or-not-to-be\/\" \/>\n<meta property=\"og:site_name\" content=\"Kosmetyki naturalne Resibo\" \/>\n<meta property=\"article:publisher\" content=\"http:\/\/facebook.com\/resiboPL\" \/>\n<meta property=\"article:published_time\" content=\"2015-08-27T15:11:00+00:00\" \/>\n<meta property=\"og:image\" content=\"https:\/\/resibo.pl\/blog\/wp-content\/uploads\/2015\/08\/queen-cup-337695_1280.jpg\" \/>\n<meta name=\"author\" content=\"Anita\" \/>\n<meta name=\"twitter:label1\" content=\"Napisane przez\" \/>\n\t<meta name=\"twitter:data1\" content=\"Anita\" \/>\n\t<meta name=\"twitter:label2\" content=\"Szacowany czas czytania\" \/>\n\t<meta name=\"twitter:data2\" content=\"3 minuty\" \/>\n<script type=\"application\/ld+json\" class=\"yoast-schema-graph\">{\"@context\":\"https:\\\/\\\/schema.org\",\"@graph\":[{\"@type\":\"Article\",\"@id\":\"https:\\\/\\\/resibo.pl\\\/blog\\\/to-bee-or-not-to-be\\\/#article\",\"isPartOf\":{\"@id\":\"https:\\\/\\\/resibo.pl\\\/blog\\\/to-bee-or-not-to-be\\\/\"},\"author\":{\"name\":\"Anita\",\"@id\":\"https:\\\/\\\/resibo.pl\\\/blog\\\/#\\\/schema\\\/person\\\/ef9013c96e1204d78b18c2243ed265a9\"},\"headline\":\"To bee or not to be? :)\",\"datePublished\":\"2015-08-27T15:11:00+00:00\",\"mainEntityOfPage\":{\"@id\":\"https:\\\/\\\/resibo.pl\\\/blog\\\/to-bee-or-not-to-be\\\/\"},\"wordCount\":574,\"commentCount\":0,\"publisher\":{\"@id\":\"https:\\\/\\\/resibo.pl\\\/blog\\\/#organization\"},\"image\":{\"@id\":\"https:\\\/\\\/resibo.pl\\\/blog\\\/to-bee-or-not-to-be\\\/#primaryimage\"},\"thumbnailUrl\":\"https:\\\/\\\/resibo.pl\\\/blog\\\/wp-content\\\/uploads\\\/2015\\\/08\\\/bee-515023_1280.jpg\",\"articleSection\":[\"O ekologii\"],\"inLanguage\":\"pl-PL\",\"potentialAction\":[{\"@type\":\"CommentAction\",\"name\":\"Comment\",\"target\":[\"https:\\\/\\\/resibo.pl\\\/blog\\\/to-bee-or-not-to-be\\\/#respond\"]}]},{\"@type\":\"WebPage\",\"@id\":\"https:\\\/\\\/resibo.pl\\\/blog\\\/to-bee-or-not-to-be\\\/\",\"url\":\"https:\\\/\\\/resibo.pl\\\/blog\\\/to-bee-or-not-to-be\\\/\",\"name\":\"To bee or not to be? :) - Kosmetyki naturalne Resibo\",\"isPartOf\":{\"@id\":\"https:\\\/\\\/resibo.pl\\\/blog\\\/#website\"},\"primaryImageOfPage\":{\"@id\":\"https:\\\/\\\/resibo.pl\\\/blog\\\/to-bee-or-not-to-be\\\/#primaryimage\"},\"image\":{\"@id\":\"https:\\\/\\\/resibo.pl\\\/blog\\\/to-bee-or-not-to-be\\\/#primaryimage\"},\"thumbnailUrl\":\"https:\\\/\\\/resibo.pl\\\/blog\\\/wp-content\\\/uploads\\\/2015\\\/08\\\/bee-515023_1280.jpg\",\"datePublished\":\"2015-08-27T15:11:00+00:00\",\"breadcrumb\":{\"@id\":\"https:\\\/\\\/resibo.pl\\\/blog\\\/to-bee-or-not-to-be\\\/#breadcrumb\"},\"inLanguage\":\"pl-PL\",\"potentialAction\":[{\"@type\":\"ReadAction\",\"target\":[\"https:\\\/\\\/resibo.pl\\\/blog\\\/to-bee-or-not-to-be\\\/\"]}]},{\"@type\":\"ImageObject\",\"inLanguage\":\"pl-PL\",\"@id\":\"https:\\\/\\\/resibo.pl\\\/blog\\\/to-bee-or-not-to-be\\\/#primaryimage\",\"url\":\"https:\\\/\\\/resibo.pl\\\/blog\\\/wp-content\\\/uploads\\\/2015\\\/08\\\/bee-515023_1280.jpg\",\"contentUrl\":\"https:\\\/\\\/resibo.pl\\\/blog\\\/wp-content\\\/uploads\\\/2015\\\/08\\\/bee-515023_1280.jpg\",\"width\":800,\"height\":553},{\"@type\":\"BreadcrumbList\",\"@id\":\"https:\\\/\\\/resibo.pl\\\/blog\\\/to-bee-or-not-to-be\\\/#breadcrumb\",\"itemListElement\":[{\"@type\":\"ListItem\",\"position\":1,\"name\":\"Strona g\u0142\u00f3wna\",\"item\":\"https:\\\/\\\/resibo.pl\\\/blog\\\/\"},{\"@type\":\"ListItem\",\"position\":2,\"name\":\"To bee or not to be? :)\"}]},{\"@type\":\"WebSite\",\"@id\":\"https:\\\/\\\/resibo.pl\\\/blog\\\/#website\",\"url\":\"https:\\\/\\\/resibo.pl\\\/blog\\\/\",\"name\":\"Kosmetyki naturalne Resibo\",\"description\":\"\",\"publisher\":{\"@id\":\"https:\\\/\\\/resibo.pl\\\/blog\\\/#organization\"},\"potentialAction\":[{\"@type\":\"SearchAction\",\"target\":{\"@type\":\"EntryPoint\",\"urlTemplate\":\"https:\\\/\\\/resibo.pl\\\/blog\\\/?s={search_term_string}\"},\"query-input\":{\"@type\":\"PropertyValueSpecification\",\"valueRequired\":true,\"valueName\":\"search_term_string\"}}],\"inLanguage\":\"pl-PL\"},{\"@type\":\"Organization\",\"@id\":\"https:\\\/\\\/resibo.pl\\\/blog\\\/#organization\",\"name\":\"Resibo\",\"url\":\"https:\\\/\\\/resibo.pl\\\/blog\\\/\",\"logo\":{\"@type\":\"ImageObject\",\"inLanguage\":\"pl-PL\",\"@id\":\"https:\\\/\\\/resibo.pl\\\/blog\\\/#\\\/schema\\\/logo\\\/image\\\/\",\"url\":\"https:\\\/\\\/resibo.pl\\\/blog\\\/wp-content\\\/uploads\\\/2022\\\/02\\\/cropped-logo.png\",\"contentUrl\":\"https:\\\/\\\/resibo.pl\\\/blog\\\/wp-content\\\/uploads\\\/2022\\\/02\\\/cropped-logo.png\",\"width\":274,\"height\":109,\"caption\":\"Resibo\"},\"image\":{\"@id\":\"https:\\\/\\\/resibo.pl\\\/blog\\\/#\\\/schema\\\/logo\\\/image\\\/\"},\"sameAs\":[\"http:\\\/\\\/facebook.com\\\/resiboPL\",\"http:\\\/\\\/instagram.com\\\/resibobynature\"]},{\"@type\":\"Person\",\"@id\":\"https:\\\/\\\/resibo.pl\\\/blog\\\/#\\\/schema\\\/person\\\/ef9013c96e1204d78b18c2243ed265a9\",\"name\":\"Anita\",\"image\":{\"@type\":\"ImageObject\",\"inLanguage\":\"pl-PL\",\"@id\":\"https:\\\/\\\/secure.gravatar.com\\\/avatar\\\/c16c3ee787d7dac06be3101e60d7b357f40d4375278b4f1760aa8fb3114c1f93?s=96&d=mm&r=g\",\"url\":\"https:\\\/\\\/secure.gravatar.com\\\/avatar\\\/c16c3ee787d7dac06be3101e60d7b357f40d4375278b4f1760aa8fb3114c1f93?s=96&d=mm&r=g\",\"contentUrl\":\"https:\\\/\\\/secure.gravatar.com\\\/avatar\\\/c16c3ee787d7dac06be3101e60d7b357f40d4375278b4f1760aa8fb3114c1f93?s=96&d=mm&r=g\",\"caption\":\"Anita\"},\"description\":\"Anita Odachowska Zakochana w Resibo i naturalnej piel\u0119gnacji, ciekawa \u015bwiata, szanuj\u0105ca przyrod\u0119 i doceniaj\u0105ca si\u0142\u0119 ro\u015blinnych sk\u0142adnik\u00f3w, w ci\u0105g\u0142ym d\u0105\u017ceniu do co najmniej less waste.\",\"url\":\"https:\\\/\\\/resibo.pl\\\/blog\\\/author\\\/anita\\\/\"}]}<\/script>\n<!-- \/ Yoast SEO plugin. -->","yoast_head_json":{"title":"To bee or not to be? :) - Kosmetyki naturalne Resibo","robots":{"index":"index","follow":"follow","max-snippet":"max-snippet:-1","max-image-preview":"max-image-preview:large","max-video-preview":"max-video-preview:-1"},"canonical":"https:\/\/resibo.pl\/blog\/to-bee-or-not-to-be\/","og_locale":"pl_PL","og_type":"article","og_title":"To bee or not to be? :) - Kosmetyki naturalne Resibo","og_description":"Jestem fank\u0105 miodu. S\u0142odz\u0119 miodem.&nbsp;Dolewam go do r\u00f3\u017cnych da\u0144 i napoj\u00f3w. Lecz\u0119 si\u0119 miodem. Wygl\u0105du Kubusia&nbsp;Puchatka, co prawda, nie mam. A i rozumek te\u017c chyba ciut wi\u0119kszy u mnie. Ale miodek lubi\u0119, oj, lubi\u0119 \ud83d\ude42 Nami\u0119tnie \u015bledz\u0119 te\u017c wi\u0119c doniesienia&nbsp;na temat zwi\u0105zku przysz\u0142o\u015bci ludzko\u015bci z przysz\u0142o\u015bci\u0105 pszcz\u00f3\u0142. Czy naprawd\u0119, jak powiedzia\u0142 Albert Einstein, &#8222;je\u015bli wygin\u0105...","og_url":"https:\/\/resibo.pl\/blog\/to-bee-or-not-to-be\/","og_site_name":"Kosmetyki naturalne Resibo","article_publisher":"http:\/\/facebook.com\/resiboPL","article_published_time":"2015-08-27T15:11:00+00:00","og_image":[{"url":"https:\/\/resibo.pl\/blog\/wp-content\/uploads\/2015\/08\/queen-cup-337695_1280.jpg","type":"","width":"","height":""}],"author":"Anita","twitter_misc":{"Napisane przez":"Anita","Szacowany czas czytania":"3 minuty"},"schema":{"@context":"https:\/\/schema.org","@graph":[{"@type":"Article","@id":"https:\/\/resibo.pl\/blog\/to-bee-or-not-to-be\/#article","isPartOf":{"@id":"https:\/\/resibo.pl\/blog\/to-bee-or-not-to-be\/"},"author":{"name":"Anita","@id":"https:\/\/resibo.pl\/blog\/#\/schema\/person\/ef9013c96e1204d78b18c2243ed265a9"},"headline":"To bee or not to be? :)","datePublished":"2015-08-27T15:11:00+00:00","mainEntityOfPage":{"@id":"https:\/\/resibo.pl\/blog\/to-bee-or-not-to-be\/"},"wordCount":574,"commentCount":0,"publisher":{"@id":"https:\/\/resibo.pl\/blog\/#organization"},"image":{"@id":"https:\/\/resibo.pl\/blog\/to-bee-or-not-to-be\/#primaryimage"},"thumbnailUrl":"https:\/\/resibo.pl\/blog\/wp-content\/uploads\/2015\/08\/bee-515023_1280.jpg","articleSection":["O ekologii"],"inLanguage":"pl-PL","potentialAction":[{"@type":"CommentAction","name":"Comment","target":["https:\/\/resibo.pl\/blog\/to-bee-or-not-to-be\/#respond"]}]},{"@type":"WebPage","@id":"https:\/\/resibo.pl\/blog\/to-bee-or-not-to-be\/","url":"https:\/\/resibo.pl\/blog\/to-bee-or-not-to-be\/","name":"To bee or not to be? :) - Kosmetyki naturalne Resibo","isPartOf":{"@id":"https:\/\/resibo.pl\/blog\/#website"},"primaryImageOfPage":{"@id":"https:\/\/resibo.pl\/blog\/to-bee-or-not-to-be\/#primaryimage"},"image":{"@id":"https:\/\/resibo.pl\/blog\/to-bee-or-not-to-be\/#primaryimage"},"thumbnailUrl":"https:\/\/resibo.pl\/blog\/wp-content\/uploads\/2015\/08\/bee-515023_1280.jpg","datePublished":"2015-08-27T15:11:00+00:00","breadcrumb":{"@id":"https:\/\/resibo.pl\/blog\/to-bee-or-not-to-be\/#breadcrumb"},"inLanguage":"pl-PL","potentialAction":[{"@type":"ReadAction","target":["https:\/\/resibo.pl\/blog\/to-bee-or-not-to-be\/"]}]},{"@type":"ImageObject","inLanguage":"pl-PL","@id":"https:\/\/resibo.pl\/blog\/to-bee-or-not-to-be\/#primaryimage","url":"https:\/\/resibo.pl\/blog\/wp-content\/uploads\/2015\/08\/bee-515023_1280.jpg","contentUrl":"https:\/\/resibo.pl\/blog\/wp-content\/uploads\/2015\/08\/bee-515023_1280.jpg","width":800,"height":553},{"@type":"BreadcrumbList","@id":"https:\/\/resibo.pl\/blog\/to-bee-or-not-to-be\/#breadcrumb","itemListElement":[{"@type":"ListItem","position":1,"name":"Strona g\u0142\u00f3wna","item":"https:\/\/resibo.pl\/blog\/"},{"@type":"ListItem","position":2,"name":"To bee or not to be? :)"}]},{"@type":"WebSite","@id":"https:\/\/resibo.pl\/blog\/#website","url":"https:\/\/resibo.pl\/blog\/","name":"Kosmetyki naturalne Resibo","description":"","publisher":{"@id":"https:\/\/resibo.pl\/blog\/#organization"},"potentialAction":[{"@type":"SearchAction","target":{"@type":"EntryPoint","urlTemplate":"https:\/\/resibo.pl\/blog\/?s={search_term_string}"},"query-input":{"@type":"PropertyValueSpecification","valueRequired":true,"valueName":"search_term_string"}}],"inLanguage":"pl-PL"},{"@type":"Organization","@id":"https:\/\/resibo.pl\/blog\/#organization","name":"Resibo","url":"https:\/\/resibo.pl\/blog\/","logo":{"@type":"ImageObject","inLanguage":"pl-PL","@id":"https:\/\/resibo.pl\/blog\/#\/schema\/logo\/image\/","url":"https:\/\/resibo.pl\/blog\/wp-content\/uploads\/2022\/02\/cropped-logo.png","contentUrl":"https:\/\/resibo.pl\/blog\/wp-content\/uploads\/2022\/02\/cropped-logo.png","width":274,"height":109,"caption":"Resibo"},"image":{"@id":"https:\/\/resibo.pl\/blog\/#\/schema\/logo\/image\/"},"sameAs":["http:\/\/facebook.com\/resiboPL","http:\/\/instagram.com\/resibobynature"]},{"@type":"Person","@id":"https:\/\/resibo.pl\/blog\/#\/schema\/person\/ef9013c96e1204d78b18c2243ed265a9","name":"Anita","image":{"@type":"ImageObject","inLanguage":"pl-PL","@id":"https:\/\/secure.gravatar.com\/avatar\/c16c3ee787d7dac06be3101e60d7b357f40d4375278b4f1760aa8fb3114c1f93?s=96&d=mm&r=g","url":"https:\/\/secure.gravatar.com\/avatar\/c16c3ee787d7dac06be3101e60d7b357f40d4375278b4f1760aa8fb3114c1f93?s=96&d=mm&r=g","contentUrl":"https:\/\/secure.gravatar.com\/avatar\/c16c3ee787d7dac06be3101e60d7b357f40d4375278b4f1760aa8fb3114c1f93?s=96&d=mm&r=g","caption":"Anita"},"description":"Anita Odachowska Zakochana w Resibo i naturalnej piel\u0119gnacji, ciekawa \u015bwiata, szanuj\u0105ca przyrod\u0119 i doceniaj\u0105ca si\u0142\u0119 ro\u015blinnych sk\u0142adnik\u00f3w, w ci\u0105g\u0142ym d\u0105\u017ceniu do co najmniej less waste.","url":"https:\/\/resibo.pl\/blog\/author\/anita\/"}]}},"_links":{"self":[{"href":"https:\/\/resibo.pl\/blog\/wp-json\/wp\/v2\/posts\/5665","targetHints":{"allow":["GET"]}}],"collection":[{"href":"https:\/\/resibo.pl\/blog\/wp-json\/wp\/v2\/posts"}],"about":[{"href":"https:\/\/resibo.pl\/blog\/wp-json\/wp\/v2\/types\/post"}],"author":[{"embeddable":true,"href":"https:\/\/resibo.pl\/blog\/wp-json\/wp\/v2\/users\/6"}],"replies":[{"embeddable":true,"href":"https:\/\/resibo.pl\/blog\/wp-json\/wp\/v2\/comments?post=5665"}],"version-history":[{"count":0,"href":"https:\/\/resibo.pl\/blog\/wp-json\/wp\/v2\/posts\/5665\/revisions"}],"wp:featuredmedia":[{"embeddable":true,"href":"https:\/\/resibo.pl\/blog\/wp-json\/wp\/v2\/media\/5666"}],"wp:attachment":[{"href":"https:\/\/resibo.pl\/blog\/wp-json\/wp\/v2\/media?parent=5665"}],"wp:term":[{"taxonomy":"category","embeddable":true,"href":"https:\/\/resibo.pl\/blog\/wp-json\/wp\/v2\/categories?post=5665"},{"taxonomy":"post_tag","embeddable":true,"href":"https:\/\/resibo.pl\/blog\/wp-json\/wp\/v2\/tags?post=5665"}],"curies":[{"name":"wp","href":"https:\/\/api.w.org\/{rel}","templated":true}]}}