{"id":5972,"date":"2015-12-10T20:32:39","date_gmt":"2015-12-10T19:32:39","guid":{"rendered":"https:\/\/resibo.pl\/blog\/?p=5972"},"modified":"2015-12-10T20:32:39","modified_gmt":"2015-12-10T19:32:39","slug":"eko-swieta-czy-to-mozliwe-cz-2","status":"publish","type":"post","link":"https:\/\/resibo.pl\/blog\/eko-swieta-czy-to-mozliwe-cz-2\/","title":{"rendered":"Eko \u015bwi\u0119ta &#8211; czy to mo\u017cliwe? (cz. 2)"},"content":{"rendered":"<div class=\"vgblk-rw-wrapper limit-wrapper\">\n<p style=\"text-align: justify;\">Coraz bli\u017cej \u015bwi\u0119ta, co-raz bli-\u017cej \u015bwi\u0119-ta&#8230; Czy d\u017awi\u0119ki ze s\u0142ynnej reklamy jednego z niezbyt zdrowych napoj\u00f3w\u00a0bezalkoholowych ju\u017c brzmi\u0105 w Waszych uszach? No to czas na dalsze przygotowania. Poprzednim razem wsp\u00f3lnie wybierali\u015bmy choink\u0119. Teraz zastanowimy si\u0119, co powinno wjecha\u0107 na eko-st\u00f3\u0142 \ud83d\ude09<\/p>\n<p style=\"text-align: justify;\">Skupi\u0119 si\u0119 na kolacji wigilijnej, bo dla mnie, fanki chyba wi\u0119kszo\u015bci potraw przygotowywanych zwyczajowo na ten szczeg\u00f3lny wiecz\u00f3r,\u00a0to co stawiam wtedy na stole, ma szczeg\u00f3lne znaczenie. Dlatego\u00a0nawet kupuj\u0105c produkty do ich przygotowania,\u00a0szukam produkt\u00f3w z hodowli i upraw ekologicznych, ma\u0142ych sklepik\u00f3w warzywnych, dzia\u0142kowc\u00f3w itp. itd. Mam np. taki jeden sklepik, do kt\u00f3rego chodz\u0119 w\u0142a\u015bciwie tylko wtedy, kiedy chc\u0119 kupi\u0107 kiszon\u0105 kapust\u0119, zdrow\u0105 i pyszn\u0105, tak\u0105, jakiej nie znalaz\u0142am do tej pory nigdzie indziej.<\/p>\n<blockquote><p>I cho\u0107 inne warzywniaki mam bli\u017cej, to kapust\u0119 kupuj\u0119 w\u0142a\u015bnie tam.\u00a0I jest taka&#8230; \u017ce po prostu zjadam sporo jeszcze bez obr\u00f3bki \ud83d\ude09<\/p><\/blockquote>\n<p style=\"text-align: justify;\">Skoro kapusta, to i grzyby &#8211;\u00a0najlepiej mie\u0107 w\u0142asne, samodzielnie zebrane i ususzone. Ale ten rok nie by\u0142 zbyt obfity dla grzybiarzy, a i ja nie mia\u0142am na to czasu. Jakie\u015b\u00a0dwa miesi\u0105ce temu natkn\u0119\u0142am si\u0119 na przecudne, zdrowe i bardzo dorodne borowiki\u00a0z hodowli. Nie by\u0142am pewna ich jako\u015bci (poza wygl\u0105dem tak uwodzicielskim jak m\u0142oda dziewczyna wiosn\u0105), ale zrobi\u0142am z nich sos, kt\u00f3ry by\u0142 przepyszny i niczym si\u0119 nie r\u00f3\u017cni\u0142 od sosu z prawdziwk\u00f3w\u00a0zebranych w lesie.\u00a0Potem poczyta\u0142am jeszcze na ten temat i wiem, \u017ce warto, \u017ce zdrowo i \u017ce mog\u0142am w sumie kupi\u0107 ich wi\u0119cej, \u017ceby zasuszy\u0107. Nie kupi\u0142am, wi\u0119c musz\u0119 poszuka\u0107 dobrych, w miar\u0119 ca\u0142ych (a nie totalnie po\u0142amanych) ju\u017c ususzonych grzyb\u00f3w u znajomych, kt\u00f3rzy maj\u0105 wi\u0119ksze zapasy, lub w sprawdzonym sklepie &#8211;<\/p>\n<blockquote><p>bro\u0144 Bo\u017ce, nie kupujcie ich w hipermarketach! Kto wie, ile kurzu i chemii wch\u0142on\u0119\u0142y,\u00a0zanim zosta\u0142y zapakowane do woreczk\u00f3w. Mo\u017cna te\u017c poszuka\u0107, ju\u017c konkretnie eko-grzyb\u00f3w, w Internecie.<\/p><\/blockquote>\n<p style=\"text-align: justify;\">A jak ju\u017c jest\u00a0kapusta i grzyby, to potrzebne nam m\u0105ka oraz olej.\u00a0Uszka czy pierogi te\u017c powinny by\u0107 eko. Ale tu ze znalezieniem odpowiedniej eko-m\u0105ki czy eko-oleju nie powinno by\u0107 wi\u0119kszych trudno\u015bci. Podobnie z jajkami do ciasta pierogowego, bo\u00a0bez problemu mo\u017cna kupi\u0107 w dobrych supermarketach jajka od kur z wolnego wybiegu,\u00a0czyli tych szcz\u0119\u015bliwych \ud83d\ude09<\/p>\n<p style=\"text-align: justify;\">Generalnie wi\u0119kszo\u015b\u0107 sk\u0142adnik\u00f3w wigilijnych da\u0144 mo\u017cna znale\u017a\u0107 bez najmniejszego k\u0142opotu w wersji eko. Warto, bo mamy pewno\u015b\u0107, \u017ce podczas tej wyj\u0105tkowej\u00a0wieczerzy serwujemy swoim najbli\u017cszym potrawy nie tylko smaczne, ale i wolne od wszelkich zanieczyszcze\u0144 czy &#8222;z\u0142ej karmy&#8221;.<\/p>\n<p style=\"text-align: justify;\">No c\u00f3\u017c&#8230; musia\u0142am doj\u015b\u0107 do tego momentu, bo na wi\u0119kszo\u015bci polskich wigilijnych sto\u0142\u00f3w mamy przecie\u017c karpia&#8230; Od kilku ju\u017c \u0142adnych lat w mediach mo\u017cna \u015bledzi\u0107 rozmowy na temat a) humanitarnego przechowywania tej ryby, gdy jeszcze \u017cyje, b) jej humanitarnego zabijania. Wybaczcie, ale\u00a0na ten drugi temat si\u0119 nie wypowiem.\u00a0Nie zabijam, cho\u0107 jem. Nie b\u0119d\u0119 hipokrytk\u0105 i nie b\u0119d\u0119 udawa\u0107, \u017ce nie jem, bo po prostu przepadam za rybami i owocami morza. Ale co do humanitarnego przechowywania &#8211;<\/p>\n<blockquote><p>pami\u0119tajmy, \u017ce ryba na co dzie\u0144 \u017cyje w du\u017cych akwenach, wi\u0119c bardzo szybko m\u0119czy si\u0119 w wannie czy\u00a0nawet wi\u0119kszej kadzi. Dlatego im szybciej si\u0119 z ni\u0105 ostatecznie uporamy, tym lepiej dla niej.<\/p><\/blockquote>\n<p style=\"text-align: justify;\">A najlepiej&#8230; najlepiej po prostu kupi\u0107 ryb\u0119 ju\u017c martw\u0105, i to\u00a0od dostawcy, kt\u00f3ry ma wyrobion\u0105 mark\u0119, kt\u00f3ry hoduje ryby w warunkach naturalnych, dostarczaj\u0105c im tego, co najlepsze i hoduj\u0105c je wed\u0142ug wielowiekowych receptur. Po kole\u017ce\u0144sku i z do\u015bwiadczenia kuchenno-smakowego mog\u0119 poleci\u0107 Stawy Milickie &#8211; najwi\u0119kszy w Europie kompleks staw\u00f3w rybnych, po\u0142o\u017cony w rezerwacie przyrody &#8211; Dolinie Baryczy.\u00a0Karp milicki jest hodowany w spos\u00f3b humanitarny\u00a0pod nadzorem ichtiolog\u00f3w (to specjali\u015bci od ryb) w warunkach ca\u0142kowicie ekologicznych, karmiony wy\u0142\u0105cznie zbo\u017cami, w dodatku poddawany specjalnemu p\u0142ukaniu, kt\u00f3ry usuwa z ryby specyficzny posmak mu\u0142u charakterystycznego dla ryb s\u0142odkowodnych.<\/p>\n<blockquote><p>Zajrzyjcie na stron\u0119 <a href=\"http:\/\/www.ryby.stawymilickie.pl\">www.ryby.stawymilickie.pl<\/a>, a dowiecie si\u0119 wi\u0119cej i przy okazji znajdziecie \u015bwietne\u00a0przepisy autorstwa najlepszych szef\u00f3w kuchni. Warto! \ud83d\ude42<\/p><\/blockquote>\n<p style=\"text-align: justify;\">Podsumowuj\u0105c &#8211;\u00a0warzywa i owoce na wigilijn\u0105 kolacj\u0119 zalecam jak zawsze kupi\u0107 &#8222;u baby&#8221; na targu albo w innych sprawdzonych \u017ar\u00f3d\u0142ach, kt\u00f3re serwuj\u0105 nam \u017cywno\u015b\u0107 woln\u0105 od chemii. Ale co do\u00a0karpia i w og\u00f3le ryb &#8211; zdecydowanie du\u017ce, certyfikowane przez Polskie Towarzystwo Rybackie hodowle.<\/p>\n<p style=\"text-align: justify;\">I pami\u0119tajcie! Wiem,\u00a0\u017ce to frajda &#8211; zw\u0142aszcza dla dzieci &#8211; jak w wannie p\u0142ywa wigilijny karp. Ale naprawd\u0119 lepiej zapewni\u0107 dzieciom inne atrakcje, a karpia kupi\u0107 od razu martwego.\u00a0W ko\u0144cu w Wigili\u0119 nawet zwierz\u0119ta przemawiaj\u0105 ludzkim g\u0142osem, wi\u0119c warto, aby\u015bmy i my zachowali si\u0119 humanitarnie, czyli &#8211; w bezpo\u015brednim t\u0142umaczeniu &#8211; po ludzku \ud83d\ude42<\/p>\n<\/div>\n<p><!-- .vgblk-rw-wrapper --><\/p>\n","protected":false},"excerpt":{"rendered":"<p>Coraz bli\u017cej \u015bwi\u0119ta, co-raz bli-\u017cej \u015bwi\u0119-ta&#8230; Czy d\u017awi\u0119ki ze s\u0142ynnej reklamy jednego z niezbyt zdrowych napoj\u00f3w\u00a0bezalkoholowych ju\u017c brzmi\u0105 w Waszych uszach? No to czas na dalsze przygotowania. Poprzednim razem wsp\u00f3lnie wybierali\u015bmy choink\u0119. Teraz zastanowimy si\u0119, co powinno wjecha\u0107 na eko-st\u00f3\u0142 \ud83d\ude09 Skupi\u0119 si\u0119 na kolacji wigilijnej, bo dla mnie, fanki chyba wi\u0119kszo\u015bci potraw przygotowywanych zwyczajowo&#8230;<\/p>\n","protected":false},"author":6,"featured_media":5975,"comment_status":"open","ping_status":"open","sticky":false,"template":"","format":"standard","meta":{"footnotes":""},"categories":[37],"tags":[],"class_list":["post-5972","post","type-post","status-publish","format-standard","has-post-thumbnail","hentry","category-anita-o-ekologii"],"yoast_head":"<!-- This site is optimized with the Yoast SEO plugin v27.5 - https:\/\/yoast.com\/product\/yoast-seo-wordpress\/ -->\n<title>Eko \u015bwi\u0119ta - czy to mo\u017cliwe? (cz. 2) - Kosmetyki naturalne Resibo<\/title>\n<meta name=\"robots\" content=\"index, follow, max-snippet:-1, max-image-preview:large, max-video-preview:-1\" \/>\n<link rel=\"canonical\" href=\"https:\/\/resibo.pl\/blog\/eko-swieta-czy-to-mozliwe-cz-2\/\" \/>\n<meta property=\"og:locale\" content=\"pl_PL\" \/>\n<meta property=\"og:type\" content=\"article\" \/>\n<meta property=\"og:title\" content=\"Eko \u015bwi\u0119ta - czy to mo\u017cliwe? (cz. 2) - Kosmetyki naturalne Resibo\" \/>\n<meta property=\"og:description\" content=\"Coraz bli\u017cej \u015bwi\u0119ta, co-raz bli-\u017cej \u015bwi\u0119-ta&#8230; Czy d\u017awi\u0119ki ze s\u0142ynnej reklamy jednego z niezbyt zdrowych napoj\u00f3w\u00a0bezalkoholowych ju\u017c brzmi\u0105 w Waszych uszach? No to czas na dalsze przygotowania. Poprzednim razem wsp\u00f3lnie wybierali\u015bmy choink\u0119. Teraz zastanowimy si\u0119, co powinno wjecha\u0107 na eko-st\u00f3\u0142 \ud83d\ude09 Skupi\u0119 si\u0119 na kolacji wigilijnej, bo dla mnie, fanki chyba wi\u0119kszo\u015bci potraw przygotowywanych zwyczajowo...\" \/>\n<meta property=\"og:url\" content=\"https:\/\/resibo.pl\/blog\/eko-swieta-czy-to-mozliwe-cz-2\/\" \/>\n<meta property=\"og:site_name\" content=\"Kosmetyki naturalne Resibo\" \/>\n<meta property=\"article:publisher\" content=\"http:\/\/facebook.com\/resiboPL\" \/>\n<meta property=\"article:published_time\" content=\"2015-12-10T19:32:39+00:00\" \/>\n<meta name=\"author\" content=\"Anita\" \/>\n<meta name=\"twitter:label1\" content=\"Napisane przez\" \/>\n\t<meta name=\"twitter:data1\" content=\"Anita\" \/>\n\t<meta name=\"twitter:label2\" content=\"Szacowany czas czytania\" \/>\n\t<meta name=\"twitter:data2\" content=\"4 minuty\" \/>\n<script type=\"application\/ld+json\" class=\"yoast-schema-graph\">{\"@context\":\"https:\\\/\\\/schema.org\",\"@graph\":[{\"@type\":\"Article\",\"@id\":\"https:\\\/\\\/resibo.pl\\\/blog\\\/eko-swieta-czy-to-mozliwe-cz-2\\\/#article\",\"isPartOf\":{\"@id\":\"https:\\\/\\\/resibo.pl\\\/blog\\\/eko-swieta-czy-to-mozliwe-cz-2\\\/\"},\"author\":{\"name\":\"Anita\",\"@id\":\"https:\\\/\\\/resibo.pl\\\/blog\\\/#\\\/schema\\\/person\\\/ef9013c96e1204d78b18c2243ed265a9\"},\"headline\":\"Eko \u015bwi\u0119ta &#8211; czy to mo\u017cliwe? (cz. 2)\",\"datePublished\":\"2015-12-10T19:32:39+00:00\",\"mainEntityOfPage\":{\"@id\":\"https:\\\/\\\/resibo.pl\\\/blog\\\/eko-swieta-czy-to-mozliwe-cz-2\\\/\"},\"wordCount\":847,\"commentCount\":0,\"publisher\":{\"@id\":\"https:\\\/\\\/resibo.pl\\\/blog\\\/#organization\"},\"image\":{\"@id\":\"https:\\\/\\\/resibo.pl\\\/blog\\\/eko-swieta-czy-to-mozliwe-cz-2\\\/#primaryimage\"},\"thumbnailUrl\":\"https:\\\/\\\/resibo.pl\\\/blog\\\/wp-content\\\/uploads\\\/2015\\\/12\\\/karp.jpg\",\"articleSection\":[\"O ekologii\"],\"inLanguage\":\"pl-PL\",\"potentialAction\":[{\"@type\":\"CommentAction\",\"name\":\"Comment\",\"target\":[\"https:\\\/\\\/resibo.pl\\\/blog\\\/eko-swieta-czy-to-mozliwe-cz-2\\\/#respond\"]}]},{\"@type\":\"WebPage\",\"@id\":\"https:\\\/\\\/resibo.pl\\\/blog\\\/eko-swieta-czy-to-mozliwe-cz-2\\\/\",\"url\":\"https:\\\/\\\/resibo.pl\\\/blog\\\/eko-swieta-czy-to-mozliwe-cz-2\\\/\",\"name\":\"Eko \u015bwi\u0119ta - czy to mo\u017cliwe? (cz. 2) - Kosmetyki naturalne Resibo\",\"isPartOf\":{\"@id\":\"https:\\\/\\\/resibo.pl\\\/blog\\\/#website\"},\"primaryImageOfPage\":{\"@id\":\"https:\\\/\\\/resibo.pl\\\/blog\\\/eko-swieta-czy-to-mozliwe-cz-2\\\/#primaryimage\"},\"image\":{\"@id\":\"https:\\\/\\\/resibo.pl\\\/blog\\\/eko-swieta-czy-to-mozliwe-cz-2\\\/#primaryimage\"},\"thumbnailUrl\":\"https:\\\/\\\/resibo.pl\\\/blog\\\/wp-content\\\/uploads\\\/2015\\\/12\\\/karp.jpg\",\"datePublished\":\"2015-12-10T19:32:39+00:00\",\"breadcrumb\":{\"@id\":\"https:\\\/\\\/resibo.pl\\\/blog\\\/eko-swieta-czy-to-mozliwe-cz-2\\\/#breadcrumb\"},\"inLanguage\":\"pl-PL\",\"potentialAction\":[{\"@type\":\"ReadAction\",\"target\":[\"https:\\\/\\\/resibo.pl\\\/blog\\\/eko-swieta-czy-to-mozliwe-cz-2\\\/\"]}]},{\"@type\":\"ImageObject\",\"inLanguage\":\"pl-PL\",\"@id\":\"https:\\\/\\\/resibo.pl\\\/blog\\\/eko-swieta-czy-to-mozliwe-cz-2\\\/#primaryimage\",\"url\":\"https:\\\/\\\/resibo.pl\\\/blog\\\/wp-content\\\/uploads\\\/2015\\\/12\\\/karp.jpg\",\"contentUrl\":\"https:\\\/\\\/resibo.pl\\\/blog\\\/wp-content\\\/uploads\\\/2015\\\/12\\\/karp.jpg\",\"width\":1171,\"height\":509},{\"@type\":\"BreadcrumbList\",\"@id\":\"https:\\\/\\\/resibo.pl\\\/blog\\\/eko-swieta-czy-to-mozliwe-cz-2\\\/#breadcrumb\",\"itemListElement\":[{\"@type\":\"ListItem\",\"position\":1,\"name\":\"Strona g\u0142\u00f3wna\",\"item\":\"https:\\\/\\\/resibo.pl\\\/blog\\\/\"},{\"@type\":\"ListItem\",\"position\":2,\"name\":\"Eko \u015bwi\u0119ta &#8211; czy to mo\u017cliwe? (cz. 2)\"}]},{\"@type\":\"WebSite\",\"@id\":\"https:\\\/\\\/resibo.pl\\\/blog\\\/#website\",\"url\":\"https:\\\/\\\/resibo.pl\\\/blog\\\/\",\"name\":\"Kosmetyki naturalne Resibo\",\"description\":\"\",\"publisher\":{\"@id\":\"https:\\\/\\\/resibo.pl\\\/blog\\\/#organization\"},\"potentialAction\":[{\"@type\":\"SearchAction\",\"target\":{\"@type\":\"EntryPoint\",\"urlTemplate\":\"https:\\\/\\\/resibo.pl\\\/blog\\\/?s={search_term_string}\"},\"query-input\":{\"@type\":\"PropertyValueSpecification\",\"valueRequired\":true,\"valueName\":\"search_term_string\"}}],\"inLanguage\":\"pl-PL\"},{\"@type\":\"Organization\",\"@id\":\"https:\\\/\\\/resibo.pl\\\/blog\\\/#organization\",\"name\":\"Resibo\",\"url\":\"https:\\\/\\\/resibo.pl\\\/blog\\\/\",\"logo\":{\"@type\":\"ImageObject\",\"inLanguage\":\"pl-PL\",\"@id\":\"https:\\\/\\\/resibo.pl\\\/blog\\\/#\\\/schema\\\/logo\\\/image\\\/\",\"url\":\"https:\\\/\\\/resibo.pl\\\/blog\\\/wp-content\\\/uploads\\\/2022\\\/02\\\/cropped-logo.png\",\"contentUrl\":\"https:\\\/\\\/resibo.pl\\\/blog\\\/wp-content\\\/uploads\\\/2022\\\/02\\\/cropped-logo.png\",\"width\":274,\"height\":109,\"caption\":\"Resibo\"},\"image\":{\"@id\":\"https:\\\/\\\/resibo.pl\\\/blog\\\/#\\\/schema\\\/logo\\\/image\\\/\"},\"sameAs\":[\"http:\\\/\\\/facebook.com\\\/resiboPL\",\"http:\\\/\\\/instagram.com\\\/resibobynature\"]},{\"@type\":\"Person\",\"@id\":\"https:\\\/\\\/resibo.pl\\\/blog\\\/#\\\/schema\\\/person\\\/ef9013c96e1204d78b18c2243ed265a9\",\"name\":\"Anita\",\"image\":{\"@type\":\"ImageObject\",\"inLanguage\":\"pl-PL\",\"@id\":\"https:\\\/\\\/secure.gravatar.com\\\/avatar\\\/c16c3ee787d7dac06be3101e60d7b357f40d4375278b4f1760aa8fb3114c1f93?s=96&d=mm&r=g\",\"url\":\"https:\\\/\\\/secure.gravatar.com\\\/avatar\\\/c16c3ee787d7dac06be3101e60d7b357f40d4375278b4f1760aa8fb3114c1f93?s=96&d=mm&r=g\",\"contentUrl\":\"https:\\\/\\\/secure.gravatar.com\\\/avatar\\\/c16c3ee787d7dac06be3101e60d7b357f40d4375278b4f1760aa8fb3114c1f93?s=96&d=mm&r=g\",\"caption\":\"Anita\"},\"description\":\"Anita Odachowska Zakochana w Resibo i naturalnej piel\u0119gnacji, ciekawa \u015bwiata, szanuj\u0105ca przyrod\u0119 i doceniaj\u0105ca si\u0142\u0119 ro\u015blinnych sk\u0142adnik\u00f3w, w ci\u0105g\u0142ym d\u0105\u017ceniu do co najmniej less waste.\",\"url\":\"https:\\\/\\\/resibo.pl\\\/blog\\\/author\\\/anita\\\/\"}]}<\/script>\n<!-- \/ Yoast SEO plugin. -->","yoast_head_json":{"title":"Eko \u015bwi\u0119ta - czy to mo\u017cliwe? (cz. 2) - Kosmetyki naturalne Resibo","robots":{"index":"index","follow":"follow","max-snippet":"max-snippet:-1","max-image-preview":"max-image-preview:large","max-video-preview":"max-video-preview:-1"},"canonical":"https:\/\/resibo.pl\/blog\/eko-swieta-czy-to-mozliwe-cz-2\/","og_locale":"pl_PL","og_type":"article","og_title":"Eko \u015bwi\u0119ta - czy to mo\u017cliwe? (cz. 2) - Kosmetyki naturalne Resibo","og_description":"Coraz bli\u017cej \u015bwi\u0119ta, co-raz bli-\u017cej \u015bwi\u0119-ta&#8230; Czy d\u017awi\u0119ki ze s\u0142ynnej reklamy jednego z niezbyt zdrowych napoj\u00f3w\u00a0bezalkoholowych ju\u017c brzmi\u0105 w Waszych uszach? No to czas na dalsze przygotowania. Poprzednim razem wsp\u00f3lnie wybierali\u015bmy choink\u0119. Teraz zastanowimy si\u0119, co powinno wjecha\u0107 na eko-st\u00f3\u0142 \ud83d\ude09 Skupi\u0119 si\u0119 na kolacji wigilijnej, bo dla mnie, fanki chyba wi\u0119kszo\u015bci potraw przygotowywanych zwyczajowo...","og_url":"https:\/\/resibo.pl\/blog\/eko-swieta-czy-to-mozliwe-cz-2\/","og_site_name":"Kosmetyki naturalne Resibo","article_publisher":"http:\/\/facebook.com\/resiboPL","article_published_time":"2015-12-10T19:32:39+00:00","author":"Anita","twitter_misc":{"Napisane przez":"Anita","Szacowany czas czytania":"4 minuty"},"schema":{"@context":"https:\/\/schema.org","@graph":[{"@type":"Article","@id":"https:\/\/resibo.pl\/blog\/eko-swieta-czy-to-mozliwe-cz-2\/#article","isPartOf":{"@id":"https:\/\/resibo.pl\/blog\/eko-swieta-czy-to-mozliwe-cz-2\/"},"author":{"name":"Anita","@id":"https:\/\/resibo.pl\/blog\/#\/schema\/person\/ef9013c96e1204d78b18c2243ed265a9"},"headline":"Eko \u015bwi\u0119ta &#8211; czy to mo\u017cliwe? (cz. 2)","datePublished":"2015-12-10T19:32:39+00:00","mainEntityOfPage":{"@id":"https:\/\/resibo.pl\/blog\/eko-swieta-czy-to-mozliwe-cz-2\/"},"wordCount":847,"commentCount":0,"publisher":{"@id":"https:\/\/resibo.pl\/blog\/#organization"},"image":{"@id":"https:\/\/resibo.pl\/blog\/eko-swieta-czy-to-mozliwe-cz-2\/#primaryimage"},"thumbnailUrl":"https:\/\/resibo.pl\/blog\/wp-content\/uploads\/2015\/12\/karp.jpg","articleSection":["O ekologii"],"inLanguage":"pl-PL","potentialAction":[{"@type":"CommentAction","name":"Comment","target":["https:\/\/resibo.pl\/blog\/eko-swieta-czy-to-mozliwe-cz-2\/#respond"]}]},{"@type":"WebPage","@id":"https:\/\/resibo.pl\/blog\/eko-swieta-czy-to-mozliwe-cz-2\/","url":"https:\/\/resibo.pl\/blog\/eko-swieta-czy-to-mozliwe-cz-2\/","name":"Eko \u015bwi\u0119ta - czy to mo\u017cliwe? (cz. 2) - Kosmetyki naturalne Resibo","isPartOf":{"@id":"https:\/\/resibo.pl\/blog\/#website"},"primaryImageOfPage":{"@id":"https:\/\/resibo.pl\/blog\/eko-swieta-czy-to-mozliwe-cz-2\/#primaryimage"},"image":{"@id":"https:\/\/resibo.pl\/blog\/eko-swieta-czy-to-mozliwe-cz-2\/#primaryimage"},"thumbnailUrl":"https:\/\/resibo.pl\/blog\/wp-content\/uploads\/2015\/12\/karp.jpg","datePublished":"2015-12-10T19:32:39+00:00","breadcrumb":{"@id":"https:\/\/resibo.pl\/blog\/eko-swieta-czy-to-mozliwe-cz-2\/#breadcrumb"},"inLanguage":"pl-PL","potentialAction":[{"@type":"ReadAction","target":["https:\/\/resibo.pl\/blog\/eko-swieta-czy-to-mozliwe-cz-2\/"]}]},{"@type":"ImageObject","inLanguage":"pl-PL","@id":"https:\/\/resibo.pl\/blog\/eko-swieta-czy-to-mozliwe-cz-2\/#primaryimage","url":"https:\/\/resibo.pl\/blog\/wp-content\/uploads\/2015\/12\/karp.jpg","contentUrl":"https:\/\/resibo.pl\/blog\/wp-content\/uploads\/2015\/12\/karp.jpg","width":1171,"height":509},{"@type":"BreadcrumbList","@id":"https:\/\/resibo.pl\/blog\/eko-swieta-czy-to-mozliwe-cz-2\/#breadcrumb","itemListElement":[{"@type":"ListItem","position":1,"name":"Strona g\u0142\u00f3wna","item":"https:\/\/resibo.pl\/blog\/"},{"@type":"ListItem","position":2,"name":"Eko \u015bwi\u0119ta &#8211; czy to mo\u017cliwe? (cz. 2)"}]},{"@type":"WebSite","@id":"https:\/\/resibo.pl\/blog\/#website","url":"https:\/\/resibo.pl\/blog\/","name":"Kosmetyki naturalne Resibo","description":"","publisher":{"@id":"https:\/\/resibo.pl\/blog\/#organization"},"potentialAction":[{"@type":"SearchAction","target":{"@type":"EntryPoint","urlTemplate":"https:\/\/resibo.pl\/blog\/?s={search_term_string}"},"query-input":{"@type":"PropertyValueSpecification","valueRequired":true,"valueName":"search_term_string"}}],"inLanguage":"pl-PL"},{"@type":"Organization","@id":"https:\/\/resibo.pl\/blog\/#organization","name":"Resibo","url":"https:\/\/resibo.pl\/blog\/","logo":{"@type":"ImageObject","inLanguage":"pl-PL","@id":"https:\/\/resibo.pl\/blog\/#\/schema\/logo\/image\/","url":"https:\/\/resibo.pl\/blog\/wp-content\/uploads\/2022\/02\/cropped-logo.png","contentUrl":"https:\/\/resibo.pl\/blog\/wp-content\/uploads\/2022\/02\/cropped-logo.png","width":274,"height":109,"caption":"Resibo"},"image":{"@id":"https:\/\/resibo.pl\/blog\/#\/schema\/logo\/image\/"},"sameAs":["http:\/\/facebook.com\/resiboPL","http:\/\/instagram.com\/resibobynature"]},{"@type":"Person","@id":"https:\/\/resibo.pl\/blog\/#\/schema\/person\/ef9013c96e1204d78b18c2243ed265a9","name":"Anita","image":{"@type":"ImageObject","inLanguage":"pl-PL","@id":"https:\/\/secure.gravatar.com\/avatar\/c16c3ee787d7dac06be3101e60d7b357f40d4375278b4f1760aa8fb3114c1f93?s=96&d=mm&r=g","url":"https:\/\/secure.gravatar.com\/avatar\/c16c3ee787d7dac06be3101e60d7b357f40d4375278b4f1760aa8fb3114c1f93?s=96&d=mm&r=g","contentUrl":"https:\/\/secure.gravatar.com\/avatar\/c16c3ee787d7dac06be3101e60d7b357f40d4375278b4f1760aa8fb3114c1f93?s=96&d=mm&r=g","caption":"Anita"},"description":"Anita Odachowska Zakochana w Resibo i naturalnej piel\u0119gnacji, ciekawa \u015bwiata, szanuj\u0105ca przyrod\u0119 i doceniaj\u0105ca si\u0142\u0119 ro\u015blinnych sk\u0142adnik\u00f3w, w ci\u0105g\u0142ym d\u0105\u017ceniu do co najmniej less waste.","url":"https:\/\/resibo.pl\/blog\/author\/anita\/"}]}},"_links":{"self":[{"href":"https:\/\/resibo.pl\/blog\/wp-json\/wp\/v2\/posts\/5972","targetHints":{"allow":["GET"]}}],"collection":[{"href":"https:\/\/resibo.pl\/blog\/wp-json\/wp\/v2\/posts"}],"about":[{"href":"https:\/\/resibo.pl\/blog\/wp-json\/wp\/v2\/types\/post"}],"author":[{"embeddable":true,"href":"https:\/\/resibo.pl\/blog\/wp-json\/wp\/v2\/users\/6"}],"replies":[{"embeddable":true,"href":"https:\/\/resibo.pl\/blog\/wp-json\/wp\/v2\/comments?post=5972"}],"version-history":[{"count":0,"href":"https:\/\/resibo.pl\/blog\/wp-json\/wp\/v2\/posts\/5972\/revisions"}],"wp:featuredmedia":[{"embeddable":true,"href":"https:\/\/resibo.pl\/blog\/wp-json\/wp\/v2\/media\/5975"}],"wp:attachment":[{"href":"https:\/\/resibo.pl\/blog\/wp-json\/wp\/v2\/media?parent=5972"}],"wp:term":[{"taxonomy":"category","embeddable":true,"href":"https:\/\/resibo.pl\/blog\/wp-json\/wp\/v2\/categories?post=5972"},{"taxonomy":"post_tag","embeddable":true,"href":"https:\/\/resibo.pl\/blog\/wp-json\/wp\/v2\/tags?post=5972"}],"curies":[{"name":"wp","href":"https:\/\/api.w.org\/{rel}","templated":true}]}}