{"id":6024,"date":"2015-12-23T09:57:00","date_gmt":"2015-12-23T08:57:00","guid":{"rendered":"https:\/\/resibo.pl\/blog\/?p=6024"},"modified":"2015-12-23T09:57:00","modified_gmt":"2015-12-23T08:57:00","slug":"swieta-swieta-i-do-roboty","status":"publish","type":"post","link":"https:\/\/resibo.pl\/blog\/swieta-swieta-i-do-roboty\/","title":{"rendered":"\u015awi\u0119ta, \u015bwi\u0119ta i&#8230; do roboty :)"},"content":{"rendered":"<div class=\"vgblk-rw-wrapper limit-wrapper\">\n<p style=\"text-align: justify;\">To ju\u017c! Ju\u017c za chwil\u0119 usi\u0105dziemy do wigilijnego sto\u0142u z rodzin\u0105, bliskimi. To te szczeg\u00f3lne \u015bwi\u0119ta, na kt\u00f3re czeka si\u0119 ca\u0142y rok. Osobi\u015bcie bardzo \u017ca\u0142uj\u0119 braku \u015bniegu kolejny rok z rz\u0119du&#8230; Troch\u0119 boj\u0119 si\u0119, \u017ce mojemu czteromiesi\u0119cznemu dzisiaj synkowi te dni nie b\u0119d\u0105 kompletnie ju\u017c kojarzy\u0107 si\u0119 z bia\u0142ym puchem, lepieniem ba\u0142wana i bitw\u0105 na \u015bnie\u017cki. C\u00f3\u017c, taki mamy klimat \ud83d\ude09<\/p>\n<p style=\"text-align: justify;\">Ale ja nie o tym, bo marudzi\u0107 zaczynam! Ka\u017cda pani domu ma teraz zapewne urwanie g\u0142owy, ja tak\u017ce, dlatego dzi\u015b kr\u00f3tko i \u015bwi\u0105tecznie \ud83d\ude42<\/p>\n<p style=\"text-align: justify;\">Pragn\u0119 z\u0142o\u017cy\u0107 najszczersze \u017cyczenia wszystkim czytelniczkom bloga, wszystkim i ka\u017cdej z osobna, mi\u0142o\u015bniczkom natury pod ka\u017cd\u0105 postaci\u0105! Je\u015bli czyta\u0142y\u015bcie artyku\u0142y Anity i Dobrusi, wiecie jak by\u0107 eko nawet w Bo\u017ce Narodzenie \ud83d\ude42<\/p>\n<p style=\"text-align: justify;\">Niech b\u0119dzie to czas spokojny, sp\u0119dzony w ciep\u0142ym rodzinnym gronie, w mi\u0142ej atmosferze otulonej zapachami pierniczk\u00f3w i innych smako\u0142yk\u00f3w. No i oczywi\u015bcie \u017cycz\u0119 Wam wspania\u0142ych, udanych prezent\u00f3w! Kto wie, mo\u017ce znajdziecie pod choink\u0105 pi\u0119knie zapakowany zestaw <a href=\"https:\/\/resibo.pl\/\">kosmetyk\u00f3w naturalnych<\/a> Resibo. To z pewno\u015bci\u0105 udany prezent dla najbli\u017cszych naszemu sercu. Weso\u0142ych \u015bwi\u0105t!<\/p>\n<\/div>\n<p><!-- .vgblk-rw-wrapper --><\/p>\n","protected":false},"excerpt":{"rendered":"<p>To ju\u017c! Ju\u017c za chwil\u0119 usi\u0105dziemy do wigilijnego sto\u0142u z rodzin\u0105, bliskimi. To te szczeg\u00f3lne \u015bwi\u0119ta, na kt\u00f3re czeka si\u0119 ca\u0142y rok. Osobi\u015bcie bardzo \u017ca\u0142uj\u0119 braku \u015bniegu kolejny rok z rz\u0119du&#8230; Troch\u0119 boj\u0119 si\u0119, \u017ce mojemu czteromiesi\u0119cznemu dzisiaj synkowi te dni nie b\u0119d\u0105 kompletnie ju\u017c kojarzy\u0107 si\u0119 z bia\u0142ym puchem, lepieniem ba\u0142wana i bitw\u0105 na&#8230;<\/p>\n","protected":false},"author":8,"featured_media":6026,"comment_status":"open","ping_status":"open","sticky":false,"template":"","format":"standard","meta":{"footnotes":""},"categories":[40],"tags":[],"class_list":["post-6024","post","type-post","status-publish","format-standard","has-post-thumbnail","hentry","category-magda-o-pielegnacji"],"yoast_head":"<!-- This site is optimized with the Yoast SEO plugin v27.5 - https:\/\/yoast.com\/product\/yoast-seo-wordpress\/ -->\n<title>\u015awi\u0119ta, \u015bwi\u0119ta i... do roboty :) - Kosmetyki naturalne Resibo<\/title>\n<meta name=\"robots\" content=\"index, follow, max-snippet:-1, max-image-preview:large, max-video-preview:-1\" \/>\n<link rel=\"canonical\" href=\"https:\/\/resibo.pl\/blog\/swieta-swieta-i-do-roboty\/\" \/>\n<meta property=\"og:locale\" content=\"pl_PL\" \/>\n<meta property=\"og:type\" content=\"article\" \/>\n<meta property=\"og:title\" content=\"\u015awi\u0119ta, \u015bwi\u0119ta i... do roboty :) - Kosmetyki naturalne Resibo\" \/>\n<meta property=\"og:description\" content=\"To ju\u017c! Ju\u017c za chwil\u0119 usi\u0105dziemy do wigilijnego sto\u0142u z rodzin\u0105, bliskimi. To te szczeg\u00f3lne \u015bwi\u0119ta, na kt\u00f3re czeka si\u0119 ca\u0142y rok. Osobi\u015bcie bardzo \u017ca\u0142uj\u0119 braku \u015bniegu kolejny rok z rz\u0119du&#8230; Troch\u0119 boj\u0119 si\u0119, \u017ce mojemu czteromiesi\u0119cznemu dzisiaj synkowi te dni nie b\u0119d\u0105 kompletnie ju\u017c kojarzy\u0107 si\u0119 z bia\u0142ym puchem, lepieniem ba\u0142wana i bitw\u0105 na...\" \/>\n<meta property=\"og:url\" content=\"https:\/\/resibo.pl\/blog\/swieta-swieta-i-do-roboty\/\" \/>\n<meta property=\"og:site_name\" content=\"Kosmetyki naturalne Resibo\" \/>\n<meta property=\"article:publisher\" content=\"http:\/\/facebook.com\/resiboPL\" \/>\n<meta property=\"article:published_time\" content=\"2015-12-23T08:57:00+00:00\" \/>\n<meta name=\"author\" content=\"Magda\" \/>\n<meta name=\"twitter:label1\" content=\"Napisane przez\" \/>\n\t<meta name=\"twitter:data1\" content=\"Magda\" \/>\n\t<meta name=\"twitter:label2\" content=\"Szacowany czas czytania\" \/>\n\t<meta name=\"twitter:data2\" content=\"1 minuta\" \/>\n<script type=\"application\/ld+json\" class=\"yoast-schema-graph\">{\"@context\":\"https:\\\/\\\/schema.org\",\"@graph\":[{\"@type\":\"Article\",\"@id\":\"https:\\\/\\\/resibo.pl\\\/blog\\\/swieta-swieta-i-do-roboty\\\/#article\",\"isPartOf\":{\"@id\":\"https:\\\/\\\/resibo.pl\\\/blog\\\/swieta-swieta-i-do-roboty\\\/\"},\"author\":{\"name\":\"Magda\",\"@id\":\"https:\\\/\\\/resibo.pl\\\/blog\\\/#\\\/schema\\\/person\\\/b83ed5dbb3219da851fb49ab9f7df4dc\"},\"headline\":\"\u015awi\u0119ta, \u015bwi\u0119ta i&#8230; do roboty :)\",\"datePublished\":\"2015-12-23T08:57:00+00:00\",\"mainEntityOfPage\":{\"@id\":\"https:\\\/\\\/resibo.pl\\\/blog\\\/swieta-swieta-i-do-roboty\\\/\"},\"wordCount\":218,\"commentCount\":0,\"publisher\":{\"@id\":\"https:\\\/\\\/resibo.pl\\\/blog\\\/#organization\"},\"image\":{\"@id\":\"https:\\\/\\\/resibo.pl\\\/blog\\\/swieta-swieta-i-do-roboty\\\/#primaryimage\"},\"thumbnailUrl\":\"https:\\\/\\\/resibo.pl\\\/blog\\\/wp-content\\\/uploads\\\/2015\\\/12\\\/DSC_4904-scaled.jpg\",\"articleSection\":[\"O pielegnacji\"],\"inLanguage\":\"pl-PL\",\"potentialAction\":[{\"@type\":\"CommentAction\",\"name\":\"Comment\",\"target\":[\"https:\\\/\\\/resibo.pl\\\/blog\\\/swieta-swieta-i-do-roboty\\\/#respond\"]}]},{\"@type\":\"WebPage\",\"@id\":\"https:\\\/\\\/resibo.pl\\\/blog\\\/swieta-swieta-i-do-roboty\\\/\",\"url\":\"https:\\\/\\\/resibo.pl\\\/blog\\\/swieta-swieta-i-do-roboty\\\/\",\"name\":\"\u015awi\u0119ta, \u015bwi\u0119ta i... do roboty :) - Kosmetyki naturalne Resibo\",\"isPartOf\":{\"@id\":\"https:\\\/\\\/resibo.pl\\\/blog\\\/#website\"},\"primaryImageOfPage\":{\"@id\":\"https:\\\/\\\/resibo.pl\\\/blog\\\/swieta-swieta-i-do-roboty\\\/#primaryimage\"},\"image\":{\"@id\":\"https:\\\/\\\/resibo.pl\\\/blog\\\/swieta-swieta-i-do-roboty\\\/#primaryimage\"},\"thumbnailUrl\":\"https:\\\/\\\/resibo.pl\\\/blog\\\/wp-content\\\/uploads\\\/2015\\\/12\\\/DSC_4904-scaled.jpg\",\"datePublished\":\"2015-12-23T08:57:00+00:00\",\"breadcrumb\":{\"@id\":\"https:\\\/\\\/resibo.pl\\\/blog\\\/swieta-swieta-i-do-roboty\\\/#breadcrumb\"},\"inLanguage\":\"pl-PL\",\"potentialAction\":[{\"@type\":\"ReadAction\",\"target\":[\"https:\\\/\\\/resibo.pl\\\/blog\\\/swieta-swieta-i-do-roboty\\\/\"]}]},{\"@type\":\"ImageObject\",\"inLanguage\":\"pl-PL\",\"@id\":\"https:\\\/\\\/resibo.pl\\\/blog\\\/swieta-swieta-i-do-roboty\\\/#primaryimage\",\"url\":\"https:\\\/\\\/resibo.pl\\\/blog\\\/wp-content\\\/uploads\\\/2015\\\/12\\\/DSC_4904-scaled.jpg\",\"contentUrl\":\"https:\\\/\\\/resibo.pl\\\/blog\\\/wp-content\\\/uploads\\\/2015\\\/12\\\/DSC_4904-scaled.jpg\",\"width\":2560,\"height\":1707},{\"@type\":\"BreadcrumbList\",\"@id\":\"https:\\\/\\\/resibo.pl\\\/blog\\\/swieta-swieta-i-do-roboty\\\/#breadcrumb\",\"itemListElement\":[{\"@type\":\"ListItem\",\"position\":1,\"name\":\"Strona g\u0142\u00f3wna\",\"item\":\"https:\\\/\\\/resibo.pl\\\/blog\\\/\"},{\"@type\":\"ListItem\",\"position\":2,\"name\":\"\u015awi\u0119ta, \u015bwi\u0119ta i&#8230; do roboty :)\"}]},{\"@type\":\"WebSite\",\"@id\":\"https:\\\/\\\/resibo.pl\\\/blog\\\/#website\",\"url\":\"https:\\\/\\\/resibo.pl\\\/blog\\\/\",\"name\":\"Kosmetyki naturalne Resibo\",\"description\":\"\",\"publisher\":{\"@id\":\"https:\\\/\\\/resibo.pl\\\/blog\\\/#organization\"},\"potentialAction\":[{\"@type\":\"SearchAction\",\"target\":{\"@type\":\"EntryPoint\",\"urlTemplate\":\"https:\\\/\\\/resibo.pl\\\/blog\\\/?s={search_term_string}\"},\"query-input\":{\"@type\":\"PropertyValueSpecification\",\"valueRequired\":true,\"valueName\":\"search_term_string\"}}],\"inLanguage\":\"pl-PL\"},{\"@type\":\"Organization\",\"@id\":\"https:\\\/\\\/resibo.pl\\\/blog\\\/#organization\",\"name\":\"Resibo\",\"url\":\"https:\\\/\\\/resibo.pl\\\/blog\\\/\",\"logo\":{\"@type\":\"ImageObject\",\"inLanguage\":\"pl-PL\",\"@id\":\"https:\\\/\\\/resibo.pl\\\/blog\\\/#\\\/schema\\\/logo\\\/image\\\/\",\"url\":\"https:\\\/\\\/resibo.pl\\\/blog\\\/wp-content\\\/uploads\\\/2022\\\/02\\\/cropped-logo.png\",\"contentUrl\":\"https:\\\/\\\/resibo.pl\\\/blog\\\/wp-content\\\/uploads\\\/2022\\\/02\\\/cropped-logo.png\",\"width\":274,\"height\":109,\"caption\":\"Resibo\"},\"image\":{\"@id\":\"https:\\\/\\\/resibo.pl\\\/blog\\\/#\\\/schema\\\/logo\\\/image\\\/\"},\"sameAs\":[\"http:\\\/\\\/facebook.com\\\/resiboPL\",\"http:\\\/\\\/instagram.com\\\/resibobynature\"]},{\"@type\":\"Person\",\"@id\":\"https:\\\/\\\/resibo.pl\\\/blog\\\/#\\\/schema\\\/person\\\/b83ed5dbb3219da851fb49ab9f7df4dc\",\"name\":\"Magda\",\"image\":{\"@type\":\"ImageObject\",\"inLanguage\":\"pl-PL\",\"@id\":\"https:\\\/\\\/secure.gravatar.com\\\/avatar\\\/0dfb5ced8ae1e08e5ccb725b615759b70c0470361d1df994cce404b851bfb639?s=96&d=mm&r=g\",\"url\":\"https:\\\/\\\/secure.gravatar.com\\\/avatar\\\/0dfb5ced8ae1e08e5ccb725b615759b70c0470361d1df994cce404b851bfb639?s=96&d=mm&r=g\",\"contentUrl\":\"https:\\\/\\\/secure.gravatar.com\\\/avatar\\\/0dfb5ced8ae1e08e5ccb725b615759b70c0470361d1df994cce404b851bfb639?s=96&d=mm&r=g\",\"caption\":\"Magda\"},\"description\":\"Magdalena Matyga-Kruk, ekspert ds. kosmetologii Kosmetologia i wszystko, co zwi\u0105zane z piel\u0119gnacj\u0105 sk\u00f3ry, to moja pasja. \u017beby nie musie\u0107 nigdy pracowa\u0107, z tej pasji uczyni\u0142am\u2026 prac\u0119. Od ponad pi\u0119ciu lat prowadz\u0119 salon kosmetyczny Magda M w \u015awidnicy, kt\u00f3remu po\u015bwi\u0119cam wi\u0119kszo\u015b\u0107 swojego czasu. Ci\u0105gle poszerzam swoj\u0105 wiedz\u0119, a zadowolenie moich coraz liczniejszych klient\u00f3w to najlepsza zap\u0142ata, bo jestem kosmetyczk\u0105 z wykszta\u0142cenia, ale przede wszystkim z zami\u0142owania.\",\"url\":\"https:\\\/\\\/resibo.pl\\\/blog\\\/author\\\/magda\\\/\"}]}<\/script>\n<!-- \/ Yoast SEO plugin. -->","yoast_head_json":{"title":"\u015awi\u0119ta, \u015bwi\u0119ta i... do roboty :) - Kosmetyki naturalne Resibo","robots":{"index":"index","follow":"follow","max-snippet":"max-snippet:-1","max-image-preview":"max-image-preview:large","max-video-preview":"max-video-preview:-1"},"canonical":"https:\/\/resibo.pl\/blog\/swieta-swieta-i-do-roboty\/","og_locale":"pl_PL","og_type":"article","og_title":"\u015awi\u0119ta, \u015bwi\u0119ta i... do roboty :) - Kosmetyki naturalne Resibo","og_description":"To ju\u017c! Ju\u017c za chwil\u0119 usi\u0105dziemy do wigilijnego sto\u0142u z rodzin\u0105, bliskimi. To te szczeg\u00f3lne \u015bwi\u0119ta, na kt\u00f3re czeka si\u0119 ca\u0142y rok. Osobi\u015bcie bardzo \u017ca\u0142uj\u0119 braku \u015bniegu kolejny rok z rz\u0119du&#8230; Troch\u0119 boj\u0119 si\u0119, \u017ce mojemu czteromiesi\u0119cznemu dzisiaj synkowi te dni nie b\u0119d\u0105 kompletnie ju\u017c kojarzy\u0107 si\u0119 z bia\u0142ym puchem, lepieniem ba\u0142wana i bitw\u0105 na...","og_url":"https:\/\/resibo.pl\/blog\/swieta-swieta-i-do-roboty\/","og_site_name":"Kosmetyki naturalne Resibo","article_publisher":"http:\/\/facebook.com\/resiboPL","article_published_time":"2015-12-23T08:57:00+00:00","author":"Magda","twitter_misc":{"Napisane przez":"Magda","Szacowany czas czytania":"1 minuta"},"schema":{"@context":"https:\/\/schema.org","@graph":[{"@type":"Article","@id":"https:\/\/resibo.pl\/blog\/swieta-swieta-i-do-roboty\/#article","isPartOf":{"@id":"https:\/\/resibo.pl\/blog\/swieta-swieta-i-do-roboty\/"},"author":{"name":"Magda","@id":"https:\/\/resibo.pl\/blog\/#\/schema\/person\/b83ed5dbb3219da851fb49ab9f7df4dc"},"headline":"\u015awi\u0119ta, \u015bwi\u0119ta i&#8230; do roboty :)","datePublished":"2015-12-23T08:57:00+00:00","mainEntityOfPage":{"@id":"https:\/\/resibo.pl\/blog\/swieta-swieta-i-do-roboty\/"},"wordCount":218,"commentCount":0,"publisher":{"@id":"https:\/\/resibo.pl\/blog\/#organization"},"image":{"@id":"https:\/\/resibo.pl\/blog\/swieta-swieta-i-do-roboty\/#primaryimage"},"thumbnailUrl":"https:\/\/resibo.pl\/blog\/wp-content\/uploads\/2015\/12\/DSC_4904-scaled.jpg","articleSection":["O pielegnacji"],"inLanguage":"pl-PL","potentialAction":[{"@type":"CommentAction","name":"Comment","target":["https:\/\/resibo.pl\/blog\/swieta-swieta-i-do-roboty\/#respond"]}]},{"@type":"WebPage","@id":"https:\/\/resibo.pl\/blog\/swieta-swieta-i-do-roboty\/","url":"https:\/\/resibo.pl\/blog\/swieta-swieta-i-do-roboty\/","name":"\u015awi\u0119ta, \u015bwi\u0119ta i... do roboty :) - Kosmetyki naturalne Resibo","isPartOf":{"@id":"https:\/\/resibo.pl\/blog\/#website"},"primaryImageOfPage":{"@id":"https:\/\/resibo.pl\/blog\/swieta-swieta-i-do-roboty\/#primaryimage"},"image":{"@id":"https:\/\/resibo.pl\/blog\/swieta-swieta-i-do-roboty\/#primaryimage"},"thumbnailUrl":"https:\/\/resibo.pl\/blog\/wp-content\/uploads\/2015\/12\/DSC_4904-scaled.jpg","datePublished":"2015-12-23T08:57:00+00:00","breadcrumb":{"@id":"https:\/\/resibo.pl\/blog\/swieta-swieta-i-do-roboty\/#breadcrumb"},"inLanguage":"pl-PL","potentialAction":[{"@type":"ReadAction","target":["https:\/\/resibo.pl\/blog\/swieta-swieta-i-do-roboty\/"]}]},{"@type":"ImageObject","inLanguage":"pl-PL","@id":"https:\/\/resibo.pl\/blog\/swieta-swieta-i-do-roboty\/#primaryimage","url":"https:\/\/resibo.pl\/blog\/wp-content\/uploads\/2015\/12\/DSC_4904-scaled.jpg","contentUrl":"https:\/\/resibo.pl\/blog\/wp-content\/uploads\/2015\/12\/DSC_4904-scaled.jpg","width":2560,"height":1707},{"@type":"BreadcrumbList","@id":"https:\/\/resibo.pl\/blog\/swieta-swieta-i-do-roboty\/#breadcrumb","itemListElement":[{"@type":"ListItem","position":1,"name":"Strona g\u0142\u00f3wna","item":"https:\/\/resibo.pl\/blog\/"},{"@type":"ListItem","position":2,"name":"\u015awi\u0119ta, \u015bwi\u0119ta i&#8230; do roboty :)"}]},{"@type":"WebSite","@id":"https:\/\/resibo.pl\/blog\/#website","url":"https:\/\/resibo.pl\/blog\/","name":"Kosmetyki naturalne Resibo","description":"","publisher":{"@id":"https:\/\/resibo.pl\/blog\/#organization"},"potentialAction":[{"@type":"SearchAction","target":{"@type":"EntryPoint","urlTemplate":"https:\/\/resibo.pl\/blog\/?s={search_term_string}"},"query-input":{"@type":"PropertyValueSpecification","valueRequired":true,"valueName":"search_term_string"}}],"inLanguage":"pl-PL"},{"@type":"Organization","@id":"https:\/\/resibo.pl\/blog\/#organization","name":"Resibo","url":"https:\/\/resibo.pl\/blog\/","logo":{"@type":"ImageObject","inLanguage":"pl-PL","@id":"https:\/\/resibo.pl\/blog\/#\/schema\/logo\/image\/","url":"https:\/\/resibo.pl\/blog\/wp-content\/uploads\/2022\/02\/cropped-logo.png","contentUrl":"https:\/\/resibo.pl\/blog\/wp-content\/uploads\/2022\/02\/cropped-logo.png","width":274,"height":109,"caption":"Resibo"},"image":{"@id":"https:\/\/resibo.pl\/blog\/#\/schema\/logo\/image\/"},"sameAs":["http:\/\/facebook.com\/resiboPL","http:\/\/instagram.com\/resibobynature"]},{"@type":"Person","@id":"https:\/\/resibo.pl\/blog\/#\/schema\/person\/b83ed5dbb3219da851fb49ab9f7df4dc","name":"Magda","image":{"@type":"ImageObject","inLanguage":"pl-PL","@id":"https:\/\/secure.gravatar.com\/avatar\/0dfb5ced8ae1e08e5ccb725b615759b70c0470361d1df994cce404b851bfb639?s=96&d=mm&r=g","url":"https:\/\/secure.gravatar.com\/avatar\/0dfb5ced8ae1e08e5ccb725b615759b70c0470361d1df994cce404b851bfb639?s=96&d=mm&r=g","contentUrl":"https:\/\/secure.gravatar.com\/avatar\/0dfb5ced8ae1e08e5ccb725b615759b70c0470361d1df994cce404b851bfb639?s=96&d=mm&r=g","caption":"Magda"},"description":"Magdalena Matyga-Kruk, ekspert ds. kosmetologii Kosmetologia i wszystko, co zwi\u0105zane z piel\u0119gnacj\u0105 sk\u00f3ry, to moja pasja. \u017beby nie musie\u0107 nigdy pracowa\u0107, z tej pasji uczyni\u0142am\u2026 prac\u0119. Od ponad pi\u0119ciu lat prowadz\u0119 salon kosmetyczny Magda M w \u015awidnicy, kt\u00f3remu po\u015bwi\u0119cam wi\u0119kszo\u015b\u0107 swojego czasu. Ci\u0105gle poszerzam swoj\u0105 wiedz\u0119, a zadowolenie moich coraz liczniejszych klient\u00f3w to najlepsza zap\u0142ata, bo jestem kosmetyczk\u0105 z wykszta\u0142cenia, ale przede wszystkim z zami\u0142owania.","url":"https:\/\/resibo.pl\/blog\/author\/magda\/"}]}},"_links":{"self":[{"href":"https:\/\/resibo.pl\/blog\/wp-json\/wp\/v2\/posts\/6024","targetHints":{"allow":["GET"]}}],"collection":[{"href":"https:\/\/resibo.pl\/blog\/wp-json\/wp\/v2\/posts"}],"about":[{"href":"https:\/\/resibo.pl\/blog\/wp-json\/wp\/v2\/types\/post"}],"author":[{"embeddable":true,"href":"https:\/\/resibo.pl\/blog\/wp-json\/wp\/v2\/users\/8"}],"replies":[{"embeddable":true,"href":"https:\/\/resibo.pl\/blog\/wp-json\/wp\/v2\/comments?post=6024"}],"version-history":[{"count":0,"href":"https:\/\/resibo.pl\/blog\/wp-json\/wp\/v2\/posts\/6024\/revisions"}],"wp:featuredmedia":[{"embeddable":true,"href":"https:\/\/resibo.pl\/blog\/wp-json\/wp\/v2\/media\/6026"}],"wp:attachment":[{"href":"https:\/\/resibo.pl\/blog\/wp-json\/wp\/v2\/media?parent=6024"}],"wp:term":[{"taxonomy":"category","embeddable":true,"href":"https:\/\/resibo.pl\/blog\/wp-json\/wp\/v2\/categories?post=6024"},{"taxonomy":"post_tag","embeddable":true,"href":"https:\/\/resibo.pl\/blog\/wp-json\/wp\/v2\/tags?post=6024"}],"curies":[{"name":"wp","href":"https:\/\/api.w.org\/{rel}","templated":true}]}}