{"id":6096,"date":"2016-01-28T08:35:14","date_gmt":"2016-01-28T07:35:14","guid":{"rendered":"https:\/\/resibo.pl\/blog\/?p=6096"},"modified":"2016-01-28T08:35:14","modified_gmt":"2016-01-28T07:35:14","slug":"sos-dla-przesuszonych-dloni","status":"publish","type":"post","link":"https:\/\/resibo.pl\/blog\/sos-dla-przesuszonych-dloni\/","title":{"rendered":"SOS dla przesuszonych d\u0142oni"},"content":{"rendered":"<div class=\"vgblk-rw-wrapper limit-wrapper\">\n<p style=\"text-align: justify;\">Zima to czas, kiedy szczeg\u00f3lnie doskwiera nam sucha sk\u00f3ra na ca\u0142ym ciele. Siarczysty mr\u00f3z, przesuszone ogrzewaniem pomieszczenia, drastyczne zmiany temperatury nie wp\u0142ywaj\u0105 korzystnie na kondycj\u0119 i wygl\u0105d (szczeg\u00f3lnie) sk\u00f3ry d\u0142oni. Przesuszona potrafi wr\u0119cz p\u0119ka\u0107 i tworzy\u0107 bolesne nad\u017cerki, a w dotyku przypomina tark\u0119 do pi\u0119t&#8230; Jak temu zaradzi\u0107? Czego u\u017cywa\u0107, a jakich czynno\u015bci unika\u0107, \u017ceby nie pog\u0142\u0119bia\u0107 tego stanu?<\/p>\n<p style=\"text-align: justify;\"><strong>Po pierwsze&#8230;<\/strong><\/p>\n<p style=\"text-align: justify;\">Pami\u0119taj o r\u0119kawiczkach! W przemarzni\u0119tych d\u0142oniach krew p\u0142ynie znacznie wolniej, naczynia obkurczaj\u0105 si\u0119, nie od\u017cywiaj\u0105c w odpowiedni spos\u00f3b sk\u00f3ry,<\/p>\n<p style=\"text-align: justify;\"><strong>Nie myj d\u0142oni w gor\u0105cej wodzie<\/strong><\/p>\n<p style=\"text-align: justify;\">To pierwsza rzecz, jak\u0105 zazwyczaj robimy, \u017ceby ogrza\u0107 r\u0119ce \u2013 odkr\u0119camy najcieplejsz\u0105 wod\u0119, jaka leci z kranu i trzymamy w takiej k\u0105pieli przez co najmniej kilkana\u015bcie sekund. A to du\u017cy b\u0142\u0105d. Gor\u0105ca woda niszczy warstw\u0119 hydrolipidow\u0105 nask\u00f3rka, pozbawiaj\u0105c sk\u00f3r\u0119 ochrony. Je\u015bli dodatkowo dorzucimy do tego zwykle myd\u0142o o zasadowym odczynie pH, nie dajemy d\u0142oniom \u017cadnych szans. Zatem letnia woda i delikatne myde\u0142ko z olejami ro\u015blinnymi pozwoli \u0142atwiej upora\u0107 si\u0119 z zimowym przesuszeniem.<\/p>\n<p style=\"text-align: justify;\"><strong>Stosuj krem po ka\u017cdym myciu<\/strong><\/p>\n<p style=\"text-align: justify;\">Najlepszym rozwi\u0105zaniem jest zaopatrzy\u0107 si\u0119 w dwie, trzy tubki i postawi\u0107 go na umywalce w \u0142azienkach , z kt\u00f3rych najcz\u0119\u015bciej korzystamy- w domu, w pracy. Ten na zim\u0119 powinien mie\u0107 bardziej t\u0142ust\u0105 konsystencj\u0119 a w sk\u0142adzie witaminy A, C i E, ceramidy, oleje ro\u015blinne czy kwas hialuronowy. W przypadku mocnych podra\u017cnie\u0144 \u015bwietnie sprawdzaj\u0105 si\u0119 kremy i balsamy dla sk\u00f3ry atopowej (wiem, bo m\u00f3j synek ma AZS i regularnie podbieram mu jego kosmetyki \ud83d\ude09 )<\/p>\n<p style=\"text-align: justify;\"><strong>Zr\u00f3b peeling!<\/strong><\/p>\n<p style=\"text-align: justify;\">Z parzonej kawy wymieszany z odrobin\u0105 olejku, np. Resibo :), usunie zrogowacia\u0142y nask\u00f3rek, pobudzi kr\u0105\u017cenie i zmi\u0119kczy szorstk\u0105 sk\u00f3r\u0119. U\u0142atwi te\u017c absorpcj\u0119 sk\u0142adnik\u00f3w aktywnych z krem\u00f3w do r\u0105k.<\/p>\n<p style=\"text-align: justify;\"><strong>Domowy ok\u0142ad z siemienia lnianego<\/strong><\/p>\n<p style=\"text-align: justify;\">To niezawodny spos\u00f3b na popraw\u0119 kondycji i zmniejszenie podra\u017cnie\u0144. Po zaparzaniu wg przepisu siemi\u0119 lniane tworzy \u015bluzowat\u0105 papk\u0119, jest bogate w witaminy z grupy B i wielonasycone kwasy t\u0142uszczowe. Dla u\u0142atwienia mo\u017cecie najpierw po\u0142o\u017cy\u0107 na d\u0142onie wilgotn\u0105 gaz\u0119, a na to lnian\u0105 papk\u0119. Zmielone ziarna na sucho natomiast mog\u0105 r\u00f3wnie\u017c pos\u0142u\u017cy\u0107 jako peeling.<\/p>\n<p style=\"text-align: justify;\"><strong>Maseczka lub t\u0142usty krem<\/strong><\/p>\n<p style=\"text-align: justify;\">Po z\u0142uszczeniu nask\u00f3rka dobrym rozwi\u0105zaniem jest po\u0142o\u017cenie warstwy maseczki lub t\u0142ustego kremu, a na to w\u0142o\u017cenie bawe\u0142nianych r\u0119kawiczkek (skarpetki te\u017c si\u0119 nadadz\u0105 ;)) i z takim ok\u0142adem zostajemy na minimum 30-40 minut, a najlepiej ca\u0142\u0105 noc.<\/p>\n<p style=\"text-align: justify;\"><strong>Wizyta u kosmetyczki<\/strong><\/p>\n<p style=\"text-align: justify;\">To rozwi\u0105zanie dla tych z Was, kt\u00f3re nie maj\u0105 w domu czasu i warunk\u00f3w na domowe spa (bo m\u0119\u017cowi kolacj\u0119, bo dzieci wyk\u0105pa\u0107, bo pranie ju\u017c czeka, bo z psem na spacer) i dla tych, kt\u00f3re po prostu chc\u0105 dla siebie odrobiny luksusu. Najpopularniejszy i bardzo skuteczny jest zabieg parafinowy na d\u0142onie, w kt\u00f3rym kluczow\u0105 rol\u0119 odgrywa dobre przygotowanie \u2013 peeling oraz preparat od\u017cywczy, kt\u00f3ry dzi\u0119ki gor\u0105cej parafinie doskonale wch\u0142onie si\u0119 w potrzebuj\u0105ce tego d\u0142onie.<\/p>\n<p style=\"text-align: justify;\">Mam nadziej\u0119, \u017ce zastosujecie si\u0119 cho\u0107 odrobin\u0119 do moich wskaz\u00f3wek i dzi\u0119ki tym prostym rozwi\u0105zaniom Wasze d\u0142onie wci\u0105\u017c b\u0119d\u0105 mog\u0142y by\u0107 Wasz\u0105 wizyt\u00f3wk\u0105 \ud83d\ude42<\/p>\n<\/div>\n<p><!-- .vgblk-rw-wrapper --><\/p>\n","protected":false},"excerpt":{"rendered":"<p>Zima to czas, kiedy szczeg\u00f3lnie doskwiera nam sucha sk\u00f3ra na ca\u0142ym ciele. Siarczysty mr\u00f3z, przesuszone ogrzewaniem pomieszczenia, drastyczne zmiany temperatury nie wp\u0142ywaj\u0105 korzystnie na kondycj\u0119 i wygl\u0105d (szczeg\u00f3lnie) sk\u00f3ry d\u0142oni. Przesuszona potrafi wr\u0119cz p\u0119ka\u0107 i tworzy\u0107 bolesne nad\u017cerki, a w dotyku przypomina tark\u0119 do pi\u0119t&#8230; Jak temu zaradzi\u0107? Czego u\u017cywa\u0107, a jakich czynno\u015bci unika\u0107, \u017ceby&#8230;<\/p>\n","protected":false},"author":8,"featured_media":6097,"comment_status":"open","ping_status":"open","sticky":false,"template":"","format":"standard","meta":{"footnotes":""},"categories":[40],"tags":[],"class_list":["post-6096","post","type-post","status-publish","format-standard","has-post-thumbnail","hentry","category-magda-o-pielegnacji"],"yoast_head":"<!-- This site is optimized with the Yoast SEO plugin v27.4 - https:\/\/yoast.com\/product\/yoast-seo-wordpress\/ -->\n<title>SOS dla przesuszonych d\u0142oni - Kosmetyki naturalne Resibo<\/title>\n<meta name=\"robots\" content=\"index, follow, max-snippet:-1, max-image-preview:large, max-video-preview:-1\" \/>\n<link rel=\"canonical\" href=\"https:\/\/resibo.pl\/blog\/sos-dla-przesuszonych-dloni\/\" \/>\n<meta property=\"og:locale\" content=\"pl_PL\" \/>\n<meta property=\"og:type\" content=\"article\" \/>\n<meta property=\"og:title\" content=\"SOS dla przesuszonych d\u0142oni - Kosmetyki naturalne Resibo\" \/>\n<meta property=\"og:description\" content=\"Zima to czas, kiedy szczeg\u00f3lnie doskwiera nam sucha sk\u00f3ra na ca\u0142ym ciele. Siarczysty mr\u00f3z, przesuszone ogrzewaniem pomieszczenia, drastyczne zmiany temperatury nie wp\u0142ywaj\u0105 korzystnie na kondycj\u0119 i wygl\u0105d (szczeg\u00f3lnie) sk\u00f3ry d\u0142oni. Przesuszona potrafi wr\u0119cz p\u0119ka\u0107 i tworzy\u0107 bolesne nad\u017cerki, a w dotyku przypomina tark\u0119 do pi\u0119t&#8230; Jak temu zaradzi\u0107? Czego u\u017cywa\u0107, a jakich czynno\u015bci unika\u0107, \u017ceby...\" \/>\n<meta property=\"og:url\" content=\"https:\/\/resibo.pl\/blog\/sos-dla-przesuszonych-dloni\/\" \/>\n<meta property=\"og:site_name\" content=\"Kosmetyki naturalne Resibo\" \/>\n<meta property=\"article:publisher\" content=\"http:\/\/facebook.com\/resiboPL\" \/>\n<meta property=\"article:published_time\" content=\"2016-01-28T07:35:14+00:00\" \/>\n<meta name=\"author\" content=\"Magda\" \/>\n<meta name=\"twitter:label1\" content=\"Napisane przez\" \/>\n\t<meta name=\"twitter:data1\" content=\"Magda\" \/>\n\t<meta name=\"twitter:label2\" content=\"Szacowany czas czytania\" \/>\n\t<meta name=\"twitter:data2\" content=\"3 minuty\" \/>\n<script type=\"application\/ld+json\" class=\"yoast-schema-graph\">{\"@context\":\"https:\\\/\\\/schema.org\",\"@graph\":[{\"@type\":\"Article\",\"@id\":\"https:\\\/\\\/resibo.pl\\\/blog\\\/sos-dla-przesuszonych-dloni\\\/#article\",\"isPartOf\":{\"@id\":\"https:\\\/\\\/resibo.pl\\\/blog\\\/sos-dla-przesuszonych-dloni\\\/\"},\"author\":{\"name\":\"Magda\",\"@id\":\"https:\\\/\\\/resibo.pl\\\/blog\\\/#\\\/schema\\\/person\\\/b83ed5dbb3219da851fb49ab9f7df4dc\"},\"headline\":\"SOS dla przesuszonych d\u0142oni\",\"datePublished\":\"2016-01-28T07:35:14+00:00\",\"mainEntityOfPage\":{\"@id\":\"https:\\\/\\\/resibo.pl\\\/blog\\\/sos-dla-przesuszonych-dloni\\\/\"},\"wordCount\":573,\"commentCount\":1,\"publisher\":{\"@id\":\"https:\\\/\\\/resibo.pl\\\/blog\\\/#organization\"},\"image\":{\"@id\":\"https:\\\/\\\/resibo.pl\\\/blog\\\/sos-dla-przesuszonych-dloni\\\/#primaryimage\"},\"thumbnailUrl\":\"https:\\\/\\\/resibo.pl\\\/blog\\\/wp-content\\\/uploads\\\/2016\\\/01\\\/butterfly-on-the-hand-869089_1920.jpg\",\"articleSection\":[\"O pielegnacji\"],\"inLanguage\":\"pl-PL\",\"potentialAction\":[{\"@type\":\"CommentAction\",\"name\":\"Comment\",\"target\":[\"https:\\\/\\\/resibo.pl\\\/blog\\\/sos-dla-przesuszonych-dloni\\\/#respond\"]}]},{\"@type\":\"WebPage\",\"@id\":\"https:\\\/\\\/resibo.pl\\\/blog\\\/sos-dla-przesuszonych-dloni\\\/\",\"url\":\"https:\\\/\\\/resibo.pl\\\/blog\\\/sos-dla-przesuszonych-dloni\\\/\",\"name\":\"SOS dla przesuszonych d\u0142oni - Kosmetyki naturalne Resibo\",\"isPartOf\":{\"@id\":\"https:\\\/\\\/resibo.pl\\\/blog\\\/#website\"},\"primaryImageOfPage\":{\"@id\":\"https:\\\/\\\/resibo.pl\\\/blog\\\/sos-dla-przesuszonych-dloni\\\/#primaryimage\"},\"image\":{\"@id\":\"https:\\\/\\\/resibo.pl\\\/blog\\\/sos-dla-przesuszonych-dloni\\\/#primaryimage\"},\"thumbnailUrl\":\"https:\\\/\\\/resibo.pl\\\/blog\\\/wp-content\\\/uploads\\\/2016\\\/01\\\/butterfly-on-the-hand-869089_1920.jpg\",\"datePublished\":\"2016-01-28T07:35:14+00:00\",\"breadcrumb\":{\"@id\":\"https:\\\/\\\/resibo.pl\\\/blog\\\/sos-dla-przesuszonych-dloni\\\/#breadcrumb\"},\"inLanguage\":\"pl-PL\",\"potentialAction\":[{\"@type\":\"ReadAction\",\"target\":[\"https:\\\/\\\/resibo.pl\\\/blog\\\/sos-dla-przesuszonych-dloni\\\/\"]}]},{\"@type\":\"ImageObject\",\"inLanguage\":\"pl-PL\",\"@id\":\"https:\\\/\\\/resibo.pl\\\/blog\\\/sos-dla-przesuszonych-dloni\\\/#primaryimage\",\"url\":\"https:\\\/\\\/resibo.pl\\\/blog\\\/wp-content\\\/uploads\\\/2016\\\/01\\\/butterfly-on-the-hand-869089_1920.jpg\",\"contentUrl\":\"https:\\\/\\\/resibo.pl\\\/blog\\\/wp-content\\\/uploads\\\/2016\\\/01\\\/butterfly-on-the-hand-869089_1920.jpg\",\"width\":1920,\"height\":1280},{\"@type\":\"BreadcrumbList\",\"@id\":\"https:\\\/\\\/resibo.pl\\\/blog\\\/sos-dla-przesuszonych-dloni\\\/#breadcrumb\",\"itemListElement\":[{\"@type\":\"ListItem\",\"position\":1,\"name\":\"Strona g\u0142\u00f3wna\",\"item\":\"https:\\\/\\\/resibo.pl\\\/blog\\\/\"},{\"@type\":\"ListItem\",\"position\":2,\"name\":\"SOS dla przesuszonych d\u0142oni\"}]},{\"@type\":\"WebSite\",\"@id\":\"https:\\\/\\\/resibo.pl\\\/blog\\\/#website\",\"url\":\"https:\\\/\\\/resibo.pl\\\/blog\\\/\",\"name\":\"Kosmetyki naturalne Resibo\",\"description\":\"\",\"publisher\":{\"@id\":\"https:\\\/\\\/resibo.pl\\\/blog\\\/#organization\"},\"potentialAction\":[{\"@type\":\"SearchAction\",\"target\":{\"@type\":\"EntryPoint\",\"urlTemplate\":\"https:\\\/\\\/resibo.pl\\\/blog\\\/?s={search_term_string}\"},\"query-input\":{\"@type\":\"PropertyValueSpecification\",\"valueRequired\":true,\"valueName\":\"search_term_string\"}}],\"inLanguage\":\"pl-PL\"},{\"@type\":\"Organization\",\"@id\":\"https:\\\/\\\/resibo.pl\\\/blog\\\/#organization\",\"name\":\"Resibo\",\"url\":\"https:\\\/\\\/resibo.pl\\\/blog\\\/\",\"logo\":{\"@type\":\"ImageObject\",\"inLanguage\":\"pl-PL\",\"@id\":\"https:\\\/\\\/resibo.pl\\\/blog\\\/#\\\/schema\\\/logo\\\/image\\\/\",\"url\":\"https:\\\/\\\/resibo.pl\\\/blog\\\/wp-content\\\/uploads\\\/2022\\\/02\\\/cropped-logo.png\",\"contentUrl\":\"https:\\\/\\\/resibo.pl\\\/blog\\\/wp-content\\\/uploads\\\/2022\\\/02\\\/cropped-logo.png\",\"width\":274,\"height\":109,\"caption\":\"Resibo\"},\"image\":{\"@id\":\"https:\\\/\\\/resibo.pl\\\/blog\\\/#\\\/schema\\\/logo\\\/image\\\/\"},\"sameAs\":[\"http:\\\/\\\/facebook.com\\\/resiboPL\",\"http:\\\/\\\/instagram.com\\\/resibobynature\"]},{\"@type\":\"Person\",\"@id\":\"https:\\\/\\\/resibo.pl\\\/blog\\\/#\\\/schema\\\/person\\\/b83ed5dbb3219da851fb49ab9f7df4dc\",\"name\":\"Magda\",\"image\":{\"@type\":\"ImageObject\",\"inLanguage\":\"pl-PL\",\"@id\":\"https:\\\/\\\/secure.gravatar.com\\\/avatar\\\/0dfb5ced8ae1e08e5ccb725b615759b70c0470361d1df994cce404b851bfb639?s=96&d=mm&r=g\",\"url\":\"https:\\\/\\\/secure.gravatar.com\\\/avatar\\\/0dfb5ced8ae1e08e5ccb725b615759b70c0470361d1df994cce404b851bfb639?s=96&d=mm&r=g\",\"contentUrl\":\"https:\\\/\\\/secure.gravatar.com\\\/avatar\\\/0dfb5ced8ae1e08e5ccb725b615759b70c0470361d1df994cce404b851bfb639?s=96&d=mm&r=g\",\"caption\":\"Magda\"},\"description\":\"Magdalena Matyga-Kruk, ekspert ds. kosmetologii Kosmetologia i wszystko, co zwi\u0105zane z piel\u0119gnacj\u0105 sk\u00f3ry, to moja pasja. \u017beby nie musie\u0107 nigdy pracowa\u0107, z tej pasji uczyni\u0142am\u2026 prac\u0119. Od ponad pi\u0119ciu lat prowadz\u0119 salon kosmetyczny Magda M w \u015awidnicy, kt\u00f3remu po\u015bwi\u0119cam wi\u0119kszo\u015b\u0107 swojego czasu. Ci\u0105gle poszerzam swoj\u0105 wiedz\u0119, a zadowolenie moich coraz liczniejszych klient\u00f3w to najlepsza zap\u0142ata, bo jestem kosmetyczk\u0105 z wykszta\u0142cenia, ale przede wszystkim z zami\u0142owania.\",\"url\":\"https:\\\/\\\/resibo.pl\\\/blog\\\/author\\\/magda\\\/\"}]}<\/script>\n<!-- \/ Yoast SEO plugin. -->","yoast_head_json":{"title":"SOS dla przesuszonych d\u0142oni - Kosmetyki naturalne Resibo","robots":{"index":"index","follow":"follow","max-snippet":"max-snippet:-1","max-image-preview":"max-image-preview:large","max-video-preview":"max-video-preview:-1"},"canonical":"https:\/\/resibo.pl\/blog\/sos-dla-przesuszonych-dloni\/","og_locale":"pl_PL","og_type":"article","og_title":"SOS dla przesuszonych d\u0142oni - Kosmetyki naturalne Resibo","og_description":"Zima to czas, kiedy szczeg\u00f3lnie doskwiera nam sucha sk\u00f3ra na ca\u0142ym ciele. Siarczysty mr\u00f3z, przesuszone ogrzewaniem pomieszczenia, drastyczne zmiany temperatury nie wp\u0142ywaj\u0105 korzystnie na kondycj\u0119 i wygl\u0105d (szczeg\u00f3lnie) sk\u00f3ry d\u0142oni. Przesuszona potrafi wr\u0119cz p\u0119ka\u0107 i tworzy\u0107 bolesne nad\u017cerki, a w dotyku przypomina tark\u0119 do pi\u0119t&#8230; Jak temu zaradzi\u0107? Czego u\u017cywa\u0107, a jakich czynno\u015bci unika\u0107, \u017ceby...","og_url":"https:\/\/resibo.pl\/blog\/sos-dla-przesuszonych-dloni\/","og_site_name":"Kosmetyki naturalne Resibo","article_publisher":"http:\/\/facebook.com\/resiboPL","article_published_time":"2016-01-28T07:35:14+00:00","author":"Magda","twitter_misc":{"Napisane przez":"Magda","Szacowany czas czytania":"3 minuty"},"schema":{"@context":"https:\/\/schema.org","@graph":[{"@type":"Article","@id":"https:\/\/resibo.pl\/blog\/sos-dla-przesuszonych-dloni\/#article","isPartOf":{"@id":"https:\/\/resibo.pl\/blog\/sos-dla-przesuszonych-dloni\/"},"author":{"name":"Magda","@id":"https:\/\/resibo.pl\/blog\/#\/schema\/person\/b83ed5dbb3219da851fb49ab9f7df4dc"},"headline":"SOS dla przesuszonych d\u0142oni","datePublished":"2016-01-28T07:35:14+00:00","mainEntityOfPage":{"@id":"https:\/\/resibo.pl\/blog\/sos-dla-przesuszonych-dloni\/"},"wordCount":573,"commentCount":1,"publisher":{"@id":"https:\/\/resibo.pl\/blog\/#organization"},"image":{"@id":"https:\/\/resibo.pl\/blog\/sos-dla-przesuszonych-dloni\/#primaryimage"},"thumbnailUrl":"https:\/\/resibo.pl\/blog\/wp-content\/uploads\/2016\/01\/butterfly-on-the-hand-869089_1920.jpg","articleSection":["O pielegnacji"],"inLanguage":"pl-PL","potentialAction":[{"@type":"CommentAction","name":"Comment","target":["https:\/\/resibo.pl\/blog\/sos-dla-przesuszonych-dloni\/#respond"]}]},{"@type":"WebPage","@id":"https:\/\/resibo.pl\/blog\/sos-dla-przesuszonych-dloni\/","url":"https:\/\/resibo.pl\/blog\/sos-dla-przesuszonych-dloni\/","name":"SOS dla przesuszonych d\u0142oni - Kosmetyki naturalne Resibo","isPartOf":{"@id":"https:\/\/resibo.pl\/blog\/#website"},"primaryImageOfPage":{"@id":"https:\/\/resibo.pl\/blog\/sos-dla-przesuszonych-dloni\/#primaryimage"},"image":{"@id":"https:\/\/resibo.pl\/blog\/sos-dla-przesuszonych-dloni\/#primaryimage"},"thumbnailUrl":"https:\/\/resibo.pl\/blog\/wp-content\/uploads\/2016\/01\/butterfly-on-the-hand-869089_1920.jpg","datePublished":"2016-01-28T07:35:14+00:00","breadcrumb":{"@id":"https:\/\/resibo.pl\/blog\/sos-dla-przesuszonych-dloni\/#breadcrumb"},"inLanguage":"pl-PL","potentialAction":[{"@type":"ReadAction","target":["https:\/\/resibo.pl\/blog\/sos-dla-przesuszonych-dloni\/"]}]},{"@type":"ImageObject","inLanguage":"pl-PL","@id":"https:\/\/resibo.pl\/blog\/sos-dla-przesuszonych-dloni\/#primaryimage","url":"https:\/\/resibo.pl\/blog\/wp-content\/uploads\/2016\/01\/butterfly-on-the-hand-869089_1920.jpg","contentUrl":"https:\/\/resibo.pl\/blog\/wp-content\/uploads\/2016\/01\/butterfly-on-the-hand-869089_1920.jpg","width":1920,"height":1280},{"@type":"BreadcrumbList","@id":"https:\/\/resibo.pl\/blog\/sos-dla-przesuszonych-dloni\/#breadcrumb","itemListElement":[{"@type":"ListItem","position":1,"name":"Strona g\u0142\u00f3wna","item":"https:\/\/resibo.pl\/blog\/"},{"@type":"ListItem","position":2,"name":"SOS dla przesuszonych d\u0142oni"}]},{"@type":"WebSite","@id":"https:\/\/resibo.pl\/blog\/#website","url":"https:\/\/resibo.pl\/blog\/","name":"Kosmetyki naturalne Resibo","description":"","publisher":{"@id":"https:\/\/resibo.pl\/blog\/#organization"},"potentialAction":[{"@type":"SearchAction","target":{"@type":"EntryPoint","urlTemplate":"https:\/\/resibo.pl\/blog\/?s={search_term_string}"},"query-input":{"@type":"PropertyValueSpecification","valueRequired":true,"valueName":"search_term_string"}}],"inLanguage":"pl-PL"},{"@type":"Organization","@id":"https:\/\/resibo.pl\/blog\/#organization","name":"Resibo","url":"https:\/\/resibo.pl\/blog\/","logo":{"@type":"ImageObject","inLanguage":"pl-PL","@id":"https:\/\/resibo.pl\/blog\/#\/schema\/logo\/image\/","url":"https:\/\/resibo.pl\/blog\/wp-content\/uploads\/2022\/02\/cropped-logo.png","contentUrl":"https:\/\/resibo.pl\/blog\/wp-content\/uploads\/2022\/02\/cropped-logo.png","width":274,"height":109,"caption":"Resibo"},"image":{"@id":"https:\/\/resibo.pl\/blog\/#\/schema\/logo\/image\/"},"sameAs":["http:\/\/facebook.com\/resiboPL","http:\/\/instagram.com\/resibobynature"]},{"@type":"Person","@id":"https:\/\/resibo.pl\/blog\/#\/schema\/person\/b83ed5dbb3219da851fb49ab9f7df4dc","name":"Magda","image":{"@type":"ImageObject","inLanguage":"pl-PL","@id":"https:\/\/secure.gravatar.com\/avatar\/0dfb5ced8ae1e08e5ccb725b615759b70c0470361d1df994cce404b851bfb639?s=96&d=mm&r=g","url":"https:\/\/secure.gravatar.com\/avatar\/0dfb5ced8ae1e08e5ccb725b615759b70c0470361d1df994cce404b851bfb639?s=96&d=mm&r=g","contentUrl":"https:\/\/secure.gravatar.com\/avatar\/0dfb5ced8ae1e08e5ccb725b615759b70c0470361d1df994cce404b851bfb639?s=96&d=mm&r=g","caption":"Magda"},"description":"Magdalena Matyga-Kruk, ekspert ds. kosmetologii Kosmetologia i wszystko, co zwi\u0105zane z piel\u0119gnacj\u0105 sk\u00f3ry, to moja pasja. \u017beby nie musie\u0107 nigdy pracowa\u0107, z tej pasji uczyni\u0142am\u2026 prac\u0119. Od ponad pi\u0119ciu lat prowadz\u0119 salon kosmetyczny Magda M w \u015awidnicy, kt\u00f3remu po\u015bwi\u0119cam wi\u0119kszo\u015b\u0107 swojego czasu. Ci\u0105gle poszerzam swoj\u0105 wiedz\u0119, a zadowolenie moich coraz liczniejszych klient\u00f3w to najlepsza zap\u0142ata, bo jestem kosmetyczk\u0105 z wykszta\u0142cenia, ale przede wszystkim z zami\u0142owania.","url":"https:\/\/resibo.pl\/blog\/author\/magda\/"}]}},"_links":{"self":[{"href":"https:\/\/resibo.pl\/blog\/wp-json\/wp\/v2\/posts\/6096","targetHints":{"allow":["GET"]}}],"collection":[{"href":"https:\/\/resibo.pl\/blog\/wp-json\/wp\/v2\/posts"}],"about":[{"href":"https:\/\/resibo.pl\/blog\/wp-json\/wp\/v2\/types\/post"}],"author":[{"embeddable":true,"href":"https:\/\/resibo.pl\/blog\/wp-json\/wp\/v2\/users\/8"}],"replies":[{"embeddable":true,"href":"https:\/\/resibo.pl\/blog\/wp-json\/wp\/v2\/comments?post=6096"}],"version-history":[{"count":0,"href":"https:\/\/resibo.pl\/blog\/wp-json\/wp\/v2\/posts\/6096\/revisions"}],"wp:featuredmedia":[{"embeddable":true,"href":"https:\/\/resibo.pl\/blog\/wp-json\/wp\/v2\/media\/6097"}],"wp:attachment":[{"href":"https:\/\/resibo.pl\/blog\/wp-json\/wp\/v2\/media?parent=6096"}],"wp:term":[{"taxonomy":"category","embeddable":true,"href":"https:\/\/resibo.pl\/blog\/wp-json\/wp\/v2\/categories?post=6096"},{"taxonomy":"post_tag","embeddable":true,"href":"https:\/\/resibo.pl\/blog\/wp-json\/wp\/v2\/tags?post=6096"}],"curies":[{"name":"wp","href":"https:\/\/api.w.org\/{rel}","templated":true}]}}