{"id":6136,"date":"2016-02-10T20:10:02","date_gmt":"2016-02-10T19:10:02","guid":{"rendered":"https:\/\/resibo.pl\/blog\/?p=6136"},"modified":"2016-02-10T20:10:02","modified_gmt":"2016-02-10T19:10:02","slug":"tanio-a-dobrze-kolejna-porcja-kosmetycznych-perelek","status":"publish","type":"post","link":"https:\/\/resibo.pl\/blog\/tanio-a-dobrze-kolejna-porcja-kosmetycznych-perelek\/","title":{"rendered":"Tanio a dobrze \u2013 kolejna porcja kosmetycznych pere\u0142ek"},"content":{"rendered":"<div class=\"vgblk-rw-wrapper limit-wrapper\">Dzi\u015b mam dla Was trzy kolejne produkty, kt\u00f3re na sta\u0142e zago\u015bci\u0142y w mojej kosmetyczce i jestem z nich na tyle zadowolona, \u017ce w mojej opinii zas\u0142uguj\u0105 na polecanie. Szczeg\u00f3lnie, \u017ce s\u0105 to produkty praktycznie na ka\u017cd\u0105 kiesze\u0144, niedrogie i bardzo wydajne<\/p>\n<p><strong>1. Catrice Eye Brow \u2013 zestaw do stylizacji brwi<\/strong><\/p>\n<p>Nie od dzi\u015b wiadomo, \u017ce pi\u0119kny \u0142uk brwiowy nadaje charakter twarzy i podkre\u015bla oczy. Szczeg\u00f3lnie w ostatnich sezonach na topie s\u0105 wyraziste brwi. Ten zestaw dla mnie to prawdziwy hit! Sk\u0142ada si\u0119 z dw\u00f3ch kolor\u00f3w \u2013 ja\u015bniejszego i ciemniejszego zimnego odcienia br\u0105zu. To totalnie uniwersalna kolorystyka, dzi\u0119ki kt\u00f3rej przednia cz\u0119\u015b\u0107 \u0142uku mo\u017cna zaznaczy\u0107 naturalnej, a dalsz\u0105 intensywniej. Przy tym jest naprawd\u0119 trwa\u0142y i megawydajny.<\/p>\n<p>Do kupienia w drogeriach internetowych i niekt\u00f3rych stacjonarnych. Koszt to ok. 20 z\u0142.<\/p>\n<p><strong>2. Matowa pomadka Golden Rose Velvet Matte<\/strong><\/p>\n<p>Matowe usta to r\u00f3wnie\u017c popularny ostatnio trend. Ja podpisuj\u0119 si\u0119 pod nim obiema r\u0119koma. Nie ma nic bardziej zmys\u0142owego ni\u017c tajemnicze przydymione spojrzenie i matowe czerwone usta! Je\u015bli lubicie jeszcze mocniejsze, ciemniejsze od czerwieni kolory, to te pomadki maj\u0105 ich pe\u0142n\u0105 gam\u0119. Te w naturalniejszych kolorach z kolei \u015bwietnie nadaj\u0105 si\u0119 do makija\u017cu dziennego. Ponadto jest to doskona\u0142y wyb\u00f3r w przypadku cer t\u0142ustych z niedoskona\u0142o\u015bciami. B\u0142yszcz\u0105ce usta pot\u0119guj\u0105 efekt nieestetycznego b\u0142yszczenia. Subtelny mat mo\u017ce ten efekt wr\u0119cz odwr\u00f3ci\u0107. Kolejnym atutem tych pomadek jest trwa\u0142o\u015b\u0107 koloru i fakt, \u017ce mimo tego nie wysuszaj\u0105 ust. Cena to od 10 do 18 z\u0142 w zale\u017cno\u015bci od drogerii.<\/p>\n<p><strong>3. Artdeco \u2013 fixing powder<\/strong><\/p>\n<p>Mo\u017ce zaczn\u0119 od tego, \u017ce nie jest to najta\u0144szy produkt, ale w\u015br\u00f3d kosmetyk\u00f3w tego typu \u2013 pudr\u00f3w fiksuj\u0105cych \u2013 ma bardzo przyzwoit\u0105 cen\u0119 w stosunku do jako\u015bci. Puder fiksuj\u0105cy to utrwalacz makija\u017cu. Opr\u00f3cz zmatowienia i satynowego wyko\u0144czenia, ma zapewni\u0107 d\u0142ugotrwa\u0142y efekt, makija\u017c odporny na pot i \u015bcieranie. Przed\u0142u\u017ca te\u017c matowy wygl\u0105d sk\u00f3rze z nadprodukcj\u0105 sebum. I powiem tyle, \u017ce jak do tej pory, w\u0142a\u015bnie ten puder wg mnie jest w tej kategorii najlepszy. Bo opr\u00f3cz wymienionych cech ma jeszcze bardzo naturalny wygl\u0105d \u2013 w przeciwie\u0144stwie do konkurencyjnych fikser\u00f3w dro\u017cszych, profesjonalnych marek. Nie wygl\u0105da po prostu jak m\u0105ka \ud83d\ude09<\/p>\n<p>Opakowanie 10 gram\u00f3w w formie solniczki starcza na naprawd\u0119 d\u0142ugo, jak na tak\u0105 mikropojemno\u015b\u0107 i kosztuje ok. 30-40 z\u0142. Taniej b\u0119dzie oczywi\u015bcie w drogerii internetowej. U\u0142atwieniem jest fakt, \u017ce wyst\u0119puje w jednym, uniwersalnym kolorze, kt\u00f3ry stapia si\u0119 ze sk\u00f3r\u0105.<\/p>\n<p>Na dzisiaj to tyle \ud83d\ude42 A jacy s\u0105 Wasi kosmetyczni faworyci z \u201eni\u017cszej p\u00f3\u0142ki\u201d cenowej?<\/p><\/div>\n<p><!-- .vgblk-rw-wrapper --><\/p>\n","protected":false},"excerpt":{"rendered":"<p>Dzi\u015b mam dla Was trzy kolejne produkty, kt\u00f3re na sta\u0142e zago\u015bci\u0142y w mojej kosmetyczce i jestem z nich na tyle zadowolona, \u017ce w mojej opinii zas\u0142uguj\u0105 na polecanie. Szczeg\u00f3lnie, \u017ce s\u0105 to produkty praktycznie na ka\u017cd\u0105 kiesze\u0144, niedrogie i bardzo wydajne 1. Catrice Eye Brow \u2013 zestaw do stylizacji brwi Nie od dzi\u015b wiadomo, \u017ce&#8230;<\/p>\n","protected":false},"author":8,"featured_media":6138,"comment_status":"open","ping_status":"open","sticky":false,"template":"","format":"standard","meta":{"footnotes":""},"categories":[40],"tags":[],"class_list":["post-6136","post","type-post","status-publish","format-standard","has-post-thumbnail","hentry","category-magda-o-pielegnacji"],"yoast_head":"<!-- This site is optimized with the Yoast SEO plugin v27.4 - https:\/\/yoast.com\/product\/yoast-seo-wordpress\/ -->\n<title>Tanio a dobrze \u2013 kolejna porcja kosmetycznych pere\u0142ek - Kosmetyki naturalne Resibo<\/title>\n<meta name=\"robots\" content=\"index, follow, max-snippet:-1, max-image-preview:large, max-video-preview:-1\" \/>\n<link rel=\"canonical\" href=\"https:\/\/resibo.pl\/blog\/tanio-a-dobrze-kolejna-porcja-kosmetycznych-perelek\/\" \/>\n<meta property=\"og:locale\" content=\"pl_PL\" \/>\n<meta property=\"og:type\" content=\"article\" \/>\n<meta property=\"og:title\" content=\"Tanio a dobrze \u2013 kolejna porcja kosmetycznych pere\u0142ek - Kosmetyki naturalne Resibo\" \/>\n<meta property=\"og:description\" content=\"Dzi\u015b mam dla Was trzy kolejne produkty, kt\u00f3re na sta\u0142e zago\u015bci\u0142y w mojej kosmetyczce i jestem z nich na tyle zadowolona, \u017ce w mojej opinii zas\u0142uguj\u0105 na polecanie. Szczeg\u00f3lnie, \u017ce s\u0105 to produkty praktycznie na ka\u017cd\u0105 kiesze\u0144, niedrogie i bardzo wydajne 1. Catrice Eye Brow \u2013 zestaw do stylizacji brwi Nie od dzi\u015b wiadomo, \u017ce...\" \/>\n<meta property=\"og:url\" content=\"https:\/\/resibo.pl\/blog\/tanio-a-dobrze-kolejna-porcja-kosmetycznych-perelek\/\" \/>\n<meta property=\"og:site_name\" content=\"Kosmetyki naturalne Resibo\" \/>\n<meta property=\"article:publisher\" content=\"http:\/\/facebook.com\/resiboPL\" \/>\n<meta property=\"article:published_time\" content=\"2016-02-10T19:10:02+00:00\" \/>\n<meta name=\"author\" content=\"Magda\" \/>\n<meta name=\"twitter:label1\" content=\"Napisane przez\" \/>\n\t<meta name=\"twitter:data1\" content=\"Magda\" \/>\n\t<meta name=\"twitter:label2\" content=\"Szacowany czas czytania\" \/>\n\t<meta name=\"twitter:data2\" content=\"2 minuty\" \/>\n<script type=\"application\/ld+json\" class=\"yoast-schema-graph\">{\"@context\":\"https:\\\/\\\/schema.org\",\"@graph\":[{\"@type\":\"Article\",\"@id\":\"https:\\\/\\\/resibo.pl\\\/blog\\\/tanio-a-dobrze-kolejna-porcja-kosmetycznych-perelek\\\/#article\",\"isPartOf\":{\"@id\":\"https:\\\/\\\/resibo.pl\\\/blog\\\/tanio-a-dobrze-kolejna-porcja-kosmetycznych-perelek\\\/\"},\"author\":{\"name\":\"Magda\",\"@id\":\"https:\\\/\\\/resibo.pl\\\/blog\\\/#\\\/schema\\\/person\\\/b83ed5dbb3219da851fb49ab9f7df4dc\"},\"headline\":\"Tanio a dobrze \u2013 kolejna porcja kosmetycznych pere\u0142ek\",\"datePublished\":\"2016-02-10T19:10:02+00:00\",\"mainEntityOfPage\":{\"@id\":\"https:\\\/\\\/resibo.pl\\\/blog\\\/tanio-a-dobrze-kolejna-porcja-kosmetycznych-perelek\\\/\"},\"wordCount\":466,\"commentCount\":3,\"publisher\":{\"@id\":\"https:\\\/\\\/resibo.pl\\\/blog\\\/#organization\"},\"image\":{\"@id\":\"https:\\\/\\\/resibo.pl\\\/blog\\\/tanio-a-dobrze-kolejna-porcja-kosmetycznych-perelek\\\/#primaryimage\"},\"thumbnailUrl\":\"https:\\\/\\\/resibo.pl\\\/blog\\\/wp-content\\\/uploads\\\/2016\\\/02\\\/makeup-brushes-824702_1280.jpg\",\"articleSection\":[\"O pielegnacji\"],\"inLanguage\":\"pl-PL\",\"potentialAction\":[{\"@type\":\"CommentAction\",\"name\":\"Comment\",\"target\":[\"https:\\\/\\\/resibo.pl\\\/blog\\\/tanio-a-dobrze-kolejna-porcja-kosmetycznych-perelek\\\/#respond\"]}]},{\"@type\":\"WebPage\",\"@id\":\"https:\\\/\\\/resibo.pl\\\/blog\\\/tanio-a-dobrze-kolejna-porcja-kosmetycznych-perelek\\\/\",\"url\":\"https:\\\/\\\/resibo.pl\\\/blog\\\/tanio-a-dobrze-kolejna-porcja-kosmetycznych-perelek\\\/\",\"name\":\"Tanio a dobrze \u2013 kolejna porcja kosmetycznych pere\u0142ek - Kosmetyki naturalne Resibo\",\"isPartOf\":{\"@id\":\"https:\\\/\\\/resibo.pl\\\/blog\\\/#website\"},\"primaryImageOfPage\":{\"@id\":\"https:\\\/\\\/resibo.pl\\\/blog\\\/tanio-a-dobrze-kolejna-porcja-kosmetycznych-perelek\\\/#primaryimage\"},\"image\":{\"@id\":\"https:\\\/\\\/resibo.pl\\\/blog\\\/tanio-a-dobrze-kolejna-porcja-kosmetycznych-perelek\\\/#primaryimage\"},\"thumbnailUrl\":\"https:\\\/\\\/resibo.pl\\\/blog\\\/wp-content\\\/uploads\\\/2016\\\/02\\\/makeup-brushes-824702_1280.jpg\",\"datePublished\":\"2016-02-10T19:10:02+00:00\",\"breadcrumb\":{\"@id\":\"https:\\\/\\\/resibo.pl\\\/blog\\\/tanio-a-dobrze-kolejna-porcja-kosmetycznych-perelek\\\/#breadcrumb\"},\"inLanguage\":\"pl-PL\",\"potentialAction\":[{\"@type\":\"ReadAction\",\"target\":[\"https:\\\/\\\/resibo.pl\\\/blog\\\/tanio-a-dobrze-kolejna-porcja-kosmetycznych-perelek\\\/\"]}]},{\"@type\":\"ImageObject\",\"inLanguage\":\"pl-PL\",\"@id\":\"https:\\\/\\\/resibo.pl\\\/blog\\\/tanio-a-dobrze-kolejna-porcja-kosmetycznych-perelek\\\/#primaryimage\",\"url\":\"https:\\\/\\\/resibo.pl\\\/blog\\\/wp-content\\\/uploads\\\/2016\\\/02\\\/makeup-brushes-824702_1280.jpg\",\"contentUrl\":\"https:\\\/\\\/resibo.pl\\\/blog\\\/wp-content\\\/uploads\\\/2016\\\/02\\\/makeup-brushes-824702_1280.jpg\",\"width\":1280,\"height\":853},{\"@type\":\"BreadcrumbList\",\"@id\":\"https:\\\/\\\/resibo.pl\\\/blog\\\/tanio-a-dobrze-kolejna-porcja-kosmetycznych-perelek\\\/#breadcrumb\",\"itemListElement\":[{\"@type\":\"ListItem\",\"position\":1,\"name\":\"Strona g\u0142\u00f3wna\",\"item\":\"https:\\\/\\\/resibo.pl\\\/blog\\\/\"},{\"@type\":\"ListItem\",\"position\":2,\"name\":\"Tanio a dobrze \u2013 kolejna porcja kosmetycznych pere\u0142ek\"}]},{\"@type\":\"WebSite\",\"@id\":\"https:\\\/\\\/resibo.pl\\\/blog\\\/#website\",\"url\":\"https:\\\/\\\/resibo.pl\\\/blog\\\/\",\"name\":\"Kosmetyki naturalne Resibo\",\"description\":\"\",\"publisher\":{\"@id\":\"https:\\\/\\\/resibo.pl\\\/blog\\\/#organization\"},\"potentialAction\":[{\"@type\":\"SearchAction\",\"target\":{\"@type\":\"EntryPoint\",\"urlTemplate\":\"https:\\\/\\\/resibo.pl\\\/blog\\\/?s={search_term_string}\"},\"query-input\":{\"@type\":\"PropertyValueSpecification\",\"valueRequired\":true,\"valueName\":\"search_term_string\"}}],\"inLanguage\":\"pl-PL\"},{\"@type\":\"Organization\",\"@id\":\"https:\\\/\\\/resibo.pl\\\/blog\\\/#organization\",\"name\":\"Resibo\",\"url\":\"https:\\\/\\\/resibo.pl\\\/blog\\\/\",\"logo\":{\"@type\":\"ImageObject\",\"inLanguage\":\"pl-PL\",\"@id\":\"https:\\\/\\\/resibo.pl\\\/blog\\\/#\\\/schema\\\/logo\\\/image\\\/\",\"url\":\"https:\\\/\\\/resibo.pl\\\/blog\\\/wp-content\\\/uploads\\\/2022\\\/02\\\/cropped-logo.png\",\"contentUrl\":\"https:\\\/\\\/resibo.pl\\\/blog\\\/wp-content\\\/uploads\\\/2022\\\/02\\\/cropped-logo.png\",\"width\":274,\"height\":109,\"caption\":\"Resibo\"},\"image\":{\"@id\":\"https:\\\/\\\/resibo.pl\\\/blog\\\/#\\\/schema\\\/logo\\\/image\\\/\"},\"sameAs\":[\"http:\\\/\\\/facebook.com\\\/resiboPL\",\"http:\\\/\\\/instagram.com\\\/resibobynature\"]},{\"@type\":\"Person\",\"@id\":\"https:\\\/\\\/resibo.pl\\\/blog\\\/#\\\/schema\\\/person\\\/b83ed5dbb3219da851fb49ab9f7df4dc\",\"name\":\"Magda\",\"image\":{\"@type\":\"ImageObject\",\"inLanguage\":\"pl-PL\",\"@id\":\"https:\\\/\\\/secure.gravatar.com\\\/avatar\\\/0dfb5ced8ae1e08e5ccb725b615759b70c0470361d1df994cce404b851bfb639?s=96&d=mm&r=g\",\"url\":\"https:\\\/\\\/secure.gravatar.com\\\/avatar\\\/0dfb5ced8ae1e08e5ccb725b615759b70c0470361d1df994cce404b851bfb639?s=96&d=mm&r=g\",\"contentUrl\":\"https:\\\/\\\/secure.gravatar.com\\\/avatar\\\/0dfb5ced8ae1e08e5ccb725b615759b70c0470361d1df994cce404b851bfb639?s=96&d=mm&r=g\",\"caption\":\"Magda\"},\"description\":\"Magdalena Matyga-Kruk, ekspert ds. kosmetologii Kosmetologia i wszystko, co zwi\u0105zane z piel\u0119gnacj\u0105 sk\u00f3ry, to moja pasja. \u017beby nie musie\u0107 nigdy pracowa\u0107, z tej pasji uczyni\u0142am\u2026 prac\u0119. Od ponad pi\u0119ciu lat prowadz\u0119 salon kosmetyczny Magda M w \u015awidnicy, kt\u00f3remu po\u015bwi\u0119cam wi\u0119kszo\u015b\u0107 swojego czasu. Ci\u0105gle poszerzam swoj\u0105 wiedz\u0119, a zadowolenie moich coraz liczniejszych klient\u00f3w to najlepsza zap\u0142ata, bo jestem kosmetyczk\u0105 z wykszta\u0142cenia, ale przede wszystkim z zami\u0142owania.\",\"url\":\"https:\\\/\\\/resibo.pl\\\/blog\\\/author\\\/magda\\\/\"}]}<\/script>\n<!-- \/ Yoast SEO plugin. -->","yoast_head_json":{"title":"Tanio a dobrze \u2013 kolejna porcja kosmetycznych pere\u0142ek - Kosmetyki naturalne Resibo","robots":{"index":"index","follow":"follow","max-snippet":"max-snippet:-1","max-image-preview":"max-image-preview:large","max-video-preview":"max-video-preview:-1"},"canonical":"https:\/\/resibo.pl\/blog\/tanio-a-dobrze-kolejna-porcja-kosmetycznych-perelek\/","og_locale":"pl_PL","og_type":"article","og_title":"Tanio a dobrze \u2013 kolejna porcja kosmetycznych pere\u0142ek - Kosmetyki naturalne Resibo","og_description":"Dzi\u015b mam dla Was trzy kolejne produkty, kt\u00f3re na sta\u0142e zago\u015bci\u0142y w mojej kosmetyczce i jestem z nich na tyle zadowolona, \u017ce w mojej opinii zas\u0142uguj\u0105 na polecanie. Szczeg\u00f3lnie, \u017ce s\u0105 to produkty praktycznie na ka\u017cd\u0105 kiesze\u0144, niedrogie i bardzo wydajne 1. Catrice Eye Brow \u2013 zestaw do stylizacji brwi Nie od dzi\u015b wiadomo, \u017ce...","og_url":"https:\/\/resibo.pl\/blog\/tanio-a-dobrze-kolejna-porcja-kosmetycznych-perelek\/","og_site_name":"Kosmetyki naturalne Resibo","article_publisher":"http:\/\/facebook.com\/resiboPL","article_published_time":"2016-02-10T19:10:02+00:00","author":"Magda","twitter_misc":{"Napisane przez":"Magda","Szacowany czas czytania":"2 minuty"},"schema":{"@context":"https:\/\/schema.org","@graph":[{"@type":"Article","@id":"https:\/\/resibo.pl\/blog\/tanio-a-dobrze-kolejna-porcja-kosmetycznych-perelek\/#article","isPartOf":{"@id":"https:\/\/resibo.pl\/blog\/tanio-a-dobrze-kolejna-porcja-kosmetycznych-perelek\/"},"author":{"name":"Magda","@id":"https:\/\/resibo.pl\/blog\/#\/schema\/person\/b83ed5dbb3219da851fb49ab9f7df4dc"},"headline":"Tanio a dobrze \u2013 kolejna porcja kosmetycznych pere\u0142ek","datePublished":"2016-02-10T19:10:02+00:00","mainEntityOfPage":{"@id":"https:\/\/resibo.pl\/blog\/tanio-a-dobrze-kolejna-porcja-kosmetycznych-perelek\/"},"wordCount":466,"commentCount":3,"publisher":{"@id":"https:\/\/resibo.pl\/blog\/#organization"},"image":{"@id":"https:\/\/resibo.pl\/blog\/tanio-a-dobrze-kolejna-porcja-kosmetycznych-perelek\/#primaryimage"},"thumbnailUrl":"https:\/\/resibo.pl\/blog\/wp-content\/uploads\/2016\/02\/makeup-brushes-824702_1280.jpg","articleSection":["O pielegnacji"],"inLanguage":"pl-PL","potentialAction":[{"@type":"CommentAction","name":"Comment","target":["https:\/\/resibo.pl\/blog\/tanio-a-dobrze-kolejna-porcja-kosmetycznych-perelek\/#respond"]}]},{"@type":"WebPage","@id":"https:\/\/resibo.pl\/blog\/tanio-a-dobrze-kolejna-porcja-kosmetycznych-perelek\/","url":"https:\/\/resibo.pl\/blog\/tanio-a-dobrze-kolejna-porcja-kosmetycznych-perelek\/","name":"Tanio a dobrze \u2013 kolejna porcja kosmetycznych pere\u0142ek - Kosmetyki naturalne Resibo","isPartOf":{"@id":"https:\/\/resibo.pl\/blog\/#website"},"primaryImageOfPage":{"@id":"https:\/\/resibo.pl\/blog\/tanio-a-dobrze-kolejna-porcja-kosmetycznych-perelek\/#primaryimage"},"image":{"@id":"https:\/\/resibo.pl\/blog\/tanio-a-dobrze-kolejna-porcja-kosmetycznych-perelek\/#primaryimage"},"thumbnailUrl":"https:\/\/resibo.pl\/blog\/wp-content\/uploads\/2016\/02\/makeup-brushes-824702_1280.jpg","datePublished":"2016-02-10T19:10:02+00:00","breadcrumb":{"@id":"https:\/\/resibo.pl\/blog\/tanio-a-dobrze-kolejna-porcja-kosmetycznych-perelek\/#breadcrumb"},"inLanguage":"pl-PL","potentialAction":[{"@type":"ReadAction","target":["https:\/\/resibo.pl\/blog\/tanio-a-dobrze-kolejna-porcja-kosmetycznych-perelek\/"]}]},{"@type":"ImageObject","inLanguage":"pl-PL","@id":"https:\/\/resibo.pl\/blog\/tanio-a-dobrze-kolejna-porcja-kosmetycznych-perelek\/#primaryimage","url":"https:\/\/resibo.pl\/blog\/wp-content\/uploads\/2016\/02\/makeup-brushes-824702_1280.jpg","contentUrl":"https:\/\/resibo.pl\/blog\/wp-content\/uploads\/2016\/02\/makeup-brushes-824702_1280.jpg","width":1280,"height":853},{"@type":"BreadcrumbList","@id":"https:\/\/resibo.pl\/blog\/tanio-a-dobrze-kolejna-porcja-kosmetycznych-perelek\/#breadcrumb","itemListElement":[{"@type":"ListItem","position":1,"name":"Strona g\u0142\u00f3wna","item":"https:\/\/resibo.pl\/blog\/"},{"@type":"ListItem","position":2,"name":"Tanio a dobrze \u2013 kolejna porcja kosmetycznych pere\u0142ek"}]},{"@type":"WebSite","@id":"https:\/\/resibo.pl\/blog\/#website","url":"https:\/\/resibo.pl\/blog\/","name":"Kosmetyki naturalne Resibo","description":"","publisher":{"@id":"https:\/\/resibo.pl\/blog\/#organization"},"potentialAction":[{"@type":"SearchAction","target":{"@type":"EntryPoint","urlTemplate":"https:\/\/resibo.pl\/blog\/?s={search_term_string}"},"query-input":{"@type":"PropertyValueSpecification","valueRequired":true,"valueName":"search_term_string"}}],"inLanguage":"pl-PL"},{"@type":"Organization","@id":"https:\/\/resibo.pl\/blog\/#organization","name":"Resibo","url":"https:\/\/resibo.pl\/blog\/","logo":{"@type":"ImageObject","inLanguage":"pl-PL","@id":"https:\/\/resibo.pl\/blog\/#\/schema\/logo\/image\/","url":"https:\/\/resibo.pl\/blog\/wp-content\/uploads\/2022\/02\/cropped-logo.png","contentUrl":"https:\/\/resibo.pl\/blog\/wp-content\/uploads\/2022\/02\/cropped-logo.png","width":274,"height":109,"caption":"Resibo"},"image":{"@id":"https:\/\/resibo.pl\/blog\/#\/schema\/logo\/image\/"},"sameAs":["http:\/\/facebook.com\/resiboPL","http:\/\/instagram.com\/resibobynature"]},{"@type":"Person","@id":"https:\/\/resibo.pl\/blog\/#\/schema\/person\/b83ed5dbb3219da851fb49ab9f7df4dc","name":"Magda","image":{"@type":"ImageObject","inLanguage":"pl-PL","@id":"https:\/\/secure.gravatar.com\/avatar\/0dfb5ced8ae1e08e5ccb725b615759b70c0470361d1df994cce404b851bfb639?s=96&d=mm&r=g","url":"https:\/\/secure.gravatar.com\/avatar\/0dfb5ced8ae1e08e5ccb725b615759b70c0470361d1df994cce404b851bfb639?s=96&d=mm&r=g","contentUrl":"https:\/\/secure.gravatar.com\/avatar\/0dfb5ced8ae1e08e5ccb725b615759b70c0470361d1df994cce404b851bfb639?s=96&d=mm&r=g","caption":"Magda"},"description":"Magdalena Matyga-Kruk, ekspert ds. kosmetologii Kosmetologia i wszystko, co zwi\u0105zane z piel\u0119gnacj\u0105 sk\u00f3ry, to moja pasja. \u017beby nie musie\u0107 nigdy pracowa\u0107, z tej pasji uczyni\u0142am\u2026 prac\u0119. Od ponad pi\u0119ciu lat prowadz\u0119 salon kosmetyczny Magda M w \u015awidnicy, kt\u00f3remu po\u015bwi\u0119cam wi\u0119kszo\u015b\u0107 swojego czasu. Ci\u0105gle poszerzam swoj\u0105 wiedz\u0119, a zadowolenie moich coraz liczniejszych klient\u00f3w to najlepsza zap\u0142ata, bo jestem kosmetyczk\u0105 z wykszta\u0142cenia, ale przede wszystkim z zami\u0142owania.","url":"https:\/\/resibo.pl\/blog\/author\/magda\/"}]}},"_links":{"self":[{"href":"https:\/\/resibo.pl\/blog\/wp-json\/wp\/v2\/posts\/6136","targetHints":{"allow":["GET"]}}],"collection":[{"href":"https:\/\/resibo.pl\/blog\/wp-json\/wp\/v2\/posts"}],"about":[{"href":"https:\/\/resibo.pl\/blog\/wp-json\/wp\/v2\/types\/post"}],"author":[{"embeddable":true,"href":"https:\/\/resibo.pl\/blog\/wp-json\/wp\/v2\/users\/8"}],"replies":[{"embeddable":true,"href":"https:\/\/resibo.pl\/blog\/wp-json\/wp\/v2\/comments?post=6136"}],"version-history":[{"count":0,"href":"https:\/\/resibo.pl\/blog\/wp-json\/wp\/v2\/posts\/6136\/revisions"}],"wp:featuredmedia":[{"embeddable":true,"href":"https:\/\/resibo.pl\/blog\/wp-json\/wp\/v2\/media\/6138"}],"wp:attachment":[{"href":"https:\/\/resibo.pl\/blog\/wp-json\/wp\/v2\/media?parent=6136"}],"wp:term":[{"taxonomy":"category","embeddable":true,"href":"https:\/\/resibo.pl\/blog\/wp-json\/wp\/v2\/categories?post=6136"},{"taxonomy":"post_tag","embeddable":true,"href":"https:\/\/resibo.pl\/blog\/wp-json\/wp\/v2\/tags?post=6136"}],"curies":[{"name":"wp","href":"https:\/\/api.w.org\/{rel}","templated":true}]}}