{"id":6375,"date":"2016-05-12T11:29:52","date_gmt":"2016-05-12T09:29:52","guid":{"rendered":"https:\/\/resibo.pl\/blog\/?p=6375"},"modified":"2016-05-12T11:29:52","modified_gmt":"2016-05-12T09:29:52","slug":"tradzik-doroslych-skad-to-sie-bierze","status":"publish","type":"post","link":"https:\/\/resibo.pl\/blog\/tradzik-doroslych-skad-to-sie-bierze\/","title":{"rendered":"Tr\u0105dzik doros\u0142ych \u2013 sk\u0105d to si\u0119 bierze?"},"content":{"rendered":"<div class=\"vgblk-rw-wrapper limit-wrapper\">\n<p style=\"text-align: justify;\">Jeszcze kilkana\u015bcie lat temu s\u0142owo \u201etr\u0105dzik\u201d wyst\u0119powa\u0142o tylko w parze ze s\u0142owem \u201em\u0142odzie\u0144czy\u201d. Pacjentami gabinet\u00f3w dermatologicznych i salon\u00f3w kosmetycznych, kt\u00f3re boryka\u0142y si\u0119 z tym problemem, by\u0142y m\u0142ode osoby w okresie pokwitania. G\u0142\u00f3wni winowajcy byli okre\u015bleni do\u015b\u0107 precyzyjnie \u2013 hormony, a wraz zaburzeniami gospodarki hormonalnej \u2013 nieprawid\u0142owe rogowacenie uj\u015b\u0107 mieszk\u00f3w w\u0142osowych, \u0142ojotok i aktywno\u015b\u0107 bakterii beztlenowych. Leczono go, tak jak i teraz, z wi\u0119kszym lub mniejszym skutkiem, ale w wi\u0119kszo\u015bci przypadk\u00f3w dolegliwo\u015b\u0107 ta mija\u0142a z czasem. Sytuacja uleg\u0142a zmianie. Coraz cz\u0119\u015bciej bowiem z problemem tr\u0105dziku zmierzy\u0107 musz\u0105 si\u0119 trzydziesto-, czterdziesto-, a nawet pi\u0119\u0107dziesi\u0119ciolatkowie.<\/p>\n<p style=\"text-align: justify;\">Sk\u0105d bierze si\u0119 tr\u0105dzik u dojrza\u0142ych os\u00f3b?<\/p>\n<p style=\"text-align: justify;\">Zmiany wyst\u0119puj\u0105ce u nastolatk\u00f3w znacznie r\u00f3\u017cni\u0105 si\u0119 od tych obserwowanych u starszych ludzi. Tr\u0105dzik m\u0142odzie\u0144czy z regu\u0142y obejmuje ca\u0142\u0105 twarz, z du\u017c\u0105 ilo\u015bci\u0105 rozsianych zask\u00f3rnik\u00f3w otwartych i zamkni\u0119tych, z pojedynczymi stanami zapalnymi. W drugim przypadku najcz\u0119\u015bciej dotyczy ograniczonego obszaru, bardzo cz\u0119sto jest to okolica brody i \u017cuchwy, czasem skroni, a wyst\u0119puj\u0105ce zmiany s\u0105 du\u017ce, bolesne, trudne do usuni\u0119cia czy samoistnego ust\u0119powania. Co dziwne, niekoniecznie musi wyst\u0119powa\u0107 na pod\u0142o\u017cu t\u0142ustej sk\u00f3ry, bo dotyczy tak\u017ce suchej cery.<\/p>\n<p style=\"text-align: justify;\">I tak jak wygl\u0105d tr\u0105dziku w tych przypadkach jest r\u00f3\u017cny, tak r\u00f3\u017cne s\u0105 przyczyny jego powstawiania.<\/p>\n<p style=\"text-align: justify;\"><strong>Stres<\/strong><\/p>\n<p style=\"text-align: justify;\">Pierwsz\u0105, rozpoczynaj\u0105c\u0105 ca\u0142\u0105 lawin\u0119 proces\u00f3w na sk\u00f3rze, wskazywan\u0105 przez dermatolog\u00f3w przyczyn\u0105 jest stres. Powoduje on nasilenie aktywno\u015bci androgenu, hormonu odpowiadaj\u0105cego za nadprodukcj\u0119 \u0142oju. Po drugie \u2013 dieta wysokoglikemiczna, czyli oparta na \u017cywno\u015bci wysoko przetworzonej. Zaliczamy do nich przede wszystkim \u017cywno\u015b\u0107 typu \u201efast food\u201d i tak ch\u0119tnie kupowane przez nas p\u00f3\u0142produkty. Jedzenie o wysokim indeksie glikemicznym powoduje nag\u0142y wzrost poziomu insuliny we krwi, co r\u00f3wnie\u017c podnosi aktywno\u015b\u0107 androgen\u00f3w stymuluj\u0105cych wydzielanie \u0142oju.<\/p>\n<blockquote><p>Dermatolodzy przychylaj\u0105 si\u0119 tak\u017ce do teorii o aktywno\u015bci receptor\u00f3w w obr\u0119bie gruczo\u0142\u00f3w \u0142ojowych, kt\u00f3re dra\u017cnione przez androgeny w\u0142a\u015bnie wskutek stresu czy z\u0142ego od\u017cywiania produkuj\u0105 \u0142\u00f3j o zmienionym, dra\u017cni\u0105cym, prozapalnym sk\u0142adzie.<\/p><\/blockquote>\n<p style=\"text-align: justify;\"><strong>Promieniowanie UV<\/strong><\/p>\n<p style=\"text-align: justify;\">Kolejn\u0105 przyczyn\u0105 tr\u0105dziku os\u00f3b doros\u0142ych jest nadmierna ekspozycja na promieniowanie UV. Powoduje ona przesuszenie i pogrubienie zewn\u0119trznej warstwy rogowej, co daje sk\u00f3rze sygna\u0142 o przesuszeniu i uaktywnia gruczo\u0142y \u0142ojowe do pracy. W parze z nadmiernie zrogowacia\u0142ym nask\u00f3rkiem jest to prosta droga do powstawania zask\u00f3rnik\u00f3w, kt\u00f3re z kolei s\u0105 wyj\u015bciem do stan\u00f3w zapalnych. Mitem jest wi\u0119c, \u017ce s\u0142o\u0144ce ma pozytywny wp\u0142yw na cer\u0119 z problemem tr\u0105dzikowym.<\/p>\n<blockquote><p>Poprawa jest chwilowa, co mog\u0105 zaobserwowa\u0107 gabinety dermatologiczne i salony kosmetyczne po wzmo\u017conym ruchu w okresie jesiennym \ud83d\ude09 Skutki nadmiernego opalania zawsze widoczne s\u0105 po lecie.<\/p><\/blockquote>\n<p style=\"text-align: justify;\"><strong>Chemia w kosmetykach<\/strong><\/p>\n<p style=\"text-align: justify;\">Bardzo istotnym czynnikiem nasilaj\u0105cym lub wr\u0119cz wywo\u0142uj\u0105cym zmiany tr\u0105dzikowe s\u0105 kosmetyki o nieodpowiednim sk\u0142adzie. Wywo\u0142uj\u0105 tzw. tr\u0105dzik kosmetyczny. W\u015br\u00f3d substancji niekorzystnie wp\u0142ywaj\u0105cych na funkcjonowanie gospodarki wodno-lipidowej i zaburzaj\u0105cych \u201eoddychanie\u201d sk\u00f3ry, na pierwszym miejscu wymieni\u0142abym olej parafinowy. Jest to pochodna ropy, bardzo ch\u0119tnie wykorzystywana przez producent\u00f3w kosmetyk\u00f3w ze wzgl\u0119du na nisk\u0105 cen\u0119. Tworzy pow\u0142ok\u0119 na powierzchni sk\u00f3ry daj\u0105c efekt wyg\u0142adzenia. Na tym jednak jego plusy si\u0119 ko\u0144cz\u0105.<\/p>\n<blockquote><p>Blokuj\u0105c wymian\u0119 wilgoci sk\u00f3ry z otoczeniem zmienia jej funkcjonowanie i zaburza naturalny proces rogowacenia.<\/p><\/blockquote>\n<p style=\"text-align: justify;\">Podobne dzia\u0142anie wykazuj\u0105 silikony. Co do ich szkodliwo\u015bci opinie s\u0105 jednak rozbie\u017cne. Dziel\u0105 si\u0119 na rozpuszczalne w wodzie i rozpuszczalne w t\u0142uszczach. Wielu specjalist\u00f3w uwa\u017ca, \u017ce te rozpuszczalne w wodzie nie stanowi\u0105 wi\u0119kszego zagro\u017cenia, poniewa\u017c \u0142atwo daj\u0105 si\u0119 usun\u0105\u0107 z powierzchni sk\u00f3ry. Niedopuszczalne jest jednak po\u0142o\u017cenie si\u0119 spa\u0107 w makija\u017cu kosmetykami zawieraj\u0105cymi je w swoim sk\u0142adzie. Silikony rozpuszczalne w t\u0142uszczach silniej oblepiaj\u0105, daj\u0105c podobny efekt do oleju parafinowego. Permanentnie stosowane prowadz\u0105 do silnej utraty wilgoci ze sk\u00f3ry i jednoczesn\u0105 nadprodukcj\u0119 \u0142oju. Wi\u0119cej na ten temat przeczytacie w moim artykule \u201eINCI \u2013 w skr\u00f3cie tablica Mendelejewa?\u201d. Dlatego tak istotne jest, jakich kosmetyk\u00f3w u\u017cywamy na co dzie\u0144 i jak dok\u0142adnie oczyszczamy z nich sk\u00f3r\u0119. Zgodnie z zasad\u0105, \u017ce t\u0142uszcz rozpuszcza si\u0119 w t\u0142uszczu, najskuteczniej z niechcianych substancji oczy\u015bci sk\u00f3r\u0119 preparat olejowy.<\/p>\n<p style=\"text-align: justify;\">Tr\u0105dzik os\u00f3b doros\u0142ych to z\u0142o\u017cony problem. Tak, jak przyczyn jest wiele, tak sporo trzeba zrobi\u0107, \u017ceby si\u0119 go pozby\u0107. Aby osi\u0105gn\u0105\u0107 trwa\u0142e i mo\u017cliwie szybkie efekty, nale\u017cy zastosowa\u0107 leczenie skojarzone, oparte na wsp\u00f3\u0142pracy dermatologa, kosmetyczki i przede wszystkim osoby dotkni\u0119tej problemem. Lekarz mo\u017ce zaleci\u0107 antybiotykoterapi\u0119, czasem hormonoterapi\u0119 lub w trudniejszych przypadkach kuracj\u0119 retinoidami, o kt\u00f3rych te\u017c ju\u017c pisa\u0142am. U kosmetyczki mo\u017cna oczy\u015bci\u0107 sk\u00f3r\u0119 w przypadku tr\u0105dziku zask\u00f3rnikowego, przeprowadzi\u0107 kuracj\u0119 kwasami w celu ustabilizowania pracy gruczo\u0142\u00f3w \u0142ojowych czy zmniejszenia \u015blad\u00f3w pozosta\u0142ych po zmianach zapalnych. Tu dzia\u0142anie jest dwojakie, bo ka\u017cda kuracja z\u0142uszczaj\u0105ca \u2013 czy to kwasami AHA, czy retinolem \u2013 daje bonus w postaci dzia\u0142ania przeciwzmarszczkowego.<\/p>\n<p style=\"text-align: justify;\">Najwa\u017cniejszy jest jednak higieniczny tryb \u017cycia \u2013 dbanie o wypoczynek na \u015bwie\u017cym powietrzu, zdrowa, nieprzetworzona dieta i codzienna, naturalna piel\u0119gnacja, czyli stosowanie kosmetyk\u00f3w pozbawionych szkodliwych \u201ezapychaczy\u201d.\u00a0W tym ostatnim warto\u00a0odda\u0107 si\u0119 w r\u0119ce natury. W naszym nowym\u00a0produkcie &#8211; serum \u00a0&#8211; znajdziecie sk\u0142adniki\u00a0wspieraj\u0105ce walk\u0119 z tr\u0105dzikiem os\u00f3b doros\u0142ych i nastolatk\u00f3w.<\/p>\n<\/div>\n<p><!-- .vgblk-rw-wrapper --><\/p>\n","protected":false},"excerpt":{"rendered":"<p>Jeszcze kilkana\u015bcie lat temu s\u0142owo \u201etr\u0105dzik\u201d wyst\u0119powa\u0142o tylko w parze ze s\u0142owem \u201em\u0142odzie\u0144czy\u201d. Pacjentami gabinet\u00f3w dermatologicznych i salon\u00f3w kosmetycznych, kt\u00f3re boryka\u0142y si\u0119 z tym problemem, by\u0142y m\u0142ode osoby w okresie pokwitania. G\u0142\u00f3wni winowajcy byli okre\u015bleni do\u015b\u0107 precyzyjnie \u2013 hormony, a wraz zaburzeniami gospodarki hormonalnej \u2013 nieprawid\u0142owe rogowacenie uj\u015b\u0107 mieszk\u00f3w w\u0142osowych, \u0142ojotok i aktywno\u015b\u0107 bakterii beztlenowych&#8230;.<\/p>\n","protected":false},"author":8,"featured_media":4878,"comment_status":"open","ping_status":"open","sticky":false,"template":"","format":"standard","meta":{"footnotes":""},"categories":[40],"tags":[],"class_list":["post-6375","post","type-post","status-publish","format-standard","has-post-thumbnail","hentry","category-magda-o-pielegnacji"],"yoast_head":"<!-- This site is optimized with the Yoast SEO plugin v27.5 - https:\/\/yoast.com\/product\/yoast-seo-wordpress\/ -->\n<title>Tr\u0105dzik doros\u0142ych \u2013 sk\u0105d to si\u0119 bierze? - Kosmetyki naturalne Resibo<\/title>\n<meta name=\"robots\" content=\"index, follow, max-snippet:-1, max-image-preview:large, max-video-preview:-1\" \/>\n<link rel=\"canonical\" href=\"https:\/\/resibo.pl\/blog\/tradzik-doroslych-skad-to-sie-bierze\/\" \/>\n<meta property=\"og:locale\" content=\"pl_PL\" \/>\n<meta property=\"og:type\" content=\"article\" \/>\n<meta property=\"og:title\" content=\"Tr\u0105dzik doros\u0142ych \u2013 sk\u0105d to si\u0119 bierze? - Kosmetyki naturalne Resibo\" \/>\n<meta property=\"og:description\" content=\"Jeszcze kilkana\u015bcie lat temu s\u0142owo \u201etr\u0105dzik\u201d wyst\u0119powa\u0142o tylko w parze ze s\u0142owem \u201em\u0142odzie\u0144czy\u201d. Pacjentami gabinet\u00f3w dermatologicznych i salon\u00f3w kosmetycznych, kt\u00f3re boryka\u0142y si\u0119 z tym problemem, by\u0142y m\u0142ode osoby w okresie pokwitania. G\u0142\u00f3wni winowajcy byli okre\u015bleni do\u015b\u0107 precyzyjnie \u2013 hormony, a wraz zaburzeniami gospodarki hormonalnej \u2013 nieprawid\u0142owe rogowacenie uj\u015b\u0107 mieszk\u00f3w w\u0142osowych, \u0142ojotok i aktywno\u015b\u0107 bakterii beztlenowych....\" \/>\n<meta property=\"og:url\" content=\"https:\/\/resibo.pl\/blog\/tradzik-doroslych-skad-to-sie-bierze\/\" \/>\n<meta property=\"og:site_name\" content=\"Kosmetyki naturalne Resibo\" \/>\n<meta property=\"article:publisher\" content=\"http:\/\/facebook.com\/resiboPL\" \/>\n<meta property=\"article:published_time\" content=\"2016-05-12T09:29:52+00:00\" \/>\n<meta name=\"author\" content=\"Magda\" \/>\n<meta name=\"twitter:label1\" content=\"Napisane przez\" \/>\n\t<meta name=\"twitter:data1\" content=\"Magda\" \/>\n\t<meta name=\"twitter:label2\" content=\"Szacowany czas czytania\" \/>\n\t<meta name=\"twitter:data2\" content=\"5 minut\" \/>\n<script type=\"application\/ld+json\" class=\"yoast-schema-graph\">{\"@context\":\"https:\\\/\\\/schema.org\",\"@graph\":[{\"@type\":\"Article\",\"@id\":\"https:\\\/\\\/resibo.pl\\\/blog\\\/tradzik-doroslych-skad-to-sie-bierze\\\/#article\",\"isPartOf\":{\"@id\":\"https:\\\/\\\/resibo.pl\\\/blog\\\/tradzik-doroslych-skad-to-sie-bierze\\\/\"},\"author\":{\"name\":\"Magda\",\"@id\":\"https:\\\/\\\/resibo.pl\\\/blog\\\/#\\\/schema\\\/person\\\/b83ed5dbb3219da851fb49ab9f7df4dc\"},\"headline\":\"Tr\u0105dzik doros\u0142ych \u2013 sk\u0105d to si\u0119 bierze?\",\"datePublished\":\"2016-05-12T09:29:52+00:00\",\"mainEntityOfPage\":{\"@id\":\"https:\\\/\\\/resibo.pl\\\/blog\\\/tradzik-doroslych-skad-to-sie-bierze\\\/\"},\"wordCount\":953,\"commentCount\":0,\"publisher\":{\"@id\":\"https:\\\/\\\/resibo.pl\\\/blog\\\/#organization\"},\"image\":{\"@id\":\"https:\\\/\\\/resibo.pl\\\/blog\\\/tradzik-doroslych-skad-to-sie-bierze\\\/#primaryimage\"},\"thumbnailUrl\":\"https:\\\/\\\/resibo.pl\\\/blog\\\/wp-content\\\/uploads\\\/2015\\\/02\\\/Fotolia_63571394_Subscription_Monthly_M.jpg\",\"articleSection\":[\"O pielegnacji\"],\"inLanguage\":\"pl-PL\",\"potentialAction\":[{\"@type\":\"CommentAction\",\"name\":\"Comment\",\"target\":[\"https:\\\/\\\/resibo.pl\\\/blog\\\/tradzik-doroslych-skad-to-sie-bierze\\\/#respond\"]}]},{\"@type\":\"WebPage\",\"@id\":\"https:\\\/\\\/resibo.pl\\\/blog\\\/tradzik-doroslych-skad-to-sie-bierze\\\/\",\"url\":\"https:\\\/\\\/resibo.pl\\\/blog\\\/tradzik-doroslych-skad-to-sie-bierze\\\/\",\"name\":\"Tr\u0105dzik doros\u0142ych \u2013 sk\u0105d to si\u0119 bierze? - Kosmetyki naturalne Resibo\",\"isPartOf\":{\"@id\":\"https:\\\/\\\/resibo.pl\\\/blog\\\/#website\"},\"primaryImageOfPage\":{\"@id\":\"https:\\\/\\\/resibo.pl\\\/blog\\\/tradzik-doroslych-skad-to-sie-bierze\\\/#primaryimage\"},\"image\":{\"@id\":\"https:\\\/\\\/resibo.pl\\\/blog\\\/tradzik-doroslych-skad-to-sie-bierze\\\/#primaryimage\"},\"thumbnailUrl\":\"https:\\\/\\\/resibo.pl\\\/blog\\\/wp-content\\\/uploads\\\/2015\\\/02\\\/Fotolia_63571394_Subscription_Monthly_M.jpg\",\"datePublished\":\"2016-05-12T09:29:52+00:00\",\"breadcrumb\":{\"@id\":\"https:\\\/\\\/resibo.pl\\\/blog\\\/tradzik-doroslych-skad-to-sie-bierze\\\/#breadcrumb\"},\"inLanguage\":\"pl-PL\",\"potentialAction\":[{\"@type\":\"ReadAction\",\"target\":[\"https:\\\/\\\/resibo.pl\\\/blog\\\/tradzik-doroslych-skad-to-sie-bierze\\\/\"]}]},{\"@type\":\"ImageObject\",\"inLanguage\":\"pl-PL\",\"@id\":\"https:\\\/\\\/resibo.pl\\\/blog\\\/tradzik-doroslych-skad-to-sie-bierze\\\/#primaryimage\",\"url\":\"https:\\\/\\\/resibo.pl\\\/blog\\\/wp-content\\\/uploads\\\/2015\\\/02\\\/Fotolia_63571394_Subscription_Monthly_M.jpg\",\"contentUrl\":\"https:\\\/\\\/resibo.pl\\\/blog\\\/wp-content\\\/uploads\\\/2015\\\/02\\\/Fotolia_63571394_Subscription_Monthly_M.jpg\",\"width\":1687,\"height\":1126},{\"@type\":\"BreadcrumbList\",\"@id\":\"https:\\\/\\\/resibo.pl\\\/blog\\\/tradzik-doroslych-skad-to-sie-bierze\\\/#breadcrumb\",\"itemListElement\":[{\"@type\":\"ListItem\",\"position\":1,\"name\":\"Strona g\u0142\u00f3wna\",\"item\":\"https:\\\/\\\/resibo.pl\\\/blog\\\/\"},{\"@type\":\"ListItem\",\"position\":2,\"name\":\"Tr\u0105dzik doros\u0142ych \u2013 sk\u0105d to si\u0119 bierze?\"}]},{\"@type\":\"WebSite\",\"@id\":\"https:\\\/\\\/resibo.pl\\\/blog\\\/#website\",\"url\":\"https:\\\/\\\/resibo.pl\\\/blog\\\/\",\"name\":\"Kosmetyki naturalne Resibo\",\"description\":\"\",\"publisher\":{\"@id\":\"https:\\\/\\\/resibo.pl\\\/blog\\\/#organization\"},\"potentialAction\":[{\"@type\":\"SearchAction\",\"target\":{\"@type\":\"EntryPoint\",\"urlTemplate\":\"https:\\\/\\\/resibo.pl\\\/blog\\\/?s={search_term_string}\"},\"query-input\":{\"@type\":\"PropertyValueSpecification\",\"valueRequired\":true,\"valueName\":\"search_term_string\"}}],\"inLanguage\":\"pl-PL\"},{\"@type\":\"Organization\",\"@id\":\"https:\\\/\\\/resibo.pl\\\/blog\\\/#organization\",\"name\":\"Resibo\",\"url\":\"https:\\\/\\\/resibo.pl\\\/blog\\\/\",\"logo\":{\"@type\":\"ImageObject\",\"inLanguage\":\"pl-PL\",\"@id\":\"https:\\\/\\\/resibo.pl\\\/blog\\\/#\\\/schema\\\/logo\\\/image\\\/\",\"url\":\"https:\\\/\\\/resibo.pl\\\/blog\\\/wp-content\\\/uploads\\\/2022\\\/02\\\/cropped-logo.png\",\"contentUrl\":\"https:\\\/\\\/resibo.pl\\\/blog\\\/wp-content\\\/uploads\\\/2022\\\/02\\\/cropped-logo.png\",\"width\":274,\"height\":109,\"caption\":\"Resibo\"},\"image\":{\"@id\":\"https:\\\/\\\/resibo.pl\\\/blog\\\/#\\\/schema\\\/logo\\\/image\\\/\"},\"sameAs\":[\"http:\\\/\\\/facebook.com\\\/resiboPL\",\"http:\\\/\\\/instagram.com\\\/resibobynature\"]},{\"@type\":\"Person\",\"@id\":\"https:\\\/\\\/resibo.pl\\\/blog\\\/#\\\/schema\\\/person\\\/b83ed5dbb3219da851fb49ab9f7df4dc\",\"name\":\"Magda\",\"image\":{\"@type\":\"ImageObject\",\"inLanguage\":\"pl-PL\",\"@id\":\"https:\\\/\\\/secure.gravatar.com\\\/avatar\\\/0dfb5ced8ae1e08e5ccb725b615759b70c0470361d1df994cce404b851bfb639?s=96&d=mm&r=g\",\"url\":\"https:\\\/\\\/secure.gravatar.com\\\/avatar\\\/0dfb5ced8ae1e08e5ccb725b615759b70c0470361d1df994cce404b851bfb639?s=96&d=mm&r=g\",\"contentUrl\":\"https:\\\/\\\/secure.gravatar.com\\\/avatar\\\/0dfb5ced8ae1e08e5ccb725b615759b70c0470361d1df994cce404b851bfb639?s=96&d=mm&r=g\",\"caption\":\"Magda\"},\"description\":\"Magdalena Matyga-Kruk, ekspert ds. kosmetologii Kosmetologia i wszystko, co zwi\u0105zane z piel\u0119gnacj\u0105 sk\u00f3ry, to moja pasja. \u017beby nie musie\u0107 nigdy pracowa\u0107, z tej pasji uczyni\u0142am\u2026 prac\u0119. Od ponad pi\u0119ciu lat prowadz\u0119 salon kosmetyczny Magda M w \u015awidnicy, kt\u00f3remu po\u015bwi\u0119cam wi\u0119kszo\u015b\u0107 swojego czasu. Ci\u0105gle poszerzam swoj\u0105 wiedz\u0119, a zadowolenie moich coraz liczniejszych klient\u00f3w to najlepsza zap\u0142ata, bo jestem kosmetyczk\u0105 z wykszta\u0142cenia, ale przede wszystkim z zami\u0142owania.\",\"url\":\"https:\\\/\\\/resibo.pl\\\/blog\\\/author\\\/magda\\\/\"}]}<\/script>\n<!-- \/ Yoast SEO plugin. -->","yoast_head_json":{"title":"Tr\u0105dzik doros\u0142ych \u2013 sk\u0105d to si\u0119 bierze? - Kosmetyki naturalne Resibo","robots":{"index":"index","follow":"follow","max-snippet":"max-snippet:-1","max-image-preview":"max-image-preview:large","max-video-preview":"max-video-preview:-1"},"canonical":"https:\/\/resibo.pl\/blog\/tradzik-doroslych-skad-to-sie-bierze\/","og_locale":"pl_PL","og_type":"article","og_title":"Tr\u0105dzik doros\u0142ych \u2013 sk\u0105d to si\u0119 bierze? - Kosmetyki naturalne Resibo","og_description":"Jeszcze kilkana\u015bcie lat temu s\u0142owo \u201etr\u0105dzik\u201d wyst\u0119powa\u0142o tylko w parze ze s\u0142owem \u201em\u0142odzie\u0144czy\u201d. Pacjentami gabinet\u00f3w dermatologicznych i salon\u00f3w kosmetycznych, kt\u00f3re boryka\u0142y si\u0119 z tym problemem, by\u0142y m\u0142ode osoby w okresie pokwitania. G\u0142\u00f3wni winowajcy byli okre\u015bleni do\u015b\u0107 precyzyjnie \u2013 hormony, a wraz zaburzeniami gospodarki hormonalnej \u2013 nieprawid\u0142owe rogowacenie uj\u015b\u0107 mieszk\u00f3w w\u0142osowych, \u0142ojotok i aktywno\u015b\u0107 bakterii beztlenowych....","og_url":"https:\/\/resibo.pl\/blog\/tradzik-doroslych-skad-to-sie-bierze\/","og_site_name":"Kosmetyki naturalne Resibo","article_publisher":"http:\/\/facebook.com\/resiboPL","article_published_time":"2016-05-12T09:29:52+00:00","author":"Magda","twitter_misc":{"Napisane przez":"Magda","Szacowany czas czytania":"5 minut"},"schema":{"@context":"https:\/\/schema.org","@graph":[{"@type":"Article","@id":"https:\/\/resibo.pl\/blog\/tradzik-doroslych-skad-to-sie-bierze\/#article","isPartOf":{"@id":"https:\/\/resibo.pl\/blog\/tradzik-doroslych-skad-to-sie-bierze\/"},"author":{"name":"Magda","@id":"https:\/\/resibo.pl\/blog\/#\/schema\/person\/b83ed5dbb3219da851fb49ab9f7df4dc"},"headline":"Tr\u0105dzik doros\u0142ych \u2013 sk\u0105d to si\u0119 bierze?","datePublished":"2016-05-12T09:29:52+00:00","mainEntityOfPage":{"@id":"https:\/\/resibo.pl\/blog\/tradzik-doroslych-skad-to-sie-bierze\/"},"wordCount":953,"commentCount":0,"publisher":{"@id":"https:\/\/resibo.pl\/blog\/#organization"},"image":{"@id":"https:\/\/resibo.pl\/blog\/tradzik-doroslych-skad-to-sie-bierze\/#primaryimage"},"thumbnailUrl":"https:\/\/resibo.pl\/blog\/wp-content\/uploads\/2015\/02\/Fotolia_63571394_Subscription_Monthly_M.jpg","articleSection":["O pielegnacji"],"inLanguage":"pl-PL","potentialAction":[{"@type":"CommentAction","name":"Comment","target":["https:\/\/resibo.pl\/blog\/tradzik-doroslych-skad-to-sie-bierze\/#respond"]}]},{"@type":"WebPage","@id":"https:\/\/resibo.pl\/blog\/tradzik-doroslych-skad-to-sie-bierze\/","url":"https:\/\/resibo.pl\/blog\/tradzik-doroslych-skad-to-sie-bierze\/","name":"Tr\u0105dzik doros\u0142ych \u2013 sk\u0105d to si\u0119 bierze? - Kosmetyki naturalne Resibo","isPartOf":{"@id":"https:\/\/resibo.pl\/blog\/#website"},"primaryImageOfPage":{"@id":"https:\/\/resibo.pl\/blog\/tradzik-doroslych-skad-to-sie-bierze\/#primaryimage"},"image":{"@id":"https:\/\/resibo.pl\/blog\/tradzik-doroslych-skad-to-sie-bierze\/#primaryimage"},"thumbnailUrl":"https:\/\/resibo.pl\/blog\/wp-content\/uploads\/2015\/02\/Fotolia_63571394_Subscription_Monthly_M.jpg","datePublished":"2016-05-12T09:29:52+00:00","breadcrumb":{"@id":"https:\/\/resibo.pl\/blog\/tradzik-doroslych-skad-to-sie-bierze\/#breadcrumb"},"inLanguage":"pl-PL","potentialAction":[{"@type":"ReadAction","target":["https:\/\/resibo.pl\/blog\/tradzik-doroslych-skad-to-sie-bierze\/"]}]},{"@type":"ImageObject","inLanguage":"pl-PL","@id":"https:\/\/resibo.pl\/blog\/tradzik-doroslych-skad-to-sie-bierze\/#primaryimage","url":"https:\/\/resibo.pl\/blog\/wp-content\/uploads\/2015\/02\/Fotolia_63571394_Subscription_Monthly_M.jpg","contentUrl":"https:\/\/resibo.pl\/blog\/wp-content\/uploads\/2015\/02\/Fotolia_63571394_Subscription_Monthly_M.jpg","width":1687,"height":1126},{"@type":"BreadcrumbList","@id":"https:\/\/resibo.pl\/blog\/tradzik-doroslych-skad-to-sie-bierze\/#breadcrumb","itemListElement":[{"@type":"ListItem","position":1,"name":"Strona g\u0142\u00f3wna","item":"https:\/\/resibo.pl\/blog\/"},{"@type":"ListItem","position":2,"name":"Tr\u0105dzik doros\u0142ych \u2013 sk\u0105d to si\u0119 bierze?"}]},{"@type":"WebSite","@id":"https:\/\/resibo.pl\/blog\/#website","url":"https:\/\/resibo.pl\/blog\/","name":"Kosmetyki naturalne Resibo","description":"","publisher":{"@id":"https:\/\/resibo.pl\/blog\/#organization"},"potentialAction":[{"@type":"SearchAction","target":{"@type":"EntryPoint","urlTemplate":"https:\/\/resibo.pl\/blog\/?s={search_term_string}"},"query-input":{"@type":"PropertyValueSpecification","valueRequired":true,"valueName":"search_term_string"}}],"inLanguage":"pl-PL"},{"@type":"Organization","@id":"https:\/\/resibo.pl\/blog\/#organization","name":"Resibo","url":"https:\/\/resibo.pl\/blog\/","logo":{"@type":"ImageObject","inLanguage":"pl-PL","@id":"https:\/\/resibo.pl\/blog\/#\/schema\/logo\/image\/","url":"https:\/\/resibo.pl\/blog\/wp-content\/uploads\/2022\/02\/cropped-logo.png","contentUrl":"https:\/\/resibo.pl\/blog\/wp-content\/uploads\/2022\/02\/cropped-logo.png","width":274,"height":109,"caption":"Resibo"},"image":{"@id":"https:\/\/resibo.pl\/blog\/#\/schema\/logo\/image\/"},"sameAs":["http:\/\/facebook.com\/resiboPL","http:\/\/instagram.com\/resibobynature"]},{"@type":"Person","@id":"https:\/\/resibo.pl\/blog\/#\/schema\/person\/b83ed5dbb3219da851fb49ab9f7df4dc","name":"Magda","image":{"@type":"ImageObject","inLanguage":"pl-PL","@id":"https:\/\/secure.gravatar.com\/avatar\/0dfb5ced8ae1e08e5ccb725b615759b70c0470361d1df994cce404b851bfb639?s=96&d=mm&r=g","url":"https:\/\/secure.gravatar.com\/avatar\/0dfb5ced8ae1e08e5ccb725b615759b70c0470361d1df994cce404b851bfb639?s=96&d=mm&r=g","contentUrl":"https:\/\/secure.gravatar.com\/avatar\/0dfb5ced8ae1e08e5ccb725b615759b70c0470361d1df994cce404b851bfb639?s=96&d=mm&r=g","caption":"Magda"},"description":"Magdalena Matyga-Kruk, ekspert ds. kosmetologii Kosmetologia i wszystko, co zwi\u0105zane z piel\u0119gnacj\u0105 sk\u00f3ry, to moja pasja. \u017beby nie musie\u0107 nigdy pracowa\u0107, z tej pasji uczyni\u0142am\u2026 prac\u0119. Od ponad pi\u0119ciu lat prowadz\u0119 salon kosmetyczny Magda M w \u015awidnicy, kt\u00f3remu po\u015bwi\u0119cam wi\u0119kszo\u015b\u0107 swojego czasu. Ci\u0105gle poszerzam swoj\u0105 wiedz\u0119, a zadowolenie moich coraz liczniejszych klient\u00f3w to najlepsza zap\u0142ata, bo jestem kosmetyczk\u0105 z wykszta\u0142cenia, ale przede wszystkim z zami\u0142owania.","url":"https:\/\/resibo.pl\/blog\/author\/magda\/"}]}},"_links":{"self":[{"href":"https:\/\/resibo.pl\/blog\/wp-json\/wp\/v2\/posts\/6375","targetHints":{"allow":["GET"]}}],"collection":[{"href":"https:\/\/resibo.pl\/blog\/wp-json\/wp\/v2\/posts"}],"about":[{"href":"https:\/\/resibo.pl\/blog\/wp-json\/wp\/v2\/types\/post"}],"author":[{"embeddable":true,"href":"https:\/\/resibo.pl\/blog\/wp-json\/wp\/v2\/users\/8"}],"replies":[{"embeddable":true,"href":"https:\/\/resibo.pl\/blog\/wp-json\/wp\/v2\/comments?post=6375"}],"version-history":[{"count":0,"href":"https:\/\/resibo.pl\/blog\/wp-json\/wp\/v2\/posts\/6375\/revisions"}],"wp:featuredmedia":[{"embeddable":true,"href":"https:\/\/resibo.pl\/blog\/wp-json\/wp\/v2\/media\/4878"}],"wp:attachment":[{"href":"https:\/\/resibo.pl\/blog\/wp-json\/wp\/v2\/media?parent=6375"}],"wp:term":[{"taxonomy":"category","embeddable":true,"href":"https:\/\/resibo.pl\/blog\/wp-json\/wp\/v2\/categories?post=6375"},{"taxonomy":"post_tag","embeddable":true,"href":"https:\/\/resibo.pl\/blog\/wp-json\/wp\/v2\/tags?post=6375"}],"curies":[{"name":"wp","href":"https:\/\/api.w.org\/{rel}","templated":true}]}}