{"id":6596,"date":"2016-08-31T09:38:51","date_gmt":"2016-08-31T07:38:51","guid":{"rendered":"https:\/\/resibo.pl\/blog\/?p=6596"},"modified":"2016-08-31T09:38:51","modified_gmt":"2016-08-31T07:38:51","slug":"kosmetyki-przeciwzmarszczkowe-co-to-znaczy-i-kiedy-zaczac-ich-uzywac","status":"publish","type":"post","link":"https:\/\/resibo.pl\/blog\/kosmetyki-przeciwzmarszczkowe-co-to-znaczy-i-kiedy-zaczac-ich-uzywac\/","title":{"rendered":"Kosmetyki przeciwzmarszczkowe \u2013 co to znaczy i kiedy zacz\u0105\u0107 ich u\u017cywa\u0107?\u00a0"},"content":{"rendered":"<div class=\"vgblk-rw-wrapper limit-wrapper\">\n<p style=\"text-align: justify;\">Du\u017co ju\u017c wiemy o piel\u0119gnacji. O tym, jak oczyszcza\u0107 sk\u00f3r\u0119 i dlaczego jest to takie wa\u017cne, kiedy nawil\u017ca\u0107, a kiedy od\u017cywia\u0107, i z pewno\u015bci\u0105 jeszcze nie raz b\u0119dziemy o tym przypomina\u0107. Wci\u0105\u017c jednak nie do ko\u0144ca wiemy, kiedy do codziennych rytua\u0142\u00f3w piel\u0119gnacyjnych w\u0142\u0105czy\u0107 kremy i preparaty przeciwzmarszczkowe. I co to w og\u00f3le znaczy, \u017ce krem jest przeciwzmarszczkowy?<\/p>\n<blockquote><p>Odpowied\u017a na to pytanie jest wa\u017cna, pozwala bowiem mie\u0107 wobec stosowanych specyfik\u00f3w realne oczekiwania i nie by\u0107 nimi rozczarowanym.<\/p><\/blockquote>\n<p style=\"text-align: justify;\">Kto\u015b kiedy\u015b powiedzia\u0142, \u017ce nasza sk\u00f3ra zaczyna starze\u0107 si\u0119 od momentu narodzin. Nie do ko\u0144ca tak to wygl\u0105da. W m\u0142odym wieku nowe kom\u00f3rki produkowane s\u0105 z tak\u0105 pr\u0119dko\u015bci\u0105, \u017ce o starzeniu nie mo\u017ce by\u0107 mowy. Sk\u00f3ra wytwarza optymalne dla nawil\u017cenia i elastyczno\u015bci ilo\u015bci kwasu hialuronowego, kolagenu i elastyny. Dopiero mniej wi\u0119cej ko\u0142o dwudziestego, dwudziestego pi\u0105tego roku \u017cycia synteza tych cennych w\u0142\u00f3kien i kwasu hialuronowego zaczyna z ka\u017cdym rokiem systematycznie spada\u0107. Z pewno\u015bci\u0105 szybciej proces ten, nawet przed dwudziestk\u0105, zacznie si\u0119 u os\u00f3b, kt\u00f3re prowadz\u0105 niehigieniczny tryb \u017cycia \u2013 korzystaj\u0105 z solarium, s\u0142o\u0144ca, pal\u0105 papierosy, nadu\u017cywaj\u0105 alkoholu itp. (du\u017c\u0105 rol\u0119 odgrywaj\u0105 tu r\u00f3wnie\u017c czynniki genetyczne), wi\u0119c<\/p>\n<blockquote><p>jest to dobry moment, aby pomy\u015ble\u0107 o profilaktyce przeciwzmarszczkowej.<\/p><\/blockquote>\n<p style=\"text-align: justify;\">Co to oznacza? Na pewno nie to, \u017ce na ka\u017cdym kupowanym produkcie musi istnie\u0107 s\u0142owo \u201eprzeciwzmarszczkowy\u201d czy ch\u0119tniej teraz wykorzystywane \u201eanti-aging\u201d. Bo prawda jest taka, \u017ce ka\u017cdy krem, maska, serum o dzia\u0142aniu nawil\u017caj\u0105cym czy od\u017cywczym JEST jednocze\u015bnie preparatem o dzia\u0142aniu przeciwzmarszczkowym. Dlaczego? Dlatego \u017ce jego rola polega na dostarczeniu sk\u00f3rze substancji, kt\u00f3rych ma z wiekiem coraz mniej, i takich, kt\u00f3re b\u0119d\u0105 stymulowa\u0142y j\u0105 do produkcji nowych kom\u00f3rek. Ponadto zabezpieczaj\u0105 i wspieraj\u0105 funkcjonowanie zewn\u0119trznej warstwy hydrolipidowej chroni\u0105cej przed utrat\u0105 wilgoci i wnikaniem drobnoustroj\u00f3w.<\/p>\n<blockquote><p>Stosowanie hase\u0142 typu \u201e20+\u201d, \u201e30+\u201d \u201e50+\u201d jest bardziej zabiegiem marketingowym<\/p><\/blockquote>\n<p style=\"text-align: justify;\"><a href=\"https:\/\/resibo.pl\/produkt\/3\/krem-odzywczy\"><img fetchpriority=\"high\" decoding=\"async\" width=\"1024\" height=\"683\" class=\"aligncenter size-large wp-image-6598\" src=\"https:\/\/resibo.pl\/blog\/wp-content\/uploads\/2016\/08\/DSC_7096-1024x683.jpg\" alt=\"DSC_7096\" srcset=\"https:\/\/resibo.pl\/blog\/wp-content\/uploads\/2016\/08\/DSC_7096-1024x683.jpg 1024w, https:\/\/resibo.pl\/blog\/wp-content\/uploads\/2016\/08\/DSC_7096-scaled-315x210.jpg 315w, https:\/\/resibo.pl\/blog\/wp-content\/uploads\/2016\/08\/DSC_7096-scaled-630x420.jpg 630w, https:\/\/resibo.pl\/blog\/wp-content\/uploads\/2016\/08\/DSC_7096-300x200.jpg 300w, https:\/\/resibo.pl\/blog\/wp-content\/uploads\/2016\/08\/DSC_7096-1075x717.jpg 1075w\" sizes=\"(max-width: 1024px) 100vw, 1024px\" \/><\/a><\/p>\n<p style=\"text-align: justify;\">bo cho\u0107 istniej\u0105 du\u017ce r\u00f3\u017cnice w wygl\u0105dzie mi\u0119dzy cer\u0105 dwudziesto- a pi\u0119\u0107dziesi\u0119ciolatki, ich potrzeby i to, co mo\u017cemy dzi\u0119ki kremom osi\u0105gn\u0105\u0107, cz\u0119sto s\u0105 bardzo podobne. Pomijam sk\u00f3ry z problemami czy r\u00f3\u017cnymi dermatozami, bo takie wymagaj\u0105 zazwyczaj szczeg\u00f3lnego traktowania.<\/p>\n<p style=\"text-align: justify;\">Dlatego je\u015bli masz 20, 40 czy 60 lat i zastanawiasz si\u0119, czy np. <a href=\"https:\/\/resibo.pl\/produkt\/3\/krem-odzywczy\">krem od\u017cywczy Resibo<\/a> jest dobry dla Ciebie, odpowied\u017a brzmi: tak! Wystarczy si\u0119 tylko o tym przekona\u0107 \ud83d\ude42<\/p>\n<\/div>\n<p><!-- .vgblk-rw-wrapper --><\/p>\n","protected":false},"excerpt":{"rendered":"<p>Du\u017co ju\u017c wiemy o piel\u0119gnacji. O tym, jak oczyszcza\u0107 sk\u00f3r\u0119 i dlaczego jest to takie wa\u017cne, kiedy nawil\u017ca\u0107, a kiedy od\u017cywia\u0107, i z pewno\u015bci\u0105 jeszcze nie raz b\u0119dziemy o tym przypomina\u0107. Wci\u0105\u017c jednak nie do ko\u0144ca wiemy, kiedy do codziennych rytua\u0142\u00f3w piel\u0119gnacyjnych w\u0142\u0105czy\u0107 kremy i preparaty przeciwzmarszczkowe. I co to w og\u00f3le znaczy, \u017ce krem&#8230;<\/p>\n","protected":false},"author":8,"featured_media":6597,"comment_status":"open","ping_status":"open","sticky":false,"template":"","format":"standard","meta":{"footnotes":""},"categories":[40],"tags":[],"class_list":["post-6596","post","type-post","status-publish","format-standard","has-post-thumbnail","hentry","category-magda-o-pielegnacji"],"yoast_head":"<!-- This site is optimized with the Yoast SEO plugin v27.4 - https:\/\/yoast.com\/product\/yoast-seo-wordpress\/ -->\n<title>Kosmetyki przeciwzmarszczkowe \u2013 co to znaczy i kiedy zacz\u0105\u0107 ich u\u017cywa\u0107?\u00a0 - Kosmetyki naturalne Resibo<\/title>\n<meta name=\"robots\" content=\"index, follow, max-snippet:-1, max-image-preview:large, max-video-preview:-1\" \/>\n<link rel=\"canonical\" href=\"https:\/\/resibo.pl\/blog\/kosmetyki-przeciwzmarszczkowe-co-to-znaczy-i-kiedy-zaczac-ich-uzywac\/\" \/>\n<meta property=\"og:locale\" content=\"pl_PL\" \/>\n<meta property=\"og:type\" content=\"article\" \/>\n<meta property=\"og:title\" content=\"Kosmetyki przeciwzmarszczkowe \u2013 co to znaczy i kiedy zacz\u0105\u0107 ich u\u017cywa\u0107?\u00a0 - Kosmetyki naturalne Resibo\" \/>\n<meta property=\"og:description\" content=\"Du\u017co ju\u017c wiemy o piel\u0119gnacji. O tym, jak oczyszcza\u0107 sk\u00f3r\u0119 i dlaczego jest to takie wa\u017cne, kiedy nawil\u017ca\u0107, a kiedy od\u017cywia\u0107, i z pewno\u015bci\u0105 jeszcze nie raz b\u0119dziemy o tym przypomina\u0107. Wci\u0105\u017c jednak nie do ko\u0144ca wiemy, kiedy do codziennych rytua\u0142\u00f3w piel\u0119gnacyjnych w\u0142\u0105czy\u0107 kremy i preparaty przeciwzmarszczkowe. I co to w og\u00f3le znaczy, \u017ce krem...\" \/>\n<meta property=\"og:url\" content=\"https:\/\/resibo.pl\/blog\/kosmetyki-przeciwzmarszczkowe-co-to-znaczy-i-kiedy-zaczac-ich-uzywac\/\" \/>\n<meta property=\"og:site_name\" content=\"Kosmetyki naturalne Resibo\" \/>\n<meta property=\"article:publisher\" content=\"http:\/\/facebook.com\/resiboPL\" \/>\n<meta property=\"article:published_time\" content=\"2016-08-31T07:38:51+00:00\" \/>\n<meta property=\"og:image\" content=\"https:\/\/resibo.pl\/blog\/wp-content\/uploads\/2016\/08\/DSC_7096-1024x683.jpg\" \/>\n<meta name=\"author\" content=\"Magda\" \/>\n<meta name=\"twitter:label1\" content=\"Napisane przez\" \/>\n\t<meta name=\"twitter:data1\" content=\"Magda\" \/>\n\t<meta name=\"twitter:label2\" content=\"Szacowany czas czytania\" \/>\n\t<meta name=\"twitter:data2\" content=\"2 minuty\" \/>\n<script type=\"application\/ld+json\" class=\"yoast-schema-graph\">{\"@context\":\"https:\\\/\\\/schema.org\",\"@graph\":[{\"@type\":\"Article\",\"@id\":\"https:\\\/\\\/resibo.pl\\\/blog\\\/kosmetyki-przeciwzmarszczkowe-co-to-znaczy-i-kiedy-zaczac-ich-uzywac\\\/#article\",\"isPartOf\":{\"@id\":\"https:\\\/\\\/resibo.pl\\\/blog\\\/kosmetyki-przeciwzmarszczkowe-co-to-znaczy-i-kiedy-zaczac-ich-uzywac\\\/\"},\"author\":{\"name\":\"Magda\",\"@id\":\"https:\\\/\\\/resibo.pl\\\/blog\\\/#\\\/schema\\\/person\\\/b83ed5dbb3219da851fb49ab9f7df4dc\"},\"headline\":\"Kosmetyki przeciwzmarszczkowe \u2013 co to znaczy i kiedy zacz\u0105\u0107 ich u\u017cywa\u0107?\u00a0\",\"datePublished\":\"2016-08-31T07:38:51+00:00\",\"mainEntityOfPage\":{\"@id\":\"https:\\\/\\\/resibo.pl\\\/blog\\\/kosmetyki-przeciwzmarszczkowe-co-to-znaczy-i-kiedy-zaczac-ich-uzywac\\\/\"},\"wordCount\":428,\"commentCount\":0,\"publisher\":{\"@id\":\"https:\\\/\\\/resibo.pl\\\/blog\\\/#organization\"},\"image\":{\"@id\":\"https:\\\/\\\/resibo.pl\\\/blog\\\/kosmetyki-przeciwzmarszczkowe-co-to-znaczy-i-kiedy-zaczac-ich-uzywac\\\/#primaryimage\"},\"thumbnailUrl\":\"https:\\\/\\\/resibo.pl\\\/blog\\\/wp-content\\\/uploads\\\/2016\\\/08\\\/DSC_1410-scaled.jpg\",\"articleSection\":[\"O pielegnacji\"],\"inLanguage\":\"pl-PL\",\"potentialAction\":[{\"@type\":\"CommentAction\",\"name\":\"Comment\",\"target\":[\"https:\\\/\\\/resibo.pl\\\/blog\\\/kosmetyki-przeciwzmarszczkowe-co-to-znaczy-i-kiedy-zaczac-ich-uzywac\\\/#respond\"]}]},{\"@type\":\"WebPage\",\"@id\":\"https:\\\/\\\/resibo.pl\\\/blog\\\/kosmetyki-przeciwzmarszczkowe-co-to-znaczy-i-kiedy-zaczac-ich-uzywac\\\/\",\"url\":\"https:\\\/\\\/resibo.pl\\\/blog\\\/kosmetyki-przeciwzmarszczkowe-co-to-znaczy-i-kiedy-zaczac-ich-uzywac\\\/\",\"name\":\"Kosmetyki przeciwzmarszczkowe \u2013 co to znaczy i kiedy zacz\u0105\u0107 ich u\u017cywa\u0107?\u00a0 - Kosmetyki naturalne Resibo\",\"isPartOf\":{\"@id\":\"https:\\\/\\\/resibo.pl\\\/blog\\\/#website\"},\"primaryImageOfPage\":{\"@id\":\"https:\\\/\\\/resibo.pl\\\/blog\\\/kosmetyki-przeciwzmarszczkowe-co-to-znaczy-i-kiedy-zaczac-ich-uzywac\\\/#primaryimage\"},\"image\":{\"@id\":\"https:\\\/\\\/resibo.pl\\\/blog\\\/kosmetyki-przeciwzmarszczkowe-co-to-znaczy-i-kiedy-zaczac-ich-uzywac\\\/#primaryimage\"},\"thumbnailUrl\":\"https:\\\/\\\/resibo.pl\\\/blog\\\/wp-content\\\/uploads\\\/2016\\\/08\\\/DSC_1410-scaled.jpg\",\"datePublished\":\"2016-08-31T07:38:51+00:00\",\"breadcrumb\":{\"@id\":\"https:\\\/\\\/resibo.pl\\\/blog\\\/kosmetyki-przeciwzmarszczkowe-co-to-znaczy-i-kiedy-zaczac-ich-uzywac\\\/#breadcrumb\"},\"inLanguage\":\"pl-PL\",\"potentialAction\":[{\"@type\":\"ReadAction\",\"target\":[\"https:\\\/\\\/resibo.pl\\\/blog\\\/kosmetyki-przeciwzmarszczkowe-co-to-znaczy-i-kiedy-zaczac-ich-uzywac\\\/\"]}]},{\"@type\":\"ImageObject\",\"inLanguage\":\"pl-PL\",\"@id\":\"https:\\\/\\\/resibo.pl\\\/blog\\\/kosmetyki-przeciwzmarszczkowe-co-to-znaczy-i-kiedy-zaczac-ich-uzywac\\\/#primaryimage\",\"url\":\"https:\\\/\\\/resibo.pl\\\/blog\\\/wp-content\\\/uploads\\\/2016\\\/08\\\/DSC_1410-scaled.jpg\",\"contentUrl\":\"https:\\\/\\\/resibo.pl\\\/blog\\\/wp-content\\\/uploads\\\/2016\\\/08\\\/DSC_1410-scaled.jpg\",\"width\":2560,\"height\":1707},{\"@type\":\"BreadcrumbList\",\"@id\":\"https:\\\/\\\/resibo.pl\\\/blog\\\/kosmetyki-przeciwzmarszczkowe-co-to-znaczy-i-kiedy-zaczac-ich-uzywac\\\/#breadcrumb\",\"itemListElement\":[{\"@type\":\"ListItem\",\"position\":1,\"name\":\"Strona g\u0142\u00f3wna\",\"item\":\"https:\\\/\\\/resibo.pl\\\/blog\\\/\"},{\"@type\":\"ListItem\",\"position\":2,\"name\":\"Kosmetyki przeciwzmarszczkowe \u2013 co to znaczy i kiedy zacz\u0105\u0107 ich u\u017cywa\u0107?\u00a0\"}]},{\"@type\":\"WebSite\",\"@id\":\"https:\\\/\\\/resibo.pl\\\/blog\\\/#website\",\"url\":\"https:\\\/\\\/resibo.pl\\\/blog\\\/\",\"name\":\"Kosmetyki naturalne Resibo\",\"description\":\"\",\"publisher\":{\"@id\":\"https:\\\/\\\/resibo.pl\\\/blog\\\/#organization\"},\"potentialAction\":[{\"@type\":\"SearchAction\",\"target\":{\"@type\":\"EntryPoint\",\"urlTemplate\":\"https:\\\/\\\/resibo.pl\\\/blog\\\/?s={search_term_string}\"},\"query-input\":{\"@type\":\"PropertyValueSpecification\",\"valueRequired\":true,\"valueName\":\"search_term_string\"}}],\"inLanguage\":\"pl-PL\"},{\"@type\":\"Organization\",\"@id\":\"https:\\\/\\\/resibo.pl\\\/blog\\\/#organization\",\"name\":\"Resibo\",\"url\":\"https:\\\/\\\/resibo.pl\\\/blog\\\/\",\"logo\":{\"@type\":\"ImageObject\",\"inLanguage\":\"pl-PL\",\"@id\":\"https:\\\/\\\/resibo.pl\\\/blog\\\/#\\\/schema\\\/logo\\\/image\\\/\",\"url\":\"https:\\\/\\\/resibo.pl\\\/blog\\\/wp-content\\\/uploads\\\/2022\\\/02\\\/cropped-logo.png\",\"contentUrl\":\"https:\\\/\\\/resibo.pl\\\/blog\\\/wp-content\\\/uploads\\\/2022\\\/02\\\/cropped-logo.png\",\"width\":274,\"height\":109,\"caption\":\"Resibo\"},\"image\":{\"@id\":\"https:\\\/\\\/resibo.pl\\\/blog\\\/#\\\/schema\\\/logo\\\/image\\\/\"},\"sameAs\":[\"http:\\\/\\\/facebook.com\\\/resiboPL\",\"http:\\\/\\\/instagram.com\\\/resibobynature\"]},{\"@type\":\"Person\",\"@id\":\"https:\\\/\\\/resibo.pl\\\/blog\\\/#\\\/schema\\\/person\\\/b83ed5dbb3219da851fb49ab9f7df4dc\",\"name\":\"Magda\",\"image\":{\"@type\":\"ImageObject\",\"inLanguage\":\"pl-PL\",\"@id\":\"https:\\\/\\\/secure.gravatar.com\\\/avatar\\\/0dfb5ced8ae1e08e5ccb725b615759b70c0470361d1df994cce404b851bfb639?s=96&d=mm&r=g\",\"url\":\"https:\\\/\\\/secure.gravatar.com\\\/avatar\\\/0dfb5ced8ae1e08e5ccb725b615759b70c0470361d1df994cce404b851bfb639?s=96&d=mm&r=g\",\"contentUrl\":\"https:\\\/\\\/secure.gravatar.com\\\/avatar\\\/0dfb5ced8ae1e08e5ccb725b615759b70c0470361d1df994cce404b851bfb639?s=96&d=mm&r=g\",\"caption\":\"Magda\"},\"description\":\"Magdalena Matyga-Kruk, ekspert ds. kosmetologii Kosmetologia i wszystko, co zwi\u0105zane z piel\u0119gnacj\u0105 sk\u00f3ry, to moja pasja. \u017beby nie musie\u0107 nigdy pracowa\u0107, z tej pasji uczyni\u0142am\u2026 prac\u0119. Od ponad pi\u0119ciu lat prowadz\u0119 salon kosmetyczny Magda M w \u015awidnicy, kt\u00f3remu po\u015bwi\u0119cam wi\u0119kszo\u015b\u0107 swojego czasu. Ci\u0105gle poszerzam swoj\u0105 wiedz\u0119, a zadowolenie moich coraz liczniejszych klient\u00f3w to najlepsza zap\u0142ata, bo jestem kosmetyczk\u0105 z wykszta\u0142cenia, ale przede wszystkim z zami\u0142owania.\",\"url\":\"https:\\\/\\\/resibo.pl\\\/blog\\\/author\\\/magda\\\/\"}]}<\/script>\n<!-- \/ Yoast SEO plugin. -->","yoast_head_json":{"title":"Kosmetyki przeciwzmarszczkowe \u2013 co to znaczy i kiedy zacz\u0105\u0107 ich u\u017cywa\u0107?\u00a0 - Kosmetyki naturalne Resibo","robots":{"index":"index","follow":"follow","max-snippet":"max-snippet:-1","max-image-preview":"max-image-preview:large","max-video-preview":"max-video-preview:-1"},"canonical":"https:\/\/resibo.pl\/blog\/kosmetyki-przeciwzmarszczkowe-co-to-znaczy-i-kiedy-zaczac-ich-uzywac\/","og_locale":"pl_PL","og_type":"article","og_title":"Kosmetyki przeciwzmarszczkowe \u2013 co to znaczy i kiedy zacz\u0105\u0107 ich u\u017cywa\u0107?\u00a0 - Kosmetyki naturalne Resibo","og_description":"Du\u017co ju\u017c wiemy o piel\u0119gnacji. O tym, jak oczyszcza\u0107 sk\u00f3r\u0119 i dlaczego jest to takie wa\u017cne, kiedy nawil\u017ca\u0107, a kiedy od\u017cywia\u0107, i z pewno\u015bci\u0105 jeszcze nie raz b\u0119dziemy o tym przypomina\u0107. Wci\u0105\u017c jednak nie do ko\u0144ca wiemy, kiedy do codziennych rytua\u0142\u00f3w piel\u0119gnacyjnych w\u0142\u0105czy\u0107 kremy i preparaty przeciwzmarszczkowe. I co to w og\u00f3le znaczy, \u017ce krem...","og_url":"https:\/\/resibo.pl\/blog\/kosmetyki-przeciwzmarszczkowe-co-to-znaczy-i-kiedy-zaczac-ich-uzywac\/","og_site_name":"Kosmetyki naturalne Resibo","article_publisher":"http:\/\/facebook.com\/resiboPL","article_published_time":"2016-08-31T07:38:51+00:00","og_image":[{"url":"https:\/\/resibo.pl\/blog\/wp-content\/uploads\/2016\/08\/DSC_7096-1024x683.jpg","type":"","width":"","height":""}],"author":"Magda","twitter_misc":{"Napisane przez":"Magda","Szacowany czas czytania":"2 minuty"},"schema":{"@context":"https:\/\/schema.org","@graph":[{"@type":"Article","@id":"https:\/\/resibo.pl\/blog\/kosmetyki-przeciwzmarszczkowe-co-to-znaczy-i-kiedy-zaczac-ich-uzywac\/#article","isPartOf":{"@id":"https:\/\/resibo.pl\/blog\/kosmetyki-przeciwzmarszczkowe-co-to-znaczy-i-kiedy-zaczac-ich-uzywac\/"},"author":{"name":"Magda","@id":"https:\/\/resibo.pl\/blog\/#\/schema\/person\/b83ed5dbb3219da851fb49ab9f7df4dc"},"headline":"Kosmetyki przeciwzmarszczkowe \u2013 co to znaczy i kiedy zacz\u0105\u0107 ich u\u017cywa\u0107?\u00a0","datePublished":"2016-08-31T07:38:51+00:00","mainEntityOfPage":{"@id":"https:\/\/resibo.pl\/blog\/kosmetyki-przeciwzmarszczkowe-co-to-znaczy-i-kiedy-zaczac-ich-uzywac\/"},"wordCount":428,"commentCount":0,"publisher":{"@id":"https:\/\/resibo.pl\/blog\/#organization"},"image":{"@id":"https:\/\/resibo.pl\/blog\/kosmetyki-przeciwzmarszczkowe-co-to-znaczy-i-kiedy-zaczac-ich-uzywac\/#primaryimage"},"thumbnailUrl":"https:\/\/resibo.pl\/blog\/wp-content\/uploads\/2016\/08\/DSC_1410-scaled.jpg","articleSection":["O pielegnacji"],"inLanguage":"pl-PL","potentialAction":[{"@type":"CommentAction","name":"Comment","target":["https:\/\/resibo.pl\/blog\/kosmetyki-przeciwzmarszczkowe-co-to-znaczy-i-kiedy-zaczac-ich-uzywac\/#respond"]}]},{"@type":"WebPage","@id":"https:\/\/resibo.pl\/blog\/kosmetyki-przeciwzmarszczkowe-co-to-znaczy-i-kiedy-zaczac-ich-uzywac\/","url":"https:\/\/resibo.pl\/blog\/kosmetyki-przeciwzmarszczkowe-co-to-znaczy-i-kiedy-zaczac-ich-uzywac\/","name":"Kosmetyki przeciwzmarszczkowe \u2013 co to znaczy i kiedy zacz\u0105\u0107 ich u\u017cywa\u0107?\u00a0 - Kosmetyki naturalne Resibo","isPartOf":{"@id":"https:\/\/resibo.pl\/blog\/#website"},"primaryImageOfPage":{"@id":"https:\/\/resibo.pl\/blog\/kosmetyki-przeciwzmarszczkowe-co-to-znaczy-i-kiedy-zaczac-ich-uzywac\/#primaryimage"},"image":{"@id":"https:\/\/resibo.pl\/blog\/kosmetyki-przeciwzmarszczkowe-co-to-znaczy-i-kiedy-zaczac-ich-uzywac\/#primaryimage"},"thumbnailUrl":"https:\/\/resibo.pl\/blog\/wp-content\/uploads\/2016\/08\/DSC_1410-scaled.jpg","datePublished":"2016-08-31T07:38:51+00:00","breadcrumb":{"@id":"https:\/\/resibo.pl\/blog\/kosmetyki-przeciwzmarszczkowe-co-to-znaczy-i-kiedy-zaczac-ich-uzywac\/#breadcrumb"},"inLanguage":"pl-PL","potentialAction":[{"@type":"ReadAction","target":["https:\/\/resibo.pl\/blog\/kosmetyki-przeciwzmarszczkowe-co-to-znaczy-i-kiedy-zaczac-ich-uzywac\/"]}]},{"@type":"ImageObject","inLanguage":"pl-PL","@id":"https:\/\/resibo.pl\/blog\/kosmetyki-przeciwzmarszczkowe-co-to-znaczy-i-kiedy-zaczac-ich-uzywac\/#primaryimage","url":"https:\/\/resibo.pl\/blog\/wp-content\/uploads\/2016\/08\/DSC_1410-scaled.jpg","contentUrl":"https:\/\/resibo.pl\/blog\/wp-content\/uploads\/2016\/08\/DSC_1410-scaled.jpg","width":2560,"height":1707},{"@type":"BreadcrumbList","@id":"https:\/\/resibo.pl\/blog\/kosmetyki-przeciwzmarszczkowe-co-to-znaczy-i-kiedy-zaczac-ich-uzywac\/#breadcrumb","itemListElement":[{"@type":"ListItem","position":1,"name":"Strona g\u0142\u00f3wna","item":"https:\/\/resibo.pl\/blog\/"},{"@type":"ListItem","position":2,"name":"Kosmetyki przeciwzmarszczkowe \u2013 co to znaczy i kiedy zacz\u0105\u0107 ich u\u017cywa\u0107?\u00a0"}]},{"@type":"WebSite","@id":"https:\/\/resibo.pl\/blog\/#website","url":"https:\/\/resibo.pl\/blog\/","name":"Kosmetyki naturalne Resibo","description":"","publisher":{"@id":"https:\/\/resibo.pl\/blog\/#organization"},"potentialAction":[{"@type":"SearchAction","target":{"@type":"EntryPoint","urlTemplate":"https:\/\/resibo.pl\/blog\/?s={search_term_string}"},"query-input":{"@type":"PropertyValueSpecification","valueRequired":true,"valueName":"search_term_string"}}],"inLanguage":"pl-PL"},{"@type":"Organization","@id":"https:\/\/resibo.pl\/blog\/#organization","name":"Resibo","url":"https:\/\/resibo.pl\/blog\/","logo":{"@type":"ImageObject","inLanguage":"pl-PL","@id":"https:\/\/resibo.pl\/blog\/#\/schema\/logo\/image\/","url":"https:\/\/resibo.pl\/blog\/wp-content\/uploads\/2022\/02\/cropped-logo.png","contentUrl":"https:\/\/resibo.pl\/blog\/wp-content\/uploads\/2022\/02\/cropped-logo.png","width":274,"height":109,"caption":"Resibo"},"image":{"@id":"https:\/\/resibo.pl\/blog\/#\/schema\/logo\/image\/"},"sameAs":["http:\/\/facebook.com\/resiboPL","http:\/\/instagram.com\/resibobynature"]},{"@type":"Person","@id":"https:\/\/resibo.pl\/blog\/#\/schema\/person\/b83ed5dbb3219da851fb49ab9f7df4dc","name":"Magda","image":{"@type":"ImageObject","inLanguage":"pl-PL","@id":"https:\/\/secure.gravatar.com\/avatar\/0dfb5ced8ae1e08e5ccb725b615759b70c0470361d1df994cce404b851bfb639?s=96&d=mm&r=g","url":"https:\/\/secure.gravatar.com\/avatar\/0dfb5ced8ae1e08e5ccb725b615759b70c0470361d1df994cce404b851bfb639?s=96&d=mm&r=g","contentUrl":"https:\/\/secure.gravatar.com\/avatar\/0dfb5ced8ae1e08e5ccb725b615759b70c0470361d1df994cce404b851bfb639?s=96&d=mm&r=g","caption":"Magda"},"description":"Magdalena Matyga-Kruk, ekspert ds. kosmetologii Kosmetologia i wszystko, co zwi\u0105zane z piel\u0119gnacj\u0105 sk\u00f3ry, to moja pasja. \u017beby nie musie\u0107 nigdy pracowa\u0107, z tej pasji uczyni\u0142am\u2026 prac\u0119. Od ponad pi\u0119ciu lat prowadz\u0119 salon kosmetyczny Magda M w \u015awidnicy, kt\u00f3remu po\u015bwi\u0119cam wi\u0119kszo\u015b\u0107 swojego czasu. Ci\u0105gle poszerzam swoj\u0105 wiedz\u0119, a zadowolenie moich coraz liczniejszych klient\u00f3w to najlepsza zap\u0142ata, bo jestem kosmetyczk\u0105 z wykszta\u0142cenia, ale przede wszystkim z zami\u0142owania.","url":"https:\/\/resibo.pl\/blog\/author\/magda\/"}]}},"_links":{"self":[{"href":"https:\/\/resibo.pl\/blog\/wp-json\/wp\/v2\/posts\/6596","targetHints":{"allow":["GET"]}}],"collection":[{"href":"https:\/\/resibo.pl\/blog\/wp-json\/wp\/v2\/posts"}],"about":[{"href":"https:\/\/resibo.pl\/blog\/wp-json\/wp\/v2\/types\/post"}],"author":[{"embeddable":true,"href":"https:\/\/resibo.pl\/blog\/wp-json\/wp\/v2\/users\/8"}],"replies":[{"embeddable":true,"href":"https:\/\/resibo.pl\/blog\/wp-json\/wp\/v2\/comments?post=6596"}],"version-history":[{"count":0,"href":"https:\/\/resibo.pl\/blog\/wp-json\/wp\/v2\/posts\/6596\/revisions"}],"wp:featuredmedia":[{"embeddable":true,"href":"https:\/\/resibo.pl\/blog\/wp-json\/wp\/v2\/media\/6597"}],"wp:attachment":[{"href":"https:\/\/resibo.pl\/blog\/wp-json\/wp\/v2\/media?parent=6596"}],"wp:term":[{"taxonomy":"category","embeddable":true,"href":"https:\/\/resibo.pl\/blog\/wp-json\/wp\/v2\/categories?post=6596"},{"taxonomy":"post_tag","embeddable":true,"href":"https:\/\/resibo.pl\/blog\/wp-json\/wp\/v2\/tags?post=6596"}],"curies":[{"name":"wp","href":"https:\/\/api.w.org\/{rel}","templated":true}]}}