{"id":6608,"date":"2016-09-05T13:10:08","date_gmt":"2016-09-05T11:10:08","guid":{"rendered":"https:\/\/resibo.pl\/blog\/?p=6608"},"modified":"2016-09-05T13:10:08","modified_gmt":"2016-09-05T11:10:08","slug":"nasze-nowe-dzieci","status":"publish","type":"post","link":"https:\/\/resibo.pl\/blog\/nasze-nowe-dzieci\/","title":{"rendered":"Nasze nowe dzieci"},"content":{"rendered":"<div class=\"vgblk-rw-wrapper limit-wrapper\">\n<p style=\"text-align: justify;\">Premiera serum ju\u017c dawno za nami, a Wy pewnie, tak jak i my, czekacie na premiery kolejnych naszych produkt\u00f3w.<\/p>\n<p style=\"text-align: justify;\">Cz\u0119sto piszecie do nas, jakie kosmetyki s\u0105 Wam potrzebne, jakie ch\u0119tnie by\u015bcie widzieli w naszej ofercie, w\u015br\u00f3d kt\u00f3rych brakuje idea\u0142\u00f3w \ud83d\ude42<\/p>\n<p style=\"text-align: justify;\">Pierwszym takim produktem, kt\u00f3ry pojawi si\u0119 w naszej ofercie, a kt\u00f3ry sami wybrali\u015bcie podczas naszej sondy na Facebooku, b\u0119dzie balsam do cia\u0142a. Taki codzienny, nawil\u017caj\u0105co-od\u017cywczy, doskonale piel\u0119gnuj\u0105cy sk\u00f3r\u0119, nawet bardzo such\u0105. I co wa\u017cne &#8211; o nieziemskim zapachu, kt\u00f3ry dodatkowo zmienia si\u0119 w kontakcie z ciep\u0142em cia\u0142a &#8211; po prostu cudo. Balsam pojawi si\u0119 w naszym sklepie w drugiej po\u0142owie pa\u017adziernika &#8211; na pewno b\u0119dziemy informowa\u0107 o szczeg\u00f3\u0142ach bli\u017cej tego terminu.<\/p>\n<p style=\"text-align: justify;\">Przy okazji tworzenia tego balsamu, stworzyli\u015bmy r\u00f3wnie\u017c formu\u0142\u0119 antycellulitowo-wyszczuplaj\u0105c\u0105. Nie mogli\u015bmy od razu wprowadzi\u0107 dw\u00f3ch balsam\u00f3w do oferty, pozostawi\u0142am sobie czas na testowanie tej formu\u0142y, bo niezmiernie dla mnie wa\u017cna jest efektywno\u015b\u0107 naszych produkt\u00f3w. U mnie \u015bwietnie sprawdzi\u0142a si\u0119 na poci\u0105\u017cowym brzuszku. Ale stanowcza decyzja na &#8222;tak&#8221; zapad\u0142a, kiedy otrzyma\u0142am zdj\u0119cia z efektami od jednej z testerek, kt\u00f3ra rozprawia si\u0119 z rozst\u0119pami! Ka\u017cda z nas, kt\u00f3ra jest ich posiadaczk\u0105, wie, jak ci\u0119\u017cko jest je w cho\u0107 niewielkim stopniu zniwelowa\u0107&#8230; A ja by\u0142am przekonana wr\u0119cz, \u017ce to nie mo\u017cliwe. Teraz ju\u017c wiem, \u017ce si\u0119 myli\u0142am. Mam nadziej\u0119, \u017ce Wy te\u017c\u00a0<span style=\"line-height: 1.5;\">si\u0119\u00a0<\/span><span style=\"line-height: 1.5;\">o tym przekonacie! Ju\u017c na wiosn\u0119.<\/span><\/p>\n<p style=\"text-align: justify;\">Ca\u0142y czas pracujemy z naszymi technologami nad produktami do twarzy. Stworzyli\u015bmy dwie nowe formu\u0142y &#8211; jedna jest ju\u017c praktycznie gotowa (peeling), a druga &#8211; na finiszu (malutka niespodzianka &#8211; zgadniecie?). Ju\u017c mam w g\u0142owie kolejne produkty, o kt\u00f3rych nam piszecie, kt\u00f3rych Wam najbardziej brakuje &#8211; \u015bwietne sk\u0142adowo i dopracowane pod wieloma wzgl\u0119dami.<\/p>\n<p style=\"text-align: justify;\">O terminie wprowadzenia do sprzeda\u017cy poszczeg\u00f3lnych produkt\u00f3w b\u0119dziemy Was na bie\u017c\u0105co informowa\u0107 &#8211; nie wszystkie s\u0105 jeszcze szczeg\u00f3\u0142owo zaplanowane, a z do\u015bwiadczenia wiemy, \u017ce te daty mog\u0105 ulec przesuni\u0119ciu.<\/p>\n<p style=\"text-align: justify;\">Mam do Was pro\u015bb\u0119 &#8211; piszcie w komentarzach na Facebooku, jakie produkty ch\u0119tnie widzieliby\u015bcie w naszej ofercie? Prosz\u0119 o takie informacje, jak: rodzaj produktu i jego dzia\u0142anie (np. maseczka do twarzy, kt\u00f3ra b\u0119dzie robi\u0142a to, tamto i jeszcze to :)).<\/p>\n<p style=\"text-align: justify;\">Udanego tygodnia!<\/p>\n<p style=\"text-align: justify;\">PS Nowe kosmetyki to nie wszystko &#8211; jak pewnie zauwa\u017cyli\u015bcie, do zam\u00f3wie\u0144 powy\u017cej 200 z\u0142otych dodajemy pi\u0119kn\u0105 bawe\u0142nian\u0105 torb\u0119 na zakupy. Do naszego sklepu niebawem do\u0142\u0105czy wyj\u0105tkowy\u00a0gad\u017cet&#8230; Jest ju\u017c prawie gotowy, jeszcze we wrze\u015bniu dowiecie si\u0119, co to takiego (pi\u0119kny &lt;3)<\/p>\n<p style=\"text-align: justify;\"><a href=\"https:\/\/resibo.pl\/blog\/wp-content\/uploads\/2016\/09\/DSC_8343.jpg\"><img fetchpriority=\"high\" decoding=\"async\" width=\"1024\" height=\"683\" class=\"aligncenter size-large wp-image-6610\" src=\"https:\/\/resibo.pl\/blog\/wp-content\/uploads\/2016\/09\/DSC_8343-1024x683.jpg\" alt=\"DSC_8343\" srcset=\"https:\/\/resibo.pl\/blog\/wp-content\/uploads\/2016\/09\/DSC_8343-1024x683.jpg 1024w, https:\/\/resibo.pl\/blog\/wp-content\/uploads\/2016\/09\/DSC_8343-scaled-315x210.jpg 315w, https:\/\/resibo.pl\/blog\/wp-content\/uploads\/2016\/09\/DSC_8343-scaled-630x420.jpg 630w, https:\/\/resibo.pl\/blog\/wp-content\/uploads\/2016\/09\/DSC_8343-300x200.jpg 300w, https:\/\/resibo.pl\/blog\/wp-content\/uploads\/2016\/09\/DSC_8343-1075x717.jpg 1075w\" sizes=\"(max-width: 1024px) 100vw, 1024px\" \/><\/a><\/p>\n<p style=\"text-align: justify;\">\n<\/div>\n<p><!-- .vgblk-rw-wrapper --><\/p>\n","protected":false},"excerpt":{"rendered":"<p>Premiera serum ju\u017c dawno za nami, a Wy pewnie, tak jak i my, czekacie na premiery kolejnych naszych produkt\u00f3w. Cz\u0119sto piszecie do nas, jakie kosmetyki s\u0105 Wam potrzebne, jakie ch\u0119tnie by\u015bcie widzieli w naszej ofercie, w\u015br\u00f3d kt\u00f3rych brakuje idea\u0142\u00f3w \ud83d\ude42 Pierwszym takim produktem, kt\u00f3ry pojawi si\u0119 w naszej ofercie, a kt\u00f3ry sami wybrali\u015bcie podczas naszej&#8230;<\/p>\n","protected":false},"author":7,"featured_media":6609,"comment_status":"open","ping_status":"open","sticky":false,"template":"","format":"standard","meta":{"footnotes":""},"categories":[39],"tags":[],"class_list":["post-6608","post","type-post","status-publish","format-standard","has-post-thumbnail","hentry","category-ewelina-o-resibo"],"yoast_head":"<!-- This site is optimized with the Yoast SEO plugin v27.5 - https:\/\/yoast.com\/product\/yoast-seo-wordpress\/ -->\n<title>Nasze nowe dzieci - Kosmetyki naturalne Resibo<\/title>\n<meta name=\"robots\" content=\"index, follow, max-snippet:-1, max-image-preview:large, max-video-preview:-1\" \/>\n<link rel=\"canonical\" href=\"https:\/\/resibo.pl\/blog\/nasze-nowe-dzieci\/\" \/>\n<meta property=\"og:locale\" content=\"pl_PL\" \/>\n<meta property=\"og:type\" content=\"article\" \/>\n<meta property=\"og:title\" content=\"Nasze nowe dzieci - Kosmetyki naturalne Resibo\" \/>\n<meta property=\"og:description\" content=\"Premiera serum ju\u017c dawno za nami, a Wy pewnie, tak jak i my, czekacie na premiery kolejnych naszych produkt\u00f3w. Cz\u0119sto piszecie do nas, jakie kosmetyki s\u0105 Wam potrzebne, jakie ch\u0119tnie by\u015bcie widzieli w naszej ofercie, w\u015br\u00f3d kt\u00f3rych brakuje idea\u0142\u00f3w \ud83d\ude42 Pierwszym takim produktem, kt\u00f3ry pojawi si\u0119 w naszej ofercie, a kt\u00f3ry sami wybrali\u015bcie podczas naszej...\" \/>\n<meta property=\"og:url\" content=\"https:\/\/resibo.pl\/blog\/nasze-nowe-dzieci\/\" \/>\n<meta property=\"og:site_name\" content=\"Kosmetyki naturalne Resibo\" \/>\n<meta property=\"article:publisher\" content=\"http:\/\/facebook.com\/resiboPL\" \/>\n<meta property=\"article:published_time\" content=\"2016-09-05T11:10:08+00:00\" \/>\n<meta property=\"og:image\" content=\"https:\/\/resibo.pl\/blog\/wp-content\/uploads\/2016\/09\/DSC_8343-1024x683.jpg\" \/>\n<meta name=\"author\" content=\"Ewelina\" \/>\n<meta name=\"twitter:label1\" content=\"Napisane przez\" \/>\n\t<meta name=\"twitter:data1\" content=\"Ewelina\" \/>\n\t<meta name=\"twitter:label2\" content=\"Szacowany czas czytania\" \/>\n\t<meta name=\"twitter:data2\" content=\"2 minuty\" \/>\n<script type=\"application\/ld+json\" class=\"yoast-schema-graph\">{\"@context\":\"https:\\\/\\\/schema.org\",\"@graph\":[{\"@type\":\"Article\",\"@id\":\"https:\\\/\\\/resibo.pl\\\/blog\\\/nasze-nowe-dzieci\\\/#article\",\"isPartOf\":{\"@id\":\"https:\\\/\\\/resibo.pl\\\/blog\\\/nasze-nowe-dzieci\\\/\"},\"author\":{\"name\":\"Ewelina\",\"@id\":\"https:\\\/\\\/resibo.pl\\\/blog\\\/#\\\/schema\\\/person\\\/422edacdfc1793c9311a22b620e6201f\"},\"headline\":\"Nasze nowe dzieci\",\"datePublished\":\"2016-09-05T11:10:08+00:00\",\"mainEntityOfPage\":{\"@id\":\"https:\\\/\\\/resibo.pl\\\/blog\\\/nasze-nowe-dzieci\\\/\"},\"wordCount\":469,\"commentCount\":0,\"publisher\":{\"@id\":\"https:\\\/\\\/resibo.pl\\\/blog\\\/#organization\"},\"image\":{\"@id\":\"https:\\\/\\\/resibo.pl\\\/blog\\\/nasze-nowe-dzieci\\\/#primaryimage\"},\"thumbnailUrl\":\"https:\\\/\\\/resibo.pl\\\/blog\\\/wp-content\\\/uploads\\\/2016\\\/09\\\/DSC_5546-scaled.jpg\",\"articleSection\":[\"O Resibo\"],\"inLanguage\":\"pl-PL\",\"potentialAction\":[{\"@type\":\"CommentAction\",\"name\":\"Comment\",\"target\":[\"https:\\\/\\\/resibo.pl\\\/blog\\\/nasze-nowe-dzieci\\\/#respond\"]}]},{\"@type\":\"WebPage\",\"@id\":\"https:\\\/\\\/resibo.pl\\\/blog\\\/nasze-nowe-dzieci\\\/\",\"url\":\"https:\\\/\\\/resibo.pl\\\/blog\\\/nasze-nowe-dzieci\\\/\",\"name\":\"Nasze nowe dzieci - Kosmetyki naturalne Resibo\",\"isPartOf\":{\"@id\":\"https:\\\/\\\/resibo.pl\\\/blog\\\/#website\"},\"primaryImageOfPage\":{\"@id\":\"https:\\\/\\\/resibo.pl\\\/blog\\\/nasze-nowe-dzieci\\\/#primaryimage\"},\"image\":{\"@id\":\"https:\\\/\\\/resibo.pl\\\/blog\\\/nasze-nowe-dzieci\\\/#primaryimage\"},\"thumbnailUrl\":\"https:\\\/\\\/resibo.pl\\\/blog\\\/wp-content\\\/uploads\\\/2016\\\/09\\\/DSC_5546-scaled.jpg\",\"datePublished\":\"2016-09-05T11:10:08+00:00\",\"breadcrumb\":{\"@id\":\"https:\\\/\\\/resibo.pl\\\/blog\\\/nasze-nowe-dzieci\\\/#breadcrumb\"},\"inLanguage\":\"pl-PL\",\"potentialAction\":[{\"@type\":\"ReadAction\",\"target\":[\"https:\\\/\\\/resibo.pl\\\/blog\\\/nasze-nowe-dzieci\\\/\"]}]},{\"@type\":\"ImageObject\",\"inLanguage\":\"pl-PL\",\"@id\":\"https:\\\/\\\/resibo.pl\\\/blog\\\/nasze-nowe-dzieci\\\/#primaryimage\",\"url\":\"https:\\\/\\\/resibo.pl\\\/blog\\\/wp-content\\\/uploads\\\/2016\\\/09\\\/DSC_5546-scaled.jpg\",\"contentUrl\":\"https:\\\/\\\/resibo.pl\\\/blog\\\/wp-content\\\/uploads\\\/2016\\\/09\\\/DSC_5546-scaled.jpg\",\"width\":2560,\"height\":1707},{\"@type\":\"BreadcrumbList\",\"@id\":\"https:\\\/\\\/resibo.pl\\\/blog\\\/nasze-nowe-dzieci\\\/#breadcrumb\",\"itemListElement\":[{\"@type\":\"ListItem\",\"position\":1,\"name\":\"Strona g\u0142\u00f3wna\",\"item\":\"https:\\\/\\\/resibo.pl\\\/blog\\\/\"},{\"@type\":\"ListItem\",\"position\":2,\"name\":\"Nasze nowe dzieci\"}]},{\"@type\":\"WebSite\",\"@id\":\"https:\\\/\\\/resibo.pl\\\/blog\\\/#website\",\"url\":\"https:\\\/\\\/resibo.pl\\\/blog\\\/\",\"name\":\"Kosmetyki naturalne Resibo\",\"description\":\"\",\"publisher\":{\"@id\":\"https:\\\/\\\/resibo.pl\\\/blog\\\/#organization\"},\"potentialAction\":[{\"@type\":\"SearchAction\",\"target\":{\"@type\":\"EntryPoint\",\"urlTemplate\":\"https:\\\/\\\/resibo.pl\\\/blog\\\/?s={search_term_string}\"},\"query-input\":{\"@type\":\"PropertyValueSpecification\",\"valueRequired\":true,\"valueName\":\"search_term_string\"}}],\"inLanguage\":\"pl-PL\"},{\"@type\":\"Organization\",\"@id\":\"https:\\\/\\\/resibo.pl\\\/blog\\\/#organization\",\"name\":\"Resibo\",\"url\":\"https:\\\/\\\/resibo.pl\\\/blog\\\/\",\"logo\":{\"@type\":\"ImageObject\",\"inLanguage\":\"pl-PL\",\"@id\":\"https:\\\/\\\/resibo.pl\\\/blog\\\/#\\\/schema\\\/logo\\\/image\\\/\",\"url\":\"https:\\\/\\\/resibo.pl\\\/blog\\\/wp-content\\\/uploads\\\/2022\\\/02\\\/cropped-logo.png\",\"contentUrl\":\"https:\\\/\\\/resibo.pl\\\/blog\\\/wp-content\\\/uploads\\\/2022\\\/02\\\/cropped-logo.png\",\"width\":274,\"height\":109,\"caption\":\"Resibo\"},\"image\":{\"@id\":\"https:\\\/\\\/resibo.pl\\\/blog\\\/#\\\/schema\\\/logo\\\/image\\\/\"},\"sameAs\":[\"http:\\\/\\\/facebook.com\\\/resiboPL\",\"http:\\\/\\\/instagram.com\\\/resibobynature\"]},{\"@type\":\"Person\",\"@id\":\"https:\\\/\\\/resibo.pl\\\/blog\\\/#\\\/schema\\\/person\\\/422edacdfc1793c9311a22b620e6201f\",\"name\":\"Ewelina\",\"image\":{\"@type\":\"ImageObject\",\"inLanguage\":\"pl-PL\",\"@id\":\"https:\\\/\\\/secure.gravatar.com\\\/avatar\\\/2f67341ceeaf55c022abc2d20067afb8faec5bc7e5a3e529661c30e26d8d2457?s=96&d=mm&r=g\",\"url\":\"https:\\\/\\\/secure.gravatar.com\\\/avatar\\\/2f67341ceeaf55c022abc2d20067afb8faec5bc7e5a3e529661c30e26d8d2457?s=96&d=mm&r=g\",\"contentUrl\":\"https:\\\/\\\/secure.gravatar.com\\\/avatar\\\/2f67341ceeaf55c022abc2d20067afb8faec5bc7e5a3e529661c30e26d8d2457?s=96&d=mm&r=g\",\"caption\":\"Ewelina\"},\"description\":\"Ewelina Kwit-Betlej, tw\u00f3rca marki Resibo Resibo to moja odpowied\u017a na\u2026 moje w\u0142asne potrzeby. Postanowi\u0142am stworzy\u0107 w\u0142asn\u0105 mark\u0119 kosmetyczn\u0105. Naturaln\u0105, od pocz\u0105tku do ko\u0144ca ekologiczn\u0105, spe\u0142niaj\u0105c\u0105 oczekiwania nie tylko moje, ale te\u017c \u2013 jestem o tym przekonana \u2013 najbardziej wymagaj\u0105cych klientek. I oto jest \u2013 moja w\u0142asna kreacja\u2026 Bo \u017cycie JEST przygod\u0105.\",\"url\":\"https:\\\/\\\/resibo.pl\\\/blog\\\/author\\\/ewelina\\\/\"}]}<\/script>\n<!-- \/ Yoast SEO plugin. -->","yoast_head_json":{"title":"Nasze nowe dzieci - Kosmetyki naturalne Resibo","robots":{"index":"index","follow":"follow","max-snippet":"max-snippet:-1","max-image-preview":"max-image-preview:large","max-video-preview":"max-video-preview:-1"},"canonical":"https:\/\/resibo.pl\/blog\/nasze-nowe-dzieci\/","og_locale":"pl_PL","og_type":"article","og_title":"Nasze nowe dzieci - Kosmetyki naturalne Resibo","og_description":"Premiera serum ju\u017c dawno za nami, a Wy pewnie, tak jak i my, czekacie na premiery kolejnych naszych produkt\u00f3w. Cz\u0119sto piszecie do nas, jakie kosmetyki s\u0105 Wam potrzebne, jakie ch\u0119tnie by\u015bcie widzieli w naszej ofercie, w\u015br\u00f3d kt\u00f3rych brakuje idea\u0142\u00f3w \ud83d\ude42 Pierwszym takim produktem, kt\u00f3ry pojawi si\u0119 w naszej ofercie, a kt\u00f3ry sami wybrali\u015bcie podczas naszej...","og_url":"https:\/\/resibo.pl\/blog\/nasze-nowe-dzieci\/","og_site_name":"Kosmetyki naturalne Resibo","article_publisher":"http:\/\/facebook.com\/resiboPL","article_published_time":"2016-09-05T11:10:08+00:00","og_image":[{"url":"https:\/\/resibo.pl\/blog\/wp-content\/uploads\/2016\/09\/DSC_8343-1024x683.jpg","type":"","width":"","height":""}],"author":"Ewelina","twitter_misc":{"Napisane przez":"Ewelina","Szacowany czas czytania":"2 minuty"},"schema":{"@context":"https:\/\/schema.org","@graph":[{"@type":"Article","@id":"https:\/\/resibo.pl\/blog\/nasze-nowe-dzieci\/#article","isPartOf":{"@id":"https:\/\/resibo.pl\/blog\/nasze-nowe-dzieci\/"},"author":{"name":"Ewelina","@id":"https:\/\/resibo.pl\/blog\/#\/schema\/person\/422edacdfc1793c9311a22b620e6201f"},"headline":"Nasze nowe dzieci","datePublished":"2016-09-05T11:10:08+00:00","mainEntityOfPage":{"@id":"https:\/\/resibo.pl\/blog\/nasze-nowe-dzieci\/"},"wordCount":469,"commentCount":0,"publisher":{"@id":"https:\/\/resibo.pl\/blog\/#organization"},"image":{"@id":"https:\/\/resibo.pl\/blog\/nasze-nowe-dzieci\/#primaryimage"},"thumbnailUrl":"https:\/\/resibo.pl\/blog\/wp-content\/uploads\/2016\/09\/DSC_5546-scaled.jpg","articleSection":["O Resibo"],"inLanguage":"pl-PL","potentialAction":[{"@type":"CommentAction","name":"Comment","target":["https:\/\/resibo.pl\/blog\/nasze-nowe-dzieci\/#respond"]}]},{"@type":"WebPage","@id":"https:\/\/resibo.pl\/blog\/nasze-nowe-dzieci\/","url":"https:\/\/resibo.pl\/blog\/nasze-nowe-dzieci\/","name":"Nasze nowe dzieci - Kosmetyki naturalne Resibo","isPartOf":{"@id":"https:\/\/resibo.pl\/blog\/#website"},"primaryImageOfPage":{"@id":"https:\/\/resibo.pl\/blog\/nasze-nowe-dzieci\/#primaryimage"},"image":{"@id":"https:\/\/resibo.pl\/blog\/nasze-nowe-dzieci\/#primaryimage"},"thumbnailUrl":"https:\/\/resibo.pl\/blog\/wp-content\/uploads\/2016\/09\/DSC_5546-scaled.jpg","datePublished":"2016-09-05T11:10:08+00:00","breadcrumb":{"@id":"https:\/\/resibo.pl\/blog\/nasze-nowe-dzieci\/#breadcrumb"},"inLanguage":"pl-PL","potentialAction":[{"@type":"ReadAction","target":["https:\/\/resibo.pl\/blog\/nasze-nowe-dzieci\/"]}]},{"@type":"ImageObject","inLanguage":"pl-PL","@id":"https:\/\/resibo.pl\/blog\/nasze-nowe-dzieci\/#primaryimage","url":"https:\/\/resibo.pl\/blog\/wp-content\/uploads\/2016\/09\/DSC_5546-scaled.jpg","contentUrl":"https:\/\/resibo.pl\/blog\/wp-content\/uploads\/2016\/09\/DSC_5546-scaled.jpg","width":2560,"height":1707},{"@type":"BreadcrumbList","@id":"https:\/\/resibo.pl\/blog\/nasze-nowe-dzieci\/#breadcrumb","itemListElement":[{"@type":"ListItem","position":1,"name":"Strona g\u0142\u00f3wna","item":"https:\/\/resibo.pl\/blog\/"},{"@type":"ListItem","position":2,"name":"Nasze nowe dzieci"}]},{"@type":"WebSite","@id":"https:\/\/resibo.pl\/blog\/#website","url":"https:\/\/resibo.pl\/blog\/","name":"Kosmetyki naturalne Resibo","description":"","publisher":{"@id":"https:\/\/resibo.pl\/blog\/#organization"},"potentialAction":[{"@type":"SearchAction","target":{"@type":"EntryPoint","urlTemplate":"https:\/\/resibo.pl\/blog\/?s={search_term_string}"},"query-input":{"@type":"PropertyValueSpecification","valueRequired":true,"valueName":"search_term_string"}}],"inLanguage":"pl-PL"},{"@type":"Organization","@id":"https:\/\/resibo.pl\/blog\/#organization","name":"Resibo","url":"https:\/\/resibo.pl\/blog\/","logo":{"@type":"ImageObject","inLanguage":"pl-PL","@id":"https:\/\/resibo.pl\/blog\/#\/schema\/logo\/image\/","url":"https:\/\/resibo.pl\/blog\/wp-content\/uploads\/2022\/02\/cropped-logo.png","contentUrl":"https:\/\/resibo.pl\/blog\/wp-content\/uploads\/2022\/02\/cropped-logo.png","width":274,"height":109,"caption":"Resibo"},"image":{"@id":"https:\/\/resibo.pl\/blog\/#\/schema\/logo\/image\/"},"sameAs":["http:\/\/facebook.com\/resiboPL","http:\/\/instagram.com\/resibobynature"]},{"@type":"Person","@id":"https:\/\/resibo.pl\/blog\/#\/schema\/person\/422edacdfc1793c9311a22b620e6201f","name":"Ewelina","image":{"@type":"ImageObject","inLanguage":"pl-PL","@id":"https:\/\/secure.gravatar.com\/avatar\/2f67341ceeaf55c022abc2d20067afb8faec5bc7e5a3e529661c30e26d8d2457?s=96&d=mm&r=g","url":"https:\/\/secure.gravatar.com\/avatar\/2f67341ceeaf55c022abc2d20067afb8faec5bc7e5a3e529661c30e26d8d2457?s=96&d=mm&r=g","contentUrl":"https:\/\/secure.gravatar.com\/avatar\/2f67341ceeaf55c022abc2d20067afb8faec5bc7e5a3e529661c30e26d8d2457?s=96&d=mm&r=g","caption":"Ewelina"},"description":"Ewelina Kwit-Betlej, tw\u00f3rca marki Resibo Resibo to moja odpowied\u017a na\u2026 moje w\u0142asne potrzeby. Postanowi\u0142am stworzy\u0107 w\u0142asn\u0105 mark\u0119 kosmetyczn\u0105. Naturaln\u0105, od pocz\u0105tku do ko\u0144ca ekologiczn\u0105, spe\u0142niaj\u0105c\u0105 oczekiwania nie tylko moje, ale te\u017c \u2013 jestem o tym przekonana \u2013 najbardziej wymagaj\u0105cych klientek. I oto jest \u2013 moja w\u0142asna kreacja\u2026 Bo \u017cycie JEST przygod\u0105.","url":"https:\/\/resibo.pl\/blog\/author\/ewelina\/"}]}},"_links":{"self":[{"href":"https:\/\/resibo.pl\/blog\/wp-json\/wp\/v2\/posts\/6608","targetHints":{"allow":["GET"]}}],"collection":[{"href":"https:\/\/resibo.pl\/blog\/wp-json\/wp\/v2\/posts"}],"about":[{"href":"https:\/\/resibo.pl\/blog\/wp-json\/wp\/v2\/types\/post"}],"author":[{"embeddable":true,"href":"https:\/\/resibo.pl\/blog\/wp-json\/wp\/v2\/users\/7"}],"replies":[{"embeddable":true,"href":"https:\/\/resibo.pl\/blog\/wp-json\/wp\/v2\/comments?post=6608"}],"version-history":[{"count":0,"href":"https:\/\/resibo.pl\/blog\/wp-json\/wp\/v2\/posts\/6608\/revisions"}],"wp:featuredmedia":[{"embeddable":true,"href":"https:\/\/resibo.pl\/blog\/wp-json\/wp\/v2\/media\/6609"}],"wp:attachment":[{"href":"https:\/\/resibo.pl\/blog\/wp-json\/wp\/v2\/media?parent=6608"}],"wp:term":[{"taxonomy":"category","embeddable":true,"href":"https:\/\/resibo.pl\/blog\/wp-json\/wp\/v2\/categories?post=6608"},{"taxonomy":"post_tag","embeddable":true,"href":"https:\/\/resibo.pl\/blog\/wp-json\/wp\/v2\/tags?post=6608"}],"curies":[{"name":"wp","href":"https:\/\/api.w.org\/{rel}","templated":true}]}}