{"id":6632,"date":"2016-09-14T16:28:53","date_gmt":"2016-09-14T14:28:53","guid":{"rendered":"https:\/\/resibo.pl\/blog\/?p=6632"},"modified":"2016-09-14T16:28:53","modified_gmt":"2016-09-14T14:28:53","slug":"zatrzymac-slonce-na-dluzej","status":"publish","type":"post","link":"https:\/\/resibo.pl\/blog\/zatrzymac-slonce-na-dluzej\/","title":{"rendered":"Zatrzyma\u0107 s\u0142o\u0144ce na d\u0142u\u017cej&#8230;"},"content":{"rendered":"<div class=\"vgblk-rw-wrapper limit-wrapper\">\n<p class=\"p1\" style=\"text-align: justify;\">Lato dobiega ko\u0144ca, cho\u0107 w pogodzie wci\u0105\u017c jeszcze kr\u00f3luj\u0105 upa\u0142y, nie oszukujmy si\u0119, to ju\u017c ostatnie takie dni. Wi\u0119kszo\u015b\u0107 z nas wr\u00f3ci\u0142a z urlop\u00f3w, dzieci posz\u0142y do szko\u0142y, jak m\u00f3wi klasyk &#8211; koniec tego dobrego \ud83d\ude09<\/p>\n<p class=\"p1\" style=\"text-align: justify;\"><span class=\"s1\">Wspomnieniem letniej sielanki jest jeszcze przyz\u0142ocona s\u0142o\u0144cem sk\u00f3ra. Jak o ni\u0105 dba\u0107, aby zatrzyma\u0107 opalenizn\u0119 jak najd\u0142u\u017cej?\u00a0<\/span><\/p>\n<p class=\"p1\" style=\"text-align: justify;\"><span class=\"s1\">Zadanie to b\u0119dzie \u0142atwiejsze dla tych, kt\u00f3rzy zadbali o odpowiednie przygotowanie, stosowali filtry UV, suplementy z beta-karetonem lub w zdrowszej wersji dostarczali go z diet\u0105 (zajadali m.in. pestki dyni, morele, marchewk\u0119). Wa\u017cne by\u0142o rozs\u0105dne za\u017cywanie k\u0105pieli s\u0142onecznych &#8211; poparzenia wynikaj\u0105ce z nadmiernej ekspozycji nie przysparzaj\u0105 trwa\u0142ego, r\u00f3wnomiernego kolorytu. Najtrwalsza i najpi\u0119kniejsza jest ta zdobywana stopniowo, w godzinach popo\u0142udniowych, kiedy s\u0142o\u0144ce nie parzy, a opala. Stosowanie balsam\u00f3w z cyklu &#8222;po opalaniu&#8221; ka\u017cdorazowo bezpo\u015brednio po k\u0105pieli s\u0142onecznej jest jak najbardziej wskazane i o t\u0119 opalenizn\u0119 r\u00f3wnie\u017c \u0142atwiej bardzie zadba\u0107. Zawieraj\u0105 one bowiem szereg substancji zapobiegaj\u0105cych przesuszeniu i przyspieszonemu z\u0142uszczaniu nask\u00f3rka, jak witamina E, mas\u0142o Shea, oleje i wyci\u0105gi ro\u015blinne o dzia\u0142aniu nat\u0142uszczaj\u0105cym i zapobiegaj\u0105cym utracie wody.\u00a0<\/span><\/p>\n<p class=\"p1\" style=\"text-align: justify;\"><span class=\"s1\">Teraz, kiedy wszystko, co mo\u017cna by\u0142o, zrobili\u015bcie lub nie \ud83d\ude09 pozosta\u0142o kilka sposob\u00f3w na podtrzymanie efektu z\u0142otobr\u0105zowej sk\u00f3ry.\u00a0<\/span><\/p>\n<blockquote>\n<p class=\"p1\"><span class=\"s1\">Najwa\u017cniejsze jak zwykle s\u0105 podstawy &#8211; codzienne nawil\u017canie. W ruch powinny i\u015b\u0107 balsamy od\u017cywcze, nat\u0142uszczaj\u0105ce i nawil\u017caj\u0105ce, przynajmniej raz dziennie po k\u0105pieli.\u00a0<\/span><\/p>\n<\/blockquote>\n<p class=\"p1\" style=\"text-align: justify;\"><span class=\"s1\">Wbrew powszechnemu przekonaniu, \u017ce peeling spowoduje szybsze &#8222;zdarcie&#8221; letniego koloru, powinno si\u0119 go robi\u0107 raz w tygodniu po to, aby stosowane balsamy mia\u0142y lepsze dzia\u0142anie. Opalenizna nie znajduje si\u0119 bowiem w zewn\u0119trznej warstwie rogowej nask\u00f3rka, a tylko ten z\u0142uszczamy peelingami drobno- i gruboziarnistymi. Oczywi\u015bcie, mo\u017cecie taki peeling przygotowa\u0107 samodzielnie w domu. Przydadz\u0105 si\u0119 do tego dwie-trzy \u0142y\u017cki oliwy z oliwek, \u0142y\u017cka olejku Resibo &#8211; opr\u00f3cz \u015bwietnego dzia\u0142ania, po prostu bosko pachnie, i dowolny rodzaj scrubu &#8211; kawa, zmielona wysuszona pestka z awokado czy cukier.\u00a0<\/span><\/p>\n<p class=\"p1\" style=\"text-align: justify;\"><span class=\"s1\">Dla podkre\u015blenia koloru po peelingu do balsamu mo\u017cna doda\u0107 balsam br\u0105zuj\u0105cy. Wymieszanie go ze zwyk\u0142ym nawil\u017caj\u0105cym, zmniejszy ryzyko zaciek\u00f3w czy plam.<\/span>Nie ka\u017cdy jednak je lubi, dla pozosta\u0142ych \u015bwietnym wyborem b\u0119dzie balsam na bazie mas\u0142a kakaowego &#8211; pi\u0119knie pachnie i w delikatny spos\u00f3b podkre\u015bli br\u0105z opalonej sk\u00f3ry.<\/p>\n<blockquote>\n<p class=\"p1\"><span class=\"s1\">Tak piel\u0119gnowana sk\u00f3ra b\u0119dzie cieszy\u0107 oczy nie tylko d\u0142u\u017csz\u0105, pi\u0119kn\u0105 opalenizn\u0105, ale r\u00f3wnomiernym kolorytem, g\u0142adko\u015bci\u0105 i mi\u0119kko\u015bci\u0105 \ud83d\ude42<\/span><\/p>\n<\/blockquote>\n<p class=\"p1\" style=\"text-align: justify;\"><span class=\"s1\">I tylko prosz\u0119 Was o jedno &#8211; niech sposobem na jej przed\u0142u\u017cenie nie bed\u0105 wizyty w solarium. Bo to nie przed\u0142u\u017canie efektu naturalnej opalenizny, a tworzenie sztucznej, niezdrowej. Bo opr\u00f3cz szybkiego efektu, bonusem s\u0105 szybkie i liczne zmarszczki, a tego chyba nie chce \u017cadna z nas!<\/span><\/p>\n<\/div>\n<p><!-- .vgblk-rw-wrapper --><\/p>\n","protected":false},"excerpt":{"rendered":"<p>Lato dobiega ko\u0144ca, cho\u0107 w pogodzie wci\u0105\u017c jeszcze kr\u00f3luj\u0105 upa\u0142y, nie oszukujmy si\u0119, to ju\u017c ostatnie takie dni. Wi\u0119kszo\u015b\u0107 z nas wr\u00f3ci\u0142a z urlop\u00f3w, dzieci posz\u0142y do szko\u0142y, jak m\u00f3wi klasyk &#8211; koniec tego dobrego \ud83d\ude09 Wspomnieniem letniej sielanki jest jeszcze przyz\u0142ocona s\u0142o\u0144cem sk\u00f3ra. Jak o ni\u0105 dba\u0107, aby zatrzyma\u0107 opalenizn\u0119 jak najd\u0142u\u017cej?\u00a0 Zadanie to&#8230;<\/p>\n","protected":false},"author":8,"featured_media":6634,"comment_status":"open","ping_status":"open","sticky":false,"template":"","format":"standard","meta":{"footnotes":""},"categories":[40],"tags":[],"class_list":["post-6632","post","type-post","status-publish","format-standard","has-post-thumbnail","hentry","category-magda-o-pielegnacji"],"yoast_head":"<!-- This site is optimized with the Yoast SEO plugin v27.5 - https:\/\/yoast.com\/product\/yoast-seo-wordpress\/ -->\n<title>Zatrzyma\u0107 s\u0142o\u0144ce na d\u0142u\u017cej... - Kosmetyki naturalne Resibo<\/title>\n<meta name=\"robots\" content=\"index, follow, max-snippet:-1, max-image-preview:large, max-video-preview:-1\" \/>\n<link rel=\"canonical\" href=\"https:\/\/resibo.pl\/blog\/zatrzymac-slonce-na-dluzej\/\" \/>\n<meta property=\"og:locale\" content=\"pl_PL\" \/>\n<meta property=\"og:type\" content=\"article\" \/>\n<meta property=\"og:title\" content=\"Zatrzyma\u0107 s\u0142o\u0144ce na d\u0142u\u017cej... - Kosmetyki naturalne Resibo\" \/>\n<meta property=\"og:description\" content=\"Lato dobiega ko\u0144ca, cho\u0107 w pogodzie wci\u0105\u017c jeszcze kr\u00f3luj\u0105 upa\u0142y, nie oszukujmy si\u0119, to ju\u017c ostatnie takie dni. Wi\u0119kszo\u015b\u0107 z nas wr\u00f3ci\u0142a z urlop\u00f3w, dzieci posz\u0142y do szko\u0142y, jak m\u00f3wi klasyk &#8211; koniec tego dobrego \ud83d\ude09 Wspomnieniem letniej sielanki jest jeszcze przyz\u0142ocona s\u0142o\u0144cem sk\u00f3ra. Jak o ni\u0105 dba\u0107, aby zatrzyma\u0107 opalenizn\u0119 jak najd\u0142u\u017cej?\u00a0 Zadanie to...\" \/>\n<meta property=\"og:url\" content=\"https:\/\/resibo.pl\/blog\/zatrzymac-slonce-na-dluzej\/\" \/>\n<meta property=\"og:site_name\" content=\"Kosmetyki naturalne Resibo\" \/>\n<meta property=\"article:publisher\" content=\"http:\/\/facebook.com\/resiboPL\" \/>\n<meta property=\"article:published_time\" content=\"2016-09-14T14:28:53+00:00\" \/>\n<meta name=\"author\" content=\"Magda\" \/>\n<meta name=\"twitter:label1\" content=\"Napisane przez\" \/>\n\t<meta name=\"twitter:data1\" content=\"Magda\" \/>\n\t<meta name=\"twitter:label2\" content=\"Szacowany czas czytania\" \/>\n\t<meta name=\"twitter:data2\" content=\"3 minuty\" \/>\n<script type=\"application\/ld+json\" class=\"yoast-schema-graph\">{\"@context\":\"https:\\\/\\\/schema.org\",\"@graph\":[{\"@type\":\"Article\",\"@id\":\"https:\\\/\\\/resibo.pl\\\/blog\\\/zatrzymac-slonce-na-dluzej\\\/#article\",\"isPartOf\":{\"@id\":\"https:\\\/\\\/resibo.pl\\\/blog\\\/zatrzymac-slonce-na-dluzej\\\/\"},\"author\":{\"name\":\"Magda\",\"@id\":\"https:\\\/\\\/resibo.pl\\\/blog\\\/#\\\/schema\\\/person\\\/b83ed5dbb3219da851fb49ab9f7df4dc\"},\"headline\":\"Zatrzyma\u0107 s\u0142o\u0144ce na d\u0142u\u017cej&#8230;\",\"datePublished\":\"2016-09-14T14:28:53+00:00\",\"mainEntityOfPage\":{\"@id\":\"https:\\\/\\\/resibo.pl\\\/blog\\\/zatrzymac-slonce-na-dluzej\\\/\"},\"wordCount\":515,\"commentCount\":0,\"publisher\":{\"@id\":\"https:\\\/\\\/resibo.pl\\\/blog\\\/#organization\"},\"image\":{\"@id\":\"https:\\\/\\\/resibo.pl\\\/blog\\\/zatrzymac-slonce-na-dluzej\\\/#primaryimage\"},\"thumbnailUrl\":\"https:\\\/\\\/resibo.pl\\\/blog\\\/wp-content\\\/uploads\\\/2016\\\/09\\\/beach-920886_1920.jpg\",\"articleSection\":[\"O pielegnacji\"],\"inLanguage\":\"pl-PL\",\"potentialAction\":[{\"@type\":\"CommentAction\",\"name\":\"Comment\",\"target\":[\"https:\\\/\\\/resibo.pl\\\/blog\\\/zatrzymac-slonce-na-dluzej\\\/#respond\"]}]},{\"@type\":\"WebPage\",\"@id\":\"https:\\\/\\\/resibo.pl\\\/blog\\\/zatrzymac-slonce-na-dluzej\\\/\",\"url\":\"https:\\\/\\\/resibo.pl\\\/blog\\\/zatrzymac-slonce-na-dluzej\\\/\",\"name\":\"Zatrzyma\u0107 s\u0142o\u0144ce na d\u0142u\u017cej... - Kosmetyki naturalne Resibo\",\"isPartOf\":{\"@id\":\"https:\\\/\\\/resibo.pl\\\/blog\\\/#website\"},\"primaryImageOfPage\":{\"@id\":\"https:\\\/\\\/resibo.pl\\\/blog\\\/zatrzymac-slonce-na-dluzej\\\/#primaryimage\"},\"image\":{\"@id\":\"https:\\\/\\\/resibo.pl\\\/blog\\\/zatrzymac-slonce-na-dluzej\\\/#primaryimage\"},\"thumbnailUrl\":\"https:\\\/\\\/resibo.pl\\\/blog\\\/wp-content\\\/uploads\\\/2016\\\/09\\\/beach-920886_1920.jpg\",\"datePublished\":\"2016-09-14T14:28:53+00:00\",\"breadcrumb\":{\"@id\":\"https:\\\/\\\/resibo.pl\\\/blog\\\/zatrzymac-slonce-na-dluzej\\\/#breadcrumb\"},\"inLanguage\":\"pl-PL\",\"potentialAction\":[{\"@type\":\"ReadAction\",\"target\":[\"https:\\\/\\\/resibo.pl\\\/blog\\\/zatrzymac-slonce-na-dluzej\\\/\"]}]},{\"@type\":\"ImageObject\",\"inLanguage\":\"pl-PL\",\"@id\":\"https:\\\/\\\/resibo.pl\\\/blog\\\/zatrzymac-slonce-na-dluzej\\\/#primaryimage\",\"url\":\"https:\\\/\\\/resibo.pl\\\/blog\\\/wp-content\\\/uploads\\\/2016\\\/09\\\/beach-920886_1920.jpg\",\"contentUrl\":\"https:\\\/\\\/resibo.pl\\\/blog\\\/wp-content\\\/uploads\\\/2016\\\/09\\\/beach-920886_1920.jpg\",\"width\":1920,\"height\":1077},{\"@type\":\"BreadcrumbList\",\"@id\":\"https:\\\/\\\/resibo.pl\\\/blog\\\/zatrzymac-slonce-na-dluzej\\\/#breadcrumb\",\"itemListElement\":[{\"@type\":\"ListItem\",\"position\":1,\"name\":\"Strona g\u0142\u00f3wna\",\"item\":\"https:\\\/\\\/resibo.pl\\\/blog\\\/\"},{\"@type\":\"ListItem\",\"position\":2,\"name\":\"Zatrzyma\u0107 s\u0142o\u0144ce na d\u0142u\u017cej&#8230;\"}]},{\"@type\":\"WebSite\",\"@id\":\"https:\\\/\\\/resibo.pl\\\/blog\\\/#website\",\"url\":\"https:\\\/\\\/resibo.pl\\\/blog\\\/\",\"name\":\"Kosmetyki naturalne Resibo\",\"description\":\"\",\"publisher\":{\"@id\":\"https:\\\/\\\/resibo.pl\\\/blog\\\/#organization\"},\"potentialAction\":[{\"@type\":\"SearchAction\",\"target\":{\"@type\":\"EntryPoint\",\"urlTemplate\":\"https:\\\/\\\/resibo.pl\\\/blog\\\/?s={search_term_string}\"},\"query-input\":{\"@type\":\"PropertyValueSpecification\",\"valueRequired\":true,\"valueName\":\"search_term_string\"}}],\"inLanguage\":\"pl-PL\"},{\"@type\":\"Organization\",\"@id\":\"https:\\\/\\\/resibo.pl\\\/blog\\\/#organization\",\"name\":\"Resibo\",\"url\":\"https:\\\/\\\/resibo.pl\\\/blog\\\/\",\"logo\":{\"@type\":\"ImageObject\",\"inLanguage\":\"pl-PL\",\"@id\":\"https:\\\/\\\/resibo.pl\\\/blog\\\/#\\\/schema\\\/logo\\\/image\\\/\",\"url\":\"https:\\\/\\\/resibo.pl\\\/blog\\\/wp-content\\\/uploads\\\/2022\\\/02\\\/cropped-logo.png\",\"contentUrl\":\"https:\\\/\\\/resibo.pl\\\/blog\\\/wp-content\\\/uploads\\\/2022\\\/02\\\/cropped-logo.png\",\"width\":274,\"height\":109,\"caption\":\"Resibo\"},\"image\":{\"@id\":\"https:\\\/\\\/resibo.pl\\\/blog\\\/#\\\/schema\\\/logo\\\/image\\\/\"},\"sameAs\":[\"http:\\\/\\\/facebook.com\\\/resiboPL\",\"http:\\\/\\\/instagram.com\\\/resibobynature\"]},{\"@type\":\"Person\",\"@id\":\"https:\\\/\\\/resibo.pl\\\/blog\\\/#\\\/schema\\\/person\\\/b83ed5dbb3219da851fb49ab9f7df4dc\",\"name\":\"Magda\",\"image\":{\"@type\":\"ImageObject\",\"inLanguage\":\"pl-PL\",\"@id\":\"https:\\\/\\\/secure.gravatar.com\\\/avatar\\\/0dfb5ced8ae1e08e5ccb725b615759b70c0470361d1df994cce404b851bfb639?s=96&d=mm&r=g\",\"url\":\"https:\\\/\\\/secure.gravatar.com\\\/avatar\\\/0dfb5ced8ae1e08e5ccb725b615759b70c0470361d1df994cce404b851bfb639?s=96&d=mm&r=g\",\"contentUrl\":\"https:\\\/\\\/secure.gravatar.com\\\/avatar\\\/0dfb5ced8ae1e08e5ccb725b615759b70c0470361d1df994cce404b851bfb639?s=96&d=mm&r=g\",\"caption\":\"Magda\"},\"description\":\"Magdalena Matyga-Kruk, ekspert ds. kosmetologii Kosmetologia i wszystko, co zwi\u0105zane z piel\u0119gnacj\u0105 sk\u00f3ry, to moja pasja. \u017beby nie musie\u0107 nigdy pracowa\u0107, z tej pasji uczyni\u0142am\u2026 prac\u0119. Od ponad pi\u0119ciu lat prowadz\u0119 salon kosmetyczny Magda M w \u015awidnicy, kt\u00f3remu po\u015bwi\u0119cam wi\u0119kszo\u015b\u0107 swojego czasu. Ci\u0105gle poszerzam swoj\u0105 wiedz\u0119, a zadowolenie moich coraz liczniejszych klient\u00f3w to najlepsza zap\u0142ata, bo jestem kosmetyczk\u0105 z wykszta\u0142cenia, ale przede wszystkim z zami\u0142owania.\",\"url\":\"https:\\\/\\\/resibo.pl\\\/blog\\\/author\\\/magda\\\/\"}]}<\/script>\n<!-- \/ Yoast SEO plugin. -->","yoast_head_json":{"title":"Zatrzyma\u0107 s\u0142o\u0144ce na d\u0142u\u017cej... - Kosmetyki naturalne Resibo","robots":{"index":"index","follow":"follow","max-snippet":"max-snippet:-1","max-image-preview":"max-image-preview:large","max-video-preview":"max-video-preview:-1"},"canonical":"https:\/\/resibo.pl\/blog\/zatrzymac-slonce-na-dluzej\/","og_locale":"pl_PL","og_type":"article","og_title":"Zatrzyma\u0107 s\u0142o\u0144ce na d\u0142u\u017cej... - Kosmetyki naturalne Resibo","og_description":"Lato dobiega ko\u0144ca, cho\u0107 w pogodzie wci\u0105\u017c jeszcze kr\u00f3luj\u0105 upa\u0142y, nie oszukujmy si\u0119, to ju\u017c ostatnie takie dni. Wi\u0119kszo\u015b\u0107 z nas wr\u00f3ci\u0142a z urlop\u00f3w, dzieci posz\u0142y do szko\u0142y, jak m\u00f3wi klasyk &#8211; koniec tego dobrego \ud83d\ude09 Wspomnieniem letniej sielanki jest jeszcze przyz\u0142ocona s\u0142o\u0144cem sk\u00f3ra. Jak o ni\u0105 dba\u0107, aby zatrzyma\u0107 opalenizn\u0119 jak najd\u0142u\u017cej?\u00a0 Zadanie to...","og_url":"https:\/\/resibo.pl\/blog\/zatrzymac-slonce-na-dluzej\/","og_site_name":"Kosmetyki naturalne Resibo","article_publisher":"http:\/\/facebook.com\/resiboPL","article_published_time":"2016-09-14T14:28:53+00:00","author":"Magda","twitter_misc":{"Napisane przez":"Magda","Szacowany czas czytania":"3 minuty"},"schema":{"@context":"https:\/\/schema.org","@graph":[{"@type":"Article","@id":"https:\/\/resibo.pl\/blog\/zatrzymac-slonce-na-dluzej\/#article","isPartOf":{"@id":"https:\/\/resibo.pl\/blog\/zatrzymac-slonce-na-dluzej\/"},"author":{"name":"Magda","@id":"https:\/\/resibo.pl\/blog\/#\/schema\/person\/b83ed5dbb3219da851fb49ab9f7df4dc"},"headline":"Zatrzyma\u0107 s\u0142o\u0144ce na d\u0142u\u017cej&#8230;","datePublished":"2016-09-14T14:28:53+00:00","mainEntityOfPage":{"@id":"https:\/\/resibo.pl\/blog\/zatrzymac-slonce-na-dluzej\/"},"wordCount":515,"commentCount":0,"publisher":{"@id":"https:\/\/resibo.pl\/blog\/#organization"},"image":{"@id":"https:\/\/resibo.pl\/blog\/zatrzymac-slonce-na-dluzej\/#primaryimage"},"thumbnailUrl":"https:\/\/resibo.pl\/blog\/wp-content\/uploads\/2016\/09\/beach-920886_1920.jpg","articleSection":["O pielegnacji"],"inLanguage":"pl-PL","potentialAction":[{"@type":"CommentAction","name":"Comment","target":["https:\/\/resibo.pl\/blog\/zatrzymac-slonce-na-dluzej\/#respond"]}]},{"@type":"WebPage","@id":"https:\/\/resibo.pl\/blog\/zatrzymac-slonce-na-dluzej\/","url":"https:\/\/resibo.pl\/blog\/zatrzymac-slonce-na-dluzej\/","name":"Zatrzyma\u0107 s\u0142o\u0144ce na d\u0142u\u017cej... - Kosmetyki naturalne Resibo","isPartOf":{"@id":"https:\/\/resibo.pl\/blog\/#website"},"primaryImageOfPage":{"@id":"https:\/\/resibo.pl\/blog\/zatrzymac-slonce-na-dluzej\/#primaryimage"},"image":{"@id":"https:\/\/resibo.pl\/blog\/zatrzymac-slonce-na-dluzej\/#primaryimage"},"thumbnailUrl":"https:\/\/resibo.pl\/blog\/wp-content\/uploads\/2016\/09\/beach-920886_1920.jpg","datePublished":"2016-09-14T14:28:53+00:00","breadcrumb":{"@id":"https:\/\/resibo.pl\/blog\/zatrzymac-slonce-na-dluzej\/#breadcrumb"},"inLanguage":"pl-PL","potentialAction":[{"@type":"ReadAction","target":["https:\/\/resibo.pl\/blog\/zatrzymac-slonce-na-dluzej\/"]}]},{"@type":"ImageObject","inLanguage":"pl-PL","@id":"https:\/\/resibo.pl\/blog\/zatrzymac-slonce-na-dluzej\/#primaryimage","url":"https:\/\/resibo.pl\/blog\/wp-content\/uploads\/2016\/09\/beach-920886_1920.jpg","contentUrl":"https:\/\/resibo.pl\/blog\/wp-content\/uploads\/2016\/09\/beach-920886_1920.jpg","width":1920,"height":1077},{"@type":"BreadcrumbList","@id":"https:\/\/resibo.pl\/blog\/zatrzymac-slonce-na-dluzej\/#breadcrumb","itemListElement":[{"@type":"ListItem","position":1,"name":"Strona g\u0142\u00f3wna","item":"https:\/\/resibo.pl\/blog\/"},{"@type":"ListItem","position":2,"name":"Zatrzyma\u0107 s\u0142o\u0144ce na d\u0142u\u017cej&#8230;"}]},{"@type":"WebSite","@id":"https:\/\/resibo.pl\/blog\/#website","url":"https:\/\/resibo.pl\/blog\/","name":"Kosmetyki naturalne Resibo","description":"","publisher":{"@id":"https:\/\/resibo.pl\/blog\/#organization"},"potentialAction":[{"@type":"SearchAction","target":{"@type":"EntryPoint","urlTemplate":"https:\/\/resibo.pl\/blog\/?s={search_term_string}"},"query-input":{"@type":"PropertyValueSpecification","valueRequired":true,"valueName":"search_term_string"}}],"inLanguage":"pl-PL"},{"@type":"Organization","@id":"https:\/\/resibo.pl\/blog\/#organization","name":"Resibo","url":"https:\/\/resibo.pl\/blog\/","logo":{"@type":"ImageObject","inLanguage":"pl-PL","@id":"https:\/\/resibo.pl\/blog\/#\/schema\/logo\/image\/","url":"https:\/\/resibo.pl\/blog\/wp-content\/uploads\/2022\/02\/cropped-logo.png","contentUrl":"https:\/\/resibo.pl\/blog\/wp-content\/uploads\/2022\/02\/cropped-logo.png","width":274,"height":109,"caption":"Resibo"},"image":{"@id":"https:\/\/resibo.pl\/blog\/#\/schema\/logo\/image\/"},"sameAs":["http:\/\/facebook.com\/resiboPL","http:\/\/instagram.com\/resibobynature"]},{"@type":"Person","@id":"https:\/\/resibo.pl\/blog\/#\/schema\/person\/b83ed5dbb3219da851fb49ab9f7df4dc","name":"Magda","image":{"@type":"ImageObject","inLanguage":"pl-PL","@id":"https:\/\/secure.gravatar.com\/avatar\/0dfb5ced8ae1e08e5ccb725b615759b70c0470361d1df994cce404b851bfb639?s=96&d=mm&r=g","url":"https:\/\/secure.gravatar.com\/avatar\/0dfb5ced8ae1e08e5ccb725b615759b70c0470361d1df994cce404b851bfb639?s=96&d=mm&r=g","contentUrl":"https:\/\/secure.gravatar.com\/avatar\/0dfb5ced8ae1e08e5ccb725b615759b70c0470361d1df994cce404b851bfb639?s=96&d=mm&r=g","caption":"Magda"},"description":"Magdalena Matyga-Kruk, ekspert ds. kosmetologii Kosmetologia i wszystko, co zwi\u0105zane z piel\u0119gnacj\u0105 sk\u00f3ry, to moja pasja. \u017beby nie musie\u0107 nigdy pracowa\u0107, z tej pasji uczyni\u0142am\u2026 prac\u0119. Od ponad pi\u0119ciu lat prowadz\u0119 salon kosmetyczny Magda M w \u015awidnicy, kt\u00f3remu po\u015bwi\u0119cam wi\u0119kszo\u015b\u0107 swojego czasu. Ci\u0105gle poszerzam swoj\u0105 wiedz\u0119, a zadowolenie moich coraz liczniejszych klient\u00f3w to najlepsza zap\u0142ata, bo jestem kosmetyczk\u0105 z wykszta\u0142cenia, ale przede wszystkim z zami\u0142owania.","url":"https:\/\/resibo.pl\/blog\/author\/magda\/"}]}},"_links":{"self":[{"href":"https:\/\/resibo.pl\/blog\/wp-json\/wp\/v2\/posts\/6632","targetHints":{"allow":["GET"]}}],"collection":[{"href":"https:\/\/resibo.pl\/blog\/wp-json\/wp\/v2\/posts"}],"about":[{"href":"https:\/\/resibo.pl\/blog\/wp-json\/wp\/v2\/types\/post"}],"author":[{"embeddable":true,"href":"https:\/\/resibo.pl\/blog\/wp-json\/wp\/v2\/users\/8"}],"replies":[{"embeddable":true,"href":"https:\/\/resibo.pl\/blog\/wp-json\/wp\/v2\/comments?post=6632"}],"version-history":[{"count":0,"href":"https:\/\/resibo.pl\/blog\/wp-json\/wp\/v2\/posts\/6632\/revisions"}],"wp:featuredmedia":[{"embeddable":true,"href":"https:\/\/resibo.pl\/blog\/wp-json\/wp\/v2\/media\/6634"}],"wp:attachment":[{"href":"https:\/\/resibo.pl\/blog\/wp-json\/wp\/v2\/media?parent=6632"}],"wp:term":[{"taxonomy":"category","embeddable":true,"href":"https:\/\/resibo.pl\/blog\/wp-json\/wp\/v2\/categories?post=6632"},{"taxonomy":"post_tag","embeddable":true,"href":"https:\/\/resibo.pl\/blog\/wp-json\/wp\/v2\/tags?post=6632"}],"curies":[{"name":"wp","href":"https:\/\/api.w.org\/{rel}","templated":true}]}}