{"id":6668,"date":"2016-09-28T23:58:15","date_gmt":"2016-09-28T21:58:15","guid":{"rendered":"https:\/\/resibo.pl\/blog\/?p=6668"},"modified":"2016-09-28T23:58:15","modified_gmt":"2016-09-28T21:58:15","slug":"skora-musnieta-sloncem-caly-rok","status":"publish","type":"post","link":"https:\/\/resibo.pl\/blog\/skora-musnieta-sloncem-caly-rok\/","title":{"rendered":"Sk\u00f3ra mu\u015bni\u0119ta s\u0142o\u0144cem ca\u0142y rok\u00a0"},"content":{"rendered":"<div class=\"vgblk-rw-wrapper limit-wrapper\">\n<p class=\"p1\" style=\"text-align: justify;\">A ja ci\u0105gle o tym lecie&#8230; Ostatnio wi\u0119kszo\u015b\u0107 wpis\u00f3w to istna t\u0119sknota za ledwo przesz\u0142ym latem \ud83d\ude09 Bo faktycznie, ledwo si\u0119 sko\u0144czy\u0142o, a ju\u017c jesie\u0144 i cho\u0107 zapowiada si\u0119 pi\u0119knie, zwiastuje nadej\u015bcie zimy. Co gorsza, mokrej i szarej zapewne, bo ostatnimi \u00a0laty bia\u0142a ze \u015bniegiem to tylko wpomnienie dzieci\u0144stwa&#8230; Rozmarzy\u0142am si\u0119 leciutko.<\/p>\n<p class=\"p1\" style=\"text-align: justify;\"><span class=\"s1\">No w\u0142a\u015bnie, ale jest spos\u00f3b na to, aby chocia\u017c sk\u00f3ra twarzy wyglada\u0142a na lekko opalon\u0105 przez ca\u0142y rok &#8211; ziemia egipska. To wypiekany puder br\u0105zuj\u0105cy, wyj\u0105tkowo wydajny, trwa\u0142y, maj\u0105cy w swoim sk\u0142adzie substancje piel\u0119gnuj\u0105ce, minera\u0142y, witamin\u0119 E, kwas hialuronowy czy mas\u0142o Shea. To produkt wielozadaniowy, kt\u00f3ry powinien si\u0119 znale\u017a\u0107 w kosmetyczce ka\u017cdej kobiety. Mo\u017ce s\u0142u\u017cy\u0107 jako puder na bardziej opalonych sk\u00f3rach, \u00a0bronzer i cie\u0144 do powiek. Doskonale sprawdza si\u0119 do konturowania. Nak\u0142adany warstwowo, przy jednej daje lekk\u0105 po\u015bwiat\u0119 opalenizny, przy dw\u00f3ch, trzech, a nawet wi\u0119cej, mocniej akcentuje te partie twarzy, kt\u00f3re chcemy zaznaczy\u0107. Dzi\u0119ki zawarto\u015bci takich sk\u0142adnik\u00f3w jak mika &#8211; minera\u0142 naturalny, lekko roz\u015bwietla i wyr\u00f3wnuje niedoskona\u0142o\u015bci cery. Przy tym jest trwa\u0142a i nadaje si\u0119 do ka\u017cdego typu cery, r\u00f3wnie\u017c t\u0142ustej i mieszanej.\u00a0<\/span><\/p>\n<p class=\"p1\" style=\"text-align: justify;\"><span class=\"s1\">Moj\u0105 ulubion\u0105 ziemi\u0105 Egiptu jest ziemia Bikor. Na pierwszy rzut oka ma bardzo intensywny kolor, jak zreszta wi\u0119kszo\u015b\u0107 tego typu produkt\u00f3w, jakby ceglasty. Ale jest to kolor absolutnie uniwersalny, pasuj\u0105cy zar\u00f3wno do ciep\u0142ych, jak i zimnych typ\u00f3w urody. Kiedy ju\u017c nauczycie si\u0119 z niej korzysta\u0107, tak aby nie przesadzi\u0107 z &#8222;opalenizn\u0105&#8221; i nie robi\u0107 sobie plam, pokochacie j\u0105.\u00a0<\/span><\/p>\n<p class=\"p1\" style=\"text-align: justify;\"><span class=\"s1\">Zastanawia\u0142am si\u0119, czy nie wymieni\u0107 jej w jednym z artyku\u0142\u00f3w o kosmetycznych pere\u0142kach. Ale tam si\u0119 nie nadaje, bo jest na ten cykl za droga. W sklepie internetowym trzeba za ni\u0105 zap\u0142aci\u0107 ok 160 z\u0142. Ale to d\u0142ugotrwa\u0142a inwestycja &#8211; ja korzystam ze swojej rok, a ko\u0144ca nie wida\u0107. A przede wszystkim dla mnie to nie pere\u0142ka, a per\u0142a w\u015br\u00f3d kosmetyk\u00f3w kolorowych. Warto wi\u0119c zainwestowa\u0107 w taki produkt i cieszy\u0107 si\u0119 ciep\u0142\u0105, s\u0142oneczn\u0105 sk\u00f3r\u0105 w ponure jesienno-zimowe dni \ud83d\ude42<\/span><\/p>\n<\/div>\n<p><!-- .vgblk-rw-wrapper --><\/p>\n","protected":false},"excerpt":{"rendered":"<p>A ja ci\u0105gle o tym lecie&#8230; Ostatnio wi\u0119kszo\u015b\u0107 wpis\u00f3w to istna t\u0119sknota za ledwo przesz\u0142ym latem \ud83d\ude09 Bo faktycznie, ledwo si\u0119 sko\u0144czy\u0142o, a ju\u017c jesie\u0144 i cho\u0107 zapowiada si\u0119 pi\u0119knie, zwiastuje nadej\u015bcie zimy. Co gorsza, mokrej i szarej zapewne, bo ostatnimi \u00a0laty bia\u0142a ze \u015bniegiem to tylko wpomnienie dzieci\u0144stwa&#8230; Rozmarzy\u0142am si\u0119 leciutko. No w\u0142a\u015bnie, ale&#8230;<\/p>\n","protected":false},"author":8,"featured_media":6669,"comment_status":"open","ping_status":"open","sticky":false,"template":"","format":"standard","meta":{"footnotes":""},"categories":[40],"tags":[],"class_list":["post-6668","post","type-post","status-publish","format-standard","has-post-thumbnail","hentry","category-magda-o-pielegnacji"],"yoast_head":"<!-- This site is optimized with the Yoast SEO plugin v27.5 - https:\/\/yoast.com\/product\/yoast-seo-wordpress\/ -->\n<title>Sk\u00f3ra mu\u015bni\u0119ta s\u0142o\u0144cem ca\u0142y rok\u00a0 - Kosmetyki naturalne Resibo<\/title>\n<meta name=\"robots\" content=\"index, follow, max-snippet:-1, max-image-preview:large, max-video-preview:-1\" \/>\n<link rel=\"canonical\" href=\"https:\/\/resibo.pl\/blog\/skora-musnieta-sloncem-caly-rok\/\" \/>\n<meta property=\"og:locale\" content=\"pl_PL\" \/>\n<meta property=\"og:type\" content=\"article\" \/>\n<meta property=\"og:title\" content=\"Sk\u00f3ra mu\u015bni\u0119ta s\u0142o\u0144cem ca\u0142y rok\u00a0 - Kosmetyki naturalne Resibo\" \/>\n<meta property=\"og:description\" content=\"A ja ci\u0105gle o tym lecie&#8230; Ostatnio wi\u0119kszo\u015b\u0107 wpis\u00f3w to istna t\u0119sknota za ledwo przesz\u0142ym latem \ud83d\ude09 Bo faktycznie, ledwo si\u0119 sko\u0144czy\u0142o, a ju\u017c jesie\u0144 i cho\u0107 zapowiada si\u0119 pi\u0119knie, zwiastuje nadej\u015bcie zimy. Co gorsza, mokrej i szarej zapewne, bo ostatnimi \u00a0laty bia\u0142a ze \u015bniegiem to tylko wpomnienie dzieci\u0144stwa&#8230; Rozmarzy\u0142am si\u0119 leciutko. No w\u0142a\u015bnie, ale...\" \/>\n<meta property=\"og:url\" content=\"https:\/\/resibo.pl\/blog\/skora-musnieta-sloncem-caly-rok\/\" \/>\n<meta property=\"og:site_name\" content=\"Kosmetyki naturalne Resibo\" \/>\n<meta property=\"article:publisher\" content=\"http:\/\/facebook.com\/resiboPL\" \/>\n<meta property=\"article:published_time\" content=\"2016-09-28T21:58:15+00:00\" \/>\n<meta name=\"author\" content=\"Magda\" \/>\n<meta name=\"twitter:label1\" content=\"Napisane przez\" \/>\n\t<meta name=\"twitter:data1\" content=\"Magda\" \/>\n\t<meta name=\"twitter:label2\" content=\"Szacowany czas czytania\" \/>\n\t<meta name=\"twitter:data2\" content=\"2 minuty\" \/>\n<script type=\"application\/ld+json\" class=\"yoast-schema-graph\">{\"@context\":\"https:\\\/\\\/schema.org\",\"@graph\":[{\"@type\":\"Article\",\"@id\":\"https:\\\/\\\/resibo.pl\\\/blog\\\/skora-musnieta-sloncem-caly-rok\\\/#article\",\"isPartOf\":{\"@id\":\"https:\\\/\\\/resibo.pl\\\/blog\\\/skora-musnieta-sloncem-caly-rok\\\/\"},\"author\":{\"name\":\"Magda\",\"@id\":\"https:\\\/\\\/resibo.pl\\\/blog\\\/#\\\/schema\\\/person\\\/b83ed5dbb3219da851fb49ab9f7df4dc\"},\"headline\":\"Sk\u00f3ra mu\u015bni\u0119ta s\u0142o\u0144cem ca\u0142y rok\u00a0\",\"datePublished\":\"2016-09-28T21:58:15+00:00\",\"mainEntityOfPage\":{\"@id\":\"https:\\\/\\\/resibo.pl\\\/blog\\\/skora-musnieta-sloncem-caly-rok\\\/\"},\"wordCount\":392,\"commentCount\":0,\"publisher\":{\"@id\":\"https:\\\/\\\/resibo.pl\\\/blog\\\/#organization\"},\"image\":{\"@id\":\"https:\\\/\\\/resibo.pl\\\/blog\\\/skora-musnieta-sloncem-caly-rok\\\/#primaryimage\"},\"thumbnailUrl\":\"https:\\\/\\\/resibo.pl\\\/blog\\\/wp-content\\\/uploads\\\/2016\\\/09\\\/sunglasses-1209619__480.jpg\",\"articleSection\":[\"O pielegnacji\"],\"inLanguage\":\"pl-PL\",\"potentialAction\":[{\"@type\":\"CommentAction\",\"name\":\"Comment\",\"target\":[\"https:\\\/\\\/resibo.pl\\\/blog\\\/skora-musnieta-sloncem-caly-rok\\\/#respond\"]}]},{\"@type\":\"WebPage\",\"@id\":\"https:\\\/\\\/resibo.pl\\\/blog\\\/skora-musnieta-sloncem-caly-rok\\\/\",\"url\":\"https:\\\/\\\/resibo.pl\\\/blog\\\/skora-musnieta-sloncem-caly-rok\\\/\",\"name\":\"Sk\u00f3ra mu\u015bni\u0119ta s\u0142o\u0144cem ca\u0142y rok\u00a0 - Kosmetyki naturalne Resibo\",\"isPartOf\":{\"@id\":\"https:\\\/\\\/resibo.pl\\\/blog\\\/#website\"},\"primaryImageOfPage\":{\"@id\":\"https:\\\/\\\/resibo.pl\\\/blog\\\/skora-musnieta-sloncem-caly-rok\\\/#primaryimage\"},\"image\":{\"@id\":\"https:\\\/\\\/resibo.pl\\\/blog\\\/skora-musnieta-sloncem-caly-rok\\\/#primaryimage\"},\"thumbnailUrl\":\"https:\\\/\\\/resibo.pl\\\/blog\\\/wp-content\\\/uploads\\\/2016\\\/09\\\/sunglasses-1209619__480.jpg\",\"datePublished\":\"2016-09-28T21:58:15+00:00\",\"breadcrumb\":{\"@id\":\"https:\\\/\\\/resibo.pl\\\/blog\\\/skora-musnieta-sloncem-caly-rok\\\/#breadcrumb\"},\"inLanguage\":\"pl-PL\",\"potentialAction\":[{\"@type\":\"ReadAction\",\"target\":[\"https:\\\/\\\/resibo.pl\\\/blog\\\/skora-musnieta-sloncem-caly-rok\\\/\"]}]},{\"@type\":\"ImageObject\",\"inLanguage\":\"pl-PL\",\"@id\":\"https:\\\/\\\/resibo.pl\\\/blog\\\/skora-musnieta-sloncem-caly-rok\\\/#primaryimage\",\"url\":\"https:\\\/\\\/resibo.pl\\\/blog\\\/wp-content\\\/uploads\\\/2016\\\/09\\\/sunglasses-1209619__480.jpg\",\"contentUrl\":\"https:\\\/\\\/resibo.pl\\\/blog\\\/wp-content\\\/uploads\\\/2016\\\/09\\\/sunglasses-1209619__480.jpg\",\"width\":724,\"height\":480},{\"@type\":\"BreadcrumbList\",\"@id\":\"https:\\\/\\\/resibo.pl\\\/blog\\\/skora-musnieta-sloncem-caly-rok\\\/#breadcrumb\",\"itemListElement\":[{\"@type\":\"ListItem\",\"position\":1,\"name\":\"Strona g\u0142\u00f3wna\",\"item\":\"https:\\\/\\\/resibo.pl\\\/blog\\\/\"},{\"@type\":\"ListItem\",\"position\":2,\"name\":\"Sk\u00f3ra mu\u015bni\u0119ta s\u0142o\u0144cem ca\u0142y rok\u00a0\"}]},{\"@type\":\"WebSite\",\"@id\":\"https:\\\/\\\/resibo.pl\\\/blog\\\/#website\",\"url\":\"https:\\\/\\\/resibo.pl\\\/blog\\\/\",\"name\":\"Kosmetyki naturalne Resibo\",\"description\":\"\",\"publisher\":{\"@id\":\"https:\\\/\\\/resibo.pl\\\/blog\\\/#organization\"},\"potentialAction\":[{\"@type\":\"SearchAction\",\"target\":{\"@type\":\"EntryPoint\",\"urlTemplate\":\"https:\\\/\\\/resibo.pl\\\/blog\\\/?s={search_term_string}\"},\"query-input\":{\"@type\":\"PropertyValueSpecification\",\"valueRequired\":true,\"valueName\":\"search_term_string\"}}],\"inLanguage\":\"pl-PL\"},{\"@type\":\"Organization\",\"@id\":\"https:\\\/\\\/resibo.pl\\\/blog\\\/#organization\",\"name\":\"Resibo\",\"url\":\"https:\\\/\\\/resibo.pl\\\/blog\\\/\",\"logo\":{\"@type\":\"ImageObject\",\"inLanguage\":\"pl-PL\",\"@id\":\"https:\\\/\\\/resibo.pl\\\/blog\\\/#\\\/schema\\\/logo\\\/image\\\/\",\"url\":\"https:\\\/\\\/resibo.pl\\\/blog\\\/wp-content\\\/uploads\\\/2022\\\/02\\\/cropped-logo.png\",\"contentUrl\":\"https:\\\/\\\/resibo.pl\\\/blog\\\/wp-content\\\/uploads\\\/2022\\\/02\\\/cropped-logo.png\",\"width\":274,\"height\":109,\"caption\":\"Resibo\"},\"image\":{\"@id\":\"https:\\\/\\\/resibo.pl\\\/blog\\\/#\\\/schema\\\/logo\\\/image\\\/\"},\"sameAs\":[\"http:\\\/\\\/facebook.com\\\/resiboPL\",\"http:\\\/\\\/instagram.com\\\/resibobynature\"]},{\"@type\":\"Person\",\"@id\":\"https:\\\/\\\/resibo.pl\\\/blog\\\/#\\\/schema\\\/person\\\/b83ed5dbb3219da851fb49ab9f7df4dc\",\"name\":\"Magda\",\"image\":{\"@type\":\"ImageObject\",\"inLanguage\":\"pl-PL\",\"@id\":\"https:\\\/\\\/secure.gravatar.com\\\/avatar\\\/0dfb5ced8ae1e08e5ccb725b615759b70c0470361d1df994cce404b851bfb639?s=96&d=mm&r=g\",\"url\":\"https:\\\/\\\/secure.gravatar.com\\\/avatar\\\/0dfb5ced8ae1e08e5ccb725b615759b70c0470361d1df994cce404b851bfb639?s=96&d=mm&r=g\",\"contentUrl\":\"https:\\\/\\\/secure.gravatar.com\\\/avatar\\\/0dfb5ced8ae1e08e5ccb725b615759b70c0470361d1df994cce404b851bfb639?s=96&d=mm&r=g\",\"caption\":\"Magda\"},\"description\":\"Magdalena Matyga-Kruk, ekspert ds. kosmetologii Kosmetologia i wszystko, co zwi\u0105zane z piel\u0119gnacj\u0105 sk\u00f3ry, to moja pasja. \u017beby nie musie\u0107 nigdy pracowa\u0107, z tej pasji uczyni\u0142am\u2026 prac\u0119. Od ponad pi\u0119ciu lat prowadz\u0119 salon kosmetyczny Magda M w \u015awidnicy, kt\u00f3remu po\u015bwi\u0119cam wi\u0119kszo\u015b\u0107 swojego czasu. Ci\u0105gle poszerzam swoj\u0105 wiedz\u0119, a zadowolenie moich coraz liczniejszych klient\u00f3w to najlepsza zap\u0142ata, bo jestem kosmetyczk\u0105 z wykszta\u0142cenia, ale przede wszystkim z zami\u0142owania.\",\"url\":\"https:\\\/\\\/resibo.pl\\\/blog\\\/author\\\/magda\\\/\"}]}<\/script>\n<!-- \/ Yoast SEO plugin. -->","yoast_head_json":{"title":"Sk\u00f3ra mu\u015bni\u0119ta s\u0142o\u0144cem ca\u0142y rok\u00a0 - Kosmetyki naturalne Resibo","robots":{"index":"index","follow":"follow","max-snippet":"max-snippet:-1","max-image-preview":"max-image-preview:large","max-video-preview":"max-video-preview:-1"},"canonical":"https:\/\/resibo.pl\/blog\/skora-musnieta-sloncem-caly-rok\/","og_locale":"pl_PL","og_type":"article","og_title":"Sk\u00f3ra mu\u015bni\u0119ta s\u0142o\u0144cem ca\u0142y rok\u00a0 - Kosmetyki naturalne Resibo","og_description":"A ja ci\u0105gle o tym lecie&#8230; Ostatnio wi\u0119kszo\u015b\u0107 wpis\u00f3w to istna t\u0119sknota za ledwo przesz\u0142ym latem \ud83d\ude09 Bo faktycznie, ledwo si\u0119 sko\u0144czy\u0142o, a ju\u017c jesie\u0144 i cho\u0107 zapowiada si\u0119 pi\u0119knie, zwiastuje nadej\u015bcie zimy. Co gorsza, mokrej i szarej zapewne, bo ostatnimi \u00a0laty bia\u0142a ze \u015bniegiem to tylko wpomnienie dzieci\u0144stwa&#8230; Rozmarzy\u0142am si\u0119 leciutko. No w\u0142a\u015bnie, ale...","og_url":"https:\/\/resibo.pl\/blog\/skora-musnieta-sloncem-caly-rok\/","og_site_name":"Kosmetyki naturalne Resibo","article_publisher":"http:\/\/facebook.com\/resiboPL","article_published_time":"2016-09-28T21:58:15+00:00","author":"Magda","twitter_misc":{"Napisane przez":"Magda","Szacowany czas czytania":"2 minuty"},"schema":{"@context":"https:\/\/schema.org","@graph":[{"@type":"Article","@id":"https:\/\/resibo.pl\/blog\/skora-musnieta-sloncem-caly-rok\/#article","isPartOf":{"@id":"https:\/\/resibo.pl\/blog\/skora-musnieta-sloncem-caly-rok\/"},"author":{"name":"Magda","@id":"https:\/\/resibo.pl\/blog\/#\/schema\/person\/b83ed5dbb3219da851fb49ab9f7df4dc"},"headline":"Sk\u00f3ra mu\u015bni\u0119ta s\u0142o\u0144cem ca\u0142y rok\u00a0","datePublished":"2016-09-28T21:58:15+00:00","mainEntityOfPage":{"@id":"https:\/\/resibo.pl\/blog\/skora-musnieta-sloncem-caly-rok\/"},"wordCount":392,"commentCount":0,"publisher":{"@id":"https:\/\/resibo.pl\/blog\/#organization"},"image":{"@id":"https:\/\/resibo.pl\/blog\/skora-musnieta-sloncem-caly-rok\/#primaryimage"},"thumbnailUrl":"https:\/\/resibo.pl\/blog\/wp-content\/uploads\/2016\/09\/sunglasses-1209619__480.jpg","articleSection":["O pielegnacji"],"inLanguage":"pl-PL","potentialAction":[{"@type":"CommentAction","name":"Comment","target":["https:\/\/resibo.pl\/blog\/skora-musnieta-sloncem-caly-rok\/#respond"]}]},{"@type":"WebPage","@id":"https:\/\/resibo.pl\/blog\/skora-musnieta-sloncem-caly-rok\/","url":"https:\/\/resibo.pl\/blog\/skora-musnieta-sloncem-caly-rok\/","name":"Sk\u00f3ra mu\u015bni\u0119ta s\u0142o\u0144cem ca\u0142y rok\u00a0 - Kosmetyki naturalne Resibo","isPartOf":{"@id":"https:\/\/resibo.pl\/blog\/#website"},"primaryImageOfPage":{"@id":"https:\/\/resibo.pl\/blog\/skora-musnieta-sloncem-caly-rok\/#primaryimage"},"image":{"@id":"https:\/\/resibo.pl\/blog\/skora-musnieta-sloncem-caly-rok\/#primaryimage"},"thumbnailUrl":"https:\/\/resibo.pl\/blog\/wp-content\/uploads\/2016\/09\/sunglasses-1209619__480.jpg","datePublished":"2016-09-28T21:58:15+00:00","breadcrumb":{"@id":"https:\/\/resibo.pl\/blog\/skora-musnieta-sloncem-caly-rok\/#breadcrumb"},"inLanguage":"pl-PL","potentialAction":[{"@type":"ReadAction","target":["https:\/\/resibo.pl\/blog\/skora-musnieta-sloncem-caly-rok\/"]}]},{"@type":"ImageObject","inLanguage":"pl-PL","@id":"https:\/\/resibo.pl\/blog\/skora-musnieta-sloncem-caly-rok\/#primaryimage","url":"https:\/\/resibo.pl\/blog\/wp-content\/uploads\/2016\/09\/sunglasses-1209619__480.jpg","contentUrl":"https:\/\/resibo.pl\/blog\/wp-content\/uploads\/2016\/09\/sunglasses-1209619__480.jpg","width":724,"height":480},{"@type":"BreadcrumbList","@id":"https:\/\/resibo.pl\/blog\/skora-musnieta-sloncem-caly-rok\/#breadcrumb","itemListElement":[{"@type":"ListItem","position":1,"name":"Strona g\u0142\u00f3wna","item":"https:\/\/resibo.pl\/blog\/"},{"@type":"ListItem","position":2,"name":"Sk\u00f3ra mu\u015bni\u0119ta s\u0142o\u0144cem ca\u0142y rok\u00a0"}]},{"@type":"WebSite","@id":"https:\/\/resibo.pl\/blog\/#website","url":"https:\/\/resibo.pl\/blog\/","name":"Kosmetyki naturalne Resibo","description":"","publisher":{"@id":"https:\/\/resibo.pl\/blog\/#organization"},"potentialAction":[{"@type":"SearchAction","target":{"@type":"EntryPoint","urlTemplate":"https:\/\/resibo.pl\/blog\/?s={search_term_string}"},"query-input":{"@type":"PropertyValueSpecification","valueRequired":true,"valueName":"search_term_string"}}],"inLanguage":"pl-PL"},{"@type":"Organization","@id":"https:\/\/resibo.pl\/blog\/#organization","name":"Resibo","url":"https:\/\/resibo.pl\/blog\/","logo":{"@type":"ImageObject","inLanguage":"pl-PL","@id":"https:\/\/resibo.pl\/blog\/#\/schema\/logo\/image\/","url":"https:\/\/resibo.pl\/blog\/wp-content\/uploads\/2022\/02\/cropped-logo.png","contentUrl":"https:\/\/resibo.pl\/blog\/wp-content\/uploads\/2022\/02\/cropped-logo.png","width":274,"height":109,"caption":"Resibo"},"image":{"@id":"https:\/\/resibo.pl\/blog\/#\/schema\/logo\/image\/"},"sameAs":["http:\/\/facebook.com\/resiboPL","http:\/\/instagram.com\/resibobynature"]},{"@type":"Person","@id":"https:\/\/resibo.pl\/blog\/#\/schema\/person\/b83ed5dbb3219da851fb49ab9f7df4dc","name":"Magda","image":{"@type":"ImageObject","inLanguage":"pl-PL","@id":"https:\/\/secure.gravatar.com\/avatar\/0dfb5ced8ae1e08e5ccb725b615759b70c0470361d1df994cce404b851bfb639?s=96&d=mm&r=g","url":"https:\/\/secure.gravatar.com\/avatar\/0dfb5ced8ae1e08e5ccb725b615759b70c0470361d1df994cce404b851bfb639?s=96&d=mm&r=g","contentUrl":"https:\/\/secure.gravatar.com\/avatar\/0dfb5ced8ae1e08e5ccb725b615759b70c0470361d1df994cce404b851bfb639?s=96&d=mm&r=g","caption":"Magda"},"description":"Magdalena Matyga-Kruk, ekspert ds. kosmetologii Kosmetologia i wszystko, co zwi\u0105zane z piel\u0119gnacj\u0105 sk\u00f3ry, to moja pasja. \u017beby nie musie\u0107 nigdy pracowa\u0107, z tej pasji uczyni\u0142am\u2026 prac\u0119. Od ponad pi\u0119ciu lat prowadz\u0119 salon kosmetyczny Magda M w \u015awidnicy, kt\u00f3remu po\u015bwi\u0119cam wi\u0119kszo\u015b\u0107 swojego czasu. Ci\u0105gle poszerzam swoj\u0105 wiedz\u0119, a zadowolenie moich coraz liczniejszych klient\u00f3w to najlepsza zap\u0142ata, bo jestem kosmetyczk\u0105 z wykszta\u0142cenia, ale przede wszystkim z zami\u0142owania.","url":"https:\/\/resibo.pl\/blog\/author\/magda\/"}]}},"_links":{"self":[{"href":"https:\/\/resibo.pl\/blog\/wp-json\/wp\/v2\/posts\/6668","targetHints":{"allow":["GET"]}}],"collection":[{"href":"https:\/\/resibo.pl\/blog\/wp-json\/wp\/v2\/posts"}],"about":[{"href":"https:\/\/resibo.pl\/blog\/wp-json\/wp\/v2\/types\/post"}],"author":[{"embeddable":true,"href":"https:\/\/resibo.pl\/blog\/wp-json\/wp\/v2\/users\/8"}],"replies":[{"embeddable":true,"href":"https:\/\/resibo.pl\/blog\/wp-json\/wp\/v2\/comments?post=6668"}],"version-history":[{"count":0,"href":"https:\/\/resibo.pl\/blog\/wp-json\/wp\/v2\/posts\/6668\/revisions"}],"wp:featuredmedia":[{"embeddable":true,"href":"https:\/\/resibo.pl\/blog\/wp-json\/wp\/v2\/media\/6669"}],"wp:attachment":[{"href":"https:\/\/resibo.pl\/blog\/wp-json\/wp\/v2\/media?parent=6668"}],"wp:term":[{"taxonomy":"category","embeddable":true,"href":"https:\/\/resibo.pl\/blog\/wp-json\/wp\/v2\/categories?post=6668"},{"taxonomy":"post_tag","embeddable":true,"href":"https:\/\/resibo.pl\/blog\/wp-json\/wp\/v2\/tags?post=6668"}],"curies":[{"name":"wp","href":"https:\/\/api.w.org\/{rel}","templated":true}]}}