{"id":7166,"date":"2017-03-16T12:00:27","date_gmt":"2017-03-16T11:00:27","guid":{"rendered":"https:\/\/resibo.pl\/blog\/?p=7166"},"modified":"2017-03-16T12:00:27","modified_gmt":"2017-03-16T11:00:27","slug":"pielegnacja-przeciwzmarszczkowa-zabiegi-i-kosmetyki-anti-aging","status":"publish","type":"post","link":"https:\/\/resibo.pl\/blog\/pielegnacja-przeciwzmarszczkowa-zabiegi-i-kosmetyki-anti-aging\/","title":{"rendered":"Piel\u0119gnacja przeciwzmarszczkowa \u2013 zabiegi i kosmetyki anti-aging"},"content":{"rendered":"<div class=\"vgblk-rw-wrapper limit-wrapper\">Dzisiejszym artyku\u0142em rozpoczynamy cykl o zabiegach i piel\u0119gnacji skierowanych na walk\u0119 z procesem starzenia si\u0119 sk\u00f3ry. Kiedy nale\u017cy zacz\u0105\u0107 t\u0119 trudn\u0105 walk\u0119? Aby odpowiedzie\u0107 na to pytanie, nale\u017cy co nieco wiedzie\u0107 o funkcjonowaniu i budowie sk\u00f3ry.<\/p>\n<p>Za elastyczno\u015b\u0107 i odporno\u015b\u0107 na rozci\u0105ganie odpowiadaj\u0105 w\u0142\u00f3kna kolagenowe i elastynowe. Za odpowiedni poziom nawil\u017cenia i napi\u0119cie \u2013 kwas hialuronowy. Kolagen i elastyna s\u0105 bia\u0142kami strukturalnymi, kwas hialuronowy natomiast (nie ma nic wsp\u00f3lnego z dra\u017cni\u0105co dzia\u0142aj\u0105cymi kwasami AHA czy BHA) jest g\u0142\u00f3wnym sk\u0142adnikiem NMF-u, czyli g\u0142\u00f3wnego czynnika nawil\u017caj\u0105cego. Te sk\u0142adniki odpowiadaj\u0105 za pi\u0119kny, promienny, m\u0142ody wygl\u0105d naszej sk\u00f3ry. Problem polega na tym, \u017ce ich synteza zaczyna systematycznie spada\u0107 o kilka procent rocznie mniej wi\u0119cej od 25. roku \u017cycia.<\/p>\n<p>Procesy degradacyjne i spowolnion\u0105 odnow\u0119 kom\u00f3rkow\u0105 znacznie przyspieszaj\u0105 dodatkowo czynniki zewn\u0119trzne \u2013 promieniowanie UV, zanieczyszczenie \u015brodowiska, a tak\u017ce niehigieniczny tryb \u017cycia \u2013 palenie papieros\u00f3w, stres, s\u0142abe nawadnianie organizmu, niezdrowa dieta, alkohol i inne u\u017cywki itd. Wszystkie te czynniki wp\u0142ywaj\u0105 na powstawanie i rozw\u00f3j wolnych rodnik\u00f3w \u2013 cz\u0105steczek maj\u0105cych destrukcyjny wp\u0142yw na odporno\u015b\u0107 kom\u00f3rek sk\u00f3ry i ich cykl regeneracyjny.<\/p>\n<p>W wyniku starzenia si\u0119 proces odbudowy kom\u00f3rkowej nask\u00f3rka wyd\u0142u\u017ca si\u0119 z 28 dni nawet dwukrotnie. Nast\u0119puje \u015bcie\u0144czenie warstwy podsk\u00f3rnej i sk\u00f3ry w\u0142a\u015bciwej, a pogrubienie rogowej warstwy nask\u00f3rka, zwi\u0119kszaj\u0105c widoczno\u015b\u0107 i g\u0142\u0119boko\u015b\u0107 zmarszczek mimicznych i statycznych. Wskutek spowolnienia pracy gruczo\u0142\u00f3w \u0142ojowych i potowych post\u0119puje spadek poziomu nawil\u017cenia i naturalnego nat\u0142uszczenia, z coraz wi\u0119kszym trudem odbudowuje si\u0119 p\u0142aszcz hydrolipidowy maj\u0105cy bardzo wa\u017cn\u0105 funkcj\u0119 ochronn\u0105. Sk\u00f3ra staje si\u0119 przesuszona, bardziej podatna na wnikanie drobnoustroj\u00f3w i alergen\u00f3w, zwi\u0119ksza si\u0119 jej wra\u017cliwo\u015b\u0107, maleje odporno\u015b\u0107. Coraz s\u0142absza staje si\u0119 r\u00f3wnie\u017c sie\u0107 naczy\u0144 krwiono\u015bnych, pojawiaj\u0105 si\u0119 teleangiektazje \u2013 tzw. paj\u0105czki, czyli trwale rozszerzone naczynka w\u0142osowate sk\u00f3ry. Melanina \u2013 barwnik sk\u00f3ry \u2013 zaczyna rozk\u0142ada\u0107 si\u0119 nier\u00f3wnomiernie daj\u0105c coraz wi\u0119cej przebarwie\u0144.<\/p>\n<p>W kosmetologii poj\u0119cie \u201esk\u00f3ry dojrza\u0142ej\u201d funkcjonuje ju\u017c dla os\u00f3b w wieku 30+, a wi\u0119c naprawd\u0119 m\u0142odych. To jednak czas, kiedy zaczynamy obserwowa\u0107 wszystkie wspomniane niekorzystne zmiany, kt\u00f3re w dalszych latach tylko si\u0119 nasilaj\u0105.<\/p>\n<p>Maj\u0105c t\u0105 wiedz\u0119 jeste\u015bmy w stanie wyci\u0105gn\u0105\u0107 wnioski i przeciwdzia\u0142a\u0107 destrukcyjnym procesom wyd\u0142u\u017caj\u0105c m\u0142odo\u015b\u0107 swojej sk\u00f3ry. Wiemy, czego nale\u017cy unika\u0107. Nale\u017cy w tym miejscu podkre\u015bli\u0107 ogromn\u0105 rol\u0119 w procesie starzenia promieniowania ultrafioletowego, szczeg\u00f3lnie UVA. To jemu \u201ezawdzi\u0119czamy\u201d wi\u0119kszo\u015b\u0107 zmarszczek. Przewa\u017caj\u0105c\u0105 jego wi\u0119kszo\u015b\u0107 w stosunku do UVB znajdziemy w solarium, najwi\u0119kszym wrogu zdrowej, m\u0142odej cery.<\/p>\n<p>Wiedz\u0105c r\u00f3wnie\u017c, \u017ce odnowa kom\u00f3rkowa nask\u00f3rka wyd\u0142u\u017ca si\u0119 ze wspomnianych 28 do nawet 60 dni, wiemy, \u017ce to nad aktywacj\u0105 tego procesu nale\u017cy pracowa\u0107, aby zwolni\u0107 tempo procesu starzenia. Jak to zrobi\u0107? O tym ju\u017c kolejnych artyku\u0142ach \ud83d\ude42<\/p><\/div>\n<p><!-- .vgblk-rw-wrapper --><\/p>\n","protected":false},"excerpt":{"rendered":"<p>Dzisiejszym artyku\u0142em rozpoczynamy cykl o zabiegach i piel\u0119gnacji skierowanych na walk\u0119 z procesem starzenia si\u0119 sk\u00f3ry. Kiedy nale\u017cy zacz\u0105\u0107 t\u0119 trudn\u0105 walk\u0119? Aby odpowiedzie\u0107 na to pytanie, nale\u017cy co nieco wiedzie\u0107 o funkcjonowaniu i budowie sk\u00f3ry. Za elastyczno\u015b\u0107 i odporno\u015b\u0107 na rozci\u0105ganie odpowiadaj\u0105 w\u0142\u00f3kna kolagenowe i elastynowe. Za odpowiedni poziom nawil\u017cenia i napi\u0119cie \u2013 kwas&#8230;<\/p>\n","protected":false},"author":8,"featured_media":7167,"comment_status":"open","ping_status":"open","sticky":false,"template":"","format":"standard","meta":{"footnotes":""},"categories":[40],"tags":[],"class_list":["post-7166","post","type-post","status-publish","format-standard","has-post-thumbnail","hentry","category-magda-o-pielegnacji"],"yoast_head":"<!-- This site is optimized with the Yoast SEO plugin v27.5 - https:\/\/yoast.com\/product\/yoast-seo-wordpress\/ -->\n<title>Piel\u0119gnacja przeciwzmarszczkowa \u2013 zabiegi i kosmetyki anti-aging - Kosmetyki naturalne Resibo<\/title>\n<meta name=\"robots\" content=\"index, follow, max-snippet:-1, max-image-preview:large, max-video-preview:-1\" \/>\n<link rel=\"canonical\" href=\"https:\/\/resibo.pl\/blog\/pielegnacja-przeciwzmarszczkowa-zabiegi-i-kosmetyki-anti-aging\/\" \/>\n<meta property=\"og:locale\" content=\"pl_PL\" \/>\n<meta property=\"og:type\" content=\"article\" \/>\n<meta property=\"og:title\" content=\"Piel\u0119gnacja przeciwzmarszczkowa \u2013 zabiegi i kosmetyki anti-aging - Kosmetyki naturalne Resibo\" \/>\n<meta property=\"og:description\" content=\"Dzisiejszym artyku\u0142em rozpoczynamy cykl o zabiegach i piel\u0119gnacji skierowanych na walk\u0119 z procesem starzenia si\u0119 sk\u00f3ry. Kiedy nale\u017cy zacz\u0105\u0107 t\u0119 trudn\u0105 walk\u0119? Aby odpowiedzie\u0107 na to pytanie, nale\u017cy co nieco wiedzie\u0107 o funkcjonowaniu i budowie sk\u00f3ry. Za elastyczno\u015b\u0107 i odporno\u015b\u0107 na rozci\u0105ganie odpowiadaj\u0105 w\u0142\u00f3kna kolagenowe i elastynowe. Za odpowiedni poziom nawil\u017cenia i napi\u0119cie \u2013 kwas...\" \/>\n<meta property=\"og:url\" content=\"https:\/\/resibo.pl\/blog\/pielegnacja-przeciwzmarszczkowa-zabiegi-i-kosmetyki-anti-aging\/\" \/>\n<meta property=\"og:site_name\" content=\"Kosmetyki naturalne Resibo\" \/>\n<meta property=\"article:publisher\" content=\"http:\/\/facebook.com\/resiboPL\" \/>\n<meta property=\"article:published_time\" content=\"2017-03-16T11:00:27+00:00\" \/>\n<meta name=\"author\" content=\"Magda\" \/>\n<meta name=\"twitter:label1\" content=\"Napisane przez\" \/>\n\t<meta name=\"twitter:data1\" content=\"Magda\" \/>\n\t<meta name=\"twitter:label2\" content=\"Szacowany czas czytania\" \/>\n\t<meta name=\"twitter:data2\" content=\"3 minuty\" \/>\n<script type=\"application\/ld+json\" class=\"yoast-schema-graph\">{\"@context\":\"https:\\\/\\\/schema.org\",\"@graph\":[{\"@type\":\"Article\",\"@id\":\"https:\\\/\\\/resibo.pl\\\/blog\\\/pielegnacja-przeciwzmarszczkowa-zabiegi-i-kosmetyki-anti-aging\\\/#article\",\"isPartOf\":{\"@id\":\"https:\\\/\\\/resibo.pl\\\/blog\\\/pielegnacja-przeciwzmarszczkowa-zabiegi-i-kosmetyki-anti-aging\\\/\"},\"author\":{\"name\":\"Magda\",\"@id\":\"https:\\\/\\\/resibo.pl\\\/blog\\\/#\\\/schema\\\/person\\\/b83ed5dbb3219da851fb49ab9f7df4dc\"},\"headline\":\"Piel\u0119gnacja przeciwzmarszczkowa \u2013 zabiegi i kosmetyki anti-aging\",\"datePublished\":\"2017-03-16T11:00:27+00:00\",\"mainEntityOfPage\":{\"@id\":\"https:\\\/\\\/resibo.pl\\\/blog\\\/pielegnacja-przeciwzmarszczkowa-zabiegi-i-kosmetyki-anti-aging\\\/\"},\"wordCount\":517,\"commentCount\":1,\"publisher\":{\"@id\":\"https:\\\/\\\/resibo.pl\\\/blog\\\/#organization\"},\"image\":{\"@id\":\"https:\\\/\\\/resibo.pl\\\/blog\\\/pielegnacja-przeciwzmarszczkowa-zabiegi-i-kosmetyki-anti-aging\\\/#primaryimage\"},\"thumbnailUrl\":\"https:\\\/\\\/resibo.pl\\\/blog\\\/wp-content\\\/uploads\\\/2017\\\/03\\\/resibo_kosmetyki_naturalne_pielegnacja_zdrowie.jpg\",\"articleSection\":[\"O pielegnacji\"],\"inLanguage\":\"pl-PL\",\"potentialAction\":[{\"@type\":\"CommentAction\",\"name\":\"Comment\",\"target\":[\"https:\\\/\\\/resibo.pl\\\/blog\\\/pielegnacja-przeciwzmarszczkowa-zabiegi-i-kosmetyki-anti-aging\\\/#respond\"]}]},{\"@type\":\"WebPage\",\"@id\":\"https:\\\/\\\/resibo.pl\\\/blog\\\/pielegnacja-przeciwzmarszczkowa-zabiegi-i-kosmetyki-anti-aging\\\/\",\"url\":\"https:\\\/\\\/resibo.pl\\\/blog\\\/pielegnacja-przeciwzmarszczkowa-zabiegi-i-kosmetyki-anti-aging\\\/\",\"name\":\"Piel\u0119gnacja przeciwzmarszczkowa \u2013 zabiegi i kosmetyki anti-aging - Kosmetyki naturalne Resibo\",\"isPartOf\":{\"@id\":\"https:\\\/\\\/resibo.pl\\\/blog\\\/#website\"},\"primaryImageOfPage\":{\"@id\":\"https:\\\/\\\/resibo.pl\\\/blog\\\/pielegnacja-przeciwzmarszczkowa-zabiegi-i-kosmetyki-anti-aging\\\/#primaryimage\"},\"image\":{\"@id\":\"https:\\\/\\\/resibo.pl\\\/blog\\\/pielegnacja-przeciwzmarszczkowa-zabiegi-i-kosmetyki-anti-aging\\\/#primaryimage\"},\"thumbnailUrl\":\"https:\\\/\\\/resibo.pl\\\/blog\\\/wp-content\\\/uploads\\\/2017\\\/03\\\/resibo_kosmetyki_naturalne_pielegnacja_zdrowie.jpg\",\"datePublished\":\"2017-03-16T11:00:27+00:00\",\"breadcrumb\":{\"@id\":\"https:\\\/\\\/resibo.pl\\\/blog\\\/pielegnacja-przeciwzmarszczkowa-zabiegi-i-kosmetyki-anti-aging\\\/#breadcrumb\"},\"inLanguage\":\"pl-PL\",\"potentialAction\":[{\"@type\":\"ReadAction\",\"target\":[\"https:\\\/\\\/resibo.pl\\\/blog\\\/pielegnacja-przeciwzmarszczkowa-zabiegi-i-kosmetyki-anti-aging\\\/\"]}]},{\"@type\":\"ImageObject\",\"inLanguage\":\"pl-PL\",\"@id\":\"https:\\\/\\\/resibo.pl\\\/blog\\\/pielegnacja-przeciwzmarszczkowa-zabiegi-i-kosmetyki-anti-aging\\\/#primaryimage\",\"url\":\"https:\\\/\\\/resibo.pl\\\/blog\\\/wp-content\\\/uploads\\\/2017\\\/03\\\/resibo_kosmetyki_naturalne_pielegnacja_zdrowie.jpg\",\"contentUrl\":\"https:\\\/\\\/resibo.pl\\\/blog\\\/wp-content\\\/uploads\\\/2017\\\/03\\\/resibo_kosmetyki_naturalne_pielegnacja_zdrowie.jpg\",\"width\":1500,\"height\":1000},{\"@type\":\"BreadcrumbList\",\"@id\":\"https:\\\/\\\/resibo.pl\\\/blog\\\/pielegnacja-przeciwzmarszczkowa-zabiegi-i-kosmetyki-anti-aging\\\/#breadcrumb\",\"itemListElement\":[{\"@type\":\"ListItem\",\"position\":1,\"name\":\"Strona g\u0142\u00f3wna\",\"item\":\"https:\\\/\\\/resibo.pl\\\/blog\\\/\"},{\"@type\":\"ListItem\",\"position\":2,\"name\":\"Piel\u0119gnacja przeciwzmarszczkowa \u2013 zabiegi i kosmetyki anti-aging\"}]},{\"@type\":\"WebSite\",\"@id\":\"https:\\\/\\\/resibo.pl\\\/blog\\\/#website\",\"url\":\"https:\\\/\\\/resibo.pl\\\/blog\\\/\",\"name\":\"Kosmetyki naturalne Resibo\",\"description\":\"\",\"publisher\":{\"@id\":\"https:\\\/\\\/resibo.pl\\\/blog\\\/#organization\"},\"potentialAction\":[{\"@type\":\"SearchAction\",\"target\":{\"@type\":\"EntryPoint\",\"urlTemplate\":\"https:\\\/\\\/resibo.pl\\\/blog\\\/?s={search_term_string}\"},\"query-input\":{\"@type\":\"PropertyValueSpecification\",\"valueRequired\":true,\"valueName\":\"search_term_string\"}}],\"inLanguage\":\"pl-PL\"},{\"@type\":\"Organization\",\"@id\":\"https:\\\/\\\/resibo.pl\\\/blog\\\/#organization\",\"name\":\"Resibo\",\"url\":\"https:\\\/\\\/resibo.pl\\\/blog\\\/\",\"logo\":{\"@type\":\"ImageObject\",\"inLanguage\":\"pl-PL\",\"@id\":\"https:\\\/\\\/resibo.pl\\\/blog\\\/#\\\/schema\\\/logo\\\/image\\\/\",\"url\":\"https:\\\/\\\/resibo.pl\\\/blog\\\/wp-content\\\/uploads\\\/2022\\\/02\\\/cropped-logo.png\",\"contentUrl\":\"https:\\\/\\\/resibo.pl\\\/blog\\\/wp-content\\\/uploads\\\/2022\\\/02\\\/cropped-logo.png\",\"width\":274,\"height\":109,\"caption\":\"Resibo\"},\"image\":{\"@id\":\"https:\\\/\\\/resibo.pl\\\/blog\\\/#\\\/schema\\\/logo\\\/image\\\/\"},\"sameAs\":[\"http:\\\/\\\/facebook.com\\\/resiboPL\",\"http:\\\/\\\/instagram.com\\\/resibobynature\"]},{\"@type\":\"Person\",\"@id\":\"https:\\\/\\\/resibo.pl\\\/blog\\\/#\\\/schema\\\/person\\\/b83ed5dbb3219da851fb49ab9f7df4dc\",\"name\":\"Magda\",\"image\":{\"@type\":\"ImageObject\",\"inLanguage\":\"pl-PL\",\"@id\":\"https:\\\/\\\/secure.gravatar.com\\\/avatar\\\/0dfb5ced8ae1e08e5ccb725b615759b70c0470361d1df994cce404b851bfb639?s=96&d=mm&r=g\",\"url\":\"https:\\\/\\\/secure.gravatar.com\\\/avatar\\\/0dfb5ced8ae1e08e5ccb725b615759b70c0470361d1df994cce404b851bfb639?s=96&d=mm&r=g\",\"contentUrl\":\"https:\\\/\\\/secure.gravatar.com\\\/avatar\\\/0dfb5ced8ae1e08e5ccb725b615759b70c0470361d1df994cce404b851bfb639?s=96&d=mm&r=g\",\"caption\":\"Magda\"},\"description\":\"Magdalena Matyga-Kruk, ekspert ds. kosmetologii Kosmetologia i wszystko, co zwi\u0105zane z piel\u0119gnacj\u0105 sk\u00f3ry, to moja pasja. \u017beby nie musie\u0107 nigdy pracowa\u0107, z tej pasji uczyni\u0142am\u2026 prac\u0119. Od ponad pi\u0119ciu lat prowadz\u0119 salon kosmetyczny Magda M w \u015awidnicy, kt\u00f3remu po\u015bwi\u0119cam wi\u0119kszo\u015b\u0107 swojego czasu. Ci\u0105gle poszerzam swoj\u0105 wiedz\u0119, a zadowolenie moich coraz liczniejszych klient\u00f3w to najlepsza zap\u0142ata, bo jestem kosmetyczk\u0105 z wykszta\u0142cenia, ale przede wszystkim z zami\u0142owania.\",\"url\":\"https:\\\/\\\/resibo.pl\\\/blog\\\/author\\\/magda\\\/\"}]}<\/script>\n<!-- \/ Yoast SEO plugin. -->","yoast_head_json":{"title":"Piel\u0119gnacja przeciwzmarszczkowa \u2013 zabiegi i kosmetyki anti-aging - Kosmetyki naturalne Resibo","robots":{"index":"index","follow":"follow","max-snippet":"max-snippet:-1","max-image-preview":"max-image-preview:large","max-video-preview":"max-video-preview:-1"},"canonical":"https:\/\/resibo.pl\/blog\/pielegnacja-przeciwzmarszczkowa-zabiegi-i-kosmetyki-anti-aging\/","og_locale":"pl_PL","og_type":"article","og_title":"Piel\u0119gnacja przeciwzmarszczkowa \u2013 zabiegi i kosmetyki anti-aging - Kosmetyki naturalne Resibo","og_description":"Dzisiejszym artyku\u0142em rozpoczynamy cykl o zabiegach i piel\u0119gnacji skierowanych na walk\u0119 z procesem starzenia si\u0119 sk\u00f3ry. Kiedy nale\u017cy zacz\u0105\u0107 t\u0119 trudn\u0105 walk\u0119? Aby odpowiedzie\u0107 na to pytanie, nale\u017cy co nieco wiedzie\u0107 o funkcjonowaniu i budowie sk\u00f3ry. Za elastyczno\u015b\u0107 i odporno\u015b\u0107 na rozci\u0105ganie odpowiadaj\u0105 w\u0142\u00f3kna kolagenowe i elastynowe. Za odpowiedni poziom nawil\u017cenia i napi\u0119cie \u2013 kwas...","og_url":"https:\/\/resibo.pl\/blog\/pielegnacja-przeciwzmarszczkowa-zabiegi-i-kosmetyki-anti-aging\/","og_site_name":"Kosmetyki naturalne Resibo","article_publisher":"http:\/\/facebook.com\/resiboPL","article_published_time":"2017-03-16T11:00:27+00:00","author":"Magda","twitter_misc":{"Napisane przez":"Magda","Szacowany czas czytania":"3 minuty"},"schema":{"@context":"https:\/\/schema.org","@graph":[{"@type":"Article","@id":"https:\/\/resibo.pl\/blog\/pielegnacja-przeciwzmarszczkowa-zabiegi-i-kosmetyki-anti-aging\/#article","isPartOf":{"@id":"https:\/\/resibo.pl\/blog\/pielegnacja-przeciwzmarszczkowa-zabiegi-i-kosmetyki-anti-aging\/"},"author":{"name":"Magda","@id":"https:\/\/resibo.pl\/blog\/#\/schema\/person\/b83ed5dbb3219da851fb49ab9f7df4dc"},"headline":"Piel\u0119gnacja przeciwzmarszczkowa \u2013 zabiegi i kosmetyki anti-aging","datePublished":"2017-03-16T11:00:27+00:00","mainEntityOfPage":{"@id":"https:\/\/resibo.pl\/blog\/pielegnacja-przeciwzmarszczkowa-zabiegi-i-kosmetyki-anti-aging\/"},"wordCount":517,"commentCount":1,"publisher":{"@id":"https:\/\/resibo.pl\/blog\/#organization"},"image":{"@id":"https:\/\/resibo.pl\/blog\/pielegnacja-przeciwzmarszczkowa-zabiegi-i-kosmetyki-anti-aging\/#primaryimage"},"thumbnailUrl":"https:\/\/resibo.pl\/blog\/wp-content\/uploads\/2017\/03\/resibo_kosmetyki_naturalne_pielegnacja_zdrowie.jpg","articleSection":["O pielegnacji"],"inLanguage":"pl-PL","potentialAction":[{"@type":"CommentAction","name":"Comment","target":["https:\/\/resibo.pl\/blog\/pielegnacja-przeciwzmarszczkowa-zabiegi-i-kosmetyki-anti-aging\/#respond"]}]},{"@type":"WebPage","@id":"https:\/\/resibo.pl\/blog\/pielegnacja-przeciwzmarszczkowa-zabiegi-i-kosmetyki-anti-aging\/","url":"https:\/\/resibo.pl\/blog\/pielegnacja-przeciwzmarszczkowa-zabiegi-i-kosmetyki-anti-aging\/","name":"Piel\u0119gnacja przeciwzmarszczkowa \u2013 zabiegi i kosmetyki anti-aging - Kosmetyki naturalne Resibo","isPartOf":{"@id":"https:\/\/resibo.pl\/blog\/#website"},"primaryImageOfPage":{"@id":"https:\/\/resibo.pl\/blog\/pielegnacja-przeciwzmarszczkowa-zabiegi-i-kosmetyki-anti-aging\/#primaryimage"},"image":{"@id":"https:\/\/resibo.pl\/blog\/pielegnacja-przeciwzmarszczkowa-zabiegi-i-kosmetyki-anti-aging\/#primaryimage"},"thumbnailUrl":"https:\/\/resibo.pl\/blog\/wp-content\/uploads\/2017\/03\/resibo_kosmetyki_naturalne_pielegnacja_zdrowie.jpg","datePublished":"2017-03-16T11:00:27+00:00","breadcrumb":{"@id":"https:\/\/resibo.pl\/blog\/pielegnacja-przeciwzmarszczkowa-zabiegi-i-kosmetyki-anti-aging\/#breadcrumb"},"inLanguage":"pl-PL","potentialAction":[{"@type":"ReadAction","target":["https:\/\/resibo.pl\/blog\/pielegnacja-przeciwzmarszczkowa-zabiegi-i-kosmetyki-anti-aging\/"]}]},{"@type":"ImageObject","inLanguage":"pl-PL","@id":"https:\/\/resibo.pl\/blog\/pielegnacja-przeciwzmarszczkowa-zabiegi-i-kosmetyki-anti-aging\/#primaryimage","url":"https:\/\/resibo.pl\/blog\/wp-content\/uploads\/2017\/03\/resibo_kosmetyki_naturalne_pielegnacja_zdrowie.jpg","contentUrl":"https:\/\/resibo.pl\/blog\/wp-content\/uploads\/2017\/03\/resibo_kosmetyki_naturalne_pielegnacja_zdrowie.jpg","width":1500,"height":1000},{"@type":"BreadcrumbList","@id":"https:\/\/resibo.pl\/blog\/pielegnacja-przeciwzmarszczkowa-zabiegi-i-kosmetyki-anti-aging\/#breadcrumb","itemListElement":[{"@type":"ListItem","position":1,"name":"Strona g\u0142\u00f3wna","item":"https:\/\/resibo.pl\/blog\/"},{"@type":"ListItem","position":2,"name":"Piel\u0119gnacja przeciwzmarszczkowa \u2013 zabiegi i kosmetyki anti-aging"}]},{"@type":"WebSite","@id":"https:\/\/resibo.pl\/blog\/#website","url":"https:\/\/resibo.pl\/blog\/","name":"Kosmetyki naturalne Resibo","description":"","publisher":{"@id":"https:\/\/resibo.pl\/blog\/#organization"},"potentialAction":[{"@type":"SearchAction","target":{"@type":"EntryPoint","urlTemplate":"https:\/\/resibo.pl\/blog\/?s={search_term_string}"},"query-input":{"@type":"PropertyValueSpecification","valueRequired":true,"valueName":"search_term_string"}}],"inLanguage":"pl-PL"},{"@type":"Organization","@id":"https:\/\/resibo.pl\/blog\/#organization","name":"Resibo","url":"https:\/\/resibo.pl\/blog\/","logo":{"@type":"ImageObject","inLanguage":"pl-PL","@id":"https:\/\/resibo.pl\/blog\/#\/schema\/logo\/image\/","url":"https:\/\/resibo.pl\/blog\/wp-content\/uploads\/2022\/02\/cropped-logo.png","contentUrl":"https:\/\/resibo.pl\/blog\/wp-content\/uploads\/2022\/02\/cropped-logo.png","width":274,"height":109,"caption":"Resibo"},"image":{"@id":"https:\/\/resibo.pl\/blog\/#\/schema\/logo\/image\/"},"sameAs":["http:\/\/facebook.com\/resiboPL","http:\/\/instagram.com\/resibobynature"]},{"@type":"Person","@id":"https:\/\/resibo.pl\/blog\/#\/schema\/person\/b83ed5dbb3219da851fb49ab9f7df4dc","name":"Magda","image":{"@type":"ImageObject","inLanguage":"pl-PL","@id":"https:\/\/secure.gravatar.com\/avatar\/0dfb5ced8ae1e08e5ccb725b615759b70c0470361d1df994cce404b851bfb639?s=96&d=mm&r=g","url":"https:\/\/secure.gravatar.com\/avatar\/0dfb5ced8ae1e08e5ccb725b615759b70c0470361d1df994cce404b851bfb639?s=96&d=mm&r=g","contentUrl":"https:\/\/secure.gravatar.com\/avatar\/0dfb5ced8ae1e08e5ccb725b615759b70c0470361d1df994cce404b851bfb639?s=96&d=mm&r=g","caption":"Magda"},"description":"Magdalena Matyga-Kruk, ekspert ds. kosmetologii Kosmetologia i wszystko, co zwi\u0105zane z piel\u0119gnacj\u0105 sk\u00f3ry, to moja pasja. \u017beby nie musie\u0107 nigdy pracowa\u0107, z tej pasji uczyni\u0142am\u2026 prac\u0119. Od ponad pi\u0119ciu lat prowadz\u0119 salon kosmetyczny Magda M w \u015awidnicy, kt\u00f3remu po\u015bwi\u0119cam wi\u0119kszo\u015b\u0107 swojego czasu. Ci\u0105gle poszerzam swoj\u0105 wiedz\u0119, a zadowolenie moich coraz liczniejszych klient\u00f3w to najlepsza zap\u0142ata, bo jestem kosmetyczk\u0105 z wykszta\u0142cenia, ale przede wszystkim z zami\u0142owania.","url":"https:\/\/resibo.pl\/blog\/author\/magda\/"}]}},"_links":{"self":[{"href":"https:\/\/resibo.pl\/blog\/wp-json\/wp\/v2\/posts\/7166","targetHints":{"allow":["GET"]}}],"collection":[{"href":"https:\/\/resibo.pl\/blog\/wp-json\/wp\/v2\/posts"}],"about":[{"href":"https:\/\/resibo.pl\/blog\/wp-json\/wp\/v2\/types\/post"}],"author":[{"embeddable":true,"href":"https:\/\/resibo.pl\/blog\/wp-json\/wp\/v2\/users\/8"}],"replies":[{"embeddable":true,"href":"https:\/\/resibo.pl\/blog\/wp-json\/wp\/v2\/comments?post=7166"}],"version-history":[{"count":0,"href":"https:\/\/resibo.pl\/blog\/wp-json\/wp\/v2\/posts\/7166\/revisions"}],"wp:featuredmedia":[{"embeddable":true,"href":"https:\/\/resibo.pl\/blog\/wp-json\/wp\/v2\/media\/7167"}],"wp:attachment":[{"href":"https:\/\/resibo.pl\/blog\/wp-json\/wp\/v2\/media?parent=7166"}],"wp:term":[{"taxonomy":"category","embeddable":true,"href":"https:\/\/resibo.pl\/blog\/wp-json\/wp\/v2\/categories?post=7166"},{"taxonomy":"post_tag","embeddable":true,"href":"https:\/\/resibo.pl\/blog\/wp-json\/wp\/v2\/tags?post=7166"}],"curies":[{"name":"wp","href":"https:\/\/api.w.org\/{rel}","templated":true}]}}