{"id":7304,"date":"2017-06-01T16:38:22","date_gmt":"2017-06-01T14:38:22","guid":{"rendered":"https:\/\/resibo.pl\/blog\/?p=7304"},"modified":"2017-06-01T16:38:22","modified_gmt":"2017-06-01T14:38:22","slug":"cala-prawda-o-balsamie-wyszczuplajacym","status":"publish","type":"post","link":"https:\/\/resibo.pl\/blog\/cala-prawda-o-balsamie-wyszczuplajacym\/","title":{"rendered":"Ca\u0142a prawda o balsamie wyszczuplaj\u0105cym"},"content":{"rendered":"<div class=\"vgblk-rw-wrapper limit-wrapper\">Jak to si\u0119 sta\u0142o, \u017ce wprowadzili\u015bmy balsam wyszczuplaj\u0105cy do naszej oferty? Dlaczego? Co nas podkusi\u0142o? Jak on dzia\u0142a i jakie sk\u0142adniki za to dzia\u0142anie odpowiadaj\u0105? Jakich rezultat\u00f3w mo\u017cecie si\u0119 spodziewa\u0107 przy REGULARNYM stosowaniu balsamu? Ten artyku\u0142 przygotowa\u0142am po to, \u017ceby odpowiedzie\u0107 na te wszystkie pytania i przekaza\u0107 Wam pe\u0142ne kompendium wiedzy w tym temacie.<\/p>\n<blockquote><p>Specjalistyczny balsam wyszczuplaj\u0105cy &#8211; czy on mo\u017ce dzia\u0142a\u0107?<\/p><\/blockquote>\n<p>Mamy pewnie podobnie &#8211; zadaj\u0119 sobie to pytanie, kiedy trafiam na produkty, kt\u00f3re obiecuj\u0105 wyszczupla\u0107, dzia\u0142a\u0107 antycellulitowo, uj\u0119drniaj\u0105co na sk\u00f3r\u0119\u2026 Balsam wyszczuplaj\u0105cy Resibo mog\u0119 Ci przedstawi\u0107 dzi\u0119ki przypadkowi. Dlaczego? To dziecko po prostu nie by\u0142o planowane! Chcieli\u015bmy stworzy\u0107 balsam od\u017cywczy do cia\u0142a (i takim r\u00f3wnie\u017c mo\u017cemy si\u0119 pochwali\u0107 od zesz\u0142ego roku, sprawd\u017a <a href=\"https:\/\/resibo.pl\/produkt\/11\/odzywczy-balsam-do-ciala\" target=\"_blank\" rel=\"noopener noreferrer\">tutaj<\/a>) i przy jego tworzeniu wpad\u0142 w nasze r\u0119ce niezmiernie ciekawy sk\u0142adnik, kt\u00f3ry zapragn\u0119li\u015bmy przetestowa\u0107 na sobie, a mia\u0142 on dzia\u0142a\u0107 w\u0142a\u015bnie wyszczuplaj\u0105co, antycellulitowo i uj\u0119drniaj\u0105co!\u00a0Rozda\u0142am pr\u00f3bki do test\u00f3w, ale nie czeka\u0142am na efekty. Mieli\u015bmy ju\u017c opracowan\u0105 doskona\u0142\u0105 formu\u0142\u0119 balsamu od\u017cywczego, a tego w\u0142a\u015bnie potrzebowa\u0142y\u015bcie najbardziej (pyta\u0142y\u015bmy o Wasze zdanie na Facebooku).<br \/>\nPo pewnym czasie jedna z moich kole\u017canek, powiedzia\u0142a mi, \u017ce zrobi\u0142a test wraz ze swoj\u0105 nastoletni\u0105 c\u00f3rk\u0105. Ania, mimo szczup\u0142ej figury, walczy z rozst\u0119pami i cellulitem na udach. Przez pi\u0119\u0107 tygodni codziennie smarowa\u0142a jedn\u0105 nog\u0119 balsamem wyszczuplaj\u0105cym Resibo, a drug\u0105 popularnym olejkiem na rozst\u0119py, kt\u00f3ry do tej pory stosowa\u0142a. Zobaczy\u0142am zdj\u0119cie efekt\u00f3w i wtedy stwierdzi\u0142am, \u017ce musimy ten kosmetyk wprowadzi\u0107 do naszej oferty! Sk\u00f3ra na udzie Ani, na kt\u00f3rym stosowa\u0142a nasz balsam, by\u0142a g\u0142adsza, rozst\u0119py zmniejszy\u0142y si\u0119 (!), cellulit r\u00f3wnie\u017c, a w dodatku to udo by\u0142o teraz szczuplejsze! Co wi\u0119cej, kolejne testerki wraca\u0142y do mnie z podobnymi odczuciami. Ka\u017cda z nich zauwa\u017cy\u0142a g\u0142adsz\u0105, j\u0119drniejsz\u0105 sk\u00f3r\u0119.<br \/>\nJak widzisz, sama do ko\u0144ca nie wierzy\u0142am w tego typu preparaty. Przekona\u0142y mnie rezultaty.<\/p>\n<p><a href=\"https:\/\/resibo.pl\/blog\/wp-content\/uploads\/2017\/06\/resibo_specjalistyczny_balsam_wyszczuplajacy_przedipo.jpg\"><img fetchpriority=\"high\" decoding=\"async\" class=\"alignnone size-large wp-image-7305\" src=\"https:\/\/resibo.pl\/blog\/wp-content\/uploads\/2017\/06\/resibo_specjalistyczny_balsam_wyszczuplajacy_przedipo-1024x604.jpg\" alt=\"\" width=\"1024\" height=\"604\" srcset=\"https:\/\/resibo.pl\/blog\/wp-content\/uploads\/2017\/06\/resibo_specjalistyczny_balsam_wyszczuplajacy_przedipo-1024x604.jpg 1024w, https:\/\/resibo.pl\/blog\/wp-content\/uploads\/2017\/06\/resibo_specjalistyczny_balsam_wyszczuplajacy_przedipo-315x186.jpg 315w, https:\/\/resibo.pl\/blog\/wp-content\/uploads\/2017\/06\/resibo_specjalistyczny_balsam_wyszczuplajacy_przedipo-630x372.jpg 630w, https:\/\/resibo.pl\/blog\/wp-content\/uploads\/2017\/06\/resibo_specjalistyczny_balsam_wyszczuplajacy_przedipo-300x177.jpg 300w, https:\/\/resibo.pl\/blog\/wp-content\/uploads\/2017\/06\/resibo_specjalistyczny_balsam_wyszczuplajacy_przedipo-768x453.jpg 768w, https:\/\/resibo.pl\/blog\/wp-content\/uploads\/2017\/06\/resibo_specjalistyczny_balsam_wyszczuplajacy_przedipo.jpg 1200w\" sizes=\"(max-width: 1024px) 100vw, 1024px\" \/><\/a><\/p>\n<p>Jak widzicie na zdj\u0119ciu powy\u017cej (fragment sk\u00f3ry na udzie) balsam zmniejszy\u0142 Ani rozst\u0119py i wyg\u0142adzi\u0142 nier\u00f3wno\u015bci. Byli\u015bmy w totalnym szoku, kiedy zobaczyli\u015bmy te zdj\u0119cia. Jak wspomnia\u0142am, Ania jest nastolatk\u0105 i jej sk\u00f3ra na pewno du\u017co szybciej si\u0119 zregeneruje ni\u017c u kobiet po 30-40 r.\u017c., nie mniej jednak do tej pory u\u017cywa\u0142a produktu, kt\u00f3ry jest przeznaczony do walki z rozst\u0119pami i nie przynosi\u0142 oczekiwanych rezultat\u00f3w.<\/p>\n<p>Warto przy tym zdj\u0119ciu wspomnie\u0107 nieco na temat rozst\u0119p\u00f3w. Rozst\u0119py powstaj\u0105 na sk\u00f3rze najcz\u0119\u015bciej w wyniku jej nadmiernego rozci\u0105gni\u0119cia si\u0119, co jest rezultatem szybkiego wzrostu, przybrania na wadze, ci\u0105\u017cy itp. Mog\u0105 by\u0107 r\u00f3wnie\u017c spowodowane zmianami hormonalnymi w organizmie. Powstaj\u0105 na skutek zerwania w\u0142\u00f3kien kolagenowych.<\/p>\n<p>By\u0142am szczerze zdumiona widz\u0105c rezultaty Ani. Ja na szcz\u0119\u015bcie z rozst\u0119pami nigdy si\u0119 nie boryka\u0142am, ale wiem, jak trudno jest z nimi walczy\u0107. Zw\u0142aszcza z tymi, kt\u00f3re ju\u017c bledn\u0105 (w pierwszej fazie wida\u0107 zaczerwienione pr\u0119gi, kt\u00f3rych\u00a0du\u017co \u0142atwiej jest si\u0119 pozby\u0107). U Ani zmniejszy\u0142y si\u0119 oba rodzaje zmian. Nie robili\u015bmy bada\u0144, kt\u00f3re potwierdzi\u0142yby skuteczno\u015b\u0107 balsamu w walce z rozst\u0119pami, ale bior\u0105c pod uwag\u0119 ten przypadek, mo\u017cemy wywnioskowa\u0107, \u017ce balsam zdecydowanie wp\u0142yn\u0105\u0142 na stan sk\u00f3ry &#8211; jej uj\u0119drnienie, od\u017cywienie. Pobudzi\u0142 sk\u00f3r\u0119 do prawid\u0142owego funkcjonowania.<\/p>\n<p>No i przy okazji pojawi\u0142 si\u0119 efekt uboczny, po\u017c\u0105dany oczywi\u015bcie i oczekiwany, a na zdj\u0119ciu mo\u017cecie go zobaczy\u0107 go\u0142ym okiem, bez u\u017cywania centymetr\u00f3w. Po lewej stronie widzicie udo,\u00a0na kt\u00f3rym Ania stosowa\u0142a\u00a0<a href=\"https:\/\/resibo.pl\/produkt\/20\/specjalistyczny-balsam-wyszczuplajacy\" target=\"_blank\" rel=\"noopener noreferrer\">Specjalistyczny balsam wyszczuplaj\u0105cy Resibo<\/a>\u00a0przez 4-5 tygodni, natomiast drugie smarowa\u0142a preparatem na rozst\u0119py, o kt\u00f3rym wcze\u015bniej wspomnia\u0142am.<\/p>\n<p><a href=\"https:\/\/resibo.pl\/blog\/wp-content\/uploads\/2017\/06\/18698649_1497350293642938_1093199569_o.jpg\"><img decoding=\"async\" class=\"alignnone size-large wp-image-7307\" src=\"https:\/\/resibo.pl\/blog\/wp-content\/uploads\/2017\/06\/18698649_1497350293642938_1093199569_o-1024x768.jpg\" alt=\"\" width=\"1024\" height=\"768\" srcset=\"https:\/\/resibo.pl\/blog\/wp-content\/uploads\/2017\/06\/18698649_1497350293642938_1093199569_o-1024x768.jpg 1024w, https:\/\/resibo.pl\/blog\/wp-content\/uploads\/2017\/06\/18698649_1497350293642938_1093199569_o-315x236.jpg 315w, https:\/\/resibo.pl\/blog\/wp-content\/uploads\/2017\/06\/18698649_1497350293642938_1093199569_o-630x473.jpg 630w, https:\/\/resibo.pl\/blog\/wp-content\/uploads\/2017\/06\/18698649_1497350293642938_1093199569_o-300x225.jpg 300w, https:\/\/resibo.pl\/blog\/wp-content\/uploads\/2017\/06\/18698649_1497350293642938_1093199569_o-768x576.jpg 768w, https:\/\/resibo.pl\/blog\/wp-content\/uploads\/2017\/06\/18698649_1497350293642938_1093199569_o.jpg 2048w\" sizes=\"(max-width: 1024px) 100vw, 1024px\" \/><\/a><\/p>\n<p>Ta r\u00f3\u017cnica mo\u017ce nie wygl\u0105da\u0107 powalaj\u0105co, udo nie zmniejszy\u0142o si\u0119 o po\u0142ow\u0119, ale zauwa\u017c, \u017ce wysmukli\u0142o si\u0119 i wida\u0107, \u017ce stan sk\u00f3ry prezentuje si\u0119 zdecydowanie lepiej!<\/p>\n<p>Co tu du\u017co pisa\u0107, efekty, jakie osi\u0105gn\u0119\u0142a Ania, s\u0105 niesamowite i zmotywowa\u0142y nas do dalszych test\u00f3w, tym razem zleconych do profesjonalnego, zewn\u0119trznego laboratorium. Jakie s\u0105 ich wyniki? Poczytajcie dalej.<\/p>\n<blockquote><p>Dla dociekliwych &#8211; jak to dzia\u0142a?<\/p><\/blockquote>\n<p>Dzia\u0142anie naszego balsamu to nie taka prosta sprawa, a dok\u0142adny opis dzia\u0142ania nadaje si\u0119 do przeczytania przez technolog\u00f3w b\u0105d\u017a lekarzy i jest to tak fascynuj\u0105ce, jak czytanie Dziennika Ustaw. Dlatego spr\u00f3bowa\u0142am prze\u0142o\u017cy\u0107 ten opis na &#8222;ludzki&#8221;, \u017ceby nam wszystkim by\u0142o lepiej zrozumie\u0107 ten proces (mnie r\u00f3wnie\u017c!).<\/p>\n<p>Mo\u017ce o tym nie wiesz, ale tkanka t\u0142uszczowa w Twoim organizmie zbudowana jest w wi\u0119kszo\u015bci z trzech rodzaj\u00f3w kom\u00f3rek zwanych adipocytami. Rozr\u00f3\u017cnia si\u0119 je wed\u0142ug kolor\u00f3w \u2013 s\u0105 brunatne, bia\u0142e i be\u017cowe. I tak jak w przypadku cholesterolu \u2013 jedne s\u0105 z\u0142e, a drugie dobre.<\/p>\n<p>Adipocyty brunatne odpowiadaj\u0105 za spalanie t\u0142uszczu i termogenez\u0119, a wi\u0119c to, na czym nam zale\u017cy najbardziej. Chcia\u0142oby si\u0119 ich mie\u0107 wi\u0119cej, ale c\u00f3\u017c \u2013 natura wyposa\u017cy\u0142a w nie tylko tkank\u0119 t\u0142uszczow\u0105 dzieci. U doros\u0142ych wyst\u0119puj\u0105 wy\u0142\u0105cznie adipocyty bia\u0142e i be\u017cowe.<\/p>\n<p>Adipocyty bia\u0142e tworz\u0105 g\u0142\u00f3wn\u0105 rezerw\u0119 t\u0142uszczu w organizmie. I tych nie lubimy bardzo. Ale z be\u017cowymi mo\u017cna ju\u017c troch\u0119 wsp\u00f3\u0142pracowa\u0107. Dlaczego? Dlatego \u017ce chocia\u017c mog\u0105 przybiera\u0107 form\u0119 nieaktywn\u0105 i odk\u0142ada\u0107 si\u0119 w organizmie jak bia\u0142e, mog\u0105 te\u017c by\u0107 aktywne. I wtedy zachodzi w nich proces termogenezy, kt\u00f3ry przyspiesza spalanie kwas\u00f3w t\u0142uszczowych. Tadam!<br \/>\nCo wi\u0119cej, adipocyty be\u017cowe mo\u017cna stymulowa\u0107 do tego, \u017ceby przybra\u0142y form\u0119 aktywn\u0105. Takim stymulatorem mo\u017ce by\u0107 zimno lub odpowiednie od\u017cywianie. Cudotw\u00f3rc\u0105 w tym zakresie jest jednak mikroalga Tisochrysis lutea, kt\u00f3rej ekstrakt powoduje aktywizacj\u0119 be\u017cowych adipocyt\u00f3w, dzi\u0119ki czemu zaczyna w nich zachodzi\u0107 proces termogenezy, a efektem jest spalanie t\u0142uszczu.<\/p>\n<blockquote><p>Wyniki bada\u0144<\/p><\/blockquote>\n<p>Na pocz\u0105tek wyniki bada\u0144 nad sk\u0142adnikiem, kt\u00f3ry w g\u0142\u00f3wnej mierze odpowiedzialny jest za efekty, kt\u00f3re widzia\u0142y\u015bcie powy\u017cej, czyli Lipout. Efekty dzia\u0142ania sk\u0142adnika Lipout zosta\u0142y potwierdzone testami in vitro oraz in vivo.<\/p>\n<p>W testach in vivo wzi\u0119\u0142o udzia\u0142 61 ochotnik\u00f3w, by\u0142y to kobiety i m\u0119\u017cczy\u017ani w wieku od 18 do 60 lat, ze wska\u017anikiem masy cia\u0142a BMI powy\u017cej 23 u kobiet i powy\u017cej 25 u m\u0119\u017cczyzn. Badani testowali balsam dwa razy dziennie przez dwa miesi\u0105ce. Przez ten czas nie u\u017cywali innych produkt\u00f3w do cia\u0142a.<\/p>\n<p><strong>Dzia\u0142anie wyszczuplaj\u0105ce<\/strong><\/p>\n<p>Poni\u017cej podsumowanie efekt\u00f3w, kt\u00f3re osi\u0105gn\u0119li badani:<\/p>\n<p>Uda:<\/p>\n<ul>\n<li>28 dni = \u015brednio 1 cm<\/li>\n<li>56 dni = \u015brednio 1,4 cm<\/li>\n<\/ul>\n<p>Maksymalna redukcja = 5,7 cm<\/p>\n<p>Biodra:<\/p>\n<ul>\n<li>28 dni = \u015brednio 0,7 cm<\/li>\n<li>56 dni = \u015brednio 1,3 cm<\/li>\n<\/ul>\n<p>Maksymalna redukcja = 5,5 cm<\/p>\n<p>Brzuch u kobiet:<\/p>\n<ul>\n<li>28 dni = \u015brednio 1,4 cm<\/li>\n<li>56 dni = \u015brednio 2,2 cm<\/li>\n<\/ul>\n<p>Maksymalna redukcja = 5,0 cm<\/p>\n<p>Brzuch u m\u0119\u017cczyzn:<\/p>\n<ul>\n<li>28 dni = \u015brednio 1,2 cm<\/li>\n<li>56 dni = \u015brednio 1,7 cm<\/li>\n<\/ul>\n<p>Maksymalna redukcja = 10,4 cm<\/p>\n<p><a href=\"https:\/\/resibo.pl\/blog\/wp-content\/uploads\/2017\/06\/resibo_balsam_wyszczuplajacy1.jpg\"><img decoding=\"async\" class=\"alignnone size-large wp-image-7308\" src=\"https:\/\/resibo.pl\/blog\/wp-content\/uploads\/2017\/06\/resibo_balsam_wyszczuplajacy1-1024x471.jpg\" alt=\"\" width=\"1024\" height=\"471\" srcset=\"https:\/\/resibo.pl\/blog\/wp-content\/uploads\/2017\/06\/resibo_balsam_wyszczuplajacy1-1024x471.jpg 1024w, https:\/\/resibo.pl\/blog\/wp-content\/uploads\/2017\/06\/resibo_balsam_wyszczuplajacy1-315x145.jpg 315w, https:\/\/resibo.pl\/blog\/wp-content\/uploads\/2017\/06\/resibo_balsam_wyszczuplajacy1-630x290.jpg 630w, https:\/\/resibo.pl\/blog\/wp-content\/uploads\/2017\/06\/resibo_balsam_wyszczuplajacy1-300x138.jpg 300w, https:\/\/resibo.pl\/blog\/wp-content\/uploads\/2017\/06\/resibo_balsam_wyszczuplajacy1-768x353.jpg 768w, https:\/\/resibo.pl\/blog\/wp-content\/uploads\/2017\/06\/resibo_balsam_wyszczuplajacy1.jpg 1200w\" sizes=\"(max-width: 1024px) 100vw, 1024px\" \/><\/a><\/p>\n<p><a href=\"https:\/\/resibo.pl\/blog\/wp-content\/uploads\/2017\/06\/resibo_balsam_wyszczuplajacy2.jpg\"><img loading=\"lazy\" decoding=\"async\" class=\"alignnone size-large wp-image-7309\" src=\"https:\/\/resibo.pl\/blog\/wp-content\/uploads\/2017\/06\/resibo_balsam_wyszczuplajacy2-1024x522.jpg\" alt=\"\" width=\"1024\" height=\"522\" srcset=\"https:\/\/resibo.pl\/blog\/wp-content\/uploads\/2017\/06\/resibo_balsam_wyszczuplajacy2-1024x522.jpg 1024w, https:\/\/resibo.pl\/blog\/wp-content\/uploads\/2017\/06\/resibo_balsam_wyszczuplajacy2-315x161.jpg 315w, https:\/\/resibo.pl\/blog\/wp-content\/uploads\/2017\/06\/resibo_balsam_wyszczuplajacy2-630x321.jpg 630w, https:\/\/resibo.pl\/blog\/wp-content\/uploads\/2017\/06\/resibo_balsam_wyszczuplajacy2-300x153.jpg 300w, https:\/\/resibo.pl\/blog\/wp-content\/uploads\/2017\/06\/resibo_balsam_wyszczuplajacy2-768x392.jpg 768w, https:\/\/resibo.pl\/blog\/wp-content\/uploads\/2017\/06\/resibo_balsam_wyszczuplajacy2.jpg 1200w\" sizes=\"(max-width: 1024px) 100vw, 1024px\" \/><\/a><\/p>\n<p><strong>Redukcja cellulitu<\/strong><\/p>\n<p>Podczas badania stopie\u0144 zaawansowania cellulitu by\u0142 oceniany przez dermatologa dwoma metodami, kt\u00f3rych podstaw\u0105 jest ocena cech charakterystycznych\u00a0sk\u00f3ry dotkni\u0119tej cellulitem (liczba widocznych zag\u0142\u0119bie\u0144, ich g\u0142\u0119boko\u015b\u0107, wygl\u0105d sk\u00f3ry, stopie\u0144 zwiotczenia). Obydwie metody potwierdzi\u0142y redukcj\u0119 cellulitu o 19% po dw\u00f3ch miesi\u0105cach stosowania.<\/p>\n<p><strong>Elastyczno\u015b\u0107 sk\u00f3ry<\/strong><\/p>\n<p>Zbadano w tym przypadku zdolno\u015b\u0107 sk\u00f3ry do pierwotnej pozycji po zastosowaniu podci\u015bnienia. Efekty dzia\u0142ania Lipout zosta\u0142y zauwa\u017cone w g\u00f3rnej warstwie sk\u00f3ry oraz w jej g\u0142\u0119bszych warstwach. Elastyczno\u015b\u0107 g\u00f3rnej warstwy wzros\u0142a o 12,6% po miesi\u0105cu stosowania oraz o 24,8% po dw\u00f3ch. Natomiast elastyczno\u015b\u0107 g\u0142\u0119bszych warstw sk\u00f3ry zwi\u0119kszy\u0142a si\u0119 analogicznie o 10,9% oraz 19,3%.<\/p>\n<p><strong>J\u0119drno\u015b\u0107 sk\u00f3ry<\/strong><\/p>\n<p>J\u0119drno\u015b\u0107 sk\u00f3ry ocenia si\u0119 sprawdzaj\u0105c odporno\u015b\u0107 sk\u00f3ry na dzia\u0142anie podci\u015bnienia. W wierzchnich warstwach sk\u00f3ry j\u0119drno\u015b\u0107 zwi\u0119kszy\u0142a si\u0119 o 16,1% po miesi\u0105cu oraz o 25,5% po dw\u00f3ch. Natomiast w g\u0142\u0119bszych warstwach sk\u00f3ry zwi\u0119kszy\u0142a si\u0119 11,7% po miesi\u0105cu i o 28,9% po dw\u00f3ch.<\/p>\n<p><a href=\"https:\/\/resibo.pl\/blog\/wp-content\/uploads\/2017\/06\/DSC_9674.jpg\"><img loading=\"lazy\" decoding=\"async\" class=\"alignnone size-large wp-image-7311\" src=\"https:\/\/resibo.pl\/blog\/wp-content\/uploads\/2017\/06\/DSC_9674-1024x683.jpg\" alt=\"\" width=\"1024\" height=\"683\" srcset=\"https:\/\/resibo.pl\/blog\/wp-content\/uploads\/2017\/06\/DSC_9674-1024x683.jpg 1024w, https:\/\/resibo.pl\/blog\/wp-content\/uploads\/2017\/06\/DSC_9674-scaled-315x210.jpg 315w, https:\/\/resibo.pl\/blog\/wp-content\/uploads\/2017\/06\/DSC_9674-scaled-630x420.jpg 630w, https:\/\/resibo.pl\/blog\/wp-content\/uploads\/2017\/06\/DSC_9674-300x200.jpg 300w, https:\/\/resibo.pl\/blog\/wp-content\/uploads\/2017\/06\/DSC_9674-768x512.jpg 768w\" sizes=\"(max-width: 1024px) 100vw, 1024px\" \/><\/a><\/p>\n<blockquote><p>Specjalistyczny balsam wyszczuplaj\u0105cy Resibo. Kilka s\u0142\u00f3w ode mnie.<\/p><\/blockquote>\n<p>Teraz czas na wyniki bada\u0144 naszego balsamu wyszczuplaj\u0105cego i jego ocen\u0119 subiektywn\u0105. Co wa\u017cne, w balsamie znajdziesz wiele innych aktywnych ro\u015blinnych ekstrakt\u00f3w, kt\u00f3re b\u0119d\u0105 mia\u0142y wp\u0142yw na wygl\u0105d Twojej sk\u00f3ry: olej z nasion chia to prawdziwa bomba nawil\u017caj\u0105co-od\u017cywcza i ochronna \u2013 \u0142atwo wnika w g\u0142\u0105b sk\u00f3ry, znakomicie j\u0105 nawil\u017ca, wyg\u0142adza i poprawia elastyczno\u015b\u0107. Jednocze\u015bnie wzmacnia barier\u0119 lipidow\u0105 i zdolno\u015b\u0107 regeneracji sk\u00f3ry, dzia\u0142a antyoksydacyjnie i wspiera ochron\u0119 przeciws\u0142oneczn\u0105. Zastosowane w balsamie mas\u0142o mango intensywnie od\u017cywia i nawil\u017ca sk\u00f3r\u0119, \u0142agodzi podra\u017cnienia, regeneruje i przywraca jej elastyczno\u015b\u0107.<\/p>\n<p>Osoby testuj\u0105ce otrzyma\u0142y nasz balsam w opakowaniu zast\u0119pczym i przez 4 tygodnie musia\u0142y u\u017cywa\u0107 tylko tego produktu. Efekty? A\u017c 84% uzna\u0142o, \u017ce zwi\u0119kszy\u0142a si\u0119 j\u0119drno\u015b\u0107 ich sk\u00f3ry, 100% uzna\u0142o, \u017ce sk\u00f3ra jest bardziej nawil\u017cona, tyle samo zauwa\u017cy\u0142o, \u017ce sk\u00f3ra jest bardziej elastyczna. Po zaledwie 4 tygodniach stosowania a\u017c 64% proc uczestnik\u00f3w uzna\u0142o, \u017ce preparat skutecznie zmniejsza lub wr\u0119cz redukuje cellulit!<\/p>\n<p>Bior\u0105c pod uwag\u0119 moje sceptyczne podej\u015bcie do redukcji cellulitu oraz \u015bwiadomo\u015b\u0107, \u017ce wiele kobiet ma podobnie, to uwa\u017cam, \u017ce wyniki s\u0105 naprawd\u0119 fantastyczne i \u017cycz\u0119 sobie, \u017ceby ta pr\u00f3bka by\u0142a odzwierciedleniem rzeczywisto\u015bci.<\/p>\n<p><a href=\"https:\/\/resibo.pl\/blog\/klientki-potwierdzaja-balsam-naprawde-wyszczupla\/\">PRZECZYTAJ OPINIE KLIENTEK, KT\u00d3RE TESTOWA\u0141Y BALSAM<\/a><\/p>\n<p>Musz\u0119 przyzna\u0107, \u017ce czuj\u0119 ogromny stres od wczoraj, kiedy balsam pojawi\u0142 si\u0119 w sprzeda\u017cy. Zrobili\u015bmy produkt, kt\u00f3ry ma si\u0119 sprawdzi\u0107 wspaniale. Wiele obiecuj\u0105 efekty u naszych testuj\u0105cych, badania nad Lipoutem, badania nad naszym balsamem. Wiem r\u00f3wnie\u017c, \u017ce Wasze oczekiwania s\u0105 du\u017ce wobec balsamu. I tak jak z ka\u017cdym kosmetykiem, mam \u015bwiadomo\u015b\u0107, \u017ce nie spotka si\u0119 z uznaniem 100% klient\u00f3w. Ale mam nadziej\u0119 i wierz\u0119 w to, \u017ce wi\u0119kszo\u015b\u0107 z Was zauwa\u017cy u siebie efekty regularnego stosowania.<\/p>\n<p>O jedno chc\u0119 Ci\u0119 prosi\u0107. Je\u015bli ju\u017c zdecydujesz si\u0119 na wypr\u00f3bowanie balsamu wyszczuplaj\u0105cego, to stosuj go regularnie, ka\u017cdego dnia, na czyst\u0105 sk\u00f3r\u0119, a\u017c do ca\u0142kowitego zu\u017cycia opakowania. Dok\u0142adnie tak, jak osoby oceniaj\u0105ce balsam w trakcie bada\u0144. Dopiero w takim przypadku jeste\u015b w stanie stwierdzi\u0107, czy balsam rzeczywi\u015bcie dzia\u0142a. A g\u0142\u0119boko wierz\u0119 i wiem (sama sprawdzi\u0142am na sobie po ci\u0105\u017cy), \u017ce tak jest. Niezmiennie czekamy na Wasze opinie i wra\u017cenia po stosowaniu balsamu i dzi\u0119kujemy Wam,\u00a0jak tylko mo\u017cemy, za zaufanie. Tworz\u0119 jak najlepsze produkty, \u017ceby nadal si\u0119 tym zaufaniem\u00a0cieszy\u0107 \ud83d\ude42<\/p>\n<blockquote><p>Piel\u0119gnacja to nie wszystko!<\/p><\/blockquote>\n<p>Pi\u0119kna sk\u00f3ra i zdrowe cia\u0142o to efekt dbania o siebie r\u00f3wnie\u017c od \u015brodka. Dobrze wiem, jak ci\u0119\u017cko jest przestawi\u0107 si\u0119 na zdrowsze nawyki. Ale wiem r\u00f3wnie\u017c, \u017ce takie zmiany przynosz\u0105 najszybsze, spektakularne wr\u0119cz wyniki.<\/p>\n<p>Dla u\u0142atwienia przygotowa\u0142am dla Ciebie list\u0119 10 krok\u00f3w. B\u0119dziesz wygl\u0105da\u0107 i czu\u0107 si\u0119 najlepiej, kiedy stan\u0105 si\u0119 nawykami. Kliknij na zdj\u0119cie, wydrukuj i zawie\u015b\u00a0list\u0119 np. na lod\u00f3wce i wprowadzaj jedn\u0105 ma\u0142\u0105 zmian\u0119 co tydzie\u0144, dwa. Metoda ma\u0142ych kroczk\u00f3w sprawdza si\u0119 tu najlepiej.<\/p>\n<p><a href=\"https:\/\/resibo.pl\/blog\/wp-content\/uploads\/2017\/06\/ulotka_wyszczuplajacy-1.pdf\"><img loading=\"lazy\" decoding=\"async\" class=\"alignnone size-large wp-image-7321\" src=\"https:\/\/resibo.pl\/blog\/wp-content\/uploads\/2017\/06\/ulotka_wyszczuplajacy-1-page-001-1024x724.jpg\" alt=\"\" width=\"1024\" height=\"724\" srcset=\"https:\/\/resibo.pl\/blog\/wp-content\/uploads\/2017\/06\/ulotka_wyszczuplajacy-1-page-001-1024x724.jpg 1024w, https:\/\/resibo.pl\/blog\/wp-content\/uploads\/2017\/06\/ulotka_wyszczuplajacy-1-page-001-scaled-315x223.jpg 315w, https:\/\/resibo.pl\/blog\/wp-content\/uploads\/2017\/06\/ulotka_wyszczuplajacy-1-page-001-scaled-630x445.jpg 630w, https:\/\/resibo.pl\/blog\/wp-content\/uploads\/2017\/06\/ulotka_wyszczuplajacy-1-page-001-300x212.jpg 300w, https:\/\/resibo.pl\/blog\/wp-content\/uploads\/2017\/06\/ulotka_wyszczuplajacy-1-page-001-768x543.jpg 768w\" sizes=\"(max-width: 1024px) 100vw, 1024px\" \/><\/a><\/p>\n<p>Je\u015bli moje pomys\u0142y to Twoja rutyna &#8211; gratuluj\u0119! Efekty dzia\u0142ania balsamu zobaczysz u siebie najszybciej!<\/p>\n<ol>\n<li>Zamie\u0144 wszystkie swoje napoje na wod\u0119 i herbaty zio\u0142owe lub owocowe.<\/li>\n<li>Id\u017a spa\u0107! Przed 23.00. Mi\u0119dzy 23.00 a 1.00 to najlepszy czas dla regeneracji sk\u00f3ry, prawdziwe dwie godziny dla urody.<\/li>\n<li>Zamie\u0144 pszenne pieczywo na lepsze &#8211; dobrym wyborem jest 100% \u017cytnie, na zakwasie, ze sprawdzonego \u017ar\u00f3d\u0142a.<\/li>\n<li>Pij codziennie rano, na czczo, szklank\u0119 ciep\u0142ej wody z cytryn\u0105 &#8211; nap\u00f3j oczy\u015bci i\u00a0pobudzi uk\u0142ad trawienny do pracy.<\/li>\n<li>P\u00f3\u0142 godziny celowego ruchu codziennie to podstawa dla pi\u0119knej sylwetki i pi\u0119knego cia\u0142a. Zacznij od dynamicznych spacer\u00f3w, je\u015bli sport nie jest elementem Twojego planu dnia.<\/li>\n<li>Zrezygnuj z gotowych s\u0142odyczy &#8211; zast\u0105p je kulkami mocy, orzechami, owocami. Zjadaj s\u0142odko\u015bci do 17.00.<\/li>\n<li>Jedz codziennie ciep\u0142e, zdrowe \u015bniadanie. Inspiracji mo\u017cesz szuka\u0107 np. na blogu Marty Dymek &#8211; <a href=\"http:\/\/jadlonomia.com\">jadlonomia.com<\/a><\/li>\n<li>Nie mieszaj jedzenia i picia. U\u0142atwisz prac\u0119 \u017co\u0142\u0105dkowi, nie rozcie\u0144czysz sok\u00f3w trawiennych. Pij maksymalnie 15 minut przed jedzeniem i minimalnie 40 minut po.<\/li>\n<li>Wysypiaj si\u0119! Jak d\u0142ugo? Przetestuj na sobie. Dla mnie kiedy\u015b lepsze by\u0142o 6 godzin, teraz najlepiej czuj\u0119 si\u0119 po ok. 8 godzinach snu.<\/li>\n<li>Jedz codziennie zielone warzywa, zw\u0142aszcza surowe li\u015bciaste &#8211; tam znajdziesz najwi\u0119cej cennych dla Twojego organizmu sk\u0142adnik\u00f3w.<\/li>\n<\/ol>\n<p>Powodzenia!<\/p><\/div>\n<p><!-- .vgblk-rw-wrapper --><\/p>\n","protected":false},"excerpt":{"rendered":"<p>Jak to si\u0119 sta\u0142o, \u017ce wprowadzili\u015bmy balsam wyszczuplaj\u0105cy do naszej oferty? Dlaczego? Co nas podkusi\u0142o? Jak on dzia\u0142a i jakie sk\u0142adniki za to dzia\u0142anie odpowiadaj\u0105? Jakich rezultat\u00f3w mo\u017cecie si\u0119 spodziewa\u0107 przy REGULARNYM stosowaniu balsamu? Ten artyku\u0142 przygotowa\u0142am po to, \u017ceby odpowiedzie\u0107 na te wszystkie pytania i przekaza\u0107 Wam pe\u0142ne kompendium wiedzy w tym temacie. Specjalistyczny&#8230;<\/p>\n","protected":false},"author":5,"featured_media":7311,"comment_status":"open","ping_status":"open","sticky":false,"template":"","format":"standard","meta":{"footnotes":""},"categories":[39],"tags":[],"class_list":["post-7304","post","type-post","status-publish","format-standard","has-post-thumbnail","hentry","category-ewelina-o-resibo"],"yoast_head":"<!-- This site is optimized with the Yoast SEO plugin v27.4 - https:\/\/yoast.com\/product\/yoast-seo-wordpress\/ -->\n<title>Ca\u0142a prawda o balsamie wyszczuplaj\u0105cym - Kosmetyki naturalne Resibo<\/title>\n<meta name=\"robots\" content=\"index, follow, max-snippet:-1, max-image-preview:large, max-video-preview:-1\" \/>\n<link rel=\"canonical\" href=\"https:\/\/resibo.pl\/blog\/cala-prawda-o-balsamie-wyszczuplajacym\/\" \/>\n<meta property=\"og:locale\" content=\"pl_PL\" \/>\n<meta property=\"og:type\" content=\"article\" \/>\n<meta property=\"og:title\" content=\"Ca\u0142a prawda o balsamie wyszczuplaj\u0105cym - Kosmetyki naturalne Resibo\" \/>\n<meta property=\"og:description\" content=\"Jak to si\u0119 sta\u0142o, \u017ce wprowadzili\u015bmy balsam wyszczuplaj\u0105cy do naszej oferty? Dlaczego? Co nas podkusi\u0142o? Jak on dzia\u0142a i jakie sk\u0142adniki za to dzia\u0142anie odpowiadaj\u0105? Jakich rezultat\u00f3w mo\u017cecie si\u0119 spodziewa\u0107 przy REGULARNYM stosowaniu balsamu? Ten artyku\u0142 przygotowa\u0142am po to, \u017ceby odpowiedzie\u0107 na te wszystkie pytania i przekaza\u0107 Wam pe\u0142ne kompendium wiedzy w tym temacie. Specjalistyczny...\" \/>\n<meta property=\"og:url\" content=\"https:\/\/resibo.pl\/blog\/cala-prawda-o-balsamie-wyszczuplajacym\/\" \/>\n<meta property=\"og:site_name\" content=\"Kosmetyki naturalne Resibo\" \/>\n<meta property=\"article:publisher\" content=\"http:\/\/facebook.com\/resiboPL\" \/>\n<meta property=\"article:published_time\" content=\"2017-06-01T14:38:22+00:00\" \/>\n<meta property=\"og:image\" content=\"https:\/\/resibo.pl\/blog\/wp-content\/uploads\/2017\/06\/resibo_specjalistyczny_balsam_wyszczuplajacy_przedipo-1024x604.jpg\" \/>\n<meta name=\"author\" content=\"Ewelina\" \/>\n<meta name=\"twitter:label1\" content=\"Napisane przez\" \/>\n\t<meta name=\"twitter:data1\" content=\"Ewelina\" \/>\n\t<meta name=\"twitter:label2\" content=\"Szacowany czas czytania\" \/>\n\t<meta name=\"twitter:data2\" content=\"11 minut\" \/>\n<script type=\"application\/ld+json\" class=\"yoast-schema-graph\">{\"@context\":\"https:\\\/\\\/schema.org\",\"@graph\":[{\"@type\":\"Article\",\"@id\":\"https:\\\/\\\/resibo.pl\\\/blog\\\/cala-prawda-o-balsamie-wyszczuplajacym\\\/#article\",\"isPartOf\":{\"@id\":\"https:\\\/\\\/resibo.pl\\\/blog\\\/cala-prawda-o-balsamie-wyszczuplajacym\\\/\"},\"author\":{\"name\":\"Ewelina\",\"@id\":\"https:\\\/\\\/resibo.pl\\\/blog\\\/#\\\/schema\\\/person\\\/8797ef0178e99c082c56d482d63ee1ce\"},\"headline\":\"Ca\u0142a prawda o balsamie wyszczuplaj\u0105cym\",\"datePublished\":\"2017-06-01T14:38:22+00:00\",\"mainEntityOfPage\":{\"@id\":\"https:\\\/\\\/resibo.pl\\\/blog\\\/cala-prawda-o-balsamie-wyszczuplajacym\\\/\"},\"wordCount\":2143,\"commentCount\":10,\"publisher\":{\"@id\":\"https:\\\/\\\/resibo.pl\\\/blog\\\/#organization\"},\"image\":{\"@id\":\"https:\\\/\\\/resibo.pl\\\/blog\\\/cala-prawda-o-balsamie-wyszczuplajacym\\\/#primaryimage\"},\"thumbnailUrl\":\"https:\\\/\\\/resibo.pl\\\/blog\\\/wp-content\\\/uploads\\\/2017\\\/06\\\/DSC_9674-scaled.jpg\",\"articleSection\":[\"O Resibo\"],\"inLanguage\":\"pl-PL\",\"potentialAction\":[{\"@type\":\"CommentAction\",\"name\":\"Comment\",\"target\":[\"https:\\\/\\\/resibo.pl\\\/blog\\\/cala-prawda-o-balsamie-wyszczuplajacym\\\/#respond\"]}]},{\"@type\":\"WebPage\",\"@id\":\"https:\\\/\\\/resibo.pl\\\/blog\\\/cala-prawda-o-balsamie-wyszczuplajacym\\\/\",\"url\":\"https:\\\/\\\/resibo.pl\\\/blog\\\/cala-prawda-o-balsamie-wyszczuplajacym\\\/\",\"name\":\"Ca\u0142a prawda o balsamie wyszczuplaj\u0105cym - Kosmetyki naturalne Resibo\",\"isPartOf\":{\"@id\":\"https:\\\/\\\/resibo.pl\\\/blog\\\/#website\"},\"primaryImageOfPage\":{\"@id\":\"https:\\\/\\\/resibo.pl\\\/blog\\\/cala-prawda-o-balsamie-wyszczuplajacym\\\/#primaryimage\"},\"image\":{\"@id\":\"https:\\\/\\\/resibo.pl\\\/blog\\\/cala-prawda-o-balsamie-wyszczuplajacym\\\/#primaryimage\"},\"thumbnailUrl\":\"https:\\\/\\\/resibo.pl\\\/blog\\\/wp-content\\\/uploads\\\/2017\\\/06\\\/DSC_9674-scaled.jpg\",\"datePublished\":\"2017-06-01T14:38:22+00:00\",\"breadcrumb\":{\"@id\":\"https:\\\/\\\/resibo.pl\\\/blog\\\/cala-prawda-o-balsamie-wyszczuplajacym\\\/#breadcrumb\"},\"inLanguage\":\"pl-PL\",\"potentialAction\":[{\"@type\":\"ReadAction\",\"target\":[\"https:\\\/\\\/resibo.pl\\\/blog\\\/cala-prawda-o-balsamie-wyszczuplajacym\\\/\"]}]},{\"@type\":\"ImageObject\",\"inLanguage\":\"pl-PL\",\"@id\":\"https:\\\/\\\/resibo.pl\\\/blog\\\/cala-prawda-o-balsamie-wyszczuplajacym\\\/#primaryimage\",\"url\":\"https:\\\/\\\/resibo.pl\\\/blog\\\/wp-content\\\/uploads\\\/2017\\\/06\\\/DSC_9674-scaled.jpg\",\"contentUrl\":\"https:\\\/\\\/resibo.pl\\\/blog\\\/wp-content\\\/uploads\\\/2017\\\/06\\\/DSC_9674-scaled.jpg\",\"width\":2560,\"height\":1707},{\"@type\":\"BreadcrumbList\",\"@id\":\"https:\\\/\\\/resibo.pl\\\/blog\\\/cala-prawda-o-balsamie-wyszczuplajacym\\\/#breadcrumb\",\"itemListElement\":[{\"@type\":\"ListItem\",\"position\":1,\"name\":\"Strona g\u0142\u00f3wna\",\"item\":\"https:\\\/\\\/resibo.pl\\\/blog\\\/\"},{\"@type\":\"ListItem\",\"position\":2,\"name\":\"Ca\u0142a prawda o balsamie wyszczuplaj\u0105cym\"}]},{\"@type\":\"WebSite\",\"@id\":\"https:\\\/\\\/resibo.pl\\\/blog\\\/#website\",\"url\":\"https:\\\/\\\/resibo.pl\\\/blog\\\/\",\"name\":\"Kosmetyki naturalne Resibo\",\"description\":\"\",\"publisher\":{\"@id\":\"https:\\\/\\\/resibo.pl\\\/blog\\\/#organization\"},\"potentialAction\":[{\"@type\":\"SearchAction\",\"target\":{\"@type\":\"EntryPoint\",\"urlTemplate\":\"https:\\\/\\\/resibo.pl\\\/blog\\\/?s={search_term_string}\"},\"query-input\":{\"@type\":\"PropertyValueSpecification\",\"valueRequired\":true,\"valueName\":\"search_term_string\"}}],\"inLanguage\":\"pl-PL\"},{\"@type\":\"Organization\",\"@id\":\"https:\\\/\\\/resibo.pl\\\/blog\\\/#organization\",\"name\":\"Resibo\",\"url\":\"https:\\\/\\\/resibo.pl\\\/blog\\\/\",\"logo\":{\"@type\":\"ImageObject\",\"inLanguage\":\"pl-PL\",\"@id\":\"https:\\\/\\\/resibo.pl\\\/blog\\\/#\\\/schema\\\/logo\\\/image\\\/\",\"url\":\"https:\\\/\\\/resibo.pl\\\/blog\\\/wp-content\\\/uploads\\\/2022\\\/02\\\/cropped-logo.png\",\"contentUrl\":\"https:\\\/\\\/resibo.pl\\\/blog\\\/wp-content\\\/uploads\\\/2022\\\/02\\\/cropped-logo.png\",\"width\":274,\"height\":109,\"caption\":\"Resibo\"},\"image\":{\"@id\":\"https:\\\/\\\/resibo.pl\\\/blog\\\/#\\\/schema\\\/logo\\\/image\\\/\"},\"sameAs\":[\"http:\\\/\\\/facebook.com\\\/resiboPL\",\"http:\\\/\\\/instagram.com\\\/resibobynature\"]},{\"@type\":\"Person\",\"@id\":\"https:\\\/\\\/resibo.pl\\\/blog\\\/#\\\/schema\\\/person\\\/8797ef0178e99c082c56d482d63ee1ce\",\"name\":\"Ewelina\",\"image\":{\"@type\":\"ImageObject\",\"inLanguage\":\"pl-PL\",\"@id\":\"https:\\\/\\\/secure.gravatar.com\\\/avatar\\\/9f08c062cd4b29e0f0fb3897bea31178d0c5bbc9330b56f20bdbfd05bb69b5de?s=96&d=mm&r=g\",\"url\":\"https:\\\/\\\/secure.gravatar.com\\\/avatar\\\/9f08c062cd4b29e0f0fb3897bea31178d0c5bbc9330b56f20bdbfd05bb69b5de?s=96&d=mm&r=g\",\"contentUrl\":\"https:\\\/\\\/secure.gravatar.com\\\/avatar\\\/9f08c062cd4b29e0f0fb3897bea31178d0c5bbc9330b56f20bdbfd05bb69b5de?s=96&d=mm&r=g\",\"caption\":\"Ewelina\"},\"description\":\"Ewelina Kwit-Betlej, tw\u00f3rca marki Resibo Resibo to moja odpowied\u017a na\u2026 moje w\u0142asne potrzeby. Postanowi\u0142am stworzy\u0107 w\u0142asn\u0105 mark\u0119 kosmetyczn\u0105. Naturaln\u0105, od pocz\u0105tku do ko\u0144ca ekologiczn\u0105, spe\u0142niaj\u0105c\u0105 oczekiwania nie tylko moje, ale te\u017c \u2013 jestem o tym przekonana \u2013 najbardziej wymagaj\u0105cych klientek. I oto jest \u2013 moja w\u0142asna kreacja\u2026 Bo \u017cycie JEST przygod\u0105.\",\"url\":\"https:\\\/\\\/resibo.pl\\\/blog\\\/author\\\/redaktor\\\/\"}]}<\/script>\n<!-- \/ Yoast SEO plugin. -->","yoast_head_json":{"title":"Ca\u0142a prawda o balsamie wyszczuplaj\u0105cym - Kosmetyki naturalne Resibo","robots":{"index":"index","follow":"follow","max-snippet":"max-snippet:-1","max-image-preview":"max-image-preview:large","max-video-preview":"max-video-preview:-1"},"canonical":"https:\/\/resibo.pl\/blog\/cala-prawda-o-balsamie-wyszczuplajacym\/","og_locale":"pl_PL","og_type":"article","og_title":"Ca\u0142a prawda o balsamie wyszczuplaj\u0105cym - Kosmetyki naturalne Resibo","og_description":"Jak to si\u0119 sta\u0142o, \u017ce wprowadzili\u015bmy balsam wyszczuplaj\u0105cy do naszej oferty? Dlaczego? Co nas podkusi\u0142o? Jak on dzia\u0142a i jakie sk\u0142adniki za to dzia\u0142anie odpowiadaj\u0105? Jakich rezultat\u00f3w mo\u017cecie si\u0119 spodziewa\u0107 przy REGULARNYM stosowaniu balsamu? Ten artyku\u0142 przygotowa\u0142am po to, \u017ceby odpowiedzie\u0107 na te wszystkie pytania i przekaza\u0107 Wam pe\u0142ne kompendium wiedzy w tym temacie. Specjalistyczny...","og_url":"https:\/\/resibo.pl\/blog\/cala-prawda-o-balsamie-wyszczuplajacym\/","og_site_name":"Kosmetyki naturalne Resibo","article_publisher":"http:\/\/facebook.com\/resiboPL","article_published_time":"2017-06-01T14:38:22+00:00","og_image":[{"url":"https:\/\/resibo.pl\/blog\/wp-content\/uploads\/2017\/06\/resibo_specjalistyczny_balsam_wyszczuplajacy_przedipo-1024x604.jpg","type":"","width":"","height":""}],"author":"Ewelina","twitter_misc":{"Napisane przez":"Ewelina","Szacowany czas czytania":"11 minut"},"schema":{"@context":"https:\/\/schema.org","@graph":[{"@type":"Article","@id":"https:\/\/resibo.pl\/blog\/cala-prawda-o-balsamie-wyszczuplajacym\/#article","isPartOf":{"@id":"https:\/\/resibo.pl\/blog\/cala-prawda-o-balsamie-wyszczuplajacym\/"},"author":{"name":"Ewelina","@id":"https:\/\/resibo.pl\/blog\/#\/schema\/person\/8797ef0178e99c082c56d482d63ee1ce"},"headline":"Ca\u0142a prawda o balsamie wyszczuplaj\u0105cym","datePublished":"2017-06-01T14:38:22+00:00","mainEntityOfPage":{"@id":"https:\/\/resibo.pl\/blog\/cala-prawda-o-balsamie-wyszczuplajacym\/"},"wordCount":2143,"commentCount":10,"publisher":{"@id":"https:\/\/resibo.pl\/blog\/#organization"},"image":{"@id":"https:\/\/resibo.pl\/blog\/cala-prawda-o-balsamie-wyszczuplajacym\/#primaryimage"},"thumbnailUrl":"https:\/\/resibo.pl\/blog\/wp-content\/uploads\/2017\/06\/DSC_9674-scaled.jpg","articleSection":["O Resibo"],"inLanguage":"pl-PL","potentialAction":[{"@type":"CommentAction","name":"Comment","target":["https:\/\/resibo.pl\/blog\/cala-prawda-o-balsamie-wyszczuplajacym\/#respond"]}]},{"@type":"WebPage","@id":"https:\/\/resibo.pl\/blog\/cala-prawda-o-balsamie-wyszczuplajacym\/","url":"https:\/\/resibo.pl\/blog\/cala-prawda-o-balsamie-wyszczuplajacym\/","name":"Ca\u0142a prawda o balsamie wyszczuplaj\u0105cym - Kosmetyki naturalne Resibo","isPartOf":{"@id":"https:\/\/resibo.pl\/blog\/#website"},"primaryImageOfPage":{"@id":"https:\/\/resibo.pl\/blog\/cala-prawda-o-balsamie-wyszczuplajacym\/#primaryimage"},"image":{"@id":"https:\/\/resibo.pl\/blog\/cala-prawda-o-balsamie-wyszczuplajacym\/#primaryimage"},"thumbnailUrl":"https:\/\/resibo.pl\/blog\/wp-content\/uploads\/2017\/06\/DSC_9674-scaled.jpg","datePublished":"2017-06-01T14:38:22+00:00","breadcrumb":{"@id":"https:\/\/resibo.pl\/blog\/cala-prawda-o-balsamie-wyszczuplajacym\/#breadcrumb"},"inLanguage":"pl-PL","potentialAction":[{"@type":"ReadAction","target":["https:\/\/resibo.pl\/blog\/cala-prawda-o-balsamie-wyszczuplajacym\/"]}]},{"@type":"ImageObject","inLanguage":"pl-PL","@id":"https:\/\/resibo.pl\/blog\/cala-prawda-o-balsamie-wyszczuplajacym\/#primaryimage","url":"https:\/\/resibo.pl\/blog\/wp-content\/uploads\/2017\/06\/DSC_9674-scaled.jpg","contentUrl":"https:\/\/resibo.pl\/blog\/wp-content\/uploads\/2017\/06\/DSC_9674-scaled.jpg","width":2560,"height":1707},{"@type":"BreadcrumbList","@id":"https:\/\/resibo.pl\/blog\/cala-prawda-o-balsamie-wyszczuplajacym\/#breadcrumb","itemListElement":[{"@type":"ListItem","position":1,"name":"Strona g\u0142\u00f3wna","item":"https:\/\/resibo.pl\/blog\/"},{"@type":"ListItem","position":2,"name":"Ca\u0142a prawda o balsamie wyszczuplaj\u0105cym"}]},{"@type":"WebSite","@id":"https:\/\/resibo.pl\/blog\/#website","url":"https:\/\/resibo.pl\/blog\/","name":"Kosmetyki naturalne Resibo","description":"","publisher":{"@id":"https:\/\/resibo.pl\/blog\/#organization"},"potentialAction":[{"@type":"SearchAction","target":{"@type":"EntryPoint","urlTemplate":"https:\/\/resibo.pl\/blog\/?s={search_term_string}"},"query-input":{"@type":"PropertyValueSpecification","valueRequired":true,"valueName":"search_term_string"}}],"inLanguage":"pl-PL"},{"@type":"Organization","@id":"https:\/\/resibo.pl\/blog\/#organization","name":"Resibo","url":"https:\/\/resibo.pl\/blog\/","logo":{"@type":"ImageObject","inLanguage":"pl-PL","@id":"https:\/\/resibo.pl\/blog\/#\/schema\/logo\/image\/","url":"https:\/\/resibo.pl\/blog\/wp-content\/uploads\/2022\/02\/cropped-logo.png","contentUrl":"https:\/\/resibo.pl\/blog\/wp-content\/uploads\/2022\/02\/cropped-logo.png","width":274,"height":109,"caption":"Resibo"},"image":{"@id":"https:\/\/resibo.pl\/blog\/#\/schema\/logo\/image\/"},"sameAs":["http:\/\/facebook.com\/resiboPL","http:\/\/instagram.com\/resibobynature"]},{"@type":"Person","@id":"https:\/\/resibo.pl\/blog\/#\/schema\/person\/8797ef0178e99c082c56d482d63ee1ce","name":"Ewelina","image":{"@type":"ImageObject","inLanguage":"pl-PL","@id":"https:\/\/secure.gravatar.com\/avatar\/9f08c062cd4b29e0f0fb3897bea31178d0c5bbc9330b56f20bdbfd05bb69b5de?s=96&d=mm&r=g","url":"https:\/\/secure.gravatar.com\/avatar\/9f08c062cd4b29e0f0fb3897bea31178d0c5bbc9330b56f20bdbfd05bb69b5de?s=96&d=mm&r=g","contentUrl":"https:\/\/secure.gravatar.com\/avatar\/9f08c062cd4b29e0f0fb3897bea31178d0c5bbc9330b56f20bdbfd05bb69b5de?s=96&d=mm&r=g","caption":"Ewelina"},"description":"Ewelina Kwit-Betlej, tw\u00f3rca marki Resibo Resibo to moja odpowied\u017a na\u2026 moje w\u0142asne potrzeby. Postanowi\u0142am stworzy\u0107 w\u0142asn\u0105 mark\u0119 kosmetyczn\u0105. Naturaln\u0105, od pocz\u0105tku do ko\u0144ca ekologiczn\u0105, spe\u0142niaj\u0105c\u0105 oczekiwania nie tylko moje, ale te\u017c \u2013 jestem o tym przekonana \u2013 najbardziej wymagaj\u0105cych klientek. I oto jest \u2013 moja w\u0142asna kreacja\u2026 Bo \u017cycie JEST przygod\u0105.","url":"https:\/\/resibo.pl\/blog\/author\/redaktor\/"}]}},"_links":{"self":[{"href":"https:\/\/resibo.pl\/blog\/wp-json\/wp\/v2\/posts\/7304","targetHints":{"allow":["GET"]}}],"collection":[{"href":"https:\/\/resibo.pl\/blog\/wp-json\/wp\/v2\/posts"}],"about":[{"href":"https:\/\/resibo.pl\/blog\/wp-json\/wp\/v2\/types\/post"}],"author":[{"embeddable":true,"href":"https:\/\/resibo.pl\/blog\/wp-json\/wp\/v2\/users\/5"}],"replies":[{"embeddable":true,"href":"https:\/\/resibo.pl\/blog\/wp-json\/wp\/v2\/comments?post=7304"}],"version-history":[{"count":0,"href":"https:\/\/resibo.pl\/blog\/wp-json\/wp\/v2\/posts\/7304\/revisions"}],"wp:featuredmedia":[{"embeddable":true,"href":"https:\/\/resibo.pl\/blog\/wp-json\/wp\/v2\/media\/7311"}],"wp:attachment":[{"href":"https:\/\/resibo.pl\/blog\/wp-json\/wp\/v2\/media?parent=7304"}],"wp:term":[{"taxonomy":"category","embeddable":true,"href":"https:\/\/resibo.pl\/blog\/wp-json\/wp\/v2\/categories?post=7304"},{"taxonomy":"post_tag","embeddable":true,"href":"https:\/\/resibo.pl\/blog\/wp-json\/wp\/v2\/tags?post=7304"}],"curies":[{"name":"wp","href":"https:\/\/api.w.org\/{rel}","templated":true}]}}