{"id":7331,"date":"2017-06-27T14:23:48","date_gmt":"2017-06-27T12:23:48","guid":{"rendered":"https:\/\/resibo.pl\/blog\/?p=7331"},"modified":"2017-06-27T14:23:48","modified_gmt":"2017-06-27T12:23:48","slug":"czas-na-dziki-bez","status":"publish","type":"post","link":"https:\/\/resibo.pl\/blog\/czas-na-dziki-bez\/","title":{"rendered":"Czas na dziki bez"},"content":{"rendered":"<div class=\"vgblk-rw-wrapper limit-wrapper\">\n<div dir=\"auto\">Spotka\u0107 go mo\u017cna, podobnie jak pokrzyw\u0119, na skraju cywilizacji &#8211; na nieu\u017cytkach, w zaro\u015blach i chaszczach. Bez czarny jest krzewem o w\u0142a\u015bciwo\u015bciach prozdrowotnych i wszyscy zielarze-amatorzy powinni sobie na czerwono w kalendarzu zaznaczy\u0107 dwa okresy zbioru: mi\u0119dzy majem a lipcem &#8211; kwiaty oraz \u00a0mi\u0119dzy sierpniem a wrze\u015bniem &#8211; owoce.<\/div>\n<div dir=\"auto\"><\/div>\n<div dir=\"auto\">Bia\u0142e, aromatyczne kwiaty skupione w roz\u0142o\u017cystych baldachach stanowi\u0107 mog\u0105 podstaw\u0119 oryginalnego deseru. Kwiaty przyrz\u0105dza si\u0119 w cie\u015bcie nale\u015bnikowym. Poddane za\u015b obr\u00f3bce owoce (suszone b\u0105d\u017a gotowane) s\u0105 podstaw\u0105 d\u017cem\u00f3w i sok\u00f3w. Popularne te\u017c s\u0105 nalewki z obu surowc\u00f3w.<\/div>\n<div dir=\"auto\"><\/div>\n<div dir=\"auto\"><a href=\"https:\/\/resibo.pl\/blog\/wp-content\/uploads\/2017\/06\/sambucus-nigra-846591_1920.jpg\"><img fetchpriority=\"high\" decoding=\"async\" class=\"alignnone size-large wp-image-7334\" src=\"https:\/\/resibo.pl\/blog\/wp-content\/uploads\/2017\/06\/sambucus-nigra-846591_1920-1024x768.jpg\" alt=\"\" width=\"1024\" height=\"768\" srcset=\"https:\/\/resibo.pl\/blog\/wp-content\/uploads\/2017\/06\/sambucus-nigra-846591_1920-1024x768.jpg 1024w, https:\/\/resibo.pl\/blog\/wp-content\/uploads\/2017\/06\/sambucus-nigra-846591_1920-315x236.jpg 315w, https:\/\/resibo.pl\/blog\/wp-content\/uploads\/2017\/06\/sambucus-nigra-846591_1920-630x473.jpg 630w, https:\/\/resibo.pl\/blog\/wp-content\/uploads\/2017\/06\/sambucus-nigra-846591_1920-300x225.jpg 300w, https:\/\/resibo.pl\/blog\/wp-content\/uploads\/2017\/06\/sambucus-nigra-846591_1920-768x576.jpg 768w, https:\/\/resibo.pl\/blog\/wp-content\/uploads\/2017\/06\/sambucus-nigra-846591_1920.jpg 1920w\" sizes=\"(max-width: 1024px) 100vw, 1024px\" \/><\/a><\/div>\n<div dir=\"auto\"><\/div>\n<div dir=\"auto\">Ale to nie kulinarne w\u0142a\u015bciwo\u015bci sprawi\u0142y, \u017ce ro\u015blina ta jest tak ceniona, a niegdy\u015b nawet czczona jako drzewo \u017cycia. Czarny dziki bez jest bowiem niezawodny przy przezi\u0119bieniach. Odwar z kwiat\u00f3w ma dzia\u0142anie wykrztu\u015bne, a syropy z owoc\u00f3w dzia\u0142aj\u0105 napotnie i przeciwzapalnie przy dolegliwo\u015bciach gard\u0142a.<\/div>\n<div dir=\"auto\"><\/div>\n<div dir=\"auto\">Je\u015bli chcecie zebra\u0107 zapasy kwiat\u00f3w na zimowe problemy zdrowotne, najlepiej zrobi\u0107 to w suchy, s\u0142oneczny dzie\u0144. Odcinamy (nie zrywamy) ca\u0142e baldachy I suszymy je w pokojowej temperaturze (nie na s\u0142o\u0144cu). Ze \u015bwie\u017cych kwiat\u00f3w mo\u017cemy r\u00f3wnie\u017c zrobi\u0107 syrop.<\/div>\n<\/div>\n<p><!-- .vgblk-rw-wrapper --><\/p>\n","protected":false},"excerpt":{"rendered":"<p>Spotka\u0107 go mo\u017cna, podobnie jak pokrzyw\u0119, na skraju cywilizacji &#8211; na nieu\u017cytkach, w zaro\u015blach i chaszczach. Bez czarny jest krzewem o w\u0142a\u015bciwo\u015bciach prozdrowotnych i wszyscy zielarze-amatorzy powinni sobie na czerwono w kalendarzu zaznaczy\u0107 dwa okresy zbioru: mi\u0119dzy majem a lipcem &#8211; kwiaty oraz \u00a0mi\u0119dzy sierpniem a wrze\u015bniem &#8211; owoce. Bia\u0142e, aromatyczne kwiaty skupione w roz\u0142o\u017cystych&#8230;<\/p>\n","protected":false},"author":9,"featured_media":7333,"comment_status":"open","ping_status":"open","sticky":false,"template":"","format":"standard","meta":{"footnotes":""},"categories":[38],"tags":[],"class_list":["post-7331","post","type-post","status-publish","format-standard","has-post-thumbnail","hentry","category-dobrusia-o-odzywianiu"],"yoast_head":"<!-- This site is optimized with the Yoast SEO plugin v27.5 - https:\/\/yoast.com\/product\/yoast-seo-wordpress\/ -->\n<title>Czas na dziki bez - Kosmetyki naturalne Resibo<\/title>\n<meta name=\"robots\" content=\"index, follow, max-snippet:-1, max-image-preview:large, max-video-preview:-1\" \/>\n<link rel=\"canonical\" href=\"https:\/\/resibo.pl\/blog\/czas-na-dziki-bez\/\" \/>\n<meta property=\"og:locale\" content=\"pl_PL\" \/>\n<meta property=\"og:type\" content=\"article\" \/>\n<meta property=\"og:title\" content=\"Czas na dziki bez - Kosmetyki naturalne Resibo\" \/>\n<meta property=\"og:description\" content=\"Spotka\u0107 go mo\u017cna, podobnie jak pokrzyw\u0119, na skraju cywilizacji &#8211; na nieu\u017cytkach, w zaro\u015blach i chaszczach. Bez czarny jest krzewem o w\u0142a\u015bciwo\u015bciach prozdrowotnych i wszyscy zielarze-amatorzy powinni sobie na czerwono w kalendarzu zaznaczy\u0107 dwa okresy zbioru: mi\u0119dzy majem a lipcem &#8211; kwiaty oraz \u00a0mi\u0119dzy sierpniem a wrze\u015bniem &#8211; owoce. Bia\u0142e, aromatyczne kwiaty skupione w roz\u0142o\u017cystych...\" \/>\n<meta property=\"og:url\" content=\"https:\/\/resibo.pl\/blog\/czas-na-dziki-bez\/\" \/>\n<meta property=\"og:site_name\" content=\"Kosmetyki naturalne Resibo\" \/>\n<meta property=\"article:publisher\" content=\"http:\/\/facebook.com\/resiboPL\" \/>\n<meta property=\"article:published_time\" content=\"2017-06-27T12:23:48+00:00\" \/>\n<meta property=\"og:image\" content=\"https:\/\/resibo.pl\/blog\/wp-content\/uploads\/2017\/06\/sambucus-nigra-846591_1920-1024x768.jpg\" \/>\n<meta name=\"author\" content=\"Dobrusia\" \/>\n<meta name=\"twitter:label1\" content=\"Napisane przez\" \/>\n\t<meta name=\"twitter:data1\" content=\"Dobrusia\" \/>\n\t<meta name=\"twitter:label2\" content=\"Szacowany czas czytania\" \/>\n\t<meta name=\"twitter:data2\" content=\"1 minuta\" \/>\n<script type=\"application\/ld+json\" class=\"yoast-schema-graph\">{\"@context\":\"https:\\\/\\\/schema.org\",\"@graph\":[{\"@type\":\"Article\",\"@id\":\"https:\\\/\\\/resibo.pl\\\/blog\\\/czas-na-dziki-bez\\\/#article\",\"isPartOf\":{\"@id\":\"https:\\\/\\\/resibo.pl\\\/blog\\\/czas-na-dziki-bez\\\/\"},\"author\":{\"name\":\"Dobrusia\",\"@id\":\"https:\\\/\\\/resibo.pl\\\/blog\\\/#\\\/schema\\\/person\\\/d5bd2c5857cc6ce7a854cdd46726c1ab\"},\"headline\":\"Czas na dziki bez\",\"datePublished\":\"2017-06-27T12:23:48+00:00\",\"mainEntityOfPage\":{\"@id\":\"https:\\\/\\\/resibo.pl\\\/blog\\\/czas-na-dziki-bez\\\/\"},\"wordCount\":215,\"commentCount\":0,\"publisher\":{\"@id\":\"https:\\\/\\\/resibo.pl\\\/blog\\\/#organization\"},\"image\":{\"@id\":\"https:\\\/\\\/resibo.pl\\\/blog\\\/czas-na-dziki-bez\\\/#primaryimage\"},\"thumbnailUrl\":\"https:\\\/\\\/resibo.pl\\\/blog\\\/wp-content\\\/uploads\\\/2017\\\/06\\\/elder-1595360_1920.jpg\",\"articleSection\":[\"O odzywianiu\"],\"inLanguage\":\"pl-PL\",\"potentialAction\":[{\"@type\":\"CommentAction\",\"name\":\"Comment\",\"target\":[\"https:\\\/\\\/resibo.pl\\\/blog\\\/czas-na-dziki-bez\\\/#respond\"]}]},{\"@type\":\"WebPage\",\"@id\":\"https:\\\/\\\/resibo.pl\\\/blog\\\/czas-na-dziki-bez\\\/\",\"url\":\"https:\\\/\\\/resibo.pl\\\/blog\\\/czas-na-dziki-bez\\\/\",\"name\":\"Czas na dziki bez - Kosmetyki naturalne Resibo\",\"isPartOf\":{\"@id\":\"https:\\\/\\\/resibo.pl\\\/blog\\\/#website\"},\"primaryImageOfPage\":{\"@id\":\"https:\\\/\\\/resibo.pl\\\/blog\\\/czas-na-dziki-bez\\\/#primaryimage\"},\"image\":{\"@id\":\"https:\\\/\\\/resibo.pl\\\/blog\\\/czas-na-dziki-bez\\\/#primaryimage\"},\"thumbnailUrl\":\"https:\\\/\\\/resibo.pl\\\/blog\\\/wp-content\\\/uploads\\\/2017\\\/06\\\/elder-1595360_1920.jpg\",\"datePublished\":\"2017-06-27T12:23:48+00:00\",\"breadcrumb\":{\"@id\":\"https:\\\/\\\/resibo.pl\\\/blog\\\/czas-na-dziki-bez\\\/#breadcrumb\"},\"inLanguage\":\"pl-PL\",\"potentialAction\":[{\"@type\":\"ReadAction\",\"target\":[\"https:\\\/\\\/resibo.pl\\\/blog\\\/czas-na-dziki-bez\\\/\"]}]},{\"@type\":\"ImageObject\",\"inLanguage\":\"pl-PL\",\"@id\":\"https:\\\/\\\/resibo.pl\\\/blog\\\/czas-na-dziki-bez\\\/#primaryimage\",\"url\":\"https:\\\/\\\/resibo.pl\\\/blog\\\/wp-content\\\/uploads\\\/2017\\\/06\\\/elder-1595360_1920.jpg\",\"contentUrl\":\"https:\\\/\\\/resibo.pl\\\/blog\\\/wp-content\\\/uploads\\\/2017\\\/06\\\/elder-1595360_1920.jpg\",\"width\":1920,\"height\":1280},{\"@type\":\"BreadcrumbList\",\"@id\":\"https:\\\/\\\/resibo.pl\\\/blog\\\/czas-na-dziki-bez\\\/#breadcrumb\",\"itemListElement\":[{\"@type\":\"ListItem\",\"position\":1,\"name\":\"Strona g\u0142\u00f3wna\",\"item\":\"https:\\\/\\\/resibo.pl\\\/blog\\\/\"},{\"@type\":\"ListItem\",\"position\":2,\"name\":\"Czas na dziki bez\"}]},{\"@type\":\"WebSite\",\"@id\":\"https:\\\/\\\/resibo.pl\\\/blog\\\/#website\",\"url\":\"https:\\\/\\\/resibo.pl\\\/blog\\\/\",\"name\":\"Kosmetyki naturalne Resibo\",\"description\":\"\",\"publisher\":{\"@id\":\"https:\\\/\\\/resibo.pl\\\/blog\\\/#organization\"},\"potentialAction\":[{\"@type\":\"SearchAction\",\"target\":{\"@type\":\"EntryPoint\",\"urlTemplate\":\"https:\\\/\\\/resibo.pl\\\/blog\\\/?s={search_term_string}\"},\"query-input\":{\"@type\":\"PropertyValueSpecification\",\"valueRequired\":true,\"valueName\":\"search_term_string\"}}],\"inLanguage\":\"pl-PL\"},{\"@type\":\"Organization\",\"@id\":\"https:\\\/\\\/resibo.pl\\\/blog\\\/#organization\",\"name\":\"Resibo\",\"url\":\"https:\\\/\\\/resibo.pl\\\/blog\\\/\",\"logo\":{\"@type\":\"ImageObject\",\"inLanguage\":\"pl-PL\",\"@id\":\"https:\\\/\\\/resibo.pl\\\/blog\\\/#\\\/schema\\\/logo\\\/image\\\/\",\"url\":\"https:\\\/\\\/resibo.pl\\\/blog\\\/wp-content\\\/uploads\\\/2022\\\/02\\\/cropped-logo.png\",\"contentUrl\":\"https:\\\/\\\/resibo.pl\\\/blog\\\/wp-content\\\/uploads\\\/2022\\\/02\\\/cropped-logo.png\",\"width\":274,\"height\":109,\"caption\":\"Resibo\"},\"image\":{\"@id\":\"https:\\\/\\\/resibo.pl\\\/blog\\\/#\\\/schema\\\/logo\\\/image\\\/\"},\"sameAs\":[\"http:\\\/\\\/facebook.com\\\/resiboPL\",\"http:\\\/\\\/instagram.com\\\/resibobynature\"]},{\"@type\":\"Person\",\"@id\":\"https:\\\/\\\/resibo.pl\\\/blog\\\/#\\\/schema\\\/person\\\/d5bd2c5857cc6ce7a854cdd46726c1ab\",\"name\":\"Dobrusia\",\"image\":{\"@type\":\"ImageObject\",\"inLanguage\":\"pl-PL\",\"@id\":\"https:\\\/\\\/secure.gravatar.com\\\/avatar\\\/7065c1860ea65dbf4d87312ce6dd7ad1e10bf409edadc87613a06ef0d475ab60?s=96&d=mm&r=g\",\"url\":\"https:\\\/\\\/secure.gravatar.com\\\/avatar\\\/7065c1860ea65dbf4d87312ce6dd7ad1e10bf409edadc87613a06ef0d475ab60?s=96&d=mm&r=g\",\"contentUrl\":\"https:\\\/\\\/secure.gravatar.com\\\/avatar\\\/7065c1860ea65dbf4d87312ce6dd7ad1e10bf409edadc87613a06ef0d475ab60?s=96&d=mm&r=g\",\"caption\":\"Dobrusia\"},\"description\":\"Dobros\u0142awa Bela, ekspert ds. zdrowego od\u017cywiania Przesz\u0142am d\u0142ug\u0105 drog\u0119, aby powr\u00f3ci\u0107 do zdrowotnej r\u00f3wnowagi. Wsp\u00f3\u0142czesna medycyna alopatyczna bardziej mi w tym przeszkadza\u0142a ni\u017c wspiera\u0142a. Dlatego zwr\u00f3ci\u0142am si\u0119 w stron\u0119 medycyny naturalnej i leczenia diet\u0105. A by\u0142o ich wiele \u2013 dieta dr Budwig, pi\u0119ciu przemian, wegetarianizm, witarianizm, g\u0142od\u00f3wka lecznicza, dieta bezglutenowa\u2026 Dlatego wiem, jak trudno jest zrezygnowa\u0107 z ukochanych smako\u0142yk\u00f3w, nawet kiedy siej\u0105 spustoszenie w naszym organizmie.\",\"url\":\"https:\\\/\\\/resibo.pl\\\/blog\\\/author\\\/dobrusia\\\/\"}]}<\/script>\n<!-- \/ Yoast SEO plugin. -->","yoast_head_json":{"title":"Czas na dziki bez - Kosmetyki naturalne Resibo","robots":{"index":"index","follow":"follow","max-snippet":"max-snippet:-1","max-image-preview":"max-image-preview:large","max-video-preview":"max-video-preview:-1"},"canonical":"https:\/\/resibo.pl\/blog\/czas-na-dziki-bez\/","og_locale":"pl_PL","og_type":"article","og_title":"Czas na dziki bez - Kosmetyki naturalne Resibo","og_description":"Spotka\u0107 go mo\u017cna, podobnie jak pokrzyw\u0119, na skraju cywilizacji &#8211; na nieu\u017cytkach, w zaro\u015blach i chaszczach. Bez czarny jest krzewem o w\u0142a\u015bciwo\u015bciach prozdrowotnych i wszyscy zielarze-amatorzy powinni sobie na czerwono w kalendarzu zaznaczy\u0107 dwa okresy zbioru: mi\u0119dzy majem a lipcem &#8211; kwiaty oraz \u00a0mi\u0119dzy sierpniem a wrze\u015bniem &#8211; owoce. Bia\u0142e, aromatyczne kwiaty skupione w roz\u0142o\u017cystych...","og_url":"https:\/\/resibo.pl\/blog\/czas-na-dziki-bez\/","og_site_name":"Kosmetyki naturalne Resibo","article_publisher":"http:\/\/facebook.com\/resiboPL","article_published_time":"2017-06-27T12:23:48+00:00","og_image":[{"url":"https:\/\/resibo.pl\/blog\/wp-content\/uploads\/2017\/06\/sambucus-nigra-846591_1920-1024x768.jpg","type":"","width":"","height":""}],"author":"Dobrusia","twitter_misc":{"Napisane przez":"Dobrusia","Szacowany czas czytania":"1 minuta"},"schema":{"@context":"https:\/\/schema.org","@graph":[{"@type":"Article","@id":"https:\/\/resibo.pl\/blog\/czas-na-dziki-bez\/#article","isPartOf":{"@id":"https:\/\/resibo.pl\/blog\/czas-na-dziki-bez\/"},"author":{"name":"Dobrusia","@id":"https:\/\/resibo.pl\/blog\/#\/schema\/person\/d5bd2c5857cc6ce7a854cdd46726c1ab"},"headline":"Czas na dziki bez","datePublished":"2017-06-27T12:23:48+00:00","mainEntityOfPage":{"@id":"https:\/\/resibo.pl\/blog\/czas-na-dziki-bez\/"},"wordCount":215,"commentCount":0,"publisher":{"@id":"https:\/\/resibo.pl\/blog\/#organization"},"image":{"@id":"https:\/\/resibo.pl\/blog\/czas-na-dziki-bez\/#primaryimage"},"thumbnailUrl":"https:\/\/resibo.pl\/blog\/wp-content\/uploads\/2017\/06\/elder-1595360_1920.jpg","articleSection":["O odzywianiu"],"inLanguage":"pl-PL","potentialAction":[{"@type":"CommentAction","name":"Comment","target":["https:\/\/resibo.pl\/blog\/czas-na-dziki-bez\/#respond"]}]},{"@type":"WebPage","@id":"https:\/\/resibo.pl\/blog\/czas-na-dziki-bez\/","url":"https:\/\/resibo.pl\/blog\/czas-na-dziki-bez\/","name":"Czas na dziki bez - Kosmetyki naturalne Resibo","isPartOf":{"@id":"https:\/\/resibo.pl\/blog\/#website"},"primaryImageOfPage":{"@id":"https:\/\/resibo.pl\/blog\/czas-na-dziki-bez\/#primaryimage"},"image":{"@id":"https:\/\/resibo.pl\/blog\/czas-na-dziki-bez\/#primaryimage"},"thumbnailUrl":"https:\/\/resibo.pl\/blog\/wp-content\/uploads\/2017\/06\/elder-1595360_1920.jpg","datePublished":"2017-06-27T12:23:48+00:00","breadcrumb":{"@id":"https:\/\/resibo.pl\/blog\/czas-na-dziki-bez\/#breadcrumb"},"inLanguage":"pl-PL","potentialAction":[{"@type":"ReadAction","target":["https:\/\/resibo.pl\/blog\/czas-na-dziki-bez\/"]}]},{"@type":"ImageObject","inLanguage":"pl-PL","@id":"https:\/\/resibo.pl\/blog\/czas-na-dziki-bez\/#primaryimage","url":"https:\/\/resibo.pl\/blog\/wp-content\/uploads\/2017\/06\/elder-1595360_1920.jpg","contentUrl":"https:\/\/resibo.pl\/blog\/wp-content\/uploads\/2017\/06\/elder-1595360_1920.jpg","width":1920,"height":1280},{"@type":"BreadcrumbList","@id":"https:\/\/resibo.pl\/blog\/czas-na-dziki-bez\/#breadcrumb","itemListElement":[{"@type":"ListItem","position":1,"name":"Strona g\u0142\u00f3wna","item":"https:\/\/resibo.pl\/blog\/"},{"@type":"ListItem","position":2,"name":"Czas na dziki bez"}]},{"@type":"WebSite","@id":"https:\/\/resibo.pl\/blog\/#website","url":"https:\/\/resibo.pl\/blog\/","name":"Kosmetyki naturalne Resibo","description":"","publisher":{"@id":"https:\/\/resibo.pl\/blog\/#organization"},"potentialAction":[{"@type":"SearchAction","target":{"@type":"EntryPoint","urlTemplate":"https:\/\/resibo.pl\/blog\/?s={search_term_string}"},"query-input":{"@type":"PropertyValueSpecification","valueRequired":true,"valueName":"search_term_string"}}],"inLanguage":"pl-PL"},{"@type":"Organization","@id":"https:\/\/resibo.pl\/blog\/#organization","name":"Resibo","url":"https:\/\/resibo.pl\/blog\/","logo":{"@type":"ImageObject","inLanguage":"pl-PL","@id":"https:\/\/resibo.pl\/blog\/#\/schema\/logo\/image\/","url":"https:\/\/resibo.pl\/blog\/wp-content\/uploads\/2022\/02\/cropped-logo.png","contentUrl":"https:\/\/resibo.pl\/blog\/wp-content\/uploads\/2022\/02\/cropped-logo.png","width":274,"height":109,"caption":"Resibo"},"image":{"@id":"https:\/\/resibo.pl\/blog\/#\/schema\/logo\/image\/"},"sameAs":["http:\/\/facebook.com\/resiboPL","http:\/\/instagram.com\/resibobynature"]},{"@type":"Person","@id":"https:\/\/resibo.pl\/blog\/#\/schema\/person\/d5bd2c5857cc6ce7a854cdd46726c1ab","name":"Dobrusia","image":{"@type":"ImageObject","inLanguage":"pl-PL","@id":"https:\/\/secure.gravatar.com\/avatar\/7065c1860ea65dbf4d87312ce6dd7ad1e10bf409edadc87613a06ef0d475ab60?s=96&d=mm&r=g","url":"https:\/\/secure.gravatar.com\/avatar\/7065c1860ea65dbf4d87312ce6dd7ad1e10bf409edadc87613a06ef0d475ab60?s=96&d=mm&r=g","contentUrl":"https:\/\/secure.gravatar.com\/avatar\/7065c1860ea65dbf4d87312ce6dd7ad1e10bf409edadc87613a06ef0d475ab60?s=96&d=mm&r=g","caption":"Dobrusia"},"description":"Dobros\u0142awa Bela, ekspert ds. zdrowego od\u017cywiania Przesz\u0142am d\u0142ug\u0105 drog\u0119, aby powr\u00f3ci\u0107 do zdrowotnej r\u00f3wnowagi. Wsp\u00f3\u0142czesna medycyna alopatyczna bardziej mi w tym przeszkadza\u0142a ni\u017c wspiera\u0142a. Dlatego zwr\u00f3ci\u0142am si\u0119 w stron\u0119 medycyny naturalnej i leczenia diet\u0105. A by\u0142o ich wiele \u2013 dieta dr Budwig, pi\u0119ciu przemian, wegetarianizm, witarianizm, g\u0142od\u00f3wka lecznicza, dieta bezglutenowa\u2026 Dlatego wiem, jak trudno jest zrezygnowa\u0107 z ukochanych smako\u0142yk\u00f3w, nawet kiedy siej\u0105 spustoszenie w naszym organizmie.","url":"https:\/\/resibo.pl\/blog\/author\/dobrusia\/"}]}},"_links":{"self":[{"href":"https:\/\/resibo.pl\/blog\/wp-json\/wp\/v2\/posts\/7331","targetHints":{"allow":["GET"]}}],"collection":[{"href":"https:\/\/resibo.pl\/blog\/wp-json\/wp\/v2\/posts"}],"about":[{"href":"https:\/\/resibo.pl\/blog\/wp-json\/wp\/v2\/types\/post"}],"author":[{"embeddable":true,"href":"https:\/\/resibo.pl\/blog\/wp-json\/wp\/v2\/users\/9"}],"replies":[{"embeddable":true,"href":"https:\/\/resibo.pl\/blog\/wp-json\/wp\/v2\/comments?post=7331"}],"version-history":[{"count":0,"href":"https:\/\/resibo.pl\/blog\/wp-json\/wp\/v2\/posts\/7331\/revisions"}],"wp:featuredmedia":[{"embeddable":true,"href":"https:\/\/resibo.pl\/blog\/wp-json\/wp\/v2\/media\/7333"}],"wp:attachment":[{"href":"https:\/\/resibo.pl\/blog\/wp-json\/wp\/v2\/media?parent=7331"}],"wp:term":[{"taxonomy":"category","embeddable":true,"href":"https:\/\/resibo.pl\/blog\/wp-json\/wp\/v2\/categories?post=7331"},{"taxonomy":"post_tag","embeddable":true,"href":"https:\/\/resibo.pl\/blog\/wp-json\/wp\/v2\/tags?post=7331"}],"curies":[{"name":"wp","href":"https:\/\/api.w.org\/{rel}","templated":true}]}}