{"id":7596,"date":"2018-09-27T09:36:50","date_gmt":"2018-09-27T07:36:50","guid":{"rendered":"https:\/\/resibo.pl\/blog\/?p=7596"},"modified":"2018-09-27T09:36:50","modified_gmt":"2018-09-27T07:36:50","slug":"energetyzujaca-esencja-odmladzajaca-najmlodsze-dziecko-juz-swiecie","status":"publish","type":"post","link":"https:\/\/resibo.pl\/blog\/energetyzujaca-esencja-odmladzajaca-najmlodsze-dziecko-juz-swiecie\/","title":{"rendered":"Energetyzuj\u0105ca esencja odm\u0142adzaj\u0105ca &#8211; najm\u0142odsze dziecko ju\u017c na \u015bwiecie!"},"content":{"rendered":"<div class=\"vgblk-rw-wrapper limit-wrapper\">Nareszcie jest!\u00a0Nasze najm\u0142odsze dziecko &#8211; <a href=\"https:\/\/resibo.pl\/produkt\/29\/energetyzujaca-esencja-odmladzajaca\">Energetyzuj\u0105ca esencja odm\u0142adzaj\u0105ca<\/a>. Pracowali\u015bmy nad ni\u0105 baaaardzo d\u0142ugo.\u00a0Premiera by\u0142a\u00a0planowana na czerwiec, ale po drodze\u00a0mieli\u015bmy wiele\u00a0r\u00f3\u017cnych perypetii, kt\u00f3re kiedy\u015b na pewno b\u0119dziemy wspomina\u0107 ze \u015bmiechem. Dzisiaj po prostu cieszymy si\u0119, \u017ce mo\u017cemy Wam przedstawi\u0107\u00a0kosmetyk, kt\u00f3ry b\u0119dzie naprawd\u0119 mocnym\u00a0punktem dziennej piel\u0119gnacji.<\/p>\n<p>Ten kosmetyk powsta\u0142 z my\u015bl\u0105 o tym, jak wygl\u0105da nasza codzienno\u015b\u0107 i z czym musi si\u0119 zmierzy\u0107 moja sk\u00f3ra. Codziennie gdzie\u015b p\u0119dz\u0119. Ci\u0105gle w po\u015bpiechu. Wiecznie zm\u0119czona. Zestresowana. Nie chc\u0119, \u017ceby m\u00f3j tryb \u017cycia by\u0142 widoczny na twarzy. Podkr\u0105\u017cone oczy. Szara, ziemista cera. Sucha, nieelastyczna sk\u00f3ra. Smutna sk\u00f3ra\u2026 Znam to doskonale i wiem, jak ci\u0119\u017cko jest to zmieni\u0107. Opr\u00f3cz dbania o dobry sen, zdrowe jedzenie i aktywno\u015b\u0107, pomagam sobie kosmetykami.<\/p>\n<blockquote><p>Co ma wp\u0142yw na stan Twojej cery?<\/p><\/blockquote>\n<p>&#8211; przede wszystkim tryb \u017cycia, jego tempo, brak odpoczynku, niedosypianie, brak ruchu na \u015bwie\u017cym powietrzu \u2013 to wszystko najszybciej odbije si\u0119 na Twojej twarzy<\/p>\n<p>&#8211; dieta \u2013 bylejako\u015b\u0107 nie s\u0142u\u017cy nikomu i nigdy, wi\u0119c je\u015bli masz problemy z cer\u0105, przyjrzyj si\u0119 swojej diecie, powinna by\u0107 odpowiednio zbilansowana i bogata w witaminy oraz mikroelementy, zw\u0142aszcza witaminy A oraz E, a tak\u017ce magnez, cynk, \u017celazo, selen, wap\u0144 i karoten, i woda \u2013 du\u017co, duuu\u017co wody \ud83d\ude42<\/p>\n<p>&#8211; \u015brodowisko zewn\u0119trzne \u2013 Twojej cerze szkodzi nie tylko promieniowanie s\u0142oneczne czy mr\u00f3z, ale te\u017c zanieczyszczone powietrze, smog i klimatyzowane pomieszczenia, tu najgorsze s\u0105 samoloty<\/p>\n<p>&#8211; stres \u2013 oj, tak, stres najszybciej uwidacznia si\u0119 na twarzy, przyczynia si\u0119 do powstawania i pog\u0142\u0119biania ju\u017c istniej\u0105cych zmarszczek, powoduje wysyp r\u00f3\u017cnych niedoskona\u0142o\u015bci. Unikaj go jak ognia!<\/p>\n<p><a href=\"https:\/\/resibo.pl\/produkt\/29\/energetyzujaca-esencja-odmladzajaca\"><img fetchpriority=\"high\" decoding=\"async\" class=\"size-large wp-image-7598 aligncenter\" src=\"https:\/\/resibo.pl\/blog\/wp-content\/uploads\/2018\/09\/DSC_5140_1-1-1024x683.jpg\" alt=\"\" width=\"1024\" height=\"683\" srcset=\"https:\/\/resibo.pl\/blog\/wp-content\/uploads\/2018\/09\/DSC_5140_1-1-1024x683.jpg 1024w, https:\/\/resibo.pl\/blog\/wp-content\/uploads\/2018\/09\/DSC_5140_1-1-scaled-315x210.jpg 315w, https:\/\/resibo.pl\/blog\/wp-content\/uploads\/2018\/09\/DSC_5140_1-1-scaled-630x420.jpg 630w, https:\/\/resibo.pl\/blog\/wp-content\/uploads\/2018\/09\/DSC_5140_1-1-300x200.jpg 300w, https:\/\/resibo.pl\/blog\/wp-content\/uploads\/2018\/09\/DSC_5140_1-1-768x512.jpg 768w\" sizes=\"(max-width: 1024px) 100vw, 1024px\" \/><\/a><\/p>\n<blockquote><p>Co z tego wynika?<\/p><\/blockquote>\n<p>Energetyzuj\u0105ca i przeciwstarzeniowe serum, kt\u00f3re pobudzi Twoj\u0105 sk\u00f3r\u0119, nada jej zdrowy i promienny wygl\u0105d, a jednocze\u015bnie b\u0119dzie d\u0142ugofalowo piel\u0119gnowa\u0142o, powinno sta\u0107 si\u0119 nieod\u0142\u0105cznym towarzyszem Twojego kremu na dzie\u0144 i elementem porannej rutyny. Postaw sobie oba kosmetyki w \u0142azience. Nie tylko b\u0119d\u0105 pi\u0119knie wygl\u0105da\u0107, ale razem dzia\u0142a\u0107 cuda<\/p>\n<p>Taka w\u0142a\u015bnie jest Energetyzuj\u0105ca esencja odm\u0142adzaj\u0105ca. To codzienna porcja antyoksydant\u00f3w dla Twojej sk\u00f3ry, idealny start ka\u017cdego dnia. Op\u00f3\u017ani efekty starzenia i przywr\u00f3ci sk\u00f3rze witalno\u015b\u0107. Sprawi, \u017ce ju\u017c po pierwszym zastosowaniu poczujesz r\u00f3\u017cnic\u0119 w nawil\u017ceniu i napi\u0119ciu sk\u00f3ry. Jest jak szklanka rze\u015bkiej wody, kt\u00f3r\u0105 wypijasz codziennie rano. Dzi\u0119ki niej twarz b\u0119dzie promienna i wyra\u017anie wypocz\u0119ta. Nieoceniona b\u0119dzie r\u00f3wnie\u017c w sytuacjach \u201eawaryjnych\u201d, jak nadmierne zm\u0119czenie czy niewyspanie. \u015awietnie sprawdzi si\u0119 u os\u00f3b, kt\u00f3re sp\u0119dzaj\u0105 wiele czasu w klimatyzowanych pomieszczeniach. Stosuj\u0105c j\u0105 regularnie zauwa\u017cysz, jak wspaniale zregeneruje Twoj\u0105 sk\u00f3r\u0119, poprawi napi\u0119cie i wizualnie odm\u0142odzi. Przekonaj si\u0119!<\/p>\n<blockquote><p>Poznaj j\u0105 bli\u017cej<\/p><\/blockquote>\n<p>Co znajdziesz w tej bogatej esencji? Wszystko to, czego Twoja sk\u00f3ra potrzebuje w codziennej porannej piel\u0119gnacji, a nawet jeszcze wi\u0119cej!<\/p>\n<p>1. POBUDKA DLA SK\u00d3RY \u2013 Early Boost PA, czyli ro\u015blinna tauryna pozyskiwana z algi Jania Rubens przywraca sk\u00f3rze witalno\u015b\u0107, b\u0142yskawicznie j\u0105 napina, wyg\u0142adza zmarszczki, silnie nawil\u017ca, sprawia, \u017ce staje si\u0119 wypocz\u0119ta, r\u00f3\u017cnic\u0119 w napi\u0119ciu i nawil\u017ceniu sk\u00f3ry zobaczysz ju\u017c po pierwszym zastosowaniu<\/p>\n<p>2. MOC ANTYOKSYDANT\u00d3W \u2013 ekstrakt z pomidora, olej marula i witamina E dzia\u0142aj\u0105 silnie antyoksydacyjnie, dzia\u0142anie to wzmacnia witamina C w swojej najskuteczniejszej i najbardziej stabilnej postaci, kt\u00f3ra dodatkowo zapobiega przebarwieniom<\/p>\n<p>3. JET LAG RESCUE \u2013 W trakcie podr\u00f3\u017cy sk\u00f3ra traci pi\u0119kny, zdrowy wygl\u0105d. Zw\u0142aszcza je\u015bli podr\u00f3\u017cujesz samolotem samolotem \u2013 kilka, kilkana\u015bcie godzin w zamkni\u0119tym, klimatyzowanym przefiltrowanym powietrzem pomieszczeniu sprawia, \u017ce spada jej poziom nawil\u017cenia, a po podr\u00f3\u017cy wygl\u0105da szaro i po prostu starzej. Esencja to idealne rozwi\u0105zanie na podr\u00f3\u017cowanie:<\/p>\n<ul>\n<li>na\u0142\u00f3\u017c na sk\u00f3r\u0119 w trakcie podr\u00f3\u017cy \u2013 je\u015bli mo\u017cesz, na\u0142\u00f3\u017c grubsz\u0105 warstw\u0105, jak mask\u0119 lub powtarzaj aplikacj\u0119 cienk\u0105 warstw\u0105 co 2-3 godziny (zale\u017cnie od Twoich potrzeb)<\/li>\n<li>u\u017cywaj rano i wieczorem po d\u0142ugiej podr\u00f3\u017cy, \u017ceby jak najszybciej przywr\u00f3ci\u0107 sk\u00f3rze odpowiedni poziom nawil\u017cenia i blask<\/li>\n<\/ul>\n<p>Nawet nie wiecie, jaka jestem szcz\u0119\u015bliwa, \u017ce mog\u0119 Wam j\u0105 przedstawi\u0107. Testowali\u015bmy\u00a0j\u0105 d\u0142ugo, mieli\u015bmy wiele perypetii, nawet transportowych, o kt\u00f3rych mo\u017ce Wam kiedy\u015b napiszemy. Ale dzisiaj otwieramy szampana i \u015bwi\u0119tujemy!!! \ud83d\ude42<\/p>\n<p>&nbsp;<\/p><\/div>\n<p><!-- .vgblk-rw-wrapper --><\/p>\n","protected":false},"excerpt":{"rendered":"<p>Nareszcie jest!\u00a0Nasze najm\u0142odsze dziecko &#8211; Energetyzuj\u0105ca esencja odm\u0142adzaj\u0105ca. Pracowali\u015bmy nad ni\u0105 baaaardzo d\u0142ugo.\u00a0Premiera by\u0142a\u00a0planowana na czerwiec, ale po drodze\u00a0mieli\u015bmy wiele\u00a0r\u00f3\u017cnych perypetii, kt\u00f3re kiedy\u015b na pewno b\u0119dziemy wspomina\u0107 ze \u015bmiechem. Dzisiaj po prostu cieszymy si\u0119, \u017ce mo\u017cemy Wam przedstawi\u0107\u00a0kosmetyk, kt\u00f3ry b\u0119dzie naprawd\u0119 mocnym\u00a0punktem dziennej piel\u0119gnacji. Ten kosmetyk powsta\u0142 z my\u015bl\u0105 o tym, jak wygl\u0105da nasza codzienno\u015b\u0107&#8230;<\/p>\n","protected":false},"author":7,"featured_media":7597,"comment_status":"open","ping_status":"open","sticky":false,"template":"","format":"standard","meta":{"footnotes":""},"categories":[39],"tags":[],"class_list":["post-7596","post","type-post","status-publish","format-standard","has-post-thumbnail","hentry","category-ewelina-o-resibo"],"yoast_head":"<!-- This site is optimized with the Yoast SEO plugin v27.5 - https:\/\/yoast.com\/product\/yoast-seo-wordpress\/ -->\n<title>Energetyzuj\u0105ca esencja odm\u0142adzaj\u0105ca - najm\u0142odsze dziecko ju\u017c na \u015bwiecie! - Kosmetyki naturalne Resibo<\/title>\n<meta name=\"robots\" content=\"index, follow, max-snippet:-1, max-image-preview:large, max-video-preview:-1\" \/>\n<link rel=\"canonical\" href=\"https:\/\/resibo.pl\/blog\/energetyzujaca-esencja-odmladzajaca-najmlodsze-dziecko-juz-swiecie\/\" \/>\n<meta property=\"og:locale\" content=\"pl_PL\" \/>\n<meta property=\"og:type\" content=\"article\" \/>\n<meta property=\"og:title\" content=\"Energetyzuj\u0105ca esencja odm\u0142adzaj\u0105ca - najm\u0142odsze dziecko ju\u017c na \u015bwiecie! - Kosmetyki naturalne Resibo\" \/>\n<meta property=\"og:description\" content=\"Nareszcie jest!\u00a0Nasze najm\u0142odsze dziecko &#8211; Energetyzuj\u0105ca esencja odm\u0142adzaj\u0105ca. Pracowali\u015bmy nad ni\u0105 baaaardzo d\u0142ugo.\u00a0Premiera by\u0142a\u00a0planowana na czerwiec, ale po drodze\u00a0mieli\u015bmy wiele\u00a0r\u00f3\u017cnych perypetii, kt\u00f3re kiedy\u015b na pewno b\u0119dziemy wspomina\u0107 ze \u015bmiechem. Dzisiaj po prostu cieszymy si\u0119, \u017ce mo\u017cemy Wam przedstawi\u0107\u00a0kosmetyk, kt\u00f3ry b\u0119dzie naprawd\u0119 mocnym\u00a0punktem dziennej piel\u0119gnacji. Ten kosmetyk powsta\u0142 z my\u015bl\u0105 o tym, jak wygl\u0105da nasza codzienno\u015b\u0107...\" \/>\n<meta property=\"og:url\" content=\"https:\/\/resibo.pl\/blog\/energetyzujaca-esencja-odmladzajaca-najmlodsze-dziecko-juz-swiecie\/\" \/>\n<meta property=\"og:site_name\" content=\"Kosmetyki naturalne Resibo\" \/>\n<meta property=\"article:publisher\" content=\"http:\/\/facebook.com\/resiboPL\" \/>\n<meta property=\"article:published_time\" content=\"2018-09-27T07:36:50+00:00\" \/>\n<meta property=\"og:image\" content=\"https:\/\/resibo.pl\/blog\/wp-content\/uploads\/2018\/09\/DSC_0882-scaled.jpg\" \/>\n\t<meta property=\"og:image:width\" content=\"1994\" \/>\n\t<meta property=\"og:image:height\" content=\"2560\" \/>\n\t<meta property=\"og:image:type\" content=\"image\/jpeg\" \/>\n<meta name=\"author\" content=\"Ewelina\" \/>\n<meta name=\"twitter:label1\" content=\"Napisane przez\" \/>\n\t<meta name=\"twitter:data1\" content=\"Ewelina\" \/>\n\t<meta name=\"twitter:label2\" content=\"Szacowany czas czytania\" \/>\n\t<meta name=\"twitter:data2\" content=\"4 minuty\" \/>\n<script type=\"application\/ld+json\" class=\"yoast-schema-graph\">{\"@context\":\"https:\\\/\\\/schema.org\",\"@graph\":[{\"@type\":\"Article\",\"@id\":\"https:\\\/\\\/resibo.pl\\\/blog\\\/energetyzujaca-esencja-odmladzajaca-najmlodsze-dziecko-juz-swiecie\\\/#article\",\"isPartOf\":{\"@id\":\"https:\\\/\\\/resibo.pl\\\/blog\\\/energetyzujaca-esencja-odmladzajaca-najmlodsze-dziecko-juz-swiecie\\\/\"},\"author\":{\"name\":\"Ewelina\",\"@id\":\"https:\\\/\\\/resibo.pl\\\/blog\\\/#\\\/schema\\\/person\\\/422edacdfc1793c9311a22b620e6201f\"},\"headline\":\"Energetyzuj\u0105ca esencja odm\u0142adzaj\u0105ca &#8211; najm\u0142odsze dziecko ju\u017c na \u015bwiecie!\",\"datePublished\":\"2018-09-27T07:36:50+00:00\",\"mainEntityOfPage\":{\"@id\":\"https:\\\/\\\/resibo.pl\\\/blog\\\/energetyzujaca-esencja-odmladzajaca-najmlodsze-dziecko-juz-swiecie\\\/\"},\"wordCount\":761,\"commentCount\":1,\"publisher\":{\"@id\":\"https:\\\/\\\/resibo.pl\\\/blog\\\/#organization\"},\"image\":{\"@id\":\"https:\\\/\\\/resibo.pl\\\/blog\\\/energetyzujaca-esencja-odmladzajaca-najmlodsze-dziecko-juz-swiecie\\\/#primaryimage\"},\"thumbnailUrl\":\"https:\\\/\\\/resibo.pl\\\/blog\\\/wp-content\\\/uploads\\\/2018\\\/09\\\/DSC_0882-scaled.jpg\",\"articleSection\":[\"O Resibo\"],\"inLanguage\":\"pl-PL\",\"potentialAction\":[{\"@type\":\"CommentAction\",\"name\":\"Comment\",\"target\":[\"https:\\\/\\\/resibo.pl\\\/blog\\\/energetyzujaca-esencja-odmladzajaca-najmlodsze-dziecko-juz-swiecie\\\/#respond\"]}]},{\"@type\":\"WebPage\",\"@id\":\"https:\\\/\\\/resibo.pl\\\/blog\\\/energetyzujaca-esencja-odmladzajaca-najmlodsze-dziecko-juz-swiecie\\\/\",\"url\":\"https:\\\/\\\/resibo.pl\\\/blog\\\/energetyzujaca-esencja-odmladzajaca-najmlodsze-dziecko-juz-swiecie\\\/\",\"name\":\"Energetyzuj\u0105ca esencja odm\u0142adzaj\u0105ca - najm\u0142odsze dziecko ju\u017c na \u015bwiecie! - Kosmetyki naturalne Resibo\",\"isPartOf\":{\"@id\":\"https:\\\/\\\/resibo.pl\\\/blog\\\/#website\"},\"primaryImageOfPage\":{\"@id\":\"https:\\\/\\\/resibo.pl\\\/blog\\\/energetyzujaca-esencja-odmladzajaca-najmlodsze-dziecko-juz-swiecie\\\/#primaryimage\"},\"image\":{\"@id\":\"https:\\\/\\\/resibo.pl\\\/blog\\\/energetyzujaca-esencja-odmladzajaca-najmlodsze-dziecko-juz-swiecie\\\/#primaryimage\"},\"thumbnailUrl\":\"https:\\\/\\\/resibo.pl\\\/blog\\\/wp-content\\\/uploads\\\/2018\\\/09\\\/DSC_0882-scaled.jpg\",\"datePublished\":\"2018-09-27T07:36:50+00:00\",\"breadcrumb\":{\"@id\":\"https:\\\/\\\/resibo.pl\\\/blog\\\/energetyzujaca-esencja-odmladzajaca-najmlodsze-dziecko-juz-swiecie\\\/#breadcrumb\"},\"inLanguage\":\"pl-PL\",\"potentialAction\":[{\"@type\":\"ReadAction\",\"target\":[\"https:\\\/\\\/resibo.pl\\\/blog\\\/energetyzujaca-esencja-odmladzajaca-najmlodsze-dziecko-juz-swiecie\\\/\"]}]},{\"@type\":\"ImageObject\",\"inLanguage\":\"pl-PL\",\"@id\":\"https:\\\/\\\/resibo.pl\\\/blog\\\/energetyzujaca-esencja-odmladzajaca-najmlodsze-dziecko-juz-swiecie\\\/#primaryimage\",\"url\":\"https:\\\/\\\/resibo.pl\\\/blog\\\/wp-content\\\/uploads\\\/2018\\\/09\\\/DSC_0882-scaled.jpg\",\"contentUrl\":\"https:\\\/\\\/resibo.pl\\\/blog\\\/wp-content\\\/uploads\\\/2018\\\/09\\\/DSC_0882-scaled.jpg\",\"width\":1994,\"height\":2560},{\"@type\":\"BreadcrumbList\",\"@id\":\"https:\\\/\\\/resibo.pl\\\/blog\\\/energetyzujaca-esencja-odmladzajaca-najmlodsze-dziecko-juz-swiecie\\\/#breadcrumb\",\"itemListElement\":[{\"@type\":\"ListItem\",\"position\":1,\"name\":\"Strona g\u0142\u00f3wna\",\"item\":\"https:\\\/\\\/resibo.pl\\\/blog\\\/\"},{\"@type\":\"ListItem\",\"position\":2,\"name\":\"Energetyzuj\u0105ca esencja odm\u0142adzaj\u0105ca &#8211; najm\u0142odsze dziecko ju\u017c na \u015bwiecie!\"}]},{\"@type\":\"WebSite\",\"@id\":\"https:\\\/\\\/resibo.pl\\\/blog\\\/#website\",\"url\":\"https:\\\/\\\/resibo.pl\\\/blog\\\/\",\"name\":\"Kosmetyki naturalne Resibo\",\"description\":\"\",\"publisher\":{\"@id\":\"https:\\\/\\\/resibo.pl\\\/blog\\\/#organization\"},\"potentialAction\":[{\"@type\":\"SearchAction\",\"target\":{\"@type\":\"EntryPoint\",\"urlTemplate\":\"https:\\\/\\\/resibo.pl\\\/blog\\\/?s={search_term_string}\"},\"query-input\":{\"@type\":\"PropertyValueSpecification\",\"valueRequired\":true,\"valueName\":\"search_term_string\"}}],\"inLanguage\":\"pl-PL\"},{\"@type\":\"Organization\",\"@id\":\"https:\\\/\\\/resibo.pl\\\/blog\\\/#organization\",\"name\":\"Resibo\",\"url\":\"https:\\\/\\\/resibo.pl\\\/blog\\\/\",\"logo\":{\"@type\":\"ImageObject\",\"inLanguage\":\"pl-PL\",\"@id\":\"https:\\\/\\\/resibo.pl\\\/blog\\\/#\\\/schema\\\/logo\\\/image\\\/\",\"url\":\"https:\\\/\\\/resibo.pl\\\/blog\\\/wp-content\\\/uploads\\\/2022\\\/02\\\/cropped-logo.png\",\"contentUrl\":\"https:\\\/\\\/resibo.pl\\\/blog\\\/wp-content\\\/uploads\\\/2022\\\/02\\\/cropped-logo.png\",\"width\":274,\"height\":109,\"caption\":\"Resibo\"},\"image\":{\"@id\":\"https:\\\/\\\/resibo.pl\\\/blog\\\/#\\\/schema\\\/logo\\\/image\\\/\"},\"sameAs\":[\"http:\\\/\\\/facebook.com\\\/resiboPL\",\"http:\\\/\\\/instagram.com\\\/resibobynature\"]},{\"@type\":\"Person\",\"@id\":\"https:\\\/\\\/resibo.pl\\\/blog\\\/#\\\/schema\\\/person\\\/422edacdfc1793c9311a22b620e6201f\",\"name\":\"Ewelina\",\"image\":{\"@type\":\"ImageObject\",\"inLanguage\":\"pl-PL\",\"@id\":\"https:\\\/\\\/secure.gravatar.com\\\/avatar\\\/2f67341ceeaf55c022abc2d20067afb8faec5bc7e5a3e529661c30e26d8d2457?s=96&d=mm&r=g\",\"url\":\"https:\\\/\\\/secure.gravatar.com\\\/avatar\\\/2f67341ceeaf55c022abc2d20067afb8faec5bc7e5a3e529661c30e26d8d2457?s=96&d=mm&r=g\",\"contentUrl\":\"https:\\\/\\\/secure.gravatar.com\\\/avatar\\\/2f67341ceeaf55c022abc2d20067afb8faec5bc7e5a3e529661c30e26d8d2457?s=96&d=mm&r=g\",\"caption\":\"Ewelina\"},\"description\":\"Ewelina Kwit-Betlej, tw\u00f3rca marki Resibo Resibo to moja odpowied\u017a na\u2026 moje w\u0142asne potrzeby. Postanowi\u0142am stworzy\u0107 w\u0142asn\u0105 mark\u0119 kosmetyczn\u0105. Naturaln\u0105, od pocz\u0105tku do ko\u0144ca ekologiczn\u0105, spe\u0142niaj\u0105c\u0105 oczekiwania nie tylko moje, ale te\u017c \u2013 jestem o tym przekonana \u2013 najbardziej wymagaj\u0105cych klientek. I oto jest \u2013 moja w\u0142asna kreacja\u2026 Bo \u017cycie JEST przygod\u0105.\",\"url\":\"https:\\\/\\\/resibo.pl\\\/blog\\\/author\\\/ewelina\\\/\"}]}<\/script>\n<!-- \/ Yoast SEO plugin. -->","yoast_head_json":{"title":"Energetyzuj\u0105ca esencja odm\u0142adzaj\u0105ca - najm\u0142odsze dziecko ju\u017c na \u015bwiecie! - Kosmetyki naturalne Resibo","robots":{"index":"index","follow":"follow","max-snippet":"max-snippet:-1","max-image-preview":"max-image-preview:large","max-video-preview":"max-video-preview:-1"},"canonical":"https:\/\/resibo.pl\/blog\/energetyzujaca-esencja-odmladzajaca-najmlodsze-dziecko-juz-swiecie\/","og_locale":"pl_PL","og_type":"article","og_title":"Energetyzuj\u0105ca esencja odm\u0142adzaj\u0105ca - najm\u0142odsze dziecko ju\u017c na \u015bwiecie! - Kosmetyki naturalne Resibo","og_description":"Nareszcie jest!\u00a0Nasze najm\u0142odsze dziecko &#8211; Energetyzuj\u0105ca esencja odm\u0142adzaj\u0105ca. Pracowali\u015bmy nad ni\u0105 baaaardzo d\u0142ugo.\u00a0Premiera by\u0142a\u00a0planowana na czerwiec, ale po drodze\u00a0mieli\u015bmy wiele\u00a0r\u00f3\u017cnych perypetii, kt\u00f3re kiedy\u015b na pewno b\u0119dziemy wspomina\u0107 ze \u015bmiechem. Dzisiaj po prostu cieszymy si\u0119, \u017ce mo\u017cemy Wam przedstawi\u0107\u00a0kosmetyk, kt\u00f3ry b\u0119dzie naprawd\u0119 mocnym\u00a0punktem dziennej piel\u0119gnacji. Ten kosmetyk powsta\u0142 z my\u015bl\u0105 o tym, jak wygl\u0105da nasza codzienno\u015b\u0107...","og_url":"https:\/\/resibo.pl\/blog\/energetyzujaca-esencja-odmladzajaca-najmlodsze-dziecko-juz-swiecie\/","og_site_name":"Kosmetyki naturalne Resibo","article_publisher":"http:\/\/facebook.com\/resiboPL","article_published_time":"2018-09-27T07:36:50+00:00","og_image":[{"width":1994,"height":2560,"url":"https:\/\/resibo.pl\/blog\/wp-content\/uploads\/2018\/09\/DSC_0882-scaled.jpg","type":"image\/jpeg"}],"author":"Ewelina","twitter_misc":{"Napisane przez":"Ewelina","Szacowany czas czytania":"4 minuty"},"schema":{"@context":"https:\/\/schema.org","@graph":[{"@type":"Article","@id":"https:\/\/resibo.pl\/blog\/energetyzujaca-esencja-odmladzajaca-najmlodsze-dziecko-juz-swiecie\/#article","isPartOf":{"@id":"https:\/\/resibo.pl\/blog\/energetyzujaca-esencja-odmladzajaca-najmlodsze-dziecko-juz-swiecie\/"},"author":{"name":"Ewelina","@id":"https:\/\/resibo.pl\/blog\/#\/schema\/person\/422edacdfc1793c9311a22b620e6201f"},"headline":"Energetyzuj\u0105ca esencja odm\u0142adzaj\u0105ca &#8211; najm\u0142odsze dziecko ju\u017c na \u015bwiecie!","datePublished":"2018-09-27T07:36:50+00:00","mainEntityOfPage":{"@id":"https:\/\/resibo.pl\/blog\/energetyzujaca-esencja-odmladzajaca-najmlodsze-dziecko-juz-swiecie\/"},"wordCount":761,"commentCount":1,"publisher":{"@id":"https:\/\/resibo.pl\/blog\/#organization"},"image":{"@id":"https:\/\/resibo.pl\/blog\/energetyzujaca-esencja-odmladzajaca-najmlodsze-dziecko-juz-swiecie\/#primaryimage"},"thumbnailUrl":"https:\/\/resibo.pl\/blog\/wp-content\/uploads\/2018\/09\/DSC_0882-scaled.jpg","articleSection":["O Resibo"],"inLanguage":"pl-PL","potentialAction":[{"@type":"CommentAction","name":"Comment","target":["https:\/\/resibo.pl\/blog\/energetyzujaca-esencja-odmladzajaca-najmlodsze-dziecko-juz-swiecie\/#respond"]}]},{"@type":"WebPage","@id":"https:\/\/resibo.pl\/blog\/energetyzujaca-esencja-odmladzajaca-najmlodsze-dziecko-juz-swiecie\/","url":"https:\/\/resibo.pl\/blog\/energetyzujaca-esencja-odmladzajaca-najmlodsze-dziecko-juz-swiecie\/","name":"Energetyzuj\u0105ca esencja odm\u0142adzaj\u0105ca - najm\u0142odsze dziecko ju\u017c na \u015bwiecie! - Kosmetyki naturalne Resibo","isPartOf":{"@id":"https:\/\/resibo.pl\/blog\/#website"},"primaryImageOfPage":{"@id":"https:\/\/resibo.pl\/blog\/energetyzujaca-esencja-odmladzajaca-najmlodsze-dziecko-juz-swiecie\/#primaryimage"},"image":{"@id":"https:\/\/resibo.pl\/blog\/energetyzujaca-esencja-odmladzajaca-najmlodsze-dziecko-juz-swiecie\/#primaryimage"},"thumbnailUrl":"https:\/\/resibo.pl\/blog\/wp-content\/uploads\/2018\/09\/DSC_0882-scaled.jpg","datePublished":"2018-09-27T07:36:50+00:00","breadcrumb":{"@id":"https:\/\/resibo.pl\/blog\/energetyzujaca-esencja-odmladzajaca-najmlodsze-dziecko-juz-swiecie\/#breadcrumb"},"inLanguage":"pl-PL","potentialAction":[{"@type":"ReadAction","target":["https:\/\/resibo.pl\/blog\/energetyzujaca-esencja-odmladzajaca-najmlodsze-dziecko-juz-swiecie\/"]}]},{"@type":"ImageObject","inLanguage":"pl-PL","@id":"https:\/\/resibo.pl\/blog\/energetyzujaca-esencja-odmladzajaca-najmlodsze-dziecko-juz-swiecie\/#primaryimage","url":"https:\/\/resibo.pl\/blog\/wp-content\/uploads\/2018\/09\/DSC_0882-scaled.jpg","contentUrl":"https:\/\/resibo.pl\/blog\/wp-content\/uploads\/2018\/09\/DSC_0882-scaled.jpg","width":1994,"height":2560},{"@type":"BreadcrumbList","@id":"https:\/\/resibo.pl\/blog\/energetyzujaca-esencja-odmladzajaca-najmlodsze-dziecko-juz-swiecie\/#breadcrumb","itemListElement":[{"@type":"ListItem","position":1,"name":"Strona g\u0142\u00f3wna","item":"https:\/\/resibo.pl\/blog\/"},{"@type":"ListItem","position":2,"name":"Energetyzuj\u0105ca esencja odm\u0142adzaj\u0105ca &#8211; najm\u0142odsze dziecko ju\u017c na \u015bwiecie!"}]},{"@type":"WebSite","@id":"https:\/\/resibo.pl\/blog\/#website","url":"https:\/\/resibo.pl\/blog\/","name":"Kosmetyki naturalne Resibo","description":"","publisher":{"@id":"https:\/\/resibo.pl\/blog\/#organization"},"potentialAction":[{"@type":"SearchAction","target":{"@type":"EntryPoint","urlTemplate":"https:\/\/resibo.pl\/blog\/?s={search_term_string}"},"query-input":{"@type":"PropertyValueSpecification","valueRequired":true,"valueName":"search_term_string"}}],"inLanguage":"pl-PL"},{"@type":"Organization","@id":"https:\/\/resibo.pl\/blog\/#organization","name":"Resibo","url":"https:\/\/resibo.pl\/blog\/","logo":{"@type":"ImageObject","inLanguage":"pl-PL","@id":"https:\/\/resibo.pl\/blog\/#\/schema\/logo\/image\/","url":"https:\/\/resibo.pl\/blog\/wp-content\/uploads\/2022\/02\/cropped-logo.png","contentUrl":"https:\/\/resibo.pl\/blog\/wp-content\/uploads\/2022\/02\/cropped-logo.png","width":274,"height":109,"caption":"Resibo"},"image":{"@id":"https:\/\/resibo.pl\/blog\/#\/schema\/logo\/image\/"},"sameAs":["http:\/\/facebook.com\/resiboPL","http:\/\/instagram.com\/resibobynature"]},{"@type":"Person","@id":"https:\/\/resibo.pl\/blog\/#\/schema\/person\/422edacdfc1793c9311a22b620e6201f","name":"Ewelina","image":{"@type":"ImageObject","inLanguage":"pl-PL","@id":"https:\/\/secure.gravatar.com\/avatar\/2f67341ceeaf55c022abc2d20067afb8faec5bc7e5a3e529661c30e26d8d2457?s=96&d=mm&r=g","url":"https:\/\/secure.gravatar.com\/avatar\/2f67341ceeaf55c022abc2d20067afb8faec5bc7e5a3e529661c30e26d8d2457?s=96&d=mm&r=g","contentUrl":"https:\/\/secure.gravatar.com\/avatar\/2f67341ceeaf55c022abc2d20067afb8faec5bc7e5a3e529661c30e26d8d2457?s=96&d=mm&r=g","caption":"Ewelina"},"description":"Ewelina Kwit-Betlej, tw\u00f3rca marki Resibo Resibo to moja odpowied\u017a na\u2026 moje w\u0142asne potrzeby. Postanowi\u0142am stworzy\u0107 w\u0142asn\u0105 mark\u0119 kosmetyczn\u0105. Naturaln\u0105, od pocz\u0105tku do ko\u0144ca ekologiczn\u0105, spe\u0142niaj\u0105c\u0105 oczekiwania nie tylko moje, ale te\u017c \u2013 jestem o tym przekonana \u2013 najbardziej wymagaj\u0105cych klientek. I oto jest \u2013 moja w\u0142asna kreacja\u2026 Bo \u017cycie JEST przygod\u0105.","url":"https:\/\/resibo.pl\/blog\/author\/ewelina\/"}]}},"_links":{"self":[{"href":"https:\/\/resibo.pl\/blog\/wp-json\/wp\/v2\/posts\/7596","targetHints":{"allow":["GET"]}}],"collection":[{"href":"https:\/\/resibo.pl\/blog\/wp-json\/wp\/v2\/posts"}],"about":[{"href":"https:\/\/resibo.pl\/blog\/wp-json\/wp\/v2\/types\/post"}],"author":[{"embeddable":true,"href":"https:\/\/resibo.pl\/blog\/wp-json\/wp\/v2\/users\/7"}],"replies":[{"embeddable":true,"href":"https:\/\/resibo.pl\/blog\/wp-json\/wp\/v2\/comments?post=7596"}],"version-history":[{"count":0,"href":"https:\/\/resibo.pl\/blog\/wp-json\/wp\/v2\/posts\/7596\/revisions"}],"wp:featuredmedia":[{"embeddable":true,"href":"https:\/\/resibo.pl\/blog\/wp-json\/wp\/v2\/media\/7597"}],"wp:attachment":[{"href":"https:\/\/resibo.pl\/blog\/wp-json\/wp\/v2\/media?parent=7596"}],"wp:term":[{"taxonomy":"category","embeddable":true,"href":"https:\/\/resibo.pl\/blog\/wp-json\/wp\/v2\/categories?post=7596"},{"taxonomy":"post_tag","embeddable":true,"href":"https:\/\/resibo.pl\/blog\/wp-json\/wp\/v2\/tags?post=7596"}],"curies":[{"name":"wp","href":"https:\/\/api.w.org\/{rel}","templated":true}]}}