{"id":7659,"date":"2019-01-23T10:10:03","date_gmt":"2019-01-23T09:10:03","guid":{"rendered":"https:\/\/resibo.pl\/blog\/?p=7659"},"modified":"2019-01-23T10:10:03","modified_gmt":"2019-01-23T09:10:03","slug":"kosmetyk-na-niedoskonalosci","status":"publish","type":"post","link":"https:\/\/resibo.pl\/blog\/kosmetyk-na-niedoskonalosci\/","title":{"rendered":"Kosmetyk na niedoskona\u0142o\u015bci"},"content":{"rendered":"<div class=\"vgblk-rw-wrapper limit-wrapper\">\n<h3>Cera z niedoskona\u0142o\u015bciami&#8230;<\/h3>\n<p>Je\u015bli j\u0105 masz, wiesz, co znaczy codzienne zmaganie si\u0119 z przet\u0142uszczaniem, stanami zapalnymi&#8230; W lustrze widzisz rozszerzone pory i nadmiernie b\u0142yszcz\u0105c\u0105 sk\u00f3r\u0119. A przecie\u017c nie takiego blasku chcia\u0142aby\u015b dla Twojej cery!\u00a0Ja te\u017c nie. Dlatego stworzy\u0142am\u00a0kosmetyk, kt\u00f3ry b\u0119dzie codziennym wsparciem cery borykaj\u0105cej si\u0119 z niedoskona\u0142o\u015bciami, ale tak\u017ce t\u0142ustej i mieszanej. Pomo\u017ce j\u0105 wyregulowa\u0107, nawil\u017cy\u0107 i ochroni\u0107. Odbuduje i odkryje jej naturalne pi\u0119kno. To idealny kosmetyk na niedoskona\u0142o\u015bci.<\/p>\n<h3>Nadmierne przet\u0142uszczanie &#8211; nie tylko u nastolatk\u00f3w<\/h3>\n<p>Wiele z nas ma \u015bwiadomo\u015b\u0107, \u017ce niedoskona\u0142o\u015bci czy nadmierne przet\u0142uszczanie si\u0119 sk\u00f3ry to nie tylko problem nastolatk\u00f3w. Sk\u00f3ra t\u0142usta p\u00f3\u017aniej si\u0119 starzeje, ale nie zawsze wygl\u0105da estetycznie. B\u0142yszczy si\u0119 i wida\u0107 na niej rozszerzone pory.<\/p>\n<p>Niewiele jest kobiet, kt\u00f3re mog\u0105 pochwali\u0107 si\u0119 cer\u0105 normaln\u0105. Mimo perfekcyjnej piel\u0119gnacji i dbania o sw\u00f3j organizm, wa\u017cny jest r\u00f3wnie\u017c czynnik genetyczny. U mnie osobi\u015bcie te\u017c ma on du\u017ce znaczenie, dlatego w niekt\u00f3rych momentach roku moja sk\u00f3ra bardziej przet\u0142uszcza si\u0119 w strefie T. By\u0142am bardzo zadowolona z mojej dotychczasowej piel\u0119gnacji, ale wykorzystanie do niej serum normalizuj\u0105cego sprawi\u0142o, \u017ce w czasie jego testowania otrzymywa\u0142am najwi\u0119cej komplement\u00f3w na temat sk\u00f3ry \ud83d\ude42 To idealny kosmetyk na niedoskona\u0142o\u015bci.<\/p>\n<h3><a href=\"ps:\/\/resibo.pl\/produkt\/43\/serum-normalizujace-kontrola-sebum-niedoskonalosc\">Serum normalizuj\u0105ce. Kontrola sebum + niedoskona\u0142o\u015bci Resibo<\/a><\/h3>\n<p>Jest to produkt, kt\u00f3ry \u015bmia\u0142o mo\u017cna stosowa\u0107 na ca\u0142\u0105 twarz, r\u00f3wnie\u017c pod makija\u017c. Przede wszystkim reguluje prac\u0119 gruczo\u0142\u00f3w \u0142ojowych, zmniejsza istniej\u0105ce niedoskona\u0142o\u015bci i zapobiega pojawianiu si\u0119 kolejnych. Uspokaja i koi sk\u00f3r\u0119. Pierwsze efekty ujarzmienia nadprodukcji sebum zobaczysz ju\u017c po kilku dniach stosowania. Zastosowali\u015bmy w nim rzadko spotykane substancje, jak ekstrakt z kwiat\u00f3w egipskiego lotosu b\u0142\u0119kitnego i indyjskiego lotosu orzechodajnego oraz skrobi z manioku. Jak r\u00f3wnie\u017c takie, kt\u00f3rych dzia\u0142anie przy sk\u00f3rach z niedoskona\u0142o\u015bciami jest doskonale znane i wielokrotnie potwierdzone, czyli azeloglicyna i niacynamid. Serum jest bardzo lekkie, ale r\u00f3wnie\u017c nawil\u017ca sk\u00f3r\u0119. Dla m\u0142odych os\u00f3b ze sk\u00f3r\u0105 t\u0142ust\u0105 mo\u017ce okaza\u0107 si\u0119 doskona\u0142ym zamiennikiem kremu, zw\u0142aszcza latem.<\/p>\n<p><a href=\"ps:\/\/resibo.pl\/produkt\/43\/serum-normalizujace-kontrola-sebum-niedoskonalosc\"><img fetchpriority=\"high\" decoding=\"async\" class=\"size-large wp-image-7662\" src=\"https:\/\/resibo.pl\/blog\/wp-content\/uploads\/2019\/01\/resibo_serum_normalizujace1-1024x1024.jpeg\" alt=\"\" width=\"1024\" height=\"1024\" srcset=\"https:\/\/resibo.pl\/blog\/wp-content\/uploads\/2019\/01\/resibo_serum_normalizujace1-1024x1024.jpeg 1024w, https:\/\/resibo.pl\/blog\/wp-content\/uploads\/2019\/01\/resibo_serum_normalizujace1-scaled-315x315.jpeg 315w, https:\/\/resibo.pl\/blog\/wp-content\/uploads\/2019\/01\/resibo_serum_normalizujace1-scaled-630x630.jpeg 630w, https:\/\/resibo.pl\/blog\/wp-content\/uploads\/2019\/01\/resibo_serum_normalizujace1-150x150.jpeg 150w, https:\/\/resibo.pl\/blog\/wp-content\/uploads\/2019\/01\/resibo_serum_normalizujace1-300x300.jpeg 300w, https:\/\/resibo.pl\/blog\/wp-content\/uploads\/2019\/01\/resibo_serum_normalizujace1-768x768.jpeg 768w, https:\/\/resibo.pl\/blog\/wp-content\/uploads\/2019\/01\/resibo_serum_normalizujace1-550x550.jpeg 550w\" sizes=\"(max-width: 1024px) 100vw, 1024px\" \/><\/a><\/p>\n<h3>Sebum pod kontrol\u0105<\/h3>\n<p>Po\u0142\u0105czenie azeloglicyny, skrobii z manioku, witamin B3 i E oraz ekstrakt\u00f3w z kwiat\u00f3w lotosu \u2013 egipskiego lotosu b\u0142\u0119kitnego oraz indyjskiego lotosu orzechodajnego \u2013 sprawia, \u017ce serum b\u0142yskawicznie radzi sobie z nadprodukcj\u0105 sebum, reguluje jego wydzielanie i niweluje skutki, takie jak nadmierne b\u0142yszczenie, przet\u0142uszczanie si\u0119 sk\u00f3ry w strefie T czy sk\u0142onno\u015b\u0107 do wyst\u0119powania stan\u00f3w zapalnych. Wspaniale radzi sobie z cer\u0105 tr\u0105dzikow\u0105, uspokajaj\u0105c j\u0105 i szybko oraz trwale zmniejszaj\u0105c, a przy regularnym stosowaniu \u2013 likwiduj\u0105c wypryski. Oto w\u0142a\u015bciwo\u015bci sk\u0142adnik\u00f3w:<\/p>\n<ul>\n<li>ekstrakty z kwiat\u00f3w egipskiego lotosu b\u0142\u0119kitnego i indyjskiego lotosu orzechodajnego zapewniaj\u0105 czysto\u015b\u0107 i blask sk\u00f3ry, zapobiegaj\u0105 wywo\u0142ywaniu procesu nadprodukcji sebum oraz procesom sprzyjaj\u0105cym powstawaniu niedoskona\u0142o\u015bci<\/li>\n<li>azeloglicyna kontroluje produkcj\u0119 sebum, dzia\u0142a przeciwtr\u0105dzikowo, wyg\u0142adzaj\u0105co i roz\u015bwietlaj\u0105co<\/li>\n<li>skrobia z manioku redukuje t\u0142usto\u015b\u0107 sk\u00f3ry, daj\u0105c jej matowe wyko\u0144czenie<\/li>\n<li>niacynamid, czyli witamina B3, reguluje prac\u0119 gruczo\u0142\u00f3w \u0142ojowych i proces rogowacenia nask\u00f3rka, jednocze\u015bnie zatrzymuje wod\u0119 w nask\u00f3rku, uelastycznia sk\u00f3r\u0119, wyg\u0142adza j\u0105 i roz\u015bwietla<\/li>\n<li>witamina E dzia\u0142a przeciwzapalnie i przyspiesza regeneracj\u0119<\/li>\n<\/ul>\n<h3>Nawil\u017canie i regeneracja<\/h3>\n<ul>\n<li>olej z czarnej porzeczki wzmacnia barier\u0119 lipidow\u0105, zapobiegaj\u0105c przeznask\u00f3rkowej utracie wody, a jednocze\u015bnie tworz\u0105c barier\u0119 chroni\u0105c\u0105 przed promieniowaniem s\u0142onecznym, zmniejsza zaczerwienienia i podra\u017cnienia sk\u00f3ry, a dodatkowo jest bogatym \u017ar\u00f3d\u0142em antyoksydant\u00f3w<\/li>\n<li>hialuronian sodu tworzy na powierzchni sk\u00f3ry barier\u0119 ochronn\u0105 zapobiegaj\u0105c\u0105 utracie wody i chroni\u0105c\u0105 przed podra\u017cnieniami, dodatkowo u\u0142atwia przenikanie substancji czynnych w g\u0142\u0105b sk\u00f3ry<\/li>\n<li>beta glukan pozyskany z owsa ma silne dzia\u0142anie regeneruj\u0105ce, zwi\u0119ksza poziom nawil\u017cenia sk\u00f3ry, poprawia jej elastyczno\u015b\u0107 i koloryt, koi oraz regeneruje, ponadto stymuluje produkc\u0119 kolagenu<\/li>\n<li>alantoina dzia\u0142a regeneruj\u0105co, u\u0142atwiaj\u0105c odbudow\u0119 uszkodzonego nask\u00f3rka, dodatkowo nawil\u017ca, zmi\u0119kcza i wyg\u0142adza sk\u00f3r\u0119<\/li>\n<\/ul>\n<h3>W zestawie taniej<\/h3>\n<p>\u017beby jeszcze bardziej wesprze\u0107 sk\u00f3r\u0119 z niedoskona\u0142o\u015bciami, przygotowali\u015bmy te\u017c dla Was ofert\u0119 specjaln\u0105 &#8211;\u00a0zestaw <a href=\"https:\/\/resibo.pl\/produkt\/44\/zestaw-perfect-skin-kontrola-sebum-niedoskonalosci\">Perfect Skin [kontrola sebum + niedoskona\u0142o\u015bci]<\/a>, przeznaczony specjalnie do piel\u0119gnacji takiej sk\u00f3ry. Po\u0142\u0105czyli\u015bmy w nim <a href=\"https:\/\/resibo.pl\/produkt\/2\/olejek-do-demakijazu\">olejek do demakija\u017cu<\/a>, kt\u00f3ry nie tylko oczyszcza sk\u00f3r\u0119, ale te\u017c wspaniale reguluje produkcj\u0119 sebum, oraz serum normalizuj\u0105ce, przeznaczone do sk\u00f3ry, sk\u0142onnej do niedoskona\u0142o\u015bci, przet\u0142uszczaj\u0105cej si\u0119 i wymagaj\u0105cej specjalistycznego wsparcia. Oczywi\u015bcie, w zestawie taniej \ud83d\ude42<\/p>\n<p>O wspania\u0142ym dzia\u0142aniu olej\u00f3w\u00a0na\u00a0cer\u0119 tr\u0105dzikow\u0105 mo\u017cecie przeczyta\u0107 w jednym z\u00a0artyku\u0142\u00f3w Magdy:<\/p>\n<blockquote class=\"wp-embedded-content\" data-secret=\"KA9OLZwFNt\"><p><a href=\"https:\/\/resibo.pl\/blog\/oleje-naturalne-ratunek-tradzikowej-skorze\/\">Oleje naturalne na ratunek tr\u0105dzikowej sk\u00f3rze<\/a><\/p><\/blockquote>\n<p><iframe class=\"wp-embedded-content\" sandbox=\"allow-scripts\" security=\"restricted\" style=\"position: absolute; clip: rect(1px, 1px, 1px, 1px);\" title=\"&#8222;Oleje naturalne na ratunek tr\u0105dzikowej sk\u00f3rze&#8221; &#8212; kosmetyki naturalne resibo\" src=\"https:\/\/resibo.pl\/blog\/oleje-naturalne-ratunek-tradzikowej-skorze\/embed\/#?secret=THPGavPaVE#?secret=KA9OLZwFNt\" data-secret=\"KA9OLZwFNt\" width=\"600\" height=\"338\" frameborder=\"0\" marginwidth=\"0\" marginheight=\"0\" scrolling=\"no\"><\/iframe><\/p>\n<h3 style=\"text-align: center;\">To idealny kosmetyk na niedoskona\u0142o\u015bci. Mam nadziej\u0119, \u017ce stanie si\u0119 ulubie\u0144cem wielu z Was \ud83d\ude42<\/h3>\n<\/div>\n<p><!-- .vgblk-rw-wrapper --><\/p>\n","protected":false},"excerpt":{"rendered":"<p>Cera z niedoskona\u0142o\u015bciami&#8230; Je\u015bli j\u0105 masz, wiesz, co znaczy codzienne zmaganie si\u0119 z przet\u0142uszczaniem, stanami zapalnymi&#8230; W lustrze widzisz rozszerzone pory i nadmiernie b\u0142yszcz\u0105c\u0105 sk\u00f3r\u0119. A przecie\u017c nie takiego blasku chcia\u0142aby\u015b dla Twojej cery!\u00a0Ja te\u017c nie. Dlatego stworzy\u0142am\u00a0kosmetyk, kt\u00f3ry b\u0119dzie codziennym wsparciem cery borykaj\u0105cej si\u0119 z niedoskona\u0142o\u015bciami, ale tak\u017ce t\u0142ustej i mieszanej. Pomo\u017ce j\u0105 wyregulowa\u0107,&#8230;<\/p>\n","protected":false},"author":7,"featured_media":7661,"comment_status":"open","ping_status":"open","sticky":false,"template":"","format":"standard","meta":{"footnotes":""},"categories":[39],"tags":[],"class_list":["post-7659","post","type-post","status-publish","format-standard","has-post-thumbnail","hentry","category-ewelina-o-resibo"],"yoast_head":"<!-- This site is optimized with the Yoast SEO plugin v27.5 - https:\/\/yoast.com\/product\/yoast-seo-wordpress\/ -->\n<title>Kosmetyk na niedoskona\u0142o\u015bci - Kosmetyki naturalne Resibo<\/title>\n<meta name=\"description\" content=\"Resibo kosmetyk na niedoskona\u0142o\u015bci, krem dla sk\u00f3ry t\u0142ustej, krem na tr\u0105dzik, najlepszy krem na tr\u0105dzik, jak poradzi\u0107 sobie z tr\u0105dzikiem, krem na wypryski\" \/>\n<meta name=\"robots\" content=\"index, follow, max-snippet:-1, max-image-preview:large, max-video-preview:-1\" \/>\n<link rel=\"canonical\" href=\"https:\/\/resibo.pl\/blog\/kosmetyk-na-niedoskonalosci\/\" \/>\n<meta property=\"og:locale\" content=\"pl_PL\" \/>\n<meta property=\"og:type\" content=\"article\" \/>\n<meta property=\"og:title\" content=\"Kosmetyk na niedoskona\u0142o\u015bci - Kosmetyki naturalne Resibo\" \/>\n<meta property=\"og:description\" content=\"Resibo kosmetyk na niedoskona\u0142o\u015bci, krem dla sk\u00f3ry t\u0142ustej, krem na tr\u0105dzik, najlepszy krem na tr\u0105dzik, jak poradzi\u0107 sobie z tr\u0105dzikiem, krem na wypryski\" \/>\n<meta property=\"og:url\" content=\"https:\/\/resibo.pl\/blog\/kosmetyk-na-niedoskonalosci\/\" \/>\n<meta property=\"og:site_name\" content=\"Kosmetyki naturalne Resibo\" \/>\n<meta property=\"article:publisher\" content=\"http:\/\/facebook.com\/resiboPL\" \/>\n<meta property=\"article:published_time\" content=\"2019-01-23T09:10:03+00:00\" \/>\n<meta property=\"og:image\" content=\"https:\/\/resibo.pl\/blog\/wp-content\/uploads\/2019\/01\/resibo_serum_normalizujace10.jpeg\" \/>\n\t<meta property=\"og:image:width\" content=\"2304\" \/>\n\t<meta property=\"og:image:height\" content=\"2304\" \/>\n\t<meta property=\"og:image:type\" content=\"image\/jpeg\" \/>\n<meta name=\"author\" content=\"Ewelina\" \/>\n<meta name=\"twitter:label1\" content=\"Napisane przez\" \/>\n\t<meta name=\"twitter:data1\" content=\"Ewelina\" \/>\n\t<meta name=\"twitter:label2\" content=\"Szacowany czas czytania\" \/>\n\t<meta name=\"twitter:data2\" content=\"4 minuty\" \/>\n<script type=\"application\/ld+json\" class=\"yoast-schema-graph\">{\"@context\":\"https:\\\/\\\/schema.org\",\"@graph\":[{\"@type\":\"Article\",\"@id\":\"https:\\\/\\\/resibo.pl\\\/blog\\\/kosmetyk-na-niedoskonalosci\\\/#article\",\"isPartOf\":{\"@id\":\"https:\\\/\\\/resibo.pl\\\/blog\\\/kosmetyk-na-niedoskonalosci\\\/\"},\"author\":{\"name\":\"Ewelina\",\"@id\":\"https:\\\/\\\/resibo.pl\\\/blog\\\/#\\\/schema\\\/person\\\/422edacdfc1793c9311a22b620e6201f\"},\"headline\":\"Kosmetyk na niedoskona\u0142o\u015bci\",\"datePublished\":\"2019-01-23T09:10:03+00:00\",\"mainEntityOfPage\":{\"@id\":\"https:\\\/\\\/resibo.pl\\\/blog\\\/kosmetyk-na-niedoskonalosci\\\/\"},\"wordCount\":837,\"commentCount\":0,\"publisher\":{\"@id\":\"https:\\\/\\\/resibo.pl\\\/blog\\\/#organization\"},\"image\":{\"@id\":\"https:\\\/\\\/resibo.pl\\\/blog\\\/kosmetyk-na-niedoskonalosci\\\/#primaryimage\"},\"thumbnailUrl\":\"https:\\\/\\\/resibo.pl\\\/blog\\\/wp-content\\\/uploads\\\/2019\\\/01\\\/resibo_serum_normalizujace10.jpeg\",\"articleSection\":[\"O Resibo\"],\"inLanguage\":\"pl-PL\",\"potentialAction\":[{\"@type\":\"CommentAction\",\"name\":\"Comment\",\"target\":[\"https:\\\/\\\/resibo.pl\\\/blog\\\/kosmetyk-na-niedoskonalosci\\\/#respond\"]}]},{\"@type\":\"WebPage\",\"@id\":\"https:\\\/\\\/resibo.pl\\\/blog\\\/kosmetyk-na-niedoskonalosci\\\/\",\"url\":\"https:\\\/\\\/resibo.pl\\\/blog\\\/kosmetyk-na-niedoskonalosci\\\/\",\"name\":\"Kosmetyk na niedoskona\u0142o\u015bci - Kosmetyki naturalne Resibo\",\"isPartOf\":{\"@id\":\"https:\\\/\\\/resibo.pl\\\/blog\\\/#website\"},\"primaryImageOfPage\":{\"@id\":\"https:\\\/\\\/resibo.pl\\\/blog\\\/kosmetyk-na-niedoskonalosci\\\/#primaryimage\"},\"image\":{\"@id\":\"https:\\\/\\\/resibo.pl\\\/blog\\\/kosmetyk-na-niedoskonalosci\\\/#primaryimage\"},\"thumbnailUrl\":\"https:\\\/\\\/resibo.pl\\\/blog\\\/wp-content\\\/uploads\\\/2019\\\/01\\\/resibo_serum_normalizujace10.jpeg\",\"datePublished\":\"2019-01-23T09:10:03+00:00\",\"description\":\"Resibo kosmetyk na niedoskona\u0142o\u015bci, krem dla sk\u00f3ry t\u0142ustej, krem na tr\u0105dzik, najlepszy krem na tr\u0105dzik, jak poradzi\u0107 sobie z tr\u0105dzikiem, krem na wypryski\",\"breadcrumb\":{\"@id\":\"https:\\\/\\\/resibo.pl\\\/blog\\\/kosmetyk-na-niedoskonalosci\\\/#breadcrumb\"},\"inLanguage\":\"pl-PL\",\"potentialAction\":[{\"@type\":\"ReadAction\",\"target\":[\"https:\\\/\\\/resibo.pl\\\/blog\\\/kosmetyk-na-niedoskonalosci\\\/\"]}]},{\"@type\":\"ImageObject\",\"inLanguage\":\"pl-PL\",\"@id\":\"https:\\\/\\\/resibo.pl\\\/blog\\\/kosmetyk-na-niedoskonalosci\\\/#primaryimage\",\"url\":\"https:\\\/\\\/resibo.pl\\\/blog\\\/wp-content\\\/uploads\\\/2019\\\/01\\\/resibo_serum_normalizujace10.jpeg\",\"contentUrl\":\"https:\\\/\\\/resibo.pl\\\/blog\\\/wp-content\\\/uploads\\\/2019\\\/01\\\/resibo_serum_normalizujace10.jpeg\",\"width\":2304,\"height\":2304,\"caption\":\"serum normalizuj\u0105ce resibo\"},{\"@type\":\"BreadcrumbList\",\"@id\":\"https:\\\/\\\/resibo.pl\\\/blog\\\/kosmetyk-na-niedoskonalosci\\\/#breadcrumb\",\"itemListElement\":[{\"@type\":\"ListItem\",\"position\":1,\"name\":\"Strona g\u0142\u00f3wna\",\"item\":\"https:\\\/\\\/resibo.pl\\\/blog\\\/\"},{\"@type\":\"ListItem\",\"position\":2,\"name\":\"Kosmetyk na niedoskona\u0142o\u015bci\"}]},{\"@type\":\"WebSite\",\"@id\":\"https:\\\/\\\/resibo.pl\\\/blog\\\/#website\",\"url\":\"https:\\\/\\\/resibo.pl\\\/blog\\\/\",\"name\":\"Kosmetyki naturalne Resibo\",\"description\":\"\",\"publisher\":{\"@id\":\"https:\\\/\\\/resibo.pl\\\/blog\\\/#organization\"},\"potentialAction\":[{\"@type\":\"SearchAction\",\"target\":{\"@type\":\"EntryPoint\",\"urlTemplate\":\"https:\\\/\\\/resibo.pl\\\/blog\\\/?s={search_term_string}\"},\"query-input\":{\"@type\":\"PropertyValueSpecification\",\"valueRequired\":true,\"valueName\":\"search_term_string\"}}],\"inLanguage\":\"pl-PL\"},{\"@type\":\"Organization\",\"@id\":\"https:\\\/\\\/resibo.pl\\\/blog\\\/#organization\",\"name\":\"Resibo\",\"url\":\"https:\\\/\\\/resibo.pl\\\/blog\\\/\",\"logo\":{\"@type\":\"ImageObject\",\"inLanguage\":\"pl-PL\",\"@id\":\"https:\\\/\\\/resibo.pl\\\/blog\\\/#\\\/schema\\\/logo\\\/image\\\/\",\"url\":\"https:\\\/\\\/resibo.pl\\\/blog\\\/wp-content\\\/uploads\\\/2022\\\/02\\\/cropped-logo.png\",\"contentUrl\":\"https:\\\/\\\/resibo.pl\\\/blog\\\/wp-content\\\/uploads\\\/2022\\\/02\\\/cropped-logo.png\",\"width\":274,\"height\":109,\"caption\":\"Resibo\"},\"image\":{\"@id\":\"https:\\\/\\\/resibo.pl\\\/blog\\\/#\\\/schema\\\/logo\\\/image\\\/\"},\"sameAs\":[\"http:\\\/\\\/facebook.com\\\/resiboPL\",\"http:\\\/\\\/instagram.com\\\/resibobynature\"]},{\"@type\":\"Person\",\"@id\":\"https:\\\/\\\/resibo.pl\\\/blog\\\/#\\\/schema\\\/person\\\/422edacdfc1793c9311a22b620e6201f\",\"name\":\"Ewelina\",\"image\":{\"@type\":\"ImageObject\",\"inLanguage\":\"pl-PL\",\"@id\":\"https:\\\/\\\/secure.gravatar.com\\\/avatar\\\/2f67341ceeaf55c022abc2d20067afb8faec5bc7e5a3e529661c30e26d8d2457?s=96&d=mm&r=g\",\"url\":\"https:\\\/\\\/secure.gravatar.com\\\/avatar\\\/2f67341ceeaf55c022abc2d20067afb8faec5bc7e5a3e529661c30e26d8d2457?s=96&d=mm&r=g\",\"contentUrl\":\"https:\\\/\\\/secure.gravatar.com\\\/avatar\\\/2f67341ceeaf55c022abc2d20067afb8faec5bc7e5a3e529661c30e26d8d2457?s=96&d=mm&r=g\",\"caption\":\"Ewelina\"},\"description\":\"Ewelina Kwit-Betlej, tw\u00f3rca marki Resibo Resibo to moja odpowied\u017a na\u2026 moje w\u0142asne potrzeby. Postanowi\u0142am stworzy\u0107 w\u0142asn\u0105 mark\u0119 kosmetyczn\u0105. Naturaln\u0105, od pocz\u0105tku do ko\u0144ca ekologiczn\u0105, spe\u0142niaj\u0105c\u0105 oczekiwania nie tylko moje, ale te\u017c \u2013 jestem o tym przekonana \u2013 najbardziej wymagaj\u0105cych klientek. I oto jest \u2013 moja w\u0142asna kreacja\u2026 Bo \u017cycie JEST przygod\u0105.\",\"url\":\"https:\\\/\\\/resibo.pl\\\/blog\\\/author\\\/ewelina\\\/\"}]}<\/script>\n<!-- \/ Yoast SEO plugin. -->","yoast_head_json":{"title":"Kosmetyk na niedoskona\u0142o\u015bci - Kosmetyki naturalne Resibo","description":"Resibo kosmetyk na niedoskona\u0142o\u015bci, krem dla sk\u00f3ry t\u0142ustej, krem na tr\u0105dzik, najlepszy krem na tr\u0105dzik, jak poradzi\u0107 sobie z tr\u0105dzikiem, krem na wypryski","robots":{"index":"index","follow":"follow","max-snippet":"max-snippet:-1","max-image-preview":"max-image-preview:large","max-video-preview":"max-video-preview:-1"},"canonical":"https:\/\/resibo.pl\/blog\/kosmetyk-na-niedoskonalosci\/","og_locale":"pl_PL","og_type":"article","og_title":"Kosmetyk na niedoskona\u0142o\u015bci - Kosmetyki naturalne Resibo","og_description":"Resibo kosmetyk na niedoskona\u0142o\u015bci, krem dla sk\u00f3ry t\u0142ustej, krem na tr\u0105dzik, najlepszy krem na tr\u0105dzik, jak poradzi\u0107 sobie z tr\u0105dzikiem, krem na wypryski","og_url":"https:\/\/resibo.pl\/blog\/kosmetyk-na-niedoskonalosci\/","og_site_name":"Kosmetyki naturalne Resibo","article_publisher":"http:\/\/facebook.com\/resiboPL","article_published_time":"2019-01-23T09:10:03+00:00","og_image":[{"width":2304,"height":2304,"url":"https:\/\/resibo.pl\/blog\/wp-content\/uploads\/2019\/01\/resibo_serum_normalizujace10.jpeg","type":"image\/jpeg"}],"author":"Ewelina","twitter_misc":{"Napisane przez":"Ewelina","Szacowany czas czytania":"4 minuty"},"schema":{"@context":"https:\/\/schema.org","@graph":[{"@type":"Article","@id":"https:\/\/resibo.pl\/blog\/kosmetyk-na-niedoskonalosci\/#article","isPartOf":{"@id":"https:\/\/resibo.pl\/blog\/kosmetyk-na-niedoskonalosci\/"},"author":{"name":"Ewelina","@id":"https:\/\/resibo.pl\/blog\/#\/schema\/person\/422edacdfc1793c9311a22b620e6201f"},"headline":"Kosmetyk na niedoskona\u0142o\u015bci","datePublished":"2019-01-23T09:10:03+00:00","mainEntityOfPage":{"@id":"https:\/\/resibo.pl\/blog\/kosmetyk-na-niedoskonalosci\/"},"wordCount":837,"commentCount":0,"publisher":{"@id":"https:\/\/resibo.pl\/blog\/#organization"},"image":{"@id":"https:\/\/resibo.pl\/blog\/kosmetyk-na-niedoskonalosci\/#primaryimage"},"thumbnailUrl":"https:\/\/resibo.pl\/blog\/wp-content\/uploads\/2019\/01\/resibo_serum_normalizujace10.jpeg","articleSection":["O Resibo"],"inLanguage":"pl-PL","potentialAction":[{"@type":"CommentAction","name":"Comment","target":["https:\/\/resibo.pl\/blog\/kosmetyk-na-niedoskonalosci\/#respond"]}]},{"@type":"WebPage","@id":"https:\/\/resibo.pl\/blog\/kosmetyk-na-niedoskonalosci\/","url":"https:\/\/resibo.pl\/blog\/kosmetyk-na-niedoskonalosci\/","name":"Kosmetyk na niedoskona\u0142o\u015bci - Kosmetyki naturalne Resibo","isPartOf":{"@id":"https:\/\/resibo.pl\/blog\/#website"},"primaryImageOfPage":{"@id":"https:\/\/resibo.pl\/blog\/kosmetyk-na-niedoskonalosci\/#primaryimage"},"image":{"@id":"https:\/\/resibo.pl\/blog\/kosmetyk-na-niedoskonalosci\/#primaryimage"},"thumbnailUrl":"https:\/\/resibo.pl\/blog\/wp-content\/uploads\/2019\/01\/resibo_serum_normalizujace10.jpeg","datePublished":"2019-01-23T09:10:03+00:00","description":"Resibo kosmetyk na niedoskona\u0142o\u015bci, krem dla sk\u00f3ry t\u0142ustej, krem na tr\u0105dzik, najlepszy krem na tr\u0105dzik, jak poradzi\u0107 sobie z tr\u0105dzikiem, krem na wypryski","breadcrumb":{"@id":"https:\/\/resibo.pl\/blog\/kosmetyk-na-niedoskonalosci\/#breadcrumb"},"inLanguage":"pl-PL","potentialAction":[{"@type":"ReadAction","target":["https:\/\/resibo.pl\/blog\/kosmetyk-na-niedoskonalosci\/"]}]},{"@type":"ImageObject","inLanguage":"pl-PL","@id":"https:\/\/resibo.pl\/blog\/kosmetyk-na-niedoskonalosci\/#primaryimage","url":"https:\/\/resibo.pl\/blog\/wp-content\/uploads\/2019\/01\/resibo_serum_normalizujace10.jpeg","contentUrl":"https:\/\/resibo.pl\/blog\/wp-content\/uploads\/2019\/01\/resibo_serum_normalizujace10.jpeg","width":2304,"height":2304,"caption":"serum normalizuj\u0105ce resibo"},{"@type":"BreadcrumbList","@id":"https:\/\/resibo.pl\/blog\/kosmetyk-na-niedoskonalosci\/#breadcrumb","itemListElement":[{"@type":"ListItem","position":1,"name":"Strona g\u0142\u00f3wna","item":"https:\/\/resibo.pl\/blog\/"},{"@type":"ListItem","position":2,"name":"Kosmetyk na niedoskona\u0142o\u015bci"}]},{"@type":"WebSite","@id":"https:\/\/resibo.pl\/blog\/#website","url":"https:\/\/resibo.pl\/blog\/","name":"Kosmetyki naturalne Resibo","description":"","publisher":{"@id":"https:\/\/resibo.pl\/blog\/#organization"},"potentialAction":[{"@type":"SearchAction","target":{"@type":"EntryPoint","urlTemplate":"https:\/\/resibo.pl\/blog\/?s={search_term_string}"},"query-input":{"@type":"PropertyValueSpecification","valueRequired":true,"valueName":"search_term_string"}}],"inLanguage":"pl-PL"},{"@type":"Organization","@id":"https:\/\/resibo.pl\/blog\/#organization","name":"Resibo","url":"https:\/\/resibo.pl\/blog\/","logo":{"@type":"ImageObject","inLanguage":"pl-PL","@id":"https:\/\/resibo.pl\/blog\/#\/schema\/logo\/image\/","url":"https:\/\/resibo.pl\/blog\/wp-content\/uploads\/2022\/02\/cropped-logo.png","contentUrl":"https:\/\/resibo.pl\/blog\/wp-content\/uploads\/2022\/02\/cropped-logo.png","width":274,"height":109,"caption":"Resibo"},"image":{"@id":"https:\/\/resibo.pl\/blog\/#\/schema\/logo\/image\/"},"sameAs":["http:\/\/facebook.com\/resiboPL","http:\/\/instagram.com\/resibobynature"]},{"@type":"Person","@id":"https:\/\/resibo.pl\/blog\/#\/schema\/person\/422edacdfc1793c9311a22b620e6201f","name":"Ewelina","image":{"@type":"ImageObject","inLanguage":"pl-PL","@id":"https:\/\/secure.gravatar.com\/avatar\/2f67341ceeaf55c022abc2d20067afb8faec5bc7e5a3e529661c30e26d8d2457?s=96&d=mm&r=g","url":"https:\/\/secure.gravatar.com\/avatar\/2f67341ceeaf55c022abc2d20067afb8faec5bc7e5a3e529661c30e26d8d2457?s=96&d=mm&r=g","contentUrl":"https:\/\/secure.gravatar.com\/avatar\/2f67341ceeaf55c022abc2d20067afb8faec5bc7e5a3e529661c30e26d8d2457?s=96&d=mm&r=g","caption":"Ewelina"},"description":"Ewelina Kwit-Betlej, tw\u00f3rca marki Resibo Resibo to moja odpowied\u017a na\u2026 moje w\u0142asne potrzeby. Postanowi\u0142am stworzy\u0107 w\u0142asn\u0105 mark\u0119 kosmetyczn\u0105. Naturaln\u0105, od pocz\u0105tku do ko\u0144ca ekologiczn\u0105, spe\u0142niaj\u0105c\u0105 oczekiwania nie tylko moje, ale te\u017c \u2013 jestem o tym przekonana \u2013 najbardziej wymagaj\u0105cych klientek. I oto jest \u2013 moja w\u0142asna kreacja\u2026 Bo \u017cycie JEST przygod\u0105.","url":"https:\/\/resibo.pl\/blog\/author\/ewelina\/"}]}},"_links":{"self":[{"href":"https:\/\/resibo.pl\/blog\/wp-json\/wp\/v2\/posts\/7659","targetHints":{"allow":["GET"]}}],"collection":[{"href":"https:\/\/resibo.pl\/blog\/wp-json\/wp\/v2\/posts"}],"about":[{"href":"https:\/\/resibo.pl\/blog\/wp-json\/wp\/v2\/types\/post"}],"author":[{"embeddable":true,"href":"https:\/\/resibo.pl\/blog\/wp-json\/wp\/v2\/users\/7"}],"replies":[{"embeddable":true,"href":"https:\/\/resibo.pl\/blog\/wp-json\/wp\/v2\/comments?post=7659"}],"version-history":[{"count":0,"href":"https:\/\/resibo.pl\/blog\/wp-json\/wp\/v2\/posts\/7659\/revisions"}],"wp:featuredmedia":[{"embeddable":true,"href":"https:\/\/resibo.pl\/blog\/wp-json\/wp\/v2\/media\/7661"}],"wp:attachment":[{"href":"https:\/\/resibo.pl\/blog\/wp-json\/wp\/v2\/media?parent=7659"}],"wp:term":[{"taxonomy":"category","embeddable":true,"href":"https:\/\/resibo.pl\/blog\/wp-json\/wp\/v2\/categories?post=7659"},{"taxonomy":"post_tag","embeddable":true,"href":"https:\/\/resibo.pl\/blog\/wp-json\/wp\/v2\/tags?post=7659"}],"curies":[{"name":"wp","href":"https:\/\/api.w.org\/{rel}","templated":true}]}}