{"id":7666,"date":"2019-01-30T15:03:14","date_gmt":"2019-01-30T14:03:14","guid":{"rendered":"https:\/\/resibo.pl\/blog\/?p=7666"},"modified":"2019-01-30T15:03:14","modified_gmt":"2019-01-30T14:03:14","slug":"kosmetyki-naturalne-7-mitow","status":"publish","type":"post","link":"https:\/\/resibo.pl\/blog\/kosmetyki-naturalne-7-mitow\/","title":{"rendered":"Kosmetyki naturalne. 7 mit\u00f3w"},"content":{"rendered":"<div class=\"vgblk-rw-wrapper limit-wrapper\">Kosmetyki naturalne ciesz\u0105 si\u0119 coraz wi\u0119ksz\u0105 popularno\u015bci\u0105. Dla\u00a0mnie osobi\u015bcie\u00a0to bardzo dobra wiadomo\u015b\u0107, bo bardzo mi zale\u017cy na tym, \u017ceby jak najwi\u0119cej os\u00f3b zacz\u0119\u0142o stosowa\u0107 zdrow\u0105, naturaln\u0105 piel\u0119gnacj\u0119. Wiem te\u017c jednak, \u017ce na pocz\u0105tku tej przygody\u00a0pojawia si\u0119 wiele pyta\u0144, a w dodatku, odk\u0105d\u00a0 trend na naturalno\u015b\u0107 sta\u0142 si\u0119 bardzo popularny, naros\u0142o wok\u00f3\u0142 niego wiele mit\u00f3w i dzi\u015b postanowi\u0142am je rozwia\u0107. B\u0119dzie d\u0142uuugo, ale obiecuj\u0119, \u017ce merytorycznie \ud83d\ude42<\/p>\n<h2>Mit 1: \u201eKosmetyki naturalne s\u0105 lepsze, poniewa\u017c nie powoduj\u0105 uczule\u0144\u201d<\/h2>\n<p><a href=\"https:\/\/resibo.pl\/kategoria\/17\/kosmetyki\">Kosmetyki naturalne<\/a> oczywi\u015bcie, jak dla mnie, s\u0105\u00a0lepsze, ale nie dlatego. Wszystko zale\u017cy od tego, NA CO jeste\u015bmy uczuleni, kt\u00f3ra z substancji powoduje alergie, poniewa\u017c mog\u0105 to by\u0107 zar\u00f3wno substancje naturalne, jak i syntetyczne.\u00a0Mo\u017ce by\u0107 to r\u00f3wnie dobrze substancja, kt\u00f3ra ma dzia\u0142anie \u0142agodz\u0105ce, ale je\u015bli jeste\u015bmy na ni\u0105 uczuleni, to wcale w taki spos\u00f3b nie b\u0119dzie dzia\u0142a\u0142a na\u00a0nasz\u0105 sk\u00f3r\u0119.\u00a0Podstaw\u0105 jest ustalenie, czy mamy sk\u00f3r\u0119 alergiczn\u0105, czy wra\u017cliw\u0105.<\/p>\n<p><a href=\"https:\/\/resibo.pl\/blog\/wp-content\/uploads\/2019\/01\/kosmetyki-naturalne-resibo-opaska.jpg\"><img fetchpriority=\"high\" decoding=\"async\" class=\"size-large wp-image-7670 aligncenter\" src=\"https:\/\/resibo.pl\/blog\/wp-content\/uploads\/2019\/01\/kosmetyki-naturalne-resibo-opaska-874x1024.jpg\" alt=\"kosmetyki naturalne resibo opaska\" width=\"874\" height=\"1024\" srcset=\"https:\/\/resibo.pl\/blog\/wp-content\/uploads\/2019\/01\/kosmetyki-naturalne-resibo-opaska-874x1024.jpg 874w, https:\/\/resibo.pl\/blog\/wp-content\/uploads\/2019\/01\/kosmetyki-naturalne-resibo-opaska-scaled-315x369.jpg 315w, https:\/\/resibo.pl\/blog\/wp-content\/uploads\/2019\/01\/kosmetyki-naturalne-resibo-opaska-scaled-630x738.jpg 630w, https:\/\/resibo.pl\/blog\/wp-content\/uploads\/2019\/01\/kosmetyki-naturalne-resibo-opaska-256x300.jpg 256w, https:\/\/resibo.pl\/blog\/wp-content\/uploads\/2019\/01\/kosmetyki-naturalne-resibo-opaska-768x900.jpg 768w\" sizes=\"(max-width: 874px) 100vw, 874px\" \/><\/a><\/p>\n<h3>Wra\u017cliwa sk\u00f3ra<\/h3>\n<p>b\u0119dzie reagowa\u0142a zaczerwienieniem\/podra\u017cnieniem na zmieniaj\u0105ca si\u0119 temperatur\u0119, na wod\u0119 czy w\u0142a\u015bnie na kosmetyki.\u00a0W\u00a0takim przypadku\u00a0wa\u017cne jest to, \u017ceby da\u0107 produktowi szans\u0119, poniewa\u017c z czasem te objawy ust\u0105pi\u0105, a\u00a0sk\u00f3ra b\u0119dzie ju\u017c p\u00f3\u017aniej dobrze reagowa\u0142a na dany kosmetyk.<\/p>\n<h3>Osoby z alergi\u0105<\/h3>\n<p>zareaguj\u0105 na dany sk\u0142adnik reakcj\u0105 obronn\u0105 ze strony organizmu. B\u0119dzie\u00a0ona najprawdopodobniej do\u015b\u0107 nag\u0142a i mo\u017ce by\u0107 to zaczerwienienie, podra\u017cnienie, wysypka, opuchni\u0119cie. Objawy mog\u0105 wygl\u0105da\u0107 bardzo r\u00f3\u017cnie i jest to kwestia indywidualna.\u00a0W przypadku alergii na jaki\u015b sk\u0142adnik bardzo wa\u017cne jest dowiedzenie si\u0119, CO nas uczula, bo bez tej wiedzy b\u0119dziemy testowali r\u00f3\u017cne produkty i przy ka\u017cdym kontakcie z tym sk\u0142adnikiem b\u0119dzie dok\u0142adnie ta sama sytuacja.<\/p>\n<p>Jednak\u00a0dobrze skomponowane kosmetyki naturalne maj\u0105 t\u0119 przewag\u0119 nad innymi, \u017ce zawieraj\u0105 takie ekstrakty, kt\u00f3re wzmacniaj\u0105 naturaln\u0105 ochron\u0119 sk\u00f3ry, dlatego nawet wra\u017cliwa\u00a0sk\u00f3ra wra\u017cliwa du\u017co lepiej reaguje na zawarte w nich substancje aktywne ni\u017c w przypadku innych kosmetyk\u00f3w.<\/p>\n<p>Je\u015bli problem nadwra\u017cliwo\u015bci dotyczy w\u0142a\u015bnie Ciebie, to w pierwszej kolejno\u015bci proponuj\u0119 Ci przyjrze\u0107 si\u0119 sposobowi oczyszczania Twojej sk\u00f3ry i tonizacji &#8211; czy czasami te produkty nie naruszaj\u0105 naturalnej warstwy hydrolipidowej?\u00a0Sprawd\u017a te\u017c, czy Twoje\u00a0kosmetyki nie zawieraj\u0105 agresywnych substancji myj\u0105cych, alkoholu albo czy nie s\u0105 dodatkowo perfumowane, bo mo\u017ce to dodatkowo uwra\u017cliwi\u0107 sk\u00f3r\u0119.<\/p>\n<h3>Je\u015bli mia\u0142abym poleci\u0107 Ci co\u015b z naszej oferty, to<\/h3>\n<p>w pierwszej kolejno\u015bci by\u0142by to na pewno <strong><a href=\"https:\/\/resibo.pl\/produkt\/2\/olejek-do-demakijazu\">olejek do demakija\u017cu<\/a><\/strong>.\u00a0Dba o takie oczyszczanie sk\u00f3ry, kt\u00f3re jest skuteczne, ale delikatne dla warstwy ochronnej.\u00a0W naszej ofercie znajdziesz tak\u017ce <a href=\"https:\/\/resibo.pl\/produkt\/31\/krem-ratunkowy-sos\"><strong>krem ratunkowy SOS<\/strong><\/a>, kt\u00f3ry\u00a0jest skierowany\u00a0tak\u017ce\u00a0do os\u00f3b z tak\u0105 cer\u0105. Polecam Ci r\u00f3wnie\u017c artyku\u0142 na blogu, do kt\u00f3rego link zamieszczam <a href=\"https:\/\/resibo.pl\/blog\/wrazliwa-czy-alergiczna-co-tak-naprawde-trapi-moja-skore\/\"><strong>TUTAJ<\/strong><\/a>. Poszerza temat nadwra\u017cliwo\u015bci i alergii.<\/p>\n<h2>Mit 2: &#8222;Kosmetyki naturalne\u00a0 mog\u0105 by\u0107 mniej skuteczne ni\u017c te konwencjonalne&#8221;<\/h2>\n<p>My\u015ble, \u017ce ten mit p\u0142ynie z tego, \u017ce cz\u0119sto kosmetyki naturalne s\u0105 kojarzone z\u00a0eliksirami z babcinej kuchni, podczas gdy te konwencjonalne kojarz\u0105 si\u0119 bardziej z zaawansowanymi technologiami.\u00a0W\u0142a\u015bcicielka jednej z zaprzyja\u017anionych z nami marek kosmetycznych, powiedzia\u0142a mi kiedy\u015b jedn\u0105 fajn\u0105 rzecz: &#8222;Zobacz, jak mn\u00f3stwo jest marek kosmetycznych, kt\u00f3re chwal\u0105 si\u0119 tym, \u017ce w ich sk\u0142adach jest olej migda\u0142owy, aloes\u00a0i inne sk\u0142adniki naturalne, kt\u00f3re cz\u0119sto znajduj\u0105 si\u0119 tam w \u015bladowych ilo\u015bciach, po to tylko, \u017ceby napisa\u0107 o nich na opakowaniu&#8221; ?\u00a0Natomiast nasze produkty sk\u0142adaj\u0105 si\u0119 tylko z takich sk\u0142adnik\u00f3w, kt\u00f3re dzia\u0142aj\u0105 i s\u0105 naturalne. Ale\u00a0zaawansowane technologie nie omijaj\u0105\u00a0kosmetyk\u00f3w naturalnych. \u015awietnym tego przyk\u0142adem jest jest sk\u0142adnik, kt\u00f3ry znajduje si\u0119 w <a href=\"https:\/\/resibo.pl\/produkt\/20\/specjalistyczny-balsam-wyszczuplajacy\"><strong>specjalistycznym balsamie wyszczuplaj\u0105cym<\/strong><\/a>:<\/p>\n<h4>LIPOUT<\/h4>\n<p>To ekstrakt z jednokom\u00f3rkowej algi Tisochrysis lutea pozyskiwany jest w warunkach laboratoryjnych. Alga jest hodowana w BIOfotoreaktorach, po to, \u017ceby nie narusza\u0107 dna oceanu i \u017ceby za ka\u017cdym razem sk\u0142adnik ten mia\u0142 identyczne dzia\u0142anie i dawa\u0142 powtarzalne efekty.<\/p>\n<p><a href=\"https:\/\/resibo.pl\/blog\/wp-content\/uploads\/2019\/01\/kosmetyki-naturalne-resibo-balsam-wyszczuplaja\u0328cy-1.jpg\"><img decoding=\"async\" class=\"aligncenter wp-image-7675 size-large\" src=\"https:\/\/resibo.pl\/blog\/wp-content\/uploads\/2019\/01\/kosmetyki-naturalne-resibo-balsam-wyszczuplaja\u0328cy-1-979x1024.jpg\" alt=\"kosmetyki naturalne resibo balsam wyszczuplaja\u0328cy\" width=\"979\" height=\"1024\" srcset=\"https:\/\/resibo.pl\/blog\/wp-content\/uploads\/2019\/01\/kosmetyki-naturalne-resibo-balsam-wyszczuplaja\u0328cy-1-979x1024.jpg 979w, https:\/\/resibo.pl\/blog\/wp-content\/uploads\/2019\/01\/kosmetyki-naturalne-resibo-balsam-wyszczuplaja\u0328cy-1-scaled-315x330.jpg 315w, https:\/\/resibo.pl\/blog\/wp-content\/uploads\/2019\/01\/kosmetyki-naturalne-resibo-balsam-wyszczuplaja\u0328cy-1-scaled-630x659.jpg 630w, https:\/\/resibo.pl\/blog\/wp-content\/uploads\/2019\/01\/kosmetyki-naturalne-resibo-balsam-wyszczuplaja\u0328cy-1-287x300.jpg 287w, https:\/\/resibo.pl\/blog\/wp-content\/uploads\/2019\/01\/kosmetyki-naturalne-resibo-balsam-wyszczuplaja\u0328cy-1-768x804.jpg 768w\" sizes=\"(max-width: 979px) 100vw, 979px\" \/><\/a><\/p>\n<p>Drugim takim wyra\u017anym przyk\u0142adem jest <a href=\"https:\/\/resibo.pl\/produkt\/7\/serum-naturalnie-wygladzajace\"><strong>serum naturalnie wyg\u0142adzaj\u0105ce<\/strong><\/a>.\u00a0Zawarty w nim ekstrakt z lawendy motylej relaksuje mi\u0119\u015bnie twarzy, wyg\u0142adzaj\u0105c tym samym zmarszczki, co przypomina dzia\u0142anie zbli\u017cone do botoksu. Natomiast drugi sk\u0142adnik&#8230;<\/p>\n<h4><strong>LAKESIS<\/strong><\/h4>\n<p>To sk\u0142adnik pozyskiwany z \u017cywicy endemicznego drzewa pistacjowego (tzw. \u0142ez), kt\u00f3ry pobudza produkcj\u0119 bia\u0142ek m\u0142odo\u015bci w sk\u00f3rze, co pozytywnie wp\u0142ywa na jej zag\u0119szczenie.<\/p>\n<p>Tak naprawd\u0119 w ka\u017cdym produkcie zamieszczamy sk\u0142adniki zaawansowane technologicznie, w\u0142a\u015bnie po to, \u017ceby nasze produkty by\u0142y jak najbardziej skuteczne. Bardzo utkwi\u0142a mi w g\u0142owie korespondencja sprzed oko\u0142o dw\u00f3ch lat z pewn\u0105 dziewczyn\u0105. Kupi\u0142a set naszych produkt\u00f3w i by\u0142a bardzo zaskoczona rezultatami, bo wcze\u015bniej u\u017cywa\u0142a jedynie krem\u00f3w, kt\u00f3re by\u0142y bardzo drogie. Wed\u0142ug niej najdro\u017csze produkty mia\u0142y dzia\u0142a\u0107 najlepiej i zapewnia\u0107 najlepsz\u0105 jako\u015b\u0107. Natomiast kiedy wypr\u00f3bowa\u0142a Resibo, by\u0142a bardzo zaskoczona rezultatami i wiem, \u017ce do tej pory jest sta\u0142\u0105 klientk\u0105 i ca\u0142y czas ma na p\u00f3\u0142ce nasze kosmetyki\u00a0?<\/p>\n<h2>Mit 3. &#8222;Kosmetyki naturalne s\u0105 bezpieczniejsze, poniewa\u017c nie zawieraj\u0105 konserwant\u00f3w&#8221;<\/h2>\n<p>Ot\u00f3\u017c kosmetyki naturalne r\u00f3wnie\u017c powinny by\u0107 zakonserwowane. Dlaczego?\u00a0Ka\u017cdy produkt kosmetyczny, \u017ceby by\u0142 bezpieczny do stosowania i \u017ceby nie rozwija\u0142y si\u0119 w nim \u017cadne mikroorganizmy typu bakterie, ple\u015b\u0144, grzyby, musi by\u0107 zakonserwowany.\u00a0 Zw\u0142aszcza kosmetyk, kt\u00f3ry jest na bazie wody, hydrolatu czy jakiej\u015b wody kwiatowej, poniewa\u017c w \u015brodowisku wodnym najszybciej rozwijaj\u0105 si\u0119 mikroorganizmy. W zwi\u0105zku z tym im wi\u0119cej tej wody jest w \u015brodku, tym wi\u0119cej trzeba u\u017cy\u0107 konserwantu. Kosmetyki na bazie wody\u00a0to r\u00f3\u017cnego rodzaju kremy, emulsje, mleczka, od\u017cywki, szampony, \u017cele do mycia itp.<\/p>\n<p><a href=\"https:\/\/resibo.pl\/blog\/wp-content\/uploads\/2019\/01\/kosmetyki-naturalne-resibo-\u0142azienka.jpg\"><img decoding=\"async\" class=\"alignleft size-large wp-image-7674\" src=\"https:\/\/resibo.pl\/blog\/wp-content\/uploads\/2019\/01\/kosmetyki-naturalne-resibo-\u0142azienka-1024x558.jpg\" alt=\"\" width=\"1024\" height=\"558\" srcset=\"https:\/\/resibo.pl\/blog\/wp-content\/uploads\/2019\/01\/kosmetyki-naturalne-resibo-\u0142azienka-1024x558.jpg 1024w, https:\/\/resibo.pl\/blog\/wp-content\/uploads\/2019\/01\/kosmetyki-naturalne-resibo-\u0142azienka-scaled-315x172.jpg 315w, https:\/\/resibo.pl\/blog\/wp-content\/uploads\/2019\/01\/kosmetyki-naturalne-resibo-\u0142azienka-scaled-630x343.jpg 630w, https:\/\/resibo.pl\/blog\/wp-content\/uploads\/2019\/01\/kosmetyki-naturalne-resibo-\u0142azienka-300x163.jpg 300w, https:\/\/resibo.pl\/blog\/wp-content\/uploads\/2019\/01\/kosmetyki-naturalne-resibo-\u0142azienka-768x418.jpg 768w\" sizes=\"(max-width: 1024px) 100vw, 1024px\" \/><\/a><\/p>\n<h3>Konserwanty a kosmetyki naturalne<\/h3>\n<p>Wa\u017cne jest, \u017ceby dobra\u0107 odpowiedni rodzaj konserwantu, kt\u00f3ry b\u0119dzie delikatny. My u\u017cywamy takich, kt\u00f3re s\u0105 zaaprobowane przez organizacje ECOCERT do stosowania w kosmetykach naturalnych. S\u0105 to te\u017c konserwanty, kt\u00f3re s\u0105 u\u017cywane w produktach spo\u017cywczych, a wi\u0119c bardzo bezpieczne.\u00a0Jednocze\u015bnie stosujemy je\u00a0ilo\u015bciach\u00a0minimalnych, niezb\u0119dnych do tego, \u017ceby kosmetyk pozosta\u0142 \u015bwie\u017cy przez ca\u0142y czas u\u017cytkowania, dlatego znajdziecie je na samym ko\u0144cu w sk\u0142adzie. Ilo\u015b\u0107 u\u017cytego konserwantu determinowana jest te\u017c rodzajem\u00a0opakowania kosmetyku.\u00a0Je\u015bli opakowanie ogranicza dost\u0119p do \u015brodka powietrza czy jakichkolwiek mikroorganizm\u00f3w, np. z naszych r\u0105k, to wtedy mo\u017cemy mniej produkt zakonserwowa\u0107. Najgorzej w tym wypadku sprawdzaj\u0105 si\u0119 s\u0142oiki.\u00a0Zupe\u0142nie innym przypadkiem s\u0105 formu\u0142y olejowe, poniewa\u017c w tego typu formu\u0142ach ska\u017cenie mikrobiologiczne jest bardzo ma\u0142o prawdopodobne, w zwi\u0105zku z tym zazwyczaj do zakonserwowania takich produkt\u00f3w wystarczy tylko witamina E.<\/p>\n<h2>Mit 4. \u201eNajlepiej jest u\u017cywa\u0107 kosmetyk\u00f3w, kt\u00f3re s\u0105 w 100% naturalne\u201d<\/h2>\n<p>Tak jak wspomnia\u0142am wy\u017cej, ka\u017cdy kosmetyk, kt\u00f3ry zawiera w sobie wod\u0119, hydrolat, wod\u0119 ro\u015blinn\u0105, musi by\u0107 zakonserwowany, bo w takim \u015brodowisku najszybciej rozwijaj\u0105 si\u0119 mikroorganizmy.\u00a0Czyli je\u015bli mamy do czynienia z kosmetykami, kt\u00f3re maj\u0105 form\u0119 np. olejku czy mas\u0142a do cia\u0142a i nie maj\u0105 w swoim sk\u0142adzie wody\u00a0ani podobnych substancji, to mo\u017cemy m\u00f3wi\u0107 o kosmetykach naturalnych w 100%. Ale te\u017c nie\u00a0ka\u017cdym przypadku. Nawet oleje mog\u0105 si\u0119 okaza\u0107 zakonserwowane\u00a0i warto takie rzeczy sprawdza\u0107, natomiast je\u015bli producent \u017congluje na prawo i lewo sloganem \u201e100% natury\u201d, by\u0142abym ostro\u017cna\u00a0?<\/p>\n<h3>Same konserwanty r\u00f3wnie\u017c mog\u0105 by\u0107 naturalne<\/h3>\n<p><img loading=\"lazy\" decoding=\"async\" class=\"alignleft wp-image-7668 size-medium\" src=\"https:\/\/resibo.pl\/blog\/wp-content\/uploads\/2019\/01\/5904730627443_2-300x300.png\" alt=\"kosmetyki naturalne miejski krem ochronny resibo\" width=\"300\" height=\"300\" srcset=\"https:\/\/resibo.pl\/blog\/wp-content\/uploads\/2019\/01\/5904730627443_2-300x300.png 300w, https:\/\/resibo.pl\/blog\/wp-content\/uploads\/2019\/01\/5904730627443_2-315x315.png 315w, https:\/\/resibo.pl\/blog\/wp-content\/uploads\/2019\/01\/5904730627443_2-630x630.png 630w, https:\/\/resibo.pl\/blog\/wp-content\/uploads\/2019\/01\/5904730627443_2-150x150.png 150w, https:\/\/resibo.pl\/blog\/wp-content\/uploads\/2019\/01\/5904730627443_2-768x768.png 768w, https:\/\/resibo.pl\/blog\/wp-content\/uploads\/2019\/01\/5904730627443_2-1024x1024.png 1024w, https:\/\/resibo.pl\/blog\/wp-content\/uploads\/2019\/01\/5904730627443_2-550x550.png 550w, https:\/\/resibo.pl\/blog\/wp-content\/uploads\/2019\/01\/5904730627443_2.png 1920w\" sizes=\"(max-width: 300px) 100vw, 300px\" \/><\/p>\n<p>Tak jest np. z witamin\u0105 E, kt\u00f3ra zabezpiecza nasz <a href=\"https:\/\/resibo.pl\/produkt\/2\/olejek-do-demakijazu\"><strong>olejek do demakija\u017cu<\/strong><\/a> i <a href=\"https:\/\/resibo.pl\/produkt\/7\/serum-naturalnie-wygladzajace\"><strong>serum<\/strong><\/a>. Mog\u0105 to by\u0107 r\u00f3wnie\u017c r\u00f3\u017cnego rodzaju olejki eteryczne, ale z tymi radzi\u0142abym uwa\u017ca\u0107, bo mog\u0105 powodowa\u0107 podra\u017cnienia.\u00a0Natomiast one i tak nie s\u0105 wystarczaj\u0105ce do tego, \u017ceby zakonserwowa\u0107 kosmetyki, kt\u00f3re maj\u0105 w swoim sk\u0142adzie wod\u0119 lub jej podobne.<\/p>\n<p>Zdarza si\u0119 bardzo cz\u0119sto, ze producenci naci\u0105ga troch\u0119 prawd\u0119 i mimo tego, \u017ce maj\u0105 naturalne sk\u0142ady, kt\u00f3re s\u0105 naprawd\u0119 bardzo dobre, m\u00f3wi\u0105 o swoich kosmetykach, \u017ce s\u0105 w 100% naturalne, mimo \u017ce tak nie jest.\u00a0Wystarczy zerkn\u0105\u0107 w sk\u0142ad, \u017ceby si\u0119 przekona\u0107, \u017ce to po prostu nie jest prawda.<\/p>\n<h3>Dlatego ja postanowi\u0142am<\/h3>\n<p>\u017ce na ka\u017cdym opakowaniu b\u0119dziecie mieli dok\u0142adn\u0105 informacj\u0119, jak wiele substancji naturalnych znajdziesz w danym produkcie.\u00a0Sp\u00f3jrz na zdj\u0119cie miejskiego kremu ochronnego. Zawiera on\u00a098,3% substancji naturalnych. Ka\u017cdy produkt na odwrocie etykiety ma napisan\u0105 zawarto\u015b\u0107 sk\u0142adnik\u00f3w naturalnych. Autentyczno\u015b\u0107 przede wszystkim\u00a0?<\/p>\n<h2>Mit 5. \u201eKosmetyki naturalne trzeba przechowywa\u0107 w lod\u00f3wce\u201d<\/h2>\n<p>Absolutnie nie ma takiej konieczno\u015bci, chyba \u017ce producent b\u0119dzie wyra\u017anie zaleca\u0142 przechowywanie kosmetyk\u00f3w w lod\u00f3wce na opakowaniu. Zazwyczaj s\u0105 to produkty, kt\u00f3re maj\u0105 ma\u0142o konserwant\u00f3w, kr\u00f3tk\u0105 dat\u0119 wa\u017cno\u015bci i dla \u015bwie\u017co\u015bci trzeba je tam trzyma\u0107.<\/p>\n<p>Ale czasem po prostu warto trzyma\u0107 kosmetyk w lod\u00f3wce. Na przyk\u0142ad je\u015bli Twoj\u0105 zmor\u0105 s\u0105 opuchlizny, worki pod oczami, nabrzmia\u0142a twarz od samego rana, to polecam Ci przechowywa\u0107 swoje kremy, esencje, a zw\u0142aszcza krem pod oczy\u00a0w lod\u00f3wce.<\/p>\n<h2>Mit 6.\u00a0Po zmianie sposobu oczyszczania twarzy na oleje do demakija\u017cu sk\u00f3ra &#8222;oczyszcza si\u0119&#8221;<\/h2>\n<p>Sam proces oczyszczania si\u0119 sk\u00f3ry nie jest mitem, natomiast jego wyja\u015bnienie, kt\u00f3re pojawia si\u0119 w Internecie &#8211; ju\u017c tak. Znajdziesz w nim mn\u00f3stwo informacji, kt\u00f3re t\u0142umacz\u0105 wysyp niedoskona\u0142o\u015bci po zastosowaniu olej\u00f3w do demakija\u017cu jako pozbywanie si\u0119 przez sk\u00f3r\u0119 substancji toksycznych, kt\u00f3re wcze\u015bniej otrzymywa\u0142a\u00a0z r\u00f3\u017cnych kosmetyk\u00f3w syntetycznych. Dalej &#8211; \u017ce olejek jako bardzo g\u0142\u0119boka forma oczyszczania sk\u00f3ry pomaga pozby\u0107 si\u0119 tych toksyn, a sk\u00f3ra wyrzuca je z siebie i pokazuj\u0105 si\u0119 niedoskona\u0142o\u015bci. To nieprawda!<\/p>\n<h3>A jak jest naprawd\u0119?<\/h3>\n<p>Z tego, co my obserwujemy i wyci\u0105gamy wnioski z rozm\u00f3w z naszymi klientkami, to rzeczywi\u015bcie taki wysyp mo\u017ce si\u0119 pojawia\u0107 po zmianie sposobu oczyszczania, na szcz\u0119\u015bcie u niewielkiej ilo\u015bci os\u00f3b.\u00a0Nie mam dok\u0142adnych statystyk, natomiast z moich obserwacji wynika, \u017ce mo\u017ce 1-2% os\u00f3b zmaga si\u0119 z wysypem po zmianie sposobu oczyszczania. Teraz najwa\u017cniejsze &#8211; z czego on tak naprawd\u0119 wynika?<\/p>\n<p>Wynika to ze zmienionej pracy naszych gruczo\u0142\u00f3w \u0142ojowych. Oczyszczanie olejkiem, mimo \u017ce delikatne, jest naprawd\u0119 bardzo efektywne. Niemniej jednak nasze gruczo\u0142y \u0142ojowe musz\u0105 si\u0119 do tego sposobu oczyszczania przyzwyczai\u0107.\u00a0I w\u0142a\u015bnie w tym okresie przej\u015bciowym, kiedy zmieniamy spos\u00f3b oczyszczania z\u00a0dotychczasowego na\u00a0nowy, olejowy, mog\u0105 pracowa\u0107 intensywniej. Ale bez obaw &#8211; za jaki\u015b czas wr\u00f3c\u0105 do normalnego trybu i b\u0119d\u0105 dzia\u0142a\u0107 zupe\u0142nie normalnie.<\/p>\n<h2>I czym to si\u0119 objawia?<\/h2>\n<p>Po oko\u0142o 1-2 tygodniach od wprowadzenia zmiany zaczynaj\u0105 si\u0119 pojawia\u0107 niedoskona\u0142o\u015bci, kt\u00f3re znikn\u0105 po oko\u0142o 2 tygodniach do\u00a0maksymalnie miesi\u0105ca i ju\u017c nigdy wi\u0119cej nie powr\u00f3c\u0105 na nasz\u0105 twarz\u00a0?Taka sytuacja mo\u017ce wyst\u0105pi\u0107 nie tylko po zmianie sposobu oczyszczania. Mo\u017cemy j\u0105 zaobserwowa\u0107 r\u00f3wnie\u017c wtedy, kiedy np. u\u017cywamy na co dzie\u0144 tylko krem\u00f3w\/emulsji do twarzy i wprowadzamy np. serum olejowe.\u00a0To r\u00f3wnie\u017c mo\u017ce wp\u0142yn\u0105\u0107 na prac\u0119 gruczo\u0142\u00f3w \u0142ojowych.<\/p>\n<h3>Wa\u017cna informacja<\/h3>\n<p>Jak odr\u00f3\u017cni\u0107 to, czy jest to po prostu zmiana pracy gruczo\u0142\u00f3w \u0142ojowych, czy jest to reakcja alergiczna lub uwra\u017cliwienie na jaki\u015b sk\u0142adnik? Ot\u00f3\u017c reakcja alergiczna powinna pojawi\u0107 si\u0119 do\u015b\u0107 szybko, nawet po pierwszym u\u017cyciu preparatu i nawet natychmiast. B\u0119dzie si\u0119 pojawia\u0107 za ka\u017cdym razem, kiedy b\u0119dziesz danego sk\u0142adnika uczulaj\u0105cego u\u017cywa\u0107.<\/p>\n<p>Natomiast je\u015bli na Twojej sk\u00f3rze pojawi si\u0119 na zaczerwienienie lub podra\u017cnienie, kt\u00f3re przy kolejnych u\u017cyciach b\u0119dzie si\u0119 stopniowo zmniejsza\u0142o, to znaczy, \u017ce dany preparat troch\u0119 uwra\u017cliwia sk\u00f3r\u0119 i mo\u017ce by\u0107 to\u00a0kwestia du\u017cej ilo\u015bci\u00a0substancji aktywnych. Je\u015bli wcze\u015bniej u\u017cywa\u0142a\u015b kosmetyk\u00f3w typowo drogeryjnych, kt\u00f3re nie maj\u0105 tak bogatego sk\u0142adu, i zmieni\u0142a\u015b na takie, kt\u00f3re maj\u0105 mn\u00f3stwo substancji aktywnych, to sk\u00f3ra mo\u017ce zareagowa\u0107 w ten spos\u00f3b i po prostu trzeba jej da\u0107 czas, \u017ceby si\u0119 przyzwyczai\u0142a.<\/p>\n<h2>Mit 6. Im kr\u00f3tszy sk\u0142ad w kosmetyku, tym lepiej<\/h2>\n<p>Ten mit kr\u00f3lowa\u0142 kilka lat temu w Internecie. Wydaje mi si\u0119, \u017ce ludzie zacz\u0119li mie\u0107 do\u015b\u0107 du\u017cych ilo\u015bci polepszaczy wyst\u0119puj\u0105cych w kosmetykach, kt\u00f3re nie dawa\u0142y tak naprawd\u0119 nic warto\u015bciowego dla sk\u00f3ry, a jedyne z\u0142udne wra\u017cenie polegaj\u0105ce na przyk\u0142ad na tym, \u017ce sk\u00f3ra wydaje si\u0119 bardziej wyg\u0142adzona, zmarszczki s\u0105 troch\u0119 wype\u0142nione, mamy lepsz\u0105 konsystencj\u0119, czujemy wi\u0119kszy efekt od\u015bwie\u017cenia\/orze\u017awienia na sk\u00f3rze.\u00a0Niestety,\u00a0poza w\u0142a\u015bnie takimi efektami natychmiastowym i takimi, kt\u00f3re maj\u0105 znaczenie przy pierwszym kontakcie z produktem, one nie wnosz\u0105 zazwyczaj jakich\u015b warto\u015bci piel\u0119gnacyjnych. Wr\u0119cz przeciwnie &#8211; troch\u0119 szkodz\u0105 sk\u00f3rze.<\/p>\n<p>My\u015ble, \u017ce w\u0142a\u015bnie dlatego mi\u0119dzy innymi pojawi\u0142 si\u0119 zwrot ku produktom, kt\u00f3re maj\u0105 kr\u00f3tkie sk\u0142ady albo wr\u0119cz ku produktom jednosk\u0142adnikowym, jak np. olej kokosowy, arganowy, z pestek malin czy r\u00f3\u017cne hydrolaty.\u00a0Teraz pojawia si\u0119 pytanie, czy ten kr\u00f3tszy sk\u0142ad rzeczywi\u015bcie jest lepszy, czy niekoniecznie.<\/p>\n<h3>Pokarm dla sk\u00f3ry<\/h3>\n<p>Ja traktuj\u0119 kosmetyki jak pokarm dla sk\u00f3ry i moim odczuciu powinny one by\u0107 jak zr\u00f3\u017cnicowana dieta, kt\u00f3ra dostarcza wszystkich substancji od\u017cywczych naszemu cia\u0142u.\u00a0Je\u015bli na przyk\u0142ad na ka\u017cdy posi\u0142ek dnia b\u0119dziemy je\u015b\u0107 tylko pomidory, to mimo tego, \u017ce s\u0105 bardzo zdrowe, nie dostarczymy naszemu cia\u0142u wszystkich substancji od\u017cywczych, kt\u00f3rych ono potrzebuje.\u00a0Takie samo\u00a0podej\u015bcie mam do sk\u00f3ry. Moim zdaniem lepsza jest wielosk\u0142adnikowa dieta dla sk\u00f3ry, bo dzi\u0119ki temu\u00a0stymuluje\u00a0j\u0105 do regeneracji, do odbudowy na wiele r\u00f3\u017cnych sposob\u00f3w. Tak samo, \u017ceby j\u0105 nawil\u017ca\u0107 r\u00f3\u017cnymi drogami. I dlatego moim zdaniem ta piel\u0119gnacja wielosk\u0142adnikowa jest o wiele bardziej efektywna i zdrowa.<\/p>\n<p>Ale wa\u017cne jest te\u017c, \u017ceby ten sk\u0142ad by\u0142 po prostu bardzo przemy\u015blany. \u017beby ka\u017cdy sk\u0142adnik, kt\u00f3ry si\u0119 w nim znajduje, spe\u0142nia\u0142 swoj\u0105 funkcj\u0119, kt\u00f3ra jest bardzo wa\u017cna z punktu widzenia piel\u0119gnacyjnego, ale te\u017c bezpiecze\u0144stwa kosmetyku.<\/p>\n<p>Podsumowuj\u0105c my\u015bl\u0119, \u017ce nie ma co ocenia\u0107 kosmetyku po d\u0142ugo\u015bci jego sk\u0142adu. Trzeba po prostu bardziej si\u0119 w ten sk\u0142ad zag\u0142\u0119bi\u0107 lub po prostu mie\u0107 zaufanie i przekonanie do marki,\u00a0jej warto\u015bci i skuteczno\u015bci produkt\u00f3w danego producenta. Co do kosmetyk\u00f3w jednosk\u0142adnikowych my\u015bl\u0119, \u017ce w tym przypadku skorzystaj\u0105 na nich zw\u0142aszcza osoby, kt\u00f3re s\u0105 bardzo podatne na uczulenia, kt\u00f3re reaguj\u0105 alergicznie na wszystko, co si\u0119 da.\u00a0Je\u015bli bowiem oka\u017ce si\u0119, \u017ce\u00a0 Twoja sk\u00f3ra reaguje ja co\u015b alergicznie, to \u0142atwo jest wykry\u0107 t\u0119 substancje, kt\u00f3ra szkodzi. W przypadku wielosk\u0142adnikowych produkt\u00f3w jest to o wiele trudniejsze.<\/p>\n<h2>Mit 7. Kosmetyki naturalne z manufaktury s\u0105 lepsze<\/h2>\n<p>Dlaczego w og\u00f3le poruszam ten temat? Bo z jednej strony\u00a0jest wiele manufaktur r\u0119cznych, kt\u00f3re s\u0105 bardzo rzetelne, maj\u0105 produkty wysokiej jako\u015bci i podchodz\u0105 bardzo powa\u017cnie do bezpiecze\u0144stwa produkt\u00f3w, ale z drugiej &#8211; opr\u00f3cz nich pojawiaj\u0105 si\u0119\u00a0i takie, kt\u00f3re niestety nie dbaj\u0105 o to bezpiecze\u0144stwo, a nawet nie powinny w \u015bwietle przepis\u00f3w nazywa\u0107 swoich produkt\u00f3w kosmetykami. Chc\u0119 o tym napisa\u0107, dlatego \u017ce coraz wi\u0119cej jest na rynku firm, kt\u00f3re oferuj\u0105\u00a0kosmetyki naturalne, a nie wszyscy klienci maj\u0105 \u015bwiadomo\u015b\u0107, z czym wi\u0105\u017ce si\u0119 wprowadzenie takiego kosmetyku do obrotu i \u017ce taki produkt powinien by\u0107\u00a0przede wszystkim gruntownie przebadany.<\/p>\n<h3>Przebadany dermatologicznie<\/h3>\n<p>Je\u015bli znajdziecie na opakowaniu kosmetycznym informacj\u0119, \u017ce produkt zosta\u0142 przebadany dermatologicznie, to musicie wiedzie\u0107, \u017ce to\u00a0nie jest jaki\u015b wielki wysi\u0142ek producenta. Ka\u017cdy produkt kosmetyczny wprowadzany do obrotu\u00a0MUSI by\u0107 przebadany dermatologicznie.\u00a0Taki produkt musi te\u017c przej\u015b\u0107 wiele innych bada\u0144. Cz\u0119sto si\u0119 pytacie, dlaczego ju\u017c stworzyli\u015bmy formu\u0142\u0119 kosmetyku, a on wejdzie do sprzeda\u017cy np. za p\u00f3\u0142 roku. Dlatego \u017ce takie badania trwaj\u0105 np. 3 miesi\u0105ce i nie da si\u0119 tego przyspieszy\u0107.<\/p>\n<p>Mimo tych wszystkich restrykcji, cz\u0119sto trafiam na firmy, kt\u00f3re wprowadzaj\u0105 do obrotu produkty, kt\u00f3re ani nie s\u0105 zarejestrowane nigdzie, ani nie s\u0105 przebadane. Raz trafi\u0142am nawet na kosmetyki, kt\u00f3re s\u0105 przedstawione jako PRODUKT KOLEKCJONERSKI!\u00a0?Dla mnie to jest jaka\u015b kompletna abstrakcja.<\/p>\n<p>Ale nie pisz\u0119 tego \u017ceby Was straszy\u0107, bo jest niewiele takich firm. Chcia\u0142abym natomiast, \u017ceby\u015b zwraca\u0142a uwag\u0119 na to, od kogo kupujesz, je\u015bli si\u0119gasz po kosmetyki naturalne.\u00a0Je\u015bli masz na oku jaki\u015b konkretny kosmetyk, to najlepiej jest zapyta\u0107, czy zosta\u0142 przebadany lub jakie badania przeszed\u0142. Osoba, kt\u00f3ra b\u0119dzie wiedzia\u0142a, o co chodzi i przesz\u0142a t\u0119\u00a0\u015bcie\u017ck\u0119, na pewno b\u0119dzie wiedzia\u0142a, jakiej (nawet cz\u0119\u015bciowej) odpowiedzi udzieli\u0107. To jest bardzo \u017cmudny etap i bardzo kosztowny, wi\u0119c na pewno to pami\u0119ta\u00a0?<\/p>\n<h3>Jakim badaniom s\u0105 poddawane kosmetyki?<\/h3>\n<p>Przed wprowadzeniem kosmetyku do sprzeda\u017cy musimy wykona\u0107 mi\u0119dzy innymi takie badania:<\/p>\n<ul>\n<li>testy aplikacyjne<\/li>\n<li>testy dermatologiczne<\/li>\n<li>testy stabilno\u015bci<\/li>\n<li>testy temperatury<\/li>\n<li>testy kompatybilno\u015bci z opakowaniem<\/li>\n<li>testy mikrobiologiczne (powtarzane przy ka\u017cdej partii kosmetyku)<\/li>\n<li>produkty z SPF musz\u0105 przej\u015b\u0107 dodatkowe badania<\/li>\n<\/ul>\n<p>Oczywi\u015bcie,\u00a0takiej odpowiedzi oczekiwa\u0142abym od producenta pr\u0119dzej na zapytanie mailowe, bo na targach firmy maj\u0105 po prostu r\u00f3\u017cnych przedstawicieli. Czasami s\u0105 to osoby zaprzyja\u017anione z mark\u0105 i jedynie pomagaj\u0105, wi\u0119c mo\u017ce by\u0107 r\u00f3\u017cnie z odpowiedziami\u00a0?<\/p>\n<p>Nie\u00a0pisz\u0119 tego, \u017ceby w jakikolwiek spos\u00f3b zaszkodzi\u0107 swojej konkurencji czy cokolwiek w tym stylu. Ja wr\u0119cz przeciwnie &#8211; ciesz\u0119 si\u0119, \u017ce pojawia si\u0119 coraz wi\u0119cej marek naturalnych, bo moim zdaniem ka\u017cda marka\u00a0znajdzie\u00a0swojego klienta. Najwa\u017cniejsze, \u017ce im wi\u0119cej os\u00f3b przejdzie na kosmetyki naturalne i zacznie si\u0119 nimi interesowa\u0107, tym wi\u0119cej mamy \u015bwiadomych konsument\u00f3w i dzi\u0119ki temu jest du\u017ca szansa, \u017ce te zdrowe nawyki z kosmetyk\u00f3w przenios\u0105 tak\u017ce na inne aspekty \u017cycia, np. na od\u017cywianie, co jest ju\u017c w og\u00f3le EKSTRA!\u00a0?<\/p><\/div>\n<p><!-- .vgblk-rw-wrapper --><\/p>\n","protected":false},"excerpt":{"rendered":"<p>Kosmetyki naturalne ciesz\u0105 si\u0119 coraz wi\u0119ksz\u0105 popularno\u015bci\u0105. Dla\u00a0mnie osobi\u015bcie\u00a0to bardzo dobra wiadomo\u015b\u0107, bo bardzo mi zale\u017cy na tym, \u017ceby jak najwi\u0119cej os\u00f3b zacz\u0119\u0142o stosowa\u0107 zdrow\u0105, naturaln\u0105 piel\u0119gnacj\u0119. Wiem te\u017c jednak, \u017ce na pocz\u0105tku tej przygody\u00a0pojawia si\u0119 wiele pyta\u0144, a w dodatku, odk\u0105d\u00a0 trend na naturalno\u015b\u0107 sta\u0142 si\u0119 bardzo popularny, naros\u0142o wok\u00f3\u0142 niego wiele mit\u00f3w i&#8230;<\/p>\n","protected":false},"author":5,"featured_media":7669,"comment_status":"open","ping_status":"open","sticky":false,"template":"","format":"standard","meta":{"footnotes":""},"categories":[39],"tags":[],"class_list":["post-7666","post","type-post","status-publish","format-standard","has-post-thumbnail","hentry","category-ewelina-o-resibo"],"yoast_head":"<!-- This site is optimized with the Yoast SEO plugin v27.5 - https:\/\/yoast.com\/product\/yoast-seo-wordpress\/ -->\n<title>Kosmetyki naturalne. 7 mit\u00f3w - Kosmetyki naturalne Resibo<\/title>\n<meta name=\"description\" content=\"7 mit\u00f3w na temat kosmetyk\u00f3w naturalnych, kt\u00f3re spotkasz w Internecie. W\u0142a\u015bcicielka Resibo Ewelina Kwit-Betlej obala je wszystkie. Kosmetyki naturalne Resibo\" \/>\n<meta name=\"robots\" content=\"index, follow, max-snippet:-1, max-image-preview:large, max-video-preview:-1\" \/>\n<link rel=\"canonical\" href=\"https:\/\/resibo.pl\/blog\/kosmetyki-naturalne-7-mitow\/\" \/>\n<meta property=\"og:locale\" content=\"pl_PL\" \/>\n<meta property=\"og:type\" content=\"article\" \/>\n<meta property=\"og:title\" content=\"Kosmetyki naturalne. 7 mit\u00f3w - Kosmetyki naturalne Resibo\" \/>\n<meta property=\"og:description\" content=\"7 mit\u00f3w na temat kosmetyk\u00f3w naturalnych, kt\u00f3re spotkasz w Internecie. W\u0142a\u015bcicielka Resibo Ewelina Kwit-Betlej obala je wszystkie. Kosmetyki naturalne Resibo\" \/>\n<meta property=\"og:url\" content=\"https:\/\/resibo.pl\/blog\/kosmetyki-naturalne-7-mitow\/\" \/>\n<meta property=\"og:site_name\" content=\"Kosmetyki naturalne Resibo\" \/>\n<meta property=\"article:publisher\" content=\"http:\/\/facebook.com\/resiboPL\" \/>\n<meta property=\"article:published_time\" content=\"2019-01-30T14:03:14+00:00\" \/>\n<meta property=\"og:image\" content=\"https:\/\/resibo.pl\/blog\/wp-content\/uploads\/2019\/01\/kosmetyki-naturalne-resibo_ewelina-scaled.jpg\" \/>\n\t<meta property=\"og:image:width\" content=\"2560\" \/>\n\t<meta property=\"og:image:height\" content=\"1707\" \/>\n\t<meta property=\"og:image:type\" content=\"image\/jpeg\" \/>\n<meta name=\"author\" content=\"Ewelina\" \/>\n<meta name=\"twitter:label1\" content=\"Napisane przez\" \/>\n\t<meta name=\"twitter:data1\" content=\"Ewelina\" \/>\n\t<meta name=\"twitter:label2\" content=\"Szacowany czas czytania\" \/>\n\t<meta name=\"twitter:data2\" content=\"16 minut\" \/>\n<script type=\"application\/ld+json\" class=\"yoast-schema-graph\">{\"@context\":\"https:\\\/\\\/schema.org\",\"@graph\":[{\"@type\":\"Article\",\"@id\":\"https:\\\/\\\/resibo.pl\\\/blog\\\/kosmetyki-naturalne-7-mitow\\\/#article\",\"isPartOf\":{\"@id\":\"https:\\\/\\\/resibo.pl\\\/blog\\\/kosmetyki-naturalne-7-mitow\\\/\"},\"author\":{\"name\":\"Ewelina\",\"@id\":\"https:\\\/\\\/resibo.pl\\\/blog\\\/#\\\/schema\\\/person\\\/8797ef0178e99c082c56d482d63ee1ce\"},\"headline\":\"Kosmetyki naturalne. 7 mit\u00f3w\",\"datePublished\":\"2019-01-30T14:03:14+00:00\",\"mainEntityOfPage\":{\"@id\":\"https:\\\/\\\/resibo.pl\\\/blog\\\/kosmetyki-naturalne-7-mitow\\\/\"},\"wordCount\":3060,\"commentCount\":0,\"publisher\":{\"@id\":\"https:\\\/\\\/resibo.pl\\\/blog\\\/#organization\"},\"image\":{\"@id\":\"https:\\\/\\\/resibo.pl\\\/blog\\\/kosmetyki-naturalne-7-mitow\\\/#primaryimage\"},\"thumbnailUrl\":\"https:\\\/\\\/resibo.pl\\\/blog\\\/wp-content\\\/uploads\\\/2019\\\/01\\\/kosmetyki-naturalne-resibo_ewelina-scaled.jpg\",\"articleSection\":[\"O Resibo\"],\"inLanguage\":\"pl-PL\",\"potentialAction\":[{\"@type\":\"CommentAction\",\"name\":\"Comment\",\"target\":[\"https:\\\/\\\/resibo.pl\\\/blog\\\/kosmetyki-naturalne-7-mitow\\\/#respond\"]}]},{\"@type\":\"WebPage\",\"@id\":\"https:\\\/\\\/resibo.pl\\\/blog\\\/kosmetyki-naturalne-7-mitow\\\/\",\"url\":\"https:\\\/\\\/resibo.pl\\\/blog\\\/kosmetyki-naturalne-7-mitow\\\/\",\"name\":\"Kosmetyki naturalne. 7 mit\u00f3w - Kosmetyki naturalne Resibo\",\"isPartOf\":{\"@id\":\"https:\\\/\\\/resibo.pl\\\/blog\\\/#website\"},\"primaryImageOfPage\":{\"@id\":\"https:\\\/\\\/resibo.pl\\\/blog\\\/kosmetyki-naturalne-7-mitow\\\/#primaryimage\"},\"image\":{\"@id\":\"https:\\\/\\\/resibo.pl\\\/blog\\\/kosmetyki-naturalne-7-mitow\\\/#primaryimage\"},\"thumbnailUrl\":\"https:\\\/\\\/resibo.pl\\\/blog\\\/wp-content\\\/uploads\\\/2019\\\/01\\\/kosmetyki-naturalne-resibo_ewelina-scaled.jpg\",\"datePublished\":\"2019-01-30T14:03:14+00:00\",\"description\":\"7 mit\u00f3w na temat kosmetyk\u00f3w naturalnych, kt\u00f3re spotkasz w Internecie. W\u0142a\u015bcicielka Resibo Ewelina Kwit-Betlej obala je wszystkie. Kosmetyki naturalne Resibo\",\"breadcrumb\":{\"@id\":\"https:\\\/\\\/resibo.pl\\\/blog\\\/kosmetyki-naturalne-7-mitow\\\/#breadcrumb\"},\"inLanguage\":\"pl-PL\",\"potentialAction\":[{\"@type\":\"ReadAction\",\"target\":[\"https:\\\/\\\/resibo.pl\\\/blog\\\/kosmetyki-naturalne-7-mitow\\\/\"]}]},{\"@type\":\"ImageObject\",\"inLanguage\":\"pl-PL\",\"@id\":\"https:\\\/\\\/resibo.pl\\\/blog\\\/kosmetyki-naturalne-7-mitow\\\/#primaryimage\",\"url\":\"https:\\\/\\\/resibo.pl\\\/blog\\\/wp-content\\\/uploads\\\/2019\\\/01\\\/kosmetyki-naturalne-resibo_ewelina-scaled.jpg\",\"contentUrl\":\"https:\\\/\\\/resibo.pl\\\/blog\\\/wp-content\\\/uploads\\\/2019\\\/01\\\/kosmetyki-naturalne-resibo_ewelina-scaled.jpg\",\"width\":2560,\"height\":1707},{\"@type\":\"BreadcrumbList\",\"@id\":\"https:\\\/\\\/resibo.pl\\\/blog\\\/kosmetyki-naturalne-7-mitow\\\/#breadcrumb\",\"itemListElement\":[{\"@type\":\"ListItem\",\"position\":1,\"name\":\"Strona g\u0142\u00f3wna\",\"item\":\"https:\\\/\\\/resibo.pl\\\/blog\\\/\"},{\"@type\":\"ListItem\",\"position\":2,\"name\":\"Kosmetyki naturalne. 7 mit\u00f3w\"}]},{\"@type\":\"WebSite\",\"@id\":\"https:\\\/\\\/resibo.pl\\\/blog\\\/#website\",\"url\":\"https:\\\/\\\/resibo.pl\\\/blog\\\/\",\"name\":\"Kosmetyki naturalne Resibo\",\"description\":\"\",\"publisher\":{\"@id\":\"https:\\\/\\\/resibo.pl\\\/blog\\\/#organization\"},\"potentialAction\":[{\"@type\":\"SearchAction\",\"target\":{\"@type\":\"EntryPoint\",\"urlTemplate\":\"https:\\\/\\\/resibo.pl\\\/blog\\\/?s={search_term_string}\"},\"query-input\":{\"@type\":\"PropertyValueSpecification\",\"valueRequired\":true,\"valueName\":\"search_term_string\"}}],\"inLanguage\":\"pl-PL\"},{\"@type\":\"Organization\",\"@id\":\"https:\\\/\\\/resibo.pl\\\/blog\\\/#organization\",\"name\":\"Resibo\",\"url\":\"https:\\\/\\\/resibo.pl\\\/blog\\\/\",\"logo\":{\"@type\":\"ImageObject\",\"inLanguage\":\"pl-PL\",\"@id\":\"https:\\\/\\\/resibo.pl\\\/blog\\\/#\\\/schema\\\/logo\\\/image\\\/\",\"url\":\"https:\\\/\\\/resibo.pl\\\/blog\\\/wp-content\\\/uploads\\\/2022\\\/02\\\/cropped-logo.png\",\"contentUrl\":\"https:\\\/\\\/resibo.pl\\\/blog\\\/wp-content\\\/uploads\\\/2022\\\/02\\\/cropped-logo.png\",\"width\":274,\"height\":109,\"caption\":\"Resibo\"},\"image\":{\"@id\":\"https:\\\/\\\/resibo.pl\\\/blog\\\/#\\\/schema\\\/logo\\\/image\\\/\"},\"sameAs\":[\"http:\\\/\\\/facebook.com\\\/resiboPL\",\"http:\\\/\\\/instagram.com\\\/resibobynature\"]},{\"@type\":\"Person\",\"@id\":\"https:\\\/\\\/resibo.pl\\\/blog\\\/#\\\/schema\\\/person\\\/8797ef0178e99c082c56d482d63ee1ce\",\"name\":\"Ewelina\",\"image\":{\"@type\":\"ImageObject\",\"inLanguage\":\"pl-PL\",\"@id\":\"https:\\\/\\\/secure.gravatar.com\\\/avatar\\\/9f08c062cd4b29e0f0fb3897bea31178d0c5bbc9330b56f20bdbfd05bb69b5de?s=96&d=mm&r=g\",\"url\":\"https:\\\/\\\/secure.gravatar.com\\\/avatar\\\/9f08c062cd4b29e0f0fb3897bea31178d0c5bbc9330b56f20bdbfd05bb69b5de?s=96&d=mm&r=g\",\"contentUrl\":\"https:\\\/\\\/secure.gravatar.com\\\/avatar\\\/9f08c062cd4b29e0f0fb3897bea31178d0c5bbc9330b56f20bdbfd05bb69b5de?s=96&d=mm&r=g\",\"caption\":\"Ewelina\"},\"description\":\"Ewelina Kwit-Betlej, tw\u00f3rca marki Resibo Resibo to moja odpowied\u017a na\u2026 moje w\u0142asne potrzeby. Postanowi\u0142am stworzy\u0107 w\u0142asn\u0105 mark\u0119 kosmetyczn\u0105. Naturaln\u0105, od pocz\u0105tku do ko\u0144ca ekologiczn\u0105, spe\u0142niaj\u0105c\u0105 oczekiwania nie tylko moje, ale te\u017c \u2013 jestem o tym przekonana \u2013 najbardziej wymagaj\u0105cych klientek. I oto jest \u2013 moja w\u0142asna kreacja\u2026 Bo \u017cycie JEST przygod\u0105.\",\"url\":\"https:\\\/\\\/resibo.pl\\\/blog\\\/author\\\/redaktor\\\/\"}]}<\/script>\n<!-- \/ Yoast SEO plugin. -->","yoast_head_json":{"title":"Kosmetyki naturalne. 7 mit\u00f3w - Kosmetyki naturalne Resibo","description":"7 mit\u00f3w na temat kosmetyk\u00f3w naturalnych, kt\u00f3re spotkasz w Internecie. W\u0142a\u015bcicielka Resibo Ewelina Kwit-Betlej obala je wszystkie. Kosmetyki naturalne Resibo","robots":{"index":"index","follow":"follow","max-snippet":"max-snippet:-1","max-image-preview":"max-image-preview:large","max-video-preview":"max-video-preview:-1"},"canonical":"https:\/\/resibo.pl\/blog\/kosmetyki-naturalne-7-mitow\/","og_locale":"pl_PL","og_type":"article","og_title":"Kosmetyki naturalne. 7 mit\u00f3w - Kosmetyki naturalne Resibo","og_description":"7 mit\u00f3w na temat kosmetyk\u00f3w naturalnych, kt\u00f3re spotkasz w Internecie. W\u0142a\u015bcicielka Resibo Ewelina Kwit-Betlej obala je wszystkie. Kosmetyki naturalne Resibo","og_url":"https:\/\/resibo.pl\/blog\/kosmetyki-naturalne-7-mitow\/","og_site_name":"Kosmetyki naturalne Resibo","article_publisher":"http:\/\/facebook.com\/resiboPL","article_published_time":"2019-01-30T14:03:14+00:00","og_image":[{"width":2560,"height":1707,"url":"https:\/\/resibo.pl\/blog\/wp-content\/uploads\/2019\/01\/kosmetyki-naturalne-resibo_ewelina-scaled.jpg","type":"image\/jpeg"}],"author":"Ewelina","twitter_misc":{"Napisane przez":"Ewelina","Szacowany czas czytania":"16 minut"},"schema":{"@context":"https:\/\/schema.org","@graph":[{"@type":"Article","@id":"https:\/\/resibo.pl\/blog\/kosmetyki-naturalne-7-mitow\/#article","isPartOf":{"@id":"https:\/\/resibo.pl\/blog\/kosmetyki-naturalne-7-mitow\/"},"author":{"name":"Ewelina","@id":"https:\/\/resibo.pl\/blog\/#\/schema\/person\/8797ef0178e99c082c56d482d63ee1ce"},"headline":"Kosmetyki naturalne. 7 mit\u00f3w","datePublished":"2019-01-30T14:03:14+00:00","mainEntityOfPage":{"@id":"https:\/\/resibo.pl\/blog\/kosmetyki-naturalne-7-mitow\/"},"wordCount":3060,"commentCount":0,"publisher":{"@id":"https:\/\/resibo.pl\/blog\/#organization"},"image":{"@id":"https:\/\/resibo.pl\/blog\/kosmetyki-naturalne-7-mitow\/#primaryimage"},"thumbnailUrl":"https:\/\/resibo.pl\/blog\/wp-content\/uploads\/2019\/01\/kosmetyki-naturalne-resibo_ewelina-scaled.jpg","articleSection":["O Resibo"],"inLanguage":"pl-PL","potentialAction":[{"@type":"CommentAction","name":"Comment","target":["https:\/\/resibo.pl\/blog\/kosmetyki-naturalne-7-mitow\/#respond"]}]},{"@type":"WebPage","@id":"https:\/\/resibo.pl\/blog\/kosmetyki-naturalne-7-mitow\/","url":"https:\/\/resibo.pl\/blog\/kosmetyki-naturalne-7-mitow\/","name":"Kosmetyki naturalne. 7 mit\u00f3w - Kosmetyki naturalne Resibo","isPartOf":{"@id":"https:\/\/resibo.pl\/blog\/#website"},"primaryImageOfPage":{"@id":"https:\/\/resibo.pl\/blog\/kosmetyki-naturalne-7-mitow\/#primaryimage"},"image":{"@id":"https:\/\/resibo.pl\/blog\/kosmetyki-naturalne-7-mitow\/#primaryimage"},"thumbnailUrl":"https:\/\/resibo.pl\/blog\/wp-content\/uploads\/2019\/01\/kosmetyki-naturalne-resibo_ewelina-scaled.jpg","datePublished":"2019-01-30T14:03:14+00:00","description":"7 mit\u00f3w na temat kosmetyk\u00f3w naturalnych, kt\u00f3re spotkasz w Internecie. W\u0142a\u015bcicielka Resibo Ewelina Kwit-Betlej obala je wszystkie. Kosmetyki naturalne Resibo","breadcrumb":{"@id":"https:\/\/resibo.pl\/blog\/kosmetyki-naturalne-7-mitow\/#breadcrumb"},"inLanguage":"pl-PL","potentialAction":[{"@type":"ReadAction","target":["https:\/\/resibo.pl\/blog\/kosmetyki-naturalne-7-mitow\/"]}]},{"@type":"ImageObject","inLanguage":"pl-PL","@id":"https:\/\/resibo.pl\/blog\/kosmetyki-naturalne-7-mitow\/#primaryimage","url":"https:\/\/resibo.pl\/blog\/wp-content\/uploads\/2019\/01\/kosmetyki-naturalne-resibo_ewelina-scaled.jpg","contentUrl":"https:\/\/resibo.pl\/blog\/wp-content\/uploads\/2019\/01\/kosmetyki-naturalne-resibo_ewelina-scaled.jpg","width":2560,"height":1707},{"@type":"BreadcrumbList","@id":"https:\/\/resibo.pl\/blog\/kosmetyki-naturalne-7-mitow\/#breadcrumb","itemListElement":[{"@type":"ListItem","position":1,"name":"Strona g\u0142\u00f3wna","item":"https:\/\/resibo.pl\/blog\/"},{"@type":"ListItem","position":2,"name":"Kosmetyki naturalne. 7 mit\u00f3w"}]},{"@type":"WebSite","@id":"https:\/\/resibo.pl\/blog\/#website","url":"https:\/\/resibo.pl\/blog\/","name":"Kosmetyki naturalne Resibo","description":"","publisher":{"@id":"https:\/\/resibo.pl\/blog\/#organization"},"potentialAction":[{"@type":"SearchAction","target":{"@type":"EntryPoint","urlTemplate":"https:\/\/resibo.pl\/blog\/?s={search_term_string}"},"query-input":{"@type":"PropertyValueSpecification","valueRequired":true,"valueName":"search_term_string"}}],"inLanguage":"pl-PL"},{"@type":"Organization","@id":"https:\/\/resibo.pl\/blog\/#organization","name":"Resibo","url":"https:\/\/resibo.pl\/blog\/","logo":{"@type":"ImageObject","inLanguage":"pl-PL","@id":"https:\/\/resibo.pl\/blog\/#\/schema\/logo\/image\/","url":"https:\/\/resibo.pl\/blog\/wp-content\/uploads\/2022\/02\/cropped-logo.png","contentUrl":"https:\/\/resibo.pl\/blog\/wp-content\/uploads\/2022\/02\/cropped-logo.png","width":274,"height":109,"caption":"Resibo"},"image":{"@id":"https:\/\/resibo.pl\/blog\/#\/schema\/logo\/image\/"},"sameAs":["http:\/\/facebook.com\/resiboPL","http:\/\/instagram.com\/resibobynature"]},{"@type":"Person","@id":"https:\/\/resibo.pl\/blog\/#\/schema\/person\/8797ef0178e99c082c56d482d63ee1ce","name":"Ewelina","image":{"@type":"ImageObject","inLanguage":"pl-PL","@id":"https:\/\/secure.gravatar.com\/avatar\/9f08c062cd4b29e0f0fb3897bea31178d0c5bbc9330b56f20bdbfd05bb69b5de?s=96&d=mm&r=g","url":"https:\/\/secure.gravatar.com\/avatar\/9f08c062cd4b29e0f0fb3897bea31178d0c5bbc9330b56f20bdbfd05bb69b5de?s=96&d=mm&r=g","contentUrl":"https:\/\/secure.gravatar.com\/avatar\/9f08c062cd4b29e0f0fb3897bea31178d0c5bbc9330b56f20bdbfd05bb69b5de?s=96&d=mm&r=g","caption":"Ewelina"},"description":"Ewelina Kwit-Betlej, tw\u00f3rca marki Resibo Resibo to moja odpowied\u017a na\u2026 moje w\u0142asne potrzeby. Postanowi\u0142am stworzy\u0107 w\u0142asn\u0105 mark\u0119 kosmetyczn\u0105. Naturaln\u0105, od pocz\u0105tku do ko\u0144ca ekologiczn\u0105, spe\u0142niaj\u0105c\u0105 oczekiwania nie tylko moje, ale te\u017c \u2013 jestem o tym przekonana \u2013 najbardziej wymagaj\u0105cych klientek. I oto jest \u2013 moja w\u0142asna kreacja\u2026 Bo \u017cycie JEST przygod\u0105.","url":"https:\/\/resibo.pl\/blog\/author\/redaktor\/"}]}},"_links":{"self":[{"href":"https:\/\/resibo.pl\/blog\/wp-json\/wp\/v2\/posts\/7666","targetHints":{"allow":["GET"]}}],"collection":[{"href":"https:\/\/resibo.pl\/blog\/wp-json\/wp\/v2\/posts"}],"about":[{"href":"https:\/\/resibo.pl\/blog\/wp-json\/wp\/v2\/types\/post"}],"author":[{"embeddable":true,"href":"https:\/\/resibo.pl\/blog\/wp-json\/wp\/v2\/users\/5"}],"replies":[{"embeddable":true,"href":"https:\/\/resibo.pl\/blog\/wp-json\/wp\/v2\/comments?post=7666"}],"version-history":[{"count":0,"href":"https:\/\/resibo.pl\/blog\/wp-json\/wp\/v2\/posts\/7666\/revisions"}],"wp:featuredmedia":[{"embeddable":true,"href":"https:\/\/resibo.pl\/blog\/wp-json\/wp\/v2\/media\/7669"}],"wp:attachment":[{"href":"https:\/\/resibo.pl\/blog\/wp-json\/wp\/v2\/media?parent=7666"}],"wp:term":[{"taxonomy":"category","embeddable":true,"href":"https:\/\/resibo.pl\/blog\/wp-json\/wp\/v2\/categories?post=7666"},{"taxonomy":"post_tag","embeddable":true,"href":"https:\/\/resibo.pl\/blog\/wp-json\/wp\/v2\/tags?post=7666"}],"curies":[{"name":"wp","href":"https:\/\/api.w.org\/{rel}","templated":true}]}}