{"id":8178,"date":"2020-07-19T21:51:39","date_gmt":"2020-07-19T19:51:39","guid":{"rendered":"https:\/\/resibo.pl\/blog\/?p=8178"},"modified":"2020-07-19T21:51:39","modified_gmt":"2020-07-19T19:51:39","slug":"pielegnacja-ciala-latem","status":"publish","type":"post","link":"https:\/\/resibo.pl\/blog\/pielegnacja-ciala-latem\/","title":{"rendered":"Piel\u0119gnacja cia\u0142a latem"},"content":{"rendered":"<div class=\"vgblk-rw-wrapper limit-wrapper\">\n<p>Piel\u0119gnacja cia\u0142a latem to co\u015b, czemu warto po\u015bwi\u0119ci\u0107 odpowiednio du\u017co czasu. Sk\u00f3ra odwdzi\u0119czy si\u0119 za ka\u017cd\u0105 po\u015bwi\u0119con\u0105 jej chwil\u0119. Latem odkrywamy bowiem znacznie wi\u0119cej cia\u0142a i tym samym nara\u017camy sk\u00f3r\u0119 na dzia\u0142anie przer\u00f3\u017cnych czynnik\u00f3w, kt\u00f3re w wi\u0119kszo\u015bci nie s\u0105 dla niej korzystne.<\/p>\n\n\n\n<h2 class=\"wp-block-heading\">Pi\u0119kne lato, ale niebezpieczne<\/h2>\n\n\n\n<p>Kochamy lato! S\u0142o\u0144ce, woda, pi\u0119kna przyroda, wypoczynek na \u0142onie natury, p\u0142ywanie \u0142\u00f3dk\u0105, wspinanie po g\u00f3rach, rowerowe wyprawy, wylegiwanie si\u0119 na pla\u017cy \u2013 o tym marzymy przez ca\u0142y rok. Kiedy wi\u0119c ju\u017c mo\u017cemy, wykorzystujemy ka\u017cd\u0105 woln\u0105 chwil\u0119, by sp\u0119dzi\u0107 j\u0105 na \u0142onie natury. O ile doskonale wp\u0142ywa to na nasze samopoczucie, o tyle nasza sk\u00f3ra zmaga si\u0119 w tym okresie z wieloma niebezpiecze\u0144stwami.&nbsp;<\/p>\n\n\n\n<p>Niestety, cz\u0119ste k\u0105piele, zar\u00f3wno wodne, jak i s\u0142oneczne naruszaj\u0105 naturalny p\u0142aszcz lipidowy, kt\u00f3ry chroni nasz\u0105 sk\u00f3r\u0119. Potrzebuje ona wtedy a\u017c kilku godzin na jego odbudowanie, a po k\u0105pieli s\u0142onecznej proces ten mo\u017ce by\u0107 jeszcze d\u0142u\u017cszy. Przyzwyczajeni jeste\u015bmy, \u017ce codziennie dbamy o twarz. A co z cia\u0142em? Jak przygotowa\u0107 je na takie zmagania? Jak powinna wygl\u0105da\u0107 piel\u0119gnacja cia\u0142a latem? Czy mo\u017cna pom\u00f3c sk\u00f3rze odbudowywa\u0107 p\u0142aszcz lipidowy szybciej?&nbsp;<\/p>\n\n\n\n<h2 class=\"wp-block-heading\">Filtruj, ile wlezie<\/h2>\n\n\n\n<p>Pierwsze przykazanie letniej piel\u0119gnacji to kremy i balsamy z filtrem. Bez nich w zasadzie nie powinni\u015bmy wychodzi\u0107 z domu w s\u0142oneczne dni. Chyba \u017ce tylko przemykamy szybko do pracy czy na zakupy. Je\u015bli jednak zamierzamy sp\u0119dzi\u0107 na powietrzu wi\u0119cej czasu, krem do twarzy i balsam do cia\u0142a z filtrem UV to po prostu \u201emust have\u201d. Nie ma tu znaczenia miejsce, w kt\u00f3rym zamierzamy przebywa\u0107. Nawet w lesie promienie s\u0142oneczne mog\u0105 nas dosi\u0119gn\u0105\u0107. Trzeba pami\u0119ta\u0107, \u017ce promieniowanie UVA to a\u017c 95% ca\u0142ego promieniowania ultrafioletowego i \u017ce wyst\u0119puje przez ca\u0142y rok. Promienie UVA przenikaj\u0105 wszystko, nawet szyby, nie m\u00f3wi\u0105c o naszym nask\u00f3rku. To w\u0142a\u015bnie one s\u0105 odpowiedzialne za powstawanie wolnych rodnik\u00f3w i fotostarzenie si\u0119 sk\u00f3ry. Latem dodatkowo nara\u017camy si\u0119 na promieniowanie UVB, kt\u00f3re co prawda nie przenika przez szyby, ale zdecydowanie przenika przez nask\u00f3rek. To w\u0142a\u015bnie ono odpowiada za opalenizn\u0119, kt\u00f3ra jest niczym innym jak \u0142agodnym oparzeniem s\u0142onecznym.<\/p>\n\n\n\n<p>O ile przez UVA nie mamy mo\u017cliwo\u015bci ochroni\u0107 si\u0119 inaczej ni\u017c unikaj\u0105c s\u0142o\u0144ca, co przecie\u017c by\u0142oby absurdem. O tyle w przypadku UVB mo\u017cemy zadzia\u0142a\u0107 w\u0142a\u015bnie filtrami. Dlatego latem koniecznie nale\u017cy si\u0119 zaopatrzy\u0107 w dobre kosmetyki z filtrami SPF co najmniej 15-25, kt\u00f3re daj\u0105 ochron\u0119 na poziomie \u015brednim.<\/p>\n\n\n\n<h2 class=\"wp-block-heading\">Kosmetyk do zada\u0144 specjalnych<\/h2>\n\n\n\n<p>Bez wzgl\u0119du na poziom ochrony, wi\u0119kszo\u015bci z nas latem trudno unikn\u0105\u0107 opalenizny. Czasem wystarczy zapomnie\u0107 si\u0119 posmarowa\u0107 na basenie po wyj\u015bciu z wody albo nie powt\u00f3rzy\u0107 dawki kremu z filtrem o up\u0142ywie czasu ekspozycji na s\u0142o\u0144ce. I gotowe! Bywa, \u017ce nie tylko sk\u00f3ra si\u0119 opali, ale te\u017c doznamy oparzenia. Warto w takim przypadku mie\u0107 zawsze pod r\u0119k\u0105 kosmetyk, kt\u00f3ry z\u0142agodzi przykre skutki w takiej sytuacji. Nasz wielokrotnie sprawdzony spos\u00f3b to <strong><a href=\"https:\/\/resibo.pl\/produkt\/11\/odzywczy-balsam-do-ciala\">od\u017cywczy balsam do cia\u0142a<\/a><\/strong>. Ratowa\u0142 sk\u00f3r\u0119 niejednej z nas w takich w\u0142a\u015bnie trudnych przypadkach. I trzeba przyzna\u0107, \u017ce radzi\u0142 sobie nawet z powa\u017cniejszymi oparzeniami czy np. alergi\u0105 na s\u0142o\u0144ce, bo taka r\u00f3wnie\u017c istnieje i znamy osoby, kt\u00f3re si\u0119 z ni\u0105 zmagaj\u0105.\u00a0<\/p>\n\n\n\n<h2 class=\"wp-block-heading\">Od\u017cywczy balsam do cia\u0142a<\/h2>\n\n\n\n<p>Niezale\u017cnie od tego, jest to doskona\u0142y codzienny kosmetyk do cia\u0142a, kt\u00f3ry pomaga mu si\u0119 zregenerowa\u0107 o ka\u017cdej porze roku. Niemniej faktycznie latem zdecydowanie wida\u0107, jak pi\u0119knie potrafi ukoi\u0107 sk\u00f3r\u0119, nawil\u017cy\u0107 j\u0105 i od\u017cywi\u0107. Sk\u0142adniki zawarte w balsamie maj\u0105 te\u017c dzia\u0142anie regeneruj\u0105ce i odbudowuj\u0105ce struktur\u0119 kom\u00f3rek sk\u00f3ry.&nbsp;<\/p>\n\n\n\n<p>Je\u015bli chodzi o piel\u0119gnacj\u0119 sk\u00f3ry latem, to kluczowa jest zawarto\u015b\u0107 olej\u00f3w monoi, kukui, a tak\u017ce D-Panthenolu, czyli prowitaminy B5, kt\u00f3r\u0105 doskonale znamy ze \u015brodk\u00f3w \u0142agodz\u0105cych oparzenia. Ale cudem w tym balsamie jest ekstrakt z miodunki plamistej. To rosn\u0105ca na Syberii ro\u015blina, kt\u00f3ra zawiera ogromne bogactwo sk\u0142adnik\u00f3w poprawiaj\u0105cych wygl\u0105d i kondycj\u0119 sk\u00f3ry. Znajdziemy w niej witaminy A, E, B, C oraz karoten, kt\u00f3re od\u017cywiaj\u0105 sk\u00f3r\u0119 i pomagaj\u0105 przywr\u00f3ci\u0107 jej naturalne funkcje ochronne. Ekstrakt z miodunki znany jest przede wszystkim z uzdrawiaj\u0105cego dzia\u0142ania w chorobach p\u0142uc (st\u0105d \u0142aci\u0144ska nazwa&nbsp;<em>pulmonaria officinalis<\/em>&nbsp;\u2013 p\u0142uca po \u0142acinie to&nbsp;<em>pulmonis<\/em>). Ale jego w\u0142a\u015bciwo\u015bci kosmetyczne s\u0105 r\u00f3wnie niezwyk\u0142e \u2013 m.in. przyspiesza gojenie si\u0119 stan\u00f3w zapalnych, wzmacnia sk\u00f3r\u0119 sk\u0142onn\u0105 do rumienia i tr\u0105dziku r\u00f3\u017cowatego. Wyci\u0105g z miodunki doskonale reguluje procesy metaboliczne zachodz\u0105ce w kom\u00f3rkach, sprawiaj\u0105c, \u017ce mocniejsze i zdrowsze.&nbsp;<\/p>\n\n\n\n<p>Nic dziwnego, \u017ce od\u017cywczy balsam do cia\u0142a to kosmetyk, kt\u00f3ry doskonale pomaga w piel\u0119gnacji sk\u00f3ry latem, nawet je\u015bli zdarzy nam si\u0119 zapomnie\u0107 o filtrze lub zbyt d\u0142ugo przebywa\u0107 na s\u0142o\u0144cu.<\/p>\n<\/div><!-- .vgblk-rw-wrapper -->","protected":false},"excerpt":{"rendered":"<p>Piel\u0119gnacja cia\u0142a latem to co\u015b, czemu warto po\u015bwi\u0119ci\u0107 odpowiednio du\u017co czasu. Sk\u00f3ra odwdzi\u0119czy si\u0119 za ka\u017cd\u0105 po\u015bwi\u0119con\u0105 jej chwil\u0119. Latem odkrywamy bowiem znacznie wi\u0119cej cia\u0142a i tym samym nara\u017camy sk\u00f3r\u0119 na dzia\u0142anie przer\u00f3\u017cnych czynnik\u00f3w, kt\u00f3re w wi\u0119kszo\u015bci nie s\u0105 dla niej korzystne. Pi\u0119kne lato, ale niebezpieczne Kochamy lato! S\u0142o\u0144ce, woda, pi\u0119kna przyroda, wypoczynek na \u0142onie&#8230;<\/p>\n","protected":false},"author":7,"featured_media":8180,"comment_status":"open","ping_status":"open","sticky":false,"template":"","format":"standard","meta":{"footnotes":""},"categories":[40],"tags":[],"class_list":["post-8178","post","type-post","status-publish","format-standard","has-post-thumbnail","hentry","category-magda-o-pielegnacji"],"yoast_head":"<!-- This site is optimized with the Yoast SEO plugin v27.5 - https:\/\/yoast.com\/product\/yoast-seo-wordpress\/ -->\n<title>Piel\u0119gnacja cia\u0142a latem - Kosmetyki naturalne Resibo<\/title>\n<meta name=\"description\" content=\"Piel\u0119gnacja cia\u0142a latem to co\u015b, czemu warto po\u015bwi\u0119ci\u0107 odpowiednio du\u017co czasu. Sk\u00f3ra odwdzi\u0119czy si\u0119 za ka\u017cd\u0105 po\u015bwi\u0119con\u0105 jej chwil\u0119.\" \/>\n<meta name=\"robots\" content=\"index, follow, max-snippet:-1, max-image-preview:large, max-video-preview:-1\" \/>\n<link rel=\"canonical\" href=\"https:\/\/resibo.pl\/blog\/pielegnacja-ciala-latem\/\" \/>\n<meta property=\"og:locale\" content=\"pl_PL\" \/>\n<meta property=\"og:type\" content=\"article\" \/>\n<meta property=\"og:title\" content=\"Piel\u0119gnacja cia\u0142a latem - Kosmetyki naturalne Resibo\" \/>\n<meta property=\"og:description\" content=\"Piel\u0119gnacja cia\u0142a latem to co\u015b, czemu warto po\u015bwi\u0119ci\u0107 odpowiednio du\u017co czasu. Sk\u00f3ra odwdzi\u0119czy si\u0119 za ka\u017cd\u0105 po\u015bwi\u0119con\u0105 jej chwil\u0119.\" \/>\n<meta property=\"og:url\" content=\"https:\/\/resibo.pl\/blog\/pielegnacja-ciala-latem\/\" \/>\n<meta property=\"og:site_name\" content=\"Kosmetyki naturalne Resibo\" \/>\n<meta property=\"article:publisher\" content=\"http:\/\/facebook.com\/resiboPL\" \/>\n<meta property=\"article:published_time\" content=\"2020-07-19T19:51:39+00:00\" \/>\n<meta property=\"og:image\" content=\"https:\/\/resibo.pl\/blog\/wp-content\/uploads\/2020\/07\/resibo_sesja.wierzbna24-2-scaled.jpg\" \/>\n\t<meta property=\"og:image:width\" content=\"2560\" \/>\n\t<meta property=\"og:image:height\" content=\"1707\" \/>\n\t<meta property=\"og:image:type\" content=\"image\/jpeg\" \/>\n<meta name=\"author\" content=\"Ewelina\" \/>\n<meta name=\"twitter:label1\" content=\"Napisane przez\" \/>\n\t<meta name=\"twitter:data1\" content=\"Ewelina\" \/>\n\t<meta name=\"twitter:label2\" content=\"Szacowany czas czytania\" \/>\n\t<meta name=\"twitter:data2\" content=\"4 minuty\" \/>\n<script type=\"application\/ld+json\" class=\"yoast-schema-graph\">{\"@context\":\"https:\\\/\\\/schema.org\",\"@graph\":[{\"@type\":\"Article\",\"@id\":\"https:\\\/\\\/resibo.pl\\\/blog\\\/pielegnacja-ciala-latem\\\/#article\",\"isPartOf\":{\"@id\":\"https:\\\/\\\/resibo.pl\\\/blog\\\/pielegnacja-ciala-latem\\\/\"},\"author\":{\"name\":\"Ewelina\",\"@id\":\"https:\\\/\\\/resibo.pl\\\/blog\\\/#\\\/schema\\\/person\\\/422edacdfc1793c9311a22b620e6201f\"},\"headline\":\"Piel\u0119gnacja cia\u0142a latem\",\"datePublished\":\"2020-07-19T19:51:39+00:00\",\"mainEntityOfPage\":{\"@id\":\"https:\\\/\\\/resibo.pl\\\/blog\\\/pielegnacja-ciala-latem\\\/\"},\"wordCount\":891,\"commentCount\":0,\"publisher\":{\"@id\":\"https:\\\/\\\/resibo.pl\\\/blog\\\/#organization\"},\"image\":{\"@id\":\"https:\\\/\\\/resibo.pl\\\/blog\\\/pielegnacja-ciala-latem\\\/#primaryimage\"},\"thumbnailUrl\":\"https:\\\/\\\/resibo.pl\\\/blog\\\/wp-content\\\/uploads\\\/2020\\\/07\\\/resibo_sesja.wierzbna24-2-scaled.jpg\",\"articleSection\":[\"O pielegnacji\"],\"inLanguage\":\"pl-PL\",\"potentialAction\":[{\"@type\":\"CommentAction\",\"name\":\"Comment\",\"target\":[\"https:\\\/\\\/resibo.pl\\\/blog\\\/pielegnacja-ciala-latem\\\/#respond\"]}]},{\"@type\":\"WebPage\",\"@id\":\"https:\\\/\\\/resibo.pl\\\/blog\\\/pielegnacja-ciala-latem\\\/\",\"url\":\"https:\\\/\\\/resibo.pl\\\/blog\\\/pielegnacja-ciala-latem\\\/\",\"name\":\"Piel\u0119gnacja cia\u0142a latem - Kosmetyki naturalne Resibo\",\"isPartOf\":{\"@id\":\"https:\\\/\\\/resibo.pl\\\/blog\\\/#website\"},\"primaryImageOfPage\":{\"@id\":\"https:\\\/\\\/resibo.pl\\\/blog\\\/pielegnacja-ciala-latem\\\/#primaryimage\"},\"image\":{\"@id\":\"https:\\\/\\\/resibo.pl\\\/blog\\\/pielegnacja-ciala-latem\\\/#primaryimage\"},\"thumbnailUrl\":\"https:\\\/\\\/resibo.pl\\\/blog\\\/wp-content\\\/uploads\\\/2020\\\/07\\\/resibo_sesja.wierzbna24-2-scaled.jpg\",\"datePublished\":\"2020-07-19T19:51:39+00:00\",\"description\":\"Piel\u0119gnacja cia\u0142a latem to co\u015b, czemu warto po\u015bwi\u0119ci\u0107 odpowiednio du\u017co czasu. Sk\u00f3ra odwdzi\u0119czy si\u0119 za ka\u017cd\u0105 po\u015bwi\u0119con\u0105 jej chwil\u0119.\",\"breadcrumb\":{\"@id\":\"https:\\\/\\\/resibo.pl\\\/blog\\\/pielegnacja-ciala-latem\\\/#breadcrumb\"},\"inLanguage\":\"pl-PL\",\"potentialAction\":[{\"@type\":\"ReadAction\",\"target\":[\"https:\\\/\\\/resibo.pl\\\/blog\\\/pielegnacja-ciala-latem\\\/\"]}]},{\"@type\":\"ImageObject\",\"inLanguage\":\"pl-PL\",\"@id\":\"https:\\\/\\\/resibo.pl\\\/blog\\\/pielegnacja-ciala-latem\\\/#primaryimage\",\"url\":\"https:\\\/\\\/resibo.pl\\\/blog\\\/wp-content\\\/uploads\\\/2020\\\/07\\\/resibo_sesja.wierzbna24-2-scaled.jpg\",\"contentUrl\":\"https:\\\/\\\/resibo.pl\\\/blog\\\/wp-content\\\/uploads\\\/2020\\\/07\\\/resibo_sesja.wierzbna24-2-scaled.jpg\",\"width\":2560,\"height\":1707,\"caption\":\"Resibo dziewczyna w wianku na \u0142\u0105ce z bukietem kwiat\u00f3w piel\u0119gnacja cia\u0142a latem\"},{\"@type\":\"BreadcrumbList\",\"@id\":\"https:\\\/\\\/resibo.pl\\\/blog\\\/pielegnacja-ciala-latem\\\/#breadcrumb\",\"itemListElement\":[{\"@type\":\"ListItem\",\"position\":1,\"name\":\"Strona g\u0142\u00f3wna\",\"item\":\"https:\\\/\\\/resibo.pl\\\/blog\\\/\"},{\"@type\":\"ListItem\",\"position\":2,\"name\":\"Piel\u0119gnacja cia\u0142a latem\"}]},{\"@type\":\"WebSite\",\"@id\":\"https:\\\/\\\/resibo.pl\\\/blog\\\/#website\",\"url\":\"https:\\\/\\\/resibo.pl\\\/blog\\\/\",\"name\":\"Kosmetyki naturalne Resibo\",\"description\":\"\",\"publisher\":{\"@id\":\"https:\\\/\\\/resibo.pl\\\/blog\\\/#organization\"},\"potentialAction\":[{\"@type\":\"SearchAction\",\"target\":{\"@type\":\"EntryPoint\",\"urlTemplate\":\"https:\\\/\\\/resibo.pl\\\/blog\\\/?s={search_term_string}\"},\"query-input\":{\"@type\":\"PropertyValueSpecification\",\"valueRequired\":true,\"valueName\":\"search_term_string\"}}],\"inLanguage\":\"pl-PL\"},{\"@type\":\"Organization\",\"@id\":\"https:\\\/\\\/resibo.pl\\\/blog\\\/#organization\",\"name\":\"Resibo\",\"url\":\"https:\\\/\\\/resibo.pl\\\/blog\\\/\",\"logo\":{\"@type\":\"ImageObject\",\"inLanguage\":\"pl-PL\",\"@id\":\"https:\\\/\\\/resibo.pl\\\/blog\\\/#\\\/schema\\\/logo\\\/image\\\/\",\"url\":\"https:\\\/\\\/resibo.pl\\\/blog\\\/wp-content\\\/uploads\\\/2022\\\/02\\\/cropped-logo.png\",\"contentUrl\":\"https:\\\/\\\/resibo.pl\\\/blog\\\/wp-content\\\/uploads\\\/2022\\\/02\\\/cropped-logo.png\",\"width\":274,\"height\":109,\"caption\":\"Resibo\"},\"image\":{\"@id\":\"https:\\\/\\\/resibo.pl\\\/blog\\\/#\\\/schema\\\/logo\\\/image\\\/\"},\"sameAs\":[\"http:\\\/\\\/facebook.com\\\/resiboPL\",\"http:\\\/\\\/instagram.com\\\/resibobynature\"]},{\"@type\":\"Person\",\"@id\":\"https:\\\/\\\/resibo.pl\\\/blog\\\/#\\\/schema\\\/person\\\/422edacdfc1793c9311a22b620e6201f\",\"name\":\"Ewelina\",\"image\":{\"@type\":\"ImageObject\",\"inLanguage\":\"pl-PL\",\"@id\":\"https:\\\/\\\/secure.gravatar.com\\\/avatar\\\/2f67341ceeaf55c022abc2d20067afb8faec5bc7e5a3e529661c30e26d8d2457?s=96&d=mm&r=g\",\"url\":\"https:\\\/\\\/secure.gravatar.com\\\/avatar\\\/2f67341ceeaf55c022abc2d20067afb8faec5bc7e5a3e529661c30e26d8d2457?s=96&d=mm&r=g\",\"contentUrl\":\"https:\\\/\\\/secure.gravatar.com\\\/avatar\\\/2f67341ceeaf55c022abc2d20067afb8faec5bc7e5a3e529661c30e26d8d2457?s=96&d=mm&r=g\",\"caption\":\"Ewelina\"},\"description\":\"Ewelina Kwit-Betlej, tw\u00f3rca marki Resibo Resibo to moja odpowied\u017a na\u2026 moje w\u0142asne potrzeby. Postanowi\u0142am stworzy\u0107 w\u0142asn\u0105 mark\u0119 kosmetyczn\u0105. Naturaln\u0105, od pocz\u0105tku do ko\u0144ca ekologiczn\u0105, spe\u0142niaj\u0105c\u0105 oczekiwania nie tylko moje, ale te\u017c \u2013 jestem o tym przekonana \u2013 najbardziej wymagaj\u0105cych klientek. I oto jest \u2013 moja w\u0142asna kreacja\u2026 Bo \u017cycie JEST przygod\u0105.\",\"url\":\"https:\\\/\\\/resibo.pl\\\/blog\\\/author\\\/ewelina\\\/\"}]}<\/script>\n<!-- \/ Yoast SEO plugin. -->","yoast_head_json":{"title":"Piel\u0119gnacja cia\u0142a latem - Kosmetyki naturalne Resibo","description":"Piel\u0119gnacja cia\u0142a latem to co\u015b, czemu warto po\u015bwi\u0119ci\u0107 odpowiednio du\u017co czasu. Sk\u00f3ra odwdzi\u0119czy si\u0119 za ka\u017cd\u0105 po\u015bwi\u0119con\u0105 jej chwil\u0119.","robots":{"index":"index","follow":"follow","max-snippet":"max-snippet:-1","max-image-preview":"max-image-preview:large","max-video-preview":"max-video-preview:-1"},"canonical":"https:\/\/resibo.pl\/blog\/pielegnacja-ciala-latem\/","og_locale":"pl_PL","og_type":"article","og_title":"Piel\u0119gnacja cia\u0142a latem - Kosmetyki naturalne Resibo","og_description":"Piel\u0119gnacja cia\u0142a latem to co\u015b, czemu warto po\u015bwi\u0119ci\u0107 odpowiednio du\u017co czasu. Sk\u00f3ra odwdzi\u0119czy si\u0119 za ka\u017cd\u0105 po\u015bwi\u0119con\u0105 jej chwil\u0119.","og_url":"https:\/\/resibo.pl\/blog\/pielegnacja-ciala-latem\/","og_site_name":"Kosmetyki naturalne Resibo","article_publisher":"http:\/\/facebook.com\/resiboPL","article_published_time":"2020-07-19T19:51:39+00:00","og_image":[{"width":2560,"height":1707,"url":"https:\/\/resibo.pl\/blog\/wp-content\/uploads\/2020\/07\/resibo_sesja.wierzbna24-2-scaled.jpg","type":"image\/jpeg"}],"author":"Ewelina","twitter_misc":{"Napisane przez":"Ewelina","Szacowany czas czytania":"4 minuty"},"schema":{"@context":"https:\/\/schema.org","@graph":[{"@type":"Article","@id":"https:\/\/resibo.pl\/blog\/pielegnacja-ciala-latem\/#article","isPartOf":{"@id":"https:\/\/resibo.pl\/blog\/pielegnacja-ciala-latem\/"},"author":{"name":"Ewelina","@id":"https:\/\/resibo.pl\/blog\/#\/schema\/person\/422edacdfc1793c9311a22b620e6201f"},"headline":"Piel\u0119gnacja cia\u0142a latem","datePublished":"2020-07-19T19:51:39+00:00","mainEntityOfPage":{"@id":"https:\/\/resibo.pl\/blog\/pielegnacja-ciala-latem\/"},"wordCount":891,"commentCount":0,"publisher":{"@id":"https:\/\/resibo.pl\/blog\/#organization"},"image":{"@id":"https:\/\/resibo.pl\/blog\/pielegnacja-ciala-latem\/#primaryimage"},"thumbnailUrl":"https:\/\/resibo.pl\/blog\/wp-content\/uploads\/2020\/07\/resibo_sesja.wierzbna24-2-scaled.jpg","articleSection":["O pielegnacji"],"inLanguage":"pl-PL","potentialAction":[{"@type":"CommentAction","name":"Comment","target":["https:\/\/resibo.pl\/blog\/pielegnacja-ciala-latem\/#respond"]}]},{"@type":"WebPage","@id":"https:\/\/resibo.pl\/blog\/pielegnacja-ciala-latem\/","url":"https:\/\/resibo.pl\/blog\/pielegnacja-ciala-latem\/","name":"Piel\u0119gnacja cia\u0142a latem - Kosmetyki naturalne Resibo","isPartOf":{"@id":"https:\/\/resibo.pl\/blog\/#website"},"primaryImageOfPage":{"@id":"https:\/\/resibo.pl\/blog\/pielegnacja-ciala-latem\/#primaryimage"},"image":{"@id":"https:\/\/resibo.pl\/blog\/pielegnacja-ciala-latem\/#primaryimage"},"thumbnailUrl":"https:\/\/resibo.pl\/blog\/wp-content\/uploads\/2020\/07\/resibo_sesja.wierzbna24-2-scaled.jpg","datePublished":"2020-07-19T19:51:39+00:00","description":"Piel\u0119gnacja cia\u0142a latem to co\u015b, czemu warto po\u015bwi\u0119ci\u0107 odpowiednio du\u017co czasu. Sk\u00f3ra odwdzi\u0119czy si\u0119 za ka\u017cd\u0105 po\u015bwi\u0119con\u0105 jej chwil\u0119.","breadcrumb":{"@id":"https:\/\/resibo.pl\/blog\/pielegnacja-ciala-latem\/#breadcrumb"},"inLanguage":"pl-PL","potentialAction":[{"@type":"ReadAction","target":["https:\/\/resibo.pl\/blog\/pielegnacja-ciala-latem\/"]}]},{"@type":"ImageObject","inLanguage":"pl-PL","@id":"https:\/\/resibo.pl\/blog\/pielegnacja-ciala-latem\/#primaryimage","url":"https:\/\/resibo.pl\/blog\/wp-content\/uploads\/2020\/07\/resibo_sesja.wierzbna24-2-scaled.jpg","contentUrl":"https:\/\/resibo.pl\/blog\/wp-content\/uploads\/2020\/07\/resibo_sesja.wierzbna24-2-scaled.jpg","width":2560,"height":1707,"caption":"Resibo dziewczyna w wianku na \u0142\u0105ce z bukietem kwiat\u00f3w piel\u0119gnacja cia\u0142a latem"},{"@type":"BreadcrumbList","@id":"https:\/\/resibo.pl\/blog\/pielegnacja-ciala-latem\/#breadcrumb","itemListElement":[{"@type":"ListItem","position":1,"name":"Strona g\u0142\u00f3wna","item":"https:\/\/resibo.pl\/blog\/"},{"@type":"ListItem","position":2,"name":"Piel\u0119gnacja cia\u0142a latem"}]},{"@type":"WebSite","@id":"https:\/\/resibo.pl\/blog\/#website","url":"https:\/\/resibo.pl\/blog\/","name":"Kosmetyki naturalne Resibo","description":"","publisher":{"@id":"https:\/\/resibo.pl\/blog\/#organization"},"potentialAction":[{"@type":"SearchAction","target":{"@type":"EntryPoint","urlTemplate":"https:\/\/resibo.pl\/blog\/?s={search_term_string}"},"query-input":{"@type":"PropertyValueSpecification","valueRequired":true,"valueName":"search_term_string"}}],"inLanguage":"pl-PL"},{"@type":"Organization","@id":"https:\/\/resibo.pl\/blog\/#organization","name":"Resibo","url":"https:\/\/resibo.pl\/blog\/","logo":{"@type":"ImageObject","inLanguage":"pl-PL","@id":"https:\/\/resibo.pl\/blog\/#\/schema\/logo\/image\/","url":"https:\/\/resibo.pl\/blog\/wp-content\/uploads\/2022\/02\/cropped-logo.png","contentUrl":"https:\/\/resibo.pl\/blog\/wp-content\/uploads\/2022\/02\/cropped-logo.png","width":274,"height":109,"caption":"Resibo"},"image":{"@id":"https:\/\/resibo.pl\/blog\/#\/schema\/logo\/image\/"},"sameAs":["http:\/\/facebook.com\/resiboPL","http:\/\/instagram.com\/resibobynature"]},{"@type":"Person","@id":"https:\/\/resibo.pl\/blog\/#\/schema\/person\/422edacdfc1793c9311a22b620e6201f","name":"Ewelina","image":{"@type":"ImageObject","inLanguage":"pl-PL","@id":"https:\/\/secure.gravatar.com\/avatar\/2f67341ceeaf55c022abc2d20067afb8faec5bc7e5a3e529661c30e26d8d2457?s=96&d=mm&r=g","url":"https:\/\/secure.gravatar.com\/avatar\/2f67341ceeaf55c022abc2d20067afb8faec5bc7e5a3e529661c30e26d8d2457?s=96&d=mm&r=g","contentUrl":"https:\/\/secure.gravatar.com\/avatar\/2f67341ceeaf55c022abc2d20067afb8faec5bc7e5a3e529661c30e26d8d2457?s=96&d=mm&r=g","caption":"Ewelina"},"description":"Ewelina Kwit-Betlej, tw\u00f3rca marki Resibo Resibo to moja odpowied\u017a na\u2026 moje w\u0142asne potrzeby. Postanowi\u0142am stworzy\u0107 w\u0142asn\u0105 mark\u0119 kosmetyczn\u0105. Naturaln\u0105, od pocz\u0105tku do ko\u0144ca ekologiczn\u0105, spe\u0142niaj\u0105c\u0105 oczekiwania nie tylko moje, ale te\u017c \u2013 jestem o tym przekonana \u2013 najbardziej wymagaj\u0105cych klientek. I oto jest \u2013 moja w\u0142asna kreacja\u2026 Bo \u017cycie JEST przygod\u0105.","url":"https:\/\/resibo.pl\/blog\/author\/ewelina\/"}]}},"_links":{"self":[{"href":"https:\/\/resibo.pl\/blog\/wp-json\/wp\/v2\/posts\/8178","targetHints":{"allow":["GET"]}}],"collection":[{"href":"https:\/\/resibo.pl\/blog\/wp-json\/wp\/v2\/posts"}],"about":[{"href":"https:\/\/resibo.pl\/blog\/wp-json\/wp\/v2\/types\/post"}],"author":[{"embeddable":true,"href":"https:\/\/resibo.pl\/blog\/wp-json\/wp\/v2\/users\/7"}],"replies":[{"embeddable":true,"href":"https:\/\/resibo.pl\/blog\/wp-json\/wp\/v2\/comments?post=8178"}],"version-history":[{"count":0,"href":"https:\/\/resibo.pl\/blog\/wp-json\/wp\/v2\/posts\/8178\/revisions"}],"wp:featuredmedia":[{"embeddable":true,"href":"https:\/\/resibo.pl\/blog\/wp-json\/wp\/v2\/media\/8180"}],"wp:attachment":[{"href":"https:\/\/resibo.pl\/blog\/wp-json\/wp\/v2\/media?parent=8178"}],"wp:term":[{"taxonomy":"category","embeddable":true,"href":"https:\/\/resibo.pl\/blog\/wp-json\/wp\/v2\/categories?post=8178"},{"taxonomy":"post_tag","embeddable":true,"href":"https:\/\/resibo.pl\/blog\/wp-json\/wp\/v2\/tags?post=8178"}],"curies":[{"name":"wp","href":"https:\/\/api.w.org\/{rel}","templated":true}]}}