{"id":8239,"date":"2020-09-22T20:33:59","date_gmt":"2020-09-22T18:33:59","guid":{"rendered":"https:\/\/resibo.pl\/blog\/?p=8239"},"modified":"2020-09-22T20:33:59","modified_gmt":"2020-09-22T18:33:59","slug":"cera-tlusta-jak-ja-pielegnowac-wieczorem","status":"publish","type":"post","link":"https:\/\/resibo.pl\/blog\/cera-tlusta-jak-ja-pielegnowac-wieczorem\/","title":{"rendered":"Cera t\u0142usta. Jak j\u0105 piel\u0119gnowa\u0107 wieczorem? Zobacz i zastosuj!"},"content":{"rendered":"<div class=\"vgblk-rw-wrapper limit-wrapper\">\n<p><a href=\"https:\/\/resibo.pl\/kategoria\/17\/kosmetyki\">Naturalne kosmetyki<\/a> dla cery t\u0142ustej musz\u0105 dzia\u0142a\u0107 na ni\u0105 normalizuj\u0105co, regulowa\u0107 produkcj\u0119 sebum, matowa\u0107 i wspiera\u0107 jej naturalne procesy odnowy. Jak powinna wygl\u0105da\u0107 wieczorna piel\u0119gnacja takiej sk\u00f3ry? Jakie naturalne kosmetyki dla cery t\u0142ustej wybra\u0107?<\/p>\n\n\n\n<h2 class=\"wp-block-heading\"> Cera t\u0142usta \u2013 jakie ma cechy? <\/h2>\n\n\n\n<p>Cera t\u0142usta, zwana tak\u017ce \u0142ojotokow\u0105, jest gruba, z widocznymi zask\u00f3rnikami, ma szaro\u017c\u00f3\u0142ty, czasem ziemisty kolor, a w dotyku jest lepka. W dodatku nieestetycznie b\u0142yszczy si\u0119, szczeg\u00f3lnie w strefie T. Bywa zmor\u0105 nastolatk\u00f3w, ale coraz cz\u0119\u015bciej z problemami dla niej typowymi borykaj\u0105 si\u0119 r\u00f3wnie\u017c osoby doros\u0142e. Cech\u0105 cery t\u0142ustej jest nadmierna produkcja sebum, kt\u00f3ra mo\u017ce przyczynia\u0107 si\u0119 do powstawania niedoskona\u0142o\u015bci, takich jak m.in. zask\u00f3rniki czy tr\u0105dzik. Posiadanie tego rodzaju sk\u00f3ry ma te\u017c jednak dobre strony \u2013 jest ona bardzo odporna na dzia\u0142anie czynnik\u00f3w zewn\u0119trznych, takich jak wiatr czy mr\u00f3z i wolniej si\u0119 starzeje.<\/p>\n\n\n\n<h2 class=\"wp-block-heading\"> Cera t\u0142usta \u2013 piel\u0119gnacja  n<\/h2>\n\n\n\n<p>Jak dba\u0107 o cer\u0119 t\u0142ust\u0105 efektywnie? Przede wszystkim\nnale\u017cy postawi\u0107 na kosmetyki bogate w sk\u0142adniki aktywne. Powinny dzia\u0142a\u0107\nnormalizuj\u0105co, regulowa\u0107 produkcj\u0119 sebum i matowa\u0107, a jednocze\u015bnie \u2013\nregenerowa\u0107, \u0142agodzi\u0107, dzia\u0142a\u0107 przeciwzapalnie i nawil\u017ca\u0107. Wbrew pozorom, cera\nt\u0142usta bardzo cz\u0119sto boryka si\u0119 z niedostatkiem substancji nawil\u017caj\u0105cych. St\u0105d\nw\u0142a\u015bnie nadmierna produkcja sebum, aby te braki zrekompensowa\u0107. Substancje\naktywne wspieraj\u0105ce sk\u00f3r\u0119 cer\u0119 t\u0142ust\u0105 to przede wszystkim:<\/p>\n\n\n\n<ul class=\"wp-block-list\"><li><a href=\"https:\/\/resibo.pl\/blog\/niacynamid-co-to-za-skladnik\/\">niacynamid (witamina B3)<\/a> \u2013 reguluje prac\u0119 gruczo\u0142\u00f3w \u0142ojowych, zmniejszaj\u0105c nadmierne wydzielanie sebum, reguluje proces rogowacenia nask\u00f3rka i zmniejsza szorstko\u015b\u0107 sk\u00f3ry, zw\u0119\u017ca rozszerzone pory, dzia\u0142a koj\u0105co na stany zapalne,<\/li><li>azeloglicyna (kwas azelainowy) \u2013 kontroluje produkcj\u0119 sebum i dzia\u0142a przeciwtr\u0105dzikowo,<\/li><li>skrobia z manioku \u2013 redukuje t\u0142usto\u015b\u0107 sk\u00f3ry, daj\u0105c jej matowe wyko\u0144czenie,<\/li><li>ekstrakty z kwiat\u00f3w lotosu \u2013 zapewniaj\u0105 czysto\u015b\u0107 sk\u00f3ry, zapobiegaj\u0105 nadprodukcji sebum oraz procesom sprzyjaj\u0105cym powstawaniu niedoskona\u0142o\u015bci.<\/li><\/ul>\n\n\n\n<h2 class=\"wp-block-heading\"> Cera t\u0142usta \u2013 jak dba\u0107? Oczyszczanie<\/h2>\n\n\n\n<p>Sk\u00f3ra t\u0142usta wymaga bardzo dok\u0142adnego, co\nnajmniej dwuetapowego oczyszczania. Wyj\u0105tkowym produktem, kt\u00f3ry nie tylko skutecznie oczy\u015bci ten\nrodzaj sk\u00f3ry, ale te\u017c pomo\u017ce\njej w odzyskaniu odpowiedniego balansu, jest<a href=\"https:\/\/resibo.pl\/produkt\/2\/olejek-do-demakijazu\"> <\/a><a href=\"https:\/\/resibo.pl\/produkt\/2\/olejek-do-demakijazu\">olejek do demakija\u017cu<\/a>. Wbrew\nobiegowej opinii, oleje to doskona\u0142y spos\u00f3b na\noczyszczanie t\u0142ustej sk\u00f3ry \u2013 z tej\nprostej przyczyny, \u017ce t\u0142uszcze rozpuszczaj\u0105 si\u0119 w t\u0142uszczach. Dlatego olejek do\ndemakija\u017cu doskonale poradzi sobie z oczyszczeniem cery z nadmiarem sebum,\nponiewa\u017c je rozpuszcza. Co wi\u0119cej, wp\u0142ynie na regulacj\u0119 pracy gruczo\u0142\u00f3w\n\u0142ojowych. Zawiera m.in. olej lniany, bogaty w witamin\u0119 E, kt\u00f3ry dzi\u0119ki zawarto\u015bci kwasu\nlinolenowego nawil\u017ca, redukuje szorstko\u015b\u0107 sk\u00f3ry i przebarwienia oraz przyspiesza\nodnow\u0119 kom\u00f3rkow\u0105. Do\nolejku Resibo do\u0142\u0105czona jest mi\u0119kka \u015bciereczka z mikrow\u0142\u00f3kna, kt\u00f3ra dodatkowo wspiera oczyszczanie,\ndelikatnie z\u0142uszczaj\u0105c nask\u00f3rek.<\/p>\n\n\n\n<p>Drugim etapem\npo oczyszczaniu olejkiem powinien by\u0107<a href=\"https:\/\/resibo.pl\/produkt\/48\/naturalny-zel-myjacy-do-twarzy-z-ekstraktem-z-brzoskwini\"> <\/a><a href=\"https:\/\/resibo.pl\/produkt\/48\/naturalny-zel-myjacy-do-twarzy-z-ekstraktem-z-brzoskwini\">naturalny \u017cel\nmyj\u0105cy do twarzy<\/a>. Skutecznie, ale \u0142agodnie domyje\nwszelkie pozosta\u0142o\u015bci makija\u017cu i zanieczyszcze\u0144, szczeg\u00f3lnie w miejscach, kt\u00f3re podczas stosowania olejku odruchowo\nomijamy, jak okolice oczu czy linia w\u0142os\u00f3w. Co wa\u017cne,\n\u017cel nie narusza bariery lipidowej i pozostawia sk\u00f3r\u0119 mi\u0119kk\u0105, czyst\u0105 i delikatnie\nnawil\u017con\u0105.<\/p>\n\n\n\n<p>Je\u015bli lubimy\np\u0142yny micelarne, to w\u0142a\u015bnie taki produkt mo\u017ce stanowi\u0107 drugi krok w\noczyszczaniu sk\u00f3ry.<a href=\"https:\/\/resibo.pl\/produkt\/6\/plyn-micelarny\"> <\/a><a href=\"https:\/\/resibo.pl\/produkt\/6\/plyn-micelarny\">p\u0142yn micelarny Resibo<\/a>, dzi\u0119ki\nzawarto\u015bci wyci\u0105gu z sza\u0142wii lekarskiej i D-panthenolu, jest \u0142agodny dla sk\u00f3ry, a jednocze\u015bnie skutecznie usuwa\nzanieczyszczenia i reguluje wydzielanie sebum.P\u0142yn micelarny zawiera substancje\nmyj\u0105ce, dlatego zawsze nale\u017cy go zmy\u0107 wod\u0105.<\/p>\n\n\n\n<h2 class=\"wp-block-heading\"> Cera t\u0142usta \u2013 jak dba\u0107? Tonizowanie <\/h2>\n\n\n\n<p>Trzeci krok\noczyszczania to tonizowanie, czyli przywr\u00f3cenie sk\u00f3rze w\u0142a\u015bciwego pH. Dlaczego jest takie\nwa\u017cne? Dlatego, \u017ce kosmetyki oczyszczaj\u0105ce, nawet te naj\u0142agodniejsze, zawsze w\njakim\u015b stopniu naruszaj\u0105 barier\u0119 lipidow\u0105. Gdy sk\u00f3ra odzyskuje kwa\u015bny odczyn pH,\nodbudowuje j\u0105 znacznie szybciej. Na tym w\u0142a\u015bnie polega rola tonizowania. <\/p>\n\n\n\n<p><a href=\"https:\/\/resibo.pl\/produkt\/5\/tonik-esencja-nawilzajaca\">Tonik. Esencja\nnawil\u017caj\u0105ca Resibo<\/a> to nie jest\nzwyk\u0142y tonik. Nie tylko wyr\u00f3wnuje pH sk\u00f3ry, ale te\u017c intensywnie nawil\u017ca i\n\u0142agodzi. Zawiera m.in.:<\/p>\n\n\n\n<ul class=\"wp-block-list\"><li>ekstrakt z korzenia rabarbaru, czyli Aquaxtrem\u2122, kt\u00f3ry aktywuje naturalne mechanizmy\nnawil\u017cenia sk\u00f3ry i stymuluje r\u00f3\u017cnicowanie si\u0119 kom\u00f3rek nask\u00f3rka, <\/li><li>kwas hialuronowy, kt\u00f3ry g\u0142\u0119boko nawil\u017ca sk\u00f3r\u0119,<\/li><li>olej z pestek dyni, kt\u00f3ry tworzy na powierzchni sk\u00f3ry niewidoczny film zapobiegaj\u0105cy\nnadmiernemu odparowywaniu wody, ponadto zmi\u0119kcza i wyg\u0142adza sk\u00f3r\u0119.<\/li><\/ul>\n\n\n\n<h2 class=\"wp-block-heading\">Cera t\u0142usta \u2013 jak dba\u0107? Krem i serum<\/h2>\n\n\n\n<p>Cera t\u0142usta\nlubi lekkie kremu o dzia\u0142aniu nawil\u017caj\u0105cym, normalizuj\u0105cym i matuj\u0105cym.\n\u015awietnie sprawdzi si\u0119 w takiej roli<a href=\"https:\/\/resibo.pl\/produkt\/69\/resibo-lekki-krem-nawilzajacy-50ml\"> <\/a><a href=\"https:\/\/resibo.pl\/produkt\/69\/resibo-lekki-krem-nawilzajacy-50ml\">lekki krem\nnawil\u017caj\u0105cy<\/a>. Zawiera m.in. trehaloz\u0119, czyli dwucukier, kt\u00f3ry wyst\u0119puje m.in. w ro\u015blinach\npustynnych, gdzie \u201eodpowiada\u201d za w\u0142a\u015bciwe nawodnienie i utrzymanie wody w\nczasie suszy, oraz ekstrakt z kasztanowca, kt\u00f3ry dzia\u0142a przeciw\u0142ojotokowo.<\/p>\n\n\n\n<p>Przy cerze\nt\u0142ustej, tak jak przy ka\u017cdej innej, nie wolno zapomina\u0107 o<a href=\"https:\/\/resibo.pl\/produkt\/4\/krem-pod-oczy\"> <\/a><a href=\"https:\/\/resibo.pl\/produkt\/4\/krem-pod-oczy\">kremie pod oczy<\/a>. Cienka sk\u00f3ra tej partii twarzy wymaga sta\u0142ego\nwsparcia, niezale\u017cnie od rodzaju sk\u00f3ry.<\/p>\n\n\n\n<p>Osoby z cer\u0105\nt\u0142ust\u0105 powinny r\u00f3wnie\u017c wdro\u017cy\u0107\ndo swojej rutyny nie tylko wieczornej, ale i porannej,<a href=\"https:\/\/resibo.pl\/kategoria\/17\/kosmetyki\"> <\/a><a href=\"https:\/\/resibo.pl\/kategoria\/17\/kosmetyki\">serum normalizuj\u0105ce<\/a>. To\nkompleksowe wsparcie sk\u00f3ry zmagaj\u0105cej\nsi\u0119 z nadprodukcj\u0105 sebum, jak te\u017c tr\u0105dzikowej. <\/p>\n\n\n\n<h2 class=\"wp-block-heading\">Cera t\u0142usta \u2013 jak dba\u0107? Z\u0142uszczanie<\/h2>\n\n\n\n<p>Cykl odnowy\nnask\u00f3rka trwa 28\ndni. Przez ca\u0142y ten czas wytwarzane s\u0105 nowe kom\u00f3rki, kt\u00f3re przemieszczaj\u0105 si\u0119 do g\u00f3rnych warstw sk\u00f3ry, zast\u0119puj\u0105c kom\u00f3rki obumieraj\u0105ce. Aby ods\u0142oni\u0107 nowy, \u015bwie\u017cy nask\u00f3rek, a jednocze\u015bnie utrzyma\u0107\nzewn\u0119trzn\u0105 warstw\u0119 sk\u00f3ry w dobrej\nkondycji, niezb\u0119dne jest z\u0142uszczenie zrogowacia\u0142ej warstwy, a tym samym \u2013\nstworzenie miejsca dla nowych kom\u00f3rek. I tu do\nakcji wkraczaj\u0105 peelingi, kt\u00f3re \u2013\nodpowiednio dobrane \u2013 maj\u0105 znacz\u0105cy wp\u0142yw na kondycj\u0119 sk\u00f3ry. Dobrze skomponowane naturalne\npeelingi nie tylko usuwaj\u0105 martwy nask\u00f3rek, ale te\u017c\noczyszczaj\u0105 zablokowane pory, zapobiegaj\u0105c powstawaniu zask\u00f3rnik\u00f3w. Sk\u00f3ra po takim zabiegu jest g\u0142adsza,\nlepiej ukrwiona i bardziej j\u0119drna. O wiele \u0142atwiej te\u017c przyjmuje substancje\naktywne zawarte w kosmetykach piel\u0119gnacyjnych. <\/p>\n\n\n\n<p>Idealny dla\ncery t\u0142ustej jest<a href=\"https:\/\/resibo.pl\/produkt\/18\/multifunkcyjny-peeling-do-twarzy\"> <\/a><a href=\"https:\/\/resibo.pl\/produkt\/18\/multifunkcyjny-peeling-do-twarzy\">multifunkcyjny\npeeling do twarzy<\/a>, kt\u00f3ry usuwa martwy nask\u00f3rek, nawil\u017ca, od\u017cywia i roz\u015bwietla sk\u00f3r\u0119. Zawiera m.in. <\/p>\n\n\n\n<ul class=\"wp-block-list\"><li>bia\u0142\u0105 glink\u0119, kt\u00f3ra wyg\u0142adza sk\u00f3r\u0119, zw\u0119\u017ca pory, absorbuje nadmiar\nsebum, rewitalizuje i rozja\u015bnia cer\u0119, a tak\u017ce likwiduje martwe kom\u00f3rki i stymuluje regeneracj\u0119 tkanek, <\/li><li>PerfectionPeptide P3, biologicznie aktywny tr\u00f3jpeptyd, kt\u00f3ry przyspiesza odnow\u0119 nask\u00f3rka, kt\u00f3ry znacz\u0105co wp\u0142ywa na poziom\nnawil\u017cenia sk\u00f3ry i wyra\u017anie j\u0105 wyg\u0142adza, zmniejszaj\u0105c zmarszczki.<\/li><\/ul>\n\n\n\n<p>Warto pami\u0119ta\u0107,\n\u017ce naturalne kosmetyki dla cery t\u0142ustej nie dadz\u0105 natychmiastowych efekt\u00f3w, tak jak kosmetyki syntetyczne,\nzawieraj\u0105ce szybko dzia\u0142aj\u0105ce, ale wysuszaj\u0105ce alkohole. Jednak wystarczy\nodrobina cierpliwo\u015bci, by zobaczy\u0107, \u017ce dzi\u0119ki naturalnym produktom sk\u00f3ra z czasem zyskuje lepsz\u0105 kondycj\u0119 i\nnabiera w\u0142asnej odporno\u015bci na dzia\u0142anie szkodliwych czynnik\u00f3w. <\/p>\n\n\n\n<h2 class=\"wp-block-heading\">   <\/h2>\n<\/div><!-- .vgblk-rw-wrapper -->","protected":false},"excerpt":{"rendered":"<p>Naturalne kosmetyki dla cery t\u0142ustej musz\u0105 dzia\u0142a\u0107 na ni\u0105 normalizuj\u0105co, regulowa\u0107 produkcj\u0119 sebum, matowa\u0107 i wspiera\u0107 jej naturalne procesy odnowy. Jak powinna wygl\u0105da\u0107 wieczorna piel\u0119gnacja takiej sk\u00f3ry? Jakie naturalne kosmetyki dla cery t\u0142ustej wybra\u0107? Cera t\u0142usta \u2013 jakie ma cechy? Cera t\u0142usta, zwana tak\u017ce \u0142ojotokow\u0105, jest gruba, z widocznymi zask\u00f3rnikami, ma szaro\u017c\u00f3\u0142ty, czasem ziemisty kolor,&#8230;<\/p>\n","protected":false},"author":5,"featured_media":8241,"comment_status":"open","ping_status":"open","sticky":false,"template":"","format":"standard","meta":{"footnotes":""},"categories":[40],"tags":[],"class_list":["post-8239","post","type-post","status-publish","format-standard","has-post-thumbnail","hentry","category-magda-o-pielegnacji"],"yoast_head":"<!-- This site is optimized with the Yoast SEO plugin v27.4 - https:\/\/yoast.com\/product\/yoast-seo-wordpress\/ -->\n<title>Cera t\u0142usta. Jak j\u0105 piel\u0119gnowa\u0107 wieczorem? Zobacz i zastosuj! - Kosmetyki naturalne Resibo<\/title>\n<meta name=\"description\" content=\"Cera t\u0142usta bywa wymagaj\u0105ca. Sprawd\u017a wieczorn\u0105 rutyn\u0119 dla sk\u00f3ry z nadprodukcj\u0105 sebum. Jakich kosmetyk\u00f3w u\u017cywa\u0107? O czym pami\u0119ta\u0107? Oto porady Resibo\" \/>\n<meta name=\"robots\" content=\"index, follow, max-snippet:-1, max-image-preview:large, max-video-preview:-1\" \/>\n<link rel=\"canonical\" href=\"https:\/\/resibo.pl\/blog\/cera-tlusta-jak-ja-pielegnowac-wieczorem\/\" \/>\n<meta property=\"og:locale\" content=\"pl_PL\" \/>\n<meta property=\"og:type\" content=\"article\" \/>\n<meta property=\"og:title\" content=\"Cera t\u0142usta. Jak j\u0105 piel\u0119gnowa\u0107 wieczorem? Zobacz i zastosuj! - Kosmetyki naturalne Resibo\" \/>\n<meta property=\"og:description\" content=\"Cera t\u0142usta bywa wymagaj\u0105ca. Sprawd\u017a wieczorn\u0105 rutyn\u0119 dla sk\u00f3ry z nadprodukcj\u0105 sebum. Jakich kosmetyk\u00f3w u\u017cywa\u0107? O czym pami\u0119ta\u0107? Oto porady Resibo\" \/>\n<meta property=\"og:url\" content=\"https:\/\/resibo.pl\/blog\/cera-tlusta-jak-ja-pielegnowac-wieczorem\/\" \/>\n<meta property=\"og:site_name\" content=\"Kosmetyki naturalne Resibo\" \/>\n<meta property=\"article:publisher\" content=\"http:\/\/facebook.com\/resiboPL\" \/>\n<meta property=\"article:published_time\" content=\"2020-09-22T18:33:59+00:00\" \/>\n<meta property=\"og:image\" content=\"https:\/\/resibo.pl\/blog\/wp-content\/uploads\/2020\/09\/resibo_14-1.jpg\" \/>\n\t<meta property=\"og:image:width\" content=\"1500\" \/>\n\t<meta property=\"og:image:height\" content=\"1001\" \/>\n\t<meta property=\"og:image:type\" content=\"image\/jpeg\" \/>\n<meta name=\"author\" content=\"Ewelina\" \/>\n<meta name=\"twitter:label1\" content=\"Napisane przez\" \/>\n\t<meta name=\"twitter:data1\" content=\"Ewelina\" \/>\n\t<meta name=\"twitter:label2\" content=\"Szacowany czas czytania\" \/>\n\t<meta name=\"twitter:data2\" content=\"6 minut\" \/>\n<script type=\"application\/ld+json\" class=\"yoast-schema-graph\">{\"@context\":\"https:\\\/\\\/schema.org\",\"@graph\":[{\"@type\":\"Article\",\"@id\":\"https:\\\/\\\/resibo.pl\\\/blog\\\/cera-tlusta-jak-ja-pielegnowac-wieczorem\\\/#article\",\"isPartOf\":{\"@id\":\"https:\\\/\\\/resibo.pl\\\/blog\\\/cera-tlusta-jak-ja-pielegnowac-wieczorem\\\/\"},\"author\":{\"name\":\"Ewelina\",\"@id\":\"https:\\\/\\\/resibo.pl\\\/blog\\\/#\\\/schema\\\/person\\\/8797ef0178e99c082c56d482d63ee1ce\"},\"headline\":\"Cera t\u0142usta. Jak j\u0105 piel\u0119gnowa\u0107 wieczorem? Zobacz i zastosuj!\",\"datePublished\":\"2020-09-22T18:33:59+00:00\",\"mainEntityOfPage\":{\"@id\":\"https:\\\/\\\/resibo.pl\\\/blog\\\/cera-tlusta-jak-ja-pielegnowac-wieczorem\\\/\"},\"wordCount\":1209,\"commentCount\":0,\"publisher\":{\"@id\":\"https:\\\/\\\/resibo.pl\\\/blog\\\/#organization\"},\"image\":{\"@id\":\"https:\\\/\\\/resibo.pl\\\/blog\\\/cera-tlusta-jak-ja-pielegnowac-wieczorem\\\/#primaryimage\"},\"thumbnailUrl\":\"https:\\\/\\\/resibo.pl\\\/blog\\\/wp-content\\\/uploads\\\/2020\\\/09\\\/resibo_14-1.jpg\",\"articleSection\":[\"O pielegnacji\"],\"inLanguage\":\"pl-PL\",\"potentialAction\":[{\"@type\":\"CommentAction\",\"name\":\"Comment\",\"target\":[\"https:\\\/\\\/resibo.pl\\\/blog\\\/cera-tlusta-jak-ja-pielegnowac-wieczorem\\\/#respond\"]}]},{\"@type\":\"WebPage\",\"@id\":\"https:\\\/\\\/resibo.pl\\\/blog\\\/cera-tlusta-jak-ja-pielegnowac-wieczorem\\\/\",\"url\":\"https:\\\/\\\/resibo.pl\\\/blog\\\/cera-tlusta-jak-ja-pielegnowac-wieczorem\\\/\",\"name\":\"Cera t\u0142usta. Jak j\u0105 piel\u0119gnowa\u0107 wieczorem? Zobacz i zastosuj! - Kosmetyki naturalne Resibo\",\"isPartOf\":{\"@id\":\"https:\\\/\\\/resibo.pl\\\/blog\\\/#website\"},\"primaryImageOfPage\":{\"@id\":\"https:\\\/\\\/resibo.pl\\\/blog\\\/cera-tlusta-jak-ja-pielegnowac-wieczorem\\\/#primaryimage\"},\"image\":{\"@id\":\"https:\\\/\\\/resibo.pl\\\/blog\\\/cera-tlusta-jak-ja-pielegnowac-wieczorem\\\/#primaryimage\"},\"thumbnailUrl\":\"https:\\\/\\\/resibo.pl\\\/blog\\\/wp-content\\\/uploads\\\/2020\\\/09\\\/resibo_14-1.jpg\",\"datePublished\":\"2020-09-22T18:33:59+00:00\",\"description\":\"Cera t\u0142usta bywa wymagaj\u0105ca. Sprawd\u017a wieczorn\u0105 rutyn\u0119 dla sk\u00f3ry z nadprodukcj\u0105 sebum. Jakich kosmetyk\u00f3w u\u017cywa\u0107? O czym pami\u0119ta\u0107? Oto porady Resibo\",\"breadcrumb\":{\"@id\":\"https:\\\/\\\/resibo.pl\\\/blog\\\/cera-tlusta-jak-ja-pielegnowac-wieczorem\\\/#breadcrumb\"},\"inLanguage\":\"pl-PL\",\"potentialAction\":[{\"@type\":\"ReadAction\",\"target\":[\"https:\\\/\\\/resibo.pl\\\/blog\\\/cera-tlusta-jak-ja-pielegnowac-wieczorem\\\/\"]}]},{\"@type\":\"ImageObject\",\"inLanguage\":\"pl-PL\",\"@id\":\"https:\\\/\\\/resibo.pl\\\/blog\\\/cera-tlusta-jak-ja-pielegnowac-wieczorem\\\/#primaryimage\",\"url\":\"https:\\\/\\\/resibo.pl\\\/blog\\\/wp-content\\\/uploads\\\/2020\\\/09\\\/resibo_14-1.jpg\",\"contentUrl\":\"https:\\\/\\\/resibo.pl\\\/blog\\\/wp-content\\\/uploads\\\/2020\\\/09\\\/resibo_14-1.jpg\",\"width\":1500,\"height\":1001,\"caption\":\"resibo_dziewczyna ze \u015bciereczk\u0105 do demakija\u017cu cera t\u0142usta\"},{\"@type\":\"BreadcrumbList\",\"@id\":\"https:\\\/\\\/resibo.pl\\\/blog\\\/cera-tlusta-jak-ja-pielegnowac-wieczorem\\\/#breadcrumb\",\"itemListElement\":[{\"@type\":\"ListItem\",\"position\":1,\"name\":\"Strona g\u0142\u00f3wna\",\"item\":\"https:\\\/\\\/resibo.pl\\\/blog\\\/\"},{\"@type\":\"ListItem\",\"position\":2,\"name\":\"Cera t\u0142usta. Jak j\u0105 piel\u0119gnowa\u0107 wieczorem? Zobacz i zastosuj!\"}]},{\"@type\":\"WebSite\",\"@id\":\"https:\\\/\\\/resibo.pl\\\/blog\\\/#website\",\"url\":\"https:\\\/\\\/resibo.pl\\\/blog\\\/\",\"name\":\"Kosmetyki naturalne Resibo\",\"description\":\"\",\"publisher\":{\"@id\":\"https:\\\/\\\/resibo.pl\\\/blog\\\/#organization\"},\"potentialAction\":[{\"@type\":\"SearchAction\",\"target\":{\"@type\":\"EntryPoint\",\"urlTemplate\":\"https:\\\/\\\/resibo.pl\\\/blog\\\/?s={search_term_string}\"},\"query-input\":{\"@type\":\"PropertyValueSpecification\",\"valueRequired\":true,\"valueName\":\"search_term_string\"}}],\"inLanguage\":\"pl-PL\"},{\"@type\":\"Organization\",\"@id\":\"https:\\\/\\\/resibo.pl\\\/blog\\\/#organization\",\"name\":\"Resibo\",\"url\":\"https:\\\/\\\/resibo.pl\\\/blog\\\/\",\"logo\":{\"@type\":\"ImageObject\",\"inLanguage\":\"pl-PL\",\"@id\":\"https:\\\/\\\/resibo.pl\\\/blog\\\/#\\\/schema\\\/logo\\\/image\\\/\",\"url\":\"https:\\\/\\\/resibo.pl\\\/blog\\\/wp-content\\\/uploads\\\/2022\\\/02\\\/cropped-logo.png\",\"contentUrl\":\"https:\\\/\\\/resibo.pl\\\/blog\\\/wp-content\\\/uploads\\\/2022\\\/02\\\/cropped-logo.png\",\"width\":274,\"height\":109,\"caption\":\"Resibo\"},\"image\":{\"@id\":\"https:\\\/\\\/resibo.pl\\\/blog\\\/#\\\/schema\\\/logo\\\/image\\\/\"},\"sameAs\":[\"http:\\\/\\\/facebook.com\\\/resiboPL\",\"http:\\\/\\\/instagram.com\\\/resibobynature\"]},{\"@type\":\"Person\",\"@id\":\"https:\\\/\\\/resibo.pl\\\/blog\\\/#\\\/schema\\\/person\\\/8797ef0178e99c082c56d482d63ee1ce\",\"name\":\"Ewelina\",\"image\":{\"@type\":\"ImageObject\",\"inLanguage\":\"pl-PL\",\"@id\":\"https:\\\/\\\/secure.gravatar.com\\\/avatar\\\/9f08c062cd4b29e0f0fb3897bea31178d0c5bbc9330b56f20bdbfd05bb69b5de?s=96&d=mm&r=g\",\"url\":\"https:\\\/\\\/secure.gravatar.com\\\/avatar\\\/9f08c062cd4b29e0f0fb3897bea31178d0c5bbc9330b56f20bdbfd05bb69b5de?s=96&d=mm&r=g\",\"contentUrl\":\"https:\\\/\\\/secure.gravatar.com\\\/avatar\\\/9f08c062cd4b29e0f0fb3897bea31178d0c5bbc9330b56f20bdbfd05bb69b5de?s=96&d=mm&r=g\",\"caption\":\"Ewelina\"},\"description\":\"Ewelina Kwit-Betlej, tw\u00f3rca marki Resibo Resibo to moja odpowied\u017a na\u2026 moje w\u0142asne potrzeby. Postanowi\u0142am stworzy\u0107 w\u0142asn\u0105 mark\u0119 kosmetyczn\u0105. Naturaln\u0105, od pocz\u0105tku do ko\u0144ca ekologiczn\u0105, spe\u0142niaj\u0105c\u0105 oczekiwania nie tylko moje, ale te\u017c \u2013 jestem o tym przekonana \u2013 najbardziej wymagaj\u0105cych klientek. I oto jest \u2013 moja w\u0142asna kreacja\u2026 Bo \u017cycie JEST przygod\u0105.\",\"url\":\"https:\\\/\\\/resibo.pl\\\/blog\\\/author\\\/redaktor\\\/\"}]}<\/script>\n<!-- \/ Yoast SEO plugin. -->","yoast_head_json":{"title":"Cera t\u0142usta. Jak j\u0105 piel\u0119gnowa\u0107 wieczorem? Zobacz i zastosuj! - Kosmetyki naturalne Resibo","description":"Cera t\u0142usta bywa wymagaj\u0105ca. Sprawd\u017a wieczorn\u0105 rutyn\u0119 dla sk\u00f3ry z nadprodukcj\u0105 sebum. Jakich kosmetyk\u00f3w u\u017cywa\u0107? O czym pami\u0119ta\u0107? Oto porady Resibo","robots":{"index":"index","follow":"follow","max-snippet":"max-snippet:-1","max-image-preview":"max-image-preview:large","max-video-preview":"max-video-preview:-1"},"canonical":"https:\/\/resibo.pl\/blog\/cera-tlusta-jak-ja-pielegnowac-wieczorem\/","og_locale":"pl_PL","og_type":"article","og_title":"Cera t\u0142usta. Jak j\u0105 piel\u0119gnowa\u0107 wieczorem? Zobacz i zastosuj! - Kosmetyki naturalne Resibo","og_description":"Cera t\u0142usta bywa wymagaj\u0105ca. Sprawd\u017a wieczorn\u0105 rutyn\u0119 dla sk\u00f3ry z nadprodukcj\u0105 sebum. Jakich kosmetyk\u00f3w u\u017cywa\u0107? O czym pami\u0119ta\u0107? Oto porady Resibo","og_url":"https:\/\/resibo.pl\/blog\/cera-tlusta-jak-ja-pielegnowac-wieczorem\/","og_site_name":"Kosmetyki naturalne Resibo","article_publisher":"http:\/\/facebook.com\/resiboPL","article_published_time":"2020-09-22T18:33:59+00:00","og_image":[{"width":1500,"height":1001,"url":"https:\/\/resibo.pl\/blog\/wp-content\/uploads\/2020\/09\/resibo_14-1.jpg","type":"image\/jpeg"}],"author":"Ewelina","twitter_misc":{"Napisane przez":"Ewelina","Szacowany czas czytania":"6 minut"},"schema":{"@context":"https:\/\/schema.org","@graph":[{"@type":"Article","@id":"https:\/\/resibo.pl\/blog\/cera-tlusta-jak-ja-pielegnowac-wieczorem\/#article","isPartOf":{"@id":"https:\/\/resibo.pl\/blog\/cera-tlusta-jak-ja-pielegnowac-wieczorem\/"},"author":{"name":"Ewelina","@id":"https:\/\/resibo.pl\/blog\/#\/schema\/person\/8797ef0178e99c082c56d482d63ee1ce"},"headline":"Cera t\u0142usta. Jak j\u0105 piel\u0119gnowa\u0107 wieczorem? Zobacz i zastosuj!","datePublished":"2020-09-22T18:33:59+00:00","mainEntityOfPage":{"@id":"https:\/\/resibo.pl\/blog\/cera-tlusta-jak-ja-pielegnowac-wieczorem\/"},"wordCount":1209,"commentCount":0,"publisher":{"@id":"https:\/\/resibo.pl\/blog\/#organization"},"image":{"@id":"https:\/\/resibo.pl\/blog\/cera-tlusta-jak-ja-pielegnowac-wieczorem\/#primaryimage"},"thumbnailUrl":"https:\/\/resibo.pl\/blog\/wp-content\/uploads\/2020\/09\/resibo_14-1.jpg","articleSection":["O pielegnacji"],"inLanguage":"pl-PL","potentialAction":[{"@type":"CommentAction","name":"Comment","target":["https:\/\/resibo.pl\/blog\/cera-tlusta-jak-ja-pielegnowac-wieczorem\/#respond"]}]},{"@type":"WebPage","@id":"https:\/\/resibo.pl\/blog\/cera-tlusta-jak-ja-pielegnowac-wieczorem\/","url":"https:\/\/resibo.pl\/blog\/cera-tlusta-jak-ja-pielegnowac-wieczorem\/","name":"Cera t\u0142usta. Jak j\u0105 piel\u0119gnowa\u0107 wieczorem? Zobacz i zastosuj! - Kosmetyki naturalne Resibo","isPartOf":{"@id":"https:\/\/resibo.pl\/blog\/#website"},"primaryImageOfPage":{"@id":"https:\/\/resibo.pl\/blog\/cera-tlusta-jak-ja-pielegnowac-wieczorem\/#primaryimage"},"image":{"@id":"https:\/\/resibo.pl\/blog\/cera-tlusta-jak-ja-pielegnowac-wieczorem\/#primaryimage"},"thumbnailUrl":"https:\/\/resibo.pl\/blog\/wp-content\/uploads\/2020\/09\/resibo_14-1.jpg","datePublished":"2020-09-22T18:33:59+00:00","description":"Cera t\u0142usta bywa wymagaj\u0105ca. Sprawd\u017a wieczorn\u0105 rutyn\u0119 dla sk\u00f3ry z nadprodukcj\u0105 sebum. Jakich kosmetyk\u00f3w u\u017cywa\u0107? O czym pami\u0119ta\u0107? Oto porady Resibo","breadcrumb":{"@id":"https:\/\/resibo.pl\/blog\/cera-tlusta-jak-ja-pielegnowac-wieczorem\/#breadcrumb"},"inLanguage":"pl-PL","potentialAction":[{"@type":"ReadAction","target":["https:\/\/resibo.pl\/blog\/cera-tlusta-jak-ja-pielegnowac-wieczorem\/"]}]},{"@type":"ImageObject","inLanguage":"pl-PL","@id":"https:\/\/resibo.pl\/blog\/cera-tlusta-jak-ja-pielegnowac-wieczorem\/#primaryimage","url":"https:\/\/resibo.pl\/blog\/wp-content\/uploads\/2020\/09\/resibo_14-1.jpg","contentUrl":"https:\/\/resibo.pl\/blog\/wp-content\/uploads\/2020\/09\/resibo_14-1.jpg","width":1500,"height":1001,"caption":"resibo_dziewczyna ze \u015bciereczk\u0105 do demakija\u017cu cera t\u0142usta"},{"@type":"BreadcrumbList","@id":"https:\/\/resibo.pl\/blog\/cera-tlusta-jak-ja-pielegnowac-wieczorem\/#breadcrumb","itemListElement":[{"@type":"ListItem","position":1,"name":"Strona g\u0142\u00f3wna","item":"https:\/\/resibo.pl\/blog\/"},{"@type":"ListItem","position":2,"name":"Cera t\u0142usta. Jak j\u0105 piel\u0119gnowa\u0107 wieczorem? Zobacz i zastosuj!"}]},{"@type":"WebSite","@id":"https:\/\/resibo.pl\/blog\/#website","url":"https:\/\/resibo.pl\/blog\/","name":"Kosmetyki naturalne Resibo","description":"","publisher":{"@id":"https:\/\/resibo.pl\/blog\/#organization"},"potentialAction":[{"@type":"SearchAction","target":{"@type":"EntryPoint","urlTemplate":"https:\/\/resibo.pl\/blog\/?s={search_term_string}"},"query-input":{"@type":"PropertyValueSpecification","valueRequired":true,"valueName":"search_term_string"}}],"inLanguage":"pl-PL"},{"@type":"Organization","@id":"https:\/\/resibo.pl\/blog\/#organization","name":"Resibo","url":"https:\/\/resibo.pl\/blog\/","logo":{"@type":"ImageObject","inLanguage":"pl-PL","@id":"https:\/\/resibo.pl\/blog\/#\/schema\/logo\/image\/","url":"https:\/\/resibo.pl\/blog\/wp-content\/uploads\/2022\/02\/cropped-logo.png","contentUrl":"https:\/\/resibo.pl\/blog\/wp-content\/uploads\/2022\/02\/cropped-logo.png","width":274,"height":109,"caption":"Resibo"},"image":{"@id":"https:\/\/resibo.pl\/blog\/#\/schema\/logo\/image\/"},"sameAs":["http:\/\/facebook.com\/resiboPL","http:\/\/instagram.com\/resibobynature"]},{"@type":"Person","@id":"https:\/\/resibo.pl\/blog\/#\/schema\/person\/8797ef0178e99c082c56d482d63ee1ce","name":"Ewelina","image":{"@type":"ImageObject","inLanguage":"pl-PL","@id":"https:\/\/secure.gravatar.com\/avatar\/9f08c062cd4b29e0f0fb3897bea31178d0c5bbc9330b56f20bdbfd05bb69b5de?s=96&d=mm&r=g","url":"https:\/\/secure.gravatar.com\/avatar\/9f08c062cd4b29e0f0fb3897bea31178d0c5bbc9330b56f20bdbfd05bb69b5de?s=96&d=mm&r=g","contentUrl":"https:\/\/secure.gravatar.com\/avatar\/9f08c062cd4b29e0f0fb3897bea31178d0c5bbc9330b56f20bdbfd05bb69b5de?s=96&d=mm&r=g","caption":"Ewelina"},"description":"Ewelina Kwit-Betlej, tw\u00f3rca marki Resibo Resibo to moja odpowied\u017a na\u2026 moje w\u0142asne potrzeby. Postanowi\u0142am stworzy\u0107 w\u0142asn\u0105 mark\u0119 kosmetyczn\u0105. Naturaln\u0105, od pocz\u0105tku do ko\u0144ca ekologiczn\u0105, spe\u0142niaj\u0105c\u0105 oczekiwania nie tylko moje, ale te\u017c \u2013 jestem o tym przekonana \u2013 najbardziej wymagaj\u0105cych klientek. I oto jest \u2013 moja w\u0142asna kreacja\u2026 Bo \u017cycie JEST przygod\u0105.","url":"https:\/\/resibo.pl\/blog\/author\/redaktor\/"}]}},"_links":{"self":[{"href":"https:\/\/resibo.pl\/blog\/wp-json\/wp\/v2\/posts\/8239","targetHints":{"allow":["GET"]}}],"collection":[{"href":"https:\/\/resibo.pl\/blog\/wp-json\/wp\/v2\/posts"}],"about":[{"href":"https:\/\/resibo.pl\/blog\/wp-json\/wp\/v2\/types\/post"}],"author":[{"embeddable":true,"href":"https:\/\/resibo.pl\/blog\/wp-json\/wp\/v2\/users\/5"}],"replies":[{"embeddable":true,"href":"https:\/\/resibo.pl\/blog\/wp-json\/wp\/v2\/comments?post=8239"}],"version-history":[{"count":0,"href":"https:\/\/resibo.pl\/blog\/wp-json\/wp\/v2\/posts\/8239\/revisions"}],"wp:featuredmedia":[{"embeddable":true,"href":"https:\/\/resibo.pl\/blog\/wp-json\/wp\/v2\/media\/8241"}],"wp:attachment":[{"href":"https:\/\/resibo.pl\/blog\/wp-json\/wp\/v2\/media?parent=8239"}],"wp:term":[{"taxonomy":"category","embeddable":true,"href":"https:\/\/resibo.pl\/blog\/wp-json\/wp\/v2\/categories?post=8239"},{"taxonomy":"post_tag","embeddable":true,"href":"https:\/\/resibo.pl\/blog\/wp-json\/wp\/v2\/tags?post=8239"}],"curies":[{"name":"wp","href":"https:\/\/api.w.org\/{rel}","templated":true}]}}