{"id":8545,"date":"2021-08-13T17:41:00","date_gmt":"2021-08-13T15:41:00","guid":{"rendered":"https:\/\/resibo.pl\/blog\/?p=8545"},"modified":"2022-06-01T15:00:10","modified_gmt":"2022-06-01T13:00:10","slug":"woda-lawendowa-na-tradzik-jakie-jeszcze-moze-miec-dzialanie","status":"publish","type":"post","link":"https:\/\/resibo.pl\/blog\/woda-lawendowa-na-tradzik-jakie-jeszcze-moze-miec-dzialanie\/","title":{"rendered":"Woda lawendowa na tr\u0105dzik. Jakie jeszcze mo\u017ce mie\u0107 dzia\u0142anie?"},"content":{"rendered":"<div class=\"vgblk-rw-wrapper limit-wrapper\">\n<h1 class=\"wp-block-heading\"><strong>Woda lawendowa w piel\u0119gnacji sk\u00f3ry. Jakie ma dzia\u0142anie?<\/strong><\/h1>\n\n\n\n<p><strong>Organiczna woda lawendowa to hydrolat o tak wielofunkcyjnym dzia\u0142aniu, \u017ce warto jej po\u015bwi\u0119ci\u0107 troch\u0119 wi\u0119cej uwagi. Jej wyj\u0105tkowe w\u0142a\u015bciwo\u015bci sprawiaj\u0105, \u017ce stosowana jest nie tylko w kosmetyce, ale te\u017c jako wsparcie w r\u00f3\u017cnego rodzaju terapiach.<\/strong><\/p>\n\n\n\n<h2 class=\"wp-block-heading\"><strong>Woda lawendowa \u2013 co to jest i jakie ma w\u0142a\u015bciwo\u015bci?<\/strong><\/h2>\n\n\n\n<p>Woda lawendowa, czyli hydrolat z lawendy, ma silne w\u0142a\u015bciwo\u015bci uspokajaj\u0105ce, dlatego cz\u0119sto stosowany jest jako aromat w sypialniach, poniewa\u017c u\u0142atwia zasypianie, koi nerwy i \u0142agodzi stres. Podobnie, ale nie tylko w ten spos\u00f3b, dzia\u0142a na sk\u00f3r\u0119. Koi, \u0142agodzi, wspomaga gojenie drobnych ran i uszkodze\u0144, ponadto oczyszcza, od\u015bwie\u017ca i tonizuje, a tak\u017ce regeneruje i nawil\u017ca. Ze wzgl\u0119du na silne dzia\u0142ania antyseptyczne i antybakteryjne oraz przeciwtr\u0105dzikowe jest cz\u0119stym sk\u0142adnikiem kosmetyk\u00f3w do cery tr\u0105dzikowej i z niedoskona\u0142o\u015bciami. Woda lawendowa jest doskona\u0142a tak\u017ce jako sk\u0142adnik kosmetyk\u00f3w do cery wra\u017cliwej i sk\u0142onnej do podra\u017cnie\u0144.<\/p>\n\n\n\n<p>Co wa\u017cne, jest to substancja na tyle bezpieczna, \u017ce nie ma przeciwwskaza\u0144 do jej stosowania. Nadaje do ka\u017cdego typu cery, nie tylko do tych wymienionych powy\u017cej<\/p>\n\n\n\n<h2 class=\"wp-block-heading\"><strong>Woda lawendowa \u2013 jak si\u0119 j\u0105 pozyskuje?<\/strong><\/h2>\n\n\n\n<p>Woda lawendowa, podobnie jak inne hydrolaty, powstaje w wyniku destylacji kwiat\u00f3w okre\u015blonej ro\u015bliny za pomoc\u0105 pary wodnej. Ciek\u0142a mieszanina jest odparowywana, a nast\u0119pnie jej sk\u0142adniki s\u0105 skraplane. Proces ten jest procesem ubocznym pozyskiwania olejk\u00f3w eterycznych obecnych w ro\u015blinach. W efekcie otrzymujemy olejek eteryczny oraz wod\u0119 podestylacyjn\u0105. W przypadku wody lawendowej baz\u0105 s\u0105 p\u0142atki kwiat\u00f3w lawendy w\u0105skolistnej (\u0142ac. <em>Lavandula angustifolia<\/em>), zwanej tak\u017ce lawend\u0105 lekarsk\u0105 (najpopularniejszy gatunek tego p\u00f3\u0142krzewu).<\/p>\n\n\n\n<h2 class=\"wp-block-heading\"><strong>Kiedy warto szuka\u0107 produkt\u00f3w z wod\u0105 lawendow\u0105?<\/strong><\/h2>\n\n\n\n<p>Po produkty zawieraj\u0105ce wod\u0119 lawendow\u0105 powinny, je\u015bli chodzi o kosmetyki, si\u0119gn\u0105\u0107 osoby maj\u0105ce:<\/p>\n\n\n\n<ul class=\"wp-block-list\"><li>cer\u0119 wra\u017cliw\u0105 oraz sk\u0142onn\u0105 do podra\u017cnie\u0144,<\/li><li>tr\u0105dzikow\u0105 ze sk\u0142onno\u015bci\u0105 do powstawania niedoskona\u0142o\u015bci.<\/li><\/ul>\n\n\n\n<p>Silne dzia\u0142anie koj\u0105ce i antyseptyczne tego hydrolatu sprawia, \u017ce wyj\u0105tkowo skutecznie radzi sobie z takimi w\u0142a\u015bnie problemami, co nie znaczy, \u017ce inne osoby nie mog\u0105 go stosowa\u0107. Wszystko zale\u017cy od upodoba\u0144. Trzeba te\u017c pami\u0119ta\u0107, \u017ce woda lawendowa pachnie\u2026 lawend\u0105. Cho\u0107 jest to aromat powszechnie uznawany za przyjemny, to jednak jest do\u015b\u0107 intensywny i na tyle charakterystyczny, \u017ce niekt\u00f3re osoby mog\u0105 odczuwa\u0107 dyskomfort.<\/p>\n\n\n\n\t\t<div data-elementor-type=\"page\" data-elementor-id=\"24245\" class=\"elementor elementor-24245\" data-elementor-post-type=\"elementor_library\">\n\t\t\t\t\t\t<section class=\"elementor-section elementor-top-section elementor-element elementor-element-1d2634d5 elementor-section-boxed elementor-section-height-default elementor-section-height-default\" data-id=\"1d2634d5\" data-element_type=\"section\" data-e-type=\"section\">\n\t\t\t\t\t\t<div class=\"elementor-container elementor-column-gap-default\">\n\t\t\t\t\t<div class=\"elementor-column elementor-col-100 elementor-top-column elementor-element elementor-element-14a8e86b\" data-id=\"14a8e86b\" data-element_type=\"column\" data-e-type=\"column\">\n\t\t\t<div class=\"elementor-widget-wrap elementor-element-populated\">\n\t\t\t\t\t\t<div class=\"elementor-element elementor-element-55150199 elementor-widget elementor-widget-spacer\" data-id=\"55150199\" data-element_type=\"widget\" data-e-type=\"widget\" data-widget_type=\"spacer.default\">\n\t\t\t\t<div class=\"elementor-widget-container\">\n\t\t\t\t\t\t\t<div class=\"elementor-spacer\">\n\t\t\t<div class=\"elementor-spacer-inner\"><\/div>\n\t\t<\/div>\n\t\t\t\t\t\t<\/div>\n\t\t\t\t<\/div>\n\t\t\t\t\t<\/div>\n\t\t<\/div>\n\t\t\t\t\t<\/div>\n\t\t<\/section>\n\t\t\t\t<section class=\"elementor-section elementor-top-section elementor-element elementor-element-599840d elementor-section-boxed elementor-section-height-default elementor-section-height-default\" data-id=\"599840d\" data-element_type=\"section\" data-e-type=\"section\" data-settings=\"{&quot;background_background&quot;:&quot;classic&quot;}\">\n\t\t\t\t\t\t<div class=\"elementor-container elementor-column-gap-default\">\n\t\t\t\t\t<div class=\"elementor-column elementor-col-20 elementor-top-column elementor-element elementor-element-430848b1\" data-id=\"430848b1\" data-element_type=\"column\" data-e-type=\"column\">\n\t\t\t<div class=\"elementor-widget-wrap elementor-element-populated\">\n\t\t\t\t\t\t<div class=\"elementor-element elementor-element-1cdfcc3c elementor-widget elementor-widget-heading\" data-id=\"1cdfcc3c\" data-element_type=\"widget\" data-e-type=\"widget\" data-widget_type=\"heading.default\">\n\t\t\t\t<div class=\"elementor-widget-container\">\n\t\t\t\t\t<h2 class=\"elementor-heading-title elementor-size-small\"><b>Wypr\u00f3buj rekomendacje<\/b><br>\nprzygotowane przez nasze specjalistki<\/h2>\t\t\t\t<\/div>\n\t\t\t\t<\/div>\n\t\t\t\t\t<\/div>\n\t\t<\/div>\n\t\t\t\t<div class=\"elementor-column elementor-col-20 elementor-top-column elementor-element elementor-element-7f7d487b ramka\" data-id=\"7f7d487b\" data-element_type=\"column\" data-e-type=\"column\" data-settings=\"{&quot;background_background&quot;:&quot;classic&quot;}\">\n\t\t\t<div class=\"elementor-widget-wrap elementor-element-populated\">\n\t\t\t\t\t\t<div class=\"vamtam-has-theme-widget-styles elementor-element elementor-element-7a689c54 elementor-widget elementor-widget-image\" data-id=\"7a689c54\" data-element_type=\"widget\" data-e-type=\"widget\" data-widget_type=\"image.default\">\n\t\t\t\t<div class=\"elementor-widget-container\">\n\t\t\t\t\t\t\t\t\t<div class=\"elementor-image\">\n\t\t\t\t\t\t\t\t\t\t\t\t\t\t\t\t\t\t\t\t\t\t<a href=\"https:\/\/resibo.pl\/produkt\/150\/regulujacy-tonik-mgielka?utm_source=blog&#038;utm_medium=article&#038;utm_campaign=rekomendacja-8&#038;utm_content=products\">\n\t\t\t\t\t\t\t\t\t\t\t<img fetchpriority=\"high\" decoding=\"async\" width=\"1080\" height=\"1134\" src=\"https:\/\/resibo.pl\/blog\/wp-content\/uploads\/2022\/06\/regulujacy-tonik-mgielka.webp\" class=\"attachment-full size-full wp-image-24248\" alt=\"Mr Balance reguluj\u0105cy tonik-mgie\u0142ka\" srcset=\"https:\/\/resibo.pl\/blog\/wp-content\/uploads\/2022\/06\/regulujacy-tonik-mgielka.webp 1080w, https:\/\/resibo.pl\/blog\/wp-content\/uploads\/2022\/06\/regulujacy-tonik-mgielka-315x331.webp 315w, https:\/\/resibo.pl\/blog\/wp-content\/uploads\/2022\/06\/regulujacy-tonik-mgielka-630x662.webp 630w, https:\/\/resibo.pl\/blog\/wp-content\/uploads\/2022\/06\/regulujacy-tonik-mgielka-286x300.webp 286w, https:\/\/resibo.pl\/blog\/wp-content\/uploads\/2022\/06\/regulujacy-tonik-mgielka-975x1024.webp 975w, https:\/\/resibo.pl\/blog\/wp-content\/uploads\/2022\/06\/regulujacy-tonik-mgielka-768x806.webp 768w\" sizes=\"(max-width: 1080px) 100vw, 1080px\" \/>\t\t\t\t\t\t\t\t\t\t\t\t<\/a>\n\t\t\t\t\t\t\t\t\t\t\t\t\t\t\t\t\t\t\t\t\t\t\t\t<\/div>\n\t\t\t\t\t\t\t\t<\/div>\n\t\t\t\t<\/div>\n\t\t\t\t<div class=\"elementor-element elementor-element-1efe1c2e elementor-widget elementor-widget-heading\" data-id=\"1efe1c2e\" data-element_type=\"widget\" data-e-type=\"widget\" data-widget_type=\"heading.default\">\n\t\t\t\t<div class=\"elementor-widget-container\">\n\t\t\t\t\t<h5 class=\"elementor-heading-title elementor-size-small\"><b>Mr Balance <\/b><br> reguluj\u0105cy tonik-mgie\u0142ka<\/h5>\t\t\t\t<\/div>\n\t\t\t\t<\/div>\n\t\t\t\t<div class=\"vamtam-has-theme-widget-styles elementor-element elementor-element-70a2900a elementor-align-center elementor-widget elementor-widget-button\" data-id=\"70a2900a\" data-element_type=\"widget\" data-e-type=\"widget\" data-widget_type=\"button.default\">\n\t\t\t\t<div class=\"elementor-widget-container\">\n\t\t\t\t\t\t\t\t\t<div class=\"elementor-button-wrapper\">\n\t\t\t\t\t<a class=\"elementor-button elementor-button-link elementor-size-sm\" href=\"https:\/\/resibo.pl\/produkt\/150\/regulujacy-tonik-mgielka?utm_source=blog&#038;utm_medium=article&#038;utm_campaign=rekomendacja-8&#038;utm_content=products\">\n\t\t\t\t\t\t<span class=\"elementor-button-content-wrapper\">\n\t\t\t\t\t\t<span class=\"elementor-button-icon\">\n\t\t\t\t<i aria-hidden=\"true\" class=\"fas fa-shopping-cart\"><\/i>\t\t\t<\/span>\n\t\t\t\t\t\t\t\t\t<span class=\"elementor-button-text\">Wypr\u00f3buj<\/span>\n\t\t\t\t\t<\/span>\n\t\t\t\t\t<\/a>\n\t\t\t\t<\/div>\n\t\t\t\t\t\t\t\t<\/div>\n\t\t\t\t<\/div>\n\t\t\t\t\t<\/div>\n\t\t<\/div>\n\t\t\t\t<div class=\"elementor-column elementor-col-20 elementor-top-column elementor-element elementor-element-71868d2f ramka\" data-id=\"71868d2f\" data-element_type=\"column\" data-e-type=\"column\" data-settings=\"{&quot;background_background&quot;:&quot;classic&quot;}\">\n\t\t\t<div class=\"elementor-widget-wrap elementor-element-populated\">\n\t\t\t\t\t\t<div class=\"vamtam-has-theme-widget-styles elementor-element elementor-element-6bbe4aa elementor-widget elementor-widget-image\" data-id=\"6bbe4aa\" data-element_type=\"widget\" data-e-type=\"widget\" data-widget_type=\"image.default\">\n\t\t\t\t<div class=\"elementor-widget-container\">\n\t\t\t\t\t\t\t\t\t<div class=\"elementor-image\">\n\t\t\t\t\t\t\t\t\t\t\t\t\t\t\t\t\t\t\t\t\t\t<a href=\"https:\/\/resibo.pl\/produkt\/137\/maska-z-glinka?utm_source=blog&#038;utm_medium=article&#038;utm_campaign=rekomendacja-8&#038;utm_content=products\">\n\t\t\t\t\t\t\t\t\t\t\t<img decoding=\"async\" width=\"1080\" height=\"1134\" src=\"https:\/\/resibo.pl\/blog\/wp-content\/uploads\/2022\/06\/maska-z-glinka.webp\" class=\"attachment-full size-full wp-image-24247\" alt=\"All Clean oczyszczaj\u0105ca maska z glink\u0105\" srcset=\"https:\/\/resibo.pl\/blog\/wp-content\/uploads\/2022\/06\/maska-z-glinka.webp 1080w, https:\/\/resibo.pl\/blog\/wp-content\/uploads\/2022\/06\/maska-z-glinka-315x331.webp 315w, https:\/\/resibo.pl\/blog\/wp-content\/uploads\/2022\/06\/maska-z-glinka-630x662.webp 630w, https:\/\/resibo.pl\/blog\/wp-content\/uploads\/2022\/06\/maska-z-glinka-286x300.webp 286w, https:\/\/resibo.pl\/blog\/wp-content\/uploads\/2022\/06\/maska-z-glinka-975x1024.webp 975w, https:\/\/resibo.pl\/blog\/wp-content\/uploads\/2022\/06\/maska-z-glinka-768x806.webp 768w\" sizes=\"(max-width: 1080px) 100vw, 1080px\" \/>\t\t\t\t\t\t\t\t\t\t\t\t<\/a>\n\t\t\t\t\t\t\t\t\t\t\t\t\t\t\t\t\t\t\t\t\t\t\t\t<\/div>\n\t\t\t\t\t\t\t\t<\/div>\n\t\t\t\t<\/div>\n\t\t\t\t<div class=\"elementor-element elementor-element-2f5501de elementor-widget elementor-widget-heading\" data-id=\"2f5501de\" data-element_type=\"widget\" data-e-type=\"widget\" data-widget_type=\"heading.default\">\n\t\t\t\t<div class=\"elementor-widget-container\">\n\t\t\t\t\t<h5 class=\"elementor-heading-title elementor-size-small\"><b>All Clean<\/b><br>\noczyszczaj\u0105ca maska z glink\u0105<\/h5>\t\t\t\t<\/div>\n\t\t\t\t<\/div>\n\t\t\t\t<div class=\"vamtam-has-theme-widget-styles elementor-element elementor-element-2b0830ee elementor-align-center elementor-widget elementor-widget-button\" data-id=\"2b0830ee\" data-element_type=\"widget\" data-e-type=\"widget\" data-widget_type=\"button.default\">\n\t\t\t\t<div class=\"elementor-widget-container\">\n\t\t\t\t\t\t\t\t\t<div class=\"elementor-button-wrapper\">\n\t\t\t\t\t<a class=\"elementor-button elementor-button-link elementor-size-sm\" href=\"https:\/\/resibo.pl\/produkt\/137\/maska-z-glinka?utm_source=blog&#038;utm_medium=article&#038;utm_campaign=rekomendacja-8&#038;utm_content=products\">\n\t\t\t\t\t\t<span class=\"elementor-button-content-wrapper\">\n\t\t\t\t\t\t<span class=\"elementor-button-icon\">\n\t\t\t\t<i aria-hidden=\"true\" class=\"fas fa-shopping-cart\"><\/i>\t\t\t<\/span>\n\t\t\t\t\t\t\t\t\t<span class=\"elementor-button-text\">Wypr\u00f3buj<\/span>\n\t\t\t\t\t<\/span>\n\t\t\t\t\t<\/a>\n\t\t\t\t<\/div>\n\t\t\t\t\t\t\t\t<\/div>\n\t\t\t\t<\/div>\n\t\t\t\t\t<\/div>\n\t\t<\/div>\n\t\t\t\t<div class=\"elementor-column elementor-col-20 elementor-top-column elementor-element elementor-element-6e5d061b ramka\" data-id=\"6e5d061b\" data-element_type=\"column\" data-e-type=\"column\" data-settings=\"{&quot;background_background&quot;:&quot;classic&quot;}\">\n\t\t\t<div class=\"elementor-widget-wrap elementor-element-populated\">\n\t\t\t\t\t\t<div class=\"vamtam-has-theme-widget-styles elementor-element elementor-element-38b666d6 elementor-widget elementor-widget-image\" data-id=\"38b666d6\" data-element_type=\"widget\" data-e-type=\"widget\" data-widget_type=\"image.default\">\n\t\t\t\t<div class=\"elementor-widget-container\">\n\t\t\t\t\t\t\t\t\t<div class=\"elementor-image\">\n\t\t\t\t\t\t\t\t\t\t\t\t\t\t\t\t\t\t\t\t\t\t<a href=\"https:\/\/resibo.pl\/produkt\/162\/regulujacy-hydro-krem?utm_source=blog&#038;utm_medium=article&#038;utm_campaign=rekomendacja-8&#038;utm_content=products\">\n\t\t\t\t\t\t\t\t\t\t\t<img decoding=\"async\" width=\"1080\" height=\"1134\" src=\"https:\/\/resibo.pl\/blog\/wp-content\/uploads\/2022\/06\/regulujacy-hydro-krem.webp\" class=\"attachment-full size-full wp-image-24246\" alt=\"Flower Power reguluj\u0105cy hydro krem\" srcset=\"https:\/\/resibo.pl\/blog\/wp-content\/uploads\/2022\/06\/regulujacy-hydro-krem.webp 1080w, https:\/\/resibo.pl\/blog\/wp-content\/uploads\/2022\/06\/regulujacy-hydro-krem-315x331.webp 315w, https:\/\/resibo.pl\/blog\/wp-content\/uploads\/2022\/06\/regulujacy-hydro-krem-630x662.webp 630w, https:\/\/resibo.pl\/blog\/wp-content\/uploads\/2022\/06\/regulujacy-hydro-krem-286x300.webp 286w, https:\/\/resibo.pl\/blog\/wp-content\/uploads\/2022\/06\/regulujacy-hydro-krem-975x1024.webp 975w, https:\/\/resibo.pl\/blog\/wp-content\/uploads\/2022\/06\/regulujacy-hydro-krem-768x806.webp 768w\" sizes=\"(max-width: 1080px) 100vw, 1080px\" \/>\t\t\t\t\t\t\t\t\t\t\t\t<\/a>\n\t\t\t\t\t\t\t\t\t\t\t\t\t\t\t\t\t\t\t\t\t\t\t\t<\/div>\n\t\t\t\t\t\t\t\t<\/div>\n\t\t\t\t<\/div>\n\t\t\t\t<div class=\"elementor-element elementor-element-702fc71c elementor-widget elementor-widget-heading\" data-id=\"702fc71c\" data-element_type=\"widget\" data-e-type=\"widget\" data-widget_type=\"heading.default\">\n\t\t\t\t<div class=\"elementor-widget-container\">\n\t\t\t\t\t<h5 class=\"elementor-heading-title elementor-size-small\"><b>Flower Power<\/b><br>\nreguluj\u0105cy hydro krem<\/h5>\t\t\t\t<\/div>\n\t\t\t\t<\/div>\n\t\t\t\t<div class=\"vamtam-has-theme-widget-styles elementor-element elementor-element-49ea48ef elementor-align-center elementor-widget elementor-widget-button\" data-id=\"49ea48ef\" data-element_type=\"widget\" data-e-type=\"widget\" data-widget_type=\"button.default\">\n\t\t\t\t<div class=\"elementor-widget-container\">\n\t\t\t\t\t\t\t\t\t<div class=\"elementor-button-wrapper\">\n\t\t\t\t\t<a class=\"elementor-button elementor-button-link elementor-size-sm\" href=\"https:\/\/resibo.pl\/produkt\/162\/regulujacy-hydro-krem?utm_source=blog&#038;utm_medium=article&#038;utm_campaign=rekomendacja-8&#038;utm_content=products\">\n\t\t\t\t\t\t<span class=\"elementor-button-content-wrapper\">\n\t\t\t\t\t\t<span class=\"elementor-button-icon\">\n\t\t\t\t<i aria-hidden=\"true\" class=\"fas fa-shopping-cart\"><\/i>\t\t\t<\/span>\n\t\t\t\t\t\t\t\t\t<span class=\"elementor-button-text\">Wypr\u00f3buj<\/span>\n\t\t\t\t\t<\/span>\n\t\t\t\t\t<\/a>\n\t\t\t\t<\/div>\n\t\t\t\t\t\t\t\t<\/div>\n\t\t\t\t<\/div>\n\t\t\t\t\t<\/div>\n\t\t<\/div>\n\t\t\t\t<div class=\"elementor-column elementor-col-20 elementor-top-column elementor-element elementor-element-379c0d4d ramka\" data-id=\"379c0d4d\" data-element_type=\"column\" data-e-type=\"column\" data-settings=\"{&quot;background_background&quot;:&quot;classic&quot;}\">\n\t\t\t<div class=\"elementor-widget-wrap elementor-element-populated\">\n\t\t\t\t\t\t<div class=\"vamtam-has-theme-widget-styles elementor-element elementor-element-4062bf2c elementor-widget elementor-widget-image\" data-id=\"4062bf2c\" data-element_type=\"widget\" data-e-type=\"widget\" data-widget_type=\"image.default\">\n\t\t\t\t<div class=\"elementor-widget-container\">\n\t\t\t\t\t\t\t\t\t<div class=\"elementor-image\">\n\t\t\t\t\t\t\t\t\t\t\t\t\t\t\t\t\t\t\t\t\t\t<a href=\"https:\/\/resibo.pl\/produkt\/7\/serum-naturalnie-wygladzajace?utm_source=blog&#038;utm_medium=article&#038;utm_campaign=rekomendacja-8&#038;utm_content=products\">\n\t\t\t\t\t\t\t\t\t\t\t<img loading=\"lazy\" decoding=\"async\" width=\"1080\" height=\"1134\" src=\"https:\/\/resibo.pl\/blog\/wp-content\/uploads\/2022\/05\/serum-naturalnie-wygladzajace.webp\" class=\"attachment-full size-full wp-image-24152\" alt=\"Serum naturalnie wyg\u0142adzaj\u0105ce\u200b\" srcset=\"https:\/\/resibo.pl\/blog\/wp-content\/uploads\/2022\/05\/serum-naturalnie-wygladzajace.webp 1080w, https:\/\/resibo.pl\/blog\/wp-content\/uploads\/2022\/05\/serum-naturalnie-wygladzajace-315x331.webp 315w, https:\/\/resibo.pl\/blog\/wp-content\/uploads\/2022\/05\/serum-naturalnie-wygladzajace-630x662.webp 630w, https:\/\/resibo.pl\/blog\/wp-content\/uploads\/2022\/05\/serum-naturalnie-wygladzajace-286x300.webp 286w, https:\/\/resibo.pl\/blog\/wp-content\/uploads\/2022\/05\/serum-naturalnie-wygladzajace-975x1024.webp 975w, https:\/\/resibo.pl\/blog\/wp-content\/uploads\/2022\/05\/serum-naturalnie-wygladzajace-768x806.webp 768w\" sizes=\"(max-width: 1080px) 100vw, 1080px\" \/>\t\t\t\t\t\t\t\t\t\t\t\t<\/a>\n\t\t\t\t\t\t\t\t\t\t\t\t\t\t\t\t\t\t\t\t\t\t\t\t<\/div>\n\t\t\t\t\t\t\t\t<\/div>\n\t\t\t\t<\/div>\n\t\t\t\t<div class=\"elementor-element elementor-element-48a3e5e1 elementor-widget elementor-widget-heading\" data-id=\"48a3e5e1\" data-element_type=\"widget\" data-e-type=\"widget\" data-widget_type=\"heading.default\">\n\t\t\t\t<div class=\"elementor-widget-container\">\n\t\t\t\t\t<h5 class=\"elementor-heading-title elementor-size-small\"><b>Serum naturalnie<br>\nwyg\u0142adzaj\u0105ce<\/b><\/h5>\t\t\t\t<\/div>\n\t\t\t\t<\/div>\n\t\t\t\t<div class=\"vamtam-has-theme-widget-styles elementor-element elementor-element-716095a6 elementor-align-center elementor-widget elementor-widget-button\" data-id=\"716095a6\" data-element_type=\"widget\" data-e-type=\"widget\" data-widget_type=\"button.default\">\n\t\t\t\t<div class=\"elementor-widget-container\">\n\t\t\t\t\t\t\t\t\t<div class=\"elementor-button-wrapper\">\n\t\t\t\t\t<a class=\"elementor-button elementor-button-link elementor-size-sm\" href=\"https:\/\/resibo.pl\/produkt\/7\/serum-naturalnie-wygladzajace?utm_source=blog&#038;utm_medium=article&#038;utm_campaign=rekomendacja-8&#038;utm_content=products\">\n\t\t\t\t\t\t<span class=\"elementor-button-content-wrapper\">\n\t\t\t\t\t\t<span class=\"elementor-button-icon\">\n\t\t\t\t<i aria-hidden=\"true\" class=\"fas fa-shopping-cart\"><\/i>\t\t\t<\/span>\n\t\t\t\t\t\t\t\t\t<span class=\"elementor-button-text\">Wypr\u00f3buj<\/span>\n\t\t\t\t\t<\/span>\n\t\t\t\t\t<\/a>\n\t\t\t\t<\/div>\n\t\t\t\t\t\t\t\t<\/div>\n\t\t\t\t<\/div>\n\t\t\t\t\t<\/div>\n\t\t<\/div>\n\t\t\t\t\t<\/div>\n\t\t<\/section>\n\t\t\t\t<section class=\"elementor-section elementor-top-section elementor-element elementor-element-63a39c82 elementor-section-boxed elementor-section-height-default elementor-section-height-default\" data-id=\"63a39c82\" data-element_type=\"section\" data-e-type=\"section\">\n\t\t\t\t\t\t<div class=\"elementor-container elementor-column-gap-default\">\n\t\t\t\t\t<div class=\"elementor-column elementor-col-100 elementor-top-column elementor-element elementor-element-16c40d8c\" data-id=\"16c40d8c\" data-element_type=\"column\" data-e-type=\"column\">\n\t\t\t<div class=\"elementor-widget-wrap elementor-element-populated\">\n\t\t\t\t\t\t<div class=\"elementor-element elementor-element-1bdcec21 elementor-widget elementor-widget-spacer\" data-id=\"1bdcec21\" data-element_type=\"widget\" data-e-type=\"widget\" data-widget_type=\"spacer.default\">\n\t\t\t\t<div class=\"elementor-widget-container\">\n\t\t\t\t\t\t\t<div class=\"elementor-spacer\">\n\t\t\t<div class=\"elementor-spacer-inner\"><\/div>\n\t\t<\/div>\n\t\t\t\t\t\t<\/div>\n\t\t\t\t<\/div>\n\t\t\t\t\t<\/div>\n\t\t<\/div>\n\t\t\t\t\t<\/div>\n\t\t<\/section>\n\t\t\t\t<\/div>\n\t\t\n\n\n\n<h2 class=\"wp-block-heading\"><strong> Inne substancje pozyskiwane z lawendy<\/strong><\/h2>\n\n\n\n<p>Lawenda lekarska to niejedyny gatunek tego p\u00f3\u0142krzewu, kt\u00f3rego ekstrakty maj\u0105 ciekawe w\u0142a\u015bciwo\u015bci kosmetyczne. Odkryciem ostatnich lat jest Stoechiol<em> \u2013 <\/em>ekstrakt z lawendy motylej (\u0142ac. <em>Lavandula stoechas<\/em>), zwanej te\u017c hiszpa\u0144sk\u0105 albo francusk\u0105. Substancja ta ma jeszcze silniejsze w\u0142a\u015bciwo\u015bci wspieraj\u0105ce cer\u0119 tr\u0105dzikow\u0105 ni\u017c woda lawendowa. Co wi\u0119cej, udowodniono, \u017ce dzia\u0142a na sk\u00f3r\u0119 jak botulina \u2013 ju\u017c po 24 godzinach od pierwszej aplikacji zmniejsza napi\u0119cie mi\u0119\u015bniowe, przeciwdzia\u0142a zmarszczkom mimicznym i wyg\u0142adza sk\u00f3r\u0119. Jednocze\u015bnie pobudza wydzielanie beta-endorfin w sk\u00f3rze, tym samym rozlu\u017aniaj\u0105c j\u0105 i zmniejszaj\u0105c zmarszczki. Jest to wi\u0119c doskona\u0142y sk\u0142adnik przeciwstarzeniowy, coraz powszechniej stosowany w kosmetyce. Znajdziemy go m.in. w <a href=\"https:\/\/resibo.pl\/produkt\/7\/serum-naturalnie-wygladzajace\">serum naturalnie wyg\u0142adzaj\u0105cym<\/a>.<\/p>\n<\/div><!-- .vgblk-rw-wrapper -->","protected":false},"excerpt":{"rendered":"<p>Woda lawendowa w piel\u0119gnacji sk\u00f3ry. Jakie ma dzia\u0142anie? Organiczna woda lawendowa to hydrolat o tak wielofunkcyjnym dzia\u0142aniu, \u017ce warto jej po\u015bwi\u0119ci\u0107 troch\u0119 wi\u0119cej uwagi. Jej wyj\u0105tkowe w\u0142a\u015bciwo\u015bci sprawiaj\u0105, \u017ce stosowana jest nie tylko w kosmetyce, ale te\u017c jako wsparcie w r\u00f3\u017cnego rodzaju terapiach. Woda lawendowa \u2013 co to jest i jakie ma w\u0142a\u015bciwo\u015bci? Woda lawendowa,&#8230;<\/p>\n","protected":false},"author":6,"featured_media":8547,"comment_status":"open","ping_status":"open","sticky":false,"template":"","format":"standard","meta":{"footnotes":""},"categories":[40],"tags":[],"class_list":["post-8545","post","type-post","status-publish","format-standard","has-post-thumbnail","hentry","category-magda-o-pielegnacji"],"yoast_head":"<!-- This site is optimized with the Yoast SEO plugin v27.5 - https:\/\/yoast.com\/product\/yoast-seo-wordpress\/ -->\n<title>Woda lawendowa na tr\u0105dzik. Jakie jeszcze mo\u017ce mie\u0107 dzia\u0142anie? - Kosmetyki naturalne Resibo<\/title>\n<meta name=\"description\" content=\"Jakie ma w\u0142a\u015bciwo\u015bci woda lawendowa i kto powinien j\u0105 stosowa\u0107 w piel\u0119gnacji sk\u00f3ry. Dowiedz si\u0119, jakie jeszcze substancje z lawendy s\u0105 stosowane w kosmetyce.\" \/>\n<meta name=\"robots\" content=\"index, follow, max-snippet:-1, max-image-preview:large, max-video-preview:-1\" \/>\n<link rel=\"canonical\" href=\"https:\/\/resibo.pl\/blog\/woda-lawendowa-na-tradzik-jakie-jeszcze-moze-miec-dzialanie\/\" \/>\n<meta property=\"og:locale\" content=\"pl_PL\" \/>\n<meta property=\"og:type\" content=\"article\" \/>\n<meta property=\"og:title\" content=\"Woda lawendowa na tr\u0105dzik. Jakie jeszcze mo\u017ce mie\u0107 dzia\u0142anie? - Kosmetyki naturalne Resibo\" \/>\n<meta property=\"og:description\" content=\"Jakie ma w\u0142a\u015bciwo\u015bci woda lawendowa i kto powinien j\u0105 stosowa\u0107 w piel\u0119gnacji sk\u00f3ry. Dowiedz si\u0119, jakie jeszcze substancje z lawendy s\u0105 stosowane w kosmetyce.\" \/>\n<meta property=\"og:url\" content=\"https:\/\/resibo.pl\/blog\/woda-lawendowa-na-tradzik-jakie-jeszcze-moze-miec-dzialanie\/\" \/>\n<meta property=\"og:site_name\" content=\"Kosmetyki naturalne Resibo\" \/>\n<meta property=\"article:publisher\" content=\"http:\/\/facebook.com\/resiboPL\" \/>\n<meta property=\"article:published_time\" content=\"2021-08-13T15:41:00+00:00\" \/>\n<meta property=\"article:modified_time\" content=\"2022-06-01T13:00:10+00:00\" \/>\n<meta property=\"og:image\" content=\"https:\/\/resibo.pl\/blog\/wp-content\/uploads\/2021\/08\/resibo_woda-lawendowa.jpg\" \/>\n\t<meta property=\"og:image:width\" content=\"1920\" \/>\n\t<meta property=\"og:image:height\" content=\"1280\" \/>\n\t<meta property=\"og:image:type\" content=\"image\/jpeg\" \/>\n<meta name=\"author\" content=\"Anita\" \/>\n<meta name=\"twitter:label1\" content=\"Napisane przez\" \/>\n\t<meta name=\"twitter:data1\" content=\"Anita\" \/>\n\t<meta name=\"twitter:label2\" content=\"Szacowany czas czytania\" \/>\n\t<meta name=\"twitter:data2\" content=\"3 minuty\" \/>\n<script type=\"application\/ld+json\" class=\"yoast-schema-graph\">{\"@context\":\"https:\\\/\\\/schema.org\",\"@graph\":[{\"@type\":\"Article\",\"@id\":\"https:\\\/\\\/resibo.pl\\\/blog\\\/woda-lawendowa-na-tradzik-jakie-jeszcze-moze-miec-dzialanie\\\/#article\",\"isPartOf\":{\"@id\":\"https:\\\/\\\/resibo.pl\\\/blog\\\/woda-lawendowa-na-tradzik-jakie-jeszcze-moze-miec-dzialanie\\\/\"},\"author\":{\"name\":\"Anita\",\"@id\":\"https:\\\/\\\/resibo.pl\\\/blog\\\/#\\\/schema\\\/person\\\/ef9013c96e1204d78b18c2243ed265a9\"},\"headline\":\"Woda lawendowa na tr\u0105dzik. Jakie jeszcze mo\u017ce mie\u0107 dzia\u0142anie?\",\"datePublished\":\"2021-08-13T15:41:00+00:00\",\"dateModified\":\"2022-06-01T13:00:10+00:00\",\"mainEntityOfPage\":{\"@id\":\"https:\\\/\\\/resibo.pl\\\/blog\\\/woda-lawendowa-na-tradzik-jakie-jeszcze-moze-miec-dzialanie\\\/\"},\"wordCount\":561,\"commentCount\":0,\"publisher\":{\"@id\":\"https:\\\/\\\/resibo.pl\\\/blog\\\/#organization\"},\"image\":{\"@id\":\"https:\\\/\\\/resibo.pl\\\/blog\\\/woda-lawendowa-na-tradzik-jakie-jeszcze-moze-miec-dzialanie\\\/#primaryimage\"},\"thumbnailUrl\":\"https:\\\/\\\/resibo.pl\\\/blog\\\/wp-content\\\/uploads\\\/2021\\\/08\\\/resibo_woda-lawendowa.jpg\",\"articleSection\":[\"O pielegnacji\"],\"inLanguage\":\"pl-PL\",\"potentialAction\":[{\"@type\":\"CommentAction\",\"name\":\"Comment\",\"target\":[\"https:\\\/\\\/resibo.pl\\\/blog\\\/woda-lawendowa-na-tradzik-jakie-jeszcze-moze-miec-dzialanie\\\/#respond\"]}]},{\"@type\":\"WebPage\",\"@id\":\"https:\\\/\\\/resibo.pl\\\/blog\\\/woda-lawendowa-na-tradzik-jakie-jeszcze-moze-miec-dzialanie\\\/\",\"url\":\"https:\\\/\\\/resibo.pl\\\/blog\\\/woda-lawendowa-na-tradzik-jakie-jeszcze-moze-miec-dzialanie\\\/\",\"name\":\"Woda lawendowa na tr\u0105dzik. Jakie jeszcze mo\u017ce mie\u0107 dzia\u0142anie? - Kosmetyki naturalne Resibo\",\"isPartOf\":{\"@id\":\"https:\\\/\\\/resibo.pl\\\/blog\\\/#website\"},\"primaryImageOfPage\":{\"@id\":\"https:\\\/\\\/resibo.pl\\\/blog\\\/woda-lawendowa-na-tradzik-jakie-jeszcze-moze-miec-dzialanie\\\/#primaryimage\"},\"image\":{\"@id\":\"https:\\\/\\\/resibo.pl\\\/blog\\\/woda-lawendowa-na-tradzik-jakie-jeszcze-moze-miec-dzialanie\\\/#primaryimage\"},\"thumbnailUrl\":\"https:\\\/\\\/resibo.pl\\\/blog\\\/wp-content\\\/uploads\\\/2021\\\/08\\\/resibo_woda-lawendowa.jpg\",\"datePublished\":\"2021-08-13T15:41:00+00:00\",\"dateModified\":\"2022-06-01T13:00:10+00:00\",\"description\":\"Jakie ma w\u0142a\u015bciwo\u015bci woda lawendowa i kto powinien j\u0105 stosowa\u0107 w piel\u0119gnacji sk\u00f3ry. Dowiedz si\u0119, jakie jeszcze substancje z lawendy s\u0105 stosowane w kosmetyce.\",\"breadcrumb\":{\"@id\":\"https:\\\/\\\/resibo.pl\\\/blog\\\/woda-lawendowa-na-tradzik-jakie-jeszcze-moze-miec-dzialanie\\\/#breadcrumb\"},\"inLanguage\":\"pl-PL\",\"potentialAction\":[{\"@type\":\"ReadAction\",\"target\":[\"https:\\\/\\\/resibo.pl\\\/blog\\\/woda-lawendowa-na-tradzik-jakie-jeszcze-moze-miec-dzialanie\\\/\"]}]},{\"@type\":\"ImageObject\",\"inLanguage\":\"pl-PL\",\"@id\":\"https:\\\/\\\/resibo.pl\\\/blog\\\/woda-lawendowa-na-tradzik-jakie-jeszcze-moze-miec-dzialanie\\\/#primaryimage\",\"url\":\"https:\\\/\\\/resibo.pl\\\/blog\\\/wp-content\\\/uploads\\\/2021\\\/08\\\/resibo_woda-lawendowa.jpg\",\"contentUrl\":\"https:\\\/\\\/resibo.pl\\\/blog\\\/wp-content\\\/uploads\\\/2021\\\/08\\\/resibo_woda-lawendowa.jpg\",\"width\":1920,\"height\":1280,\"caption\":\"resibo_woda lawendowa\"},{\"@type\":\"BreadcrumbList\",\"@id\":\"https:\\\/\\\/resibo.pl\\\/blog\\\/woda-lawendowa-na-tradzik-jakie-jeszcze-moze-miec-dzialanie\\\/#breadcrumb\",\"itemListElement\":[{\"@type\":\"ListItem\",\"position\":1,\"name\":\"Strona g\u0142\u00f3wna\",\"item\":\"https:\\\/\\\/resibo.pl\\\/blog\\\/\"},{\"@type\":\"ListItem\",\"position\":2,\"name\":\"Woda lawendowa na tr\u0105dzik. Jakie jeszcze mo\u017ce mie\u0107 dzia\u0142anie?\"}]},{\"@type\":\"WebSite\",\"@id\":\"https:\\\/\\\/resibo.pl\\\/blog\\\/#website\",\"url\":\"https:\\\/\\\/resibo.pl\\\/blog\\\/\",\"name\":\"Kosmetyki naturalne Resibo\",\"description\":\"\",\"publisher\":{\"@id\":\"https:\\\/\\\/resibo.pl\\\/blog\\\/#organization\"},\"potentialAction\":[{\"@type\":\"SearchAction\",\"target\":{\"@type\":\"EntryPoint\",\"urlTemplate\":\"https:\\\/\\\/resibo.pl\\\/blog\\\/?s={search_term_string}\"},\"query-input\":{\"@type\":\"PropertyValueSpecification\",\"valueRequired\":true,\"valueName\":\"search_term_string\"}}],\"inLanguage\":\"pl-PL\"},{\"@type\":\"Organization\",\"@id\":\"https:\\\/\\\/resibo.pl\\\/blog\\\/#organization\",\"name\":\"Resibo\",\"url\":\"https:\\\/\\\/resibo.pl\\\/blog\\\/\",\"logo\":{\"@type\":\"ImageObject\",\"inLanguage\":\"pl-PL\",\"@id\":\"https:\\\/\\\/resibo.pl\\\/blog\\\/#\\\/schema\\\/logo\\\/image\\\/\",\"url\":\"https:\\\/\\\/resibo.pl\\\/blog\\\/wp-content\\\/uploads\\\/2022\\\/02\\\/cropped-logo.png\",\"contentUrl\":\"https:\\\/\\\/resibo.pl\\\/blog\\\/wp-content\\\/uploads\\\/2022\\\/02\\\/cropped-logo.png\",\"width\":274,\"height\":109,\"caption\":\"Resibo\"},\"image\":{\"@id\":\"https:\\\/\\\/resibo.pl\\\/blog\\\/#\\\/schema\\\/logo\\\/image\\\/\"},\"sameAs\":[\"http:\\\/\\\/facebook.com\\\/resiboPL\",\"http:\\\/\\\/instagram.com\\\/resibobynature\"]},{\"@type\":\"Person\",\"@id\":\"https:\\\/\\\/resibo.pl\\\/blog\\\/#\\\/schema\\\/person\\\/ef9013c96e1204d78b18c2243ed265a9\",\"name\":\"Anita\",\"image\":{\"@type\":\"ImageObject\",\"inLanguage\":\"pl-PL\",\"@id\":\"https:\\\/\\\/secure.gravatar.com\\\/avatar\\\/c16c3ee787d7dac06be3101e60d7b357f40d4375278b4f1760aa8fb3114c1f93?s=96&d=mm&r=g\",\"url\":\"https:\\\/\\\/secure.gravatar.com\\\/avatar\\\/c16c3ee787d7dac06be3101e60d7b357f40d4375278b4f1760aa8fb3114c1f93?s=96&d=mm&r=g\",\"contentUrl\":\"https:\\\/\\\/secure.gravatar.com\\\/avatar\\\/c16c3ee787d7dac06be3101e60d7b357f40d4375278b4f1760aa8fb3114c1f93?s=96&d=mm&r=g\",\"caption\":\"Anita\"},\"description\":\"Anita Odachowska Zakochana w Resibo i naturalnej piel\u0119gnacji, ciekawa \u015bwiata, szanuj\u0105ca przyrod\u0119 i doceniaj\u0105ca si\u0142\u0119 ro\u015blinnych sk\u0142adnik\u00f3w, w ci\u0105g\u0142ym d\u0105\u017ceniu do co najmniej less waste.\",\"url\":\"https:\\\/\\\/resibo.pl\\\/blog\\\/author\\\/anita\\\/\"}]}<\/script>\n<!-- \/ Yoast SEO plugin. -->","yoast_head_json":{"title":"Woda lawendowa na tr\u0105dzik. Jakie jeszcze mo\u017ce mie\u0107 dzia\u0142anie? - Kosmetyki naturalne Resibo","description":"Jakie ma w\u0142a\u015bciwo\u015bci woda lawendowa i kto powinien j\u0105 stosowa\u0107 w piel\u0119gnacji sk\u00f3ry. Dowiedz si\u0119, jakie jeszcze substancje z lawendy s\u0105 stosowane w kosmetyce.","robots":{"index":"index","follow":"follow","max-snippet":"max-snippet:-1","max-image-preview":"max-image-preview:large","max-video-preview":"max-video-preview:-1"},"canonical":"https:\/\/resibo.pl\/blog\/woda-lawendowa-na-tradzik-jakie-jeszcze-moze-miec-dzialanie\/","og_locale":"pl_PL","og_type":"article","og_title":"Woda lawendowa na tr\u0105dzik. Jakie jeszcze mo\u017ce mie\u0107 dzia\u0142anie? - Kosmetyki naturalne Resibo","og_description":"Jakie ma w\u0142a\u015bciwo\u015bci woda lawendowa i kto powinien j\u0105 stosowa\u0107 w piel\u0119gnacji sk\u00f3ry. Dowiedz si\u0119, jakie jeszcze substancje z lawendy s\u0105 stosowane w kosmetyce.","og_url":"https:\/\/resibo.pl\/blog\/woda-lawendowa-na-tradzik-jakie-jeszcze-moze-miec-dzialanie\/","og_site_name":"Kosmetyki naturalne Resibo","article_publisher":"http:\/\/facebook.com\/resiboPL","article_published_time":"2021-08-13T15:41:00+00:00","article_modified_time":"2022-06-01T13:00:10+00:00","og_image":[{"width":1920,"height":1280,"url":"https:\/\/resibo.pl\/blog\/wp-content\/uploads\/2021\/08\/resibo_woda-lawendowa.jpg","type":"image\/jpeg"}],"author":"Anita","twitter_misc":{"Napisane przez":"Anita","Szacowany czas czytania":"3 minuty"},"schema":{"@context":"https:\/\/schema.org","@graph":[{"@type":"Article","@id":"https:\/\/resibo.pl\/blog\/woda-lawendowa-na-tradzik-jakie-jeszcze-moze-miec-dzialanie\/#article","isPartOf":{"@id":"https:\/\/resibo.pl\/blog\/woda-lawendowa-na-tradzik-jakie-jeszcze-moze-miec-dzialanie\/"},"author":{"name":"Anita","@id":"https:\/\/resibo.pl\/blog\/#\/schema\/person\/ef9013c96e1204d78b18c2243ed265a9"},"headline":"Woda lawendowa na tr\u0105dzik. Jakie jeszcze mo\u017ce mie\u0107 dzia\u0142anie?","datePublished":"2021-08-13T15:41:00+00:00","dateModified":"2022-06-01T13:00:10+00:00","mainEntityOfPage":{"@id":"https:\/\/resibo.pl\/blog\/woda-lawendowa-na-tradzik-jakie-jeszcze-moze-miec-dzialanie\/"},"wordCount":561,"commentCount":0,"publisher":{"@id":"https:\/\/resibo.pl\/blog\/#organization"},"image":{"@id":"https:\/\/resibo.pl\/blog\/woda-lawendowa-na-tradzik-jakie-jeszcze-moze-miec-dzialanie\/#primaryimage"},"thumbnailUrl":"https:\/\/resibo.pl\/blog\/wp-content\/uploads\/2021\/08\/resibo_woda-lawendowa.jpg","articleSection":["O pielegnacji"],"inLanguage":"pl-PL","potentialAction":[{"@type":"CommentAction","name":"Comment","target":["https:\/\/resibo.pl\/blog\/woda-lawendowa-na-tradzik-jakie-jeszcze-moze-miec-dzialanie\/#respond"]}]},{"@type":"WebPage","@id":"https:\/\/resibo.pl\/blog\/woda-lawendowa-na-tradzik-jakie-jeszcze-moze-miec-dzialanie\/","url":"https:\/\/resibo.pl\/blog\/woda-lawendowa-na-tradzik-jakie-jeszcze-moze-miec-dzialanie\/","name":"Woda lawendowa na tr\u0105dzik. Jakie jeszcze mo\u017ce mie\u0107 dzia\u0142anie? - Kosmetyki naturalne Resibo","isPartOf":{"@id":"https:\/\/resibo.pl\/blog\/#website"},"primaryImageOfPage":{"@id":"https:\/\/resibo.pl\/blog\/woda-lawendowa-na-tradzik-jakie-jeszcze-moze-miec-dzialanie\/#primaryimage"},"image":{"@id":"https:\/\/resibo.pl\/blog\/woda-lawendowa-na-tradzik-jakie-jeszcze-moze-miec-dzialanie\/#primaryimage"},"thumbnailUrl":"https:\/\/resibo.pl\/blog\/wp-content\/uploads\/2021\/08\/resibo_woda-lawendowa.jpg","datePublished":"2021-08-13T15:41:00+00:00","dateModified":"2022-06-01T13:00:10+00:00","description":"Jakie ma w\u0142a\u015bciwo\u015bci woda lawendowa i kto powinien j\u0105 stosowa\u0107 w piel\u0119gnacji sk\u00f3ry. Dowiedz si\u0119, jakie jeszcze substancje z lawendy s\u0105 stosowane w kosmetyce.","breadcrumb":{"@id":"https:\/\/resibo.pl\/blog\/woda-lawendowa-na-tradzik-jakie-jeszcze-moze-miec-dzialanie\/#breadcrumb"},"inLanguage":"pl-PL","potentialAction":[{"@type":"ReadAction","target":["https:\/\/resibo.pl\/blog\/woda-lawendowa-na-tradzik-jakie-jeszcze-moze-miec-dzialanie\/"]}]},{"@type":"ImageObject","inLanguage":"pl-PL","@id":"https:\/\/resibo.pl\/blog\/woda-lawendowa-na-tradzik-jakie-jeszcze-moze-miec-dzialanie\/#primaryimage","url":"https:\/\/resibo.pl\/blog\/wp-content\/uploads\/2021\/08\/resibo_woda-lawendowa.jpg","contentUrl":"https:\/\/resibo.pl\/blog\/wp-content\/uploads\/2021\/08\/resibo_woda-lawendowa.jpg","width":1920,"height":1280,"caption":"resibo_woda lawendowa"},{"@type":"BreadcrumbList","@id":"https:\/\/resibo.pl\/blog\/woda-lawendowa-na-tradzik-jakie-jeszcze-moze-miec-dzialanie\/#breadcrumb","itemListElement":[{"@type":"ListItem","position":1,"name":"Strona g\u0142\u00f3wna","item":"https:\/\/resibo.pl\/blog\/"},{"@type":"ListItem","position":2,"name":"Woda lawendowa na tr\u0105dzik. Jakie jeszcze mo\u017ce mie\u0107 dzia\u0142anie?"}]},{"@type":"WebSite","@id":"https:\/\/resibo.pl\/blog\/#website","url":"https:\/\/resibo.pl\/blog\/","name":"Kosmetyki naturalne Resibo","description":"","publisher":{"@id":"https:\/\/resibo.pl\/blog\/#organization"},"potentialAction":[{"@type":"SearchAction","target":{"@type":"EntryPoint","urlTemplate":"https:\/\/resibo.pl\/blog\/?s={search_term_string}"},"query-input":{"@type":"PropertyValueSpecification","valueRequired":true,"valueName":"search_term_string"}}],"inLanguage":"pl-PL"},{"@type":"Organization","@id":"https:\/\/resibo.pl\/blog\/#organization","name":"Resibo","url":"https:\/\/resibo.pl\/blog\/","logo":{"@type":"ImageObject","inLanguage":"pl-PL","@id":"https:\/\/resibo.pl\/blog\/#\/schema\/logo\/image\/","url":"https:\/\/resibo.pl\/blog\/wp-content\/uploads\/2022\/02\/cropped-logo.png","contentUrl":"https:\/\/resibo.pl\/blog\/wp-content\/uploads\/2022\/02\/cropped-logo.png","width":274,"height":109,"caption":"Resibo"},"image":{"@id":"https:\/\/resibo.pl\/blog\/#\/schema\/logo\/image\/"},"sameAs":["http:\/\/facebook.com\/resiboPL","http:\/\/instagram.com\/resibobynature"]},{"@type":"Person","@id":"https:\/\/resibo.pl\/blog\/#\/schema\/person\/ef9013c96e1204d78b18c2243ed265a9","name":"Anita","image":{"@type":"ImageObject","inLanguage":"pl-PL","@id":"https:\/\/secure.gravatar.com\/avatar\/c16c3ee787d7dac06be3101e60d7b357f40d4375278b4f1760aa8fb3114c1f93?s=96&d=mm&r=g","url":"https:\/\/secure.gravatar.com\/avatar\/c16c3ee787d7dac06be3101e60d7b357f40d4375278b4f1760aa8fb3114c1f93?s=96&d=mm&r=g","contentUrl":"https:\/\/secure.gravatar.com\/avatar\/c16c3ee787d7dac06be3101e60d7b357f40d4375278b4f1760aa8fb3114c1f93?s=96&d=mm&r=g","caption":"Anita"},"description":"Anita Odachowska Zakochana w Resibo i naturalnej piel\u0119gnacji, ciekawa \u015bwiata, szanuj\u0105ca przyrod\u0119 i doceniaj\u0105ca si\u0142\u0119 ro\u015blinnych sk\u0142adnik\u00f3w, w ci\u0105g\u0142ym d\u0105\u017ceniu do co najmniej less waste.","url":"https:\/\/resibo.pl\/blog\/author\/anita\/"}]}},"_links":{"self":[{"href":"https:\/\/resibo.pl\/blog\/wp-json\/wp\/v2\/posts\/8545","targetHints":{"allow":["GET"]}}],"collection":[{"href":"https:\/\/resibo.pl\/blog\/wp-json\/wp\/v2\/posts"}],"about":[{"href":"https:\/\/resibo.pl\/blog\/wp-json\/wp\/v2\/types\/post"}],"author":[{"embeddable":true,"href":"https:\/\/resibo.pl\/blog\/wp-json\/wp\/v2\/users\/6"}],"replies":[{"embeddable":true,"href":"https:\/\/resibo.pl\/blog\/wp-json\/wp\/v2\/comments?post=8545"}],"version-history":[{"count":1,"href":"https:\/\/resibo.pl\/blog\/wp-json\/wp\/v2\/posts\/8545\/revisions"}],"predecessor-version":[{"id":24329,"href":"https:\/\/resibo.pl\/blog\/wp-json\/wp\/v2\/posts\/8545\/revisions\/24329"}],"wp:featuredmedia":[{"embeddable":true,"href":"https:\/\/resibo.pl\/blog\/wp-json\/wp\/v2\/media\/8547"}],"wp:attachment":[{"href":"https:\/\/resibo.pl\/blog\/wp-json\/wp\/v2\/media?parent=8545"}],"wp:term":[{"taxonomy":"category","embeddable":true,"href":"https:\/\/resibo.pl\/blog\/wp-json\/wp\/v2\/categories?post=8545"},{"taxonomy":"post_tag","embeddable":true,"href":"https:\/\/resibo.pl\/blog\/wp-json\/wp\/v2\/tags?post=8545"}],"curies":[{"name":"wp","href":"https:\/\/api.w.org\/{rel}","templated":true}]}}