{"id":8640,"date":"2021-11-22T20:54:04","date_gmt":"2021-11-22T19:54:04","guid":{"rendered":"https:\/\/resibo.pl\/blog\/?p=8640"},"modified":"2021-11-22T20:54:04","modified_gmt":"2021-11-22T19:54:04","slug":"czym-sie-roznia-od-siebie-mleczko-balsam-maslo-do-ciala","status":"publish","type":"post","link":"https:\/\/resibo.pl\/blog\/czym-sie-roznia-od-siebie-mleczko-balsam-maslo-do-ciala\/","title":{"rendered":"Czym si\u0119 r\u00f3\u017cni\u0105 od siebie mleczko, balsam, mas\u0142o do cia\u0142a?"},"content":{"rendered":"<div class=\"vgblk-rw-wrapper limit-wrapper\">\n<h1 class=\"wp-block-heading\">Balsam, mleczko czy mas\u0142o do cia\u0142a \u2013 czym si\u0119 r\u00f3\u017cni\u0105 te produkty?<\/h1>\n\n\n\n<p>Piel\u0119gnacja cia\u0142a zwykle zajmuje mniej miejsca w r\u00f3\u017cnych poradnikach, ni\u017c kwestia piel\u0119gnacji twarzy. Dzieje si\u0119 tak zapewne dlatego, \u017ce w przypadku ca\u0142ego cia\u0142a zwykle borykamy si\u0119 z mniejsz\u0105 liczb\u0105 problem\u00f3w, niedoskona\u0142o\u015bci itd. ni\u017c gdy chodzi o twarz. Jednak sk\u00f3ra na ca\u0142ym ciele jest nasz\u0105 najwa\u017cniejsz\u0105 pow\u0142ok\u0105 ochronn\u0105 i najwi\u0119kszym organem. Dlatego warto dba\u0107 o siebie od st\u00f3p do g\u0142\u00f3w.<\/p>\n\n\n\n<h2 class=\"wp-block-heading\">Preparaty do piel\u0119gnacji cia\u0142a \u2013 jak wybra\u0107 najlepszy?<\/h2>\n\n\n\n<p>W drogeriach i sklepach z kosmetykami nie brakuje produkt\u00f3w do piel\u0119gnacji cia\u0142a. Jak wybra\u0107 ten, kt\u00f3ry najlepiej pomo\u017ce nam zadba\u0107 o sk\u00f3r\u0119? Na co zwraca\u0107 uwag\u0119? Czy powinni\u015bmy si\u0119gn\u0105\u0107 po mleczko, balsam, a mo\u017ce mas\u0142o do cia\u0142a? Jak dzia\u0142aj\u0105 i czym si\u0119 r\u00f3\u017cni\u0105 te kosmetyki? Przede wszystkim konsystencj\u0105 i to w\u0142a\u015bnie ona decyduje o tym, z kt\u00f3rym z nich mamy do czynienia.<\/p>\n\n\n\n<h2 class=\"wp-block-heading\">Balsam do cia\u0142a<\/h2>\n\n\n\n<p>Balsam do cia\u0142a ma \u015brednio ci\u0119\u017ck\u0105 konsystencj\u0119 (co\u015b pomi\u0119dzy mleczkiem a mas\u0142em). Dzi\u0119ki temu zawiera zwykle wi\u0119cej substancji aktywnych i od\u017cywczych ni\u017c mleczko, ale jest w nie ubo\u017cszy ni\u017c mas\u0142o. Dzia\u0142a te\u017c bardziej powierzchownie, nie docieraj\u0105c do g\u0142\u0119bszych warstw sk\u00f3ry, jedynie do warstwy rogowej (podobnie jak mas\u0142o), ale jednocze\u015bnie \u0142atwo si\u0119 wch\u0142ania (tak jak mleczko).<\/p>\n\n\n\n<p>Balsam jest z pewno\u015bci\u0105 bardziej wydajny ni\u017c mas\u0142o, cz\u0119sto nie trac\u0105c zbyt wiele z w\u0142a\u015bciwo\u015bci tego drugiego rodzaju produkt\u00f3w. Przyk\u0142adem jest <a href=\"https:\/\/resibo.pl\/produkt\/11\/odzywczy-balsam-do-ciala\">od\u017cywczy balsam do cia\u0142a<\/a>, kt\u00f3ry w do\u015b\u0107 lekkiej formule zawiera mn\u00f3stwo sk\u0142adnik\u00f3w od\u017cywczych \u2013 witamin, minera\u0142\u00f3w i innych substancji aktywnych pochodzenia ro\u015blinnego. Jego pro sk\u0142adnik, ekstrakt z miodunki plamistej, jest bogaty w witaminy A, E, B, C oraz karoten, dzi\u0119ki czemu bardzo g\u0142\u0119boko i intensywnie od\u017cywia oraz chroni sk\u00f3r\u0119 przed uszkodzeniami.<\/p>\n\n\n\n<p>Wielk\u0105 zalet\u0105 balsam\u00f3w do cia\u0142a jest fakt, \u017ce podobnie jak mleczka, nie pozostawiaj\u0105 na sk\u00f3rze t\u0142ustego filmu, z czym mamy do czynienia w przypadku mase\u0142. Dlatego s\u0105 to produkty, kt\u00f3re mo\u017cemy stosowa\u0107 na co dzie\u0144, bez obawy o mniejszy komfort czy zabrudzenie ubra\u0144.<\/p>\n\n\n\n<h2 class=\"wp-block-heading\">Mleczko do cia\u0142a<\/h2>\n\n\n\n<p>Najl\u017cejsza spo\u015br\u00f3d produkt\u00f3w do piel\u0119gnacji cia\u0142a konsystencja to wyr\u00f3\u017cnik mleczka. Najcz\u0119\u015bciej zawiera ono niski procent substancji t\u0142uszczowych, co sprawia, \u017ce wch\u0142ania si\u0119 bardzo szybko, nie pozostawiaj\u0105c t\u0142ustej warstwy i nie obci\u0105\u017caj\u0105c sk\u00f3ry. Dzi\u0119ki temu jest kosmetykiem polecanym osobom z cer\u0105 t\u0142ust\u0105 i ze sk\u0142onno\u015bci\u0105 do niedoskona\u0142o\u015bci (np. zmian tr\u0105dzikowych), poniewa\u017c niemal nie obci\u0105\u017ca sk\u00f3ry. Konsystencja mleczka \u015bwietnie sprawdzi si\u0119 tak\u017ce przy innych typach cery, szczeg\u00f3lnie latem, kiedy potrzebujemy szybkiego nawil\u017cenia w lekkiej formie.<\/p>\n\n\n\n<p>Zalet\u0105 mleczka do cia\u0142a jest jego wydajno\u015b\u0107 \u2013 najwi\u0119ksza spo\u015br\u00f3d omawianych trzech rodzaj\u00f3w produkt\u00f3w, jednak wad\u0105 jest fakt, \u017ce dostarcza naszej sk\u00f3rze niewiele substancji od\u017cywczych, gdy\u017c dzia\u0142a bardzo powierzchownie. Mo\u017ce wi\u0119c np. szybko przynie\u015b\u0107 ulg\u0119 przesuszonej sk\u00f3rze, ale nie zapewni jej d\u0142u\u017cszego i g\u0142\u0119bszego nawil\u017cenia.<\/p>\n\n\n\n<h2 class=\"wp-block-heading\">Mas\u0142o do cia\u0142a<\/h2>\n\n\n\n<p>Mas\u0142o do cia\u0142a jest najg\u0119stsze, wi\u0119c jego konsystencja jest najci\u0119\u017csza. Pozostawia na sk\u00f3rze t\u0142usty film i bardzo d\u0142ugo si\u0119 wch\u0142ania, jednak dzi\u0119ki temu zawarte w nim sk\u0142adniki aktywne d\u0142u\u017cej dzia\u0142aj\u0105 na sk\u00f3r\u0119 i docieraj\u0105 do g\u0142\u0119bszych jej warstw. To doskona\u0142y kosmetyk do piel\u0119gnacji sk\u00f3ry suchej i wymagaj\u0105cej silnej regeneracji, ale sprawdzi si\u0119 tak\u017ce przy cerze normalnej \u2013 gdy potrzebuje silniejszego nawil\u017cenia.<\/p>\n\n\n\n<p>Mas\u0142o do cia\u0142a jest najmniej wydajne spo\u015br\u00f3d wszystkich produkt\u00f3w, a fakt, \u017ce na d\u0142ugo pozostawia na sk\u00f3rze t\u0142ust\u0105 warstw\u0119, sprawia, \u017ce nie si\u0119gamy po nie tak ch\u0119tnie, jak po mleczko czy balsam. Ale nawet je\u015bli nie lubimy takiej konsystencji, s\u0105 sytuacje, w kt\u00f3rych warto zaaplikowa\u0107 sk\u00f3rze mas\u0142o. Mo\u017cna je bowiem, w ramach domowego spa, potraktowa\u0107 jak mask\u0119, na\u0142o\u017cy\u0107 po peelingu, a nast\u0119pnie \u2013 w zale\u017cno\u015bci od upodoba\u0144 \u2013 pozostawi\u0107 albo delikatnie zetrze\u0107 nadmiar jednorazowymi chusteczkami.<\/p>\n\n\n\n<h2 class=\"wp-block-heading\">Jak dobra\u0107 odpowiedni kosmetyk do piel\u0119gnacji cia\u0142a?<\/h2>\n\n\n\n<p>Najwa\u017cniejsze kryteria przy doborze kosmetyku do piel\u0119gnacji cia\u0142a to typ naszej cery oraz jej potrzeby, kt\u00f3re dostrzegamy. Osoby z cer\u0105 t\u0142ust\u0105 i tr\u0105dzikow\u0105 na co dzie\u0144 powinny si\u0119ga\u0107 raczej po produkty o lekkiej konsystencji mleczka. Je\u015bli mamy cer\u0119 normaln\u0105 i mieszan\u0105, wybierajmy balsamy, a w przypadku cery suchej \u2013szukajmy tych od\u017cywczych. Ze wzgl\u0119du na swoj\u0105 konsystencj\u0119 mas\u0142o rzadko bywa kosmetykiem do codziennej piel\u0119gnacji cia\u0142a, cho\u0107 s\u0105 osoby, kt\u00f3re nie wyobra\u017caj\u0105 sobie wieczornej piel\u0119gnacji bez niego. Niemniej, je\u015bli w produktach \u201ecodziennych\u201d szukamy wygody i chcemy, by szybko si\u0119 wch\u0142ania\u0142y, wybierajmy mleczka lub mas\u0142a.<\/p>\n\n\n\n<p>Pami\u0119tajmy jednak o potrzebach naszej sk\u00f3ry \u2013 je\u015bli widzimy, \u017ce wymaga intensywnej regeneracji lub g\u0142\u0119bszego nawil\u017cenia, znajd\u017amy odpowiednie dla niej mas\u0142o. W zale\u017cno\u015bci od upodoba\u0144, mo\u017cemy je w\u00f3wczas stosowa\u0107 codziennie lub zrobi\u0107 sobie kuracj\u0119 przez jaki\u015b czas.<\/p>\n\n\n\n<p>Zwr\u00f3\u0107my uwag\u0119 na produkty, kt\u00f3re sprawdzaj\u0105 si\u0119 na co dzie\u0144 nawet przy wymagaj\u0105cej sk\u00f3rze \u2013 tak jak np. wspomniany, wyj\u0105tkowo bogaty w sk\u0142adniki aktywne od\u017cywczy balsam do cia\u0142a.<\/p>\n\n\n\n<h2 class=\"wp-block-heading\">Nawil\u017caj\u0105ce, uj\u0119drniaj\u0105ce, od\u017cywiaj\u0105ce \u2013 jak rozpozna\u0107 potrzeby sk\u00f3ry?<\/h2>\n\n\n\n<p>Jakie mleczko, balsam czy mas\u0142o wybra\u0107? Czy ma nawil\u017ca\u0107, uj\u0119drnia\u0107, od\u017cywia\u0107? Czego potrzebuje nasza sk\u00f3ra? Zwykle wystarczy dobrze jej si\u0119 przyjrze\u0107. Odwodniona b\u0119dzie wyra\u017anie przesuszona, pozbawiona kolorytu i b\u0119dzie wygl\u0105da\u0107 na starsz\u0105 ni\u017c faktycznie jest. Pozbawiona j\u0119drno\u015bci widocznie straci spr\u0119\u017cysto\u015b\u0107 i napi\u0119cie, b\u0119dzie obwis\u0142a. Niedo\u017cywieniu sk\u00f3ry zwykle towarzysz\u0105 dwa pierwsze objawy, czyli brak odpowiedniego nawil\u017cenia i j\u0119drno\u015bci.<\/p>\n\n\n\n<p>Dlatego pierwsz\u0105 pomoc\u0105 i z\u0142otym \u015brodkiem w przypadku ka\u017cdego z powy\u017cszych zauwa\u017conych na sk\u00f3rze deficyt\u00f3w s\u0105 produkty od\u017cywcze. Pami\u0119tajmy, \u017ce sk\u00f3ra odwodniona i trac\u0105ca j\u0119drno\u015b\u0107 jest przede wszystkim \u017ale od\u017cywiona. Gdy zadbamy o ten aspekt i nadal dostrze\u017cemy potrzeb\u0119 nawil\u017cenia czy uj\u0119drnienia sk\u00f3ry, szukajmy produkt\u00f3w o takim w\u0142a\u015bnie dzia\u0142aniu. Dobrym pomys\u0142em jest stosowanie naprzemiennie (np. rano\/wieczorem) dw\u00f3ch kosmetyk\u00f3w o r\u00f3\u017cnym dzia\u0142aniu. \u015awietnym duetem jest <a href=\"https:\/\/resibo.pl\/produkt\/11\/odzywczy-balsam-do-ciala\">od\u017cywczy balsam do cia\u0142a<\/a> i <a href=\"https:\/\/resibo.pl\/produkt\/20\/specjalistyczny-balsam-ujedrniajacy\">specjalistyczny balsam uj\u0119drniaj\u0105cy<\/a>. Mo\u017cna je stosowa\u0107 na r\u00f3\u017cne partie cia\u0142a rano i wieczorem lub naprzemiennie \u2013 rano jeden, wieczorem drugi.<\/p>\n\n\n\n<p>Gdy mimo stosowania kosmetyk\u00f3w, odpowiedniej diety i wystarczaj\u0105cej ilo\u015bci ruchu, nasza sk\u00f3ra nadal potrzebuje pomocy, si\u0119gnijmy po <a href=\"https:\/\/resibo.pl\/blog\/upiekszajace-balsamy-do-ciala\/\">upi\u0119kszaj\u0105ce balsamy do cia\u0142a<\/a>. Ka\u017cdy z nich dzia\u0142a inaczej, ale oba sprawi\u0105, \u017ce wygl\u0105d naszej sk\u00f3ry poprawi si\u0119 w mgnieniu oka, i to w widoczny spos\u00f3b. Mo\u017ce to by\u0107 wspania\u0142y life-saver przed wielkim wyj\u015bciem!<\/p>\n<\/div><!-- .vgblk-rw-wrapper -->","protected":false},"excerpt":{"rendered":"<p>Balsam, mleczko czy mas\u0142o do cia\u0142a \u2013 czym si\u0119 r\u00f3\u017cni\u0105 te produkty? Piel\u0119gnacja cia\u0142a zwykle zajmuje mniej miejsca w r\u00f3\u017cnych poradnikach, ni\u017c kwestia piel\u0119gnacji twarzy. Dzieje si\u0119 tak zapewne dlatego, \u017ce w przypadku ca\u0142ego cia\u0142a zwykle borykamy si\u0119 z mniejsz\u0105 liczb\u0105 problem\u00f3w, niedoskona\u0142o\u015bci itd. ni\u017c gdy chodzi o twarz. Jednak sk\u00f3ra na ca\u0142ym ciele jest&#8230;<\/p>\n","protected":false},"author":6,"featured_media":8642,"comment_status":"closed","ping_status":"closed","sticky":false,"template":"","format":"standard","meta":{"footnotes":""},"categories":[40],"tags":[],"class_list":["post-8640","post","type-post","status-publish","format-standard","has-post-thumbnail","hentry","category-magda-o-pielegnacji"],"yoast_head":"<!-- This site is optimized with the Yoast SEO plugin v27.5 - https:\/\/yoast.com\/product\/yoast-seo-wordpress\/ -->\n<title>Czym si\u0119 r\u00f3\u017cni\u0105 od siebie mleczko, balsam, mas\u0142o do cia\u0142a? - Kosmetyki naturalne Resibo<\/title>\n<meta name=\"description\" content=\"Odpowiedni wyb\u00f3r kosmetyku jest w kluczowy w prawid\u0142owej piel\u0119gnacji cia\u0142a. Dowiedz si\u0119, kiedy lepiej zastosowa\u0107 mleczko, balsam lub mas\u0142o do cia\u0142a.\" \/>\n<meta name=\"robots\" content=\"index, follow, max-snippet:-1, max-image-preview:large, max-video-preview:-1\" \/>\n<link rel=\"canonical\" href=\"https:\/\/resibo.pl\/blog\/czym-sie-roznia-od-siebie-mleczko-balsam-maslo-do-ciala\/\" \/>\n<meta property=\"og:locale\" content=\"pl_PL\" \/>\n<meta property=\"og:type\" content=\"article\" \/>\n<meta property=\"og:title\" content=\"Czym si\u0119 r\u00f3\u017cni\u0105 od siebie mleczko, balsam, mas\u0142o do cia\u0142a? - Kosmetyki naturalne Resibo\" \/>\n<meta property=\"og:description\" content=\"Odpowiedni wyb\u00f3r kosmetyku jest w kluczowy w prawid\u0142owej piel\u0119gnacji cia\u0142a. Dowiedz si\u0119, kiedy lepiej zastosowa\u0107 mleczko, balsam lub mas\u0142o do cia\u0142a.\" \/>\n<meta property=\"og:url\" content=\"https:\/\/resibo.pl\/blog\/czym-sie-roznia-od-siebie-mleczko-balsam-maslo-do-ciala\/\" \/>\n<meta property=\"og:site_name\" content=\"Kosmetyki naturalne Resibo\" \/>\n<meta property=\"article:publisher\" content=\"http:\/\/facebook.com\/resiboPL\" \/>\n<meta property=\"article:published_time\" content=\"2021-11-22T19:54:04+00:00\" \/>\n<meta property=\"og:image\" content=\"https:\/\/resibo.pl\/blog\/wp-content\/uploads\/2021\/11\/resibo_odzywczy.balsam-1.jpg\" \/>\n\t<meta property=\"og:image:width\" content=\"1361\" \/>\n\t<meta property=\"og:image:height\" content=\"996\" \/>\n\t<meta property=\"og:image:type\" content=\"image\/jpeg\" \/>\n<meta name=\"author\" content=\"Anita\" \/>\n<meta name=\"twitter:label1\" content=\"Napisane przez\" \/>\n\t<meta name=\"twitter:data1\" content=\"Anita\" \/>\n\t<meta name=\"twitter:label2\" content=\"Szacowany czas czytania\" \/>\n\t<meta name=\"twitter:data2\" content=\"5 minut\" \/>\n<script type=\"application\/ld+json\" class=\"yoast-schema-graph\">{\"@context\":\"https:\\\/\\\/schema.org\",\"@graph\":[{\"@type\":\"Article\",\"@id\":\"https:\\\/\\\/resibo.pl\\\/blog\\\/czym-sie-roznia-od-siebie-mleczko-balsam-maslo-do-ciala\\\/#article\",\"isPartOf\":{\"@id\":\"https:\\\/\\\/resibo.pl\\\/blog\\\/czym-sie-roznia-od-siebie-mleczko-balsam-maslo-do-ciala\\\/\"},\"author\":{\"name\":\"Anita\",\"@id\":\"https:\\\/\\\/resibo.pl\\\/blog\\\/#\\\/schema\\\/person\\\/ef9013c96e1204d78b18c2243ed265a9\"},\"headline\":\"Czym si\u0119 r\u00f3\u017cni\u0105 od siebie mleczko, balsam, mas\u0142o do cia\u0142a?\",\"datePublished\":\"2021-11-22T19:54:04+00:00\",\"mainEntityOfPage\":{\"@id\":\"https:\\\/\\\/resibo.pl\\\/blog\\\/czym-sie-roznia-od-siebie-mleczko-balsam-maslo-do-ciala\\\/\"},\"wordCount\":1233,\"publisher\":{\"@id\":\"https:\\\/\\\/resibo.pl\\\/blog\\\/#organization\"},\"image\":{\"@id\":\"https:\\\/\\\/resibo.pl\\\/blog\\\/czym-sie-roznia-od-siebie-mleczko-balsam-maslo-do-ciala\\\/#primaryimage\"},\"thumbnailUrl\":\"https:\\\/\\\/resibo.pl\\\/blog\\\/wp-content\\\/uploads\\\/2021\\\/11\\\/resibo_odzywczy.balsam-1.jpg\",\"articleSection\":[\"O pielegnacji\"],\"inLanguage\":\"pl-PL\"},{\"@type\":\"WebPage\",\"@id\":\"https:\\\/\\\/resibo.pl\\\/blog\\\/czym-sie-roznia-od-siebie-mleczko-balsam-maslo-do-ciala\\\/\",\"url\":\"https:\\\/\\\/resibo.pl\\\/blog\\\/czym-sie-roznia-od-siebie-mleczko-balsam-maslo-do-ciala\\\/\",\"name\":\"Czym si\u0119 r\u00f3\u017cni\u0105 od siebie mleczko, balsam, mas\u0142o do cia\u0142a? - Kosmetyki naturalne Resibo\",\"isPartOf\":{\"@id\":\"https:\\\/\\\/resibo.pl\\\/blog\\\/#website\"},\"primaryImageOfPage\":{\"@id\":\"https:\\\/\\\/resibo.pl\\\/blog\\\/czym-sie-roznia-od-siebie-mleczko-balsam-maslo-do-ciala\\\/#primaryimage\"},\"image\":{\"@id\":\"https:\\\/\\\/resibo.pl\\\/blog\\\/czym-sie-roznia-od-siebie-mleczko-balsam-maslo-do-ciala\\\/#primaryimage\"},\"thumbnailUrl\":\"https:\\\/\\\/resibo.pl\\\/blog\\\/wp-content\\\/uploads\\\/2021\\\/11\\\/resibo_odzywczy.balsam-1.jpg\",\"datePublished\":\"2021-11-22T19:54:04+00:00\",\"description\":\"Odpowiedni wyb\u00f3r kosmetyku jest w kluczowy w prawid\u0142owej piel\u0119gnacji cia\u0142a. Dowiedz si\u0119, kiedy lepiej zastosowa\u0107 mleczko, balsam lub mas\u0142o do cia\u0142a.\",\"breadcrumb\":{\"@id\":\"https:\\\/\\\/resibo.pl\\\/blog\\\/czym-sie-roznia-od-siebie-mleczko-balsam-maslo-do-ciala\\\/#breadcrumb\"},\"inLanguage\":\"pl-PL\",\"potentialAction\":[{\"@type\":\"ReadAction\",\"target\":[\"https:\\\/\\\/resibo.pl\\\/blog\\\/czym-sie-roznia-od-siebie-mleczko-balsam-maslo-do-ciala\\\/\"]}]},{\"@type\":\"ImageObject\",\"inLanguage\":\"pl-PL\",\"@id\":\"https:\\\/\\\/resibo.pl\\\/blog\\\/czym-sie-roznia-od-siebie-mleczko-balsam-maslo-do-ciala\\\/#primaryimage\",\"url\":\"https:\\\/\\\/resibo.pl\\\/blog\\\/wp-content\\\/uploads\\\/2021\\\/11\\\/resibo_odzywczy.balsam-1.jpg\",\"contentUrl\":\"https:\\\/\\\/resibo.pl\\\/blog\\\/wp-content\\\/uploads\\\/2021\\\/11\\\/resibo_odzywczy.balsam-1.jpg\",\"width\":1361,\"height\":996,\"caption\":\"kobieta ciemnowlosa trzyma w dloniach odzywczy balsam do ciala resibo\"},{\"@type\":\"BreadcrumbList\",\"@id\":\"https:\\\/\\\/resibo.pl\\\/blog\\\/czym-sie-roznia-od-siebie-mleczko-balsam-maslo-do-ciala\\\/#breadcrumb\",\"itemListElement\":[{\"@type\":\"ListItem\",\"position\":1,\"name\":\"Strona g\u0142\u00f3wna\",\"item\":\"https:\\\/\\\/resibo.pl\\\/blog\\\/\"},{\"@type\":\"ListItem\",\"position\":2,\"name\":\"Czym si\u0119 r\u00f3\u017cni\u0105 od siebie mleczko, balsam, mas\u0142o do cia\u0142a?\"}]},{\"@type\":\"WebSite\",\"@id\":\"https:\\\/\\\/resibo.pl\\\/blog\\\/#website\",\"url\":\"https:\\\/\\\/resibo.pl\\\/blog\\\/\",\"name\":\"Kosmetyki naturalne Resibo\",\"description\":\"\",\"publisher\":{\"@id\":\"https:\\\/\\\/resibo.pl\\\/blog\\\/#organization\"},\"potentialAction\":[{\"@type\":\"SearchAction\",\"target\":{\"@type\":\"EntryPoint\",\"urlTemplate\":\"https:\\\/\\\/resibo.pl\\\/blog\\\/?s={search_term_string}\"},\"query-input\":{\"@type\":\"PropertyValueSpecification\",\"valueRequired\":true,\"valueName\":\"search_term_string\"}}],\"inLanguage\":\"pl-PL\"},{\"@type\":\"Organization\",\"@id\":\"https:\\\/\\\/resibo.pl\\\/blog\\\/#organization\",\"name\":\"Resibo\",\"url\":\"https:\\\/\\\/resibo.pl\\\/blog\\\/\",\"logo\":{\"@type\":\"ImageObject\",\"inLanguage\":\"pl-PL\",\"@id\":\"https:\\\/\\\/resibo.pl\\\/blog\\\/#\\\/schema\\\/logo\\\/image\\\/\",\"url\":\"https:\\\/\\\/resibo.pl\\\/blog\\\/wp-content\\\/uploads\\\/2022\\\/02\\\/cropped-logo.png\",\"contentUrl\":\"https:\\\/\\\/resibo.pl\\\/blog\\\/wp-content\\\/uploads\\\/2022\\\/02\\\/cropped-logo.png\",\"width\":274,\"height\":109,\"caption\":\"Resibo\"},\"image\":{\"@id\":\"https:\\\/\\\/resibo.pl\\\/blog\\\/#\\\/schema\\\/logo\\\/image\\\/\"},\"sameAs\":[\"http:\\\/\\\/facebook.com\\\/resiboPL\",\"http:\\\/\\\/instagram.com\\\/resibobynature\"]},{\"@type\":\"Person\",\"@id\":\"https:\\\/\\\/resibo.pl\\\/blog\\\/#\\\/schema\\\/person\\\/ef9013c96e1204d78b18c2243ed265a9\",\"name\":\"Anita\",\"image\":{\"@type\":\"ImageObject\",\"inLanguage\":\"pl-PL\",\"@id\":\"https:\\\/\\\/secure.gravatar.com\\\/avatar\\\/c16c3ee787d7dac06be3101e60d7b357f40d4375278b4f1760aa8fb3114c1f93?s=96&d=mm&r=g\",\"url\":\"https:\\\/\\\/secure.gravatar.com\\\/avatar\\\/c16c3ee787d7dac06be3101e60d7b357f40d4375278b4f1760aa8fb3114c1f93?s=96&d=mm&r=g\",\"contentUrl\":\"https:\\\/\\\/secure.gravatar.com\\\/avatar\\\/c16c3ee787d7dac06be3101e60d7b357f40d4375278b4f1760aa8fb3114c1f93?s=96&d=mm&r=g\",\"caption\":\"Anita\"},\"description\":\"Anita Odachowska Zakochana w Resibo i naturalnej piel\u0119gnacji, ciekawa \u015bwiata, szanuj\u0105ca przyrod\u0119 i doceniaj\u0105ca si\u0142\u0119 ro\u015blinnych sk\u0142adnik\u00f3w, w ci\u0105g\u0142ym d\u0105\u017ceniu do co najmniej less waste.\",\"url\":\"https:\\\/\\\/resibo.pl\\\/blog\\\/author\\\/anita\\\/\"}]}<\/script>\n<!-- \/ Yoast SEO plugin. -->","yoast_head_json":{"title":"Czym si\u0119 r\u00f3\u017cni\u0105 od siebie mleczko, balsam, mas\u0142o do cia\u0142a? - Kosmetyki naturalne Resibo","description":"Odpowiedni wyb\u00f3r kosmetyku jest w kluczowy w prawid\u0142owej piel\u0119gnacji cia\u0142a. Dowiedz si\u0119, kiedy lepiej zastosowa\u0107 mleczko, balsam lub mas\u0142o do cia\u0142a.","robots":{"index":"index","follow":"follow","max-snippet":"max-snippet:-1","max-image-preview":"max-image-preview:large","max-video-preview":"max-video-preview:-1"},"canonical":"https:\/\/resibo.pl\/blog\/czym-sie-roznia-od-siebie-mleczko-balsam-maslo-do-ciala\/","og_locale":"pl_PL","og_type":"article","og_title":"Czym si\u0119 r\u00f3\u017cni\u0105 od siebie mleczko, balsam, mas\u0142o do cia\u0142a? - Kosmetyki naturalne Resibo","og_description":"Odpowiedni wyb\u00f3r kosmetyku jest w kluczowy w prawid\u0142owej piel\u0119gnacji cia\u0142a. Dowiedz si\u0119, kiedy lepiej zastosowa\u0107 mleczko, balsam lub mas\u0142o do cia\u0142a.","og_url":"https:\/\/resibo.pl\/blog\/czym-sie-roznia-od-siebie-mleczko-balsam-maslo-do-ciala\/","og_site_name":"Kosmetyki naturalne Resibo","article_publisher":"http:\/\/facebook.com\/resiboPL","article_published_time":"2021-11-22T19:54:04+00:00","og_image":[{"width":1361,"height":996,"url":"https:\/\/resibo.pl\/blog\/wp-content\/uploads\/2021\/11\/resibo_odzywczy.balsam-1.jpg","type":"image\/jpeg"}],"author":"Anita","twitter_misc":{"Napisane przez":"Anita","Szacowany czas czytania":"5 minut"},"schema":{"@context":"https:\/\/schema.org","@graph":[{"@type":"Article","@id":"https:\/\/resibo.pl\/blog\/czym-sie-roznia-od-siebie-mleczko-balsam-maslo-do-ciala\/#article","isPartOf":{"@id":"https:\/\/resibo.pl\/blog\/czym-sie-roznia-od-siebie-mleczko-balsam-maslo-do-ciala\/"},"author":{"name":"Anita","@id":"https:\/\/resibo.pl\/blog\/#\/schema\/person\/ef9013c96e1204d78b18c2243ed265a9"},"headline":"Czym si\u0119 r\u00f3\u017cni\u0105 od siebie mleczko, balsam, mas\u0142o do cia\u0142a?","datePublished":"2021-11-22T19:54:04+00:00","mainEntityOfPage":{"@id":"https:\/\/resibo.pl\/blog\/czym-sie-roznia-od-siebie-mleczko-balsam-maslo-do-ciala\/"},"wordCount":1233,"publisher":{"@id":"https:\/\/resibo.pl\/blog\/#organization"},"image":{"@id":"https:\/\/resibo.pl\/blog\/czym-sie-roznia-od-siebie-mleczko-balsam-maslo-do-ciala\/#primaryimage"},"thumbnailUrl":"https:\/\/resibo.pl\/blog\/wp-content\/uploads\/2021\/11\/resibo_odzywczy.balsam-1.jpg","articleSection":["O pielegnacji"],"inLanguage":"pl-PL"},{"@type":"WebPage","@id":"https:\/\/resibo.pl\/blog\/czym-sie-roznia-od-siebie-mleczko-balsam-maslo-do-ciala\/","url":"https:\/\/resibo.pl\/blog\/czym-sie-roznia-od-siebie-mleczko-balsam-maslo-do-ciala\/","name":"Czym si\u0119 r\u00f3\u017cni\u0105 od siebie mleczko, balsam, mas\u0142o do cia\u0142a? - Kosmetyki naturalne Resibo","isPartOf":{"@id":"https:\/\/resibo.pl\/blog\/#website"},"primaryImageOfPage":{"@id":"https:\/\/resibo.pl\/blog\/czym-sie-roznia-od-siebie-mleczko-balsam-maslo-do-ciala\/#primaryimage"},"image":{"@id":"https:\/\/resibo.pl\/blog\/czym-sie-roznia-od-siebie-mleczko-balsam-maslo-do-ciala\/#primaryimage"},"thumbnailUrl":"https:\/\/resibo.pl\/blog\/wp-content\/uploads\/2021\/11\/resibo_odzywczy.balsam-1.jpg","datePublished":"2021-11-22T19:54:04+00:00","description":"Odpowiedni wyb\u00f3r kosmetyku jest w kluczowy w prawid\u0142owej piel\u0119gnacji cia\u0142a. Dowiedz si\u0119, kiedy lepiej zastosowa\u0107 mleczko, balsam lub mas\u0142o do cia\u0142a.","breadcrumb":{"@id":"https:\/\/resibo.pl\/blog\/czym-sie-roznia-od-siebie-mleczko-balsam-maslo-do-ciala\/#breadcrumb"},"inLanguage":"pl-PL","potentialAction":[{"@type":"ReadAction","target":["https:\/\/resibo.pl\/blog\/czym-sie-roznia-od-siebie-mleczko-balsam-maslo-do-ciala\/"]}]},{"@type":"ImageObject","inLanguage":"pl-PL","@id":"https:\/\/resibo.pl\/blog\/czym-sie-roznia-od-siebie-mleczko-balsam-maslo-do-ciala\/#primaryimage","url":"https:\/\/resibo.pl\/blog\/wp-content\/uploads\/2021\/11\/resibo_odzywczy.balsam-1.jpg","contentUrl":"https:\/\/resibo.pl\/blog\/wp-content\/uploads\/2021\/11\/resibo_odzywczy.balsam-1.jpg","width":1361,"height":996,"caption":"kobieta ciemnowlosa trzyma w dloniach odzywczy balsam do ciala resibo"},{"@type":"BreadcrumbList","@id":"https:\/\/resibo.pl\/blog\/czym-sie-roznia-od-siebie-mleczko-balsam-maslo-do-ciala\/#breadcrumb","itemListElement":[{"@type":"ListItem","position":1,"name":"Strona g\u0142\u00f3wna","item":"https:\/\/resibo.pl\/blog\/"},{"@type":"ListItem","position":2,"name":"Czym si\u0119 r\u00f3\u017cni\u0105 od siebie mleczko, balsam, mas\u0142o do cia\u0142a?"}]},{"@type":"WebSite","@id":"https:\/\/resibo.pl\/blog\/#website","url":"https:\/\/resibo.pl\/blog\/","name":"Kosmetyki naturalne Resibo","description":"","publisher":{"@id":"https:\/\/resibo.pl\/blog\/#organization"},"potentialAction":[{"@type":"SearchAction","target":{"@type":"EntryPoint","urlTemplate":"https:\/\/resibo.pl\/blog\/?s={search_term_string}"},"query-input":{"@type":"PropertyValueSpecification","valueRequired":true,"valueName":"search_term_string"}}],"inLanguage":"pl-PL"},{"@type":"Organization","@id":"https:\/\/resibo.pl\/blog\/#organization","name":"Resibo","url":"https:\/\/resibo.pl\/blog\/","logo":{"@type":"ImageObject","inLanguage":"pl-PL","@id":"https:\/\/resibo.pl\/blog\/#\/schema\/logo\/image\/","url":"https:\/\/resibo.pl\/blog\/wp-content\/uploads\/2022\/02\/cropped-logo.png","contentUrl":"https:\/\/resibo.pl\/blog\/wp-content\/uploads\/2022\/02\/cropped-logo.png","width":274,"height":109,"caption":"Resibo"},"image":{"@id":"https:\/\/resibo.pl\/blog\/#\/schema\/logo\/image\/"},"sameAs":["http:\/\/facebook.com\/resiboPL","http:\/\/instagram.com\/resibobynature"]},{"@type":"Person","@id":"https:\/\/resibo.pl\/blog\/#\/schema\/person\/ef9013c96e1204d78b18c2243ed265a9","name":"Anita","image":{"@type":"ImageObject","inLanguage":"pl-PL","@id":"https:\/\/secure.gravatar.com\/avatar\/c16c3ee787d7dac06be3101e60d7b357f40d4375278b4f1760aa8fb3114c1f93?s=96&d=mm&r=g","url":"https:\/\/secure.gravatar.com\/avatar\/c16c3ee787d7dac06be3101e60d7b357f40d4375278b4f1760aa8fb3114c1f93?s=96&d=mm&r=g","contentUrl":"https:\/\/secure.gravatar.com\/avatar\/c16c3ee787d7dac06be3101e60d7b357f40d4375278b4f1760aa8fb3114c1f93?s=96&d=mm&r=g","caption":"Anita"},"description":"Anita Odachowska Zakochana w Resibo i naturalnej piel\u0119gnacji, ciekawa \u015bwiata, szanuj\u0105ca przyrod\u0119 i doceniaj\u0105ca si\u0142\u0119 ro\u015blinnych sk\u0142adnik\u00f3w, w ci\u0105g\u0142ym d\u0105\u017ceniu do co najmniej less waste.","url":"https:\/\/resibo.pl\/blog\/author\/anita\/"}]}},"_links":{"self":[{"href":"https:\/\/resibo.pl\/blog\/wp-json\/wp\/v2\/posts\/8640","targetHints":{"allow":["GET"]}}],"collection":[{"href":"https:\/\/resibo.pl\/blog\/wp-json\/wp\/v2\/posts"}],"about":[{"href":"https:\/\/resibo.pl\/blog\/wp-json\/wp\/v2\/types\/post"}],"author":[{"embeddable":true,"href":"https:\/\/resibo.pl\/blog\/wp-json\/wp\/v2\/users\/6"}],"replies":[{"embeddable":true,"href":"https:\/\/resibo.pl\/blog\/wp-json\/wp\/v2\/comments?post=8640"}],"version-history":[{"count":0,"href":"https:\/\/resibo.pl\/blog\/wp-json\/wp\/v2\/posts\/8640\/revisions"}],"wp:featuredmedia":[{"embeddable":true,"href":"https:\/\/resibo.pl\/blog\/wp-json\/wp\/v2\/media\/8642"}],"wp:attachment":[{"href":"https:\/\/resibo.pl\/blog\/wp-json\/wp\/v2\/media?parent=8640"}],"wp:term":[{"taxonomy":"category","embeddable":true,"href":"https:\/\/resibo.pl\/blog\/wp-json\/wp\/v2\/categories?post=8640"},{"taxonomy":"post_tag","embeddable":true,"href":"https:\/\/resibo.pl\/blog\/wp-json\/wp\/v2\/tags?post=8640"}],"curies":[{"name":"wp","href":"https:\/\/api.w.org\/{rel}","templated":true}]}}